{"id":978441,"date":"2018-05-01T18:18:36","date_gmt":"2018-05-01T18:18:36","guid":{"rendered":"http:\/\/www.eldigitaldeasturias.com\/noticias\/?p=978441"},"modified":"2018-05-01T18:18:36","modified_gmt":"2018-05-01T18:18:36","slug":"lamban-reclama-la-apertura-del-parador-de-veruela-al-gobierno-central","status":"publish","type":"post","link":"https:\/\/www.eldigitaldeasturias.com\/noticias\/lamban-reclama-la-apertura-del-parador-de-veruela-al-gobierno-central\/","title":{"rendered":"Lamb\u00e1n reclama la apertura del Parador de Veruela al Gobierno central"},"content":{"rendered":"<p><img loading=\"lazy\" decoding=\"async\" class=\"alignleft size-medium wp-image-978442\" src=\"https:\/\/www.eldigitaldeasturias.com\/noticias\/wp-content\/uploads\/2018\/05\/IMG_7039_bd431006-360x159.jpg\" alt=\"\" width=\"360\" height=\"159\" \/>El presidente del Gobierno de Arag\u00f3n, Javier Lamb\u00e1n, ha visitado varios enclaves del Moncayo, entre ellos el Real Monasterio de Santa Mar\u00eda de Veruela, cuyas obras del Parador Nacional siguen pendientes de finalizaci\u00f3n.<\/p>\n<p>Lamb\u00e1n ha responsabilizado de ello al Ejecutivo central, cuya actitud pasiva ha criticado al advertir de que \u00absigue perdiendo d\u00edas, meses y oportunidades\u00bb por no abrir las puertas del Parador Nacional del Monasterio de Veruela, cuya primera piedra se coloc\u00f3 en el a\u00f1o 2008 y donde ya est\u00e1n ejecutadas pr\u00e1cticamente todas las inversiones necesarias para que las instalaciones pudieran comenzar a funcionar.<\/p>\n<p>Lamb\u00e1n, acompa\u00f1ado el presidente de la Diputaci\u00f3n Provincial de Zaragoza, Juan Antonio S\u00e1nchez Quero, y el diputado provincial Feliciano Tabuenca y de alcaldes de la zona, cuyos municipios tambi\u00e9n ha visitado hoy, ha contrastado la actitud que mantienen el Gobierno de Espa\u00f1a y la Diputaci\u00f3n de Zaragoza con respecto a esta infraestructura tan determinante para la comarca.<\/p>\n<p>\u00abLa Diputaci\u00f3n ha sido siempre inmensamente generosa con este proyecto\u201d, ha aseverado, al tiempo que recuerda que no solo surgi\u00f3 de la DPZ la idea de hacer un parador en Veruela en el recinto mon\u00e1stico, propiedad de la instituci\u00f3n provincial que cedi\u00f3 parte de su suelo para la ejecuci\u00f3n del parador, sino que ha ido m\u00e1s all\u00e1 de sus obligaciones, aportando recursos propios para que el parador fuera una realidad, dado que creen que ser\u00e1 \u00abuna palanca formidable de desarrollo de la zona\u00bb.<\/p>\n<p>Adem\u00e1s del parador, en las instalaciones continuar\u00e1n funcionando las visitas al monasterio medieval y los museos del aceite y el vino y \u00abtodas estas iniciativas interactuar\u00e1n entre s\u00ed de manera muy exitosa para el futuro de la zona\u00bb, explicaba Lamb\u00e1n. Sin embargo, \u00abcada d\u00eda que se pierde\u00bb sin tener el parador en funcionamiento \u00abes absolutamente inexplicable que se pierda. Frente a esa actitud generosa de la DPZ ha habido una actitud mezquina y cicatera del Gobierno de Espa\u00f1a que resulta absolutamente inexplicable\u00bb, ha insistido.<\/p>\n<p>Lamb\u00e1n ha recordado que la primera piedra de este proyecto se coloc\u00f3 en 2008 y \u00abes una obra que en dos o tres a\u00f1os debi\u00f3 de haber concluido\u00bb, pero \u00abestamos en 2018 y la obra no ha concluido todav\u00eda a pesar de que la inversi\u00f3n est\u00e1 hecha casi en su totalidad, lo que hace a\u00fan m\u00e1s inexplicable todav\u00eda que est\u00e9 sin abrir y se sigan perdiendo d\u00edas y meses y oportunidades para la zona cuando todo est\u00e1 en perfecto estado de revista para que el parador se abra\u00bb.<\/p>\n<p><strong>Conf\u00eda en que Rajoy no le defraude<\/strong><\/p>\n<p>De hecho, ha detallado que en su reciente entrevista con el presidente del Gobierno, Mariano Rajoy, Lamb\u00e1n mencion\u00f3 una serie de asuntos de importancia para la Comunidad, entre ellos, y a petici\u00f3n del presidente de la DPZ, el estado del parador de Veruela.<\/p>\n<p>\u00abEn este momento los jefes de gabinete de Rajoy y del Pignatelli est\u00e1n hablando de esos diez asuntos y de lo que tiene que ver con el Monasterio de Veruela y con el parador. Rajoy me dijo que tomaba conciencia de lo absurdo de la situaci\u00f3n, de que una inversi\u00f3n est\u00e9 pr\u00e1cticamente terminada y que no eche a andar, cuando todos sabemos el inmenso beneficio que a la zona le producir\u00eda y quiero creer que de una vez por todas lo que debe desatascarse, se desatasque de una vez y que el parador eche a andar, si eso no ocurriera el presidente del Gobierno me decepcionar\u00eda profundamente\u00bb, ha dicho tajante.<\/p>\n<p>En su opini\u00f3n, el proyecto del parador de Veruela demuestra \u00abla desidia con la que el Gobierno de Espa\u00f1a trata a las Comunidades y al conjunto del pa\u00eds\u00bb. En un momento \u00abespl\u00e9ndido\u00bb en cuanto al desarrollo econ\u00f3mico, de la inversi\u00f3n y el empleo que podr\u00eda hacer que las Comunidades y el medio rural aprovecharan \u00abtodas sus oportunidades, es necesario que se acometan inversiones, \u00abpero, por desgracia, eso no est\u00e1 ocurriendo\u00bb.<\/p>\n<p>\u00abLo de Veruela es una met\u00e1fora perfecta de lo que es este Gobierno para Espa\u00f1a y para Arag\u00f3n, d\u00e1ndose aqu\u00ed la paradoja a\u00f1adida de que la inversi\u00f3n est\u00e1 pr\u00e1cticamente hecha en su totalidad, pero se es tan pasivo a la hora de coger el toro por los cuernos, de hacer frente a las necesidades del pa\u00eds que incluso habiendo hecho la inversi\u00f3n no se abre el parador\u00bb, ha lamentado Lamb\u00e1n.<\/p>\n<p>En contraposici\u00f3n, ha elogiado el \u00abdesarrollo formidable\u00bb que est\u00e1n logrando municipios cercanos, como Borja, no solo en la industria, sino con proyectos como las energ\u00edas renovables y ha deseado que este ejemplo se reproduzca en otras localidades de la comarca de Tarazona y el Moncayo.<\/p>\n<p>Por su parte, el presidente de la DPZ, Juan Antonio S\u00e1nchez Quero, ha asegurado que la apertura del parador \u00abse est\u00e1 convirtiendo en el cuento de nunca acabar\u00bb. El proyecto inicial indicaba en 2006 que la ejecuci\u00f3n de las obras se acometer\u00eda en 26 meses, para hacer coincidir su puesta en marcha con la Exposici\u00f3n Internacional de Zaragoza en 2008, pero \u00abluego se pas\u00f3 a 2010, a 2014 y estamos en 2018\u00bb con las instalaciones sin abrir.<\/p>\n<p>La DPZ ha enviado dos cartas a Mariano Rajoy \u00abpara que se implique\u00bb y S\u00e1nchez Quero se ha reunido con la secretaria de Estado de Turismo y con el director general de Turespa\u00f1a \u00aby todo han sido falsas promesas, me siento enga\u00f1ado y le quiero pedir a Rajoy que, de una vez por todas, ponga fecha para la apertura sin m\u00e1s dilaci\u00f3n y sin dar m\u00e1s largas\u00bb.<\/p>\n<p>S\u00e1nchez Quero ha coincidido en que este proyecto contribuir\u00e1 al desarrollo de las localidades del Moncayo y el conjunto de la provincia y de la Comunidad \u00absaldr\u00edan muy beneficiados\u00bb. En las instalaciones se han invertido 24 millones de euros, las obras son \u00abresponsabilidad \u00fanica de Turespa\u00f1a\u00bb y la DPZ \u00absiempre ha colaborado para su pronta apertura\u00bb, aportando un mill\u00f3n de euros para varias mejoras.<\/p>\n<p>As\u00ed, ha precisado que estaban pendientes de ejecutar los accesos de evacuaci\u00f3n, \u00abque ya est\u00e1 arreglado\u00bb, y el ensanchamiento de las puertas, ya adjudicado a una empresa de Vera y que comenzar\u00e1 \u00aben breve\u00bb, por lo que \u00abdesde la DPZ est\u00e1 todo listo y exijo a Rajoy que ponga una fecha ya para abrir y que no de m\u00e1s largas\u00bb, ha insistido el presidente de la Diputaci\u00f3n.<\/p>\n<p><strong>Visita a Mal\u00f3n y Vera de Moncayo<\/strong><\/p>\n<p>El Presidente de Arag\u00f3n ha visitado esta ma\u00f1ana tambi\u00e9n los municipios de Mal\u00f3n y Vera de Moncayo, con cuyas alcaldesas y concejales ha tratado de explorar soluciones a algunos de sus problemas, al tiempo que emprender diversos proyectos.<\/p>\n<p>El cubrimiento del front\u00f3n de Mal\u00f3n o el arreglo de la traves\u00eda de Vera de Moncayo son algunas de las iniciativas reclamadas en el encuentro con las corporaciones municipales, el presidente de la DPZ y el diputado provincial, Feliciano Tabuenca.<\/p>\n","protected":false},"excerpt":{"rendered":"<p>El presidente del Gobierno de Arag\u00f3n, Javier Lamb\u00e1n, ha visitado varios enclaves del Moncayo, entre ellos el Real Monasterio de Santa Mar\u00eda de Veruela, cuyas obras del Parador Nacional siguen pendientes de finalizaci\u00f3n. Lamb\u00e1n ha responsabilizado de ello al Ejecutivo central, cuya actitud pasiva ha criticado al advertir de que \u00absigue perdiendo d\u00edas, meses y [&hellip;]<\/p>\n","protected":false},"author":1,"featured_media":978442,"comment_status":"closed","ping_status":"closed","sticky":false,"template":"","format":"standard","meta":{"footnotes":""},"categories":[1],"tags":[],"class_list":["post-978441","post","type-post","status-publish","format-standard","has-post-thumbnail","hentry","category-actualidad"],"aioseo_notices":[],"aioseo_head":"\n\t\t<!-- All in One SEO Pro 5.0.1 - aioseo.com -->\n\t<meta name=\"description\" content=\"El presidente del Gobierno de Arag\u00f3n, Javier Lamb\u00e1n, ha visitado varios enclaves del Moncayo, entre ellos el Real Monasterio de Santa Mar\u00eda de Veruela, cuyas obras del Parador Nacional siguen pendientes de finalizaci\u00f3n. Lamb\u00e1n ha responsabilizado de ello al Ejecutivo central, cuya actitud pasiva ha criticado al advertir de que &quot;sigue perdiendo d\u00edas, meses y\" \/>\n\t<meta name=\"robots\" content=\"max-image-preview:large\" \/>\n\t<meta name=\"author\" content=\"El Digital de Asturias\"\/>\n\t<meta name=\"google-site-verification\" content=\"UA-38556648-1\" \/>\n\t<meta name=\"msvalidate.01\" content=\"7dfe9f3f1b24437ab69f4f2559babe99\" \/>\n\t<meta name=\"keywords\" content=\"actualidad\" \/>\n\t<link rel=\"canonical\" href=\"https:\/\/www.eldigitaldeasturias.com\/noticias\/lamban-reclama-la-apertura-del-parador-de-veruela-al-gobierno-central\/\" \/>\n\t<meta name=\"generator\" content=\"All in One SEO Pro (AIOSEO) 5.0.1\" \/>\n\t\t<meta property=\"og:locale\" content=\"es_ES\" \/>\n\t\t<meta property=\"og:site_name\" content=\"El Digital de Asturias\" \/>\n\t\t<meta property=\"og:type\" content=\"article\" \/>\n\t\t<meta property=\"og:title\" content=\"Lamb\u00e1n reclama la apertura del Parador de Veruela al Gobierno central - El Digital de Asturias\" \/>\n\t\t<meta property=\"og:description\" content=\"El presidente del Gobierno de Arag\u00f3n, Javier Lamb\u00e1n, ha visitado varios enclaves del Moncayo, entre ellos el Real Monasterio de Santa Mar\u00eda de Veruela, cuyas obras del Parador Nacional siguen pendientes de finalizaci\u00f3n. Lamb\u00e1n ha responsabilizado de ello al Ejecutivo central, cuya actitud pasiva ha criticado al advertir de que &quot;sigue perdiendo d\u00edas, meses y\" \/>\n\t\t<meta property=\"og:url\" content=\"https:\/\/www.eldigitaldeasturias.com\/noticias\/lamban-reclama-la-apertura-del-parador-de-veruela-al-gobierno-central\/\" \/>\n\t\t<meta property=\"article:tag\" content=\"actualidad\" \/>\n\t\t<meta property=\"article:published_time\" content=\"2018-05-01T18:18:36+00:00\" \/>\n\t\t<meta property=\"article:modified_time\" content=\"2018-05-01T18:18:36+00:00\" \/>\n\t\t<meta property=\"article:publisher\" content=\"https:\/\/facebook.com\/eldigitaldeasturias\" \/>\n\t\t<meta name=\"twitter:card\" content=\"summary_large_image\" \/>\n\t\t<meta name=\"twitter:title\" content=\"Lamb\u00e1n reclama la apertura del Parador de Veruela al Gobierno central - El Digital de Asturias\" \/>\n\t\t<meta name=\"twitter:description\" content=\"El presidente del Gobierno de Arag\u00f3n, Javier Lamb\u00e1n, ha visitado varios enclaves del Moncayo, entre ellos el Real Monasterio de Santa Mar\u00eda de Veruela, cuyas obras del Parador Nacional siguen pendientes de finalizaci\u00f3n. Lamb\u00e1n ha responsabilizado de ello al Ejecutivo central, cuya actitud pasiva ha criticado al advertir de que &quot;sigue perdiendo d\u00edas, meses y\" \/>\n\t\t<meta name=\"twitter:image\" content=\"https:\/\/www.eldigitaldeasturias.com\/noticias\/wp-content\/uploads\/2020\/12\/EDA-1.jpg\" \/>\n\t\t<meta name=\"twitter:label1\" content=\"Escrito por\" \/>\n\t\t<meta name=\"twitter:data1\" content=\"El Digital de Asturias\" \/>\n\t\t<meta name=\"twitter:label2\" content=\"Tiempo de lectura estimado\" \/>\n\t\t<meta name=\"twitter:data2\" content=\"6 minutos\" \/>\n\t\t<script type=\"application\/ld+json\" class=\"aioseo-schema\">\n\t\t\t{\"@context\":\"https:\\\/\\\/schema.org\",\"@graph\":[{\"@type\":\"BlogPosting\",\"@id\":\"https:\\\/\\\/www.eldigitaldeasturias.com\\\/noticias\\\/lamban-reclama-la-apertura-del-parador-de-veruela-al-gobierno-central\\\/#blogposting\",\"name\":\"Lamb\\u00e1n reclama la apertura del Parador de Veruela al Gobierno central - El Digital de Asturias\",\"headline\":\"Lamb\\u00e1n reclama la apertura del Parador de Veruela al Gobierno central\",\"author\":{\"@id\":\"https:\\\/\\\/www.eldigitaldeasturias.com\\\/noticias\\\/author\\\/admin\\\/#author\"},\"publisher\":{\"@id\":\"https:\\\/\\\/www.eldigitaldeasturias.com\\\/noticias\\\/#organization\"},\"image\":{\"@type\":\"ImageObject\",\"url\":978442},\"datePublished\":\"2018-05-01T18:18:36+02:00\",\"dateModified\":\"2018-05-01T18:18:36+02:00\",\"inLanguage\":\"es-ES\",\"mainEntityOfPage\":{\"@id\":\"https:\\\/\\\/www.eldigitaldeasturias.com\\\/noticias\\\/lamban-reclama-la-apertura-del-parador-de-veruela-al-gobierno-central\\\/#webpage\"},\"isPartOf\":{\"@id\":\"https:\\\/\\\/www.eldigitaldeasturias.com\\\/noticias\\\/lamban-reclama-la-apertura-del-parador-de-veruela-al-gobierno-central\\\/#webpage\"},\"articleSection\":\"Actualidad\"},{\"@type\":\"BreadcrumbList\",\"@id\":\"https:\\\/\\\/www.eldigitaldeasturias.com\\\/noticias\\\/lamban-reclama-la-apertura-del-parador-de-veruela-al-gobierno-central\\\/#breadcrumblist\",\"itemListElement\":[{\"@type\":\"ListItem\",\"@id\":\"https:\\\/\\\/www.eldigitaldeasturias.com\\\/noticias#listItem\",\"position\":1,\"name\":\"Home\",\"item\":\"https:\\\/\\\/www.eldigitaldeasturias.com\\\/noticias\",\"nextItem\":{\"@type\":\"ListItem\",\"@id\":\"https:\\\/\\\/www.eldigitaldeasturias.com\\\/noticias\\\/category\\\/actualidad\\\/#listItem\",\"name\":\"Actualidad\"}},{\"@type\":\"ListItem\",\"@id\":\"https:\\\/\\\/www.eldigitaldeasturias.com\\\/noticias\\\/category\\\/actualidad\\\/#listItem\",\"position\":2,\"name\":\"Actualidad\",\"item\":\"https:\\\/\\\/www.eldigitaldeasturias.com\\\/noticias\\\/category\\\/actualidad\\\/\",\"nextItem\":{\"@type\":\"ListItem\",\"@id\":\"https:\\\/\\\/www.eldigitaldeasturias.com\\\/noticias\\\/lamban-reclama-la-apertura-del-parador-de-veruela-al-gobierno-central\\\/#listItem\",\"name\":\"Lamb\\u00e1n reclama la apertura del Parador de Veruela al Gobierno central\"},\"previousItem\":{\"@type\":\"ListItem\",\"@id\":\"https:\\\/\\\/www.eldigitaldeasturias.com\\\/noticias#listItem\",\"name\":\"Home\"}},{\"@type\":\"ListItem\",\"@id\":\"https:\\\/\\\/www.eldigitaldeasturias.com\\\/noticias\\\/lamban-reclama-la-apertura-del-parador-de-veruela-al-gobierno-central\\\/#listItem\",\"position\":3,\"name\":\"Lamb\\u00e1n reclama la apertura del Parador de Veruela al Gobierno central\",\"previousItem\":{\"@type\":\"ListItem\",\"@id\":\"https:\\\/\\\/www.eldigitaldeasturias.com\\\/noticias\\\/category\\\/actualidad\\\/#listItem\",\"name\":\"Actualidad\"}}]},{\"@type\":\"Organization\",\"@id\":\"https:\\\/\\\/www.eldigitaldeasturias.com\\\/noticias\\\/#organization\",\"name\":\"El Digital de Asturias\",\"description\":\"Hemeroteca\",\"url\":\"https:\\\/\\\/www.eldigitaldeasturias.com\\\/noticias\\\/\",\"email\":\"info@eldigitaldeasturias.com\",\"telephone\":\"+34652131393\",\"logo\":{\"@type\":\"ImageObject\",\"url\":\"https:\\\/\\\/www.eldigitaldeasturias.com\\\/noticias\\\/wp-content\\\/uploads\\\/2020\\\/12\\\/EDA.jpg\",\"@id\":\"https:\\\/\\\/www.eldigitaldeasturias.com\\\/noticias\\\/lamban-reclama-la-apertura-del-parador-de-veruela-al-gobierno-central\\\/#organizationLogo\"},\"image\":{\"@id\":\"https:\\\/\\\/www.eldigitaldeasturias.com\\\/noticias\\\/lamban-reclama-la-apertura-del-parador-de-veruela-al-gobierno-central\\\/#organizationLogo\"},\"sameAs\":[\"https:\\\/\\\/facebook.com\\\/eldigitaldeasturias\",\"https:\\\/\\\/www.youtube.com\\\/channel\\\/UCZP-2wLEB9Rv6erhFmqVnvg\"],\"address\":{\"@id\":\"https:\\\/\\\/www.eldigitaldeasturias.com\\\/noticias\\\/#postaladdress\",\"@type\":\"PostalAddress\",\"streetAddress\":\"san antonio 4\",\"postalCode\":\"33430\",\"addressLocality\":\"Cand\\u00e1s\",\"addressRegion\":\"Asturias\",\"addressCountry\":\"ES\"}},{\"@type\":\"Person\",\"@id\":\"https:\\\/\\\/www.eldigitaldeasturias.com\\\/noticias\\\/author\\\/admin\\\/#author\",\"url\":\"https:\\\/\\\/www.eldigitaldeasturias.com\\\/noticias\\\/author\\\/admin\\\/\",\"name\":\"El Digital de Asturias\",\"image\":{\"@type\":\"ImageObject\",\"@id\":\"https:\\\/\\\/www.eldigitaldeasturias.com\\\/noticias\\\/lamban-reclama-la-apertura-del-parador-de-veruela-al-gobierno-central\\\/#authorImage\",\"url\":\"https:\\\/\\\/secure.gravatar.com\\\/avatar\\\/df2aeffc32bcd13f8d26072ef8a91b623d677766deac7f97ca815868cd41bf5e?s=96&d=mm&r=g\",\"width\":96,\"height\":96,\"caption\":\"El Digital de Asturias\"}},{\"@type\":\"WebPage\",\"@id\":\"https:\\\/\\\/www.eldigitaldeasturias.com\\\/noticias\\\/lamban-reclama-la-apertura-del-parador-de-veruela-al-gobierno-central\\\/#webpage\",\"url\":\"https:\\\/\\\/www.eldigitaldeasturias.com\\\/noticias\\\/lamban-reclama-la-apertura-del-parador-de-veruela-al-gobierno-central\\\/\",\"name\":\"Lamb\\u00e1n reclama la apertura del Parador de Veruela al Gobierno central - El Digital de Asturias\",\"description\":\"El presidente del Gobierno de Arag\\u00f3n, Javier Lamb\\u00e1n, ha visitado varios enclaves del Moncayo, entre ellos el Real Monasterio de Santa Mar\\u00eda de Veruela, cuyas obras del Parador Nacional siguen pendientes de finalizaci\\u00f3n. Lamb\\u00e1n ha responsabilizado de ello al Ejecutivo central, cuya actitud pasiva ha criticado al advertir de que \\\"sigue perdiendo d\\u00edas, meses y\",\"inLanguage\":\"es-ES\",\"isPartOf\":{\"@id\":\"https:\\\/\\\/www.eldigitaldeasturias.com\\\/noticias\\\/#website\"},\"breadcrumb\":{\"@id\":\"https:\\\/\\\/www.eldigitaldeasturias.com\\\/noticias\\\/lamban-reclama-la-apertura-del-parador-de-veruela-al-gobierno-central\\\/#breadcrumblist\"},\"author\":{\"@id\":\"https:\\\/\\\/www.eldigitaldeasturias.com\\\/noticias\\\/author\\\/admin\\\/#author\"},\"creator\":{\"@id\":\"https:\\\/\\\/www.eldigitaldeasturias.com\\\/noticias\\\/author\\\/admin\\\/#author\"},\"image\":{\"@type\":\"ImageObject\",\"url\":978442,\"@id\":\"https:\\\/\\\/www.eldigitaldeasturias.com\\\/noticias\\\/lamban-reclama-la-apertura-del-parador-de-veruela-al-gobierno-central\\\/#mainImage\"},\"primaryImageOfPage\":{\"@id\":\"https:\\\/\\\/www.eldigitaldeasturias.com\\\/noticias\\\/lamban-reclama-la-apertura-del-parador-de-veruela-al-gobierno-central\\\/#mainImage\"},\"datePublished\":\"2018-05-01T18:18:36+02:00\",\"dateModified\":\"2018-05-01T18:18:36+02:00\"},{\"@type\":\"WebSite\",\"@id\":\"https:\\\/\\\/www.eldigitaldeasturias.com\\\/noticias\\\/#website\",\"url\":\"https:\\\/\\\/www.eldigitaldeasturias.com\\\/noticias\\\/\",\"name\":\"El Digital de Asturias - Diario de actualidad y noticias\",\"alternateName\":\"El Digital de Asturias - Diario de actualidad y noticias\",\"description\":\"Hemeroteca\",\"inLanguage\":\"es-ES\",\"publisher\":{\"@id\":\"https:\\\/\\\/www.eldigitaldeasturias.com\\\/noticias\\\/#organization\"}}]}\n\t\t<\/script>\n\t\t<!-- All in One SEO Pro -->\r\n\t\t<title>Lamb\u00e1n reclama la apertura del Parador de Veruela al Gobierno central - El Digital de Asturias<\/title>\n\n","aioseo_head_json":{"title":"Lamb\u00e1n reclama la apertura del Parador de Veruela al Gobierno central - El Digital de Asturias","description":"El presidente del Gobierno de Arag\u00f3n, Javier Lamb\u00e1n, ha visitado varios enclaves del Moncayo, entre ellos el Real Monasterio de Santa Mar\u00eda de Veruela, cuyas obras del Parador Nacional siguen pendientes de finalizaci\u00f3n. Lamb\u00e1n ha responsabilizado de ello al Ejecutivo central, cuya actitud pasiva ha criticado al advertir de que \"sigue perdiendo d\u00edas, meses y","canonical_url":"https:\/\/www.eldigitaldeasturias.com\/noticias\/lamban-reclama-la-apertura-del-parador-de-veruela-al-gobierno-central\/","robots":"max-image-preview:large","keywords":"actualidad","webmasterTools":{"google-site-verification":"UA-38556648-1","msvalidate.01":"7dfe9f3f1b24437ab69f4f2559babe99","miscellaneous":""},"schema":{"@context":"https:\/\/schema.org","@graph":[{"@type":"BlogPosting","@id":"https:\/\/www.eldigitaldeasturias.com\/noticias\/lamban-reclama-la-apertura-del-parador-de-veruela-al-gobierno-central\/#blogposting","name":"Lamb\u00e1n reclama la apertura del Parador de Veruela al Gobierno central - El Digital de Asturias","headline":"Lamb\u00e1n reclama la apertura del Parador de Veruela al Gobierno central","author":{"@id":"https:\/\/www.eldigitaldeasturias.com\/noticias\/author\/admin\/#author"},"publisher":{"@id":"https:\/\/www.eldigitaldeasturias.com\/noticias\/#organization"},"image":{"@type":"ImageObject","url":978442},"datePublished":"2018-05-01T18:18:36+02:00","dateModified":"2018-05-01T18:18:36+02:00","inLanguage":"es-ES","mainEntityOfPage":{"@id":"https:\/\/www.eldigitaldeasturias.com\/noticias\/lamban-reclama-la-apertura-del-parador-de-veruela-al-gobierno-central\/#webpage"},"isPartOf":{"@id":"https:\/\/www.eldigitaldeasturias.com\/noticias\/lamban-reclama-la-apertura-del-parador-de-veruela-al-gobierno-central\/#webpage"},"articleSection":"Actualidad"},{"@type":"BreadcrumbList","@id":"https:\/\/www.eldigitaldeasturias.com\/noticias\/lamban-reclama-la-apertura-del-parador-de-veruela-al-gobierno-central\/#breadcrumblist","itemListElement":[{"@type":"ListItem","@id":"https:\/\/www.eldigitaldeasturias.com\/noticias#listItem","position":1,"name":"Home","item":"https:\/\/www.eldigitaldeasturias.com\/noticias","nextItem":{"@type":"ListItem","@id":"https:\/\/www.eldigitaldeasturias.com\/noticias\/category\/actualidad\/#listItem","name":"Actualidad"}},{"@type":"ListItem","@id":"https:\/\/www.eldigitaldeasturias.com\/noticias\/category\/actualidad\/#listItem","position":2,"name":"Actualidad","item":"https:\/\/www.eldigitaldeasturias.com\/noticias\/category\/actualidad\/","nextItem":{"@type":"ListItem","@id":"https:\/\/www.eldigitaldeasturias.com\/noticias\/lamban-reclama-la-apertura-del-parador-de-veruela-al-gobierno-central\/#listItem","name":"Lamb\u00e1n reclama la apertura del Parador de Veruela al Gobierno central"},"previousItem":{"@type":"ListItem","@id":"https:\/\/www.eldigitaldeasturias.com\/noticias#listItem","name":"Home"}},{"@type":"ListItem","@id":"https:\/\/www.eldigitaldeasturias.com\/noticias\/lamban-reclama-la-apertura-del-parador-de-veruela-al-gobierno-central\/#listItem","position":3,"name":"Lamb\u00e1n reclama la apertura del Parador de Veruela al Gobierno central","previousItem":{"@type":"ListItem","@id":"https:\/\/www.eldigitaldeasturias.com\/noticias\/category\/actualidad\/#listItem","name":"Actualidad"}}]},{"@type":"Organization","@id":"https:\/\/www.eldigitaldeasturias.com\/noticias\/#organization","name":"El Digital de Asturias","description":"Hemeroteca","url":"https:\/\/www.eldigitaldeasturias.com\/noticias\/","email":"info@eldigitaldeasturias.com","telephone":"+34652131393","logo":{"@type":"ImageObject","url":"https:\/\/www.eldigitaldeasturias.com\/noticias\/wp-content\/uploads\/2020\/12\/EDA.jpg","@id":"https:\/\/www.eldigitaldeasturias.com\/noticias\/lamban-reclama-la-apertura-del-parador-de-veruela-al-gobierno-central\/#organizationLogo"},"image":{"@id":"https:\/\/www.eldigitaldeasturias.com\/noticias\/lamban-reclama-la-apertura-del-parador-de-veruela-al-gobierno-central\/#organizationLogo"},"sameAs":["https:\/\/facebook.com\/eldigitaldeasturias","https:\/\/www.youtube.com\/channel\/UCZP-2wLEB9Rv6erhFmqVnvg"],"address":{"@id":"https:\/\/www.eldigitaldeasturias.com\/noticias\/#postaladdress","@type":"PostalAddress","streetAddress":"san antonio 4","postalCode":"33430","addressLocality":"Cand\u00e1s","addressRegion":"Asturias","addressCountry":"ES"}},{"@type":"Person","@id":"https:\/\/www.eldigitaldeasturias.com\/noticias\/author\/admin\/#author","url":"https:\/\/www.eldigitaldeasturias.com\/noticias\/author\/admin\/","name":"El Digital de Asturias","image":{"@type":"ImageObject","@id":"https:\/\/www.eldigitaldeasturias.com\/noticias\/lamban-reclama-la-apertura-del-parador-de-veruela-al-gobierno-central\/#authorImage","url":"https:\/\/secure.gravatar.com\/avatar\/df2aeffc32bcd13f8d26072ef8a91b623d677766deac7f97ca815868cd41bf5e?s=96&d=mm&r=g","width":96,"height":96,"caption":"El Digital de Asturias"}},{"@type":"WebPage","@id":"https:\/\/www.eldigitaldeasturias.com\/noticias\/lamban-reclama-la-apertura-del-parador-de-veruela-al-gobierno-central\/#webpage","url":"https:\/\/www.eldigitaldeasturias.com\/noticias\/lamban-reclama-la-apertura-del-parador-de-veruela-al-gobierno-central\/","name":"Lamb\u00e1n reclama la apertura del Parador de Veruela al Gobierno central - El Digital de Asturias","description":"El presidente del Gobierno de Arag\u00f3n, Javier Lamb\u00e1n, ha visitado varios enclaves del Moncayo, entre ellos el Real Monasterio de Santa Mar\u00eda de Veruela, cuyas obras del Parador Nacional siguen pendientes de finalizaci\u00f3n. Lamb\u00e1n ha responsabilizado de ello al Ejecutivo central, cuya actitud pasiva ha criticado al advertir de que \"sigue perdiendo d\u00edas, meses y","inLanguage":"es-ES","isPartOf":{"@id":"https:\/\/www.eldigitaldeasturias.com\/noticias\/#website"},"breadcrumb":{"@id":"https:\/\/www.eldigitaldeasturias.com\/noticias\/lamban-reclama-la-apertura-del-parador-de-veruela-al-gobierno-central\/#breadcrumblist"},"author":{"@id":"https:\/\/www.eldigitaldeasturias.com\/noticias\/author\/admin\/#author"},"creator":{"@id":"https:\/\/www.eldigitaldeasturias.com\/noticias\/author\/admin\/#author"},"image":{"@type":"ImageObject","url":978442,"@id":"https:\/\/www.eldigitaldeasturias.com\/noticias\/lamban-reclama-la-apertura-del-parador-de-veruela-al-gobierno-central\/#mainImage"},"primaryImageOfPage":{"@id":"https:\/\/www.eldigitaldeasturias.com\/noticias\/lamban-reclama-la-apertura-del-parador-de-veruela-al-gobierno-central\/#mainImage"},"datePublished":"2018-05-01T18:18:36+02:00","dateModified":"2018-05-01T18:18:36+02:00"},{"@type":"WebSite","@id":"https:\/\/www.eldigitaldeasturias.com\/noticias\/#website","url":"https:\/\/www.eldigitaldeasturias.com\/noticias\/","name":"El Digital de Asturias - Diario de actualidad y noticias","alternateName":"El Digital de Asturias - Diario de actualidad y noticias","description":"Hemeroteca","inLanguage":"es-ES","publisher":{"@id":"https:\/\/www.eldigitaldeasturias.com\/noticias\/#organization"}}]},"og:locale":"es_ES","og:site_name":"El Digital de Asturias","og:type":"article","og:title":"Lamb\u00e1n reclama la apertura del Parador de Veruela al Gobierno central - El Digital de Asturias","og:description":"El presidente del Gobierno de Arag\u00f3n, Javier Lamb\u00e1n, ha visitado varios enclaves del Moncayo, entre ellos el Real Monasterio de Santa Mar\u00eda de Veruela, cuyas obras del Parador Nacional siguen pendientes de finalizaci\u00f3n. Lamb\u00e1n ha responsabilizado de ello al Ejecutivo central, cuya actitud pasiva ha criticado al advertir de que &quot;sigue perdiendo d\u00edas, meses y","og:url":"https:\/\/www.eldigitaldeasturias.com\/noticias\/lamban-reclama-la-apertura-del-parador-de-veruela-al-gobierno-central\/","article:tag":["actualidad"],"article:published_time":"2018-05-01T18:18:36+00:00","article:modified_time":"2018-05-01T18:18:36+00:00","article:publisher":"https:\/\/facebook.com\/eldigitaldeasturias","twitter:card":"summary_large_image","twitter:title":"Lamb\u00e1n reclama la apertura del Parador de Veruela al Gobierno central - El Digital de Asturias","twitter:description":"El presidente del Gobierno de Arag\u00f3n, Javier Lamb\u00e1n, ha visitado varios enclaves del Moncayo, entre ellos el Real Monasterio de Santa Mar\u00eda de Veruela, cuyas obras del Parador Nacional siguen pendientes de finalizaci\u00f3n. Lamb\u00e1n ha responsabilizado de ello al Ejecutivo central, cuya actitud pasiva ha criticado al advertir de que &quot;sigue perdiendo d\u00edas, meses y","twitter:image":"https:\/\/www.eldigitaldeasturias.com\/noticias\/wp-content\/uploads\/2020\/12\/EDA-1.jpg","twitter:label1":"Escrito por","twitter:data1":"El Digital de Asturias","twitter:label2":"Tiempo de lectura estimado","twitter:data2":"6 minutos"},"aioseo_meta_data":{"post_id":"978441","title":null,"description":null,"keywords":null,"keyphrases":null,"primary_term":null,"canonical_url":null,"og_title":null,"og_description":null,"og_object_type":"default","og_image_type":"default","og_image_url":null,"og_image_width":null,"og_image_height":null,"og_image_custom_url":null,"og_image_custom_fields":null,"og_video":null,"og_custom_url":null,"og_article_section":null,"og_article_tags":null,"twitter_use_og":false,"twitter_card":"default","twitter_image_type":"default","twitter_image_url":null,"twitter_image_custom_url":null,"twitter_image_custom_fields":null,"twitter_title":null,"twitter_description":null,"schema":{"blockGraphs":[],"customGraphs":[],"default":{"data":{"Article":[],"Course":[],"Dataset":[],"FAQPage":[],"Movie":[],"Person":[],"Product":[],"ProductReview":[],"Car":[],"Recipe":[],"Service":[],"SoftwareApplication":[],"WebPage":[]},"graphName":"","isEnabled":true},"graphs":[],"defaultGraph":"","defaultPostTypeGraph":""},"schema_type":null,"schema_type_options":null,"pillar_content":false,"robots_default":true,"robots_noindex":false,"robots_noarchive":false,"robots_nosnippet":false,"robots_nofollow":false,"robots_noimageindex":false,"robots_noodp":false,"robots_notranslate":false,"robots_max_snippet":null,"robots_max_videopreview":null,"robots_max_imagepreview":"large","priority":null,"frequency":null,"local_seo":null,"seo_analyzer_scan_date":"2025-10-08 10:52:02","breadcrumb_settings":null,"limit_modified_date":false,"open_ai":null,"ai":null,"created":"2020-12-21 12:02:37","updated":"2025-10-08 10:52:02","focus_keyword":null,"additional_keywords":null,"truseo_locale":null},"aioseo_breadcrumb":"<div class=\"aioseo-breadcrumbs\"><span class=\"aioseo-breadcrumb\">\n\t<a href=\"https:\/\/www.eldigitaldeasturias.com\/noticias\" title=\"Home\">Home<\/a>\n<\/span><span class=\"aioseo-breadcrumb-separator\">\u2013<\/span><span class=\"aioseo-breadcrumb\">\n\t<a href=\"https:\/\/www.eldigitaldeasturias.com\/noticias\/category\/actualidad\/\" title=\"Actualidad\">Actualidad<\/a>\n<\/span><span class=\"aioseo-breadcrumb-separator\">\u2013<\/span><span class=\"aioseo-breadcrumb\">\n\t<a href=\"https:\/\/www.eldigitaldeasturias.com\/noticias\/lamban-reclama-la-apertura-del-parador-de-veruela-al-gobierno-central\/\" title=\"Lamb\u00e1n reclama la apertura del Parador de Veruela al Gobierno central\">Lamb\u00e1n reclama la apertura del Parador de Veruela al Gobierno central<\/a>\n<\/span><\/div>","aioseo_breadcrumb_json":[{"label":"Home","link":"https:\/\/www.eldigitaldeasturias.com\/noticias"},{"label":"Actualidad","link":"https:\/\/www.eldigitaldeasturias.com\/noticias\/category\/actualidad\/"},{"label":"Lamb\u00e1n reclama la apertura del Parador de Veruela al Gobierno central","link":"https:\/\/www.eldigitaldeasturias.com\/noticias\/lamban-reclama-la-apertura-del-parador-de-veruela-al-gobierno-central\/"}],"_links":{"self":[{"href":"https:\/\/www.eldigitaldeasturias.com\/noticias\/wp-json\/wp\/v2\/posts\/978441","targetHints":{"allow":["GET"]}}],"collection":[{"href":"https:\/\/www.eldigitaldeasturias.com\/noticias\/wp-json\/wp\/v2\/posts"}],"about":[{"href":"https:\/\/www.eldigitaldeasturias.com\/noticias\/wp-json\/wp\/v2\/types\/post"}],"author":[{"embeddable":true,"href":"https:\/\/www.eldigitaldeasturias.com\/noticias\/wp-json\/wp\/v2\/users\/1"}],"replies":[{"embeddable":true,"href":"https:\/\/www.eldigitaldeasturias.com\/noticias\/wp-json\/wp\/v2\/comments?post=978441"}],"version-history":[{"count":0,"href":"https:\/\/www.eldigitaldeasturias.com\/noticias\/wp-json\/wp\/v2\/posts\/978441\/revisions"}],"wp:attachment":[{"href":"https:\/\/www.eldigitaldeasturias.com\/noticias\/wp-json\/wp\/v2\/media?parent=978441"}],"wp:term":[{"taxonomy":"category","embeddable":true,"href":"https:\/\/www.eldigitaldeasturias.com\/noticias\/wp-json\/wp\/v2\/categories?post=978441"},{"taxonomy":"post_tag","embeddable":true,"href":"https:\/\/www.eldigitaldeasturias.com\/noticias\/wp-json\/wp\/v2\/tags?post=978441"}],"curies":[{"name":"wp","href":"https:\/\/api.w.org\/{rel}","templated":true}]}}