{"id":978430,"date":"2018-05-01T18:05:50","date_gmt":"2018-05-01T18:05:50","guid":{"rendered":"http:\/\/www.eldigitaldeasturias.com\/noticias\/?p=978430"},"modified":"2018-05-01T18:05:50","modified_gmt":"2018-05-01T18:05:50","slug":"metro-de-malaga-supera-los-20-millones-de-usuarios-desde-su-puesta-en-servicio","status":"publish","type":"post","link":"https:\/\/www.eldigitaldeasturias.com\/noticias\/metro-de-malaga-supera-los-20-millones-de-usuarios-desde-su-puesta-en-servicio\/","title":{"rendered":"Metro de M\u00e1laga supera los 20 millones de usuarios desde su puesta en servicio"},"content":{"rendered":"<p><img loading=\"lazy\" decoding=\"async\" class=\"alignleft size-medium wp-image-978431\" src=\"https:\/\/www.eldigitaldeasturias.com\/noticias\/wp-content\/uploads\/2018\/05\/1525088089303-360x212.jpg\" alt=\"\" width=\"360\" height=\"212\" \/>Metro de M\u00e1laga, sociedad concesionaria de la Junta de Andaluc\u00eda, super\u00f3 los 20 millones de viajeros transportados durante la semana pasada, marca que se produce tres meses antes del cuarto aniversario del inicio de actividad comercial, el 30 de julio de 2014. Desde el comienzo del funcionamiento del ferrocarril metropolitano malague\u00f1o, con la explotaci\u00f3n parcial de las l\u00edneas 1 y 2 hasta el intercambiador de El Perchel-Mar\u00eda Zambrano, los datos de viajeros obtenidos han ido superando las estimaciones de demanda parcial fijadas para cada ejercicio.<\/p>\n<p>Desde enero a abril de este a\u00f1o, se han superado ampliamente los dos millones de usuarios. Esta cifra de viajeros registrada, junto con el total acumulado desde el origen de la prestaci\u00f3n del servicio, ponen de manifiesto la confianza de los usuarios con el suburbano malague\u00f1o que, desde el comienzo de su explotaci\u00f3n comercial, ha mantenido la tendencia al alza en sus datos de demanda.<\/p>\n<p>Comparando las cifras por a\u00f1os naturales completos se observa que en 2016 la demanda de viajeros creci\u00f3 un 4,3%, con respecto al ejercicio anterio, y el pasado 2017 lo hizo un 9,9%. Por su parte, a lo largo del primer trimestre de 2018 se ha incrementado el volumen de usuarios en un 7,2% con respecto al mismo periodo del pasado a\u00f1o. Se trata de crecimientos, en t\u00e9rminos relativos, muy por encima de la media de los metros operativos en Espa\u00f1a, de acuerdo a la estad\u00edstica del Instituto Nacional de Estad\u00edstica (INE), as\u00ed como del transporte p\u00fablico en general.<\/p>\n<p>De acuerdo al desglose de viajeros por d\u00eda, y tal y como es habitual en los sistemas de transportes, en la actualidad, las jornadas con mayor afluencia de viajeros se localizan de lunes a viernes, donde se registra una media superior a los 20.600 usuarios, mientras que los s\u00e1bados arroja una media de m\u00e1s de 11.200, y en torno a los 8.200 tanto en los domingos como en jornadas festivas.<\/p>\n<p>La consecuci\u00f3n de este volumen de viajeros, as\u00ed como la notable percepci\u00f3n que arrojan las encuestas de satisfacci\u00f3n del usuario que efect\u00faa anualmente la concesionaria, con una valoraci\u00f3n global del 8,8 sobre 10, constituyen un incentivo para la Junta de Andaluc\u00eda en la culminaci\u00f3n de la red prevista y consensuada con el Ayuntamiento de M\u00e1laga en noviembre de 2013.<\/p>\n<p>Las l\u00edneas 1 y 2 del metro de M\u00e1laga hasta el Perchel suman 12 kil\u00f3metros de longitud y 17 estaciones y paradas, equivalentes al 81% de la infraestructura total prevista. Una vez se culminen los dos tramos en ejecuci\u00f3n, entre el Perchel-Guadalmedina-Atarazanas, as\u00ed como la prolongaci\u00f3n de la L\u00ednea 2 hasta el Hospital Civil, el trazado completo ascender\u00e1 a14,8 kil\u00f3metros y 23 estaciones y paradas, con una estimaci\u00f3n de demanda anual de 20,7 millones de viajeros.<\/p>\n","protected":false},"excerpt":{"rendered":"<p>Metro de M\u00e1laga, sociedad concesionaria de la Junta de Andaluc\u00eda, super\u00f3 los 20 millones de viajeros transportados durante la semana pasada, marca que se produce tres meses antes del cuarto aniversario del inicio de actividad comercial, el 30 de julio de 2014. Desde el comienzo del funcionamiento del ferrocarril metropolitano malague\u00f1o, con la explotaci\u00f3n parcial [&hellip;]<\/p>\n","protected":false},"author":1,"featured_media":978431,"comment_status":"closed","ping_status":"closed","sticky":false,"template":"","format":"standard","meta":{"footnotes":""},"categories":[1],"tags":[],"class_list":["post-978430","post","type-post","status-publish","format-standard","has-post-thumbnail","hentry","category-actualidad"],"aioseo_notices":[],"aioseo_head":"\n\t\t<!-- All in One SEO Pro 5.0.1 - aioseo.com -->\n\t<meta name=\"description\" content=\"Metro de M\u00e1laga, sociedad concesionaria de la Junta de Andaluc\u00eda, super\u00f3 los 20 millones de viajeros transportados durante la semana pasada, marca que se produce tres meses antes del cuarto aniversario del inicio de actividad comercial, el 30 de julio de 2014. Desde el comienzo del funcionamiento del ferrocarril metropolitano malague\u00f1o, con la explotaci\u00f3n parcial\" \/>\n\t<meta name=\"robots\" content=\"max-image-preview:large\" \/>\n\t<meta name=\"author\" content=\"El Digital de Asturias\"\/>\n\t<meta name=\"google-site-verification\" content=\"UA-38556648-1\" \/>\n\t<meta name=\"msvalidate.01\" content=\"7dfe9f3f1b24437ab69f4f2559babe99\" \/>\n\t<meta name=\"keywords\" content=\"actualidad\" \/>\n\t<link rel=\"canonical\" href=\"https:\/\/www.eldigitaldeasturias.com\/noticias\/metro-de-malaga-supera-los-20-millones-de-usuarios-desde-su-puesta-en-servicio\/\" \/>\n\t<meta name=\"generator\" content=\"All in One SEO Pro (AIOSEO) 5.0.1\" \/>\n\t\t<meta property=\"og:locale\" content=\"es_ES\" \/>\n\t\t<meta property=\"og:site_name\" content=\"El Digital de Asturias\" \/>\n\t\t<meta property=\"og:type\" content=\"article\" \/>\n\t\t<meta property=\"og:title\" content=\"Metro de M\u00e1laga supera los 20 millones de usuarios desde su puesta en servicio - El Digital de Asturias\" \/>\n\t\t<meta property=\"og:description\" content=\"Metro de M\u00e1laga, sociedad concesionaria de la Junta de Andaluc\u00eda, super\u00f3 los 20 millones de viajeros transportados durante la semana pasada, marca que se produce tres meses antes del cuarto aniversario del inicio de actividad comercial, el 30 de julio de 2014. Desde el comienzo del funcionamiento del ferrocarril metropolitano malague\u00f1o, con la explotaci\u00f3n parcial\" \/>\n\t\t<meta property=\"og:url\" content=\"https:\/\/www.eldigitaldeasturias.com\/noticias\/metro-de-malaga-supera-los-20-millones-de-usuarios-desde-su-puesta-en-servicio\/\" \/>\n\t\t<meta property=\"article:tag\" content=\"actualidad\" \/>\n\t\t<meta property=\"article:published_time\" content=\"2018-05-01T18:05:50+00:00\" \/>\n\t\t<meta property=\"article:modified_time\" content=\"2018-05-01T18:05:50+00:00\" \/>\n\t\t<meta property=\"article:publisher\" content=\"https:\/\/facebook.com\/eldigitaldeasturias\" \/>\n\t\t<meta name=\"twitter:card\" content=\"summary_large_image\" \/>\n\t\t<meta name=\"twitter:title\" content=\"Metro de M\u00e1laga supera los 20 millones de usuarios desde su puesta en servicio - El Digital de Asturias\" \/>\n\t\t<meta name=\"twitter:description\" content=\"Metro de M\u00e1laga, sociedad concesionaria de la Junta de Andaluc\u00eda, super\u00f3 los 20 millones de viajeros transportados durante la semana pasada, marca que se produce tres meses antes del cuarto aniversario del inicio de actividad comercial, el 30 de julio de 2014. Desde el comienzo del funcionamiento del ferrocarril metropolitano malague\u00f1o, con la explotaci\u00f3n parcial\" \/>\n\t\t<meta name=\"twitter:image\" content=\"https:\/\/www.eldigitaldeasturias.com\/noticias\/wp-content\/uploads\/2020\/12\/EDA-1.jpg\" \/>\n\t\t<meta name=\"twitter:label1\" content=\"Escrito por\" \/>\n\t\t<meta name=\"twitter:data1\" content=\"El Digital de Asturias\" \/>\n\t\t<meta name=\"twitter:label2\" content=\"Tiempo de lectura estimado\" \/>\n\t\t<meta name=\"twitter:data2\" content=\"2 minutos\" \/>\n\t\t<script type=\"application\/ld+json\" class=\"aioseo-schema\">\n\t\t\t{\"@context\":\"https:\\\/\\\/schema.org\",\"@graph\":[{\"@type\":\"BlogPosting\",\"@id\":\"https:\\\/\\\/www.eldigitaldeasturias.com\\\/noticias\\\/metro-de-malaga-supera-los-20-millones-de-usuarios-desde-su-puesta-en-servicio\\\/#blogposting\",\"name\":\"Metro de M\\u00e1laga supera los 20 millones de usuarios desde su puesta en servicio - El Digital de Asturias\",\"headline\":\"Metro de M\\u00e1laga supera los 20 millones de usuarios desde su puesta en servicio\",\"author\":{\"@id\":\"https:\\\/\\\/www.eldigitaldeasturias.com\\\/noticias\\\/author\\\/admin\\\/#author\"},\"publisher\":{\"@id\":\"https:\\\/\\\/www.eldigitaldeasturias.com\\\/noticias\\\/#organization\"},\"image\":{\"@type\":\"ImageObject\",\"url\":978431},\"datePublished\":\"2018-05-01T18:05:50+02:00\",\"dateModified\":\"2018-05-01T18:05:50+02:00\",\"inLanguage\":\"es-ES\",\"mainEntityOfPage\":{\"@id\":\"https:\\\/\\\/www.eldigitaldeasturias.com\\\/noticias\\\/metro-de-malaga-supera-los-20-millones-de-usuarios-desde-su-puesta-en-servicio\\\/#webpage\"},\"isPartOf\":{\"@id\":\"https:\\\/\\\/www.eldigitaldeasturias.com\\\/noticias\\\/metro-de-malaga-supera-los-20-millones-de-usuarios-desde-su-puesta-en-servicio\\\/#webpage\"},\"articleSection\":\"Actualidad\"},{\"@type\":\"BreadcrumbList\",\"@id\":\"https:\\\/\\\/www.eldigitaldeasturias.com\\\/noticias\\\/metro-de-malaga-supera-los-20-millones-de-usuarios-desde-su-puesta-en-servicio\\\/#breadcrumblist\",\"itemListElement\":[{\"@type\":\"ListItem\",\"@id\":\"https:\\\/\\\/www.eldigitaldeasturias.com\\\/noticias#listItem\",\"position\":1,\"name\":\"Home\",\"item\":\"https:\\\/\\\/www.eldigitaldeasturias.com\\\/noticias\",\"nextItem\":{\"@type\":\"ListItem\",\"@id\":\"https:\\\/\\\/www.eldigitaldeasturias.com\\\/noticias\\\/category\\\/actualidad\\\/#listItem\",\"name\":\"Actualidad\"}},{\"@type\":\"ListItem\",\"@id\":\"https:\\\/\\\/www.eldigitaldeasturias.com\\\/noticias\\\/category\\\/actualidad\\\/#listItem\",\"position\":2,\"name\":\"Actualidad\",\"item\":\"https:\\\/\\\/www.eldigitaldeasturias.com\\\/noticias\\\/category\\\/actualidad\\\/\",\"nextItem\":{\"@type\":\"ListItem\",\"@id\":\"https:\\\/\\\/www.eldigitaldeasturias.com\\\/noticias\\\/metro-de-malaga-supera-los-20-millones-de-usuarios-desde-su-puesta-en-servicio\\\/#listItem\",\"name\":\"Metro de M\\u00e1laga supera los 20 millones de usuarios desde su puesta en servicio\"},\"previousItem\":{\"@type\":\"ListItem\",\"@id\":\"https:\\\/\\\/www.eldigitaldeasturias.com\\\/noticias#listItem\",\"name\":\"Home\"}},{\"@type\":\"ListItem\",\"@id\":\"https:\\\/\\\/www.eldigitaldeasturias.com\\\/noticias\\\/metro-de-malaga-supera-los-20-millones-de-usuarios-desde-su-puesta-en-servicio\\\/#listItem\",\"position\":3,\"name\":\"Metro de M\\u00e1laga supera los 20 millones de usuarios desde su puesta en servicio\",\"previousItem\":{\"@type\":\"ListItem\",\"@id\":\"https:\\\/\\\/www.eldigitaldeasturias.com\\\/noticias\\\/category\\\/actualidad\\\/#listItem\",\"name\":\"Actualidad\"}}]},{\"@type\":\"Organization\",\"@id\":\"https:\\\/\\\/www.eldigitaldeasturias.com\\\/noticias\\\/#organization\",\"name\":\"El Digital de Asturias\",\"description\":\"Hemeroteca\",\"url\":\"https:\\\/\\\/www.eldigitaldeasturias.com\\\/noticias\\\/\",\"email\":\"info@eldigitaldeasturias.com\",\"telephone\":\"+34652131393\",\"logo\":{\"@type\":\"ImageObject\",\"url\":\"https:\\\/\\\/www.eldigitaldeasturias.com\\\/noticias\\\/wp-content\\\/uploads\\\/2020\\\/12\\\/EDA.jpg\",\"@id\":\"https:\\\/\\\/www.eldigitaldeasturias.com\\\/noticias\\\/metro-de-malaga-supera-los-20-millones-de-usuarios-desde-su-puesta-en-servicio\\\/#organizationLogo\"},\"image\":{\"@id\":\"https:\\\/\\\/www.eldigitaldeasturias.com\\\/noticias\\\/metro-de-malaga-supera-los-20-millones-de-usuarios-desde-su-puesta-en-servicio\\\/#organizationLogo\"},\"sameAs\":[\"https:\\\/\\\/facebook.com\\\/eldigitaldeasturias\",\"https:\\\/\\\/www.youtube.com\\\/channel\\\/UCZP-2wLEB9Rv6erhFmqVnvg\"],\"address\":{\"@id\":\"https:\\\/\\\/www.eldigitaldeasturias.com\\\/noticias\\\/#postaladdress\",\"@type\":\"PostalAddress\",\"streetAddress\":\"san antonio 4\",\"postalCode\":\"33430\",\"addressLocality\":\"Cand\\u00e1s\",\"addressRegion\":\"Asturias\",\"addressCountry\":\"ES\"}},{\"@type\":\"Person\",\"@id\":\"https:\\\/\\\/www.eldigitaldeasturias.com\\\/noticias\\\/author\\\/admin\\\/#author\",\"url\":\"https:\\\/\\\/www.eldigitaldeasturias.com\\\/noticias\\\/author\\\/admin\\\/\",\"name\":\"El Digital de Asturias\",\"image\":{\"@type\":\"ImageObject\",\"@id\":\"https:\\\/\\\/www.eldigitaldeasturias.com\\\/noticias\\\/metro-de-malaga-supera-los-20-millones-de-usuarios-desde-su-puesta-en-servicio\\\/#authorImage\",\"url\":\"https:\\\/\\\/secure.gravatar.com\\\/avatar\\\/df2aeffc32bcd13f8d26072ef8a91b623d677766deac7f97ca815868cd41bf5e?s=96&d=mm&r=g\",\"width\":96,\"height\":96,\"caption\":\"El Digital de Asturias\"}},{\"@type\":\"WebPage\",\"@id\":\"https:\\\/\\\/www.eldigitaldeasturias.com\\\/noticias\\\/metro-de-malaga-supera-los-20-millones-de-usuarios-desde-su-puesta-en-servicio\\\/#webpage\",\"url\":\"https:\\\/\\\/www.eldigitaldeasturias.com\\\/noticias\\\/metro-de-malaga-supera-los-20-millones-de-usuarios-desde-su-puesta-en-servicio\\\/\",\"name\":\"Metro de M\\u00e1laga supera los 20 millones de usuarios desde su puesta en servicio - El Digital de Asturias\",\"description\":\"Metro de M\\u00e1laga, sociedad concesionaria de la Junta de Andaluc\\u00eda, super\\u00f3 los 20 millones de viajeros transportados durante la semana pasada, marca que se produce tres meses antes del cuarto aniversario del inicio de actividad comercial, el 30 de julio de 2014. Desde el comienzo del funcionamiento del ferrocarril metropolitano malague\\u00f1o, con la explotaci\\u00f3n parcial\",\"inLanguage\":\"es-ES\",\"isPartOf\":{\"@id\":\"https:\\\/\\\/www.eldigitaldeasturias.com\\\/noticias\\\/#website\"},\"breadcrumb\":{\"@id\":\"https:\\\/\\\/www.eldigitaldeasturias.com\\\/noticias\\\/metro-de-malaga-supera-los-20-millones-de-usuarios-desde-su-puesta-en-servicio\\\/#breadcrumblist\"},\"author\":{\"@id\":\"https:\\\/\\\/www.eldigitaldeasturias.com\\\/noticias\\\/author\\\/admin\\\/#author\"},\"creator\":{\"@id\":\"https:\\\/\\\/www.eldigitaldeasturias.com\\\/noticias\\\/author\\\/admin\\\/#author\"},\"image\":{\"@type\":\"ImageObject\",\"url\":978431,\"@id\":\"https:\\\/\\\/www.eldigitaldeasturias.com\\\/noticias\\\/metro-de-malaga-supera-los-20-millones-de-usuarios-desde-su-puesta-en-servicio\\\/#mainImage\"},\"primaryImageOfPage\":{\"@id\":\"https:\\\/\\\/www.eldigitaldeasturias.com\\\/noticias\\\/metro-de-malaga-supera-los-20-millones-de-usuarios-desde-su-puesta-en-servicio\\\/#mainImage\"},\"datePublished\":\"2018-05-01T18:05:50+02:00\",\"dateModified\":\"2018-05-01T18:05:50+02:00\"},{\"@type\":\"WebSite\",\"@id\":\"https:\\\/\\\/www.eldigitaldeasturias.com\\\/noticias\\\/#website\",\"url\":\"https:\\\/\\\/www.eldigitaldeasturias.com\\\/noticias\\\/\",\"name\":\"El Digital de Asturias - Diario de actualidad y noticias\",\"alternateName\":\"El Digital de Asturias - Diario de actualidad y noticias\",\"description\":\"Hemeroteca\",\"inLanguage\":\"es-ES\",\"publisher\":{\"@id\":\"https:\\\/\\\/www.eldigitaldeasturias.com\\\/noticias\\\/#organization\"}}]}\n\t\t<\/script>\n\t\t<!-- All in One SEO Pro -->\r\n\t\t<title>Metro de M\u00e1laga supera los 20 millones de usuarios desde su puesta en servicio - El Digital de Asturias<\/title>\n\n","aioseo_head_json":{"title":"Metro de M\u00e1laga supera los 20 millones de usuarios desde su puesta en servicio - El Digital de Asturias","description":"Metro de M\u00e1laga, sociedad concesionaria de la Junta de Andaluc\u00eda, super\u00f3 los 20 millones de viajeros transportados durante la semana pasada, marca que se produce tres meses antes del cuarto aniversario del inicio de actividad comercial, el 30 de julio de 2014. Desde el comienzo del funcionamiento del ferrocarril metropolitano malague\u00f1o, con la explotaci\u00f3n parcial","canonical_url":"https:\/\/www.eldigitaldeasturias.com\/noticias\/metro-de-malaga-supera-los-20-millones-de-usuarios-desde-su-puesta-en-servicio\/","robots":"max-image-preview:large","keywords":"actualidad","webmasterTools":{"google-site-verification":"UA-38556648-1","msvalidate.01":"7dfe9f3f1b24437ab69f4f2559babe99","miscellaneous":""},"schema":{"@context":"https:\/\/schema.org","@graph":[{"@type":"BlogPosting","@id":"https:\/\/www.eldigitaldeasturias.com\/noticias\/metro-de-malaga-supera-los-20-millones-de-usuarios-desde-su-puesta-en-servicio\/#blogposting","name":"Metro de M\u00e1laga supera los 20 millones de usuarios desde su puesta en servicio - El Digital de Asturias","headline":"Metro de M\u00e1laga supera los 20 millones de usuarios desde su puesta en servicio","author":{"@id":"https:\/\/www.eldigitaldeasturias.com\/noticias\/author\/admin\/#author"},"publisher":{"@id":"https:\/\/www.eldigitaldeasturias.com\/noticias\/#organization"},"image":{"@type":"ImageObject","url":978431},"datePublished":"2018-05-01T18:05:50+02:00","dateModified":"2018-05-01T18:05:50+02:00","inLanguage":"es-ES","mainEntityOfPage":{"@id":"https:\/\/www.eldigitaldeasturias.com\/noticias\/metro-de-malaga-supera-los-20-millones-de-usuarios-desde-su-puesta-en-servicio\/#webpage"},"isPartOf":{"@id":"https:\/\/www.eldigitaldeasturias.com\/noticias\/metro-de-malaga-supera-los-20-millones-de-usuarios-desde-su-puesta-en-servicio\/#webpage"},"articleSection":"Actualidad"},{"@type":"BreadcrumbList","@id":"https:\/\/www.eldigitaldeasturias.com\/noticias\/metro-de-malaga-supera-los-20-millones-de-usuarios-desde-su-puesta-en-servicio\/#breadcrumblist","itemListElement":[{"@type":"ListItem","@id":"https:\/\/www.eldigitaldeasturias.com\/noticias#listItem","position":1,"name":"Home","item":"https:\/\/www.eldigitaldeasturias.com\/noticias","nextItem":{"@type":"ListItem","@id":"https:\/\/www.eldigitaldeasturias.com\/noticias\/category\/actualidad\/#listItem","name":"Actualidad"}},{"@type":"ListItem","@id":"https:\/\/www.eldigitaldeasturias.com\/noticias\/category\/actualidad\/#listItem","position":2,"name":"Actualidad","item":"https:\/\/www.eldigitaldeasturias.com\/noticias\/category\/actualidad\/","nextItem":{"@type":"ListItem","@id":"https:\/\/www.eldigitaldeasturias.com\/noticias\/metro-de-malaga-supera-los-20-millones-de-usuarios-desde-su-puesta-en-servicio\/#listItem","name":"Metro de M\u00e1laga supera los 20 millones de usuarios desde su puesta en servicio"},"previousItem":{"@type":"ListItem","@id":"https:\/\/www.eldigitaldeasturias.com\/noticias#listItem","name":"Home"}},{"@type":"ListItem","@id":"https:\/\/www.eldigitaldeasturias.com\/noticias\/metro-de-malaga-supera-los-20-millones-de-usuarios-desde-su-puesta-en-servicio\/#listItem","position":3,"name":"Metro de M\u00e1laga supera los 20 millones de usuarios desde su puesta en servicio","previousItem":{"@type":"ListItem","@id":"https:\/\/www.eldigitaldeasturias.com\/noticias\/category\/actualidad\/#listItem","name":"Actualidad"}}]},{"@type":"Organization","@id":"https:\/\/www.eldigitaldeasturias.com\/noticias\/#organization","name":"El Digital de Asturias","description":"Hemeroteca","url":"https:\/\/www.eldigitaldeasturias.com\/noticias\/","email":"info@eldigitaldeasturias.com","telephone":"+34652131393","logo":{"@type":"ImageObject","url":"https:\/\/www.eldigitaldeasturias.com\/noticias\/wp-content\/uploads\/2020\/12\/EDA.jpg","@id":"https:\/\/www.eldigitaldeasturias.com\/noticias\/metro-de-malaga-supera-los-20-millones-de-usuarios-desde-su-puesta-en-servicio\/#organizationLogo"},"image":{"@id":"https:\/\/www.eldigitaldeasturias.com\/noticias\/metro-de-malaga-supera-los-20-millones-de-usuarios-desde-su-puesta-en-servicio\/#organizationLogo"},"sameAs":["https:\/\/facebook.com\/eldigitaldeasturias","https:\/\/www.youtube.com\/channel\/UCZP-2wLEB9Rv6erhFmqVnvg"],"address":{"@id":"https:\/\/www.eldigitaldeasturias.com\/noticias\/#postaladdress","@type":"PostalAddress","streetAddress":"san antonio 4","postalCode":"33430","addressLocality":"Cand\u00e1s","addressRegion":"Asturias","addressCountry":"ES"}},{"@type":"Person","@id":"https:\/\/www.eldigitaldeasturias.com\/noticias\/author\/admin\/#author","url":"https:\/\/www.eldigitaldeasturias.com\/noticias\/author\/admin\/","name":"El Digital de Asturias","image":{"@type":"ImageObject","@id":"https:\/\/www.eldigitaldeasturias.com\/noticias\/metro-de-malaga-supera-los-20-millones-de-usuarios-desde-su-puesta-en-servicio\/#authorImage","url":"https:\/\/secure.gravatar.com\/avatar\/df2aeffc32bcd13f8d26072ef8a91b623d677766deac7f97ca815868cd41bf5e?s=96&d=mm&r=g","width":96,"height":96,"caption":"El Digital de Asturias"}},{"@type":"WebPage","@id":"https:\/\/www.eldigitaldeasturias.com\/noticias\/metro-de-malaga-supera-los-20-millones-de-usuarios-desde-su-puesta-en-servicio\/#webpage","url":"https:\/\/www.eldigitaldeasturias.com\/noticias\/metro-de-malaga-supera-los-20-millones-de-usuarios-desde-su-puesta-en-servicio\/","name":"Metro de M\u00e1laga supera los 20 millones de usuarios desde su puesta en servicio - El Digital de Asturias","description":"Metro de M\u00e1laga, sociedad concesionaria de la Junta de Andaluc\u00eda, super\u00f3 los 20 millones de viajeros transportados durante la semana pasada, marca que se produce tres meses antes del cuarto aniversario del inicio de actividad comercial, el 30 de julio de 2014. Desde el comienzo del funcionamiento del ferrocarril metropolitano malague\u00f1o, con la explotaci\u00f3n parcial","inLanguage":"es-ES","isPartOf":{"@id":"https:\/\/www.eldigitaldeasturias.com\/noticias\/#website"},"breadcrumb":{"@id":"https:\/\/www.eldigitaldeasturias.com\/noticias\/metro-de-malaga-supera-los-20-millones-de-usuarios-desde-su-puesta-en-servicio\/#breadcrumblist"},"author":{"@id":"https:\/\/www.eldigitaldeasturias.com\/noticias\/author\/admin\/#author"},"creator":{"@id":"https:\/\/www.eldigitaldeasturias.com\/noticias\/author\/admin\/#author"},"image":{"@type":"ImageObject","url":978431,"@id":"https:\/\/www.eldigitaldeasturias.com\/noticias\/metro-de-malaga-supera-los-20-millones-de-usuarios-desde-su-puesta-en-servicio\/#mainImage"},"primaryImageOfPage":{"@id":"https:\/\/www.eldigitaldeasturias.com\/noticias\/metro-de-malaga-supera-los-20-millones-de-usuarios-desde-su-puesta-en-servicio\/#mainImage"},"datePublished":"2018-05-01T18:05:50+02:00","dateModified":"2018-05-01T18:05:50+02:00"},{"@type":"WebSite","@id":"https:\/\/www.eldigitaldeasturias.com\/noticias\/#website","url":"https:\/\/www.eldigitaldeasturias.com\/noticias\/","name":"El Digital de Asturias - Diario de actualidad y noticias","alternateName":"El Digital de Asturias - Diario de actualidad y noticias","description":"Hemeroteca","inLanguage":"es-ES","publisher":{"@id":"https:\/\/www.eldigitaldeasturias.com\/noticias\/#organization"}}]},"og:locale":"es_ES","og:site_name":"El Digital de Asturias","og:type":"article","og:title":"Metro de M\u00e1laga supera los 20 millones de usuarios desde su puesta en servicio - El Digital de Asturias","og:description":"Metro de M\u00e1laga, sociedad concesionaria de la Junta de Andaluc\u00eda, super\u00f3 los 20 millones de viajeros transportados durante la semana pasada, marca que se produce tres meses antes del cuarto aniversario del inicio de actividad comercial, el 30 de julio de 2014. Desde el comienzo del funcionamiento del ferrocarril metropolitano malague\u00f1o, con la explotaci\u00f3n parcial","og:url":"https:\/\/www.eldigitaldeasturias.com\/noticias\/metro-de-malaga-supera-los-20-millones-de-usuarios-desde-su-puesta-en-servicio\/","article:tag":["actualidad"],"article:published_time":"2018-05-01T18:05:50+00:00","article:modified_time":"2018-05-01T18:05:50+00:00","article:publisher":"https:\/\/facebook.com\/eldigitaldeasturias","twitter:card":"summary_large_image","twitter:title":"Metro de M\u00e1laga supera los 20 millones de usuarios desde su puesta en servicio - El Digital de Asturias","twitter:description":"Metro de M\u00e1laga, sociedad concesionaria de la Junta de Andaluc\u00eda, super\u00f3 los 20 millones de viajeros transportados durante la semana pasada, marca que se produce tres meses antes del cuarto aniversario del inicio de actividad comercial, el 30 de julio de 2014. Desde el comienzo del funcionamiento del ferrocarril metropolitano malague\u00f1o, con la explotaci\u00f3n parcial","twitter:image":"https:\/\/www.eldigitaldeasturias.com\/noticias\/wp-content\/uploads\/2020\/12\/EDA-1.jpg","twitter:label1":"Escrito por","twitter:data1":"El Digital de Asturias","twitter:label2":"Tiempo de lectura estimado","twitter:data2":"2 minutos"},"aioseo_meta_data":{"post_id":"978430","title":null,"description":null,"keywords":null,"keyphrases":null,"primary_term":null,"canonical_url":null,"og_title":null,"og_description":null,"og_object_type":"default","og_image_type":"default","og_image_url":null,"og_image_width":null,"og_image_height":null,"og_image_custom_url":null,"og_image_custom_fields":null,"og_video":null,"og_custom_url":null,"og_article_section":null,"og_article_tags":null,"twitter_use_og":false,"twitter_card":"default","twitter_image_type":"default","twitter_image_url":null,"twitter_image_custom_url":null,"twitter_image_custom_fields":null,"twitter_title":null,"twitter_description":null,"schema":{"blockGraphs":[],"customGraphs":[],"default":{"data":{"Article":[],"Course":[],"Dataset":[],"FAQPage":[],"Movie":[],"Person":[],"Product":[],"ProductReview":[],"Car":[],"Recipe":[],"Service":[],"SoftwareApplication":[],"WebPage":[]},"graphName":"","isEnabled":true},"graphs":[],"defaultGraph":"","defaultPostTypeGraph":""},"schema_type":null,"schema_type_options":null,"pillar_content":false,"robots_default":true,"robots_noindex":false,"robots_noarchive":false,"robots_nosnippet":false,"robots_nofollow":false,"robots_noimageindex":false,"robots_noodp":false,"robots_notranslate":false,"robots_max_snippet":null,"robots_max_videopreview":null,"robots_max_imagepreview":"large","priority":null,"frequency":null,"local_seo":null,"seo_analyzer_scan_date":"2025-10-08 10:50:02","breadcrumb_settings":null,"limit_modified_date":false,"open_ai":null,"ai":null,"created":"2020-12-21 12:02:37","updated":"2025-10-08 10:50:02","focus_keyword":null,"additional_keywords":null,"truseo_locale":null},"aioseo_breadcrumb":"<div class=\"aioseo-breadcrumbs\"><span class=\"aioseo-breadcrumb\">\n\t<a href=\"https:\/\/www.eldigitaldeasturias.com\/noticias\" title=\"Home\">Home<\/a>\n<\/span><span class=\"aioseo-breadcrumb-separator\">\u2013<\/span><span class=\"aioseo-breadcrumb\">\n\t<a href=\"https:\/\/www.eldigitaldeasturias.com\/noticias\/category\/actualidad\/\" title=\"Actualidad\">Actualidad<\/a>\n<\/span><span class=\"aioseo-breadcrumb-separator\">\u2013<\/span><span class=\"aioseo-breadcrumb\">\n\t<a href=\"https:\/\/www.eldigitaldeasturias.com\/noticias\/metro-de-malaga-supera-los-20-millones-de-usuarios-desde-su-puesta-en-servicio\/\" title=\"Metro de M\u00e1laga supera los 20 millones de usuarios desde su puesta en servicio\">Metro de M\u00e1laga supera los 20 millones de usuarios desde su puesta en servicio<\/a>\n<\/span><\/div>","aioseo_breadcrumb_json":[{"label":"Home","link":"https:\/\/www.eldigitaldeasturias.com\/noticias"},{"label":"Actualidad","link":"https:\/\/www.eldigitaldeasturias.com\/noticias\/category\/actualidad\/"},{"label":"Metro de M\u00e1laga supera los 20 millones de usuarios desde su puesta en servicio","link":"https:\/\/www.eldigitaldeasturias.com\/noticias\/metro-de-malaga-supera-los-20-millones-de-usuarios-desde-su-puesta-en-servicio\/"}],"_links":{"self":[{"href":"https:\/\/www.eldigitaldeasturias.com\/noticias\/wp-json\/wp\/v2\/posts\/978430","targetHints":{"allow":["GET"]}}],"collection":[{"href":"https:\/\/www.eldigitaldeasturias.com\/noticias\/wp-json\/wp\/v2\/posts"}],"about":[{"href":"https:\/\/www.eldigitaldeasturias.com\/noticias\/wp-json\/wp\/v2\/types\/post"}],"author":[{"embeddable":true,"href":"https:\/\/www.eldigitaldeasturias.com\/noticias\/wp-json\/wp\/v2\/users\/1"}],"replies":[{"embeddable":true,"href":"https:\/\/www.eldigitaldeasturias.com\/noticias\/wp-json\/wp\/v2\/comments?post=978430"}],"version-history":[{"count":0,"href":"https:\/\/www.eldigitaldeasturias.com\/noticias\/wp-json\/wp\/v2\/posts\/978430\/revisions"}],"wp:attachment":[{"href":"https:\/\/www.eldigitaldeasturias.com\/noticias\/wp-json\/wp\/v2\/media?parent=978430"}],"wp:term":[{"taxonomy":"category","embeddable":true,"href":"https:\/\/www.eldigitaldeasturias.com\/noticias\/wp-json\/wp\/v2\/categories?post=978430"},{"taxonomy":"post_tag","embeddable":true,"href":"https:\/\/www.eldigitaldeasturias.com\/noticias\/wp-json\/wp\/v2\/tags?post=978430"}],"curies":[{"name":"wp","href":"https:\/\/api.w.org\/{rel}","templated":true}]}}