{"id":978372,"date":"2018-04-30T23:20:27","date_gmt":"2018-04-30T23:20:27","guid":{"rendered":"http:\/\/www.eldigitaldeasturias.com\/noticias\/?p=978372"},"modified":"2018-04-30T23:20:27","modified_gmt":"2018-04-30T23:20:27","slug":"periodistas-y-ninos-entre-las-decenas-de-muertos-en-los-atentados-en-afganistan","status":"publish","type":"post","link":"https:\/\/www.eldigitaldeasturias.com\/noticias\/periodistas-y-ninos-entre-las-decenas-de-muertos-en-los-atentados-en-afganistan\/","title":{"rendered":"Periodistas y ni\u00f1os entre las decenas de muertos en los atentados en Afganist\u00e1n"},"content":{"rendered":"<p><img loading=\"lazy\" decoding=\"async\" class=\"alignleft size-medium wp-image-873757\" src=\"https:\/\/www.eldigitaldeasturias.com\/noticias\/wp-content\/uploads\/2016\/04\/Estado-Isl\u00e1mico-360x198.jpg\" alt=\"\" width=\"360\" height=\"198\" \/>Kabul, 30 abr (dpa) &#8211; Afganist\u00e1n vivi\u00f3 hoy una jornada sangrienta con atentados en el sur y en la capital Kabul, estos \u00faltimos reivindicados por la milicia terrorista Estado Isl\u00e1mico (EI), que dejaron decenas de civiles muertos, entre ellos varios periodistas y ni\u00f1os.<\/p>\n<p>El m\u00e1s grave fue un doble ataque en el barrio diplom\u00e1tico en la capital Kabul, donde perdieron la vida 25 personas y 49 resultaron heridas, seg\u00fan confirm\u00f3 a dpa el portavoz de la polic\u00eda, Hashmat Stanakzay. Seg\u00fan la organizaci\u00f3n Reporteros sin Fronteras, entre los fallecidos hay nueve periodistas, un fot\u00f3grafo de la agencia francesa AFP y otros ocho de medios afganos como la emisora Tolo News o la radio RFE.<\/p>\n<p>El Ministerio afgano de Salud reconoci\u00f3 s\u00f3lo 22 v\u00edctimas mortales, pero los organismos gubernamentales del pa\u00eds son conocidos por intentar minimizar las cifras de los ataques.<\/p>\n<p>Otro gran atentado tuvo lugar en la provincia de Kandahar, donde un suicida se hizo volar por los aires cerca de una mezquita llev\u00e1ndose la vida de 11 ni\u00f1os. Adem\u00e1s, en la provincia de Nangarhar perdi\u00f3 la vida un funcionario de la Polic\u00eda.<\/p>\n<p>Los dos atentados de Kabul, cuya autor\u00eda reivindic\u00f3 el EI, que habl\u00f3 de m\u00e1s de 110 heridos, se produjeron en un breve intervalo durante la hora punta laboral en el barrio de Shashdarak, donde se encuentran, entre otros edificios, el cuartel general del servicio secreto NDS, la embajada de Estados Unidos y el cuartel general de la Organizaci\u00f3n del Tratado del Atl\u00e1ntico Norte (OTAN).<\/p>\n<p>Primero, un terrorista hizo estallar su motocicleta cargada de explosivos en un puesto de control cerca del cuartel general del NDS, dijo a dpa el portavoz policial de Kabul. Las fuerzas de seguridad confirmaron a medios locales que las v\u00edctimas eran civiles.<\/p>\n<p>Poco despu\u00e9s, un terrorista suicida que llevaba una c\u00e1mara, supuestamente para hacerse pasar por un periodista, se vol\u00f3 por los aires entre un grupo de reporteros que estaban cubriendo el primer atentado y donde varias personas llegaban a atender a los heridos, agreg\u00f3 el portavoz Stanakzay. La agencia de noticias francesa AFP confirm\u00f3 la muerte del jefe de su equipo de fot\u00f3grafos, Shah Marai.<\/p>\n<p>La directora de informaci\u00f3n de la agencia, Mich\u00e8le L\u00e9ridon, alab\u00f3 por su valor al fot\u00f3grafo en Twitter. Inform\u00f3 con \u00abtotal profesionalidad\u00bb de sucesos \u00abtraum\u00e1ticos y horribles\u00bb, se\u00f1al\u00f3. Su muerte es un \u00abgolpe terrible\u00bb para toda la agencia de noticias. Otros compa\u00f1eros de diversos medios rindieron tambi\u00e9n tributo al fotoperiodista en las redes sociales.<\/p>\n<p>Existen distintas versiones acerca del n\u00famero exacto de periodistas muertos y heridos. Seg\u00fan el Ministerio de Salud, fueron cinco mientras que el Comit\u00e9 para Seguridad de Periodistas de Afganist\u00e1n (AJSC, por sus siglas en ingl\u00e9s) comunic\u00f3 siete y otras fuentes hablaron incluso de diez. La mayor\u00eda de ellos trabajaban para medios afganos.<\/p>\n<p>Poco despu\u00e9s, la emisora de radio y televisi\u00f3n brit\u00e1nica BBC anunciaba en Twitter la muerte del reportero afgano Ahmad Shah. de 29 a\u00f1os, en un ataque en la provincia oriental de Jost. Las primeras informaciones apuntan a que lo mat\u00f3 a disparos un desconocido.<\/p>\n<p>\u00abEste suceso muestra que Afganist\u00e1n, donde se producen habitualmente actos violentos contra reporteros y asesinatos de reporteros, es el pa\u00eds m\u00e1s peligroso para los periodistas\u00bb, dijo a dpa el portavoz de AJSC, Najib Sharifi, y a\u00f1adi\u00f3 que este tipo de sucesos suponen una gran amenaza para la libertad de expresi\u00f3n y de prensa.<\/p>\n<p>En 2017 fueron asesinados 21 periodistas en Afganist\u00e1n, seg\u00fan activistas de la ONG Nai. Seg\u00fan Reporteros Sin Fronteras (RSF) ese mismo a\u00f1o perdieron la vida nueve periodistas mientras trabajaban. Adem\u00e1s, RSF consider\u00f3 que Siria, M\u00e9xico y Afganist\u00e1n son los tres pa\u00edses m\u00e1s peligrosos para ejercer el periodismo.<\/p>\n<p>El secretario general de la ONU, Ant\u00f3nio Guterres, se mostr\u00f3 hoy \u00abindignado\u00bb por los ataques, en particular porque estuvieron dirigidos a periodistas, algo que en su opini\u00f3n muestra el alto riesgo que enfrentan en su \u00abtrabajo esencial\u00bb. Asimismo, pidi\u00f3 a las autoridades llevar a los reponsables ante la Justicia.<\/p>\n<p>Estados Unidos conden\u00f3 duramente el doble atentado y expres\u00f3 sus condolencias a los familiares, amigos y compa\u00f1eros de las v\u00edctimas. En un comunicado publicado en la web de la embajada, el Gobierno estadounidense valor\u00f3 sobre todo a los \u00abvalientes periodistas\u00bb que perdieron la vida ejerciendo su trabajo. \u00abAll\u00ed donde los medios de comunicaci\u00f3n est\u00e1n en peligro, todos los dem\u00e1s derechos humanos est\u00e1n a\u00fan m\u00e1s amenazados\u00bb, dec\u00eda.<\/p>\n<p>Tambi\u00e9n el ministro de Exteriores franc\u00e9s, Jean-Yves Le Drian, conden\u00f3 el atentado de Kabul en los m\u00e1s duros t\u00e9rminos y manifest\u00f3 sus condolencias a las v\u00edctimas. La embajada en Kabul manifest\u00f3 su defensa a la libertad de opini\u00f3n y prensa como \u00abpilares centrales de una sociedad libre y democr\u00e1tica\u00bb.<\/p>\n<p>El comando de las fuerzas de combate de la OTAN en Afganist\u00e1n, John Nicholson, conden\u00f3 tambi\u00e9n los \u00abcobardes atentados\u00bb, al tiempo que se\u00f1al\u00f3 que los \u00abenemigos de Afganist\u00e1n\u00bb no vencer\u00e1n. \u00abLas acciones de esta magnitud s\u00f3lo refuerzan nuestro compromiso inquebrantable con el pueblo de Afganist\u00e1n\u00bb.<\/p>\n<p>Los ataques de hoy son ya el octavo mayor atentado en Kabul desde comienzos de a\u00f1o. En los primeros cuatro meses de 2018 fallecieron al menos 254 personas y resultaron heridas 368 en la capital afgana.<\/p>\n<p>En el sur, un suicida se llev\u00f3 la vida de 11 ni\u00f1os en un atentado cerca de una mezquita en el distrito de Daman, en la provincia de Kandahar, en el que tambi\u00e9n resultaron heridas 16 personas, entre ellas nueve civiles, dos polic\u00edas y ocho soldados rumanos. Los militares se encuentran estables, inform\u00f3 la misi\u00f3n Resolute Support de la ONU. Seg\u00fan la Polic\u00eda, el terrorista hizo estallar su veh\u00edculo al paso de un convoy de soldados extranjeros.<\/p>\n<p>Los talibanes no se pronunciaron a\u00fan sobre el atentado. Este grupo insurgente anunci\u00f3 la semana pasada una escalada de los ataques en su ofensiva de primavera, un anuncio que fue interpretado como una negativa a aceptar eventuales negociaciones de paz, pese a que no rechazaron oficialmente una propuesta presentada en febrero por el presidente Ashraf Ghani.<\/p>\n<p>En la provincia de Nangarhar tambi\u00e9n muri\u00f3 en un atentado, cuya autor\u00eda tampoco ha sido reivindicada por el momento, el jefe de la Polic\u00eda judicial del distrito de Behsud. Adem\u00e1s resultaron heridos otros tres polic\u00edas, as\u00ed como el vicegobernador del distrito, inform\u00f3 la cadena Tolo News citando a las autoridades.<\/p>\n<p><i class=\"lang-es\"><span class=\" readonly\" title=\"\">Por Mohammad Jawad (dpa)<\/span><\/i><\/p>\n","protected":false},"excerpt":{"rendered":"<p>Kabul, 30 abr (dpa) &#8211; Afganist\u00e1n vivi\u00f3 hoy una jornada sangrienta con atentados en el sur y en la capital Kabul, estos \u00faltimos reivindicados por la milicia terrorista Estado Isl\u00e1mico (EI), que dejaron decenas de civiles muertos, entre ellos varios periodistas y ni\u00f1os. El m\u00e1s grave fue un doble ataque en el barrio diplom\u00e1tico en [&hellip;]<\/p>\n","protected":false},"author":1,"featured_media":873757,"comment_status":"closed","ping_status":"closed","sticky":false,"template":"","format":"standard","meta":{"footnotes":""},"categories":[1],"tags":[],"class_list":["post-978372","post","type-post","status-publish","format-standard","has-post-thumbnail","hentry","category-actualidad"],"aioseo_notices":[],"aioseo_head":"\n\t\t<!-- All in One SEO Pro 5.0.1 - aioseo.com -->\n\t<meta name=\"description\" content=\"Kabul, 30 abr (dpa) - Afganist\u00e1n vivi\u00f3 hoy una jornada sangrienta con atentados en el sur y en la capital Kabul, estos \u00faltimos reivindicados por la milicia terrorista Estado Isl\u00e1mico (EI), que dejaron decenas de civiles muertos, entre ellos varios periodistas y ni\u00f1os. El m\u00e1s grave fue un doble ataque en el barrio diplom\u00e1tico en\" \/>\n\t<meta name=\"robots\" content=\"max-image-preview:large\" \/>\n\t<meta name=\"author\" content=\"El Digital de Asturias\"\/>\n\t<meta name=\"google-site-verification\" content=\"UA-38556648-1\" \/>\n\t<meta name=\"msvalidate.01\" content=\"7dfe9f3f1b24437ab69f4f2559babe99\" \/>\n\t<meta name=\"keywords\" content=\"actualidad\" \/>\n\t<link rel=\"canonical\" href=\"https:\/\/www.eldigitaldeasturias.com\/noticias\/periodistas-y-ninos-entre-las-decenas-de-muertos-en-los-atentados-en-afganistan\/\" \/>\n\t<meta name=\"generator\" content=\"All in One SEO Pro (AIOSEO) 5.0.1\" \/>\n\t\t<meta property=\"og:locale\" content=\"es_ES\" \/>\n\t\t<meta property=\"og:site_name\" content=\"El Digital de Asturias\" \/>\n\t\t<meta property=\"og:type\" content=\"article\" \/>\n\t\t<meta property=\"og:title\" content=\"Periodistas y ni\u00f1os entre las decenas de muertos en los atentados en Afganist\u00e1n - El Digital de Asturias\" \/>\n\t\t<meta property=\"og:description\" content=\"Kabul, 30 abr (dpa) - Afganist\u00e1n vivi\u00f3 hoy una jornada sangrienta con atentados en el sur y en la capital Kabul, estos \u00faltimos reivindicados por la milicia terrorista Estado Isl\u00e1mico (EI), que dejaron decenas de civiles muertos, entre ellos varios periodistas y ni\u00f1os. El m\u00e1s grave fue un doble ataque en el barrio diplom\u00e1tico en\" \/>\n\t\t<meta property=\"og:url\" content=\"https:\/\/www.eldigitaldeasturias.com\/noticias\/periodistas-y-ninos-entre-las-decenas-de-muertos-en-los-atentados-en-afganistan\/\" \/>\n\t\t<meta property=\"article:tag\" content=\"actualidad\" \/>\n\t\t<meta property=\"article:published_time\" content=\"2018-04-30T23:20:27+00:00\" \/>\n\t\t<meta property=\"article:modified_time\" content=\"2018-04-30T23:20:27+00:00\" \/>\n\t\t<meta property=\"article:publisher\" content=\"https:\/\/facebook.com\/eldigitaldeasturias\" \/>\n\t\t<meta name=\"twitter:card\" content=\"summary_large_image\" \/>\n\t\t<meta name=\"twitter:title\" content=\"Periodistas y ni\u00f1os entre las decenas de muertos en los atentados en Afganist\u00e1n - El Digital de Asturias\" \/>\n\t\t<meta name=\"twitter:description\" content=\"Kabul, 30 abr (dpa) - Afganist\u00e1n vivi\u00f3 hoy una jornada sangrienta con atentados en el sur y en la capital Kabul, estos \u00faltimos reivindicados por la milicia terrorista Estado Isl\u00e1mico (EI), que dejaron decenas de civiles muertos, entre ellos varios periodistas y ni\u00f1os. El m\u00e1s grave fue un doble ataque en el barrio diplom\u00e1tico en\" \/>\n\t\t<meta name=\"twitter:image\" content=\"https:\/\/www.eldigitaldeasturias.com\/noticias\/wp-content\/uploads\/2020\/12\/EDA-1.jpg\" \/>\n\t\t<meta name=\"twitter:label1\" content=\"Escrito por\" \/>\n\t\t<meta name=\"twitter:data1\" content=\"El Digital de Asturias\" \/>\n\t\t<meta name=\"twitter:label2\" content=\"Tiempo de lectura estimado\" \/>\n\t\t<meta name=\"twitter:data2\" content=\"6 minutos\" \/>\n\t\t<script type=\"application\/ld+json\" class=\"aioseo-schema\">\n\t\t\t{\"@context\":\"https:\\\/\\\/schema.org\",\"@graph\":[{\"@type\":\"BlogPosting\",\"@id\":\"https:\\\/\\\/www.eldigitaldeasturias.com\\\/noticias\\\/periodistas-y-ninos-entre-las-decenas-de-muertos-en-los-atentados-en-afganistan\\\/#blogposting\",\"name\":\"Periodistas y ni\\u00f1os entre las decenas de muertos en los atentados en Afganist\\u00e1n - El Digital de Asturias\",\"headline\":\"Periodistas y ni\\u00f1os entre las decenas de muertos en los atentados en Afganist\\u00e1n\",\"author\":{\"@id\":\"https:\\\/\\\/www.eldigitaldeasturias.com\\\/noticias\\\/author\\\/admin\\\/#author\"},\"publisher\":{\"@id\":\"https:\\\/\\\/www.eldigitaldeasturias.com\\\/noticias\\\/#organization\"},\"image\":{\"@type\":\"ImageObject\",\"url\":873757},\"datePublished\":\"2018-04-30T23:20:27+02:00\",\"dateModified\":\"2018-04-30T23:20:27+02:00\",\"inLanguage\":\"es-ES\",\"mainEntityOfPage\":{\"@id\":\"https:\\\/\\\/www.eldigitaldeasturias.com\\\/noticias\\\/periodistas-y-ninos-entre-las-decenas-de-muertos-en-los-atentados-en-afganistan\\\/#webpage\"},\"isPartOf\":{\"@id\":\"https:\\\/\\\/www.eldigitaldeasturias.com\\\/noticias\\\/periodistas-y-ninos-entre-las-decenas-de-muertos-en-los-atentados-en-afganistan\\\/#webpage\"},\"articleSection\":\"Actualidad\"},{\"@type\":\"BreadcrumbList\",\"@id\":\"https:\\\/\\\/www.eldigitaldeasturias.com\\\/noticias\\\/periodistas-y-ninos-entre-las-decenas-de-muertos-en-los-atentados-en-afganistan\\\/#breadcrumblist\",\"itemListElement\":[{\"@type\":\"ListItem\",\"@id\":\"https:\\\/\\\/www.eldigitaldeasturias.com\\\/noticias#listItem\",\"position\":1,\"name\":\"Home\",\"item\":\"https:\\\/\\\/www.eldigitaldeasturias.com\\\/noticias\",\"nextItem\":{\"@type\":\"ListItem\",\"@id\":\"https:\\\/\\\/www.eldigitaldeasturias.com\\\/noticias\\\/category\\\/actualidad\\\/#listItem\",\"name\":\"Actualidad\"}},{\"@type\":\"ListItem\",\"@id\":\"https:\\\/\\\/www.eldigitaldeasturias.com\\\/noticias\\\/category\\\/actualidad\\\/#listItem\",\"position\":2,\"name\":\"Actualidad\",\"item\":\"https:\\\/\\\/www.eldigitaldeasturias.com\\\/noticias\\\/category\\\/actualidad\\\/\",\"nextItem\":{\"@type\":\"ListItem\",\"@id\":\"https:\\\/\\\/www.eldigitaldeasturias.com\\\/noticias\\\/periodistas-y-ninos-entre-las-decenas-de-muertos-en-los-atentados-en-afganistan\\\/#listItem\",\"name\":\"Periodistas y ni\\u00f1os entre las decenas de muertos en los atentados en Afganist\\u00e1n\"},\"previousItem\":{\"@type\":\"ListItem\",\"@id\":\"https:\\\/\\\/www.eldigitaldeasturias.com\\\/noticias#listItem\",\"name\":\"Home\"}},{\"@type\":\"ListItem\",\"@id\":\"https:\\\/\\\/www.eldigitaldeasturias.com\\\/noticias\\\/periodistas-y-ninos-entre-las-decenas-de-muertos-en-los-atentados-en-afganistan\\\/#listItem\",\"position\":3,\"name\":\"Periodistas y ni\\u00f1os entre las decenas de muertos en los atentados en Afganist\\u00e1n\",\"previousItem\":{\"@type\":\"ListItem\",\"@id\":\"https:\\\/\\\/www.eldigitaldeasturias.com\\\/noticias\\\/category\\\/actualidad\\\/#listItem\",\"name\":\"Actualidad\"}}]},{\"@type\":\"Organization\",\"@id\":\"https:\\\/\\\/www.eldigitaldeasturias.com\\\/noticias\\\/#organization\",\"name\":\"El Digital de Asturias\",\"description\":\"Hemeroteca\",\"url\":\"https:\\\/\\\/www.eldigitaldeasturias.com\\\/noticias\\\/\",\"email\":\"info@eldigitaldeasturias.com\",\"telephone\":\"+34652131393\",\"logo\":{\"@type\":\"ImageObject\",\"url\":\"https:\\\/\\\/www.eldigitaldeasturias.com\\\/noticias\\\/wp-content\\\/uploads\\\/2020\\\/12\\\/EDA.jpg\",\"@id\":\"https:\\\/\\\/www.eldigitaldeasturias.com\\\/noticias\\\/periodistas-y-ninos-entre-las-decenas-de-muertos-en-los-atentados-en-afganistan\\\/#organizationLogo\"},\"image\":{\"@id\":\"https:\\\/\\\/www.eldigitaldeasturias.com\\\/noticias\\\/periodistas-y-ninos-entre-las-decenas-de-muertos-en-los-atentados-en-afganistan\\\/#organizationLogo\"},\"sameAs\":[\"https:\\\/\\\/facebook.com\\\/eldigitaldeasturias\",\"https:\\\/\\\/www.youtube.com\\\/channel\\\/UCZP-2wLEB9Rv6erhFmqVnvg\"],\"address\":{\"@id\":\"https:\\\/\\\/www.eldigitaldeasturias.com\\\/noticias\\\/#postaladdress\",\"@type\":\"PostalAddress\",\"streetAddress\":\"san antonio 4\",\"postalCode\":\"33430\",\"addressLocality\":\"Cand\\u00e1s\",\"addressRegion\":\"Asturias\",\"addressCountry\":\"ES\"}},{\"@type\":\"Person\",\"@id\":\"https:\\\/\\\/www.eldigitaldeasturias.com\\\/noticias\\\/author\\\/admin\\\/#author\",\"url\":\"https:\\\/\\\/www.eldigitaldeasturias.com\\\/noticias\\\/author\\\/admin\\\/\",\"name\":\"El Digital de Asturias\",\"image\":{\"@type\":\"ImageObject\",\"@id\":\"https:\\\/\\\/www.eldigitaldeasturias.com\\\/noticias\\\/periodistas-y-ninos-entre-las-decenas-de-muertos-en-los-atentados-en-afganistan\\\/#authorImage\",\"url\":\"https:\\\/\\\/secure.gravatar.com\\\/avatar\\\/df2aeffc32bcd13f8d26072ef8a91b623d677766deac7f97ca815868cd41bf5e?s=96&d=mm&r=g\",\"width\":96,\"height\":96,\"caption\":\"El Digital de Asturias\"}},{\"@type\":\"WebPage\",\"@id\":\"https:\\\/\\\/www.eldigitaldeasturias.com\\\/noticias\\\/periodistas-y-ninos-entre-las-decenas-de-muertos-en-los-atentados-en-afganistan\\\/#webpage\",\"url\":\"https:\\\/\\\/www.eldigitaldeasturias.com\\\/noticias\\\/periodistas-y-ninos-entre-las-decenas-de-muertos-en-los-atentados-en-afganistan\\\/\",\"name\":\"Periodistas y ni\\u00f1os entre las decenas de muertos en los atentados en Afganist\\u00e1n - El Digital de Asturias\",\"description\":\"Kabul, 30 abr (dpa) - Afganist\\u00e1n vivi\\u00f3 hoy una jornada sangrienta con atentados en el sur y en la capital Kabul, estos \\u00faltimos reivindicados por la milicia terrorista Estado Isl\\u00e1mico (EI), que dejaron decenas de civiles muertos, entre ellos varios periodistas y ni\\u00f1os. El m\\u00e1s grave fue un doble ataque en el barrio diplom\\u00e1tico en\",\"inLanguage\":\"es-ES\",\"isPartOf\":{\"@id\":\"https:\\\/\\\/www.eldigitaldeasturias.com\\\/noticias\\\/#website\"},\"breadcrumb\":{\"@id\":\"https:\\\/\\\/www.eldigitaldeasturias.com\\\/noticias\\\/periodistas-y-ninos-entre-las-decenas-de-muertos-en-los-atentados-en-afganistan\\\/#breadcrumblist\"},\"author\":{\"@id\":\"https:\\\/\\\/www.eldigitaldeasturias.com\\\/noticias\\\/author\\\/admin\\\/#author\"},\"creator\":{\"@id\":\"https:\\\/\\\/www.eldigitaldeasturias.com\\\/noticias\\\/author\\\/admin\\\/#author\"},\"image\":{\"@type\":\"ImageObject\",\"url\":873757,\"@id\":\"https:\\\/\\\/www.eldigitaldeasturias.com\\\/noticias\\\/periodistas-y-ninos-entre-las-decenas-de-muertos-en-los-atentados-en-afganistan\\\/#mainImage\"},\"primaryImageOfPage\":{\"@id\":\"https:\\\/\\\/www.eldigitaldeasturias.com\\\/noticias\\\/periodistas-y-ninos-entre-las-decenas-de-muertos-en-los-atentados-en-afganistan\\\/#mainImage\"},\"datePublished\":\"2018-04-30T23:20:27+02:00\",\"dateModified\":\"2018-04-30T23:20:27+02:00\"},{\"@type\":\"WebSite\",\"@id\":\"https:\\\/\\\/www.eldigitaldeasturias.com\\\/noticias\\\/#website\",\"url\":\"https:\\\/\\\/www.eldigitaldeasturias.com\\\/noticias\\\/\",\"name\":\"El Digital de Asturias - Diario de actualidad y noticias\",\"alternateName\":\"El Digital de Asturias - Diario de actualidad y noticias\",\"description\":\"Hemeroteca\",\"inLanguage\":\"es-ES\",\"publisher\":{\"@id\":\"https:\\\/\\\/www.eldigitaldeasturias.com\\\/noticias\\\/#organization\"}}]}\n\t\t<\/script>\n\t\t<!-- All in One SEO Pro -->\r\n\t\t<title>Periodistas y ni\u00f1os entre las decenas de muertos en los atentados en Afganist\u00e1n - El Digital de Asturias<\/title>\n\n","aioseo_head_json":{"title":"Periodistas y ni\u00f1os entre las decenas de muertos en los atentados en Afganist\u00e1n - El Digital de Asturias","description":"Kabul, 30 abr (dpa) - Afganist\u00e1n vivi\u00f3 hoy una jornada sangrienta con atentados en el sur y en la capital Kabul, estos \u00faltimos reivindicados por la milicia terrorista Estado Isl\u00e1mico (EI), que dejaron decenas de civiles muertos, entre ellos varios periodistas y ni\u00f1os. El m\u00e1s grave fue un doble ataque en el barrio diplom\u00e1tico en","canonical_url":"https:\/\/www.eldigitaldeasturias.com\/noticias\/periodistas-y-ninos-entre-las-decenas-de-muertos-en-los-atentados-en-afganistan\/","robots":"max-image-preview:large","keywords":"actualidad","webmasterTools":{"google-site-verification":"UA-38556648-1","msvalidate.01":"7dfe9f3f1b24437ab69f4f2559babe99","miscellaneous":""},"schema":{"@context":"https:\/\/schema.org","@graph":[{"@type":"BlogPosting","@id":"https:\/\/www.eldigitaldeasturias.com\/noticias\/periodistas-y-ninos-entre-las-decenas-de-muertos-en-los-atentados-en-afganistan\/#blogposting","name":"Periodistas y ni\u00f1os entre las decenas de muertos en los atentados en Afganist\u00e1n - El Digital de Asturias","headline":"Periodistas y ni\u00f1os entre las decenas de muertos en los atentados en Afganist\u00e1n","author":{"@id":"https:\/\/www.eldigitaldeasturias.com\/noticias\/author\/admin\/#author"},"publisher":{"@id":"https:\/\/www.eldigitaldeasturias.com\/noticias\/#organization"},"image":{"@type":"ImageObject","url":873757},"datePublished":"2018-04-30T23:20:27+02:00","dateModified":"2018-04-30T23:20:27+02:00","inLanguage":"es-ES","mainEntityOfPage":{"@id":"https:\/\/www.eldigitaldeasturias.com\/noticias\/periodistas-y-ninos-entre-las-decenas-de-muertos-en-los-atentados-en-afganistan\/#webpage"},"isPartOf":{"@id":"https:\/\/www.eldigitaldeasturias.com\/noticias\/periodistas-y-ninos-entre-las-decenas-de-muertos-en-los-atentados-en-afganistan\/#webpage"},"articleSection":"Actualidad"},{"@type":"BreadcrumbList","@id":"https:\/\/www.eldigitaldeasturias.com\/noticias\/periodistas-y-ninos-entre-las-decenas-de-muertos-en-los-atentados-en-afganistan\/#breadcrumblist","itemListElement":[{"@type":"ListItem","@id":"https:\/\/www.eldigitaldeasturias.com\/noticias#listItem","position":1,"name":"Home","item":"https:\/\/www.eldigitaldeasturias.com\/noticias","nextItem":{"@type":"ListItem","@id":"https:\/\/www.eldigitaldeasturias.com\/noticias\/category\/actualidad\/#listItem","name":"Actualidad"}},{"@type":"ListItem","@id":"https:\/\/www.eldigitaldeasturias.com\/noticias\/category\/actualidad\/#listItem","position":2,"name":"Actualidad","item":"https:\/\/www.eldigitaldeasturias.com\/noticias\/category\/actualidad\/","nextItem":{"@type":"ListItem","@id":"https:\/\/www.eldigitaldeasturias.com\/noticias\/periodistas-y-ninos-entre-las-decenas-de-muertos-en-los-atentados-en-afganistan\/#listItem","name":"Periodistas y ni\u00f1os entre las decenas de muertos en los atentados en Afganist\u00e1n"},"previousItem":{"@type":"ListItem","@id":"https:\/\/www.eldigitaldeasturias.com\/noticias#listItem","name":"Home"}},{"@type":"ListItem","@id":"https:\/\/www.eldigitaldeasturias.com\/noticias\/periodistas-y-ninos-entre-las-decenas-de-muertos-en-los-atentados-en-afganistan\/#listItem","position":3,"name":"Periodistas y ni\u00f1os entre las decenas de muertos en los atentados en Afganist\u00e1n","previousItem":{"@type":"ListItem","@id":"https:\/\/www.eldigitaldeasturias.com\/noticias\/category\/actualidad\/#listItem","name":"Actualidad"}}]},{"@type":"Organization","@id":"https:\/\/www.eldigitaldeasturias.com\/noticias\/#organization","name":"El Digital de Asturias","description":"Hemeroteca","url":"https:\/\/www.eldigitaldeasturias.com\/noticias\/","email":"info@eldigitaldeasturias.com","telephone":"+34652131393","logo":{"@type":"ImageObject","url":"https:\/\/www.eldigitaldeasturias.com\/noticias\/wp-content\/uploads\/2020\/12\/EDA.jpg","@id":"https:\/\/www.eldigitaldeasturias.com\/noticias\/periodistas-y-ninos-entre-las-decenas-de-muertos-en-los-atentados-en-afganistan\/#organizationLogo"},"image":{"@id":"https:\/\/www.eldigitaldeasturias.com\/noticias\/periodistas-y-ninos-entre-las-decenas-de-muertos-en-los-atentados-en-afganistan\/#organizationLogo"},"sameAs":["https:\/\/facebook.com\/eldigitaldeasturias","https:\/\/www.youtube.com\/channel\/UCZP-2wLEB9Rv6erhFmqVnvg"],"address":{"@id":"https:\/\/www.eldigitaldeasturias.com\/noticias\/#postaladdress","@type":"PostalAddress","streetAddress":"san antonio 4","postalCode":"33430","addressLocality":"Cand\u00e1s","addressRegion":"Asturias","addressCountry":"ES"}},{"@type":"Person","@id":"https:\/\/www.eldigitaldeasturias.com\/noticias\/author\/admin\/#author","url":"https:\/\/www.eldigitaldeasturias.com\/noticias\/author\/admin\/","name":"El Digital de Asturias","image":{"@type":"ImageObject","@id":"https:\/\/www.eldigitaldeasturias.com\/noticias\/periodistas-y-ninos-entre-las-decenas-de-muertos-en-los-atentados-en-afganistan\/#authorImage","url":"https:\/\/secure.gravatar.com\/avatar\/df2aeffc32bcd13f8d26072ef8a91b623d677766deac7f97ca815868cd41bf5e?s=96&d=mm&r=g","width":96,"height":96,"caption":"El Digital de Asturias"}},{"@type":"WebPage","@id":"https:\/\/www.eldigitaldeasturias.com\/noticias\/periodistas-y-ninos-entre-las-decenas-de-muertos-en-los-atentados-en-afganistan\/#webpage","url":"https:\/\/www.eldigitaldeasturias.com\/noticias\/periodistas-y-ninos-entre-las-decenas-de-muertos-en-los-atentados-en-afganistan\/","name":"Periodistas y ni\u00f1os entre las decenas de muertos en los atentados en Afganist\u00e1n - El Digital de Asturias","description":"Kabul, 30 abr (dpa) - Afganist\u00e1n vivi\u00f3 hoy una jornada sangrienta con atentados en el sur y en la capital Kabul, estos \u00faltimos reivindicados por la milicia terrorista Estado Isl\u00e1mico (EI), que dejaron decenas de civiles muertos, entre ellos varios periodistas y ni\u00f1os. El m\u00e1s grave fue un doble ataque en el barrio diplom\u00e1tico en","inLanguage":"es-ES","isPartOf":{"@id":"https:\/\/www.eldigitaldeasturias.com\/noticias\/#website"},"breadcrumb":{"@id":"https:\/\/www.eldigitaldeasturias.com\/noticias\/periodistas-y-ninos-entre-las-decenas-de-muertos-en-los-atentados-en-afganistan\/#breadcrumblist"},"author":{"@id":"https:\/\/www.eldigitaldeasturias.com\/noticias\/author\/admin\/#author"},"creator":{"@id":"https:\/\/www.eldigitaldeasturias.com\/noticias\/author\/admin\/#author"},"image":{"@type":"ImageObject","url":873757,"@id":"https:\/\/www.eldigitaldeasturias.com\/noticias\/periodistas-y-ninos-entre-las-decenas-de-muertos-en-los-atentados-en-afganistan\/#mainImage"},"primaryImageOfPage":{"@id":"https:\/\/www.eldigitaldeasturias.com\/noticias\/periodistas-y-ninos-entre-las-decenas-de-muertos-en-los-atentados-en-afganistan\/#mainImage"},"datePublished":"2018-04-30T23:20:27+02:00","dateModified":"2018-04-30T23:20:27+02:00"},{"@type":"WebSite","@id":"https:\/\/www.eldigitaldeasturias.com\/noticias\/#website","url":"https:\/\/www.eldigitaldeasturias.com\/noticias\/","name":"El Digital de Asturias - Diario de actualidad y noticias","alternateName":"El Digital de Asturias - Diario de actualidad y noticias","description":"Hemeroteca","inLanguage":"es-ES","publisher":{"@id":"https:\/\/www.eldigitaldeasturias.com\/noticias\/#organization"}}]},"og:locale":"es_ES","og:site_name":"El Digital de Asturias","og:type":"article","og:title":"Periodistas y ni\u00f1os entre las decenas de muertos en los atentados en Afganist\u00e1n - El Digital de Asturias","og:description":"Kabul, 30 abr (dpa) - Afganist\u00e1n vivi\u00f3 hoy una jornada sangrienta con atentados en el sur y en la capital Kabul, estos \u00faltimos reivindicados por la milicia terrorista Estado Isl\u00e1mico (EI), que dejaron decenas de civiles muertos, entre ellos varios periodistas y ni\u00f1os. El m\u00e1s grave fue un doble ataque en el barrio diplom\u00e1tico en","og:url":"https:\/\/www.eldigitaldeasturias.com\/noticias\/periodistas-y-ninos-entre-las-decenas-de-muertos-en-los-atentados-en-afganistan\/","article:tag":["actualidad"],"article:published_time":"2018-04-30T23:20:27+00:00","article:modified_time":"2018-04-30T23:20:27+00:00","article:publisher":"https:\/\/facebook.com\/eldigitaldeasturias","twitter:card":"summary_large_image","twitter:title":"Periodistas y ni\u00f1os entre las decenas de muertos en los atentados en Afganist\u00e1n - El Digital de Asturias","twitter:description":"Kabul, 30 abr (dpa) - Afganist\u00e1n vivi\u00f3 hoy una jornada sangrienta con atentados en el sur y en la capital Kabul, estos \u00faltimos reivindicados por la milicia terrorista Estado Isl\u00e1mico (EI), que dejaron decenas de civiles muertos, entre ellos varios periodistas y ni\u00f1os. El m\u00e1s grave fue un doble ataque en el barrio diplom\u00e1tico en","twitter:image":"https:\/\/www.eldigitaldeasturias.com\/noticias\/wp-content\/uploads\/2020\/12\/EDA-1.jpg","twitter:label1":"Escrito por","twitter:data1":"El Digital de Asturias","twitter:label2":"Tiempo de lectura estimado","twitter:data2":"6 minutos"},"aioseo_meta_data":{"post_id":"978372","title":null,"description":null,"keywords":null,"keyphrases":null,"primary_term":null,"canonical_url":null,"og_title":null,"og_description":null,"og_object_type":"default","og_image_type":"default","og_image_url":null,"og_image_width":null,"og_image_height":null,"og_image_custom_url":null,"og_image_custom_fields":null,"og_video":null,"og_custom_url":null,"og_article_section":null,"og_article_tags":null,"twitter_use_og":false,"twitter_card":"default","twitter_image_type":"default","twitter_image_url":null,"twitter_image_custom_url":null,"twitter_image_custom_fields":null,"twitter_title":null,"twitter_description":null,"schema":{"blockGraphs":[],"customGraphs":[],"default":{"data":{"Article":[],"Course":[],"Dataset":[],"FAQPage":[],"Movie":[],"Person":[],"Product":[],"ProductReview":[],"Car":[],"Recipe":[],"Service":[],"SoftwareApplication":[],"WebPage":[]},"graphName":"","isEnabled":true},"graphs":[],"defaultGraph":"","defaultPostTypeGraph":""},"schema_type":null,"schema_type_options":null,"pillar_content":false,"robots_default":true,"robots_noindex":false,"robots_noarchive":false,"robots_nosnippet":false,"robots_nofollow":false,"robots_noimageindex":false,"robots_noodp":false,"robots_notranslate":false,"robots_max_snippet":null,"robots_max_videopreview":null,"robots_max_imagepreview":"large","priority":null,"frequency":null,"local_seo":null,"seo_analyzer_scan_date":"2025-10-08 10:38:04","breadcrumb_settings":null,"limit_modified_date":false,"open_ai":null,"ai":null,"created":"2020-12-21 12:02:38","updated":"2025-10-08 10:38:04","focus_keyword":null,"additional_keywords":null,"truseo_locale":null},"aioseo_breadcrumb":"<div class=\"aioseo-breadcrumbs\"><span class=\"aioseo-breadcrumb\">\n\t<a href=\"https:\/\/www.eldigitaldeasturias.com\/noticias\" title=\"Home\">Home<\/a>\n<\/span><span class=\"aioseo-breadcrumb-separator\">\u2013<\/span><span class=\"aioseo-breadcrumb\">\n\t<a href=\"https:\/\/www.eldigitaldeasturias.com\/noticias\/category\/actualidad\/\" title=\"Actualidad\">Actualidad<\/a>\n<\/span><span class=\"aioseo-breadcrumb-separator\">\u2013<\/span><span class=\"aioseo-breadcrumb\">\n\t<a href=\"https:\/\/www.eldigitaldeasturias.com\/noticias\/periodistas-y-ninos-entre-las-decenas-de-muertos-en-los-atentados-en-afganistan\/\" title=\"Periodistas y ni\u00f1os entre las decenas de muertos en los atentados en Afganist\u00e1n\">Periodistas y ni\u00f1os entre las decenas de muertos en los atentados en Afganist\u00e1n<\/a>\n<\/span><\/div>","aioseo_breadcrumb_json":[{"label":"Home","link":"https:\/\/www.eldigitaldeasturias.com\/noticias"},{"label":"Actualidad","link":"https:\/\/www.eldigitaldeasturias.com\/noticias\/category\/actualidad\/"},{"label":"Periodistas y ni\u00f1os entre las decenas de muertos en los atentados en Afganist\u00e1n","link":"https:\/\/www.eldigitaldeasturias.com\/noticias\/periodistas-y-ninos-entre-las-decenas-de-muertos-en-los-atentados-en-afganistan\/"}],"_links":{"self":[{"href":"https:\/\/www.eldigitaldeasturias.com\/noticias\/wp-json\/wp\/v2\/posts\/978372","targetHints":{"allow":["GET"]}}],"collection":[{"href":"https:\/\/www.eldigitaldeasturias.com\/noticias\/wp-json\/wp\/v2\/posts"}],"about":[{"href":"https:\/\/www.eldigitaldeasturias.com\/noticias\/wp-json\/wp\/v2\/types\/post"}],"author":[{"embeddable":true,"href":"https:\/\/www.eldigitaldeasturias.com\/noticias\/wp-json\/wp\/v2\/users\/1"}],"replies":[{"embeddable":true,"href":"https:\/\/www.eldigitaldeasturias.com\/noticias\/wp-json\/wp\/v2\/comments?post=978372"}],"version-history":[{"count":0,"href":"https:\/\/www.eldigitaldeasturias.com\/noticias\/wp-json\/wp\/v2\/posts\/978372\/revisions"}],"wp:attachment":[{"href":"https:\/\/www.eldigitaldeasturias.com\/noticias\/wp-json\/wp\/v2\/media?parent=978372"}],"wp:term":[{"taxonomy":"category","embeddable":true,"href":"https:\/\/www.eldigitaldeasturias.com\/noticias\/wp-json\/wp\/v2\/categories?post=978372"},{"taxonomy":"post_tag","embeddable":true,"href":"https:\/\/www.eldigitaldeasturias.com\/noticias\/wp-json\/wp\/v2\/tags?post=978372"}],"curies":[{"name":"wp","href":"https:\/\/api.w.org\/{rel}","templated":true}]}}