{"id":978370,"date":"2018-04-30T23:18:30","date_gmt":"2018-04-30T23:18:30","guid":{"rendered":"http:\/\/www.eldigitaldeasturias.com\/noticias\/?p=978370"},"modified":"2018-04-30T23:18:30","modified_gmt":"2018-04-30T23:18:30","slug":"maduro-decreta-el-aumento-del-salario-minimo","status":"publish","type":"post","link":"https:\/\/www.eldigitaldeasturias.com\/noticias\/maduro-decreta-el-aumento-del-salario-minimo\/","title":{"rendered":"Maduro decreta el aumento del salario m\u00ednimo"},"content":{"rendered":"<p><img loading=\"lazy\" decoding=\"async\" class=\"alignleft size-medium wp-image-485917\" src=\"https:\/\/www.eldigitaldeasturias.com\/noticias\/wp-content\/uploads\/2014\/02\/5919099w-360x240.jpg\" alt=\"\" width=\"360\" height=\"240\" \/>Caracas, 30 abr (dpa) \u2013 El presidente de Venezuela, Nicol\u00e1s Maduro, decret\u00f3 hoy un aumento del salario m\u00ednimo a partir del 1 de mayo destinado a compensar el impacto de la inflaci\u00f3n, en medio de la campa\u00f1a para su reelecci\u00f3n camino a los comicios presidenciales del 20 de mayo.<\/p>\n<p>Con el aumento, el ingreso m\u00ednimo nacional, conformado por el salario m\u00ednimo m\u00e1s un bono de alimentaci\u00f3n, ser\u00e1 de 2.555.500 bol\u00edvares, equivalentes a 37 d\u00f3lares al cambio oficial y 3,1 d\u00f3lares al cambio del mercado negro.<\/p>\n<p>As\u00ed, el salario m\u00ednimo pasar\u00e1 de 392.464 a un mill\u00f3n bol\u00edvares, mientras que el bono de alimentaci\u00f3n obligatorio que lo acompa\u00f1a aumentar\u00e1 de 915.000 a 1.555.550 bol\u00edvares.<\/p>\n<p>Tambi\u00e9n decret\u00f3 el aumento de las pensiones pagadas por el Instituto Venezolano de Seguros Sociales (IVSS) de 392.464 a un mill\u00f3n de bol\u00edvares.<\/p>\n<p>\u00abEsta es una guerra econ\u00f3mica que la vamos a derrotar. Si me dan el poder suficiente (reelecci\u00f3n en comicios del 20 de mayo), voy a componer esto y hacerles pagar caro a los ladrones que est\u00e1n haciendo esto\u00bb, dijo Maduro en un acto p\u00fablico, en alusi\u00f3n al proceso inflacionario que azota al pa\u00eds.<\/p>\n<p>\u00abEstamos sometidos al ataque de precios m\u00e1s brutal que hayamos enfrentado en 100 a\u00f1os. Es un complot articulado desde Miami, desde Colombia y de la oligarqu\u00eda que construyeron un sistema para robar al pueblo, fijando un precio criminal falso, especulativo a m\u00e1s no poder y por el precio del d\u00f3lar permean a los precios de todos los productos, desde un cord\u00f3n de zapato hasta un auto \u00faltimo modelo\u00bb, asever\u00f3.<\/p>\n<p>\u00abVenezuela tiene garantizada la prosperidad y yo se las voy a dar. Se los juro\u00bb, agreg\u00f3 Maduro.<\/p>\n<p>Por su parte, el candidato opositor Henri Falc\u00f3n dijo que el aumento salarial decretado por Maduro se traducir\u00e1 en m\u00e1s inflaci\u00f3n. \u00abEso lo veremos en los pr\u00f3ximos 15 d\u00edas en los precios de los alimentos de la canasta b\u00e1sica\u00bb, expres\u00f3.<\/p>\n<p>La principal propuesta de Falc\u00f3n es dolarizar la econom\u00eda como mecanismo para frenar la escalada hiperinflacionaria, que este a\u00f1o podr\u00eda llegar a 14.000 por ciento, seg\u00fan el Fondo Monetario Internacional (FMI).<\/p>\n","protected":false},"excerpt":{"rendered":"<p>Caracas, 30 abr (dpa) \u2013 El presidente de Venezuela, Nicol\u00e1s Maduro, decret\u00f3 hoy un aumento del salario m\u00ednimo a partir del 1 de mayo destinado a compensar el impacto de la inflaci\u00f3n, en medio de la campa\u00f1a para su reelecci\u00f3n camino a los comicios presidenciales del 20 de mayo. Con el aumento, el ingreso m\u00ednimo [&hellip;]<\/p>\n","protected":false},"author":1,"featured_media":485917,"comment_status":"closed","ping_status":"closed","sticky":false,"template":"","format":"standard","meta":{"footnotes":""},"categories":[1],"tags":[],"class_list":["post-978370","post","type-post","status-publish","format-standard","has-post-thumbnail","hentry","category-actualidad"],"aioseo_notices":[],"aioseo_head":"\n\t\t<!-- All in One SEO Pro 5.0.1 - aioseo.com -->\n\t<meta name=\"description\" content=\"Caracas, 30 abr (dpa) \u2013 El presidente de Venezuela, Nicol\u00e1s Maduro, decret\u00f3 hoy un aumento del salario m\u00ednimo a partir del 1 de mayo destinado a compensar el impacto de la inflaci\u00f3n, en medio de la campa\u00f1a para su reelecci\u00f3n camino a los comicios presidenciales del 20 de mayo. Con el aumento, el ingreso m\u00ednimo\" \/>\n\t<meta name=\"robots\" content=\"max-image-preview:large\" \/>\n\t<meta name=\"author\" content=\"El Digital de Asturias\"\/>\n\t<meta name=\"google-site-verification\" content=\"UA-38556648-1\" \/>\n\t<meta name=\"msvalidate.01\" content=\"7dfe9f3f1b24437ab69f4f2559babe99\" \/>\n\t<meta name=\"keywords\" content=\"actualidad\" \/>\n\t<link rel=\"canonical\" href=\"https:\/\/www.eldigitaldeasturias.com\/noticias\/maduro-decreta-el-aumento-del-salario-minimo\/\" \/>\n\t<meta name=\"generator\" content=\"All in One SEO Pro (AIOSEO) 5.0.1\" \/>\n\t\t<meta property=\"og:locale\" content=\"es_ES\" \/>\n\t\t<meta property=\"og:site_name\" content=\"El Digital de Asturias\" \/>\n\t\t<meta property=\"og:type\" content=\"article\" \/>\n\t\t<meta property=\"og:title\" content=\"Maduro decreta el aumento del salario m\u00ednimo - El Digital de Asturias\" \/>\n\t\t<meta property=\"og:description\" content=\"Caracas, 30 abr (dpa) \u2013 El presidente de Venezuela, Nicol\u00e1s Maduro, decret\u00f3 hoy un aumento del salario m\u00ednimo a partir del 1 de mayo destinado a compensar el impacto de la inflaci\u00f3n, en medio de la campa\u00f1a para su reelecci\u00f3n camino a los comicios presidenciales del 20 de mayo. Con el aumento, el ingreso m\u00ednimo\" \/>\n\t\t<meta property=\"og:url\" content=\"https:\/\/www.eldigitaldeasturias.com\/noticias\/maduro-decreta-el-aumento-del-salario-minimo\/\" \/>\n\t\t<meta property=\"article:tag\" content=\"actualidad\" \/>\n\t\t<meta property=\"article:published_time\" content=\"2018-04-30T23:18:30+00:00\" \/>\n\t\t<meta property=\"article:modified_time\" content=\"2018-04-30T23:18:30+00:00\" \/>\n\t\t<meta property=\"article:publisher\" content=\"https:\/\/facebook.com\/eldigitaldeasturias\" \/>\n\t\t<meta name=\"twitter:card\" content=\"summary_large_image\" \/>\n\t\t<meta name=\"twitter:title\" content=\"Maduro decreta el aumento del salario m\u00ednimo - El Digital de Asturias\" \/>\n\t\t<meta name=\"twitter:description\" content=\"Caracas, 30 abr (dpa) \u2013 El presidente de Venezuela, Nicol\u00e1s Maduro, decret\u00f3 hoy un aumento del salario m\u00ednimo a partir del 1 de mayo destinado a compensar el impacto de la inflaci\u00f3n, en medio de la campa\u00f1a para su reelecci\u00f3n camino a los comicios presidenciales del 20 de mayo. Con el aumento, el ingreso m\u00ednimo\" \/>\n\t\t<meta name=\"twitter:image\" content=\"https:\/\/www.eldigitaldeasturias.com\/noticias\/wp-content\/uploads\/2020\/12\/EDA-1.jpg\" \/>\n\t\t<meta name=\"twitter:label1\" content=\"Escrito por\" \/>\n\t\t<meta name=\"twitter:data1\" content=\"El Digital de Asturias\" \/>\n\t\t<meta name=\"twitter:label2\" content=\"Tiempo de lectura estimado\" \/>\n\t\t<meta name=\"twitter:data2\" content=\"2 minutos\" \/>\n\t\t<script type=\"application\/ld+json\" class=\"aioseo-schema\">\n\t\t\t{\"@context\":\"https:\\\/\\\/schema.org\",\"@graph\":[{\"@type\":\"BlogPosting\",\"@id\":\"https:\\\/\\\/www.eldigitaldeasturias.com\\\/noticias\\\/maduro-decreta-el-aumento-del-salario-minimo\\\/#blogposting\",\"name\":\"Maduro decreta el aumento del salario m\\u00ednimo - El Digital de Asturias\",\"headline\":\"Maduro decreta el aumento del salario m\\u00ednimo\",\"author\":{\"@id\":\"https:\\\/\\\/www.eldigitaldeasturias.com\\\/noticias\\\/author\\\/admin\\\/#author\"},\"publisher\":{\"@id\":\"https:\\\/\\\/www.eldigitaldeasturias.com\\\/noticias\\\/#organization\"},\"image\":{\"@type\":\"ImageObject\",\"url\":485917},\"datePublished\":\"2018-04-30T23:18:30+02:00\",\"dateModified\":\"2018-04-30T23:18:30+02:00\",\"inLanguage\":\"es-ES\",\"mainEntityOfPage\":{\"@id\":\"https:\\\/\\\/www.eldigitaldeasturias.com\\\/noticias\\\/maduro-decreta-el-aumento-del-salario-minimo\\\/#webpage\"},\"isPartOf\":{\"@id\":\"https:\\\/\\\/www.eldigitaldeasturias.com\\\/noticias\\\/maduro-decreta-el-aumento-del-salario-minimo\\\/#webpage\"},\"articleSection\":\"Actualidad\"},{\"@type\":\"BreadcrumbList\",\"@id\":\"https:\\\/\\\/www.eldigitaldeasturias.com\\\/noticias\\\/maduro-decreta-el-aumento-del-salario-minimo\\\/#breadcrumblist\",\"itemListElement\":[{\"@type\":\"ListItem\",\"@id\":\"https:\\\/\\\/www.eldigitaldeasturias.com\\\/noticias#listItem\",\"position\":1,\"name\":\"Home\",\"item\":\"https:\\\/\\\/www.eldigitaldeasturias.com\\\/noticias\",\"nextItem\":{\"@type\":\"ListItem\",\"@id\":\"https:\\\/\\\/www.eldigitaldeasturias.com\\\/noticias\\\/category\\\/actualidad\\\/#listItem\",\"name\":\"Actualidad\"}},{\"@type\":\"ListItem\",\"@id\":\"https:\\\/\\\/www.eldigitaldeasturias.com\\\/noticias\\\/category\\\/actualidad\\\/#listItem\",\"position\":2,\"name\":\"Actualidad\",\"item\":\"https:\\\/\\\/www.eldigitaldeasturias.com\\\/noticias\\\/category\\\/actualidad\\\/\",\"nextItem\":{\"@type\":\"ListItem\",\"@id\":\"https:\\\/\\\/www.eldigitaldeasturias.com\\\/noticias\\\/maduro-decreta-el-aumento-del-salario-minimo\\\/#listItem\",\"name\":\"Maduro decreta el aumento del salario m\\u00ednimo\"},\"previousItem\":{\"@type\":\"ListItem\",\"@id\":\"https:\\\/\\\/www.eldigitaldeasturias.com\\\/noticias#listItem\",\"name\":\"Home\"}},{\"@type\":\"ListItem\",\"@id\":\"https:\\\/\\\/www.eldigitaldeasturias.com\\\/noticias\\\/maduro-decreta-el-aumento-del-salario-minimo\\\/#listItem\",\"position\":3,\"name\":\"Maduro decreta el aumento del salario m\\u00ednimo\",\"previousItem\":{\"@type\":\"ListItem\",\"@id\":\"https:\\\/\\\/www.eldigitaldeasturias.com\\\/noticias\\\/category\\\/actualidad\\\/#listItem\",\"name\":\"Actualidad\"}}]},{\"@type\":\"Organization\",\"@id\":\"https:\\\/\\\/www.eldigitaldeasturias.com\\\/noticias\\\/#organization\",\"name\":\"El Digital de Asturias\",\"description\":\"Hemeroteca\",\"url\":\"https:\\\/\\\/www.eldigitaldeasturias.com\\\/noticias\\\/\",\"email\":\"info@eldigitaldeasturias.com\",\"telephone\":\"+34652131393\",\"logo\":{\"@type\":\"ImageObject\",\"url\":\"https:\\\/\\\/www.eldigitaldeasturias.com\\\/noticias\\\/wp-content\\\/uploads\\\/2020\\\/12\\\/EDA.jpg\",\"@id\":\"https:\\\/\\\/www.eldigitaldeasturias.com\\\/noticias\\\/maduro-decreta-el-aumento-del-salario-minimo\\\/#organizationLogo\"},\"image\":{\"@id\":\"https:\\\/\\\/www.eldigitaldeasturias.com\\\/noticias\\\/maduro-decreta-el-aumento-del-salario-minimo\\\/#organizationLogo\"},\"sameAs\":[\"https:\\\/\\\/facebook.com\\\/eldigitaldeasturias\",\"https:\\\/\\\/www.youtube.com\\\/channel\\\/UCZP-2wLEB9Rv6erhFmqVnvg\"],\"address\":{\"@id\":\"https:\\\/\\\/www.eldigitaldeasturias.com\\\/noticias\\\/#postaladdress\",\"@type\":\"PostalAddress\",\"streetAddress\":\"san antonio 4\",\"postalCode\":\"33430\",\"addressLocality\":\"Cand\\u00e1s\",\"addressRegion\":\"Asturias\",\"addressCountry\":\"ES\"}},{\"@type\":\"Person\",\"@id\":\"https:\\\/\\\/www.eldigitaldeasturias.com\\\/noticias\\\/author\\\/admin\\\/#author\",\"url\":\"https:\\\/\\\/www.eldigitaldeasturias.com\\\/noticias\\\/author\\\/admin\\\/\",\"name\":\"El Digital de Asturias\",\"image\":{\"@type\":\"ImageObject\",\"@id\":\"https:\\\/\\\/www.eldigitaldeasturias.com\\\/noticias\\\/maduro-decreta-el-aumento-del-salario-minimo\\\/#authorImage\",\"url\":\"https:\\\/\\\/secure.gravatar.com\\\/avatar\\\/df2aeffc32bcd13f8d26072ef8a91b623d677766deac7f97ca815868cd41bf5e?s=96&d=mm&r=g\",\"width\":96,\"height\":96,\"caption\":\"El Digital de Asturias\"}},{\"@type\":\"WebPage\",\"@id\":\"https:\\\/\\\/www.eldigitaldeasturias.com\\\/noticias\\\/maduro-decreta-el-aumento-del-salario-minimo\\\/#webpage\",\"url\":\"https:\\\/\\\/www.eldigitaldeasturias.com\\\/noticias\\\/maduro-decreta-el-aumento-del-salario-minimo\\\/\",\"name\":\"Maduro decreta el aumento del salario m\\u00ednimo - El Digital de Asturias\",\"description\":\"Caracas, 30 abr (dpa) \\u2013 El presidente de Venezuela, Nicol\\u00e1s Maduro, decret\\u00f3 hoy un aumento del salario m\\u00ednimo a partir del 1 de mayo destinado a compensar el impacto de la inflaci\\u00f3n, en medio de la campa\\u00f1a para su reelecci\\u00f3n camino a los comicios presidenciales del 20 de mayo. Con el aumento, el ingreso m\\u00ednimo\",\"inLanguage\":\"es-ES\",\"isPartOf\":{\"@id\":\"https:\\\/\\\/www.eldigitaldeasturias.com\\\/noticias\\\/#website\"},\"breadcrumb\":{\"@id\":\"https:\\\/\\\/www.eldigitaldeasturias.com\\\/noticias\\\/maduro-decreta-el-aumento-del-salario-minimo\\\/#breadcrumblist\"},\"author\":{\"@id\":\"https:\\\/\\\/www.eldigitaldeasturias.com\\\/noticias\\\/author\\\/admin\\\/#author\"},\"creator\":{\"@id\":\"https:\\\/\\\/www.eldigitaldeasturias.com\\\/noticias\\\/author\\\/admin\\\/#author\"},\"image\":{\"@type\":\"ImageObject\",\"url\":485917,\"@id\":\"https:\\\/\\\/www.eldigitaldeasturias.com\\\/noticias\\\/maduro-decreta-el-aumento-del-salario-minimo\\\/#mainImage\"},\"primaryImageOfPage\":{\"@id\":\"https:\\\/\\\/www.eldigitaldeasturias.com\\\/noticias\\\/maduro-decreta-el-aumento-del-salario-minimo\\\/#mainImage\"},\"datePublished\":\"2018-04-30T23:18:30+02:00\",\"dateModified\":\"2018-04-30T23:18:30+02:00\"},{\"@type\":\"WebSite\",\"@id\":\"https:\\\/\\\/www.eldigitaldeasturias.com\\\/noticias\\\/#website\",\"url\":\"https:\\\/\\\/www.eldigitaldeasturias.com\\\/noticias\\\/\",\"name\":\"El Digital de Asturias - Diario de actualidad y noticias\",\"alternateName\":\"El Digital de Asturias - Diario de actualidad y noticias\",\"description\":\"Hemeroteca\",\"inLanguage\":\"es-ES\",\"publisher\":{\"@id\":\"https:\\\/\\\/www.eldigitaldeasturias.com\\\/noticias\\\/#organization\"}}]}\n\t\t<\/script>\n\t\t<!-- All in One SEO Pro -->\r\n\t\t<title>Maduro decreta el aumento del salario m\u00ednimo - El Digital de Asturias<\/title>\n\n","aioseo_head_json":{"title":"Maduro decreta el aumento del salario m\u00ednimo - El Digital de Asturias","description":"Caracas, 30 abr (dpa) \u2013 El presidente de Venezuela, Nicol\u00e1s Maduro, decret\u00f3 hoy un aumento del salario m\u00ednimo a partir del 1 de mayo destinado a compensar el impacto de la inflaci\u00f3n, en medio de la campa\u00f1a para su reelecci\u00f3n camino a los comicios presidenciales del 20 de mayo. Con el aumento, el ingreso m\u00ednimo","canonical_url":"https:\/\/www.eldigitaldeasturias.com\/noticias\/maduro-decreta-el-aumento-del-salario-minimo\/","robots":"max-image-preview:large","keywords":"actualidad","webmasterTools":{"google-site-verification":"UA-38556648-1","msvalidate.01":"7dfe9f3f1b24437ab69f4f2559babe99","miscellaneous":""},"schema":{"@context":"https:\/\/schema.org","@graph":[{"@type":"BlogPosting","@id":"https:\/\/www.eldigitaldeasturias.com\/noticias\/maduro-decreta-el-aumento-del-salario-minimo\/#blogposting","name":"Maduro decreta el aumento del salario m\u00ednimo - El Digital de Asturias","headline":"Maduro decreta el aumento del salario m\u00ednimo","author":{"@id":"https:\/\/www.eldigitaldeasturias.com\/noticias\/author\/admin\/#author"},"publisher":{"@id":"https:\/\/www.eldigitaldeasturias.com\/noticias\/#organization"},"image":{"@type":"ImageObject","url":485917},"datePublished":"2018-04-30T23:18:30+02:00","dateModified":"2018-04-30T23:18:30+02:00","inLanguage":"es-ES","mainEntityOfPage":{"@id":"https:\/\/www.eldigitaldeasturias.com\/noticias\/maduro-decreta-el-aumento-del-salario-minimo\/#webpage"},"isPartOf":{"@id":"https:\/\/www.eldigitaldeasturias.com\/noticias\/maduro-decreta-el-aumento-del-salario-minimo\/#webpage"},"articleSection":"Actualidad"},{"@type":"BreadcrumbList","@id":"https:\/\/www.eldigitaldeasturias.com\/noticias\/maduro-decreta-el-aumento-del-salario-minimo\/#breadcrumblist","itemListElement":[{"@type":"ListItem","@id":"https:\/\/www.eldigitaldeasturias.com\/noticias#listItem","position":1,"name":"Home","item":"https:\/\/www.eldigitaldeasturias.com\/noticias","nextItem":{"@type":"ListItem","@id":"https:\/\/www.eldigitaldeasturias.com\/noticias\/category\/actualidad\/#listItem","name":"Actualidad"}},{"@type":"ListItem","@id":"https:\/\/www.eldigitaldeasturias.com\/noticias\/category\/actualidad\/#listItem","position":2,"name":"Actualidad","item":"https:\/\/www.eldigitaldeasturias.com\/noticias\/category\/actualidad\/","nextItem":{"@type":"ListItem","@id":"https:\/\/www.eldigitaldeasturias.com\/noticias\/maduro-decreta-el-aumento-del-salario-minimo\/#listItem","name":"Maduro decreta el aumento del salario m\u00ednimo"},"previousItem":{"@type":"ListItem","@id":"https:\/\/www.eldigitaldeasturias.com\/noticias#listItem","name":"Home"}},{"@type":"ListItem","@id":"https:\/\/www.eldigitaldeasturias.com\/noticias\/maduro-decreta-el-aumento-del-salario-minimo\/#listItem","position":3,"name":"Maduro decreta el aumento del salario m\u00ednimo","previousItem":{"@type":"ListItem","@id":"https:\/\/www.eldigitaldeasturias.com\/noticias\/category\/actualidad\/#listItem","name":"Actualidad"}}]},{"@type":"Organization","@id":"https:\/\/www.eldigitaldeasturias.com\/noticias\/#organization","name":"El Digital de Asturias","description":"Hemeroteca","url":"https:\/\/www.eldigitaldeasturias.com\/noticias\/","email":"info@eldigitaldeasturias.com","telephone":"+34652131393","logo":{"@type":"ImageObject","url":"https:\/\/www.eldigitaldeasturias.com\/noticias\/wp-content\/uploads\/2020\/12\/EDA.jpg","@id":"https:\/\/www.eldigitaldeasturias.com\/noticias\/maduro-decreta-el-aumento-del-salario-minimo\/#organizationLogo"},"image":{"@id":"https:\/\/www.eldigitaldeasturias.com\/noticias\/maduro-decreta-el-aumento-del-salario-minimo\/#organizationLogo"},"sameAs":["https:\/\/facebook.com\/eldigitaldeasturias","https:\/\/www.youtube.com\/channel\/UCZP-2wLEB9Rv6erhFmqVnvg"],"address":{"@id":"https:\/\/www.eldigitaldeasturias.com\/noticias\/#postaladdress","@type":"PostalAddress","streetAddress":"san antonio 4","postalCode":"33430","addressLocality":"Cand\u00e1s","addressRegion":"Asturias","addressCountry":"ES"}},{"@type":"Person","@id":"https:\/\/www.eldigitaldeasturias.com\/noticias\/author\/admin\/#author","url":"https:\/\/www.eldigitaldeasturias.com\/noticias\/author\/admin\/","name":"El Digital de Asturias","image":{"@type":"ImageObject","@id":"https:\/\/www.eldigitaldeasturias.com\/noticias\/maduro-decreta-el-aumento-del-salario-minimo\/#authorImage","url":"https:\/\/secure.gravatar.com\/avatar\/df2aeffc32bcd13f8d26072ef8a91b623d677766deac7f97ca815868cd41bf5e?s=96&d=mm&r=g","width":96,"height":96,"caption":"El Digital de Asturias"}},{"@type":"WebPage","@id":"https:\/\/www.eldigitaldeasturias.com\/noticias\/maduro-decreta-el-aumento-del-salario-minimo\/#webpage","url":"https:\/\/www.eldigitaldeasturias.com\/noticias\/maduro-decreta-el-aumento-del-salario-minimo\/","name":"Maduro decreta el aumento del salario m\u00ednimo - El Digital de Asturias","description":"Caracas, 30 abr (dpa) \u2013 El presidente de Venezuela, Nicol\u00e1s Maduro, decret\u00f3 hoy un aumento del salario m\u00ednimo a partir del 1 de mayo destinado a compensar el impacto de la inflaci\u00f3n, en medio de la campa\u00f1a para su reelecci\u00f3n camino a los comicios presidenciales del 20 de mayo. Con el aumento, el ingreso m\u00ednimo","inLanguage":"es-ES","isPartOf":{"@id":"https:\/\/www.eldigitaldeasturias.com\/noticias\/#website"},"breadcrumb":{"@id":"https:\/\/www.eldigitaldeasturias.com\/noticias\/maduro-decreta-el-aumento-del-salario-minimo\/#breadcrumblist"},"author":{"@id":"https:\/\/www.eldigitaldeasturias.com\/noticias\/author\/admin\/#author"},"creator":{"@id":"https:\/\/www.eldigitaldeasturias.com\/noticias\/author\/admin\/#author"},"image":{"@type":"ImageObject","url":485917,"@id":"https:\/\/www.eldigitaldeasturias.com\/noticias\/maduro-decreta-el-aumento-del-salario-minimo\/#mainImage"},"primaryImageOfPage":{"@id":"https:\/\/www.eldigitaldeasturias.com\/noticias\/maduro-decreta-el-aumento-del-salario-minimo\/#mainImage"},"datePublished":"2018-04-30T23:18:30+02:00","dateModified":"2018-04-30T23:18:30+02:00"},{"@type":"WebSite","@id":"https:\/\/www.eldigitaldeasturias.com\/noticias\/#website","url":"https:\/\/www.eldigitaldeasturias.com\/noticias\/","name":"El Digital de Asturias - Diario de actualidad y noticias","alternateName":"El Digital de Asturias - Diario de actualidad y noticias","description":"Hemeroteca","inLanguage":"es-ES","publisher":{"@id":"https:\/\/www.eldigitaldeasturias.com\/noticias\/#organization"}}]},"og:locale":"es_ES","og:site_name":"El Digital de Asturias","og:type":"article","og:title":"Maduro decreta el aumento del salario m\u00ednimo - El Digital de Asturias","og:description":"Caracas, 30 abr (dpa) \u2013 El presidente de Venezuela, Nicol\u00e1s Maduro, decret\u00f3 hoy un aumento del salario m\u00ednimo a partir del 1 de mayo destinado a compensar el impacto de la inflaci\u00f3n, en medio de la campa\u00f1a para su reelecci\u00f3n camino a los comicios presidenciales del 20 de mayo. Con el aumento, el ingreso m\u00ednimo","og:url":"https:\/\/www.eldigitaldeasturias.com\/noticias\/maduro-decreta-el-aumento-del-salario-minimo\/","article:tag":["actualidad"],"article:published_time":"2018-04-30T23:18:30+00:00","article:modified_time":"2018-04-30T23:18:30+00:00","article:publisher":"https:\/\/facebook.com\/eldigitaldeasturias","twitter:card":"summary_large_image","twitter:title":"Maduro decreta el aumento del salario m\u00ednimo - El Digital de Asturias","twitter:description":"Caracas, 30 abr (dpa) \u2013 El presidente de Venezuela, Nicol\u00e1s Maduro, decret\u00f3 hoy un aumento del salario m\u00ednimo a partir del 1 de mayo destinado a compensar el impacto de la inflaci\u00f3n, en medio de la campa\u00f1a para su reelecci\u00f3n camino a los comicios presidenciales del 20 de mayo. Con el aumento, el ingreso m\u00ednimo","twitter:image":"https:\/\/www.eldigitaldeasturias.com\/noticias\/wp-content\/uploads\/2020\/12\/EDA-1.jpg","twitter:label1":"Escrito por","twitter:data1":"El Digital de Asturias","twitter:label2":"Tiempo de lectura estimado","twitter:data2":"2 minutos"},"aioseo_meta_data":{"post_id":"978370","title":null,"description":null,"keywords":null,"keyphrases":null,"primary_term":null,"canonical_url":null,"og_title":null,"og_description":null,"og_object_type":"default","og_image_type":"default","og_image_url":null,"og_image_width":null,"og_image_height":null,"og_image_custom_url":null,"og_image_custom_fields":null,"og_video":null,"og_custom_url":null,"og_article_section":null,"og_article_tags":null,"twitter_use_og":false,"twitter_card":"default","twitter_image_type":"default","twitter_image_url":null,"twitter_image_custom_url":null,"twitter_image_custom_fields":null,"twitter_title":null,"twitter_description":null,"schema":{"blockGraphs":[],"customGraphs":[],"default":{"data":{"Article":[],"Course":[],"Dataset":[],"FAQPage":[],"Movie":[],"Person":[],"Product":[],"ProductReview":[],"Car":[],"Recipe":[],"Service":[],"SoftwareApplication":[],"WebPage":[]},"graphName":"","isEnabled":true},"graphs":[],"defaultGraph":"","defaultPostTypeGraph":""},"schema_type":null,"schema_type_options":null,"pillar_content":false,"robots_default":true,"robots_noindex":false,"robots_noarchive":false,"robots_nosnippet":false,"robots_nofollow":false,"robots_noimageindex":false,"robots_noodp":false,"robots_notranslate":false,"robots_max_snippet":null,"robots_max_videopreview":null,"robots_max_imagepreview":"large","priority":null,"frequency":null,"local_seo":null,"seo_analyzer_scan_date":"2025-10-08 10:38:04","breadcrumb_settings":null,"limit_modified_date":false,"open_ai":null,"ai":null,"created":"2020-12-21 12:02:38","updated":"2025-10-08 10:38:04","focus_keyword":null,"additional_keywords":null,"truseo_locale":null},"aioseo_breadcrumb":"<div class=\"aioseo-breadcrumbs\"><span class=\"aioseo-breadcrumb\">\n\t<a href=\"https:\/\/www.eldigitaldeasturias.com\/noticias\" title=\"Home\">Home<\/a>\n<\/span><span class=\"aioseo-breadcrumb-separator\">\u2013<\/span><span class=\"aioseo-breadcrumb\">\n\t<a href=\"https:\/\/www.eldigitaldeasturias.com\/noticias\/category\/actualidad\/\" title=\"Actualidad\">Actualidad<\/a>\n<\/span><span class=\"aioseo-breadcrumb-separator\">\u2013<\/span><span class=\"aioseo-breadcrumb\">\n\t<a href=\"https:\/\/www.eldigitaldeasturias.com\/noticias\/maduro-decreta-el-aumento-del-salario-minimo\/\" title=\"Maduro decreta el aumento del salario m\u00ednimo\">Maduro decreta el aumento del salario m\u00ednimo<\/a>\n<\/span><\/div>","aioseo_breadcrumb_json":[{"label":"Home","link":"https:\/\/www.eldigitaldeasturias.com\/noticias"},{"label":"Actualidad","link":"https:\/\/www.eldigitaldeasturias.com\/noticias\/category\/actualidad\/"},{"label":"Maduro decreta el aumento del salario m\u00ednimo","link":"https:\/\/www.eldigitaldeasturias.com\/noticias\/maduro-decreta-el-aumento-del-salario-minimo\/"}],"_links":{"self":[{"href":"https:\/\/www.eldigitaldeasturias.com\/noticias\/wp-json\/wp\/v2\/posts\/978370","targetHints":{"allow":["GET"]}}],"collection":[{"href":"https:\/\/www.eldigitaldeasturias.com\/noticias\/wp-json\/wp\/v2\/posts"}],"about":[{"href":"https:\/\/www.eldigitaldeasturias.com\/noticias\/wp-json\/wp\/v2\/types\/post"}],"author":[{"embeddable":true,"href":"https:\/\/www.eldigitaldeasturias.com\/noticias\/wp-json\/wp\/v2\/users\/1"}],"replies":[{"embeddable":true,"href":"https:\/\/www.eldigitaldeasturias.com\/noticias\/wp-json\/wp\/v2\/comments?post=978370"}],"version-history":[{"count":0,"href":"https:\/\/www.eldigitaldeasturias.com\/noticias\/wp-json\/wp\/v2\/posts\/978370\/revisions"}],"wp:attachment":[{"href":"https:\/\/www.eldigitaldeasturias.com\/noticias\/wp-json\/wp\/v2\/media?parent=978370"}],"wp:term":[{"taxonomy":"category","embeddable":true,"href":"https:\/\/www.eldigitaldeasturias.com\/noticias\/wp-json\/wp\/v2\/categories?post=978370"},{"taxonomy":"post_tag","embeddable":true,"href":"https:\/\/www.eldigitaldeasturias.com\/noticias\/wp-json\/wp\/v2\/tags?post=978370"}],"curies":[{"name":"wp","href":"https:\/\/api.w.org\/{rel}","templated":true}]}}