{"id":978368,"date":"2018-04-30T23:15:07","date_gmt":"2018-04-30T23:15:07","guid":{"rendered":"http:\/\/www.eldigitaldeasturias.com\/noticias\/?p=978368"},"modified":"2018-04-30T23:15:07","modified_gmt":"2018-04-30T23:15:07","slug":"donald-trump-somos-un-pais-de-leyes-debemos-tener-fronteras","status":"publish","type":"post","link":"https:\/\/www.eldigitaldeasturias.com\/noticias\/donald-trump-somos-un-pais-de-leyes-debemos-tener-fronteras\/","title":{"rendered":"Donald Trump: \u00abSomos un pa\u00eds de leyes. Debemos tener fronteras\u00bb"},"content":{"rendered":"<p><img loading=\"lazy\" decoding=\"async\" class=\"alignleft size-medium wp-image-977530\" src=\"https:\/\/www.eldigitaldeasturias.com\/noticias\/wp-content\/uploads\/2018\/04\/Los-blancos-votaron-a-Trump-360x240.jpg\" alt=\"\" width=\"360\" height=\"240\" \/>Washington, 30 abr (dpa) &#8211; El presidente Donald Trump utiliz\u00f3 hoy la llegada de la caravana de migrantes centroamericanos a la frontera de M\u00e9xico con Estados Unidos como ejemplo de por qu\u00e9 el pa\u00eds necesita construir su pol\u00e9mico muro fronterizo.<\/p>\n<p>\u00abTienen que estar en muy buena forma, pero un peque\u00f1o porcentaje (de los llegados con la caravana) puede escalar ese muro en particular. Si no tuvi\u00e9ramos eso, tendr\u00edamos a miles de personas entrando en nuestro pa\u00eds\u00bb, dijo refiri\u00e9ndose a la separaci\u00f3n que existe en la zona de Tijuana a la que llegaron los migrantes.<\/p>\n<p>\u00abNecesitamos un muro\u00bb, defendi\u00f3 en una rueda de prensa junto al presidente de Nigeria, Muhammadu Buhari, en la que declin\u00f3 estimar cu\u00e1ntos de los migrantes centroamericanos llegados a la frontera pedir\u00e1n asilo. \u00abNo voy a entrar en porcentajes\u00bb, dijo Trump. \u00abSomos un pa\u00eds de leyes. Debemos tener fronteras\u00bb, manifest\u00f3.<\/p>\n<p>Seg\u00fan informan medios estadounidenes, decenas de migrantes esperan en el puerto de entrada de San Ysidro para pedir asilo en Estados Unidos.<\/p>\n<p>El mandatario asegur\u00f3 que lleva semanas monitoreando el avance de la caravana, que lleg\u00f3 a la frontera de Tijuana con la ciudad estadounidense de San Diego el domingo.<\/p>\n<p>La caravana inici\u00f3 hace un mes su viaje desde la frontera sur de M\u00e9xico. Se trata realmente de una protesta que se hace anualmente desde 2008 para visibilizar las dificultades que enfrentan los inmigrantes que cruzan M\u00e9xico con el objetivo, en la mayor\u00eda de los casos, de entrar en Estados Unidos.<\/p>\n<p>Al inicio eran m\u00e1s de 1.000 personas, pero no todas ten\u00edan la intenci\u00f3n de llegar a la frontera norte y se fueron quedando en el camino.<\/p>\n<p>Trump exigi\u00f3 a M\u00e9xico frenarlos y evitar que llegaran hasta Estados Unidos. Poco despu\u00e9s orden\u00f3 el env\u00edo a la frontera de la Guardia Nacional, que quiere que permanezca all\u00ed hasta que est\u00e9 construido el pol\u00e9mico muro con el que asegura que frenar\u00e1 la entrada de inmigraci\u00f3n ilegal y de drogas.<\/p>\n<p>\u00abEst\u00e1 teniendo un gran impacto\u00bb, dijo hoy sobre el despliegue de los militares.<\/p>\n<p>El Gobierno de Trump advirti\u00f3 la semana pasada en varias ocasiones de que estaba monitoreando la caravana y de que perseguir\u00e1 a quien entre ilegalmente en Estados Unidos. El presidente lleg\u00f3 a amenazar con condicionar un acuerdo sobre Nafta a que M\u00e9xico frene los flujos migratorios ilegales que van hacia su pa\u00eds.<\/p>\n","protected":false},"excerpt":{"rendered":"<p>Washington, 30 abr (dpa) &#8211; El presidente Donald Trump utiliz\u00f3 hoy la llegada de la caravana de migrantes centroamericanos a la frontera de M\u00e9xico con Estados Unidos como ejemplo de por qu\u00e9 el pa\u00eds necesita construir su pol\u00e9mico muro fronterizo. \u00abTienen que estar en muy buena forma, pero un peque\u00f1o porcentaje (de los llegados con [&hellip;]<\/p>\n","protected":false},"author":1,"featured_media":977530,"comment_status":"closed","ping_status":"closed","sticky":false,"template":"","format":"standard","meta":{"footnotes":""},"categories":[1],"tags":[],"class_list":["post-978368","post","type-post","status-publish","format-standard","has-post-thumbnail","hentry","category-actualidad"],"aioseo_notices":[],"aioseo_head":"\n\t\t<!-- All in One SEO Pro 5.0.1 - aioseo.com -->\n\t<meta name=\"description\" content=\"Washington, 30 abr (dpa) - El presidente Donald Trump utiliz\u00f3 hoy la llegada de la caravana de migrantes centroamericanos a la frontera de M\u00e9xico con Estados Unidos como ejemplo de por qu\u00e9 el pa\u00eds necesita construir su pol\u00e9mico muro fronterizo. &quot;Tienen que estar en muy buena forma, pero un peque\u00f1o porcentaje (de los llegados con\" \/>\n\t<meta name=\"robots\" content=\"max-image-preview:large\" \/>\n\t<meta name=\"author\" content=\"El Digital de Asturias\"\/>\n\t<meta name=\"google-site-verification\" content=\"UA-38556648-1\" \/>\n\t<meta name=\"msvalidate.01\" content=\"7dfe9f3f1b24437ab69f4f2559babe99\" \/>\n\t<meta name=\"keywords\" content=\"actualidad\" \/>\n\t<link rel=\"canonical\" href=\"https:\/\/www.eldigitaldeasturias.com\/noticias\/donald-trump-somos-un-pais-de-leyes-debemos-tener-fronteras\/\" \/>\n\t<meta name=\"generator\" content=\"All in One SEO Pro (AIOSEO) 5.0.1\" \/>\n\t\t<meta property=\"og:locale\" content=\"es_ES\" \/>\n\t\t<meta property=\"og:site_name\" content=\"El Digital de Asturias\" \/>\n\t\t<meta property=\"og:type\" content=\"article\" \/>\n\t\t<meta property=\"og:title\" content=\"Donald Trump: \u00abSomos un pa\u00eds de leyes. Debemos tener fronteras\u00bb - El Digital de Asturias\" \/>\n\t\t<meta property=\"og:description\" content=\"Washington, 30 abr (dpa) - El presidente Donald Trump utiliz\u00f3 hoy la llegada de la caravana de migrantes centroamericanos a la frontera de M\u00e9xico con Estados Unidos como ejemplo de por qu\u00e9 el pa\u00eds necesita construir su pol\u00e9mico muro fronterizo. &quot;Tienen que estar en muy buena forma, pero un peque\u00f1o porcentaje (de los llegados con\" \/>\n\t\t<meta property=\"og:url\" content=\"https:\/\/www.eldigitaldeasturias.com\/noticias\/donald-trump-somos-un-pais-de-leyes-debemos-tener-fronteras\/\" \/>\n\t\t<meta property=\"article:tag\" content=\"actualidad\" \/>\n\t\t<meta property=\"article:published_time\" content=\"2018-04-30T23:15:07+00:00\" \/>\n\t\t<meta property=\"article:modified_time\" content=\"2018-04-30T23:15:07+00:00\" \/>\n\t\t<meta property=\"article:publisher\" content=\"https:\/\/facebook.com\/eldigitaldeasturias\" \/>\n\t\t<meta name=\"twitter:card\" content=\"summary_large_image\" \/>\n\t\t<meta name=\"twitter:title\" content=\"Donald Trump: \u00abSomos un pa\u00eds de leyes. Debemos tener fronteras\u00bb - El Digital de Asturias\" \/>\n\t\t<meta name=\"twitter:description\" content=\"Washington, 30 abr (dpa) - El presidente Donald Trump utiliz\u00f3 hoy la llegada de la caravana de migrantes centroamericanos a la frontera de M\u00e9xico con Estados Unidos como ejemplo de por qu\u00e9 el pa\u00eds necesita construir su pol\u00e9mico muro fronterizo. &quot;Tienen que estar en muy buena forma, pero un peque\u00f1o porcentaje (de los llegados con\" \/>\n\t\t<meta name=\"twitter:image\" content=\"https:\/\/www.eldigitaldeasturias.com\/noticias\/wp-content\/uploads\/2020\/12\/EDA-1.jpg\" \/>\n\t\t<meta name=\"twitter:label1\" content=\"Escrito por\" \/>\n\t\t<meta name=\"twitter:data1\" content=\"El Digital de Asturias\" \/>\n\t\t<meta name=\"twitter:label2\" content=\"Tiempo de lectura estimado\" \/>\n\t\t<meta name=\"twitter:data2\" content=\"2 minutos\" \/>\n\t\t<script type=\"application\/ld+json\" class=\"aioseo-schema\">\n\t\t\t{\"@context\":\"https:\\\/\\\/schema.org\",\"@graph\":[{\"@type\":\"BlogPosting\",\"@id\":\"https:\\\/\\\/www.eldigitaldeasturias.com\\\/noticias\\\/donald-trump-somos-un-pais-de-leyes-debemos-tener-fronteras\\\/#blogposting\",\"name\":\"Donald Trump: \\u00abSomos un pa\\u00eds de leyes. Debemos tener fronteras\\u00bb - El Digital de Asturias\",\"headline\":\"Donald Trump: \\u00abSomos un pa\\u00eds de leyes. Debemos tener fronteras\\u00bb\",\"author\":{\"@id\":\"https:\\\/\\\/www.eldigitaldeasturias.com\\\/noticias\\\/author\\\/admin\\\/#author\"},\"publisher\":{\"@id\":\"https:\\\/\\\/www.eldigitaldeasturias.com\\\/noticias\\\/#organization\"},\"image\":{\"@type\":\"ImageObject\",\"url\":977530},\"datePublished\":\"2018-04-30T23:15:07+02:00\",\"dateModified\":\"2018-04-30T23:15:07+02:00\",\"inLanguage\":\"es-ES\",\"mainEntityOfPage\":{\"@id\":\"https:\\\/\\\/www.eldigitaldeasturias.com\\\/noticias\\\/donald-trump-somos-un-pais-de-leyes-debemos-tener-fronteras\\\/#webpage\"},\"isPartOf\":{\"@id\":\"https:\\\/\\\/www.eldigitaldeasturias.com\\\/noticias\\\/donald-trump-somos-un-pais-de-leyes-debemos-tener-fronteras\\\/#webpage\"},\"articleSection\":\"Actualidad\"},{\"@type\":\"BreadcrumbList\",\"@id\":\"https:\\\/\\\/www.eldigitaldeasturias.com\\\/noticias\\\/donald-trump-somos-un-pais-de-leyes-debemos-tener-fronteras\\\/#breadcrumblist\",\"itemListElement\":[{\"@type\":\"ListItem\",\"@id\":\"https:\\\/\\\/www.eldigitaldeasturias.com\\\/noticias#listItem\",\"position\":1,\"name\":\"Home\",\"item\":\"https:\\\/\\\/www.eldigitaldeasturias.com\\\/noticias\",\"nextItem\":{\"@type\":\"ListItem\",\"@id\":\"https:\\\/\\\/www.eldigitaldeasturias.com\\\/noticias\\\/category\\\/actualidad\\\/#listItem\",\"name\":\"Actualidad\"}},{\"@type\":\"ListItem\",\"@id\":\"https:\\\/\\\/www.eldigitaldeasturias.com\\\/noticias\\\/category\\\/actualidad\\\/#listItem\",\"position\":2,\"name\":\"Actualidad\",\"item\":\"https:\\\/\\\/www.eldigitaldeasturias.com\\\/noticias\\\/category\\\/actualidad\\\/\",\"nextItem\":{\"@type\":\"ListItem\",\"@id\":\"https:\\\/\\\/www.eldigitaldeasturias.com\\\/noticias\\\/donald-trump-somos-un-pais-de-leyes-debemos-tener-fronteras\\\/#listItem\",\"name\":\"Donald Trump: \\u00abSomos un pa\\u00eds de leyes. Debemos tener fronteras\\u00bb\"},\"previousItem\":{\"@type\":\"ListItem\",\"@id\":\"https:\\\/\\\/www.eldigitaldeasturias.com\\\/noticias#listItem\",\"name\":\"Home\"}},{\"@type\":\"ListItem\",\"@id\":\"https:\\\/\\\/www.eldigitaldeasturias.com\\\/noticias\\\/donald-trump-somos-un-pais-de-leyes-debemos-tener-fronteras\\\/#listItem\",\"position\":3,\"name\":\"Donald Trump: \\u00abSomos un pa\\u00eds de leyes. Debemos tener fronteras\\u00bb\",\"previousItem\":{\"@type\":\"ListItem\",\"@id\":\"https:\\\/\\\/www.eldigitaldeasturias.com\\\/noticias\\\/category\\\/actualidad\\\/#listItem\",\"name\":\"Actualidad\"}}]},{\"@type\":\"Organization\",\"@id\":\"https:\\\/\\\/www.eldigitaldeasturias.com\\\/noticias\\\/#organization\",\"name\":\"El Digital de Asturias\",\"description\":\"Hemeroteca\",\"url\":\"https:\\\/\\\/www.eldigitaldeasturias.com\\\/noticias\\\/\",\"email\":\"info@eldigitaldeasturias.com\",\"telephone\":\"+34652131393\",\"logo\":{\"@type\":\"ImageObject\",\"url\":\"https:\\\/\\\/www.eldigitaldeasturias.com\\\/noticias\\\/wp-content\\\/uploads\\\/2020\\\/12\\\/EDA.jpg\",\"@id\":\"https:\\\/\\\/www.eldigitaldeasturias.com\\\/noticias\\\/donald-trump-somos-un-pais-de-leyes-debemos-tener-fronteras\\\/#organizationLogo\"},\"image\":{\"@id\":\"https:\\\/\\\/www.eldigitaldeasturias.com\\\/noticias\\\/donald-trump-somos-un-pais-de-leyes-debemos-tener-fronteras\\\/#organizationLogo\"},\"sameAs\":[\"https:\\\/\\\/facebook.com\\\/eldigitaldeasturias\",\"https:\\\/\\\/www.youtube.com\\\/channel\\\/UCZP-2wLEB9Rv6erhFmqVnvg\"],\"address\":{\"@id\":\"https:\\\/\\\/www.eldigitaldeasturias.com\\\/noticias\\\/#postaladdress\",\"@type\":\"PostalAddress\",\"streetAddress\":\"san antonio 4\",\"postalCode\":\"33430\",\"addressLocality\":\"Cand\\u00e1s\",\"addressRegion\":\"Asturias\",\"addressCountry\":\"ES\"}},{\"@type\":\"Person\",\"@id\":\"https:\\\/\\\/www.eldigitaldeasturias.com\\\/noticias\\\/author\\\/admin\\\/#author\",\"url\":\"https:\\\/\\\/www.eldigitaldeasturias.com\\\/noticias\\\/author\\\/admin\\\/\",\"name\":\"El Digital de Asturias\",\"image\":{\"@type\":\"ImageObject\",\"@id\":\"https:\\\/\\\/www.eldigitaldeasturias.com\\\/noticias\\\/donald-trump-somos-un-pais-de-leyes-debemos-tener-fronteras\\\/#authorImage\",\"url\":\"https:\\\/\\\/secure.gravatar.com\\\/avatar\\\/df2aeffc32bcd13f8d26072ef8a91b623d677766deac7f97ca815868cd41bf5e?s=96&d=mm&r=g\",\"width\":96,\"height\":96,\"caption\":\"El Digital de Asturias\"}},{\"@type\":\"WebPage\",\"@id\":\"https:\\\/\\\/www.eldigitaldeasturias.com\\\/noticias\\\/donald-trump-somos-un-pais-de-leyes-debemos-tener-fronteras\\\/#webpage\",\"url\":\"https:\\\/\\\/www.eldigitaldeasturias.com\\\/noticias\\\/donald-trump-somos-un-pais-de-leyes-debemos-tener-fronteras\\\/\",\"name\":\"Donald Trump: \\u00abSomos un pa\\u00eds de leyes. Debemos tener fronteras\\u00bb - El Digital de Asturias\",\"description\":\"Washington, 30 abr (dpa) - El presidente Donald Trump utiliz\\u00f3 hoy la llegada de la caravana de migrantes centroamericanos a la frontera de M\\u00e9xico con Estados Unidos como ejemplo de por qu\\u00e9 el pa\\u00eds necesita construir su pol\\u00e9mico muro fronterizo. \\\"Tienen que estar en muy buena forma, pero un peque\\u00f1o porcentaje (de los llegados con\",\"inLanguage\":\"es-ES\",\"isPartOf\":{\"@id\":\"https:\\\/\\\/www.eldigitaldeasturias.com\\\/noticias\\\/#website\"},\"breadcrumb\":{\"@id\":\"https:\\\/\\\/www.eldigitaldeasturias.com\\\/noticias\\\/donald-trump-somos-un-pais-de-leyes-debemos-tener-fronteras\\\/#breadcrumblist\"},\"author\":{\"@id\":\"https:\\\/\\\/www.eldigitaldeasturias.com\\\/noticias\\\/author\\\/admin\\\/#author\"},\"creator\":{\"@id\":\"https:\\\/\\\/www.eldigitaldeasturias.com\\\/noticias\\\/author\\\/admin\\\/#author\"},\"image\":{\"@type\":\"ImageObject\",\"url\":977530,\"@id\":\"https:\\\/\\\/www.eldigitaldeasturias.com\\\/noticias\\\/donald-trump-somos-un-pais-de-leyes-debemos-tener-fronteras\\\/#mainImage\"},\"primaryImageOfPage\":{\"@id\":\"https:\\\/\\\/www.eldigitaldeasturias.com\\\/noticias\\\/donald-trump-somos-un-pais-de-leyes-debemos-tener-fronteras\\\/#mainImage\"},\"datePublished\":\"2018-04-30T23:15:07+02:00\",\"dateModified\":\"2018-04-30T23:15:07+02:00\"},{\"@type\":\"WebSite\",\"@id\":\"https:\\\/\\\/www.eldigitaldeasturias.com\\\/noticias\\\/#website\",\"url\":\"https:\\\/\\\/www.eldigitaldeasturias.com\\\/noticias\\\/\",\"name\":\"El Digital de Asturias - Diario de actualidad y noticias\",\"alternateName\":\"El Digital de Asturias - Diario de actualidad y noticias\",\"description\":\"Hemeroteca\",\"inLanguage\":\"es-ES\",\"publisher\":{\"@id\":\"https:\\\/\\\/www.eldigitaldeasturias.com\\\/noticias\\\/#organization\"}}]}\n\t\t<\/script>\n\t\t<!-- All in One SEO Pro -->\r\n\t\t<title>Donald Trump: \u00abSomos un pa\u00eds de leyes. Debemos tener fronteras\u00bb - El Digital de Asturias<\/title>\n\n","aioseo_head_json":{"title":"Donald Trump: \u00abSomos un pa\u00eds de leyes. Debemos tener fronteras\u00bb - El Digital de Asturias","description":"Washington, 30 abr (dpa) - El presidente Donald Trump utiliz\u00f3 hoy la llegada de la caravana de migrantes centroamericanos a la frontera de M\u00e9xico con Estados Unidos como ejemplo de por qu\u00e9 el pa\u00eds necesita construir su pol\u00e9mico muro fronterizo. \"Tienen que estar en muy buena forma, pero un peque\u00f1o porcentaje (de los llegados con","canonical_url":"https:\/\/www.eldigitaldeasturias.com\/noticias\/donald-trump-somos-un-pais-de-leyes-debemos-tener-fronteras\/","robots":"max-image-preview:large","keywords":"actualidad","webmasterTools":{"google-site-verification":"UA-38556648-1","msvalidate.01":"7dfe9f3f1b24437ab69f4f2559babe99","miscellaneous":""},"schema":{"@context":"https:\/\/schema.org","@graph":[{"@type":"BlogPosting","@id":"https:\/\/www.eldigitaldeasturias.com\/noticias\/donald-trump-somos-un-pais-de-leyes-debemos-tener-fronteras\/#blogposting","name":"Donald Trump: \u00abSomos un pa\u00eds de leyes. Debemos tener fronteras\u00bb - El Digital de Asturias","headline":"Donald Trump: \u00abSomos un pa\u00eds de leyes. Debemos tener fronteras\u00bb","author":{"@id":"https:\/\/www.eldigitaldeasturias.com\/noticias\/author\/admin\/#author"},"publisher":{"@id":"https:\/\/www.eldigitaldeasturias.com\/noticias\/#organization"},"image":{"@type":"ImageObject","url":977530},"datePublished":"2018-04-30T23:15:07+02:00","dateModified":"2018-04-30T23:15:07+02:00","inLanguage":"es-ES","mainEntityOfPage":{"@id":"https:\/\/www.eldigitaldeasturias.com\/noticias\/donald-trump-somos-un-pais-de-leyes-debemos-tener-fronteras\/#webpage"},"isPartOf":{"@id":"https:\/\/www.eldigitaldeasturias.com\/noticias\/donald-trump-somos-un-pais-de-leyes-debemos-tener-fronteras\/#webpage"},"articleSection":"Actualidad"},{"@type":"BreadcrumbList","@id":"https:\/\/www.eldigitaldeasturias.com\/noticias\/donald-trump-somos-un-pais-de-leyes-debemos-tener-fronteras\/#breadcrumblist","itemListElement":[{"@type":"ListItem","@id":"https:\/\/www.eldigitaldeasturias.com\/noticias#listItem","position":1,"name":"Home","item":"https:\/\/www.eldigitaldeasturias.com\/noticias","nextItem":{"@type":"ListItem","@id":"https:\/\/www.eldigitaldeasturias.com\/noticias\/category\/actualidad\/#listItem","name":"Actualidad"}},{"@type":"ListItem","@id":"https:\/\/www.eldigitaldeasturias.com\/noticias\/category\/actualidad\/#listItem","position":2,"name":"Actualidad","item":"https:\/\/www.eldigitaldeasturias.com\/noticias\/category\/actualidad\/","nextItem":{"@type":"ListItem","@id":"https:\/\/www.eldigitaldeasturias.com\/noticias\/donald-trump-somos-un-pais-de-leyes-debemos-tener-fronteras\/#listItem","name":"Donald Trump: \u00abSomos un pa\u00eds de leyes. Debemos tener fronteras\u00bb"},"previousItem":{"@type":"ListItem","@id":"https:\/\/www.eldigitaldeasturias.com\/noticias#listItem","name":"Home"}},{"@type":"ListItem","@id":"https:\/\/www.eldigitaldeasturias.com\/noticias\/donald-trump-somos-un-pais-de-leyes-debemos-tener-fronteras\/#listItem","position":3,"name":"Donald Trump: \u00abSomos un pa\u00eds de leyes. Debemos tener fronteras\u00bb","previousItem":{"@type":"ListItem","@id":"https:\/\/www.eldigitaldeasturias.com\/noticias\/category\/actualidad\/#listItem","name":"Actualidad"}}]},{"@type":"Organization","@id":"https:\/\/www.eldigitaldeasturias.com\/noticias\/#organization","name":"El Digital de Asturias","description":"Hemeroteca","url":"https:\/\/www.eldigitaldeasturias.com\/noticias\/","email":"info@eldigitaldeasturias.com","telephone":"+34652131393","logo":{"@type":"ImageObject","url":"https:\/\/www.eldigitaldeasturias.com\/noticias\/wp-content\/uploads\/2020\/12\/EDA.jpg","@id":"https:\/\/www.eldigitaldeasturias.com\/noticias\/donald-trump-somos-un-pais-de-leyes-debemos-tener-fronteras\/#organizationLogo"},"image":{"@id":"https:\/\/www.eldigitaldeasturias.com\/noticias\/donald-trump-somos-un-pais-de-leyes-debemos-tener-fronteras\/#organizationLogo"},"sameAs":["https:\/\/facebook.com\/eldigitaldeasturias","https:\/\/www.youtube.com\/channel\/UCZP-2wLEB9Rv6erhFmqVnvg"],"address":{"@id":"https:\/\/www.eldigitaldeasturias.com\/noticias\/#postaladdress","@type":"PostalAddress","streetAddress":"san antonio 4","postalCode":"33430","addressLocality":"Cand\u00e1s","addressRegion":"Asturias","addressCountry":"ES"}},{"@type":"Person","@id":"https:\/\/www.eldigitaldeasturias.com\/noticias\/author\/admin\/#author","url":"https:\/\/www.eldigitaldeasturias.com\/noticias\/author\/admin\/","name":"El Digital de Asturias","image":{"@type":"ImageObject","@id":"https:\/\/www.eldigitaldeasturias.com\/noticias\/donald-trump-somos-un-pais-de-leyes-debemos-tener-fronteras\/#authorImage","url":"https:\/\/secure.gravatar.com\/avatar\/df2aeffc32bcd13f8d26072ef8a91b623d677766deac7f97ca815868cd41bf5e?s=96&d=mm&r=g","width":96,"height":96,"caption":"El Digital de Asturias"}},{"@type":"WebPage","@id":"https:\/\/www.eldigitaldeasturias.com\/noticias\/donald-trump-somos-un-pais-de-leyes-debemos-tener-fronteras\/#webpage","url":"https:\/\/www.eldigitaldeasturias.com\/noticias\/donald-trump-somos-un-pais-de-leyes-debemos-tener-fronteras\/","name":"Donald Trump: \u00abSomos un pa\u00eds de leyes. Debemos tener fronteras\u00bb - El Digital de Asturias","description":"Washington, 30 abr (dpa) - El presidente Donald Trump utiliz\u00f3 hoy la llegada de la caravana de migrantes centroamericanos a la frontera de M\u00e9xico con Estados Unidos como ejemplo de por qu\u00e9 el pa\u00eds necesita construir su pol\u00e9mico muro fronterizo. \"Tienen que estar en muy buena forma, pero un peque\u00f1o porcentaje (de los llegados con","inLanguage":"es-ES","isPartOf":{"@id":"https:\/\/www.eldigitaldeasturias.com\/noticias\/#website"},"breadcrumb":{"@id":"https:\/\/www.eldigitaldeasturias.com\/noticias\/donald-trump-somos-un-pais-de-leyes-debemos-tener-fronteras\/#breadcrumblist"},"author":{"@id":"https:\/\/www.eldigitaldeasturias.com\/noticias\/author\/admin\/#author"},"creator":{"@id":"https:\/\/www.eldigitaldeasturias.com\/noticias\/author\/admin\/#author"},"image":{"@type":"ImageObject","url":977530,"@id":"https:\/\/www.eldigitaldeasturias.com\/noticias\/donald-trump-somos-un-pais-de-leyes-debemos-tener-fronteras\/#mainImage"},"primaryImageOfPage":{"@id":"https:\/\/www.eldigitaldeasturias.com\/noticias\/donald-trump-somos-un-pais-de-leyes-debemos-tener-fronteras\/#mainImage"},"datePublished":"2018-04-30T23:15:07+02:00","dateModified":"2018-04-30T23:15:07+02:00"},{"@type":"WebSite","@id":"https:\/\/www.eldigitaldeasturias.com\/noticias\/#website","url":"https:\/\/www.eldigitaldeasturias.com\/noticias\/","name":"El Digital de Asturias - Diario de actualidad y noticias","alternateName":"El Digital de Asturias - Diario de actualidad y noticias","description":"Hemeroteca","inLanguage":"es-ES","publisher":{"@id":"https:\/\/www.eldigitaldeasturias.com\/noticias\/#organization"}}]},"og:locale":"es_ES","og:site_name":"El Digital de Asturias","og:type":"article","og:title":"Donald Trump: \u00abSomos un pa\u00eds de leyes. Debemos tener fronteras\u00bb - El Digital de Asturias","og:description":"Washington, 30 abr (dpa) - El presidente Donald Trump utiliz\u00f3 hoy la llegada de la caravana de migrantes centroamericanos a la frontera de M\u00e9xico con Estados Unidos como ejemplo de por qu\u00e9 el pa\u00eds necesita construir su pol\u00e9mico muro fronterizo. &quot;Tienen que estar en muy buena forma, pero un peque\u00f1o porcentaje (de los llegados con","og:url":"https:\/\/www.eldigitaldeasturias.com\/noticias\/donald-trump-somos-un-pais-de-leyes-debemos-tener-fronteras\/","article:tag":["actualidad"],"article:published_time":"2018-04-30T23:15:07+00:00","article:modified_time":"2018-04-30T23:15:07+00:00","article:publisher":"https:\/\/facebook.com\/eldigitaldeasturias","twitter:card":"summary_large_image","twitter:title":"Donald Trump: \u00abSomos un pa\u00eds de leyes. Debemos tener fronteras\u00bb - El Digital de Asturias","twitter:description":"Washington, 30 abr (dpa) - El presidente Donald Trump utiliz\u00f3 hoy la llegada de la caravana de migrantes centroamericanos a la frontera de M\u00e9xico con Estados Unidos como ejemplo de por qu\u00e9 el pa\u00eds necesita construir su pol\u00e9mico muro fronterizo. &quot;Tienen que estar en muy buena forma, pero un peque\u00f1o porcentaje (de los llegados con","twitter:image":"https:\/\/www.eldigitaldeasturias.com\/noticias\/wp-content\/uploads\/2020\/12\/EDA-1.jpg","twitter:label1":"Escrito por","twitter:data1":"El Digital de Asturias","twitter:label2":"Tiempo de lectura estimado","twitter:data2":"2 minutos"},"aioseo_meta_data":{"post_id":"978368","title":null,"description":null,"keywords":null,"keyphrases":null,"primary_term":null,"canonical_url":null,"og_title":null,"og_description":null,"og_object_type":"default","og_image_type":"default","og_image_url":null,"og_image_width":null,"og_image_height":null,"og_image_custom_url":null,"og_image_custom_fields":null,"og_video":null,"og_custom_url":null,"og_article_section":null,"og_article_tags":null,"twitter_use_og":false,"twitter_card":"default","twitter_image_type":"default","twitter_image_url":null,"twitter_image_custom_url":null,"twitter_image_custom_fields":null,"twitter_title":null,"twitter_description":null,"schema":{"blockGraphs":[],"customGraphs":[],"default":{"data":{"Article":[],"Course":[],"Dataset":[],"FAQPage":[],"Movie":[],"Person":[],"Product":[],"ProductReview":[],"Car":[],"Recipe":[],"Service":[],"SoftwareApplication":[],"WebPage":[]},"graphName":"","isEnabled":true},"graphs":[],"defaultGraph":"","defaultPostTypeGraph":""},"schema_type":null,"schema_type_options":null,"pillar_content":false,"robots_default":true,"robots_noindex":false,"robots_noarchive":false,"robots_nosnippet":false,"robots_nofollow":false,"robots_noimageindex":false,"robots_noodp":false,"robots_notranslate":false,"robots_max_snippet":null,"robots_max_videopreview":null,"robots_max_imagepreview":"large","priority":null,"frequency":null,"local_seo":null,"seo_analyzer_scan_date":"2025-10-08 10:36:07","breadcrumb_settings":null,"limit_modified_date":false,"open_ai":null,"ai":null,"created":"2020-12-21 12:02:38","updated":"2025-10-08 10:36:07","focus_keyword":null,"additional_keywords":null,"truseo_locale":null},"aioseo_breadcrumb":"<div class=\"aioseo-breadcrumbs\"><span class=\"aioseo-breadcrumb\">\n\t<a href=\"https:\/\/www.eldigitaldeasturias.com\/noticias\" title=\"Home\">Home<\/a>\n<\/span><span class=\"aioseo-breadcrumb-separator\">\u2013<\/span><span class=\"aioseo-breadcrumb\">\n\t<a href=\"https:\/\/www.eldigitaldeasturias.com\/noticias\/category\/actualidad\/\" title=\"Actualidad\">Actualidad<\/a>\n<\/span><span class=\"aioseo-breadcrumb-separator\">\u2013<\/span><span class=\"aioseo-breadcrumb\">\n\t<a href=\"https:\/\/www.eldigitaldeasturias.com\/noticias\/donald-trump-somos-un-pais-de-leyes-debemos-tener-fronteras\/\" title=\"Donald Trump: \u00abSomos un pa\u00eds de leyes. Debemos tener fronteras\u00bb\">Donald Trump: \u00abSomos un pa\u00eds de leyes. Debemos tener fronteras\u00bb<\/a>\n<\/span><\/div>","aioseo_breadcrumb_json":[{"label":"Home","link":"https:\/\/www.eldigitaldeasturias.com\/noticias"},{"label":"Actualidad","link":"https:\/\/www.eldigitaldeasturias.com\/noticias\/category\/actualidad\/"},{"label":"Donald Trump: \u00abSomos un pa\u00eds de leyes. Debemos tener fronteras\u00bb","link":"https:\/\/www.eldigitaldeasturias.com\/noticias\/donald-trump-somos-un-pais-de-leyes-debemos-tener-fronteras\/"}],"_links":{"self":[{"href":"https:\/\/www.eldigitaldeasturias.com\/noticias\/wp-json\/wp\/v2\/posts\/978368","targetHints":{"allow":["GET"]}}],"collection":[{"href":"https:\/\/www.eldigitaldeasturias.com\/noticias\/wp-json\/wp\/v2\/posts"}],"about":[{"href":"https:\/\/www.eldigitaldeasturias.com\/noticias\/wp-json\/wp\/v2\/types\/post"}],"author":[{"embeddable":true,"href":"https:\/\/www.eldigitaldeasturias.com\/noticias\/wp-json\/wp\/v2\/users\/1"}],"replies":[{"embeddable":true,"href":"https:\/\/www.eldigitaldeasturias.com\/noticias\/wp-json\/wp\/v2\/comments?post=978368"}],"version-history":[{"count":0,"href":"https:\/\/www.eldigitaldeasturias.com\/noticias\/wp-json\/wp\/v2\/posts\/978368\/revisions"}],"wp:attachment":[{"href":"https:\/\/www.eldigitaldeasturias.com\/noticias\/wp-json\/wp\/v2\/media?parent=978368"}],"wp:term":[{"taxonomy":"category","embeddable":true,"href":"https:\/\/www.eldigitaldeasturias.com\/noticias\/wp-json\/wp\/v2\/categories?post=978368"},{"taxonomy":"post_tag","embeddable":true,"href":"https:\/\/www.eldigitaldeasturias.com\/noticias\/wp-json\/wp\/v2\/tags?post=978368"}],"curies":[{"name":"wp","href":"https:\/\/api.w.org\/{rel}","templated":true}]}}