{"id":978347,"date":"2018-04-30T22:56:23","date_gmt":"2018-04-30T22:56:23","guid":{"rendered":"http:\/\/www.eldigitaldeasturias.com\/noticias\/?p=978347"},"modified":"2018-04-30T22:56:23","modified_gmt":"2018-04-30T22:56:23","slug":"crece-el-temor-por-un-posible-conflicto-entre-israel-e-iran","status":"publish","type":"post","link":"https:\/\/www.eldigitaldeasturias.com\/noticias\/crece-el-temor-por-un-posible-conflicto-entre-israel-e-iran\/","title":{"rendered":"Crece el temor por un posible conflicto entre Israel e Ir\u00e1n"},"content":{"rendered":"<p><img loading=\"lazy\" decoding=\"async\" class=\"alignleft size-medium wp-image-870944\" src=\"https:\/\/www.eldigitaldeasturias.com\/noticias\/wp-content\/uploads\/2016\/04\/fotonoticia_20160405100235_800-360x244.jpg\" alt=\"\" width=\"360\" height=\"244\" \/>Damasco\/Jerusal\u00e9n\/Teher\u00e1n, 30 abr (dpa) &#8211; Nuevos ataques contra objetivos militares en Siria, entre ellos instalaciones de milicias iran\u00edes, hicieron crecer la preocupaci\u00f3n hoy por un posible conflicto entre Israel e Ir\u00e1n.<\/p>\n<p>Al menos 26 personas murieron y otras 60 resultaron heridas en ataques la noche del domingo en varios puntos del pa\u00eds, inform\u00f3 hoy el Observatorio Sirio de los Derechos Humanos, que basa sus informaciones en una red de activistas sobre el terreno.<\/p>\n<p>Por el momento se desconoce qui\u00e9n lanz\u00f3 los proyectiles, pero diversos medios estatales sirios sugirieron que Israel podr\u00eda estar detr\u00e1s de los ataques y que el objetivo era bombardear posiciones iran\u00edes.<\/p>\n<p>Horas antes del ataque, el ministro israel\u00ed de Defensa, Avigdor Lieberman, hab\u00eda explicado que el Ej\u00e9rcito se reservaba el derecho de llevar a cabo nuevas acciones en Siria. Israel considera que las instalaciones militares iran\u00edes y los almacenes de misiles en Siria suponen una amenaza directa para su seguridad.<\/p>\n<p>Tras el ataque, el Ej\u00e9rcito israel\u00ed no hizo declaraciones al respecto. \u00abIr\u00e1n debe retirarse de Siria\u00bb, se\u00f1al\u00f3 sin embargo el ministro de los Servicios Secretos, Israel Katz. Adem\u00e1s apunt\u00f3 que su pa\u00eds no va a permitir que se erija un frente iran\u00ed en el norte de Siria. \u00abSe har\u00e1 todo lo que sea necesario\u00bb.<\/p>\n<p>El primer ministro de Israel, Benjamin Netanyahu, har\u00e1 esta tarde un importante anuncio sobre el acuerdo nuclear de Ir\u00e1n, seg\u00fan adelant\u00f3 su oficina. El anuncio de las 20:00 horas (17:00 GMT) seguir\u00e1 a una reuni\u00f3n de urgencia del jefe de Gobierno con su gabinete de seguridad sobre el mismo tema.<\/p>\n<p>Medios israel\u00edes apuntaron hoy que presentar\u00e1 informaci\u00f3n \u00abdram\u00e1tica\u00bb de los servicios secretos que probar\u00eda que Teher\u00e1n ha violado el acuerdo firmado en 2015.<\/p>\n<p>Netanyahu es el mayor cr\u00edtico del acuerdo firmado en 2015 entre Ir\u00e1n y seis pa\u00edses -Estados Unidos, Rusia, China, Reino Unido, Francia y Alemania- que limita al menos durante diez a\u00f1os la actividad nuclear del pa\u00eds persa, a cambio del levantamiento de las sanciones econ\u00f3micas.<\/p>\n<p>En los ataques en Siria, la mayor\u00eda de las v\u00edctimas son iran\u00edes y murieron durante un bombardeo contra el cuartel general de la brigada 47, ubicado al oeste de la ciudad de Hama, seg\u00fan los activistas.<\/p>\n<p>Sin embargo Ir\u00e1n desminti\u00f3 hoy que soldados de su pa\u00eds hayan perdido la vida en Hama, comunic\u00f3 la agencia de noticias Isna citando a una fuente no identificada. Poco antes, Isna hab\u00eda informado de la muerte de 18 soldadados iran\u00edes citando a fuentes extranjeras.<\/p>\n<p>Simult\u00e1neamente, el Ministerio de Exteriores en Teher\u00e1n neg\u00f3 las acusaciones de Estados Unidos y Arabia Saud\u00ed de la supuesta injerencia de Ir\u00e1n en Siria y Yemen.<\/p>\n<p>En la madrugada del domingo se oyeron intensas explosiones en varias instalaciones del Ej\u00e9rcito sirio y de milicias iran\u00edes en el centro del pa\u00eds. El Observatorio comunic\u00f3 que los misiles tambi\u00e9n alcanzaron bases cercanas al aeropuerto de Alepo. La televisi\u00f3n estatal mostr\u00f3 im\u00e1genes de las explosiones.<\/p>\n<p>Ir\u00e1n es junto a Rusia un estrecho aliado del Gobierno sirio de Bashar al Assad. El 9 de abril, Rusia y Siria responsabilizaron a Israel por bombardeos sobre bases militares cercanas a Homs con al menos 14 muertos.<\/p>\n","protected":false},"excerpt":{"rendered":"<p>Damasco\/Jerusal\u00e9n\/Teher\u00e1n, 30 abr (dpa) &#8211; Nuevos ataques contra objetivos militares en Siria, entre ellos instalaciones de milicias iran\u00edes, hicieron crecer la preocupaci\u00f3n hoy por un posible conflicto entre Israel e Ir\u00e1n. Al menos 26 personas murieron y otras 60 resultaron heridas en ataques la noche del domingo en varios puntos del pa\u00eds, inform\u00f3 hoy el [&hellip;]<\/p>\n","protected":false},"author":1,"featured_media":870944,"comment_status":"closed","ping_status":"closed","sticky":false,"template":"","format":"standard","meta":{"footnotes":""},"categories":[1],"tags":[],"class_list":["post-978347","post","type-post","status-publish","format-standard","has-post-thumbnail","hentry","category-actualidad"],"aioseo_notices":[],"aioseo_head":"\n\t\t<!-- All in One SEO Pro 5.0.1 - aioseo.com -->\n\t<meta name=\"description\" content=\"Damasco\/Jerusal\u00e9n\/Teher\u00e1n, 30 abr (dpa) - Nuevos ataques contra objetivos militares en Siria, entre ellos instalaciones de milicias iran\u00edes, hicieron crecer la preocupaci\u00f3n hoy por un posible conflicto entre Israel e Ir\u00e1n. Al menos 26 personas murieron y otras 60 resultaron heridas en ataques la noche del domingo en varios puntos del pa\u00eds, inform\u00f3 hoy el\" \/>\n\t<meta name=\"robots\" content=\"max-image-preview:large\" \/>\n\t<meta name=\"author\" content=\"El Digital de Asturias\"\/>\n\t<meta name=\"google-site-verification\" content=\"UA-38556648-1\" \/>\n\t<meta name=\"msvalidate.01\" content=\"7dfe9f3f1b24437ab69f4f2559babe99\" \/>\n\t<meta name=\"keywords\" content=\"actualidad\" \/>\n\t<link rel=\"canonical\" href=\"https:\/\/www.eldigitaldeasturias.com\/noticias\/crece-el-temor-por-un-posible-conflicto-entre-israel-e-iran\/\" \/>\n\t<meta name=\"generator\" content=\"All in One SEO Pro (AIOSEO) 5.0.1\" \/>\n\t\t<meta property=\"og:locale\" content=\"es_ES\" \/>\n\t\t<meta property=\"og:site_name\" content=\"El Digital de Asturias\" \/>\n\t\t<meta property=\"og:type\" content=\"article\" \/>\n\t\t<meta property=\"og:title\" content=\"Crece el temor por un posible conflicto entre Israel e Ir\u00e1n - El Digital de Asturias\" \/>\n\t\t<meta property=\"og:description\" content=\"Damasco\/Jerusal\u00e9n\/Teher\u00e1n, 30 abr (dpa) - Nuevos ataques contra objetivos militares en Siria, entre ellos instalaciones de milicias iran\u00edes, hicieron crecer la preocupaci\u00f3n hoy por un posible conflicto entre Israel e Ir\u00e1n. Al menos 26 personas murieron y otras 60 resultaron heridas en ataques la noche del domingo en varios puntos del pa\u00eds, inform\u00f3 hoy el\" \/>\n\t\t<meta property=\"og:url\" content=\"https:\/\/www.eldigitaldeasturias.com\/noticias\/crece-el-temor-por-un-posible-conflicto-entre-israel-e-iran\/\" \/>\n\t\t<meta property=\"article:tag\" content=\"actualidad\" \/>\n\t\t<meta property=\"article:published_time\" content=\"2018-04-30T22:56:23+00:00\" \/>\n\t\t<meta property=\"article:modified_time\" content=\"2018-04-30T22:56:23+00:00\" \/>\n\t\t<meta property=\"article:publisher\" content=\"https:\/\/facebook.com\/eldigitaldeasturias\" \/>\n\t\t<meta name=\"twitter:card\" content=\"summary_large_image\" \/>\n\t\t<meta name=\"twitter:title\" content=\"Crece el temor por un posible conflicto entre Israel e Ir\u00e1n - El Digital de Asturias\" \/>\n\t\t<meta name=\"twitter:description\" content=\"Damasco\/Jerusal\u00e9n\/Teher\u00e1n, 30 abr (dpa) - Nuevos ataques contra objetivos militares en Siria, entre ellos instalaciones de milicias iran\u00edes, hicieron crecer la preocupaci\u00f3n hoy por un posible conflicto entre Israel e Ir\u00e1n. Al menos 26 personas murieron y otras 60 resultaron heridas en ataques la noche del domingo en varios puntos del pa\u00eds, inform\u00f3 hoy el\" \/>\n\t\t<meta name=\"twitter:image\" content=\"https:\/\/www.eldigitaldeasturias.com\/noticias\/wp-content\/uploads\/2020\/12\/EDA-1.jpg\" \/>\n\t\t<meta name=\"twitter:label1\" content=\"Escrito por\" \/>\n\t\t<meta name=\"twitter:data1\" content=\"El Digital de Asturias\" \/>\n\t\t<meta name=\"twitter:label2\" content=\"Tiempo de lectura estimado\" \/>\n\t\t<meta name=\"twitter:data2\" content=\"3 minutos\" \/>\n\t\t<script type=\"application\/ld+json\" class=\"aioseo-schema\">\n\t\t\t{\"@context\":\"https:\\\/\\\/schema.org\",\"@graph\":[{\"@type\":\"BlogPosting\",\"@id\":\"https:\\\/\\\/www.eldigitaldeasturias.com\\\/noticias\\\/crece-el-temor-por-un-posible-conflicto-entre-israel-e-iran\\\/#blogposting\",\"name\":\"Crece el temor por un posible conflicto entre Israel e Ir\\u00e1n - El Digital de Asturias\",\"headline\":\"Crece el temor por un posible conflicto entre Israel e Ir\\u00e1n\",\"author\":{\"@id\":\"https:\\\/\\\/www.eldigitaldeasturias.com\\\/noticias\\\/author\\\/admin\\\/#author\"},\"publisher\":{\"@id\":\"https:\\\/\\\/www.eldigitaldeasturias.com\\\/noticias\\\/#organization\"},\"image\":{\"@type\":\"ImageObject\",\"url\":870944},\"datePublished\":\"2018-04-30T22:56:23+02:00\",\"dateModified\":\"2018-04-30T22:56:23+02:00\",\"inLanguage\":\"es-ES\",\"mainEntityOfPage\":{\"@id\":\"https:\\\/\\\/www.eldigitaldeasturias.com\\\/noticias\\\/crece-el-temor-por-un-posible-conflicto-entre-israel-e-iran\\\/#webpage\"},\"isPartOf\":{\"@id\":\"https:\\\/\\\/www.eldigitaldeasturias.com\\\/noticias\\\/crece-el-temor-por-un-posible-conflicto-entre-israel-e-iran\\\/#webpage\"},\"articleSection\":\"Actualidad\"},{\"@type\":\"BreadcrumbList\",\"@id\":\"https:\\\/\\\/www.eldigitaldeasturias.com\\\/noticias\\\/crece-el-temor-por-un-posible-conflicto-entre-israel-e-iran\\\/#breadcrumblist\",\"itemListElement\":[{\"@type\":\"ListItem\",\"@id\":\"https:\\\/\\\/www.eldigitaldeasturias.com\\\/noticias#listItem\",\"position\":1,\"name\":\"Home\",\"item\":\"https:\\\/\\\/www.eldigitaldeasturias.com\\\/noticias\",\"nextItem\":{\"@type\":\"ListItem\",\"@id\":\"https:\\\/\\\/www.eldigitaldeasturias.com\\\/noticias\\\/category\\\/actualidad\\\/#listItem\",\"name\":\"Actualidad\"}},{\"@type\":\"ListItem\",\"@id\":\"https:\\\/\\\/www.eldigitaldeasturias.com\\\/noticias\\\/category\\\/actualidad\\\/#listItem\",\"position\":2,\"name\":\"Actualidad\",\"item\":\"https:\\\/\\\/www.eldigitaldeasturias.com\\\/noticias\\\/category\\\/actualidad\\\/\",\"nextItem\":{\"@type\":\"ListItem\",\"@id\":\"https:\\\/\\\/www.eldigitaldeasturias.com\\\/noticias\\\/crece-el-temor-por-un-posible-conflicto-entre-israel-e-iran\\\/#listItem\",\"name\":\"Crece el temor por un posible conflicto entre Israel e Ir\\u00e1n\"},\"previousItem\":{\"@type\":\"ListItem\",\"@id\":\"https:\\\/\\\/www.eldigitaldeasturias.com\\\/noticias#listItem\",\"name\":\"Home\"}},{\"@type\":\"ListItem\",\"@id\":\"https:\\\/\\\/www.eldigitaldeasturias.com\\\/noticias\\\/crece-el-temor-por-un-posible-conflicto-entre-israel-e-iran\\\/#listItem\",\"position\":3,\"name\":\"Crece el temor por un posible conflicto entre Israel e Ir\\u00e1n\",\"previousItem\":{\"@type\":\"ListItem\",\"@id\":\"https:\\\/\\\/www.eldigitaldeasturias.com\\\/noticias\\\/category\\\/actualidad\\\/#listItem\",\"name\":\"Actualidad\"}}]},{\"@type\":\"Organization\",\"@id\":\"https:\\\/\\\/www.eldigitaldeasturias.com\\\/noticias\\\/#organization\",\"name\":\"El Digital de Asturias\",\"description\":\"Hemeroteca\",\"url\":\"https:\\\/\\\/www.eldigitaldeasturias.com\\\/noticias\\\/\",\"email\":\"info@eldigitaldeasturias.com\",\"telephone\":\"+34652131393\",\"logo\":{\"@type\":\"ImageObject\",\"url\":\"https:\\\/\\\/www.eldigitaldeasturias.com\\\/noticias\\\/wp-content\\\/uploads\\\/2020\\\/12\\\/EDA.jpg\",\"@id\":\"https:\\\/\\\/www.eldigitaldeasturias.com\\\/noticias\\\/crece-el-temor-por-un-posible-conflicto-entre-israel-e-iran\\\/#organizationLogo\"},\"image\":{\"@id\":\"https:\\\/\\\/www.eldigitaldeasturias.com\\\/noticias\\\/crece-el-temor-por-un-posible-conflicto-entre-israel-e-iran\\\/#organizationLogo\"},\"sameAs\":[\"https:\\\/\\\/facebook.com\\\/eldigitaldeasturias\",\"https:\\\/\\\/www.youtube.com\\\/channel\\\/UCZP-2wLEB9Rv6erhFmqVnvg\"],\"address\":{\"@id\":\"https:\\\/\\\/www.eldigitaldeasturias.com\\\/noticias\\\/#postaladdress\",\"@type\":\"PostalAddress\",\"streetAddress\":\"san antonio 4\",\"postalCode\":\"33430\",\"addressLocality\":\"Cand\\u00e1s\",\"addressRegion\":\"Asturias\",\"addressCountry\":\"ES\"}},{\"@type\":\"Person\",\"@id\":\"https:\\\/\\\/www.eldigitaldeasturias.com\\\/noticias\\\/author\\\/admin\\\/#author\",\"url\":\"https:\\\/\\\/www.eldigitaldeasturias.com\\\/noticias\\\/author\\\/admin\\\/\",\"name\":\"El Digital de Asturias\",\"image\":{\"@type\":\"ImageObject\",\"@id\":\"https:\\\/\\\/www.eldigitaldeasturias.com\\\/noticias\\\/crece-el-temor-por-un-posible-conflicto-entre-israel-e-iran\\\/#authorImage\",\"url\":\"https:\\\/\\\/secure.gravatar.com\\\/avatar\\\/df2aeffc32bcd13f8d26072ef8a91b623d677766deac7f97ca815868cd41bf5e?s=96&d=mm&r=g\",\"width\":96,\"height\":96,\"caption\":\"El Digital de Asturias\"}},{\"@type\":\"WebPage\",\"@id\":\"https:\\\/\\\/www.eldigitaldeasturias.com\\\/noticias\\\/crece-el-temor-por-un-posible-conflicto-entre-israel-e-iran\\\/#webpage\",\"url\":\"https:\\\/\\\/www.eldigitaldeasturias.com\\\/noticias\\\/crece-el-temor-por-un-posible-conflicto-entre-israel-e-iran\\\/\",\"name\":\"Crece el temor por un posible conflicto entre Israel e Ir\\u00e1n - El Digital de Asturias\",\"description\":\"Damasco\\\/Jerusal\\u00e9n\\\/Teher\\u00e1n, 30 abr (dpa) - Nuevos ataques contra objetivos militares en Siria, entre ellos instalaciones de milicias iran\\u00edes, hicieron crecer la preocupaci\\u00f3n hoy por un posible conflicto entre Israel e Ir\\u00e1n. Al menos 26 personas murieron y otras 60 resultaron heridas en ataques la noche del domingo en varios puntos del pa\\u00eds, inform\\u00f3 hoy el\",\"inLanguage\":\"es-ES\",\"isPartOf\":{\"@id\":\"https:\\\/\\\/www.eldigitaldeasturias.com\\\/noticias\\\/#website\"},\"breadcrumb\":{\"@id\":\"https:\\\/\\\/www.eldigitaldeasturias.com\\\/noticias\\\/crece-el-temor-por-un-posible-conflicto-entre-israel-e-iran\\\/#breadcrumblist\"},\"author\":{\"@id\":\"https:\\\/\\\/www.eldigitaldeasturias.com\\\/noticias\\\/author\\\/admin\\\/#author\"},\"creator\":{\"@id\":\"https:\\\/\\\/www.eldigitaldeasturias.com\\\/noticias\\\/author\\\/admin\\\/#author\"},\"image\":{\"@type\":\"ImageObject\",\"url\":870944,\"@id\":\"https:\\\/\\\/www.eldigitaldeasturias.com\\\/noticias\\\/crece-el-temor-por-un-posible-conflicto-entre-israel-e-iran\\\/#mainImage\"},\"primaryImageOfPage\":{\"@id\":\"https:\\\/\\\/www.eldigitaldeasturias.com\\\/noticias\\\/crece-el-temor-por-un-posible-conflicto-entre-israel-e-iran\\\/#mainImage\"},\"datePublished\":\"2018-04-30T22:56:23+02:00\",\"dateModified\":\"2018-04-30T22:56:23+02:00\"},{\"@type\":\"WebSite\",\"@id\":\"https:\\\/\\\/www.eldigitaldeasturias.com\\\/noticias\\\/#website\",\"url\":\"https:\\\/\\\/www.eldigitaldeasturias.com\\\/noticias\\\/\",\"name\":\"El Digital de Asturias - Diario de actualidad y noticias\",\"alternateName\":\"El Digital de Asturias - Diario de actualidad y noticias\",\"description\":\"Hemeroteca\",\"inLanguage\":\"es-ES\",\"publisher\":{\"@id\":\"https:\\\/\\\/www.eldigitaldeasturias.com\\\/noticias\\\/#organization\"}}]}\n\t\t<\/script>\n\t\t<!-- All in One SEO Pro -->\r\n\t\t<title>Crece el temor por un posible conflicto entre Israel e Ir\u00e1n - El Digital de Asturias<\/title>\n\n","aioseo_head_json":{"title":"Crece el temor por un posible conflicto entre Israel e Ir\u00e1n - El Digital de Asturias","description":"Damasco\/Jerusal\u00e9n\/Teher\u00e1n, 30 abr (dpa) - Nuevos ataques contra objetivos militares en Siria, entre ellos instalaciones de milicias iran\u00edes, hicieron crecer la preocupaci\u00f3n hoy por un posible conflicto entre Israel e Ir\u00e1n. Al menos 26 personas murieron y otras 60 resultaron heridas en ataques la noche del domingo en varios puntos del pa\u00eds, inform\u00f3 hoy el","canonical_url":"https:\/\/www.eldigitaldeasturias.com\/noticias\/crece-el-temor-por-un-posible-conflicto-entre-israel-e-iran\/","robots":"max-image-preview:large","keywords":"actualidad","webmasterTools":{"google-site-verification":"UA-38556648-1","msvalidate.01":"7dfe9f3f1b24437ab69f4f2559babe99","miscellaneous":""},"schema":{"@context":"https:\/\/schema.org","@graph":[{"@type":"BlogPosting","@id":"https:\/\/www.eldigitaldeasturias.com\/noticias\/crece-el-temor-por-un-posible-conflicto-entre-israel-e-iran\/#blogposting","name":"Crece el temor por un posible conflicto entre Israel e Ir\u00e1n - El Digital de Asturias","headline":"Crece el temor por un posible conflicto entre Israel e Ir\u00e1n","author":{"@id":"https:\/\/www.eldigitaldeasturias.com\/noticias\/author\/admin\/#author"},"publisher":{"@id":"https:\/\/www.eldigitaldeasturias.com\/noticias\/#organization"},"image":{"@type":"ImageObject","url":870944},"datePublished":"2018-04-30T22:56:23+02:00","dateModified":"2018-04-30T22:56:23+02:00","inLanguage":"es-ES","mainEntityOfPage":{"@id":"https:\/\/www.eldigitaldeasturias.com\/noticias\/crece-el-temor-por-un-posible-conflicto-entre-israel-e-iran\/#webpage"},"isPartOf":{"@id":"https:\/\/www.eldigitaldeasturias.com\/noticias\/crece-el-temor-por-un-posible-conflicto-entre-israel-e-iran\/#webpage"},"articleSection":"Actualidad"},{"@type":"BreadcrumbList","@id":"https:\/\/www.eldigitaldeasturias.com\/noticias\/crece-el-temor-por-un-posible-conflicto-entre-israel-e-iran\/#breadcrumblist","itemListElement":[{"@type":"ListItem","@id":"https:\/\/www.eldigitaldeasturias.com\/noticias#listItem","position":1,"name":"Home","item":"https:\/\/www.eldigitaldeasturias.com\/noticias","nextItem":{"@type":"ListItem","@id":"https:\/\/www.eldigitaldeasturias.com\/noticias\/category\/actualidad\/#listItem","name":"Actualidad"}},{"@type":"ListItem","@id":"https:\/\/www.eldigitaldeasturias.com\/noticias\/category\/actualidad\/#listItem","position":2,"name":"Actualidad","item":"https:\/\/www.eldigitaldeasturias.com\/noticias\/category\/actualidad\/","nextItem":{"@type":"ListItem","@id":"https:\/\/www.eldigitaldeasturias.com\/noticias\/crece-el-temor-por-un-posible-conflicto-entre-israel-e-iran\/#listItem","name":"Crece el temor por un posible conflicto entre Israel e Ir\u00e1n"},"previousItem":{"@type":"ListItem","@id":"https:\/\/www.eldigitaldeasturias.com\/noticias#listItem","name":"Home"}},{"@type":"ListItem","@id":"https:\/\/www.eldigitaldeasturias.com\/noticias\/crece-el-temor-por-un-posible-conflicto-entre-israel-e-iran\/#listItem","position":3,"name":"Crece el temor por un posible conflicto entre Israel e Ir\u00e1n","previousItem":{"@type":"ListItem","@id":"https:\/\/www.eldigitaldeasturias.com\/noticias\/category\/actualidad\/#listItem","name":"Actualidad"}}]},{"@type":"Organization","@id":"https:\/\/www.eldigitaldeasturias.com\/noticias\/#organization","name":"El Digital de Asturias","description":"Hemeroteca","url":"https:\/\/www.eldigitaldeasturias.com\/noticias\/","email":"info@eldigitaldeasturias.com","telephone":"+34652131393","logo":{"@type":"ImageObject","url":"https:\/\/www.eldigitaldeasturias.com\/noticias\/wp-content\/uploads\/2020\/12\/EDA.jpg","@id":"https:\/\/www.eldigitaldeasturias.com\/noticias\/crece-el-temor-por-un-posible-conflicto-entre-israel-e-iran\/#organizationLogo"},"image":{"@id":"https:\/\/www.eldigitaldeasturias.com\/noticias\/crece-el-temor-por-un-posible-conflicto-entre-israel-e-iran\/#organizationLogo"},"sameAs":["https:\/\/facebook.com\/eldigitaldeasturias","https:\/\/www.youtube.com\/channel\/UCZP-2wLEB9Rv6erhFmqVnvg"],"address":{"@id":"https:\/\/www.eldigitaldeasturias.com\/noticias\/#postaladdress","@type":"PostalAddress","streetAddress":"san antonio 4","postalCode":"33430","addressLocality":"Cand\u00e1s","addressRegion":"Asturias","addressCountry":"ES"}},{"@type":"Person","@id":"https:\/\/www.eldigitaldeasturias.com\/noticias\/author\/admin\/#author","url":"https:\/\/www.eldigitaldeasturias.com\/noticias\/author\/admin\/","name":"El Digital de Asturias","image":{"@type":"ImageObject","@id":"https:\/\/www.eldigitaldeasturias.com\/noticias\/crece-el-temor-por-un-posible-conflicto-entre-israel-e-iran\/#authorImage","url":"https:\/\/secure.gravatar.com\/avatar\/df2aeffc32bcd13f8d26072ef8a91b623d677766deac7f97ca815868cd41bf5e?s=96&d=mm&r=g","width":96,"height":96,"caption":"El Digital de Asturias"}},{"@type":"WebPage","@id":"https:\/\/www.eldigitaldeasturias.com\/noticias\/crece-el-temor-por-un-posible-conflicto-entre-israel-e-iran\/#webpage","url":"https:\/\/www.eldigitaldeasturias.com\/noticias\/crece-el-temor-por-un-posible-conflicto-entre-israel-e-iran\/","name":"Crece el temor por un posible conflicto entre Israel e Ir\u00e1n - El Digital de Asturias","description":"Damasco\/Jerusal\u00e9n\/Teher\u00e1n, 30 abr (dpa) - Nuevos ataques contra objetivos militares en Siria, entre ellos instalaciones de milicias iran\u00edes, hicieron crecer la preocupaci\u00f3n hoy por un posible conflicto entre Israel e Ir\u00e1n. Al menos 26 personas murieron y otras 60 resultaron heridas en ataques la noche del domingo en varios puntos del pa\u00eds, inform\u00f3 hoy el","inLanguage":"es-ES","isPartOf":{"@id":"https:\/\/www.eldigitaldeasturias.com\/noticias\/#website"},"breadcrumb":{"@id":"https:\/\/www.eldigitaldeasturias.com\/noticias\/crece-el-temor-por-un-posible-conflicto-entre-israel-e-iran\/#breadcrumblist"},"author":{"@id":"https:\/\/www.eldigitaldeasturias.com\/noticias\/author\/admin\/#author"},"creator":{"@id":"https:\/\/www.eldigitaldeasturias.com\/noticias\/author\/admin\/#author"},"image":{"@type":"ImageObject","url":870944,"@id":"https:\/\/www.eldigitaldeasturias.com\/noticias\/crece-el-temor-por-un-posible-conflicto-entre-israel-e-iran\/#mainImage"},"primaryImageOfPage":{"@id":"https:\/\/www.eldigitaldeasturias.com\/noticias\/crece-el-temor-por-un-posible-conflicto-entre-israel-e-iran\/#mainImage"},"datePublished":"2018-04-30T22:56:23+02:00","dateModified":"2018-04-30T22:56:23+02:00"},{"@type":"WebSite","@id":"https:\/\/www.eldigitaldeasturias.com\/noticias\/#website","url":"https:\/\/www.eldigitaldeasturias.com\/noticias\/","name":"El Digital de Asturias - Diario de actualidad y noticias","alternateName":"El Digital de Asturias - Diario de actualidad y noticias","description":"Hemeroteca","inLanguage":"es-ES","publisher":{"@id":"https:\/\/www.eldigitaldeasturias.com\/noticias\/#organization"}}]},"og:locale":"es_ES","og:site_name":"El Digital de Asturias","og:type":"article","og:title":"Crece el temor por un posible conflicto entre Israel e Ir\u00e1n - El Digital de Asturias","og:description":"Damasco\/Jerusal\u00e9n\/Teher\u00e1n, 30 abr (dpa) - Nuevos ataques contra objetivos militares en Siria, entre ellos instalaciones de milicias iran\u00edes, hicieron crecer la preocupaci\u00f3n hoy por un posible conflicto entre Israel e Ir\u00e1n. Al menos 26 personas murieron y otras 60 resultaron heridas en ataques la noche del domingo en varios puntos del pa\u00eds, inform\u00f3 hoy el","og:url":"https:\/\/www.eldigitaldeasturias.com\/noticias\/crece-el-temor-por-un-posible-conflicto-entre-israel-e-iran\/","article:tag":["actualidad"],"article:published_time":"2018-04-30T22:56:23+00:00","article:modified_time":"2018-04-30T22:56:23+00:00","article:publisher":"https:\/\/facebook.com\/eldigitaldeasturias","twitter:card":"summary_large_image","twitter:title":"Crece el temor por un posible conflicto entre Israel e Ir\u00e1n - El Digital de Asturias","twitter:description":"Damasco\/Jerusal\u00e9n\/Teher\u00e1n, 30 abr (dpa) - Nuevos ataques contra objetivos militares en Siria, entre ellos instalaciones de milicias iran\u00edes, hicieron crecer la preocupaci\u00f3n hoy por un posible conflicto entre Israel e Ir\u00e1n. Al menos 26 personas murieron y otras 60 resultaron heridas en ataques la noche del domingo en varios puntos del pa\u00eds, inform\u00f3 hoy el","twitter:image":"https:\/\/www.eldigitaldeasturias.com\/noticias\/wp-content\/uploads\/2020\/12\/EDA-1.jpg","twitter:label1":"Escrito por","twitter:data1":"El Digital de Asturias","twitter:label2":"Tiempo de lectura estimado","twitter:data2":"3 minutos"},"aioseo_meta_data":{"post_id":"978347","title":null,"description":null,"keywords":null,"keyphrases":null,"primary_term":null,"canonical_url":null,"og_title":null,"og_description":null,"og_object_type":"default","og_image_type":"default","og_image_url":null,"og_image_width":null,"og_image_height":null,"og_image_custom_url":null,"og_image_custom_fields":null,"og_video":null,"og_custom_url":null,"og_article_section":null,"og_article_tags":null,"twitter_use_og":false,"twitter_card":"default","twitter_image_type":"default","twitter_image_url":null,"twitter_image_custom_url":null,"twitter_image_custom_fields":null,"twitter_title":null,"twitter_description":null,"schema":{"blockGraphs":[],"customGraphs":[],"default":{"data":{"Article":[],"Course":[],"Dataset":[],"FAQPage":[],"Movie":[],"Person":[],"Product":[],"ProductReview":[],"Car":[],"Recipe":[],"Service":[],"SoftwareApplication":[],"WebPage":[]},"graphName":"","isEnabled":true},"graphs":[],"defaultGraph":"","defaultPostTypeGraph":""},"schema_type":null,"schema_type_options":null,"pillar_content":false,"robots_default":true,"robots_noindex":false,"robots_noarchive":false,"robots_nosnippet":false,"robots_nofollow":false,"robots_noimageindex":false,"robots_noodp":false,"robots_notranslate":false,"robots_max_snippet":null,"robots_max_videopreview":null,"robots_max_imagepreview":"large","priority":null,"frequency":null,"local_seo":null,"seo_analyzer_scan_date":"2025-10-08 10:32:12","breadcrumb_settings":null,"limit_modified_date":false,"open_ai":null,"ai":null,"created":"2020-12-21 12:02:38","updated":"2025-10-08 10:32:12","focus_keyword":null,"additional_keywords":null,"truseo_locale":null},"aioseo_breadcrumb":"<div class=\"aioseo-breadcrumbs\"><span class=\"aioseo-breadcrumb\">\n\t<a href=\"https:\/\/www.eldigitaldeasturias.com\/noticias\" title=\"Home\">Home<\/a>\n<\/span><span class=\"aioseo-breadcrumb-separator\">\u2013<\/span><span class=\"aioseo-breadcrumb\">\n\t<a href=\"https:\/\/www.eldigitaldeasturias.com\/noticias\/category\/actualidad\/\" title=\"Actualidad\">Actualidad<\/a>\n<\/span><span class=\"aioseo-breadcrumb-separator\">\u2013<\/span><span class=\"aioseo-breadcrumb\">\n\t<a href=\"https:\/\/www.eldigitaldeasturias.com\/noticias\/crece-el-temor-por-un-posible-conflicto-entre-israel-e-iran\/\" title=\"Crece el temor por un posible conflicto entre Israel e Ir\u00e1n\">Crece el temor por un posible conflicto entre Israel e Ir\u00e1n<\/a>\n<\/span><\/div>","aioseo_breadcrumb_json":[{"label":"Home","link":"https:\/\/www.eldigitaldeasturias.com\/noticias"},{"label":"Actualidad","link":"https:\/\/www.eldigitaldeasturias.com\/noticias\/category\/actualidad\/"},{"label":"Crece el temor por un posible conflicto entre Israel e Ir\u00e1n","link":"https:\/\/www.eldigitaldeasturias.com\/noticias\/crece-el-temor-por-un-posible-conflicto-entre-israel-e-iran\/"}],"_links":{"self":[{"href":"https:\/\/www.eldigitaldeasturias.com\/noticias\/wp-json\/wp\/v2\/posts\/978347","targetHints":{"allow":["GET"]}}],"collection":[{"href":"https:\/\/www.eldigitaldeasturias.com\/noticias\/wp-json\/wp\/v2\/posts"}],"about":[{"href":"https:\/\/www.eldigitaldeasturias.com\/noticias\/wp-json\/wp\/v2\/types\/post"}],"author":[{"embeddable":true,"href":"https:\/\/www.eldigitaldeasturias.com\/noticias\/wp-json\/wp\/v2\/users\/1"}],"replies":[{"embeddable":true,"href":"https:\/\/www.eldigitaldeasturias.com\/noticias\/wp-json\/wp\/v2\/comments?post=978347"}],"version-history":[{"count":0,"href":"https:\/\/www.eldigitaldeasturias.com\/noticias\/wp-json\/wp\/v2\/posts\/978347\/revisions"}],"wp:attachment":[{"href":"https:\/\/www.eldigitaldeasturias.com\/noticias\/wp-json\/wp\/v2\/media?parent=978347"}],"wp:term":[{"taxonomy":"category","embeddable":true,"href":"https:\/\/www.eldigitaldeasturias.com\/noticias\/wp-json\/wp\/v2\/categories?post=978347"},{"taxonomy":"post_tag","embeddable":true,"href":"https:\/\/www.eldigitaldeasturias.com\/noticias\/wp-json\/wp\/v2\/tags?post=978347"}],"curies":[{"name":"wp","href":"https:\/\/api.w.org\/{rel}","templated":true}]}}