{"id":978343,"date":"2018-04-30T22:51:29","date_gmt":"2018-04-30T22:51:29","guid":{"rendered":"http:\/\/www.eldigitaldeasturias.com\/noticias\/?p=978343"},"modified":"2018-04-30T22:51:29","modified_gmt":"2018-04-30T22:51:29","slug":"piden-la-dimision-de-rafael-catala-por-el-caso-de-la-manada","status":"publish","type":"post","link":"https:\/\/www.eldigitaldeasturias.com\/noticias\/piden-la-dimision-de-rafael-catala-por-el-caso-de-la-manada\/","title":{"rendered":"Piden la dimisi\u00f3n de Rafael Catal\u00e1 por el caso de \u00abLa Manada\u00bb"},"content":{"rendered":"<p><img loading=\"lazy\" decoding=\"async\" class=\"alignleft size-medium wp-image-971439\" src=\"https:\/\/www.eldigitaldeasturias.com\/noticias\/wp-content\/uploads\/2018\/03\/271115Catalaconsejo-360x239.jpg\" alt=\"\" width=\"360\" height=\"239\" \/>Madrid, 30 abr (dpa) &#8211; Todas las asociaciones de jueces y fiscales de Espa\u00f1a pidieron hoy la dimisi\u00f3n del ministro de Justicia, Rafael Catal\u00e1, debido a sus pol\u00e9micas declaraciones sobre el juicio por una denuncia de violaci\u00f3n grupal que sacudi\u00f3 a todo el pa\u00eds.<\/p>\n<p>Catal\u00e1 puso en duda la idoneidad de un juez que pidi\u00f3 absolver a cinco acusados de violar en grupo a una chica de 18 a\u00f1os en 2016, conocidos como \u00abLa Manada\u00bb por el grupo de WhatsApp que compart\u00edan, en un caso de enorme repercusi\u00f3n medi\u00e1tica en Espa\u00f1a.<\/p>\n<p>\u00abTodos en la carrera saben que tiene un problema singular\u00bb, dijo hoy Catal\u00e1 a la radio Cope sobre el juez, sin ofrecer m\u00e1s detalles. El ministro sostuvo incluso que el Consejo General del Poder Judicial (CGPJ) \u00abdeber\u00eda haber actuado preventivamente contra el magistrado que elev\u00f3 el voto particular\u00bb para evitar la situaci\u00f3n creada.<\/p>\n<p>\u00abLa labor del Consejo es ver si est\u00e1 en plenas facultades para ejercer su labor\u00bb, continu\u00f3 el ministro, seg\u00fan el cual el texto del juez en cuesti\u00f3n sobre el caso de \u00abLa Manada\u00bb incluye \u00abexpresiones y consideraciones impropias de un voto particular\u00bb.<\/p>\n<p>Las cr\u00edticas del ministro al juez fueron interpretadas como un \u00abverdadero peligro\u00bb por las siete asociaciones de jueces y fiscales de Espa\u00f1a, que atribuyeron a fines electorales las palabras de Catal\u00e1 y exigieron su dimisi\u00f3n.<\/p>\n<p>\u00abLos comentarios acerca de la capacitaci\u00f3n o no de un magistrado son una temeridad por quien ejerce como ministro de Justicia\u00bb, indicaron en un comunicado. \u00abHoy es por el juicio de &#8216;La Manada&#8217; pero ma\u00f1ana puede serlo por cualquier actuaci\u00f3n que no sea del agrado del ministro o de su Gobierno\u00bb.<\/p>\n<p>La violaci\u00f3n grupal denunciada por una chica de 18 a\u00f1os durante las populares fiestas taurinas de los Sanfermines en 2016 conmocion\u00f3 a la opini\u00f3n p\u00fablica en Espa\u00f1a. El caso volvi\u00f3 a primera plana la semana pasada con la lectura de la sentencia tras un medi\u00e1tico juicio, que termin\u00f3 siendo m\u00e1s leve de lo esperado.<\/p>\n<p>El tribunal conden\u00f3 a los cinco integrantes de \u00abLa Manada\u00bb por abusos sexuales pero no por violaci\u00f3n, lo que motiv\u00f3 multitudinarias protestas en las calles y cr\u00edticas un\u00e1nimes de todos los partidos pol\u00edticos y personalidades de diversos \u00e1mbitos.<\/p>\n<p>Muchas apuntaron contra el juez que se desmarc\u00f3 de la sentencia y reclam\u00f3 en un voto particular la absoluci\u00f3n de los acusados. En los videos que ellos mismos filmaron durante los hechos, el magistrado dijo ver un \u00abambiente de jolgorio y regocijo en todos ellos\u00bb.<\/p>\n","protected":false},"excerpt":{"rendered":"<p>Madrid, 30 abr (dpa) &#8211; Todas las asociaciones de jueces y fiscales de Espa\u00f1a pidieron hoy la dimisi\u00f3n del ministro de Justicia, Rafael Catal\u00e1, debido a sus pol\u00e9micas declaraciones sobre el juicio por una denuncia de violaci\u00f3n grupal que sacudi\u00f3 a todo el pa\u00eds. Catal\u00e1 puso en duda la idoneidad de un juez que pidi\u00f3 [&hellip;]<\/p>\n","protected":false},"author":1,"featured_media":971439,"comment_status":"closed","ping_status":"closed","sticky":false,"template":"","format":"standard","meta":{"footnotes":""},"categories":[1],"tags":[],"class_list":["post-978343","post","type-post","status-publish","format-standard","has-post-thumbnail","hentry","category-actualidad"],"aioseo_notices":[],"aioseo_head":"\n\t\t<!-- All in One SEO Pro 5.0.1 - aioseo.com -->\n\t<meta name=\"description\" content=\"Madrid, 30 abr (dpa) - Todas las asociaciones de jueces y fiscales de Espa\u00f1a pidieron hoy la dimisi\u00f3n del ministro de Justicia, Rafael Catal\u00e1, debido a sus pol\u00e9micas declaraciones sobre el juicio por una denuncia de violaci\u00f3n grupal que sacudi\u00f3 a todo el pa\u00eds. Catal\u00e1 puso en duda la idoneidad de un juez que pidi\u00f3\" \/>\n\t<meta name=\"robots\" content=\"max-image-preview:large\" \/>\n\t<meta name=\"author\" content=\"El Digital de Asturias\"\/>\n\t<meta name=\"google-site-verification\" content=\"UA-38556648-1\" \/>\n\t<meta name=\"msvalidate.01\" content=\"7dfe9f3f1b24437ab69f4f2559babe99\" \/>\n\t<meta name=\"keywords\" content=\"actualidad\" \/>\n\t<link rel=\"canonical\" href=\"https:\/\/www.eldigitaldeasturias.com\/noticias\/piden-la-dimision-de-rafael-catala-por-el-caso-de-la-manada\/\" \/>\n\t<meta name=\"generator\" content=\"All in One SEO Pro (AIOSEO) 5.0.1\" \/>\n\t\t<meta property=\"og:locale\" content=\"es_ES\" \/>\n\t\t<meta property=\"og:site_name\" content=\"El Digital de Asturias\" \/>\n\t\t<meta property=\"og:type\" content=\"article\" \/>\n\t\t<meta property=\"og:title\" content=\"Piden la dimisi\u00f3n de Rafael Catal\u00e1 por el caso de \u00abLa Manada\u00bb - El Digital de Asturias\" \/>\n\t\t<meta property=\"og:description\" content=\"Madrid, 30 abr (dpa) - Todas las asociaciones de jueces y fiscales de Espa\u00f1a pidieron hoy la dimisi\u00f3n del ministro de Justicia, Rafael Catal\u00e1, debido a sus pol\u00e9micas declaraciones sobre el juicio por una denuncia de violaci\u00f3n grupal que sacudi\u00f3 a todo el pa\u00eds. Catal\u00e1 puso en duda la idoneidad de un juez que pidi\u00f3\" \/>\n\t\t<meta property=\"og:url\" content=\"https:\/\/www.eldigitaldeasturias.com\/noticias\/piden-la-dimision-de-rafael-catala-por-el-caso-de-la-manada\/\" \/>\n\t\t<meta property=\"article:tag\" content=\"actualidad\" \/>\n\t\t<meta property=\"article:published_time\" content=\"2018-04-30T22:51:29+00:00\" \/>\n\t\t<meta property=\"article:modified_time\" content=\"2018-04-30T22:51:29+00:00\" \/>\n\t\t<meta property=\"article:publisher\" content=\"https:\/\/facebook.com\/eldigitaldeasturias\" \/>\n\t\t<meta name=\"twitter:card\" content=\"summary_large_image\" \/>\n\t\t<meta name=\"twitter:title\" content=\"Piden la dimisi\u00f3n de Rafael Catal\u00e1 por el caso de \u00abLa Manada\u00bb - El Digital de Asturias\" \/>\n\t\t<meta name=\"twitter:description\" content=\"Madrid, 30 abr (dpa) - Todas las asociaciones de jueces y fiscales de Espa\u00f1a pidieron hoy la dimisi\u00f3n del ministro de Justicia, Rafael Catal\u00e1, debido a sus pol\u00e9micas declaraciones sobre el juicio por una denuncia de violaci\u00f3n grupal que sacudi\u00f3 a todo el pa\u00eds. Catal\u00e1 puso en duda la idoneidad de un juez que pidi\u00f3\" \/>\n\t\t<meta name=\"twitter:image\" content=\"https:\/\/www.eldigitaldeasturias.com\/noticias\/wp-content\/uploads\/2020\/12\/EDA-1.jpg\" \/>\n\t\t<meta name=\"twitter:label1\" content=\"Escrito por\" \/>\n\t\t<meta name=\"twitter:data1\" content=\"El Digital de Asturias\" \/>\n\t\t<meta name=\"twitter:label2\" content=\"Tiempo de lectura estimado\" \/>\n\t\t<meta name=\"twitter:data2\" content=\"2 minutos\" \/>\n\t\t<script type=\"application\/ld+json\" class=\"aioseo-schema\">\n\t\t\t{\"@context\":\"https:\\\/\\\/schema.org\",\"@graph\":[{\"@type\":\"BlogPosting\",\"@id\":\"https:\\\/\\\/www.eldigitaldeasturias.com\\\/noticias\\\/piden-la-dimision-de-rafael-catala-por-el-caso-de-la-manada\\\/#blogposting\",\"name\":\"Piden la dimisi\\u00f3n de Rafael Catal\\u00e1 por el caso de \\u00abLa Manada\\u00bb - El Digital de Asturias\",\"headline\":\"Piden la dimisi\\u00f3n de Rafael Catal\\u00e1 por el caso de \\u00abLa Manada\\u00bb\",\"author\":{\"@id\":\"https:\\\/\\\/www.eldigitaldeasturias.com\\\/noticias\\\/author\\\/admin\\\/#author\"},\"publisher\":{\"@id\":\"https:\\\/\\\/www.eldigitaldeasturias.com\\\/noticias\\\/#organization\"},\"image\":{\"@type\":\"ImageObject\",\"url\":971439},\"datePublished\":\"2018-04-30T22:51:29+02:00\",\"dateModified\":\"2018-04-30T22:51:29+02:00\",\"inLanguage\":\"es-ES\",\"mainEntityOfPage\":{\"@id\":\"https:\\\/\\\/www.eldigitaldeasturias.com\\\/noticias\\\/piden-la-dimision-de-rafael-catala-por-el-caso-de-la-manada\\\/#webpage\"},\"isPartOf\":{\"@id\":\"https:\\\/\\\/www.eldigitaldeasturias.com\\\/noticias\\\/piden-la-dimision-de-rafael-catala-por-el-caso-de-la-manada\\\/#webpage\"},\"articleSection\":\"Actualidad\"},{\"@type\":\"BreadcrumbList\",\"@id\":\"https:\\\/\\\/www.eldigitaldeasturias.com\\\/noticias\\\/piden-la-dimision-de-rafael-catala-por-el-caso-de-la-manada\\\/#breadcrumblist\",\"itemListElement\":[{\"@type\":\"ListItem\",\"@id\":\"https:\\\/\\\/www.eldigitaldeasturias.com\\\/noticias#listItem\",\"position\":1,\"name\":\"Home\",\"item\":\"https:\\\/\\\/www.eldigitaldeasturias.com\\\/noticias\",\"nextItem\":{\"@type\":\"ListItem\",\"@id\":\"https:\\\/\\\/www.eldigitaldeasturias.com\\\/noticias\\\/category\\\/actualidad\\\/#listItem\",\"name\":\"Actualidad\"}},{\"@type\":\"ListItem\",\"@id\":\"https:\\\/\\\/www.eldigitaldeasturias.com\\\/noticias\\\/category\\\/actualidad\\\/#listItem\",\"position\":2,\"name\":\"Actualidad\",\"item\":\"https:\\\/\\\/www.eldigitaldeasturias.com\\\/noticias\\\/category\\\/actualidad\\\/\",\"nextItem\":{\"@type\":\"ListItem\",\"@id\":\"https:\\\/\\\/www.eldigitaldeasturias.com\\\/noticias\\\/piden-la-dimision-de-rafael-catala-por-el-caso-de-la-manada\\\/#listItem\",\"name\":\"Piden la dimisi\\u00f3n de Rafael Catal\\u00e1 por el caso de \\u00abLa Manada\\u00bb\"},\"previousItem\":{\"@type\":\"ListItem\",\"@id\":\"https:\\\/\\\/www.eldigitaldeasturias.com\\\/noticias#listItem\",\"name\":\"Home\"}},{\"@type\":\"ListItem\",\"@id\":\"https:\\\/\\\/www.eldigitaldeasturias.com\\\/noticias\\\/piden-la-dimision-de-rafael-catala-por-el-caso-de-la-manada\\\/#listItem\",\"position\":3,\"name\":\"Piden la dimisi\\u00f3n de Rafael Catal\\u00e1 por el caso de \\u00abLa Manada\\u00bb\",\"previousItem\":{\"@type\":\"ListItem\",\"@id\":\"https:\\\/\\\/www.eldigitaldeasturias.com\\\/noticias\\\/category\\\/actualidad\\\/#listItem\",\"name\":\"Actualidad\"}}]},{\"@type\":\"Organization\",\"@id\":\"https:\\\/\\\/www.eldigitaldeasturias.com\\\/noticias\\\/#organization\",\"name\":\"El Digital de Asturias\",\"description\":\"Hemeroteca\",\"url\":\"https:\\\/\\\/www.eldigitaldeasturias.com\\\/noticias\\\/\",\"email\":\"info@eldigitaldeasturias.com\",\"telephone\":\"+34652131393\",\"logo\":{\"@type\":\"ImageObject\",\"url\":\"https:\\\/\\\/www.eldigitaldeasturias.com\\\/noticias\\\/wp-content\\\/uploads\\\/2020\\\/12\\\/EDA.jpg\",\"@id\":\"https:\\\/\\\/www.eldigitaldeasturias.com\\\/noticias\\\/piden-la-dimision-de-rafael-catala-por-el-caso-de-la-manada\\\/#organizationLogo\"},\"image\":{\"@id\":\"https:\\\/\\\/www.eldigitaldeasturias.com\\\/noticias\\\/piden-la-dimision-de-rafael-catala-por-el-caso-de-la-manada\\\/#organizationLogo\"},\"sameAs\":[\"https:\\\/\\\/facebook.com\\\/eldigitaldeasturias\",\"https:\\\/\\\/www.youtube.com\\\/channel\\\/UCZP-2wLEB9Rv6erhFmqVnvg\"],\"address\":{\"@id\":\"https:\\\/\\\/www.eldigitaldeasturias.com\\\/noticias\\\/#postaladdress\",\"@type\":\"PostalAddress\",\"streetAddress\":\"san antonio 4\",\"postalCode\":\"33430\",\"addressLocality\":\"Cand\\u00e1s\",\"addressRegion\":\"Asturias\",\"addressCountry\":\"ES\"}},{\"@type\":\"Person\",\"@id\":\"https:\\\/\\\/www.eldigitaldeasturias.com\\\/noticias\\\/author\\\/admin\\\/#author\",\"url\":\"https:\\\/\\\/www.eldigitaldeasturias.com\\\/noticias\\\/author\\\/admin\\\/\",\"name\":\"El Digital de Asturias\",\"image\":{\"@type\":\"ImageObject\",\"@id\":\"https:\\\/\\\/www.eldigitaldeasturias.com\\\/noticias\\\/piden-la-dimision-de-rafael-catala-por-el-caso-de-la-manada\\\/#authorImage\",\"url\":\"https:\\\/\\\/secure.gravatar.com\\\/avatar\\\/df2aeffc32bcd13f8d26072ef8a91b623d677766deac7f97ca815868cd41bf5e?s=96&d=mm&r=g\",\"width\":96,\"height\":96,\"caption\":\"El Digital de Asturias\"}},{\"@type\":\"WebPage\",\"@id\":\"https:\\\/\\\/www.eldigitaldeasturias.com\\\/noticias\\\/piden-la-dimision-de-rafael-catala-por-el-caso-de-la-manada\\\/#webpage\",\"url\":\"https:\\\/\\\/www.eldigitaldeasturias.com\\\/noticias\\\/piden-la-dimision-de-rafael-catala-por-el-caso-de-la-manada\\\/\",\"name\":\"Piden la dimisi\\u00f3n de Rafael Catal\\u00e1 por el caso de \\u00abLa Manada\\u00bb - El Digital de Asturias\",\"description\":\"Madrid, 30 abr (dpa) - Todas las asociaciones de jueces y fiscales de Espa\\u00f1a pidieron hoy la dimisi\\u00f3n del ministro de Justicia, Rafael Catal\\u00e1, debido a sus pol\\u00e9micas declaraciones sobre el juicio por una denuncia de violaci\\u00f3n grupal que sacudi\\u00f3 a todo el pa\\u00eds. Catal\\u00e1 puso en duda la idoneidad de un juez que pidi\\u00f3\",\"inLanguage\":\"es-ES\",\"isPartOf\":{\"@id\":\"https:\\\/\\\/www.eldigitaldeasturias.com\\\/noticias\\\/#website\"},\"breadcrumb\":{\"@id\":\"https:\\\/\\\/www.eldigitaldeasturias.com\\\/noticias\\\/piden-la-dimision-de-rafael-catala-por-el-caso-de-la-manada\\\/#breadcrumblist\"},\"author\":{\"@id\":\"https:\\\/\\\/www.eldigitaldeasturias.com\\\/noticias\\\/author\\\/admin\\\/#author\"},\"creator\":{\"@id\":\"https:\\\/\\\/www.eldigitaldeasturias.com\\\/noticias\\\/author\\\/admin\\\/#author\"},\"image\":{\"@type\":\"ImageObject\",\"url\":971439,\"@id\":\"https:\\\/\\\/www.eldigitaldeasturias.com\\\/noticias\\\/piden-la-dimision-de-rafael-catala-por-el-caso-de-la-manada\\\/#mainImage\"},\"primaryImageOfPage\":{\"@id\":\"https:\\\/\\\/www.eldigitaldeasturias.com\\\/noticias\\\/piden-la-dimision-de-rafael-catala-por-el-caso-de-la-manada\\\/#mainImage\"},\"datePublished\":\"2018-04-30T22:51:29+02:00\",\"dateModified\":\"2018-04-30T22:51:29+02:00\"},{\"@type\":\"WebSite\",\"@id\":\"https:\\\/\\\/www.eldigitaldeasturias.com\\\/noticias\\\/#website\",\"url\":\"https:\\\/\\\/www.eldigitaldeasturias.com\\\/noticias\\\/\",\"name\":\"El Digital de Asturias - Diario de actualidad y noticias\",\"alternateName\":\"El Digital de Asturias - Diario de actualidad y noticias\",\"description\":\"Hemeroteca\",\"inLanguage\":\"es-ES\",\"publisher\":{\"@id\":\"https:\\\/\\\/www.eldigitaldeasturias.com\\\/noticias\\\/#organization\"}}]}\n\t\t<\/script>\n\t\t<!-- All in One SEO Pro -->\r\n\t\t<title>Piden la dimisi\u00f3n de Rafael Catal\u00e1 por el caso de \u00abLa Manada\u00bb - El Digital de Asturias<\/title>\n\n","aioseo_head_json":{"title":"Piden la dimisi\u00f3n de Rafael Catal\u00e1 por el caso de \u00abLa Manada\u00bb - El Digital de Asturias","description":"Madrid, 30 abr (dpa) - Todas las asociaciones de jueces y fiscales de Espa\u00f1a pidieron hoy la dimisi\u00f3n del ministro de Justicia, Rafael Catal\u00e1, debido a sus pol\u00e9micas declaraciones sobre el juicio por una denuncia de violaci\u00f3n grupal que sacudi\u00f3 a todo el pa\u00eds. Catal\u00e1 puso en duda la idoneidad de un juez que pidi\u00f3","canonical_url":"https:\/\/www.eldigitaldeasturias.com\/noticias\/piden-la-dimision-de-rafael-catala-por-el-caso-de-la-manada\/","robots":"max-image-preview:large","keywords":"actualidad","webmasterTools":{"google-site-verification":"UA-38556648-1","msvalidate.01":"7dfe9f3f1b24437ab69f4f2559babe99","miscellaneous":""},"schema":{"@context":"https:\/\/schema.org","@graph":[{"@type":"BlogPosting","@id":"https:\/\/www.eldigitaldeasturias.com\/noticias\/piden-la-dimision-de-rafael-catala-por-el-caso-de-la-manada\/#blogposting","name":"Piden la dimisi\u00f3n de Rafael Catal\u00e1 por el caso de \u00abLa Manada\u00bb - El Digital de Asturias","headline":"Piden la dimisi\u00f3n de Rafael Catal\u00e1 por el caso de \u00abLa Manada\u00bb","author":{"@id":"https:\/\/www.eldigitaldeasturias.com\/noticias\/author\/admin\/#author"},"publisher":{"@id":"https:\/\/www.eldigitaldeasturias.com\/noticias\/#organization"},"image":{"@type":"ImageObject","url":971439},"datePublished":"2018-04-30T22:51:29+02:00","dateModified":"2018-04-30T22:51:29+02:00","inLanguage":"es-ES","mainEntityOfPage":{"@id":"https:\/\/www.eldigitaldeasturias.com\/noticias\/piden-la-dimision-de-rafael-catala-por-el-caso-de-la-manada\/#webpage"},"isPartOf":{"@id":"https:\/\/www.eldigitaldeasturias.com\/noticias\/piden-la-dimision-de-rafael-catala-por-el-caso-de-la-manada\/#webpage"},"articleSection":"Actualidad"},{"@type":"BreadcrumbList","@id":"https:\/\/www.eldigitaldeasturias.com\/noticias\/piden-la-dimision-de-rafael-catala-por-el-caso-de-la-manada\/#breadcrumblist","itemListElement":[{"@type":"ListItem","@id":"https:\/\/www.eldigitaldeasturias.com\/noticias#listItem","position":1,"name":"Home","item":"https:\/\/www.eldigitaldeasturias.com\/noticias","nextItem":{"@type":"ListItem","@id":"https:\/\/www.eldigitaldeasturias.com\/noticias\/category\/actualidad\/#listItem","name":"Actualidad"}},{"@type":"ListItem","@id":"https:\/\/www.eldigitaldeasturias.com\/noticias\/category\/actualidad\/#listItem","position":2,"name":"Actualidad","item":"https:\/\/www.eldigitaldeasturias.com\/noticias\/category\/actualidad\/","nextItem":{"@type":"ListItem","@id":"https:\/\/www.eldigitaldeasturias.com\/noticias\/piden-la-dimision-de-rafael-catala-por-el-caso-de-la-manada\/#listItem","name":"Piden la dimisi\u00f3n de Rafael Catal\u00e1 por el caso de \u00abLa Manada\u00bb"},"previousItem":{"@type":"ListItem","@id":"https:\/\/www.eldigitaldeasturias.com\/noticias#listItem","name":"Home"}},{"@type":"ListItem","@id":"https:\/\/www.eldigitaldeasturias.com\/noticias\/piden-la-dimision-de-rafael-catala-por-el-caso-de-la-manada\/#listItem","position":3,"name":"Piden la dimisi\u00f3n de Rafael Catal\u00e1 por el caso de \u00abLa Manada\u00bb","previousItem":{"@type":"ListItem","@id":"https:\/\/www.eldigitaldeasturias.com\/noticias\/category\/actualidad\/#listItem","name":"Actualidad"}}]},{"@type":"Organization","@id":"https:\/\/www.eldigitaldeasturias.com\/noticias\/#organization","name":"El Digital de Asturias","description":"Hemeroteca","url":"https:\/\/www.eldigitaldeasturias.com\/noticias\/","email":"info@eldigitaldeasturias.com","telephone":"+34652131393","logo":{"@type":"ImageObject","url":"https:\/\/www.eldigitaldeasturias.com\/noticias\/wp-content\/uploads\/2020\/12\/EDA.jpg","@id":"https:\/\/www.eldigitaldeasturias.com\/noticias\/piden-la-dimision-de-rafael-catala-por-el-caso-de-la-manada\/#organizationLogo"},"image":{"@id":"https:\/\/www.eldigitaldeasturias.com\/noticias\/piden-la-dimision-de-rafael-catala-por-el-caso-de-la-manada\/#organizationLogo"},"sameAs":["https:\/\/facebook.com\/eldigitaldeasturias","https:\/\/www.youtube.com\/channel\/UCZP-2wLEB9Rv6erhFmqVnvg"],"address":{"@id":"https:\/\/www.eldigitaldeasturias.com\/noticias\/#postaladdress","@type":"PostalAddress","streetAddress":"san antonio 4","postalCode":"33430","addressLocality":"Cand\u00e1s","addressRegion":"Asturias","addressCountry":"ES"}},{"@type":"Person","@id":"https:\/\/www.eldigitaldeasturias.com\/noticias\/author\/admin\/#author","url":"https:\/\/www.eldigitaldeasturias.com\/noticias\/author\/admin\/","name":"El Digital de Asturias","image":{"@type":"ImageObject","@id":"https:\/\/www.eldigitaldeasturias.com\/noticias\/piden-la-dimision-de-rafael-catala-por-el-caso-de-la-manada\/#authorImage","url":"https:\/\/secure.gravatar.com\/avatar\/df2aeffc32bcd13f8d26072ef8a91b623d677766deac7f97ca815868cd41bf5e?s=96&d=mm&r=g","width":96,"height":96,"caption":"El Digital de Asturias"}},{"@type":"WebPage","@id":"https:\/\/www.eldigitaldeasturias.com\/noticias\/piden-la-dimision-de-rafael-catala-por-el-caso-de-la-manada\/#webpage","url":"https:\/\/www.eldigitaldeasturias.com\/noticias\/piden-la-dimision-de-rafael-catala-por-el-caso-de-la-manada\/","name":"Piden la dimisi\u00f3n de Rafael Catal\u00e1 por el caso de \u00abLa Manada\u00bb - El Digital de Asturias","description":"Madrid, 30 abr (dpa) - Todas las asociaciones de jueces y fiscales de Espa\u00f1a pidieron hoy la dimisi\u00f3n del ministro de Justicia, Rafael Catal\u00e1, debido a sus pol\u00e9micas declaraciones sobre el juicio por una denuncia de violaci\u00f3n grupal que sacudi\u00f3 a todo el pa\u00eds. Catal\u00e1 puso en duda la idoneidad de un juez que pidi\u00f3","inLanguage":"es-ES","isPartOf":{"@id":"https:\/\/www.eldigitaldeasturias.com\/noticias\/#website"},"breadcrumb":{"@id":"https:\/\/www.eldigitaldeasturias.com\/noticias\/piden-la-dimision-de-rafael-catala-por-el-caso-de-la-manada\/#breadcrumblist"},"author":{"@id":"https:\/\/www.eldigitaldeasturias.com\/noticias\/author\/admin\/#author"},"creator":{"@id":"https:\/\/www.eldigitaldeasturias.com\/noticias\/author\/admin\/#author"},"image":{"@type":"ImageObject","url":971439,"@id":"https:\/\/www.eldigitaldeasturias.com\/noticias\/piden-la-dimision-de-rafael-catala-por-el-caso-de-la-manada\/#mainImage"},"primaryImageOfPage":{"@id":"https:\/\/www.eldigitaldeasturias.com\/noticias\/piden-la-dimision-de-rafael-catala-por-el-caso-de-la-manada\/#mainImage"},"datePublished":"2018-04-30T22:51:29+02:00","dateModified":"2018-04-30T22:51:29+02:00"},{"@type":"WebSite","@id":"https:\/\/www.eldigitaldeasturias.com\/noticias\/#website","url":"https:\/\/www.eldigitaldeasturias.com\/noticias\/","name":"El Digital de Asturias - Diario de actualidad y noticias","alternateName":"El Digital de Asturias - Diario de actualidad y noticias","description":"Hemeroteca","inLanguage":"es-ES","publisher":{"@id":"https:\/\/www.eldigitaldeasturias.com\/noticias\/#organization"}}]},"og:locale":"es_ES","og:site_name":"El Digital de Asturias","og:type":"article","og:title":"Piden la dimisi\u00f3n de Rafael Catal\u00e1 por el caso de \u00abLa Manada\u00bb - El Digital de Asturias","og:description":"Madrid, 30 abr (dpa) - Todas las asociaciones de jueces y fiscales de Espa\u00f1a pidieron hoy la dimisi\u00f3n del ministro de Justicia, Rafael Catal\u00e1, debido a sus pol\u00e9micas declaraciones sobre el juicio por una denuncia de violaci\u00f3n grupal que sacudi\u00f3 a todo el pa\u00eds. Catal\u00e1 puso en duda la idoneidad de un juez que pidi\u00f3","og:url":"https:\/\/www.eldigitaldeasturias.com\/noticias\/piden-la-dimision-de-rafael-catala-por-el-caso-de-la-manada\/","article:tag":["actualidad"],"article:published_time":"2018-04-30T22:51:29+00:00","article:modified_time":"2018-04-30T22:51:29+00:00","article:publisher":"https:\/\/facebook.com\/eldigitaldeasturias","twitter:card":"summary_large_image","twitter:title":"Piden la dimisi\u00f3n de Rafael Catal\u00e1 por el caso de \u00abLa Manada\u00bb - El Digital de Asturias","twitter:description":"Madrid, 30 abr (dpa) - Todas las asociaciones de jueces y fiscales de Espa\u00f1a pidieron hoy la dimisi\u00f3n del ministro de Justicia, Rafael Catal\u00e1, debido a sus pol\u00e9micas declaraciones sobre el juicio por una denuncia de violaci\u00f3n grupal que sacudi\u00f3 a todo el pa\u00eds. Catal\u00e1 puso en duda la idoneidad de un juez que pidi\u00f3","twitter:image":"https:\/\/www.eldigitaldeasturias.com\/noticias\/wp-content\/uploads\/2020\/12\/EDA-1.jpg","twitter:label1":"Escrito por","twitter:data1":"El Digital de Asturias","twitter:label2":"Tiempo de lectura estimado","twitter:data2":"2 minutos"},"aioseo_meta_data":{"post_id":"978343","title":null,"description":null,"keywords":null,"keyphrases":null,"primary_term":null,"canonical_url":null,"og_title":null,"og_description":null,"og_object_type":"default","og_image_type":"default","og_image_url":null,"og_image_width":null,"og_image_height":null,"og_image_custom_url":null,"og_image_custom_fields":null,"og_video":null,"og_custom_url":null,"og_article_section":null,"og_article_tags":null,"twitter_use_og":false,"twitter_card":"default","twitter_image_type":"default","twitter_image_url":null,"twitter_image_custom_url":null,"twitter_image_custom_fields":null,"twitter_title":null,"twitter_description":null,"schema":{"blockGraphs":[],"customGraphs":[],"default":{"data":{"Article":[],"Course":[],"Dataset":[],"FAQPage":[],"Movie":[],"Person":[],"Product":[],"ProductReview":[],"Car":[],"Recipe":[],"Service":[],"SoftwareApplication":[],"WebPage":[]},"graphName":"","isEnabled":true},"graphs":[],"defaultGraph":"","defaultPostTypeGraph":""},"schema_type":null,"schema_type_options":null,"pillar_content":false,"robots_default":true,"robots_noindex":false,"robots_noarchive":false,"robots_nosnippet":false,"robots_nofollow":false,"robots_noimageindex":false,"robots_noodp":false,"robots_notranslate":false,"robots_max_snippet":null,"robots_max_videopreview":null,"robots_max_imagepreview":"large","priority":null,"frequency":null,"local_seo":null,"seo_analyzer_scan_date":"2025-10-08 10:32:11","breadcrumb_settings":null,"limit_modified_date":false,"open_ai":null,"ai":null,"created":"2020-12-21 12:02:38","updated":"2025-10-08 10:32:11","focus_keyword":null,"additional_keywords":null,"truseo_locale":null},"aioseo_breadcrumb":"<div class=\"aioseo-breadcrumbs\"><span class=\"aioseo-breadcrumb\">\n\t<a href=\"https:\/\/www.eldigitaldeasturias.com\/noticias\" title=\"Home\">Home<\/a>\n<\/span><span class=\"aioseo-breadcrumb-separator\">\u2013<\/span><span class=\"aioseo-breadcrumb\">\n\t<a href=\"https:\/\/www.eldigitaldeasturias.com\/noticias\/category\/actualidad\/\" title=\"Actualidad\">Actualidad<\/a>\n<\/span><span class=\"aioseo-breadcrumb-separator\">\u2013<\/span><span class=\"aioseo-breadcrumb\">\n\t<a href=\"https:\/\/www.eldigitaldeasturias.com\/noticias\/piden-la-dimision-de-rafael-catala-por-el-caso-de-la-manada\/\" title=\"Piden la dimisi\u00f3n de Rafael Catal\u00e1 por el caso de \u00abLa Manada\u00bb\">Piden la dimisi\u00f3n de Rafael Catal\u00e1 por el caso de \u00abLa Manada\u00bb<\/a>\n<\/span><\/div>","aioseo_breadcrumb_json":[{"label":"Home","link":"https:\/\/www.eldigitaldeasturias.com\/noticias"},{"label":"Actualidad","link":"https:\/\/www.eldigitaldeasturias.com\/noticias\/category\/actualidad\/"},{"label":"Piden la dimisi\u00f3n de Rafael Catal\u00e1 por el caso de \u00abLa Manada\u00bb","link":"https:\/\/www.eldigitaldeasturias.com\/noticias\/piden-la-dimision-de-rafael-catala-por-el-caso-de-la-manada\/"}],"_links":{"self":[{"href":"https:\/\/www.eldigitaldeasturias.com\/noticias\/wp-json\/wp\/v2\/posts\/978343","targetHints":{"allow":["GET"]}}],"collection":[{"href":"https:\/\/www.eldigitaldeasturias.com\/noticias\/wp-json\/wp\/v2\/posts"}],"about":[{"href":"https:\/\/www.eldigitaldeasturias.com\/noticias\/wp-json\/wp\/v2\/types\/post"}],"author":[{"embeddable":true,"href":"https:\/\/www.eldigitaldeasturias.com\/noticias\/wp-json\/wp\/v2\/users\/1"}],"replies":[{"embeddable":true,"href":"https:\/\/www.eldigitaldeasturias.com\/noticias\/wp-json\/wp\/v2\/comments?post=978343"}],"version-history":[{"count":0,"href":"https:\/\/www.eldigitaldeasturias.com\/noticias\/wp-json\/wp\/v2\/posts\/978343\/revisions"}],"wp:attachment":[{"href":"https:\/\/www.eldigitaldeasturias.com\/noticias\/wp-json\/wp\/v2\/media?parent=978343"}],"wp:term":[{"taxonomy":"category","embeddable":true,"href":"https:\/\/www.eldigitaldeasturias.com\/noticias\/wp-json\/wp\/v2\/categories?post=978343"},{"taxonomy":"post_tag","embeddable":true,"href":"https:\/\/www.eldigitaldeasturias.com\/noticias\/wp-json\/wp\/v2\/tags?post=978343"}],"curies":[{"name":"wp","href":"https:\/\/api.w.org\/{rel}","templated":true}]}}