{"id":978333,"date":"2018-04-30T22:42:19","date_gmt":"2018-04-30T22:42:19","guid":{"rendered":"http:\/\/www.eldigitaldeasturias.com\/noticias\/?p=978333"},"modified":"2018-04-30T22:42:19","modified_gmt":"2018-04-30T22:42:19","slug":"ernesto-cardenal-no-queremos-dialogo-si-otro-gobierno-en-nicaragua","status":"publish","type":"post","link":"https:\/\/www.eldigitaldeasturias.com\/noticias\/ernesto-cardenal-no-queremos-dialogo-si-otro-gobierno-en-nicaragua\/","title":{"rendered":"Ernesto Cardenal: \u00abNo queremos di\u00e1logo, s\u00ed otro Gobierno\u00bb en Nicaragua"},"content":{"rendered":"<p><img loading=\"lazy\" decoding=\"async\" class=\"alignleft size-medium wp-image-977212\" src=\"https:\/\/www.eldigitaldeasturias.com\/noticias\/wp-content\/uploads\/2018\/04\/flag-2528952_960_720-360x270.jpg\" alt=\"\" width=\"360\" height=\"270\" \/>Managua, 30 abr (dpa) \u2013 El poeta y sacerdote nicarag\u00fcense Ernesto Cardenal dijo que \u00abno debe haber di\u00e1logo\u00bb entre el presidente Daniel Ortega y la sociedad civil, sino que debe elegirse \u00abotro Gobierno, una rep\u00fablica democr\u00e1tica\u00bb, tras la ola de violencia que el pa\u00eds vivi\u00f3 la semana pasada a ra\u00edz de protestas estudiantiles.<\/p>\n<p>En entrevista exclusiva con dpa, Cardenal (Granada, 1925) se refiri\u00f3 a las protestas protagonizadas por miles de j\u00f3venes en Managua y otras ciudades del pa\u00eds, donde la acci\u00f3n policial dej\u00f3 decenas de muertos y cientos de heridos y detenidos, seg\u00fan entidades no gubernamentales. El Gobierno s\u00f3lo reconoce diez fallecidos.<\/p>\n<p>\u00abEl di\u00e1logo no tiene sentido porque el di\u00e1logo es para entenderse, y nosotros no nos podemos entender\u00bb, dijo el autor de \u00abEl Evangelio de Solentiname\u00bb, que hace dos a\u00f1os se declar\u00f3 \u00abperseguido\u00bb por Ortega y por su esposa, la vicepresidenta Rosario Murillo, a quienes acus\u00f3 de dirigir \u00abuna dictadura\u00bb.<\/p>\n<p>\u00abLo que queremos es que haya otro Gobierno, una rep\u00fablica democr\u00e1tica. \u00bfPara qu\u00e9 di\u00e1logo? Nada de di\u00e1logo\u00bb, insisti\u00f3 al ser consultado sobre las pl\u00e1ticas que se espera se realicen con mediaci\u00f3n de cinco obispos de la Iglesia cat\u00f3lica, en fecha a\u00fan no divulgada.<\/p>\n<p>Autor de \u00abEpigramas\u00bb y \u00abC\u00e1ntico C\u00f3smico\u00bb, entre una vasta obra literaria, Ernesto Cardenal es a sus 93 a\u00f1os el poeta vivo m\u00e1s importante de Nicaragua. En la d\u00e9cada de 1970 fund\u00f3 en la isla de Solentiname, sur del pa\u00eds, una comunidad de pintores y poetas que luego apoyaron a las guerrillas del Frente Sandinista.<\/p>\n<p>Cardenal, ministro de Cultura durante la revoluci\u00f3n sandinista (1979-1990), opin\u00f3 que fueron \u00abprof\u00e9ticas\u00bb las palabras de su hermano Fernando, sacerdote jesuita que dirigi\u00f3 la campa\u00f1a de alfabetizaci\u00f3n y falleci\u00f3 en 2016: \u00abMi esperanza es que los j\u00f3venes vuelvan a las calles a hacer historia\u00bb.<\/p>\n<p>\u00abAhora repentinamente en todo el pa\u00eds han surgido los j\u00f3venes en protestas, tom\u00e1ndose las calles. Algo que no se esperaba porque la juventud parec\u00eda dormida, o que sobre ella hab\u00eda ca\u00eddo una losa sepulcral. Mi hermano lo habr\u00e1 visto ahora desde la eternidad. Nicaragua en todas partes ha resucitado\u00bb, afirm\u00f3.<\/p>\n<p>Record\u00f3 que ahora, como hace 40 a\u00f1os, Nicaragua ha vuelto a ser noticia mundial. \u00abDurante muchos a\u00f1os yo hab\u00eda estado teniendo una oraci\u00f3n tomada de uno de los &#8216;Salmos&#8217;: Se\u00f1or, haz que volvamos a ser lo que fuimos. \u00a1Y he sido o\u00eddo!\u00bb, asever\u00f3.<\/p>\n<p>Divorciado de Ortega y del Frente Sandinista desde hace dos d\u00e9cadas, Cardenal critic\u00f3 la \u00ablocura y arrogancia\u00bb del Gobierno, en especial los m\u00e1s de 130 gigantescos \u00e1rboles luminosos de hierro que Murillo instal\u00f3 a\u00f1os atr\u00e1s en distintas zonas de Managua, varios de los cuales fueron quemados y derribados durante las protestas.<\/p>\n<p>\u00abEn un pa\u00eds tropical, de selva feroz, los \u00e1rboles verdaderos estaban siendo talados y plantados \u00e1rboles secos, de hierro, con un derroche de luz el\u00e9ctrica que no le llega al pobre. Pa\u00eds con alamedas de colores locos y un Gobierno de locura y arrogancia\u00bb, sentenci\u00f3.<\/p>\n<p>Las protestas se iniciaron en rechazo a una reforma al Seguro Social anunciada el 16 de abril pasado, y se extendieron a 14 ciudades del pa\u00eds tras la violenta respuesta de la Polic\u00eda y de fuerzas de choque del Gobierno, que solamente ha reportado diez muertos.<\/p>\n<p>Sin embargo, el Centro Nicarag\u00fcense de Derechos Humanos (Cenidh) y la Comisi\u00f3n Permanente de Derechos Humanos (CPDH), ambos no gubernamentales, registran 42 y 63 fallecidos, respectivamente. La mayor\u00eda eran j\u00f3venes universitarios que murieron por impactos de bala, seg\u00fan sus investigaciones.<\/p>\n<p><i class=\"lang-es\"><span class=\" readonly\" title=\"\">Por Gabriela Selser (dpa)<\/span><\/i><\/p>\n<p>&nbsp;<\/p>\n","protected":false},"excerpt":{"rendered":"<p>Managua, 30 abr (dpa) \u2013 El poeta y sacerdote nicarag\u00fcense Ernesto Cardenal dijo que \u00abno debe haber di\u00e1logo\u00bb entre el presidente Daniel Ortega y la sociedad civil, sino que debe elegirse \u00abotro Gobierno, una rep\u00fablica democr\u00e1tica\u00bb, tras la ola de violencia que el pa\u00eds vivi\u00f3 la semana pasada a ra\u00edz de protestas estudiantiles. En entrevista [&hellip;]<\/p>\n","protected":false},"author":1,"featured_media":977212,"comment_status":"closed","ping_status":"closed","sticky":false,"template":"","format":"standard","meta":{"footnotes":""},"categories":[1],"tags":[],"class_list":["post-978333","post","type-post","status-publish","format-standard","has-post-thumbnail","hentry","category-actualidad"],"aioseo_notices":[],"aioseo_head":"\n\t\t<!-- All in One SEO Pro 5.0.1 - aioseo.com -->\n\t<meta name=\"description\" content=\"Managua, 30 abr (dpa) \u2013 El poeta y sacerdote nicarag\u00fcense Ernesto Cardenal dijo que &quot;no debe haber di\u00e1logo&quot; entre el presidente Daniel Ortega y la sociedad civil, sino que debe elegirse &quot;otro Gobierno, una rep\u00fablica democr\u00e1tica&quot;, tras la ola de violencia que el pa\u00eds vivi\u00f3 la semana pasada a ra\u00edz de protestas estudiantiles. En entrevista\" \/>\n\t<meta name=\"robots\" content=\"max-image-preview:large\" \/>\n\t<meta name=\"author\" content=\"El Digital de Asturias\"\/>\n\t<meta name=\"google-site-verification\" content=\"UA-38556648-1\" \/>\n\t<meta name=\"msvalidate.01\" content=\"7dfe9f3f1b24437ab69f4f2559babe99\" \/>\n\t<meta name=\"keywords\" content=\"actualidad\" \/>\n\t<link rel=\"canonical\" href=\"https:\/\/www.eldigitaldeasturias.com\/noticias\/ernesto-cardenal-no-queremos-dialogo-si-otro-gobierno-en-nicaragua\/\" \/>\n\t<meta name=\"generator\" content=\"All in One SEO Pro (AIOSEO) 5.0.1\" \/>\n\t\t<meta property=\"og:locale\" content=\"es_ES\" \/>\n\t\t<meta property=\"og:site_name\" content=\"El Digital de Asturias\" \/>\n\t\t<meta property=\"og:type\" content=\"article\" \/>\n\t\t<meta property=\"og:title\" content=\"Ernesto Cardenal: \u00abNo queremos di\u00e1logo, s\u00ed otro Gobierno\u00bb en Nicaragua - El Digital de Asturias\" \/>\n\t\t<meta property=\"og:description\" content=\"Managua, 30 abr (dpa) \u2013 El poeta y sacerdote nicarag\u00fcense Ernesto Cardenal dijo que &quot;no debe haber di\u00e1logo&quot; entre el presidente Daniel Ortega y la sociedad civil, sino que debe elegirse &quot;otro Gobierno, una rep\u00fablica democr\u00e1tica&quot;, tras la ola de violencia que el pa\u00eds vivi\u00f3 la semana pasada a ra\u00edz de protestas estudiantiles. En entrevista\" \/>\n\t\t<meta property=\"og:url\" content=\"https:\/\/www.eldigitaldeasturias.com\/noticias\/ernesto-cardenal-no-queremos-dialogo-si-otro-gobierno-en-nicaragua\/\" \/>\n\t\t<meta property=\"article:tag\" content=\"actualidad\" \/>\n\t\t<meta property=\"article:published_time\" content=\"2018-04-30T22:42:19+00:00\" \/>\n\t\t<meta property=\"article:modified_time\" content=\"2018-04-30T22:42:19+00:00\" \/>\n\t\t<meta property=\"article:publisher\" content=\"https:\/\/facebook.com\/eldigitaldeasturias\" \/>\n\t\t<meta name=\"twitter:card\" content=\"summary_large_image\" \/>\n\t\t<meta name=\"twitter:title\" content=\"Ernesto Cardenal: \u00abNo queremos di\u00e1logo, s\u00ed otro Gobierno\u00bb en Nicaragua - El Digital de Asturias\" \/>\n\t\t<meta name=\"twitter:description\" content=\"Managua, 30 abr (dpa) \u2013 El poeta y sacerdote nicarag\u00fcense Ernesto Cardenal dijo que &quot;no debe haber di\u00e1logo&quot; entre el presidente Daniel Ortega y la sociedad civil, sino que debe elegirse &quot;otro Gobierno, una rep\u00fablica democr\u00e1tica&quot;, tras la ola de violencia que el pa\u00eds vivi\u00f3 la semana pasada a ra\u00edz de protestas estudiantiles. En entrevista\" \/>\n\t\t<meta name=\"twitter:image\" content=\"https:\/\/www.eldigitaldeasturias.com\/noticias\/wp-content\/uploads\/2020\/12\/EDA-1.jpg\" \/>\n\t\t<meta name=\"twitter:label1\" content=\"Escrito por\" \/>\n\t\t<meta name=\"twitter:data1\" content=\"El Digital de Asturias\" \/>\n\t\t<meta name=\"twitter:label2\" content=\"Tiempo de lectura estimado\" \/>\n\t\t<meta name=\"twitter:data2\" content=\"3 minutos\" \/>\n\t\t<script type=\"application\/ld+json\" class=\"aioseo-schema\">\n\t\t\t{\"@context\":\"https:\\\/\\\/schema.org\",\"@graph\":[{\"@type\":\"BlogPosting\",\"@id\":\"https:\\\/\\\/www.eldigitaldeasturias.com\\\/noticias\\\/ernesto-cardenal-no-queremos-dialogo-si-otro-gobierno-en-nicaragua\\\/#blogposting\",\"name\":\"Ernesto Cardenal: \\u00abNo queremos di\\u00e1logo, s\\u00ed otro Gobierno\\u00bb en Nicaragua - El Digital de Asturias\",\"headline\":\"Ernesto Cardenal: \\u00abNo queremos di\\u00e1logo, s\\u00ed otro Gobierno\\u00bb en Nicaragua\",\"author\":{\"@id\":\"https:\\\/\\\/www.eldigitaldeasturias.com\\\/noticias\\\/author\\\/admin\\\/#author\"},\"publisher\":{\"@id\":\"https:\\\/\\\/www.eldigitaldeasturias.com\\\/noticias\\\/#organization\"},\"image\":{\"@type\":\"ImageObject\",\"url\":977212},\"datePublished\":\"2018-04-30T22:42:19+02:00\",\"dateModified\":\"2018-04-30T22:42:19+02:00\",\"inLanguage\":\"es-ES\",\"mainEntityOfPage\":{\"@id\":\"https:\\\/\\\/www.eldigitaldeasturias.com\\\/noticias\\\/ernesto-cardenal-no-queremos-dialogo-si-otro-gobierno-en-nicaragua\\\/#webpage\"},\"isPartOf\":{\"@id\":\"https:\\\/\\\/www.eldigitaldeasturias.com\\\/noticias\\\/ernesto-cardenal-no-queremos-dialogo-si-otro-gobierno-en-nicaragua\\\/#webpage\"},\"articleSection\":\"Actualidad\"},{\"@type\":\"BreadcrumbList\",\"@id\":\"https:\\\/\\\/www.eldigitaldeasturias.com\\\/noticias\\\/ernesto-cardenal-no-queremos-dialogo-si-otro-gobierno-en-nicaragua\\\/#breadcrumblist\",\"itemListElement\":[{\"@type\":\"ListItem\",\"@id\":\"https:\\\/\\\/www.eldigitaldeasturias.com\\\/noticias#listItem\",\"position\":1,\"name\":\"Home\",\"item\":\"https:\\\/\\\/www.eldigitaldeasturias.com\\\/noticias\",\"nextItem\":{\"@type\":\"ListItem\",\"@id\":\"https:\\\/\\\/www.eldigitaldeasturias.com\\\/noticias\\\/category\\\/actualidad\\\/#listItem\",\"name\":\"Actualidad\"}},{\"@type\":\"ListItem\",\"@id\":\"https:\\\/\\\/www.eldigitaldeasturias.com\\\/noticias\\\/category\\\/actualidad\\\/#listItem\",\"position\":2,\"name\":\"Actualidad\",\"item\":\"https:\\\/\\\/www.eldigitaldeasturias.com\\\/noticias\\\/category\\\/actualidad\\\/\",\"nextItem\":{\"@type\":\"ListItem\",\"@id\":\"https:\\\/\\\/www.eldigitaldeasturias.com\\\/noticias\\\/ernesto-cardenal-no-queremos-dialogo-si-otro-gobierno-en-nicaragua\\\/#listItem\",\"name\":\"Ernesto Cardenal: \\u00abNo queremos di\\u00e1logo, s\\u00ed otro Gobierno\\u00bb en Nicaragua\"},\"previousItem\":{\"@type\":\"ListItem\",\"@id\":\"https:\\\/\\\/www.eldigitaldeasturias.com\\\/noticias#listItem\",\"name\":\"Home\"}},{\"@type\":\"ListItem\",\"@id\":\"https:\\\/\\\/www.eldigitaldeasturias.com\\\/noticias\\\/ernesto-cardenal-no-queremos-dialogo-si-otro-gobierno-en-nicaragua\\\/#listItem\",\"position\":3,\"name\":\"Ernesto Cardenal: \\u00abNo queremos di\\u00e1logo, s\\u00ed otro Gobierno\\u00bb en Nicaragua\",\"previousItem\":{\"@type\":\"ListItem\",\"@id\":\"https:\\\/\\\/www.eldigitaldeasturias.com\\\/noticias\\\/category\\\/actualidad\\\/#listItem\",\"name\":\"Actualidad\"}}]},{\"@type\":\"Organization\",\"@id\":\"https:\\\/\\\/www.eldigitaldeasturias.com\\\/noticias\\\/#organization\",\"name\":\"El Digital de Asturias\",\"description\":\"Hemeroteca\",\"url\":\"https:\\\/\\\/www.eldigitaldeasturias.com\\\/noticias\\\/\",\"email\":\"info@eldigitaldeasturias.com\",\"telephone\":\"+34652131393\",\"logo\":{\"@type\":\"ImageObject\",\"url\":\"https:\\\/\\\/www.eldigitaldeasturias.com\\\/noticias\\\/wp-content\\\/uploads\\\/2020\\\/12\\\/EDA.jpg\",\"@id\":\"https:\\\/\\\/www.eldigitaldeasturias.com\\\/noticias\\\/ernesto-cardenal-no-queremos-dialogo-si-otro-gobierno-en-nicaragua\\\/#organizationLogo\"},\"image\":{\"@id\":\"https:\\\/\\\/www.eldigitaldeasturias.com\\\/noticias\\\/ernesto-cardenal-no-queremos-dialogo-si-otro-gobierno-en-nicaragua\\\/#organizationLogo\"},\"sameAs\":[\"https:\\\/\\\/facebook.com\\\/eldigitaldeasturias\",\"https:\\\/\\\/www.youtube.com\\\/channel\\\/UCZP-2wLEB9Rv6erhFmqVnvg\"],\"address\":{\"@id\":\"https:\\\/\\\/www.eldigitaldeasturias.com\\\/noticias\\\/#postaladdress\",\"@type\":\"PostalAddress\",\"streetAddress\":\"san antonio 4\",\"postalCode\":\"33430\",\"addressLocality\":\"Cand\\u00e1s\",\"addressRegion\":\"Asturias\",\"addressCountry\":\"ES\"}},{\"@type\":\"Person\",\"@id\":\"https:\\\/\\\/www.eldigitaldeasturias.com\\\/noticias\\\/author\\\/admin\\\/#author\",\"url\":\"https:\\\/\\\/www.eldigitaldeasturias.com\\\/noticias\\\/author\\\/admin\\\/\",\"name\":\"El Digital de Asturias\",\"image\":{\"@type\":\"ImageObject\",\"@id\":\"https:\\\/\\\/www.eldigitaldeasturias.com\\\/noticias\\\/ernesto-cardenal-no-queremos-dialogo-si-otro-gobierno-en-nicaragua\\\/#authorImage\",\"url\":\"https:\\\/\\\/secure.gravatar.com\\\/avatar\\\/df2aeffc32bcd13f8d26072ef8a91b623d677766deac7f97ca815868cd41bf5e?s=96&d=mm&r=g\",\"width\":96,\"height\":96,\"caption\":\"El Digital de Asturias\"}},{\"@type\":\"WebPage\",\"@id\":\"https:\\\/\\\/www.eldigitaldeasturias.com\\\/noticias\\\/ernesto-cardenal-no-queremos-dialogo-si-otro-gobierno-en-nicaragua\\\/#webpage\",\"url\":\"https:\\\/\\\/www.eldigitaldeasturias.com\\\/noticias\\\/ernesto-cardenal-no-queremos-dialogo-si-otro-gobierno-en-nicaragua\\\/\",\"name\":\"Ernesto Cardenal: \\u00abNo queremos di\\u00e1logo, s\\u00ed otro Gobierno\\u00bb en Nicaragua - El Digital de Asturias\",\"description\":\"Managua, 30 abr (dpa) \\u2013 El poeta y sacerdote nicarag\\u00fcense Ernesto Cardenal dijo que \\\"no debe haber di\\u00e1logo\\\" entre el presidente Daniel Ortega y la sociedad civil, sino que debe elegirse \\\"otro Gobierno, una rep\\u00fablica democr\\u00e1tica\\\", tras la ola de violencia que el pa\\u00eds vivi\\u00f3 la semana pasada a ra\\u00edz de protestas estudiantiles. En entrevista\",\"inLanguage\":\"es-ES\",\"isPartOf\":{\"@id\":\"https:\\\/\\\/www.eldigitaldeasturias.com\\\/noticias\\\/#website\"},\"breadcrumb\":{\"@id\":\"https:\\\/\\\/www.eldigitaldeasturias.com\\\/noticias\\\/ernesto-cardenal-no-queremos-dialogo-si-otro-gobierno-en-nicaragua\\\/#breadcrumblist\"},\"author\":{\"@id\":\"https:\\\/\\\/www.eldigitaldeasturias.com\\\/noticias\\\/author\\\/admin\\\/#author\"},\"creator\":{\"@id\":\"https:\\\/\\\/www.eldigitaldeasturias.com\\\/noticias\\\/author\\\/admin\\\/#author\"},\"image\":{\"@type\":\"ImageObject\",\"url\":977212,\"@id\":\"https:\\\/\\\/www.eldigitaldeasturias.com\\\/noticias\\\/ernesto-cardenal-no-queremos-dialogo-si-otro-gobierno-en-nicaragua\\\/#mainImage\"},\"primaryImageOfPage\":{\"@id\":\"https:\\\/\\\/www.eldigitaldeasturias.com\\\/noticias\\\/ernesto-cardenal-no-queremos-dialogo-si-otro-gobierno-en-nicaragua\\\/#mainImage\"},\"datePublished\":\"2018-04-30T22:42:19+02:00\",\"dateModified\":\"2018-04-30T22:42:19+02:00\"},{\"@type\":\"WebSite\",\"@id\":\"https:\\\/\\\/www.eldigitaldeasturias.com\\\/noticias\\\/#website\",\"url\":\"https:\\\/\\\/www.eldigitaldeasturias.com\\\/noticias\\\/\",\"name\":\"El Digital de Asturias - Diario de actualidad y noticias\",\"alternateName\":\"El Digital de Asturias - Diario de actualidad y noticias\",\"description\":\"Hemeroteca\",\"inLanguage\":\"es-ES\",\"publisher\":{\"@id\":\"https:\\\/\\\/www.eldigitaldeasturias.com\\\/noticias\\\/#organization\"}}]}\n\t\t<\/script>\n\t\t<!-- All in One SEO Pro -->\r\n\t\t<title>Ernesto Cardenal: \u00abNo queremos di\u00e1logo, s\u00ed otro Gobierno\u00bb en Nicaragua - El Digital de Asturias<\/title>\n\n","aioseo_head_json":{"title":"Ernesto Cardenal: \u00abNo queremos di\u00e1logo, s\u00ed otro Gobierno\u00bb en Nicaragua - El Digital de Asturias","description":"Managua, 30 abr (dpa) \u2013 El poeta y sacerdote nicarag\u00fcense Ernesto Cardenal dijo que \"no debe haber di\u00e1logo\" entre el presidente Daniel Ortega y la sociedad civil, sino que debe elegirse \"otro Gobierno, una rep\u00fablica democr\u00e1tica\", tras la ola de violencia que el pa\u00eds vivi\u00f3 la semana pasada a ra\u00edz de protestas estudiantiles. En entrevista","canonical_url":"https:\/\/www.eldigitaldeasturias.com\/noticias\/ernesto-cardenal-no-queremos-dialogo-si-otro-gobierno-en-nicaragua\/","robots":"max-image-preview:large","keywords":"actualidad","webmasterTools":{"google-site-verification":"UA-38556648-1","msvalidate.01":"7dfe9f3f1b24437ab69f4f2559babe99","miscellaneous":""},"schema":{"@context":"https:\/\/schema.org","@graph":[{"@type":"BlogPosting","@id":"https:\/\/www.eldigitaldeasturias.com\/noticias\/ernesto-cardenal-no-queremos-dialogo-si-otro-gobierno-en-nicaragua\/#blogposting","name":"Ernesto Cardenal: \u00abNo queremos di\u00e1logo, s\u00ed otro Gobierno\u00bb en Nicaragua - El Digital de Asturias","headline":"Ernesto Cardenal: \u00abNo queremos di\u00e1logo, s\u00ed otro Gobierno\u00bb en Nicaragua","author":{"@id":"https:\/\/www.eldigitaldeasturias.com\/noticias\/author\/admin\/#author"},"publisher":{"@id":"https:\/\/www.eldigitaldeasturias.com\/noticias\/#organization"},"image":{"@type":"ImageObject","url":977212},"datePublished":"2018-04-30T22:42:19+02:00","dateModified":"2018-04-30T22:42:19+02:00","inLanguage":"es-ES","mainEntityOfPage":{"@id":"https:\/\/www.eldigitaldeasturias.com\/noticias\/ernesto-cardenal-no-queremos-dialogo-si-otro-gobierno-en-nicaragua\/#webpage"},"isPartOf":{"@id":"https:\/\/www.eldigitaldeasturias.com\/noticias\/ernesto-cardenal-no-queremos-dialogo-si-otro-gobierno-en-nicaragua\/#webpage"},"articleSection":"Actualidad"},{"@type":"BreadcrumbList","@id":"https:\/\/www.eldigitaldeasturias.com\/noticias\/ernesto-cardenal-no-queremos-dialogo-si-otro-gobierno-en-nicaragua\/#breadcrumblist","itemListElement":[{"@type":"ListItem","@id":"https:\/\/www.eldigitaldeasturias.com\/noticias#listItem","position":1,"name":"Home","item":"https:\/\/www.eldigitaldeasturias.com\/noticias","nextItem":{"@type":"ListItem","@id":"https:\/\/www.eldigitaldeasturias.com\/noticias\/category\/actualidad\/#listItem","name":"Actualidad"}},{"@type":"ListItem","@id":"https:\/\/www.eldigitaldeasturias.com\/noticias\/category\/actualidad\/#listItem","position":2,"name":"Actualidad","item":"https:\/\/www.eldigitaldeasturias.com\/noticias\/category\/actualidad\/","nextItem":{"@type":"ListItem","@id":"https:\/\/www.eldigitaldeasturias.com\/noticias\/ernesto-cardenal-no-queremos-dialogo-si-otro-gobierno-en-nicaragua\/#listItem","name":"Ernesto Cardenal: \u00abNo queremos di\u00e1logo, s\u00ed otro Gobierno\u00bb en Nicaragua"},"previousItem":{"@type":"ListItem","@id":"https:\/\/www.eldigitaldeasturias.com\/noticias#listItem","name":"Home"}},{"@type":"ListItem","@id":"https:\/\/www.eldigitaldeasturias.com\/noticias\/ernesto-cardenal-no-queremos-dialogo-si-otro-gobierno-en-nicaragua\/#listItem","position":3,"name":"Ernesto Cardenal: \u00abNo queremos di\u00e1logo, s\u00ed otro Gobierno\u00bb en Nicaragua","previousItem":{"@type":"ListItem","@id":"https:\/\/www.eldigitaldeasturias.com\/noticias\/category\/actualidad\/#listItem","name":"Actualidad"}}]},{"@type":"Organization","@id":"https:\/\/www.eldigitaldeasturias.com\/noticias\/#organization","name":"El Digital de Asturias","description":"Hemeroteca","url":"https:\/\/www.eldigitaldeasturias.com\/noticias\/","email":"info@eldigitaldeasturias.com","telephone":"+34652131393","logo":{"@type":"ImageObject","url":"https:\/\/www.eldigitaldeasturias.com\/noticias\/wp-content\/uploads\/2020\/12\/EDA.jpg","@id":"https:\/\/www.eldigitaldeasturias.com\/noticias\/ernesto-cardenal-no-queremos-dialogo-si-otro-gobierno-en-nicaragua\/#organizationLogo"},"image":{"@id":"https:\/\/www.eldigitaldeasturias.com\/noticias\/ernesto-cardenal-no-queremos-dialogo-si-otro-gobierno-en-nicaragua\/#organizationLogo"},"sameAs":["https:\/\/facebook.com\/eldigitaldeasturias","https:\/\/www.youtube.com\/channel\/UCZP-2wLEB9Rv6erhFmqVnvg"],"address":{"@id":"https:\/\/www.eldigitaldeasturias.com\/noticias\/#postaladdress","@type":"PostalAddress","streetAddress":"san antonio 4","postalCode":"33430","addressLocality":"Cand\u00e1s","addressRegion":"Asturias","addressCountry":"ES"}},{"@type":"Person","@id":"https:\/\/www.eldigitaldeasturias.com\/noticias\/author\/admin\/#author","url":"https:\/\/www.eldigitaldeasturias.com\/noticias\/author\/admin\/","name":"El Digital de Asturias","image":{"@type":"ImageObject","@id":"https:\/\/www.eldigitaldeasturias.com\/noticias\/ernesto-cardenal-no-queremos-dialogo-si-otro-gobierno-en-nicaragua\/#authorImage","url":"https:\/\/secure.gravatar.com\/avatar\/df2aeffc32bcd13f8d26072ef8a91b623d677766deac7f97ca815868cd41bf5e?s=96&d=mm&r=g","width":96,"height":96,"caption":"El Digital de Asturias"}},{"@type":"WebPage","@id":"https:\/\/www.eldigitaldeasturias.com\/noticias\/ernesto-cardenal-no-queremos-dialogo-si-otro-gobierno-en-nicaragua\/#webpage","url":"https:\/\/www.eldigitaldeasturias.com\/noticias\/ernesto-cardenal-no-queremos-dialogo-si-otro-gobierno-en-nicaragua\/","name":"Ernesto Cardenal: \u00abNo queremos di\u00e1logo, s\u00ed otro Gobierno\u00bb en Nicaragua - El Digital de Asturias","description":"Managua, 30 abr (dpa) \u2013 El poeta y sacerdote nicarag\u00fcense Ernesto Cardenal dijo que \"no debe haber di\u00e1logo\" entre el presidente Daniel Ortega y la sociedad civil, sino que debe elegirse \"otro Gobierno, una rep\u00fablica democr\u00e1tica\", tras la ola de violencia que el pa\u00eds vivi\u00f3 la semana pasada a ra\u00edz de protestas estudiantiles. En entrevista","inLanguage":"es-ES","isPartOf":{"@id":"https:\/\/www.eldigitaldeasturias.com\/noticias\/#website"},"breadcrumb":{"@id":"https:\/\/www.eldigitaldeasturias.com\/noticias\/ernesto-cardenal-no-queremos-dialogo-si-otro-gobierno-en-nicaragua\/#breadcrumblist"},"author":{"@id":"https:\/\/www.eldigitaldeasturias.com\/noticias\/author\/admin\/#author"},"creator":{"@id":"https:\/\/www.eldigitaldeasturias.com\/noticias\/author\/admin\/#author"},"image":{"@type":"ImageObject","url":977212,"@id":"https:\/\/www.eldigitaldeasturias.com\/noticias\/ernesto-cardenal-no-queremos-dialogo-si-otro-gobierno-en-nicaragua\/#mainImage"},"primaryImageOfPage":{"@id":"https:\/\/www.eldigitaldeasturias.com\/noticias\/ernesto-cardenal-no-queremos-dialogo-si-otro-gobierno-en-nicaragua\/#mainImage"},"datePublished":"2018-04-30T22:42:19+02:00","dateModified":"2018-04-30T22:42:19+02:00"},{"@type":"WebSite","@id":"https:\/\/www.eldigitaldeasturias.com\/noticias\/#website","url":"https:\/\/www.eldigitaldeasturias.com\/noticias\/","name":"El Digital de Asturias - Diario de actualidad y noticias","alternateName":"El Digital de Asturias - Diario de actualidad y noticias","description":"Hemeroteca","inLanguage":"es-ES","publisher":{"@id":"https:\/\/www.eldigitaldeasturias.com\/noticias\/#organization"}}]},"og:locale":"es_ES","og:site_name":"El Digital de Asturias","og:type":"article","og:title":"Ernesto Cardenal: \u00abNo queremos di\u00e1logo, s\u00ed otro Gobierno\u00bb en Nicaragua - El Digital de Asturias","og:description":"Managua, 30 abr (dpa) \u2013 El poeta y sacerdote nicarag\u00fcense Ernesto Cardenal dijo que &quot;no debe haber di\u00e1logo&quot; entre el presidente Daniel Ortega y la sociedad civil, sino que debe elegirse &quot;otro Gobierno, una rep\u00fablica democr\u00e1tica&quot;, tras la ola de violencia que el pa\u00eds vivi\u00f3 la semana pasada a ra\u00edz de protestas estudiantiles. En entrevista","og:url":"https:\/\/www.eldigitaldeasturias.com\/noticias\/ernesto-cardenal-no-queremos-dialogo-si-otro-gobierno-en-nicaragua\/","article:tag":["actualidad"],"article:published_time":"2018-04-30T22:42:19+00:00","article:modified_time":"2018-04-30T22:42:19+00:00","article:publisher":"https:\/\/facebook.com\/eldigitaldeasturias","twitter:card":"summary_large_image","twitter:title":"Ernesto Cardenal: \u00abNo queremos di\u00e1logo, s\u00ed otro Gobierno\u00bb en Nicaragua - El Digital de Asturias","twitter:description":"Managua, 30 abr (dpa) \u2013 El poeta y sacerdote nicarag\u00fcense Ernesto Cardenal dijo que &quot;no debe haber di\u00e1logo&quot; entre el presidente Daniel Ortega y la sociedad civil, sino que debe elegirse &quot;otro Gobierno, una rep\u00fablica democr\u00e1tica&quot;, tras la ola de violencia que el pa\u00eds vivi\u00f3 la semana pasada a ra\u00edz de protestas estudiantiles. En entrevista","twitter:image":"https:\/\/www.eldigitaldeasturias.com\/noticias\/wp-content\/uploads\/2020\/12\/EDA-1.jpg","twitter:label1":"Escrito por","twitter:data1":"El Digital de Asturias","twitter:label2":"Tiempo de lectura estimado","twitter:data2":"3 minutos"},"aioseo_meta_data":{"post_id":"978333","title":null,"description":null,"keywords":null,"keyphrases":null,"primary_term":null,"canonical_url":null,"og_title":null,"og_description":null,"og_object_type":"default","og_image_type":"default","og_image_url":null,"og_image_width":null,"og_image_height":null,"og_image_custom_url":null,"og_image_custom_fields":null,"og_video":null,"og_custom_url":null,"og_article_section":null,"og_article_tags":null,"twitter_use_og":false,"twitter_card":"default","twitter_image_type":"default","twitter_image_url":null,"twitter_image_custom_url":null,"twitter_image_custom_fields":null,"twitter_title":null,"twitter_description":null,"schema":{"blockGraphs":[],"customGraphs":[],"default":{"data":{"Article":[],"Course":[],"Dataset":[],"FAQPage":[],"Movie":[],"Person":[],"Product":[],"ProductReview":[],"Car":[],"Recipe":[],"Service":[],"SoftwareApplication":[],"WebPage":[]},"graphName":"","isEnabled":true},"graphs":[],"defaultGraph":"","defaultPostTypeGraph":""},"schema_type":null,"schema_type_options":null,"pillar_content":false,"robots_default":true,"robots_noindex":false,"robots_noarchive":false,"robots_nosnippet":false,"robots_nofollow":false,"robots_noimageindex":false,"robots_noodp":false,"robots_notranslate":false,"robots_max_snippet":null,"robots_max_videopreview":null,"robots_max_imagepreview":"large","priority":null,"frequency":null,"local_seo":null,"seo_analyzer_scan_date":"2025-10-08 10:30:31","breadcrumb_settings":null,"limit_modified_date":false,"open_ai":null,"ai":null,"created":"2020-12-21 12:02:38","updated":"2025-10-08 10:30:31","focus_keyword":null,"additional_keywords":null,"truseo_locale":null},"aioseo_breadcrumb":"<div class=\"aioseo-breadcrumbs\"><span class=\"aioseo-breadcrumb\">\n\t<a href=\"https:\/\/www.eldigitaldeasturias.com\/noticias\" title=\"Home\">Home<\/a>\n<\/span><span class=\"aioseo-breadcrumb-separator\">\u2013<\/span><span class=\"aioseo-breadcrumb\">\n\t<a href=\"https:\/\/www.eldigitaldeasturias.com\/noticias\/category\/actualidad\/\" title=\"Actualidad\">Actualidad<\/a>\n<\/span><span class=\"aioseo-breadcrumb-separator\">\u2013<\/span><span class=\"aioseo-breadcrumb\">\n\t<a href=\"https:\/\/www.eldigitaldeasturias.com\/noticias\/ernesto-cardenal-no-queremos-dialogo-si-otro-gobierno-en-nicaragua\/\" title=\"Ernesto Cardenal: \u00abNo queremos di\u00e1logo, s\u00ed otro Gobierno\u00bb en Nicaragua\">Ernesto Cardenal: \u00abNo queremos di\u00e1logo, s\u00ed otro Gobierno\u00bb en Nicaragua<\/a>\n<\/span><\/div>","aioseo_breadcrumb_json":[{"label":"Home","link":"https:\/\/www.eldigitaldeasturias.com\/noticias"},{"label":"Actualidad","link":"https:\/\/www.eldigitaldeasturias.com\/noticias\/category\/actualidad\/"},{"label":"Ernesto Cardenal: \u00abNo queremos di\u00e1logo, s\u00ed otro Gobierno\u00bb en Nicaragua","link":"https:\/\/www.eldigitaldeasturias.com\/noticias\/ernesto-cardenal-no-queremos-dialogo-si-otro-gobierno-en-nicaragua\/"}],"_links":{"self":[{"href":"https:\/\/www.eldigitaldeasturias.com\/noticias\/wp-json\/wp\/v2\/posts\/978333","targetHints":{"allow":["GET"]}}],"collection":[{"href":"https:\/\/www.eldigitaldeasturias.com\/noticias\/wp-json\/wp\/v2\/posts"}],"about":[{"href":"https:\/\/www.eldigitaldeasturias.com\/noticias\/wp-json\/wp\/v2\/types\/post"}],"author":[{"embeddable":true,"href":"https:\/\/www.eldigitaldeasturias.com\/noticias\/wp-json\/wp\/v2\/users\/1"}],"replies":[{"embeddable":true,"href":"https:\/\/www.eldigitaldeasturias.com\/noticias\/wp-json\/wp\/v2\/comments?post=978333"}],"version-history":[{"count":0,"href":"https:\/\/www.eldigitaldeasturias.com\/noticias\/wp-json\/wp\/v2\/posts\/978333\/revisions"}],"wp:attachment":[{"href":"https:\/\/www.eldigitaldeasturias.com\/noticias\/wp-json\/wp\/v2\/media?parent=978333"}],"wp:term":[{"taxonomy":"category","embeddable":true,"href":"https:\/\/www.eldigitaldeasturias.com\/noticias\/wp-json\/wp\/v2\/categories?post=978333"},{"taxonomy":"post_tag","embeddable":true,"href":"https:\/\/www.eldigitaldeasturias.com\/noticias\/wp-json\/wp\/v2\/tags?post=978333"}],"curies":[{"name":"wp","href":"https:\/\/api.w.org\/{rel}","templated":true}]}}