{"id":978299,"date":"2018-04-30T21:10:34","date_gmt":"2018-04-30T21:10:34","guid":{"rendered":"http:\/\/www.eldigitaldeasturias.com\/noticias\/?p=978299"},"modified":"2018-04-30T21:10:34","modified_gmt":"2018-04-30T21:10:34","slug":"salen-a-licitacion-las-obras-de-acondicionamiento-de-los-antiguos-juzgados-de-la-plaza-del-pilar","status":"publish","type":"post","link":"https:\/\/www.eldigitaldeasturias.com\/noticias\/salen-a-licitacion-las-obras-de-acondicionamiento-de-los-antiguos-juzgados-de-la-plaza-del-pilar\/","title":{"rendered":"Salen a licitaci\u00f3n las obras de acondicionamiento de los antiguos juzgados de la plaza del Pilar"},"content":{"rendered":"<p><img loading=\"lazy\" decoding=\"async\" class=\"alignleft size-medium wp-image-978300\" src=\"https:\/\/www.eldigitaldeasturias.com\/noticias\/wp-content\/uploads\/2018\/04\/IMG_6326_Foto_Luis_Correas_GA-360x159.jpg\" alt=\"\" width=\"360\" height=\"159\" \/>El Instituto Aragon\u00e9s de Servicios Sociales (IASS) ha sacado a concurso la contrataci\u00f3n de la primera fase de obras de acondicionamiento de los antiguos juzgados de la plaza del Pilar de Zaragoza, que acoger\u00e1n la sede del Departamento de Ciudadan\u00eda y Derechos Sociales.<\/p>\n<p>Este concurso se refiere a las obras de remodelaci\u00f3n de la parte \u201cnueva\u201d de los antiguos juzgados, edificio que albergar\u00e1 la Direcci\u00f3n Provincial del IASS y a sus 141 funcionarios. El traslado de estos, seg\u00fan las previsiones iniciales, podr\u00eda realizarse a principios de 2019.<\/p>\n<p>El presupuesto de contrataci\u00f3n de la obra es de 1.317.432,20 euros y el plazo de ejecuci\u00f3n del contrato es de 153 d\u00edas naturales. Est\u00e1 previsto que las obras puedan iniciarse este verano y que est\u00e9n acabadas a final de a\u00f1o.<\/p>\n<p>La consejera de Ciudadan\u00eda y Derechos Sociales, Mar\u00eda Victoria Broto, ha mostrado su satisfacci\u00f3n por este proyecto en el que, ha dicho, \u201chemos puesto mucho inter\u00e9s y tenemos muchas ganas de tener un edificio que sea referente de los servicios sociales\u201d. Ha aludido a la actual dispersi\u00f3n de los servicios del Instituto Aragon\u00e9s de Servicios Sociales en diferentes edificios y la importancia de que puedan estar todos juntos en la misma sede. \u201cCreemos que es muy importante visibilizar los servicios sociales y nuestro departamento, que la ciudadan\u00eda sepa ad\u00f3nde tiene que acudir\u201d.<\/p>\n<p>Adem\u00e1s de la unificaci\u00f3n de los servicios sociales, Mar\u00eda Victoria Broto, se ha referido al impulso que el traslado supondr\u00e1 a esta c\u00e9ntrica zona de Zaragoza, a los comercios y establecimientos de restauraci\u00f3n. Ha recordado que, adem\u00e1s de los 500 funcionarios que se trasladar\u00e1n all\u00ed cuando se completen las dos fases, son unos 100.000 usuarios los que acuden a los servicios que se ubicar\u00e1n en los antiguos juzgados, y que estas personas siempre suelen ir acompa\u00f1adas por una o m\u00e1s personas.<\/p>\n<p>\u201cLos servicios sociales estar\u00e1n unidos en una misma sede y, adem\u00e1s, todos estaremos en el centro, que es donde queremos estar\u201d, ha concluido en alusi\u00f3n al impulso que se ha dado desde el Gobierno de Arag\u00f3n a los servicios sociales, coloc\u00e1ndolos entre una de sus prioridades.<\/p>\n<p>En la segunda fase de obras (cuyo proyecto fue adjudicado) se acondicionar\u00e1 el resto de las instalaciones que acoger\u00e1n las diferentes direcciones generales del Departamento de Ciudadan\u00eda y Derechos Sociales: Gabinete de la consejera; Secretar\u00eda General T\u00e9cnica; Gerencia del IASS; Instituto Aragon\u00e9s de la Mujer; y las direcciones generales de Participaci\u00f3n Ciudadana, Transparencia, Cooperaci\u00f3n y Voluntariado; Protecci\u00f3n de Consumidores y Usuarios e Igualdad y Familias. El volumen de funcionarios que se trasladar\u00e1n a los antiguos juzgados es de cerca de 500.<\/p>\n<p>La \u00fanica \u00e1rea del departamento que no se mover\u00e1 es el Instituto Aragon\u00e9s de la Juventud (IAJ), que permanecer\u00e1 en su sede de Franco y L\u00f3pez.<\/p>\n<p>Las obras que se van a llevar a cabo (en la zona m\u00e1s nueva de los antiguos juzgados) se centrar\u00e1n sobre todo en la climatizaci\u00f3n de los edificios y en la accesibilidad a los mismos. Por ello, se est\u00e1 trabajando con CERMI (Comit\u00e9 Espa\u00f1ol de Representantes de Personas con Discapacidad) para que esta nueva sede sea accesible a las personas con todo tipo de discapacidad.<\/p>\n","protected":false},"excerpt":{"rendered":"<p>El Instituto Aragon\u00e9s de Servicios Sociales (IASS) ha sacado a concurso la contrataci\u00f3n de la primera fase de obras de acondicionamiento de los antiguos juzgados de la plaza del Pilar de Zaragoza, que acoger\u00e1n la sede del Departamento de Ciudadan\u00eda y Derechos Sociales. Este concurso se refiere a las obras de remodelaci\u00f3n de la parte [&hellip;]<\/p>\n","protected":false},"author":1,"featured_media":978300,"comment_status":"closed","ping_status":"closed","sticky":false,"template":"","format":"standard","meta":{"footnotes":""},"categories":[1],"tags":[],"class_list":["post-978299","post","type-post","status-publish","format-standard","has-post-thumbnail","hentry","category-actualidad"],"aioseo_notices":[],"aioseo_head":"\n\t\t<!-- All in One SEO Pro 5.0.1 - aioseo.com -->\n\t<meta name=\"description\" content=\"El Instituto Aragon\u00e9s de Servicios Sociales (IASS) ha sacado a concurso la contrataci\u00f3n de la primera fase de obras de acondicionamiento de los antiguos juzgados de la plaza del Pilar de Zaragoza, que acoger\u00e1n la sede del Departamento de Ciudadan\u00eda y Derechos Sociales. Este concurso se refiere a las obras de remodelaci\u00f3n de la parte\" \/>\n\t<meta name=\"robots\" content=\"max-image-preview:large\" \/>\n\t<meta name=\"author\" content=\"El Digital de Asturias\"\/>\n\t<meta name=\"google-site-verification\" content=\"UA-38556648-1\" \/>\n\t<meta name=\"msvalidate.01\" content=\"7dfe9f3f1b24437ab69f4f2559babe99\" \/>\n\t<meta name=\"keywords\" content=\"actualidad\" \/>\n\t<link rel=\"canonical\" href=\"https:\/\/www.eldigitaldeasturias.com\/noticias\/salen-a-licitacion-las-obras-de-acondicionamiento-de-los-antiguos-juzgados-de-la-plaza-del-pilar\/\" \/>\n\t<meta name=\"generator\" content=\"All in One SEO Pro (AIOSEO) 5.0.1\" \/>\n\t\t<meta property=\"og:locale\" content=\"es_ES\" \/>\n\t\t<meta property=\"og:site_name\" content=\"El Digital de Asturias\" \/>\n\t\t<meta property=\"og:type\" content=\"article\" \/>\n\t\t<meta property=\"og:title\" content=\"Salen a licitaci\u00f3n las obras de acondicionamiento de los antiguos juzgados de la plaza del Pilar - El Digital de Asturias\" \/>\n\t\t<meta property=\"og:description\" content=\"El Instituto Aragon\u00e9s de Servicios Sociales (IASS) ha sacado a concurso la contrataci\u00f3n de la primera fase de obras de acondicionamiento de los antiguos juzgados de la plaza del Pilar de Zaragoza, que acoger\u00e1n la sede del Departamento de Ciudadan\u00eda y Derechos Sociales. Este concurso se refiere a las obras de remodelaci\u00f3n de la parte\" \/>\n\t\t<meta property=\"og:url\" content=\"https:\/\/www.eldigitaldeasturias.com\/noticias\/salen-a-licitacion-las-obras-de-acondicionamiento-de-los-antiguos-juzgados-de-la-plaza-del-pilar\/\" \/>\n\t\t<meta property=\"article:tag\" content=\"actualidad\" \/>\n\t\t<meta property=\"article:published_time\" content=\"2018-04-30T21:10:34+00:00\" \/>\n\t\t<meta property=\"article:modified_time\" content=\"2018-04-30T21:10:34+00:00\" \/>\n\t\t<meta property=\"article:publisher\" content=\"https:\/\/facebook.com\/eldigitaldeasturias\" \/>\n\t\t<meta name=\"twitter:card\" content=\"summary_large_image\" \/>\n\t\t<meta name=\"twitter:title\" content=\"Salen a licitaci\u00f3n las obras de acondicionamiento de los antiguos juzgados de la plaza del Pilar - El Digital de Asturias\" \/>\n\t\t<meta name=\"twitter:description\" content=\"El Instituto Aragon\u00e9s de Servicios Sociales (IASS) ha sacado a concurso la contrataci\u00f3n de la primera fase de obras de acondicionamiento de los antiguos juzgados de la plaza del Pilar de Zaragoza, que acoger\u00e1n la sede del Departamento de Ciudadan\u00eda y Derechos Sociales. Este concurso se refiere a las obras de remodelaci\u00f3n de la parte\" \/>\n\t\t<meta name=\"twitter:image\" content=\"https:\/\/www.eldigitaldeasturias.com\/noticias\/wp-content\/uploads\/2020\/12\/EDA-1.jpg\" \/>\n\t\t<meta name=\"twitter:label1\" content=\"Escrito por\" \/>\n\t\t<meta name=\"twitter:data1\" content=\"El Digital de Asturias\" \/>\n\t\t<meta name=\"twitter:label2\" content=\"Tiempo de lectura estimado\" \/>\n\t\t<meta name=\"twitter:data2\" content=\"3 minutos\" \/>\n\t\t<script type=\"application\/ld+json\" class=\"aioseo-schema\">\n\t\t\t{\"@context\":\"https:\\\/\\\/schema.org\",\"@graph\":[{\"@type\":\"BlogPosting\",\"@id\":\"https:\\\/\\\/www.eldigitaldeasturias.com\\\/noticias\\\/salen-a-licitacion-las-obras-de-acondicionamiento-de-los-antiguos-juzgados-de-la-plaza-del-pilar\\\/#blogposting\",\"name\":\"Salen a licitaci\\u00f3n las obras de acondicionamiento de los antiguos juzgados de la plaza del Pilar - El Digital de Asturias\",\"headline\":\"Salen a licitaci\\u00f3n las obras de acondicionamiento de los antiguos juzgados de la plaza del Pilar\",\"author\":{\"@id\":\"https:\\\/\\\/www.eldigitaldeasturias.com\\\/noticias\\\/author\\\/admin\\\/#author\"},\"publisher\":{\"@id\":\"https:\\\/\\\/www.eldigitaldeasturias.com\\\/noticias\\\/#organization\"},\"image\":{\"@type\":\"ImageObject\",\"url\":978300},\"datePublished\":\"2018-04-30T21:10:34+02:00\",\"dateModified\":\"2018-04-30T21:10:34+02:00\",\"inLanguage\":\"es-ES\",\"mainEntityOfPage\":{\"@id\":\"https:\\\/\\\/www.eldigitaldeasturias.com\\\/noticias\\\/salen-a-licitacion-las-obras-de-acondicionamiento-de-los-antiguos-juzgados-de-la-plaza-del-pilar\\\/#webpage\"},\"isPartOf\":{\"@id\":\"https:\\\/\\\/www.eldigitaldeasturias.com\\\/noticias\\\/salen-a-licitacion-las-obras-de-acondicionamiento-de-los-antiguos-juzgados-de-la-plaza-del-pilar\\\/#webpage\"},\"articleSection\":\"Actualidad\"},{\"@type\":\"BreadcrumbList\",\"@id\":\"https:\\\/\\\/www.eldigitaldeasturias.com\\\/noticias\\\/salen-a-licitacion-las-obras-de-acondicionamiento-de-los-antiguos-juzgados-de-la-plaza-del-pilar\\\/#breadcrumblist\",\"itemListElement\":[{\"@type\":\"ListItem\",\"@id\":\"https:\\\/\\\/www.eldigitaldeasturias.com\\\/noticias#listItem\",\"position\":1,\"name\":\"Home\",\"item\":\"https:\\\/\\\/www.eldigitaldeasturias.com\\\/noticias\",\"nextItem\":{\"@type\":\"ListItem\",\"@id\":\"https:\\\/\\\/www.eldigitaldeasturias.com\\\/noticias\\\/category\\\/actualidad\\\/#listItem\",\"name\":\"Actualidad\"}},{\"@type\":\"ListItem\",\"@id\":\"https:\\\/\\\/www.eldigitaldeasturias.com\\\/noticias\\\/category\\\/actualidad\\\/#listItem\",\"position\":2,\"name\":\"Actualidad\",\"item\":\"https:\\\/\\\/www.eldigitaldeasturias.com\\\/noticias\\\/category\\\/actualidad\\\/\",\"nextItem\":{\"@type\":\"ListItem\",\"@id\":\"https:\\\/\\\/www.eldigitaldeasturias.com\\\/noticias\\\/salen-a-licitacion-las-obras-de-acondicionamiento-de-los-antiguos-juzgados-de-la-plaza-del-pilar\\\/#listItem\",\"name\":\"Salen a licitaci\\u00f3n las obras de acondicionamiento de los antiguos juzgados de la plaza del Pilar\"},\"previousItem\":{\"@type\":\"ListItem\",\"@id\":\"https:\\\/\\\/www.eldigitaldeasturias.com\\\/noticias#listItem\",\"name\":\"Home\"}},{\"@type\":\"ListItem\",\"@id\":\"https:\\\/\\\/www.eldigitaldeasturias.com\\\/noticias\\\/salen-a-licitacion-las-obras-de-acondicionamiento-de-los-antiguos-juzgados-de-la-plaza-del-pilar\\\/#listItem\",\"position\":3,\"name\":\"Salen a licitaci\\u00f3n las obras de acondicionamiento de los antiguos juzgados de la plaza del Pilar\",\"previousItem\":{\"@type\":\"ListItem\",\"@id\":\"https:\\\/\\\/www.eldigitaldeasturias.com\\\/noticias\\\/category\\\/actualidad\\\/#listItem\",\"name\":\"Actualidad\"}}]},{\"@type\":\"Organization\",\"@id\":\"https:\\\/\\\/www.eldigitaldeasturias.com\\\/noticias\\\/#organization\",\"name\":\"El Digital de Asturias\",\"description\":\"Hemeroteca\",\"url\":\"https:\\\/\\\/www.eldigitaldeasturias.com\\\/noticias\\\/\",\"email\":\"info@eldigitaldeasturias.com\",\"telephone\":\"+34652131393\",\"logo\":{\"@type\":\"ImageObject\",\"url\":\"https:\\\/\\\/www.eldigitaldeasturias.com\\\/noticias\\\/wp-content\\\/uploads\\\/2020\\\/12\\\/EDA.jpg\",\"@id\":\"https:\\\/\\\/www.eldigitaldeasturias.com\\\/noticias\\\/salen-a-licitacion-las-obras-de-acondicionamiento-de-los-antiguos-juzgados-de-la-plaza-del-pilar\\\/#organizationLogo\"},\"image\":{\"@id\":\"https:\\\/\\\/www.eldigitaldeasturias.com\\\/noticias\\\/salen-a-licitacion-las-obras-de-acondicionamiento-de-los-antiguos-juzgados-de-la-plaza-del-pilar\\\/#organizationLogo\"},\"sameAs\":[\"https:\\\/\\\/facebook.com\\\/eldigitaldeasturias\",\"https:\\\/\\\/www.youtube.com\\\/channel\\\/UCZP-2wLEB9Rv6erhFmqVnvg\"],\"address\":{\"@id\":\"https:\\\/\\\/www.eldigitaldeasturias.com\\\/noticias\\\/#postaladdress\",\"@type\":\"PostalAddress\",\"streetAddress\":\"san antonio 4\",\"postalCode\":\"33430\",\"addressLocality\":\"Cand\\u00e1s\",\"addressRegion\":\"Asturias\",\"addressCountry\":\"ES\"}},{\"@type\":\"Person\",\"@id\":\"https:\\\/\\\/www.eldigitaldeasturias.com\\\/noticias\\\/author\\\/admin\\\/#author\",\"url\":\"https:\\\/\\\/www.eldigitaldeasturias.com\\\/noticias\\\/author\\\/admin\\\/\",\"name\":\"El Digital de Asturias\",\"image\":{\"@type\":\"ImageObject\",\"@id\":\"https:\\\/\\\/www.eldigitaldeasturias.com\\\/noticias\\\/salen-a-licitacion-las-obras-de-acondicionamiento-de-los-antiguos-juzgados-de-la-plaza-del-pilar\\\/#authorImage\",\"url\":\"https:\\\/\\\/secure.gravatar.com\\\/avatar\\\/df2aeffc32bcd13f8d26072ef8a91b623d677766deac7f97ca815868cd41bf5e?s=96&d=mm&r=g\",\"width\":96,\"height\":96,\"caption\":\"El Digital de Asturias\"}},{\"@type\":\"WebPage\",\"@id\":\"https:\\\/\\\/www.eldigitaldeasturias.com\\\/noticias\\\/salen-a-licitacion-las-obras-de-acondicionamiento-de-los-antiguos-juzgados-de-la-plaza-del-pilar\\\/#webpage\",\"url\":\"https:\\\/\\\/www.eldigitaldeasturias.com\\\/noticias\\\/salen-a-licitacion-las-obras-de-acondicionamiento-de-los-antiguos-juzgados-de-la-plaza-del-pilar\\\/\",\"name\":\"Salen a licitaci\\u00f3n las obras de acondicionamiento de los antiguos juzgados de la plaza del Pilar - El Digital de Asturias\",\"description\":\"El Instituto Aragon\\u00e9s de Servicios Sociales (IASS) ha sacado a concurso la contrataci\\u00f3n de la primera fase de obras de acondicionamiento de los antiguos juzgados de la plaza del Pilar de Zaragoza, que acoger\\u00e1n la sede del Departamento de Ciudadan\\u00eda y Derechos Sociales. Este concurso se refiere a las obras de remodelaci\\u00f3n de la parte\",\"inLanguage\":\"es-ES\",\"isPartOf\":{\"@id\":\"https:\\\/\\\/www.eldigitaldeasturias.com\\\/noticias\\\/#website\"},\"breadcrumb\":{\"@id\":\"https:\\\/\\\/www.eldigitaldeasturias.com\\\/noticias\\\/salen-a-licitacion-las-obras-de-acondicionamiento-de-los-antiguos-juzgados-de-la-plaza-del-pilar\\\/#breadcrumblist\"},\"author\":{\"@id\":\"https:\\\/\\\/www.eldigitaldeasturias.com\\\/noticias\\\/author\\\/admin\\\/#author\"},\"creator\":{\"@id\":\"https:\\\/\\\/www.eldigitaldeasturias.com\\\/noticias\\\/author\\\/admin\\\/#author\"},\"image\":{\"@type\":\"ImageObject\",\"url\":978300,\"@id\":\"https:\\\/\\\/www.eldigitaldeasturias.com\\\/noticias\\\/salen-a-licitacion-las-obras-de-acondicionamiento-de-los-antiguos-juzgados-de-la-plaza-del-pilar\\\/#mainImage\"},\"primaryImageOfPage\":{\"@id\":\"https:\\\/\\\/www.eldigitaldeasturias.com\\\/noticias\\\/salen-a-licitacion-las-obras-de-acondicionamiento-de-los-antiguos-juzgados-de-la-plaza-del-pilar\\\/#mainImage\"},\"datePublished\":\"2018-04-30T21:10:34+02:00\",\"dateModified\":\"2018-04-30T21:10:34+02:00\"},{\"@type\":\"WebSite\",\"@id\":\"https:\\\/\\\/www.eldigitaldeasturias.com\\\/noticias\\\/#website\",\"url\":\"https:\\\/\\\/www.eldigitaldeasturias.com\\\/noticias\\\/\",\"name\":\"El Digital de Asturias - Diario de actualidad y noticias\",\"alternateName\":\"El Digital de Asturias - Diario de actualidad y noticias\",\"description\":\"Hemeroteca\",\"inLanguage\":\"es-ES\",\"publisher\":{\"@id\":\"https:\\\/\\\/www.eldigitaldeasturias.com\\\/noticias\\\/#organization\"}}]}\n\t\t<\/script>\n\t\t<!-- All in One SEO Pro -->\r\n\t\t<title>Salen a licitaci\u00f3n las obras de acondicionamiento de los antiguos juzgados de la plaza del Pilar - El Digital de Asturias<\/title>\n\n","aioseo_head_json":{"title":"Salen a licitaci\u00f3n las obras de acondicionamiento de los antiguos juzgados de la plaza del Pilar - El Digital de Asturias","description":"El Instituto Aragon\u00e9s de Servicios Sociales (IASS) ha sacado a concurso la contrataci\u00f3n de la primera fase de obras de acondicionamiento de los antiguos juzgados de la plaza del Pilar de Zaragoza, que acoger\u00e1n la sede del Departamento de Ciudadan\u00eda y Derechos Sociales. Este concurso se refiere a las obras de remodelaci\u00f3n de la parte","canonical_url":"https:\/\/www.eldigitaldeasturias.com\/noticias\/salen-a-licitacion-las-obras-de-acondicionamiento-de-los-antiguos-juzgados-de-la-plaza-del-pilar\/","robots":"max-image-preview:large","keywords":"actualidad","webmasterTools":{"google-site-verification":"UA-38556648-1","msvalidate.01":"7dfe9f3f1b24437ab69f4f2559babe99","miscellaneous":""},"schema":{"@context":"https:\/\/schema.org","@graph":[{"@type":"BlogPosting","@id":"https:\/\/www.eldigitaldeasturias.com\/noticias\/salen-a-licitacion-las-obras-de-acondicionamiento-de-los-antiguos-juzgados-de-la-plaza-del-pilar\/#blogposting","name":"Salen a licitaci\u00f3n las obras de acondicionamiento de los antiguos juzgados de la plaza del Pilar - El Digital de Asturias","headline":"Salen a licitaci\u00f3n las obras de acondicionamiento de los antiguos juzgados de la plaza del Pilar","author":{"@id":"https:\/\/www.eldigitaldeasturias.com\/noticias\/author\/admin\/#author"},"publisher":{"@id":"https:\/\/www.eldigitaldeasturias.com\/noticias\/#organization"},"image":{"@type":"ImageObject","url":978300},"datePublished":"2018-04-30T21:10:34+02:00","dateModified":"2018-04-30T21:10:34+02:00","inLanguage":"es-ES","mainEntityOfPage":{"@id":"https:\/\/www.eldigitaldeasturias.com\/noticias\/salen-a-licitacion-las-obras-de-acondicionamiento-de-los-antiguos-juzgados-de-la-plaza-del-pilar\/#webpage"},"isPartOf":{"@id":"https:\/\/www.eldigitaldeasturias.com\/noticias\/salen-a-licitacion-las-obras-de-acondicionamiento-de-los-antiguos-juzgados-de-la-plaza-del-pilar\/#webpage"},"articleSection":"Actualidad"},{"@type":"BreadcrumbList","@id":"https:\/\/www.eldigitaldeasturias.com\/noticias\/salen-a-licitacion-las-obras-de-acondicionamiento-de-los-antiguos-juzgados-de-la-plaza-del-pilar\/#breadcrumblist","itemListElement":[{"@type":"ListItem","@id":"https:\/\/www.eldigitaldeasturias.com\/noticias#listItem","position":1,"name":"Home","item":"https:\/\/www.eldigitaldeasturias.com\/noticias","nextItem":{"@type":"ListItem","@id":"https:\/\/www.eldigitaldeasturias.com\/noticias\/category\/actualidad\/#listItem","name":"Actualidad"}},{"@type":"ListItem","@id":"https:\/\/www.eldigitaldeasturias.com\/noticias\/category\/actualidad\/#listItem","position":2,"name":"Actualidad","item":"https:\/\/www.eldigitaldeasturias.com\/noticias\/category\/actualidad\/","nextItem":{"@type":"ListItem","@id":"https:\/\/www.eldigitaldeasturias.com\/noticias\/salen-a-licitacion-las-obras-de-acondicionamiento-de-los-antiguos-juzgados-de-la-plaza-del-pilar\/#listItem","name":"Salen a licitaci\u00f3n las obras de acondicionamiento de los antiguos juzgados de la plaza del Pilar"},"previousItem":{"@type":"ListItem","@id":"https:\/\/www.eldigitaldeasturias.com\/noticias#listItem","name":"Home"}},{"@type":"ListItem","@id":"https:\/\/www.eldigitaldeasturias.com\/noticias\/salen-a-licitacion-las-obras-de-acondicionamiento-de-los-antiguos-juzgados-de-la-plaza-del-pilar\/#listItem","position":3,"name":"Salen a licitaci\u00f3n las obras de acondicionamiento de los antiguos juzgados de la plaza del Pilar","previousItem":{"@type":"ListItem","@id":"https:\/\/www.eldigitaldeasturias.com\/noticias\/category\/actualidad\/#listItem","name":"Actualidad"}}]},{"@type":"Organization","@id":"https:\/\/www.eldigitaldeasturias.com\/noticias\/#organization","name":"El Digital de Asturias","description":"Hemeroteca","url":"https:\/\/www.eldigitaldeasturias.com\/noticias\/","email":"info@eldigitaldeasturias.com","telephone":"+34652131393","logo":{"@type":"ImageObject","url":"https:\/\/www.eldigitaldeasturias.com\/noticias\/wp-content\/uploads\/2020\/12\/EDA.jpg","@id":"https:\/\/www.eldigitaldeasturias.com\/noticias\/salen-a-licitacion-las-obras-de-acondicionamiento-de-los-antiguos-juzgados-de-la-plaza-del-pilar\/#organizationLogo"},"image":{"@id":"https:\/\/www.eldigitaldeasturias.com\/noticias\/salen-a-licitacion-las-obras-de-acondicionamiento-de-los-antiguos-juzgados-de-la-plaza-del-pilar\/#organizationLogo"},"sameAs":["https:\/\/facebook.com\/eldigitaldeasturias","https:\/\/www.youtube.com\/channel\/UCZP-2wLEB9Rv6erhFmqVnvg"],"address":{"@id":"https:\/\/www.eldigitaldeasturias.com\/noticias\/#postaladdress","@type":"PostalAddress","streetAddress":"san antonio 4","postalCode":"33430","addressLocality":"Cand\u00e1s","addressRegion":"Asturias","addressCountry":"ES"}},{"@type":"Person","@id":"https:\/\/www.eldigitaldeasturias.com\/noticias\/author\/admin\/#author","url":"https:\/\/www.eldigitaldeasturias.com\/noticias\/author\/admin\/","name":"El Digital de Asturias","image":{"@type":"ImageObject","@id":"https:\/\/www.eldigitaldeasturias.com\/noticias\/salen-a-licitacion-las-obras-de-acondicionamiento-de-los-antiguos-juzgados-de-la-plaza-del-pilar\/#authorImage","url":"https:\/\/secure.gravatar.com\/avatar\/df2aeffc32bcd13f8d26072ef8a91b623d677766deac7f97ca815868cd41bf5e?s=96&d=mm&r=g","width":96,"height":96,"caption":"El Digital de Asturias"}},{"@type":"WebPage","@id":"https:\/\/www.eldigitaldeasturias.com\/noticias\/salen-a-licitacion-las-obras-de-acondicionamiento-de-los-antiguos-juzgados-de-la-plaza-del-pilar\/#webpage","url":"https:\/\/www.eldigitaldeasturias.com\/noticias\/salen-a-licitacion-las-obras-de-acondicionamiento-de-los-antiguos-juzgados-de-la-plaza-del-pilar\/","name":"Salen a licitaci\u00f3n las obras de acondicionamiento de los antiguos juzgados de la plaza del Pilar - El Digital de Asturias","description":"El Instituto Aragon\u00e9s de Servicios Sociales (IASS) ha sacado a concurso la contrataci\u00f3n de la primera fase de obras de acondicionamiento de los antiguos juzgados de la plaza del Pilar de Zaragoza, que acoger\u00e1n la sede del Departamento de Ciudadan\u00eda y Derechos Sociales. Este concurso se refiere a las obras de remodelaci\u00f3n de la parte","inLanguage":"es-ES","isPartOf":{"@id":"https:\/\/www.eldigitaldeasturias.com\/noticias\/#website"},"breadcrumb":{"@id":"https:\/\/www.eldigitaldeasturias.com\/noticias\/salen-a-licitacion-las-obras-de-acondicionamiento-de-los-antiguos-juzgados-de-la-plaza-del-pilar\/#breadcrumblist"},"author":{"@id":"https:\/\/www.eldigitaldeasturias.com\/noticias\/author\/admin\/#author"},"creator":{"@id":"https:\/\/www.eldigitaldeasturias.com\/noticias\/author\/admin\/#author"},"image":{"@type":"ImageObject","url":978300,"@id":"https:\/\/www.eldigitaldeasturias.com\/noticias\/salen-a-licitacion-las-obras-de-acondicionamiento-de-los-antiguos-juzgados-de-la-plaza-del-pilar\/#mainImage"},"primaryImageOfPage":{"@id":"https:\/\/www.eldigitaldeasturias.com\/noticias\/salen-a-licitacion-las-obras-de-acondicionamiento-de-los-antiguos-juzgados-de-la-plaza-del-pilar\/#mainImage"},"datePublished":"2018-04-30T21:10:34+02:00","dateModified":"2018-04-30T21:10:34+02:00"},{"@type":"WebSite","@id":"https:\/\/www.eldigitaldeasturias.com\/noticias\/#website","url":"https:\/\/www.eldigitaldeasturias.com\/noticias\/","name":"El Digital de Asturias - Diario de actualidad y noticias","alternateName":"El Digital de Asturias - Diario de actualidad y noticias","description":"Hemeroteca","inLanguage":"es-ES","publisher":{"@id":"https:\/\/www.eldigitaldeasturias.com\/noticias\/#organization"}}]},"og:locale":"es_ES","og:site_name":"El Digital de Asturias","og:type":"article","og:title":"Salen a licitaci\u00f3n las obras de acondicionamiento de los antiguos juzgados de la plaza del Pilar - El Digital de Asturias","og:description":"El Instituto Aragon\u00e9s de Servicios Sociales (IASS) ha sacado a concurso la contrataci\u00f3n de la primera fase de obras de acondicionamiento de los antiguos juzgados de la plaza del Pilar de Zaragoza, que acoger\u00e1n la sede del Departamento de Ciudadan\u00eda y Derechos Sociales. Este concurso se refiere a las obras de remodelaci\u00f3n de la parte","og:url":"https:\/\/www.eldigitaldeasturias.com\/noticias\/salen-a-licitacion-las-obras-de-acondicionamiento-de-los-antiguos-juzgados-de-la-plaza-del-pilar\/","article:tag":["actualidad"],"article:published_time":"2018-04-30T21:10:34+00:00","article:modified_time":"2018-04-30T21:10:34+00:00","article:publisher":"https:\/\/facebook.com\/eldigitaldeasturias","twitter:card":"summary_large_image","twitter:title":"Salen a licitaci\u00f3n las obras de acondicionamiento de los antiguos juzgados de la plaza del Pilar - El Digital de Asturias","twitter:description":"El Instituto Aragon\u00e9s de Servicios Sociales (IASS) ha sacado a concurso la contrataci\u00f3n de la primera fase de obras de acondicionamiento de los antiguos juzgados de la plaza del Pilar de Zaragoza, que acoger\u00e1n la sede del Departamento de Ciudadan\u00eda y Derechos Sociales. Este concurso se refiere a las obras de remodelaci\u00f3n de la parte","twitter:image":"https:\/\/www.eldigitaldeasturias.com\/noticias\/wp-content\/uploads\/2020\/12\/EDA-1.jpg","twitter:label1":"Escrito por","twitter:data1":"El Digital de Asturias","twitter:label2":"Tiempo de lectura estimado","twitter:data2":"3 minutos"},"aioseo_meta_data":{"post_id":"978299","title":null,"description":null,"keywords":null,"keyphrases":null,"primary_term":null,"canonical_url":null,"og_title":null,"og_description":null,"og_object_type":"default","og_image_type":"default","og_image_url":null,"og_image_width":null,"og_image_height":null,"og_image_custom_url":null,"og_image_custom_fields":null,"og_video":null,"og_custom_url":null,"og_article_section":null,"og_article_tags":null,"twitter_use_og":false,"twitter_card":"default","twitter_image_type":"default","twitter_image_url":null,"twitter_image_custom_url":null,"twitter_image_custom_fields":null,"twitter_title":null,"twitter_description":null,"schema":{"blockGraphs":[],"customGraphs":[],"default":{"data":{"Article":[],"Course":[],"Dataset":[],"FAQPage":[],"Movie":[],"Person":[],"Product":[],"ProductReview":[],"Car":[],"Recipe":[],"Service":[],"SoftwareApplication":[],"WebPage":[]},"graphName":"","isEnabled":true},"graphs":[],"defaultGraph":"","defaultPostTypeGraph":""},"schema_type":null,"schema_type_options":null,"pillar_content":false,"robots_default":true,"robots_noindex":false,"robots_noarchive":false,"robots_nosnippet":false,"robots_nofollow":false,"robots_noimageindex":false,"robots_noodp":false,"robots_notranslate":false,"robots_max_snippet":null,"robots_max_videopreview":null,"robots_max_imagepreview":"large","priority":null,"frequency":null,"local_seo":null,"seo_analyzer_scan_date":"2025-10-08 10:22:38","breadcrumb_settings":null,"limit_modified_date":false,"open_ai":null,"ai":null,"created":"2020-12-21 12:02:38","updated":"2025-10-08 10:22:38","focus_keyword":null,"additional_keywords":null,"truseo_locale":null},"aioseo_breadcrumb":"<div class=\"aioseo-breadcrumbs\"><span class=\"aioseo-breadcrumb\">\n\t<a href=\"https:\/\/www.eldigitaldeasturias.com\/noticias\" title=\"Home\">Home<\/a>\n<\/span><span class=\"aioseo-breadcrumb-separator\">\u2013<\/span><span class=\"aioseo-breadcrumb\">\n\t<a href=\"https:\/\/www.eldigitaldeasturias.com\/noticias\/category\/actualidad\/\" title=\"Actualidad\">Actualidad<\/a>\n<\/span><span class=\"aioseo-breadcrumb-separator\">\u2013<\/span><span class=\"aioseo-breadcrumb\">\n\t<a href=\"https:\/\/www.eldigitaldeasturias.com\/noticias\/salen-a-licitacion-las-obras-de-acondicionamiento-de-los-antiguos-juzgados-de-la-plaza-del-pilar\/\" title=\"Salen a licitaci\u00f3n las obras de acondicionamiento de los antiguos juzgados de la plaza del Pilar\">Salen a licitaci\u00f3n las obras de acondicionamiento de los antiguos juzgados de la plaza del Pilar<\/a>\n<\/span><\/div>","aioseo_breadcrumb_json":[{"label":"Home","link":"https:\/\/www.eldigitaldeasturias.com\/noticias"},{"label":"Actualidad","link":"https:\/\/www.eldigitaldeasturias.com\/noticias\/category\/actualidad\/"},{"label":"Salen a licitaci\u00f3n las obras de acondicionamiento de los antiguos juzgados de la plaza del Pilar","link":"https:\/\/www.eldigitaldeasturias.com\/noticias\/salen-a-licitacion-las-obras-de-acondicionamiento-de-los-antiguos-juzgados-de-la-plaza-del-pilar\/"}],"_links":{"self":[{"href":"https:\/\/www.eldigitaldeasturias.com\/noticias\/wp-json\/wp\/v2\/posts\/978299","targetHints":{"allow":["GET"]}}],"collection":[{"href":"https:\/\/www.eldigitaldeasturias.com\/noticias\/wp-json\/wp\/v2\/posts"}],"about":[{"href":"https:\/\/www.eldigitaldeasturias.com\/noticias\/wp-json\/wp\/v2\/types\/post"}],"author":[{"embeddable":true,"href":"https:\/\/www.eldigitaldeasturias.com\/noticias\/wp-json\/wp\/v2\/users\/1"}],"replies":[{"embeddable":true,"href":"https:\/\/www.eldigitaldeasturias.com\/noticias\/wp-json\/wp\/v2\/comments?post=978299"}],"version-history":[{"count":0,"href":"https:\/\/www.eldigitaldeasturias.com\/noticias\/wp-json\/wp\/v2\/posts\/978299\/revisions"}],"wp:attachment":[{"href":"https:\/\/www.eldigitaldeasturias.com\/noticias\/wp-json\/wp\/v2\/media?parent=978299"}],"wp:term":[{"taxonomy":"category","embeddable":true,"href":"https:\/\/www.eldigitaldeasturias.com\/noticias\/wp-json\/wp\/v2\/categories?post=978299"},{"taxonomy":"post_tag","embeddable":true,"href":"https:\/\/www.eldigitaldeasturias.com\/noticias\/wp-json\/wp\/v2\/tags?post=978299"}],"curies":[{"name":"wp","href":"https:\/\/api.w.org\/{rel}","templated":true}]}}