{"id":978249,"date":"2018-04-30T01:56:08","date_gmt":"2018-04-30T01:56:08","guid":{"rendered":"http:\/\/www.eldigitaldeasturias.com\/noticias\/?p=978249"},"modified":"2018-04-30T01:56:08","modified_gmt":"2018-04-30T01:56:08","slug":"renuncia-amber-rudd-ministra-del-interior-britanica","status":"publish","type":"post","link":"https:\/\/www.eldigitaldeasturias.com\/noticias\/renuncia-amber-rudd-ministra-del-interior-britanica\/","title":{"rendered":"Renuncia Amber Rudd, Ministra del Interior brit\u00e1nica"},"content":{"rendered":"<p><img loading=\"lazy\" decoding=\"async\" class=\"alignleft size-medium wp-image-893943\" src=\"https:\/\/www.eldigitaldeasturias.com\/noticias\/wp-content\/uploads\/2016\/06\/londres-360x240.jpg\" alt=\"\" width=\"360\" height=\"240\" \/>Londres, 29 abr (dpa) &#8211; La ministra del Interior brit\u00e1nica, Amber Rudd, renunci\u00f3 hoy, luego de que supuestamente mintiera al Parlamento respecto de la existencia de metas de deportaci\u00f3n de inmigrantes.<\/p>\n<p>\u00abLa primera ministra acept\u00f3 esta noche la renuncia de la ministra del Interior\u00bb, comunic\u00f3 la oficina de la jefa de Gobierno, Theresa May.<\/p>\n<p>La renuncia de Rudd, de 54 a\u00f1os, era pedida desde hace d\u00edas por el opositor Partido Laborista en el marco del llamado \u00abesc\u00e1ndalo Windrush\u00bb, generado despu\u00e9s de que inmigrantes caribe\u00f1os que fueron invitados a establecerse en el pa\u00eds d\u00e9cadas atr\u00e1s fueran tratados como ilegales.<\/p>\n<p>La semana pasada, la ministra dijo ante un comit\u00e9 parlamentario que el Gobierno no ten\u00eda metas para la deportaci\u00f3n de inmigrantes y luego admiti\u00f3 que exist\u00edan \u00abobjetivos locales\u00bb.<\/p>\n<p>Seg\u00fan los cr\u00edticos, los inmigrantes de la \u00abgeneraci\u00f3n Windrush\u00bb quedaron en la mira de las autoridades para la deportaci\u00f3n junto a los que llegaron de manera ilegal al pa\u00eds.<\/p>\n<p>Hace dos semanas, el Gobierno brit\u00e1nico pidi\u00f3 perd\u00f3n por negar cobertura sanitaria y otros derechos a inmigrantes de la llamada \u00abgeneraci\u00f3n Windrush\u00bb, que se trasladaron al Reino Unido desde el Caribe y otras naciones de la Commonwealth en los a\u00f1os 50 y 60.<\/p>\n<p>Un grupo de legisladores hab\u00eda pedido una acci\u00f3n urgente en una carta dirigida a May para ayudar a la \u00abgeneraci\u00f3n Windrush\u00bb, que toma su nombre del primer barco que lleg\u00f3 a Reino Unido con inmigrantes caribe\u00f1os en 1948.<\/p>\n<p>La carta se\u00f1alaba que muchos inmigrantes de esa \u00e9poca fueron \u00abidentificados incorrectamente como indocumentados o &#8216;migrantes ilegales'\u00bb a pesar de que los nacidos en territorio de pa\u00edses de la Commonwealth tienen derecho a establecerse en el pa\u00eds.<\/p>\n<p>Estos inmigrantes fueron invitados ante la falta de fuerza laboral y ten\u00edan derecho legal a permanecer en el Reino Unido.<\/p>\n<p>Sin embargo, a partir de las nuevas regulaciones migratorias establecidas por May cuando era ministra de Interior en 2012, se les dijo que necesitaban nuevos documentos, entre ellos pasaporte, para seguir trabajando y recibiendo otros beneficios. Los que no pod\u00edan entregar la documentaci\u00f3n enfrentaban la deportaci\u00f3n.<\/p>\n<p>May fue muy cuestionada por su rol en el esc\u00e1ndalo y los laboristas la acusaron incluso de utilizar a Rudd como \u00abescudo humano\u00bb. Con la partida de Rudd, que se hab\u00eda convertida en ministra de Interior en julio de 2016, la primera ministra perdi\u00f3 a una aliada.<\/p>\n<p>La de hoy fue la quinta renuncia en el Gabinete de May desde los comicios anticipados de junio pasado, en los que la primera ministra sufri\u00f3 una derrota electoral. Desde entonces, gobierna con una estrecha mayor\u00eda.<\/p>\n<p>El ministro de Defensa Michael Fallon y el vicejefe de Gobierno Damien Green dejaron sus cargos despu\u00e9s de verse involucrados en denuncias de acoso.<\/p>\n<p>Por su parte, la ministra de Ayuda al Desarrollo Priti Patel dimiti\u00f3 tras haberse reunido con el primer ministro Benjamin Netanyahu durante unas vacaciones en Israel sin haberlo consultado.<\/p>\n<p>S\u00f3lo una de las renuncias no se debi\u00f3 a un esc\u00e1ndalo: el ministro brit\u00e1nico para Irlanda del Norte James Brokenshire dej\u00f3 el cargo por problemas de salud.<\/p>\n","protected":false},"excerpt":{"rendered":"<p>Londres, 29 abr (dpa) &#8211; La ministra del Interior brit\u00e1nica, Amber Rudd, renunci\u00f3 hoy, luego de que supuestamente mintiera al Parlamento respecto de la existencia de metas de deportaci\u00f3n de inmigrantes. \u00abLa primera ministra acept\u00f3 esta noche la renuncia de la ministra del Interior\u00bb, comunic\u00f3 la oficina de la jefa de Gobierno, Theresa May. La [&hellip;]<\/p>\n","protected":false},"author":1,"featured_media":893943,"comment_status":"closed","ping_status":"closed","sticky":false,"template":"","format":"standard","meta":{"footnotes":""},"categories":[1],"tags":[],"class_list":["post-978249","post","type-post","status-publish","format-standard","has-post-thumbnail","hentry","category-actualidad"],"aioseo_notices":[],"aioseo_head":"\n\t\t<!-- All in One SEO Pro 5.0.1 - aioseo.com -->\n\t<meta name=\"description\" content=\"Londres, 29 abr (dpa) - La ministra del Interior brit\u00e1nica, Amber Rudd, renunci\u00f3 hoy, luego de que supuestamente mintiera al Parlamento respecto de la existencia de metas de deportaci\u00f3n de inmigrantes. &quot;La primera ministra acept\u00f3 esta noche la renuncia de la ministra del Interior&quot;, comunic\u00f3 la oficina de la jefa de Gobierno, Theresa May. La\" \/>\n\t<meta name=\"robots\" content=\"max-image-preview:large\" \/>\n\t<meta name=\"author\" content=\"El Digital de Asturias\"\/>\n\t<meta name=\"google-site-verification\" content=\"UA-38556648-1\" \/>\n\t<meta name=\"msvalidate.01\" content=\"7dfe9f3f1b24437ab69f4f2559babe99\" \/>\n\t<meta name=\"keywords\" content=\"actualidad\" \/>\n\t<link rel=\"canonical\" href=\"https:\/\/www.eldigitaldeasturias.com\/noticias\/renuncia-amber-rudd-ministra-del-interior-britanica\/\" \/>\n\t<meta name=\"generator\" content=\"All in One SEO Pro (AIOSEO) 5.0.1\" \/>\n\t\t<meta property=\"og:locale\" content=\"es_ES\" \/>\n\t\t<meta property=\"og:site_name\" content=\"El Digital de Asturias\" \/>\n\t\t<meta property=\"og:type\" content=\"article\" \/>\n\t\t<meta property=\"og:title\" content=\"Renuncia Amber Rudd, Ministra del Interior brit\u00e1nica - El Digital de Asturias\" \/>\n\t\t<meta property=\"og:description\" content=\"Londres, 29 abr (dpa) - La ministra del Interior brit\u00e1nica, Amber Rudd, renunci\u00f3 hoy, luego de que supuestamente mintiera al Parlamento respecto de la existencia de metas de deportaci\u00f3n de inmigrantes. &quot;La primera ministra acept\u00f3 esta noche la renuncia de la ministra del Interior&quot;, comunic\u00f3 la oficina de la jefa de Gobierno, Theresa May. La\" \/>\n\t\t<meta property=\"og:url\" content=\"https:\/\/www.eldigitaldeasturias.com\/noticias\/renuncia-amber-rudd-ministra-del-interior-britanica\/\" \/>\n\t\t<meta property=\"article:tag\" content=\"actualidad\" \/>\n\t\t<meta property=\"article:published_time\" content=\"2018-04-30T01:56:08+00:00\" \/>\n\t\t<meta property=\"article:modified_time\" content=\"2018-04-30T01:56:08+00:00\" \/>\n\t\t<meta property=\"article:publisher\" content=\"https:\/\/facebook.com\/eldigitaldeasturias\" \/>\n\t\t<meta name=\"twitter:card\" content=\"summary_large_image\" \/>\n\t\t<meta name=\"twitter:title\" content=\"Renuncia Amber Rudd, Ministra del Interior brit\u00e1nica - El Digital de Asturias\" \/>\n\t\t<meta name=\"twitter:description\" content=\"Londres, 29 abr (dpa) - La ministra del Interior brit\u00e1nica, Amber Rudd, renunci\u00f3 hoy, luego de que supuestamente mintiera al Parlamento respecto de la existencia de metas de deportaci\u00f3n de inmigrantes. &quot;La primera ministra acept\u00f3 esta noche la renuncia de la ministra del Interior&quot;, comunic\u00f3 la oficina de la jefa de Gobierno, Theresa May. La\" \/>\n\t\t<meta name=\"twitter:image\" content=\"https:\/\/www.eldigitaldeasturias.com\/noticias\/wp-content\/uploads\/2020\/12\/EDA-1.jpg\" \/>\n\t\t<meta name=\"twitter:label1\" content=\"Escrito por\" \/>\n\t\t<meta name=\"twitter:data1\" content=\"El Digital de Asturias\" \/>\n\t\t<meta name=\"twitter:label2\" content=\"Tiempo de lectura estimado\" \/>\n\t\t<meta name=\"twitter:data2\" content=\"3 minutos\" \/>\n\t\t<script type=\"application\/ld+json\" class=\"aioseo-schema\">\n\t\t\t{\"@context\":\"https:\\\/\\\/schema.org\",\"@graph\":[{\"@type\":\"BlogPosting\",\"@id\":\"https:\\\/\\\/www.eldigitaldeasturias.com\\\/noticias\\\/renuncia-amber-rudd-ministra-del-interior-britanica\\\/#blogposting\",\"name\":\"Renuncia Amber Rudd, Ministra del Interior brit\\u00e1nica - El Digital de Asturias\",\"headline\":\"Renuncia Amber Rudd, Ministra del Interior brit\\u00e1nica\",\"author\":{\"@id\":\"https:\\\/\\\/www.eldigitaldeasturias.com\\\/noticias\\\/author\\\/admin\\\/#author\"},\"publisher\":{\"@id\":\"https:\\\/\\\/www.eldigitaldeasturias.com\\\/noticias\\\/#organization\"},\"image\":{\"@type\":\"ImageObject\",\"url\":893943},\"datePublished\":\"2018-04-30T01:56:08+02:00\",\"dateModified\":\"2018-04-30T01:56:08+02:00\",\"inLanguage\":\"es-ES\",\"mainEntityOfPage\":{\"@id\":\"https:\\\/\\\/www.eldigitaldeasturias.com\\\/noticias\\\/renuncia-amber-rudd-ministra-del-interior-britanica\\\/#webpage\"},\"isPartOf\":{\"@id\":\"https:\\\/\\\/www.eldigitaldeasturias.com\\\/noticias\\\/renuncia-amber-rudd-ministra-del-interior-britanica\\\/#webpage\"},\"articleSection\":\"Actualidad\"},{\"@type\":\"BreadcrumbList\",\"@id\":\"https:\\\/\\\/www.eldigitaldeasturias.com\\\/noticias\\\/renuncia-amber-rudd-ministra-del-interior-britanica\\\/#breadcrumblist\",\"itemListElement\":[{\"@type\":\"ListItem\",\"@id\":\"https:\\\/\\\/www.eldigitaldeasturias.com\\\/noticias#listItem\",\"position\":1,\"name\":\"Home\",\"item\":\"https:\\\/\\\/www.eldigitaldeasturias.com\\\/noticias\",\"nextItem\":{\"@type\":\"ListItem\",\"@id\":\"https:\\\/\\\/www.eldigitaldeasturias.com\\\/noticias\\\/category\\\/actualidad\\\/#listItem\",\"name\":\"Actualidad\"}},{\"@type\":\"ListItem\",\"@id\":\"https:\\\/\\\/www.eldigitaldeasturias.com\\\/noticias\\\/category\\\/actualidad\\\/#listItem\",\"position\":2,\"name\":\"Actualidad\",\"item\":\"https:\\\/\\\/www.eldigitaldeasturias.com\\\/noticias\\\/category\\\/actualidad\\\/\",\"nextItem\":{\"@type\":\"ListItem\",\"@id\":\"https:\\\/\\\/www.eldigitaldeasturias.com\\\/noticias\\\/renuncia-amber-rudd-ministra-del-interior-britanica\\\/#listItem\",\"name\":\"Renuncia Amber Rudd, Ministra del Interior brit\\u00e1nica\"},\"previousItem\":{\"@type\":\"ListItem\",\"@id\":\"https:\\\/\\\/www.eldigitaldeasturias.com\\\/noticias#listItem\",\"name\":\"Home\"}},{\"@type\":\"ListItem\",\"@id\":\"https:\\\/\\\/www.eldigitaldeasturias.com\\\/noticias\\\/renuncia-amber-rudd-ministra-del-interior-britanica\\\/#listItem\",\"position\":3,\"name\":\"Renuncia Amber Rudd, Ministra del Interior brit\\u00e1nica\",\"previousItem\":{\"@type\":\"ListItem\",\"@id\":\"https:\\\/\\\/www.eldigitaldeasturias.com\\\/noticias\\\/category\\\/actualidad\\\/#listItem\",\"name\":\"Actualidad\"}}]},{\"@type\":\"Organization\",\"@id\":\"https:\\\/\\\/www.eldigitaldeasturias.com\\\/noticias\\\/#organization\",\"name\":\"El Digital de Asturias\",\"description\":\"Hemeroteca\",\"url\":\"https:\\\/\\\/www.eldigitaldeasturias.com\\\/noticias\\\/\",\"email\":\"info@eldigitaldeasturias.com\",\"telephone\":\"+34652131393\",\"logo\":{\"@type\":\"ImageObject\",\"url\":\"https:\\\/\\\/www.eldigitaldeasturias.com\\\/noticias\\\/wp-content\\\/uploads\\\/2020\\\/12\\\/EDA.jpg\",\"@id\":\"https:\\\/\\\/www.eldigitaldeasturias.com\\\/noticias\\\/renuncia-amber-rudd-ministra-del-interior-britanica\\\/#organizationLogo\"},\"image\":{\"@id\":\"https:\\\/\\\/www.eldigitaldeasturias.com\\\/noticias\\\/renuncia-amber-rudd-ministra-del-interior-britanica\\\/#organizationLogo\"},\"sameAs\":[\"https:\\\/\\\/facebook.com\\\/eldigitaldeasturias\",\"https:\\\/\\\/www.youtube.com\\\/channel\\\/UCZP-2wLEB9Rv6erhFmqVnvg\"],\"address\":{\"@id\":\"https:\\\/\\\/www.eldigitaldeasturias.com\\\/noticias\\\/#postaladdress\",\"@type\":\"PostalAddress\",\"streetAddress\":\"san antonio 4\",\"postalCode\":\"33430\",\"addressLocality\":\"Cand\\u00e1s\",\"addressRegion\":\"Asturias\",\"addressCountry\":\"ES\"}},{\"@type\":\"Person\",\"@id\":\"https:\\\/\\\/www.eldigitaldeasturias.com\\\/noticias\\\/author\\\/admin\\\/#author\",\"url\":\"https:\\\/\\\/www.eldigitaldeasturias.com\\\/noticias\\\/author\\\/admin\\\/\",\"name\":\"El Digital de Asturias\",\"image\":{\"@type\":\"ImageObject\",\"@id\":\"https:\\\/\\\/www.eldigitaldeasturias.com\\\/noticias\\\/renuncia-amber-rudd-ministra-del-interior-britanica\\\/#authorImage\",\"url\":\"https:\\\/\\\/secure.gravatar.com\\\/avatar\\\/df2aeffc32bcd13f8d26072ef8a91b623d677766deac7f97ca815868cd41bf5e?s=96&d=mm&r=g\",\"width\":96,\"height\":96,\"caption\":\"El Digital de Asturias\"}},{\"@type\":\"WebPage\",\"@id\":\"https:\\\/\\\/www.eldigitaldeasturias.com\\\/noticias\\\/renuncia-amber-rudd-ministra-del-interior-britanica\\\/#webpage\",\"url\":\"https:\\\/\\\/www.eldigitaldeasturias.com\\\/noticias\\\/renuncia-amber-rudd-ministra-del-interior-britanica\\\/\",\"name\":\"Renuncia Amber Rudd, Ministra del Interior brit\\u00e1nica - El Digital de Asturias\",\"description\":\"Londres, 29 abr (dpa) - La ministra del Interior brit\\u00e1nica, Amber Rudd, renunci\\u00f3 hoy, luego de que supuestamente mintiera al Parlamento respecto de la existencia de metas de deportaci\\u00f3n de inmigrantes. \\\"La primera ministra acept\\u00f3 esta noche la renuncia de la ministra del Interior\\\", comunic\\u00f3 la oficina de la jefa de Gobierno, Theresa May. La\",\"inLanguage\":\"es-ES\",\"isPartOf\":{\"@id\":\"https:\\\/\\\/www.eldigitaldeasturias.com\\\/noticias\\\/#website\"},\"breadcrumb\":{\"@id\":\"https:\\\/\\\/www.eldigitaldeasturias.com\\\/noticias\\\/renuncia-amber-rudd-ministra-del-interior-britanica\\\/#breadcrumblist\"},\"author\":{\"@id\":\"https:\\\/\\\/www.eldigitaldeasturias.com\\\/noticias\\\/author\\\/admin\\\/#author\"},\"creator\":{\"@id\":\"https:\\\/\\\/www.eldigitaldeasturias.com\\\/noticias\\\/author\\\/admin\\\/#author\"},\"image\":{\"@type\":\"ImageObject\",\"url\":893943,\"@id\":\"https:\\\/\\\/www.eldigitaldeasturias.com\\\/noticias\\\/renuncia-amber-rudd-ministra-del-interior-britanica\\\/#mainImage\"},\"primaryImageOfPage\":{\"@id\":\"https:\\\/\\\/www.eldigitaldeasturias.com\\\/noticias\\\/renuncia-amber-rudd-ministra-del-interior-britanica\\\/#mainImage\"},\"datePublished\":\"2018-04-30T01:56:08+02:00\",\"dateModified\":\"2018-04-30T01:56:08+02:00\"},{\"@type\":\"WebSite\",\"@id\":\"https:\\\/\\\/www.eldigitaldeasturias.com\\\/noticias\\\/#website\",\"url\":\"https:\\\/\\\/www.eldigitaldeasturias.com\\\/noticias\\\/\",\"name\":\"El Digital de Asturias - Diario de actualidad y noticias\",\"alternateName\":\"El Digital de Asturias - Diario de actualidad y noticias\",\"description\":\"Hemeroteca\",\"inLanguage\":\"es-ES\",\"publisher\":{\"@id\":\"https:\\\/\\\/www.eldigitaldeasturias.com\\\/noticias\\\/#organization\"}}]}\n\t\t<\/script>\n\t\t<!-- All in One SEO Pro -->\r\n\t\t<title>Renuncia Amber Rudd, Ministra del Interior brit\u00e1nica - El Digital de Asturias<\/title>\n\n","aioseo_head_json":{"title":"Renuncia Amber Rudd, Ministra del Interior brit\u00e1nica - El Digital de Asturias","description":"Londres, 29 abr (dpa) - La ministra del Interior brit\u00e1nica, Amber Rudd, renunci\u00f3 hoy, luego de que supuestamente mintiera al Parlamento respecto de la existencia de metas de deportaci\u00f3n de inmigrantes. \"La primera ministra acept\u00f3 esta noche la renuncia de la ministra del Interior\", comunic\u00f3 la oficina de la jefa de Gobierno, Theresa May. La","canonical_url":"https:\/\/www.eldigitaldeasturias.com\/noticias\/renuncia-amber-rudd-ministra-del-interior-britanica\/","robots":"max-image-preview:large","keywords":"actualidad","webmasterTools":{"google-site-verification":"UA-38556648-1","msvalidate.01":"7dfe9f3f1b24437ab69f4f2559babe99","miscellaneous":""},"schema":{"@context":"https:\/\/schema.org","@graph":[{"@type":"BlogPosting","@id":"https:\/\/www.eldigitaldeasturias.com\/noticias\/renuncia-amber-rudd-ministra-del-interior-britanica\/#blogposting","name":"Renuncia Amber Rudd, Ministra del Interior brit\u00e1nica - El Digital de Asturias","headline":"Renuncia Amber Rudd, Ministra del Interior brit\u00e1nica","author":{"@id":"https:\/\/www.eldigitaldeasturias.com\/noticias\/author\/admin\/#author"},"publisher":{"@id":"https:\/\/www.eldigitaldeasturias.com\/noticias\/#organization"},"image":{"@type":"ImageObject","url":893943},"datePublished":"2018-04-30T01:56:08+02:00","dateModified":"2018-04-30T01:56:08+02:00","inLanguage":"es-ES","mainEntityOfPage":{"@id":"https:\/\/www.eldigitaldeasturias.com\/noticias\/renuncia-amber-rudd-ministra-del-interior-britanica\/#webpage"},"isPartOf":{"@id":"https:\/\/www.eldigitaldeasturias.com\/noticias\/renuncia-amber-rudd-ministra-del-interior-britanica\/#webpage"},"articleSection":"Actualidad"},{"@type":"BreadcrumbList","@id":"https:\/\/www.eldigitaldeasturias.com\/noticias\/renuncia-amber-rudd-ministra-del-interior-britanica\/#breadcrumblist","itemListElement":[{"@type":"ListItem","@id":"https:\/\/www.eldigitaldeasturias.com\/noticias#listItem","position":1,"name":"Home","item":"https:\/\/www.eldigitaldeasturias.com\/noticias","nextItem":{"@type":"ListItem","@id":"https:\/\/www.eldigitaldeasturias.com\/noticias\/category\/actualidad\/#listItem","name":"Actualidad"}},{"@type":"ListItem","@id":"https:\/\/www.eldigitaldeasturias.com\/noticias\/category\/actualidad\/#listItem","position":2,"name":"Actualidad","item":"https:\/\/www.eldigitaldeasturias.com\/noticias\/category\/actualidad\/","nextItem":{"@type":"ListItem","@id":"https:\/\/www.eldigitaldeasturias.com\/noticias\/renuncia-amber-rudd-ministra-del-interior-britanica\/#listItem","name":"Renuncia Amber Rudd, Ministra del Interior brit\u00e1nica"},"previousItem":{"@type":"ListItem","@id":"https:\/\/www.eldigitaldeasturias.com\/noticias#listItem","name":"Home"}},{"@type":"ListItem","@id":"https:\/\/www.eldigitaldeasturias.com\/noticias\/renuncia-amber-rudd-ministra-del-interior-britanica\/#listItem","position":3,"name":"Renuncia Amber Rudd, Ministra del Interior brit\u00e1nica","previousItem":{"@type":"ListItem","@id":"https:\/\/www.eldigitaldeasturias.com\/noticias\/category\/actualidad\/#listItem","name":"Actualidad"}}]},{"@type":"Organization","@id":"https:\/\/www.eldigitaldeasturias.com\/noticias\/#organization","name":"El Digital de Asturias","description":"Hemeroteca","url":"https:\/\/www.eldigitaldeasturias.com\/noticias\/","email":"info@eldigitaldeasturias.com","telephone":"+34652131393","logo":{"@type":"ImageObject","url":"https:\/\/www.eldigitaldeasturias.com\/noticias\/wp-content\/uploads\/2020\/12\/EDA.jpg","@id":"https:\/\/www.eldigitaldeasturias.com\/noticias\/renuncia-amber-rudd-ministra-del-interior-britanica\/#organizationLogo"},"image":{"@id":"https:\/\/www.eldigitaldeasturias.com\/noticias\/renuncia-amber-rudd-ministra-del-interior-britanica\/#organizationLogo"},"sameAs":["https:\/\/facebook.com\/eldigitaldeasturias","https:\/\/www.youtube.com\/channel\/UCZP-2wLEB9Rv6erhFmqVnvg"],"address":{"@id":"https:\/\/www.eldigitaldeasturias.com\/noticias\/#postaladdress","@type":"PostalAddress","streetAddress":"san antonio 4","postalCode":"33430","addressLocality":"Cand\u00e1s","addressRegion":"Asturias","addressCountry":"ES"}},{"@type":"Person","@id":"https:\/\/www.eldigitaldeasturias.com\/noticias\/author\/admin\/#author","url":"https:\/\/www.eldigitaldeasturias.com\/noticias\/author\/admin\/","name":"El Digital de Asturias","image":{"@type":"ImageObject","@id":"https:\/\/www.eldigitaldeasturias.com\/noticias\/renuncia-amber-rudd-ministra-del-interior-britanica\/#authorImage","url":"https:\/\/secure.gravatar.com\/avatar\/df2aeffc32bcd13f8d26072ef8a91b623d677766deac7f97ca815868cd41bf5e?s=96&d=mm&r=g","width":96,"height":96,"caption":"El Digital de Asturias"}},{"@type":"WebPage","@id":"https:\/\/www.eldigitaldeasturias.com\/noticias\/renuncia-amber-rudd-ministra-del-interior-britanica\/#webpage","url":"https:\/\/www.eldigitaldeasturias.com\/noticias\/renuncia-amber-rudd-ministra-del-interior-britanica\/","name":"Renuncia Amber Rudd, Ministra del Interior brit\u00e1nica - El Digital de Asturias","description":"Londres, 29 abr (dpa) - La ministra del Interior brit\u00e1nica, Amber Rudd, renunci\u00f3 hoy, luego de que supuestamente mintiera al Parlamento respecto de la existencia de metas de deportaci\u00f3n de inmigrantes. \"La primera ministra acept\u00f3 esta noche la renuncia de la ministra del Interior\", comunic\u00f3 la oficina de la jefa de Gobierno, Theresa May. La","inLanguage":"es-ES","isPartOf":{"@id":"https:\/\/www.eldigitaldeasturias.com\/noticias\/#website"},"breadcrumb":{"@id":"https:\/\/www.eldigitaldeasturias.com\/noticias\/renuncia-amber-rudd-ministra-del-interior-britanica\/#breadcrumblist"},"author":{"@id":"https:\/\/www.eldigitaldeasturias.com\/noticias\/author\/admin\/#author"},"creator":{"@id":"https:\/\/www.eldigitaldeasturias.com\/noticias\/author\/admin\/#author"},"image":{"@type":"ImageObject","url":893943,"@id":"https:\/\/www.eldigitaldeasturias.com\/noticias\/renuncia-amber-rudd-ministra-del-interior-britanica\/#mainImage"},"primaryImageOfPage":{"@id":"https:\/\/www.eldigitaldeasturias.com\/noticias\/renuncia-amber-rudd-ministra-del-interior-britanica\/#mainImage"},"datePublished":"2018-04-30T01:56:08+02:00","dateModified":"2018-04-30T01:56:08+02:00"},{"@type":"WebSite","@id":"https:\/\/www.eldigitaldeasturias.com\/noticias\/#website","url":"https:\/\/www.eldigitaldeasturias.com\/noticias\/","name":"El Digital de Asturias - Diario de actualidad y noticias","alternateName":"El Digital de Asturias - Diario de actualidad y noticias","description":"Hemeroteca","inLanguage":"es-ES","publisher":{"@id":"https:\/\/www.eldigitaldeasturias.com\/noticias\/#organization"}}]},"og:locale":"es_ES","og:site_name":"El Digital de Asturias","og:type":"article","og:title":"Renuncia Amber Rudd, Ministra del Interior brit\u00e1nica - El Digital de Asturias","og:description":"Londres, 29 abr (dpa) - La ministra del Interior brit\u00e1nica, Amber Rudd, renunci\u00f3 hoy, luego de que supuestamente mintiera al Parlamento respecto de la existencia de metas de deportaci\u00f3n de inmigrantes. &quot;La primera ministra acept\u00f3 esta noche la renuncia de la ministra del Interior&quot;, comunic\u00f3 la oficina de la jefa de Gobierno, Theresa May. La","og:url":"https:\/\/www.eldigitaldeasturias.com\/noticias\/renuncia-amber-rudd-ministra-del-interior-britanica\/","article:tag":["actualidad"],"article:published_time":"2018-04-30T01:56:08+00:00","article:modified_time":"2018-04-30T01:56:08+00:00","article:publisher":"https:\/\/facebook.com\/eldigitaldeasturias","twitter:card":"summary_large_image","twitter:title":"Renuncia Amber Rudd, Ministra del Interior brit\u00e1nica - El Digital de Asturias","twitter:description":"Londres, 29 abr (dpa) - La ministra del Interior brit\u00e1nica, Amber Rudd, renunci\u00f3 hoy, luego de que supuestamente mintiera al Parlamento respecto de la existencia de metas de deportaci\u00f3n de inmigrantes. &quot;La primera ministra acept\u00f3 esta noche la renuncia de la ministra del Interior&quot;, comunic\u00f3 la oficina de la jefa de Gobierno, Theresa May. La","twitter:image":"https:\/\/www.eldigitaldeasturias.com\/noticias\/wp-content\/uploads\/2020\/12\/EDA-1.jpg","twitter:label1":"Escrito por","twitter:data1":"El Digital de Asturias","twitter:label2":"Tiempo de lectura estimado","twitter:data2":"3 minutos"},"aioseo_meta_data":{"post_id":"978249","title":null,"description":null,"keywords":null,"keyphrases":null,"primary_term":null,"canonical_url":null,"og_title":null,"og_description":null,"og_object_type":"default","og_image_type":"default","og_image_url":null,"og_image_width":null,"og_image_height":null,"og_image_custom_url":null,"og_image_custom_fields":null,"og_video":null,"og_custom_url":null,"og_article_section":null,"og_article_tags":null,"twitter_use_og":false,"twitter_card":"default","twitter_image_type":"default","twitter_image_url":null,"twitter_image_custom_url":null,"twitter_image_custom_fields":null,"twitter_title":null,"twitter_description":null,"schema":{"blockGraphs":[],"customGraphs":[],"default":{"data":{"Article":[],"Course":[],"Dataset":[],"FAQPage":[],"Movie":[],"Person":[],"Product":[],"ProductReview":[],"Car":[],"Recipe":[],"Service":[],"SoftwareApplication":[],"WebPage":[]},"graphName":"","isEnabled":true},"graphs":[],"defaultGraph":"","defaultPostTypeGraph":""},"schema_type":null,"schema_type_options":null,"pillar_content":false,"robots_default":true,"robots_noindex":false,"robots_noarchive":false,"robots_nosnippet":false,"robots_nofollow":false,"robots_noimageindex":false,"robots_noodp":false,"robots_notranslate":false,"robots_max_snippet":null,"robots_max_videopreview":null,"robots_max_imagepreview":"large","priority":null,"frequency":null,"local_seo":null,"seo_analyzer_scan_date":"2025-10-08 10:11:10","breadcrumb_settings":null,"limit_modified_date":false,"open_ai":null,"ai":null,"created":"2020-12-21 12:02:38","updated":"2025-10-08 10:11:10","focus_keyword":null,"additional_keywords":null,"truseo_locale":null},"aioseo_breadcrumb":"<div class=\"aioseo-breadcrumbs\"><span class=\"aioseo-breadcrumb\">\n\t<a href=\"https:\/\/www.eldigitaldeasturias.com\/noticias\" title=\"Home\">Home<\/a>\n<\/span><span class=\"aioseo-breadcrumb-separator\">\u2013<\/span><span class=\"aioseo-breadcrumb\">\n\t<a href=\"https:\/\/www.eldigitaldeasturias.com\/noticias\/category\/actualidad\/\" title=\"Actualidad\">Actualidad<\/a>\n<\/span><span class=\"aioseo-breadcrumb-separator\">\u2013<\/span><span class=\"aioseo-breadcrumb\">\n\t<a href=\"https:\/\/www.eldigitaldeasturias.com\/noticias\/renuncia-amber-rudd-ministra-del-interior-britanica\/\" title=\"Renuncia Amber Rudd, Ministra del Interior brit\u00e1nica\">Renuncia Amber Rudd, Ministra del Interior brit\u00e1nica<\/a>\n<\/span><\/div>","aioseo_breadcrumb_json":[{"label":"Home","link":"https:\/\/www.eldigitaldeasturias.com\/noticias"},{"label":"Actualidad","link":"https:\/\/www.eldigitaldeasturias.com\/noticias\/category\/actualidad\/"},{"label":"Renuncia Amber Rudd, Ministra del Interior brit\u00e1nica","link":"https:\/\/www.eldigitaldeasturias.com\/noticias\/renuncia-amber-rudd-ministra-del-interior-britanica\/"}],"_links":{"self":[{"href":"https:\/\/www.eldigitaldeasturias.com\/noticias\/wp-json\/wp\/v2\/posts\/978249","targetHints":{"allow":["GET"]}}],"collection":[{"href":"https:\/\/www.eldigitaldeasturias.com\/noticias\/wp-json\/wp\/v2\/posts"}],"about":[{"href":"https:\/\/www.eldigitaldeasturias.com\/noticias\/wp-json\/wp\/v2\/types\/post"}],"author":[{"embeddable":true,"href":"https:\/\/www.eldigitaldeasturias.com\/noticias\/wp-json\/wp\/v2\/users\/1"}],"replies":[{"embeddable":true,"href":"https:\/\/www.eldigitaldeasturias.com\/noticias\/wp-json\/wp\/v2\/comments?post=978249"}],"version-history":[{"count":0,"href":"https:\/\/www.eldigitaldeasturias.com\/noticias\/wp-json\/wp\/v2\/posts\/978249\/revisions"}],"wp:attachment":[{"href":"https:\/\/www.eldigitaldeasturias.com\/noticias\/wp-json\/wp\/v2\/media?parent=978249"}],"wp:term":[{"taxonomy":"category","embeddable":true,"href":"https:\/\/www.eldigitaldeasturias.com\/noticias\/wp-json\/wp\/v2\/categories?post=978249"},{"taxonomy":"post_tag","embeddable":true,"href":"https:\/\/www.eldigitaldeasturias.com\/noticias\/wp-json\/wp\/v2\/tags?post=978249"}],"curies":[{"name":"wp","href":"https:\/\/api.w.org\/{rel}","templated":true}]}}