{"id":978242,"date":"2018-04-30T01:42:06","date_gmt":"2018-04-30T01:42:06","guid":{"rendered":"http:\/\/www.eldigitaldeasturias.com\/noticias\/?p=978242"},"modified":"2018-04-30T01:42:06","modified_gmt":"2018-04-30T01:42:06","slug":"vargas-llosa-algun-dia-le-tendremos-que-construir-un-monumento-a-odebrecht","status":"publish","type":"post","link":"https:\/\/www.eldigitaldeasturias.com\/noticias\/vargas-llosa-algun-dia-le-tendremos-que-construir-un-monumento-a-odebrecht\/","title":{"rendered":"Vargas Llosa: \u00abAlg\u00fan d\u00eda le tendremos que construir un monumento a Odebrecht\u00bb"},"content":{"rendered":"<p><img loading=\"lazy\" decoding=\"async\" class=\"alignleft size-medium wp-image-881014\" src=\"https:\/\/www.eldigitaldeasturias.com\/noticias\/wp-content\/uploads\/2016\/05\/fotonoticia_20160506105604_800-360x243.jpg\" alt=\"\" width=\"360\" height=\"243\" \/>Buenos Aires, 29 abr (dpa) &#8211; El premio Nobel de Literatura peruano Mario Vargas Llosa opin\u00f3 con iron\u00eda que \u00abnadie ha contribuido tanto en sacar a la luz la corrupci\u00f3n atroz que hab\u00eda en Am\u00e9rica Latina\u00bb como la constructora brasile\u00f1a Odebrecht, involucrada en casos de sobornos a pol\u00edticos en el continente.<\/p>\n<p>\u00abAlg\u00fan d\u00eda le tendremos que construir un monumento a Odebrecht porque nadie ha contribuido tanto en sacar a la luz la corrupci\u00f3n atroz que hab\u00eda en Am\u00e9rica Latina\u00bb, dijo Vargas Llosa en una entrevista publicada hoy en el diario \u00abLa Naci\u00f3n\u00bb argentino.<\/p>\n<p>Odebrecht reconoci\u00f3 en la Justicia de Estados Unidos y Brasil haber pagado m\u00e1s de 788 millones de d\u00f3lares en diez pa\u00edses latinoamericanos desde 2001.<\/p>\n<p>El m\u00e1s afectado es hasta ahora Per\u00fa. All\u00ed, Ollanta Humala, presidente entre 2011 y 2016, est\u00e1 encarcelado a la espera de juicio. Otro ex mandatario, Alejandro Toledo (2001-2006), se encuentra pr\u00f3fugo de la Justicia. El esc\u00e1ndalo Odebrecht, adem\u00e1s, provoc\u00f3 semanas atr\u00e1s la destituci\u00f3n de Pedro Pablo Kuczynski tras gobernar el pa\u00eds menos de un a\u00f1o.<\/p>\n<p>\u00abLo ocurrido (con Odebrecht) ha mostrado cu\u00e1n profunda hab\u00eda llegado a ser la corrupci\u00f3n no solo en Per\u00fa sino en buena parte de Am\u00e9rica Latina\u00bb, agreg\u00f3 Vargas Llosa, de 82 a\u00f1os y ganador del Nobel en 2010.<\/p>\n<p>El escritor peruano se encuentra en Buenos Aires con motivo de la tradicional Feria del Libro en la capital argentina, donde present\u00f3 su nuevo libro \u00abLa llamada de la tribu\u00bb.<\/p>\n<p>All\u00ed particip\u00f3 d\u00edas atr\u00e1s de una cena con los presidentes de Argentina, Mauricio Macri, y de Chile, Sebasti\u00e1n Pi\u00f1era.<\/p>\n<p>Vargas Llosa sostuvo que el proceso judicial iniciado en Brasil para esclarecer los casos de corrupci\u00f3n es \u00abfascinante\u00bb.<\/p>\n<p>\u00abEs la primera vez que hay una movilizaci\u00f3n popular realmente gigantesca contra la corrupci\u00f3n, pidiendo no la revoluci\u00f3n socialista sino la regeneraci\u00f3n de la democracia. Una democracia en la que los jueces manden a la c\u00e1rcel a los ladrones. Si tiene \u00e9xito, el efecto en Am\u00e9rica Latina ser\u00e1 enorme\u00bb, augur\u00f3.<\/p>\n","protected":false},"excerpt":{"rendered":"<p>Buenos Aires, 29 abr (dpa) &#8211; El premio Nobel de Literatura peruano Mario Vargas Llosa opin\u00f3 con iron\u00eda que \u00abnadie ha contribuido tanto en sacar a la luz la corrupci\u00f3n atroz que hab\u00eda en Am\u00e9rica Latina\u00bb como la constructora brasile\u00f1a Odebrecht, involucrada en casos de sobornos a pol\u00edticos en el continente. \u00abAlg\u00fan d\u00eda le tendremos [&hellip;]<\/p>\n","protected":false},"author":1,"featured_media":881014,"comment_status":"closed","ping_status":"closed","sticky":false,"template":"","format":"standard","meta":{"footnotes":""},"categories":[1],"tags":[],"class_list":["post-978242","post","type-post","status-publish","format-standard","has-post-thumbnail","hentry","category-actualidad"],"aioseo_notices":[],"aioseo_head":"\n\t\t<!-- All in One SEO Pro 5.0.1 - aioseo.com -->\n\t<meta name=\"description\" content=\"Buenos Aires, 29 abr (dpa) - El premio Nobel de Literatura peruano Mario Vargas Llosa opin\u00f3 con iron\u00eda que &quot;nadie ha contribuido tanto en sacar a la luz la corrupci\u00f3n atroz que hab\u00eda en Am\u00e9rica Latina&quot; como la constructora brasile\u00f1a Odebrecht, involucrada en casos de sobornos a pol\u00edticos en el continente. &quot;Alg\u00fan d\u00eda le tendremos\" \/>\n\t<meta name=\"robots\" content=\"max-image-preview:large\" \/>\n\t<meta name=\"author\" content=\"El Digital de Asturias\"\/>\n\t<meta name=\"google-site-verification\" content=\"UA-38556648-1\" \/>\n\t<meta name=\"msvalidate.01\" content=\"7dfe9f3f1b24437ab69f4f2559babe99\" \/>\n\t<meta name=\"keywords\" content=\"actualidad\" \/>\n\t<link rel=\"canonical\" href=\"https:\/\/www.eldigitaldeasturias.com\/noticias\/vargas-llosa-algun-dia-le-tendremos-que-construir-un-monumento-a-odebrecht\/\" \/>\n\t<meta name=\"generator\" content=\"All in One SEO Pro (AIOSEO) 5.0.1\" \/>\n\t\t<meta property=\"og:locale\" content=\"es_ES\" \/>\n\t\t<meta property=\"og:site_name\" content=\"El Digital de Asturias\" \/>\n\t\t<meta property=\"og:type\" content=\"article\" \/>\n\t\t<meta property=\"og:title\" content=\"Vargas Llosa: \u00abAlg\u00fan d\u00eda le tendremos que construir un monumento a Odebrecht\u00bb - El Digital de Asturias\" \/>\n\t\t<meta property=\"og:description\" content=\"Buenos Aires, 29 abr (dpa) - El premio Nobel de Literatura peruano Mario Vargas Llosa opin\u00f3 con iron\u00eda que &quot;nadie ha contribuido tanto en sacar a la luz la corrupci\u00f3n atroz que hab\u00eda en Am\u00e9rica Latina&quot; como la constructora brasile\u00f1a Odebrecht, involucrada en casos de sobornos a pol\u00edticos en el continente. &quot;Alg\u00fan d\u00eda le tendremos\" \/>\n\t\t<meta property=\"og:url\" content=\"https:\/\/www.eldigitaldeasturias.com\/noticias\/vargas-llosa-algun-dia-le-tendremos-que-construir-un-monumento-a-odebrecht\/\" \/>\n\t\t<meta property=\"article:tag\" content=\"actualidad\" \/>\n\t\t<meta property=\"article:published_time\" content=\"2018-04-30T01:42:06+00:00\" \/>\n\t\t<meta property=\"article:modified_time\" content=\"2018-04-30T01:42:06+00:00\" \/>\n\t\t<meta property=\"article:publisher\" content=\"https:\/\/facebook.com\/eldigitaldeasturias\" \/>\n\t\t<meta name=\"twitter:card\" content=\"summary_large_image\" \/>\n\t\t<meta name=\"twitter:title\" content=\"Vargas Llosa: \u00abAlg\u00fan d\u00eda le tendremos que construir un monumento a Odebrecht\u00bb - El Digital de Asturias\" \/>\n\t\t<meta name=\"twitter:description\" content=\"Buenos Aires, 29 abr (dpa) - El premio Nobel de Literatura peruano Mario Vargas Llosa opin\u00f3 con iron\u00eda que &quot;nadie ha contribuido tanto en sacar a la luz la corrupci\u00f3n atroz que hab\u00eda en Am\u00e9rica Latina&quot; como la constructora brasile\u00f1a Odebrecht, involucrada en casos de sobornos a pol\u00edticos en el continente. &quot;Alg\u00fan d\u00eda le tendremos\" \/>\n\t\t<meta name=\"twitter:image\" content=\"https:\/\/www.eldigitaldeasturias.com\/noticias\/wp-content\/uploads\/2020\/12\/EDA-1.jpg\" \/>\n\t\t<meta name=\"twitter:label1\" content=\"Escrito por\" \/>\n\t\t<meta name=\"twitter:data1\" content=\"El Digital de Asturias\" \/>\n\t\t<meta name=\"twitter:label2\" content=\"Tiempo de lectura estimado\" \/>\n\t\t<meta name=\"twitter:data2\" content=\"2 minutos\" \/>\n\t\t<script type=\"application\/ld+json\" class=\"aioseo-schema\">\n\t\t\t{\"@context\":\"https:\\\/\\\/schema.org\",\"@graph\":[{\"@type\":\"BlogPosting\",\"@id\":\"https:\\\/\\\/www.eldigitaldeasturias.com\\\/noticias\\\/vargas-llosa-algun-dia-le-tendremos-que-construir-un-monumento-a-odebrecht\\\/#blogposting\",\"name\":\"Vargas Llosa: \\u00abAlg\\u00fan d\\u00eda le tendremos que construir un monumento a Odebrecht\\u00bb - El Digital de Asturias\",\"headline\":\"Vargas Llosa: \\u00abAlg\\u00fan d\\u00eda le tendremos que construir un monumento a Odebrecht\\u00bb\",\"author\":{\"@id\":\"https:\\\/\\\/www.eldigitaldeasturias.com\\\/noticias\\\/author\\\/admin\\\/#author\"},\"publisher\":{\"@id\":\"https:\\\/\\\/www.eldigitaldeasturias.com\\\/noticias\\\/#organization\"},\"image\":{\"@type\":\"ImageObject\",\"url\":881014},\"datePublished\":\"2018-04-30T01:42:06+02:00\",\"dateModified\":\"2018-04-30T01:42:06+02:00\",\"inLanguage\":\"es-ES\",\"mainEntityOfPage\":{\"@id\":\"https:\\\/\\\/www.eldigitaldeasturias.com\\\/noticias\\\/vargas-llosa-algun-dia-le-tendremos-que-construir-un-monumento-a-odebrecht\\\/#webpage\"},\"isPartOf\":{\"@id\":\"https:\\\/\\\/www.eldigitaldeasturias.com\\\/noticias\\\/vargas-llosa-algun-dia-le-tendremos-que-construir-un-monumento-a-odebrecht\\\/#webpage\"},\"articleSection\":\"Actualidad\"},{\"@type\":\"BreadcrumbList\",\"@id\":\"https:\\\/\\\/www.eldigitaldeasturias.com\\\/noticias\\\/vargas-llosa-algun-dia-le-tendremos-que-construir-un-monumento-a-odebrecht\\\/#breadcrumblist\",\"itemListElement\":[{\"@type\":\"ListItem\",\"@id\":\"https:\\\/\\\/www.eldigitaldeasturias.com\\\/noticias#listItem\",\"position\":1,\"name\":\"Home\",\"item\":\"https:\\\/\\\/www.eldigitaldeasturias.com\\\/noticias\",\"nextItem\":{\"@type\":\"ListItem\",\"@id\":\"https:\\\/\\\/www.eldigitaldeasturias.com\\\/noticias\\\/category\\\/actualidad\\\/#listItem\",\"name\":\"Actualidad\"}},{\"@type\":\"ListItem\",\"@id\":\"https:\\\/\\\/www.eldigitaldeasturias.com\\\/noticias\\\/category\\\/actualidad\\\/#listItem\",\"position\":2,\"name\":\"Actualidad\",\"item\":\"https:\\\/\\\/www.eldigitaldeasturias.com\\\/noticias\\\/category\\\/actualidad\\\/\",\"nextItem\":{\"@type\":\"ListItem\",\"@id\":\"https:\\\/\\\/www.eldigitaldeasturias.com\\\/noticias\\\/vargas-llosa-algun-dia-le-tendremos-que-construir-un-monumento-a-odebrecht\\\/#listItem\",\"name\":\"Vargas Llosa: \\u00abAlg\\u00fan d\\u00eda le tendremos que construir un monumento a Odebrecht\\u00bb\"},\"previousItem\":{\"@type\":\"ListItem\",\"@id\":\"https:\\\/\\\/www.eldigitaldeasturias.com\\\/noticias#listItem\",\"name\":\"Home\"}},{\"@type\":\"ListItem\",\"@id\":\"https:\\\/\\\/www.eldigitaldeasturias.com\\\/noticias\\\/vargas-llosa-algun-dia-le-tendremos-que-construir-un-monumento-a-odebrecht\\\/#listItem\",\"position\":3,\"name\":\"Vargas Llosa: \\u00abAlg\\u00fan d\\u00eda le tendremos que construir un monumento a Odebrecht\\u00bb\",\"previousItem\":{\"@type\":\"ListItem\",\"@id\":\"https:\\\/\\\/www.eldigitaldeasturias.com\\\/noticias\\\/category\\\/actualidad\\\/#listItem\",\"name\":\"Actualidad\"}}]},{\"@type\":\"Organization\",\"@id\":\"https:\\\/\\\/www.eldigitaldeasturias.com\\\/noticias\\\/#organization\",\"name\":\"El Digital de Asturias\",\"description\":\"Hemeroteca\",\"url\":\"https:\\\/\\\/www.eldigitaldeasturias.com\\\/noticias\\\/\",\"email\":\"info@eldigitaldeasturias.com\",\"telephone\":\"+34652131393\",\"logo\":{\"@type\":\"ImageObject\",\"url\":\"https:\\\/\\\/www.eldigitaldeasturias.com\\\/noticias\\\/wp-content\\\/uploads\\\/2020\\\/12\\\/EDA.jpg\",\"@id\":\"https:\\\/\\\/www.eldigitaldeasturias.com\\\/noticias\\\/vargas-llosa-algun-dia-le-tendremos-que-construir-un-monumento-a-odebrecht\\\/#organizationLogo\"},\"image\":{\"@id\":\"https:\\\/\\\/www.eldigitaldeasturias.com\\\/noticias\\\/vargas-llosa-algun-dia-le-tendremos-que-construir-un-monumento-a-odebrecht\\\/#organizationLogo\"},\"sameAs\":[\"https:\\\/\\\/facebook.com\\\/eldigitaldeasturias\",\"https:\\\/\\\/www.youtube.com\\\/channel\\\/UCZP-2wLEB9Rv6erhFmqVnvg\"],\"address\":{\"@id\":\"https:\\\/\\\/www.eldigitaldeasturias.com\\\/noticias\\\/#postaladdress\",\"@type\":\"PostalAddress\",\"streetAddress\":\"san antonio 4\",\"postalCode\":\"33430\",\"addressLocality\":\"Cand\\u00e1s\",\"addressRegion\":\"Asturias\",\"addressCountry\":\"ES\"}},{\"@type\":\"Person\",\"@id\":\"https:\\\/\\\/www.eldigitaldeasturias.com\\\/noticias\\\/author\\\/admin\\\/#author\",\"url\":\"https:\\\/\\\/www.eldigitaldeasturias.com\\\/noticias\\\/author\\\/admin\\\/\",\"name\":\"El Digital de Asturias\",\"image\":{\"@type\":\"ImageObject\",\"@id\":\"https:\\\/\\\/www.eldigitaldeasturias.com\\\/noticias\\\/vargas-llosa-algun-dia-le-tendremos-que-construir-un-monumento-a-odebrecht\\\/#authorImage\",\"url\":\"https:\\\/\\\/secure.gravatar.com\\\/avatar\\\/df2aeffc32bcd13f8d26072ef8a91b623d677766deac7f97ca815868cd41bf5e?s=96&d=mm&r=g\",\"width\":96,\"height\":96,\"caption\":\"El Digital de Asturias\"}},{\"@type\":\"WebPage\",\"@id\":\"https:\\\/\\\/www.eldigitaldeasturias.com\\\/noticias\\\/vargas-llosa-algun-dia-le-tendremos-que-construir-un-monumento-a-odebrecht\\\/#webpage\",\"url\":\"https:\\\/\\\/www.eldigitaldeasturias.com\\\/noticias\\\/vargas-llosa-algun-dia-le-tendremos-que-construir-un-monumento-a-odebrecht\\\/\",\"name\":\"Vargas Llosa: \\u00abAlg\\u00fan d\\u00eda le tendremos que construir un monumento a Odebrecht\\u00bb - El Digital de Asturias\",\"description\":\"Buenos Aires, 29 abr (dpa) - El premio Nobel de Literatura peruano Mario Vargas Llosa opin\\u00f3 con iron\\u00eda que \\\"nadie ha contribuido tanto en sacar a la luz la corrupci\\u00f3n atroz que hab\\u00eda en Am\\u00e9rica Latina\\\" como la constructora brasile\\u00f1a Odebrecht, involucrada en casos de sobornos a pol\\u00edticos en el continente. \\\"Alg\\u00fan d\\u00eda le tendremos\",\"inLanguage\":\"es-ES\",\"isPartOf\":{\"@id\":\"https:\\\/\\\/www.eldigitaldeasturias.com\\\/noticias\\\/#website\"},\"breadcrumb\":{\"@id\":\"https:\\\/\\\/www.eldigitaldeasturias.com\\\/noticias\\\/vargas-llosa-algun-dia-le-tendremos-que-construir-un-monumento-a-odebrecht\\\/#breadcrumblist\"},\"author\":{\"@id\":\"https:\\\/\\\/www.eldigitaldeasturias.com\\\/noticias\\\/author\\\/admin\\\/#author\"},\"creator\":{\"@id\":\"https:\\\/\\\/www.eldigitaldeasturias.com\\\/noticias\\\/author\\\/admin\\\/#author\"},\"image\":{\"@type\":\"ImageObject\",\"url\":881014,\"@id\":\"https:\\\/\\\/www.eldigitaldeasturias.com\\\/noticias\\\/vargas-llosa-algun-dia-le-tendremos-que-construir-un-monumento-a-odebrecht\\\/#mainImage\"},\"primaryImageOfPage\":{\"@id\":\"https:\\\/\\\/www.eldigitaldeasturias.com\\\/noticias\\\/vargas-llosa-algun-dia-le-tendremos-que-construir-un-monumento-a-odebrecht\\\/#mainImage\"},\"datePublished\":\"2018-04-30T01:42:06+02:00\",\"dateModified\":\"2018-04-30T01:42:06+02:00\"},{\"@type\":\"WebSite\",\"@id\":\"https:\\\/\\\/www.eldigitaldeasturias.com\\\/noticias\\\/#website\",\"url\":\"https:\\\/\\\/www.eldigitaldeasturias.com\\\/noticias\\\/\",\"name\":\"El Digital de Asturias - Diario de actualidad y noticias\",\"alternateName\":\"El Digital de Asturias - Diario de actualidad y noticias\",\"description\":\"Hemeroteca\",\"inLanguage\":\"es-ES\",\"publisher\":{\"@id\":\"https:\\\/\\\/www.eldigitaldeasturias.com\\\/noticias\\\/#organization\"}}]}\n\t\t<\/script>\n\t\t<!-- All in One SEO Pro -->\r\n\t\t<title>Vargas Llosa: \u00abAlg\u00fan d\u00eda le tendremos que construir un monumento a Odebrecht\u00bb - El Digital de Asturias<\/title>\n\n","aioseo_head_json":{"title":"Vargas Llosa: \u00abAlg\u00fan d\u00eda le tendremos que construir un monumento a Odebrecht\u00bb - El Digital de Asturias","description":"Buenos Aires, 29 abr (dpa) - El premio Nobel de Literatura peruano Mario Vargas Llosa opin\u00f3 con iron\u00eda que \"nadie ha contribuido tanto en sacar a la luz la corrupci\u00f3n atroz que hab\u00eda en Am\u00e9rica Latina\" como la constructora brasile\u00f1a Odebrecht, involucrada en casos de sobornos a pol\u00edticos en el continente. \"Alg\u00fan d\u00eda le tendremos","canonical_url":"https:\/\/www.eldigitaldeasturias.com\/noticias\/vargas-llosa-algun-dia-le-tendremos-que-construir-un-monumento-a-odebrecht\/","robots":"max-image-preview:large","keywords":"actualidad","webmasterTools":{"google-site-verification":"UA-38556648-1","msvalidate.01":"7dfe9f3f1b24437ab69f4f2559babe99","miscellaneous":""},"schema":{"@context":"https:\/\/schema.org","@graph":[{"@type":"BlogPosting","@id":"https:\/\/www.eldigitaldeasturias.com\/noticias\/vargas-llosa-algun-dia-le-tendremos-que-construir-un-monumento-a-odebrecht\/#blogposting","name":"Vargas Llosa: \u00abAlg\u00fan d\u00eda le tendremos que construir un monumento a Odebrecht\u00bb - El Digital de Asturias","headline":"Vargas Llosa: \u00abAlg\u00fan d\u00eda le tendremos que construir un monumento a Odebrecht\u00bb","author":{"@id":"https:\/\/www.eldigitaldeasturias.com\/noticias\/author\/admin\/#author"},"publisher":{"@id":"https:\/\/www.eldigitaldeasturias.com\/noticias\/#organization"},"image":{"@type":"ImageObject","url":881014},"datePublished":"2018-04-30T01:42:06+02:00","dateModified":"2018-04-30T01:42:06+02:00","inLanguage":"es-ES","mainEntityOfPage":{"@id":"https:\/\/www.eldigitaldeasturias.com\/noticias\/vargas-llosa-algun-dia-le-tendremos-que-construir-un-monumento-a-odebrecht\/#webpage"},"isPartOf":{"@id":"https:\/\/www.eldigitaldeasturias.com\/noticias\/vargas-llosa-algun-dia-le-tendremos-que-construir-un-monumento-a-odebrecht\/#webpage"},"articleSection":"Actualidad"},{"@type":"BreadcrumbList","@id":"https:\/\/www.eldigitaldeasturias.com\/noticias\/vargas-llosa-algun-dia-le-tendremos-que-construir-un-monumento-a-odebrecht\/#breadcrumblist","itemListElement":[{"@type":"ListItem","@id":"https:\/\/www.eldigitaldeasturias.com\/noticias#listItem","position":1,"name":"Home","item":"https:\/\/www.eldigitaldeasturias.com\/noticias","nextItem":{"@type":"ListItem","@id":"https:\/\/www.eldigitaldeasturias.com\/noticias\/category\/actualidad\/#listItem","name":"Actualidad"}},{"@type":"ListItem","@id":"https:\/\/www.eldigitaldeasturias.com\/noticias\/category\/actualidad\/#listItem","position":2,"name":"Actualidad","item":"https:\/\/www.eldigitaldeasturias.com\/noticias\/category\/actualidad\/","nextItem":{"@type":"ListItem","@id":"https:\/\/www.eldigitaldeasturias.com\/noticias\/vargas-llosa-algun-dia-le-tendremos-que-construir-un-monumento-a-odebrecht\/#listItem","name":"Vargas Llosa: \u00abAlg\u00fan d\u00eda le tendremos que construir un monumento a Odebrecht\u00bb"},"previousItem":{"@type":"ListItem","@id":"https:\/\/www.eldigitaldeasturias.com\/noticias#listItem","name":"Home"}},{"@type":"ListItem","@id":"https:\/\/www.eldigitaldeasturias.com\/noticias\/vargas-llosa-algun-dia-le-tendremos-que-construir-un-monumento-a-odebrecht\/#listItem","position":3,"name":"Vargas Llosa: \u00abAlg\u00fan d\u00eda le tendremos que construir un monumento a Odebrecht\u00bb","previousItem":{"@type":"ListItem","@id":"https:\/\/www.eldigitaldeasturias.com\/noticias\/category\/actualidad\/#listItem","name":"Actualidad"}}]},{"@type":"Organization","@id":"https:\/\/www.eldigitaldeasturias.com\/noticias\/#organization","name":"El Digital de Asturias","description":"Hemeroteca","url":"https:\/\/www.eldigitaldeasturias.com\/noticias\/","email":"info@eldigitaldeasturias.com","telephone":"+34652131393","logo":{"@type":"ImageObject","url":"https:\/\/www.eldigitaldeasturias.com\/noticias\/wp-content\/uploads\/2020\/12\/EDA.jpg","@id":"https:\/\/www.eldigitaldeasturias.com\/noticias\/vargas-llosa-algun-dia-le-tendremos-que-construir-un-monumento-a-odebrecht\/#organizationLogo"},"image":{"@id":"https:\/\/www.eldigitaldeasturias.com\/noticias\/vargas-llosa-algun-dia-le-tendremos-que-construir-un-monumento-a-odebrecht\/#organizationLogo"},"sameAs":["https:\/\/facebook.com\/eldigitaldeasturias","https:\/\/www.youtube.com\/channel\/UCZP-2wLEB9Rv6erhFmqVnvg"],"address":{"@id":"https:\/\/www.eldigitaldeasturias.com\/noticias\/#postaladdress","@type":"PostalAddress","streetAddress":"san antonio 4","postalCode":"33430","addressLocality":"Cand\u00e1s","addressRegion":"Asturias","addressCountry":"ES"}},{"@type":"Person","@id":"https:\/\/www.eldigitaldeasturias.com\/noticias\/author\/admin\/#author","url":"https:\/\/www.eldigitaldeasturias.com\/noticias\/author\/admin\/","name":"El Digital de Asturias","image":{"@type":"ImageObject","@id":"https:\/\/www.eldigitaldeasturias.com\/noticias\/vargas-llosa-algun-dia-le-tendremos-que-construir-un-monumento-a-odebrecht\/#authorImage","url":"https:\/\/secure.gravatar.com\/avatar\/df2aeffc32bcd13f8d26072ef8a91b623d677766deac7f97ca815868cd41bf5e?s=96&d=mm&r=g","width":96,"height":96,"caption":"El Digital de Asturias"}},{"@type":"WebPage","@id":"https:\/\/www.eldigitaldeasturias.com\/noticias\/vargas-llosa-algun-dia-le-tendremos-que-construir-un-monumento-a-odebrecht\/#webpage","url":"https:\/\/www.eldigitaldeasturias.com\/noticias\/vargas-llosa-algun-dia-le-tendremos-que-construir-un-monumento-a-odebrecht\/","name":"Vargas Llosa: \u00abAlg\u00fan d\u00eda le tendremos que construir un monumento a Odebrecht\u00bb - El Digital de Asturias","description":"Buenos Aires, 29 abr (dpa) - El premio Nobel de Literatura peruano Mario Vargas Llosa opin\u00f3 con iron\u00eda que \"nadie ha contribuido tanto en sacar a la luz la corrupci\u00f3n atroz que hab\u00eda en Am\u00e9rica Latina\" como la constructora brasile\u00f1a Odebrecht, involucrada en casos de sobornos a pol\u00edticos en el continente. \"Alg\u00fan d\u00eda le tendremos","inLanguage":"es-ES","isPartOf":{"@id":"https:\/\/www.eldigitaldeasturias.com\/noticias\/#website"},"breadcrumb":{"@id":"https:\/\/www.eldigitaldeasturias.com\/noticias\/vargas-llosa-algun-dia-le-tendremos-que-construir-un-monumento-a-odebrecht\/#breadcrumblist"},"author":{"@id":"https:\/\/www.eldigitaldeasturias.com\/noticias\/author\/admin\/#author"},"creator":{"@id":"https:\/\/www.eldigitaldeasturias.com\/noticias\/author\/admin\/#author"},"image":{"@type":"ImageObject","url":881014,"@id":"https:\/\/www.eldigitaldeasturias.com\/noticias\/vargas-llosa-algun-dia-le-tendremos-que-construir-un-monumento-a-odebrecht\/#mainImage"},"primaryImageOfPage":{"@id":"https:\/\/www.eldigitaldeasturias.com\/noticias\/vargas-llosa-algun-dia-le-tendremos-que-construir-un-monumento-a-odebrecht\/#mainImage"},"datePublished":"2018-04-30T01:42:06+02:00","dateModified":"2018-04-30T01:42:06+02:00"},{"@type":"WebSite","@id":"https:\/\/www.eldigitaldeasturias.com\/noticias\/#website","url":"https:\/\/www.eldigitaldeasturias.com\/noticias\/","name":"El Digital de Asturias - Diario de actualidad y noticias","alternateName":"El Digital de Asturias - Diario de actualidad y noticias","description":"Hemeroteca","inLanguage":"es-ES","publisher":{"@id":"https:\/\/www.eldigitaldeasturias.com\/noticias\/#organization"}}]},"og:locale":"es_ES","og:site_name":"El Digital de Asturias","og:type":"article","og:title":"Vargas Llosa: \u00abAlg\u00fan d\u00eda le tendremos que construir un monumento a Odebrecht\u00bb - El Digital de Asturias","og:description":"Buenos Aires, 29 abr (dpa) - El premio Nobel de Literatura peruano Mario Vargas Llosa opin\u00f3 con iron\u00eda que &quot;nadie ha contribuido tanto en sacar a la luz la corrupci\u00f3n atroz que hab\u00eda en Am\u00e9rica Latina&quot; como la constructora brasile\u00f1a Odebrecht, involucrada en casos de sobornos a pol\u00edticos en el continente. &quot;Alg\u00fan d\u00eda le tendremos","og:url":"https:\/\/www.eldigitaldeasturias.com\/noticias\/vargas-llosa-algun-dia-le-tendremos-que-construir-un-monumento-a-odebrecht\/","article:tag":["actualidad"],"article:published_time":"2018-04-30T01:42:06+00:00","article:modified_time":"2018-04-30T01:42:06+00:00","article:publisher":"https:\/\/facebook.com\/eldigitaldeasturias","twitter:card":"summary_large_image","twitter:title":"Vargas Llosa: \u00abAlg\u00fan d\u00eda le tendremos que construir un monumento a Odebrecht\u00bb - El Digital de Asturias","twitter:description":"Buenos Aires, 29 abr (dpa) - El premio Nobel de Literatura peruano Mario Vargas Llosa opin\u00f3 con iron\u00eda que &quot;nadie ha contribuido tanto en sacar a la luz la corrupci\u00f3n atroz que hab\u00eda en Am\u00e9rica Latina&quot; como la constructora brasile\u00f1a Odebrecht, involucrada en casos de sobornos a pol\u00edticos en el continente. &quot;Alg\u00fan d\u00eda le tendremos","twitter:image":"https:\/\/www.eldigitaldeasturias.com\/noticias\/wp-content\/uploads\/2020\/12\/EDA-1.jpg","twitter:label1":"Escrito por","twitter:data1":"El Digital de Asturias","twitter:label2":"Tiempo de lectura estimado","twitter:data2":"2 minutos"},"aioseo_meta_data":{"post_id":"978242","title":null,"description":null,"keywords":null,"keyphrases":null,"primary_term":null,"canonical_url":null,"og_title":null,"og_description":null,"og_object_type":"default","og_image_type":"default","og_image_url":null,"og_image_width":null,"og_image_height":null,"og_image_custom_url":null,"og_image_custom_fields":null,"og_video":null,"og_custom_url":null,"og_article_section":null,"og_article_tags":null,"twitter_use_og":false,"twitter_card":"default","twitter_image_type":"default","twitter_image_url":null,"twitter_image_custom_url":null,"twitter_image_custom_fields":null,"twitter_title":null,"twitter_description":null,"schema":{"blockGraphs":[],"customGraphs":[],"default":{"data":{"Article":[],"Course":[],"Dataset":[],"FAQPage":[],"Movie":[],"Person":[],"Product":[],"ProductReview":[],"Car":[],"Recipe":[],"Service":[],"SoftwareApplication":[],"WebPage":[]},"graphName":"","isEnabled":true},"graphs":[],"defaultGraph":"","defaultPostTypeGraph":""},"schema_type":null,"schema_type_options":null,"pillar_content":false,"robots_default":true,"robots_noindex":false,"robots_noarchive":false,"robots_nosnippet":false,"robots_nofollow":false,"robots_noimageindex":false,"robots_noodp":false,"robots_notranslate":false,"robots_max_snippet":null,"robots_max_videopreview":null,"robots_max_imagepreview":"large","priority":null,"frequency":null,"local_seo":null,"seo_analyzer_scan_date":"2025-10-08 10:09:41","breadcrumb_settings":null,"limit_modified_date":false,"open_ai":null,"ai":null,"created":"2020-12-21 12:02:38","updated":"2025-10-08 10:09:41","focus_keyword":null,"additional_keywords":null,"truseo_locale":null},"aioseo_breadcrumb":"<div class=\"aioseo-breadcrumbs\"><span class=\"aioseo-breadcrumb\">\n\t<a href=\"https:\/\/www.eldigitaldeasturias.com\/noticias\" title=\"Home\">Home<\/a>\n<\/span><span class=\"aioseo-breadcrumb-separator\">\u2013<\/span><span class=\"aioseo-breadcrumb\">\n\t<a href=\"https:\/\/www.eldigitaldeasturias.com\/noticias\/category\/actualidad\/\" title=\"Actualidad\">Actualidad<\/a>\n<\/span><span class=\"aioseo-breadcrumb-separator\">\u2013<\/span><span class=\"aioseo-breadcrumb\">\n\t<a href=\"https:\/\/www.eldigitaldeasturias.com\/noticias\/vargas-llosa-algun-dia-le-tendremos-que-construir-un-monumento-a-odebrecht\/\" title=\"Vargas Llosa: \u00abAlg\u00fan d\u00eda le tendremos que construir un monumento a Odebrecht\u00bb\">Vargas Llosa: \u00abAlg\u00fan d\u00eda le tendremos que construir un monumento a Odebrecht\u00bb<\/a>\n<\/span><\/div>","aioseo_breadcrumb_json":[{"label":"Home","link":"https:\/\/www.eldigitaldeasturias.com\/noticias"},{"label":"Actualidad","link":"https:\/\/www.eldigitaldeasturias.com\/noticias\/category\/actualidad\/"},{"label":"Vargas Llosa: \u00abAlg\u00fan d\u00eda le tendremos que construir un monumento a Odebrecht\u00bb","link":"https:\/\/www.eldigitaldeasturias.com\/noticias\/vargas-llosa-algun-dia-le-tendremos-que-construir-un-monumento-a-odebrecht\/"}],"_links":{"self":[{"href":"https:\/\/www.eldigitaldeasturias.com\/noticias\/wp-json\/wp\/v2\/posts\/978242","targetHints":{"allow":["GET"]}}],"collection":[{"href":"https:\/\/www.eldigitaldeasturias.com\/noticias\/wp-json\/wp\/v2\/posts"}],"about":[{"href":"https:\/\/www.eldigitaldeasturias.com\/noticias\/wp-json\/wp\/v2\/types\/post"}],"author":[{"embeddable":true,"href":"https:\/\/www.eldigitaldeasturias.com\/noticias\/wp-json\/wp\/v2\/users\/1"}],"replies":[{"embeddable":true,"href":"https:\/\/www.eldigitaldeasturias.com\/noticias\/wp-json\/wp\/v2\/comments?post=978242"}],"version-history":[{"count":0,"href":"https:\/\/www.eldigitaldeasturias.com\/noticias\/wp-json\/wp\/v2\/posts\/978242\/revisions"}],"wp:attachment":[{"href":"https:\/\/www.eldigitaldeasturias.com\/noticias\/wp-json\/wp\/v2\/media?parent=978242"}],"wp:term":[{"taxonomy":"category","embeddable":true,"href":"https:\/\/www.eldigitaldeasturias.com\/noticias\/wp-json\/wp\/v2\/categories?post=978242"},{"taxonomy":"post_tag","embeddable":true,"href":"https:\/\/www.eldigitaldeasturias.com\/noticias\/wp-json\/wp\/v2\/tags?post=978242"}],"curies":[{"name":"wp","href":"https:\/\/api.w.org\/{rel}","templated":true}]}}