{"id":978233,"date":"2018-04-30T00:34:20","date_gmt":"2018-04-30T00:34:20","guid":{"rendered":"http:\/\/www.eldigitaldeasturias.com\/noticias\/?p=978233"},"modified":"2018-04-30T00:34:20","modified_gmt":"2018-04-30T00:34:20","slug":"temporal-de-viento-lluvia-y-granizo-en-buenos-aires-y-su-periferia","status":"publish","type":"post","link":"https:\/\/www.eldigitaldeasturias.com\/noticias\/temporal-de-viento-lluvia-y-granizo-en-buenos-aires-y-su-periferia\/","title":{"rendered":"Temporal de viento, lluvia y granizo en Buenos Aires y su periferia"},"content":{"rendered":"<p><img loading=\"lazy\" decoding=\"async\" class=\"alignleft size-medium wp-image-978234\" src=\"https:\/\/www.eldigitaldeasturias.com\/noticias\/wp-content\/uploads\/2018\/04\/aggressive-219804_960_720-360x241.jpg\" alt=\"\" width=\"360\" height=\"241\" \/>Buenos Aires, 29 abr (dpa) &#8211; Dos personas muertas, calles y viviendas inundadas, \u00e1rboles y carteles ca\u00eddos y m\u00e1s de 100.000 hogares sin luz caus\u00f3 hoy un temporal de viento, lluvia y granizo en Buenos Aires y su periferia, informaron fuentes oficiales.<\/p>\n<p>En la localidad de Caseros, al noroeste de la capital argentina, un hombre de 46 a\u00f1os y su hijo de 17 murieron electrocutados cuando cerraban una puerta de metal en un dep\u00f3sito inundado.<\/p>\n<p>\u00abEl informe policial y de los bomberos comprob\u00f3 que murieron electrocutados al haber tomado contacto con esa puerta\u00bb, explic\u00f3 el alcalde del distrito de Tres de Febrero, Diego Valenzuela, al canal Todo Noticias.<\/p>\n<p>Tres de Febrero, Merlo, Mor\u00f3n, Quilmes y La Plata fueron algunos de los distritos m\u00e1s afectados por la intensa lluvia durante la madrugada.<\/p>\n<p>All\u00ed el agua aneg\u00f3 decenas de calles y avenidas e ingres\u00f3 a cientos de viviendas.<\/p>\n<p>El temporal tambi\u00e9n se destac\u00f3 por las fuertes r\u00e1fagas de viento. En la localidad de El Palomar, el fen\u00f3meno clim\u00e1tico ocasion\u00f3 la ca\u00edda del techo de una escuela a la que acuden unos 300 alumnos, pero que este domingo se encontraba vac\u00eda.<\/p>\n<p>Tambi\u00e9n en Caseros un gran cartel publicitario cay\u00f3 sobre cuatro viviendas sin provocar heridas a sus habitantes.<\/p>\n<p>\u00abFue como un hurac\u00e1n. El cartel parti\u00f3 en dos la casa de mis vecinos\u00bb, dijo una mujer que trabaja en un comercio de la zona.<\/p>\n<p>Tampoco provoc\u00f3 v\u00edctimas la ca\u00edda del techo de una estaci\u00f3n de combustible en Liniers, en la zona oeste de Buenos Aires.<\/p>\n<p>En la ciudad de La Plata, unos 50 kil\u00f3metros al sur de Buenos Aires, el temporal caus\u00f3 antes de su inicio la suspensi\u00f3n del partido que iba a disputar all\u00ed Boca Juniors, l\u00edder de la Superliga argentina de f\u00fatbol, frente al local Gimnasia.<\/p>\n<p>Por el mismo motivo no pudo jugarse el encuentro entre Racing y Arsenal de Sarand\u00ed en la localidad de Avellaneda, vecina a la capital argentina, donde la lluvia inund\u00f3 calles y t\u00faneles, y derrib\u00f3 \u00e1rboles que cayeron sobre los autom\u00f3viles estacionados.<\/p>\n<p>El Servicio Meteorol\u00f3gico Nacional inform\u00f3 que en un lapso de 24 horas llovieron 108 mil\u00edmetros de agua en el \u00c1rea Metropolitana, que comprende a Buenos Aires y sus alrededores, cuando las previsiones para la semana eran de 70 mil\u00edmetros.<\/p>\n<p>Adem\u00e1s, la tormenta caus\u00f3 la interrupci\u00f3n de dos l\u00edneas de metro.<\/p>\n<p>Si bien la lluvia comenz\u00f3 en la tarde del s\u00e1bado, el temporal ocurri\u00f3 durante la madrugada de hoy. En ese momento, seg\u00fan reportaron algunos espectadores, un rayo impact\u00f3 en un predio en el que se realizaba un concierto al aire libre.<\/p>\n<p>El hecho ocasion\u00f3 la rotura de parte del escenario y la ca\u00edda de las pantallas de video situadas a un costado.<\/p>\n<p>El temporal hizo que unos 117.000 hogares quedaran sin energ\u00eda el\u00e9ctrica, inform\u00f3 el Ente Nacional Regulador de la Electricidad.<\/p>\n<p><i class=\"lang-es\"><span class=\" readonly\" title=\"\">Por Gabriel Tu\u00f1ez (dpa)<\/span><\/i><\/p>\n","protected":false},"excerpt":{"rendered":"<p>Buenos Aires, 29 abr (dpa) &#8211; Dos personas muertas, calles y viviendas inundadas, \u00e1rboles y carteles ca\u00eddos y m\u00e1s de 100.000 hogares sin luz caus\u00f3 hoy un temporal de viento, lluvia y granizo en Buenos Aires y su periferia, informaron fuentes oficiales. En la localidad de Caseros, al noroeste de la capital argentina, un hombre [&hellip;]<\/p>\n","protected":false},"author":1,"featured_media":978234,"comment_status":"closed","ping_status":"closed","sticky":false,"template":"","format":"standard","meta":{"footnotes":""},"categories":[1],"tags":[],"class_list":["post-978233","post","type-post","status-publish","format-standard","has-post-thumbnail","hentry","category-actualidad"],"aioseo_notices":[],"aioseo_head":"\n\t\t<!-- All in One SEO Pro 5.0.1 - aioseo.com -->\n\t<meta name=\"description\" content=\"Buenos Aires, 29 abr (dpa) - Dos personas muertas, calles y viviendas inundadas, \u00e1rboles y carteles ca\u00eddos y m\u00e1s de 100.000 hogares sin luz caus\u00f3 hoy un temporal de viento, lluvia y granizo en Buenos Aires y su periferia, informaron fuentes oficiales. En la localidad de Caseros, al noroeste de la capital argentina, un hombre\" \/>\n\t<meta name=\"robots\" content=\"max-image-preview:large\" \/>\n\t<meta name=\"author\" content=\"El Digital de Asturias\"\/>\n\t<meta name=\"google-site-verification\" content=\"UA-38556648-1\" \/>\n\t<meta name=\"msvalidate.01\" content=\"7dfe9f3f1b24437ab69f4f2559babe99\" \/>\n\t<meta name=\"keywords\" content=\"actualidad\" \/>\n\t<link rel=\"canonical\" href=\"https:\/\/www.eldigitaldeasturias.com\/noticias\/temporal-de-viento-lluvia-y-granizo-en-buenos-aires-y-su-periferia\/\" \/>\n\t<meta name=\"generator\" content=\"All in One SEO Pro (AIOSEO) 5.0.1\" \/>\n\t\t<meta property=\"og:locale\" content=\"es_ES\" \/>\n\t\t<meta property=\"og:site_name\" content=\"El Digital de Asturias\" \/>\n\t\t<meta property=\"og:type\" content=\"article\" \/>\n\t\t<meta property=\"og:title\" content=\"Temporal de viento, lluvia y granizo en Buenos Aires y su periferia - El Digital de Asturias\" \/>\n\t\t<meta property=\"og:description\" content=\"Buenos Aires, 29 abr (dpa) - Dos personas muertas, calles y viviendas inundadas, \u00e1rboles y carteles ca\u00eddos y m\u00e1s de 100.000 hogares sin luz caus\u00f3 hoy un temporal de viento, lluvia y granizo en Buenos Aires y su periferia, informaron fuentes oficiales. En la localidad de Caseros, al noroeste de la capital argentina, un hombre\" \/>\n\t\t<meta property=\"og:url\" content=\"https:\/\/www.eldigitaldeasturias.com\/noticias\/temporal-de-viento-lluvia-y-granizo-en-buenos-aires-y-su-periferia\/\" \/>\n\t\t<meta property=\"article:tag\" content=\"actualidad\" \/>\n\t\t<meta property=\"article:published_time\" content=\"2018-04-30T00:34:20+00:00\" \/>\n\t\t<meta property=\"article:modified_time\" content=\"2018-04-30T00:34:20+00:00\" \/>\n\t\t<meta property=\"article:publisher\" content=\"https:\/\/facebook.com\/eldigitaldeasturias\" \/>\n\t\t<meta name=\"twitter:card\" content=\"summary_large_image\" \/>\n\t\t<meta name=\"twitter:title\" content=\"Temporal de viento, lluvia y granizo en Buenos Aires y su periferia - El Digital de Asturias\" \/>\n\t\t<meta name=\"twitter:description\" content=\"Buenos Aires, 29 abr (dpa) - Dos personas muertas, calles y viviendas inundadas, \u00e1rboles y carteles ca\u00eddos y m\u00e1s de 100.000 hogares sin luz caus\u00f3 hoy un temporal de viento, lluvia y granizo en Buenos Aires y su periferia, informaron fuentes oficiales. En la localidad de Caseros, al noroeste de la capital argentina, un hombre\" \/>\n\t\t<meta name=\"twitter:image\" content=\"https:\/\/www.eldigitaldeasturias.com\/noticias\/wp-content\/uploads\/2020\/12\/EDA-1.jpg\" \/>\n\t\t<meta name=\"twitter:label1\" content=\"Escrito por\" \/>\n\t\t<meta name=\"twitter:data1\" content=\"El Digital de Asturias\" \/>\n\t\t<meta name=\"twitter:label2\" content=\"Tiempo de lectura estimado\" \/>\n\t\t<meta name=\"twitter:data2\" content=\"2 minutos\" \/>\n\t\t<script type=\"application\/ld+json\" class=\"aioseo-schema\">\n\t\t\t{\"@context\":\"https:\\\/\\\/schema.org\",\"@graph\":[{\"@type\":\"BlogPosting\",\"@id\":\"https:\\\/\\\/www.eldigitaldeasturias.com\\\/noticias\\\/temporal-de-viento-lluvia-y-granizo-en-buenos-aires-y-su-periferia\\\/#blogposting\",\"name\":\"Temporal de viento, lluvia y granizo en Buenos Aires y su periferia - El Digital de Asturias\",\"headline\":\"Temporal de viento, lluvia y granizo en Buenos Aires y su periferia\",\"author\":{\"@id\":\"https:\\\/\\\/www.eldigitaldeasturias.com\\\/noticias\\\/author\\\/admin\\\/#author\"},\"publisher\":{\"@id\":\"https:\\\/\\\/www.eldigitaldeasturias.com\\\/noticias\\\/#organization\"},\"image\":{\"@type\":\"ImageObject\",\"url\":978234},\"datePublished\":\"2018-04-30T00:34:20+02:00\",\"dateModified\":\"2018-04-30T00:34:20+02:00\",\"inLanguage\":\"es-ES\",\"mainEntityOfPage\":{\"@id\":\"https:\\\/\\\/www.eldigitaldeasturias.com\\\/noticias\\\/temporal-de-viento-lluvia-y-granizo-en-buenos-aires-y-su-periferia\\\/#webpage\"},\"isPartOf\":{\"@id\":\"https:\\\/\\\/www.eldigitaldeasturias.com\\\/noticias\\\/temporal-de-viento-lluvia-y-granizo-en-buenos-aires-y-su-periferia\\\/#webpage\"},\"articleSection\":\"Actualidad\"},{\"@type\":\"BreadcrumbList\",\"@id\":\"https:\\\/\\\/www.eldigitaldeasturias.com\\\/noticias\\\/temporal-de-viento-lluvia-y-granizo-en-buenos-aires-y-su-periferia\\\/#breadcrumblist\",\"itemListElement\":[{\"@type\":\"ListItem\",\"@id\":\"https:\\\/\\\/www.eldigitaldeasturias.com\\\/noticias#listItem\",\"position\":1,\"name\":\"Home\",\"item\":\"https:\\\/\\\/www.eldigitaldeasturias.com\\\/noticias\",\"nextItem\":{\"@type\":\"ListItem\",\"@id\":\"https:\\\/\\\/www.eldigitaldeasturias.com\\\/noticias\\\/category\\\/actualidad\\\/#listItem\",\"name\":\"Actualidad\"}},{\"@type\":\"ListItem\",\"@id\":\"https:\\\/\\\/www.eldigitaldeasturias.com\\\/noticias\\\/category\\\/actualidad\\\/#listItem\",\"position\":2,\"name\":\"Actualidad\",\"item\":\"https:\\\/\\\/www.eldigitaldeasturias.com\\\/noticias\\\/category\\\/actualidad\\\/\",\"nextItem\":{\"@type\":\"ListItem\",\"@id\":\"https:\\\/\\\/www.eldigitaldeasturias.com\\\/noticias\\\/temporal-de-viento-lluvia-y-granizo-en-buenos-aires-y-su-periferia\\\/#listItem\",\"name\":\"Temporal de viento, lluvia y granizo en Buenos Aires y su periferia\"},\"previousItem\":{\"@type\":\"ListItem\",\"@id\":\"https:\\\/\\\/www.eldigitaldeasturias.com\\\/noticias#listItem\",\"name\":\"Home\"}},{\"@type\":\"ListItem\",\"@id\":\"https:\\\/\\\/www.eldigitaldeasturias.com\\\/noticias\\\/temporal-de-viento-lluvia-y-granizo-en-buenos-aires-y-su-periferia\\\/#listItem\",\"position\":3,\"name\":\"Temporal de viento, lluvia y granizo en Buenos Aires y su periferia\",\"previousItem\":{\"@type\":\"ListItem\",\"@id\":\"https:\\\/\\\/www.eldigitaldeasturias.com\\\/noticias\\\/category\\\/actualidad\\\/#listItem\",\"name\":\"Actualidad\"}}]},{\"@type\":\"Organization\",\"@id\":\"https:\\\/\\\/www.eldigitaldeasturias.com\\\/noticias\\\/#organization\",\"name\":\"El Digital de Asturias\",\"description\":\"Hemeroteca\",\"url\":\"https:\\\/\\\/www.eldigitaldeasturias.com\\\/noticias\\\/\",\"email\":\"info@eldigitaldeasturias.com\",\"telephone\":\"+34652131393\",\"logo\":{\"@type\":\"ImageObject\",\"url\":\"https:\\\/\\\/www.eldigitaldeasturias.com\\\/noticias\\\/wp-content\\\/uploads\\\/2020\\\/12\\\/EDA.jpg\",\"@id\":\"https:\\\/\\\/www.eldigitaldeasturias.com\\\/noticias\\\/temporal-de-viento-lluvia-y-granizo-en-buenos-aires-y-su-periferia\\\/#organizationLogo\"},\"image\":{\"@id\":\"https:\\\/\\\/www.eldigitaldeasturias.com\\\/noticias\\\/temporal-de-viento-lluvia-y-granizo-en-buenos-aires-y-su-periferia\\\/#organizationLogo\"},\"sameAs\":[\"https:\\\/\\\/facebook.com\\\/eldigitaldeasturias\",\"https:\\\/\\\/www.youtube.com\\\/channel\\\/UCZP-2wLEB9Rv6erhFmqVnvg\"],\"address\":{\"@id\":\"https:\\\/\\\/www.eldigitaldeasturias.com\\\/noticias\\\/#postaladdress\",\"@type\":\"PostalAddress\",\"streetAddress\":\"san antonio 4\",\"postalCode\":\"33430\",\"addressLocality\":\"Cand\\u00e1s\",\"addressRegion\":\"Asturias\",\"addressCountry\":\"ES\"}},{\"@type\":\"Person\",\"@id\":\"https:\\\/\\\/www.eldigitaldeasturias.com\\\/noticias\\\/author\\\/admin\\\/#author\",\"url\":\"https:\\\/\\\/www.eldigitaldeasturias.com\\\/noticias\\\/author\\\/admin\\\/\",\"name\":\"El Digital de Asturias\",\"image\":{\"@type\":\"ImageObject\",\"@id\":\"https:\\\/\\\/www.eldigitaldeasturias.com\\\/noticias\\\/temporal-de-viento-lluvia-y-granizo-en-buenos-aires-y-su-periferia\\\/#authorImage\",\"url\":\"https:\\\/\\\/secure.gravatar.com\\\/avatar\\\/df2aeffc32bcd13f8d26072ef8a91b623d677766deac7f97ca815868cd41bf5e?s=96&d=mm&r=g\",\"width\":96,\"height\":96,\"caption\":\"El Digital de Asturias\"}},{\"@type\":\"WebPage\",\"@id\":\"https:\\\/\\\/www.eldigitaldeasturias.com\\\/noticias\\\/temporal-de-viento-lluvia-y-granizo-en-buenos-aires-y-su-periferia\\\/#webpage\",\"url\":\"https:\\\/\\\/www.eldigitaldeasturias.com\\\/noticias\\\/temporal-de-viento-lluvia-y-granizo-en-buenos-aires-y-su-periferia\\\/\",\"name\":\"Temporal de viento, lluvia y granizo en Buenos Aires y su periferia - El Digital de Asturias\",\"description\":\"Buenos Aires, 29 abr (dpa) - Dos personas muertas, calles y viviendas inundadas, \\u00e1rboles y carteles ca\\u00eddos y m\\u00e1s de 100.000 hogares sin luz caus\\u00f3 hoy un temporal de viento, lluvia y granizo en Buenos Aires y su periferia, informaron fuentes oficiales. En la localidad de Caseros, al noroeste de la capital argentina, un hombre\",\"inLanguage\":\"es-ES\",\"isPartOf\":{\"@id\":\"https:\\\/\\\/www.eldigitaldeasturias.com\\\/noticias\\\/#website\"},\"breadcrumb\":{\"@id\":\"https:\\\/\\\/www.eldigitaldeasturias.com\\\/noticias\\\/temporal-de-viento-lluvia-y-granizo-en-buenos-aires-y-su-periferia\\\/#breadcrumblist\"},\"author\":{\"@id\":\"https:\\\/\\\/www.eldigitaldeasturias.com\\\/noticias\\\/author\\\/admin\\\/#author\"},\"creator\":{\"@id\":\"https:\\\/\\\/www.eldigitaldeasturias.com\\\/noticias\\\/author\\\/admin\\\/#author\"},\"image\":{\"@type\":\"ImageObject\",\"url\":978234,\"@id\":\"https:\\\/\\\/www.eldigitaldeasturias.com\\\/noticias\\\/temporal-de-viento-lluvia-y-granizo-en-buenos-aires-y-su-periferia\\\/#mainImage\"},\"primaryImageOfPage\":{\"@id\":\"https:\\\/\\\/www.eldigitaldeasturias.com\\\/noticias\\\/temporal-de-viento-lluvia-y-granizo-en-buenos-aires-y-su-periferia\\\/#mainImage\"},\"datePublished\":\"2018-04-30T00:34:20+02:00\",\"dateModified\":\"2018-04-30T00:34:20+02:00\"},{\"@type\":\"WebSite\",\"@id\":\"https:\\\/\\\/www.eldigitaldeasturias.com\\\/noticias\\\/#website\",\"url\":\"https:\\\/\\\/www.eldigitaldeasturias.com\\\/noticias\\\/\",\"name\":\"El Digital de Asturias - Diario de actualidad y noticias\",\"alternateName\":\"El Digital de Asturias - Diario de actualidad y noticias\",\"description\":\"Hemeroteca\",\"inLanguage\":\"es-ES\",\"publisher\":{\"@id\":\"https:\\\/\\\/www.eldigitaldeasturias.com\\\/noticias\\\/#organization\"}}]}\n\t\t<\/script>\n\t\t<!-- All in One SEO Pro -->\r\n\t\t<title>Temporal de viento, lluvia y granizo en Buenos Aires y su periferia - El Digital de Asturias<\/title>\n\n","aioseo_head_json":{"title":"Temporal de viento, lluvia y granizo en Buenos Aires y su periferia - El Digital de Asturias","description":"Buenos Aires, 29 abr (dpa) - Dos personas muertas, calles y viviendas inundadas, \u00e1rboles y carteles ca\u00eddos y m\u00e1s de 100.000 hogares sin luz caus\u00f3 hoy un temporal de viento, lluvia y granizo en Buenos Aires y su periferia, informaron fuentes oficiales. En la localidad de Caseros, al noroeste de la capital argentina, un hombre","canonical_url":"https:\/\/www.eldigitaldeasturias.com\/noticias\/temporal-de-viento-lluvia-y-granizo-en-buenos-aires-y-su-periferia\/","robots":"max-image-preview:large","keywords":"actualidad","webmasterTools":{"google-site-verification":"UA-38556648-1","msvalidate.01":"7dfe9f3f1b24437ab69f4f2559babe99","miscellaneous":""},"schema":{"@context":"https:\/\/schema.org","@graph":[{"@type":"BlogPosting","@id":"https:\/\/www.eldigitaldeasturias.com\/noticias\/temporal-de-viento-lluvia-y-granizo-en-buenos-aires-y-su-periferia\/#blogposting","name":"Temporal de viento, lluvia y granizo en Buenos Aires y su periferia - El Digital de Asturias","headline":"Temporal de viento, lluvia y granizo en Buenos Aires y su periferia","author":{"@id":"https:\/\/www.eldigitaldeasturias.com\/noticias\/author\/admin\/#author"},"publisher":{"@id":"https:\/\/www.eldigitaldeasturias.com\/noticias\/#organization"},"image":{"@type":"ImageObject","url":978234},"datePublished":"2018-04-30T00:34:20+02:00","dateModified":"2018-04-30T00:34:20+02:00","inLanguage":"es-ES","mainEntityOfPage":{"@id":"https:\/\/www.eldigitaldeasturias.com\/noticias\/temporal-de-viento-lluvia-y-granizo-en-buenos-aires-y-su-periferia\/#webpage"},"isPartOf":{"@id":"https:\/\/www.eldigitaldeasturias.com\/noticias\/temporal-de-viento-lluvia-y-granizo-en-buenos-aires-y-su-periferia\/#webpage"},"articleSection":"Actualidad"},{"@type":"BreadcrumbList","@id":"https:\/\/www.eldigitaldeasturias.com\/noticias\/temporal-de-viento-lluvia-y-granizo-en-buenos-aires-y-su-periferia\/#breadcrumblist","itemListElement":[{"@type":"ListItem","@id":"https:\/\/www.eldigitaldeasturias.com\/noticias#listItem","position":1,"name":"Home","item":"https:\/\/www.eldigitaldeasturias.com\/noticias","nextItem":{"@type":"ListItem","@id":"https:\/\/www.eldigitaldeasturias.com\/noticias\/category\/actualidad\/#listItem","name":"Actualidad"}},{"@type":"ListItem","@id":"https:\/\/www.eldigitaldeasturias.com\/noticias\/category\/actualidad\/#listItem","position":2,"name":"Actualidad","item":"https:\/\/www.eldigitaldeasturias.com\/noticias\/category\/actualidad\/","nextItem":{"@type":"ListItem","@id":"https:\/\/www.eldigitaldeasturias.com\/noticias\/temporal-de-viento-lluvia-y-granizo-en-buenos-aires-y-su-periferia\/#listItem","name":"Temporal de viento, lluvia y granizo en Buenos Aires y su periferia"},"previousItem":{"@type":"ListItem","@id":"https:\/\/www.eldigitaldeasturias.com\/noticias#listItem","name":"Home"}},{"@type":"ListItem","@id":"https:\/\/www.eldigitaldeasturias.com\/noticias\/temporal-de-viento-lluvia-y-granizo-en-buenos-aires-y-su-periferia\/#listItem","position":3,"name":"Temporal de viento, lluvia y granizo en Buenos Aires y su periferia","previousItem":{"@type":"ListItem","@id":"https:\/\/www.eldigitaldeasturias.com\/noticias\/category\/actualidad\/#listItem","name":"Actualidad"}}]},{"@type":"Organization","@id":"https:\/\/www.eldigitaldeasturias.com\/noticias\/#organization","name":"El Digital de Asturias","description":"Hemeroteca","url":"https:\/\/www.eldigitaldeasturias.com\/noticias\/","email":"info@eldigitaldeasturias.com","telephone":"+34652131393","logo":{"@type":"ImageObject","url":"https:\/\/www.eldigitaldeasturias.com\/noticias\/wp-content\/uploads\/2020\/12\/EDA.jpg","@id":"https:\/\/www.eldigitaldeasturias.com\/noticias\/temporal-de-viento-lluvia-y-granizo-en-buenos-aires-y-su-periferia\/#organizationLogo"},"image":{"@id":"https:\/\/www.eldigitaldeasturias.com\/noticias\/temporal-de-viento-lluvia-y-granizo-en-buenos-aires-y-su-periferia\/#organizationLogo"},"sameAs":["https:\/\/facebook.com\/eldigitaldeasturias","https:\/\/www.youtube.com\/channel\/UCZP-2wLEB9Rv6erhFmqVnvg"],"address":{"@id":"https:\/\/www.eldigitaldeasturias.com\/noticias\/#postaladdress","@type":"PostalAddress","streetAddress":"san antonio 4","postalCode":"33430","addressLocality":"Cand\u00e1s","addressRegion":"Asturias","addressCountry":"ES"}},{"@type":"Person","@id":"https:\/\/www.eldigitaldeasturias.com\/noticias\/author\/admin\/#author","url":"https:\/\/www.eldigitaldeasturias.com\/noticias\/author\/admin\/","name":"El Digital de Asturias","image":{"@type":"ImageObject","@id":"https:\/\/www.eldigitaldeasturias.com\/noticias\/temporal-de-viento-lluvia-y-granizo-en-buenos-aires-y-su-periferia\/#authorImage","url":"https:\/\/secure.gravatar.com\/avatar\/df2aeffc32bcd13f8d26072ef8a91b623d677766deac7f97ca815868cd41bf5e?s=96&d=mm&r=g","width":96,"height":96,"caption":"El Digital de Asturias"}},{"@type":"WebPage","@id":"https:\/\/www.eldigitaldeasturias.com\/noticias\/temporal-de-viento-lluvia-y-granizo-en-buenos-aires-y-su-periferia\/#webpage","url":"https:\/\/www.eldigitaldeasturias.com\/noticias\/temporal-de-viento-lluvia-y-granizo-en-buenos-aires-y-su-periferia\/","name":"Temporal de viento, lluvia y granizo en Buenos Aires y su periferia - El Digital de Asturias","description":"Buenos Aires, 29 abr (dpa) - Dos personas muertas, calles y viviendas inundadas, \u00e1rboles y carteles ca\u00eddos y m\u00e1s de 100.000 hogares sin luz caus\u00f3 hoy un temporal de viento, lluvia y granizo en Buenos Aires y su periferia, informaron fuentes oficiales. En la localidad de Caseros, al noroeste de la capital argentina, un hombre","inLanguage":"es-ES","isPartOf":{"@id":"https:\/\/www.eldigitaldeasturias.com\/noticias\/#website"},"breadcrumb":{"@id":"https:\/\/www.eldigitaldeasturias.com\/noticias\/temporal-de-viento-lluvia-y-granizo-en-buenos-aires-y-su-periferia\/#breadcrumblist"},"author":{"@id":"https:\/\/www.eldigitaldeasturias.com\/noticias\/author\/admin\/#author"},"creator":{"@id":"https:\/\/www.eldigitaldeasturias.com\/noticias\/author\/admin\/#author"},"image":{"@type":"ImageObject","url":978234,"@id":"https:\/\/www.eldigitaldeasturias.com\/noticias\/temporal-de-viento-lluvia-y-granizo-en-buenos-aires-y-su-periferia\/#mainImage"},"primaryImageOfPage":{"@id":"https:\/\/www.eldigitaldeasturias.com\/noticias\/temporal-de-viento-lluvia-y-granizo-en-buenos-aires-y-su-periferia\/#mainImage"},"datePublished":"2018-04-30T00:34:20+02:00","dateModified":"2018-04-30T00:34:20+02:00"},{"@type":"WebSite","@id":"https:\/\/www.eldigitaldeasturias.com\/noticias\/#website","url":"https:\/\/www.eldigitaldeasturias.com\/noticias\/","name":"El Digital de Asturias - Diario de actualidad y noticias","alternateName":"El Digital de Asturias - Diario de actualidad y noticias","description":"Hemeroteca","inLanguage":"es-ES","publisher":{"@id":"https:\/\/www.eldigitaldeasturias.com\/noticias\/#organization"}}]},"og:locale":"es_ES","og:site_name":"El Digital de Asturias","og:type":"article","og:title":"Temporal de viento, lluvia y granizo en Buenos Aires y su periferia - El Digital de Asturias","og:description":"Buenos Aires, 29 abr (dpa) - Dos personas muertas, calles y viviendas inundadas, \u00e1rboles y carteles ca\u00eddos y m\u00e1s de 100.000 hogares sin luz caus\u00f3 hoy un temporal de viento, lluvia y granizo en Buenos Aires y su periferia, informaron fuentes oficiales. En la localidad de Caseros, al noroeste de la capital argentina, un hombre","og:url":"https:\/\/www.eldigitaldeasturias.com\/noticias\/temporal-de-viento-lluvia-y-granizo-en-buenos-aires-y-su-periferia\/","article:tag":["actualidad"],"article:published_time":"2018-04-30T00:34:20+00:00","article:modified_time":"2018-04-30T00:34:20+00:00","article:publisher":"https:\/\/facebook.com\/eldigitaldeasturias","twitter:card":"summary_large_image","twitter:title":"Temporal de viento, lluvia y granizo en Buenos Aires y su periferia - El Digital de Asturias","twitter:description":"Buenos Aires, 29 abr (dpa) - Dos personas muertas, calles y viviendas inundadas, \u00e1rboles y carteles ca\u00eddos y m\u00e1s de 100.000 hogares sin luz caus\u00f3 hoy un temporal de viento, lluvia y granizo en Buenos Aires y su periferia, informaron fuentes oficiales. En la localidad de Caseros, al noroeste de la capital argentina, un hombre","twitter:image":"https:\/\/www.eldigitaldeasturias.com\/noticias\/wp-content\/uploads\/2020\/12\/EDA-1.jpg","twitter:label1":"Escrito por","twitter:data1":"El Digital de Asturias","twitter:label2":"Tiempo de lectura estimado","twitter:data2":"2 minutos"},"aioseo_meta_data":{"post_id":"978233","title":null,"description":null,"keywords":null,"keyphrases":null,"primary_term":null,"canonical_url":null,"og_title":null,"og_description":null,"og_object_type":"default","og_image_type":"default","og_image_url":null,"og_image_width":null,"og_image_height":null,"og_image_custom_url":null,"og_image_custom_fields":null,"og_video":null,"og_custom_url":null,"og_article_section":null,"og_article_tags":null,"twitter_use_og":false,"twitter_card":"default","twitter_image_type":"default","twitter_image_url":null,"twitter_image_custom_url":null,"twitter_image_custom_fields":null,"twitter_title":null,"twitter_description":null,"schema":{"blockGraphs":[],"customGraphs":[],"default":{"data":{"Article":[],"Course":[],"Dataset":[],"FAQPage":[],"Movie":[],"Person":[],"Product":[],"ProductReview":[],"Car":[],"Recipe":[],"Service":[],"SoftwareApplication":[],"WebPage":[]},"graphName":"","isEnabled":true},"graphs":[],"defaultGraph":"","defaultPostTypeGraph":""},"schema_type":null,"schema_type_options":null,"pillar_content":false,"robots_default":true,"robots_noindex":false,"robots_noarchive":false,"robots_nosnippet":false,"robots_nofollow":false,"robots_noimageindex":false,"robots_noodp":false,"robots_notranslate":false,"robots_max_snippet":null,"robots_max_videopreview":null,"robots_max_imagepreview":"large","priority":null,"frequency":null,"local_seo":null,"seo_analyzer_scan_date":"2025-10-08 10:06:59","breadcrumb_settings":null,"limit_modified_date":false,"open_ai":null,"ai":null,"created":"2020-12-21 12:02:38","updated":"2025-10-08 10:06:59","focus_keyword":null,"additional_keywords":null,"truseo_locale":null},"aioseo_breadcrumb":"<div class=\"aioseo-breadcrumbs\"><span class=\"aioseo-breadcrumb\">\n\t<a href=\"https:\/\/www.eldigitaldeasturias.com\/noticias\" title=\"Home\">Home<\/a>\n<\/span><span class=\"aioseo-breadcrumb-separator\">\u2013<\/span><span class=\"aioseo-breadcrumb\">\n\t<a href=\"https:\/\/www.eldigitaldeasturias.com\/noticias\/category\/actualidad\/\" title=\"Actualidad\">Actualidad<\/a>\n<\/span><span class=\"aioseo-breadcrumb-separator\">\u2013<\/span><span class=\"aioseo-breadcrumb\">\n\t<a href=\"https:\/\/www.eldigitaldeasturias.com\/noticias\/temporal-de-viento-lluvia-y-granizo-en-buenos-aires-y-su-periferia\/\" title=\"Temporal de viento, lluvia y granizo en Buenos Aires y su periferia\">Temporal de viento, lluvia y granizo en Buenos Aires y su periferia<\/a>\n<\/span><\/div>","aioseo_breadcrumb_json":[{"label":"Home","link":"https:\/\/www.eldigitaldeasturias.com\/noticias"},{"label":"Actualidad","link":"https:\/\/www.eldigitaldeasturias.com\/noticias\/category\/actualidad\/"},{"label":"Temporal de viento, lluvia y granizo en Buenos Aires y su periferia","link":"https:\/\/www.eldigitaldeasturias.com\/noticias\/temporal-de-viento-lluvia-y-granizo-en-buenos-aires-y-su-periferia\/"}],"_links":{"self":[{"href":"https:\/\/www.eldigitaldeasturias.com\/noticias\/wp-json\/wp\/v2\/posts\/978233","targetHints":{"allow":["GET"]}}],"collection":[{"href":"https:\/\/www.eldigitaldeasturias.com\/noticias\/wp-json\/wp\/v2\/posts"}],"about":[{"href":"https:\/\/www.eldigitaldeasturias.com\/noticias\/wp-json\/wp\/v2\/types\/post"}],"author":[{"embeddable":true,"href":"https:\/\/www.eldigitaldeasturias.com\/noticias\/wp-json\/wp\/v2\/users\/1"}],"replies":[{"embeddable":true,"href":"https:\/\/www.eldigitaldeasturias.com\/noticias\/wp-json\/wp\/v2\/comments?post=978233"}],"version-history":[{"count":0,"href":"https:\/\/www.eldigitaldeasturias.com\/noticias\/wp-json\/wp\/v2\/posts\/978233\/revisions"}],"wp:attachment":[{"href":"https:\/\/www.eldigitaldeasturias.com\/noticias\/wp-json\/wp\/v2\/media?parent=978233"}],"wp:term":[{"taxonomy":"category","embeddable":true,"href":"https:\/\/www.eldigitaldeasturias.com\/noticias\/wp-json\/wp\/v2\/categories?post=978233"},{"taxonomy":"post_tag","embeddable":true,"href":"https:\/\/www.eldigitaldeasturias.com\/noticias\/wp-json\/wp\/v2\/tags?post=978233"}],"curies":[{"name":"wp","href":"https:\/\/api.w.org\/{rel}","templated":true}]}}