{"id":978224,"date":"2018-04-30T00:12:10","date_gmt":"2018-04-30T00:12:10","guid":{"rendered":"http:\/\/www.eldigitaldeasturias.com\/noticias\/?p=978224"},"modified":"2018-04-30T00:12:10","modified_gmt":"2018-04-30T00:12:10","slug":"el-parlamento-de-nicaragua-crea-la-comision-de-la-verdad","status":"publish","type":"post","link":"https:\/\/www.eldigitaldeasturias.com\/noticias\/el-parlamento-de-nicaragua-crea-la-comision-de-la-verdad\/","title":{"rendered":"El Parlamento de Nicaragua crea la \u201cComisi\u00f3n de la Verdad\u201d"},"content":{"rendered":"<p><img loading=\"lazy\" decoding=\"async\" class=\"alignleft size-medium wp-image-977212\" src=\"https:\/\/www.eldigitaldeasturias.com\/noticias\/wp-content\/uploads\/2018\/04\/flag-2528952_960_720-360x270.jpg\" alt=\"\" width=\"360\" height=\"270\" \/>Managua, 29 abr (dpa) &#8211; El Parlamento de Nicaragua, dominado por el gobernante Frente Sandinista, form\u00f3 hoy una Comisi\u00f3n de la Verdad para investigar la muerte de decenas de j\u00f3venes durante protestas estudiantiles disueltas a balazos por la Polic\u00eda, anunci\u00f3 el portal oficial \u00abEl 19\u00bb.<\/p>\n<p>La nueva instancia, cuya creaci\u00f3n se aprob\u00f3 en sesi\u00f3n extraordinaria de la Asamblea Nacional, estar\u00e1 integrada por expertos cuyo objetivo ser\u00e1 \u00abtirar luces de verdad sobre los acontecimientos que han llenado de luto y tristeza a los nicarag\u00fcenses\u00bb, dijo el diputado sandinista W\u00e1lmaro Guti\u00e9rrez.<\/p>\n<p>La C\u00e1mara est\u00e1 integrada por 91 diputados, de los cuales 63 pertenecen al partido sandinista y el resto a peque\u00f1as bancadas de partidos opositores que aceptaron participar en las elecciones generales de 2016, cuando el presidente Daniel Ortega fue reelegido por segunda vez y su esposa, Rosario Murillo, fue designada vicepresidenta.<\/p>\n<p>Organizaciones de derechos humanos independientes reportaron que la semana pasada murieron entre 40 y 60 j\u00f3venes en cinco d\u00edas de enfrentamientos, los que se fueron extendiendo tras la acci\u00f3n policial sobre una primera protesta pac\u00edfica en contra de una reforma a la seguridad social. El Gobierno ha reconocido solamente diez fallecimientos.<\/p>\n<p>Al respecto, el no gubernamental Instituto de Estudios Estrat\u00e9gicos y Pol\u00edticas P\u00fablicas (IEEPP) demand\u00f3 hoy \u00abuna investigaci\u00f3n independiente\u00bb sobre los acontecimientos ocurridos y sugiri\u00f3 la participaci\u00f3n de la Comisi\u00f3n Interamericana de Derechos Humanos (CIDH) en ese proceso.<\/p>\n<p>En un comunicado, el IEEPP respald\u00f3 el di\u00e1logo convocado por Ortega, que tendr\u00e1 como mediadores a los obispos de Nicaragua y su finalidad ser\u00eda \u00abla democratizaci\u00f3n\u00bb del pa\u00eds.<\/p>\n<p>El Gobierno convoc\u00f3 para el lunes una marcha en apoyo de Ortega, tras una manifestaci\u00f3n pac\u00edfica organizada por la Iglesia el s\u00e1bado y a la que asistieron varios miles de personas.<\/p>\n<p>La marcha, bajo el lema \u00abPor la paz y el di\u00e1logo, todos con Daniel\u00bb, se realizar\u00e1 en la llamada Plaza de las Victorias, en una zona c\u00e9ntrica de Managua muy pr\u00f3xima al sector donde ocurrieron los enfrentamientos entre estudiantes y polic\u00edas.<\/p>\n<p>Se trata de la primera movilizaci\u00f3n que realicen el Gobierno y el Frente Sandinista de Liberaci\u00f3n Nacional (FSLN), en el poder hace 11 a\u00f1os, despu\u00e9s de los sangrientos incidentes de la semana pasada.<\/p>\n<p>Por su parte, en entrevista exclusiva con dpa, el poeta y sacerdote Ernesto Cardenal (Granada, 1925) dijo que \u00abno debe haber di\u00e1logo\u00bb, sino que debe elegirse \u00abotro gobierno, una rep\u00fablica democr\u00e1tica\u00bb.<\/p>\n<p>\u00abEl di\u00e1logo no tiene sentido porque el di\u00e1logo es para entenderse, y nosotros no nos podemos entender\u00bb, dijo el autor de \u00abEl Evangelio de Solentiname\u00bb, que hace dos a\u00f1os se declar\u00f3 \u00abperseguido\u00bb por Ortega y por su esposa, a quienes acus\u00f3 de dirigir \u00abuna dictadura\u00bb.<\/p>\n<p>\u00abLo que queremos es que haya otro Gobierno, una rep\u00fablica democr\u00e1tica. \u00bfPara qu\u00e9 di\u00e1logo? Nada de di\u00e1logo\u00bb, insisti\u00f3 al ser consultado sobre las pl\u00e1ticas que se espera se realicen con mediaci\u00f3n de cinco obispos de la Iglesia cat\u00f3lica, en fecha a\u00fan no divulgada.<\/p>\n<p>Autor de \u00abEpigramas\u00bb y \u00abC\u00e1ntico C\u00f3smico\u00bb entre una vasta obra literaria, Ernesto Cardenal es a sus 93 a\u00f1os el poeta vivo m\u00e1s importante de Nicaragua. En la d\u00e9cada de 1970 fund\u00f3 en la isla de Solentiname, sur del pa\u00eds, una comunidad de pintores y poetas que luego apoyaron a las guerrillas del Frente Sandinista.<\/p>\n<p>Cardenal, ministro de Cultura durante la revoluci\u00f3n sandinista (1979-1990), opin\u00f3 que fueron \u00abprof\u00e9ticas\u00bb las palabras de su hermano Fernando, sacerdote jesuita que dirigi\u00f3 la campa\u00f1a de alfabetizaci\u00f3n y falleci\u00f3 en 2016: \u00abMi esperanza es que los j\u00f3venes vuelvan a las calles a hacer historia\u00bb.<\/p>\n<p>\u00abAhora repentinamente en todo el pa\u00eds han surgido los j\u00f3venes en protestas, tom\u00e1ndose las calles. Algo que no se esperaba porque la juventud parec\u00eda dormida, o que sobre ella hab\u00eda ca\u00eddo una losa sepulcral. Mi hermano lo habr\u00e1 visto ahora desde la eternidad. Nicaragua en todas partes ha resucitado\u00bb, afirm\u00f3.<\/p>\n<p>Divorciado de Ortega y del Frente Sandinista desde hace dos d\u00e9cadas, Cardenal critic\u00f3 la \u00ablocura y arrogancia\u00bb del Gobierno, en especial los m\u00e1s de 130 gigantescos \u00e1rboles luminosos de hierro que Murillo instal\u00f3 a\u00f1os atr\u00e1s en distintas zonas de Managua, varios de los cuales fueron quemados y derribados durante las protestas.<\/p>\n<p>\u00abEn un pa\u00eds tropical, de selva feroz, los \u00e1rboles verdaderos estaban siendo talados y plantados \u00e1rboles secos, de hierro, con un derroche de luz el\u00e9ctrica que no le llega al pobre. Pa\u00eds con alamedas de colores locos y un gobierno de locura y arrogancia\u00bb, sentenci\u00f3 el poeta.<\/p>\n<p>Por Sonia Gonz\u00e1lez (dpa)<\/p>\n","protected":false},"excerpt":{"rendered":"<p>Managua, 29 abr (dpa) &#8211; El Parlamento de Nicaragua, dominado por el gobernante Frente Sandinista, form\u00f3 hoy una Comisi\u00f3n de la Verdad para investigar la muerte de decenas de j\u00f3venes durante protestas estudiantiles disueltas a balazos por la Polic\u00eda, anunci\u00f3 el portal oficial \u00abEl 19\u00bb. La nueva instancia, cuya creaci\u00f3n se aprob\u00f3 en sesi\u00f3n extraordinaria [&hellip;]<\/p>\n","protected":false},"author":1,"featured_media":977212,"comment_status":"closed","ping_status":"closed","sticky":false,"template":"","format":"standard","meta":{"footnotes":""},"categories":[1],"tags":[],"class_list":["post-978224","post","type-post","status-publish","format-standard","has-post-thumbnail","hentry","category-actualidad"],"aioseo_notices":[],"aioseo_head":"\n\t\t<!-- All in One SEO Pro 5.0.1 - aioseo.com -->\n\t<meta name=\"description\" content=\"Managua, 29 abr (dpa) - El Parlamento de Nicaragua, dominado por el gobernante Frente Sandinista, form\u00f3 hoy una Comisi\u00f3n de la Verdad para investigar la muerte de decenas de j\u00f3venes durante protestas estudiantiles disueltas a balazos por la Polic\u00eda, anunci\u00f3 el portal oficial &quot;El 19&quot;. La nueva instancia, cuya creaci\u00f3n se aprob\u00f3 en sesi\u00f3n extraordinaria\" \/>\n\t<meta name=\"robots\" content=\"max-image-preview:large\" \/>\n\t<meta name=\"author\" content=\"El Digital de Asturias\"\/>\n\t<meta name=\"google-site-verification\" content=\"UA-38556648-1\" \/>\n\t<meta name=\"msvalidate.01\" content=\"7dfe9f3f1b24437ab69f4f2559babe99\" \/>\n\t<meta name=\"keywords\" content=\"actualidad\" \/>\n\t<link rel=\"canonical\" href=\"https:\/\/www.eldigitaldeasturias.com\/noticias\/el-parlamento-de-nicaragua-crea-la-comision-de-la-verdad\/\" \/>\n\t<meta name=\"generator\" content=\"All in One SEO Pro (AIOSEO) 5.0.1\" \/>\n\t\t<meta property=\"og:locale\" content=\"es_ES\" \/>\n\t\t<meta property=\"og:site_name\" content=\"El Digital de Asturias\" \/>\n\t\t<meta property=\"og:type\" content=\"article\" \/>\n\t\t<meta property=\"og:title\" content=\"El Parlamento de Nicaragua crea la \u201cComisi\u00f3n de la Verdad\u201d - El Digital de Asturias\" \/>\n\t\t<meta property=\"og:description\" content=\"Managua, 29 abr (dpa) - El Parlamento de Nicaragua, dominado por el gobernante Frente Sandinista, form\u00f3 hoy una Comisi\u00f3n de la Verdad para investigar la muerte de decenas de j\u00f3venes durante protestas estudiantiles disueltas a balazos por la Polic\u00eda, anunci\u00f3 el portal oficial &quot;El 19&quot;. La nueva instancia, cuya creaci\u00f3n se aprob\u00f3 en sesi\u00f3n extraordinaria\" \/>\n\t\t<meta property=\"og:url\" content=\"https:\/\/www.eldigitaldeasturias.com\/noticias\/el-parlamento-de-nicaragua-crea-la-comision-de-la-verdad\/\" \/>\n\t\t<meta property=\"article:tag\" content=\"actualidad\" \/>\n\t\t<meta property=\"article:published_time\" content=\"2018-04-30T00:12:10+00:00\" \/>\n\t\t<meta property=\"article:modified_time\" content=\"2018-04-30T00:12:10+00:00\" \/>\n\t\t<meta property=\"article:publisher\" content=\"https:\/\/facebook.com\/eldigitaldeasturias\" \/>\n\t\t<meta name=\"twitter:card\" content=\"summary_large_image\" \/>\n\t\t<meta name=\"twitter:title\" content=\"El Parlamento de Nicaragua crea la \u201cComisi\u00f3n de la Verdad\u201d - El Digital de Asturias\" \/>\n\t\t<meta name=\"twitter:description\" content=\"Managua, 29 abr (dpa) - El Parlamento de Nicaragua, dominado por el gobernante Frente Sandinista, form\u00f3 hoy una Comisi\u00f3n de la Verdad para investigar la muerte de decenas de j\u00f3venes durante protestas estudiantiles disueltas a balazos por la Polic\u00eda, anunci\u00f3 el portal oficial &quot;El 19&quot;. La nueva instancia, cuya creaci\u00f3n se aprob\u00f3 en sesi\u00f3n extraordinaria\" \/>\n\t\t<meta name=\"twitter:image\" content=\"https:\/\/www.eldigitaldeasturias.com\/noticias\/wp-content\/uploads\/2020\/12\/EDA-1.jpg\" \/>\n\t\t<meta name=\"twitter:label1\" content=\"Escrito por\" \/>\n\t\t<meta name=\"twitter:data1\" content=\"El Digital de Asturias\" \/>\n\t\t<meta name=\"twitter:label2\" content=\"Tiempo de lectura estimado\" \/>\n\t\t<meta name=\"twitter:data2\" content=\"4 minutos\" \/>\n\t\t<script type=\"application\/ld+json\" class=\"aioseo-schema\">\n\t\t\t{\"@context\":\"https:\\\/\\\/schema.org\",\"@graph\":[{\"@type\":\"BlogPosting\",\"@id\":\"https:\\\/\\\/www.eldigitaldeasturias.com\\\/noticias\\\/el-parlamento-de-nicaragua-crea-la-comision-de-la-verdad\\\/#blogposting\",\"name\":\"El Parlamento de Nicaragua crea la \\u201cComisi\\u00f3n de la Verdad\\u201d - El Digital de Asturias\",\"headline\":\"El Parlamento de Nicaragua crea la \\u201cComisi\\u00f3n de la Verdad\\u201d\",\"author\":{\"@id\":\"https:\\\/\\\/www.eldigitaldeasturias.com\\\/noticias\\\/author\\\/admin\\\/#author\"},\"publisher\":{\"@id\":\"https:\\\/\\\/www.eldigitaldeasturias.com\\\/noticias\\\/#organization\"},\"image\":{\"@type\":\"ImageObject\",\"url\":977212},\"datePublished\":\"2018-04-30T00:12:10+02:00\",\"dateModified\":\"2018-04-30T00:12:10+02:00\",\"inLanguage\":\"es-ES\",\"mainEntityOfPage\":{\"@id\":\"https:\\\/\\\/www.eldigitaldeasturias.com\\\/noticias\\\/el-parlamento-de-nicaragua-crea-la-comision-de-la-verdad\\\/#webpage\"},\"isPartOf\":{\"@id\":\"https:\\\/\\\/www.eldigitaldeasturias.com\\\/noticias\\\/el-parlamento-de-nicaragua-crea-la-comision-de-la-verdad\\\/#webpage\"},\"articleSection\":\"Actualidad\"},{\"@type\":\"BreadcrumbList\",\"@id\":\"https:\\\/\\\/www.eldigitaldeasturias.com\\\/noticias\\\/el-parlamento-de-nicaragua-crea-la-comision-de-la-verdad\\\/#breadcrumblist\",\"itemListElement\":[{\"@type\":\"ListItem\",\"@id\":\"https:\\\/\\\/www.eldigitaldeasturias.com\\\/noticias#listItem\",\"position\":1,\"name\":\"Home\",\"item\":\"https:\\\/\\\/www.eldigitaldeasturias.com\\\/noticias\",\"nextItem\":{\"@type\":\"ListItem\",\"@id\":\"https:\\\/\\\/www.eldigitaldeasturias.com\\\/noticias\\\/category\\\/actualidad\\\/#listItem\",\"name\":\"Actualidad\"}},{\"@type\":\"ListItem\",\"@id\":\"https:\\\/\\\/www.eldigitaldeasturias.com\\\/noticias\\\/category\\\/actualidad\\\/#listItem\",\"position\":2,\"name\":\"Actualidad\",\"item\":\"https:\\\/\\\/www.eldigitaldeasturias.com\\\/noticias\\\/category\\\/actualidad\\\/\",\"nextItem\":{\"@type\":\"ListItem\",\"@id\":\"https:\\\/\\\/www.eldigitaldeasturias.com\\\/noticias\\\/el-parlamento-de-nicaragua-crea-la-comision-de-la-verdad\\\/#listItem\",\"name\":\"El Parlamento de Nicaragua crea la \\u201cComisi\\u00f3n de la Verdad\\u201d\"},\"previousItem\":{\"@type\":\"ListItem\",\"@id\":\"https:\\\/\\\/www.eldigitaldeasturias.com\\\/noticias#listItem\",\"name\":\"Home\"}},{\"@type\":\"ListItem\",\"@id\":\"https:\\\/\\\/www.eldigitaldeasturias.com\\\/noticias\\\/el-parlamento-de-nicaragua-crea-la-comision-de-la-verdad\\\/#listItem\",\"position\":3,\"name\":\"El Parlamento de Nicaragua crea la \\u201cComisi\\u00f3n de la Verdad\\u201d\",\"previousItem\":{\"@type\":\"ListItem\",\"@id\":\"https:\\\/\\\/www.eldigitaldeasturias.com\\\/noticias\\\/category\\\/actualidad\\\/#listItem\",\"name\":\"Actualidad\"}}]},{\"@type\":\"Organization\",\"@id\":\"https:\\\/\\\/www.eldigitaldeasturias.com\\\/noticias\\\/#organization\",\"name\":\"El Digital de Asturias\",\"description\":\"Hemeroteca\",\"url\":\"https:\\\/\\\/www.eldigitaldeasturias.com\\\/noticias\\\/\",\"email\":\"info@eldigitaldeasturias.com\",\"telephone\":\"+34652131393\",\"logo\":{\"@type\":\"ImageObject\",\"url\":\"https:\\\/\\\/www.eldigitaldeasturias.com\\\/noticias\\\/wp-content\\\/uploads\\\/2020\\\/12\\\/EDA.jpg\",\"@id\":\"https:\\\/\\\/www.eldigitaldeasturias.com\\\/noticias\\\/el-parlamento-de-nicaragua-crea-la-comision-de-la-verdad\\\/#organizationLogo\"},\"image\":{\"@id\":\"https:\\\/\\\/www.eldigitaldeasturias.com\\\/noticias\\\/el-parlamento-de-nicaragua-crea-la-comision-de-la-verdad\\\/#organizationLogo\"},\"sameAs\":[\"https:\\\/\\\/facebook.com\\\/eldigitaldeasturias\",\"https:\\\/\\\/www.youtube.com\\\/channel\\\/UCZP-2wLEB9Rv6erhFmqVnvg\"],\"address\":{\"@id\":\"https:\\\/\\\/www.eldigitaldeasturias.com\\\/noticias\\\/#postaladdress\",\"@type\":\"PostalAddress\",\"streetAddress\":\"san antonio 4\",\"postalCode\":\"33430\",\"addressLocality\":\"Cand\\u00e1s\",\"addressRegion\":\"Asturias\",\"addressCountry\":\"ES\"}},{\"@type\":\"Person\",\"@id\":\"https:\\\/\\\/www.eldigitaldeasturias.com\\\/noticias\\\/author\\\/admin\\\/#author\",\"url\":\"https:\\\/\\\/www.eldigitaldeasturias.com\\\/noticias\\\/author\\\/admin\\\/\",\"name\":\"El Digital de Asturias\",\"image\":{\"@type\":\"ImageObject\",\"@id\":\"https:\\\/\\\/www.eldigitaldeasturias.com\\\/noticias\\\/el-parlamento-de-nicaragua-crea-la-comision-de-la-verdad\\\/#authorImage\",\"url\":\"https:\\\/\\\/secure.gravatar.com\\\/avatar\\\/df2aeffc32bcd13f8d26072ef8a91b623d677766deac7f97ca815868cd41bf5e?s=96&d=mm&r=g\",\"width\":96,\"height\":96,\"caption\":\"El Digital de Asturias\"}},{\"@type\":\"WebPage\",\"@id\":\"https:\\\/\\\/www.eldigitaldeasturias.com\\\/noticias\\\/el-parlamento-de-nicaragua-crea-la-comision-de-la-verdad\\\/#webpage\",\"url\":\"https:\\\/\\\/www.eldigitaldeasturias.com\\\/noticias\\\/el-parlamento-de-nicaragua-crea-la-comision-de-la-verdad\\\/\",\"name\":\"El Parlamento de Nicaragua crea la \\u201cComisi\\u00f3n de la Verdad\\u201d - El Digital de Asturias\",\"description\":\"Managua, 29 abr (dpa) - El Parlamento de Nicaragua, dominado por el gobernante Frente Sandinista, form\\u00f3 hoy una Comisi\\u00f3n de la Verdad para investigar la muerte de decenas de j\\u00f3venes durante protestas estudiantiles disueltas a balazos por la Polic\\u00eda, anunci\\u00f3 el portal oficial \\\"El 19\\\". La nueva instancia, cuya creaci\\u00f3n se aprob\\u00f3 en sesi\\u00f3n extraordinaria\",\"inLanguage\":\"es-ES\",\"isPartOf\":{\"@id\":\"https:\\\/\\\/www.eldigitaldeasturias.com\\\/noticias\\\/#website\"},\"breadcrumb\":{\"@id\":\"https:\\\/\\\/www.eldigitaldeasturias.com\\\/noticias\\\/el-parlamento-de-nicaragua-crea-la-comision-de-la-verdad\\\/#breadcrumblist\"},\"author\":{\"@id\":\"https:\\\/\\\/www.eldigitaldeasturias.com\\\/noticias\\\/author\\\/admin\\\/#author\"},\"creator\":{\"@id\":\"https:\\\/\\\/www.eldigitaldeasturias.com\\\/noticias\\\/author\\\/admin\\\/#author\"},\"image\":{\"@type\":\"ImageObject\",\"url\":977212,\"@id\":\"https:\\\/\\\/www.eldigitaldeasturias.com\\\/noticias\\\/el-parlamento-de-nicaragua-crea-la-comision-de-la-verdad\\\/#mainImage\"},\"primaryImageOfPage\":{\"@id\":\"https:\\\/\\\/www.eldigitaldeasturias.com\\\/noticias\\\/el-parlamento-de-nicaragua-crea-la-comision-de-la-verdad\\\/#mainImage\"},\"datePublished\":\"2018-04-30T00:12:10+02:00\",\"dateModified\":\"2018-04-30T00:12:10+02:00\"},{\"@type\":\"WebSite\",\"@id\":\"https:\\\/\\\/www.eldigitaldeasturias.com\\\/noticias\\\/#website\",\"url\":\"https:\\\/\\\/www.eldigitaldeasturias.com\\\/noticias\\\/\",\"name\":\"El Digital de Asturias - Diario de actualidad y noticias\",\"alternateName\":\"El Digital de Asturias - Diario de actualidad y noticias\",\"description\":\"Hemeroteca\",\"inLanguage\":\"es-ES\",\"publisher\":{\"@id\":\"https:\\\/\\\/www.eldigitaldeasturias.com\\\/noticias\\\/#organization\"}}]}\n\t\t<\/script>\n\t\t<!-- All in One SEO Pro -->\r\n\t\t<title>El Parlamento de Nicaragua crea la \u201cComisi\u00f3n de la Verdad\u201d - El Digital de Asturias<\/title>\n\n","aioseo_head_json":{"title":"El Parlamento de Nicaragua crea la \u201cComisi\u00f3n de la Verdad\u201d - El Digital de Asturias","description":"Managua, 29 abr (dpa) - El Parlamento de Nicaragua, dominado por el gobernante Frente Sandinista, form\u00f3 hoy una Comisi\u00f3n de la Verdad para investigar la muerte de decenas de j\u00f3venes durante protestas estudiantiles disueltas a balazos por la Polic\u00eda, anunci\u00f3 el portal oficial \"El 19\". La nueva instancia, cuya creaci\u00f3n se aprob\u00f3 en sesi\u00f3n extraordinaria","canonical_url":"https:\/\/www.eldigitaldeasturias.com\/noticias\/el-parlamento-de-nicaragua-crea-la-comision-de-la-verdad\/","robots":"max-image-preview:large","keywords":"actualidad","webmasterTools":{"google-site-verification":"UA-38556648-1","msvalidate.01":"7dfe9f3f1b24437ab69f4f2559babe99","miscellaneous":""},"schema":{"@context":"https:\/\/schema.org","@graph":[{"@type":"BlogPosting","@id":"https:\/\/www.eldigitaldeasturias.com\/noticias\/el-parlamento-de-nicaragua-crea-la-comision-de-la-verdad\/#blogposting","name":"El Parlamento de Nicaragua crea la \u201cComisi\u00f3n de la Verdad\u201d - El Digital de Asturias","headline":"El Parlamento de Nicaragua crea la \u201cComisi\u00f3n de la Verdad\u201d","author":{"@id":"https:\/\/www.eldigitaldeasturias.com\/noticias\/author\/admin\/#author"},"publisher":{"@id":"https:\/\/www.eldigitaldeasturias.com\/noticias\/#organization"},"image":{"@type":"ImageObject","url":977212},"datePublished":"2018-04-30T00:12:10+02:00","dateModified":"2018-04-30T00:12:10+02:00","inLanguage":"es-ES","mainEntityOfPage":{"@id":"https:\/\/www.eldigitaldeasturias.com\/noticias\/el-parlamento-de-nicaragua-crea-la-comision-de-la-verdad\/#webpage"},"isPartOf":{"@id":"https:\/\/www.eldigitaldeasturias.com\/noticias\/el-parlamento-de-nicaragua-crea-la-comision-de-la-verdad\/#webpage"},"articleSection":"Actualidad"},{"@type":"BreadcrumbList","@id":"https:\/\/www.eldigitaldeasturias.com\/noticias\/el-parlamento-de-nicaragua-crea-la-comision-de-la-verdad\/#breadcrumblist","itemListElement":[{"@type":"ListItem","@id":"https:\/\/www.eldigitaldeasturias.com\/noticias#listItem","position":1,"name":"Home","item":"https:\/\/www.eldigitaldeasturias.com\/noticias","nextItem":{"@type":"ListItem","@id":"https:\/\/www.eldigitaldeasturias.com\/noticias\/category\/actualidad\/#listItem","name":"Actualidad"}},{"@type":"ListItem","@id":"https:\/\/www.eldigitaldeasturias.com\/noticias\/category\/actualidad\/#listItem","position":2,"name":"Actualidad","item":"https:\/\/www.eldigitaldeasturias.com\/noticias\/category\/actualidad\/","nextItem":{"@type":"ListItem","@id":"https:\/\/www.eldigitaldeasturias.com\/noticias\/el-parlamento-de-nicaragua-crea-la-comision-de-la-verdad\/#listItem","name":"El Parlamento de Nicaragua crea la \u201cComisi\u00f3n de la Verdad\u201d"},"previousItem":{"@type":"ListItem","@id":"https:\/\/www.eldigitaldeasturias.com\/noticias#listItem","name":"Home"}},{"@type":"ListItem","@id":"https:\/\/www.eldigitaldeasturias.com\/noticias\/el-parlamento-de-nicaragua-crea-la-comision-de-la-verdad\/#listItem","position":3,"name":"El Parlamento de Nicaragua crea la \u201cComisi\u00f3n de la Verdad\u201d","previousItem":{"@type":"ListItem","@id":"https:\/\/www.eldigitaldeasturias.com\/noticias\/category\/actualidad\/#listItem","name":"Actualidad"}}]},{"@type":"Organization","@id":"https:\/\/www.eldigitaldeasturias.com\/noticias\/#organization","name":"El Digital de Asturias","description":"Hemeroteca","url":"https:\/\/www.eldigitaldeasturias.com\/noticias\/","email":"info@eldigitaldeasturias.com","telephone":"+34652131393","logo":{"@type":"ImageObject","url":"https:\/\/www.eldigitaldeasturias.com\/noticias\/wp-content\/uploads\/2020\/12\/EDA.jpg","@id":"https:\/\/www.eldigitaldeasturias.com\/noticias\/el-parlamento-de-nicaragua-crea-la-comision-de-la-verdad\/#organizationLogo"},"image":{"@id":"https:\/\/www.eldigitaldeasturias.com\/noticias\/el-parlamento-de-nicaragua-crea-la-comision-de-la-verdad\/#organizationLogo"},"sameAs":["https:\/\/facebook.com\/eldigitaldeasturias","https:\/\/www.youtube.com\/channel\/UCZP-2wLEB9Rv6erhFmqVnvg"],"address":{"@id":"https:\/\/www.eldigitaldeasturias.com\/noticias\/#postaladdress","@type":"PostalAddress","streetAddress":"san antonio 4","postalCode":"33430","addressLocality":"Cand\u00e1s","addressRegion":"Asturias","addressCountry":"ES"}},{"@type":"Person","@id":"https:\/\/www.eldigitaldeasturias.com\/noticias\/author\/admin\/#author","url":"https:\/\/www.eldigitaldeasturias.com\/noticias\/author\/admin\/","name":"El Digital de Asturias","image":{"@type":"ImageObject","@id":"https:\/\/www.eldigitaldeasturias.com\/noticias\/el-parlamento-de-nicaragua-crea-la-comision-de-la-verdad\/#authorImage","url":"https:\/\/secure.gravatar.com\/avatar\/df2aeffc32bcd13f8d26072ef8a91b623d677766deac7f97ca815868cd41bf5e?s=96&d=mm&r=g","width":96,"height":96,"caption":"El Digital de Asturias"}},{"@type":"WebPage","@id":"https:\/\/www.eldigitaldeasturias.com\/noticias\/el-parlamento-de-nicaragua-crea-la-comision-de-la-verdad\/#webpage","url":"https:\/\/www.eldigitaldeasturias.com\/noticias\/el-parlamento-de-nicaragua-crea-la-comision-de-la-verdad\/","name":"El Parlamento de Nicaragua crea la \u201cComisi\u00f3n de la Verdad\u201d - El Digital de Asturias","description":"Managua, 29 abr (dpa) - El Parlamento de Nicaragua, dominado por el gobernante Frente Sandinista, form\u00f3 hoy una Comisi\u00f3n de la Verdad para investigar la muerte de decenas de j\u00f3venes durante protestas estudiantiles disueltas a balazos por la Polic\u00eda, anunci\u00f3 el portal oficial \"El 19\". La nueva instancia, cuya creaci\u00f3n se aprob\u00f3 en sesi\u00f3n extraordinaria","inLanguage":"es-ES","isPartOf":{"@id":"https:\/\/www.eldigitaldeasturias.com\/noticias\/#website"},"breadcrumb":{"@id":"https:\/\/www.eldigitaldeasturias.com\/noticias\/el-parlamento-de-nicaragua-crea-la-comision-de-la-verdad\/#breadcrumblist"},"author":{"@id":"https:\/\/www.eldigitaldeasturias.com\/noticias\/author\/admin\/#author"},"creator":{"@id":"https:\/\/www.eldigitaldeasturias.com\/noticias\/author\/admin\/#author"},"image":{"@type":"ImageObject","url":977212,"@id":"https:\/\/www.eldigitaldeasturias.com\/noticias\/el-parlamento-de-nicaragua-crea-la-comision-de-la-verdad\/#mainImage"},"primaryImageOfPage":{"@id":"https:\/\/www.eldigitaldeasturias.com\/noticias\/el-parlamento-de-nicaragua-crea-la-comision-de-la-verdad\/#mainImage"},"datePublished":"2018-04-30T00:12:10+02:00","dateModified":"2018-04-30T00:12:10+02:00"},{"@type":"WebSite","@id":"https:\/\/www.eldigitaldeasturias.com\/noticias\/#website","url":"https:\/\/www.eldigitaldeasturias.com\/noticias\/","name":"El Digital de Asturias - Diario de actualidad y noticias","alternateName":"El Digital de Asturias - Diario de actualidad y noticias","description":"Hemeroteca","inLanguage":"es-ES","publisher":{"@id":"https:\/\/www.eldigitaldeasturias.com\/noticias\/#organization"}}]},"og:locale":"es_ES","og:site_name":"El Digital de Asturias","og:type":"article","og:title":"El Parlamento de Nicaragua crea la \u201cComisi\u00f3n de la Verdad\u201d - El Digital de Asturias","og:description":"Managua, 29 abr (dpa) - El Parlamento de Nicaragua, dominado por el gobernante Frente Sandinista, form\u00f3 hoy una Comisi\u00f3n de la Verdad para investigar la muerte de decenas de j\u00f3venes durante protestas estudiantiles disueltas a balazos por la Polic\u00eda, anunci\u00f3 el portal oficial &quot;El 19&quot;. La nueva instancia, cuya creaci\u00f3n se aprob\u00f3 en sesi\u00f3n extraordinaria","og:url":"https:\/\/www.eldigitaldeasturias.com\/noticias\/el-parlamento-de-nicaragua-crea-la-comision-de-la-verdad\/","article:tag":["actualidad"],"article:published_time":"2018-04-30T00:12:10+00:00","article:modified_time":"2018-04-30T00:12:10+00:00","article:publisher":"https:\/\/facebook.com\/eldigitaldeasturias","twitter:card":"summary_large_image","twitter:title":"El Parlamento de Nicaragua crea la \u201cComisi\u00f3n de la Verdad\u201d - El Digital de Asturias","twitter:description":"Managua, 29 abr (dpa) - El Parlamento de Nicaragua, dominado por el gobernante Frente Sandinista, form\u00f3 hoy una Comisi\u00f3n de la Verdad para investigar la muerte de decenas de j\u00f3venes durante protestas estudiantiles disueltas a balazos por la Polic\u00eda, anunci\u00f3 el portal oficial &quot;El 19&quot;. La nueva instancia, cuya creaci\u00f3n se aprob\u00f3 en sesi\u00f3n extraordinaria","twitter:image":"https:\/\/www.eldigitaldeasturias.com\/noticias\/wp-content\/uploads\/2020\/12\/EDA-1.jpg","twitter:label1":"Escrito por","twitter:data1":"El Digital de Asturias","twitter:label2":"Tiempo de lectura estimado","twitter:data2":"4 minutos"},"aioseo_meta_data":{"post_id":"978224","title":null,"description":null,"keywords":null,"keyphrases":null,"primary_term":null,"canonical_url":null,"og_title":null,"og_description":null,"og_object_type":"default","og_image_type":"default","og_image_url":null,"og_image_width":null,"og_image_height":null,"og_image_custom_url":null,"og_image_custom_fields":null,"og_video":null,"og_custom_url":null,"og_article_section":null,"og_article_tags":null,"twitter_use_og":false,"twitter_card":"default","twitter_image_type":"default","twitter_image_url":null,"twitter_image_custom_url":null,"twitter_image_custom_fields":null,"twitter_title":null,"twitter_description":null,"schema":{"blockGraphs":[],"customGraphs":[],"default":{"data":{"Article":[],"Course":[],"Dataset":[],"FAQPage":[],"Movie":[],"Person":[],"Product":[],"ProductReview":[],"Car":[],"Recipe":[],"Service":[],"SoftwareApplication":[],"WebPage":[]},"graphName":"","isEnabled":true},"graphs":[],"defaultGraph":"","defaultPostTypeGraph":""},"schema_type":null,"schema_type_options":null,"pillar_content":false,"robots_default":true,"robots_noindex":false,"robots_noarchive":false,"robots_nosnippet":false,"robots_nofollow":false,"robots_noimageindex":false,"robots_noodp":false,"robots_notranslate":false,"robots_max_snippet":null,"robots_max_videopreview":null,"robots_max_imagepreview":"large","priority":null,"frequency":null,"local_seo":null,"seo_analyzer_scan_date":"2025-10-08 10:05:03","breadcrumb_settings":null,"limit_modified_date":false,"open_ai":null,"ai":null,"created":"2020-12-21 12:02:38","updated":"2025-10-08 10:05:03","focus_keyword":null,"additional_keywords":null,"truseo_locale":null},"aioseo_breadcrumb":"<div class=\"aioseo-breadcrumbs\"><span class=\"aioseo-breadcrumb\">\n\t<a href=\"https:\/\/www.eldigitaldeasturias.com\/noticias\" title=\"Home\">Home<\/a>\n<\/span><span class=\"aioseo-breadcrumb-separator\">\u2013<\/span><span class=\"aioseo-breadcrumb\">\n\t<a href=\"https:\/\/www.eldigitaldeasturias.com\/noticias\/category\/actualidad\/\" title=\"Actualidad\">Actualidad<\/a>\n<\/span><span class=\"aioseo-breadcrumb-separator\">\u2013<\/span><span class=\"aioseo-breadcrumb\">\n\t<a href=\"https:\/\/www.eldigitaldeasturias.com\/noticias\/el-parlamento-de-nicaragua-crea-la-comision-de-la-verdad\/\" title=\"El Parlamento de Nicaragua crea la \u201cComisi\u00f3n de la Verdad\u201d\">El Parlamento de Nicaragua crea la \u201cComisi\u00f3n de la Verdad\u201d<\/a>\n<\/span><\/div>","aioseo_breadcrumb_json":[{"label":"Home","link":"https:\/\/www.eldigitaldeasturias.com\/noticias"},{"label":"Actualidad","link":"https:\/\/www.eldigitaldeasturias.com\/noticias\/category\/actualidad\/"},{"label":"El Parlamento de Nicaragua crea la \u201cComisi\u00f3n de la Verdad\u201d","link":"https:\/\/www.eldigitaldeasturias.com\/noticias\/el-parlamento-de-nicaragua-crea-la-comision-de-la-verdad\/"}],"_links":{"self":[{"href":"https:\/\/www.eldigitaldeasturias.com\/noticias\/wp-json\/wp\/v2\/posts\/978224","targetHints":{"allow":["GET"]}}],"collection":[{"href":"https:\/\/www.eldigitaldeasturias.com\/noticias\/wp-json\/wp\/v2\/posts"}],"about":[{"href":"https:\/\/www.eldigitaldeasturias.com\/noticias\/wp-json\/wp\/v2\/types\/post"}],"author":[{"embeddable":true,"href":"https:\/\/www.eldigitaldeasturias.com\/noticias\/wp-json\/wp\/v2\/users\/1"}],"replies":[{"embeddable":true,"href":"https:\/\/www.eldigitaldeasturias.com\/noticias\/wp-json\/wp\/v2\/comments?post=978224"}],"version-history":[{"count":0,"href":"https:\/\/www.eldigitaldeasturias.com\/noticias\/wp-json\/wp\/v2\/posts\/978224\/revisions"}],"wp:attachment":[{"href":"https:\/\/www.eldigitaldeasturias.com\/noticias\/wp-json\/wp\/v2\/media?parent=978224"}],"wp:term":[{"taxonomy":"category","embeddable":true,"href":"https:\/\/www.eldigitaldeasturias.com\/noticias\/wp-json\/wp\/v2\/categories?post=978224"},{"taxonomy":"post_tag","embeddable":true,"href":"https:\/\/www.eldigitaldeasturias.com\/noticias\/wp-json\/wp\/v2\/tags?post=978224"}],"curies":[{"name":"wp","href":"https:\/\/api.w.org\/{rel}","templated":true}]}}