{"id":978221,"date":"2018-04-30T00:05:14","date_gmt":"2018-04-30T00:05:14","guid":{"rendered":"http:\/\/www.eldigitaldeasturias.com\/noticias\/?p=978221"},"modified":"2018-04-30T00:05:14","modified_gmt":"2018-04-30T00:05:14","slug":"crisis-y-escandalos-en-la-academia-sueca-de-los-premio-nobel","status":"publish","type":"post","link":"https:\/\/www.eldigitaldeasturias.com\/noticias\/crisis-y-escandalos-en-la-academia-sueca-de-los-premio-nobel\/","title":{"rendered":"Crisis y esc\u00e1ndalos en la Academia Sueca de los Premio Nobel"},"content":{"rendered":"<p><img loading=\"lazy\" decoding=\"async\" class=\"alignleft size-medium wp-image-978222\" src=\"https:\/\/www.eldigitaldeasturias.com\/noticias\/wp-content\/uploads\/2018\/04\/stockholm-2082591_960_720-360x202.jpg\" alt=\"\" width=\"360\" height=\"202\" \/>Estocolmo, 29 abr (dpa) &#8211; Esc\u00e1ndalos por filtraci\u00f3n, corrupci\u00f3n y acoso sexual est\u00e1n diezmando de forma imparable el jurado de la Academia Sueca que concede el premio Nobel de Literatura, una sangr\u00eda que continu\u00f3 este fin de semana con una nueva renuncia y que no ha logrado frenar ni siquiera la intervenci\u00f3n del rey del pa\u00eds: de sus 18 miembros, s\u00f3lo diez contin\u00faan activos. \u00bfPodr\u00e1 un gremio as\u00ed seguir concediendo un premio tan prestigioso?<\/p>\n<p>El trabajo de la selecci\u00f3n previa de los candidatos al premio transcurre seg\u00fan lo previsto, destaca la Academia, pero al mismo tiempo reconoce que la imagen del premio se ha visto da\u00f1ada. Tanto, que a puerta cerrada se debate ahora incluso la posibilidad de no concederlo este a\u00f1o, y entregar dos el pr\u00f3ximo.<\/p>\n<p>La crisis fue desencadenada por un esc\u00e1ndalo de corrupci\u00f3n y acoso en torno a Jean-Claude Arnault, un prestigioso director art\u00edstico marido de la miembro de la Academia Katarina Frostenson. La pareja no s\u00f3lo habr\u00eda filtrado los nombres de siete galardonados con el Nobel, sino que adem\u00e1s, 18 mujeres lo acusaron el a\u00f1o pasado de acoso sexual.<\/p>\n<p>Una investigaci\u00f3n realizada por encargo de la Academia confirm\u00f3 un \u00abcomportamiento inaceptable en forma de intimidad indeseada\u00bb, pero se\u00f1ala que los miembros de la Academia no sab\u00edan ni sospechaban nada.<\/p>\n<p>Seg\u00fan nuevas informaciones publicadas en los medios suecos, entre las v\u00edctimas podr\u00eda estar incluso la princesa Victoria de Suecia. Durante una recepci\u00f3n, el franc\u00e9s le habr\u00eda tocado el trasero, seg\u00fan se\u00f1alaron el diario \u00abSvenska Dagbladet\u00bb y la emisora de radio SVT este fin de semana. La casa real no se ha pronunciado hasta ahora y el marido de Frostenson ha negado las acusaciones.<\/p>\n<p>Pero el descontento de la gesti\u00f3n del caso por parte de la Academia ha provocado la renuncia de cada vez m\u00e1s miembros. Las renuncias comenzaron por la negativa de la propia Frostenson a marcharse, pero al final se vio obligada a abandonar el cargo. Tambi\u00e9n lo dej\u00f3 la secretaria permanente Sara Danius, la que fuera primera mujer al cargo de la instituci\u00f3n, seg\u00fan su versi\u00f3n, por deseo de la Academia.<\/p>\n<p>La \u00faltima en abandonar fue la periodista y escritora Sara Stridsberg, con la que suman ocho los miembros ya inactivos del jurado.<\/p>\n<p>La ola de renuncias podr\u00eda suponer un gran problema para la Academia, pues sus estatutos centenarios s\u00f3lo permiten nombrar nuevos miembros tras la muerte de los actuales. Ello \u00abpone seriamente en peligro la capacidad de la Academia de cumplir con su importante labor\u00bb, se\u00f1al\u00f3 la casa eral sueca.<\/p>\n<p>Entre otras cosas, ello imped\u00eda la reestructuraci\u00f3n de la academia. Por eso el rey Carlos XVI Gustavo de Suecia, patrocinador del gremio, decidi\u00f3 reformar los estatutos.<\/p>\n<p>Sin embargo, los cambios no han entrado a\u00fan en vigor y tampoco est\u00e1 claro hasta qu\u00e9 punto van a ayudar a la Academia ya que ahora se plantea otro problema: el nombramiento de nuevos miembros del prestigioso gremio exige que sea aprobado con 12 votos y ahora s\u00f3lo 10 miembros siguen activos.<\/p>\n<p>La Academia espera que algunos de sus miembros inactivos vuelvan tras la renuncia de Frostenson y puedan votar.<\/p>\n<p>Incluso aunque esto no ocurriera, no parece probable que esta crisis vaya a suponer el fin de esta tradicional instituci\u00f3n cultural. Los estatutos actuales se podr\u00edan interpretar de otra forma, se\u00f1alaron juristas a medios suecos.<\/p>\n<p>Tambi\u00e9n el rey Carlos XVI Gustavo podr\u00eda volver a intervenir y hacer uso de su poder para zanjar la crisis.<\/p>\n<p>Pese a contar con un jurado diezmado, es posible que se conceda el Nobel de Literatura. La entrega del galard\u00f3n no est\u00e1 recogida en los centenarios estatutos, que datan de 1786, cien a\u00f1os antes del premio literario m\u00e1s importante del mundo.<\/p>\n<p><i class=\"lang-es\"><span class=\" readonly\" title=\"\">Por Theresa M\u00fcnch (dpa)<\/span><\/i><\/p>\n","protected":false},"excerpt":{"rendered":"<p>Estocolmo, 29 abr (dpa) &#8211; Esc\u00e1ndalos por filtraci\u00f3n, corrupci\u00f3n y acoso sexual est\u00e1n diezmando de forma imparable el jurado de la Academia Sueca que concede el premio Nobel de Literatura, una sangr\u00eda que continu\u00f3 este fin de semana con una nueva renuncia y que no ha logrado frenar ni siquiera la intervenci\u00f3n del rey del [&hellip;]<\/p>\n","protected":false},"author":1,"featured_media":978222,"comment_status":"closed","ping_status":"closed","sticky":false,"template":"","format":"standard","meta":{"footnotes":""},"categories":[1],"tags":[],"class_list":["post-978221","post","type-post","status-publish","format-standard","has-post-thumbnail","hentry","category-actualidad"],"aioseo_notices":[],"aioseo_head":"\n\t\t<!-- All in One SEO Pro 5.0.1 - aioseo.com -->\n\t<meta name=\"description\" content=\"Estocolmo, 29 abr (dpa) - Esc\u00e1ndalos por filtraci\u00f3n, corrupci\u00f3n y acoso sexual est\u00e1n diezmando de forma imparable el jurado de la Academia Sueca que concede el premio Nobel de Literatura, una sangr\u00eda que continu\u00f3 este fin de semana con una nueva renuncia y que no ha logrado frenar ni siquiera la intervenci\u00f3n del rey del\" \/>\n\t<meta name=\"robots\" content=\"max-image-preview:large\" \/>\n\t<meta name=\"author\" content=\"El Digital de Asturias\"\/>\n\t<meta name=\"google-site-verification\" content=\"UA-38556648-1\" \/>\n\t<meta name=\"msvalidate.01\" content=\"7dfe9f3f1b24437ab69f4f2559babe99\" \/>\n\t<meta name=\"keywords\" content=\"actualidad\" \/>\n\t<link rel=\"canonical\" href=\"https:\/\/www.eldigitaldeasturias.com\/noticias\/crisis-y-escandalos-en-la-academia-sueca-de-los-premio-nobel\/\" \/>\n\t<meta name=\"generator\" content=\"All in One SEO Pro (AIOSEO) 5.0.1\" \/>\n\t\t<meta property=\"og:locale\" content=\"es_ES\" \/>\n\t\t<meta property=\"og:site_name\" content=\"El Digital de Asturias\" \/>\n\t\t<meta property=\"og:type\" content=\"article\" \/>\n\t\t<meta property=\"og:title\" content=\"Crisis y esc\u00e1ndalos en la Academia Sueca de los Premio Nobel - El Digital de Asturias\" \/>\n\t\t<meta property=\"og:description\" content=\"Estocolmo, 29 abr (dpa) - Esc\u00e1ndalos por filtraci\u00f3n, corrupci\u00f3n y acoso sexual est\u00e1n diezmando de forma imparable el jurado de la Academia Sueca que concede el premio Nobel de Literatura, una sangr\u00eda que continu\u00f3 este fin de semana con una nueva renuncia y que no ha logrado frenar ni siquiera la intervenci\u00f3n del rey del\" \/>\n\t\t<meta property=\"og:url\" content=\"https:\/\/www.eldigitaldeasturias.com\/noticias\/crisis-y-escandalos-en-la-academia-sueca-de-los-premio-nobel\/\" \/>\n\t\t<meta property=\"article:tag\" content=\"actualidad\" \/>\n\t\t<meta property=\"article:published_time\" content=\"2018-04-30T00:05:14+00:00\" \/>\n\t\t<meta property=\"article:modified_time\" content=\"2018-04-30T00:05:14+00:00\" \/>\n\t\t<meta property=\"article:publisher\" content=\"https:\/\/facebook.com\/eldigitaldeasturias\" \/>\n\t\t<meta name=\"twitter:card\" content=\"summary_large_image\" \/>\n\t\t<meta name=\"twitter:title\" content=\"Crisis y esc\u00e1ndalos en la Academia Sueca de los Premio Nobel - El Digital de Asturias\" \/>\n\t\t<meta name=\"twitter:description\" content=\"Estocolmo, 29 abr (dpa) - Esc\u00e1ndalos por filtraci\u00f3n, corrupci\u00f3n y acoso sexual est\u00e1n diezmando de forma imparable el jurado de la Academia Sueca que concede el premio Nobel de Literatura, una sangr\u00eda que continu\u00f3 este fin de semana con una nueva renuncia y que no ha logrado frenar ni siquiera la intervenci\u00f3n del rey del\" \/>\n\t\t<meta name=\"twitter:image\" content=\"https:\/\/www.eldigitaldeasturias.com\/noticias\/wp-content\/uploads\/2020\/12\/EDA-1.jpg\" \/>\n\t\t<meta name=\"twitter:label1\" content=\"Escrito por\" \/>\n\t\t<meta name=\"twitter:data1\" content=\"El Digital de Asturias\" \/>\n\t\t<meta name=\"twitter:label2\" content=\"Tiempo de lectura estimado\" \/>\n\t\t<meta name=\"twitter:data2\" content=\"3 minutos\" \/>\n\t\t<script type=\"application\/ld+json\" class=\"aioseo-schema\">\n\t\t\t{\"@context\":\"https:\\\/\\\/schema.org\",\"@graph\":[{\"@type\":\"BlogPosting\",\"@id\":\"https:\\\/\\\/www.eldigitaldeasturias.com\\\/noticias\\\/crisis-y-escandalos-en-la-academia-sueca-de-los-premio-nobel\\\/#blogposting\",\"name\":\"Crisis y esc\\u00e1ndalos en la Academia Sueca de los Premio Nobel - El Digital de Asturias\",\"headline\":\"Crisis y esc\\u00e1ndalos en la Academia Sueca de los Premio Nobel\",\"author\":{\"@id\":\"https:\\\/\\\/www.eldigitaldeasturias.com\\\/noticias\\\/author\\\/admin\\\/#author\"},\"publisher\":{\"@id\":\"https:\\\/\\\/www.eldigitaldeasturias.com\\\/noticias\\\/#organization\"},\"image\":{\"@type\":\"ImageObject\",\"url\":978222},\"datePublished\":\"2018-04-30T00:05:14+02:00\",\"dateModified\":\"2018-04-30T00:05:14+02:00\",\"inLanguage\":\"es-ES\",\"mainEntityOfPage\":{\"@id\":\"https:\\\/\\\/www.eldigitaldeasturias.com\\\/noticias\\\/crisis-y-escandalos-en-la-academia-sueca-de-los-premio-nobel\\\/#webpage\"},\"isPartOf\":{\"@id\":\"https:\\\/\\\/www.eldigitaldeasturias.com\\\/noticias\\\/crisis-y-escandalos-en-la-academia-sueca-de-los-premio-nobel\\\/#webpage\"},\"articleSection\":\"Actualidad\"},{\"@type\":\"BreadcrumbList\",\"@id\":\"https:\\\/\\\/www.eldigitaldeasturias.com\\\/noticias\\\/crisis-y-escandalos-en-la-academia-sueca-de-los-premio-nobel\\\/#breadcrumblist\",\"itemListElement\":[{\"@type\":\"ListItem\",\"@id\":\"https:\\\/\\\/www.eldigitaldeasturias.com\\\/noticias#listItem\",\"position\":1,\"name\":\"Home\",\"item\":\"https:\\\/\\\/www.eldigitaldeasturias.com\\\/noticias\",\"nextItem\":{\"@type\":\"ListItem\",\"@id\":\"https:\\\/\\\/www.eldigitaldeasturias.com\\\/noticias\\\/category\\\/actualidad\\\/#listItem\",\"name\":\"Actualidad\"}},{\"@type\":\"ListItem\",\"@id\":\"https:\\\/\\\/www.eldigitaldeasturias.com\\\/noticias\\\/category\\\/actualidad\\\/#listItem\",\"position\":2,\"name\":\"Actualidad\",\"item\":\"https:\\\/\\\/www.eldigitaldeasturias.com\\\/noticias\\\/category\\\/actualidad\\\/\",\"nextItem\":{\"@type\":\"ListItem\",\"@id\":\"https:\\\/\\\/www.eldigitaldeasturias.com\\\/noticias\\\/crisis-y-escandalos-en-la-academia-sueca-de-los-premio-nobel\\\/#listItem\",\"name\":\"Crisis y esc\\u00e1ndalos en la Academia Sueca de los Premio Nobel\"},\"previousItem\":{\"@type\":\"ListItem\",\"@id\":\"https:\\\/\\\/www.eldigitaldeasturias.com\\\/noticias#listItem\",\"name\":\"Home\"}},{\"@type\":\"ListItem\",\"@id\":\"https:\\\/\\\/www.eldigitaldeasturias.com\\\/noticias\\\/crisis-y-escandalos-en-la-academia-sueca-de-los-premio-nobel\\\/#listItem\",\"position\":3,\"name\":\"Crisis y esc\\u00e1ndalos en la Academia Sueca de los Premio Nobel\",\"previousItem\":{\"@type\":\"ListItem\",\"@id\":\"https:\\\/\\\/www.eldigitaldeasturias.com\\\/noticias\\\/category\\\/actualidad\\\/#listItem\",\"name\":\"Actualidad\"}}]},{\"@type\":\"Organization\",\"@id\":\"https:\\\/\\\/www.eldigitaldeasturias.com\\\/noticias\\\/#organization\",\"name\":\"El Digital de Asturias\",\"description\":\"Hemeroteca\",\"url\":\"https:\\\/\\\/www.eldigitaldeasturias.com\\\/noticias\\\/\",\"email\":\"info@eldigitaldeasturias.com\",\"telephone\":\"+34652131393\",\"logo\":{\"@type\":\"ImageObject\",\"url\":\"https:\\\/\\\/www.eldigitaldeasturias.com\\\/noticias\\\/wp-content\\\/uploads\\\/2020\\\/12\\\/EDA.jpg\",\"@id\":\"https:\\\/\\\/www.eldigitaldeasturias.com\\\/noticias\\\/crisis-y-escandalos-en-la-academia-sueca-de-los-premio-nobel\\\/#organizationLogo\"},\"image\":{\"@id\":\"https:\\\/\\\/www.eldigitaldeasturias.com\\\/noticias\\\/crisis-y-escandalos-en-la-academia-sueca-de-los-premio-nobel\\\/#organizationLogo\"},\"sameAs\":[\"https:\\\/\\\/facebook.com\\\/eldigitaldeasturias\",\"https:\\\/\\\/www.youtube.com\\\/channel\\\/UCZP-2wLEB9Rv6erhFmqVnvg\"],\"address\":{\"@id\":\"https:\\\/\\\/www.eldigitaldeasturias.com\\\/noticias\\\/#postaladdress\",\"@type\":\"PostalAddress\",\"streetAddress\":\"san antonio 4\",\"postalCode\":\"33430\",\"addressLocality\":\"Cand\\u00e1s\",\"addressRegion\":\"Asturias\",\"addressCountry\":\"ES\"}},{\"@type\":\"Person\",\"@id\":\"https:\\\/\\\/www.eldigitaldeasturias.com\\\/noticias\\\/author\\\/admin\\\/#author\",\"url\":\"https:\\\/\\\/www.eldigitaldeasturias.com\\\/noticias\\\/author\\\/admin\\\/\",\"name\":\"El Digital de Asturias\",\"image\":{\"@type\":\"ImageObject\",\"@id\":\"https:\\\/\\\/www.eldigitaldeasturias.com\\\/noticias\\\/crisis-y-escandalos-en-la-academia-sueca-de-los-premio-nobel\\\/#authorImage\",\"url\":\"https:\\\/\\\/secure.gravatar.com\\\/avatar\\\/df2aeffc32bcd13f8d26072ef8a91b623d677766deac7f97ca815868cd41bf5e?s=96&d=mm&r=g\",\"width\":96,\"height\":96,\"caption\":\"El Digital de Asturias\"}},{\"@type\":\"WebPage\",\"@id\":\"https:\\\/\\\/www.eldigitaldeasturias.com\\\/noticias\\\/crisis-y-escandalos-en-la-academia-sueca-de-los-premio-nobel\\\/#webpage\",\"url\":\"https:\\\/\\\/www.eldigitaldeasturias.com\\\/noticias\\\/crisis-y-escandalos-en-la-academia-sueca-de-los-premio-nobel\\\/\",\"name\":\"Crisis y esc\\u00e1ndalos en la Academia Sueca de los Premio Nobel - El Digital de Asturias\",\"description\":\"Estocolmo, 29 abr (dpa) - Esc\\u00e1ndalos por filtraci\\u00f3n, corrupci\\u00f3n y acoso sexual est\\u00e1n diezmando de forma imparable el jurado de la Academia Sueca que concede el premio Nobel de Literatura, una sangr\\u00eda que continu\\u00f3 este fin de semana con una nueva renuncia y que no ha logrado frenar ni siquiera la intervenci\\u00f3n del rey del\",\"inLanguage\":\"es-ES\",\"isPartOf\":{\"@id\":\"https:\\\/\\\/www.eldigitaldeasturias.com\\\/noticias\\\/#website\"},\"breadcrumb\":{\"@id\":\"https:\\\/\\\/www.eldigitaldeasturias.com\\\/noticias\\\/crisis-y-escandalos-en-la-academia-sueca-de-los-premio-nobel\\\/#breadcrumblist\"},\"author\":{\"@id\":\"https:\\\/\\\/www.eldigitaldeasturias.com\\\/noticias\\\/author\\\/admin\\\/#author\"},\"creator\":{\"@id\":\"https:\\\/\\\/www.eldigitaldeasturias.com\\\/noticias\\\/author\\\/admin\\\/#author\"},\"image\":{\"@type\":\"ImageObject\",\"url\":978222,\"@id\":\"https:\\\/\\\/www.eldigitaldeasturias.com\\\/noticias\\\/crisis-y-escandalos-en-la-academia-sueca-de-los-premio-nobel\\\/#mainImage\"},\"primaryImageOfPage\":{\"@id\":\"https:\\\/\\\/www.eldigitaldeasturias.com\\\/noticias\\\/crisis-y-escandalos-en-la-academia-sueca-de-los-premio-nobel\\\/#mainImage\"},\"datePublished\":\"2018-04-30T00:05:14+02:00\",\"dateModified\":\"2018-04-30T00:05:14+02:00\"},{\"@type\":\"WebSite\",\"@id\":\"https:\\\/\\\/www.eldigitaldeasturias.com\\\/noticias\\\/#website\",\"url\":\"https:\\\/\\\/www.eldigitaldeasturias.com\\\/noticias\\\/\",\"name\":\"El Digital de Asturias - Diario de actualidad y noticias\",\"alternateName\":\"El Digital de Asturias - Diario de actualidad y noticias\",\"description\":\"Hemeroteca\",\"inLanguage\":\"es-ES\",\"publisher\":{\"@id\":\"https:\\\/\\\/www.eldigitaldeasturias.com\\\/noticias\\\/#organization\"}}]}\n\t\t<\/script>\n\t\t<!-- All in One SEO Pro -->\r\n\t\t<title>Crisis y esc\u00e1ndalos en la Academia Sueca de los Premio Nobel - El Digital de Asturias<\/title>\n\n","aioseo_head_json":{"title":"Crisis y esc\u00e1ndalos en la Academia Sueca de los Premio Nobel - El Digital de Asturias","description":"Estocolmo, 29 abr (dpa) - Esc\u00e1ndalos por filtraci\u00f3n, corrupci\u00f3n y acoso sexual est\u00e1n diezmando de forma imparable el jurado de la Academia Sueca que concede el premio Nobel de Literatura, una sangr\u00eda que continu\u00f3 este fin de semana con una nueva renuncia y que no ha logrado frenar ni siquiera la intervenci\u00f3n del rey del","canonical_url":"https:\/\/www.eldigitaldeasturias.com\/noticias\/crisis-y-escandalos-en-la-academia-sueca-de-los-premio-nobel\/","robots":"max-image-preview:large","keywords":"actualidad","webmasterTools":{"google-site-verification":"UA-38556648-1","msvalidate.01":"7dfe9f3f1b24437ab69f4f2559babe99","miscellaneous":""},"schema":{"@context":"https:\/\/schema.org","@graph":[{"@type":"BlogPosting","@id":"https:\/\/www.eldigitaldeasturias.com\/noticias\/crisis-y-escandalos-en-la-academia-sueca-de-los-premio-nobel\/#blogposting","name":"Crisis y esc\u00e1ndalos en la Academia Sueca de los Premio Nobel - El Digital de Asturias","headline":"Crisis y esc\u00e1ndalos en la Academia Sueca de los Premio Nobel","author":{"@id":"https:\/\/www.eldigitaldeasturias.com\/noticias\/author\/admin\/#author"},"publisher":{"@id":"https:\/\/www.eldigitaldeasturias.com\/noticias\/#organization"},"image":{"@type":"ImageObject","url":978222},"datePublished":"2018-04-30T00:05:14+02:00","dateModified":"2018-04-30T00:05:14+02:00","inLanguage":"es-ES","mainEntityOfPage":{"@id":"https:\/\/www.eldigitaldeasturias.com\/noticias\/crisis-y-escandalos-en-la-academia-sueca-de-los-premio-nobel\/#webpage"},"isPartOf":{"@id":"https:\/\/www.eldigitaldeasturias.com\/noticias\/crisis-y-escandalos-en-la-academia-sueca-de-los-premio-nobel\/#webpage"},"articleSection":"Actualidad"},{"@type":"BreadcrumbList","@id":"https:\/\/www.eldigitaldeasturias.com\/noticias\/crisis-y-escandalos-en-la-academia-sueca-de-los-premio-nobel\/#breadcrumblist","itemListElement":[{"@type":"ListItem","@id":"https:\/\/www.eldigitaldeasturias.com\/noticias#listItem","position":1,"name":"Home","item":"https:\/\/www.eldigitaldeasturias.com\/noticias","nextItem":{"@type":"ListItem","@id":"https:\/\/www.eldigitaldeasturias.com\/noticias\/category\/actualidad\/#listItem","name":"Actualidad"}},{"@type":"ListItem","@id":"https:\/\/www.eldigitaldeasturias.com\/noticias\/category\/actualidad\/#listItem","position":2,"name":"Actualidad","item":"https:\/\/www.eldigitaldeasturias.com\/noticias\/category\/actualidad\/","nextItem":{"@type":"ListItem","@id":"https:\/\/www.eldigitaldeasturias.com\/noticias\/crisis-y-escandalos-en-la-academia-sueca-de-los-premio-nobel\/#listItem","name":"Crisis y esc\u00e1ndalos en la Academia Sueca de los Premio Nobel"},"previousItem":{"@type":"ListItem","@id":"https:\/\/www.eldigitaldeasturias.com\/noticias#listItem","name":"Home"}},{"@type":"ListItem","@id":"https:\/\/www.eldigitaldeasturias.com\/noticias\/crisis-y-escandalos-en-la-academia-sueca-de-los-premio-nobel\/#listItem","position":3,"name":"Crisis y esc\u00e1ndalos en la Academia Sueca de los Premio Nobel","previousItem":{"@type":"ListItem","@id":"https:\/\/www.eldigitaldeasturias.com\/noticias\/category\/actualidad\/#listItem","name":"Actualidad"}}]},{"@type":"Organization","@id":"https:\/\/www.eldigitaldeasturias.com\/noticias\/#organization","name":"El Digital de Asturias","description":"Hemeroteca","url":"https:\/\/www.eldigitaldeasturias.com\/noticias\/","email":"info@eldigitaldeasturias.com","telephone":"+34652131393","logo":{"@type":"ImageObject","url":"https:\/\/www.eldigitaldeasturias.com\/noticias\/wp-content\/uploads\/2020\/12\/EDA.jpg","@id":"https:\/\/www.eldigitaldeasturias.com\/noticias\/crisis-y-escandalos-en-la-academia-sueca-de-los-premio-nobel\/#organizationLogo"},"image":{"@id":"https:\/\/www.eldigitaldeasturias.com\/noticias\/crisis-y-escandalos-en-la-academia-sueca-de-los-premio-nobel\/#organizationLogo"},"sameAs":["https:\/\/facebook.com\/eldigitaldeasturias","https:\/\/www.youtube.com\/channel\/UCZP-2wLEB9Rv6erhFmqVnvg"],"address":{"@id":"https:\/\/www.eldigitaldeasturias.com\/noticias\/#postaladdress","@type":"PostalAddress","streetAddress":"san antonio 4","postalCode":"33430","addressLocality":"Cand\u00e1s","addressRegion":"Asturias","addressCountry":"ES"}},{"@type":"Person","@id":"https:\/\/www.eldigitaldeasturias.com\/noticias\/author\/admin\/#author","url":"https:\/\/www.eldigitaldeasturias.com\/noticias\/author\/admin\/","name":"El Digital de Asturias","image":{"@type":"ImageObject","@id":"https:\/\/www.eldigitaldeasturias.com\/noticias\/crisis-y-escandalos-en-la-academia-sueca-de-los-premio-nobel\/#authorImage","url":"https:\/\/secure.gravatar.com\/avatar\/df2aeffc32bcd13f8d26072ef8a91b623d677766deac7f97ca815868cd41bf5e?s=96&d=mm&r=g","width":96,"height":96,"caption":"El Digital de Asturias"}},{"@type":"WebPage","@id":"https:\/\/www.eldigitaldeasturias.com\/noticias\/crisis-y-escandalos-en-la-academia-sueca-de-los-premio-nobel\/#webpage","url":"https:\/\/www.eldigitaldeasturias.com\/noticias\/crisis-y-escandalos-en-la-academia-sueca-de-los-premio-nobel\/","name":"Crisis y esc\u00e1ndalos en la Academia Sueca de los Premio Nobel - El Digital de Asturias","description":"Estocolmo, 29 abr (dpa) - Esc\u00e1ndalos por filtraci\u00f3n, corrupci\u00f3n y acoso sexual est\u00e1n diezmando de forma imparable el jurado de la Academia Sueca que concede el premio Nobel de Literatura, una sangr\u00eda que continu\u00f3 este fin de semana con una nueva renuncia y que no ha logrado frenar ni siquiera la intervenci\u00f3n del rey del","inLanguage":"es-ES","isPartOf":{"@id":"https:\/\/www.eldigitaldeasturias.com\/noticias\/#website"},"breadcrumb":{"@id":"https:\/\/www.eldigitaldeasturias.com\/noticias\/crisis-y-escandalos-en-la-academia-sueca-de-los-premio-nobel\/#breadcrumblist"},"author":{"@id":"https:\/\/www.eldigitaldeasturias.com\/noticias\/author\/admin\/#author"},"creator":{"@id":"https:\/\/www.eldigitaldeasturias.com\/noticias\/author\/admin\/#author"},"image":{"@type":"ImageObject","url":978222,"@id":"https:\/\/www.eldigitaldeasturias.com\/noticias\/crisis-y-escandalos-en-la-academia-sueca-de-los-premio-nobel\/#mainImage"},"primaryImageOfPage":{"@id":"https:\/\/www.eldigitaldeasturias.com\/noticias\/crisis-y-escandalos-en-la-academia-sueca-de-los-premio-nobel\/#mainImage"},"datePublished":"2018-04-30T00:05:14+02:00","dateModified":"2018-04-30T00:05:14+02:00"},{"@type":"WebSite","@id":"https:\/\/www.eldigitaldeasturias.com\/noticias\/#website","url":"https:\/\/www.eldigitaldeasturias.com\/noticias\/","name":"El Digital de Asturias - Diario de actualidad y noticias","alternateName":"El Digital de Asturias - Diario de actualidad y noticias","description":"Hemeroteca","inLanguage":"es-ES","publisher":{"@id":"https:\/\/www.eldigitaldeasturias.com\/noticias\/#organization"}}]},"og:locale":"es_ES","og:site_name":"El Digital de Asturias","og:type":"article","og:title":"Crisis y esc\u00e1ndalos en la Academia Sueca de los Premio Nobel - El Digital de Asturias","og:description":"Estocolmo, 29 abr (dpa) - Esc\u00e1ndalos por filtraci\u00f3n, corrupci\u00f3n y acoso sexual est\u00e1n diezmando de forma imparable el jurado de la Academia Sueca que concede el premio Nobel de Literatura, una sangr\u00eda que continu\u00f3 este fin de semana con una nueva renuncia y que no ha logrado frenar ni siquiera la intervenci\u00f3n del rey del","og:url":"https:\/\/www.eldigitaldeasturias.com\/noticias\/crisis-y-escandalos-en-la-academia-sueca-de-los-premio-nobel\/","article:tag":["actualidad"],"article:published_time":"2018-04-30T00:05:14+00:00","article:modified_time":"2018-04-30T00:05:14+00:00","article:publisher":"https:\/\/facebook.com\/eldigitaldeasturias","twitter:card":"summary_large_image","twitter:title":"Crisis y esc\u00e1ndalos en la Academia Sueca de los Premio Nobel - El Digital de Asturias","twitter:description":"Estocolmo, 29 abr (dpa) - Esc\u00e1ndalos por filtraci\u00f3n, corrupci\u00f3n y acoso sexual est\u00e1n diezmando de forma imparable el jurado de la Academia Sueca que concede el premio Nobel de Literatura, una sangr\u00eda que continu\u00f3 este fin de semana con una nueva renuncia y que no ha logrado frenar ni siquiera la intervenci\u00f3n del rey del","twitter:image":"https:\/\/www.eldigitaldeasturias.com\/noticias\/wp-content\/uploads\/2020\/12\/EDA-1.jpg","twitter:label1":"Escrito por","twitter:data1":"El Digital de Asturias","twitter:label2":"Tiempo de lectura estimado","twitter:data2":"3 minutos"},"aioseo_meta_data":{"post_id":"978221","title":null,"description":null,"keywords":null,"keyphrases":null,"primary_term":null,"canonical_url":null,"og_title":null,"og_description":null,"og_object_type":"default","og_image_type":"default","og_image_url":null,"og_image_width":null,"og_image_height":null,"og_image_custom_url":null,"og_image_custom_fields":null,"og_video":null,"og_custom_url":null,"og_article_section":null,"og_article_tags":null,"twitter_use_og":false,"twitter_card":"default","twitter_image_type":"default","twitter_image_url":null,"twitter_image_custom_url":null,"twitter_image_custom_fields":null,"twitter_title":null,"twitter_description":null,"schema":{"blockGraphs":[],"customGraphs":[],"default":{"data":{"Article":[],"Course":[],"Dataset":[],"FAQPage":[],"Movie":[],"Person":[],"Product":[],"ProductReview":[],"Car":[],"Recipe":[],"Service":[],"SoftwareApplication":[],"WebPage":[]},"graphName":"","isEnabled":true},"graphs":[],"defaultGraph":"","defaultPostTypeGraph":""},"schema_type":null,"schema_type_options":null,"pillar_content":false,"robots_default":true,"robots_noindex":false,"robots_noarchive":false,"robots_nosnippet":false,"robots_nofollow":false,"robots_noimageindex":false,"robots_noodp":false,"robots_notranslate":false,"robots_max_snippet":null,"robots_max_videopreview":null,"robots_max_imagepreview":"large","priority":null,"frequency":null,"local_seo":null,"seo_analyzer_scan_date":"2025-10-08 10:05:01","breadcrumb_settings":null,"limit_modified_date":false,"open_ai":null,"ai":null,"created":"2020-12-21 12:03:39","updated":"2025-10-08 10:05:01","focus_keyword":null,"additional_keywords":null,"truseo_locale":null},"aioseo_breadcrumb":"<div class=\"aioseo-breadcrumbs\"><span class=\"aioseo-breadcrumb\">\n\t<a href=\"https:\/\/www.eldigitaldeasturias.com\/noticias\" title=\"Home\">Home<\/a>\n<\/span><span class=\"aioseo-breadcrumb-separator\">\u2013<\/span><span class=\"aioseo-breadcrumb\">\n\t<a href=\"https:\/\/www.eldigitaldeasturias.com\/noticias\/category\/actualidad\/\" title=\"Actualidad\">Actualidad<\/a>\n<\/span><span class=\"aioseo-breadcrumb-separator\">\u2013<\/span><span class=\"aioseo-breadcrumb\">\n\t<a href=\"https:\/\/www.eldigitaldeasturias.com\/noticias\/crisis-y-escandalos-en-la-academia-sueca-de-los-premio-nobel\/\" title=\"Crisis y esc\u00e1ndalos en la Academia Sueca de los Premio Nobel\">Crisis y esc\u00e1ndalos en la Academia Sueca de los Premio Nobel<\/a>\n<\/span><\/div>","aioseo_breadcrumb_json":[{"label":"Home","link":"https:\/\/www.eldigitaldeasturias.com\/noticias"},{"label":"Actualidad","link":"https:\/\/www.eldigitaldeasturias.com\/noticias\/category\/actualidad\/"},{"label":"Crisis y esc\u00e1ndalos en la Academia Sueca de los Premio Nobel","link":"https:\/\/www.eldigitaldeasturias.com\/noticias\/crisis-y-escandalos-en-la-academia-sueca-de-los-premio-nobel\/"}],"_links":{"self":[{"href":"https:\/\/www.eldigitaldeasturias.com\/noticias\/wp-json\/wp\/v2\/posts\/978221","targetHints":{"allow":["GET"]}}],"collection":[{"href":"https:\/\/www.eldigitaldeasturias.com\/noticias\/wp-json\/wp\/v2\/posts"}],"about":[{"href":"https:\/\/www.eldigitaldeasturias.com\/noticias\/wp-json\/wp\/v2\/types\/post"}],"author":[{"embeddable":true,"href":"https:\/\/www.eldigitaldeasturias.com\/noticias\/wp-json\/wp\/v2\/users\/1"}],"replies":[{"embeddable":true,"href":"https:\/\/www.eldigitaldeasturias.com\/noticias\/wp-json\/wp\/v2\/comments?post=978221"}],"version-history":[{"count":0,"href":"https:\/\/www.eldigitaldeasturias.com\/noticias\/wp-json\/wp\/v2\/posts\/978221\/revisions"}],"wp:attachment":[{"href":"https:\/\/www.eldigitaldeasturias.com\/noticias\/wp-json\/wp\/v2\/media?parent=978221"}],"wp:term":[{"taxonomy":"category","embeddable":true,"href":"https:\/\/www.eldigitaldeasturias.com\/noticias\/wp-json\/wp\/v2\/categories?post=978221"},{"taxonomy":"post_tag","embeddable":true,"href":"https:\/\/www.eldigitaldeasturias.com\/noticias\/wp-json\/wp\/v2\/tags?post=978221"}],"curies":[{"name":"wp","href":"https:\/\/api.w.org\/{rel}","templated":true}]}}