{"id":978198,"date":"2018-04-29T21:02:02","date_gmt":"2018-04-29T21:02:02","guid":{"rendered":"http:\/\/www.eldigitaldeasturias.com\/noticias\/?p=978198"},"modified":"2018-04-29T21:02:02","modified_gmt":"2018-04-29T21:02:02","slug":"aragon-celebra-el-dia-internacional-de-la-danza","status":"publish","type":"post","link":"https:\/\/www.eldigitaldeasturias.com\/noticias\/aragon-celebra-el-dia-internacional-de-la-danza\/","title":{"rendered":"Arag\u00f3n celebra el D\u00eda Internacional de la Danza"},"content":{"rendered":"<p><img loading=\"lazy\" decoding=\"async\" class=\"alignleft size-medium wp-image-978199\" src=\"https:\/\/www.eldigitaldeasturias.com\/noticias\/wp-content\/uploads\/2018\/04\/IMG-20180429-360x159.jpg\" alt=\"\" width=\"360\" height=\"159\" \/>Con motivo del D\u00eda Internacional de la Danza, el Gobierno de Arag\u00f3n ha preparado dos actos con la Compa\u00f1\u00eda Aragonesa de Danza, compuesta por la compa\u00f1\u00eda de Miguel \u00c1ngel Berna y LaMov \u2013de V\u00edctor Jim\u00e9nez&#8211; con el objetivo de atraer la atenci\u00f3n de diferentes p\u00fablicos a esta disciplina, y celebrar espect\u00e1culos o talleres que han dise\u00f1ado para la ocasi\u00f3n para dar difusi\u00f3n a la danza.<\/p>\n<p>Hoy domingo, unas 200 personas han disfrutado del espect\u00e1culo de la compa\u00f1\u00eda LaMov en el IAACC Pablo Serrano. Despu\u00e9s, se ha acompa\u00f1ado en la terraza de un verm\u00fa elaborado por el Quema. El director general de Cultura y Patrimonio, Nacho Escu\u00edn, ha asistido a la celebraci\u00f3n y ha recordado que \u201cdentro de la pol\u00edtica del Gobierno de Arag\u00f3n de fomento de todas las artes, tambi\u00e9n est\u00e1 la danza\u201d. Y ha a\u00f1adido: \u201cCreo que estos actos generan much\u00edsima emoci\u00f3n y hemos podido ver a much\u00edsima gente joven disfrutantado. Este es el camino para que haya m\u00e1s p\u00fablico, m\u00e1s renovado y que se generen nuevos h\u00e1bitos culturales\u201d.<\/p>\n<p>El viernes 27 de abril, por la tarde, tuvo lugar tambi\u00e9n un taller de danza impartido por la Compa\u00f1\u00eda de Miguel Angel Berna, con los ni\u00f1os del Centro de Tiempo Libre Aspanoa. Se desarroll\u00f3 en la sala acristalada del IAACC Pablo Serrano con ni\u00f1os de todas las edades.<\/p>\n<p>La Compa\u00f1\u00eda Aragonesa de Danza, formada por la Compa\u00f1\u00eda de Miguel \u00c1ngel Berna, y LaMov, de V\u00edctor Jim\u00e9nez, realiza los ensayos hace meses en la que es su residencia, el IAACC Pablo Serrano. La iniciativa de crear esta comp\u00f1a\u00eda parti\u00f3 del Departamento de Educaci\u00f3n, Cultura y Deporte, en su intento constante de apoyar a los creadores y a las industrias culturales aragonesas, en todos los sectores art\u00edsticos, y que consider\u00f3 primordial comenzar nuevas iniciativas dirigidas al impulso de la danza en la Comunidad. Por eso hoy el Gobierno de Arag\u00f3n se suma a este d\u00eda internacional, para que todos los aragoneses puedan conocer el trabajado de estos artistas y bailarines. De hecho, el Departamento de Educaci\u00f3n, Cultura y Deporte ha programado ensayos abiertos al p\u00fablico para ver en primera persona el proceso de formaci\u00f3n de ideas y de ensayo de estas compa\u00f1\u00edas.<\/p>\n<p><strong>D\u00eda Internacional de la Danza<\/strong><\/p>\n<p>Cada a\u00f1o desde 1982 se celebra el D\u00eda Internacional de la Danza el 29 de abril, como una forma de atraer la atenci\u00f3n sobre el arte de la danza. Tambi\u00e9n se busca reunir a todos aquellos que han elegido la danza como medio de expresi\u00f3n para que, traspasando las barreras culturales, pol\u00edticas y \u00e9tnicas, celebren la danza y su diversidad.<\/p>\n<p>Para celebrar la danza, se eligi\u00f3 el 29 de abril, por ser el natalicio de Jean-Georges Noverre, innovador y estudioso de este arte, maestro y creador del ballet moderno. Ese d\u00eda las compa\u00f1\u00edas y escuelas de danza, organizaciones y particulares, llevan a cabo actividades dirigidas a una audiencia fuera de su \u00e1mbito habitual. Es un d\u00eda de fiesta que celebran todos los pa\u00edses del mundo con espect\u00e1culos especialmente dedicados a la danza a trav\u00e9s de: clases abiertas, ensayos al aire libre, conferencias, exposiciones, publicaciones en diarios y revistas, bailes populares, programas en radio y TV, espect\u00e1culos callejeros, entre otros.<\/p>\n","protected":false},"excerpt":{"rendered":"<p>Con motivo del D\u00eda Internacional de la Danza, el Gobierno de Arag\u00f3n ha preparado dos actos con la Compa\u00f1\u00eda Aragonesa de Danza, compuesta por la compa\u00f1\u00eda de Miguel \u00c1ngel Berna y LaMov \u2013de V\u00edctor Jim\u00e9nez&#8211; con el objetivo de atraer la atenci\u00f3n de diferentes p\u00fablicos a esta disciplina, y celebrar espect\u00e1culos o talleres que han [&hellip;]<\/p>\n","protected":false},"author":1,"featured_media":978199,"comment_status":"closed","ping_status":"closed","sticky":false,"template":"","format":"standard","meta":{"footnotes":""},"categories":[1],"tags":[],"class_list":["post-978198","post","type-post","status-publish","format-standard","has-post-thumbnail","hentry","category-actualidad"],"aioseo_notices":[],"aioseo_head":"\n\t\t<!-- All in One SEO Pro 5.0.1 - aioseo.com -->\n\t<meta name=\"description\" content=\"Con motivo del D\u00eda Internacional de la Danza, el Gobierno de Arag\u00f3n ha preparado dos actos con la Compa\u00f1\u00eda Aragonesa de Danza, compuesta por la compa\u00f1\u00eda de Miguel \u00c1ngel Berna y LaMov \u2013de V\u00edctor Jim\u00e9nez-- con el objetivo de atraer la atenci\u00f3n de diferentes p\u00fablicos a esta disciplina, y celebrar espect\u00e1culos o talleres que han\" \/>\n\t<meta name=\"robots\" content=\"max-image-preview:large\" \/>\n\t<meta name=\"author\" content=\"El Digital de Asturias\"\/>\n\t<meta name=\"google-site-verification\" content=\"UA-38556648-1\" \/>\n\t<meta name=\"msvalidate.01\" content=\"7dfe9f3f1b24437ab69f4f2559babe99\" \/>\n\t<meta name=\"keywords\" content=\"actualidad\" \/>\n\t<link rel=\"canonical\" href=\"https:\/\/www.eldigitaldeasturias.com\/noticias\/aragon-celebra-el-dia-internacional-de-la-danza\/\" \/>\n\t<meta name=\"generator\" content=\"All in One SEO Pro (AIOSEO) 5.0.1\" \/>\n\t\t<meta property=\"og:locale\" content=\"es_ES\" \/>\n\t\t<meta property=\"og:site_name\" content=\"El Digital de Asturias\" \/>\n\t\t<meta property=\"og:type\" content=\"article\" \/>\n\t\t<meta property=\"og:title\" content=\"Arag\u00f3n celebra el D\u00eda Internacional de la Danza - El Digital de Asturias\" \/>\n\t\t<meta property=\"og:description\" content=\"Con motivo del D\u00eda Internacional de la Danza, el Gobierno de Arag\u00f3n ha preparado dos actos con la Compa\u00f1\u00eda Aragonesa de Danza, compuesta por la compa\u00f1\u00eda de Miguel \u00c1ngel Berna y LaMov \u2013de V\u00edctor Jim\u00e9nez-- con el objetivo de atraer la atenci\u00f3n de diferentes p\u00fablicos a esta disciplina, y celebrar espect\u00e1culos o talleres que han\" \/>\n\t\t<meta property=\"og:url\" content=\"https:\/\/www.eldigitaldeasturias.com\/noticias\/aragon-celebra-el-dia-internacional-de-la-danza\/\" \/>\n\t\t<meta property=\"article:tag\" content=\"actualidad\" \/>\n\t\t<meta property=\"article:published_time\" content=\"2018-04-29T21:02:02+00:00\" \/>\n\t\t<meta property=\"article:modified_time\" content=\"2018-04-29T21:02:02+00:00\" \/>\n\t\t<meta property=\"article:publisher\" content=\"https:\/\/facebook.com\/eldigitaldeasturias\" \/>\n\t\t<meta name=\"twitter:card\" content=\"summary_large_image\" \/>\n\t\t<meta name=\"twitter:title\" content=\"Arag\u00f3n celebra el D\u00eda Internacional de la Danza - El Digital de Asturias\" \/>\n\t\t<meta name=\"twitter:description\" content=\"Con motivo del D\u00eda Internacional de la Danza, el Gobierno de Arag\u00f3n ha preparado dos actos con la Compa\u00f1\u00eda Aragonesa de Danza, compuesta por la compa\u00f1\u00eda de Miguel \u00c1ngel Berna y LaMov \u2013de V\u00edctor Jim\u00e9nez-- con el objetivo de atraer la atenci\u00f3n de diferentes p\u00fablicos a esta disciplina, y celebrar espect\u00e1culos o talleres que han\" \/>\n\t\t<meta name=\"twitter:image\" content=\"https:\/\/www.eldigitaldeasturias.com\/noticias\/wp-content\/uploads\/2020\/12\/EDA-1.jpg\" \/>\n\t\t<meta name=\"twitter:label1\" content=\"Escrito por\" \/>\n\t\t<meta name=\"twitter:data1\" content=\"El Digital de Asturias\" \/>\n\t\t<meta name=\"twitter:label2\" content=\"Tiempo de lectura estimado\" \/>\n\t\t<meta name=\"twitter:data2\" content=\"3 minutos\" \/>\n\t\t<script type=\"application\/ld+json\" class=\"aioseo-schema\">\n\t\t\t{\"@context\":\"https:\\\/\\\/schema.org\",\"@graph\":[{\"@type\":\"BlogPosting\",\"@id\":\"https:\\\/\\\/www.eldigitaldeasturias.com\\\/noticias\\\/aragon-celebra-el-dia-internacional-de-la-danza\\\/#blogposting\",\"name\":\"Arag\\u00f3n celebra el D\\u00eda Internacional de la Danza - El Digital de Asturias\",\"headline\":\"Arag\\u00f3n celebra el D\\u00eda Internacional de la Danza\",\"author\":{\"@id\":\"https:\\\/\\\/www.eldigitaldeasturias.com\\\/noticias\\\/author\\\/admin\\\/#author\"},\"publisher\":{\"@id\":\"https:\\\/\\\/www.eldigitaldeasturias.com\\\/noticias\\\/#organization\"},\"image\":{\"@type\":\"ImageObject\",\"url\":978199},\"datePublished\":\"2018-04-29T21:02:02+02:00\",\"dateModified\":\"2018-04-29T21:02:02+02:00\",\"inLanguage\":\"es-ES\",\"mainEntityOfPage\":{\"@id\":\"https:\\\/\\\/www.eldigitaldeasturias.com\\\/noticias\\\/aragon-celebra-el-dia-internacional-de-la-danza\\\/#webpage\"},\"isPartOf\":{\"@id\":\"https:\\\/\\\/www.eldigitaldeasturias.com\\\/noticias\\\/aragon-celebra-el-dia-internacional-de-la-danza\\\/#webpage\"},\"articleSection\":\"Actualidad\"},{\"@type\":\"BreadcrumbList\",\"@id\":\"https:\\\/\\\/www.eldigitaldeasturias.com\\\/noticias\\\/aragon-celebra-el-dia-internacional-de-la-danza\\\/#breadcrumblist\",\"itemListElement\":[{\"@type\":\"ListItem\",\"@id\":\"https:\\\/\\\/www.eldigitaldeasturias.com\\\/noticias#listItem\",\"position\":1,\"name\":\"Home\",\"item\":\"https:\\\/\\\/www.eldigitaldeasturias.com\\\/noticias\",\"nextItem\":{\"@type\":\"ListItem\",\"@id\":\"https:\\\/\\\/www.eldigitaldeasturias.com\\\/noticias\\\/category\\\/actualidad\\\/#listItem\",\"name\":\"Actualidad\"}},{\"@type\":\"ListItem\",\"@id\":\"https:\\\/\\\/www.eldigitaldeasturias.com\\\/noticias\\\/category\\\/actualidad\\\/#listItem\",\"position\":2,\"name\":\"Actualidad\",\"item\":\"https:\\\/\\\/www.eldigitaldeasturias.com\\\/noticias\\\/category\\\/actualidad\\\/\",\"nextItem\":{\"@type\":\"ListItem\",\"@id\":\"https:\\\/\\\/www.eldigitaldeasturias.com\\\/noticias\\\/aragon-celebra-el-dia-internacional-de-la-danza\\\/#listItem\",\"name\":\"Arag\\u00f3n celebra el D\\u00eda Internacional de la Danza\"},\"previousItem\":{\"@type\":\"ListItem\",\"@id\":\"https:\\\/\\\/www.eldigitaldeasturias.com\\\/noticias#listItem\",\"name\":\"Home\"}},{\"@type\":\"ListItem\",\"@id\":\"https:\\\/\\\/www.eldigitaldeasturias.com\\\/noticias\\\/aragon-celebra-el-dia-internacional-de-la-danza\\\/#listItem\",\"position\":3,\"name\":\"Arag\\u00f3n celebra el D\\u00eda Internacional de la Danza\",\"previousItem\":{\"@type\":\"ListItem\",\"@id\":\"https:\\\/\\\/www.eldigitaldeasturias.com\\\/noticias\\\/category\\\/actualidad\\\/#listItem\",\"name\":\"Actualidad\"}}]},{\"@type\":\"Organization\",\"@id\":\"https:\\\/\\\/www.eldigitaldeasturias.com\\\/noticias\\\/#organization\",\"name\":\"El Digital de Asturias\",\"description\":\"Hemeroteca\",\"url\":\"https:\\\/\\\/www.eldigitaldeasturias.com\\\/noticias\\\/\",\"email\":\"info@eldigitaldeasturias.com\",\"telephone\":\"+34652131393\",\"logo\":{\"@type\":\"ImageObject\",\"url\":\"https:\\\/\\\/www.eldigitaldeasturias.com\\\/noticias\\\/wp-content\\\/uploads\\\/2020\\\/12\\\/EDA.jpg\",\"@id\":\"https:\\\/\\\/www.eldigitaldeasturias.com\\\/noticias\\\/aragon-celebra-el-dia-internacional-de-la-danza\\\/#organizationLogo\"},\"image\":{\"@id\":\"https:\\\/\\\/www.eldigitaldeasturias.com\\\/noticias\\\/aragon-celebra-el-dia-internacional-de-la-danza\\\/#organizationLogo\"},\"sameAs\":[\"https:\\\/\\\/facebook.com\\\/eldigitaldeasturias\",\"https:\\\/\\\/www.youtube.com\\\/channel\\\/UCZP-2wLEB9Rv6erhFmqVnvg\"],\"address\":{\"@id\":\"https:\\\/\\\/www.eldigitaldeasturias.com\\\/noticias\\\/#postaladdress\",\"@type\":\"PostalAddress\",\"streetAddress\":\"san antonio 4\",\"postalCode\":\"33430\",\"addressLocality\":\"Cand\\u00e1s\",\"addressRegion\":\"Asturias\",\"addressCountry\":\"ES\"}},{\"@type\":\"Person\",\"@id\":\"https:\\\/\\\/www.eldigitaldeasturias.com\\\/noticias\\\/author\\\/admin\\\/#author\",\"url\":\"https:\\\/\\\/www.eldigitaldeasturias.com\\\/noticias\\\/author\\\/admin\\\/\",\"name\":\"El Digital de Asturias\",\"image\":{\"@type\":\"ImageObject\",\"@id\":\"https:\\\/\\\/www.eldigitaldeasturias.com\\\/noticias\\\/aragon-celebra-el-dia-internacional-de-la-danza\\\/#authorImage\",\"url\":\"https:\\\/\\\/secure.gravatar.com\\\/avatar\\\/df2aeffc32bcd13f8d26072ef8a91b623d677766deac7f97ca815868cd41bf5e?s=96&d=mm&r=g\",\"width\":96,\"height\":96,\"caption\":\"El Digital de Asturias\"}},{\"@type\":\"WebPage\",\"@id\":\"https:\\\/\\\/www.eldigitaldeasturias.com\\\/noticias\\\/aragon-celebra-el-dia-internacional-de-la-danza\\\/#webpage\",\"url\":\"https:\\\/\\\/www.eldigitaldeasturias.com\\\/noticias\\\/aragon-celebra-el-dia-internacional-de-la-danza\\\/\",\"name\":\"Arag\\u00f3n celebra el D\\u00eda Internacional de la Danza - El Digital de Asturias\",\"description\":\"Con motivo del D\\u00eda Internacional de la Danza, el Gobierno de Arag\\u00f3n ha preparado dos actos con la Compa\\u00f1\\u00eda Aragonesa de Danza, compuesta por la compa\\u00f1\\u00eda de Miguel \\u00c1ngel Berna y LaMov \\u2013de V\\u00edctor Jim\\u00e9nez-- con el objetivo de atraer la atenci\\u00f3n de diferentes p\\u00fablicos a esta disciplina, y celebrar espect\\u00e1culos o talleres que han\",\"inLanguage\":\"es-ES\",\"isPartOf\":{\"@id\":\"https:\\\/\\\/www.eldigitaldeasturias.com\\\/noticias\\\/#website\"},\"breadcrumb\":{\"@id\":\"https:\\\/\\\/www.eldigitaldeasturias.com\\\/noticias\\\/aragon-celebra-el-dia-internacional-de-la-danza\\\/#breadcrumblist\"},\"author\":{\"@id\":\"https:\\\/\\\/www.eldigitaldeasturias.com\\\/noticias\\\/author\\\/admin\\\/#author\"},\"creator\":{\"@id\":\"https:\\\/\\\/www.eldigitaldeasturias.com\\\/noticias\\\/author\\\/admin\\\/#author\"},\"image\":{\"@type\":\"ImageObject\",\"url\":978199,\"@id\":\"https:\\\/\\\/www.eldigitaldeasturias.com\\\/noticias\\\/aragon-celebra-el-dia-internacional-de-la-danza\\\/#mainImage\"},\"primaryImageOfPage\":{\"@id\":\"https:\\\/\\\/www.eldigitaldeasturias.com\\\/noticias\\\/aragon-celebra-el-dia-internacional-de-la-danza\\\/#mainImage\"},\"datePublished\":\"2018-04-29T21:02:02+02:00\",\"dateModified\":\"2018-04-29T21:02:02+02:00\"},{\"@type\":\"WebSite\",\"@id\":\"https:\\\/\\\/www.eldigitaldeasturias.com\\\/noticias\\\/#website\",\"url\":\"https:\\\/\\\/www.eldigitaldeasturias.com\\\/noticias\\\/\",\"name\":\"El Digital de Asturias - Diario de actualidad y noticias\",\"alternateName\":\"El Digital de Asturias - Diario de actualidad y noticias\",\"description\":\"Hemeroteca\",\"inLanguage\":\"es-ES\",\"publisher\":{\"@id\":\"https:\\\/\\\/www.eldigitaldeasturias.com\\\/noticias\\\/#organization\"}}]}\n\t\t<\/script>\n\t\t<!-- All in One SEO Pro -->\r\n\t\t<title>Arag\u00f3n celebra el D\u00eda Internacional de la Danza - El Digital de Asturias<\/title>\n\n","aioseo_head_json":{"title":"Arag\u00f3n celebra el D\u00eda Internacional de la Danza - El Digital de Asturias","description":"Con motivo del D\u00eda Internacional de la Danza, el Gobierno de Arag\u00f3n ha preparado dos actos con la Compa\u00f1\u00eda Aragonesa de Danza, compuesta por la compa\u00f1\u00eda de Miguel \u00c1ngel Berna y LaMov \u2013de V\u00edctor Jim\u00e9nez-- con el objetivo de atraer la atenci\u00f3n de diferentes p\u00fablicos a esta disciplina, y celebrar espect\u00e1culos o talleres que han","canonical_url":"https:\/\/www.eldigitaldeasturias.com\/noticias\/aragon-celebra-el-dia-internacional-de-la-danza\/","robots":"max-image-preview:large","keywords":"actualidad","webmasterTools":{"google-site-verification":"UA-38556648-1","msvalidate.01":"7dfe9f3f1b24437ab69f4f2559babe99","miscellaneous":""},"schema":{"@context":"https:\/\/schema.org","@graph":[{"@type":"BlogPosting","@id":"https:\/\/www.eldigitaldeasturias.com\/noticias\/aragon-celebra-el-dia-internacional-de-la-danza\/#blogposting","name":"Arag\u00f3n celebra el D\u00eda Internacional de la Danza - El Digital de Asturias","headline":"Arag\u00f3n celebra el D\u00eda Internacional de la Danza","author":{"@id":"https:\/\/www.eldigitaldeasturias.com\/noticias\/author\/admin\/#author"},"publisher":{"@id":"https:\/\/www.eldigitaldeasturias.com\/noticias\/#organization"},"image":{"@type":"ImageObject","url":978199},"datePublished":"2018-04-29T21:02:02+02:00","dateModified":"2018-04-29T21:02:02+02:00","inLanguage":"es-ES","mainEntityOfPage":{"@id":"https:\/\/www.eldigitaldeasturias.com\/noticias\/aragon-celebra-el-dia-internacional-de-la-danza\/#webpage"},"isPartOf":{"@id":"https:\/\/www.eldigitaldeasturias.com\/noticias\/aragon-celebra-el-dia-internacional-de-la-danza\/#webpage"},"articleSection":"Actualidad"},{"@type":"BreadcrumbList","@id":"https:\/\/www.eldigitaldeasturias.com\/noticias\/aragon-celebra-el-dia-internacional-de-la-danza\/#breadcrumblist","itemListElement":[{"@type":"ListItem","@id":"https:\/\/www.eldigitaldeasturias.com\/noticias#listItem","position":1,"name":"Home","item":"https:\/\/www.eldigitaldeasturias.com\/noticias","nextItem":{"@type":"ListItem","@id":"https:\/\/www.eldigitaldeasturias.com\/noticias\/category\/actualidad\/#listItem","name":"Actualidad"}},{"@type":"ListItem","@id":"https:\/\/www.eldigitaldeasturias.com\/noticias\/category\/actualidad\/#listItem","position":2,"name":"Actualidad","item":"https:\/\/www.eldigitaldeasturias.com\/noticias\/category\/actualidad\/","nextItem":{"@type":"ListItem","@id":"https:\/\/www.eldigitaldeasturias.com\/noticias\/aragon-celebra-el-dia-internacional-de-la-danza\/#listItem","name":"Arag\u00f3n celebra el D\u00eda Internacional de la Danza"},"previousItem":{"@type":"ListItem","@id":"https:\/\/www.eldigitaldeasturias.com\/noticias#listItem","name":"Home"}},{"@type":"ListItem","@id":"https:\/\/www.eldigitaldeasturias.com\/noticias\/aragon-celebra-el-dia-internacional-de-la-danza\/#listItem","position":3,"name":"Arag\u00f3n celebra el D\u00eda Internacional de la Danza","previousItem":{"@type":"ListItem","@id":"https:\/\/www.eldigitaldeasturias.com\/noticias\/category\/actualidad\/#listItem","name":"Actualidad"}}]},{"@type":"Organization","@id":"https:\/\/www.eldigitaldeasturias.com\/noticias\/#organization","name":"El Digital de Asturias","description":"Hemeroteca","url":"https:\/\/www.eldigitaldeasturias.com\/noticias\/","email":"info@eldigitaldeasturias.com","telephone":"+34652131393","logo":{"@type":"ImageObject","url":"https:\/\/www.eldigitaldeasturias.com\/noticias\/wp-content\/uploads\/2020\/12\/EDA.jpg","@id":"https:\/\/www.eldigitaldeasturias.com\/noticias\/aragon-celebra-el-dia-internacional-de-la-danza\/#organizationLogo"},"image":{"@id":"https:\/\/www.eldigitaldeasturias.com\/noticias\/aragon-celebra-el-dia-internacional-de-la-danza\/#organizationLogo"},"sameAs":["https:\/\/facebook.com\/eldigitaldeasturias","https:\/\/www.youtube.com\/channel\/UCZP-2wLEB9Rv6erhFmqVnvg"],"address":{"@id":"https:\/\/www.eldigitaldeasturias.com\/noticias\/#postaladdress","@type":"PostalAddress","streetAddress":"san antonio 4","postalCode":"33430","addressLocality":"Cand\u00e1s","addressRegion":"Asturias","addressCountry":"ES"}},{"@type":"Person","@id":"https:\/\/www.eldigitaldeasturias.com\/noticias\/author\/admin\/#author","url":"https:\/\/www.eldigitaldeasturias.com\/noticias\/author\/admin\/","name":"El Digital de Asturias","image":{"@type":"ImageObject","@id":"https:\/\/www.eldigitaldeasturias.com\/noticias\/aragon-celebra-el-dia-internacional-de-la-danza\/#authorImage","url":"https:\/\/secure.gravatar.com\/avatar\/df2aeffc32bcd13f8d26072ef8a91b623d677766deac7f97ca815868cd41bf5e?s=96&d=mm&r=g","width":96,"height":96,"caption":"El Digital de Asturias"}},{"@type":"WebPage","@id":"https:\/\/www.eldigitaldeasturias.com\/noticias\/aragon-celebra-el-dia-internacional-de-la-danza\/#webpage","url":"https:\/\/www.eldigitaldeasturias.com\/noticias\/aragon-celebra-el-dia-internacional-de-la-danza\/","name":"Arag\u00f3n celebra el D\u00eda Internacional de la Danza - El Digital de Asturias","description":"Con motivo del D\u00eda Internacional de la Danza, el Gobierno de Arag\u00f3n ha preparado dos actos con la Compa\u00f1\u00eda Aragonesa de Danza, compuesta por la compa\u00f1\u00eda de Miguel \u00c1ngel Berna y LaMov \u2013de V\u00edctor Jim\u00e9nez-- con el objetivo de atraer la atenci\u00f3n de diferentes p\u00fablicos a esta disciplina, y celebrar espect\u00e1culos o talleres que han","inLanguage":"es-ES","isPartOf":{"@id":"https:\/\/www.eldigitaldeasturias.com\/noticias\/#website"},"breadcrumb":{"@id":"https:\/\/www.eldigitaldeasturias.com\/noticias\/aragon-celebra-el-dia-internacional-de-la-danza\/#breadcrumblist"},"author":{"@id":"https:\/\/www.eldigitaldeasturias.com\/noticias\/author\/admin\/#author"},"creator":{"@id":"https:\/\/www.eldigitaldeasturias.com\/noticias\/author\/admin\/#author"},"image":{"@type":"ImageObject","url":978199,"@id":"https:\/\/www.eldigitaldeasturias.com\/noticias\/aragon-celebra-el-dia-internacional-de-la-danza\/#mainImage"},"primaryImageOfPage":{"@id":"https:\/\/www.eldigitaldeasturias.com\/noticias\/aragon-celebra-el-dia-internacional-de-la-danza\/#mainImage"},"datePublished":"2018-04-29T21:02:02+02:00","dateModified":"2018-04-29T21:02:02+02:00"},{"@type":"WebSite","@id":"https:\/\/www.eldigitaldeasturias.com\/noticias\/#website","url":"https:\/\/www.eldigitaldeasturias.com\/noticias\/","name":"El Digital de Asturias - Diario de actualidad y noticias","alternateName":"El Digital de Asturias - Diario de actualidad y noticias","description":"Hemeroteca","inLanguage":"es-ES","publisher":{"@id":"https:\/\/www.eldigitaldeasturias.com\/noticias\/#organization"}}]},"og:locale":"es_ES","og:site_name":"El Digital de Asturias","og:type":"article","og:title":"Arag\u00f3n celebra el D\u00eda Internacional de la Danza - El Digital de Asturias","og:description":"Con motivo del D\u00eda Internacional de la Danza, el Gobierno de Arag\u00f3n ha preparado dos actos con la Compa\u00f1\u00eda Aragonesa de Danza, compuesta por la compa\u00f1\u00eda de Miguel \u00c1ngel Berna y LaMov \u2013de V\u00edctor Jim\u00e9nez-- con el objetivo de atraer la atenci\u00f3n de diferentes p\u00fablicos a esta disciplina, y celebrar espect\u00e1culos o talleres que han","og:url":"https:\/\/www.eldigitaldeasturias.com\/noticias\/aragon-celebra-el-dia-internacional-de-la-danza\/","article:tag":["actualidad"],"article:published_time":"2018-04-29T21:02:02+00:00","article:modified_time":"2018-04-29T21:02:02+00:00","article:publisher":"https:\/\/facebook.com\/eldigitaldeasturias","twitter:card":"summary_large_image","twitter:title":"Arag\u00f3n celebra el D\u00eda Internacional de la Danza - El Digital de Asturias","twitter:description":"Con motivo del D\u00eda Internacional de la Danza, el Gobierno de Arag\u00f3n ha preparado dos actos con la Compa\u00f1\u00eda Aragonesa de Danza, compuesta por la compa\u00f1\u00eda de Miguel \u00c1ngel Berna y LaMov \u2013de V\u00edctor Jim\u00e9nez-- con el objetivo de atraer la atenci\u00f3n de diferentes p\u00fablicos a esta disciplina, y celebrar espect\u00e1culos o talleres que han","twitter:image":"https:\/\/www.eldigitaldeasturias.com\/noticias\/wp-content\/uploads\/2020\/12\/EDA-1.jpg","twitter:label1":"Escrito por","twitter:data1":"El Digital de Asturias","twitter:label2":"Tiempo de lectura estimado","twitter:data2":"3 minutos"},"aioseo_meta_data":{"post_id":"978198","title":null,"description":null,"keywords":null,"keyphrases":null,"primary_term":null,"canonical_url":null,"og_title":null,"og_description":null,"og_object_type":"default","og_image_type":"default","og_image_url":null,"og_image_width":null,"og_image_height":null,"og_image_custom_url":null,"og_image_custom_fields":null,"og_video":null,"og_custom_url":null,"og_article_section":null,"og_article_tags":null,"twitter_use_og":false,"twitter_card":"default","twitter_image_type":"default","twitter_image_url":null,"twitter_image_custom_url":null,"twitter_image_custom_fields":null,"twitter_title":null,"twitter_description":null,"schema":{"blockGraphs":[],"customGraphs":[],"default":{"data":{"Article":[],"Course":[],"Dataset":[],"FAQPage":[],"Movie":[],"Person":[],"Product":[],"ProductReview":[],"Car":[],"Recipe":[],"Service":[],"SoftwareApplication":[],"WebPage":[]},"graphName":"","isEnabled":true},"graphs":[],"defaultGraph":"","defaultPostTypeGraph":""},"schema_type":null,"schema_type_options":null,"pillar_content":false,"robots_default":true,"robots_noindex":false,"robots_noarchive":false,"robots_nosnippet":false,"robots_nofollow":false,"robots_noimageindex":false,"robots_noodp":false,"robots_notranslate":false,"robots_max_snippet":null,"robots_max_videopreview":null,"robots_max_imagepreview":"large","priority":null,"frequency":null,"local_seo":null,"seo_analyzer_scan_date":"2025-10-08 10:01:09","breadcrumb_settings":null,"limit_modified_date":false,"open_ai":null,"ai":null,"created":"2020-12-21 12:03:39","updated":"2025-10-08 10:01:09","focus_keyword":null,"additional_keywords":null,"truseo_locale":null},"aioseo_breadcrumb":"<div class=\"aioseo-breadcrumbs\"><span class=\"aioseo-breadcrumb\">\n\t<a href=\"https:\/\/www.eldigitaldeasturias.com\/noticias\" title=\"Home\">Home<\/a>\n<\/span><span class=\"aioseo-breadcrumb-separator\">\u2013<\/span><span class=\"aioseo-breadcrumb\">\n\t<a href=\"https:\/\/www.eldigitaldeasturias.com\/noticias\/category\/actualidad\/\" title=\"Actualidad\">Actualidad<\/a>\n<\/span><span class=\"aioseo-breadcrumb-separator\">\u2013<\/span><span class=\"aioseo-breadcrumb\">\n\t<a href=\"https:\/\/www.eldigitaldeasturias.com\/noticias\/aragon-celebra-el-dia-internacional-de-la-danza\/\" title=\"Arag\u00f3n celebra el D\u00eda Internacional de la Danza\">Arag\u00f3n celebra el D\u00eda Internacional de la Danza<\/a>\n<\/span><\/div>","aioseo_breadcrumb_json":[{"label":"Home","link":"https:\/\/www.eldigitaldeasturias.com\/noticias"},{"label":"Actualidad","link":"https:\/\/www.eldigitaldeasturias.com\/noticias\/category\/actualidad\/"},{"label":"Arag\u00f3n celebra el D\u00eda Internacional de la Danza","link":"https:\/\/www.eldigitaldeasturias.com\/noticias\/aragon-celebra-el-dia-internacional-de-la-danza\/"}],"_links":{"self":[{"href":"https:\/\/www.eldigitaldeasturias.com\/noticias\/wp-json\/wp\/v2\/posts\/978198","targetHints":{"allow":["GET"]}}],"collection":[{"href":"https:\/\/www.eldigitaldeasturias.com\/noticias\/wp-json\/wp\/v2\/posts"}],"about":[{"href":"https:\/\/www.eldigitaldeasturias.com\/noticias\/wp-json\/wp\/v2\/types\/post"}],"author":[{"embeddable":true,"href":"https:\/\/www.eldigitaldeasturias.com\/noticias\/wp-json\/wp\/v2\/users\/1"}],"replies":[{"embeddable":true,"href":"https:\/\/www.eldigitaldeasturias.com\/noticias\/wp-json\/wp\/v2\/comments?post=978198"}],"version-history":[{"count":0,"href":"https:\/\/www.eldigitaldeasturias.com\/noticias\/wp-json\/wp\/v2\/posts\/978198\/revisions"}],"wp:attachment":[{"href":"https:\/\/www.eldigitaldeasturias.com\/noticias\/wp-json\/wp\/v2\/media?parent=978198"}],"wp:term":[{"taxonomy":"category","embeddable":true,"href":"https:\/\/www.eldigitaldeasturias.com\/noticias\/wp-json\/wp\/v2\/categories?post=978198"},{"taxonomy":"post_tag","embeddable":true,"href":"https:\/\/www.eldigitaldeasturias.com\/noticias\/wp-json\/wp\/v2\/tags?post=978198"}],"curies":[{"name":"wp","href":"https:\/\/api.w.org\/{rel}","templated":true}]}}