{"id":978143,"date":"2018-04-28T23:46:39","date_gmt":"2018-04-28T23:46:39","guid":{"rendered":"http:\/\/www.eldigitaldeasturias.com\/noticias\/?p=978143"},"modified":"2018-04-28T23:46:39","modified_gmt":"2018-04-28T23:46:39","slug":"pinera-no-nombrara-a-su-hermano-embajador-de-chile-en-argentina","status":"publish","type":"post","link":"https:\/\/www.eldigitaldeasturias.com\/noticias\/pinera-no-nombrara-a-su-hermano-embajador-de-chile-en-argentina\/","title":{"rendered":"Pi\u00f1era no nombrar\u00e1 a su hermano embajador de Chile en Argentina"},"content":{"rendered":"<p><img loading=\"lazy\" decoding=\"async\" class=\"alignleft size-medium wp-image-661329\" src=\"https:\/\/www.eldigitaldeasturias.com\/noticias\/wp-content\/uploads\/2014\/10\/6856687w-360x270.jpg\" alt=\"\" width=\"360\" height=\"270\" \/>Santiago de Chile, 28 abr (dpa) &#8211; El presidente de Chile, Sebasti\u00e1n Pi\u00f1era, desisti\u00f3 hoy de nombrar a su hermano Pablo como embajador en Buenos Aires, en medio de acusaciones de nepotismo y cuestionamientos de haber cometido un grave error pol\u00edtico.<\/p>\n<p>\u00abMe he reunido hoy con mi hermano Pablo para comunicarle que he desistido de dicho nombramiento\u00bb, dijo Pi\u00f1era en un comunicado. \u00abYa hemos iniciado las gestiones para la designaci\u00f3n del embajador de nuestro pa\u00eds ante la Rep\u00fablica hermana de Argentina\u00bb, agreg\u00f3.<\/p>\n<p>La designaci\u00f3n de Pablo Pi\u00f1era hab\u00eda quedado congelada despu\u00e9s que fuera interpuesto un requerimiento ante la Contralor\u00eda General de la Rep\u00fablica para que aclarara la legalidad del nombramiento. Sin embargo, el contralor Jorge Berm\u00fadez dijo que podr\u00eda demorar hasta seis meses resolver ese proceso.<\/p>\n<p>\u00abEn el mejor inter\u00e9s de Chile, el nombramiento del embajador de Chile en Argentina es urgente y no es compatible con los tiempos estimados e informados por la Contralor\u00eda para pronunciarse sobre dicho requerimiento\u00bb, asegur\u00f3 Pi\u00f1era.<\/p>\n<p>El mandatario, su Gobierno y buena parte del oficialismo hab\u00edan hecho una cerrada defensa del nombramiento de Pablo Pi\u00f1era, al asegurar que en la designaci\u00f3n hab\u00eda pesado el curr\u00edculum del funcionario \u2013ex funcionario de los gobiernos de centroizquierda- y no el hecho de que fuera hermano del presidente.<\/p>\n<p>De hecho, el mandatario reiter\u00f3 su \u00abconvicci\u00f3n que Pablo Pi\u00f1era re\u00fane todas las condiciones necesarias para ser un buen embajador de Chile en Argentina y cumple con todos los requisitos legales para ser designado en dicho cargo\u00bb.<\/p>\n<p>\u00abEn consecuencia, en mi opini\u00f3n, aqu\u00ed no ha existido ning\u00fan acto de nepotismo, ni mucho menos, descuido del inter\u00e9s p\u00fablico, pues su nombramiento no obedec\u00eda al hecho de ser mi hermano ni a ning\u00fan inter\u00e9s particular, sino solo a un leg\u00edtimo inter\u00e9s p\u00fablico\u00bb, continu\u00f3.<\/p>\n<p>Pi\u00f1era hab\u00eda nombrado a su hermano en Buenos Aires \u2013una de las embajadas m\u00e1s relevantes para la diplomacia chilena- pocos d\u00edas antes de que realizara una visita de Estado a Argentina, el mi\u00e9rcoles y jueves pasado, pero el revuelo causado por esa designaci\u00f3n le impidi\u00f3 tener un embajador al momento de su viaje.<\/p>\n","protected":false},"excerpt":{"rendered":"<p>Santiago de Chile, 28 abr (dpa) &#8211; El presidente de Chile, Sebasti\u00e1n Pi\u00f1era, desisti\u00f3 hoy de nombrar a su hermano Pablo como embajador en Buenos Aires, en medio de acusaciones de nepotismo y cuestionamientos de haber cometido un grave error pol\u00edtico. \u00abMe he reunido hoy con mi hermano Pablo para comunicarle que he desistido de [&hellip;]<\/p>\n","protected":false},"author":1,"featured_media":661329,"comment_status":"closed","ping_status":"closed","sticky":false,"template":"","format":"standard","meta":{"footnotes":""},"categories":[1],"tags":[],"class_list":["post-978143","post","type-post","status-publish","format-standard","has-post-thumbnail","hentry","category-actualidad"],"aioseo_notices":[],"aioseo_head":"\n\t\t<!-- All in One SEO Pro 5.0.1 - aioseo.com -->\n\t<meta name=\"description\" content=\"Santiago de Chile, 28 abr (dpa) - El presidente de Chile, Sebasti\u00e1n Pi\u00f1era, desisti\u00f3 hoy de nombrar a su hermano Pablo como embajador en Buenos Aires, en medio de acusaciones de nepotismo y cuestionamientos de haber cometido un grave error pol\u00edtico. &quot;Me he reunido hoy con mi hermano Pablo para comunicarle que he desistido de\" \/>\n\t<meta name=\"robots\" content=\"max-image-preview:large\" \/>\n\t<meta name=\"author\" content=\"El Digital de Asturias\"\/>\n\t<meta name=\"google-site-verification\" content=\"UA-38556648-1\" \/>\n\t<meta name=\"msvalidate.01\" content=\"7dfe9f3f1b24437ab69f4f2559babe99\" \/>\n\t<meta name=\"keywords\" content=\"actualidad\" \/>\n\t<link rel=\"canonical\" href=\"https:\/\/www.eldigitaldeasturias.com\/noticias\/pinera-no-nombrara-a-su-hermano-embajador-de-chile-en-argentina\/\" \/>\n\t<meta name=\"generator\" content=\"All in One SEO Pro (AIOSEO) 5.0.1\" \/>\n\t\t<meta property=\"og:locale\" content=\"es_ES\" \/>\n\t\t<meta property=\"og:site_name\" content=\"El Digital de Asturias\" \/>\n\t\t<meta property=\"og:type\" content=\"article\" \/>\n\t\t<meta property=\"og:title\" content=\"Pi\u00f1era no nombrar\u00e1 a su hermano embajador de Chile en Argentina - El Digital de Asturias\" \/>\n\t\t<meta property=\"og:description\" content=\"Santiago de Chile, 28 abr (dpa) - El presidente de Chile, Sebasti\u00e1n Pi\u00f1era, desisti\u00f3 hoy de nombrar a su hermano Pablo como embajador en Buenos Aires, en medio de acusaciones de nepotismo y cuestionamientos de haber cometido un grave error pol\u00edtico. &quot;Me he reunido hoy con mi hermano Pablo para comunicarle que he desistido de\" \/>\n\t\t<meta property=\"og:url\" content=\"https:\/\/www.eldigitaldeasturias.com\/noticias\/pinera-no-nombrara-a-su-hermano-embajador-de-chile-en-argentina\/\" \/>\n\t\t<meta property=\"article:tag\" content=\"actualidad\" \/>\n\t\t<meta property=\"article:published_time\" content=\"2018-04-28T23:46:39+00:00\" \/>\n\t\t<meta property=\"article:modified_time\" content=\"2018-04-28T23:46:39+00:00\" \/>\n\t\t<meta property=\"article:publisher\" content=\"https:\/\/facebook.com\/eldigitaldeasturias\" \/>\n\t\t<meta name=\"twitter:card\" content=\"summary_large_image\" \/>\n\t\t<meta name=\"twitter:title\" content=\"Pi\u00f1era no nombrar\u00e1 a su hermano embajador de Chile en Argentina - El Digital de Asturias\" \/>\n\t\t<meta name=\"twitter:description\" content=\"Santiago de Chile, 28 abr (dpa) - El presidente de Chile, Sebasti\u00e1n Pi\u00f1era, desisti\u00f3 hoy de nombrar a su hermano Pablo como embajador en Buenos Aires, en medio de acusaciones de nepotismo y cuestionamientos de haber cometido un grave error pol\u00edtico. &quot;Me he reunido hoy con mi hermano Pablo para comunicarle que he desistido de\" \/>\n\t\t<meta name=\"twitter:image\" content=\"https:\/\/www.eldigitaldeasturias.com\/noticias\/wp-content\/uploads\/2020\/12\/EDA-1.jpg\" \/>\n\t\t<meta name=\"twitter:label1\" content=\"Escrito por\" \/>\n\t\t<meta name=\"twitter:data1\" content=\"El Digital de Asturias\" \/>\n\t\t<meta name=\"twitter:label2\" content=\"Tiempo de lectura estimado\" \/>\n\t\t<meta name=\"twitter:data2\" content=\"2 minutos\" \/>\n\t\t<script type=\"application\/ld+json\" class=\"aioseo-schema\">\n\t\t\t{\"@context\":\"https:\\\/\\\/schema.org\",\"@graph\":[{\"@type\":\"BlogPosting\",\"@id\":\"https:\\\/\\\/www.eldigitaldeasturias.com\\\/noticias\\\/pinera-no-nombrara-a-su-hermano-embajador-de-chile-en-argentina\\\/#blogposting\",\"name\":\"Pi\\u00f1era no nombrar\\u00e1 a su hermano embajador de Chile en Argentina - El Digital de Asturias\",\"headline\":\"Pi\\u00f1era no nombrar\\u00e1 a su hermano embajador de Chile en Argentina\",\"author\":{\"@id\":\"https:\\\/\\\/www.eldigitaldeasturias.com\\\/noticias\\\/author\\\/admin\\\/#author\"},\"publisher\":{\"@id\":\"https:\\\/\\\/www.eldigitaldeasturias.com\\\/noticias\\\/#organization\"},\"image\":{\"@type\":\"ImageObject\",\"url\":661329},\"datePublished\":\"2018-04-28T23:46:39+02:00\",\"dateModified\":\"2018-04-28T23:46:39+02:00\",\"inLanguage\":\"es-ES\",\"mainEntityOfPage\":{\"@id\":\"https:\\\/\\\/www.eldigitaldeasturias.com\\\/noticias\\\/pinera-no-nombrara-a-su-hermano-embajador-de-chile-en-argentina\\\/#webpage\"},\"isPartOf\":{\"@id\":\"https:\\\/\\\/www.eldigitaldeasturias.com\\\/noticias\\\/pinera-no-nombrara-a-su-hermano-embajador-de-chile-en-argentina\\\/#webpage\"},\"articleSection\":\"Actualidad\"},{\"@type\":\"BreadcrumbList\",\"@id\":\"https:\\\/\\\/www.eldigitaldeasturias.com\\\/noticias\\\/pinera-no-nombrara-a-su-hermano-embajador-de-chile-en-argentina\\\/#breadcrumblist\",\"itemListElement\":[{\"@type\":\"ListItem\",\"@id\":\"https:\\\/\\\/www.eldigitaldeasturias.com\\\/noticias#listItem\",\"position\":1,\"name\":\"Home\",\"item\":\"https:\\\/\\\/www.eldigitaldeasturias.com\\\/noticias\",\"nextItem\":{\"@type\":\"ListItem\",\"@id\":\"https:\\\/\\\/www.eldigitaldeasturias.com\\\/noticias\\\/category\\\/actualidad\\\/#listItem\",\"name\":\"Actualidad\"}},{\"@type\":\"ListItem\",\"@id\":\"https:\\\/\\\/www.eldigitaldeasturias.com\\\/noticias\\\/category\\\/actualidad\\\/#listItem\",\"position\":2,\"name\":\"Actualidad\",\"item\":\"https:\\\/\\\/www.eldigitaldeasturias.com\\\/noticias\\\/category\\\/actualidad\\\/\",\"nextItem\":{\"@type\":\"ListItem\",\"@id\":\"https:\\\/\\\/www.eldigitaldeasturias.com\\\/noticias\\\/pinera-no-nombrara-a-su-hermano-embajador-de-chile-en-argentina\\\/#listItem\",\"name\":\"Pi\\u00f1era no nombrar\\u00e1 a su hermano embajador de Chile en Argentina\"},\"previousItem\":{\"@type\":\"ListItem\",\"@id\":\"https:\\\/\\\/www.eldigitaldeasturias.com\\\/noticias#listItem\",\"name\":\"Home\"}},{\"@type\":\"ListItem\",\"@id\":\"https:\\\/\\\/www.eldigitaldeasturias.com\\\/noticias\\\/pinera-no-nombrara-a-su-hermano-embajador-de-chile-en-argentina\\\/#listItem\",\"position\":3,\"name\":\"Pi\\u00f1era no nombrar\\u00e1 a su hermano embajador de Chile en Argentina\",\"previousItem\":{\"@type\":\"ListItem\",\"@id\":\"https:\\\/\\\/www.eldigitaldeasturias.com\\\/noticias\\\/category\\\/actualidad\\\/#listItem\",\"name\":\"Actualidad\"}}]},{\"@type\":\"Organization\",\"@id\":\"https:\\\/\\\/www.eldigitaldeasturias.com\\\/noticias\\\/#organization\",\"name\":\"El Digital de Asturias\",\"description\":\"Hemeroteca\",\"url\":\"https:\\\/\\\/www.eldigitaldeasturias.com\\\/noticias\\\/\",\"email\":\"info@eldigitaldeasturias.com\",\"telephone\":\"+34652131393\",\"logo\":{\"@type\":\"ImageObject\",\"url\":\"https:\\\/\\\/www.eldigitaldeasturias.com\\\/noticias\\\/wp-content\\\/uploads\\\/2020\\\/12\\\/EDA.jpg\",\"@id\":\"https:\\\/\\\/www.eldigitaldeasturias.com\\\/noticias\\\/pinera-no-nombrara-a-su-hermano-embajador-de-chile-en-argentina\\\/#organizationLogo\"},\"image\":{\"@id\":\"https:\\\/\\\/www.eldigitaldeasturias.com\\\/noticias\\\/pinera-no-nombrara-a-su-hermano-embajador-de-chile-en-argentina\\\/#organizationLogo\"},\"sameAs\":[\"https:\\\/\\\/facebook.com\\\/eldigitaldeasturias\",\"https:\\\/\\\/www.youtube.com\\\/channel\\\/UCZP-2wLEB9Rv6erhFmqVnvg\"],\"address\":{\"@id\":\"https:\\\/\\\/www.eldigitaldeasturias.com\\\/noticias\\\/#postaladdress\",\"@type\":\"PostalAddress\",\"streetAddress\":\"san antonio 4\",\"postalCode\":\"33430\",\"addressLocality\":\"Cand\\u00e1s\",\"addressRegion\":\"Asturias\",\"addressCountry\":\"ES\"}},{\"@type\":\"Person\",\"@id\":\"https:\\\/\\\/www.eldigitaldeasturias.com\\\/noticias\\\/author\\\/admin\\\/#author\",\"url\":\"https:\\\/\\\/www.eldigitaldeasturias.com\\\/noticias\\\/author\\\/admin\\\/\",\"name\":\"El Digital de Asturias\",\"image\":{\"@type\":\"ImageObject\",\"@id\":\"https:\\\/\\\/www.eldigitaldeasturias.com\\\/noticias\\\/pinera-no-nombrara-a-su-hermano-embajador-de-chile-en-argentina\\\/#authorImage\",\"url\":\"https:\\\/\\\/secure.gravatar.com\\\/avatar\\\/df2aeffc32bcd13f8d26072ef8a91b623d677766deac7f97ca815868cd41bf5e?s=96&d=mm&r=g\",\"width\":96,\"height\":96,\"caption\":\"El Digital de Asturias\"}},{\"@type\":\"WebPage\",\"@id\":\"https:\\\/\\\/www.eldigitaldeasturias.com\\\/noticias\\\/pinera-no-nombrara-a-su-hermano-embajador-de-chile-en-argentina\\\/#webpage\",\"url\":\"https:\\\/\\\/www.eldigitaldeasturias.com\\\/noticias\\\/pinera-no-nombrara-a-su-hermano-embajador-de-chile-en-argentina\\\/\",\"name\":\"Pi\\u00f1era no nombrar\\u00e1 a su hermano embajador de Chile en Argentina - El Digital de Asturias\",\"description\":\"Santiago de Chile, 28 abr (dpa) - El presidente de Chile, Sebasti\\u00e1n Pi\\u00f1era, desisti\\u00f3 hoy de nombrar a su hermano Pablo como embajador en Buenos Aires, en medio de acusaciones de nepotismo y cuestionamientos de haber cometido un grave error pol\\u00edtico. \\\"Me he reunido hoy con mi hermano Pablo para comunicarle que he desistido de\",\"inLanguage\":\"es-ES\",\"isPartOf\":{\"@id\":\"https:\\\/\\\/www.eldigitaldeasturias.com\\\/noticias\\\/#website\"},\"breadcrumb\":{\"@id\":\"https:\\\/\\\/www.eldigitaldeasturias.com\\\/noticias\\\/pinera-no-nombrara-a-su-hermano-embajador-de-chile-en-argentina\\\/#breadcrumblist\"},\"author\":{\"@id\":\"https:\\\/\\\/www.eldigitaldeasturias.com\\\/noticias\\\/author\\\/admin\\\/#author\"},\"creator\":{\"@id\":\"https:\\\/\\\/www.eldigitaldeasturias.com\\\/noticias\\\/author\\\/admin\\\/#author\"},\"image\":{\"@type\":\"ImageObject\",\"url\":661329,\"@id\":\"https:\\\/\\\/www.eldigitaldeasturias.com\\\/noticias\\\/pinera-no-nombrara-a-su-hermano-embajador-de-chile-en-argentina\\\/#mainImage\"},\"primaryImageOfPage\":{\"@id\":\"https:\\\/\\\/www.eldigitaldeasturias.com\\\/noticias\\\/pinera-no-nombrara-a-su-hermano-embajador-de-chile-en-argentina\\\/#mainImage\"},\"datePublished\":\"2018-04-28T23:46:39+02:00\",\"dateModified\":\"2018-04-28T23:46:39+02:00\"},{\"@type\":\"WebSite\",\"@id\":\"https:\\\/\\\/www.eldigitaldeasturias.com\\\/noticias\\\/#website\",\"url\":\"https:\\\/\\\/www.eldigitaldeasturias.com\\\/noticias\\\/\",\"name\":\"El Digital de Asturias - Diario de actualidad y noticias\",\"alternateName\":\"El Digital de Asturias - Diario de actualidad y noticias\",\"description\":\"Hemeroteca\",\"inLanguage\":\"es-ES\",\"publisher\":{\"@id\":\"https:\\\/\\\/www.eldigitaldeasturias.com\\\/noticias\\\/#organization\"}}]}\n\t\t<\/script>\n\t\t<!-- All in One SEO Pro -->\r\n\t\t<title>Pi\u00f1era no nombrar\u00e1 a su hermano embajador de Chile en Argentina - El Digital de Asturias<\/title>\n\n","aioseo_head_json":{"title":"Pi\u00f1era no nombrar\u00e1 a su hermano embajador de Chile en Argentina - El Digital de Asturias","description":"Santiago de Chile, 28 abr (dpa) - El presidente de Chile, Sebasti\u00e1n Pi\u00f1era, desisti\u00f3 hoy de nombrar a su hermano Pablo como embajador en Buenos Aires, en medio de acusaciones de nepotismo y cuestionamientos de haber cometido un grave error pol\u00edtico. \"Me he reunido hoy con mi hermano Pablo para comunicarle que he desistido de","canonical_url":"https:\/\/www.eldigitaldeasturias.com\/noticias\/pinera-no-nombrara-a-su-hermano-embajador-de-chile-en-argentina\/","robots":"max-image-preview:large","keywords":"actualidad","webmasterTools":{"google-site-verification":"UA-38556648-1","msvalidate.01":"7dfe9f3f1b24437ab69f4f2559babe99","miscellaneous":""},"schema":{"@context":"https:\/\/schema.org","@graph":[{"@type":"BlogPosting","@id":"https:\/\/www.eldigitaldeasturias.com\/noticias\/pinera-no-nombrara-a-su-hermano-embajador-de-chile-en-argentina\/#blogposting","name":"Pi\u00f1era no nombrar\u00e1 a su hermano embajador de Chile en Argentina - El Digital de Asturias","headline":"Pi\u00f1era no nombrar\u00e1 a su hermano embajador de Chile en Argentina","author":{"@id":"https:\/\/www.eldigitaldeasturias.com\/noticias\/author\/admin\/#author"},"publisher":{"@id":"https:\/\/www.eldigitaldeasturias.com\/noticias\/#organization"},"image":{"@type":"ImageObject","url":661329},"datePublished":"2018-04-28T23:46:39+02:00","dateModified":"2018-04-28T23:46:39+02:00","inLanguage":"es-ES","mainEntityOfPage":{"@id":"https:\/\/www.eldigitaldeasturias.com\/noticias\/pinera-no-nombrara-a-su-hermano-embajador-de-chile-en-argentina\/#webpage"},"isPartOf":{"@id":"https:\/\/www.eldigitaldeasturias.com\/noticias\/pinera-no-nombrara-a-su-hermano-embajador-de-chile-en-argentina\/#webpage"},"articleSection":"Actualidad"},{"@type":"BreadcrumbList","@id":"https:\/\/www.eldigitaldeasturias.com\/noticias\/pinera-no-nombrara-a-su-hermano-embajador-de-chile-en-argentina\/#breadcrumblist","itemListElement":[{"@type":"ListItem","@id":"https:\/\/www.eldigitaldeasturias.com\/noticias#listItem","position":1,"name":"Home","item":"https:\/\/www.eldigitaldeasturias.com\/noticias","nextItem":{"@type":"ListItem","@id":"https:\/\/www.eldigitaldeasturias.com\/noticias\/category\/actualidad\/#listItem","name":"Actualidad"}},{"@type":"ListItem","@id":"https:\/\/www.eldigitaldeasturias.com\/noticias\/category\/actualidad\/#listItem","position":2,"name":"Actualidad","item":"https:\/\/www.eldigitaldeasturias.com\/noticias\/category\/actualidad\/","nextItem":{"@type":"ListItem","@id":"https:\/\/www.eldigitaldeasturias.com\/noticias\/pinera-no-nombrara-a-su-hermano-embajador-de-chile-en-argentina\/#listItem","name":"Pi\u00f1era no nombrar\u00e1 a su hermano embajador de Chile en Argentina"},"previousItem":{"@type":"ListItem","@id":"https:\/\/www.eldigitaldeasturias.com\/noticias#listItem","name":"Home"}},{"@type":"ListItem","@id":"https:\/\/www.eldigitaldeasturias.com\/noticias\/pinera-no-nombrara-a-su-hermano-embajador-de-chile-en-argentina\/#listItem","position":3,"name":"Pi\u00f1era no nombrar\u00e1 a su hermano embajador de Chile en Argentina","previousItem":{"@type":"ListItem","@id":"https:\/\/www.eldigitaldeasturias.com\/noticias\/category\/actualidad\/#listItem","name":"Actualidad"}}]},{"@type":"Organization","@id":"https:\/\/www.eldigitaldeasturias.com\/noticias\/#organization","name":"El Digital de Asturias","description":"Hemeroteca","url":"https:\/\/www.eldigitaldeasturias.com\/noticias\/","email":"info@eldigitaldeasturias.com","telephone":"+34652131393","logo":{"@type":"ImageObject","url":"https:\/\/www.eldigitaldeasturias.com\/noticias\/wp-content\/uploads\/2020\/12\/EDA.jpg","@id":"https:\/\/www.eldigitaldeasturias.com\/noticias\/pinera-no-nombrara-a-su-hermano-embajador-de-chile-en-argentina\/#organizationLogo"},"image":{"@id":"https:\/\/www.eldigitaldeasturias.com\/noticias\/pinera-no-nombrara-a-su-hermano-embajador-de-chile-en-argentina\/#organizationLogo"},"sameAs":["https:\/\/facebook.com\/eldigitaldeasturias","https:\/\/www.youtube.com\/channel\/UCZP-2wLEB9Rv6erhFmqVnvg"],"address":{"@id":"https:\/\/www.eldigitaldeasturias.com\/noticias\/#postaladdress","@type":"PostalAddress","streetAddress":"san antonio 4","postalCode":"33430","addressLocality":"Cand\u00e1s","addressRegion":"Asturias","addressCountry":"ES"}},{"@type":"Person","@id":"https:\/\/www.eldigitaldeasturias.com\/noticias\/author\/admin\/#author","url":"https:\/\/www.eldigitaldeasturias.com\/noticias\/author\/admin\/","name":"El Digital de Asturias","image":{"@type":"ImageObject","@id":"https:\/\/www.eldigitaldeasturias.com\/noticias\/pinera-no-nombrara-a-su-hermano-embajador-de-chile-en-argentina\/#authorImage","url":"https:\/\/secure.gravatar.com\/avatar\/df2aeffc32bcd13f8d26072ef8a91b623d677766deac7f97ca815868cd41bf5e?s=96&d=mm&r=g","width":96,"height":96,"caption":"El Digital de Asturias"}},{"@type":"WebPage","@id":"https:\/\/www.eldigitaldeasturias.com\/noticias\/pinera-no-nombrara-a-su-hermano-embajador-de-chile-en-argentina\/#webpage","url":"https:\/\/www.eldigitaldeasturias.com\/noticias\/pinera-no-nombrara-a-su-hermano-embajador-de-chile-en-argentina\/","name":"Pi\u00f1era no nombrar\u00e1 a su hermano embajador de Chile en Argentina - El Digital de Asturias","description":"Santiago de Chile, 28 abr (dpa) - El presidente de Chile, Sebasti\u00e1n Pi\u00f1era, desisti\u00f3 hoy de nombrar a su hermano Pablo como embajador en Buenos Aires, en medio de acusaciones de nepotismo y cuestionamientos de haber cometido un grave error pol\u00edtico. \"Me he reunido hoy con mi hermano Pablo para comunicarle que he desistido de","inLanguage":"es-ES","isPartOf":{"@id":"https:\/\/www.eldigitaldeasturias.com\/noticias\/#website"},"breadcrumb":{"@id":"https:\/\/www.eldigitaldeasturias.com\/noticias\/pinera-no-nombrara-a-su-hermano-embajador-de-chile-en-argentina\/#breadcrumblist"},"author":{"@id":"https:\/\/www.eldigitaldeasturias.com\/noticias\/author\/admin\/#author"},"creator":{"@id":"https:\/\/www.eldigitaldeasturias.com\/noticias\/author\/admin\/#author"},"image":{"@type":"ImageObject","url":661329,"@id":"https:\/\/www.eldigitaldeasturias.com\/noticias\/pinera-no-nombrara-a-su-hermano-embajador-de-chile-en-argentina\/#mainImage"},"primaryImageOfPage":{"@id":"https:\/\/www.eldigitaldeasturias.com\/noticias\/pinera-no-nombrara-a-su-hermano-embajador-de-chile-en-argentina\/#mainImage"},"datePublished":"2018-04-28T23:46:39+02:00","dateModified":"2018-04-28T23:46:39+02:00"},{"@type":"WebSite","@id":"https:\/\/www.eldigitaldeasturias.com\/noticias\/#website","url":"https:\/\/www.eldigitaldeasturias.com\/noticias\/","name":"El Digital de Asturias - Diario de actualidad y noticias","alternateName":"El Digital de Asturias - Diario de actualidad y noticias","description":"Hemeroteca","inLanguage":"es-ES","publisher":{"@id":"https:\/\/www.eldigitaldeasturias.com\/noticias\/#organization"}}]},"og:locale":"es_ES","og:site_name":"El Digital de Asturias","og:type":"article","og:title":"Pi\u00f1era no nombrar\u00e1 a su hermano embajador de Chile en Argentina - El Digital de Asturias","og:description":"Santiago de Chile, 28 abr (dpa) - El presidente de Chile, Sebasti\u00e1n Pi\u00f1era, desisti\u00f3 hoy de nombrar a su hermano Pablo como embajador en Buenos Aires, en medio de acusaciones de nepotismo y cuestionamientos de haber cometido un grave error pol\u00edtico. &quot;Me he reunido hoy con mi hermano Pablo para comunicarle que he desistido de","og:url":"https:\/\/www.eldigitaldeasturias.com\/noticias\/pinera-no-nombrara-a-su-hermano-embajador-de-chile-en-argentina\/","article:tag":["actualidad"],"article:published_time":"2018-04-28T23:46:39+00:00","article:modified_time":"2018-04-28T23:46:39+00:00","article:publisher":"https:\/\/facebook.com\/eldigitaldeasturias","twitter:card":"summary_large_image","twitter:title":"Pi\u00f1era no nombrar\u00e1 a su hermano embajador de Chile en Argentina - El Digital de Asturias","twitter:description":"Santiago de Chile, 28 abr (dpa) - El presidente de Chile, Sebasti\u00e1n Pi\u00f1era, desisti\u00f3 hoy de nombrar a su hermano Pablo como embajador en Buenos Aires, en medio de acusaciones de nepotismo y cuestionamientos de haber cometido un grave error pol\u00edtico. &quot;Me he reunido hoy con mi hermano Pablo para comunicarle que he desistido de","twitter:image":"https:\/\/www.eldigitaldeasturias.com\/noticias\/wp-content\/uploads\/2020\/12\/EDA-1.jpg","twitter:label1":"Escrito por","twitter:data1":"El Digital de Asturias","twitter:label2":"Tiempo de lectura estimado","twitter:data2":"2 minutos"},"aioseo_meta_data":{"post_id":"978143","title":null,"description":null,"keywords":null,"keyphrases":null,"primary_term":null,"canonical_url":null,"og_title":null,"og_description":null,"og_object_type":"default","og_image_type":"default","og_image_url":null,"og_image_width":null,"og_image_height":null,"og_image_custom_url":null,"og_image_custom_fields":null,"og_video":null,"og_custom_url":null,"og_article_section":null,"og_article_tags":null,"twitter_use_og":false,"twitter_card":"default","twitter_image_type":"default","twitter_image_url":null,"twitter_image_custom_url":null,"twitter_image_custom_fields":null,"twitter_title":null,"twitter_description":null,"schema":{"blockGraphs":[],"customGraphs":[],"default":{"data":{"Article":[],"Course":[],"Dataset":[],"FAQPage":[],"Movie":[],"Person":[],"Product":[],"ProductReview":[],"Car":[],"Recipe":[],"Service":[],"SoftwareApplication":[],"WebPage":[]},"graphName":"","isEnabled":true},"graphs":[],"defaultGraph":"","defaultPostTypeGraph":""},"schema_type":null,"schema_type_options":null,"pillar_content":false,"robots_default":true,"robots_noindex":false,"robots_noarchive":false,"robots_nosnippet":false,"robots_nofollow":false,"robots_noimageindex":false,"robots_noodp":false,"robots_notranslate":false,"robots_max_snippet":null,"robots_max_videopreview":null,"robots_max_imagepreview":"large","priority":null,"frequency":null,"local_seo":null,"seo_analyzer_scan_date":"2025-10-08 09:47:01","breadcrumb_settings":null,"limit_modified_date":false,"open_ai":null,"ai":null,"created":"2020-12-21 12:03:39","updated":"2025-10-08 09:47:01","focus_keyword":null,"additional_keywords":null,"truseo_locale":null},"aioseo_breadcrumb":"<div class=\"aioseo-breadcrumbs\"><span class=\"aioseo-breadcrumb\">\n\t<a href=\"https:\/\/www.eldigitaldeasturias.com\/noticias\" title=\"Home\">Home<\/a>\n<\/span><span class=\"aioseo-breadcrumb-separator\">\u2013<\/span><span class=\"aioseo-breadcrumb\">\n\t<a href=\"https:\/\/www.eldigitaldeasturias.com\/noticias\/category\/actualidad\/\" title=\"Actualidad\">Actualidad<\/a>\n<\/span><span class=\"aioseo-breadcrumb-separator\">\u2013<\/span><span class=\"aioseo-breadcrumb\">\n\t<a href=\"https:\/\/www.eldigitaldeasturias.com\/noticias\/pinera-no-nombrara-a-su-hermano-embajador-de-chile-en-argentina\/\" title=\"Pi\u00f1era no nombrar\u00e1 a su hermano embajador de Chile en Argentina\">Pi\u00f1era no nombrar\u00e1 a su hermano embajador de Chile en Argentina<\/a>\n<\/span><\/div>","aioseo_breadcrumb_json":[{"label":"Home","link":"https:\/\/www.eldigitaldeasturias.com\/noticias"},{"label":"Actualidad","link":"https:\/\/www.eldigitaldeasturias.com\/noticias\/category\/actualidad\/"},{"label":"Pi\u00f1era no nombrar\u00e1 a su hermano embajador de Chile en Argentina","link":"https:\/\/www.eldigitaldeasturias.com\/noticias\/pinera-no-nombrara-a-su-hermano-embajador-de-chile-en-argentina\/"}],"_links":{"self":[{"href":"https:\/\/www.eldigitaldeasturias.com\/noticias\/wp-json\/wp\/v2\/posts\/978143","targetHints":{"allow":["GET"]}}],"collection":[{"href":"https:\/\/www.eldigitaldeasturias.com\/noticias\/wp-json\/wp\/v2\/posts"}],"about":[{"href":"https:\/\/www.eldigitaldeasturias.com\/noticias\/wp-json\/wp\/v2\/types\/post"}],"author":[{"embeddable":true,"href":"https:\/\/www.eldigitaldeasturias.com\/noticias\/wp-json\/wp\/v2\/users\/1"}],"replies":[{"embeddable":true,"href":"https:\/\/www.eldigitaldeasturias.com\/noticias\/wp-json\/wp\/v2\/comments?post=978143"}],"version-history":[{"count":0,"href":"https:\/\/www.eldigitaldeasturias.com\/noticias\/wp-json\/wp\/v2\/posts\/978143\/revisions"}],"wp:attachment":[{"href":"https:\/\/www.eldigitaldeasturias.com\/noticias\/wp-json\/wp\/v2\/media?parent=978143"}],"wp:term":[{"taxonomy":"category","embeddable":true,"href":"https:\/\/www.eldigitaldeasturias.com\/noticias\/wp-json\/wp\/v2\/categories?post=978143"},{"taxonomy":"post_tag","embeddable":true,"href":"https:\/\/www.eldigitaldeasturias.com\/noticias\/wp-json\/wp\/v2\/tags?post=978143"}],"curies":[{"name":"wp","href":"https:\/\/api.w.org\/{rel}","templated":true}]}}