{"id":978122,"date":"2018-04-28T22:35:02","date_gmt":"2018-04-28T22:35:02","guid":{"rendered":"http:\/\/www.eldigitaldeasturias.com\/noticias\/?p=978122"},"modified":"2018-04-28T22:35:02","modified_gmt":"2018-04-28T22:35:02","slug":"pedro-sanchez-en-trujillo-despues-del-8-de-marzo-espana-cambio","status":"publish","type":"post","link":"https:\/\/www.eldigitaldeasturias.com\/noticias\/pedro-sanchez-en-trujillo-despues-del-8-de-marzo-espana-cambio\/","title":{"rendered":"Pedro S\u00e1nchez en Trujillo: \u201cDespu\u00e9s del 8 de Marzo, Espa\u00f1a cambi\u00f3\u201d"},"content":{"rendered":"<p><img loading=\"lazy\" decoding=\"async\" class=\"alignleft size-medium wp-image-793321\" src=\"https:\/\/www.eldigitaldeasturias.com\/noticias\/wp-content\/uploads\/2015\/07\/pedro-sanchez-360x240.jpg\" alt=\"\" width=\"360\" height=\"240\" \/>\u201cDespu\u00e9s del 8 de Marzo, Espa\u00f1a cambi\u00f3\u201d. El secretario general del PSOE, Pedro S\u00e1nchez, ha asegurado que \u201cEspa\u00f1a cambi\u00f3 porque las mujeres salieron a la calle\u201d el 8 de Marzo \u201cpara reivindicar su papel y su poder de transformaci\u00f3n en la construcci\u00f3n\u201d de nuestra sociedad. A preguntas de los periodistas en Trujillo, C\u00e1ceres, sobre la repercusi\u00f3n de la sentencia de \u2018La Manada\u2019, S\u00e1nchez ha recordado la reivindicaci\u00f3n por parte de las mujeres del \u201cvalor de la igualdad y en consecuencia su libertad tiene que ser garantizada y su defensa debe ser reforzada\u201d. La reivindicaci\u00f3n de las espa\u00f1olas en las movilizaciones del 8 de Marzo \u201cdebe ser tenido en cuenta por la pol\u00edtica, la econom\u00eda, la empresa, por el conjunto de la sociedad y tambi\u00e9n por el poder judicial\u201d.<\/p>\n<p>Tambi\u00e9n ante la prensa se ha referido a la situaci\u00f3n pol\u00edtica que atraviesa la Comunidad de Madrid. \u201c\u201dM\u00e1s all\u00e1 de la vida org\u00e1nica del PP, creo que la pregunta que se tiene que hacer el partido del se\u00f1or Rivera es si quiere o no que la dignidad y la ejemplaridad presida la Comunidad\u201d. Para S\u00e1nchez, cuando los socialistas le dicen al dirigente de Ciudadanos que \u201chay que ser coherente con las palabras\u201d es porque \u201ccuando Rivera dice que el PP de Madrid es un partido podrido, no puede haber una manzana limpia y libre de sospecha\u201d. Por eso ha insistido en que Ciudadanos reflexione porque \u201cestamos en una democracia parlamentaria y en el proceso de investidura, ahora mismo el candidato que re\u00fane m\u00e1s apoyos en esca\u00f1os es \u00c1ngel Gabilondo\u201d. \u201cNo le pedimos a Rivera que nos vote sino que no bloquee el abrir un nuevo tiempo en la Comunidad de Madrid\u201d.<\/p>\n<p>Respecto a un impuesto tecnol\u00f3gico para financiar la subida de las pensiones que propone el Gobierno, el l\u00edder del PSOE ha asegurado \u201cnosotros proponemos un impuesto extraordinario al sistema financiero, que fue rescatado, y que se est\u00e9 planteando un impuesto a grandes empresas tecnol\u00f3gicas que no contribuyen conforme a los beneficios que tienen en nuestro pa\u00eds, nos parece un paso adecuado\u201d. \u201cAbramos el debate sobre la fiscalidad justa\u201d, ha reclamado S\u00e1nchez, que ha insistido en que la viabilidad del sistema de pensiones, que \u201ctodos estos debates, tenemos que tenerlos en el seno de la comisi\u00f3n del Pacto de Toledo. El PSOE est\u00e1 dispuesto a sentarse y hablar para garantizar la dignidad de las pensiones y la sostenibilidad del sistema\u201d.<\/p>\n<p>Pedro S\u00e1nchez ha estado acompa\u00f1ado por el presidente de la Junta de Extremadura y secretario general de los socialistas extreme\u00f1os, Guillermo Fern\u00e1ndez Vara, en la XXXIII Feria Nacional del Queso en Trujillo. S\u00e1nchez ha reconocido \u201cel trabajo de la Junta y de Guillermo\u201d en la Comunidad y ha mostrado el \u201ccompromiso con la Espa\u00f1a interior\u201d del Partido Socialista, que tiene muy presentes las reivindicaciones de Extremadura, que pasan por la lucha contra la despoblaci\u00f3n y la necesidad de una red ferroviaria \u201cdigna\u201d, entre otros asuntos. El secretario general del PSOE se ha mostrado convencido de que los socialistas \u201cestamos en condiciones \u00f3ptimas para revalidar y ampliar la mayor\u00eda que los extreme\u00f1os otorgaron en 2015 a Vara\u201d en las siguientes citas electorales.<\/p>\n","protected":false},"excerpt":{"rendered":"<p>\u201cDespu\u00e9s del 8 de Marzo, Espa\u00f1a cambi\u00f3\u201d. El secretario general del PSOE, Pedro S\u00e1nchez, ha asegurado que \u201cEspa\u00f1a cambi\u00f3 porque las mujeres salieron a la calle\u201d el 8 de Marzo \u201cpara reivindicar su papel y su poder de transformaci\u00f3n en la construcci\u00f3n\u201d de nuestra sociedad. A preguntas de los periodistas en Trujillo, C\u00e1ceres, sobre la [&hellip;]<\/p>\n","protected":false},"author":1,"featured_media":793321,"comment_status":"closed","ping_status":"closed","sticky":false,"template":"","format":"standard","meta":{"footnotes":""},"categories":[1],"tags":[],"class_list":["post-978122","post","type-post","status-publish","format-standard","has-post-thumbnail","hentry","category-actualidad"],"aioseo_notices":[],"aioseo_head":"\n\t\t<!-- All in One SEO Pro 5.0.1 - aioseo.com -->\n\t<meta name=\"description\" content=\"\u201cDespu\u00e9s del 8 de Marzo, Espa\u00f1a cambi\u00f3\u201d. El secretario general del PSOE, Pedro S\u00e1nchez, ha asegurado que \u201cEspa\u00f1a cambi\u00f3 porque las mujeres salieron a la calle\u201d el 8 de Marzo \u201cpara reivindicar su papel y su poder de transformaci\u00f3n en la construcci\u00f3n\u201d de nuestra sociedad. A preguntas de los periodistas en Trujillo, C\u00e1ceres, sobre la\" \/>\n\t<meta name=\"robots\" content=\"max-image-preview:large\" \/>\n\t<meta name=\"author\" content=\"El Digital de Asturias\"\/>\n\t<meta name=\"google-site-verification\" content=\"UA-38556648-1\" \/>\n\t<meta name=\"msvalidate.01\" content=\"7dfe9f3f1b24437ab69f4f2559babe99\" \/>\n\t<meta name=\"keywords\" content=\"actualidad\" \/>\n\t<link rel=\"canonical\" href=\"https:\/\/www.eldigitaldeasturias.com\/noticias\/pedro-sanchez-en-trujillo-despues-del-8-de-marzo-espana-cambio\/\" \/>\n\t<meta name=\"generator\" content=\"All in One SEO Pro (AIOSEO) 5.0.1\" \/>\n\t\t<meta property=\"og:locale\" content=\"es_ES\" \/>\n\t\t<meta property=\"og:site_name\" content=\"El Digital de Asturias\" \/>\n\t\t<meta property=\"og:type\" content=\"article\" \/>\n\t\t<meta property=\"og:title\" content=\"Pedro S\u00e1nchez en Trujillo: \u201cDespu\u00e9s del 8 de Marzo, Espa\u00f1a cambi\u00f3\u201d - El Digital de Asturias\" \/>\n\t\t<meta property=\"og:description\" content=\"\u201cDespu\u00e9s del 8 de Marzo, Espa\u00f1a cambi\u00f3\u201d. El secretario general del PSOE, Pedro S\u00e1nchez, ha asegurado que \u201cEspa\u00f1a cambi\u00f3 porque las mujeres salieron a la calle\u201d el 8 de Marzo \u201cpara reivindicar su papel y su poder de transformaci\u00f3n en la construcci\u00f3n\u201d de nuestra sociedad. A preguntas de los periodistas en Trujillo, C\u00e1ceres, sobre la\" \/>\n\t\t<meta property=\"og:url\" content=\"https:\/\/www.eldigitaldeasturias.com\/noticias\/pedro-sanchez-en-trujillo-despues-del-8-de-marzo-espana-cambio\/\" \/>\n\t\t<meta property=\"article:tag\" content=\"actualidad\" \/>\n\t\t<meta property=\"article:published_time\" content=\"2018-04-28T22:35:02+00:00\" \/>\n\t\t<meta property=\"article:modified_time\" content=\"2018-04-28T22:35:02+00:00\" \/>\n\t\t<meta property=\"article:publisher\" content=\"https:\/\/facebook.com\/eldigitaldeasturias\" \/>\n\t\t<meta name=\"twitter:card\" content=\"summary_large_image\" \/>\n\t\t<meta name=\"twitter:title\" content=\"Pedro S\u00e1nchez en Trujillo: \u201cDespu\u00e9s del 8 de Marzo, Espa\u00f1a cambi\u00f3\u201d - El Digital de Asturias\" \/>\n\t\t<meta name=\"twitter:description\" content=\"\u201cDespu\u00e9s del 8 de Marzo, Espa\u00f1a cambi\u00f3\u201d. El secretario general del PSOE, Pedro S\u00e1nchez, ha asegurado que \u201cEspa\u00f1a cambi\u00f3 porque las mujeres salieron a la calle\u201d el 8 de Marzo \u201cpara reivindicar su papel y su poder de transformaci\u00f3n en la construcci\u00f3n\u201d de nuestra sociedad. A preguntas de los periodistas en Trujillo, C\u00e1ceres, sobre la\" \/>\n\t\t<meta name=\"twitter:image\" content=\"https:\/\/www.eldigitaldeasturias.com\/noticias\/wp-content\/uploads\/2020\/12\/EDA-1.jpg\" \/>\n\t\t<meta name=\"twitter:label1\" content=\"Escrito por\" \/>\n\t\t<meta name=\"twitter:data1\" content=\"El Digital de Asturias\" \/>\n\t\t<meta name=\"twitter:label2\" content=\"Tiempo de lectura estimado\" \/>\n\t\t<meta name=\"twitter:data2\" content=\"3 minutos\" \/>\n\t\t<script type=\"application\/ld+json\" class=\"aioseo-schema\">\n\t\t\t{\"@context\":\"https:\\\/\\\/schema.org\",\"@graph\":[{\"@type\":\"BlogPosting\",\"@id\":\"https:\\\/\\\/www.eldigitaldeasturias.com\\\/noticias\\\/pedro-sanchez-en-trujillo-despues-del-8-de-marzo-espana-cambio\\\/#blogposting\",\"name\":\"Pedro S\\u00e1nchez en Trujillo: \\u201cDespu\\u00e9s del 8 de Marzo, Espa\\u00f1a cambi\\u00f3\\u201d - El Digital de Asturias\",\"headline\":\"Pedro S\\u00e1nchez en Trujillo: \\u201cDespu\\u00e9s del 8 de Marzo, Espa\\u00f1a cambi\\u00f3\\u201d\",\"author\":{\"@id\":\"https:\\\/\\\/www.eldigitaldeasturias.com\\\/noticias\\\/author\\\/admin\\\/#author\"},\"publisher\":{\"@id\":\"https:\\\/\\\/www.eldigitaldeasturias.com\\\/noticias\\\/#organization\"},\"image\":{\"@type\":\"ImageObject\",\"url\":793321},\"datePublished\":\"2018-04-28T22:35:02+02:00\",\"dateModified\":\"2018-04-28T22:35:02+02:00\",\"inLanguage\":\"es-ES\",\"mainEntityOfPage\":{\"@id\":\"https:\\\/\\\/www.eldigitaldeasturias.com\\\/noticias\\\/pedro-sanchez-en-trujillo-despues-del-8-de-marzo-espana-cambio\\\/#webpage\"},\"isPartOf\":{\"@id\":\"https:\\\/\\\/www.eldigitaldeasturias.com\\\/noticias\\\/pedro-sanchez-en-trujillo-despues-del-8-de-marzo-espana-cambio\\\/#webpage\"},\"articleSection\":\"Actualidad\"},{\"@type\":\"BreadcrumbList\",\"@id\":\"https:\\\/\\\/www.eldigitaldeasturias.com\\\/noticias\\\/pedro-sanchez-en-trujillo-despues-del-8-de-marzo-espana-cambio\\\/#breadcrumblist\",\"itemListElement\":[{\"@type\":\"ListItem\",\"@id\":\"https:\\\/\\\/www.eldigitaldeasturias.com\\\/noticias#listItem\",\"position\":1,\"name\":\"Home\",\"item\":\"https:\\\/\\\/www.eldigitaldeasturias.com\\\/noticias\",\"nextItem\":{\"@type\":\"ListItem\",\"@id\":\"https:\\\/\\\/www.eldigitaldeasturias.com\\\/noticias\\\/category\\\/actualidad\\\/#listItem\",\"name\":\"Actualidad\"}},{\"@type\":\"ListItem\",\"@id\":\"https:\\\/\\\/www.eldigitaldeasturias.com\\\/noticias\\\/category\\\/actualidad\\\/#listItem\",\"position\":2,\"name\":\"Actualidad\",\"item\":\"https:\\\/\\\/www.eldigitaldeasturias.com\\\/noticias\\\/category\\\/actualidad\\\/\",\"nextItem\":{\"@type\":\"ListItem\",\"@id\":\"https:\\\/\\\/www.eldigitaldeasturias.com\\\/noticias\\\/pedro-sanchez-en-trujillo-despues-del-8-de-marzo-espana-cambio\\\/#listItem\",\"name\":\"Pedro S\\u00e1nchez en Trujillo: \\u201cDespu\\u00e9s del 8 de Marzo, Espa\\u00f1a cambi\\u00f3\\u201d\"},\"previousItem\":{\"@type\":\"ListItem\",\"@id\":\"https:\\\/\\\/www.eldigitaldeasturias.com\\\/noticias#listItem\",\"name\":\"Home\"}},{\"@type\":\"ListItem\",\"@id\":\"https:\\\/\\\/www.eldigitaldeasturias.com\\\/noticias\\\/pedro-sanchez-en-trujillo-despues-del-8-de-marzo-espana-cambio\\\/#listItem\",\"position\":3,\"name\":\"Pedro S\\u00e1nchez en Trujillo: \\u201cDespu\\u00e9s del 8 de Marzo, Espa\\u00f1a cambi\\u00f3\\u201d\",\"previousItem\":{\"@type\":\"ListItem\",\"@id\":\"https:\\\/\\\/www.eldigitaldeasturias.com\\\/noticias\\\/category\\\/actualidad\\\/#listItem\",\"name\":\"Actualidad\"}}]},{\"@type\":\"Organization\",\"@id\":\"https:\\\/\\\/www.eldigitaldeasturias.com\\\/noticias\\\/#organization\",\"name\":\"El Digital de Asturias\",\"description\":\"Hemeroteca\",\"url\":\"https:\\\/\\\/www.eldigitaldeasturias.com\\\/noticias\\\/\",\"email\":\"info@eldigitaldeasturias.com\",\"telephone\":\"+34652131393\",\"logo\":{\"@type\":\"ImageObject\",\"url\":\"https:\\\/\\\/www.eldigitaldeasturias.com\\\/noticias\\\/wp-content\\\/uploads\\\/2020\\\/12\\\/EDA.jpg\",\"@id\":\"https:\\\/\\\/www.eldigitaldeasturias.com\\\/noticias\\\/pedro-sanchez-en-trujillo-despues-del-8-de-marzo-espana-cambio\\\/#organizationLogo\"},\"image\":{\"@id\":\"https:\\\/\\\/www.eldigitaldeasturias.com\\\/noticias\\\/pedro-sanchez-en-trujillo-despues-del-8-de-marzo-espana-cambio\\\/#organizationLogo\"},\"sameAs\":[\"https:\\\/\\\/facebook.com\\\/eldigitaldeasturias\",\"https:\\\/\\\/www.youtube.com\\\/channel\\\/UCZP-2wLEB9Rv6erhFmqVnvg\"],\"address\":{\"@id\":\"https:\\\/\\\/www.eldigitaldeasturias.com\\\/noticias\\\/#postaladdress\",\"@type\":\"PostalAddress\",\"streetAddress\":\"san antonio 4\",\"postalCode\":\"33430\",\"addressLocality\":\"Cand\\u00e1s\",\"addressRegion\":\"Asturias\",\"addressCountry\":\"ES\"}},{\"@type\":\"Person\",\"@id\":\"https:\\\/\\\/www.eldigitaldeasturias.com\\\/noticias\\\/author\\\/admin\\\/#author\",\"url\":\"https:\\\/\\\/www.eldigitaldeasturias.com\\\/noticias\\\/author\\\/admin\\\/\",\"name\":\"El Digital de Asturias\",\"image\":{\"@type\":\"ImageObject\",\"@id\":\"https:\\\/\\\/www.eldigitaldeasturias.com\\\/noticias\\\/pedro-sanchez-en-trujillo-despues-del-8-de-marzo-espana-cambio\\\/#authorImage\",\"url\":\"https:\\\/\\\/secure.gravatar.com\\\/avatar\\\/df2aeffc32bcd13f8d26072ef8a91b623d677766deac7f97ca815868cd41bf5e?s=96&d=mm&r=g\",\"width\":96,\"height\":96,\"caption\":\"El Digital de Asturias\"}},{\"@type\":\"WebPage\",\"@id\":\"https:\\\/\\\/www.eldigitaldeasturias.com\\\/noticias\\\/pedro-sanchez-en-trujillo-despues-del-8-de-marzo-espana-cambio\\\/#webpage\",\"url\":\"https:\\\/\\\/www.eldigitaldeasturias.com\\\/noticias\\\/pedro-sanchez-en-trujillo-despues-del-8-de-marzo-espana-cambio\\\/\",\"name\":\"Pedro S\\u00e1nchez en Trujillo: \\u201cDespu\\u00e9s del 8 de Marzo, Espa\\u00f1a cambi\\u00f3\\u201d - El Digital de Asturias\",\"description\":\"\\u201cDespu\\u00e9s del 8 de Marzo, Espa\\u00f1a cambi\\u00f3\\u201d. El secretario general del PSOE, Pedro S\\u00e1nchez, ha asegurado que \\u201cEspa\\u00f1a cambi\\u00f3 porque las mujeres salieron a la calle\\u201d el 8 de Marzo \\u201cpara reivindicar su papel y su poder de transformaci\\u00f3n en la construcci\\u00f3n\\u201d de nuestra sociedad. A preguntas de los periodistas en Trujillo, C\\u00e1ceres, sobre la\",\"inLanguage\":\"es-ES\",\"isPartOf\":{\"@id\":\"https:\\\/\\\/www.eldigitaldeasturias.com\\\/noticias\\\/#website\"},\"breadcrumb\":{\"@id\":\"https:\\\/\\\/www.eldigitaldeasturias.com\\\/noticias\\\/pedro-sanchez-en-trujillo-despues-del-8-de-marzo-espana-cambio\\\/#breadcrumblist\"},\"author\":{\"@id\":\"https:\\\/\\\/www.eldigitaldeasturias.com\\\/noticias\\\/author\\\/admin\\\/#author\"},\"creator\":{\"@id\":\"https:\\\/\\\/www.eldigitaldeasturias.com\\\/noticias\\\/author\\\/admin\\\/#author\"},\"image\":{\"@type\":\"ImageObject\",\"url\":793321,\"@id\":\"https:\\\/\\\/www.eldigitaldeasturias.com\\\/noticias\\\/pedro-sanchez-en-trujillo-despues-del-8-de-marzo-espana-cambio\\\/#mainImage\"},\"primaryImageOfPage\":{\"@id\":\"https:\\\/\\\/www.eldigitaldeasturias.com\\\/noticias\\\/pedro-sanchez-en-trujillo-despues-del-8-de-marzo-espana-cambio\\\/#mainImage\"},\"datePublished\":\"2018-04-28T22:35:02+02:00\",\"dateModified\":\"2018-04-28T22:35:02+02:00\"},{\"@type\":\"WebSite\",\"@id\":\"https:\\\/\\\/www.eldigitaldeasturias.com\\\/noticias\\\/#website\",\"url\":\"https:\\\/\\\/www.eldigitaldeasturias.com\\\/noticias\\\/\",\"name\":\"El Digital de Asturias - Diario de actualidad y noticias\",\"alternateName\":\"El Digital de Asturias - Diario de actualidad y noticias\",\"description\":\"Hemeroteca\",\"inLanguage\":\"es-ES\",\"publisher\":{\"@id\":\"https:\\\/\\\/www.eldigitaldeasturias.com\\\/noticias\\\/#organization\"}}]}\n\t\t<\/script>\n\t\t<!-- All in One SEO Pro -->\r\n\t\t<title>Pedro S\u00e1nchez en Trujillo: \u201cDespu\u00e9s del 8 de Marzo, Espa\u00f1a cambi\u00f3\u201d - El Digital de Asturias<\/title>\n\n","aioseo_head_json":{"title":"Pedro S\u00e1nchez en Trujillo: \u201cDespu\u00e9s del 8 de Marzo, Espa\u00f1a cambi\u00f3\u201d - El Digital de Asturias","description":"\u201cDespu\u00e9s del 8 de Marzo, Espa\u00f1a cambi\u00f3\u201d. El secretario general del PSOE, Pedro S\u00e1nchez, ha asegurado que \u201cEspa\u00f1a cambi\u00f3 porque las mujeres salieron a la calle\u201d el 8 de Marzo \u201cpara reivindicar su papel y su poder de transformaci\u00f3n en la construcci\u00f3n\u201d de nuestra sociedad. A preguntas de los periodistas en Trujillo, C\u00e1ceres, sobre la","canonical_url":"https:\/\/www.eldigitaldeasturias.com\/noticias\/pedro-sanchez-en-trujillo-despues-del-8-de-marzo-espana-cambio\/","robots":"max-image-preview:large","keywords":"actualidad","webmasterTools":{"google-site-verification":"UA-38556648-1","msvalidate.01":"7dfe9f3f1b24437ab69f4f2559babe99","miscellaneous":""},"schema":{"@context":"https:\/\/schema.org","@graph":[{"@type":"BlogPosting","@id":"https:\/\/www.eldigitaldeasturias.com\/noticias\/pedro-sanchez-en-trujillo-despues-del-8-de-marzo-espana-cambio\/#blogposting","name":"Pedro S\u00e1nchez en Trujillo: \u201cDespu\u00e9s del 8 de Marzo, Espa\u00f1a cambi\u00f3\u201d - El Digital de Asturias","headline":"Pedro S\u00e1nchez en Trujillo: \u201cDespu\u00e9s del 8 de Marzo, Espa\u00f1a cambi\u00f3\u201d","author":{"@id":"https:\/\/www.eldigitaldeasturias.com\/noticias\/author\/admin\/#author"},"publisher":{"@id":"https:\/\/www.eldigitaldeasturias.com\/noticias\/#organization"},"image":{"@type":"ImageObject","url":793321},"datePublished":"2018-04-28T22:35:02+02:00","dateModified":"2018-04-28T22:35:02+02:00","inLanguage":"es-ES","mainEntityOfPage":{"@id":"https:\/\/www.eldigitaldeasturias.com\/noticias\/pedro-sanchez-en-trujillo-despues-del-8-de-marzo-espana-cambio\/#webpage"},"isPartOf":{"@id":"https:\/\/www.eldigitaldeasturias.com\/noticias\/pedro-sanchez-en-trujillo-despues-del-8-de-marzo-espana-cambio\/#webpage"},"articleSection":"Actualidad"},{"@type":"BreadcrumbList","@id":"https:\/\/www.eldigitaldeasturias.com\/noticias\/pedro-sanchez-en-trujillo-despues-del-8-de-marzo-espana-cambio\/#breadcrumblist","itemListElement":[{"@type":"ListItem","@id":"https:\/\/www.eldigitaldeasturias.com\/noticias#listItem","position":1,"name":"Home","item":"https:\/\/www.eldigitaldeasturias.com\/noticias","nextItem":{"@type":"ListItem","@id":"https:\/\/www.eldigitaldeasturias.com\/noticias\/category\/actualidad\/#listItem","name":"Actualidad"}},{"@type":"ListItem","@id":"https:\/\/www.eldigitaldeasturias.com\/noticias\/category\/actualidad\/#listItem","position":2,"name":"Actualidad","item":"https:\/\/www.eldigitaldeasturias.com\/noticias\/category\/actualidad\/","nextItem":{"@type":"ListItem","@id":"https:\/\/www.eldigitaldeasturias.com\/noticias\/pedro-sanchez-en-trujillo-despues-del-8-de-marzo-espana-cambio\/#listItem","name":"Pedro S\u00e1nchez en Trujillo: \u201cDespu\u00e9s del 8 de Marzo, Espa\u00f1a cambi\u00f3\u201d"},"previousItem":{"@type":"ListItem","@id":"https:\/\/www.eldigitaldeasturias.com\/noticias#listItem","name":"Home"}},{"@type":"ListItem","@id":"https:\/\/www.eldigitaldeasturias.com\/noticias\/pedro-sanchez-en-trujillo-despues-del-8-de-marzo-espana-cambio\/#listItem","position":3,"name":"Pedro S\u00e1nchez en Trujillo: \u201cDespu\u00e9s del 8 de Marzo, Espa\u00f1a cambi\u00f3\u201d","previousItem":{"@type":"ListItem","@id":"https:\/\/www.eldigitaldeasturias.com\/noticias\/category\/actualidad\/#listItem","name":"Actualidad"}}]},{"@type":"Organization","@id":"https:\/\/www.eldigitaldeasturias.com\/noticias\/#organization","name":"El Digital de Asturias","description":"Hemeroteca","url":"https:\/\/www.eldigitaldeasturias.com\/noticias\/","email":"info@eldigitaldeasturias.com","telephone":"+34652131393","logo":{"@type":"ImageObject","url":"https:\/\/www.eldigitaldeasturias.com\/noticias\/wp-content\/uploads\/2020\/12\/EDA.jpg","@id":"https:\/\/www.eldigitaldeasturias.com\/noticias\/pedro-sanchez-en-trujillo-despues-del-8-de-marzo-espana-cambio\/#organizationLogo"},"image":{"@id":"https:\/\/www.eldigitaldeasturias.com\/noticias\/pedro-sanchez-en-trujillo-despues-del-8-de-marzo-espana-cambio\/#organizationLogo"},"sameAs":["https:\/\/facebook.com\/eldigitaldeasturias","https:\/\/www.youtube.com\/channel\/UCZP-2wLEB9Rv6erhFmqVnvg"],"address":{"@id":"https:\/\/www.eldigitaldeasturias.com\/noticias\/#postaladdress","@type":"PostalAddress","streetAddress":"san antonio 4","postalCode":"33430","addressLocality":"Cand\u00e1s","addressRegion":"Asturias","addressCountry":"ES"}},{"@type":"Person","@id":"https:\/\/www.eldigitaldeasturias.com\/noticias\/author\/admin\/#author","url":"https:\/\/www.eldigitaldeasturias.com\/noticias\/author\/admin\/","name":"El Digital de Asturias","image":{"@type":"ImageObject","@id":"https:\/\/www.eldigitaldeasturias.com\/noticias\/pedro-sanchez-en-trujillo-despues-del-8-de-marzo-espana-cambio\/#authorImage","url":"https:\/\/secure.gravatar.com\/avatar\/df2aeffc32bcd13f8d26072ef8a91b623d677766deac7f97ca815868cd41bf5e?s=96&d=mm&r=g","width":96,"height":96,"caption":"El Digital de Asturias"}},{"@type":"WebPage","@id":"https:\/\/www.eldigitaldeasturias.com\/noticias\/pedro-sanchez-en-trujillo-despues-del-8-de-marzo-espana-cambio\/#webpage","url":"https:\/\/www.eldigitaldeasturias.com\/noticias\/pedro-sanchez-en-trujillo-despues-del-8-de-marzo-espana-cambio\/","name":"Pedro S\u00e1nchez en Trujillo: \u201cDespu\u00e9s del 8 de Marzo, Espa\u00f1a cambi\u00f3\u201d - El Digital de Asturias","description":"\u201cDespu\u00e9s del 8 de Marzo, Espa\u00f1a cambi\u00f3\u201d. El secretario general del PSOE, Pedro S\u00e1nchez, ha asegurado que \u201cEspa\u00f1a cambi\u00f3 porque las mujeres salieron a la calle\u201d el 8 de Marzo \u201cpara reivindicar su papel y su poder de transformaci\u00f3n en la construcci\u00f3n\u201d de nuestra sociedad. A preguntas de los periodistas en Trujillo, C\u00e1ceres, sobre la","inLanguage":"es-ES","isPartOf":{"@id":"https:\/\/www.eldigitaldeasturias.com\/noticias\/#website"},"breadcrumb":{"@id":"https:\/\/www.eldigitaldeasturias.com\/noticias\/pedro-sanchez-en-trujillo-despues-del-8-de-marzo-espana-cambio\/#breadcrumblist"},"author":{"@id":"https:\/\/www.eldigitaldeasturias.com\/noticias\/author\/admin\/#author"},"creator":{"@id":"https:\/\/www.eldigitaldeasturias.com\/noticias\/author\/admin\/#author"},"image":{"@type":"ImageObject","url":793321,"@id":"https:\/\/www.eldigitaldeasturias.com\/noticias\/pedro-sanchez-en-trujillo-despues-del-8-de-marzo-espana-cambio\/#mainImage"},"primaryImageOfPage":{"@id":"https:\/\/www.eldigitaldeasturias.com\/noticias\/pedro-sanchez-en-trujillo-despues-del-8-de-marzo-espana-cambio\/#mainImage"},"datePublished":"2018-04-28T22:35:02+02:00","dateModified":"2018-04-28T22:35:02+02:00"},{"@type":"WebSite","@id":"https:\/\/www.eldigitaldeasturias.com\/noticias\/#website","url":"https:\/\/www.eldigitaldeasturias.com\/noticias\/","name":"El Digital de Asturias - Diario de actualidad y noticias","alternateName":"El Digital de Asturias - Diario de actualidad y noticias","description":"Hemeroteca","inLanguage":"es-ES","publisher":{"@id":"https:\/\/www.eldigitaldeasturias.com\/noticias\/#organization"}}]},"og:locale":"es_ES","og:site_name":"El Digital de Asturias","og:type":"article","og:title":"Pedro S\u00e1nchez en Trujillo: \u201cDespu\u00e9s del 8 de Marzo, Espa\u00f1a cambi\u00f3\u201d - El Digital de Asturias","og:description":"\u201cDespu\u00e9s del 8 de Marzo, Espa\u00f1a cambi\u00f3\u201d. El secretario general del PSOE, Pedro S\u00e1nchez, ha asegurado que \u201cEspa\u00f1a cambi\u00f3 porque las mujeres salieron a la calle\u201d el 8 de Marzo \u201cpara reivindicar su papel y su poder de transformaci\u00f3n en la construcci\u00f3n\u201d de nuestra sociedad. A preguntas de los periodistas en Trujillo, C\u00e1ceres, sobre la","og:url":"https:\/\/www.eldigitaldeasturias.com\/noticias\/pedro-sanchez-en-trujillo-despues-del-8-de-marzo-espana-cambio\/","article:tag":["actualidad"],"article:published_time":"2018-04-28T22:35:02+00:00","article:modified_time":"2018-04-28T22:35:02+00:00","article:publisher":"https:\/\/facebook.com\/eldigitaldeasturias","twitter:card":"summary_large_image","twitter:title":"Pedro S\u00e1nchez en Trujillo: \u201cDespu\u00e9s del 8 de Marzo, Espa\u00f1a cambi\u00f3\u201d - El Digital de Asturias","twitter:description":"\u201cDespu\u00e9s del 8 de Marzo, Espa\u00f1a cambi\u00f3\u201d. El secretario general del PSOE, Pedro S\u00e1nchez, ha asegurado que \u201cEspa\u00f1a cambi\u00f3 porque las mujeres salieron a la calle\u201d el 8 de Marzo \u201cpara reivindicar su papel y su poder de transformaci\u00f3n en la construcci\u00f3n\u201d de nuestra sociedad. A preguntas de los periodistas en Trujillo, C\u00e1ceres, sobre la","twitter:image":"https:\/\/www.eldigitaldeasturias.com\/noticias\/wp-content\/uploads\/2020\/12\/EDA-1.jpg","twitter:label1":"Escrito por","twitter:data1":"El Digital de Asturias","twitter:label2":"Tiempo de lectura estimado","twitter:data2":"3 minutos"},"aioseo_meta_data":{"post_id":"978122","title":null,"description":null,"keywords":null,"keyphrases":null,"primary_term":null,"canonical_url":null,"og_title":null,"og_description":null,"og_object_type":"default","og_image_type":"default","og_image_url":null,"og_image_width":null,"og_image_height":null,"og_image_custom_url":null,"og_image_custom_fields":null,"og_video":null,"og_custom_url":null,"og_article_section":null,"og_article_tags":null,"twitter_use_og":false,"twitter_card":"default","twitter_image_type":"default","twitter_image_url":null,"twitter_image_custom_url":null,"twitter_image_custom_fields":null,"twitter_title":null,"twitter_description":null,"schema":{"blockGraphs":[],"customGraphs":[],"default":{"data":{"Article":[],"Course":[],"Dataset":[],"FAQPage":[],"Movie":[],"Person":[],"Product":[],"ProductReview":[],"Car":[],"Recipe":[],"Service":[],"SoftwareApplication":[],"WebPage":[]},"graphName":"","isEnabled":true},"graphs":[],"defaultGraph":"","defaultPostTypeGraph":""},"schema_type":null,"schema_type_options":null,"pillar_content":false,"robots_default":true,"robots_noindex":false,"robots_noarchive":false,"robots_nosnippet":false,"robots_nofollow":false,"robots_noimageindex":false,"robots_noodp":false,"robots_notranslate":false,"robots_max_snippet":null,"robots_max_videopreview":null,"robots_max_imagepreview":"large","priority":null,"frequency":null,"local_seo":null,"seo_analyzer_scan_date":"2025-10-08 09:43:07","breadcrumb_settings":null,"limit_modified_date":false,"open_ai":null,"ai":null,"created":"2020-12-21 12:03:39","updated":"2025-10-08 09:43:07","focus_keyword":null,"additional_keywords":null,"truseo_locale":null},"aioseo_breadcrumb":"<div class=\"aioseo-breadcrumbs\"><span class=\"aioseo-breadcrumb\">\n\t<a href=\"https:\/\/www.eldigitaldeasturias.com\/noticias\" title=\"Home\">Home<\/a>\n<\/span><span class=\"aioseo-breadcrumb-separator\">\u2013<\/span><span class=\"aioseo-breadcrumb\">\n\t<a href=\"https:\/\/www.eldigitaldeasturias.com\/noticias\/category\/actualidad\/\" title=\"Actualidad\">Actualidad<\/a>\n<\/span><span class=\"aioseo-breadcrumb-separator\">\u2013<\/span><span class=\"aioseo-breadcrumb\">\n\t<a href=\"https:\/\/www.eldigitaldeasturias.com\/noticias\/pedro-sanchez-en-trujillo-despues-del-8-de-marzo-espana-cambio\/\" title=\"Pedro S\u00e1nchez en Trujillo: \u201cDespu\u00e9s del 8 de Marzo, Espa\u00f1a cambi\u00f3\u201d\">Pedro S\u00e1nchez en Trujillo: \u201cDespu\u00e9s del 8 de Marzo, Espa\u00f1a cambi\u00f3\u201d<\/a>\n<\/span><\/div>","aioseo_breadcrumb_json":[{"label":"Home","link":"https:\/\/www.eldigitaldeasturias.com\/noticias"},{"label":"Actualidad","link":"https:\/\/www.eldigitaldeasturias.com\/noticias\/category\/actualidad\/"},{"label":"Pedro S\u00e1nchez en Trujillo: \u201cDespu\u00e9s del 8 de Marzo, Espa\u00f1a cambi\u00f3\u201d","link":"https:\/\/www.eldigitaldeasturias.com\/noticias\/pedro-sanchez-en-trujillo-despues-del-8-de-marzo-espana-cambio\/"}],"_links":{"self":[{"href":"https:\/\/www.eldigitaldeasturias.com\/noticias\/wp-json\/wp\/v2\/posts\/978122","targetHints":{"allow":["GET"]}}],"collection":[{"href":"https:\/\/www.eldigitaldeasturias.com\/noticias\/wp-json\/wp\/v2\/posts"}],"about":[{"href":"https:\/\/www.eldigitaldeasturias.com\/noticias\/wp-json\/wp\/v2\/types\/post"}],"author":[{"embeddable":true,"href":"https:\/\/www.eldigitaldeasturias.com\/noticias\/wp-json\/wp\/v2\/users\/1"}],"replies":[{"embeddable":true,"href":"https:\/\/www.eldigitaldeasturias.com\/noticias\/wp-json\/wp\/v2\/comments?post=978122"}],"version-history":[{"count":0,"href":"https:\/\/www.eldigitaldeasturias.com\/noticias\/wp-json\/wp\/v2\/posts\/978122\/revisions"}],"wp:attachment":[{"href":"https:\/\/www.eldigitaldeasturias.com\/noticias\/wp-json\/wp\/v2\/media?parent=978122"}],"wp:term":[{"taxonomy":"category","embeddable":true,"href":"https:\/\/www.eldigitaldeasturias.com\/noticias\/wp-json\/wp\/v2\/categories?post=978122"},{"taxonomy":"post_tag","embeddable":true,"href":"https:\/\/www.eldigitaldeasturias.com\/noticias\/wp-json\/wp\/v2\/tags?post=978122"}],"curies":[{"name":"wp","href":"https:\/\/api.w.org\/{rel}","templated":true}]}}