{"id":978119,"date":"2018-04-28T22:27:38","date_gmt":"2018-04-28T22:27:38","guid":{"rendered":"http:\/\/www.eldigitaldeasturias.com\/noticias\/?p=978119"},"modified":"2018-04-28T22:27:38","modified_gmt":"2018-04-28T22:27:38","slug":"la-calle-indiscreta-en-puerto-venecia","status":"publish","type":"post","link":"https:\/\/www.eldigitaldeasturias.com\/noticias\/la-calle-indiscreta-en-puerto-venecia\/","title":{"rendered":"\u201cLa Calle Indiscreta\u201d en Puerto Venecia"},"content":{"rendered":"<p><img loading=\"lazy\" decoding=\"async\" class=\"alignleft size-medium wp-image-978120\" src=\"https:\/\/www.eldigitaldeasturias.com\/noticias\/wp-content\/uploads\/2018\/04\/imagenes_20171016_152826_4e9f744a-360x159.jpg\" alt=\"\" width=\"360\" height=\"159\" \/>El Departamento de Desarrollo Rural y Sostenibilidad del Gobierno de Arag\u00f3n ha puesto de nuevo en marcha el aula m\u00f3vil de medio ambiente urbano \u201cLa Calle Indiscreta\u201d, un equipamiento para seguir ofreciendo a la poblaci\u00f3n aragonesa actividades de educaci\u00f3n ambiental sobre medio ambiente urbano.<\/p>\n<p>Del 20 de abril al 20 de junio el aula m\u00f3vil de medio ambiente urbano se instalar\u00e1 en el Centro Comercial Puerto Venecia para seguir ofertando sus actividades de educaci\u00f3n medioambiental para un amplio p\u00fablico.<\/p>\n<p>Las actividades que se realizan abarcan las diferentes problem\u00e1ticas ambientales derivadas de la vida urbana: la gesti\u00f3n de los residuos, el ahorro de agua o energ\u00eda, la forma de \u201cmoverse\u201d de un lado a otro, y el consumo responsable.<\/p>\n<p>Todos los ciudadanos, peque\u00f1os y mayores, tienen que conocer estos procesos y c\u00f3mo pueden contribuir con sus actos cotidianos al cuidado del entorno en el que viven, y a mayor escala, c\u00f3mo afecta al cambio clim\u00e1tico.<\/p>\n<p>Con din\u00e1micas l\u00fadicas y participativas se acerca a los ciudadanos estos problemas y las soluciones ambientales.<\/p>\n","protected":false},"excerpt":{"rendered":"<p>El Departamento de Desarrollo Rural y Sostenibilidad del Gobierno de Arag\u00f3n ha puesto de nuevo en marcha el aula m\u00f3vil de medio ambiente urbano \u201cLa Calle Indiscreta\u201d, un equipamiento para seguir ofreciendo a la poblaci\u00f3n aragonesa actividades de educaci\u00f3n ambiental sobre medio ambiente urbano. Del 20 de abril al 20 de junio el aula m\u00f3vil [&hellip;]<\/p>\n","protected":false},"author":1,"featured_media":978120,"comment_status":"closed","ping_status":"closed","sticky":false,"template":"","format":"standard","meta":{"footnotes":""},"categories":[1],"tags":[],"class_list":["post-978119","post","type-post","status-publish","format-standard","has-post-thumbnail","hentry","category-actualidad"],"aioseo_notices":[],"aioseo_head":"\n\t\t<!-- All in One SEO Pro 5.0.1 - aioseo.com -->\n\t<meta name=\"description\" content=\"El Departamento de Desarrollo Rural y Sostenibilidad del Gobierno de Arag\u00f3n ha puesto de nuevo en marcha el aula m\u00f3vil de medio ambiente urbano \u201cLa Calle Indiscreta\u201d, un equipamiento para seguir ofreciendo a la poblaci\u00f3n aragonesa actividades de educaci\u00f3n ambiental sobre medio ambiente urbano. Del 20 de abril al 20 de junio el aula m\u00f3vil\" \/>\n\t<meta name=\"robots\" content=\"max-image-preview:large\" \/>\n\t<meta name=\"author\" content=\"El Digital de Asturias\"\/>\n\t<meta name=\"google-site-verification\" content=\"UA-38556648-1\" \/>\n\t<meta name=\"msvalidate.01\" content=\"7dfe9f3f1b24437ab69f4f2559babe99\" \/>\n\t<meta name=\"keywords\" content=\"actualidad\" \/>\n\t<link rel=\"canonical\" href=\"https:\/\/www.eldigitaldeasturias.com\/noticias\/la-calle-indiscreta-en-puerto-venecia\/\" \/>\n\t<meta name=\"generator\" content=\"All in One SEO Pro (AIOSEO) 5.0.1\" \/>\n\t\t<meta property=\"og:locale\" content=\"es_ES\" \/>\n\t\t<meta property=\"og:site_name\" content=\"El Digital de Asturias\" \/>\n\t\t<meta property=\"og:type\" content=\"article\" \/>\n\t\t<meta property=\"og:title\" content=\"\u201cLa Calle Indiscreta\u201d en Puerto Venecia - El Digital de Asturias\" \/>\n\t\t<meta property=\"og:description\" content=\"El Departamento de Desarrollo Rural y Sostenibilidad del Gobierno de Arag\u00f3n ha puesto de nuevo en marcha el aula m\u00f3vil de medio ambiente urbano \u201cLa Calle Indiscreta\u201d, un equipamiento para seguir ofreciendo a la poblaci\u00f3n aragonesa actividades de educaci\u00f3n ambiental sobre medio ambiente urbano. Del 20 de abril al 20 de junio el aula m\u00f3vil\" \/>\n\t\t<meta property=\"og:url\" content=\"https:\/\/www.eldigitaldeasturias.com\/noticias\/la-calle-indiscreta-en-puerto-venecia\/\" \/>\n\t\t<meta property=\"article:tag\" content=\"actualidad\" \/>\n\t\t<meta property=\"article:published_time\" content=\"2018-04-28T22:27:38+00:00\" \/>\n\t\t<meta property=\"article:modified_time\" content=\"2018-04-28T22:27:38+00:00\" \/>\n\t\t<meta property=\"article:publisher\" content=\"https:\/\/facebook.com\/eldigitaldeasturias\" \/>\n\t\t<meta name=\"twitter:card\" content=\"summary_large_image\" \/>\n\t\t<meta name=\"twitter:title\" content=\"\u201cLa Calle Indiscreta\u201d en Puerto Venecia - El Digital de Asturias\" \/>\n\t\t<meta name=\"twitter:description\" content=\"El Departamento de Desarrollo Rural y Sostenibilidad del Gobierno de Arag\u00f3n ha puesto de nuevo en marcha el aula m\u00f3vil de medio ambiente urbano \u201cLa Calle Indiscreta\u201d, un equipamiento para seguir ofreciendo a la poblaci\u00f3n aragonesa actividades de educaci\u00f3n ambiental sobre medio ambiente urbano. Del 20 de abril al 20 de junio el aula m\u00f3vil\" \/>\n\t\t<meta name=\"twitter:image\" content=\"https:\/\/www.eldigitaldeasturias.com\/noticias\/wp-content\/uploads\/2020\/12\/EDA-1.jpg\" \/>\n\t\t<meta name=\"twitter:label1\" content=\"Escrito por\" \/>\n\t\t<meta name=\"twitter:data1\" content=\"El Digital de Asturias\" \/>\n\t\t<meta name=\"twitter:label2\" content=\"Tiempo de lectura estimado\" \/>\n\t\t<meta name=\"twitter:data2\" content=\"1 minuto\" \/>\n\t\t<script type=\"application\/ld+json\" class=\"aioseo-schema\">\n\t\t\t{\"@context\":\"https:\\\/\\\/schema.org\",\"@graph\":[{\"@type\":\"BlogPosting\",\"@id\":\"https:\\\/\\\/www.eldigitaldeasturias.com\\\/noticias\\\/la-calle-indiscreta-en-puerto-venecia\\\/#blogposting\",\"name\":\"\\u201cLa Calle Indiscreta\\u201d en Puerto Venecia - El Digital de Asturias\",\"headline\":\"\\u201cLa Calle Indiscreta\\u201d en Puerto Venecia\",\"author\":{\"@id\":\"https:\\\/\\\/www.eldigitaldeasturias.com\\\/noticias\\\/author\\\/admin\\\/#author\"},\"publisher\":{\"@id\":\"https:\\\/\\\/www.eldigitaldeasturias.com\\\/noticias\\\/#organization\"},\"image\":{\"@type\":\"ImageObject\",\"url\":978120},\"datePublished\":\"2018-04-28T22:27:38+02:00\",\"dateModified\":\"2018-04-28T22:27:38+02:00\",\"inLanguage\":\"es-ES\",\"mainEntityOfPage\":{\"@id\":\"https:\\\/\\\/www.eldigitaldeasturias.com\\\/noticias\\\/la-calle-indiscreta-en-puerto-venecia\\\/#webpage\"},\"isPartOf\":{\"@id\":\"https:\\\/\\\/www.eldigitaldeasturias.com\\\/noticias\\\/la-calle-indiscreta-en-puerto-venecia\\\/#webpage\"},\"articleSection\":\"Actualidad\"},{\"@type\":\"BreadcrumbList\",\"@id\":\"https:\\\/\\\/www.eldigitaldeasturias.com\\\/noticias\\\/la-calle-indiscreta-en-puerto-venecia\\\/#breadcrumblist\",\"itemListElement\":[{\"@type\":\"ListItem\",\"@id\":\"https:\\\/\\\/www.eldigitaldeasturias.com\\\/noticias#listItem\",\"position\":1,\"name\":\"Home\",\"item\":\"https:\\\/\\\/www.eldigitaldeasturias.com\\\/noticias\",\"nextItem\":{\"@type\":\"ListItem\",\"@id\":\"https:\\\/\\\/www.eldigitaldeasturias.com\\\/noticias\\\/category\\\/actualidad\\\/#listItem\",\"name\":\"Actualidad\"}},{\"@type\":\"ListItem\",\"@id\":\"https:\\\/\\\/www.eldigitaldeasturias.com\\\/noticias\\\/category\\\/actualidad\\\/#listItem\",\"position\":2,\"name\":\"Actualidad\",\"item\":\"https:\\\/\\\/www.eldigitaldeasturias.com\\\/noticias\\\/category\\\/actualidad\\\/\",\"nextItem\":{\"@type\":\"ListItem\",\"@id\":\"https:\\\/\\\/www.eldigitaldeasturias.com\\\/noticias\\\/la-calle-indiscreta-en-puerto-venecia\\\/#listItem\",\"name\":\"\\u201cLa Calle Indiscreta\\u201d en Puerto Venecia\"},\"previousItem\":{\"@type\":\"ListItem\",\"@id\":\"https:\\\/\\\/www.eldigitaldeasturias.com\\\/noticias#listItem\",\"name\":\"Home\"}},{\"@type\":\"ListItem\",\"@id\":\"https:\\\/\\\/www.eldigitaldeasturias.com\\\/noticias\\\/la-calle-indiscreta-en-puerto-venecia\\\/#listItem\",\"position\":3,\"name\":\"\\u201cLa Calle Indiscreta\\u201d en Puerto Venecia\",\"previousItem\":{\"@type\":\"ListItem\",\"@id\":\"https:\\\/\\\/www.eldigitaldeasturias.com\\\/noticias\\\/category\\\/actualidad\\\/#listItem\",\"name\":\"Actualidad\"}}]},{\"@type\":\"Organization\",\"@id\":\"https:\\\/\\\/www.eldigitaldeasturias.com\\\/noticias\\\/#organization\",\"name\":\"El Digital de Asturias\",\"description\":\"Hemeroteca\",\"url\":\"https:\\\/\\\/www.eldigitaldeasturias.com\\\/noticias\\\/\",\"email\":\"info@eldigitaldeasturias.com\",\"telephone\":\"+34652131393\",\"logo\":{\"@type\":\"ImageObject\",\"url\":\"https:\\\/\\\/www.eldigitaldeasturias.com\\\/noticias\\\/wp-content\\\/uploads\\\/2020\\\/12\\\/EDA.jpg\",\"@id\":\"https:\\\/\\\/www.eldigitaldeasturias.com\\\/noticias\\\/la-calle-indiscreta-en-puerto-venecia\\\/#organizationLogo\"},\"image\":{\"@id\":\"https:\\\/\\\/www.eldigitaldeasturias.com\\\/noticias\\\/la-calle-indiscreta-en-puerto-venecia\\\/#organizationLogo\"},\"sameAs\":[\"https:\\\/\\\/facebook.com\\\/eldigitaldeasturias\",\"https:\\\/\\\/www.youtube.com\\\/channel\\\/UCZP-2wLEB9Rv6erhFmqVnvg\"],\"address\":{\"@id\":\"https:\\\/\\\/www.eldigitaldeasturias.com\\\/noticias\\\/#postaladdress\",\"@type\":\"PostalAddress\",\"streetAddress\":\"san antonio 4\",\"postalCode\":\"33430\",\"addressLocality\":\"Cand\\u00e1s\",\"addressRegion\":\"Asturias\",\"addressCountry\":\"ES\"}},{\"@type\":\"Person\",\"@id\":\"https:\\\/\\\/www.eldigitaldeasturias.com\\\/noticias\\\/author\\\/admin\\\/#author\",\"url\":\"https:\\\/\\\/www.eldigitaldeasturias.com\\\/noticias\\\/author\\\/admin\\\/\",\"name\":\"El Digital de Asturias\",\"image\":{\"@type\":\"ImageObject\",\"@id\":\"https:\\\/\\\/www.eldigitaldeasturias.com\\\/noticias\\\/la-calle-indiscreta-en-puerto-venecia\\\/#authorImage\",\"url\":\"https:\\\/\\\/secure.gravatar.com\\\/avatar\\\/df2aeffc32bcd13f8d26072ef8a91b623d677766deac7f97ca815868cd41bf5e?s=96&d=mm&r=g\",\"width\":96,\"height\":96,\"caption\":\"El Digital de Asturias\"}},{\"@type\":\"WebPage\",\"@id\":\"https:\\\/\\\/www.eldigitaldeasturias.com\\\/noticias\\\/la-calle-indiscreta-en-puerto-venecia\\\/#webpage\",\"url\":\"https:\\\/\\\/www.eldigitaldeasturias.com\\\/noticias\\\/la-calle-indiscreta-en-puerto-venecia\\\/\",\"name\":\"\\u201cLa Calle Indiscreta\\u201d en Puerto Venecia - El Digital de Asturias\",\"description\":\"El Departamento de Desarrollo Rural y Sostenibilidad del Gobierno de Arag\\u00f3n ha puesto de nuevo en marcha el aula m\\u00f3vil de medio ambiente urbano \\u201cLa Calle Indiscreta\\u201d, un equipamiento para seguir ofreciendo a la poblaci\\u00f3n aragonesa actividades de educaci\\u00f3n ambiental sobre medio ambiente urbano. Del 20 de abril al 20 de junio el aula m\\u00f3vil\",\"inLanguage\":\"es-ES\",\"isPartOf\":{\"@id\":\"https:\\\/\\\/www.eldigitaldeasturias.com\\\/noticias\\\/#website\"},\"breadcrumb\":{\"@id\":\"https:\\\/\\\/www.eldigitaldeasturias.com\\\/noticias\\\/la-calle-indiscreta-en-puerto-venecia\\\/#breadcrumblist\"},\"author\":{\"@id\":\"https:\\\/\\\/www.eldigitaldeasturias.com\\\/noticias\\\/author\\\/admin\\\/#author\"},\"creator\":{\"@id\":\"https:\\\/\\\/www.eldigitaldeasturias.com\\\/noticias\\\/author\\\/admin\\\/#author\"},\"image\":{\"@type\":\"ImageObject\",\"url\":978120,\"@id\":\"https:\\\/\\\/www.eldigitaldeasturias.com\\\/noticias\\\/la-calle-indiscreta-en-puerto-venecia\\\/#mainImage\"},\"primaryImageOfPage\":{\"@id\":\"https:\\\/\\\/www.eldigitaldeasturias.com\\\/noticias\\\/la-calle-indiscreta-en-puerto-venecia\\\/#mainImage\"},\"datePublished\":\"2018-04-28T22:27:38+02:00\",\"dateModified\":\"2018-04-28T22:27:38+02:00\"},{\"@type\":\"WebSite\",\"@id\":\"https:\\\/\\\/www.eldigitaldeasturias.com\\\/noticias\\\/#website\",\"url\":\"https:\\\/\\\/www.eldigitaldeasturias.com\\\/noticias\\\/\",\"name\":\"El Digital de Asturias - Diario de actualidad y noticias\",\"alternateName\":\"El Digital de Asturias - Diario de actualidad y noticias\",\"description\":\"Hemeroteca\",\"inLanguage\":\"es-ES\",\"publisher\":{\"@id\":\"https:\\\/\\\/www.eldigitaldeasturias.com\\\/noticias\\\/#organization\"}}]}\n\t\t<\/script>\n\t\t<!-- All in One SEO Pro -->\r\n\t\t<title>\u201cLa Calle Indiscreta\u201d en Puerto Venecia - El Digital de Asturias<\/title>\n\n","aioseo_head_json":{"title":"\u201cLa Calle Indiscreta\u201d en Puerto Venecia - El Digital de Asturias","description":"El Departamento de Desarrollo Rural y Sostenibilidad del Gobierno de Arag\u00f3n ha puesto de nuevo en marcha el aula m\u00f3vil de medio ambiente urbano \u201cLa Calle Indiscreta\u201d, un equipamiento para seguir ofreciendo a la poblaci\u00f3n aragonesa actividades de educaci\u00f3n ambiental sobre medio ambiente urbano. Del 20 de abril al 20 de junio el aula m\u00f3vil","canonical_url":"https:\/\/www.eldigitaldeasturias.com\/noticias\/la-calle-indiscreta-en-puerto-venecia\/","robots":"max-image-preview:large","keywords":"actualidad","webmasterTools":{"google-site-verification":"UA-38556648-1","msvalidate.01":"7dfe9f3f1b24437ab69f4f2559babe99","miscellaneous":""},"schema":{"@context":"https:\/\/schema.org","@graph":[{"@type":"BlogPosting","@id":"https:\/\/www.eldigitaldeasturias.com\/noticias\/la-calle-indiscreta-en-puerto-venecia\/#blogposting","name":"\u201cLa Calle Indiscreta\u201d en Puerto Venecia - El Digital de Asturias","headline":"\u201cLa Calle Indiscreta\u201d en Puerto Venecia","author":{"@id":"https:\/\/www.eldigitaldeasturias.com\/noticias\/author\/admin\/#author"},"publisher":{"@id":"https:\/\/www.eldigitaldeasturias.com\/noticias\/#organization"},"image":{"@type":"ImageObject","url":978120},"datePublished":"2018-04-28T22:27:38+02:00","dateModified":"2018-04-28T22:27:38+02:00","inLanguage":"es-ES","mainEntityOfPage":{"@id":"https:\/\/www.eldigitaldeasturias.com\/noticias\/la-calle-indiscreta-en-puerto-venecia\/#webpage"},"isPartOf":{"@id":"https:\/\/www.eldigitaldeasturias.com\/noticias\/la-calle-indiscreta-en-puerto-venecia\/#webpage"},"articleSection":"Actualidad"},{"@type":"BreadcrumbList","@id":"https:\/\/www.eldigitaldeasturias.com\/noticias\/la-calle-indiscreta-en-puerto-venecia\/#breadcrumblist","itemListElement":[{"@type":"ListItem","@id":"https:\/\/www.eldigitaldeasturias.com\/noticias#listItem","position":1,"name":"Home","item":"https:\/\/www.eldigitaldeasturias.com\/noticias","nextItem":{"@type":"ListItem","@id":"https:\/\/www.eldigitaldeasturias.com\/noticias\/category\/actualidad\/#listItem","name":"Actualidad"}},{"@type":"ListItem","@id":"https:\/\/www.eldigitaldeasturias.com\/noticias\/category\/actualidad\/#listItem","position":2,"name":"Actualidad","item":"https:\/\/www.eldigitaldeasturias.com\/noticias\/category\/actualidad\/","nextItem":{"@type":"ListItem","@id":"https:\/\/www.eldigitaldeasturias.com\/noticias\/la-calle-indiscreta-en-puerto-venecia\/#listItem","name":"\u201cLa Calle Indiscreta\u201d en Puerto Venecia"},"previousItem":{"@type":"ListItem","@id":"https:\/\/www.eldigitaldeasturias.com\/noticias#listItem","name":"Home"}},{"@type":"ListItem","@id":"https:\/\/www.eldigitaldeasturias.com\/noticias\/la-calle-indiscreta-en-puerto-venecia\/#listItem","position":3,"name":"\u201cLa Calle Indiscreta\u201d en Puerto Venecia","previousItem":{"@type":"ListItem","@id":"https:\/\/www.eldigitaldeasturias.com\/noticias\/category\/actualidad\/#listItem","name":"Actualidad"}}]},{"@type":"Organization","@id":"https:\/\/www.eldigitaldeasturias.com\/noticias\/#organization","name":"El Digital de Asturias","description":"Hemeroteca","url":"https:\/\/www.eldigitaldeasturias.com\/noticias\/","email":"info@eldigitaldeasturias.com","telephone":"+34652131393","logo":{"@type":"ImageObject","url":"https:\/\/www.eldigitaldeasturias.com\/noticias\/wp-content\/uploads\/2020\/12\/EDA.jpg","@id":"https:\/\/www.eldigitaldeasturias.com\/noticias\/la-calle-indiscreta-en-puerto-venecia\/#organizationLogo"},"image":{"@id":"https:\/\/www.eldigitaldeasturias.com\/noticias\/la-calle-indiscreta-en-puerto-venecia\/#organizationLogo"},"sameAs":["https:\/\/facebook.com\/eldigitaldeasturias","https:\/\/www.youtube.com\/channel\/UCZP-2wLEB9Rv6erhFmqVnvg"],"address":{"@id":"https:\/\/www.eldigitaldeasturias.com\/noticias\/#postaladdress","@type":"PostalAddress","streetAddress":"san antonio 4","postalCode":"33430","addressLocality":"Cand\u00e1s","addressRegion":"Asturias","addressCountry":"ES"}},{"@type":"Person","@id":"https:\/\/www.eldigitaldeasturias.com\/noticias\/author\/admin\/#author","url":"https:\/\/www.eldigitaldeasturias.com\/noticias\/author\/admin\/","name":"El Digital de Asturias","image":{"@type":"ImageObject","@id":"https:\/\/www.eldigitaldeasturias.com\/noticias\/la-calle-indiscreta-en-puerto-venecia\/#authorImage","url":"https:\/\/secure.gravatar.com\/avatar\/df2aeffc32bcd13f8d26072ef8a91b623d677766deac7f97ca815868cd41bf5e?s=96&d=mm&r=g","width":96,"height":96,"caption":"El Digital de Asturias"}},{"@type":"WebPage","@id":"https:\/\/www.eldigitaldeasturias.com\/noticias\/la-calle-indiscreta-en-puerto-venecia\/#webpage","url":"https:\/\/www.eldigitaldeasturias.com\/noticias\/la-calle-indiscreta-en-puerto-venecia\/","name":"\u201cLa Calle Indiscreta\u201d en Puerto Venecia - El Digital de Asturias","description":"El Departamento de Desarrollo Rural y Sostenibilidad del Gobierno de Arag\u00f3n ha puesto de nuevo en marcha el aula m\u00f3vil de medio ambiente urbano \u201cLa Calle Indiscreta\u201d, un equipamiento para seguir ofreciendo a la poblaci\u00f3n aragonesa actividades de educaci\u00f3n ambiental sobre medio ambiente urbano. Del 20 de abril al 20 de junio el aula m\u00f3vil","inLanguage":"es-ES","isPartOf":{"@id":"https:\/\/www.eldigitaldeasturias.com\/noticias\/#website"},"breadcrumb":{"@id":"https:\/\/www.eldigitaldeasturias.com\/noticias\/la-calle-indiscreta-en-puerto-venecia\/#breadcrumblist"},"author":{"@id":"https:\/\/www.eldigitaldeasturias.com\/noticias\/author\/admin\/#author"},"creator":{"@id":"https:\/\/www.eldigitaldeasturias.com\/noticias\/author\/admin\/#author"},"image":{"@type":"ImageObject","url":978120,"@id":"https:\/\/www.eldigitaldeasturias.com\/noticias\/la-calle-indiscreta-en-puerto-venecia\/#mainImage"},"primaryImageOfPage":{"@id":"https:\/\/www.eldigitaldeasturias.com\/noticias\/la-calle-indiscreta-en-puerto-venecia\/#mainImage"},"datePublished":"2018-04-28T22:27:38+02:00","dateModified":"2018-04-28T22:27:38+02:00"},{"@type":"WebSite","@id":"https:\/\/www.eldigitaldeasturias.com\/noticias\/#website","url":"https:\/\/www.eldigitaldeasturias.com\/noticias\/","name":"El Digital de Asturias - Diario de actualidad y noticias","alternateName":"El Digital de Asturias - Diario de actualidad y noticias","description":"Hemeroteca","inLanguage":"es-ES","publisher":{"@id":"https:\/\/www.eldigitaldeasturias.com\/noticias\/#organization"}}]},"og:locale":"es_ES","og:site_name":"El Digital de Asturias","og:type":"article","og:title":"\u201cLa Calle Indiscreta\u201d en Puerto Venecia - El Digital de Asturias","og:description":"El Departamento de Desarrollo Rural y Sostenibilidad del Gobierno de Arag\u00f3n ha puesto de nuevo en marcha el aula m\u00f3vil de medio ambiente urbano \u201cLa Calle Indiscreta\u201d, un equipamiento para seguir ofreciendo a la poblaci\u00f3n aragonesa actividades de educaci\u00f3n ambiental sobre medio ambiente urbano. Del 20 de abril al 20 de junio el aula m\u00f3vil","og:url":"https:\/\/www.eldigitaldeasturias.com\/noticias\/la-calle-indiscreta-en-puerto-venecia\/","article:tag":["actualidad"],"article:published_time":"2018-04-28T22:27:38+00:00","article:modified_time":"2018-04-28T22:27:38+00:00","article:publisher":"https:\/\/facebook.com\/eldigitaldeasturias","twitter:card":"summary_large_image","twitter:title":"\u201cLa Calle Indiscreta\u201d en Puerto Venecia - El Digital de Asturias","twitter:description":"El Departamento de Desarrollo Rural y Sostenibilidad del Gobierno de Arag\u00f3n ha puesto de nuevo en marcha el aula m\u00f3vil de medio ambiente urbano \u201cLa Calle Indiscreta\u201d, un equipamiento para seguir ofreciendo a la poblaci\u00f3n aragonesa actividades de educaci\u00f3n ambiental sobre medio ambiente urbano. Del 20 de abril al 20 de junio el aula m\u00f3vil","twitter:image":"https:\/\/www.eldigitaldeasturias.com\/noticias\/wp-content\/uploads\/2020\/12\/EDA-1.jpg","twitter:label1":"Escrito por","twitter:data1":"El Digital de Asturias","twitter:label2":"Tiempo de lectura estimado","twitter:data2":"1 minuto"},"aioseo_meta_data":{"post_id":"978119","title":null,"description":null,"keywords":null,"keyphrases":null,"primary_term":null,"canonical_url":null,"og_title":null,"og_description":null,"og_object_type":"default","og_image_type":"default","og_image_url":null,"og_image_width":null,"og_image_height":null,"og_image_custom_url":null,"og_image_custom_fields":null,"og_video":null,"og_custom_url":null,"og_article_section":null,"og_article_tags":null,"twitter_use_og":false,"twitter_card":"default","twitter_image_type":"default","twitter_image_url":null,"twitter_image_custom_url":null,"twitter_image_custom_fields":null,"twitter_title":null,"twitter_description":null,"schema":{"blockGraphs":[],"customGraphs":[],"default":{"data":{"Article":[],"Course":[],"Dataset":[],"FAQPage":[],"Movie":[],"Person":[],"Product":[],"ProductReview":[],"Car":[],"Recipe":[],"Service":[],"SoftwareApplication":[],"WebPage":[]},"graphName":"","isEnabled":true},"graphs":[],"defaultGraph":"","defaultPostTypeGraph":""},"schema_type":null,"schema_type_options":null,"pillar_content":false,"robots_default":true,"robots_noindex":false,"robots_noarchive":false,"robots_nosnippet":false,"robots_nofollow":false,"robots_noimageindex":false,"robots_noodp":false,"robots_notranslate":false,"robots_max_snippet":null,"robots_max_videopreview":null,"robots_max_imagepreview":"large","priority":null,"frequency":null,"local_seo":null,"seo_analyzer_scan_date":"2025-10-08 09:43:07","breadcrumb_settings":null,"limit_modified_date":false,"open_ai":null,"ai":null,"created":"2020-12-21 12:03:39","updated":"2025-10-08 09:43:07","focus_keyword":null,"additional_keywords":null,"truseo_locale":null},"aioseo_breadcrumb":"<div class=\"aioseo-breadcrumbs\"><span class=\"aioseo-breadcrumb\">\n\t<a href=\"https:\/\/www.eldigitaldeasturias.com\/noticias\" title=\"Home\">Home<\/a>\n<\/span><span class=\"aioseo-breadcrumb-separator\">\u2013<\/span><span class=\"aioseo-breadcrumb\">\n\t<a href=\"https:\/\/www.eldigitaldeasturias.com\/noticias\/category\/actualidad\/\" title=\"Actualidad\">Actualidad<\/a>\n<\/span><span class=\"aioseo-breadcrumb-separator\">\u2013<\/span><span class=\"aioseo-breadcrumb\">\n\t<a href=\"https:\/\/www.eldigitaldeasturias.com\/noticias\/la-calle-indiscreta-en-puerto-venecia\/\" title=\"\u201cLa Calle Indiscreta\u201d en Puerto Venecia\">\u201cLa Calle Indiscreta\u201d en Puerto Venecia<\/a>\n<\/span><\/div>","aioseo_breadcrumb_json":[{"label":"Home","link":"https:\/\/www.eldigitaldeasturias.com\/noticias"},{"label":"Actualidad","link":"https:\/\/www.eldigitaldeasturias.com\/noticias\/category\/actualidad\/"},{"label":"\u201cLa Calle Indiscreta\u201d en Puerto Venecia","link":"https:\/\/www.eldigitaldeasturias.com\/noticias\/la-calle-indiscreta-en-puerto-venecia\/"}],"_links":{"self":[{"href":"https:\/\/www.eldigitaldeasturias.com\/noticias\/wp-json\/wp\/v2\/posts\/978119","targetHints":{"allow":["GET"]}}],"collection":[{"href":"https:\/\/www.eldigitaldeasturias.com\/noticias\/wp-json\/wp\/v2\/posts"}],"about":[{"href":"https:\/\/www.eldigitaldeasturias.com\/noticias\/wp-json\/wp\/v2\/types\/post"}],"author":[{"embeddable":true,"href":"https:\/\/www.eldigitaldeasturias.com\/noticias\/wp-json\/wp\/v2\/users\/1"}],"replies":[{"embeddable":true,"href":"https:\/\/www.eldigitaldeasturias.com\/noticias\/wp-json\/wp\/v2\/comments?post=978119"}],"version-history":[{"count":0,"href":"https:\/\/www.eldigitaldeasturias.com\/noticias\/wp-json\/wp\/v2\/posts\/978119\/revisions"}],"wp:attachment":[{"href":"https:\/\/www.eldigitaldeasturias.com\/noticias\/wp-json\/wp\/v2\/media?parent=978119"}],"wp:term":[{"taxonomy":"category","embeddable":true,"href":"https:\/\/www.eldigitaldeasturias.com\/noticias\/wp-json\/wp\/v2\/categories?post=978119"},{"taxonomy":"post_tag","embeddable":true,"href":"https:\/\/www.eldigitaldeasturias.com\/noticias\/wp-json\/wp\/v2\/tags?post=978119"}],"curies":[{"name":"wp","href":"https:\/\/api.w.org\/{rel}","templated":true}]}}