{"id":978096,"date":"2018-04-28T21:30:49","date_gmt":"2018-04-28T21:30:49","guid":{"rendered":"http:\/\/www.eldigitaldeasturias.com\/noticias\/?p=978096"},"modified":"2018-04-28T21:30:49","modified_gmt":"2018-04-28T21:30:49","slug":"maduro-entre-la-hiperinflacion-y-el-reto-de-reeleccion-en-minoria","status":"publish","type":"post","link":"https:\/\/www.eldigitaldeasturias.com\/noticias\/maduro-entre-la-hiperinflacion-y-el-reto-de-reeleccion-en-minoria\/","title":{"rendered":"Maduro, entre la hiperinflaci\u00f3n y el reto de reelecci\u00f3n en minor\u00eda"},"content":{"rendered":"<p><img loading=\"lazy\" decoding=\"async\" class=\"alignleft size-medium wp-image-485917\" src=\"https:\/\/www.eldigitaldeasturias.com\/noticias\/wp-content\/uploads\/2014\/02\/5919099w-360x240.jpg\" alt=\"\" width=\"360\" height=\"240\" \/>Caracas, 28 abr (dpa) \u2013 En la primera semana de campa\u00f1a electoral en Venezuela, el presidente Nicol\u00e1s Maduro, quien busca la reelecci\u00f3n en medio de la hiperinflaci\u00f3n, eludi\u00f3 comentar los problemas de una econom\u00eda que se hunde cada vez m\u00e1s, mientras la oposici\u00f3n sigue atrincherada en un discurso abstencionista.<\/p>\n<p>En regiones seleccionadas para los actos multitudinarios, el presidente prometi\u00f3 una hipot\u00e9tica prosperidad una vez que sea reelegido en los comicios del 20 de mayo, pero su \u00e9nfasis estuvo centrado en un repetitivo llamado a asegurar el voto del sector chavista del pa\u00eds.<\/p>\n<p>\u00abEsto es dando y dando. Yo los apoyo a ustedes y ustedes apoyan a la Constituci\u00f3n y a la democracia (con el voto)\u00bb, dijo Maduro en uno de los actos proselitistas.<\/p>\n<p>Para ello insisti\u00f3 en el registro de sus partidarios a trav\u00e9s del llamado carnet de la patria, un documento que funciona como base de datos y avisa cuando el Gobierno deposita a sus poseedores una serie de ayudas econ\u00f3micas.<\/p>\n<p>\u00abYo llamo (a los registrados) al carnet de la patria a defender con su voto la paz y los derechos de Venezuela\u00bb, se\u00f1al\u00f3.<\/p>\n<p>En lo que algunos analistas calificaron de desmesura, Maduro repiti\u00f3 su reto: ganar con 10 millones de votos de un padr\u00f3n de 20,5 millones de electores.<\/p>\n<p>\u00abPido que me acompa\u00f1en el domingo 20 de mayo con 10 millones de votos y les aseguro la prosperidad econ\u00f3mica, a la altura de los sue\u00f1os de todos los venezolanos\u00bb, agreg\u00f3 en otra parada.<\/p>\n<p>Pero hay dirigentes chavistas en desacuerdo con el manejo de Maduro en el Gobierno. El articulista Toby Valderrama calific\u00f3 de \u00abmarginal\u00bb la ideolog\u00eda al mando, que adem\u00e1s es \u00abintolerante\u00bb a la cr\u00edtica.<\/p>\n<p>Esta vez los comicios est\u00e1n envueltos en un ambiente ajeno a una contienda equilibrada: La principal alianza opositora declin\u00f3 participar denunciando falta de garant\u00edas electorales y el ex chavista Henri Falc\u00f3n asumi\u00f3 la candidatura pese a no contar con el apoyo de los partidos con mayor experiencia electoral.<\/p>\n<p>El liderazgo opositor pr\u00e1cticamente se esfum\u00f3: Henrique Capriles cay\u00f3 en un silencio permanente, Julio Borges anda en una gira sin fin en el exterior y Henry Ramos Allup se refugi\u00f3 en el Twitter y en sus discursos en la Asamblea Nacional (Congreso).<\/p>\n<p>Desde 2016, las maniobras oficialistas hicieron lo posible por hacer desvanecer la mayor\u00eda electoral que la oposici\u00f3n logr\u00f3 en las legislativas de fines de 2015.<\/p>\n<p>Para colmo, los dirigentes que llaman al boicot electoral afirman que votar ahora significa legitimar el proceso \u00abfraudulento\u00bb, aunque no hacerlo despejar\u00eda el camino a Maduro.<\/p>\n<p>Adem\u00e1s, el venezolano promedio ocupa m\u00e1s tiempo en buscar alimentos escasos y caros y medicinas que ponerle atenci\u00f3n al debate proselitista.<\/p>\n<p>La hiperinflaci\u00f3n, que podr\u00eda marcar 100 por ciento en abril, es el mayor problema de una econom\u00eda que se sigue contrayendo y los servicios p\u00fablicos, como agua potable, luz el\u00e9ctrica, seguridad y salud p\u00fablica, todos los d\u00edas est\u00e1n siendo motivos de protestas espont\u00e1neas.<\/p>\n<p>Esta semana se escenific\u00f3 una in\u00e9dita manifestaci\u00f3n con ruidos de cacerolas vac\u00edas a unos metros de la casa de Gobierno, con vecinos del lugar protestando por la escasez de agua potable. A las horas lleg\u00f3 un cami\u00f3n para repartir agua, as\u00ed que los manifestantes tuvieron que buscar envases para llevarse unos litros.<\/p>\n<p>A fin de defender su opci\u00f3n electoral ante la coalici\u00f3n Mesa de Unidad Democr\u00e1tica (MUD), Falc\u00f3n sostiene que varias encuestas le dan diez puntos de ventaja sobre Maduro en la intenci\u00f3n de voto.<\/p>\n<p>El analista F\u00e9lix Seijas, de la encuestadora Delphos, dijo que el apoyo hacia Maduro es de 20 por ciento, lo que significa un rechazo de 80 por ciento. Sin embargo, el voto opositor est\u00e1 \u00abdesactivado\u00bb, tras los fracasos electorales de 2017 (regionales y municipales) y el llamado a la abstenci\u00f3n.<\/p>\n<p>\u00abLa campa\u00f1a no apunta a la emotividad; no se presta para esto, sino para levantar el \u00e1nimo de los votantes para que vayan a votar. Maduro est\u00e1 amarrando a los suyos y Falc\u00f3n a una labor de convencer a la gente para que vote\u00bb, dijo a dpa.<\/p>\n<p>Agreg\u00f3 que los escenarios hacen prever un resultado apretado, pero favorable a Maduro por la maquinaria oficialista y la disposici\u00f3n del chavismo a votar, en una cifra estimada actualmente en 4 \u00f3 4,5 millones de votos.<\/p>\n<p>Seijas se\u00f1al\u00f3 que en una eventual reelecci\u00f3n, Maduro no tendr\u00e1 m\u00e1s opci\u00f3n que restringir libertades y radicalizarse, mientras parte del costo por las sanciones financieras de Estados Unidos ya fue asimilado.<\/p>\n<p>\u00abLa oposici\u00f3n tiene que ver c\u00f3mo se reorganiza. Desde el 20 de mayo la oposici\u00f3n no va a ser como la conoc\u00edamos, con Falc\u00f3n adentro reclamando su posici\u00f3n\u00bb, se\u00f1al\u00f3.<\/p>\n<p>Otro factor que desestimula el voto opositor es la composici\u00f3n del Consejo Nacional Electoral (CNE), ya que cuatro de sus cinco rectores principales han sido reconocidos activistas chavistas.<\/p>\n<p>El ente electoral nunca dio una explicaci\u00f3n convincente a la denuncia de la empresa Smartmatic, que le suministraba servicios inform\u00e1ticos, respecto a que la elecci\u00f3n de la Asamblea Constituyente del 30 de julio de 2017 hab\u00eda sido inflada en al menos un mill\u00f3n de votos.<\/p>\n<p>Para esa elecci\u00f3n la oposici\u00f3n llam\u00f3 a la abstenci\u00f3n, pero el CNE asegur\u00f3 que particip\u00f3 cerca del 42 por ciento del padr\u00f3n o m\u00e1s de ocho millones de electores. Desde entonces, esa Constituyente, dominada por el chavismo, sesiona y toma decisiones por encima de la autoridad legislativa de la Asamblea Nacional.<\/p>\n<p>Por N\u00e9stor Rojas Mavares (dpa)<\/p>\n","protected":false},"excerpt":{"rendered":"<p>Caracas, 28 abr (dpa) \u2013 En la primera semana de campa\u00f1a electoral en Venezuela, el presidente Nicol\u00e1s Maduro, quien busca la reelecci\u00f3n en medio de la hiperinflaci\u00f3n, eludi\u00f3 comentar los problemas de una econom\u00eda que se hunde cada vez m\u00e1s, mientras la oposici\u00f3n sigue atrincherada en un discurso abstencionista. En regiones seleccionadas para los actos [&hellip;]<\/p>\n","protected":false},"author":1,"featured_media":485917,"comment_status":"closed","ping_status":"closed","sticky":false,"template":"","format":"standard","meta":{"footnotes":""},"categories":[1],"tags":[],"class_list":["post-978096","post","type-post","status-publish","format-standard","has-post-thumbnail","hentry","category-actualidad"],"aioseo_notices":[],"aioseo_head":"\n\t\t<!-- All in One SEO Pro 5.0.1 - aioseo.com -->\n\t<meta name=\"description\" content=\"Caracas, 28 abr (dpa) \u2013 En la primera semana de campa\u00f1a electoral en Venezuela, el presidente Nicol\u00e1s Maduro, quien busca la reelecci\u00f3n en medio de la hiperinflaci\u00f3n, eludi\u00f3 comentar los problemas de una econom\u00eda que se hunde cada vez m\u00e1s, mientras la oposici\u00f3n sigue atrincherada en un discurso abstencionista. En regiones seleccionadas para los actos\" \/>\n\t<meta name=\"robots\" content=\"max-image-preview:large\" \/>\n\t<meta name=\"author\" content=\"El Digital de Asturias\"\/>\n\t<meta name=\"google-site-verification\" content=\"UA-38556648-1\" \/>\n\t<meta name=\"msvalidate.01\" content=\"7dfe9f3f1b24437ab69f4f2559babe99\" \/>\n\t<meta name=\"keywords\" content=\"actualidad\" \/>\n\t<link rel=\"canonical\" href=\"https:\/\/www.eldigitaldeasturias.com\/noticias\/maduro-entre-la-hiperinflacion-y-el-reto-de-reeleccion-en-minoria\/\" \/>\n\t<meta name=\"generator\" content=\"All in One SEO Pro (AIOSEO) 5.0.1\" \/>\n\t\t<meta property=\"og:locale\" content=\"es_ES\" \/>\n\t\t<meta property=\"og:site_name\" content=\"El Digital de Asturias\" \/>\n\t\t<meta property=\"og:type\" content=\"article\" \/>\n\t\t<meta property=\"og:title\" content=\"Maduro, entre la hiperinflaci\u00f3n y el reto de reelecci\u00f3n en minor\u00eda - El Digital de Asturias\" \/>\n\t\t<meta property=\"og:description\" content=\"Caracas, 28 abr (dpa) \u2013 En la primera semana de campa\u00f1a electoral en Venezuela, el presidente Nicol\u00e1s Maduro, quien busca la reelecci\u00f3n en medio de la hiperinflaci\u00f3n, eludi\u00f3 comentar los problemas de una econom\u00eda que se hunde cada vez m\u00e1s, mientras la oposici\u00f3n sigue atrincherada en un discurso abstencionista. En regiones seleccionadas para los actos\" \/>\n\t\t<meta property=\"og:url\" content=\"https:\/\/www.eldigitaldeasturias.com\/noticias\/maduro-entre-la-hiperinflacion-y-el-reto-de-reeleccion-en-minoria\/\" \/>\n\t\t<meta property=\"article:tag\" content=\"actualidad\" \/>\n\t\t<meta property=\"article:published_time\" content=\"2018-04-28T21:30:49+00:00\" \/>\n\t\t<meta property=\"article:modified_time\" content=\"2018-04-28T21:30:49+00:00\" \/>\n\t\t<meta property=\"article:publisher\" content=\"https:\/\/facebook.com\/eldigitaldeasturias\" \/>\n\t\t<meta name=\"twitter:card\" content=\"summary_large_image\" \/>\n\t\t<meta name=\"twitter:title\" content=\"Maduro, entre la hiperinflaci\u00f3n y el reto de reelecci\u00f3n en minor\u00eda - El Digital de Asturias\" \/>\n\t\t<meta name=\"twitter:description\" content=\"Caracas, 28 abr (dpa) \u2013 En la primera semana de campa\u00f1a electoral en Venezuela, el presidente Nicol\u00e1s Maduro, quien busca la reelecci\u00f3n en medio de la hiperinflaci\u00f3n, eludi\u00f3 comentar los problemas de una econom\u00eda que se hunde cada vez m\u00e1s, mientras la oposici\u00f3n sigue atrincherada en un discurso abstencionista. En regiones seleccionadas para los actos\" \/>\n\t\t<meta name=\"twitter:image\" content=\"https:\/\/www.eldigitaldeasturias.com\/noticias\/wp-content\/uploads\/2020\/12\/EDA-1.jpg\" \/>\n\t\t<meta name=\"twitter:label1\" content=\"Escrito por\" \/>\n\t\t<meta name=\"twitter:data1\" content=\"El Digital de Asturias\" \/>\n\t\t<meta name=\"twitter:label2\" content=\"Tiempo de lectura estimado\" \/>\n\t\t<meta name=\"twitter:data2\" content=\"5 minutos\" \/>\n\t\t<script type=\"application\/ld+json\" class=\"aioseo-schema\">\n\t\t\t{\"@context\":\"https:\\\/\\\/schema.org\",\"@graph\":[{\"@type\":\"BlogPosting\",\"@id\":\"https:\\\/\\\/www.eldigitaldeasturias.com\\\/noticias\\\/maduro-entre-la-hiperinflacion-y-el-reto-de-reeleccion-en-minoria\\\/#blogposting\",\"name\":\"Maduro, entre la hiperinflaci\\u00f3n y el reto de reelecci\\u00f3n en minor\\u00eda - El Digital de Asturias\",\"headline\":\"Maduro, entre la hiperinflaci\\u00f3n y el reto de reelecci\\u00f3n en minor\\u00eda\",\"author\":{\"@id\":\"https:\\\/\\\/www.eldigitaldeasturias.com\\\/noticias\\\/author\\\/admin\\\/#author\"},\"publisher\":{\"@id\":\"https:\\\/\\\/www.eldigitaldeasturias.com\\\/noticias\\\/#organization\"},\"image\":{\"@type\":\"ImageObject\",\"url\":485917},\"datePublished\":\"2018-04-28T21:30:49+02:00\",\"dateModified\":\"2018-04-28T21:30:49+02:00\",\"inLanguage\":\"es-ES\",\"mainEntityOfPage\":{\"@id\":\"https:\\\/\\\/www.eldigitaldeasturias.com\\\/noticias\\\/maduro-entre-la-hiperinflacion-y-el-reto-de-reeleccion-en-minoria\\\/#webpage\"},\"isPartOf\":{\"@id\":\"https:\\\/\\\/www.eldigitaldeasturias.com\\\/noticias\\\/maduro-entre-la-hiperinflacion-y-el-reto-de-reeleccion-en-minoria\\\/#webpage\"},\"articleSection\":\"Actualidad\"},{\"@type\":\"BreadcrumbList\",\"@id\":\"https:\\\/\\\/www.eldigitaldeasturias.com\\\/noticias\\\/maduro-entre-la-hiperinflacion-y-el-reto-de-reeleccion-en-minoria\\\/#breadcrumblist\",\"itemListElement\":[{\"@type\":\"ListItem\",\"@id\":\"https:\\\/\\\/www.eldigitaldeasturias.com\\\/noticias#listItem\",\"position\":1,\"name\":\"Home\",\"item\":\"https:\\\/\\\/www.eldigitaldeasturias.com\\\/noticias\",\"nextItem\":{\"@type\":\"ListItem\",\"@id\":\"https:\\\/\\\/www.eldigitaldeasturias.com\\\/noticias\\\/category\\\/actualidad\\\/#listItem\",\"name\":\"Actualidad\"}},{\"@type\":\"ListItem\",\"@id\":\"https:\\\/\\\/www.eldigitaldeasturias.com\\\/noticias\\\/category\\\/actualidad\\\/#listItem\",\"position\":2,\"name\":\"Actualidad\",\"item\":\"https:\\\/\\\/www.eldigitaldeasturias.com\\\/noticias\\\/category\\\/actualidad\\\/\",\"nextItem\":{\"@type\":\"ListItem\",\"@id\":\"https:\\\/\\\/www.eldigitaldeasturias.com\\\/noticias\\\/maduro-entre-la-hiperinflacion-y-el-reto-de-reeleccion-en-minoria\\\/#listItem\",\"name\":\"Maduro, entre la hiperinflaci\\u00f3n y el reto de reelecci\\u00f3n en minor\\u00eda\"},\"previousItem\":{\"@type\":\"ListItem\",\"@id\":\"https:\\\/\\\/www.eldigitaldeasturias.com\\\/noticias#listItem\",\"name\":\"Home\"}},{\"@type\":\"ListItem\",\"@id\":\"https:\\\/\\\/www.eldigitaldeasturias.com\\\/noticias\\\/maduro-entre-la-hiperinflacion-y-el-reto-de-reeleccion-en-minoria\\\/#listItem\",\"position\":3,\"name\":\"Maduro, entre la hiperinflaci\\u00f3n y el reto de reelecci\\u00f3n en minor\\u00eda\",\"previousItem\":{\"@type\":\"ListItem\",\"@id\":\"https:\\\/\\\/www.eldigitaldeasturias.com\\\/noticias\\\/category\\\/actualidad\\\/#listItem\",\"name\":\"Actualidad\"}}]},{\"@type\":\"Organization\",\"@id\":\"https:\\\/\\\/www.eldigitaldeasturias.com\\\/noticias\\\/#organization\",\"name\":\"El Digital de Asturias\",\"description\":\"Hemeroteca\",\"url\":\"https:\\\/\\\/www.eldigitaldeasturias.com\\\/noticias\\\/\",\"email\":\"info@eldigitaldeasturias.com\",\"telephone\":\"+34652131393\",\"logo\":{\"@type\":\"ImageObject\",\"url\":\"https:\\\/\\\/www.eldigitaldeasturias.com\\\/noticias\\\/wp-content\\\/uploads\\\/2020\\\/12\\\/EDA.jpg\",\"@id\":\"https:\\\/\\\/www.eldigitaldeasturias.com\\\/noticias\\\/maduro-entre-la-hiperinflacion-y-el-reto-de-reeleccion-en-minoria\\\/#organizationLogo\"},\"image\":{\"@id\":\"https:\\\/\\\/www.eldigitaldeasturias.com\\\/noticias\\\/maduro-entre-la-hiperinflacion-y-el-reto-de-reeleccion-en-minoria\\\/#organizationLogo\"},\"sameAs\":[\"https:\\\/\\\/facebook.com\\\/eldigitaldeasturias\",\"https:\\\/\\\/www.youtube.com\\\/channel\\\/UCZP-2wLEB9Rv6erhFmqVnvg\"],\"address\":{\"@id\":\"https:\\\/\\\/www.eldigitaldeasturias.com\\\/noticias\\\/#postaladdress\",\"@type\":\"PostalAddress\",\"streetAddress\":\"san antonio 4\",\"postalCode\":\"33430\",\"addressLocality\":\"Cand\\u00e1s\",\"addressRegion\":\"Asturias\",\"addressCountry\":\"ES\"}},{\"@type\":\"Person\",\"@id\":\"https:\\\/\\\/www.eldigitaldeasturias.com\\\/noticias\\\/author\\\/admin\\\/#author\",\"url\":\"https:\\\/\\\/www.eldigitaldeasturias.com\\\/noticias\\\/author\\\/admin\\\/\",\"name\":\"El Digital de Asturias\",\"image\":{\"@type\":\"ImageObject\",\"@id\":\"https:\\\/\\\/www.eldigitaldeasturias.com\\\/noticias\\\/maduro-entre-la-hiperinflacion-y-el-reto-de-reeleccion-en-minoria\\\/#authorImage\",\"url\":\"https:\\\/\\\/secure.gravatar.com\\\/avatar\\\/df2aeffc32bcd13f8d26072ef8a91b623d677766deac7f97ca815868cd41bf5e?s=96&d=mm&r=g\",\"width\":96,\"height\":96,\"caption\":\"El Digital de Asturias\"}},{\"@type\":\"WebPage\",\"@id\":\"https:\\\/\\\/www.eldigitaldeasturias.com\\\/noticias\\\/maduro-entre-la-hiperinflacion-y-el-reto-de-reeleccion-en-minoria\\\/#webpage\",\"url\":\"https:\\\/\\\/www.eldigitaldeasturias.com\\\/noticias\\\/maduro-entre-la-hiperinflacion-y-el-reto-de-reeleccion-en-minoria\\\/\",\"name\":\"Maduro, entre la hiperinflaci\\u00f3n y el reto de reelecci\\u00f3n en minor\\u00eda - El Digital de Asturias\",\"description\":\"Caracas, 28 abr (dpa) \\u2013 En la primera semana de campa\\u00f1a electoral en Venezuela, el presidente Nicol\\u00e1s Maduro, quien busca la reelecci\\u00f3n en medio de la hiperinflaci\\u00f3n, eludi\\u00f3 comentar los problemas de una econom\\u00eda que se hunde cada vez m\\u00e1s, mientras la oposici\\u00f3n sigue atrincherada en un discurso abstencionista. En regiones seleccionadas para los actos\",\"inLanguage\":\"es-ES\",\"isPartOf\":{\"@id\":\"https:\\\/\\\/www.eldigitaldeasturias.com\\\/noticias\\\/#website\"},\"breadcrumb\":{\"@id\":\"https:\\\/\\\/www.eldigitaldeasturias.com\\\/noticias\\\/maduro-entre-la-hiperinflacion-y-el-reto-de-reeleccion-en-minoria\\\/#breadcrumblist\"},\"author\":{\"@id\":\"https:\\\/\\\/www.eldigitaldeasturias.com\\\/noticias\\\/author\\\/admin\\\/#author\"},\"creator\":{\"@id\":\"https:\\\/\\\/www.eldigitaldeasturias.com\\\/noticias\\\/author\\\/admin\\\/#author\"},\"image\":{\"@type\":\"ImageObject\",\"url\":485917,\"@id\":\"https:\\\/\\\/www.eldigitaldeasturias.com\\\/noticias\\\/maduro-entre-la-hiperinflacion-y-el-reto-de-reeleccion-en-minoria\\\/#mainImage\"},\"primaryImageOfPage\":{\"@id\":\"https:\\\/\\\/www.eldigitaldeasturias.com\\\/noticias\\\/maduro-entre-la-hiperinflacion-y-el-reto-de-reeleccion-en-minoria\\\/#mainImage\"},\"datePublished\":\"2018-04-28T21:30:49+02:00\",\"dateModified\":\"2018-04-28T21:30:49+02:00\"},{\"@type\":\"WebSite\",\"@id\":\"https:\\\/\\\/www.eldigitaldeasturias.com\\\/noticias\\\/#website\",\"url\":\"https:\\\/\\\/www.eldigitaldeasturias.com\\\/noticias\\\/\",\"name\":\"El Digital de Asturias - Diario de actualidad y noticias\",\"alternateName\":\"El Digital de Asturias - Diario de actualidad y noticias\",\"description\":\"Hemeroteca\",\"inLanguage\":\"es-ES\",\"publisher\":{\"@id\":\"https:\\\/\\\/www.eldigitaldeasturias.com\\\/noticias\\\/#organization\"}}]}\n\t\t<\/script>\n\t\t<!-- All in One SEO Pro -->\r\n\t\t<title>Maduro, entre la hiperinflaci\u00f3n y el reto de reelecci\u00f3n en minor\u00eda - El Digital de Asturias<\/title>\n\n","aioseo_head_json":{"title":"Maduro, entre la hiperinflaci\u00f3n y el reto de reelecci\u00f3n en minor\u00eda - El Digital de Asturias","description":"Caracas, 28 abr (dpa) \u2013 En la primera semana de campa\u00f1a electoral en Venezuela, el presidente Nicol\u00e1s Maduro, quien busca la reelecci\u00f3n en medio de la hiperinflaci\u00f3n, eludi\u00f3 comentar los problemas de una econom\u00eda que se hunde cada vez m\u00e1s, mientras la oposici\u00f3n sigue atrincherada en un discurso abstencionista. En regiones seleccionadas para los actos","canonical_url":"https:\/\/www.eldigitaldeasturias.com\/noticias\/maduro-entre-la-hiperinflacion-y-el-reto-de-reeleccion-en-minoria\/","robots":"max-image-preview:large","keywords":"actualidad","webmasterTools":{"google-site-verification":"UA-38556648-1","msvalidate.01":"7dfe9f3f1b24437ab69f4f2559babe99","miscellaneous":""},"schema":{"@context":"https:\/\/schema.org","@graph":[{"@type":"BlogPosting","@id":"https:\/\/www.eldigitaldeasturias.com\/noticias\/maduro-entre-la-hiperinflacion-y-el-reto-de-reeleccion-en-minoria\/#blogposting","name":"Maduro, entre la hiperinflaci\u00f3n y el reto de reelecci\u00f3n en minor\u00eda - El Digital de Asturias","headline":"Maduro, entre la hiperinflaci\u00f3n y el reto de reelecci\u00f3n en minor\u00eda","author":{"@id":"https:\/\/www.eldigitaldeasturias.com\/noticias\/author\/admin\/#author"},"publisher":{"@id":"https:\/\/www.eldigitaldeasturias.com\/noticias\/#organization"},"image":{"@type":"ImageObject","url":485917},"datePublished":"2018-04-28T21:30:49+02:00","dateModified":"2018-04-28T21:30:49+02:00","inLanguage":"es-ES","mainEntityOfPage":{"@id":"https:\/\/www.eldigitaldeasturias.com\/noticias\/maduro-entre-la-hiperinflacion-y-el-reto-de-reeleccion-en-minoria\/#webpage"},"isPartOf":{"@id":"https:\/\/www.eldigitaldeasturias.com\/noticias\/maduro-entre-la-hiperinflacion-y-el-reto-de-reeleccion-en-minoria\/#webpage"},"articleSection":"Actualidad"},{"@type":"BreadcrumbList","@id":"https:\/\/www.eldigitaldeasturias.com\/noticias\/maduro-entre-la-hiperinflacion-y-el-reto-de-reeleccion-en-minoria\/#breadcrumblist","itemListElement":[{"@type":"ListItem","@id":"https:\/\/www.eldigitaldeasturias.com\/noticias#listItem","position":1,"name":"Home","item":"https:\/\/www.eldigitaldeasturias.com\/noticias","nextItem":{"@type":"ListItem","@id":"https:\/\/www.eldigitaldeasturias.com\/noticias\/category\/actualidad\/#listItem","name":"Actualidad"}},{"@type":"ListItem","@id":"https:\/\/www.eldigitaldeasturias.com\/noticias\/category\/actualidad\/#listItem","position":2,"name":"Actualidad","item":"https:\/\/www.eldigitaldeasturias.com\/noticias\/category\/actualidad\/","nextItem":{"@type":"ListItem","@id":"https:\/\/www.eldigitaldeasturias.com\/noticias\/maduro-entre-la-hiperinflacion-y-el-reto-de-reeleccion-en-minoria\/#listItem","name":"Maduro, entre la hiperinflaci\u00f3n y el reto de reelecci\u00f3n en minor\u00eda"},"previousItem":{"@type":"ListItem","@id":"https:\/\/www.eldigitaldeasturias.com\/noticias#listItem","name":"Home"}},{"@type":"ListItem","@id":"https:\/\/www.eldigitaldeasturias.com\/noticias\/maduro-entre-la-hiperinflacion-y-el-reto-de-reeleccion-en-minoria\/#listItem","position":3,"name":"Maduro, entre la hiperinflaci\u00f3n y el reto de reelecci\u00f3n en minor\u00eda","previousItem":{"@type":"ListItem","@id":"https:\/\/www.eldigitaldeasturias.com\/noticias\/category\/actualidad\/#listItem","name":"Actualidad"}}]},{"@type":"Organization","@id":"https:\/\/www.eldigitaldeasturias.com\/noticias\/#organization","name":"El Digital de Asturias","description":"Hemeroteca","url":"https:\/\/www.eldigitaldeasturias.com\/noticias\/","email":"info@eldigitaldeasturias.com","telephone":"+34652131393","logo":{"@type":"ImageObject","url":"https:\/\/www.eldigitaldeasturias.com\/noticias\/wp-content\/uploads\/2020\/12\/EDA.jpg","@id":"https:\/\/www.eldigitaldeasturias.com\/noticias\/maduro-entre-la-hiperinflacion-y-el-reto-de-reeleccion-en-minoria\/#organizationLogo"},"image":{"@id":"https:\/\/www.eldigitaldeasturias.com\/noticias\/maduro-entre-la-hiperinflacion-y-el-reto-de-reeleccion-en-minoria\/#organizationLogo"},"sameAs":["https:\/\/facebook.com\/eldigitaldeasturias","https:\/\/www.youtube.com\/channel\/UCZP-2wLEB9Rv6erhFmqVnvg"],"address":{"@id":"https:\/\/www.eldigitaldeasturias.com\/noticias\/#postaladdress","@type":"PostalAddress","streetAddress":"san antonio 4","postalCode":"33430","addressLocality":"Cand\u00e1s","addressRegion":"Asturias","addressCountry":"ES"}},{"@type":"Person","@id":"https:\/\/www.eldigitaldeasturias.com\/noticias\/author\/admin\/#author","url":"https:\/\/www.eldigitaldeasturias.com\/noticias\/author\/admin\/","name":"El Digital de Asturias","image":{"@type":"ImageObject","@id":"https:\/\/www.eldigitaldeasturias.com\/noticias\/maduro-entre-la-hiperinflacion-y-el-reto-de-reeleccion-en-minoria\/#authorImage","url":"https:\/\/secure.gravatar.com\/avatar\/df2aeffc32bcd13f8d26072ef8a91b623d677766deac7f97ca815868cd41bf5e?s=96&d=mm&r=g","width":96,"height":96,"caption":"El Digital de Asturias"}},{"@type":"WebPage","@id":"https:\/\/www.eldigitaldeasturias.com\/noticias\/maduro-entre-la-hiperinflacion-y-el-reto-de-reeleccion-en-minoria\/#webpage","url":"https:\/\/www.eldigitaldeasturias.com\/noticias\/maduro-entre-la-hiperinflacion-y-el-reto-de-reeleccion-en-minoria\/","name":"Maduro, entre la hiperinflaci\u00f3n y el reto de reelecci\u00f3n en minor\u00eda - El Digital de Asturias","description":"Caracas, 28 abr (dpa) \u2013 En la primera semana de campa\u00f1a electoral en Venezuela, el presidente Nicol\u00e1s Maduro, quien busca la reelecci\u00f3n en medio de la hiperinflaci\u00f3n, eludi\u00f3 comentar los problemas de una econom\u00eda que se hunde cada vez m\u00e1s, mientras la oposici\u00f3n sigue atrincherada en un discurso abstencionista. En regiones seleccionadas para los actos","inLanguage":"es-ES","isPartOf":{"@id":"https:\/\/www.eldigitaldeasturias.com\/noticias\/#website"},"breadcrumb":{"@id":"https:\/\/www.eldigitaldeasturias.com\/noticias\/maduro-entre-la-hiperinflacion-y-el-reto-de-reeleccion-en-minoria\/#breadcrumblist"},"author":{"@id":"https:\/\/www.eldigitaldeasturias.com\/noticias\/author\/admin\/#author"},"creator":{"@id":"https:\/\/www.eldigitaldeasturias.com\/noticias\/author\/admin\/#author"},"image":{"@type":"ImageObject","url":485917,"@id":"https:\/\/www.eldigitaldeasturias.com\/noticias\/maduro-entre-la-hiperinflacion-y-el-reto-de-reeleccion-en-minoria\/#mainImage"},"primaryImageOfPage":{"@id":"https:\/\/www.eldigitaldeasturias.com\/noticias\/maduro-entre-la-hiperinflacion-y-el-reto-de-reeleccion-en-minoria\/#mainImage"},"datePublished":"2018-04-28T21:30:49+02:00","dateModified":"2018-04-28T21:30:49+02:00"},{"@type":"WebSite","@id":"https:\/\/www.eldigitaldeasturias.com\/noticias\/#website","url":"https:\/\/www.eldigitaldeasturias.com\/noticias\/","name":"El Digital de Asturias - Diario de actualidad y noticias","alternateName":"El Digital de Asturias - Diario de actualidad y noticias","description":"Hemeroteca","inLanguage":"es-ES","publisher":{"@id":"https:\/\/www.eldigitaldeasturias.com\/noticias\/#organization"}}]},"og:locale":"es_ES","og:site_name":"El Digital de Asturias","og:type":"article","og:title":"Maduro, entre la hiperinflaci\u00f3n y el reto de reelecci\u00f3n en minor\u00eda - El Digital de Asturias","og:description":"Caracas, 28 abr (dpa) \u2013 En la primera semana de campa\u00f1a electoral en Venezuela, el presidente Nicol\u00e1s Maduro, quien busca la reelecci\u00f3n en medio de la hiperinflaci\u00f3n, eludi\u00f3 comentar los problemas de una econom\u00eda que se hunde cada vez m\u00e1s, mientras la oposici\u00f3n sigue atrincherada en un discurso abstencionista. En regiones seleccionadas para los actos","og:url":"https:\/\/www.eldigitaldeasturias.com\/noticias\/maduro-entre-la-hiperinflacion-y-el-reto-de-reeleccion-en-minoria\/","article:tag":["actualidad"],"article:published_time":"2018-04-28T21:30:49+00:00","article:modified_time":"2018-04-28T21:30:49+00:00","article:publisher":"https:\/\/facebook.com\/eldigitaldeasturias","twitter:card":"summary_large_image","twitter:title":"Maduro, entre la hiperinflaci\u00f3n y el reto de reelecci\u00f3n en minor\u00eda - El Digital de Asturias","twitter:description":"Caracas, 28 abr (dpa) \u2013 En la primera semana de campa\u00f1a electoral en Venezuela, el presidente Nicol\u00e1s Maduro, quien busca la reelecci\u00f3n en medio de la hiperinflaci\u00f3n, eludi\u00f3 comentar los problemas de una econom\u00eda que se hunde cada vez m\u00e1s, mientras la oposici\u00f3n sigue atrincherada en un discurso abstencionista. En regiones seleccionadas para los actos","twitter:image":"https:\/\/www.eldigitaldeasturias.com\/noticias\/wp-content\/uploads\/2020\/12\/EDA-1.jpg","twitter:label1":"Escrito por","twitter:data1":"El Digital de Asturias","twitter:label2":"Tiempo de lectura estimado","twitter:data2":"5 minutos"},"aioseo_meta_data":{"post_id":"978096","title":null,"description":null,"keywords":null,"keyphrases":null,"primary_term":null,"canonical_url":null,"og_title":null,"og_description":null,"og_object_type":"default","og_image_type":"default","og_image_url":null,"og_image_width":null,"og_image_height":null,"og_image_custom_url":null,"og_image_custom_fields":null,"og_video":null,"og_custom_url":null,"og_article_section":null,"og_article_tags":null,"twitter_use_og":false,"twitter_card":"default","twitter_image_type":"default","twitter_image_url":null,"twitter_image_custom_url":null,"twitter_image_custom_fields":null,"twitter_title":null,"twitter_description":null,"schema":{"blockGraphs":[],"customGraphs":[],"default":{"data":{"Article":[],"Course":[],"Dataset":[],"FAQPage":[],"Movie":[],"Person":[],"Product":[],"ProductReview":[],"Car":[],"Recipe":[],"Service":[],"SoftwareApplication":[],"WebPage":[]},"graphName":"","isEnabled":true},"graphs":[],"defaultGraph":"","defaultPostTypeGraph":""},"schema_type":null,"schema_type_options":null,"pillar_content":false,"robots_default":true,"robots_noindex":false,"robots_noarchive":false,"robots_nosnippet":false,"robots_nofollow":false,"robots_noimageindex":false,"robots_noodp":false,"robots_notranslate":false,"robots_max_snippet":null,"robots_max_videopreview":null,"robots_max_imagepreview":"large","priority":null,"frequency":null,"local_seo":null,"seo_analyzer_scan_date":"2025-10-08 09:37:14","breadcrumb_settings":null,"limit_modified_date":false,"open_ai":null,"ai":null,"created":"2020-12-21 12:03:39","updated":"2025-10-08 09:37:14","focus_keyword":null,"additional_keywords":null,"truseo_locale":null},"aioseo_breadcrumb":"<div class=\"aioseo-breadcrumbs\"><span class=\"aioseo-breadcrumb\">\n\t<a href=\"https:\/\/www.eldigitaldeasturias.com\/noticias\" title=\"Home\">Home<\/a>\n<\/span><span class=\"aioseo-breadcrumb-separator\">\u2013<\/span><span class=\"aioseo-breadcrumb\">\n\t<a href=\"https:\/\/www.eldigitaldeasturias.com\/noticias\/category\/actualidad\/\" title=\"Actualidad\">Actualidad<\/a>\n<\/span><span class=\"aioseo-breadcrumb-separator\">\u2013<\/span><span class=\"aioseo-breadcrumb\">\n\t<a href=\"https:\/\/www.eldigitaldeasturias.com\/noticias\/maduro-entre-la-hiperinflacion-y-el-reto-de-reeleccion-en-minoria\/\" title=\"Maduro, entre la hiperinflaci\u00f3n y el reto de reelecci\u00f3n en minor\u00eda\">Maduro, entre la hiperinflaci\u00f3n y el reto de reelecci\u00f3n en minor\u00eda<\/a>\n<\/span><\/div>","aioseo_breadcrumb_json":[{"label":"Home","link":"https:\/\/www.eldigitaldeasturias.com\/noticias"},{"label":"Actualidad","link":"https:\/\/www.eldigitaldeasturias.com\/noticias\/category\/actualidad\/"},{"label":"Maduro, entre la hiperinflaci\u00f3n y el reto de reelecci\u00f3n en minor\u00eda","link":"https:\/\/www.eldigitaldeasturias.com\/noticias\/maduro-entre-la-hiperinflacion-y-el-reto-de-reeleccion-en-minoria\/"}],"_links":{"self":[{"href":"https:\/\/www.eldigitaldeasturias.com\/noticias\/wp-json\/wp\/v2\/posts\/978096","targetHints":{"allow":["GET"]}}],"collection":[{"href":"https:\/\/www.eldigitaldeasturias.com\/noticias\/wp-json\/wp\/v2\/posts"}],"about":[{"href":"https:\/\/www.eldigitaldeasturias.com\/noticias\/wp-json\/wp\/v2\/types\/post"}],"author":[{"embeddable":true,"href":"https:\/\/www.eldigitaldeasturias.com\/noticias\/wp-json\/wp\/v2\/users\/1"}],"replies":[{"embeddable":true,"href":"https:\/\/www.eldigitaldeasturias.com\/noticias\/wp-json\/wp\/v2\/comments?post=978096"}],"version-history":[{"count":0,"href":"https:\/\/www.eldigitaldeasturias.com\/noticias\/wp-json\/wp\/v2\/posts\/978096\/revisions"}],"wp:attachment":[{"href":"https:\/\/www.eldigitaldeasturias.com\/noticias\/wp-json\/wp\/v2\/media?parent=978096"}],"wp:term":[{"taxonomy":"category","embeddable":true,"href":"https:\/\/www.eldigitaldeasturias.com\/noticias\/wp-json\/wp\/v2\/categories?post=978096"},{"taxonomy":"post_tag","embeddable":true,"href":"https:\/\/www.eldigitaldeasturias.com\/noticias\/wp-json\/wp\/v2\/tags?post=978096"}],"curies":[{"name":"wp","href":"https:\/\/api.w.org\/{rel}","templated":true}]}}