{"id":978092,"date":"2018-04-28T21:17:07","date_gmt":"2018-04-28T21:17:07","guid":{"rendered":"http:\/\/www.eldigitaldeasturias.com\/noticias\/?p=978092"},"modified":"2018-04-28T21:17:07","modified_gmt":"2018-04-28T21:17:07","slug":"holanda-celebra-los-cincos-anos-de-guillermo-alejandro-y-maxima-como-reyes","status":"publish","type":"post","link":"https:\/\/www.eldigitaldeasturias.com\/noticias\/holanda-celebra-los-cincos-anos-de-guillermo-alejandro-y-maxima-como-reyes\/","title":{"rendered":"Holanda celebra los cincos a\u00f1os de Guillermo Alejandro y M\u00e1xima como reyes"},"content":{"rendered":"<p><img loading=\"lazy\" decoding=\"async\" class=\"alignleft size-medium wp-image-978093\" src=\"https:\/\/www.eldigitaldeasturias.com\/noticias\/wp-content\/uploads\/2018\/04\/amsterdam-643546_960_720-360x263.jpg\" alt=\"\" width=\"360\" height=\"263\" \/>\u00c1msterdam, 28 abr (dpa) &#8211; Los holandeses no olvidar\u00e1n la imagen: el rey Guillermo Alejandro vistiendo una capa de terciopelo y armi\u00f1o y la mano levantada para jurar. A su lado, su esposa M\u00e1xima, de origen argentino, vestida de azul y con una tiara de diamantes. Ambos expectantes y en tensi\u00f3n. Era el 30 de abril de 2013 y poco antes la reina Beatriz hab\u00eda abdicado en favor de su hijo.<\/p>\n<p>Cinco a\u00f1os despu\u00e9s, el monarca de 51 a\u00f1os ya ha dejado su propia huella en el pa\u00eds. Durante a\u00f1os los holandeses vieron en Guillermo Alejandro un pr\u00edncipe apasionado por los deportes y la fiesta. Pero ahora se frotan los ojos al contemplar el buen papel que hace junto a otros jefes de Estado. S\u00ed, le siguen gustando la fiesta y los deportes, pero tambi\u00e9n est\u00e1 junto al pueblo en sus momentos dif\u00edciles.<\/p>\n<p>Como el 17 de julio de 2014, cuando el avi\u00f3n de pasajeros MH17 fue derribado sobre el este de Ucrania. La mayor\u00eda de las 298 v\u00edctimas eran holandesas. En los d\u00edas que siguieron, Guillermo Alejandro fue un monarca de luto, que consol\u00f3 a su pueblo.<\/p>\n<p>\u00abGuillermo Alejandro lo hace muy bien\u00bb, afirma el historiador Han van Bree, que est\u00e1 escribiendo un libro sobre el primer lustro de su reinado. \u00abHa resultado ser un buen rey, muy serio e inteligente\u00bb, a\u00f1ade.<\/p>\n<p>En su opini\u00f3n, Guillermo Alejandro es m\u00e1s emocional y accesible que su madre. Tambi\u00e9n lo piensa la mayor parte de los holandeses, asombrados con su papel despu\u00e9s de haberle llamado durante a\u00f1os \u00abpr\u00edncipe cerveza\u00bb. \u00abFue infravalorado\u00bb, apunt\u00f3 el historiador en la radio holandesa.<\/p>\n<p>Como jefe de Estado est\u00e1 ejerciendo menos influencia que su madre, a la que le gustaba intervenir en los asuntos del Gobierno. En contrapartida, Guillermo Alejando se hace acompa\u00f1ar en sus viajes al extranjero por empresarios que est\u00e1n encantados de que les abra las puertas a lucrativos negocios.<\/p>\n<p>Adem\u00e1s se presenta como el rey de la gente sencilla. Hace dos semanas se dej\u00f3 ver en la cocina de un albergue para refugiados haciendo tortitas, eso s\u00ed, sin delantal.<\/p>\n<p>El anuario real muestra las numerosas visitas de la pareja por los Pa\u00edses Bajos, sonriendo, apretando manos y hablando con los ciudadanos en mercados, oficinas e incluso en establos de vacas. \u00abEs muy normal\u00bb, dicen muchos tras conocerle. Y eso gusta en Holanda. Cuando cumpli\u00f3 50 a\u00f1os, el 27 de abril de 2017, invit\u00f3 a 150 ciudadanos al palacio, entre ellos a una peluquera, un cartero y un asesor fiscal.<\/p>\n<p>Aunque no es muy amigo de la prensa, hizo incluso una larga entrevista en televisi\u00f3n en la que se le ve\u00eda relajado, emotivo y seguro de s\u00ed mismo. Reconoci\u00f3 que el suyo es un trabajo complicado. \u00abPero no sientan compasi\u00f3n, tengo una vida muy interesante\u00bb, pidi\u00f3.<\/p>\n<p>El peso de la corona no recae s\u00f3lo sobre \u00e9l, ya que la reina M\u00e1xima asume muchas tareas. A sus 46 a\u00f1os, la argentina es desde hace tiempo la integrante m\u00e1s popular de la familia real, a la que insufl\u00f3 una buena dosis de glamour. \u00abSe lo debo todo a ella\u00bb, asegur\u00f3 su marido en una ocasi\u00f3n.<\/p>\n<p>A pesar de lo que muchos tem\u00edan -quiz\u00e1s incluso Guillermo Alejandro-, M\u00e1xima no hace sombra al monarca. \u00abEsto no es el trabajo de un duo\u00bb, dijo \u00e9l claramente antes de asumir el trono. Y as\u00ed es.<\/p>\n<p>Pero el papel de M\u00e1xima tampoco es f\u00e1cil. No s\u00f3lo es mujer del rey y madre de las princesas Amalia, Alejandra y Ariadna, de 14, 12 y 11 a\u00f1os. Tambi\u00e9n es enviada especial de la ONU para la inclusi\u00f3n financiera en pa\u00edses en desarrollo, por lo que viaja por todo el mundo y se re\u00fane con m\u00e1s l\u00edderes que su marido.<\/p>\n<p>En Holanda se la ve visitando escuelas y cantando con los alumnos o inaugurando asilos, y todo parece llevarlo bien. Por si fuera poco, es la reina indiscutible de la moda y cada a\u00f1o gasta en ropa f\u00e1cilmente unos 200.000 euros (241.000 d\u00f3lares). Y ni siquiera eso molesta a los holandeses, que tienen fama de taca\u00f1os.<\/p>\n<p>Para la mayor\u00eda, M\u00e1xima y Guillermo Alejandro forman un gran equipo, como muestran los brindis a su salud que cada 27 de abril hacen los holandeses vestidos de naranja en el D\u00eda del Rey.<\/p>\n<p><i class=\"lang-es\"><span class=\" readonly\" title=\"\">Por Annette Birschel (dpa)<\/span><\/i><\/p>\n","protected":false},"excerpt":{"rendered":"<p>\u00c1msterdam, 28 abr (dpa) &#8211; Los holandeses no olvidar\u00e1n la imagen: el rey Guillermo Alejandro vistiendo una capa de terciopelo y armi\u00f1o y la mano levantada para jurar. A su lado, su esposa M\u00e1xima, de origen argentino, vestida de azul y con una tiara de diamantes. Ambos expectantes y en tensi\u00f3n. Era el 30 de [&hellip;]<\/p>\n","protected":false},"author":1,"featured_media":978093,"comment_status":"closed","ping_status":"closed","sticky":false,"template":"","format":"standard","meta":{"footnotes":""},"categories":[1],"tags":[],"class_list":["post-978092","post","type-post","status-publish","format-standard","has-post-thumbnail","hentry","category-actualidad"],"aioseo_notices":[],"aioseo_head":"\n\t\t<!-- All in One SEO Pro 5.0.1 - aioseo.com -->\n\t<meta name=\"description\" content=\"\u00c1msterdam, 28 abr (dpa) - Los holandeses no olvidar\u00e1n la imagen: el rey Guillermo Alejandro vistiendo una capa de terciopelo y armi\u00f1o y la mano levantada para jurar. A su lado, su esposa M\u00e1xima, de origen argentino, vestida de azul y con una tiara de diamantes. Ambos expectantes y en tensi\u00f3n. Era el 30 de\" \/>\n\t<meta name=\"robots\" content=\"max-image-preview:large\" \/>\n\t<meta name=\"author\" content=\"El Digital de Asturias\"\/>\n\t<meta name=\"google-site-verification\" content=\"UA-38556648-1\" \/>\n\t<meta name=\"msvalidate.01\" content=\"7dfe9f3f1b24437ab69f4f2559babe99\" \/>\n\t<meta name=\"keywords\" content=\"actualidad\" \/>\n\t<link rel=\"canonical\" href=\"https:\/\/www.eldigitaldeasturias.com\/noticias\/holanda-celebra-los-cincos-anos-de-guillermo-alejandro-y-maxima-como-reyes\/\" \/>\n\t<meta name=\"generator\" content=\"All in One SEO Pro (AIOSEO) 5.0.1\" \/>\n\t\t<meta property=\"og:locale\" content=\"es_ES\" \/>\n\t\t<meta property=\"og:site_name\" content=\"El Digital de Asturias\" \/>\n\t\t<meta property=\"og:type\" content=\"article\" \/>\n\t\t<meta property=\"og:title\" content=\"Holanda celebra los cincos a\u00f1os de Guillermo Alejandro y M\u00e1xima como reyes - El Digital de Asturias\" \/>\n\t\t<meta property=\"og:description\" content=\"\u00c1msterdam, 28 abr (dpa) - Los holandeses no olvidar\u00e1n la imagen: el rey Guillermo Alejandro vistiendo una capa de terciopelo y armi\u00f1o y la mano levantada para jurar. A su lado, su esposa M\u00e1xima, de origen argentino, vestida de azul y con una tiara de diamantes. Ambos expectantes y en tensi\u00f3n. Era el 30 de\" \/>\n\t\t<meta property=\"og:url\" content=\"https:\/\/www.eldigitaldeasturias.com\/noticias\/holanda-celebra-los-cincos-anos-de-guillermo-alejandro-y-maxima-como-reyes\/\" \/>\n\t\t<meta property=\"article:tag\" content=\"actualidad\" \/>\n\t\t<meta property=\"article:published_time\" content=\"2018-04-28T21:17:07+00:00\" \/>\n\t\t<meta property=\"article:modified_time\" content=\"2018-04-28T21:17:07+00:00\" \/>\n\t\t<meta property=\"article:publisher\" content=\"https:\/\/facebook.com\/eldigitaldeasturias\" \/>\n\t\t<meta name=\"twitter:card\" content=\"summary_large_image\" \/>\n\t\t<meta name=\"twitter:title\" content=\"Holanda celebra los cincos a\u00f1os de Guillermo Alejandro y M\u00e1xima como reyes - El Digital de Asturias\" \/>\n\t\t<meta name=\"twitter:description\" content=\"\u00c1msterdam, 28 abr (dpa) - Los holandeses no olvidar\u00e1n la imagen: el rey Guillermo Alejandro vistiendo una capa de terciopelo y armi\u00f1o y la mano levantada para jurar. A su lado, su esposa M\u00e1xima, de origen argentino, vestida de azul y con una tiara de diamantes. Ambos expectantes y en tensi\u00f3n. Era el 30 de\" \/>\n\t\t<meta name=\"twitter:image\" content=\"https:\/\/www.eldigitaldeasturias.com\/noticias\/wp-content\/uploads\/2020\/12\/EDA-1.jpg\" \/>\n\t\t<meta name=\"twitter:label1\" content=\"Escrito por\" \/>\n\t\t<meta name=\"twitter:data1\" content=\"El Digital de Asturias\" \/>\n\t\t<meta name=\"twitter:label2\" content=\"Tiempo de lectura estimado\" \/>\n\t\t<meta name=\"twitter:data2\" content=\"4 minutos\" \/>\n\t\t<script type=\"application\/ld+json\" class=\"aioseo-schema\">\n\t\t\t{\"@context\":\"https:\\\/\\\/schema.org\",\"@graph\":[{\"@type\":\"BlogPosting\",\"@id\":\"https:\\\/\\\/www.eldigitaldeasturias.com\\\/noticias\\\/holanda-celebra-los-cincos-anos-de-guillermo-alejandro-y-maxima-como-reyes\\\/#blogposting\",\"name\":\"Holanda celebra los cincos a\\u00f1os de Guillermo Alejandro y M\\u00e1xima como reyes - El Digital de Asturias\",\"headline\":\"Holanda celebra los cincos a\\u00f1os de Guillermo Alejandro y M\\u00e1xima como reyes\",\"author\":{\"@id\":\"https:\\\/\\\/www.eldigitaldeasturias.com\\\/noticias\\\/author\\\/admin\\\/#author\"},\"publisher\":{\"@id\":\"https:\\\/\\\/www.eldigitaldeasturias.com\\\/noticias\\\/#organization\"},\"image\":{\"@type\":\"ImageObject\",\"url\":978093},\"datePublished\":\"2018-04-28T21:17:07+02:00\",\"dateModified\":\"2018-04-28T21:17:07+02:00\",\"inLanguage\":\"es-ES\",\"mainEntityOfPage\":{\"@id\":\"https:\\\/\\\/www.eldigitaldeasturias.com\\\/noticias\\\/holanda-celebra-los-cincos-anos-de-guillermo-alejandro-y-maxima-como-reyes\\\/#webpage\"},\"isPartOf\":{\"@id\":\"https:\\\/\\\/www.eldigitaldeasturias.com\\\/noticias\\\/holanda-celebra-los-cincos-anos-de-guillermo-alejandro-y-maxima-como-reyes\\\/#webpage\"},\"articleSection\":\"Actualidad\"},{\"@type\":\"BreadcrumbList\",\"@id\":\"https:\\\/\\\/www.eldigitaldeasturias.com\\\/noticias\\\/holanda-celebra-los-cincos-anos-de-guillermo-alejandro-y-maxima-como-reyes\\\/#breadcrumblist\",\"itemListElement\":[{\"@type\":\"ListItem\",\"@id\":\"https:\\\/\\\/www.eldigitaldeasturias.com\\\/noticias#listItem\",\"position\":1,\"name\":\"Home\",\"item\":\"https:\\\/\\\/www.eldigitaldeasturias.com\\\/noticias\",\"nextItem\":{\"@type\":\"ListItem\",\"@id\":\"https:\\\/\\\/www.eldigitaldeasturias.com\\\/noticias\\\/category\\\/actualidad\\\/#listItem\",\"name\":\"Actualidad\"}},{\"@type\":\"ListItem\",\"@id\":\"https:\\\/\\\/www.eldigitaldeasturias.com\\\/noticias\\\/category\\\/actualidad\\\/#listItem\",\"position\":2,\"name\":\"Actualidad\",\"item\":\"https:\\\/\\\/www.eldigitaldeasturias.com\\\/noticias\\\/category\\\/actualidad\\\/\",\"nextItem\":{\"@type\":\"ListItem\",\"@id\":\"https:\\\/\\\/www.eldigitaldeasturias.com\\\/noticias\\\/holanda-celebra-los-cincos-anos-de-guillermo-alejandro-y-maxima-como-reyes\\\/#listItem\",\"name\":\"Holanda celebra los cincos a\\u00f1os de Guillermo Alejandro y M\\u00e1xima como reyes\"},\"previousItem\":{\"@type\":\"ListItem\",\"@id\":\"https:\\\/\\\/www.eldigitaldeasturias.com\\\/noticias#listItem\",\"name\":\"Home\"}},{\"@type\":\"ListItem\",\"@id\":\"https:\\\/\\\/www.eldigitaldeasturias.com\\\/noticias\\\/holanda-celebra-los-cincos-anos-de-guillermo-alejandro-y-maxima-como-reyes\\\/#listItem\",\"position\":3,\"name\":\"Holanda celebra los cincos a\\u00f1os de Guillermo Alejandro y M\\u00e1xima como reyes\",\"previousItem\":{\"@type\":\"ListItem\",\"@id\":\"https:\\\/\\\/www.eldigitaldeasturias.com\\\/noticias\\\/category\\\/actualidad\\\/#listItem\",\"name\":\"Actualidad\"}}]},{\"@type\":\"Organization\",\"@id\":\"https:\\\/\\\/www.eldigitaldeasturias.com\\\/noticias\\\/#organization\",\"name\":\"El Digital de Asturias\",\"description\":\"Hemeroteca\",\"url\":\"https:\\\/\\\/www.eldigitaldeasturias.com\\\/noticias\\\/\",\"email\":\"info@eldigitaldeasturias.com\",\"telephone\":\"+34652131393\",\"logo\":{\"@type\":\"ImageObject\",\"url\":\"https:\\\/\\\/www.eldigitaldeasturias.com\\\/noticias\\\/wp-content\\\/uploads\\\/2020\\\/12\\\/EDA.jpg\",\"@id\":\"https:\\\/\\\/www.eldigitaldeasturias.com\\\/noticias\\\/holanda-celebra-los-cincos-anos-de-guillermo-alejandro-y-maxima-como-reyes\\\/#organizationLogo\"},\"image\":{\"@id\":\"https:\\\/\\\/www.eldigitaldeasturias.com\\\/noticias\\\/holanda-celebra-los-cincos-anos-de-guillermo-alejandro-y-maxima-como-reyes\\\/#organizationLogo\"},\"sameAs\":[\"https:\\\/\\\/facebook.com\\\/eldigitaldeasturias\",\"https:\\\/\\\/www.youtube.com\\\/channel\\\/UCZP-2wLEB9Rv6erhFmqVnvg\"],\"address\":{\"@id\":\"https:\\\/\\\/www.eldigitaldeasturias.com\\\/noticias\\\/#postaladdress\",\"@type\":\"PostalAddress\",\"streetAddress\":\"san antonio 4\",\"postalCode\":\"33430\",\"addressLocality\":\"Cand\\u00e1s\",\"addressRegion\":\"Asturias\",\"addressCountry\":\"ES\"}},{\"@type\":\"Person\",\"@id\":\"https:\\\/\\\/www.eldigitaldeasturias.com\\\/noticias\\\/author\\\/admin\\\/#author\",\"url\":\"https:\\\/\\\/www.eldigitaldeasturias.com\\\/noticias\\\/author\\\/admin\\\/\",\"name\":\"El Digital de Asturias\",\"image\":{\"@type\":\"ImageObject\",\"@id\":\"https:\\\/\\\/www.eldigitaldeasturias.com\\\/noticias\\\/holanda-celebra-los-cincos-anos-de-guillermo-alejandro-y-maxima-como-reyes\\\/#authorImage\",\"url\":\"https:\\\/\\\/secure.gravatar.com\\\/avatar\\\/df2aeffc32bcd13f8d26072ef8a91b623d677766deac7f97ca815868cd41bf5e?s=96&d=mm&r=g\",\"width\":96,\"height\":96,\"caption\":\"El Digital de Asturias\"}},{\"@type\":\"WebPage\",\"@id\":\"https:\\\/\\\/www.eldigitaldeasturias.com\\\/noticias\\\/holanda-celebra-los-cincos-anos-de-guillermo-alejandro-y-maxima-como-reyes\\\/#webpage\",\"url\":\"https:\\\/\\\/www.eldigitaldeasturias.com\\\/noticias\\\/holanda-celebra-los-cincos-anos-de-guillermo-alejandro-y-maxima-como-reyes\\\/\",\"name\":\"Holanda celebra los cincos a\\u00f1os de Guillermo Alejandro y M\\u00e1xima como reyes - El Digital de Asturias\",\"description\":\"\\u00c1msterdam, 28 abr (dpa) - Los holandeses no olvidar\\u00e1n la imagen: el rey Guillermo Alejandro vistiendo una capa de terciopelo y armi\\u00f1o y la mano levantada para jurar. A su lado, su esposa M\\u00e1xima, de origen argentino, vestida de azul y con una tiara de diamantes. Ambos expectantes y en tensi\\u00f3n. Era el 30 de\",\"inLanguage\":\"es-ES\",\"isPartOf\":{\"@id\":\"https:\\\/\\\/www.eldigitaldeasturias.com\\\/noticias\\\/#website\"},\"breadcrumb\":{\"@id\":\"https:\\\/\\\/www.eldigitaldeasturias.com\\\/noticias\\\/holanda-celebra-los-cincos-anos-de-guillermo-alejandro-y-maxima-como-reyes\\\/#breadcrumblist\"},\"author\":{\"@id\":\"https:\\\/\\\/www.eldigitaldeasturias.com\\\/noticias\\\/author\\\/admin\\\/#author\"},\"creator\":{\"@id\":\"https:\\\/\\\/www.eldigitaldeasturias.com\\\/noticias\\\/author\\\/admin\\\/#author\"},\"image\":{\"@type\":\"ImageObject\",\"url\":978093,\"@id\":\"https:\\\/\\\/www.eldigitaldeasturias.com\\\/noticias\\\/holanda-celebra-los-cincos-anos-de-guillermo-alejandro-y-maxima-como-reyes\\\/#mainImage\"},\"primaryImageOfPage\":{\"@id\":\"https:\\\/\\\/www.eldigitaldeasturias.com\\\/noticias\\\/holanda-celebra-los-cincos-anos-de-guillermo-alejandro-y-maxima-como-reyes\\\/#mainImage\"},\"datePublished\":\"2018-04-28T21:17:07+02:00\",\"dateModified\":\"2018-04-28T21:17:07+02:00\"},{\"@type\":\"WebSite\",\"@id\":\"https:\\\/\\\/www.eldigitaldeasturias.com\\\/noticias\\\/#website\",\"url\":\"https:\\\/\\\/www.eldigitaldeasturias.com\\\/noticias\\\/\",\"name\":\"El Digital de Asturias - Diario de actualidad y noticias\",\"alternateName\":\"El Digital de Asturias - Diario de actualidad y noticias\",\"description\":\"Hemeroteca\",\"inLanguage\":\"es-ES\",\"publisher\":{\"@id\":\"https:\\\/\\\/www.eldigitaldeasturias.com\\\/noticias\\\/#organization\"}}]}\n\t\t<\/script>\n\t\t<!-- All in One SEO Pro -->\r\n\t\t<title>Holanda celebra los cincos a\u00f1os de Guillermo Alejandro y M\u00e1xima como reyes - El Digital de Asturias<\/title>\n\n","aioseo_head_json":{"title":"Holanda celebra los cincos a\u00f1os de Guillermo Alejandro y M\u00e1xima como reyes - El Digital de Asturias","description":"\u00c1msterdam, 28 abr (dpa) - Los holandeses no olvidar\u00e1n la imagen: el rey Guillermo Alejandro vistiendo una capa de terciopelo y armi\u00f1o y la mano levantada para jurar. A su lado, su esposa M\u00e1xima, de origen argentino, vestida de azul y con una tiara de diamantes. Ambos expectantes y en tensi\u00f3n. Era el 30 de","canonical_url":"https:\/\/www.eldigitaldeasturias.com\/noticias\/holanda-celebra-los-cincos-anos-de-guillermo-alejandro-y-maxima-como-reyes\/","robots":"max-image-preview:large","keywords":"actualidad","webmasterTools":{"google-site-verification":"UA-38556648-1","msvalidate.01":"7dfe9f3f1b24437ab69f4f2559babe99","miscellaneous":""},"schema":{"@context":"https:\/\/schema.org","@graph":[{"@type":"BlogPosting","@id":"https:\/\/www.eldigitaldeasturias.com\/noticias\/holanda-celebra-los-cincos-anos-de-guillermo-alejandro-y-maxima-como-reyes\/#blogposting","name":"Holanda celebra los cincos a\u00f1os de Guillermo Alejandro y M\u00e1xima como reyes - El Digital de Asturias","headline":"Holanda celebra los cincos a\u00f1os de Guillermo Alejandro y M\u00e1xima como reyes","author":{"@id":"https:\/\/www.eldigitaldeasturias.com\/noticias\/author\/admin\/#author"},"publisher":{"@id":"https:\/\/www.eldigitaldeasturias.com\/noticias\/#organization"},"image":{"@type":"ImageObject","url":978093},"datePublished":"2018-04-28T21:17:07+02:00","dateModified":"2018-04-28T21:17:07+02:00","inLanguage":"es-ES","mainEntityOfPage":{"@id":"https:\/\/www.eldigitaldeasturias.com\/noticias\/holanda-celebra-los-cincos-anos-de-guillermo-alejandro-y-maxima-como-reyes\/#webpage"},"isPartOf":{"@id":"https:\/\/www.eldigitaldeasturias.com\/noticias\/holanda-celebra-los-cincos-anos-de-guillermo-alejandro-y-maxima-como-reyes\/#webpage"},"articleSection":"Actualidad"},{"@type":"BreadcrumbList","@id":"https:\/\/www.eldigitaldeasturias.com\/noticias\/holanda-celebra-los-cincos-anos-de-guillermo-alejandro-y-maxima-como-reyes\/#breadcrumblist","itemListElement":[{"@type":"ListItem","@id":"https:\/\/www.eldigitaldeasturias.com\/noticias#listItem","position":1,"name":"Home","item":"https:\/\/www.eldigitaldeasturias.com\/noticias","nextItem":{"@type":"ListItem","@id":"https:\/\/www.eldigitaldeasturias.com\/noticias\/category\/actualidad\/#listItem","name":"Actualidad"}},{"@type":"ListItem","@id":"https:\/\/www.eldigitaldeasturias.com\/noticias\/category\/actualidad\/#listItem","position":2,"name":"Actualidad","item":"https:\/\/www.eldigitaldeasturias.com\/noticias\/category\/actualidad\/","nextItem":{"@type":"ListItem","@id":"https:\/\/www.eldigitaldeasturias.com\/noticias\/holanda-celebra-los-cincos-anos-de-guillermo-alejandro-y-maxima-como-reyes\/#listItem","name":"Holanda celebra los cincos a\u00f1os de Guillermo Alejandro y M\u00e1xima como reyes"},"previousItem":{"@type":"ListItem","@id":"https:\/\/www.eldigitaldeasturias.com\/noticias#listItem","name":"Home"}},{"@type":"ListItem","@id":"https:\/\/www.eldigitaldeasturias.com\/noticias\/holanda-celebra-los-cincos-anos-de-guillermo-alejandro-y-maxima-como-reyes\/#listItem","position":3,"name":"Holanda celebra los cincos a\u00f1os de Guillermo Alejandro y M\u00e1xima como reyes","previousItem":{"@type":"ListItem","@id":"https:\/\/www.eldigitaldeasturias.com\/noticias\/category\/actualidad\/#listItem","name":"Actualidad"}}]},{"@type":"Organization","@id":"https:\/\/www.eldigitaldeasturias.com\/noticias\/#organization","name":"El Digital de Asturias","description":"Hemeroteca","url":"https:\/\/www.eldigitaldeasturias.com\/noticias\/","email":"info@eldigitaldeasturias.com","telephone":"+34652131393","logo":{"@type":"ImageObject","url":"https:\/\/www.eldigitaldeasturias.com\/noticias\/wp-content\/uploads\/2020\/12\/EDA.jpg","@id":"https:\/\/www.eldigitaldeasturias.com\/noticias\/holanda-celebra-los-cincos-anos-de-guillermo-alejandro-y-maxima-como-reyes\/#organizationLogo"},"image":{"@id":"https:\/\/www.eldigitaldeasturias.com\/noticias\/holanda-celebra-los-cincos-anos-de-guillermo-alejandro-y-maxima-como-reyes\/#organizationLogo"},"sameAs":["https:\/\/facebook.com\/eldigitaldeasturias","https:\/\/www.youtube.com\/channel\/UCZP-2wLEB9Rv6erhFmqVnvg"],"address":{"@id":"https:\/\/www.eldigitaldeasturias.com\/noticias\/#postaladdress","@type":"PostalAddress","streetAddress":"san antonio 4","postalCode":"33430","addressLocality":"Cand\u00e1s","addressRegion":"Asturias","addressCountry":"ES"}},{"@type":"Person","@id":"https:\/\/www.eldigitaldeasturias.com\/noticias\/author\/admin\/#author","url":"https:\/\/www.eldigitaldeasturias.com\/noticias\/author\/admin\/","name":"El Digital de Asturias","image":{"@type":"ImageObject","@id":"https:\/\/www.eldigitaldeasturias.com\/noticias\/holanda-celebra-los-cincos-anos-de-guillermo-alejandro-y-maxima-como-reyes\/#authorImage","url":"https:\/\/secure.gravatar.com\/avatar\/df2aeffc32bcd13f8d26072ef8a91b623d677766deac7f97ca815868cd41bf5e?s=96&d=mm&r=g","width":96,"height":96,"caption":"El Digital de Asturias"}},{"@type":"WebPage","@id":"https:\/\/www.eldigitaldeasturias.com\/noticias\/holanda-celebra-los-cincos-anos-de-guillermo-alejandro-y-maxima-como-reyes\/#webpage","url":"https:\/\/www.eldigitaldeasturias.com\/noticias\/holanda-celebra-los-cincos-anos-de-guillermo-alejandro-y-maxima-como-reyes\/","name":"Holanda celebra los cincos a\u00f1os de Guillermo Alejandro y M\u00e1xima como reyes - El Digital de Asturias","description":"\u00c1msterdam, 28 abr (dpa) - Los holandeses no olvidar\u00e1n la imagen: el rey Guillermo Alejandro vistiendo una capa de terciopelo y armi\u00f1o y la mano levantada para jurar. A su lado, su esposa M\u00e1xima, de origen argentino, vestida de azul y con una tiara de diamantes. Ambos expectantes y en tensi\u00f3n. Era el 30 de","inLanguage":"es-ES","isPartOf":{"@id":"https:\/\/www.eldigitaldeasturias.com\/noticias\/#website"},"breadcrumb":{"@id":"https:\/\/www.eldigitaldeasturias.com\/noticias\/holanda-celebra-los-cincos-anos-de-guillermo-alejandro-y-maxima-como-reyes\/#breadcrumblist"},"author":{"@id":"https:\/\/www.eldigitaldeasturias.com\/noticias\/author\/admin\/#author"},"creator":{"@id":"https:\/\/www.eldigitaldeasturias.com\/noticias\/author\/admin\/#author"},"image":{"@type":"ImageObject","url":978093,"@id":"https:\/\/www.eldigitaldeasturias.com\/noticias\/holanda-celebra-los-cincos-anos-de-guillermo-alejandro-y-maxima-como-reyes\/#mainImage"},"primaryImageOfPage":{"@id":"https:\/\/www.eldigitaldeasturias.com\/noticias\/holanda-celebra-los-cincos-anos-de-guillermo-alejandro-y-maxima-como-reyes\/#mainImage"},"datePublished":"2018-04-28T21:17:07+02:00","dateModified":"2018-04-28T21:17:07+02:00"},{"@type":"WebSite","@id":"https:\/\/www.eldigitaldeasturias.com\/noticias\/#website","url":"https:\/\/www.eldigitaldeasturias.com\/noticias\/","name":"El Digital de Asturias - Diario de actualidad y noticias","alternateName":"El Digital de Asturias - Diario de actualidad y noticias","description":"Hemeroteca","inLanguage":"es-ES","publisher":{"@id":"https:\/\/www.eldigitaldeasturias.com\/noticias\/#organization"}}]},"og:locale":"es_ES","og:site_name":"El Digital de Asturias","og:type":"article","og:title":"Holanda celebra los cincos a\u00f1os de Guillermo Alejandro y M\u00e1xima como reyes - El Digital de Asturias","og:description":"\u00c1msterdam, 28 abr (dpa) - Los holandeses no olvidar\u00e1n la imagen: el rey Guillermo Alejandro vistiendo una capa de terciopelo y armi\u00f1o y la mano levantada para jurar. A su lado, su esposa M\u00e1xima, de origen argentino, vestida de azul y con una tiara de diamantes. Ambos expectantes y en tensi\u00f3n. Era el 30 de","og:url":"https:\/\/www.eldigitaldeasturias.com\/noticias\/holanda-celebra-los-cincos-anos-de-guillermo-alejandro-y-maxima-como-reyes\/","article:tag":["actualidad"],"article:published_time":"2018-04-28T21:17:07+00:00","article:modified_time":"2018-04-28T21:17:07+00:00","article:publisher":"https:\/\/facebook.com\/eldigitaldeasturias","twitter:card":"summary_large_image","twitter:title":"Holanda celebra los cincos a\u00f1os de Guillermo Alejandro y M\u00e1xima como reyes - El Digital de Asturias","twitter:description":"\u00c1msterdam, 28 abr (dpa) - Los holandeses no olvidar\u00e1n la imagen: el rey Guillermo Alejandro vistiendo una capa de terciopelo y armi\u00f1o y la mano levantada para jurar. A su lado, su esposa M\u00e1xima, de origen argentino, vestida de azul y con una tiara de diamantes. Ambos expectantes y en tensi\u00f3n. Era el 30 de","twitter:image":"https:\/\/www.eldigitaldeasturias.com\/noticias\/wp-content\/uploads\/2020\/12\/EDA-1.jpg","twitter:label1":"Escrito por","twitter:data1":"El Digital de Asturias","twitter:label2":"Tiempo de lectura estimado","twitter:data2":"4 minutos"},"aioseo_meta_data":{"post_id":"978092","title":null,"description":null,"keywords":null,"keyphrases":null,"primary_term":null,"canonical_url":null,"og_title":null,"og_description":null,"og_object_type":"default","og_image_type":"default","og_image_url":null,"og_image_width":null,"og_image_height":null,"og_image_custom_url":null,"og_image_custom_fields":null,"og_video":null,"og_custom_url":null,"og_article_section":null,"og_article_tags":null,"twitter_use_og":false,"twitter_card":"default","twitter_image_type":"default","twitter_image_url":null,"twitter_image_custom_url":null,"twitter_image_custom_fields":null,"twitter_title":null,"twitter_description":null,"schema":{"blockGraphs":[],"customGraphs":[],"default":{"data":{"Article":[],"Course":[],"Dataset":[],"FAQPage":[],"Movie":[],"Person":[],"Product":[],"ProductReview":[],"Car":[],"Recipe":[],"Service":[],"SoftwareApplication":[],"WebPage":[]},"graphName":"","isEnabled":true},"graphs":[],"defaultGraph":"","defaultPostTypeGraph":""},"schema_type":null,"schema_type_options":null,"pillar_content":false,"robots_default":true,"robots_noindex":false,"robots_noarchive":false,"robots_nosnippet":false,"robots_nofollow":false,"robots_noimageindex":false,"robots_noodp":false,"robots_notranslate":false,"robots_max_snippet":null,"robots_max_videopreview":null,"robots_max_imagepreview":"large","priority":null,"frequency":null,"local_seo":null,"seo_analyzer_scan_date":"2025-10-08 09:37:12","breadcrumb_settings":null,"limit_modified_date":false,"open_ai":null,"ai":null,"created":"2020-12-21 12:03:39","updated":"2025-10-08 09:37:12","focus_keyword":null,"additional_keywords":null,"truseo_locale":null},"aioseo_breadcrumb":"<div class=\"aioseo-breadcrumbs\"><span class=\"aioseo-breadcrumb\">\n\t<a href=\"https:\/\/www.eldigitaldeasturias.com\/noticias\" title=\"Home\">Home<\/a>\n<\/span><span class=\"aioseo-breadcrumb-separator\">\u2013<\/span><span class=\"aioseo-breadcrumb\">\n\t<a href=\"https:\/\/www.eldigitaldeasturias.com\/noticias\/category\/actualidad\/\" title=\"Actualidad\">Actualidad<\/a>\n<\/span><span class=\"aioseo-breadcrumb-separator\">\u2013<\/span><span class=\"aioseo-breadcrumb\">\n\t<a href=\"https:\/\/www.eldigitaldeasturias.com\/noticias\/holanda-celebra-los-cincos-anos-de-guillermo-alejandro-y-maxima-como-reyes\/\" title=\"Holanda celebra los cincos a\u00f1os de Guillermo Alejandro y M\u00e1xima como reyes\">Holanda celebra los cincos a\u00f1os de Guillermo Alejandro y M\u00e1xima como reyes<\/a>\n<\/span><\/div>","aioseo_breadcrumb_json":[{"label":"Home","link":"https:\/\/www.eldigitaldeasturias.com\/noticias"},{"label":"Actualidad","link":"https:\/\/www.eldigitaldeasturias.com\/noticias\/category\/actualidad\/"},{"label":"Holanda celebra los cincos a\u00f1os de Guillermo Alejandro y M\u00e1xima como reyes","link":"https:\/\/www.eldigitaldeasturias.com\/noticias\/holanda-celebra-los-cincos-anos-de-guillermo-alejandro-y-maxima-como-reyes\/"}],"_links":{"self":[{"href":"https:\/\/www.eldigitaldeasturias.com\/noticias\/wp-json\/wp\/v2\/posts\/978092","targetHints":{"allow":["GET"]}}],"collection":[{"href":"https:\/\/www.eldigitaldeasturias.com\/noticias\/wp-json\/wp\/v2\/posts"}],"about":[{"href":"https:\/\/www.eldigitaldeasturias.com\/noticias\/wp-json\/wp\/v2\/types\/post"}],"author":[{"embeddable":true,"href":"https:\/\/www.eldigitaldeasturias.com\/noticias\/wp-json\/wp\/v2\/users\/1"}],"replies":[{"embeddable":true,"href":"https:\/\/www.eldigitaldeasturias.com\/noticias\/wp-json\/wp\/v2\/comments?post=978092"}],"version-history":[{"count":0,"href":"https:\/\/www.eldigitaldeasturias.com\/noticias\/wp-json\/wp\/v2\/posts\/978092\/revisions"}],"wp:attachment":[{"href":"https:\/\/www.eldigitaldeasturias.com\/noticias\/wp-json\/wp\/v2\/media?parent=978092"}],"wp:term":[{"taxonomy":"category","embeddable":true,"href":"https:\/\/www.eldigitaldeasturias.com\/noticias\/wp-json\/wp\/v2\/categories?post=978092"},{"taxonomy":"post_tag","embeddable":true,"href":"https:\/\/www.eldigitaldeasturias.com\/noticias\/wp-json\/wp\/v2\/tags?post=978092"}],"curies":[{"name":"wp","href":"https:\/\/api.w.org\/{rel}","templated":true}]}}