{"id":978087,"date":"2018-04-28T20:55:29","date_gmt":"2018-04-28T20:55:29","guid":{"rendered":"http:\/\/www.eldigitaldeasturias.com\/noticias\/?p=978087"},"modified":"2018-04-28T20:55:29","modified_gmt":"2018-04-28T20:55:29","slug":"los-expertos-afirman-que-es-inminente-la-reforma-del-seguro-social-en-nicaragua","status":"publish","type":"post","link":"https:\/\/www.eldigitaldeasturias.com\/noticias\/los-expertos-afirman-que-es-inminente-la-reforma-del-seguro-social-en-nicaragua\/","title":{"rendered":"Los expertos afirman que es \u00abinminente\u00bb la reforma del Seguro Social en Nicaragua"},"content":{"rendered":"<p><img loading=\"lazy\" decoding=\"async\" class=\"alignleft size-medium wp-image-977212\" src=\"https:\/\/www.eldigitaldeasturias.com\/noticias\/wp-content\/uploads\/2018\/04\/flag-2528952_960_720-360x270.jpg\" alt=\"\" width=\"360\" height=\"270\" \/>Managua, 28 abr (dpa) &#8211; La pol\u00e9mica reforma al Instituto de Seguridad Social (INSS) de Nicaragua provoc\u00f3 un estallido popular que dej\u00f3 63 muertos, heridos y detenidos, seg\u00fan diversas fuentes. Aunque fue revocada por el Gobierno, agobiado por in\u00e9ditas protestas callejeras la semana pasada, expertos aseguran que la medida es \u00abinminente e inevitable\u00bb.<\/p>\n<p>Los plazos se agotan ante el grave d\u00e9ficit financiero que muestra el INSS en 2018, calculado en m\u00e1s de 106 millones de d\u00f3lares, declar\u00f3 a dpa el economista Adolfo Acevedo.<\/p>\n<p>El INSS \u201cs\u00f3lo tiene dinero para (funcionar) unos meses\u201d y es urgente que obtenga transferencias presupuestarias para terminar el a\u00f1o, advirti\u00f3.<\/p>\n<p>La reforma, que establec\u00eda un aumento en las cuotas de trabajadores y empresas al Seguro Social, fue anulada por el presidente Daniel Ortega debido al caos que generaron las protestas. Pero seg\u00fan Acevedo, la decisi\u00f3n ejecutiva s\u00f3lo fue una postergaci\u00f3n de lo inevitable.<\/p>\n<p>\u00abEl riesgo de iliquidez financiera (llevar\u00eda a) no pagarle a la gente las pensiones\u201d, admiti\u00f3 Bayardo Arce, asesor econ\u00f3mico del presidente, en declaraciones a la cadena de televisi\u00f3n Univisi\u00f3n.<\/p>\n<p>Un estudio del Fondo Monetario Internacional (FMI) determin\u00f3 que \u201cla principal causa de la crisis de la Seguridad Social son las pensiones reducidas\u201d, a\u00f1adi\u00f3 Arce. Se trata de ingresos b\u00e1sicos que reciben casi 50.000 jubilados y que representan una erogaci\u00f3n anual superior a los 50 millones de d\u00f3lares.<\/p>\n<p>Arce se\u00f1al\u00f3 que el Gobierno \u00abse equivoc\u00f3\u00bb cuando a mediados de abril decidi\u00f3 aprobar la explosiva reforma, que afect\u00f3 a m\u00e1s de 700.00 empleados del sector formal.<\/p>\n<p>Seg\u00fan lo dispuesto, los trabajadores aumentar\u00edan su aporte mensual al INSS de 6,25 a 7 por ciento, mientras la contribuci\u00f3n del sector empresarial subir\u00eda 2 puntos porcentuales este a\u00f1o y 1,5 puntos en los pr\u00f3ximos dos a\u00f1os, para completar un incremento del 19 al 22,5 por ciento al cierre del ajuste.<\/p>\n<p>Igual porcentaje (22,5 por ciento) se aplicar\u00eda gradualmente a los asegurados bajo el r\u00e9gimen facultativo (por cuenta propia), un sector que creci\u00f3 un 25 por ciento en el \u00faltimo a\u00f1o, llegando a contar con casi 163.000 cotizantes en 2018.<\/p>\n<p>La reforma tambi\u00e9n aplic\u00f3 un impuesto del 5 por ciento a las pensiones de 144.000 jubilados, lo que caus\u00f3 rechazo generalizado.<\/p>\n<p>Acevedo afirm\u00f3 que la Seguridad Social se ha visto \u201csobrecargada\u201d con la incorporaci\u00f3n de sectores que deb\u00eda asumir el Estado a trav\u00e9s de programas de protecci\u00f3n social demasiado costosos.<\/p>\n<p>\u00abY como el Estado no tiene una pol\u00edtica de protecci\u00f3n social, simplemente traslad\u00f3 la carga al INSS\u201d, razon\u00f3 el especialista.<\/p>\n<p>En enero, el d\u00e9ficit de caja del INSS alcanz\u00f3 los 3.400 millones de c\u00f3rdobas (109,6 millones de d\u00f3lares), de acuerdo a las cifras no actualizadas del Banco Central de Nicaragua (BCN).<\/p>\n<p>Para el experto Manuel Ruiz, esto se debe en parte a la incorporaci\u00f3n al sistema de 51.000 pensiones reducidas de vejez y viudez, que significan una erogaci\u00f3n anual equivalente a 53,5 millones de d\u00f3lares, y de 2.000 pensiones especiales no contributivas, por un total de 1,2 millones de d\u00f3lares.<\/p>\n<p>Ruiz propone resolver la crisis mediante una reforma presupuestaria que le transfiera al INSS fondos especiales para el pago de las pensiones reducidas y no contributivas. Sugiere adem\u00e1s reducir a la mitad los excesivos gastos administrativos de la instituci\u00f3n.<\/p>\n<p>Acevedo cree es \u201cabsolutamente indispensable\u201d la autonom\u00eda del INSS y la transparencia en el manejo del dinero de los cotizantes, empa\u00f1ado por denuncias de supuesta corrupci\u00f3n y fuga de recursos hacia empresas ligadas a altos funcionarios del Gobierno.<\/p>\n<p>En este sentido, recomend\u00f3 realizar una auditor\u00eda en la cartera de inversi\u00f3n del Fondo de Reservas del INSS, la cual en los \u00faltimos cuatro a\u00f1os financi\u00f3, mediante pr\u00e9stamos al sector privado y la construcci\u00f3n de viviendas lujosas de alto riesgo financiero.<\/p>\n<p>La edificaci\u00f3n de apartamentos de varios pisos en zonas residenciales en Managua, financiada con fondos del INSS, ha sido muy criticada. Seg\u00fan el diario local \u00abLa Prensa\u00bb, con ese fin se autorizaron pr\u00e9stamos por m\u00e1s de 260 millones de d\u00f3lares en 2016.<\/p>\n<p>Las investigaciones period\u00edsticas demuestran que \u201cha habido abusos con el dinero\u201d, insisti\u00f3 Acevedo.<\/p>\n<p>El asesor Bayardo Arce, un ex guerrillero sandinista que seg\u00fan la prensa maneja pujantes negocios en la agricultura, justific\u00f3 las inversiones inmobiliarias.<\/p>\n<p>\u201cEl dinero no es para estar metido debajo de la almohada\u201d, respondi\u00f3 el a\u00f1o pasado a periodistas que le increparon por la poca transparencia en el manejo de los fondos de los asegurados.<\/p>\n<p>\u201cSi el INSS no presta, no invierte el dinero, el dinero m\u00e1s bien va perdiendo valor. Todas las instituciones del Seguro Social en el mundo invierten para reproducir dinero\u201d, argument\u00f3.<\/p>\n<p><i class=\"lang-es\"><span class=\" readonly\" title=\"\">Por Sonia Gonz\u00e1lez (dpa)<\/span><\/i><\/p>\n","protected":false},"excerpt":{"rendered":"<p>Managua, 28 abr (dpa) &#8211; La pol\u00e9mica reforma al Instituto de Seguridad Social (INSS) de Nicaragua provoc\u00f3 un estallido popular que dej\u00f3 63 muertos, heridos y detenidos, seg\u00fan diversas fuentes. Aunque fue revocada por el Gobierno, agobiado por in\u00e9ditas protestas callejeras la semana pasada, expertos aseguran que la medida es \u00abinminente e inevitable\u00bb. Los plazos [&hellip;]<\/p>\n","protected":false},"author":1,"featured_media":977212,"comment_status":"closed","ping_status":"closed","sticky":false,"template":"","format":"standard","meta":{"footnotes":""},"categories":[1],"tags":[],"class_list":["post-978087","post","type-post","status-publish","format-standard","has-post-thumbnail","hentry","category-actualidad"],"aioseo_notices":[],"aioseo_head":"\n\t\t<!-- All in One SEO Pro 5.0.1 - aioseo.com -->\n\t<meta name=\"description\" content=\"Managua, 28 abr (dpa) - La pol\u00e9mica reforma al Instituto de Seguridad Social (INSS) de Nicaragua provoc\u00f3 un estallido popular que dej\u00f3 63 muertos, heridos y detenidos, seg\u00fan diversas fuentes. Aunque fue revocada por el Gobierno, agobiado por in\u00e9ditas protestas callejeras la semana pasada, expertos aseguran que la medida es &quot;inminente e inevitable&quot;. Los plazos\" \/>\n\t<meta name=\"robots\" content=\"max-image-preview:large\" \/>\n\t<meta name=\"author\" content=\"El Digital de Asturias\"\/>\n\t<meta name=\"google-site-verification\" content=\"UA-38556648-1\" \/>\n\t<meta name=\"msvalidate.01\" content=\"7dfe9f3f1b24437ab69f4f2559babe99\" \/>\n\t<meta name=\"keywords\" content=\"actualidad\" \/>\n\t<link rel=\"canonical\" href=\"https:\/\/www.eldigitaldeasturias.com\/noticias\/los-expertos-afirman-que-es-inminente-la-reforma-del-seguro-social-en-nicaragua\/\" \/>\n\t<meta name=\"generator\" content=\"All in One SEO Pro (AIOSEO) 5.0.1\" \/>\n\t\t<meta property=\"og:locale\" content=\"es_ES\" \/>\n\t\t<meta property=\"og:site_name\" content=\"El Digital de Asturias\" \/>\n\t\t<meta property=\"og:type\" content=\"article\" \/>\n\t\t<meta property=\"og:title\" content=\"Los expertos afirman que es \u00abinminente\u00bb la reforma del Seguro Social en Nicaragua - El Digital de Asturias\" \/>\n\t\t<meta property=\"og:description\" content=\"Managua, 28 abr (dpa) - La pol\u00e9mica reforma al Instituto de Seguridad Social (INSS) de Nicaragua provoc\u00f3 un estallido popular que dej\u00f3 63 muertos, heridos y detenidos, seg\u00fan diversas fuentes. Aunque fue revocada por el Gobierno, agobiado por in\u00e9ditas protestas callejeras la semana pasada, expertos aseguran que la medida es &quot;inminente e inevitable&quot;. Los plazos\" \/>\n\t\t<meta property=\"og:url\" content=\"https:\/\/www.eldigitaldeasturias.com\/noticias\/los-expertos-afirman-que-es-inminente-la-reforma-del-seguro-social-en-nicaragua\/\" \/>\n\t\t<meta property=\"article:tag\" content=\"actualidad\" \/>\n\t\t<meta property=\"article:published_time\" content=\"2018-04-28T20:55:29+00:00\" \/>\n\t\t<meta property=\"article:modified_time\" content=\"2018-04-28T20:55:29+00:00\" \/>\n\t\t<meta property=\"article:publisher\" content=\"https:\/\/facebook.com\/eldigitaldeasturias\" \/>\n\t\t<meta name=\"twitter:card\" content=\"summary_large_image\" \/>\n\t\t<meta name=\"twitter:title\" content=\"Los expertos afirman que es \u00abinminente\u00bb la reforma del Seguro Social en Nicaragua - El Digital de Asturias\" \/>\n\t\t<meta name=\"twitter:description\" content=\"Managua, 28 abr (dpa) - La pol\u00e9mica reforma al Instituto de Seguridad Social (INSS) de Nicaragua provoc\u00f3 un estallido popular que dej\u00f3 63 muertos, heridos y detenidos, seg\u00fan diversas fuentes. Aunque fue revocada por el Gobierno, agobiado por in\u00e9ditas protestas callejeras la semana pasada, expertos aseguran que la medida es &quot;inminente e inevitable&quot;. Los plazos\" \/>\n\t\t<meta name=\"twitter:image\" content=\"https:\/\/www.eldigitaldeasturias.com\/noticias\/wp-content\/uploads\/2020\/12\/EDA-1.jpg\" \/>\n\t\t<meta name=\"twitter:label1\" content=\"Escrito por\" \/>\n\t\t<meta name=\"twitter:data1\" content=\"El Digital de Asturias\" \/>\n\t\t<meta name=\"twitter:label2\" content=\"Tiempo de lectura estimado\" \/>\n\t\t<meta name=\"twitter:data2\" content=\"4 minutos\" \/>\n\t\t<script type=\"application\/ld+json\" class=\"aioseo-schema\">\n\t\t\t{\"@context\":\"https:\\\/\\\/schema.org\",\"@graph\":[{\"@type\":\"BlogPosting\",\"@id\":\"https:\\\/\\\/www.eldigitaldeasturias.com\\\/noticias\\\/los-expertos-afirman-que-es-inminente-la-reforma-del-seguro-social-en-nicaragua\\\/#blogposting\",\"name\":\"Los expertos afirman que es \\u00abinminente\\u00bb la reforma del Seguro Social en Nicaragua - El Digital de Asturias\",\"headline\":\"Los expertos afirman que es \\u00abinminente\\u00bb la reforma del Seguro Social en Nicaragua\",\"author\":{\"@id\":\"https:\\\/\\\/www.eldigitaldeasturias.com\\\/noticias\\\/author\\\/admin\\\/#author\"},\"publisher\":{\"@id\":\"https:\\\/\\\/www.eldigitaldeasturias.com\\\/noticias\\\/#organization\"},\"image\":{\"@type\":\"ImageObject\",\"url\":977212},\"datePublished\":\"2018-04-28T20:55:29+02:00\",\"dateModified\":\"2018-04-28T20:55:29+02:00\",\"inLanguage\":\"es-ES\",\"mainEntityOfPage\":{\"@id\":\"https:\\\/\\\/www.eldigitaldeasturias.com\\\/noticias\\\/los-expertos-afirman-que-es-inminente-la-reforma-del-seguro-social-en-nicaragua\\\/#webpage\"},\"isPartOf\":{\"@id\":\"https:\\\/\\\/www.eldigitaldeasturias.com\\\/noticias\\\/los-expertos-afirman-que-es-inminente-la-reforma-del-seguro-social-en-nicaragua\\\/#webpage\"},\"articleSection\":\"Actualidad\"},{\"@type\":\"BreadcrumbList\",\"@id\":\"https:\\\/\\\/www.eldigitaldeasturias.com\\\/noticias\\\/los-expertos-afirman-que-es-inminente-la-reforma-del-seguro-social-en-nicaragua\\\/#breadcrumblist\",\"itemListElement\":[{\"@type\":\"ListItem\",\"@id\":\"https:\\\/\\\/www.eldigitaldeasturias.com\\\/noticias#listItem\",\"position\":1,\"name\":\"Home\",\"item\":\"https:\\\/\\\/www.eldigitaldeasturias.com\\\/noticias\",\"nextItem\":{\"@type\":\"ListItem\",\"@id\":\"https:\\\/\\\/www.eldigitaldeasturias.com\\\/noticias\\\/category\\\/actualidad\\\/#listItem\",\"name\":\"Actualidad\"}},{\"@type\":\"ListItem\",\"@id\":\"https:\\\/\\\/www.eldigitaldeasturias.com\\\/noticias\\\/category\\\/actualidad\\\/#listItem\",\"position\":2,\"name\":\"Actualidad\",\"item\":\"https:\\\/\\\/www.eldigitaldeasturias.com\\\/noticias\\\/category\\\/actualidad\\\/\",\"nextItem\":{\"@type\":\"ListItem\",\"@id\":\"https:\\\/\\\/www.eldigitaldeasturias.com\\\/noticias\\\/los-expertos-afirman-que-es-inminente-la-reforma-del-seguro-social-en-nicaragua\\\/#listItem\",\"name\":\"Los expertos afirman que es \\u00abinminente\\u00bb la reforma del Seguro Social en Nicaragua\"},\"previousItem\":{\"@type\":\"ListItem\",\"@id\":\"https:\\\/\\\/www.eldigitaldeasturias.com\\\/noticias#listItem\",\"name\":\"Home\"}},{\"@type\":\"ListItem\",\"@id\":\"https:\\\/\\\/www.eldigitaldeasturias.com\\\/noticias\\\/los-expertos-afirman-que-es-inminente-la-reforma-del-seguro-social-en-nicaragua\\\/#listItem\",\"position\":3,\"name\":\"Los expertos afirman que es \\u00abinminente\\u00bb la reforma del Seguro Social en Nicaragua\",\"previousItem\":{\"@type\":\"ListItem\",\"@id\":\"https:\\\/\\\/www.eldigitaldeasturias.com\\\/noticias\\\/category\\\/actualidad\\\/#listItem\",\"name\":\"Actualidad\"}}]},{\"@type\":\"Organization\",\"@id\":\"https:\\\/\\\/www.eldigitaldeasturias.com\\\/noticias\\\/#organization\",\"name\":\"El Digital de Asturias\",\"description\":\"Hemeroteca\",\"url\":\"https:\\\/\\\/www.eldigitaldeasturias.com\\\/noticias\\\/\",\"email\":\"info@eldigitaldeasturias.com\",\"telephone\":\"+34652131393\",\"logo\":{\"@type\":\"ImageObject\",\"url\":\"https:\\\/\\\/www.eldigitaldeasturias.com\\\/noticias\\\/wp-content\\\/uploads\\\/2020\\\/12\\\/EDA.jpg\",\"@id\":\"https:\\\/\\\/www.eldigitaldeasturias.com\\\/noticias\\\/los-expertos-afirman-que-es-inminente-la-reforma-del-seguro-social-en-nicaragua\\\/#organizationLogo\"},\"image\":{\"@id\":\"https:\\\/\\\/www.eldigitaldeasturias.com\\\/noticias\\\/los-expertos-afirman-que-es-inminente-la-reforma-del-seguro-social-en-nicaragua\\\/#organizationLogo\"},\"sameAs\":[\"https:\\\/\\\/facebook.com\\\/eldigitaldeasturias\",\"https:\\\/\\\/www.youtube.com\\\/channel\\\/UCZP-2wLEB9Rv6erhFmqVnvg\"],\"address\":{\"@id\":\"https:\\\/\\\/www.eldigitaldeasturias.com\\\/noticias\\\/#postaladdress\",\"@type\":\"PostalAddress\",\"streetAddress\":\"san antonio 4\",\"postalCode\":\"33430\",\"addressLocality\":\"Cand\\u00e1s\",\"addressRegion\":\"Asturias\",\"addressCountry\":\"ES\"}},{\"@type\":\"Person\",\"@id\":\"https:\\\/\\\/www.eldigitaldeasturias.com\\\/noticias\\\/author\\\/admin\\\/#author\",\"url\":\"https:\\\/\\\/www.eldigitaldeasturias.com\\\/noticias\\\/author\\\/admin\\\/\",\"name\":\"El Digital de Asturias\",\"image\":{\"@type\":\"ImageObject\",\"@id\":\"https:\\\/\\\/www.eldigitaldeasturias.com\\\/noticias\\\/los-expertos-afirman-que-es-inminente-la-reforma-del-seguro-social-en-nicaragua\\\/#authorImage\",\"url\":\"https:\\\/\\\/secure.gravatar.com\\\/avatar\\\/df2aeffc32bcd13f8d26072ef8a91b623d677766deac7f97ca815868cd41bf5e?s=96&d=mm&r=g\",\"width\":96,\"height\":96,\"caption\":\"El Digital de Asturias\"}},{\"@type\":\"WebPage\",\"@id\":\"https:\\\/\\\/www.eldigitaldeasturias.com\\\/noticias\\\/los-expertos-afirman-que-es-inminente-la-reforma-del-seguro-social-en-nicaragua\\\/#webpage\",\"url\":\"https:\\\/\\\/www.eldigitaldeasturias.com\\\/noticias\\\/los-expertos-afirman-que-es-inminente-la-reforma-del-seguro-social-en-nicaragua\\\/\",\"name\":\"Los expertos afirman que es \\u00abinminente\\u00bb la reforma del Seguro Social en Nicaragua - El Digital de Asturias\",\"description\":\"Managua, 28 abr (dpa) - La pol\\u00e9mica reforma al Instituto de Seguridad Social (INSS) de Nicaragua provoc\\u00f3 un estallido popular que dej\\u00f3 63 muertos, heridos y detenidos, seg\\u00fan diversas fuentes. Aunque fue revocada por el Gobierno, agobiado por in\\u00e9ditas protestas callejeras la semana pasada, expertos aseguran que la medida es \\\"inminente e inevitable\\\". Los plazos\",\"inLanguage\":\"es-ES\",\"isPartOf\":{\"@id\":\"https:\\\/\\\/www.eldigitaldeasturias.com\\\/noticias\\\/#website\"},\"breadcrumb\":{\"@id\":\"https:\\\/\\\/www.eldigitaldeasturias.com\\\/noticias\\\/los-expertos-afirman-que-es-inminente-la-reforma-del-seguro-social-en-nicaragua\\\/#breadcrumblist\"},\"author\":{\"@id\":\"https:\\\/\\\/www.eldigitaldeasturias.com\\\/noticias\\\/author\\\/admin\\\/#author\"},\"creator\":{\"@id\":\"https:\\\/\\\/www.eldigitaldeasturias.com\\\/noticias\\\/author\\\/admin\\\/#author\"},\"image\":{\"@type\":\"ImageObject\",\"url\":977212,\"@id\":\"https:\\\/\\\/www.eldigitaldeasturias.com\\\/noticias\\\/los-expertos-afirman-que-es-inminente-la-reforma-del-seguro-social-en-nicaragua\\\/#mainImage\"},\"primaryImageOfPage\":{\"@id\":\"https:\\\/\\\/www.eldigitaldeasturias.com\\\/noticias\\\/los-expertos-afirman-que-es-inminente-la-reforma-del-seguro-social-en-nicaragua\\\/#mainImage\"},\"datePublished\":\"2018-04-28T20:55:29+02:00\",\"dateModified\":\"2018-04-28T20:55:29+02:00\"},{\"@type\":\"WebSite\",\"@id\":\"https:\\\/\\\/www.eldigitaldeasturias.com\\\/noticias\\\/#website\",\"url\":\"https:\\\/\\\/www.eldigitaldeasturias.com\\\/noticias\\\/\",\"name\":\"El Digital de Asturias - Diario de actualidad y noticias\",\"alternateName\":\"El Digital de Asturias - Diario de actualidad y noticias\",\"description\":\"Hemeroteca\",\"inLanguage\":\"es-ES\",\"publisher\":{\"@id\":\"https:\\\/\\\/www.eldigitaldeasturias.com\\\/noticias\\\/#organization\"}}]}\n\t\t<\/script>\n\t\t<!-- All in One SEO Pro -->\r\n\t\t<title>Los expertos afirman que es \u00abinminente\u00bb la reforma del Seguro Social en Nicaragua - El Digital de Asturias<\/title>\n\n","aioseo_head_json":{"title":"Los expertos afirman que es \u00abinminente\u00bb la reforma del Seguro Social en Nicaragua - El Digital de Asturias","description":"Managua, 28 abr (dpa) - La pol\u00e9mica reforma al Instituto de Seguridad Social (INSS) de Nicaragua provoc\u00f3 un estallido popular que dej\u00f3 63 muertos, heridos y detenidos, seg\u00fan diversas fuentes. Aunque fue revocada por el Gobierno, agobiado por in\u00e9ditas protestas callejeras la semana pasada, expertos aseguran que la medida es \"inminente e inevitable\". Los plazos","canonical_url":"https:\/\/www.eldigitaldeasturias.com\/noticias\/los-expertos-afirman-que-es-inminente-la-reforma-del-seguro-social-en-nicaragua\/","robots":"max-image-preview:large","keywords":"actualidad","webmasterTools":{"google-site-verification":"UA-38556648-1","msvalidate.01":"7dfe9f3f1b24437ab69f4f2559babe99","miscellaneous":""},"schema":{"@context":"https:\/\/schema.org","@graph":[{"@type":"BlogPosting","@id":"https:\/\/www.eldigitaldeasturias.com\/noticias\/los-expertos-afirman-que-es-inminente-la-reforma-del-seguro-social-en-nicaragua\/#blogposting","name":"Los expertos afirman que es \u00abinminente\u00bb la reforma del Seguro Social en Nicaragua - El Digital de Asturias","headline":"Los expertos afirman que es \u00abinminente\u00bb la reforma del Seguro Social en Nicaragua","author":{"@id":"https:\/\/www.eldigitaldeasturias.com\/noticias\/author\/admin\/#author"},"publisher":{"@id":"https:\/\/www.eldigitaldeasturias.com\/noticias\/#organization"},"image":{"@type":"ImageObject","url":977212},"datePublished":"2018-04-28T20:55:29+02:00","dateModified":"2018-04-28T20:55:29+02:00","inLanguage":"es-ES","mainEntityOfPage":{"@id":"https:\/\/www.eldigitaldeasturias.com\/noticias\/los-expertos-afirman-que-es-inminente-la-reforma-del-seguro-social-en-nicaragua\/#webpage"},"isPartOf":{"@id":"https:\/\/www.eldigitaldeasturias.com\/noticias\/los-expertos-afirman-que-es-inminente-la-reforma-del-seguro-social-en-nicaragua\/#webpage"},"articleSection":"Actualidad"},{"@type":"BreadcrumbList","@id":"https:\/\/www.eldigitaldeasturias.com\/noticias\/los-expertos-afirman-que-es-inminente-la-reforma-del-seguro-social-en-nicaragua\/#breadcrumblist","itemListElement":[{"@type":"ListItem","@id":"https:\/\/www.eldigitaldeasturias.com\/noticias#listItem","position":1,"name":"Home","item":"https:\/\/www.eldigitaldeasturias.com\/noticias","nextItem":{"@type":"ListItem","@id":"https:\/\/www.eldigitaldeasturias.com\/noticias\/category\/actualidad\/#listItem","name":"Actualidad"}},{"@type":"ListItem","@id":"https:\/\/www.eldigitaldeasturias.com\/noticias\/category\/actualidad\/#listItem","position":2,"name":"Actualidad","item":"https:\/\/www.eldigitaldeasturias.com\/noticias\/category\/actualidad\/","nextItem":{"@type":"ListItem","@id":"https:\/\/www.eldigitaldeasturias.com\/noticias\/los-expertos-afirman-que-es-inminente-la-reforma-del-seguro-social-en-nicaragua\/#listItem","name":"Los expertos afirman que es \u00abinminente\u00bb la reforma del Seguro Social en Nicaragua"},"previousItem":{"@type":"ListItem","@id":"https:\/\/www.eldigitaldeasturias.com\/noticias#listItem","name":"Home"}},{"@type":"ListItem","@id":"https:\/\/www.eldigitaldeasturias.com\/noticias\/los-expertos-afirman-que-es-inminente-la-reforma-del-seguro-social-en-nicaragua\/#listItem","position":3,"name":"Los expertos afirman que es \u00abinminente\u00bb la reforma del Seguro Social en Nicaragua","previousItem":{"@type":"ListItem","@id":"https:\/\/www.eldigitaldeasturias.com\/noticias\/category\/actualidad\/#listItem","name":"Actualidad"}}]},{"@type":"Organization","@id":"https:\/\/www.eldigitaldeasturias.com\/noticias\/#organization","name":"El Digital de Asturias","description":"Hemeroteca","url":"https:\/\/www.eldigitaldeasturias.com\/noticias\/","email":"info@eldigitaldeasturias.com","telephone":"+34652131393","logo":{"@type":"ImageObject","url":"https:\/\/www.eldigitaldeasturias.com\/noticias\/wp-content\/uploads\/2020\/12\/EDA.jpg","@id":"https:\/\/www.eldigitaldeasturias.com\/noticias\/los-expertos-afirman-que-es-inminente-la-reforma-del-seguro-social-en-nicaragua\/#organizationLogo"},"image":{"@id":"https:\/\/www.eldigitaldeasturias.com\/noticias\/los-expertos-afirman-que-es-inminente-la-reforma-del-seguro-social-en-nicaragua\/#organizationLogo"},"sameAs":["https:\/\/facebook.com\/eldigitaldeasturias","https:\/\/www.youtube.com\/channel\/UCZP-2wLEB9Rv6erhFmqVnvg"],"address":{"@id":"https:\/\/www.eldigitaldeasturias.com\/noticias\/#postaladdress","@type":"PostalAddress","streetAddress":"san antonio 4","postalCode":"33430","addressLocality":"Cand\u00e1s","addressRegion":"Asturias","addressCountry":"ES"}},{"@type":"Person","@id":"https:\/\/www.eldigitaldeasturias.com\/noticias\/author\/admin\/#author","url":"https:\/\/www.eldigitaldeasturias.com\/noticias\/author\/admin\/","name":"El Digital de Asturias","image":{"@type":"ImageObject","@id":"https:\/\/www.eldigitaldeasturias.com\/noticias\/los-expertos-afirman-que-es-inminente-la-reforma-del-seguro-social-en-nicaragua\/#authorImage","url":"https:\/\/secure.gravatar.com\/avatar\/df2aeffc32bcd13f8d26072ef8a91b623d677766deac7f97ca815868cd41bf5e?s=96&d=mm&r=g","width":96,"height":96,"caption":"El Digital de Asturias"}},{"@type":"WebPage","@id":"https:\/\/www.eldigitaldeasturias.com\/noticias\/los-expertos-afirman-que-es-inminente-la-reforma-del-seguro-social-en-nicaragua\/#webpage","url":"https:\/\/www.eldigitaldeasturias.com\/noticias\/los-expertos-afirman-que-es-inminente-la-reforma-del-seguro-social-en-nicaragua\/","name":"Los expertos afirman que es \u00abinminente\u00bb la reforma del Seguro Social en Nicaragua - El Digital de Asturias","description":"Managua, 28 abr (dpa) - La pol\u00e9mica reforma al Instituto de Seguridad Social (INSS) de Nicaragua provoc\u00f3 un estallido popular que dej\u00f3 63 muertos, heridos y detenidos, seg\u00fan diversas fuentes. Aunque fue revocada por el Gobierno, agobiado por in\u00e9ditas protestas callejeras la semana pasada, expertos aseguran que la medida es \"inminente e inevitable\". Los plazos","inLanguage":"es-ES","isPartOf":{"@id":"https:\/\/www.eldigitaldeasturias.com\/noticias\/#website"},"breadcrumb":{"@id":"https:\/\/www.eldigitaldeasturias.com\/noticias\/los-expertos-afirman-que-es-inminente-la-reforma-del-seguro-social-en-nicaragua\/#breadcrumblist"},"author":{"@id":"https:\/\/www.eldigitaldeasturias.com\/noticias\/author\/admin\/#author"},"creator":{"@id":"https:\/\/www.eldigitaldeasturias.com\/noticias\/author\/admin\/#author"},"image":{"@type":"ImageObject","url":977212,"@id":"https:\/\/www.eldigitaldeasturias.com\/noticias\/los-expertos-afirman-que-es-inminente-la-reforma-del-seguro-social-en-nicaragua\/#mainImage"},"primaryImageOfPage":{"@id":"https:\/\/www.eldigitaldeasturias.com\/noticias\/los-expertos-afirman-que-es-inminente-la-reforma-del-seguro-social-en-nicaragua\/#mainImage"},"datePublished":"2018-04-28T20:55:29+02:00","dateModified":"2018-04-28T20:55:29+02:00"},{"@type":"WebSite","@id":"https:\/\/www.eldigitaldeasturias.com\/noticias\/#website","url":"https:\/\/www.eldigitaldeasturias.com\/noticias\/","name":"El Digital de Asturias - Diario de actualidad y noticias","alternateName":"El Digital de Asturias - Diario de actualidad y noticias","description":"Hemeroteca","inLanguage":"es-ES","publisher":{"@id":"https:\/\/www.eldigitaldeasturias.com\/noticias\/#organization"}}]},"og:locale":"es_ES","og:site_name":"El Digital de Asturias","og:type":"article","og:title":"Los expertos afirman que es \u00abinminente\u00bb la reforma del Seguro Social en Nicaragua - El Digital de Asturias","og:description":"Managua, 28 abr (dpa) - La pol\u00e9mica reforma al Instituto de Seguridad Social (INSS) de Nicaragua provoc\u00f3 un estallido popular que dej\u00f3 63 muertos, heridos y detenidos, seg\u00fan diversas fuentes. Aunque fue revocada por el Gobierno, agobiado por in\u00e9ditas protestas callejeras la semana pasada, expertos aseguran que la medida es &quot;inminente e inevitable&quot;. Los plazos","og:url":"https:\/\/www.eldigitaldeasturias.com\/noticias\/los-expertos-afirman-que-es-inminente-la-reforma-del-seguro-social-en-nicaragua\/","article:tag":["actualidad"],"article:published_time":"2018-04-28T20:55:29+00:00","article:modified_time":"2018-04-28T20:55:29+00:00","article:publisher":"https:\/\/facebook.com\/eldigitaldeasturias","twitter:card":"summary_large_image","twitter:title":"Los expertos afirman que es \u00abinminente\u00bb la reforma del Seguro Social en Nicaragua - El Digital de Asturias","twitter:description":"Managua, 28 abr (dpa) - La pol\u00e9mica reforma al Instituto de Seguridad Social (INSS) de Nicaragua provoc\u00f3 un estallido popular que dej\u00f3 63 muertos, heridos y detenidos, seg\u00fan diversas fuentes. Aunque fue revocada por el Gobierno, agobiado por in\u00e9ditas protestas callejeras la semana pasada, expertos aseguran que la medida es &quot;inminente e inevitable&quot;. Los plazos","twitter:image":"https:\/\/www.eldigitaldeasturias.com\/noticias\/wp-content\/uploads\/2020\/12\/EDA-1.jpg","twitter:label1":"Escrito por","twitter:data1":"El Digital de Asturias","twitter:label2":"Tiempo de lectura estimado","twitter:data2":"4 minutos"},"aioseo_meta_data":{"post_id":"978087","title":null,"description":null,"keywords":null,"keyphrases":null,"primary_term":null,"canonical_url":null,"og_title":null,"og_description":null,"og_object_type":"default","og_image_type":"default","og_image_url":null,"og_image_width":null,"og_image_height":null,"og_image_custom_url":null,"og_image_custom_fields":null,"og_video":null,"og_custom_url":null,"og_article_section":null,"og_article_tags":null,"twitter_use_og":false,"twitter_card":"default","twitter_image_type":"default","twitter_image_url":null,"twitter_image_custom_url":null,"twitter_image_custom_fields":null,"twitter_title":null,"twitter_description":null,"schema":{"blockGraphs":[],"customGraphs":[],"default":{"data":{"Article":[],"Course":[],"Dataset":[],"FAQPage":[],"Movie":[],"Person":[],"Product":[],"ProductReview":[],"Car":[],"Recipe":[],"Service":[],"SoftwareApplication":[],"WebPage":[]},"graphName":"","isEnabled":true},"graphs":[],"defaultGraph":"","defaultPostTypeGraph":""},"schema_type":null,"schema_type_options":null,"pillar_content":false,"robots_default":true,"robots_noindex":false,"robots_noarchive":false,"robots_nosnippet":false,"robots_nofollow":false,"robots_noimageindex":false,"robots_noodp":false,"robots_notranslate":false,"robots_max_snippet":null,"robots_max_videopreview":null,"robots_max_imagepreview":"large","priority":null,"frequency":null,"local_seo":null,"seo_analyzer_scan_date":"2025-10-08 09:37:11","breadcrumb_settings":null,"limit_modified_date":false,"open_ai":null,"ai":null,"created":"2020-12-21 12:03:39","updated":"2025-10-08 09:37:11","focus_keyword":null,"additional_keywords":null,"truseo_locale":null},"aioseo_breadcrumb":"<div class=\"aioseo-breadcrumbs\"><span class=\"aioseo-breadcrumb\">\n\t<a href=\"https:\/\/www.eldigitaldeasturias.com\/noticias\" title=\"Home\">Home<\/a>\n<\/span><span class=\"aioseo-breadcrumb-separator\">\u2013<\/span><span class=\"aioseo-breadcrumb\">\n\t<a href=\"https:\/\/www.eldigitaldeasturias.com\/noticias\/category\/actualidad\/\" title=\"Actualidad\">Actualidad<\/a>\n<\/span><span class=\"aioseo-breadcrumb-separator\">\u2013<\/span><span class=\"aioseo-breadcrumb\">\n\t<a href=\"https:\/\/www.eldigitaldeasturias.com\/noticias\/los-expertos-afirman-que-es-inminente-la-reforma-del-seguro-social-en-nicaragua\/\" title=\"Los expertos afirman que es \u00abinminente\u00bb la reforma del Seguro Social en Nicaragua\">Los expertos afirman que es \u00abinminente\u00bb la reforma del Seguro Social en Nicaragua<\/a>\n<\/span><\/div>","aioseo_breadcrumb_json":[{"label":"Home","link":"https:\/\/www.eldigitaldeasturias.com\/noticias"},{"label":"Actualidad","link":"https:\/\/www.eldigitaldeasturias.com\/noticias\/category\/actualidad\/"},{"label":"Los expertos afirman que es \u00abinminente\u00bb la reforma del Seguro Social en Nicaragua","link":"https:\/\/www.eldigitaldeasturias.com\/noticias\/los-expertos-afirman-que-es-inminente-la-reforma-del-seguro-social-en-nicaragua\/"}],"_links":{"self":[{"href":"https:\/\/www.eldigitaldeasturias.com\/noticias\/wp-json\/wp\/v2\/posts\/978087","targetHints":{"allow":["GET"]}}],"collection":[{"href":"https:\/\/www.eldigitaldeasturias.com\/noticias\/wp-json\/wp\/v2\/posts"}],"about":[{"href":"https:\/\/www.eldigitaldeasturias.com\/noticias\/wp-json\/wp\/v2\/types\/post"}],"author":[{"embeddable":true,"href":"https:\/\/www.eldigitaldeasturias.com\/noticias\/wp-json\/wp\/v2\/users\/1"}],"replies":[{"embeddable":true,"href":"https:\/\/www.eldigitaldeasturias.com\/noticias\/wp-json\/wp\/v2\/comments?post=978087"}],"version-history":[{"count":0,"href":"https:\/\/www.eldigitaldeasturias.com\/noticias\/wp-json\/wp\/v2\/posts\/978087\/revisions"}],"wp:attachment":[{"href":"https:\/\/www.eldigitaldeasturias.com\/noticias\/wp-json\/wp\/v2\/media?parent=978087"}],"wp:term":[{"taxonomy":"category","embeddable":true,"href":"https:\/\/www.eldigitaldeasturias.com\/noticias\/wp-json\/wp\/v2\/categories?post=978087"},{"taxonomy":"post_tag","embeddable":true,"href":"https:\/\/www.eldigitaldeasturias.com\/noticias\/wp-json\/wp\/v2\/tags?post=978087"}],"curies":[{"name":"wp","href":"https:\/\/api.w.org\/{rel}","templated":true}]}}