{"id":978001,"date":"2018-04-28T09:23:10","date_gmt":"2018-04-28T09:23:10","guid":{"rendered":"http:\/\/www.eldigitaldeasturias.com\/noticias\/?p=978001"},"modified":"2018-04-28T09:23:10","modified_gmt":"2018-04-28T09:23:10","slug":"presentado-el-tercer-catalogo-de-la-escuela-de-accion-voluntaria-de-aragon","status":"publish","type":"post","link":"https:\/\/www.eldigitaldeasturias.com\/noticias\/presentado-el-tercer-catalogo-de-la-escuela-de-accion-voluntaria-de-aragon\/","title":{"rendered":"Presentado el tercer Cat\u00e1logo de la Escuela de Acci\u00f3n Voluntaria de Arag\u00f3n"},"content":{"rendered":"<p><img loading=\"lazy\" decoding=\"async\" class=\"alignleft size-medium wp-image-978002\" src=\"https:\/\/www.eldigitaldeasturias.com\/noticias\/wp-content\/uploads\/2018\/04\/catalogo_042775f7-360x159.jpg\" alt=\"\" width=\"360\" height=\"159\" \/>El Gobierno de Arag\u00f3n, a trav\u00e9s de la Direcci\u00f3n General de Participaci\u00f3n Ciudadana, Transparencia, Cooperaci\u00f3n y Voluntariado y en colaboraci\u00f3n con otras entidades aragonesas, ha presentado el tercer Cat\u00e1logo de la Escuela de Acci\u00f3n Voluntaria de Arag\u00f3n.<\/p>\n<p>En el documento se pueden encontrar m\u00e1s de 1.400 plazas ofertadas en los 58 cursos que son gestionados por entidades coordinadoras y promotoras en materia de voluntariado. En concreto, en esta tercera edici\u00f3n del cat\u00e1logo participan la Coordinadora Aragonesa de Voluntariado, la Plataforma de Voluntariado de Arag\u00f3n, varios departamentos de la DGA (como Protecci\u00f3n civil, el Hospital Miguel Servet o Arag\u00f3n Participa), CEOE Arag\u00f3n y la Universidad de Zaragoza. Muchos de ellos, adem\u00e1s, se coordinan con entidades p\u00fablicas y privadas de las localidades donde se imparten.<\/p>\n<p>Este tercer cat\u00e1logo de la Escuela de Acci\u00f3n Voluntaria de Arag\u00f3n contiene tem\u00e1ticas directamente relacionadas con los recursos disponibles para la promoci\u00f3n del voluntariado entre la juventud, el impulso al voluntariado corporativo empresarial en las tres capitales de provincia, el apoyo al voluntariado sanitario a trav\u00e9s de la pr\u00e1ctica del mindfulness y la inteligencia emocional, el aprendizaje para dise\u00f1ar planes de voluntariado y la primera atenci\u00f3n psicol\u00f3gica dirigida de forma espec\u00edfica al voluntariado de protecci\u00f3n civil, entre otros.<\/p>\n<p>En las fichas informativas de cada uno de los cursos, se incluye informaci\u00f3n sobre los lugares, fechas, objetivos y contenidos de los mismos, as\u00ed como la forma de contactar.<\/p>\n<p>Los destinatarios de estas actividades son personas de todas las edades, voluntarias, t\u00e9cnicos y aquellas interesadas en acercarse a una nueva realidad. Las localidades en las que se realizan son diversas y corresponden a todo el territorio aragon\u00e9s: Montalb\u00e1n, Calamocha, Quinto, Pedrola, Daroca, Benasque, Alca\u00f1iz, Monreal del Campo, Caspe, Andorra, Teruel, Huesca y Zaragoza, entre otras.<\/p>\n<p>El cat\u00e1logo es un documento din\u00e1mico que se actualiza bianualmente en colaboraci\u00f3n con entidades no lucrativas, departamentos del Gobierno de Arag\u00f3n, entidades locales, universidades y empresas para que resulte fruto de las iniciativas demandadas por las entidades y por la sociedad en general.<\/p>\n<p>La publicaci\u00f3n del cat\u00e1logo forma parte de la Estrategia Aragonesa de Voluntariado que se defini\u00f3 en 2016 en torno a cuatro ejes de trabajo que se han ido construyendo progresivamente con la ciudadan\u00eda. La creaci\u00f3n de la Escuela de Acci\u00f3n de Voluntariado de Arag\u00f3n est\u00e1 contemplada en el Proyecto de Ley de Voluntariado de Arag\u00f3n que actualmente est\u00e1 en tramitaci\u00f3n en las Cortes.<\/p>\n","protected":false},"excerpt":{"rendered":"<p>El Gobierno de Arag\u00f3n, a trav\u00e9s de la Direcci\u00f3n General de Participaci\u00f3n Ciudadana, Transparencia, Cooperaci\u00f3n y Voluntariado y en colaboraci\u00f3n con otras entidades aragonesas, ha presentado el tercer Cat\u00e1logo de la Escuela de Acci\u00f3n Voluntaria de Arag\u00f3n. En el documento se pueden encontrar m\u00e1s de 1.400 plazas ofertadas en los 58 cursos que son gestionados [&hellip;]<\/p>\n","protected":false},"author":1,"featured_media":978002,"comment_status":"closed","ping_status":"closed","sticky":false,"template":"","format":"standard","meta":{"footnotes":""},"categories":[1],"tags":[],"class_list":["post-978001","post","type-post","status-publish","format-standard","has-post-thumbnail","hentry","category-actualidad"],"aioseo_notices":[],"aioseo_head":"\n\t\t<!-- All in One SEO Pro 5.0.1 - aioseo.com -->\n\t<meta name=\"description\" content=\"El Gobierno de Arag\u00f3n, a trav\u00e9s de la Direcci\u00f3n General de Participaci\u00f3n Ciudadana, Transparencia, Cooperaci\u00f3n y Voluntariado y en colaboraci\u00f3n con otras entidades aragonesas, ha presentado el tercer Cat\u00e1logo de la Escuela de Acci\u00f3n Voluntaria de Arag\u00f3n. En el documento se pueden encontrar m\u00e1s de 1.400 plazas ofertadas en los 58 cursos que son gestionados\" \/>\n\t<meta name=\"robots\" content=\"max-image-preview:large\" \/>\n\t<meta name=\"author\" content=\"El Digital de Asturias\"\/>\n\t<meta name=\"google-site-verification\" content=\"UA-38556648-1\" \/>\n\t<meta name=\"msvalidate.01\" content=\"7dfe9f3f1b24437ab69f4f2559babe99\" \/>\n\t<meta name=\"keywords\" content=\"actualidad\" \/>\n\t<link rel=\"canonical\" href=\"https:\/\/www.eldigitaldeasturias.com\/noticias\/presentado-el-tercer-catalogo-de-la-escuela-de-accion-voluntaria-de-aragon\/\" \/>\n\t<meta name=\"generator\" content=\"All in One SEO Pro (AIOSEO) 5.0.1\" \/>\n\t\t<meta property=\"og:locale\" content=\"es_ES\" \/>\n\t\t<meta property=\"og:site_name\" content=\"El Digital de Asturias\" \/>\n\t\t<meta property=\"og:type\" content=\"article\" \/>\n\t\t<meta property=\"og:title\" content=\"Presentado el tercer Cat\u00e1logo de la Escuela de Acci\u00f3n Voluntaria de Arag\u00f3n - El Digital de Asturias\" \/>\n\t\t<meta property=\"og:description\" content=\"El Gobierno de Arag\u00f3n, a trav\u00e9s de la Direcci\u00f3n General de Participaci\u00f3n Ciudadana, Transparencia, Cooperaci\u00f3n y Voluntariado y en colaboraci\u00f3n con otras entidades aragonesas, ha presentado el tercer Cat\u00e1logo de la Escuela de Acci\u00f3n Voluntaria de Arag\u00f3n. En el documento se pueden encontrar m\u00e1s de 1.400 plazas ofertadas en los 58 cursos que son gestionados\" \/>\n\t\t<meta property=\"og:url\" content=\"https:\/\/www.eldigitaldeasturias.com\/noticias\/presentado-el-tercer-catalogo-de-la-escuela-de-accion-voluntaria-de-aragon\/\" \/>\n\t\t<meta property=\"article:tag\" content=\"actualidad\" \/>\n\t\t<meta property=\"article:published_time\" content=\"2018-04-28T09:23:10+00:00\" \/>\n\t\t<meta property=\"article:modified_time\" content=\"2018-04-28T09:23:10+00:00\" \/>\n\t\t<meta property=\"article:publisher\" content=\"https:\/\/facebook.com\/eldigitaldeasturias\" \/>\n\t\t<meta name=\"twitter:card\" content=\"summary_large_image\" \/>\n\t\t<meta name=\"twitter:title\" content=\"Presentado el tercer Cat\u00e1logo de la Escuela de Acci\u00f3n Voluntaria de Arag\u00f3n - El Digital de Asturias\" \/>\n\t\t<meta name=\"twitter:description\" content=\"El Gobierno de Arag\u00f3n, a trav\u00e9s de la Direcci\u00f3n General de Participaci\u00f3n Ciudadana, Transparencia, Cooperaci\u00f3n y Voluntariado y en colaboraci\u00f3n con otras entidades aragonesas, ha presentado el tercer Cat\u00e1logo de la Escuela de Acci\u00f3n Voluntaria de Arag\u00f3n. En el documento se pueden encontrar m\u00e1s de 1.400 plazas ofertadas en los 58 cursos que son gestionados\" \/>\n\t\t<meta name=\"twitter:image\" content=\"https:\/\/www.eldigitaldeasturias.com\/noticias\/wp-content\/uploads\/2020\/12\/EDA-1.jpg\" \/>\n\t\t<meta name=\"twitter:label1\" content=\"Escrito por\" \/>\n\t\t<meta name=\"twitter:data1\" content=\"El Digital de Asturias\" \/>\n\t\t<meta name=\"twitter:label2\" content=\"Tiempo de lectura estimado\" \/>\n\t\t<meta name=\"twitter:data2\" content=\"2 minutos\" \/>\n\t\t<script type=\"application\/ld+json\" class=\"aioseo-schema\">\n\t\t\t{\"@context\":\"https:\\\/\\\/schema.org\",\"@graph\":[{\"@type\":\"BlogPosting\",\"@id\":\"https:\\\/\\\/www.eldigitaldeasturias.com\\\/noticias\\\/presentado-el-tercer-catalogo-de-la-escuela-de-accion-voluntaria-de-aragon\\\/#blogposting\",\"name\":\"Presentado el tercer Cat\\u00e1logo de la Escuela de Acci\\u00f3n Voluntaria de Arag\\u00f3n - El Digital de Asturias\",\"headline\":\"Presentado el tercer Cat\\u00e1logo de la Escuela de Acci\\u00f3n Voluntaria de Arag\\u00f3n\",\"author\":{\"@id\":\"https:\\\/\\\/www.eldigitaldeasturias.com\\\/noticias\\\/author\\\/admin\\\/#author\"},\"publisher\":{\"@id\":\"https:\\\/\\\/www.eldigitaldeasturias.com\\\/noticias\\\/#organization\"},\"image\":{\"@type\":\"ImageObject\",\"url\":978002},\"datePublished\":\"2018-04-28T09:23:10+02:00\",\"dateModified\":\"2018-04-28T09:23:10+02:00\",\"inLanguage\":\"es-ES\",\"mainEntityOfPage\":{\"@id\":\"https:\\\/\\\/www.eldigitaldeasturias.com\\\/noticias\\\/presentado-el-tercer-catalogo-de-la-escuela-de-accion-voluntaria-de-aragon\\\/#webpage\"},\"isPartOf\":{\"@id\":\"https:\\\/\\\/www.eldigitaldeasturias.com\\\/noticias\\\/presentado-el-tercer-catalogo-de-la-escuela-de-accion-voluntaria-de-aragon\\\/#webpage\"},\"articleSection\":\"Actualidad\"},{\"@type\":\"BreadcrumbList\",\"@id\":\"https:\\\/\\\/www.eldigitaldeasturias.com\\\/noticias\\\/presentado-el-tercer-catalogo-de-la-escuela-de-accion-voluntaria-de-aragon\\\/#breadcrumblist\",\"itemListElement\":[{\"@type\":\"ListItem\",\"@id\":\"https:\\\/\\\/www.eldigitaldeasturias.com\\\/noticias#listItem\",\"position\":1,\"name\":\"Home\",\"item\":\"https:\\\/\\\/www.eldigitaldeasturias.com\\\/noticias\",\"nextItem\":{\"@type\":\"ListItem\",\"@id\":\"https:\\\/\\\/www.eldigitaldeasturias.com\\\/noticias\\\/category\\\/actualidad\\\/#listItem\",\"name\":\"Actualidad\"}},{\"@type\":\"ListItem\",\"@id\":\"https:\\\/\\\/www.eldigitaldeasturias.com\\\/noticias\\\/category\\\/actualidad\\\/#listItem\",\"position\":2,\"name\":\"Actualidad\",\"item\":\"https:\\\/\\\/www.eldigitaldeasturias.com\\\/noticias\\\/category\\\/actualidad\\\/\",\"nextItem\":{\"@type\":\"ListItem\",\"@id\":\"https:\\\/\\\/www.eldigitaldeasturias.com\\\/noticias\\\/presentado-el-tercer-catalogo-de-la-escuela-de-accion-voluntaria-de-aragon\\\/#listItem\",\"name\":\"Presentado el tercer Cat\\u00e1logo de la Escuela de Acci\\u00f3n Voluntaria de Arag\\u00f3n\"},\"previousItem\":{\"@type\":\"ListItem\",\"@id\":\"https:\\\/\\\/www.eldigitaldeasturias.com\\\/noticias#listItem\",\"name\":\"Home\"}},{\"@type\":\"ListItem\",\"@id\":\"https:\\\/\\\/www.eldigitaldeasturias.com\\\/noticias\\\/presentado-el-tercer-catalogo-de-la-escuela-de-accion-voluntaria-de-aragon\\\/#listItem\",\"position\":3,\"name\":\"Presentado el tercer Cat\\u00e1logo de la Escuela de Acci\\u00f3n Voluntaria de Arag\\u00f3n\",\"previousItem\":{\"@type\":\"ListItem\",\"@id\":\"https:\\\/\\\/www.eldigitaldeasturias.com\\\/noticias\\\/category\\\/actualidad\\\/#listItem\",\"name\":\"Actualidad\"}}]},{\"@type\":\"Organization\",\"@id\":\"https:\\\/\\\/www.eldigitaldeasturias.com\\\/noticias\\\/#organization\",\"name\":\"El Digital de Asturias\",\"description\":\"Hemeroteca\",\"url\":\"https:\\\/\\\/www.eldigitaldeasturias.com\\\/noticias\\\/\",\"email\":\"info@eldigitaldeasturias.com\",\"telephone\":\"+34652131393\",\"logo\":{\"@type\":\"ImageObject\",\"url\":\"https:\\\/\\\/www.eldigitaldeasturias.com\\\/noticias\\\/wp-content\\\/uploads\\\/2020\\\/12\\\/EDA.jpg\",\"@id\":\"https:\\\/\\\/www.eldigitaldeasturias.com\\\/noticias\\\/presentado-el-tercer-catalogo-de-la-escuela-de-accion-voluntaria-de-aragon\\\/#organizationLogo\"},\"image\":{\"@id\":\"https:\\\/\\\/www.eldigitaldeasturias.com\\\/noticias\\\/presentado-el-tercer-catalogo-de-la-escuela-de-accion-voluntaria-de-aragon\\\/#organizationLogo\"},\"sameAs\":[\"https:\\\/\\\/facebook.com\\\/eldigitaldeasturias\",\"https:\\\/\\\/www.youtube.com\\\/channel\\\/UCZP-2wLEB9Rv6erhFmqVnvg\"],\"address\":{\"@id\":\"https:\\\/\\\/www.eldigitaldeasturias.com\\\/noticias\\\/#postaladdress\",\"@type\":\"PostalAddress\",\"streetAddress\":\"san antonio 4\",\"postalCode\":\"33430\",\"addressLocality\":\"Cand\\u00e1s\",\"addressRegion\":\"Asturias\",\"addressCountry\":\"ES\"}},{\"@type\":\"Person\",\"@id\":\"https:\\\/\\\/www.eldigitaldeasturias.com\\\/noticias\\\/author\\\/admin\\\/#author\",\"url\":\"https:\\\/\\\/www.eldigitaldeasturias.com\\\/noticias\\\/author\\\/admin\\\/\",\"name\":\"El Digital de Asturias\",\"image\":{\"@type\":\"ImageObject\",\"@id\":\"https:\\\/\\\/www.eldigitaldeasturias.com\\\/noticias\\\/presentado-el-tercer-catalogo-de-la-escuela-de-accion-voluntaria-de-aragon\\\/#authorImage\",\"url\":\"https:\\\/\\\/secure.gravatar.com\\\/avatar\\\/df2aeffc32bcd13f8d26072ef8a91b623d677766deac7f97ca815868cd41bf5e?s=96&d=mm&r=g\",\"width\":96,\"height\":96,\"caption\":\"El Digital de Asturias\"}},{\"@type\":\"WebPage\",\"@id\":\"https:\\\/\\\/www.eldigitaldeasturias.com\\\/noticias\\\/presentado-el-tercer-catalogo-de-la-escuela-de-accion-voluntaria-de-aragon\\\/#webpage\",\"url\":\"https:\\\/\\\/www.eldigitaldeasturias.com\\\/noticias\\\/presentado-el-tercer-catalogo-de-la-escuela-de-accion-voluntaria-de-aragon\\\/\",\"name\":\"Presentado el tercer Cat\\u00e1logo de la Escuela de Acci\\u00f3n Voluntaria de Arag\\u00f3n - El Digital de Asturias\",\"description\":\"El Gobierno de Arag\\u00f3n, a trav\\u00e9s de la Direcci\\u00f3n General de Participaci\\u00f3n Ciudadana, Transparencia, Cooperaci\\u00f3n y Voluntariado y en colaboraci\\u00f3n con otras entidades aragonesas, ha presentado el tercer Cat\\u00e1logo de la Escuela de Acci\\u00f3n Voluntaria de Arag\\u00f3n. En el documento se pueden encontrar m\\u00e1s de 1.400 plazas ofertadas en los 58 cursos que son gestionados\",\"inLanguage\":\"es-ES\",\"isPartOf\":{\"@id\":\"https:\\\/\\\/www.eldigitaldeasturias.com\\\/noticias\\\/#website\"},\"breadcrumb\":{\"@id\":\"https:\\\/\\\/www.eldigitaldeasturias.com\\\/noticias\\\/presentado-el-tercer-catalogo-de-la-escuela-de-accion-voluntaria-de-aragon\\\/#breadcrumblist\"},\"author\":{\"@id\":\"https:\\\/\\\/www.eldigitaldeasturias.com\\\/noticias\\\/author\\\/admin\\\/#author\"},\"creator\":{\"@id\":\"https:\\\/\\\/www.eldigitaldeasturias.com\\\/noticias\\\/author\\\/admin\\\/#author\"},\"image\":{\"@type\":\"ImageObject\",\"url\":978002,\"@id\":\"https:\\\/\\\/www.eldigitaldeasturias.com\\\/noticias\\\/presentado-el-tercer-catalogo-de-la-escuela-de-accion-voluntaria-de-aragon\\\/#mainImage\"},\"primaryImageOfPage\":{\"@id\":\"https:\\\/\\\/www.eldigitaldeasturias.com\\\/noticias\\\/presentado-el-tercer-catalogo-de-la-escuela-de-accion-voluntaria-de-aragon\\\/#mainImage\"},\"datePublished\":\"2018-04-28T09:23:10+02:00\",\"dateModified\":\"2018-04-28T09:23:10+02:00\"},{\"@type\":\"WebSite\",\"@id\":\"https:\\\/\\\/www.eldigitaldeasturias.com\\\/noticias\\\/#website\",\"url\":\"https:\\\/\\\/www.eldigitaldeasturias.com\\\/noticias\\\/\",\"name\":\"El Digital de Asturias - Diario de actualidad y noticias\",\"alternateName\":\"El Digital de Asturias - Diario de actualidad y noticias\",\"description\":\"Hemeroteca\",\"inLanguage\":\"es-ES\",\"publisher\":{\"@id\":\"https:\\\/\\\/www.eldigitaldeasturias.com\\\/noticias\\\/#organization\"}}]}\n\t\t<\/script>\n\t\t<!-- All in One SEO Pro -->\r\n\t\t<title>Presentado el tercer Cat\u00e1logo de la Escuela de Acci\u00f3n Voluntaria de Arag\u00f3n - El Digital de Asturias<\/title>\n\n","aioseo_head_json":{"title":"Presentado el tercer Cat\u00e1logo de la Escuela de Acci\u00f3n Voluntaria de Arag\u00f3n - El Digital de Asturias","description":"El Gobierno de Arag\u00f3n, a trav\u00e9s de la Direcci\u00f3n General de Participaci\u00f3n Ciudadana, Transparencia, Cooperaci\u00f3n y Voluntariado y en colaboraci\u00f3n con otras entidades aragonesas, ha presentado el tercer Cat\u00e1logo de la Escuela de Acci\u00f3n Voluntaria de Arag\u00f3n. En el documento se pueden encontrar m\u00e1s de 1.400 plazas ofertadas en los 58 cursos que son gestionados","canonical_url":"https:\/\/www.eldigitaldeasturias.com\/noticias\/presentado-el-tercer-catalogo-de-la-escuela-de-accion-voluntaria-de-aragon\/","robots":"max-image-preview:large","keywords":"actualidad","webmasterTools":{"google-site-verification":"UA-38556648-1","msvalidate.01":"7dfe9f3f1b24437ab69f4f2559babe99","miscellaneous":""},"schema":{"@context":"https:\/\/schema.org","@graph":[{"@type":"BlogPosting","@id":"https:\/\/www.eldigitaldeasturias.com\/noticias\/presentado-el-tercer-catalogo-de-la-escuela-de-accion-voluntaria-de-aragon\/#blogposting","name":"Presentado el tercer Cat\u00e1logo de la Escuela de Acci\u00f3n Voluntaria de Arag\u00f3n - El Digital de Asturias","headline":"Presentado el tercer Cat\u00e1logo de la Escuela de Acci\u00f3n Voluntaria de Arag\u00f3n","author":{"@id":"https:\/\/www.eldigitaldeasturias.com\/noticias\/author\/admin\/#author"},"publisher":{"@id":"https:\/\/www.eldigitaldeasturias.com\/noticias\/#organization"},"image":{"@type":"ImageObject","url":978002},"datePublished":"2018-04-28T09:23:10+02:00","dateModified":"2018-04-28T09:23:10+02:00","inLanguage":"es-ES","mainEntityOfPage":{"@id":"https:\/\/www.eldigitaldeasturias.com\/noticias\/presentado-el-tercer-catalogo-de-la-escuela-de-accion-voluntaria-de-aragon\/#webpage"},"isPartOf":{"@id":"https:\/\/www.eldigitaldeasturias.com\/noticias\/presentado-el-tercer-catalogo-de-la-escuela-de-accion-voluntaria-de-aragon\/#webpage"},"articleSection":"Actualidad"},{"@type":"BreadcrumbList","@id":"https:\/\/www.eldigitaldeasturias.com\/noticias\/presentado-el-tercer-catalogo-de-la-escuela-de-accion-voluntaria-de-aragon\/#breadcrumblist","itemListElement":[{"@type":"ListItem","@id":"https:\/\/www.eldigitaldeasturias.com\/noticias#listItem","position":1,"name":"Home","item":"https:\/\/www.eldigitaldeasturias.com\/noticias","nextItem":{"@type":"ListItem","@id":"https:\/\/www.eldigitaldeasturias.com\/noticias\/category\/actualidad\/#listItem","name":"Actualidad"}},{"@type":"ListItem","@id":"https:\/\/www.eldigitaldeasturias.com\/noticias\/category\/actualidad\/#listItem","position":2,"name":"Actualidad","item":"https:\/\/www.eldigitaldeasturias.com\/noticias\/category\/actualidad\/","nextItem":{"@type":"ListItem","@id":"https:\/\/www.eldigitaldeasturias.com\/noticias\/presentado-el-tercer-catalogo-de-la-escuela-de-accion-voluntaria-de-aragon\/#listItem","name":"Presentado el tercer Cat\u00e1logo de la Escuela de Acci\u00f3n Voluntaria de Arag\u00f3n"},"previousItem":{"@type":"ListItem","@id":"https:\/\/www.eldigitaldeasturias.com\/noticias#listItem","name":"Home"}},{"@type":"ListItem","@id":"https:\/\/www.eldigitaldeasturias.com\/noticias\/presentado-el-tercer-catalogo-de-la-escuela-de-accion-voluntaria-de-aragon\/#listItem","position":3,"name":"Presentado el tercer Cat\u00e1logo de la Escuela de Acci\u00f3n Voluntaria de Arag\u00f3n","previousItem":{"@type":"ListItem","@id":"https:\/\/www.eldigitaldeasturias.com\/noticias\/category\/actualidad\/#listItem","name":"Actualidad"}}]},{"@type":"Organization","@id":"https:\/\/www.eldigitaldeasturias.com\/noticias\/#organization","name":"El Digital de Asturias","description":"Hemeroteca","url":"https:\/\/www.eldigitaldeasturias.com\/noticias\/","email":"info@eldigitaldeasturias.com","telephone":"+34652131393","logo":{"@type":"ImageObject","url":"https:\/\/www.eldigitaldeasturias.com\/noticias\/wp-content\/uploads\/2020\/12\/EDA.jpg","@id":"https:\/\/www.eldigitaldeasturias.com\/noticias\/presentado-el-tercer-catalogo-de-la-escuela-de-accion-voluntaria-de-aragon\/#organizationLogo"},"image":{"@id":"https:\/\/www.eldigitaldeasturias.com\/noticias\/presentado-el-tercer-catalogo-de-la-escuela-de-accion-voluntaria-de-aragon\/#organizationLogo"},"sameAs":["https:\/\/facebook.com\/eldigitaldeasturias","https:\/\/www.youtube.com\/channel\/UCZP-2wLEB9Rv6erhFmqVnvg"],"address":{"@id":"https:\/\/www.eldigitaldeasturias.com\/noticias\/#postaladdress","@type":"PostalAddress","streetAddress":"san antonio 4","postalCode":"33430","addressLocality":"Cand\u00e1s","addressRegion":"Asturias","addressCountry":"ES"}},{"@type":"Person","@id":"https:\/\/www.eldigitaldeasturias.com\/noticias\/author\/admin\/#author","url":"https:\/\/www.eldigitaldeasturias.com\/noticias\/author\/admin\/","name":"El Digital de Asturias","image":{"@type":"ImageObject","@id":"https:\/\/www.eldigitaldeasturias.com\/noticias\/presentado-el-tercer-catalogo-de-la-escuela-de-accion-voluntaria-de-aragon\/#authorImage","url":"https:\/\/secure.gravatar.com\/avatar\/df2aeffc32bcd13f8d26072ef8a91b623d677766deac7f97ca815868cd41bf5e?s=96&d=mm&r=g","width":96,"height":96,"caption":"El Digital de Asturias"}},{"@type":"WebPage","@id":"https:\/\/www.eldigitaldeasturias.com\/noticias\/presentado-el-tercer-catalogo-de-la-escuela-de-accion-voluntaria-de-aragon\/#webpage","url":"https:\/\/www.eldigitaldeasturias.com\/noticias\/presentado-el-tercer-catalogo-de-la-escuela-de-accion-voluntaria-de-aragon\/","name":"Presentado el tercer Cat\u00e1logo de la Escuela de Acci\u00f3n Voluntaria de Arag\u00f3n - El Digital de Asturias","description":"El Gobierno de Arag\u00f3n, a trav\u00e9s de la Direcci\u00f3n General de Participaci\u00f3n Ciudadana, Transparencia, Cooperaci\u00f3n y Voluntariado y en colaboraci\u00f3n con otras entidades aragonesas, ha presentado el tercer Cat\u00e1logo de la Escuela de Acci\u00f3n Voluntaria de Arag\u00f3n. En el documento se pueden encontrar m\u00e1s de 1.400 plazas ofertadas en los 58 cursos que son gestionados","inLanguage":"es-ES","isPartOf":{"@id":"https:\/\/www.eldigitaldeasturias.com\/noticias\/#website"},"breadcrumb":{"@id":"https:\/\/www.eldigitaldeasturias.com\/noticias\/presentado-el-tercer-catalogo-de-la-escuela-de-accion-voluntaria-de-aragon\/#breadcrumblist"},"author":{"@id":"https:\/\/www.eldigitaldeasturias.com\/noticias\/author\/admin\/#author"},"creator":{"@id":"https:\/\/www.eldigitaldeasturias.com\/noticias\/author\/admin\/#author"},"image":{"@type":"ImageObject","url":978002,"@id":"https:\/\/www.eldigitaldeasturias.com\/noticias\/presentado-el-tercer-catalogo-de-la-escuela-de-accion-voluntaria-de-aragon\/#mainImage"},"primaryImageOfPage":{"@id":"https:\/\/www.eldigitaldeasturias.com\/noticias\/presentado-el-tercer-catalogo-de-la-escuela-de-accion-voluntaria-de-aragon\/#mainImage"},"datePublished":"2018-04-28T09:23:10+02:00","dateModified":"2018-04-28T09:23:10+02:00"},{"@type":"WebSite","@id":"https:\/\/www.eldigitaldeasturias.com\/noticias\/#website","url":"https:\/\/www.eldigitaldeasturias.com\/noticias\/","name":"El Digital de Asturias - Diario de actualidad y noticias","alternateName":"El Digital de Asturias - Diario de actualidad y noticias","description":"Hemeroteca","inLanguage":"es-ES","publisher":{"@id":"https:\/\/www.eldigitaldeasturias.com\/noticias\/#organization"}}]},"og:locale":"es_ES","og:site_name":"El Digital de Asturias","og:type":"article","og:title":"Presentado el tercer Cat\u00e1logo de la Escuela de Acci\u00f3n Voluntaria de Arag\u00f3n - El Digital de Asturias","og:description":"El Gobierno de Arag\u00f3n, a trav\u00e9s de la Direcci\u00f3n General de Participaci\u00f3n Ciudadana, Transparencia, Cooperaci\u00f3n y Voluntariado y en colaboraci\u00f3n con otras entidades aragonesas, ha presentado el tercer Cat\u00e1logo de la Escuela de Acci\u00f3n Voluntaria de Arag\u00f3n. En el documento se pueden encontrar m\u00e1s de 1.400 plazas ofertadas en los 58 cursos que son gestionados","og:url":"https:\/\/www.eldigitaldeasturias.com\/noticias\/presentado-el-tercer-catalogo-de-la-escuela-de-accion-voluntaria-de-aragon\/","article:tag":["actualidad"],"article:published_time":"2018-04-28T09:23:10+00:00","article:modified_time":"2018-04-28T09:23:10+00:00","article:publisher":"https:\/\/facebook.com\/eldigitaldeasturias","twitter:card":"summary_large_image","twitter:title":"Presentado el tercer Cat\u00e1logo de la Escuela de Acci\u00f3n Voluntaria de Arag\u00f3n - El Digital de Asturias","twitter:description":"El Gobierno de Arag\u00f3n, a trav\u00e9s de la Direcci\u00f3n General de Participaci\u00f3n Ciudadana, Transparencia, Cooperaci\u00f3n y Voluntariado y en colaboraci\u00f3n con otras entidades aragonesas, ha presentado el tercer Cat\u00e1logo de la Escuela de Acci\u00f3n Voluntaria de Arag\u00f3n. En el documento se pueden encontrar m\u00e1s de 1.400 plazas ofertadas en los 58 cursos que son gestionados","twitter:image":"https:\/\/www.eldigitaldeasturias.com\/noticias\/wp-content\/uploads\/2020\/12\/EDA-1.jpg","twitter:label1":"Escrito por","twitter:data1":"El Digital de Asturias","twitter:label2":"Tiempo de lectura estimado","twitter:data2":"2 minutos"},"aioseo_meta_data":{"post_id":"978001","title":null,"description":null,"keywords":null,"keyphrases":null,"primary_term":null,"canonical_url":null,"og_title":null,"og_description":null,"og_object_type":"default","og_image_type":"default","og_image_url":null,"og_image_width":null,"og_image_height":null,"og_image_custom_url":null,"og_image_custom_fields":null,"og_video":null,"og_custom_url":null,"og_article_section":null,"og_article_tags":null,"twitter_use_og":false,"twitter_card":"default","twitter_image_type":"default","twitter_image_url":null,"twitter_image_custom_url":null,"twitter_image_custom_fields":null,"twitter_title":null,"twitter_description":null,"schema":{"blockGraphs":[],"customGraphs":[],"default":{"data":{"Article":[],"Course":[],"Dataset":[],"FAQPage":[],"Movie":[],"Person":[],"Product":[],"ProductReview":[],"Car":[],"Recipe":[],"Service":[],"SoftwareApplication":[],"WebPage":[]},"graphName":"","isEnabled":true},"graphs":[],"defaultGraph":"","defaultPostTypeGraph":""},"schema_type":null,"schema_type_options":null,"pillar_content":false,"robots_default":true,"robots_noindex":false,"robots_noarchive":false,"robots_nosnippet":false,"robots_nofollow":false,"robots_noimageindex":false,"robots_noodp":false,"robots_notranslate":false,"robots_max_snippet":null,"robots_max_videopreview":null,"robots_max_imagepreview":"large","priority":null,"frequency":null,"local_seo":null,"seo_analyzer_scan_date":"2025-10-08 09:18:11","breadcrumb_settings":null,"limit_modified_date":false,"open_ai":null,"ai":null,"created":"2020-12-21 12:03:40","updated":"2025-10-08 09:18:11","focus_keyword":null,"additional_keywords":null,"truseo_locale":null},"aioseo_breadcrumb":"<div class=\"aioseo-breadcrumbs\"><span class=\"aioseo-breadcrumb\">\n\t<a href=\"https:\/\/www.eldigitaldeasturias.com\/noticias\" title=\"Home\">Home<\/a>\n<\/span><span class=\"aioseo-breadcrumb-separator\">\u2013<\/span><span class=\"aioseo-breadcrumb\">\n\t<a href=\"https:\/\/www.eldigitaldeasturias.com\/noticias\/category\/actualidad\/\" title=\"Actualidad\">Actualidad<\/a>\n<\/span><span class=\"aioseo-breadcrumb-separator\">\u2013<\/span><span class=\"aioseo-breadcrumb\">\n\t<a href=\"https:\/\/www.eldigitaldeasturias.com\/noticias\/presentado-el-tercer-catalogo-de-la-escuela-de-accion-voluntaria-de-aragon\/\" title=\"Presentado el tercer Cat\u00e1logo de la Escuela de Acci\u00f3n Voluntaria de Arag\u00f3n\">Presentado el tercer Cat\u00e1logo de la Escuela de Acci\u00f3n Voluntaria de Arag\u00f3n<\/a>\n<\/span><\/div>","aioseo_breadcrumb_json":[{"label":"Home","link":"https:\/\/www.eldigitaldeasturias.com\/noticias"},{"label":"Actualidad","link":"https:\/\/www.eldigitaldeasturias.com\/noticias\/category\/actualidad\/"},{"label":"Presentado el tercer Cat\u00e1logo de la Escuela de Acci\u00f3n Voluntaria de Arag\u00f3n","link":"https:\/\/www.eldigitaldeasturias.com\/noticias\/presentado-el-tercer-catalogo-de-la-escuela-de-accion-voluntaria-de-aragon\/"}],"_links":{"self":[{"href":"https:\/\/www.eldigitaldeasturias.com\/noticias\/wp-json\/wp\/v2\/posts\/978001","targetHints":{"allow":["GET"]}}],"collection":[{"href":"https:\/\/www.eldigitaldeasturias.com\/noticias\/wp-json\/wp\/v2\/posts"}],"about":[{"href":"https:\/\/www.eldigitaldeasturias.com\/noticias\/wp-json\/wp\/v2\/types\/post"}],"author":[{"embeddable":true,"href":"https:\/\/www.eldigitaldeasturias.com\/noticias\/wp-json\/wp\/v2\/users\/1"}],"replies":[{"embeddable":true,"href":"https:\/\/www.eldigitaldeasturias.com\/noticias\/wp-json\/wp\/v2\/comments?post=978001"}],"version-history":[{"count":0,"href":"https:\/\/www.eldigitaldeasturias.com\/noticias\/wp-json\/wp\/v2\/posts\/978001\/revisions"}],"wp:attachment":[{"href":"https:\/\/www.eldigitaldeasturias.com\/noticias\/wp-json\/wp\/v2\/media?parent=978001"}],"wp:term":[{"taxonomy":"category","embeddable":true,"href":"https:\/\/www.eldigitaldeasturias.com\/noticias\/wp-json\/wp\/v2\/categories?post=978001"},{"taxonomy":"post_tag","embeddable":true,"href":"https:\/\/www.eldigitaldeasturias.com\/noticias\/wp-json\/wp\/v2\/tags?post=978001"}],"curies":[{"name":"wp","href":"https:\/\/api.w.org\/{rel}","templated":true}]}}