{"id":977995,"date":"2018-04-28T08:58:29","date_gmt":"2018-04-28T08:58:29","guid":{"rendered":"http:\/\/www.eldigitaldeasturias.com\/noticias\/?p=977995"},"modified":"2018-04-28T08:58:29","modified_gmt":"2018-04-28T08:58:29","slug":"seminario-critica-y-contracritica-en-el-iaacc-pablo-serrano-de-zaragoza","status":"publish","type":"post","link":"https:\/\/www.eldigitaldeasturias.com\/noticias\/seminario-critica-y-contracritica-en-el-iaacc-pablo-serrano-de-zaragoza\/","title":{"rendered":"Seminario \u00abCr\u00edtica y Contracr\u00edtica\u00bb en el IAACC Pablo Serrano de Zaragoza"},"content":{"rendered":"<p><img loading=\"lazy\" decoding=\"async\" class=\"alignleft size-medium wp-image-977997\" src=\"https:\/\/www.eldigitaldeasturias.com\/noticias\/wp-content\/uploads\/2018\/04\/nota0128041177-360x159.png\" alt=\"\" width=\"360\" height=\"159\" \/>Hasta el 6 de mayo el IAACC Pablo Serrano de Zaragoza acoge una exposici\u00f3n de Revistas Culturales de la Asociaci\u00f3n de Revistas Culturales de Espa\u00f1a (ARCE), en colaboraci\u00f3n con esta entidad. En el marco de dicha muestra, los d\u00edas 3 y 4 de mayo, el Gobierno de Arag\u00f3n ha organizado el seminario Cr\u00edtica y contracr\u00edtica: comunicaci\u00f3n cultural en Espa\u00f1a. A trav\u00e9s de diez mesas redondas se analizar\u00e1 el estado actual, el presente y el futuro de la cr\u00edtica en Espa\u00f1a. Junto a ponentes de relevancia nacional en el tema, se quiere ahondar en la funci\u00f3n del periodismo cultural, los canales de comunicaci\u00f3n del mismo, las nuevas generaciones y los nuevos medios ante la cr\u00edtica; es decir, unas jornadas en las que se hable de qu\u00e9 es la cr\u00edtica cultural, c\u00f3mo se ha desarrollado y qu\u00e9 medios han servido y sirven de v\u00edas de comunicaci\u00f3n, los retos y los nuevos modelos de dicha comunicaci\u00f3n, los agentes que intervienen en la misma y c\u00f3mo afrontan esta los nuevos lectores, agentes de todo tipo y comunicadores por cualquier medio. Las jornadas se han dividido en diez mesas redondas o de di\u00e1logo que se desarrollar\u00e1n entre el jueves 3 de mayo (de 10 a 19 h) y el viernes 4 de mayo (de 9.30 a 14h). La entrada a las jornadas es libre hasta completar el aforo y no es necesaria inscripci\u00f3n previa.<\/p>\n<p>La mesa inaugural estar\u00e1 formada por el director general de Cultura y Patrimonio del Gobierno de Arag\u00f3n, Nacho Escu\u00edn, y su hom\u00f3nimo en el cargo en el Gobierno de La Rioja, Eduardo Rodr\u00edguez Os\u00e9s, as\u00ed como el director de Cultura del Instituto Cervantes, Mart\u00edn L\u00f3pez Vega. Bajo el t\u00edtulo Comunicaci\u00f3n y pol\u00edtica cultural en las instituciones, ahondar\u00e1n en la necesidad de implementar pol\u00edticas culturales concretas en las instituciones, pero tambi\u00e9n en la importancia de comunicarlas a la ciudadan\u00eda.<\/p>\n<p>La primera mesa redonda, abordar\u00e1 la Cr\u00edtica y la comunicaci\u00f3n cultural en su conjunto. Moderada por la periodista y profesora Ana Segura, estar\u00e1 formada por Desiree de Fez y \u00d3scar L\u00f3pez, colaboradora y director del progrsms P\u00e1gina 2 de RTVE; Javier Losilla, cr\u00edtico musical y periodista; y el cr\u00edtico y poeta Javier Lostal\u00e9; todos ellos vinculados directamente al mundo audiovisual.<\/p>\n<p>Le seguir\u00e1 la mesa Era digital Versus Galaxia Gutenberg, una reflexi\u00f3n sobre los nuevos escenarios a los que se enfrenta la cr\u00edtica en la actualidad, y estar\u00e1 formada por el periodista cultural de Heraldo de Arag\u00f3n, Ant\u00f3n Castro; el gestor y cr\u00edtico cultural, Fran G. Matute; y la escritora y Premio Anagrama de Ensayo 2017, Remedios Zafra. Estar\u00e1 moderada por la periodista cultural, Maica Rivera.<\/p>\n<p>El catedr\u00e1tico de la Universidad de Zaragoza, T\u00faa Blesa, moderar\u00e1 una mesa redonda que analizar\u00e1 las Est\u00e9ticas y tendencias en la cr\u00edtical cultural, y contar\u00e1 con la presencia de el editor, cr\u00edtico literario y cultural, Constantino B\u00e9rtolo; el profesor de la Universidad de Oviedo, Javier Garc\u00eda Rodr\u00edguez; y el poeta, ensayista y profesor de la Universidad de Valencia, Antonio M\u00e9ndez Rubio.<\/p>\n<p>Aprovechando el marco de la exposici\u00f3n de revistas culturales de ARCE que han convertido en un kiosko el IAACC Pablo Serrano, el presidente de la Asociaci\u00f3n de Revistas Culturales de Espa\u00f1a (ARCE), Manuel Ortu\u00f1o, profundizar\u00e1 en la necesidad de estos instrumentos para la difusi\u00f3n cultural y la situaci\u00f3n que viven en la actualidad.<\/p>\n<p>Habr\u00e1 un espacio tambi\u00e9n para tratar la comunicaci\u00f3n de las lenguas propias de Arag\u00f3n, en la mesa Cr\u00edtica en silueta: El caso de las lenguas de Arag\u00f3n. Moderada por el vicedecano de Comunicaci\u00f3n de la Universidad San Jorge, Pepe Ver\u00f3n, en ella intervendr\u00e1n el gestor cultural y escritor H\u00e8ctor Moret; el profesor de literatura espa\u00f1ola en la Universidad de Zaragoza, Antonio P\u00e9rez Lasheras; y Jos\u00e9 \u00c1ngel S\u00e1nchez Iba\u00f1ez, profesor y asesor del Instituto de Estudios Altoaragoneses.<\/p>\n<p>Para finalizar la primera jornada se ha preparado una sesi\u00f3n de lectura de poes\u00eda abierta en la terraza del IAACC Pablo Serrano, con la actuaci\u00f3n musical de Pedro Rojas-Og\u00e1yar.<\/p>\n<p>El viernes, tendr\u00e1n lugar las cinco mesas redondas restantes. La primera, moderada por la profesora de la Universidad de Zaragoza y especialista en periodismo narrativo, Mar\u00eda Angulo, abordar\u00e1 la compleja relaci\u00f3n entre la verdad y la ecritura, y m\u00e1s concretamente con la cr\u00edtica. Con el t\u00edtulo Sobre la verdad y la ficci\u00f3n, la mesa estar\u00e1 formada el escritor y cr\u00edtico literario, Vicente Luis Mora; la escritora Sara Mesa; y el poeta ensayista y catedr\u00e1tico em\u00e9rito de las Universidades de Valencia y Ginebra, Jenaro Talens.<\/p>\n<p>Tambi\u00e9n se tratar\u00e1 en el seminario uno de los fen\u00f3menos que est\u00e1 transformando la cr\u00edtica cultural y que ha permitido llegar a nuevos p\u00fablicos. En la mesa moderada por el periodista cultural, Dani Monserrat, y bajo el t\u00edtulo Un nuevo p\u00fablico para una nueva cr\u00edtica: youtubers, bloggers e influencers, contar\u00e1n su experiencia tres mujeres que desarrollan su actividad profesional en estas plataformas: Isa Calder\u00f3n (guionista y creadora de las Reviews Fuertecitas), Laura Mas Jim\u00e9nez, periodista; y Andrea Izquierdo, booktuber.<\/p>\n<p>La cr\u00edtica tiene sus riesgos y estos, pasan por no ofender al sujeto de la cr\u00edtica. En la mesa Humillados y ofendidos, moderada por la profesora de investigadora de la Universidad de Ja\u00e9n, Yolanda Ortiz, se hablar\u00e1 sobre este tema con la ayuda del escritor y periodista, Jes\u00fas Marchamalo; el locutor de Cadena Ser y cr\u00edtico musical y literario, Miguel Mena; y el poeta y periodsita, Enrique Villagrasa.<\/p>\n<p>Para cerrar el seminario, el cr\u00edtico de cine del diario El Pa\u00eds y la cineasta aragonesa Paula Ortiz, conversar\u00e1n sobre la Cr\u00edtica en el cine, c\u00f3mo influyen las cr\u00edticas en los directores o actores, qu\u00e9 papel juega la cr\u00edtica en la creaci\u00f3n cimatogr\u00e1fica, entre otras cuestiones.<\/p>\n","protected":false},"excerpt":{"rendered":"<p>Hasta el 6 de mayo el IAACC Pablo Serrano de Zaragoza acoge una exposici\u00f3n de Revistas Culturales de la Asociaci\u00f3n de Revistas Culturales de Espa\u00f1a (ARCE), en colaboraci\u00f3n con esta entidad. En el marco de dicha muestra, los d\u00edas 3 y 4 de mayo, el Gobierno de Arag\u00f3n ha organizado el seminario Cr\u00edtica y contracr\u00edtica: [&hellip;]<\/p>\n","protected":false},"author":1,"featured_media":977997,"comment_status":"closed","ping_status":"closed","sticky":false,"template":"","format":"standard","meta":{"footnotes":""},"categories":[1],"tags":[],"class_list":["post-977995","post","type-post","status-publish","format-standard","has-post-thumbnail","hentry","category-actualidad"],"aioseo_notices":[],"aioseo_head":"\n\t\t<!-- All in One SEO Pro 5.0.1 - aioseo.com -->\n\t<meta name=\"description\" content=\"Hasta el 6 de mayo el IAACC Pablo Serrano de Zaragoza acoge una exposici\u00f3n de Revistas Culturales de la Asociaci\u00f3n de Revistas Culturales de Espa\u00f1a (ARCE), en colaboraci\u00f3n con esta entidad. En el marco de dicha muestra, los d\u00edas 3 y 4 de mayo, el Gobierno de Arag\u00f3n ha organizado el seminario Cr\u00edtica y contracr\u00edtica:\" \/>\n\t<meta name=\"robots\" content=\"max-image-preview:large\" \/>\n\t<meta name=\"author\" content=\"El Digital de Asturias\"\/>\n\t<meta name=\"google-site-verification\" content=\"UA-38556648-1\" \/>\n\t<meta name=\"msvalidate.01\" content=\"7dfe9f3f1b24437ab69f4f2559babe99\" \/>\n\t<meta name=\"keywords\" content=\"actualidad\" \/>\n\t<link rel=\"canonical\" href=\"https:\/\/www.eldigitaldeasturias.com\/noticias\/seminario-critica-y-contracritica-en-el-iaacc-pablo-serrano-de-zaragoza\/\" \/>\n\t<meta name=\"generator\" content=\"All in One SEO Pro (AIOSEO) 5.0.1\" \/>\n\t\t<meta property=\"og:locale\" content=\"es_ES\" \/>\n\t\t<meta property=\"og:site_name\" content=\"El Digital de Asturias\" \/>\n\t\t<meta property=\"og:type\" content=\"article\" \/>\n\t\t<meta property=\"og:title\" content=\"Seminario \u00abCr\u00edtica y Contracr\u00edtica\u00bb en el IAACC Pablo Serrano de Zaragoza - El Digital de Asturias\" \/>\n\t\t<meta property=\"og:description\" content=\"Hasta el 6 de mayo el IAACC Pablo Serrano de Zaragoza acoge una exposici\u00f3n de Revistas Culturales de la Asociaci\u00f3n de Revistas Culturales de Espa\u00f1a (ARCE), en colaboraci\u00f3n con esta entidad. En el marco de dicha muestra, los d\u00edas 3 y 4 de mayo, el Gobierno de Arag\u00f3n ha organizado el seminario Cr\u00edtica y contracr\u00edtica:\" \/>\n\t\t<meta property=\"og:url\" content=\"https:\/\/www.eldigitaldeasturias.com\/noticias\/seminario-critica-y-contracritica-en-el-iaacc-pablo-serrano-de-zaragoza\/\" \/>\n\t\t<meta property=\"article:tag\" content=\"actualidad\" \/>\n\t\t<meta property=\"article:published_time\" content=\"2018-04-28T08:58:29+00:00\" \/>\n\t\t<meta property=\"article:modified_time\" content=\"2018-04-28T08:58:29+00:00\" \/>\n\t\t<meta property=\"article:publisher\" content=\"https:\/\/facebook.com\/eldigitaldeasturias\" \/>\n\t\t<meta name=\"twitter:card\" content=\"summary_large_image\" \/>\n\t\t<meta name=\"twitter:title\" content=\"Seminario \u00abCr\u00edtica y Contracr\u00edtica\u00bb en el IAACC Pablo Serrano de Zaragoza - El Digital de Asturias\" \/>\n\t\t<meta name=\"twitter:description\" content=\"Hasta el 6 de mayo el IAACC Pablo Serrano de Zaragoza acoge una exposici\u00f3n de Revistas Culturales de la Asociaci\u00f3n de Revistas Culturales de Espa\u00f1a (ARCE), en colaboraci\u00f3n con esta entidad. En el marco de dicha muestra, los d\u00edas 3 y 4 de mayo, el Gobierno de Arag\u00f3n ha organizado el seminario Cr\u00edtica y contracr\u00edtica:\" \/>\n\t\t<meta name=\"twitter:image\" content=\"https:\/\/www.eldigitaldeasturias.com\/noticias\/wp-content\/uploads\/2020\/12\/EDA-1.jpg\" \/>\n\t\t<meta name=\"twitter:label1\" content=\"Escrito por\" \/>\n\t\t<meta name=\"twitter:data1\" content=\"El Digital de Asturias\" \/>\n\t\t<meta name=\"twitter:label2\" content=\"Tiempo de lectura estimado\" \/>\n\t\t<meta name=\"twitter:data2\" content=\"5 minutos\" \/>\n\t\t<script type=\"application\/ld+json\" class=\"aioseo-schema\">\n\t\t\t{\"@context\":\"https:\\\/\\\/schema.org\",\"@graph\":[{\"@type\":\"BlogPosting\",\"@id\":\"https:\\\/\\\/www.eldigitaldeasturias.com\\\/noticias\\\/seminario-critica-y-contracritica-en-el-iaacc-pablo-serrano-de-zaragoza\\\/#blogposting\",\"name\":\"Seminario \\u00abCr\\u00edtica y Contracr\\u00edtica\\u00bb en el IAACC Pablo Serrano de Zaragoza - El Digital de Asturias\",\"headline\":\"Seminario \\u00abCr\\u00edtica y Contracr\\u00edtica\\u00bb en el IAACC Pablo Serrano de Zaragoza\",\"author\":{\"@id\":\"https:\\\/\\\/www.eldigitaldeasturias.com\\\/noticias\\\/author\\\/admin\\\/#author\"},\"publisher\":{\"@id\":\"https:\\\/\\\/www.eldigitaldeasturias.com\\\/noticias\\\/#organization\"},\"image\":{\"@type\":\"ImageObject\",\"url\":977997},\"datePublished\":\"2018-04-28T08:58:29+02:00\",\"dateModified\":\"2018-04-28T08:58:29+02:00\",\"inLanguage\":\"es-ES\",\"mainEntityOfPage\":{\"@id\":\"https:\\\/\\\/www.eldigitaldeasturias.com\\\/noticias\\\/seminario-critica-y-contracritica-en-el-iaacc-pablo-serrano-de-zaragoza\\\/#webpage\"},\"isPartOf\":{\"@id\":\"https:\\\/\\\/www.eldigitaldeasturias.com\\\/noticias\\\/seminario-critica-y-contracritica-en-el-iaacc-pablo-serrano-de-zaragoza\\\/#webpage\"},\"articleSection\":\"Actualidad\"},{\"@type\":\"BreadcrumbList\",\"@id\":\"https:\\\/\\\/www.eldigitaldeasturias.com\\\/noticias\\\/seminario-critica-y-contracritica-en-el-iaacc-pablo-serrano-de-zaragoza\\\/#breadcrumblist\",\"itemListElement\":[{\"@type\":\"ListItem\",\"@id\":\"https:\\\/\\\/www.eldigitaldeasturias.com\\\/noticias#listItem\",\"position\":1,\"name\":\"Home\",\"item\":\"https:\\\/\\\/www.eldigitaldeasturias.com\\\/noticias\",\"nextItem\":{\"@type\":\"ListItem\",\"@id\":\"https:\\\/\\\/www.eldigitaldeasturias.com\\\/noticias\\\/category\\\/actualidad\\\/#listItem\",\"name\":\"Actualidad\"}},{\"@type\":\"ListItem\",\"@id\":\"https:\\\/\\\/www.eldigitaldeasturias.com\\\/noticias\\\/category\\\/actualidad\\\/#listItem\",\"position\":2,\"name\":\"Actualidad\",\"item\":\"https:\\\/\\\/www.eldigitaldeasturias.com\\\/noticias\\\/category\\\/actualidad\\\/\",\"nextItem\":{\"@type\":\"ListItem\",\"@id\":\"https:\\\/\\\/www.eldigitaldeasturias.com\\\/noticias\\\/seminario-critica-y-contracritica-en-el-iaacc-pablo-serrano-de-zaragoza\\\/#listItem\",\"name\":\"Seminario \\u00abCr\\u00edtica y Contracr\\u00edtica\\u00bb en el IAACC Pablo Serrano de Zaragoza\"},\"previousItem\":{\"@type\":\"ListItem\",\"@id\":\"https:\\\/\\\/www.eldigitaldeasturias.com\\\/noticias#listItem\",\"name\":\"Home\"}},{\"@type\":\"ListItem\",\"@id\":\"https:\\\/\\\/www.eldigitaldeasturias.com\\\/noticias\\\/seminario-critica-y-contracritica-en-el-iaacc-pablo-serrano-de-zaragoza\\\/#listItem\",\"position\":3,\"name\":\"Seminario \\u00abCr\\u00edtica y Contracr\\u00edtica\\u00bb en el IAACC Pablo Serrano de Zaragoza\",\"previousItem\":{\"@type\":\"ListItem\",\"@id\":\"https:\\\/\\\/www.eldigitaldeasturias.com\\\/noticias\\\/category\\\/actualidad\\\/#listItem\",\"name\":\"Actualidad\"}}]},{\"@type\":\"Organization\",\"@id\":\"https:\\\/\\\/www.eldigitaldeasturias.com\\\/noticias\\\/#organization\",\"name\":\"El Digital de Asturias\",\"description\":\"Hemeroteca\",\"url\":\"https:\\\/\\\/www.eldigitaldeasturias.com\\\/noticias\\\/\",\"email\":\"info@eldigitaldeasturias.com\",\"telephone\":\"+34652131393\",\"logo\":{\"@type\":\"ImageObject\",\"url\":\"https:\\\/\\\/www.eldigitaldeasturias.com\\\/noticias\\\/wp-content\\\/uploads\\\/2020\\\/12\\\/EDA.jpg\",\"@id\":\"https:\\\/\\\/www.eldigitaldeasturias.com\\\/noticias\\\/seminario-critica-y-contracritica-en-el-iaacc-pablo-serrano-de-zaragoza\\\/#organizationLogo\"},\"image\":{\"@id\":\"https:\\\/\\\/www.eldigitaldeasturias.com\\\/noticias\\\/seminario-critica-y-contracritica-en-el-iaacc-pablo-serrano-de-zaragoza\\\/#organizationLogo\"},\"sameAs\":[\"https:\\\/\\\/facebook.com\\\/eldigitaldeasturias\",\"https:\\\/\\\/www.youtube.com\\\/channel\\\/UCZP-2wLEB9Rv6erhFmqVnvg\"],\"address\":{\"@id\":\"https:\\\/\\\/www.eldigitaldeasturias.com\\\/noticias\\\/#postaladdress\",\"@type\":\"PostalAddress\",\"streetAddress\":\"san antonio 4\",\"postalCode\":\"33430\",\"addressLocality\":\"Cand\\u00e1s\",\"addressRegion\":\"Asturias\",\"addressCountry\":\"ES\"}},{\"@type\":\"Person\",\"@id\":\"https:\\\/\\\/www.eldigitaldeasturias.com\\\/noticias\\\/author\\\/admin\\\/#author\",\"url\":\"https:\\\/\\\/www.eldigitaldeasturias.com\\\/noticias\\\/author\\\/admin\\\/\",\"name\":\"El Digital de Asturias\",\"image\":{\"@type\":\"ImageObject\",\"@id\":\"https:\\\/\\\/www.eldigitaldeasturias.com\\\/noticias\\\/seminario-critica-y-contracritica-en-el-iaacc-pablo-serrano-de-zaragoza\\\/#authorImage\",\"url\":\"https:\\\/\\\/secure.gravatar.com\\\/avatar\\\/df2aeffc32bcd13f8d26072ef8a91b623d677766deac7f97ca815868cd41bf5e?s=96&d=mm&r=g\",\"width\":96,\"height\":96,\"caption\":\"El Digital de Asturias\"}},{\"@type\":\"WebPage\",\"@id\":\"https:\\\/\\\/www.eldigitaldeasturias.com\\\/noticias\\\/seminario-critica-y-contracritica-en-el-iaacc-pablo-serrano-de-zaragoza\\\/#webpage\",\"url\":\"https:\\\/\\\/www.eldigitaldeasturias.com\\\/noticias\\\/seminario-critica-y-contracritica-en-el-iaacc-pablo-serrano-de-zaragoza\\\/\",\"name\":\"Seminario \\u00abCr\\u00edtica y Contracr\\u00edtica\\u00bb en el IAACC Pablo Serrano de Zaragoza - El Digital de Asturias\",\"description\":\"Hasta el 6 de mayo el IAACC Pablo Serrano de Zaragoza acoge una exposici\\u00f3n de Revistas Culturales de la Asociaci\\u00f3n de Revistas Culturales de Espa\\u00f1a (ARCE), en colaboraci\\u00f3n con esta entidad. En el marco de dicha muestra, los d\\u00edas 3 y 4 de mayo, el Gobierno de Arag\\u00f3n ha organizado el seminario Cr\\u00edtica y contracr\\u00edtica:\",\"inLanguage\":\"es-ES\",\"isPartOf\":{\"@id\":\"https:\\\/\\\/www.eldigitaldeasturias.com\\\/noticias\\\/#website\"},\"breadcrumb\":{\"@id\":\"https:\\\/\\\/www.eldigitaldeasturias.com\\\/noticias\\\/seminario-critica-y-contracritica-en-el-iaacc-pablo-serrano-de-zaragoza\\\/#breadcrumblist\"},\"author\":{\"@id\":\"https:\\\/\\\/www.eldigitaldeasturias.com\\\/noticias\\\/author\\\/admin\\\/#author\"},\"creator\":{\"@id\":\"https:\\\/\\\/www.eldigitaldeasturias.com\\\/noticias\\\/author\\\/admin\\\/#author\"},\"image\":{\"@type\":\"ImageObject\",\"url\":977997,\"@id\":\"https:\\\/\\\/www.eldigitaldeasturias.com\\\/noticias\\\/seminario-critica-y-contracritica-en-el-iaacc-pablo-serrano-de-zaragoza\\\/#mainImage\"},\"primaryImageOfPage\":{\"@id\":\"https:\\\/\\\/www.eldigitaldeasturias.com\\\/noticias\\\/seminario-critica-y-contracritica-en-el-iaacc-pablo-serrano-de-zaragoza\\\/#mainImage\"},\"datePublished\":\"2018-04-28T08:58:29+02:00\",\"dateModified\":\"2018-04-28T08:58:29+02:00\"},{\"@type\":\"WebSite\",\"@id\":\"https:\\\/\\\/www.eldigitaldeasturias.com\\\/noticias\\\/#website\",\"url\":\"https:\\\/\\\/www.eldigitaldeasturias.com\\\/noticias\\\/\",\"name\":\"El Digital de Asturias - Diario de actualidad y noticias\",\"alternateName\":\"El Digital de Asturias - Diario de actualidad y noticias\",\"description\":\"Hemeroteca\",\"inLanguage\":\"es-ES\",\"publisher\":{\"@id\":\"https:\\\/\\\/www.eldigitaldeasturias.com\\\/noticias\\\/#organization\"}}]}\n\t\t<\/script>\n\t\t<!-- All in One SEO Pro -->\r\n\t\t<title>Seminario \u00abCr\u00edtica y Contracr\u00edtica\u00bb en el IAACC Pablo Serrano de Zaragoza - El Digital de Asturias<\/title>\n\n","aioseo_head_json":{"title":"Seminario \u00abCr\u00edtica y Contracr\u00edtica\u00bb en el IAACC Pablo Serrano de Zaragoza - El Digital de Asturias","description":"Hasta el 6 de mayo el IAACC Pablo Serrano de Zaragoza acoge una exposici\u00f3n de Revistas Culturales de la Asociaci\u00f3n de Revistas Culturales de Espa\u00f1a (ARCE), en colaboraci\u00f3n con esta entidad. En el marco de dicha muestra, los d\u00edas 3 y 4 de mayo, el Gobierno de Arag\u00f3n ha organizado el seminario Cr\u00edtica y contracr\u00edtica:","canonical_url":"https:\/\/www.eldigitaldeasturias.com\/noticias\/seminario-critica-y-contracritica-en-el-iaacc-pablo-serrano-de-zaragoza\/","robots":"max-image-preview:large","keywords":"actualidad","webmasterTools":{"google-site-verification":"UA-38556648-1","msvalidate.01":"7dfe9f3f1b24437ab69f4f2559babe99","miscellaneous":""},"schema":{"@context":"https:\/\/schema.org","@graph":[{"@type":"BlogPosting","@id":"https:\/\/www.eldigitaldeasturias.com\/noticias\/seminario-critica-y-contracritica-en-el-iaacc-pablo-serrano-de-zaragoza\/#blogposting","name":"Seminario \u00abCr\u00edtica y Contracr\u00edtica\u00bb en el IAACC Pablo Serrano de Zaragoza - El Digital de Asturias","headline":"Seminario \u00abCr\u00edtica y Contracr\u00edtica\u00bb en el IAACC Pablo Serrano de Zaragoza","author":{"@id":"https:\/\/www.eldigitaldeasturias.com\/noticias\/author\/admin\/#author"},"publisher":{"@id":"https:\/\/www.eldigitaldeasturias.com\/noticias\/#organization"},"image":{"@type":"ImageObject","url":977997},"datePublished":"2018-04-28T08:58:29+02:00","dateModified":"2018-04-28T08:58:29+02:00","inLanguage":"es-ES","mainEntityOfPage":{"@id":"https:\/\/www.eldigitaldeasturias.com\/noticias\/seminario-critica-y-contracritica-en-el-iaacc-pablo-serrano-de-zaragoza\/#webpage"},"isPartOf":{"@id":"https:\/\/www.eldigitaldeasturias.com\/noticias\/seminario-critica-y-contracritica-en-el-iaacc-pablo-serrano-de-zaragoza\/#webpage"},"articleSection":"Actualidad"},{"@type":"BreadcrumbList","@id":"https:\/\/www.eldigitaldeasturias.com\/noticias\/seminario-critica-y-contracritica-en-el-iaacc-pablo-serrano-de-zaragoza\/#breadcrumblist","itemListElement":[{"@type":"ListItem","@id":"https:\/\/www.eldigitaldeasturias.com\/noticias#listItem","position":1,"name":"Home","item":"https:\/\/www.eldigitaldeasturias.com\/noticias","nextItem":{"@type":"ListItem","@id":"https:\/\/www.eldigitaldeasturias.com\/noticias\/category\/actualidad\/#listItem","name":"Actualidad"}},{"@type":"ListItem","@id":"https:\/\/www.eldigitaldeasturias.com\/noticias\/category\/actualidad\/#listItem","position":2,"name":"Actualidad","item":"https:\/\/www.eldigitaldeasturias.com\/noticias\/category\/actualidad\/","nextItem":{"@type":"ListItem","@id":"https:\/\/www.eldigitaldeasturias.com\/noticias\/seminario-critica-y-contracritica-en-el-iaacc-pablo-serrano-de-zaragoza\/#listItem","name":"Seminario \u00abCr\u00edtica y Contracr\u00edtica\u00bb en el IAACC Pablo Serrano de Zaragoza"},"previousItem":{"@type":"ListItem","@id":"https:\/\/www.eldigitaldeasturias.com\/noticias#listItem","name":"Home"}},{"@type":"ListItem","@id":"https:\/\/www.eldigitaldeasturias.com\/noticias\/seminario-critica-y-contracritica-en-el-iaacc-pablo-serrano-de-zaragoza\/#listItem","position":3,"name":"Seminario \u00abCr\u00edtica y Contracr\u00edtica\u00bb en el IAACC Pablo Serrano de Zaragoza","previousItem":{"@type":"ListItem","@id":"https:\/\/www.eldigitaldeasturias.com\/noticias\/category\/actualidad\/#listItem","name":"Actualidad"}}]},{"@type":"Organization","@id":"https:\/\/www.eldigitaldeasturias.com\/noticias\/#organization","name":"El Digital de Asturias","description":"Hemeroteca","url":"https:\/\/www.eldigitaldeasturias.com\/noticias\/","email":"info@eldigitaldeasturias.com","telephone":"+34652131393","logo":{"@type":"ImageObject","url":"https:\/\/www.eldigitaldeasturias.com\/noticias\/wp-content\/uploads\/2020\/12\/EDA.jpg","@id":"https:\/\/www.eldigitaldeasturias.com\/noticias\/seminario-critica-y-contracritica-en-el-iaacc-pablo-serrano-de-zaragoza\/#organizationLogo"},"image":{"@id":"https:\/\/www.eldigitaldeasturias.com\/noticias\/seminario-critica-y-contracritica-en-el-iaacc-pablo-serrano-de-zaragoza\/#organizationLogo"},"sameAs":["https:\/\/facebook.com\/eldigitaldeasturias","https:\/\/www.youtube.com\/channel\/UCZP-2wLEB9Rv6erhFmqVnvg"],"address":{"@id":"https:\/\/www.eldigitaldeasturias.com\/noticias\/#postaladdress","@type":"PostalAddress","streetAddress":"san antonio 4","postalCode":"33430","addressLocality":"Cand\u00e1s","addressRegion":"Asturias","addressCountry":"ES"}},{"@type":"Person","@id":"https:\/\/www.eldigitaldeasturias.com\/noticias\/author\/admin\/#author","url":"https:\/\/www.eldigitaldeasturias.com\/noticias\/author\/admin\/","name":"El Digital de Asturias","image":{"@type":"ImageObject","@id":"https:\/\/www.eldigitaldeasturias.com\/noticias\/seminario-critica-y-contracritica-en-el-iaacc-pablo-serrano-de-zaragoza\/#authorImage","url":"https:\/\/secure.gravatar.com\/avatar\/df2aeffc32bcd13f8d26072ef8a91b623d677766deac7f97ca815868cd41bf5e?s=96&d=mm&r=g","width":96,"height":96,"caption":"El Digital de Asturias"}},{"@type":"WebPage","@id":"https:\/\/www.eldigitaldeasturias.com\/noticias\/seminario-critica-y-contracritica-en-el-iaacc-pablo-serrano-de-zaragoza\/#webpage","url":"https:\/\/www.eldigitaldeasturias.com\/noticias\/seminario-critica-y-contracritica-en-el-iaacc-pablo-serrano-de-zaragoza\/","name":"Seminario \u00abCr\u00edtica y Contracr\u00edtica\u00bb en el IAACC Pablo Serrano de Zaragoza - El Digital de Asturias","description":"Hasta el 6 de mayo el IAACC Pablo Serrano de Zaragoza acoge una exposici\u00f3n de Revistas Culturales de la Asociaci\u00f3n de Revistas Culturales de Espa\u00f1a (ARCE), en colaboraci\u00f3n con esta entidad. En el marco de dicha muestra, los d\u00edas 3 y 4 de mayo, el Gobierno de Arag\u00f3n ha organizado el seminario Cr\u00edtica y contracr\u00edtica:","inLanguage":"es-ES","isPartOf":{"@id":"https:\/\/www.eldigitaldeasturias.com\/noticias\/#website"},"breadcrumb":{"@id":"https:\/\/www.eldigitaldeasturias.com\/noticias\/seminario-critica-y-contracritica-en-el-iaacc-pablo-serrano-de-zaragoza\/#breadcrumblist"},"author":{"@id":"https:\/\/www.eldigitaldeasturias.com\/noticias\/author\/admin\/#author"},"creator":{"@id":"https:\/\/www.eldigitaldeasturias.com\/noticias\/author\/admin\/#author"},"image":{"@type":"ImageObject","url":977997,"@id":"https:\/\/www.eldigitaldeasturias.com\/noticias\/seminario-critica-y-contracritica-en-el-iaacc-pablo-serrano-de-zaragoza\/#mainImage"},"primaryImageOfPage":{"@id":"https:\/\/www.eldigitaldeasturias.com\/noticias\/seminario-critica-y-contracritica-en-el-iaacc-pablo-serrano-de-zaragoza\/#mainImage"},"datePublished":"2018-04-28T08:58:29+02:00","dateModified":"2018-04-28T08:58:29+02:00"},{"@type":"WebSite","@id":"https:\/\/www.eldigitaldeasturias.com\/noticias\/#website","url":"https:\/\/www.eldigitaldeasturias.com\/noticias\/","name":"El Digital de Asturias - Diario de actualidad y noticias","alternateName":"El Digital de Asturias - Diario de actualidad y noticias","description":"Hemeroteca","inLanguage":"es-ES","publisher":{"@id":"https:\/\/www.eldigitaldeasturias.com\/noticias\/#organization"}}]},"og:locale":"es_ES","og:site_name":"El Digital de Asturias","og:type":"article","og:title":"Seminario \u00abCr\u00edtica y Contracr\u00edtica\u00bb en el IAACC Pablo Serrano de Zaragoza - El Digital de Asturias","og:description":"Hasta el 6 de mayo el IAACC Pablo Serrano de Zaragoza acoge una exposici\u00f3n de Revistas Culturales de la Asociaci\u00f3n de Revistas Culturales de Espa\u00f1a (ARCE), en colaboraci\u00f3n con esta entidad. En el marco de dicha muestra, los d\u00edas 3 y 4 de mayo, el Gobierno de Arag\u00f3n ha organizado el seminario Cr\u00edtica y contracr\u00edtica:","og:url":"https:\/\/www.eldigitaldeasturias.com\/noticias\/seminario-critica-y-contracritica-en-el-iaacc-pablo-serrano-de-zaragoza\/","article:tag":["actualidad"],"article:published_time":"2018-04-28T08:58:29+00:00","article:modified_time":"2018-04-28T08:58:29+00:00","article:publisher":"https:\/\/facebook.com\/eldigitaldeasturias","twitter:card":"summary_large_image","twitter:title":"Seminario \u00abCr\u00edtica y Contracr\u00edtica\u00bb en el IAACC Pablo Serrano de Zaragoza - El Digital de Asturias","twitter:description":"Hasta el 6 de mayo el IAACC Pablo Serrano de Zaragoza acoge una exposici\u00f3n de Revistas Culturales de la Asociaci\u00f3n de Revistas Culturales de Espa\u00f1a (ARCE), en colaboraci\u00f3n con esta entidad. En el marco de dicha muestra, los d\u00edas 3 y 4 de mayo, el Gobierno de Arag\u00f3n ha organizado el seminario Cr\u00edtica y contracr\u00edtica:","twitter:image":"https:\/\/www.eldigitaldeasturias.com\/noticias\/wp-content\/uploads\/2020\/12\/EDA-1.jpg","twitter:label1":"Escrito por","twitter:data1":"El Digital de Asturias","twitter:label2":"Tiempo de lectura estimado","twitter:data2":"5 minutos"},"aioseo_meta_data":{"post_id":"977995","title":null,"description":null,"keywords":null,"keyphrases":null,"primary_term":null,"canonical_url":null,"og_title":null,"og_description":null,"og_object_type":"default","og_image_type":"default","og_image_url":null,"og_image_width":null,"og_image_height":null,"og_image_custom_url":null,"og_image_custom_fields":null,"og_video":null,"og_custom_url":null,"og_article_section":null,"og_article_tags":null,"twitter_use_og":false,"twitter_card":"default","twitter_image_type":"default","twitter_image_url":null,"twitter_image_custom_url":null,"twitter_image_custom_fields":null,"twitter_title":null,"twitter_description":null,"schema":{"blockGraphs":[],"customGraphs":[],"default":{"data":{"Article":[],"Course":[],"Dataset":[],"FAQPage":[],"Movie":[],"Person":[],"Product":[],"ProductReview":[],"Car":[],"Recipe":[],"Service":[],"SoftwareApplication":[],"WebPage":[]},"graphName":"","isEnabled":true},"graphs":[],"defaultGraph":"","defaultPostTypeGraph":""},"schema_type":null,"schema_type_options":null,"pillar_content":false,"robots_default":true,"robots_noindex":false,"robots_noarchive":false,"robots_nosnippet":false,"robots_nofollow":false,"robots_noimageindex":false,"robots_noodp":false,"robots_notranslate":false,"robots_max_snippet":null,"robots_max_videopreview":null,"robots_max_imagepreview":"large","priority":null,"frequency":null,"local_seo":null,"seo_analyzer_scan_date":"2025-10-08 09:16:34","breadcrumb_settings":null,"limit_modified_date":false,"open_ai":null,"ai":null,"created":"2020-12-21 12:03:40","updated":"2025-10-08 09:16:34","focus_keyword":null,"additional_keywords":null,"truseo_locale":null},"aioseo_breadcrumb":"<div class=\"aioseo-breadcrumbs\"><span class=\"aioseo-breadcrumb\">\n\t<a href=\"https:\/\/www.eldigitaldeasturias.com\/noticias\" title=\"Home\">Home<\/a>\n<\/span><span class=\"aioseo-breadcrumb-separator\">\u2013<\/span><span class=\"aioseo-breadcrumb\">\n\t<a href=\"https:\/\/www.eldigitaldeasturias.com\/noticias\/category\/actualidad\/\" title=\"Actualidad\">Actualidad<\/a>\n<\/span><span class=\"aioseo-breadcrumb-separator\">\u2013<\/span><span class=\"aioseo-breadcrumb\">\n\t<a href=\"https:\/\/www.eldigitaldeasturias.com\/noticias\/seminario-critica-y-contracritica-en-el-iaacc-pablo-serrano-de-zaragoza\/\" title=\"Seminario \u00abCr\u00edtica y Contracr\u00edtica\u00bb en el IAACC Pablo Serrano de Zaragoza\">Seminario \u00abCr\u00edtica y Contracr\u00edtica\u00bb en el IAACC Pablo Serrano de Zaragoza<\/a>\n<\/span><\/div>","aioseo_breadcrumb_json":[{"label":"Home","link":"https:\/\/www.eldigitaldeasturias.com\/noticias"},{"label":"Actualidad","link":"https:\/\/www.eldigitaldeasturias.com\/noticias\/category\/actualidad\/"},{"label":"Seminario \u00abCr\u00edtica y Contracr\u00edtica\u00bb en el IAACC Pablo Serrano de Zaragoza","link":"https:\/\/www.eldigitaldeasturias.com\/noticias\/seminario-critica-y-contracritica-en-el-iaacc-pablo-serrano-de-zaragoza\/"}],"_links":{"self":[{"href":"https:\/\/www.eldigitaldeasturias.com\/noticias\/wp-json\/wp\/v2\/posts\/977995","targetHints":{"allow":["GET"]}}],"collection":[{"href":"https:\/\/www.eldigitaldeasturias.com\/noticias\/wp-json\/wp\/v2\/posts"}],"about":[{"href":"https:\/\/www.eldigitaldeasturias.com\/noticias\/wp-json\/wp\/v2\/types\/post"}],"author":[{"embeddable":true,"href":"https:\/\/www.eldigitaldeasturias.com\/noticias\/wp-json\/wp\/v2\/users\/1"}],"replies":[{"embeddable":true,"href":"https:\/\/www.eldigitaldeasturias.com\/noticias\/wp-json\/wp\/v2\/comments?post=977995"}],"version-history":[{"count":0,"href":"https:\/\/www.eldigitaldeasturias.com\/noticias\/wp-json\/wp\/v2\/posts\/977995\/revisions"}],"wp:attachment":[{"href":"https:\/\/www.eldigitaldeasturias.com\/noticias\/wp-json\/wp\/v2\/media?parent=977995"}],"wp:term":[{"taxonomy":"category","embeddable":true,"href":"https:\/\/www.eldigitaldeasturias.com\/noticias\/wp-json\/wp\/v2\/categories?post=977995"},{"taxonomy":"post_tag","embeddable":true,"href":"https:\/\/www.eldigitaldeasturias.com\/noticias\/wp-json\/wp\/v2\/tags?post=977995"}],"curies":[{"name":"wp","href":"https:\/\/api.w.org\/{rel}","templated":true}]}}