{"id":977960,"date":"2018-04-28T01:59:18","date_gmt":"2018-04-28T01:59:18","guid":{"rendered":"http:\/\/www.eldigitaldeasturias.com\/noticias\/?p=977960"},"modified":"2018-04-28T01:59:18","modified_gmt":"2018-04-28T01:59:18","slug":"la-iglesia-de-nicaragua-convoca-una-marcha-por-la-paz-y-la-esperanza","status":"publish","type":"post","link":"https:\/\/www.eldigitaldeasturias.com\/noticias\/la-iglesia-de-nicaragua-convoca-una-marcha-por-la-paz-y-la-esperanza\/","title":{"rendered":"La Iglesia de Nicaragua convoca una marcha \u201cpor la paz y la esperanza\u201d"},"content":{"rendered":"<p><img loading=\"lazy\" decoding=\"async\" class=\"alignleft size-medium wp-image-977961\" src=\"https:\/\/www.eldigitaldeasturias.com\/noticias\/wp-content\/uploads\/2018\/04\/church-943147_960_720-360x270.jpg\" alt=\"\" width=\"360\" height=\"270\" \/>Managua, 27 abr (dpa) &#8211; La Iglesia cat\u00f3lica de Nicaragua convoc\u00f3 hoy a una marcha \u201cpor la paz y la esperanza\u201d para ma\u00f1ana s\u00e1bado en la capital, Managua, a 11 d\u00edas del estallido de protestas estudiantiles sofocadas con violencia por la Polic\u00eda, que dejaron al menos 63 muertos, seg\u00fan organismos no gubernamentales.<\/p>\n<p>\u201cOraremos por los j\u00f3venes asesinados, por la democratizaci\u00f3n de Nicaragua y por el \u00e9xito del di\u00e1logo nacional con la mediaci\u00f3n de los obispos\u201d, escribi\u00f3 en su cuenta de Twitter el obispo auxiliar capitalino, monse\u00f1or Silvio B\u00e1ez.<\/p>\n<p>B\u00e1ez, uno de los obispos m\u00e1s cr\u00edticos del presidente Daniel Ortega, dijo que la peregrinaci\u00f3n concluir\u00e1 frente a la Catedral Metropolitana, situada en un sector que fue escenario de violentos enfrentamientos entre polic\u00edas y estudiantes la semana pasada.<\/p>\n<p>Las protestas comenzaron el 17 de abril con un m\u00edtin estudiantil en rechazo a una reforma al Seguro Social, y se extendieron tras la violenta reacci\u00f3n de la Polic\u00eda, que dej\u00f3 63 muertos seg\u00fan la no gubernamental Comisi\u00f3n Permanente de Derechos Humanos (CPDH). El Gobierno s\u00f3lo report\u00f3 10 decesos.<\/p>\n<p>Aunque Ortega revoc\u00f3 la reforma y accedi\u00f3 a instalar un di\u00e1logo con distintos sectores, bajo mediaci\u00f3n de la Conferencia Episcopal, hay expectativas de la poblaci\u00f3n porque hasta ahora no se ha informado cu\u00e1ndo iniciar\u00e1n las pl\u00e1ticas ni qui\u00e9nes participar\u00e1n.<\/p>\n<p>Mientras, periodistas y activistas de derechos humanos denunciaron este viernes que recibieron amenazas de muerte y ataques a sus viviendas por parte de presuntos activistas del Gobierno.<\/p>\n<p>Una de las denuncias la present\u00f3 An\u00edbal Toru\u00f1o, due\u00f1o de la emisora Radio Dar\u00edo de la ciudad de Le\u00f3n (occidente), incendiada por presuntos grupos ligados al Gobierno el pasado 20 de abril.<\/p>\n<p>\u00abTengo miedo y lo asumo. Me siento amenazado, siguen mis movimientos\u00bb, dijo el periodista en la sede del Centro Nicarag\u00fcense de Derechos Humanos (Cenidh) en Managua, donde solicit\u00f3 protecci\u00f3n.<\/p>\n<p>Radio Dar\u00edo es una emisora cr\u00edtica del Gobierno y esta es la sexta vez que es atacada. Toru\u00f1o sostuvo que el ataque, donde murieron dos empleados por graves quemaduras, fue un \u00abatentado terrorista\u00bb dirigido por alcalde sandinista de Le\u00f3n, Filiberto Rodr\u00edguez.<\/p>\n<p>Tambi\u00e9n acudieron al Cenidh Hayde\u00e9 Castillo y Sara Henr\u00edquez, activistas feministas en las ciudades de Ocotal (norte) y Le\u00f3n, respectivamente. Ambas relataron que recibieron amenazas de muerte y que sus casas fueron apedreadas por desconocidos.<\/p>\n<p>La abogada Vilma N\u00fa\u00f1ez, presidenta del Cenidh, tom\u00f3 nota de los tres casos para presentarlos a la Fiscal\u00eda, que anunci\u00f3 una investigaci\u00f3n de los incidentes. N\u00fa\u00f1ez dijo que ese es un requisito para cualquier denuncia posterior ante organismos internacionales.<\/p>\n<p>Otro periodista amenazado es Luis Galeano, director del programa de entrevistas \u00abCaf\u00e9 con Voz\u00bb del canal 15 de televisi\u00f3n, censurado varios d\u00edas por el Gobierno durante los incidentes de violencia.<\/p>\n<p>Galeano relat\u00f3 a dpa que recibi\u00f3 un mensaje, mientras transmit\u00eda en vivo por Facebook, en el cual le recordaron la muerte del empresario radial Carlos Guadamuz, un disidente sandinista asesinado en 2004 por un supuesto fan\u00e1tico.<\/p>\n<p>En tanto, el m\u00fasico Carlos Mej\u00eda Godoy dijo que su hijo Augusto fue amenazado por apoyar las protestas. El veterano trovador y revolucionario divulg\u00f3 un comunicado junto con su hermano Luis Enrique, en el cual critican \u00abla fuerza brutal de la represi\u00f3n de los antimotines, apa\u00f1ando a fuerzas de choque de j\u00f3venes paramilitares de la Juventud Sandinista\u00bb.<\/p>\n<p>\u00abLanzaron gases, garrotearon, dispararon balas de goma y de plomo contra una manifestaci\u00f3n pac\u00edfica de j\u00f3venes y poblaci\u00f3n (&#8230;) Todo esto le ha vuelto a recordar a nuestra poblaci\u00f3n los a\u00f1os m\u00e1s oscuros de la impunidad somocista\u00bb, dijeron los Mej\u00eda Godoy en alusi\u00f3n a la dictadura derrocada por los sandinistas en 1979.<\/p>\n<p>Por su parte, el llamado \u201cMovimiento Estudiantil 19 de Abril (M19A), que dirigi\u00f3 las protestas universitarias, pidi\u00f3 la creaci\u00f3n de una \u00abComisi\u00f3n de la Verdad\u00bb, con presencia de organismos de derechos humanos nacionales e internacionales, \u201cpara investigar y condenar los cr\u00edmenes de lesa humanidad que han sido perpetrados por el Gobierno de Daniel Ortega\u00bb, se\u00f1al\u00f3 el texto.<\/p>\n<p>\u00abNo queremos ir a dialogar si no se comienzan a investigar estos cr\u00edmenes\u00bb insisti\u00f3 el vocero del M19A, V\u00edctor Quadra, en entrevista al canal 15 de televisi\u00f3n.<\/p>\n<p>El diputado sandinista Gustavo Porras, presidente del Parlamento, anunci\u00f3 este viernes que la directiva de la C\u00e1mara, dominada por el partido de Gobierno, formar\u00e1 una Comisi\u00f3n de la Verdad para \u201cconocer, analizar y esclarecer la verdad de los sucesos\u201d.<\/p>\n<p>Marcos Carmona, directivo de la CPDH, acus\u00f3 a la Polic\u00eda de haber \u00abcometido una masacre\u00bb, y dijo que los adolescentes murieron por impactos de bala de fusil en la cabeza, el t\u00f3rax y la espalda.<\/p>\n<p>En tanto, el uruguayo Wilfredo Penco, funcionario de la Organizaci\u00f3n de Estados Americanos (OEA), lleg\u00f3 al pa\u00eds para reunirse con autoridades y pol\u00edticos a fin de reactivar un proyecto de reformas electorales recomendadas por la entidad hemisf\u00e9rica.<\/p>\n<p>Penco encabez\u00f3 la misi\u00f3n de la OEA que observ\u00f3 las municipales de noviembre pasado y aval\u00f3 el triunfo sandinista en 135 de los 153 municipios, en medio de enfrentamientos que dejaron siete muertos.<\/p>\n<p>Ante el estallido de violencia, la OEA reconoci\u00f3 en un comunicado \u00abel leg\u00edtimo derecho a la protesta pac\u00edfica, as\u00ed como la libertad de expresi\u00f3n en el marco del Estado de Derecho\u00bb y formul\u00f3 \u00abun llamado a la paz, al respeto de la institucionalidad y a esclarecer los cr\u00edmenes cometidos\u00bb.<\/p>\n<p><i class=\"lang-es\"><span class=\" readonly\" title=\"\">Por Gabriela Selser (dpa)<\/span><\/i><\/p>\n","protected":false},"excerpt":{"rendered":"<p>Managua, 27 abr (dpa) &#8211; La Iglesia cat\u00f3lica de Nicaragua convoc\u00f3 hoy a una marcha \u201cpor la paz y la esperanza\u201d para ma\u00f1ana s\u00e1bado en la capital, Managua, a 11 d\u00edas del estallido de protestas estudiantiles sofocadas con violencia por la Polic\u00eda, que dejaron al menos 63 muertos, seg\u00fan organismos no gubernamentales. \u201cOraremos por los [&hellip;]<\/p>\n","protected":false},"author":1,"featured_media":977961,"comment_status":"closed","ping_status":"closed","sticky":false,"template":"","format":"standard","meta":{"footnotes":""},"categories":[1],"tags":[],"class_list":["post-977960","post","type-post","status-publish","format-standard","has-post-thumbnail","hentry","category-actualidad"],"aioseo_notices":[],"aioseo_head":"\n\t\t<!-- All in One SEO Pro 5.0.1 - aioseo.com -->\n\t<meta name=\"description\" content=\"Managua, 27 abr (dpa) - La Iglesia cat\u00f3lica de Nicaragua convoc\u00f3 hoy a una marcha \u201cpor la paz y la esperanza\u201d para ma\u00f1ana s\u00e1bado en la capital, Managua, a 11 d\u00edas del estallido de protestas estudiantiles sofocadas con violencia por la Polic\u00eda, que dejaron al menos 63 muertos, seg\u00fan organismos no gubernamentales. \u201cOraremos por los\" \/>\n\t<meta name=\"robots\" content=\"max-image-preview:large\" \/>\n\t<meta name=\"author\" content=\"El Digital de Asturias\"\/>\n\t<meta name=\"google-site-verification\" content=\"UA-38556648-1\" \/>\n\t<meta name=\"msvalidate.01\" content=\"7dfe9f3f1b24437ab69f4f2559babe99\" \/>\n\t<meta name=\"keywords\" content=\"actualidad\" \/>\n\t<link rel=\"canonical\" href=\"https:\/\/www.eldigitaldeasturias.com\/noticias\/la-iglesia-de-nicaragua-convoca-una-marcha-por-la-paz-y-la-esperanza\/\" \/>\n\t<meta name=\"generator\" content=\"All in One SEO Pro (AIOSEO) 5.0.1\" \/>\n\t\t<meta property=\"og:locale\" content=\"es_ES\" \/>\n\t\t<meta property=\"og:site_name\" content=\"El Digital de Asturias\" \/>\n\t\t<meta property=\"og:type\" content=\"article\" \/>\n\t\t<meta property=\"og:title\" content=\"La Iglesia de Nicaragua convoca una marcha \u201cpor la paz y la esperanza\u201d - El Digital de Asturias\" \/>\n\t\t<meta property=\"og:description\" content=\"Managua, 27 abr (dpa) - La Iglesia cat\u00f3lica de Nicaragua convoc\u00f3 hoy a una marcha \u201cpor la paz y la esperanza\u201d para ma\u00f1ana s\u00e1bado en la capital, Managua, a 11 d\u00edas del estallido de protestas estudiantiles sofocadas con violencia por la Polic\u00eda, que dejaron al menos 63 muertos, seg\u00fan organismos no gubernamentales. \u201cOraremos por los\" \/>\n\t\t<meta property=\"og:url\" content=\"https:\/\/www.eldigitaldeasturias.com\/noticias\/la-iglesia-de-nicaragua-convoca-una-marcha-por-la-paz-y-la-esperanza\/\" \/>\n\t\t<meta property=\"article:tag\" content=\"actualidad\" \/>\n\t\t<meta property=\"article:published_time\" content=\"2018-04-28T01:59:18+00:00\" \/>\n\t\t<meta property=\"article:modified_time\" content=\"2018-04-28T01:59:18+00:00\" \/>\n\t\t<meta property=\"article:publisher\" content=\"https:\/\/facebook.com\/eldigitaldeasturias\" \/>\n\t\t<meta name=\"twitter:card\" content=\"summary_large_image\" \/>\n\t\t<meta name=\"twitter:title\" content=\"La Iglesia de Nicaragua convoca una marcha \u201cpor la paz y la esperanza\u201d - El Digital de Asturias\" \/>\n\t\t<meta name=\"twitter:description\" content=\"Managua, 27 abr (dpa) - La Iglesia cat\u00f3lica de Nicaragua convoc\u00f3 hoy a una marcha \u201cpor la paz y la esperanza\u201d para ma\u00f1ana s\u00e1bado en la capital, Managua, a 11 d\u00edas del estallido de protestas estudiantiles sofocadas con violencia por la Polic\u00eda, que dejaron al menos 63 muertos, seg\u00fan organismos no gubernamentales. \u201cOraremos por los\" \/>\n\t\t<meta name=\"twitter:image\" content=\"https:\/\/www.eldigitaldeasturias.com\/noticias\/wp-content\/uploads\/2020\/12\/EDA-1.jpg\" \/>\n\t\t<meta name=\"twitter:label1\" content=\"Escrito por\" \/>\n\t\t<meta name=\"twitter:data1\" content=\"El Digital de Asturias\" \/>\n\t\t<meta name=\"twitter:label2\" content=\"Tiempo de lectura estimado\" \/>\n\t\t<meta name=\"twitter:data2\" content=\"5 minutos\" \/>\n\t\t<script type=\"application\/ld+json\" class=\"aioseo-schema\">\n\t\t\t{\"@context\":\"https:\\\/\\\/schema.org\",\"@graph\":[{\"@type\":\"BlogPosting\",\"@id\":\"https:\\\/\\\/www.eldigitaldeasturias.com\\\/noticias\\\/la-iglesia-de-nicaragua-convoca-una-marcha-por-la-paz-y-la-esperanza\\\/#blogposting\",\"name\":\"La Iglesia de Nicaragua convoca una marcha \\u201cpor la paz y la esperanza\\u201d - El Digital de Asturias\",\"headline\":\"La Iglesia de Nicaragua convoca una marcha \\u201cpor la paz y la esperanza\\u201d\",\"author\":{\"@id\":\"https:\\\/\\\/www.eldigitaldeasturias.com\\\/noticias\\\/author\\\/admin\\\/#author\"},\"publisher\":{\"@id\":\"https:\\\/\\\/www.eldigitaldeasturias.com\\\/noticias\\\/#organization\"},\"image\":{\"@type\":\"ImageObject\",\"url\":977961},\"datePublished\":\"2018-04-28T01:59:18+02:00\",\"dateModified\":\"2018-04-28T01:59:18+02:00\",\"inLanguage\":\"es-ES\",\"mainEntityOfPage\":{\"@id\":\"https:\\\/\\\/www.eldigitaldeasturias.com\\\/noticias\\\/la-iglesia-de-nicaragua-convoca-una-marcha-por-la-paz-y-la-esperanza\\\/#webpage\"},\"isPartOf\":{\"@id\":\"https:\\\/\\\/www.eldigitaldeasturias.com\\\/noticias\\\/la-iglesia-de-nicaragua-convoca-una-marcha-por-la-paz-y-la-esperanza\\\/#webpage\"},\"articleSection\":\"Actualidad\"},{\"@type\":\"BreadcrumbList\",\"@id\":\"https:\\\/\\\/www.eldigitaldeasturias.com\\\/noticias\\\/la-iglesia-de-nicaragua-convoca-una-marcha-por-la-paz-y-la-esperanza\\\/#breadcrumblist\",\"itemListElement\":[{\"@type\":\"ListItem\",\"@id\":\"https:\\\/\\\/www.eldigitaldeasturias.com\\\/noticias#listItem\",\"position\":1,\"name\":\"Home\",\"item\":\"https:\\\/\\\/www.eldigitaldeasturias.com\\\/noticias\",\"nextItem\":{\"@type\":\"ListItem\",\"@id\":\"https:\\\/\\\/www.eldigitaldeasturias.com\\\/noticias\\\/category\\\/actualidad\\\/#listItem\",\"name\":\"Actualidad\"}},{\"@type\":\"ListItem\",\"@id\":\"https:\\\/\\\/www.eldigitaldeasturias.com\\\/noticias\\\/category\\\/actualidad\\\/#listItem\",\"position\":2,\"name\":\"Actualidad\",\"item\":\"https:\\\/\\\/www.eldigitaldeasturias.com\\\/noticias\\\/category\\\/actualidad\\\/\",\"nextItem\":{\"@type\":\"ListItem\",\"@id\":\"https:\\\/\\\/www.eldigitaldeasturias.com\\\/noticias\\\/la-iglesia-de-nicaragua-convoca-una-marcha-por-la-paz-y-la-esperanza\\\/#listItem\",\"name\":\"La Iglesia de Nicaragua convoca una marcha \\u201cpor la paz y la esperanza\\u201d\"},\"previousItem\":{\"@type\":\"ListItem\",\"@id\":\"https:\\\/\\\/www.eldigitaldeasturias.com\\\/noticias#listItem\",\"name\":\"Home\"}},{\"@type\":\"ListItem\",\"@id\":\"https:\\\/\\\/www.eldigitaldeasturias.com\\\/noticias\\\/la-iglesia-de-nicaragua-convoca-una-marcha-por-la-paz-y-la-esperanza\\\/#listItem\",\"position\":3,\"name\":\"La Iglesia de Nicaragua convoca una marcha \\u201cpor la paz y la esperanza\\u201d\",\"previousItem\":{\"@type\":\"ListItem\",\"@id\":\"https:\\\/\\\/www.eldigitaldeasturias.com\\\/noticias\\\/category\\\/actualidad\\\/#listItem\",\"name\":\"Actualidad\"}}]},{\"@type\":\"Organization\",\"@id\":\"https:\\\/\\\/www.eldigitaldeasturias.com\\\/noticias\\\/#organization\",\"name\":\"El Digital de Asturias\",\"description\":\"Hemeroteca\",\"url\":\"https:\\\/\\\/www.eldigitaldeasturias.com\\\/noticias\\\/\",\"email\":\"info@eldigitaldeasturias.com\",\"telephone\":\"+34652131393\",\"logo\":{\"@type\":\"ImageObject\",\"url\":\"https:\\\/\\\/www.eldigitaldeasturias.com\\\/noticias\\\/wp-content\\\/uploads\\\/2020\\\/12\\\/EDA.jpg\",\"@id\":\"https:\\\/\\\/www.eldigitaldeasturias.com\\\/noticias\\\/la-iglesia-de-nicaragua-convoca-una-marcha-por-la-paz-y-la-esperanza\\\/#organizationLogo\"},\"image\":{\"@id\":\"https:\\\/\\\/www.eldigitaldeasturias.com\\\/noticias\\\/la-iglesia-de-nicaragua-convoca-una-marcha-por-la-paz-y-la-esperanza\\\/#organizationLogo\"},\"sameAs\":[\"https:\\\/\\\/facebook.com\\\/eldigitaldeasturias\",\"https:\\\/\\\/www.youtube.com\\\/channel\\\/UCZP-2wLEB9Rv6erhFmqVnvg\"],\"address\":{\"@id\":\"https:\\\/\\\/www.eldigitaldeasturias.com\\\/noticias\\\/#postaladdress\",\"@type\":\"PostalAddress\",\"streetAddress\":\"san antonio 4\",\"postalCode\":\"33430\",\"addressLocality\":\"Cand\\u00e1s\",\"addressRegion\":\"Asturias\",\"addressCountry\":\"ES\"}},{\"@type\":\"Person\",\"@id\":\"https:\\\/\\\/www.eldigitaldeasturias.com\\\/noticias\\\/author\\\/admin\\\/#author\",\"url\":\"https:\\\/\\\/www.eldigitaldeasturias.com\\\/noticias\\\/author\\\/admin\\\/\",\"name\":\"El Digital de Asturias\",\"image\":{\"@type\":\"ImageObject\",\"@id\":\"https:\\\/\\\/www.eldigitaldeasturias.com\\\/noticias\\\/la-iglesia-de-nicaragua-convoca-una-marcha-por-la-paz-y-la-esperanza\\\/#authorImage\",\"url\":\"https:\\\/\\\/secure.gravatar.com\\\/avatar\\\/df2aeffc32bcd13f8d26072ef8a91b623d677766deac7f97ca815868cd41bf5e?s=96&d=mm&r=g\",\"width\":96,\"height\":96,\"caption\":\"El Digital de Asturias\"}},{\"@type\":\"WebPage\",\"@id\":\"https:\\\/\\\/www.eldigitaldeasturias.com\\\/noticias\\\/la-iglesia-de-nicaragua-convoca-una-marcha-por-la-paz-y-la-esperanza\\\/#webpage\",\"url\":\"https:\\\/\\\/www.eldigitaldeasturias.com\\\/noticias\\\/la-iglesia-de-nicaragua-convoca-una-marcha-por-la-paz-y-la-esperanza\\\/\",\"name\":\"La Iglesia de Nicaragua convoca una marcha \\u201cpor la paz y la esperanza\\u201d - El Digital de Asturias\",\"description\":\"Managua, 27 abr (dpa) - La Iglesia cat\\u00f3lica de Nicaragua convoc\\u00f3 hoy a una marcha \\u201cpor la paz y la esperanza\\u201d para ma\\u00f1ana s\\u00e1bado en la capital, Managua, a 11 d\\u00edas del estallido de protestas estudiantiles sofocadas con violencia por la Polic\\u00eda, que dejaron al menos 63 muertos, seg\\u00fan organismos no gubernamentales. \\u201cOraremos por los\",\"inLanguage\":\"es-ES\",\"isPartOf\":{\"@id\":\"https:\\\/\\\/www.eldigitaldeasturias.com\\\/noticias\\\/#website\"},\"breadcrumb\":{\"@id\":\"https:\\\/\\\/www.eldigitaldeasturias.com\\\/noticias\\\/la-iglesia-de-nicaragua-convoca-una-marcha-por-la-paz-y-la-esperanza\\\/#breadcrumblist\"},\"author\":{\"@id\":\"https:\\\/\\\/www.eldigitaldeasturias.com\\\/noticias\\\/author\\\/admin\\\/#author\"},\"creator\":{\"@id\":\"https:\\\/\\\/www.eldigitaldeasturias.com\\\/noticias\\\/author\\\/admin\\\/#author\"},\"image\":{\"@type\":\"ImageObject\",\"url\":977961,\"@id\":\"https:\\\/\\\/www.eldigitaldeasturias.com\\\/noticias\\\/la-iglesia-de-nicaragua-convoca-una-marcha-por-la-paz-y-la-esperanza\\\/#mainImage\"},\"primaryImageOfPage\":{\"@id\":\"https:\\\/\\\/www.eldigitaldeasturias.com\\\/noticias\\\/la-iglesia-de-nicaragua-convoca-una-marcha-por-la-paz-y-la-esperanza\\\/#mainImage\"},\"datePublished\":\"2018-04-28T01:59:18+02:00\",\"dateModified\":\"2018-04-28T01:59:18+02:00\"},{\"@type\":\"WebSite\",\"@id\":\"https:\\\/\\\/www.eldigitaldeasturias.com\\\/noticias\\\/#website\",\"url\":\"https:\\\/\\\/www.eldigitaldeasturias.com\\\/noticias\\\/\",\"name\":\"El Digital de Asturias - Diario de actualidad y noticias\",\"alternateName\":\"El Digital de Asturias - Diario de actualidad y noticias\",\"description\":\"Hemeroteca\",\"inLanguage\":\"es-ES\",\"publisher\":{\"@id\":\"https:\\\/\\\/www.eldigitaldeasturias.com\\\/noticias\\\/#organization\"}}]}\n\t\t<\/script>\n\t\t<!-- All in One SEO Pro -->\r\n\t\t<title>La Iglesia de Nicaragua convoca una marcha \u201cpor la paz y la esperanza\u201d - El Digital de Asturias<\/title>\n\n","aioseo_head_json":{"title":"La Iglesia de Nicaragua convoca una marcha \u201cpor la paz y la esperanza\u201d - El Digital de Asturias","description":"Managua, 27 abr (dpa) - La Iglesia cat\u00f3lica de Nicaragua convoc\u00f3 hoy a una marcha \u201cpor la paz y la esperanza\u201d para ma\u00f1ana s\u00e1bado en la capital, Managua, a 11 d\u00edas del estallido de protestas estudiantiles sofocadas con violencia por la Polic\u00eda, que dejaron al menos 63 muertos, seg\u00fan organismos no gubernamentales. \u201cOraremos por los","canonical_url":"https:\/\/www.eldigitaldeasturias.com\/noticias\/la-iglesia-de-nicaragua-convoca-una-marcha-por-la-paz-y-la-esperanza\/","robots":"max-image-preview:large","keywords":"actualidad","webmasterTools":{"google-site-verification":"UA-38556648-1","msvalidate.01":"7dfe9f3f1b24437ab69f4f2559babe99","miscellaneous":""},"schema":{"@context":"https:\/\/schema.org","@graph":[{"@type":"BlogPosting","@id":"https:\/\/www.eldigitaldeasturias.com\/noticias\/la-iglesia-de-nicaragua-convoca-una-marcha-por-la-paz-y-la-esperanza\/#blogposting","name":"La Iglesia de Nicaragua convoca una marcha \u201cpor la paz y la esperanza\u201d - El Digital de Asturias","headline":"La Iglesia de Nicaragua convoca una marcha \u201cpor la paz y la esperanza\u201d","author":{"@id":"https:\/\/www.eldigitaldeasturias.com\/noticias\/author\/admin\/#author"},"publisher":{"@id":"https:\/\/www.eldigitaldeasturias.com\/noticias\/#organization"},"image":{"@type":"ImageObject","url":977961},"datePublished":"2018-04-28T01:59:18+02:00","dateModified":"2018-04-28T01:59:18+02:00","inLanguage":"es-ES","mainEntityOfPage":{"@id":"https:\/\/www.eldigitaldeasturias.com\/noticias\/la-iglesia-de-nicaragua-convoca-una-marcha-por-la-paz-y-la-esperanza\/#webpage"},"isPartOf":{"@id":"https:\/\/www.eldigitaldeasturias.com\/noticias\/la-iglesia-de-nicaragua-convoca-una-marcha-por-la-paz-y-la-esperanza\/#webpage"},"articleSection":"Actualidad"},{"@type":"BreadcrumbList","@id":"https:\/\/www.eldigitaldeasturias.com\/noticias\/la-iglesia-de-nicaragua-convoca-una-marcha-por-la-paz-y-la-esperanza\/#breadcrumblist","itemListElement":[{"@type":"ListItem","@id":"https:\/\/www.eldigitaldeasturias.com\/noticias#listItem","position":1,"name":"Home","item":"https:\/\/www.eldigitaldeasturias.com\/noticias","nextItem":{"@type":"ListItem","@id":"https:\/\/www.eldigitaldeasturias.com\/noticias\/category\/actualidad\/#listItem","name":"Actualidad"}},{"@type":"ListItem","@id":"https:\/\/www.eldigitaldeasturias.com\/noticias\/category\/actualidad\/#listItem","position":2,"name":"Actualidad","item":"https:\/\/www.eldigitaldeasturias.com\/noticias\/category\/actualidad\/","nextItem":{"@type":"ListItem","@id":"https:\/\/www.eldigitaldeasturias.com\/noticias\/la-iglesia-de-nicaragua-convoca-una-marcha-por-la-paz-y-la-esperanza\/#listItem","name":"La Iglesia de Nicaragua convoca una marcha \u201cpor la paz y la esperanza\u201d"},"previousItem":{"@type":"ListItem","@id":"https:\/\/www.eldigitaldeasturias.com\/noticias#listItem","name":"Home"}},{"@type":"ListItem","@id":"https:\/\/www.eldigitaldeasturias.com\/noticias\/la-iglesia-de-nicaragua-convoca-una-marcha-por-la-paz-y-la-esperanza\/#listItem","position":3,"name":"La Iglesia de Nicaragua convoca una marcha \u201cpor la paz y la esperanza\u201d","previousItem":{"@type":"ListItem","@id":"https:\/\/www.eldigitaldeasturias.com\/noticias\/category\/actualidad\/#listItem","name":"Actualidad"}}]},{"@type":"Organization","@id":"https:\/\/www.eldigitaldeasturias.com\/noticias\/#organization","name":"El Digital de Asturias","description":"Hemeroteca","url":"https:\/\/www.eldigitaldeasturias.com\/noticias\/","email":"info@eldigitaldeasturias.com","telephone":"+34652131393","logo":{"@type":"ImageObject","url":"https:\/\/www.eldigitaldeasturias.com\/noticias\/wp-content\/uploads\/2020\/12\/EDA.jpg","@id":"https:\/\/www.eldigitaldeasturias.com\/noticias\/la-iglesia-de-nicaragua-convoca-una-marcha-por-la-paz-y-la-esperanza\/#organizationLogo"},"image":{"@id":"https:\/\/www.eldigitaldeasturias.com\/noticias\/la-iglesia-de-nicaragua-convoca-una-marcha-por-la-paz-y-la-esperanza\/#organizationLogo"},"sameAs":["https:\/\/facebook.com\/eldigitaldeasturias","https:\/\/www.youtube.com\/channel\/UCZP-2wLEB9Rv6erhFmqVnvg"],"address":{"@id":"https:\/\/www.eldigitaldeasturias.com\/noticias\/#postaladdress","@type":"PostalAddress","streetAddress":"san antonio 4","postalCode":"33430","addressLocality":"Cand\u00e1s","addressRegion":"Asturias","addressCountry":"ES"}},{"@type":"Person","@id":"https:\/\/www.eldigitaldeasturias.com\/noticias\/author\/admin\/#author","url":"https:\/\/www.eldigitaldeasturias.com\/noticias\/author\/admin\/","name":"El Digital de Asturias","image":{"@type":"ImageObject","@id":"https:\/\/www.eldigitaldeasturias.com\/noticias\/la-iglesia-de-nicaragua-convoca-una-marcha-por-la-paz-y-la-esperanza\/#authorImage","url":"https:\/\/secure.gravatar.com\/avatar\/df2aeffc32bcd13f8d26072ef8a91b623d677766deac7f97ca815868cd41bf5e?s=96&d=mm&r=g","width":96,"height":96,"caption":"El Digital de Asturias"}},{"@type":"WebPage","@id":"https:\/\/www.eldigitaldeasturias.com\/noticias\/la-iglesia-de-nicaragua-convoca-una-marcha-por-la-paz-y-la-esperanza\/#webpage","url":"https:\/\/www.eldigitaldeasturias.com\/noticias\/la-iglesia-de-nicaragua-convoca-una-marcha-por-la-paz-y-la-esperanza\/","name":"La Iglesia de Nicaragua convoca una marcha \u201cpor la paz y la esperanza\u201d - El Digital de Asturias","description":"Managua, 27 abr (dpa) - La Iglesia cat\u00f3lica de Nicaragua convoc\u00f3 hoy a una marcha \u201cpor la paz y la esperanza\u201d para ma\u00f1ana s\u00e1bado en la capital, Managua, a 11 d\u00edas del estallido de protestas estudiantiles sofocadas con violencia por la Polic\u00eda, que dejaron al menos 63 muertos, seg\u00fan organismos no gubernamentales. \u201cOraremos por los","inLanguage":"es-ES","isPartOf":{"@id":"https:\/\/www.eldigitaldeasturias.com\/noticias\/#website"},"breadcrumb":{"@id":"https:\/\/www.eldigitaldeasturias.com\/noticias\/la-iglesia-de-nicaragua-convoca-una-marcha-por-la-paz-y-la-esperanza\/#breadcrumblist"},"author":{"@id":"https:\/\/www.eldigitaldeasturias.com\/noticias\/author\/admin\/#author"},"creator":{"@id":"https:\/\/www.eldigitaldeasturias.com\/noticias\/author\/admin\/#author"},"image":{"@type":"ImageObject","url":977961,"@id":"https:\/\/www.eldigitaldeasturias.com\/noticias\/la-iglesia-de-nicaragua-convoca-una-marcha-por-la-paz-y-la-esperanza\/#mainImage"},"primaryImageOfPage":{"@id":"https:\/\/www.eldigitaldeasturias.com\/noticias\/la-iglesia-de-nicaragua-convoca-una-marcha-por-la-paz-y-la-esperanza\/#mainImage"},"datePublished":"2018-04-28T01:59:18+02:00","dateModified":"2018-04-28T01:59:18+02:00"},{"@type":"WebSite","@id":"https:\/\/www.eldigitaldeasturias.com\/noticias\/#website","url":"https:\/\/www.eldigitaldeasturias.com\/noticias\/","name":"El Digital de Asturias - Diario de actualidad y noticias","alternateName":"El Digital de Asturias - Diario de actualidad y noticias","description":"Hemeroteca","inLanguage":"es-ES","publisher":{"@id":"https:\/\/www.eldigitaldeasturias.com\/noticias\/#organization"}}]},"og:locale":"es_ES","og:site_name":"El Digital de Asturias","og:type":"article","og:title":"La Iglesia de Nicaragua convoca una marcha \u201cpor la paz y la esperanza\u201d - El Digital de Asturias","og:description":"Managua, 27 abr (dpa) - La Iglesia cat\u00f3lica de Nicaragua convoc\u00f3 hoy a una marcha \u201cpor la paz y la esperanza\u201d para ma\u00f1ana s\u00e1bado en la capital, Managua, a 11 d\u00edas del estallido de protestas estudiantiles sofocadas con violencia por la Polic\u00eda, que dejaron al menos 63 muertos, seg\u00fan organismos no gubernamentales. \u201cOraremos por los","og:url":"https:\/\/www.eldigitaldeasturias.com\/noticias\/la-iglesia-de-nicaragua-convoca-una-marcha-por-la-paz-y-la-esperanza\/","article:tag":["actualidad"],"article:published_time":"2018-04-28T01:59:18+00:00","article:modified_time":"2018-04-28T01:59:18+00:00","article:publisher":"https:\/\/facebook.com\/eldigitaldeasturias","twitter:card":"summary_large_image","twitter:title":"La Iglesia de Nicaragua convoca una marcha \u201cpor la paz y la esperanza\u201d - El Digital de Asturias","twitter:description":"Managua, 27 abr (dpa) - La Iglesia cat\u00f3lica de Nicaragua convoc\u00f3 hoy a una marcha \u201cpor la paz y la esperanza\u201d para ma\u00f1ana s\u00e1bado en la capital, Managua, a 11 d\u00edas del estallido de protestas estudiantiles sofocadas con violencia por la Polic\u00eda, que dejaron al menos 63 muertos, seg\u00fan organismos no gubernamentales. \u201cOraremos por los","twitter:image":"https:\/\/www.eldigitaldeasturias.com\/noticias\/wp-content\/uploads\/2020\/12\/EDA-1.jpg","twitter:label1":"Escrito por","twitter:data1":"El Digital de Asturias","twitter:label2":"Tiempo de lectura estimado","twitter:data2":"5 minutos"},"aioseo_meta_data":{"post_id":"977960","title":null,"description":null,"keywords":null,"keyphrases":null,"primary_term":null,"canonical_url":null,"og_title":null,"og_description":null,"og_object_type":"default","og_image_type":"default","og_image_url":null,"og_image_width":null,"og_image_height":null,"og_image_custom_url":null,"og_image_custom_fields":null,"og_video":null,"og_custom_url":null,"og_article_section":null,"og_article_tags":null,"twitter_use_og":false,"twitter_card":"default","twitter_image_type":"default","twitter_image_url":null,"twitter_image_custom_url":null,"twitter_image_custom_fields":null,"twitter_title":null,"twitter_description":null,"schema":{"blockGraphs":[],"customGraphs":[],"default":{"data":{"Article":[],"Course":[],"Dataset":[],"FAQPage":[],"Movie":[],"Person":[],"Product":[],"ProductReview":[],"Car":[],"Recipe":[],"Service":[],"SoftwareApplication":[],"WebPage":[]},"graphName":"","isEnabled":true},"graphs":[],"defaultGraph":"","defaultPostTypeGraph":""},"schema_type":null,"schema_type_options":null,"pillar_content":false,"robots_default":true,"robots_noindex":false,"robots_noarchive":false,"robots_nosnippet":false,"robots_nofollow":false,"robots_noimageindex":false,"robots_noodp":false,"robots_notranslate":false,"robots_max_snippet":null,"robots_max_videopreview":null,"robots_max_imagepreview":"large","priority":null,"frequency":null,"local_seo":null,"seo_analyzer_scan_date":"2025-10-08 09:10:33","breadcrumb_settings":null,"limit_modified_date":false,"open_ai":null,"ai":null,"created":"2020-12-21 12:03:40","updated":"2025-10-08 09:10:33","focus_keyword":null,"additional_keywords":null,"truseo_locale":null},"aioseo_breadcrumb":"<div class=\"aioseo-breadcrumbs\"><span class=\"aioseo-breadcrumb\">\n\t<a href=\"https:\/\/www.eldigitaldeasturias.com\/noticias\" title=\"Home\">Home<\/a>\n<\/span><span class=\"aioseo-breadcrumb-separator\">\u2013<\/span><span class=\"aioseo-breadcrumb\">\n\t<a href=\"https:\/\/www.eldigitaldeasturias.com\/noticias\/category\/actualidad\/\" title=\"Actualidad\">Actualidad<\/a>\n<\/span><span class=\"aioseo-breadcrumb-separator\">\u2013<\/span><span class=\"aioseo-breadcrumb\">\n\t<a href=\"https:\/\/www.eldigitaldeasturias.com\/noticias\/la-iglesia-de-nicaragua-convoca-una-marcha-por-la-paz-y-la-esperanza\/\" title=\"La Iglesia de Nicaragua convoca una marcha \u201cpor la paz y la esperanza\u201d\">La Iglesia de Nicaragua convoca una marcha \u201cpor la paz y la esperanza\u201d<\/a>\n<\/span><\/div>","aioseo_breadcrumb_json":[{"label":"Home","link":"https:\/\/www.eldigitaldeasturias.com\/noticias"},{"label":"Actualidad","link":"https:\/\/www.eldigitaldeasturias.com\/noticias\/category\/actualidad\/"},{"label":"La Iglesia de Nicaragua convoca una marcha \u201cpor la paz y la esperanza\u201d","link":"https:\/\/www.eldigitaldeasturias.com\/noticias\/la-iglesia-de-nicaragua-convoca-una-marcha-por-la-paz-y-la-esperanza\/"}],"_links":{"self":[{"href":"https:\/\/www.eldigitaldeasturias.com\/noticias\/wp-json\/wp\/v2\/posts\/977960","targetHints":{"allow":["GET"]}}],"collection":[{"href":"https:\/\/www.eldigitaldeasturias.com\/noticias\/wp-json\/wp\/v2\/posts"}],"about":[{"href":"https:\/\/www.eldigitaldeasturias.com\/noticias\/wp-json\/wp\/v2\/types\/post"}],"author":[{"embeddable":true,"href":"https:\/\/www.eldigitaldeasturias.com\/noticias\/wp-json\/wp\/v2\/users\/1"}],"replies":[{"embeddable":true,"href":"https:\/\/www.eldigitaldeasturias.com\/noticias\/wp-json\/wp\/v2\/comments?post=977960"}],"version-history":[{"count":0,"href":"https:\/\/www.eldigitaldeasturias.com\/noticias\/wp-json\/wp\/v2\/posts\/977960\/revisions"}],"wp:attachment":[{"href":"https:\/\/www.eldigitaldeasturias.com\/noticias\/wp-json\/wp\/v2\/media?parent=977960"}],"wp:term":[{"taxonomy":"category","embeddable":true,"href":"https:\/\/www.eldigitaldeasturias.com\/noticias\/wp-json\/wp\/v2\/categories?post=977960"},{"taxonomy":"post_tag","embeddable":true,"href":"https:\/\/www.eldigitaldeasturias.com\/noticias\/wp-json\/wp\/v2\/tags?post=977960"}],"curies":[{"name":"wp","href":"https:\/\/api.w.org\/{rel}","templated":true}]}}