{"id":977952,"date":"2018-04-28T01:47:37","date_gmt":"2018-04-28T01:47:37","guid":{"rendered":"http:\/\/www.eldigitaldeasturias.com\/noticias\/?p=977952"},"modified":"2018-04-28T01:47:37","modified_gmt":"2018-04-28T01:47:37","slug":"el-papa-francisco-se-reune-con-las-victimas-del-cura-chileno","status":"publish","type":"post","link":"https:\/\/www.eldigitaldeasturias.com\/noticias\/el-papa-francisco-se-reune-con-las-victimas-del-cura-chileno\/","title":{"rendered":"El papa Francisco se re\u00fane con las v\u00edctimas del cura chileno"},"content":{"rendered":"<p><img loading=\"lazy\" decoding=\"async\" class=\"alignleft size-medium wp-image-972389\" src=\"https:\/\/www.eldigitaldeasturias.com\/noticias\/wp-content\/uploads\/2018\/03\/rome-1945033_1280-360x202.jpg\" alt=\"\" width=\"360\" height=\"202\" \/>Roma\/Santiago de Chile, 27 abr (dpa) \u2013 El papa Francisco inici\u00f3 hoy los encuentros con tres de las v\u00edctimas de abusos sexuales a menores cometidos por el cura chileno Fernando Karadima, que viajaron a Roma tras la pol\u00e9mica por el caso, confirm\u00f3 el Vaticano.<\/p>\n<p>\u00abQue sea el fin de la cultura de abusos y encubrimiento por los obispos y la Iglesia\u00bb, dijo Juan Carlos Cruz, una de las v\u00edctimas, en una breve rueda de prensa que ofreci\u00f3 hoy en Roma junto a Jos\u00e9 Andr\u00e9s Murillo y James Hamilton.<\/p>\n<p>\u00abJos\u00e9 (Andr\u00e9s Murillo) empieza a juntarse con \u00e9l (el papa) en un ratito m\u00e1s\u00bb, confirm\u00f3 Cruz.<\/p>\n<p>No est\u00e1 previsto emitir ning\u00fan comunicado oficial sobre el contenido de los encuentros, por expreso deseo del Papa, cuya prioridad es escuchar a las v\u00edctimas, pedirles perd\u00f3n y respetar la<br \/>\nconfidencialidad de estos coloquios, se\u00f1al\u00f3 el Vaticano.<\/p>\n<p>Las tres v\u00edctimas se encuentran en la Casa Santa Marta, una residencia cercana a la sacrist\u00eda de la Bas\u00edlica de San Pedro, en el Vaticano, donde fueron invitados por Francisco para \u00abescucharlos en todas aquellas sugerencias que puedan realizarle para evitar la repetici\u00f3n de semejantes hechos reprobables\u00bb, se\u00f1al\u00f3 hace dos d\u00edas Greg Burke, director de la Oficina de Prensa de la Santa Sede.<\/p>\n<p>\u00abEs muy significativo estar aqu\u00ed, sobre todo porque la invitaci\u00f3n ha sido para conversar y recibir sugerencias en el tema del abuso sexual clerical (&#8230;) nos hemos ido transformando poco a poco en representantes de muchas personas que han sufrido abusos\u00bb, dijo Murillo, abogado de profesi\u00f3n.<\/p>\n<p>\u00abQueremos poner aqu\u00ed el nombre de muchas personas que fueron v\u00edctimas de abusos sexual clerical, algunos de ellos se quitaron la vida, otros siguen sufriendo y luchando junto a nosotros\u00bb, agreg\u00f3.<\/p>\n<p>Por su parte, el m\u00e9dico Hamilton dijo que lo de los abusos no es solamente un asunto de ellos tres: \u00abSepan que esto no es un tema nuestro, es un tema de todos y lo haremos lo mejor posible. Como siempre, agotaremos todas nuestras instancias, siempre con respeto y esp\u00edritu de colaboraci\u00f3n\u00bb.<\/p>\n<p>Cruz, periodista de profesi\u00f3n y residente en Estados Unidos, hab\u00eda declarado el jueves a medios chilenos que espera que los cardenales Francisco Javier Err\u00e1zuriz y Ricardo Ezzati, adem\u00e1s de otros miembros de la Iglesia, \u00absean removidos para siempre\u00bb de sus funciones.<\/p>\n<p>\u00abEs gente que lo \u00fanico que ha hecho ha sido destruir a la Iglesia y ser t\u00f3xico al lado del papa\u00bb, agreg\u00f3.<\/p>\n<p>Las entrevistas del papa argentino, que en principio le hab\u00eda restado importancia al caso, seguir\u00e1n el s\u00e1bado con Hamilton y concluir\u00e1n el domingo con Cruz, informaron medios chilenos. El pr\u00f3ximo lunes se reunir\u00e1n los tres con el Sumo Pont\u00edfice.<\/p>\n<p>El in\u00e9dito encuentro tiene lugar tres semanas despu\u00e9s de que Francisco enviara una carta a los obispos chilenos en la que les dijo sentir \u00abdolor y verg\u00fcenza\u00bb tras conocer los informes del obispo de Malta Charles Scicluna, enviado suyo a Chile para investigar el presunto encubrimiento del obispo Juan Barros sobre abusos sexuales cometidos a menores por Karadima.<\/p>\n<p>Scicluna lleg\u00f3 en febrero y recogi\u00f3 m\u00e1s de medio centenar de testimonios de quienes acusan al obispo Barros y a otros miembros del clero chileno de haber presuntamente presenciado y encubierto los abusos de Karadima, sancionado en 2011 por la Santa Sede a un retiro de por vida de sus funciones.<\/p>\n<p>En la misiva, el papa admiti\u00f3 haber \u00abincurrido en graves equivocaciones de valoraci\u00f3n y percepci\u00f3n de la situaci\u00f3n, especialmente por falta de informaci\u00f3n veraz y equilibrada\u00bb sobre el asunto.<\/p>\n<p>En ese mismo mensaje, el papa convoc\u00f3 a los obispos chilenos a Roma para dialogar sobre las conclusiones de la visita del obispo malt\u00e9s, incluido el cuestionado Barros, quien confirm\u00f3 su asistencia. El viaje podr\u00eda concretarse a mediados de mayo.<\/p>\n<p>El caso sobre el obispo Barros, quien niega las acusaciones, cobr\u00f3 altura despu\u00e9s de que acompa\u00f1ara al papa Francisco en todas las misas que ofici\u00f3 en Chile en el marco de la gira que realiz\u00f3 entre el 15 y el 18 de enero.<\/p>\n<p>Barros, de 61 a\u00f1os, es actualmente el obispo de la di\u00f3cesis de Osorno, en el sur de Chile, designado por el propio Francisco en 2015. Desde su llegada al cargo, feligreses de la zona han demandado su renuncia.<\/p>\n<p>A pesar de las acusaciones en su contra, en esa visita Francisco defendi\u00f3 a Barros al afirmar que no hab\u00eda una sola prueba en su contra. \u00abTodo es calumnia\u00bb, se\u00f1al\u00f3 en esa oportunidad.<\/p>\n","protected":false},"excerpt":{"rendered":"<p>Roma\/Santiago de Chile, 27 abr (dpa) \u2013 El papa Francisco inici\u00f3 hoy los encuentros con tres de las v\u00edctimas de abusos sexuales a menores cometidos por el cura chileno Fernando Karadima, que viajaron a Roma tras la pol\u00e9mica por el caso, confirm\u00f3 el Vaticano. \u00abQue sea el fin de la cultura de abusos y encubrimiento [&hellip;]<\/p>\n","protected":false},"author":1,"featured_media":972389,"comment_status":"closed","ping_status":"closed","sticky":false,"template":"","format":"standard","meta":{"footnotes":""},"categories":[1],"tags":[],"class_list":["post-977952","post","type-post","status-publish","format-standard","has-post-thumbnail","hentry","category-actualidad"],"aioseo_notices":[],"aioseo_head":"\n\t\t<!-- All in One SEO Pro 5.0.1 - aioseo.com -->\n\t<meta name=\"description\" content=\"Roma\/Santiago de Chile, 27 abr (dpa) \u2013 El papa Francisco inici\u00f3 hoy los encuentros con tres de las v\u00edctimas de abusos sexuales a menores cometidos por el cura chileno Fernando Karadima, que viajaron a Roma tras la pol\u00e9mica por el caso, confirm\u00f3 el Vaticano. &quot;Que sea el fin de la cultura de abusos y encubrimiento\" \/>\n\t<meta name=\"robots\" content=\"max-image-preview:large\" \/>\n\t<meta name=\"author\" content=\"El Digital de Asturias\"\/>\n\t<meta name=\"google-site-verification\" content=\"UA-38556648-1\" \/>\n\t<meta name=\"msvalidate.01\" content=\"7dfe9f3f1b24437ab69f4f2559babe99\" \/>\n\t<meta name=\"keywords\" content=\"actualidad\" \/>\n\t<link rel=\"canonical\" href=\"https:\/\/www.eldigitaldeasturias.com\/noticias\/el-papa-francisco-se-reune-con-las-victimas-del-cura-chileno\/\" \/>\n\t<meta name=\"generator\" content=\"All in One SEO Pro (AIOSEO) 5.0.1\" \/>\n\t\t<meta property=\"og:locale\" content=\"es_ES\" \/>\n\t\t<meta property=\"og:site_name\" content=\"El Digital de Asturias\" \/>\n\t\t<meta property=\"og:type\" content=\"article\" \/>\n\t\t<meta property=\"og:title\" content=\"El papa Francisco se re\u00fane con las v\u00edctimas del cura chileno - El Digital de Asturias\" \/>\n\t\t<meta property=\"og:description\" content=\"Roma\/Santiago de Chile, 27 abr (dpa) \u2013 El papa Francisco inici\u00f3 hoy los encuentros con tres de las v\u00edctimas de abusos sexuales a menores cometidos por el cura chileno Fernando Karadima, que viajaron a Roma tras la pol\u00e9mica por el caso, confirm\u00f3 el Vaticano. &quot;Que sea el fin de la cultura de abusos y encubrimiento\" \/>\n\t\t<meta property=\"og:url\" content=\"https:\/\/www.eldigitaldeasturias.com\/noticias\/el-papa-francisco-se-reune-con-las-victimas-del-cura-chileno\/\" \/>\n\t\t<meta property=\"article:tag\" content=\"actualidad\" \/>\n\t\t<meta property=\"article:published_time\" content=\"2018-04-28T01:47:37+00:00\" \/>\n\t\t<meta property=\"article:modified_time\" content=\"2018-04-28T01:47:37+00:00\" \/>\n\t\t<meta property=\"article:publisher\" content=\"https:\/\/facebook.com\/eldigitaldeasturias\" \/>\n\t\t<meta name=\"twitter:card\" content=\"summary_large_image\" \/>\n\t\t<meta name=\"twitter:title\" content=\"El papa Francisco se re\u00fane con las v\u00edctimas del cura chileno - El Digital de Asturias\" \/>\n\t\t<meta name=\"twitter:description\" content=\"Roma\/Santiago de Chile, 27 abr (dpa) \u2013 El papa Francisco inici\u00f3 hoy los encuentros con tres de las v\u00edctimas de abusos sexuales a menores cometidos por el cura chileno Fernando Karadima, que viajaron a Roma tras la pol\u00e9mica por el caso, confirm\u00f3 el Vaticano. &quot;Que sea el fin de la cultura de abusos y encubrimiento\" \/>\n\t\t<meta name=\"twitter:image\" content=\"https:\/\/www.eldigitaldeasturias.com\/noticias\/wp-content\/uploads\/2020\/12\/EDA-1.jpg\" \/>\n\t\t<meta name=\"twitter:label1\" content=\"Escrito por\" \/>\n\t\t<meta name=\"twitter:data1\" content=\"El Digital de Asturias\" \/>\n\t\t<meta name=\"twitter:label2\" content=\"Tiempo de lectura estimado\" \/>\n\t\t<meta name=\"twitter:data2\" content=\"4 minutos\" \/>\n\t\t<script type=\"application\/ld+json\" class=\"aioseo-schema\">\n\t\t\t{\"@context\":\"https:\\\/\\\/schema.org\",\"@graph\":[{\"@type\":\"BlogPosting\",\"@id\":\"https:\\\/\\\/www.eldigitaldeasturias.com\\\/noticias\\\/el-papa-francisco-se-reune-con-las-victimas-del-cura-chileno\\\/#blogposting\",\"name\":\"El papa Francisco se re\\u00fane con las v\\u00edctimas del cura chileno - El Digital de Asturias\",\"headline\":\"El papa Francisco se re\\u00fane con las v\\u00edctimas del cura chileno\",\"author\":{\"@id\":\"https:\\\/\\\/www.eldigitaldeasturias.com\\\/noticias\\\/author\\\/admin\\\/#author\"},\"publisher\":{\"@id\":\"https:\\\/\\\/www.eldigitaldeasturias.com\\\/noticias\\\/#organization\"},\"image\":{\"@type\":\"ImageObject\",\"url\":972389},\"datePublished\":\"2018-04-28T01:47:37+02:00\",\"dateModified\":\"2018-04-28T01:47:37+02:00\",\"inLanguage\":\"es-ES\",\"mainEntityOfPage\":{\"@id\":\"https:\\\/\\\/www.eldigitaldeasturias.com\\\/noticias\\\/el-papa-francisco-se-reune-con-las-victimas-del-cura-chileno\\\/#webpage\"},\"isPartOf\":{\"@id\":\"https:\\\/\\\/www.eldigitaldeasturias.com\\\/noticias\\\/el-papa-francisco-se-reune-con-las-victimas-del-cura-chileno\\\/#webpage\"},\"articleSection\":\"Actualidad\"},{\"@type\":\"BreadcrumbList\",\"@id\":\"https:\\\/\\\/www.eldigitaldeasturias.com\\\/noticias\\\/el-papa-francisco-se-reune-con-las-victimas-del-cura-chileno\\\/#breadcrumblist\",\"itemListElement\":[{\"@type\":\"ListItem\",\"@id\":\"https:\\\/\\\/www.eldigitaldeasturias.com\\\/noticias#listItem\",\"position\":1,\"name\":\"Home\",\"item\":\"https:\\\/\\\/www.eldigitaldeasturias.com\\\/noticias\",\"nextItem\":{\"@type\":\"ListItem\",\"@id\":\"https:\\\/\\\/www.eldigitaldeasturias.com\\\/noticias\\\/category\\\/actualidad\\\/#listItem\",\"name\":\"Actualidad\"}},{\"@type\":\"ListItem\",\"@id\":\"https:\\\/\\\/www.eldigitaldeasturias.com\\\/noticias\\\/category\\\/actualidad\\\/#listItem\",\"position\":2,\"name\":\"Actualidad\",\"item\":\"https:\\\/\\\/www.eldigitaldeasturias.com\\\/noticias\\\/category\\\/actualidad\\\/\",\"nextItem\":{\"@type\":\"ListItem\",\"@id\":\"https:\\\/\\\/www.eldigitaldeasturias.com\\\/noticias\\\/el-papa-francisco-se-reune-con-las-victimas-del-cura-chileno\\\/#listItem\",\"name\":\"El papa Francisco se re\\u00fane con las v\\u00edctimas del cura chileno\"},\"previousItem\":{\"@type\":\"ListItem\",\"@id\":\"https:\\\/\\\/www.eldigitaldeasturias.com\\\/noticias#listItem\",\"name\":\"Home\"}},{\"@type\":\"ListItem\",\"@id\":\"https:\\\/\\\/www.eldigitaldeasturias.com\\\/noticias\\\/el-papa-francisco-se-reune-con-las-victimas-del-cura-chileno\\\/#listItem\",\"position\":3,\"name\":\"El papa Francisco se re\\u00fane con las v\\u00edctimas del cura chileno\",\"previousItem\":{\"@type\":\"ListItem\",\"@id\":\"https:\\\/\\\/www.eldigitaldeasturias.com\\\/noticias\\\/category\\\/actualidad\\\/#listItem\",\"name\":\"Actualidad\"}}]},{\"@type\":\"Organization\",\"@id\":\"https:\\\/\\\/www.eldigitaldeasturias.com\\\/noticias\\\/#organization\",\"name\":\"El Digital de Asturias\",\"description\":\"Hemeroteca\",\"url\":\"https:\\\/\\\/www.eldigitaldeasturias.com\\\/noticias\\\/\",\"email\":\"info@eldigitaldeasturias.com\",\"telephone\":\"+34652131393\",\"logo\":{\"@type\":\"ImageObject\",\"url\":\"https:\\\/\\\/www.eldigitaldeasturias.com\\\/noticias\\\/wp-content\\\/uploads\\\/2020\\\/12\\\/EDA.jpg\",\"@id\":\"https:\\\/\\\/www.eldigitaldeasturias.com\\\/noticias\\\/el-papa-francisco-se-reune-con-las-victimas-del-cura-chileno\\\/#organizationLogo\"},\"image\":{\"@id\":\"https:\\\/\\\/www.eldigitaldeasturias.com\\\/noticias\\\/el-papa-francisco-se-reune-con-las-victimas-del-cura-chileno\\\/#organizationLogo\"},\"sameAs\":[\"https:\\\/\\\/facebook.com\\\/eldigitaldeasturias\",\"https:\\\/\\\/www.youtube.com\\\/channel\\\/UCZP-2wLEB9Rv6erhFmqVnvg\"],\"address\":{\"@id\":\"https:\\\/\\\/www.eldigitaldeasturias.com\\\/noticias\\\/#postaladdress\",\"@type\":\"PostalAddress\",\"streetAddress\":\"san antonio 4\",\"postalCode\":\"33430\",\"addressLocality\":\"Cand\\u00e1s\",\"addressRegion\":\"Asturias\",\"addressCountry\":\"ES\"}},{\"@type\":\"Person\",\"@id\":\"https:\\\/\\\/www.eldigitaldeasturias.com\\\/noticias\\\/author\\\/admin\\\/#author\",\"url\":\"https:\\\/\\\/www.eldigitaldeasturias.com\\\/noticias\\\/author\\\/admin\\\/\",\"name\":\"El Digital de Asturias\",\"image\":{\"@type\":\"ImageObject\",\"@id\":\"https:\\\/\\\/www.eldigitaldeasturias.com\\\/noticias\\\/el-papa-francisco-se-reune-con-las-victimas-del-cura-chileno\\\/#authorImage\",\"url\":\"https:\\\/\\\/secure.gravatar.com\\\/avatar\\\/df2aeffc32bcd13f8d26072ef8a91b623d677766deac7f97ca815868cd41bf5e?s=96&d=mm&r=g\",\"width\":96,\"height\":96,\"caption\":\"El Digital de Asturias\"}},{\"@type\":\"WebPage\",\"@id\":\"https:\\\/\\\/www.eldigitaldeasturias.com\\\/noticias\\\/el-papa-francisco-se-reune-con-las-victimas-del-cura-chileno\\\/#webpage\",\"url\":\"https:\\\/\\\/www.eldigitaldeasturias.com\\\/noticias\\\/el-papa-francisco-se-reune-con-las-victimas-del-cura-chileno\\\/\",\"name\":\"El papa Francisco se re\\u00fane con las v\\u00edctimas del cura chileno - El Digital de Asturias\",\"description\":\"Roma\\\/Santiago de Chile, 27 abr (dpa) \\u2013 El papa Francisco inici\\u00f3 hoy los encuentros con tres de las v\\u00edctimas de abusos sexuales a menores cometidos por el cura chileno Fernando Karadima, que viajaron a Roma tras la pol\\u00e9mica por el caso, confirm\\u00f3 el Vaticano. \\\"Que sea el fin de la cultura de abusos y encubrimiento\",\"inLanguage\":\"es-ES\",\"isPartOf\":{\"@id\":\"https:\\\/\\\/www.eldigitaldeasturias.com\\\/noticias\\\/#website\"},\"breadcrumb\":{\"@id\":\"https:\\\/\\\/www.eldigitaldeasturias.com\\\/noticias\\\/el-papa-francisco-se-reune-con-las-victimas-del-cura-chileno\\\/#breadcrumblist\"},\"author\":{\"@id\":\"https:\\\/\\\/www.eldigitaldeasturias.com\\\/noticias\\\/author\\\/admin\\\/#author\"},\"creator\":{\"@id\":\"https:\\\/\\\/www.eldigitaldeasturias.com\\\/noticias\\\/author\\\/admin\\\/#author\"},\"image\":{\"@type\":\"ImageObject\",\"url\":972389,\"@id\":\"https:\\\/\\\/www.eldigitaldeasturias.com\\\/noticias\\\/el-papa-francisco-se-reune-con-las-victimas-del-cura-chileno\\\/#mainImage\"},\"primaryImageOfPage\":{\"@id\":\"https:\\\/\\\/www.eldigitaldeasturias.com\\\/noticias\\\/el-papa-francisco-se-reune-con-las-victimas-del-cura-chileno\\\/#mainImage\"},\"datePublished\":\"2018-04-28T01:47:37+02:00\",\"dateModified\":\"2018-04-28T01:47:37+02:00\"},{\"@type\":\"WebSite\",\"@id\":\"https:\\\/\\\/www.eldigitaldeasturias.com\\\/noticias\\\/#website\",\"url\":\"https:\\\/\\\/www.eldigitaldeasturias.com\\\/noticias\\\/\",\"name\":\"El Digital de Asturias - Diario de actualidad y noticias\",\"alternateName\":\"El Digital de Asturias - Diario de actualidad y noticias\",\"description\":\"Hemeroteca\",\"inLanguage\":\"es-ES\",\"publisher\":{\"@id\":\"https:\\\/\\\/www.eldigitaldeasturias.com\\\/noticias\\\/#organization\"}}]}\n\t\t<\/script>\n\t\t<!-- All in One SEO Pro -->\r\n\t\t<title>El papa Francisco se re\u00fane con las v\u00edctimas del cura chileno - El Digital de Asturias<\/title>\n\n","aioseo_head_json":{"title":"El papa Francisco se re\u00fane con las v\u00edctimas del cura chileno - El Digital de Asturias","description":"Roma\/Santiago de Chile, 27 abr (dpa) \u2013 El papa Francisco inici\u00f3 hoy los encuentros con tres de las v\u00edctimas de abusos sexuales a menores cometidos por el cura chileno Fernando Karadima, que viajaron a Roma tras la pol\u00e9mica por el caso, confirm\u00f3 el Vaticano. \"Que sea el fin de la cultura de abusos y encubrimiento","canonical_url":"https:\/\/www.eldigitaldeasturias.com\/noticias\/el-papa-francisco-se-reune-con-las-victimas-del-cura-chileno\/","robots":"max-image-preview:large","keywords":"actualidad","webmasterTools":{"google-site-verification":"UA-38556648-1","msvalidate.01":"7dfe9f3f1b24437ab69f4f2559babe99","miscellaneous":""},"schema":{"@context":"https:\/\/schema.org","@graph":[{"@type":"BlogPosting","@id":"https:\/\/www.eldigitaldeasturias.com\/noticias\/el-papa-francisco-se-reune-con-las-victimas-del-cura-chileno\/#blogposting","name":"El papa Francisco se re\u00fane con las v\u00edctimas del cura chileno - El Digital de Asturias","headline":"El papa Francisco se re\u00fane con las v\u00edctimas del cura chileno","author":{"@id":"https:\/\/www.eldigitaldeasturias.com\/noticias\/author\/admin\/#author"},"publisher":{"@id":"https:\/\/www.eldigitaldeasturias.com\/noticias\/#organization"},"image":{"@type":"ImageObject","url":972389},"datePublished":"2018-04-28T01:47:37+02:00","dateModified":"2018-04-28T01:47:37+02:00","inLanguage":"es-ES","mainEntityOfPage":{"@id":"https:\/\/www.eldigitaldeasturias.com\/noticias\/el-papa-francisco-se-reune-con-las-victimas-del-cura-chileno\/#webpage"},"isPartOf":{"@id":"https:\/\/www.eldigitaldeasturias.com\/noticias\/el-papa-francisco-se-reune-con-las-victimas-del-cura-chileno\/#webpage"},"articleSection":"Actualidad"},{"@type":"BreadcrumbList","@id":"https:\/\/www.eldigitaldeasturias.com\/noticias\/el-papa-francisco-se-reune-con-las-victimas-del-cura-chileno\/#breadcrumblist","itemListElement":[{"@type":"ListItem","@id":"https:\/\/www.eldigitaldeasturias.com\/noticias#listItem","position":1,"name":"Home","item":"https:\/\/www.eldigitaldeasturias.com\/noticias","nextItem":{"@type":"ListItem","@id":"https:\/\/www.eldigitaldeasturias.com\/noticias\/category\/actualidad\/#listItem","name":"Actualidad"}},{"@type":"ListItem","@id":"https:\/\/www.eldigitaldeasturias.com\/noticias\/category\/actualidad\/#listItem","position":2,"name":"Actualidad","item":"https:\/\/www.eldigitaldeasturias.com\/noticias\/category\/actualidad\/","nextItem":{"@type":"ListItem","@id":"https:\/\/www.eldigitaldeasturias.com\/noticias\/el-papa-francisco-se-reune-con-las-victimas-del-cura-chileno\/#listItem","name":"El papa Francisco se re\u00fane con las v\u00edctimas del cura chileno"},"previousItem":{"@type":"ListItem","@id":"https:\/\/www.eldigitaldeasturias.com\/noticias#listItem","name":"Home"}},{"@type":"ListItem","@id":"https:\/\/www.eldigitaldeasturias.com\/noticias\/el-papa-francisco-se-reune-con-las-victimas-del-cura-chileno\/#listItem","position":3,"name":"El papa Francisco se re\u00fane con las v\u00edctimas del cura chileno","previousItem":{"@type":"ListItem","@id":"https:\/\/www.eldigitaldeasturias.com\/noticias\/category\/actualidad\/#listItem","name":"Actualidad"}}]},{"@type":"Organization","@id":"https:\/\/www.eldigitaldeasturias.com\/noticias\/#organization","name":"El Digital de Asturias","description":"Hemeroteca","url":"https:\/\/www.eldigitaldeasturias.com\/noticias\/","email":"info@eldigitaldeasturias.com","telephone":"+34652131393","logo":{"@type":"ImageObject","url":"https:\/\/www.eldigitaldeasturias.com\/noticias\/wp-content\/uploads\/2020\/12\/EDA.jpg","@id":"https:\/\/www.eldigitaldeasturias.com\/noticias\/el-papa-francisco-se-reune-con-las-victimas-del-cura-chileno\/#organizationLogo"},"image":{"@id":"https:\/\/www.eldigitaldeasturias.com\/noticias\/el-papa-francisco-se-reune-con-las-victimas-del-cura-chileno\/#organizationLogo"},"sameAs":["https:\/\/facebook.com\/eldigitaldeasturias","https:\/\/www.youtube.com\/channel\/UCZP-2wLEB9Rv6erhFmqVnvg"],"address":{"@id":"https:\/\/www.eldigitaldeasturias.com\/noticias\/#postaladdress","@type":"PostalAddress","streetAddress":"san antonio 4","postalCode":"33430","addressLocality":"Cand\u00e1s","addressRegion":"Asturias","addressCountry":"ES"}},{"@type":"Person","@id":"https:\/\/www.eldigitaldeasturias.com\/noticias\/author\/admin\/#author","url":"https:\/\/www.eldigitaldeasturias.com\/noticias\/author\/admin\/","name":"El Digital de Asturias","image":{"@type":"ImageObject","@id":"https:\/\/www.eldigitaldeasturias.com\/noticias\/el-papa-francisco-se-reune-con-las-victimas-del-cura-chileno\/#authorImage","url":"https:\/\/secure.gravatar.com\/avatar\/df2aeffc32bcd13f8d26072ef8a91b623d677766deac7f97ca815868cd41bf5e?s=96&d=mm&r=g","width":96,"height":96,"caption":"El Digital de Asturias"}},{"@type":"WebPage","@id":"https:\/\/www.eldigitaldeasturias.com\/noticias\/el-papa-francisco-se-reune-con-las-victimas-del-cura-chileno\/#webpage","url":"https:\/\/www.eldigitaldeasturias.com\/noticias\/el-papa-francisco-se-reune-con-las-victimas-del-cura-chileno\/","name":"El papa Francisco se re\u00fane con las v\u00edctimas del cura chileno - El Digital de Asturias","description":"Roma\/Santiago de Chile, 27 abr (dpa) \u2013 El papa Francisco inici\u00f3 hoy los encuentros con tres de las v\u00edctimas de abusos sexuales a menores cometidos por el cura chileno Fernando Karadima, que viajaron a Roma tras la pol\u00e9mica por el caso, confirm\u00f3 el Vaticano. \"Que sea el fin de la cultura de abusos y encubrimiento","inLanguage":"es-ES","isPartOf":{"@id":"https:\/\/www.eldigitaldeasturias.com\/noticias\/#website"},"breadcrumb":{"@id":"https:\/\/www.eldigitaldeasturias.com\/noticias\/el-papa-francisco-se-reune-con-las-victimas-del-cura-chileno\/#breadcrumblist"},"author":{"@id":"https:\/\/www.eldigitaldeasturias.com\/noticias\/author\/admin\/#author"},"creator":{"@id":"https:\/\/www.eldigitaldeasturias.com\/noticias\/author\/admin\/#author"},"image":{"@type":"ImageObject","url":972389,"@id":"https:\/\/www.eldigitaldeasturias.com\/noticias\/el-papa-francisco-se-reune-con-las-victimas-del-cura-chileno\/#mainImage"},"primaryImageOfPage":{"@id":"https:\/\/www.eldigitaldeasturias.com\/noticias\/el-papa-francisco-se-reune-con-las-victimas-del-cura-chileno\/#mainImage"},"datePublished":"2018-04-28T01:47:37+02:00","dateModified":"2018-04-28T01:47:37+02:00"},{"@type":"WebSite","@id":"https:\/\/www.eldigitaldeasturias.com\/noticias\/#website","url":"https:\/\/www.eldigitaldeasturias.com\/noticias\/","name":"El Digital de Asturias - Diario de actualidad y noticias","alternateName":"El Digital de Asturias - Diario de actualidad y noticias","description":"Hemeroteca","inLanguage":"es-ES","publisher":{"@id":"https:\/\/www.eldigitaldeasturias.com\/noticias\/#organization"}}]},"og:locale":"es_ES","og:site_name":"El Digital de Asturias","og:type":"article","og:title":"El papa Francisco se re\u00fane con las v\u00edctimas del cura chileno - El Digital de Asturias","og:description":"Roma\/Santiago de Chile, 27 abr (dpa) \u2013 El papa Francisco inici\u00f3 hoy los encuentros con tres de las v\u00edctimas de abusos sexuales a menores cometidos por el cura chileno Fernando Karadima, que viajaron a Roma tras la pol\u00e9mica por el caso, confirm\u00f3 el Vaticano. &quot;Que sea el fin de la cultura de abusos y encubrimiento","og:url":"https:\/\/www.eldigitaldeasturias.com\/noticias\/el-papa-francisco-se-reune-con-las-victimas-del-cura-chileno\/","article:tag":["actualidad"],"article:published_time":"2018-04-28T01:47:37+00:00","article:modified_time":"2018-04-28T01:47:37+00:00","article:publisher":"https:\/\/facebook.com\/eldigitaldeasturias","twitter:card":"summary_large_image","twitter:title":"El papa Francisco se re\u00fane con las v\u00edctimas del cura chileno - El Digital de Asturias","twitter:description":"Roma\/Santiago de Chile, 27 abr (dpa) \u2013 El papa Francisco inici\u00f3 hoy los encuentros con tres de las v\u00edctimas de abusos sexuales a menores cometidos por el cura chileno Fernando Karadima, que viajaron a Roma tras la pol\u00e9mica por el caso, confirm\u00f3 el Vaticano. &quot;Que sea el fin de la cultura de abusos y encubrimiento","twitter:image":"https:\/\/www.eldigitaldeasturias.com\/noticias\/wp-content\/uploads\/2020\/12\/EDA-1.jpg","twitter:label1":"Escrito por","twitter:data1":"El Digital de Asturias","twitter:label2":"Tiempo de lectura estimado","twitter:data2":"4 minutos"},"aioseo_meta_data":{"post_id":"977952","title":null,"description":null,"keywords":null,"keyphrases":null,"primary_term":null,"canonical_url":null,"og_title":null,"og_description":null,"og_object_type":"default","og_image_type":"default","og_image_url":null,"og_image_width":null,"og_image_height":null,"og_image_custom_url":null,"og_image_custom_fields":null,"og_video":null,"og_custom_url":null,"og_article_section":null,"og_article_tags":null,"twitter_use_og":false,"twitter_card":"default","twitter_image_type":"default","twitter_image_url":null,"twitter_image_custom_url":null,"twitter_image_custom_fields":null,"twitter_title":null,"twitter_description":null,"schema":{"blockGraphs":[],"customGraphs":[],"default":{"data":{"Article":[],"Course":[],"Dataset":[],"FAQPage":[],"Movie":[],"Person":[],"Product":[],"ProductReview":[],"Car":[],"Recipe":[],"Service":[],"SoftwareApplication":[],"WebPage":[]},"graphName":"","isEnabled":true},"graphs":[],"defaultGraph":"","defaultPostTypeGraph":""},"schema_type":null,"schema_type_options":null,"pillar_content":false,"robots_default":true,"robots_noindex":false,"robots_noarchive":false,"robots_nosnippet":false,"robots_nofollow":false,"robots_noimageindex":false,"robots_noodp":false,"robots_notranslate":false,"robots_max_snippet":null,"robots_max_videopreview":null,"robots_max_imagepreview":"large","priority":null,"frequency":null,"local_seo":null,"seo_analyzer_scan_date":"2025-10-08 09:08:06","breadcrumb_settings":null,"limit_modified_date":false,"open_ai":null,"ai":null,"created":"2020-12-21 12:03:40","updated":"2025-10-08 09:08:06","focus_keyword":null,"additional_keywords":null,"truseo_locale":null},"aioseo_breadcrumb":"<div class=\"aioseo-breadcrumbs\"><span class=\"aioseo-breadcrumb\">\n\t<a href=\"https:\/\/www.eldigitaldeasturias.com\/noticias\" title=\"Home\">Home<\/a>\n<\/span><span class=\"aioseo-breadcrumb-separator\">\u2013<\/span><span class=\"aioseo-breadcrumb\">\n\t<a href=\"https:\/\/www.eldigitaldeasturias.com\/noticias\/category\/actualidad\/\" title=\"Actualidad\">Actualidad<\/a>\n<\/span><span class=\"aioseo-breadcrumb-separator\">\u2013<\/span><span class=\"aioseo-breadcrumb\">\n\t<a href=\"https:\/\/www.eldigitaldeasturias.com\/noticias\/el-papa-francisco-se-reune-con-las-victimas-del-cura-chileno\/\" title=\"El papa Francisco se re\u00fane con las v\u00edctimas del cura chileno\">El papa Francisco se re\u00fane con las v\u00edctimas del cura chileno<\/a>\n<\/span><\/div>","aioseo_breadcrumb_json":[{"label":"Home","link":"https:\/\/www.eldigitaldeasturias.com\/noticias"},{"label":"Actualidad","link":"https:\/\/www.eldigitaldeasturias.com\/noticias\/category\/actualidad\/"},{"label":"El papa Francisco se re\u00fane con las v\u00edctimas del cura chileno","link":"https:\/\/www.eldigitaldeasturias.com\/noticias\/el-papa-francisco-se-reune-con-las-victimas-del-cura-chileno\/"}],"_links":{"self":[{"href":"https:\/\/www.eldigitaldeasturias.com\/noticias\/wp-json\/wp\/v2\/posts\/977952","targetHints":{"allow":["GET"]}}],"collection":[{"href":"https:\/\/www.eldigitaldeasturias.com\/noticias\/wp-json\/wp\/v2\/posts"}],"about":[{"href":"https:\/\/www.eldigitaldeasturias.com\/noticias\/wp-json\/wp\/v2\/types\/post"}],"author":[{"embeddable":true,"href":"https:\/\/www.eldigitaldeasturias.com\/noticias\/wp-json\/wp\/v2\/users\/1"}],"replies":[{"embeddable":true,"href":"https:\/\/www.eldigitaldeasturias.com\/noticias\/wp-json\/wp\/v2\/comments?post=977952"}],"version-history":[{"count":0,"href":"https:\/\/www.eldigitaldeasturias.com\/noticias\/wp-json\/wp\/v2\/posts\/977952\/revisions"}],"wp:attachment":[{"href":"https:\/\/www.eldigitaldeasturias.com\/noticias\/wp-json\/wp\/v2\/media?parent=977952"}],"wp:term":[{"taxonomy":"category","embeddable":true,"href":"https:\/\/www.eldigitaldeasturias.com\/noticias\/wp-json\/wp\/v2\/categories?post=977952"},{"taxonomy":"post_tag","embeddable":true,"href":"https:\/\/www.eldigitaldeasturias.com\/noticias\/wp-json\/wp\/v2\/tags?post=977952"}],"curies":[{"name":"wp","href":"https:\/\/api.w.org\/{rel}","templated":true}]}}