{"id":977950,"date":"2018-04-28T01:42:51","date_gmt":"2018-04-28T01:42:51","guid":{"rendered":"http:\/\/www.eldigitaldeasturias.com\/noticias\/?p=977950"},"modified":"2018-04-28T01:42:51","modified_gmt":"2018-04-28T01:42:51","slug":"el-alto-comisionado-para-los-derechos-humanos-critica-duramente-a-israel","status":"publish","type":"post","link":"https:\/\/www.eldigitaldeasturias.com\/noticias\/el-alto-comisionado-para-los-derechos-humanos-critica-duramente-a-israel\/","title":{"rendered":"El Alto comisionado para los Derechos Humanos critica duramente a Israel"},"content":{"rendered":"<p><img loading=\"lazy\" decoding=\"async\" class=\"alignleft size-medium wp-image-974234\" src=\"https:\/\/www.eldigitaldeasturias.com\/noticias\/wp-content\/uploads\/2018\/03\/gaza-678979_1280-360x240.jpg\" alt=\"\" width=\"360\" height=\"240\" \/>Ginebra, 27 abr (dpa) &#8211; La Oficina del Alto Comisionado para los Derechos Humanos en Ginebra acus\u00f3 hoy a Israel de hacer un uso desproporcionado de la violencia en las protestas de palestinos en la frontera de la Franja de Gaza.<\/p>\n<p>En las \u00faltimas cuatro semanas han perdido la vida 45 palestinos y m\u00e1s de 5.500 han resultado heridos, entre ellos 1.739 por tiros de las Fuerzas Armadas israel\u00edes, indic\u00f3 la ONU en Ginebra. Asimismo, 233 ni\u00f1os han resultado heridos y cuatro murieron abatidos. Tres de ellos recibieron impactos de bala en la cabeza o en el cuello.<\/p>\n<p>En nuevos enfrentamientos con soldados israel\u00edes junto a la frontera, murieron hoy al menos tres palestino y m\u00e1s de 150 resultaron heridos. Un portavoz del Ministerio de Salud gazat\u00ed explic\u00f3 que dos palestinos presentan heridas de gravedad.<\/p>\n<p>El portavoz se\u00f1al\u00f3 adem\u00e1s que otras personas sufrieron problemas respiratorios despu\u00e9s de que se utilizara gas lacrim\u00f3geno. Seg\u00fan contaron varios testigos, los palestinos lanzaron piedras contra los soldados.<\/p>\n<p>Seg\u00fan el Ej\u00e9rcito israel\u00ed, en la manifestaci\u00f3n de hoy participaron alrededor de 10.000 palestinos y cientos de personas trataron de quemar la valla fronteriza en el norte de la Franja de Gaza y entrar en territorio israel\u00ed.<\/p>\n<p>Este es el quinto viernes seguido que se producen protestas en la frontera de Gaza con Israel, aunque el tama\u00f1o de las manifestaciones se ha ido reduciendo a lo largo del mes.<\/p>\n<p>El detonante de la denominada \u00abMarcha del retorno\u00bb es el 70 aniversario de la fundaci\u00f3n del Estado israel\u00ed, hecho que los palestinos consideran una cat\u00e1strofe. Los manifestantes exigen que los refugiados de la guerra \u00e1rabe-israel\u00ed de 1948 puedan volver a sus casas en lo que es hoy en d\u00eda Israel.<\/p>\n<p>El alto comisionado de las Naciones Unidas para los Derechos Humanos, Zeid Ra&#8217;ad al Hussein, alert\u00f3 a Israel de que su actuaci\u00f3n podr\u00eda violar el derecho internacional humanitario.<\/p>\n<p>Puesto que las muertes tuvieron lugar en un territorio ocupado, Zeid aleg\u00f3 que Israel podr\u00eda estar violando al Cuarto Convenio de Ginebra, sobre la protecci\u00f3n de los civiles afectados por conflictos u ocupaciones.<\/p>\n<p>Los miembros de las fuerzas de seguridad solo pueden hacer uso de la fuerza letal en caso de extrema necesidad, cuando sus propias vidas est\u00e9n en peligro o cuando corran un elevado riesgo de resultar heridos de gravedad, record\u00f3.<\/p>\n<p>\u00abEs muy dif\u00edcil de entender por qu\u00e9 la quema de neum\u00e1ticos o el lanzamiento de piedras, o incluso el lanzamiento de c\u00f3cteles molotov desde grandes distancias hacia unas fuerzas de seguridad fuertemente protegidas en una l\u00ednea de defensa, puede suponer tal amenaza\u00bb, se\u00f1al\u00f3 la oficina.<\/p>\n<p>\u00abEl uso desproporcionado de la violencia es reprochable, pero los ni\u00f1os est\u00e1n especialmente protegidos por el derecho internacional\u00bb, dijo Zeid. Habr\u00e1 que ver si las normas de actuaci\u00f3n de las Fuerzas Armadas violan el derecho internacional o si los involucrados se atienen a las normas, agreg\u00f3.<\/p>\n<p>Los portavoces del Ej\u00e9rcito israel\u00ed han indicado en varias ocasiones que los soldados destacados en la frontera tienen \u00f3rdenes claras de no disparar hasta realizar varios avisos y solo apuntar a las piernas.<\/p>\n<p>Israel acusa a Hamas, que gobierna en la Franja de Gaza, de utilizar a los civiles como escudos humanos y de poner intencionadamente en peligro a menores de edad. Durante las protestas algunos manifestantes intentan continuamente destruir la valla fronteriza y de perpetrar ataques.<\/p>\n","protected":false},"excerpt":{"rendered":"<p>Ginebra, 27 abr (dpa) &#8211; La Oficina del Alto Comisionado para los Derechos Humanos en Ginebra acus\u00f3 hoy a Israel de hacer un uso desproporcionado de la violencia en las protestas de palestinos en la frontera de la Franja de Gaza. En las \u00faltimas cuatro semanas han perdido la vida 45 palestinos y m\u00e1s de [&hellip;]<\/p>\n","protected":false},"author":1,"featured_media":974234,"comment_status":"closed","ping_status":"closed","sticky":false,"template":"","format":"standard","meta":{"footnotes":""},"categories":[1],"tags":[],"class_list":["post-977950","post","type-post","status-publish","format-standard","has-post-thumbnail","hentry","category-actualidad"],"aioseo_notices":[],"aioseo_head":"\n\t\t<!-- All in One SEO Pro 5.0.1 - aioseo.com -->\n\t<meta name=\"description\" content=\"Ginebra, 27 abr (dpa) - La Oficina del Alto Comisionado para los Derechos Humanos en Ginebra acus\u00f3 hoy a Israel de hacer un uso desproporcionado de la violencia en las protestas de palestinos en la frontera de la Franja de Gaza. En las \u00faltimas cuatro semanas han perdido la vida 45 palestinos y m\u00e1s de\" \/>\n\t<meta name=\"robots\" content=\"max-image-preview:large\" \/>\n\t<meta name=\"author\" content=\"El Digital de Asturias\"\/>\n\t<meta name=\"google-site-verification\" content=\"UA-38556648-1\" \/>\n\t<meta name=\"msvalidate.01\" content=\"7dfe9f3f1b24437ab69f4f2559babe99\" \/>\n\t<meta name=\"keywords\" content=\"actualidad\" \/>\n\t<link rel=\"canonical\" href=\"https:\/\/www.eldigitaldeasturias.com\/noticias\/el-alto-comisionado-para-los-derechos-humanos-critica-duramente-a-israel\/\" \/>\n\t<meta name=\"generator\" content=\"All in One SEO Pro (AIOSEO) 5.0.1\" \/>\n\t\t<meta property=\"og:locale\" content=\"es_ES\" \/>\n\t\t<meta property=\"og:site_name\" content=\"El Digital de Asturias\" \/>\n\t\t<meta property=\"og:type\" content=\"article\" \/>\n\t\t<meta property=\"og:title\" content=\"El Alto comisionado para los Derechos Humanos critica duramente a Israel - El Digital de Asturias\" \/>\n\t\t<meta property=\"og:description\" content=\"Ginebra, 27 abr (dpa) - La Oficina del Alto Comisionado para los Derechos Humanos en Ginebra acus\u00f3 hoy a Israel de hacer un uso desproporcionado de la violencia en las protestas de palestinos en la frontera de la Franja de Gaza. En las \u00faltimas cuatro semanas han perdido la vida 45 palestinos y m\u00e1s de\" \/>\n\t\t<meta property=\"og:url\" content=\"https:\/\/www.eldigitaldeasturias.com\/noticias\/el-alto-comisionado-para-los-derechos-humanos-critica-duramente-a-israel\/\" \/>\n\t\t<meta property=\"article:tag\" content=\"actualidad\" \/>\n\t\t<meta property=\"article:published_time\" content=\"2018-04-28T01:42:51+00:00\" \/>\n\t\t<meta property=\"article:modified_time\" content=\"2018-04-28T01:42:51+00:00\" \/>\n\t\t<meta property=\"article:publisher\" content=\"https:\/\/facebook.com\/eldigitaldeasturias\" \/>\n\t\t<meta name=\"twitter:card\" content=\"summary_large_image\" \/>\n\t\t<meta name=\"twitter:title\" content=\"El Alto comisionado para los Derechos Humanos critica duramente a Israel - El Digital de Asturias\" \/>\n\t\t<meta name=\"twitter:description\" content=\"Ginebra, 27 abr (dpa) - La Oficina del Alto Comisionado para los Derechos Humanos en Ginebra acus\u00f3 hoy a Israel de hacer un uso desproporcionado de la violencia en las protestas de palestinos en la frontera de la Franja de Gaza. En las \u00faltimas cuatro semanas han perdido la vida 45 palestinos y m\u00e1s de\" \/>\n\t\t<meta name=\"twitter:image\" content=\"https:\/\/www.eldigitaldeasturias.com\/noticias\/wp-content\/uploads\/2020\/12\/EDA-1.jpg\" \/>\n\t\t<meta name=\"twitter:label1\" content=\"Escrito por\" \/>\n\t\t<meta name=\"twitter:data1\" content=\"El Digital de Asturias\" \/>\n\t\t<meta name=\"twitter:label2\" content=\"Tiempo de lectura estimado\" \/>\n\t\t<meta name=\"twitter:data2\" content=\"3 minutos\" \/>\n\t\t<script type=\"application\/ld+json\" class=\"aioseo-schema\">\n\t\t\t{\"@context\":\"https:\\\/\\\/schema.org\",\"@graph\":[{\"@type\":\"BlogPosting\",\"@id\":\"https:\\\/\\\/www.eldigitaldeasturias.com\\\/noticias\\\/el-alto-comisionado-para-los-derechos-humanos-critica-duramente-a-israel\\\/#blogposting\",\"name\":\"El Alto comisionado para los Derechos Humanos critica duramente a Israel - El Digital de Asturias\",\"headline\":\"El Alto comisionado para los Derechos Humanos critica duramente a Israel\",\"author\":{\"@id\":\"https:\\\/\\\/www.eldigitaldeasturias.com\\\/noticias\\\/author\\\/admin\\\/#author\"},\"publisher\":{\"@id\":\"https:\\\/\\\/www.eldigitaldeasturias.com\\\/noticias\\\/#organization\"},\"image\":{\"@type\":\"ImageObject\",\"url\":974234},\"datePublished\":\"2018-04-28T01:42:51+02:00\",\"dateModified\":\"2018-04-28T01:42:51+02:00\",\"inLanguage\":\"es-ES\",\"mainEntityOfPage\":{\"@id\":\"https:\\\/\\\/www.eldigitaldeasturias.com\\\/noticias\\\/el-alto-comisionado-para-los-derechos-humanos-critica-duramente-a-israel\\\/#webpage\"},\"isPartOf\":{\"@id\":\"https:\\\/\\\/www.eldigitaldeasturias.com\\\/noticias\\\/el-alto-comisionado-para-los-derechos-humanos-critica-duramente-a-israel\\\/#webpage\"},\"articleSection\":\"Actualidad\"},{\"@type\":\"BreadcrumbList\",\"@id\":\"https:\\\/\\\/www.eldigitaldeasturias.com\\\/noticias\\\/el-alto-comisionado-para-los-derechos-humanos-critica-duramente-a-israel\\\/#breadcrumblist\",\"itemListElement\":[{\"@type\":\"ListItem\",\"@id\":\"https:\\\/\\\/www.eldigitaldeasturias.com\\\/noticias#listItem\",\"position\":1,\"name\":\"Home\",\"item\":\"https:\\\/\\\/www.eldigitaldeasturias.com\\\/noticias\",\"nextItem\":{\"@type\":\"ListItem\",\"@id\":\"https:\\\/\\\/www.eldigitaldeasturias.com\\\/noticias\\\/category\\\/actualidad\\\/#listItem\",\"name\":\"Actualidad\"}},{\"@type\":\"ListItem\",\"@id\":\"https:\\\/\\\/www.eldigitaldeasturias.com\\\/noticias\\\/category\\\/actualidad\\\/#listItem\",\"position\":2,\"name\":\"Actualidad\",\"item\":\"https:\\\/\\\/www.eldigitaldeasturias.com\\\/noticias\\\/category\\\/actualidad\\\/\",\"nextItem\":{\"@type\":\"ListItem\",\"@id\":\"https:\\\/\\\/www.eldigitaldeasturias.com\\\/noticias\\\/el-alto-comisionado-para-los-derechos-humanos-critica-duramente-a-israel\\\/#listItem\",\"name\":\"El Alto comisionado para los Derechos Humanos critica duramente a Israel\"},\"previousItem\":{\"@type\":\"ListItem\",\"@id\":\"https:\\\/\\\/www.eldigitaldeasturias.com\\\/noticias#listItem\",\"name\":\"Home\"}},{\"@type\":\"ListItem\",\"@id\":\"https:\\\/\\\/www.eldigitaldeasturias.com\\\/noticias\\\/el-alto-comisionado-para-los-derechos-humanos-critica-duramente-a-israel\\\/#listItem\",\"position\":3,\"name\":\"El Alto comisionado para los Derechos Humanos critica duramente a Israel\",\"previousItem\":{\"@type\":\"ListItem\",\"@id\":\"https:\\\/\\\/www.eldigitaldeasturias.com\\\/noticias\\\/category\\\/actualidad\\\/#listItem\",\"name\":\"Actualidad\"}}]},{\"@type\":\"Organization\",\"@id\":\"https:\\\/\\\/www.eldigitaldeasturias.com\\\/noticias\\\/#organization\",\"name\":\"El Digital de Asturias\",\"description\":\"Hemeroteca\",\"url\":\"https:\\\/\\\/www.eldigitaldeasturias.com\\\/noticias\\\/\",\"email\":\"info@eldigitaldeasturias.com\",\"telephone\":\"+34652131393\",\"logo\":{\"@type\":\"ImageObject\",\"url\":\"https:\\\/\\\/www.eldigitaldeasturias.com\\\/noticias\\\/wp-content\\\/uploads\\\/2020\\\/12\\\/EDA.jpg\",\"@id\":\"https:\\\/\\\/www.eldigitaldeasturias.com\\\/noticias\\\/el-alto-comisionado-para-los-derechos-humanos-critica-duramente-a-israel\\\/#organizationLogo\"},\"image\":{\"@id\":\"https:\\\/\\\/www.eldigitaldeasturias.com\\\/noticias\\\/el-alto-comisionado-para-los-derechos-humanos-critica-duramente-a-israel\\\/#organizationLogo\"},\"sameAs\":[\"https:\\\/\\\/facebook.com\\\/eldigitaldeasturias\",\"https:\\\/\\\/www.youtube.com\\\/channel\\\/UCZP-2wLEB9Rv6erhFmqVnvg\"],\"address\":{\"@id\":\"https:\\\/\\\/www.eldigitaldeasturias.com\\\/noticias\\\/#postaladdress\",\"@type\":\"PostalAddress\",\"streetAddress\":\"san antonio 4\",\"postalCode\":\"33430\",\"addressLocality\":\"Cand\\u00e1s\",\"addressRegion\":\"Asturias\",\"addressCountry\":\"ES\"}},{\"@type\":\"Person\",\"@id\":\"https:\\\/\\\/www.eldigitaldeasturias.com\\\/noticias\\\/author\\\/admin\\\/#author\",\"url\":\"https:\\\/\\\/www.eldigitaldeasturias.com\\\/noticias\\\/author\\\/admin\\\/\",\"name\":\"El Digital de Asturias\",\"image\":{\"@type\":\"ImageObject\",\"@id\":\"https:\\\/\\\/www.eldigitaldeasturias.com\\\/noticias\\\/el-alto-comisionado-para-los-derechos-humanos-critica-duramente-a-israel\\\/#authorImage\",\"url\":\"https:\\\/\\\/secure.gravatar.com\\\/avatar\\\/df2aeffc32bcd13f8d26072ef8a91b623d677766deac7f97ca815868cd41bf5e?s=96&d=mm&r=g\",\"width\":96,\"height\":96,\"caption\":\"El Digital de Asturias\"}},{\"@type\":\"WebPage\",\"@id\":\"https:\\\/\\\/www.eldigitaldeasturias.com\\\/noticias\\\/el-alto-comisionado-para-los-derechos-humanos-critica-duramente-a-israel\\\/#webpage\",\"url\":\"https:\\\/\\\/www.eldigitaldeasturias.com\\\/noticias\\\/el-alto-comisionado-para-los-derechos-humanos-critica-duramente-a-israel\\\/\",\"name\":\"El Alto comisionado para los Derechos Humanos critica duramente a Israel - El Digital de Asturias\",\"description\":\"Ginebra, 27 abr (dpa) - La Oficina del Alto Comisionado para los Derechos Humanos en Ginebra acus\\u00f3 hoy a Israel de hacer un uso desproporcionado de la violencia en las protestas de palestinos en la frontera de la Franja de Gaza. En las \\u00faltimas cuatro semanas han perdido la vida 45 palestinos y m\\u00e1s de\",\"inLanguage\":\"es-ES\",\"isPartOf\":{\"@id\":\"https:\\\/\\\/www.eldigitaldeasturias.com\\\/noticias\\\/#website\"},\"breadcrumb\":{\"@id\":\"https:\\\/\\\/www.eldigitaldeasturias.com\\\/noticias\\\/el-alto-comisionado-para-los-derechos-humanos-critica-duramente-a-israel\\\/#breadcrumblist\"},\"author\":{\"@id\":\"https:\\\/\\\/www.eldigitaldeasturias.com\\\/noticias\\\/author\\\/admin\\\/#author\"},\"creator\":{\"@id\":\"https:\\\/\\\/www.eldigitaldeasturias.com\\\/noticias\\\/author\\\/admin\\\/#author\"},\"image\":{\"@type\":\"ImageObject\",\"url\":974234,\"@id\":\"https:\\\/\\\/www.eldigitaldeasturias.com\\\/noticias\\\/el-alto-comisionado-para-los-derechos-humanos-critica-duramente-a-israel\\\/#mainImage\"},\"primaryImageOfPage\":{\"@id\":\"https:\\\/\\\/www.eldigitaldeasturias.com\\\/noticias\\\/el-alto-comisionado-para-los-derechos-humanos-critica-duramente-a-israel\\\/#mainImage\"},\"datePublished\":\"2018-04-28T01:42:51+02:00\",\"dateModified\":\"2018-04-28T01:42:51+02:00\"},{\"@type\":\"WebSite\",\"@id\":\"https:\\\/\\\/www.eldigitaldeasturias.com\\\/noticias\\\/#website\",\"url\":\"https:\\\/\\\/www.eldigitaldeasturias.com\\\/noticias\\\/\",\"name\":\"El Digital de Asturias - Diario de actualidad y noticias\",\"alternateName\":\"El Digital de Asturias - Diario de actualidad y noticias\",\"description\":\"Hemeroteca\",\"inLanguage\":\"es-ES\",\"publisher\":{\"@id\":\"https:\\\/\\\/www.eldigitaldeasturias.com\\\/noticias\\\/#organization\"}}]}\n\t\t<\/script>\n\t\t<!-- All in One SEO Pro -->\r\n\t\t<title>El Alto comisionado para los Derechos Humanos critica duramente a Israel - El Digital de Asturias<\/title>\n\n","aioseo_head_json":{"title":"El Alto comisionado para los Derechos Humanos critica duramente a Israel - El Digital de Asturias","description":"Ginebra, 27 abr (dpa) - La Oficina del Alto Comisionado para los Derechos Humanos en Ginebra acus\u00f3 hoy a Israel de hacer un uso desproporcionado de la violencia en las protestas de palestinos en la frontera de la Franja de Gaza. En las \u00faltimas cuatro semanas han perdido la vida 45 palestinos y m\u00e1s de","canonical_url":"https:\/\/www.eldigitaldeasturias.com\/noticias\/el-alto-comisionado-para-los-derechos-humanos-critica-duramente-a-israel\/","robots":"max-image-preview:large","keywords":"actualidad","webmasterTools":{"google-site-verification":"UA-38556648-1","msvalidate.01":"7dfe9f3f1b24437ab69f4f2559babe99","miscellaneous":""},"schema":{"@context":"https:\/\/schema.org","@graph":[{"@type":"BlogPosting","@id":"https:\/\/www.eldigitaldeasturias.com\/noticias\/el-alto-comisionado-para-los-derechos-humanos-critica-duramente-a-israel\/#blogposting","name":"El Alto comisionado para los Derechos Humanos critica duramente a Israel - El Digital de Asturias","headline":"El Alto comisionado para los Derechos Humanos critica duramente a Israel","author":{"@id":"https:\/\/www.eldigitaldeasturias.com\/noticias\/author\/admin\/#author"},"publisher":{"@id":"https:\/\/www.eldigitaldeasturias.com\/noticias\/#organization"},"image":{"@type":"ImageObject","url":974234},"datePublished":"2018-04-28T01:42:51+02:00","dateModified":"2018-04-28T01:42:51+02:00","inLanguage":"es-ES","mainEntityOfPage":{"@id":"https:\/\/www.eldigitaldeasturias.com\/noticias\/el-alto-comisionado-para-los-derechos-humanos-critica-duramente-a-israel\/#webpage"},"isPartOf":{"@id":"https:\/\/www.eldigitaldeasturias.com\/noticias\/el-alto-comisionado-para-los-derechos-humanos-critica-duramente-a-israel\/#webpage"},"articleSection":"Actualidad"},{"@type":"BreadcrumbList","@id":"https:\/\/www.eldigitaldeasturias.com\/noticias\/el-alto-comisionado-para-los-derechos-humanos-critica-duramente-a-israel\/#breadcrumblist","itemListElement":[{"@type":"ListItem","@id":"https:\/\/www.eldigitaldeasturias.com\/noticias#listItem","position":1,"name":"Home","item":"https:\/\/www.eldigitaldeasturias.com\/noticias","nextItem":{"@type":"ListItem","@id":"https:\/\/www.eldigitaldeasturias.com\/noticias\/category\/actualidad\/#listItem","name":"Actualidad"}},{"@type":"ListItem","@id":"https:\/\/www.eldigitaldeasturias.com\/noticias\/category\/actualidad\/#listItem","position":2,"name":"Actualidad","item":"https:\/\/www.eldigitaldeasturias.com\/noticias\/category\/actualidad\/","nextItem":{"@type":"ListItem","@id":"https:\/\/www.eldigitaldeasturias.com\/noticias\/el-alto-comisionado-para-los-derechos-humanos-critica-duramente-a-israel\/#listItem","name":"El Alto comisionado para los Derechos Humanos critica duramente a Israel"},"previousItem":{"@type":"ListItem","@id":"https:\/\/www.eldigitaldeasturias.com\/noticias#listItem","name":"Home"}},{"@type":"ListItem","@id":"https:\/\/www.eldigitaldeasturias.com\/noticias\/el-alto-comisionado-para-los-derechos-humanos-critica-duramente-a-israel\/#listItem","position":3,"name":"El Alto comisionado para los Derechos Humanos critica duramente a Israel","previousItem":{"@type":"ListItem","@id":"https:\/\/www.eldigitaldeasturias.com\/noticias\/category\/actualidad\/#listItem","name":"Actualidad"}}]},{"@type":"Organization","@id":"https:\/\/www.eldigitaldeasturias.com\/noticias\/#organization","name":"El Digital de Asturias","description":"Hemeroteca","url":"https:\/\/www.eldigitaldeasturias.com\/noticias\/","email":"info@eldigitaldeasturias.com","telephone":"+34652131393","logo":{"@type":"ImageObject","url":"https:\/\/www.eldigitaldeasturias.com\/noticias\/wp-content\/uploads\/2020\/12\/EDA.jpg","@id":"https:\/\/www.eldigitaldeasturias.com\/noticias\/el-alto-comisionado-para-los-derechos-humanos-critica-duramente-a-israel\/#organizationLogo"},"image":{"@id":"https:\/\/www.eldigitaldeasturias.com\/noticias\/el-alto-comisionado-para-los-derechos-humanos-critica-duramente-a-israel\/#organizationLogo"},"sameAs":["https:\/\/facebook.com\/eldigitaldeasturias","https:\/\/www.youtube.com\/channel\/UCZP-2wLEB9Rv6erhFmqVnvg"],"address":{"@id":"https:\/\/www.eldigitaldeasturias.com\/noticias\/#postaladdress","@type":"PostalAddress","streetAddress":"san antonio 4","postalCode":"33430","addressLocality":"Cand\u00e1s","addressRegion":"Asturias","addressCountry":"ES"}},{"@type":"Person","@id":"https:\/\/www.eldigitaldeasturias.com\/noticias\/author\/admin\/#author","url":"https:\/\/www.eldigitaldeasturias.com\/noticias\/author\/admin\/","name":"El Digital de Asturias","image":{"@type":"ImageObject","@id":"https:\/\/www.eldigitaldeasturias.com\/noticias\/el-alto-comisionado-para-los-derechos-humanos-critica-duramente-a-israel\/#authorImage","url":"https:\/\/secure.gravatar.com\/avatar\/df2aeffc32bcd13f8d26072ef8a91b623d677766deac7f97ca815868cd41bf5e?s=96&d=mm&r=g","width":96,"height":96,"caption":"El Digital de Asturias"}},{"@type":"WebPage","@id":"https:\/\/www.eldigitaldeasturias.com\/noticias\/el-alto-comisionado-para-los-derechos-humanos-critica-duramente-a-israel\/#webpage","url":"https:\/\/www.eldigitaldeasturias.com\/noticias\/el-alto-comisionado-para-los-derechos-humanos-critica-duramente-a-israel\/","name":"El Alto comisionado para los Derechos Humanos critica duramente a Israel - El Digital de Asturias","description":"Ginebra, 27 abr (dpa) - La Oficina del Alto Comisionado para los Derechos Humanos en Ginebra acus\u00f3 hoy a Israel de hacer un uso desproporcionado de la violencia en las protestas de palestinos en la frontera de la Franja de Gaza. En las \u00faltimas cuatro semanas han perdido la vida 45 palestinos y m\u00e1s de","inLanguage":"es-ES","isPartOf":{"@id":"https:\/\/www.eldigitaldeasturias.com\/noticias\/#website"},"breadcrumb":{"@id":"https:\/\/www.eldigitaldeasturias.com\/noticias\/el-alto-comisionado-para-los-derechos-humanos-critica-duramente-a-israel\/#breadcrumblist"},"author":{"@id":"https:\/\/www.eldigitaldeasturias.com\/noticias\/author\/admin\/#author"},"creator":{"@id":"https:\/\/www.eldigitaldeasturias.com\/noticias\/author\/admin\/#author"},"image":{"@type":"ImageObject","url":974234,"@id":"https:\/\/www.eldigitaldeasturias.com\/noticias\/el-alto-comisionado-para-los-derechos-humanos-critica-duramente-a-israel\/#mainImage"},"primaryImageOfPage":{"@id":"https:\/\/www.eldigitaldeasturias.com\/noticias\/el-alto-comisionado-para-los-derechos-humanos-critica-duramente-a-israel\/#mainImage"},"datePublished":"2018-04-28T01:42:51+02:00","dateModified":"2018-04-28T01:42:51+02:00"},{"@type":"WebSite","@id":"https:\/\/www.eldigitaldeasturias.com\/noticias\/#website","url":"https:\/\/www.eldigitaldeasturias.com\/noticias\/","name":"El Digital de Asturias - Diario de actualidad y noticias","alternateName":"El Digital de Asturias - Diario de actualidad y noticias","description":"Hemeroteca","inLanguage":"es-ES","publisher":{"@id":"https:\/\/www.eldigitaldeasturias.com\/noticias\/#organization"}}]},"og:locale":"es_ES","og:site_name":"El Digital de Asturias","og:type":"article","og:title":"El Alto comisionado para los Derechos Humanos critica duramente a Israel - El Digital de Asturias","og:description":"Ginebra, 27 abr (dpa) - La Oficina del Alto Comisionado para los Derechos Humanos en Ginebra acus\u00f3 hoy a Israel de hacer un uso desproporcionado de la violencia en las protestas de palestinos en la frontera de la Franja de Gaza. En las \u00faltimas cuatro semanas han perdido la vida 45 palestinos y m\u00e1s de","og:url":"https:\/\/www.eldigitaldeasturias.com\/noticias\/el-alto-comisionado-para-los-derechos-humanos-critica-duramente-a-israel\/","article:tag":["actualidad"],"article:published_time":"2018-04-28T01:42:51+00:00","article:modified_time":"2018-04-28T01:42:51+00:00","article:publisher":"https:\/\/facebook.com\/eldigitaldeasturias","twitter:card":"summary_large_image","twitter:title":"El Alto comisionado para los Derechos Humanos critica duramente a Israel - El Digital de Asturias","twitter:description":"Ginebra, 27 abr (dpa) - La Oficina del Alto Comisionado para los Derechos Humanos en Ginebra acus\u00f3 hoy a Israel de hacer un uso desproporcionado de la violencia en las protestas de palestinos en la frontera de la Franja de Gaza. En las \u00faltimas cuatro semanas han perdido la vida 45 palestinos y m\u00e1s de","twitter:image":"https:\/\/www.eldigitaldeasturias.com\/noticias\/wp-content\/uploads\/2020\/12\/EDA-1.jpg","twitter:label1":"Escrito por","twitter:data1":"El Digital de Asturias","twitter:label2":"Tiempo de lectura estimado","twitter:data2":"3 minutos"},"aioseo_meta_data":{"post_id":"977950","title":null,"description":null,"keywords":null,"keyphrases":null,"primary_term":null,"canonical_url":null,"og_title":null,"og_description":null,"og_object_type":"default","og_image_type":"default","og_image_url":null,"og_image_width":null,"og_image_height":null,"og_image_custom_url":null,"og_image_custom_fields":null,"og_video":null,"og_custom_url":null,"og_article_section":null,"og_article_tags":null,"twitter_use_og":false,"twitter_card":"default","twitter_image_type":"default","twitter_image_url":null,"twitter_image_custom_url":null,"twitter_image_custom_fields":null,"twitter_title":null,"twitter_description":null,"schema":{"blockGraphs":[],"customGraphs":[],"default":{"data":{"Article":[],"Course":[],"Dataset":[],"FAQPage":[],"Movie":[],"Person":[],"Product":[],"ProductReview":[],"Car":[],"Recipe":[],"Service":[],"SoftwareApplication":[],"WebPage":[]},"graphName":"","isEnabled":true},"graphs":[],"defaultGraph":"","defaultPostTypeGraph":""},"schema_type":null,"schema_type_options":null,"pillar_content":false,"robots_default":true,"robots_noindex":false,"robots_noarchive":false,"robots_nosnippet":false,"robots_nofollow":false,"robots_noimageindex":false,"robots_noodp":false,"robots_notranslate":false,"robots_max_snippet":null,"robots_max_videopreview":null,"robots_max_imagepreview":"large","priority":null,"frequency":null,"local_seo":null,"seo_analyzer_scan_date":"2025-10-08 09:08:06","breadcrumb_settings":null,"limit_modified_date":false,"open_ai":null,"ai":null,"created":"2020-12-21 12:03:40","updated":"2025-10-08 09:08:06","focus_keyword":null,"additional_keywords":null,"truseo_locale":null},"aioseo_breadcrumb":"<div class=\"aioseo-breadcrumbs\"><span class=\"aioseo-breadcrumb\">\n\t<a href=\"https:\/\/www.eldigitaldeasturias.com\/noticias\" title=\"Home\">Home<\/a>\n<\/span><span class=\"aioseo-breadcrumb-separator\">\u2013<\/span><span class=\"aioseo-breadcrumb\">\n\t<a href=\"https:\/\/www.eldigitaldeasturias.com\/noticias\/category\/actualidad\/\" title=\"Actualidad\">Actualidad<\/a>\n<\/span><span class=\"aioseo-breadcrumb-separator\">\u2013<\/span><span class=\"aioseo-breadcrumb\">\n\t<a href=\"https:\/\/www.eldigitaldeasturias.com\/noticias\/el-alto-comisionado-para-los-derechos-humanos-critica-duramente-a-israel\/\" title=\"El Alto comisionado para los Derechos Humanos critica duramente a Israel\">El Alto comisionado para los Derechos Humanos critica duramente a Israel<\/a>\n<\/span><\/div>","aioseo_breadcrumb_json":[{"label":"Home","link":"https:\/\/www.eldigitaldeasturias.com\/noticias"},{"label":"Actualidad","link":"https:\/\/www.eldigitaldeasturias.com\/noticias\/category\/actualidad\/"},{"label":"El Alto comisionado para los Derechos Humanos critica duramente a Israel","link":"https:\/\/www.eldigitaldeasturias.com\/noticias\/el-alto-comisionado-para-los-derechos-humanos-critica-duramente-a-israel\/"}],"_links":{"self":[{"href":"https:\/\/www.eldigitaldeasturias.com\/noticias\/wp-json\/wp\/v2\/posts\/977950","targetHints":{"allow":["GET"]}}],"collection":[{"href":"https:\/\/www.eldigitaldeasturias.com\/noticias\/wp-json\/wp\/v2\/posts"}],"about":[{"href":"https:\/\/www.eldigitaldeasturias.com\/noticias\/wp-json\/wp\/v2\/types\/post"}],"author":[{"embeddable":true,"href":"https:\/\/www.eldigitaldeasturias.com\/noticias\/wp-json\/wp\/v2\/users\/1"}],"replies":[{"embeddable":true,"href":"https:\/\/www.eldigitaldeasturias.com\/noticias\/wp-json\/wp\/v2\/comments?post=977950"}],"version-history":[{"count":0,"href":"https:\/\/www.eldigitaldeasturias.com\/noticias\/wp-json\/wp\/v2\/posts\/977950\/revisions"}],"wp:attachment":[{"href":"https:\/\/www.eldigitaldeasturias.com\/noticias\/wp-json\/wp\/v2\/media?parent=977950"}],"wp:term":[{"taxonomy":"category","embeddable":true,"href":"https:\/\/www.eldigitaldeasturias.com\/noticias\/wp-json\/wp\/v2\/categories?post=977950"},{"taxonomy":"post_tag","embeddable":true,"href":"https:\/\/www.eldigitaldeasturias.com\/noticias\/wp-json\/wp\/v2\/tags?post=977950"}],"curies":[{"name":"wp","href":"https:\/\/api.w.org\/{rel}","templated":true}]}}