{"id":977948,"date":"2018-04-28T01:28:30","date_gmt":"2018-04-28T01:28:30","guid":{"rendered":"http:\/\/www.eldigitaldeasturias.com\/noticias\/?p=977948"},"modified":"2018-04-28T01:28:30","modified_gmt":"2018-04-28T01:28:30","slug":"las-carmelitas-descalzas-de-hondarribia-hermana-yo-si-te-creo","status":"publish","type":"post","link":"https:\/\/www.eldigitaldeasturias.com\/noticias\/las-carmelitas-descalzas-de-hondarribia-hermana-yo-si-te-creo\/","title":{"rendered":"Las Carmelitas Descalzas de Hondarribia: \u00abHermana, yo s\u00ed te creo\u00bb"},"content":{"rendered":"<p><img loading=\"lazy\" decoding=\"async\" class=\"alignleft size-medium wp-image-977794\" src=\"https:\/\/www.eldigitaldeasturias.com\/noticias\/wp-content\/uploads\/2018\/04\/manifestacion-manada-360x188.jpg\" alt=\"\" width=\"360\" height=\"188\" \/>Madrid, 27 abr (dpa) &#8211; La condena m\u00e1s leve de lo esperado a cinco acusados de una violaci\u00f3n grupal en Espa\u00f1a gener\u00f3 cr\u00edticas de medios y personalidades, pero tambi\u00e9n una opini\u00f3n muy compartida desde un entorno bien diferente: una peque\u00f1a comunidad de monjas de clausura.<\/p>\n<p>Las hermanas Carmelitas Descalzas de Hondarribia, en el norte de Espa\u00f1a, publicaron un mensaje en Facebook en el que aluden a sus estrictas normas de vida para mostrar su apoyo a la denunciante, una chica que ten\u00eda 18 a\u00f1os en el momento de los hechos.<\/p>\n<p>\u00abVivimos en clausura, llevamos un h\u00e1bito casi hasta los tobillos, no salimos de noche (m\u00e1s que a Urgencias), no vamos a fiestas, no ingerimos alcohol y hemos hecho voto de castidad\u00bb, se\u00f1ala el mensaje. \u00abEs una opci\u00f3n que no nos hace mejores ni peores que nadie, aunque parad\u00f3jicamente nos haga m\u00e1s libres y felices que a muchos\u00bb.<\/p>\n<p>\u00abY porque es una opci\u00f3n libre, defenderemos con todos los medios a nuestro alcance (este es uno) el derecho de todas las mujeres a hacer libremente lo contrario sin que sean juzgadas, violadas, amedrentadas, asesinadas o humilladas por ello\u00bb, a\u00f1ade el texto redactado por Patricia, administradora del grupo de la comunidad.<\/p>\n<p>El mensaje, compartido m\u00e1s de 2.000 veces en la red social, concluye en may\u00fasculas repitiendo el lema coreado por decenas de miles de personas en protestas de toda Espa\u00f1a en direcci\u00f3n a la joven v\u00edctima: \u00abHermana, yo s\u00ed te creo\u00bb.<\/p>\n<p>Los agresores, conocidos como \u00abLa Manada\u00bb por el nombre de un grupo de WhatsApp que compart\u00edan, conocieron a la chica en las populares fiestas taurinas de Sanfermines en 2016. Entrada la noche, la metieron en un portal y abusaron de ella mientras lo filmaban.<\/p>\n<p>Los jueces vieron probados esos hechos, pero descartaron que se tratara de una violaci\u00f3n al entender que no hubo violencia ni intimidaci\u00f3n -requisitos de este delito- y condenaron a cada acusado solo por abusos a nueve a\u00f1os de c\u00e1rcel.<\/p>\n<p>El juicio y la sentencia indignaron a la opini\u00f3n p\u00fablica espa\u00f1ola en parte por la culpabilizaci\u00f3n de la v\u00edctima y el cuestionamiento de su actuaci\u00f3n antes, durante y despu\u00e9s de los hechos, el punto que ahora criticaron frontalmente las monjas en su mensaje.<\/p>\n","protected":false},"excerpt":{"rendered":"<p>Madrid, 27 abr (dpa) &#8211; La condena m\u00e1s leve de lo esperado a cinco acusados de una violaci\u00f3n grupal en Espa\u00f1a gener\u00f3 cr\u00edticas de medios y personalidades, pero tambi\u00e9n una opini\u00f3n muy compartida desde un entorno bien diferente: una peque\u00f1a comunidad de monjas de clausura. Las hermanas Carmelitas Descalzas de Hondarribia, en el norte de [&hellip;]<\/p>\n","protected":false},"author":1,"featured_media":977794,"comment_status":"closed","ping_status":"closed","sticky":false,"template":"","format":"standard","meta":{"footnotes":""},"categories":[1],"tags":[],"class_list":["post-977948","post","type-post","status-publish","format-standard","has-post-thumbnail","hentry","category-actualidad"],"aioseo_notices":[],"aioseo_head":"\n\t\t<!-- All in One SEO Pro 5.0.1 - aioseo.com -->\n\t<meta name=\"description\" content=\"Madrid, 27 abr (dpa) - La condena m\u00e1s leve de lo esperado a cinco acusados de una violaci\u00f3n grupal en Espa\u00f1a gener\u00f3 cr\u00edticas de medios y personalidades, pero tambi\u00e9n una opini\u00f3n muy compartida desde un entorno bien diferente: una peque\u00f1a comunidad de monjas de clausura. Las hermanas Carmelitas Descalzas de Hondarribia, en el norte de\" \/>\n\t<meta name=\"robots\" content=\"max-image-preview:large\" \/>\n\t<meta name=\"author\" content=\"El Digital de Asturias\"\/>\n\t<meta name=\"google-site-verification\" content=\"UA-38556648-1\" \/>\n\t<meta name=\"msvalidate.01\" content=\"7dfe9f3f1b24437ab69f4f2559babe99\" \/>\n\t<meta name=\"keywords\" content=\"actualidad\" \/>\n\t<link rel=\"canonical\" href=\"https:\/\/www.eldigitaldeasturias.com\/noticias\/las-carmelitas-descalzas-de-hondarribia-hermana-yo-si-te-creo\/\" \/>\n\t<meta name=\"generator\" content=\"All in One SEO Pro (AIOSEO) 5.0.1\" \/>\n\t\t<meta property=\"og:locale\" content=\"es_ES\" \/>\n\t\t<meta property=\"og:site_name\" content=\"El Digital de Asturias\" \/>\n\t\t<meta property=\"og:type\" content=\"article\" \/>\n\t\t<meta property=\"og:title\" content=\"Las Carmelitas Descalzas de Hondarribia: \u00abHermana, yo s\u00ed te creo\u00bb - El Digital de Asturias\" \/>\n\t\t<meta property=\"og:description\" content=\"Madrid, 27 abr (dpa) - La condena m\u00e1s leve de lo esperado a cinco acusados de una violaci\u00f3n grupal en Espa\u00f1a gener\u00f3 cr\u00edticas de medios y personalidades, pero tambi\u00e9n una opini\u00f3n muy compartida desde un entorno bien diferente: una peque\u00f1a comunidad de monjas de clausura. Las hermanas Carmelitas Descalzas de Hondarribia, en el norte de\" \/>\n\t\t<meta property=\"og:url\" content=\"https:\/\/www.eldigitaldeasturias.com\/noticias\/las-carmelitas-descalzas-de-hondarribia-hermana-yo-si-te-creo\/\" \/>\n\t\t<meta property=\"article:tag\" content=\"actualidad\" \/>\n\t\t<meta property=\"article:published_time\" content=\"2018-04-28T01:28:30+00:00\" \/>\n\t\t<meta property=\"article:modified_time\" content=\"2018-04-28T01:28:30+00:00\" \/>\n\t\t<meta property=\"article:publisher\" content=\"https:\/\/facebook.com\/eldigitaldeasturias\" \/>\n\t\t<meta name=\"twitter:card\" content=\"summary_large_image\" \/>\n\t\t<meta name=\"twitter:title\" content=\"Las Carmelitas Descalzas de Hondarribia: \u00abHermana, yo s\u00ed te creo\u00bb - El Digital de Asturias\" \/>\n\t\t<meta name=\"twitter:description\" content=\"Madrid, 27 abr (dpa) - La condena m\u00e1s leve de lo esperado a cinco acusados de una violaci\u00f3n grupal en Espa\u00f1a gener\u00f3 cr\u00edticas de medios y personalidades, pero tambi\u00e9n una opini\u00f3n muy compartida desde un entorno bien diferente: una peque\u00f1a comunidad de monjas de clausura. Las hermanas Carmelitas Descalzas de Hondarribia, en el norte de\" \/>\n\t\t<meta name=\"twitter:image\" content=\"https:\/\/www.eldigitaldeasturias.com\/noticias\/wp-content\/uploads\/2020\/12\/EDA-1.jpg\" \/>\n\t\t<meta name=\"twitter:label1\" content=\"Escrito por\" \/>\n\t\t<meta name=\"twitter:data1\" content=\"El Digital de Asturias\" \/>\n\t\t<meta name=\"twitter:label2\" content=\"Tiempo de lectura estimado\" \/>\n\t\t<meta name=\"twitter:data2\" content=\"2 minutos\" \/>\n\t\t<script type=\"application\/ld+json\" class=\"aioseo-schema\">\n\t\t\t{\"@context\":\"https:\\\/\\\/schema.org\",\"@graph\":[{\"@type\":\"BlogPosting\",\"@id\":\"https:\\\/\\\/www.eldigitaldeasturias.com\\\/noticias\\\/las-carmelitas-descalzas-de-hondarribia-hermana-yo-si-te-creo\\\/#blogposting\",\"name\":\"Las Carmelitas Descalzas de Hondarribia: \\u00abHermana, yo s\\u00ed te creo\\u00bb - El Digital de Asturias\",\"headline\":\"Las Carmelitas Descalzas de Hondarribia: \\u00abHermana, yo s\\u00ed te creo\\u00bb\",\"author\":{\"@id\":\"https:\\\/\\\/www.eldigitaldeasturias.com\\\/noticias\\\/author\\\/admin\\\/#author\"},\"publisher\":{\"@id\":\"https:\\\/\\\/www.eldigitaldeasturias.com\\\/noticias\\\/#organization\"},\"image\":{\"@type\":\"ImageObject\",\"url\":977794},\"datePublished\":\"2018-04-28T01:28:30+02:00\",\"dateModified\":\"2018-04-28T01:28:30+02:00\",\"inLanguage\":\"es-ES\",\"mainEntityOfPage\":{\"@id\":\"https:\\\/\\\/www.eldigitaldeasturias.com\\\/noticias\\\/las-carmelitas-descalzas-de-hondarribia-hermana-yo-si-te-creo\\\/#webpage\"},\"isPartOf\":{\"@id\":\"https:\\\/\\\/www.eldigitaldeasturias.com\\\/noticias\\\/las-carmelitas-descalzas-de-hondarribia-hermana-yo-si-te-creo\\\/#webpage\"},\"articleSection\":\"Actualidad\"},{\"@type\":\"BreadcrumbList\",\"@id\":\"https:\\\/\\\/www.eldigitaldeasturias.com\\\/noticias\\\/las-carmelitas-descalzas-de-hondarribia-hermana-yo-si-te-creo\\\/#breadcrumblist\",\"itemListElement\":[{\"@type\":\"ListItem\",\"@id\":\"https:\\\/\\\/www.eldigitaldeasturias.com\\\/noticias#listItem\",\"position\":1,\"name\":\"Home\",\"item\":\"https:\\\/\\\/www.eldigitaldeasturias.com\\\/noticias\",\"nextItem\":{\"@type\":\"ListItem\",\"@id\":\"https:\\\/\\\/www.eldigitaldeasturias.com\\\/noticias\\\/category\\\/actualidad\\\/#listItem\",\"name\":\"Actualidad\"}},{\"@type\":\"ListItem\",\"@id\":\"https:\\\/\\\/www.eldigitaldeasturias.com\\\/noticias\\\/category\\\/actualidad\\\/#listItem\",\"position\":2,\"name\":\"Actualidad\",\"item\":\"https:\\\/\\\/www.eldigitaldeasturias.com\\\/noticias\\\/category\\\/actualidad\\\/\",\"nextItem\":{\"@type\":\"ListItem\",\"@id\":\"https:\\\/\\\/www.eldigitaldeasturias.com\\\/noticias\\\/las-carmelitas-descalzas-de-hondarribia-hermana-yo-si-te-creo\\\/#listItem\",\"name\":\"Las Carmelitas Descalzas de Hondarribia: \\u00abHermana, yo s\\u00ed te creo\\u00bb\"},\"previousItem\":{\"@type\":\"ListItem\",\"@id\":\"https:\\\/\\\/www.eldigitaldeasturias.com\\\/noticias#listItem\",\"name\":\"Home\"}},{\"@type\":\"ListItem\",\"@id\":\"https:\\\/\\\/www.eldigitaldeasturias.com\\\/noticias\\\/las-carmelitas-descalzas-de-hondarribia-hermana-yo-si-te-creo\\\/#listItem\",\"position\":3,\"name\":\"Las Carmelitas Descalzas de Hondarribia: \\u00abHermana, yo s\\u00ed te creo\\u00bb\",\"previousItem\":{\"@type\":\"ListItem\",\"@id\":\"https:\\\/\\\/www.eldigitaldeasturias.com\\\/noticias\\\/category\\\/actualidad\\\/#listItem\",\"name\":\"Actualidad\"}}]},{\"@type\":\"Organization\",\"@id\":\"https:\\\/\\\/www.eldigitaldeasturias.com\\\/noticias\\\/#organization\",\"name\":\"El Digital de Asturias\",\"description\":\"Hemeroteca\",\"url\":\"https:\\\/\\\/www.eldigitaldeasturias.com\\\/noticias\\\/\",\"email\":\"info@eldigitaldeasturias.com\",\"telephone\":\"+34652131393\",\"logo\":{\"@type\":\"ImageObject\",\"url\":\"https:\\\/\\\/www.eldigitaldeasturias.com\\\/noticias\\\/wp-content\\\/uploads\\\/2020\\\/12\\\/EDA.jpg\",\"@id\":\"https:\\\/\\\/www.eldigitaldeasturias.com\\\/noticias\\\/las-carmelitas-descalzas-de-hondarribia-hermana-yo-si-te-creo\\\/#organizationLogo\"},\"image\":{\"@id\":\"https:\\\/\\\/www.eldigitaldeasturias.com\\\/noticias\\\/las-carmelitas-descalzas-de-hondarribia-hermana-yo-si-te-creo\\\/#organizationLogo\"},\"sameAs\":[\"https:\\\/\\\/facebook.com\\\/eldigitaldeasturias\",\"https:\\\/\\\/www.youtube.com\\\/channel\\\/UCZP-2wLEB9Rv6erhFmqVnvg\"],\"address\":{\"@id\":\"https:\\\/\\\/www.eldigitaldeasturias.com\\\/noticias\\\/#postaladdress\",\"@type\":\"PostalAddress\",\"streetAddress\":\"san antonio 4\",\"postalCode\":\"33430\",\"addressLocality\":\"Cand\\u00e1s\",\"addressRegion\":\"Asturias\",\"addressCountry\":\"ES\"}},{\"@type\":\"Person\",\"@id\":\"https:\\\/\\\/www.eldigitaldeasturias.com\\\/noticias\\\/author\\\/admin\\\/#author\",\"url\":\"https:\\\/\\\/www.eldigitaldeasturias.com\\\/noticias\\\/author\\\/admin\\\/\",\"name\":\"El Digital de Asturias\",\"image\":{\"@type\":\"ImageObject\",\"@id\":\"https:\\\/\\\/www.eldigitaldeasturias.com\\\/noticias\\\/las-carmelitas-descalzas-de-hondarribia-hermana-yo-si-te-creo\\\/#authorImage\",\"url\":\"https:\\\/\\\/secure.gravatar.com\\\/avatar\\\/df2aeffc32bcd13f8d26072ef8a91b623d677766deac7f97ca815868cd41bf5e?s=96&d=mm&r=g\",\"width\":96,\"height\":96,\"caption\":\"El Digital de Asturias\"}},{\"@type\":\"WebPage\",\"@id\":\"https:\\\/\\\/www.eldigitaldeasturias.com\\\/noticias\\\/las-carmelitas-descalzas-de-hondarribia-hermana-yo-si-te-creo\\\/#webpage\",\"url\":\"https:\\\/\\\/www.eldigitaldeasturias.com\\\/noticias\\\/las-carmelitas-descalzas-de-hondarribia-hermana-yo-si-te-creo\\\/\",\"name\":\"Las Carmelitas Descalzas de Hondarribia: \\u00abHermana, yo s\\u00ed te creo\\u00bb - El Digital de Asturias\",\"description\":\"Madrid, 27 abr (dpa) - La condena m\\u00e1s leve de lo esperado a cinco acusados de una violaci\\u00f3n grupal en Espa\\u00f1a gener\\u00f3 cr\\u00edticas de medios y personalidades, pero tambi\\u00e9n una opini\\u00f3n muy compartida desde un entorno bien diferente: una peque\\u00f1a comunidad de monjas de clausura. Las hermanas Carmelitas Descalzas de Hondarribia, en el norte de\",\"inLanguage\":\"es-ES\",\"isPartOf\":{\"@id\":\"https:\\\/\\\/www.eldigitaldeasturias.com\\\/noticias\\\/#website\"},\"breadcrumb\":{\"@id\":\"https:\\\/\\\/www.eldigitaldeasturias.com\\\/noticias\\\/las-carmelitas-descalzas-de-hondarribia-hermana-yo-si-te-creo\\\/#breadcrumblist\"},\"author\":{\"@id\":\"https:\\\/\\\/www.eldigitaldeasturias.com\\\/noticias\\\/author\\\/admin\\\/#author\"},\"creator\":{\"@id\":\"https:\\\/\\\/www.eldigitaldeasturias.com\\\/noticias\\\/author\\\/admin\\\/#author\"},\"image\":{\"@type\":\"ImageObject\",\"url\":977794,\"@id\":\"https:\\\/\\\/www.eldigitaldeasturias.com\\\/noticias\\\/las-carmelitas-descalzas-de-hondarribia-hermana-yo-si-te-creo\\\/#mainImage\"},\"primaryImageOfPage\":{\"@id\":\"https:\\\/\\\/www.eldigitaldeasturias.com\\\/noticias\\\/las-carmelitas-descalzas-de-hondarribia-hermana-yo-si-te-creo\\\/#mainImage\"},\"datePublished\":\"2018-04-28T01:28:30+02:00\",\"dateModified\":\"2018-04-28T01:28:30+02:00\"},{\"@type\":\"WebSite\",\"@id\":\"https:\\\/\\\/www.eldigitaldeasturias.com\\\/noticias\\\/#website\",\"url\":\"https:\\\/\\\/www.eldigitaldeasturias.com\\\/noticias\\\/\",\"name\":\"El Digital de Asturias - Diario de actualidad y noticias\",\"alternateName\":\"El Digital de Asturias - Diario de actualidad y noticias\",\"description\":\"Hemeroteca\",\"inLanguage\":\"es-ES\",\"publisher\":{\"@id\":\"https:\\\/\\\/www.eldigitaldeasturias.com\\\/noticias\\\/#organization\"}}]}\n\t\t<\/script>\n\t\t<!-- All in One SEO Pro -->\r\n\t\t<title>Las Carmelitas Descalzas de Hondarribia: \u00abHermana, yo s\u00ed te creo\u00bb - El Digital de Asturias<\/title>\n\n","aioseo_head_json":{"title":"Las Carmelitas Descalzas de Hondarribia: \u00abHermana, yo s\u00ed te creo\u00bb - El Digital de Asturias","description":"Madrid, 27 abr (dpa) - La condena m\u00e1s leve de lo esperado a cinco acusados de una violaci\u00f3n grupal en Espa\u00f1a gener\u00f3 cr\u00edticas de medios y personalidades, pero tambi\u00e9n una opini\u00f3n muy compartida desde un entorno bien diferente: una peque\u00f1a comunidad de monjas de clausura. Las hermanas Carmelitas Descalzas de Hondarribia, en el norte de","canonical_url":"https:\/\/www.eldigitaldeasturias.com\/noticias\/las-carmelitas-descalzas-de-hondarribia-hermana-yo-si-te-creo\/","robots":"max-image-preview:large","keywords":"actualidad","webmasterTools":{"google-site-verification":"UA-38556648-1","msvalidate.01":"7dfe9f3f1b24437ab69f4f2559babe99","miscellaneous":""},"schema":{"@context":"https:\/\/schema.org","@graph":[{"@type":"BlogPosting","@id":"https:\/\/www.eldigitaldeasturias.com\/noticias\/las-carmelitas-descalzas-de-hondarribia-hermana-yo-si-te-creo\/#blogposting","name":"Las Carmelitas Descalzas de Hondarribia: \u00abHermana, yo s\u00ed te creo\u00bb - El Digital de Asturias","headline":"Las Carmelitas Descalzas de Hondarribia: \u00abHermana, yo s\u00ed te creo\u00bb","author":{"@id":"https:\/\/www.eldigitaldeasturias.com\/noticias\/author\/admin\/#author"},"publisher":{"@id":"https:\/\/www.eldigitaldeasturias.com\/noticias\/#organization"},"image":{"@type":"ImageObject","url":977794},"datePublished":"2018-04-28T01:28:30+02:00","dateModified":"2018-04-28T01:28:30+02:00","inLanguage":"es-ES","mainEntityOfPage":{"@id":"https:\/\/www.eldigitaldeasturias.com\/noticias\/las-carmelitas-descalzas-de-hondarribia-hermana-yo-si-te-creo\/#webpage"},"isPartOf":{"@id":"https:\/\/www.eldigitaldeasturias.com\/noticias\/las-carmelitas-descalzas-de-hondarribia-hermana-yo-si-te-creo\/#webpage"},"articleSection":"Actualidad"},{"@type":"BreadcrumbList","@id":"https:\/\/www.eldigitaldeasturias.com\/noticias\/las-carmelitas-descalzas-de-hondarribia-hermana-yo-si-te-creo\/#breadcrumblist","itemListElement":[{"@type":"ListItem","@id":"https:\/\/www.eldigitaldeasturias.com\/noticias#listItem","position":1,"name":"Home","item":"https:\/\/www.eldigitaldeasturias.com\/noticias","nextItem":{"@type":"ListItem","@id":"https:\/\/www.eldigitaldeasturias.com\/noticias\/category\/actualidad\/#listItem","name":"Actualidad"}},{"@type":"ListItem","@id":"https:\/\/www.eldigitaldeasturias.com\/noticias\/category\/actualidad\/#listItem","position":2,"name":"Actualidad","item":"https:\/\/www.eldigitaldeasturias.com\/noticias\/category\/actualidad\/","nextItem":{"@type":"ListItem","@id":"https:\/\/www.eldigitaldeasturias.com\/noticias\/las-carmelitas-descalzas-de-hondarribia-hermana-yo-si-te-creo\/#listItem","name":"Las Carmelitas Descalzas de Hondarribia: \u00abHermana, yo s\u00ed te creo\u00bb"},"previousItem":{"@type":"ListItem","@id":"https:\/\/www.eldigitaldeasturias.com\/noticias#listItem","name":"Home"}},{"@type":"ListItem","@id":"https:\/\/www.eldigitaldeasturias.com\/noticias\/las-carmelitas-descalzas-de-hondarribia-hermana-yo-si-te-creo\/#listItem","position":3,"name":"Las Carmelitas Descalzas de Hondarribia: \u00abHermana, yo s\u00ed te creo\u00bb","previousItem":{"@type":"ListItem","@id":"https:\/\/www.eldigitaldeasturias.com\/noticias\/category\/actualidad\/#listItem","name":"Actualidad"}}]},{"@type":"Organization","@id":"https:\/\/www.eldigitaldeasturias.com\/noticias\/#organization","name":"El Digital de Asturias","description":"Hemeroteca","url":"https:\/\/www.eldigitaldeasturias.com\/noticias\/","email":"info@eldigitaldeasturias.com","telephone":"+34652131393","logo":{"@type":"ImageObject","url":"https:\/\/www.eldigitaldeasturias.com\/noticias\/wp-content\/uploads\/2020\/12\/EDA.jpg","@id":"https:\/\/www.eldigitaldeasturias.com\/noticias\/las-carmelitas-descalzas-de-hondarribia-hermana-yo-si-te-creo\/#organizationLogo"},"image":{"@id":"https:\/\/www.eldigitaldeasturias.com\/noticias\/las-carmelitas-descalzas-de-hondarribia-hermana-yo-si-te-creo\/#organizationLogo"},"sameAs":["https:\/\/facebook.com\/eldigitaldeasturias","https:\/\/www.youtube.com\/channel\/UCZP-2wLEB9Rv6erhFmqVnvg"],"address":{"@id":"https:\/\/www.eldigitaldeasturias.com\/noticias\/#postaladdress","@type":"PostalAddress","streetAddress":"san antonio 4","postalCode":"33430","addressLocality":"Cand\u00e1s","addressRegion":"Asturias","addressCountry":"ES"}},{"@type":"Person","@id":"https:\/\/www.eldigitaldeasturias.com\/noticias\/author\/admin\/#author","url":"https:\/\/www.eldigitaldeasturias.com\/noticias\/author\/admin\/","name":"El Digital de Asturias","image":{"@type":"ImageObject","@id":"https:\/\/www.eldigitaldeasturias.com\/noticias\/las-carmelitas-descalzas-de-hondarribia-hermana-yo-si-te-creo\/#authorImage","url":"https:\/\/secure.gravatar.com\/avatar\/df2aeffc32bcd13f8d26072ef8a91b623d677766deac7f97ca815868cd41bf5e?s=96&d=mm&r=g","width":96,"height":96,"caption":"El Digital de Asturias"}},{"@type":"WebPage","@id":"https:\/\/www.eldigitaldeasturias.com\/noticias\/las-carmelitas-descalzas-de-hondarribia-hermana-yo-si-te-creo\/#webpage","url":"https:\/\/www.eldigitaldeasturias.com\/noticias\/las-carmelitas-descalzas-de-hondarribia-hermana-yo-si-te-creo\/","name":"Las Carmelitas Descalzas de Hondarribia: \u00abHermana, yo s\u00ed te creo\u00bb - El Digital de Asturias","description":"Madrid, 27 abr (dpa) - La condena m\u00e1s leve de lo esperado a cinco acusados de una violaci\u00f3n grupal en Espa\u00f1a gener\u00f3 cr\u00edticas de medios y personalidades, pero tambi\u00e9n una opini\u00f3n muy compartida desde un entorno bien diferente: una peque\u00f1a comunidad de monjas de clausura. Las hermanas Carmelitas Descalzas de Hondarribia, en el norte de","inLanguage":"es-ES","isPartOf":{"@id":"https:\/\/www.eldigitaldeasturias.com\/noticias\/#website"},"breadcrumb":{"@id":"https:\/\/www.eldigitaldeasturias.com\/noticias\/las-carmelitas-descalzas-de-hondarribia-hermana-yo-si-te-creo\/#breadcrumblist"},"author":{"@id":"https:\/\/www.eldigitaldeasturias.com\/noticias\/author\/admin\/#author"},"creator":{"@id":"https:\/\/www.eldigitaldeasturias.com\/noticias\/author\/admin\/#author"},"image":{"@type":"ImageObject","url":977794,"@id":"https:\/\/www.eldigitaldeasturias.com\/noticias\/las-carmelitas-descalzas-de-hondarribia-hermana-yo-si-te-creo\/#mainImage"},"primaryImageOfPage":{"@id":"https:\/\/www.eldigitaldeasturias.com\/noticias\/las-carmelitas-descalzas-de-hondarribia-hermana-yo-si-te-creo\/#mainImage"},"datePublished":"2018-04-28T01:28:30+02:00","dateModified":"2018-04-28T01:28:30+02:00"},{"@type":"WebSite","@id":"https:\/\/www.eldigitaldeasturias.com\/noticias\/#website","url":"https:\/\/www.eldigitaldeasturias.com\/noticias\/","name":"El Digital de Asturias - Diario de actualidad y noticias","alternateName":"El Digital de Asturias - Diario de actualidad y noticias","description":"Hemeroteca","inLanguage":"es-ES","publisher":{"@id":"https:\/\/www.eldigitaldeasturias.com\/noticias\/#organization"}}]},"og:locale":"es_ES","og:site_name":"El Digital de Asturias","og:type":"article","og:title":"Las Carmelitas Descalzas de Hondarribia: \u00abHermana, yo s\u00ed te creo\u00bb - El Digital de Asturias","og:description":"Madrid, 27 abr (dpa) - La condena m\u00e1s leve de lo esperado a cinco acusados de una violaci\u00f3n grupal en Espa\u00f1a gener\u00f3 cr\u00edticas de medios y personalidades, pero tambi\u00e9n una opini\u00f3n muy compartida desde un entorno bien diferente: una peque\u00f1a comunidad de monjas de clausura. Las hermanas Carmelitas Descalzas de Hondarribia, en el norte de","og:url":"https:\/\/www.eldigitaldeasturias.com\/noticias\/las-carmelitas-descalzas-de-hondarribia-hermana-yo-si-te-creo\/","article:tag":["actualidad"],"article:published_time":"2018-04-28T01:28:30+00:00","article:modified_time":"2018-04-28T01:28:30+00:00","article:publisher":"https:\/\/facebook.com\/eldigitaldeasturias","twitter:card":"summary_large_image","twitter:title":"Las Carmelitas Descalzas de Hondarribia: \u00abHermana, yo s\u00ed te creo\u00bb - El Digital de Asturias","twitter:description":"Madrid, 27 abr (dpa) - La condena m\u00e1s leve de lo esperado a cinco acusados de una violaci\u00f3n grupal en Espa\u00f1a gener\u00f3 cr\u00edticas de medios y personalidades, pero tambi\u00e9n una opini\u00f3n muy compartida desde un entorno bien diferente: una peque\u00f1a comunidad de monjas de clausura. Las hermanas Carmelitas Descalzas de Hondarribia, en el norte de","twitter:image":"https:\/\/www.eldigitaldeasturias.com\/noticias\/wp-content\/uploads\/2020\/12\/EDA-1.jpg","twitter:label1":"Escrito por","twitter:data1":"El Digital de Asturias","twitter:label2":"Tiempo de lectura estimado","twitter:data2":"2 minutos"},"aioseo_meta_data":{"post_id":"977948","title":null,"description":null,"keywords":null,"keyphrases":null,"primary_term":null,"canonical_url":null,"og_title":null,"og_description":null,"og_object_type":"default","og_image_type":"default","og_image_url":null,"og_image_width":null,"og_image_height":null,"og_image_custom_url":null,"og_image_custom_fields":null,"og_video":null,"og_custom_url":null,"og_article_section":null,"og_article_tags":null,"twitter_use_og":false,"twitter_card":"default","twitter_image_type":"default","twitter_image_url":null,"twitter_image_custom_url":null,"twitter_image_custom_fields":null,"twitter_title":null,"twitter_description":null,"schema":{"blockGraphs":[],"customGraphs":[],"default":{"data":{"Article":[],"Course":[],"Dataset":[],"FAQPage":[],"Movie":[],"Person":[],"Product":[],"ProductReview":[],"Car":[],"Recipe":[],"Service":[],"SoftwareApplication":[],"WebPage":[]},"graphName":"","isEnabled":true},"graphs":[],"defaultGraph":"","defaultPostTypeGraph":""},"schema_type":null,"schema_type_options":null,"pillar_content":false,"robots_default":true,"robots_noindex":false,"robots_noarchive":false,"robots_nosnippet":false,"robots_nofollow":false,"robots_noimageindex":false,"robots_noodp":false,"robots_notranslate":false,"robots_max_snippet":null,"robots_max_videopreview":null,"robots_max_imagepreview":"large","priority":null,"frequency":null,"local_seo":null,"seo_analyzer_scan_date":"2025-10-08 09:08:05","breadcrumb_settings":null,"limit_modified_date":false,"open_ai":null,"ai":null,"created":"2020-12-21 12:03:40","updated":"2025-10-08 09:08:05","focus_keyword":null,"additional_keywords":null,"truseo_locale":null},"aioseo_breadcrumb":"<div class=\"aioseo-breadcrumbs\"><span class=\"aioseo-breadcrumb\">\n\t<a href=\"https:\/\/www.eldigitaldeasturias.com\/noticias\" title=\"Home\">Home<\/a>\n<\/span><span class=\"aioseo-breadcrumb-separator\">\u2013<\/span><span class=\"aioseo-breadcrumb\">\n\t<a href=\"https:\/\/www.eldigitaldeasturias.com\/noticias\/category\/actualidad\/\" title=\"Actualidad\">Actualidad<\/a>\n<\/span><span class=\"aioseo-breadcrumb-separator\">\u2013<\/span><span class=\"aioseo-breadcrumb\">\n\t<a href=\"https:\/\/www.eldigitaldeasturias.com\/noticias\/las-carmelitas-descalzas-de-hondarribia-hermana-yo-si-te-creo\/\" title=\"Las Carmelitas Descalzas de Hondarribia: \u00abHermana, yo s\u00ed te creo\u00bb\">Las Carmelitas Descalzas de Hondarribia: \u00abHermana, yo s\u00ed te creo\u00bb<\/a>\n<\/span><\/div>","aioseo_breadcrumb_json":[{"label":"Home","link":"https:\/\/www.eldigitaldeasturias.com\/noticias"},{"label":"Actualidad","link":"https:\/\/www.eldigitaldeasturias.com\/noticias\/category\/actualidad\/"},{"label":"Las Carmelitas Descalzas de Hondarribia: \u00abHermana, yo s\u00ed te creo\u00bb","link":"https:\/\/www.eldigitaldeasturias.com\/noticias\/las-carmelitas-descalzas-de-hondarribia-hermana-yo-si-te-creo\/"}],"_links":{"self":[{"href":"https:\/\/www.eldigitaldeasturias.com\/noticias\/wp-json\/wp\/v2\/posts\/977948","targetHints":{"allow":["GET"]}}],"collection":[{"href":"https:\/\/www.eldigitaldeasturias.com\/noticias\/wp-json\/wp\/v2\/posts"}],"about":[{"href":"https:\/\/www.eldigitaldeasturias.com\/noticias\/wp-json\/wp\/v2\/types\/post"}],"author":[{"embeddable":true,"href":"https:\/\/www.eldigitaldeasturias.com\/noticias\/wp-json\/wp\/v2\/users\/1"}],"replies":[{"embeddable":true,"href":"https:\/\/www.eldigitaldeasturias.com\/noticias\/wp-json\/wp\/v2\/comments?post=977948"}],"version-history":[{"count":0,"href":"https:\/\/www.eldigitaldeasturias.com\/noticias\/wp-json\/wp\/v2\/posts\/977948\/revisions"}],"wp:attachment":[{"href":"https:\/\/www.eldigitaldeasturias.com\/noticias\/wp-json\/wp\/v2\/media?parent=977948"}],"wp:term":[{"taxonomy":"category","embeddable":true,"href":"https:\/\/www.eldigitaldeasturias.com\/noticias\/wp-json\/wp\/v2\/categories?post=977948"},{"taxonomy":"post_tag","embeddable":true,"href":"https:\/\/www.eldigitaldeasturias.com\/noticias\/wp-json\/wp\/v2\/tags?post=977948"}],"curies":[{"name":"wp","href":"https:\/\/api.w.org\/{rel}","templated":true}]}}