{"id":977928,"date":"2018-04-28T00:50:28","date_gmt":"2018-04-28T00:50:28","guid":{"rendered":"http:\/\/www.eldigitaldeasturias.com\/noticias\/?p=977928"},"modified":"2018-04-28T00:50:28","modified_gmt":"2018-04-28T00:50:28","slug":"las-protestas-que-estremecen-a-nicaragua","status":"publish","type":"post","link":"https:\/\/www.eldigitaldeasturias.com\/noticias\/las-protestas-que-estremecen-a-nicaragua\/","title":{"rendered":"Las protestas que estremecen a Nicaragua"},"content":{"rendered":"<p><img loading=\"lazy\" decoding=\"async\" class=\"alignleft size-medium wp-image-977212\" src=\"https:\/\/www.eldigitaldeasturias.com\/noticias\/wp-content\/uploads\/2018\/04\/flag-2528952_960_720-360x270.jpg\" alt=\"\" width=\"360\" height=\"270\" \/>Managua, 27 ab (dpa) \u2013 A mediados de abril, un movimiento espont\u00e1neo de estudiantes se lanz\u00f3 a las calles de la capital de Nicaragua para protestar pac\u00edficamente contra una reforma que aumentaba las cuotas al Seguro Social.<\/p>\n<p>La reacci\u00f3n de la Polic\u00eda, criticada de desmedida, y de grupos de choque del Gobierno hizo que las manifestaciones se extendieran a una docena de ciudades del pa\u00eds. Las protestas, consideradas por analistas pol\u00edticos como la mayor rebeli\u00f3n c\u00edvica en los 11 a\u00f1os de Gobierno del presidente Daniel Ortega, han dejados decenas de muertos y heridos, seg\u00fan organizaciones de derechos humanos.<\/p>\n<p>Esta es una cronolog\u00eda de los principales sucesos:<\/p>\n<p>16 abril: El presidente del Instituto Nicarag\u00fcense de Seguridad Social (INSS), Roberto L\u00f3pez, anuncia la aprobaci\u00f3n de una reforma para \u201cgarantizar la sostenibilidad financiera\u201d de la entidad estatal, en riesgo de quiebra por un d\u00e9ficit estimado extraoficialmente en 75 millones de d\u00f3lares. L\u00f3pez aclara que la reforma se aprob\u00f3 sin llegar a un consenso con la empresa privada.<\/p>\n<p>17 abril: El presidente del Consejo Superior de la Empresa Privada (Cosep), Jos\u00e9 Ad\u00e1n Aguerri, rechaza la reforma y advierte que la decisi\u00f3n unilateral del Gobierno \u00abrompe el modelo de di\u00e1logo y consenso\u00bb que los empresarios manten\u00edan con \u00e9ste.<\/p>\n<p>18 abril: Unas 60 personas que hac\u00edan un \u00abplant\u00f3n\u00bb en una zona comercial de Managua en rechazo a la reforma del INSS son atacadas con piedras y tubos de hierro por activistas vestidos con emblemas del Gobierno. Entre los heridos figuran 10 periodistas, varios de los cuales fueron golpeados y despojados de c\u00e1maras y filmadoras. Incidentes similares se registran en las ciudades de Le\u00f3n (occidente) y Matagalpa (norte).<\/p>\n<p>19 abril: La Polic\u00eda disuelve con gases lacrim\u00f3genos y balas de goma una protesta de estudiantes frente a la Universidad Nacional Agraria. Se reportan tres muertos (uno de ellos un agente de polic\u00eda) y la cifra de heridos asciende a 37. Las protestas se extienden a 11 ciudades del pa\u00eds y se suspenden las clases en todos los niveles de la educaci\u00f3n. La vicepresidenta y primera dama, Rosario Murillo, acusa a los universitarios de estar \u201cmanipulados\u201d por \u00abmin\u00fasculos grupos t\u00f3xicos\u00bb.<\/p>\n<p>20 abril: Los hechos violentos en Nicaragua reciben el rechazo mundial. El papa Francisco, Amnist\u00eda Internacional, la oficina de la ONU para los Derechos Humanos y los gobiernos de Alemania, Espa\u00f1a, Estados Unidos, M\u00e9xico y Costa Rica piden detener la violencia. A estos pa\u00edses se les suman Argentina, Brasil, Colombia, Chile, Paraguay y Per\u00fa, que llaman a \u00abtodos los sectores a deponer la confrontaci\u00f3n y cesar los actos de fuerza\u00bb.<\/p>\n<p>Se contabilizan m\u00e1s de 50 heridos en las protestas. El presidente del Cosep urge instalar un di\u00e1logo con el Gobierno para \u201crepartir los costos\u201d de la reforma al INSS y convoca a una \u201cmarcha por la paz\u201d para el d\u00eda 23 de abril.<\/p>\n<p>21 abril: Desconocidos asesinan de un balazo en la cabeza y por la espalda al periodista nicarag\u00fcense \u00c1ngel Eduardo Gahona, que cubr\u00eda una protesta en la ciudad de Bluefields (surcaribe). Murillo dice que los muertos por los disturbios son \u201ccasi 10\u201d y anuncia que el gobierno est\u00e1 dispuesto a \u201cretomar la mesa y el modelo de di\u00e1logo.<\/p>\n<p>22 abril: Ortega anuncia derogaci\u00f3n de la reforma y confirma su disposici\u00f3n al di\u00e1logo, aunque rechaza la posici\u00f3n del Cosep que condicion\u00f3 las pl\u00e1ticas al \u201ccese inmediato de la represi\u00f3n policial\u201d.<\/p>\n<p>23 abril: Miles de personas participan en la \u00abCaminata por la Paz\u00bb, en la mayor movilizaci\u00f3n no partidista de las \u00faltimas d\u00e9cadas. A diferencia de otras manifestaciones, los activistas del Gobierno y la Polic\u00eda se mantienen alejados de la zona.<\/p>\n<p>24 abril: El cardenal Leopoldo Brenes, presidente de la Conferencia Espiscopal, responde a la invitaci\u00f3n de Ortega a participar en un di\u00e1logo y dice que los obispos asistir\u00e1n \u00aben car\u00e1cter de mediador y testigo\u00bb. Ortega reacciona casi de inmediato, confirmando su voluntad de dialogar. Los l\u00edderes de las protestas estudiantiles, atrincherados en la sede de la Upoli, exigen la destituci\u00f3n de ocho altos jefes de la Polic\u00eda, a quienes responsabilizan por la muerte de decenas de j\u00f3venes.<\/p>\n<p>Conocidas figuras de la oposici\u00f3n como el obispo auxiliar de Managua, monse\u00f1or Silvio B\u00e1ez, y la poeta Gioconda Belli declaran que la \u00fanica soluci\u00f3n a la crisis es la renuncia de Ortega y de Murillo. El ex vicecanciller sandinista, V\u00edctor Hugo Tinoco, propone el retiro de los Ortega mediante la renovaci\u00f3n del actual tribunal electoral y la convocatoria a elecciones.<\/p>\n<p>25 abril: El reci\u00e9n creado Movimiento Estudiantil 19 de Abril (M19A) anuncia su disposici\u00f3n de asistir a un di\u00e1logo con el Gobierno, bajo plenas garant\u00edas para su seguridad. Se\u00f1alan que seguir\u00e1n manteniendo en pie sus demandas, a las agregan ahora el cese del uso de la fuerza policial, el pago de indemnizaciones a los familiares de los fallecidos y la aparici\u00f3n con vida de unos 60 j\u00f3venes a\u00fan desaparecidos.<\/p>\n","protected":false},"excerpt":{"rendered":"<p>Managua, 27 ab (dpa) \u2013 A mediados de abril, un movimiento espont\u00e1neo de estudiantes se lanz\u00f3 a las calles de la capital de Nicaragua para protestar pac\u00edficamente contra una reforma que aumentaba las cuotas al Seguro Social. La reacci\u00f3n de la Polic\u00eda, criticada de desmedida, y de grupos de choque del Gobierno hizo que las [&hellip;]<\/p>\n","protected":false},"author":1,"featured_media":977212,"comment_status":"closed","ping_status":"closed","sticky":false,"template":"","format":"standard","meta":{"footnotes":""},"categories":[1],"tags":[],"class_list":["post-977928","post","type-post","status-publish","format-standard","has-post-thumbnail","hentry","category-actualidad"],"aioseo_notices":[],"aioseo_head":"\n\t\t<!-- All in One SEO Pro 5.0.1 - aioseo.com -->\n\t<meta name=\"description\" content=\"Managua, 27 ab (dpa) \u2013 A mediados de abril, un movimiento espont\u00e1neo de estudiantes se lanz\u00f3 a las calles de la capital de Nicaragua para protestar pac\u00edficamente contra una reforma que aumentaba las cuotas al Seguro Social. La reacci\u00f3n de la Polic\u00eda, criticada de desmedida, y de grupos de choque del Gobierno hizo que las\" \/>\n\t<meta name=\"robots\" content=\"max-image-preview:large\" \/>\n\t<meta name=\"author\" content=\"El Digital de Asturias\"\/>\n\t<meta name=\"google-site-verification\" content=\"UA-38556648-1\" \/>\n\t<meta name=\"msvalidate.01\" content=\"7dfe9f3f1b24437ab69f4f2559babe99\" \/>\n\t<meta name=\"keywords\" content=\"actualidad\" \/>\n\t<link rel=\"canonical\" href=\"https:\/\/www.eldigitaldeasturias.com\/noticias\/las-protestas-que-estremecen-a-nicaragua\/\" \/>\n\t<meta name=\"generator\" content=\"All in One SEO Pro (AIOSEO) 5.0.1\" \/>\n\t\t<meta property=\"og:locale\" content=\"es_ES\" \/>\n\t\t<meta property=\"og:site_name\" content=\"El Digital de Asturias\" \/>\n\t\t<meta property=\"og:type\" content=\"article\" \/>\n\t\t<meta property=\"og:title\" content=\"Las protestas que estremecen a Nicaragua - El Digital de Asturias\" \/>\n\t\t<meta property=\"og:description\" content=\"Managua, 27 ab (dpa) \u2013 A mediados de abril, un movimiento espont\u00e1neo de estudiantes se lanz\u00f3 a las calles de la capital de Nicaragua para protestar pac\u00edficamente contra una reforma que aumentaba las cuotas al Seguro Social. La reacci\u00f3n de la Polic\u00eda, criticada de desmedida, y de grupos de choque del Gobierno hizo que las\" \/>\n\t\t<meta property=\"og:url\" content=\"https:\/\/www.eldigitaldeasturias.com\/noticias\/las-protestas-que-estremecen-a-nicaragua\/\" \/>\n\t\t<meta property=\"article:tag\" content=\"actualidad\" \/>\n\t\t<meta property=\"article:published_time\" content=\"2018-04-28T00:50:28+00:00\" \/>\n\t\t<meta property=\"article:modified_time\" content=\"2018-04-28T00:50:28+00:00\" \/>\n\t\t<meta property=\"article:publisher\" content=\"https:\/\/facebook.com\/eldigitaldeasturias\" \/>\n\t\t<meta name=\"twitter:card\" content=\"summary_large_image\" \/>\n\t\t<meta name=\"twitter:title\" content=\"Las protestas que estremecen a Nicaragua - El Digital de Asturias\" \/>\n\t\t<meta name=\"twitter:description\" content=\"Managua, 27 ab (dpa) \u2013 A mediados de abril, un movimiento espont\u00e1neo de estudiantes se lanz\u00f3 a las calles de la capital de Nicaragua para protestar pac\u00edficamente contra una reforma que aumentaba las cuotas al Seguro Social. La reacci\u00f3n de la Polic\u00eda, criticada de desmedida, y de grupos de choque del Gobierno hizo que las\" \/>\n\t\t<meta name=\"twitter:image\" content=\"https:\/\/www.eldigitaldeasturias.com\/noticias\/wp-content\/uploads\/2020\/12\/EDA-1.jpg\" \/>\n\t\t<meta name=\"twitter:label1\" content=\"Escrito por\" \/>\n\t\t<meta name=\"twitter:data1\" content=\"El Digital de Asturias\" \/>\n\t\t<meta name=\"twitter:label2\" content=\"Tiempo de lectura estimado\" \/>\n\t\t<meta name=\"twitter:data2\" content=\"4 minutos\" \/>\n\t\t<script type=\"application\/ld+json\" class=\"aioseo-schema\">\n\t\t\t{\"@context\":\"https:\\\/\\\/schema.org\",\"@graph\":[{\"@type\":\"BlogPosting\",\"@id\":\"https:\\\/\\\/www.eldigitaldeasturias.com\\\/noticias\\\/las-protestas-que-estremecen-a-nicaragua\\\/#blogposting\",\"name\":\"Las protestas que estremecen a Nicaragua - El Digital de Asturias\",\"headline\":\"Las protestas que estremecen a Nicaragua\",\"author\":{\"@id\":\"https:\\\/\\\/www.eldigitaldeasturias.com\\\/noticias\\\/author\\\/admin\\\/#author\"},\"publisher\":{\"@id\":\"https:\\\/\\\/www.eldigitaldeasturias.com\\\/noticias\\\/#organization\"},\"image\":{\"@type\":\"ImageObject\",\"url\":977212},\"datePublished\":\"2018-04-28T00:50:28+02:00\",\"dateModified\":\"2018-04-28T00:50:28+02:00\",\"inLanguage\":\"es-ES\",\"mainEntityOfPage\":{\"@id\":\"https:\\\/\\\/www.eldigitaldeasturias.com\\\/noticias\\\/las-protestas-que-estremecen-a-nicaragua\\\/#webpage\"},\"isPartOf\":{\"@id\":\"https:\\\/\\\/www.eldigitaldeasturias.com\\\/noticias\\\/las-protestas-que-estremecen-a-nicaragua\\\/#webpage\"},\"articleSection\":\"Actualidad\"},{\"@type\":\"BreadcrumbList\",\"@id\":\"https:\\\/\\\/www.eldigitaldeasturias.com\\\/noticias\\\/las-protestas-que-estremecen-a-nicaragua\\\/#breadcrumblist\",\"itemListElement\":[{\"@type\":\"ListItem\",\"@id\":\"https:\\\/\\\/www.eldigitaldeasturias.com\\\/noticias#listItem\",\"position\":1,\"name\":\"Home\",\"item\":\"https:\\\/\\\/www.eldigitaldeasturias.com\\\/noticias\",\"nextItem\":{\"@type\":\"ListItem\",\"@id\":\"https:\\\/\\\/www.eldigitaldeasturias.com\\\/noticias\\\/category\\\/actualidad\\\/#listItem\",\"name\":\"Actualidad\"}},{\"@type\":\"ListItem\",\"@id\":\"https:\\\/\\\/www.eldigitaldeasturias.com\\\/noticias\\\/category\\\/actualidad\\\/#listItem\",\"position\":2,\"name\":\"Actualidad\",\"item\":\"https:\\\/\\\/www.eldigitaldeasturias.com\\\/noticias\\\/category\\\/actualidad\\\/\",\"nextItem\":{\"@type\":\"ListItem\",\"@id\":\"https:\\\/\\\/www.eldigitaldeasturias.com\\\/noticias\\\/las-protestas-que-estremecen-a-nicaragua\\\/#listItem\",\"name\":\"Las protestas que estremecen a Nicaragua\"},\"previousItem\":{\"@type\":\"ListItem\",\"@id\":\"https:\\\/\\\/www.eldigitaldeasturias.com\\\/noticias#listItem\",\"name\":\"Home\"}},{\"@type\":\"ListItem\",\"@id\":\"https:\\\/\\\/www.eldigitaldeasturias.com\\\/noticias\\\/las-protestas-que-estremecen-a-nicaragua\\\/#listItem\",\"position\":3,\"name\":\"Las protestas que estremecen a Nicaragua\",\"previousItem\":{\"@type\":\"ListItem\",\"@id\":\"https:\\\/\\\/www.eldigitaldeasturias.com\\\/noticias\\\/category\\\/actualidad\\\/#listItem\",\"name\":\"Actualidad\"}}]},{\"@type\":\"Organization\",\"@id\":\"https:\\\/\\\/www.eldigitaldeasturias.com\\\/noticias\\\/#organization\",\"name\":\"El Digital de Asturias\",\"description\":\"Hemeroteca\",\"url\":\"https:\\\/\\\/www.eldigitaldeasturias.com\\\/noticias\\\/\",\"email\":\"info@eldigitaldeasturias.com\",\"telephone\":\"+34652131393\",\"logo\":{\"@type\":\"ImageObject\",\"url\":\"https:\\\/\\\/www.eldigitaldeasturias.com\\\/noticias\\\/wp-content\\\/uploads\\\/2020\\\/12\\\/EDA.jpg\",\"@id\":\"https:\\\/\\\/www.eldigitaldeasturias.com\\\/noticias\\\/las-protestas-que-estremecen-a-nicaragua\\\/#organizationLogo\"},\"image\":{\"@id\":\"https:\\\/\\\/www.eldigitaldeasturias.com\\\/noticias\\\/las-protestas-que-estremecen-a-nicaragua\\\/#organizationLogo\"},\"sameAs\":[\"https:\\\/\\\/facebook.com\\\/eldigitaldeasturias\",\"https:\\\/\\\/www.youtube.com\\\/channel\\\/UCZP-2wLEB9Rv6erhFmqVnvg\"],\"address\":{\"@id\":\"https:\\\/\\\/www.eldigitaldeasturias.com\\\/noticias\\\/#postaladdress\",\"@type\":\"PostalAddress\",\"streetAddress\":\"san antonio 4\",\"postalCode\":\"33430\",\"addressLocality\":\"Cand\\u00e1s\",\"addressRegion\":\"Asturias\",\"addressCountry\":\"ES\"}},{\"@type\":\"Person\",\"@id\":\"https:\\\/\\\/www.eldigitaldeasturias.com\\\/noticias\\\/author\\\/admin\\\/#author\",\"url\":\"https:\\\/\\\/www.eldigitaldeasturias.com\\\/noticias\\\/author\\\/admin\\\/\",\"name\":\"El Digital de Asturias\",\"image\":{\"@type\":\"ImageObject\",\"@id\":\"https:\\\/\\\/www.eldigitaldeasturias.com\\\/noticias\\\/las-protestas-que-estremecen-a-nicaragua\\\/#authorImage\",\"url\":\"https:\\\/\\\/secure.gravatar.com\\\/avatar\\\/df2aeffc32bcd13f8d26072ef8a91b623d677766deac7f97ca815868cd41bf5e?s=96&d=mm&r=g\",\"width\":96,\"height\":96,\"caption\":\"El Digital de Asturias\"}},{\"@type\":\"WebPage\",\"@id\":\"https:\\\/\\\/www.eldigitaldeasturias.com\\\/noticias\\\/las-protestas-que-estremecen-a-nicaragua\\\/#webpage\",\"url\":\"https:\\\/\\\/www.eldigitaldeasturias.com\\\/noticias\\\/las-protestas-que-estremecen-a-nicaragua\\\/\",\"name\":\"Las protestas que estremecen a Nicaragua - El Digital de Asturias\",\"description\":\"Managua, 27 ab (dpa) \\u2013 A mediados de abril, un movimiento espont\\u00e1neo de estudiantes se lanz\\u00f3 a las calles de la capital de Nicaragua para protestar pac\\u00edficamente contra una reforma que aumentaba las cuotas al Seguro Social. La reacci\\u00f3n de la Polic\\u00eda, criticada de desmedida, y de grupos de choque del Gobierno hizo que las\",\"inLanguage\":\"es-ES\",\"isPartOf\":{\"@id\":\"https:\\\/\\\/www.eldigitaldeasturias.com\\\/noticias\\\/#website\"},\"breadcrumb\":{\"@id\":\"https:\\\/\\\/www.eldigitaldeasturias.com\\\/noticias\\\/las-protestas-que-estremecen-a-nicaragua\\\/#breadcrumblist\"},\"author\":{\"@id\":\"https:\\\/\\\/www.eldigitaldeasturias.com\\\/noticias\\\/author\\\/admin\\\/#author\"},\"creator\":{\"@id\":\"https:\\\/\\\/www.eldigitaldeasturias.com\\\/noticias\\\/author\\\/admin\\\/#author\"},\"image\":{\"@type\":\"ImageObject\",\"url\":977212,\"@id\":\"https:\\\/\\\/www.eldigitaldeasturias.com\\\/noticias\\\/las-protestas-que-estremecen-a-nicaragua\\\/#mainImage\"},\"primaryImageOfPage\":{\"@id\":\"https:\\\/\\\/www.eldigitaldeasturias.com\\\/noticias\\\/las-protestas-que-estremecen-a-nicaragua\\\/#mainImage\"},\"datePublished\":\"2018-04-28T00:50:28+02:00\",\"dateModified\":\"2018-04-28T00:50:28+02:00\"},{\"@type\":\"WebSite\",\"@id\":\"https:\\\/\\\/www.eldigitaldeasturias.com\\\/noticias\\\/#website\",\"url\":\"https:\\\/\\\/www.eldigitaldeasturias.com\\\/noticias\\\/\",\"name\":\"El Digital de Asturias - Diario de actualidad y noticias\",\"alternateName\":\"El Digital de Asturias - Diario de actualidad y noticias\",\"description\":\"Hemeroteca\",\"inLanguage\":\"es-ES\",\"publisher\":{\"@id\":\"https:\\\/\\\/www.eldigitaldeasturias.com\\\/noticias\\\/#organization\"}}]}\n\t\t<\/script>\n\t\t<!-- All in One SEO Pro -->\r\n\t\t<title>Las protestas que estremecen a Nicaragua - El Digital de Asturias<\/title>\n\n","aioseo_head_json":{"title":"Las protestas que estremecen a Nicaragua - El Digital de Asturias","description":"Managua, 27 ab (dpa) \u2013 A mediados de abril, un movimiento espont\u00e1neo de estudiantes se lanz\u00f3 a las calles de la capital de Nicaragua para protestar pac\u00edficamente contra una reforma que aumentaba las cuotas al Seguro Social. La reacci\u00f3n de la Polic\u00eda, criticada de desmedida, y de grupos de choque del Gobierno hizo que las","canonical_url":"https:\/\/www.eldigitaldeasturias.com\/noticias\/las-protestas-que-estremecen-a-nicaragua\/","robots":"max-image-preview:large","keywords":"actualidad","webmasterTools":{"google-site-verification":"UA-38556648-1","msvalidate.01":"7dfe9f3f1b24437ab69f4f2559babe99","miscellaneous":""},"schema":{"@context":"https:\/\/schema.org","@graph":[{"@type":"BlogPosting","@id":"https:\/\/www.eldigitaldeasturias.com\/noticias\/las-protestas-que-estremecen-a-nicaragua\/#blogposting","name":"Las protestas que estremecen a Nicaragua - El Digital de Asturias","headline":"Las protestas que estremecen a Nicaragua","author":{"@id":"https:\/\/www.eldigitaldeasturias.com\/noticias\/author\/admin\/#author"},"publisher":{"@id":"https:\/\/www.eldigitaldeasturias.com\/noticias\/#organization"},"image":{"@type":"ImageObject","url":977212},"datePublished":"2018-04-28T00:50:28+02:00","dateModified":"2018-04-28T00:50:28+02:00","inLanguage":"es-ES","mainEntityOfPage":{"@id":"https:\/\/www.eldigitaldeasturias.com\/noticias\/las-protestas-que-estremecen-a-nicaragua\/#webpage"},"isPartOf":{"@id":"https:\/\/www.eldigitaldeasturias.com\/noticias\/las-protestas-que-estremecen-a-nicaragua\/#webpage"},"articleSection":"Actualidad"},{"@type":"BreadcrumbList","@id":"https:\/\/www.eldigitaldeasturias.com\/noticias\/las-protestas-que-estremecen-a-nicaragua\/#breadcrumblist","itemListElement":[{"@type":"ListItem","@id":"https:\/\/www.eldigitaldeasturias.com\/noticias#listItem","position":1,"name":"Home","item":"https:\/\/www.eldigitaldeasturias.com\/noticias","nextItem":{"@type":"ListItem","@id":"https:\/\/www.eldigitaldeasturias.com\/noticias\/category\/actualidad\/#listItem","name":"Actualidad"}},{"@type":"ListItem","@id":"https:\/\/www.eldigitaldeasturias.com\/noticias\/category\/actualidad\/#listItem","position":2,"name":"Actualidad","item":"https:\/\/www.eldigitaldeasturias.com\/noticias\/category\/actualidad\/","nextItem":{"@type":"ListItem","@id":"https:\/\/www.eldigitaldeasturias.com\/noticias\/las-protestas-que-estremecen-a-nicaragua\/#listItem","name":"Las protestas que estremecen a Nicaragua"},"previousItem":{"@type":"ListItem","@id":"https:\/\/www.eldigitaldeasturias.com\/noticias#listItem","name":"Home"}},{"@type":"ListItem","@id":"https:\/\/www.eldigitaldeasturias.com\/noticias\/las-protestas-que-estremecen-a-nicaragua\/#listItem","position":3,"name":"Las protestas que estremecen a Nicaragua","previousItem":{"@type":"ListItem","@id":"https:\/\/www.eldigitaldeasturias.com\/noticias\/category\/actualidad\/#listItem","name":"Actualidad"}}]},{"@type":"Organization","@id":"https:\/\/www.eldigitaldeasturias.com\/noticias\/#organization","name":"El Digital de Asturias","description":"Hemeroteca","url":"https:\/\/www.eldigitaldeasturias.com\/noticias\/","email":"info@eldigitaldeasturias.com","telephone":"+34652131393","logo":{"@type":"ImageObject","url":"https:\/\/www.eldigitaldeasturias.com\/noticias\/wp-content\/uploads\/2020\/12\/EDA.jpg","@id":"https:\/\/www.eldigitaldeasturias.com\/noticias\/las-protestas-que-estremecen-a-nicaragua\/#organizationLogo"},"image":{"@id":"https:\/\/www.eldigitaldeasturias.com\/noticias\/las-protestas-que-estremecen-a-nicaragua\/#organizationLogo"},"sameAs":["https:\/\/facebook.com\/eldigitaldeasturias","https:\/\/www.youtube.com\/channel\/UCZP-2wLEB9Rv6erhFmqVnvg"],"address":{"@id":"https:\/\/www.eldigitaldeasturias.com\/noticias\/#postaladdress","@type":"PostalAddress","streetAddress":"san antonio 4","postalCode":"33430","addressLocality":"Cand\u00e1s","addressRegion":"Asturias","addressCountry":"ES"}},{"@type":"Person","@id":"https:\/\/www.eldigitaldeasturias.com\/noticias\/author\/admin\/#author","url":"https:\/\/www.eldigitaldeasturias.com\/noticias\/author\/admin\/","name":"El Digital de Asturias","image":{"@type":"ImageObject","@id":"https:\/\/www.eldigitaldeasturias.com\/noticias\/las-protestas-que-estremecen-a-nicaragua\/#authorImage","url":"https:\/\/secure.gravatar.com\/avatar\/df2aeffc32bcd13f8d26072ef8a91b623d677766deac7f97ca815868cd41bf5e?s=96&d=mm&r=g","width":96,"height":96,"caption":"El Digital de Asturias"}},{"@type":"WebPage","@id":"https:\/\/www.eldigitaldeasturias.com\/noticias\/las-protestas-que-estremecen-a-nicaragua\/#webpage","url":"https:\/\/www.eldigitaldeasturias.com\/noticias\/las-protestas-que-estremecen-a-nicaragua\/","name":"Las protestas que estremecen a Nicaragua - El Digital de Asturias","description":"Managua, 27 ab (dpa) \u2013 A mediados de abril, un movimiento espont\u00e1neo de estudiantes se lanz\u00f3 a las calles de la capital de Nicaragua para protestar pac\u00edficamente contra una reforma que aumentaba las cuotas al Seguro Social. La reacci\u00f3n de la Polic\u00eda, criticada de desmedida, y de grupos de choque del Gobierno hizo que las","inLanguage":"es-ES","isPartOf":{"@id":"https:\/\/www.eldigitaldeasturias.com\/noticias\/#website"},"breadcrumb":{"@id":"https:\/\/www.eldigitaldeasturias.com\/noticias\/las-protestas-que-estremecen-a-nicaragua\/#breadcrumblist"},"author":{"@id":"https:\/\/www.eldigitaldeasturias.com\/noticias\/author\/admin\/#author"},"creator":{"@id":"https:\/\/www.eldigitaldeasturias.com\/noticias\/author\/admin\/#author"},"image":{"@type":"ImageObject","url":977212,"@id":"https:\/\/www.eldigitaldeasturias.com\/noticias\/las-protestas-que-estremecen-a-nicaragua\/#mainImage"},"primaryImageOfPage":{"@id":"https:\/\/www.eldigitaldeasturias.com\/noticias\/las-protestas-que-estremecen-a-nicaragua\/#mainImage"},"datePublished":"2018-04-28T00:50:28+02:00","dateModified":"2018-04-28T00:50:28+02:00"},{"@type":"WebSite","@id":"https:\/\/www.eldigitaldeasturias.com\/noticias\/#website","url":"https:\/\/www.eldigitaldeasturias.com\/noticias\/","name":"El Digital de Asturias - Diario de actualidad y noticias","alternateName":"El Digital de Asturias - Diario de actualidad y noticias","description":"Hemeroteca","inLanguage":"es-ES","publisher":{"@id":"https:\/\/www.eldigitaldeasturias.com\/noticias\/#organization"}}]},"og:locale":"es_ES","og:site_name":"El Digital de Asturias","og:type":"article","og:title":"Las protestas que estremecen a Nicaragua - El Digital de Asturias","og:description":"Managua, 27 ab (dpa) \u2013 A mediados de abril, un movimiento espont\u00e1neo de estudiantes se lanz\u00f3 a las calles de la capital de Nicaragua para protestar pac\u00edficamente contra una reforma que aumentaba las cuotas al Seguro Social. La reacci\u00f3n de la Polic\u00eda, criticada de desmedida, y de grupos de choque del Gobierno hizo que las","og:url":"https:\/\/www.eldigitaldeasturias.com\/noticias\/las-protestas-que-estremecen-a-nicaragua\/","article:tag":["actualidad"],"article:published_time":"2018-04-28T00:50:28+00:00","article:modified_time":"2018-04-28T00:50:28+00:00","article:publisher":"https:\/\/facebook.com\/eldigitaldeasturias","twitter:card":"summary_large_image","twitter:title":"Las protestas que estremecen a Nicaragua - El Digital de Asturias","twitter:description":"Managua, 27 ab (dpa) \u2013 A mediados de abril, un movimiento espont\u00e1neo de estudiantes se lanz\u00f3 a las calles de la capital de Nicaragua para protestar pac\u00edficamente contra una reforma que aumentaba las cuotas al Seguro Social. La reacci\u00f3n de la Polic\u00eda, criticada de desmedida, y de grupos de choque del Gobierno hizo que las","twitter:image":"https:\/\/www.eldigitaldeasturias.com\/noticias\/wp-content\/uploads\/2020\/12\/EDA-1.jpg","twitter:label1":"Escrito por","twitter:data1":"El Digital de Asturias","twitter:label2":"Tiempo de lectura estimado","twitter:data2":"4 minutos"},"aioseo_meta_data":{"post_id":"977928","title":null,"description":null,"keywords":null,"keyphrases":null,"primary_term":null,"canonical_url":null,"og_title":null,"og_description":null,"og_object_type":"default","og_image_type":"default","og_image_url":null,"og_image_width":null,"og_image_height":null,"og_image_custom_url":null,"og_image_custom_fields":null,"og_video":null,"og_custom_url":null,"og_article_section":null,"og_article_tags":null,"twitter_use_og":false,"twitter_card":"default","twitter_image_type":"default","twitter_image_url":null,"twitter_image_custom_url":null,"twitter_image_custom_fields":null,"twitter_title":null,"twitter_description":null,"schema":{"blockGraphs":[],"customGraphs":[],"default":{"data":{"Article":[],"Course":[],"Dataset":[],"FAQPage":[],"Movie":[],"Person":[],"Product":[],"ProductReview":[],"Car":[],"Recipe":[],"Service":[],"SoftwareApplication":[],"WebPage":[]},"graphName":"","isEnabled":true},"graphs":[],"defaultGraph":"","defaultPostTypeGraph":""},"schema_type":null,"schema_type_options":null,"pillar_content":false,"robots_default":true,"robots_noindex":false,"robots_noarchive":false,"robots_nosnippet":false,"robots_nofollow":false,"robots_noimageindex":false,"robots_noodp":false,"robots_notranslate":false,"robots_max_snippet":null,"robots_max_videopreview":null,"robots_max_imagepreview":"large","priority":null,"frequency":null,"local_seo":null,"seo_analyzer_scan_date":"2025-10-08 09:04:04","breadcrumb_settings":null,"limit_modified_date":false,"open_ai":null,"ai":null,"created":"2020-12-21 12:03:40","updated":"2025-10-08 09:04:04","focus_keyword":null,"additional_keywords":null,"truseo_locale":null},"aioseo_breadcrumb":"<div class=\"aioseo-breadcrumbs\"><span class=\"aioseo-breadcrumb\">\n\t<a href=\"https:\/\/www.eldigitaldeasturias.com\/noticias\" title=\"Home\">Home<\/a>\n<\/span><span class=\"aioseo-breadcrumb-separator\">\u2013<\/span><span class=\"aioseo-breadcrumb\">\n\t<a href=\"https:\/\/www.eldigitaldeasturias.com\/noticias\/category\/actualidad\/\" title=\"Actualidad\">Actualidad<\/a>\n<\/span><span class=\"aioseo-breadcrumb-separator\">\u2013<\/span><span class=\"aioseo-breadcrumb\">\n\t<a href=\"https:\/\/www.eldigitaldeasturias.com\/noticias\/las-protestas-que-estremecen-a-nicaragua\/\" title=\"Las protestas que estremecen a Nicaragua\">Las protestas que estremecen a Nicaragua<\/a>\n<\/span><\/div>","aioseo_breadcrumb_json":[{"label":"Home","link":"https:\/\/www.eldigitaldeasturias.com\/noticias"},{"label":"Actualidad","link":"https:\/\/www.eldigitaldeasturias.com\/noticias\/category\/actualidad\/"},{"label":"Las protestas que estremecen a Nicaragua","link":"https:\/\/www.eldigitaldeasturias.com\/noticias\/las-protestas-que-estremecen-a-nicaragua\/"}],"_links":{"self":[{"href":"https:\/\/www.eldigitaldeasturias.com\/noticias\/wp-json\/wp\/v2\/posts\/977928","targetHints":{"allow":["GET"]}}],"collection":[{"href":"https:\/\/www.eldigitaldeasturias.com\/noticias\/wp-json\/wp\/v2\/posts"}],"about":[{"href":"https:\/\/www.eldigitaldeasturias.com\/noticias\/wp-json\/wp\/v2\/types\/post"}],"author":[{"embeddable":true,"href":"https:\/\/www.eldigitaldeasturias.com\/noticias\/wp-json\/wp\/v2\/users\/1"}],"replies":[{"embeddable":true,"href":"https:\/\/www.eldigitaldeasturias.com\/noticias\/wp-json\/wp\/v2\/comments?post=977928"}],"version-history":[{"count":0,"href":"https:\/\/www.eldigitaldeasturias.com\/noticias\/wp-json\/wp\/v2\/posts\/977928\/revisions"}],"wp:attachment":[{"href":"https:\/\/www.eldigitaldeasturias.com\/noticias\/wp-json\/wp\/v2\/media?parent=977928"}],"wp:term":[{"taxonomy":"category","embeddable":true,"href":"https:\/\/www.eldigitaldeasturias.com\/noticias\/wp-json\/wp\/v2\/categories?post=977928"},{"taxonomy":"post_tag","embeddable":true,"href":"https:\/\/www.eldigitaldeasturias.com\/noticias\/wp-json\/wp\/v2\/tags?post=977928"}],"curies":[{"name":"wp","href":"https:\/\/api.w.org\/{rel}","templated":true}]}}