{"id":977924,"date":"2018-04-28T00:42:28","date_gmt":"2018-04-28T00:42:28","guid":{"rendered":"http:\/\/www.eldigitaldeasturias.com\/noticias\/?p=977924"},"modified":"2018-04-28T00:42:28","modified_gmt":"2018-04-28T00:42:28","slug":"kim-y-moon-buenos-amigos-a-la-sombra-de-un-conflicto-nuclear","status":"publish","type":"post","link":"https:\/\/www.eldigitaldeasturias.com\/noticias\/kim-y-moon-buenos-amigos-a-la-sombra-de-un-conflicto-nuclear\/","title":{"rendered":"Kim y Moon, \u00abbuenos amigos\u00bb a la sombra de un conflicto nuclear"},"content":{"rendered":"<p><img loading=\"lazy\" decoding=\"async\" class=\"alignleft size-medium wp-image-977807\" src=\"https:\/\/www.eldigitaldeasturias.com\/noticias\/wp-content\/uploads\/2018\/04\/flag-2528969_960_720-1-360x270.jpg\" alt=\"\" width=\"360\" height=\"270\" \/>Panmunjom, 27 abr (dpa) &#8211; El d\u00eda de hoy deja una imagen para la historia: el apret\u00f3n de manos del l\u00edder norcoreano, Kim Jong-un, y el presidente surcoreano, Moon Jae-in, sobre la l\u00ednea de demarcaci\u00f3n entre los dos pa\u00edses.<\/p>\n<p>A esta le siguen otras, como cuando ambos l\u00edderes pasan de un lado a otro de la frontera, que est\u00e1 considerada entre las m\u00e1s peligrosas y m\u00e1s vigiladas del mundo, como si fuera algo f\u00e1cil de superar; o cuando plantan juntos un \u00e1rbol justo entre Corea del Norte y del Sur. Y por \u00faltimo, el abrazo despu\u00e9s de firmar un acuerdo que abre \u00abun nuevo cap\u00edtulo\u00bb en su historia.<\/p>\n<p>S\u00ed, se han hecho \u00abbuenos amigos\u00bb, dice Moon durante la cena y eleva su copa ante sus invitados norcorenanos, una situaci\u00f3n que nunca se hab\u00eda visto. Y s\u00ed, hablaba de amistad con el l\u00edder que en A\u00f1o Nuevo amenaz\u00f3 con apretar el \u00abbot\u00f3n nuclear\u00bb que est\u00e1 sobre su escritorio. Se refiere a Kim, quien llev\u00f3 a la regi\u00f3n al l\u00edmite de la guerra el a\u00f1o pasado con sus ensayos nucleares y de misiles.<\/p>\n<p>El joven l\u00edder se disculpa educadamente en la hist\u00f3rica cumbre por haber interrumpido el sue\u00f1o de Moon con sus ensayos, normalmente realizados a primera hora de la ma\u00f1ana.<\/p>\n<p>Los dos pol\u00edticos incluso se toman de la mano mientras escuchan en la tribuna la m\u00fasica de la ceremonia de despedida. Despu\u00e9s, Kim vuelve al lado norcoreano subido en su Mercedes, a cuyos lados corren doce guardaespaldas, cruzando la l\u00ednea de demarcaci\u00f3n entre los famosos barracones azules de Panmunjom, como si no existiera ninguna frontera.<\/p>\n<p>Todas estas im\u00e1genes impresionan, pero se trata de Corea del Sur, el pa\u00eds de los grandes gestos, la gran simbolog\u00eda y de la historia rica y dolorosa. Tambi\u00e9n es el pa\u00eds de las decepciones monumentales, pues cumbres anteriores terminaron tambi\u00e9n con grandes promesas y planes entusiastas que finalmente no llegaron a buen puerto.<\/p>\n<p>El presidente estadounidense, Donald Trump, celebr\u00f3 el \u00e9xito de la cumbre, aunque ahora se encuentra tan solo un paso m\u00e1s cerca de la eliminaci\u00f3n del arsenal nuclear. En principio, Kim se mostr\u00f3 dispuesto en la declaraci\u00f3n conjunta a una \u00abdesnuclearizaci\u00f3n completa\u00bb.<\/p>\n<p>Pero justo hace una semana el mismo Kim celebr\u00f3 como \u00abun gran \u00e9xito\u00bb el haber completado su programa nuclear. En todo caso, es probable que el l\u00edder norcoreano solo contemple el abandono de las armas nucleares si todas las potencias, entre ellas Estados Unidos, tambi\u00e9n lo hacen.<\/p>\n<p>Sin embargo, esta vaga promesa es suficiente para allanar el camino hacia la cumbre que tendr\u00e1 lugar entre Kim y Trump en unas pocas semanas.<\/p>\n<p>No obstante, el camino hacia la completa desmantelamiento del arsenal nuclear, es a\u00fan muy largo. \u00bfTendr\u00e1 Trump la paciencia necesaria? La ofensiva de encanto lanzada por Kim -con su promesa de firmar un acuerdo de paz para acabar formalmente con la guerra de Corea de hace 65 a\u00f1os, las garant\u00edas de seguridad y la distensi\u00f3n- podr\u00eda complicar a Trump el mantener su campa\u00f1a de \u00abpresi\u00f3n m\u00e1xima\u00bb con las sanciones.<\/p>\n<p>\u00abCorea del Norte es un Estado nuclear\u00bb, dice el profesor Andrei Lankov, de la Universidad surcoreana de Kookmin. \u00abEso es un hecho. Tienen armas nucleares y podr\u00edan detonarlas. Debemos que enfrentar la realidad\u00bb.<\/p>\n<p>Pero ese es precisamente el problema: Estados Unidos y sus aliados de Corea del Sur y Jap\u00f3n nunca reconocer\u00e1n a Corea del Norte como una potencia nuclear. Exigen la eliminaci\u00f3n completa, verificable e irreversible de su programa y exactamente de eso no ha hablado Kim en la cumbre.<\/p>\n<p>Parece que Kim y Moon han preferido evitar hoy todas estas cuestiones delicadas sobre el arsenal nuclear. Este encuentro no ha tratado sobre armas nucleares, sino de guerra y paz, por lo menos desde el punto de vista hist\u00f3rico coreano.<\/p>\n<p>La zona de seguridad com\u00fan se encuentra en medio de una zona desmilitarizada de cuatro kil\u00f3metros de ancho que mantiene a los dos pa\u00edses alejados de las hostilidades. En Panmunjom se firm\u00f3 en 1953 el acuerdo de alto el fuego para acabar con la guerra de Corea, que ahora podr\u00eda concluir definitivamente con un tratado de paz. Precisamente por este simbolismo se eligi\u00f3 este lugar para la cumbre. Y por eso Kim decide cruzar aqu\u00ed la l\u00ednea de demarcaci\u00f3n y se convierte as\u00ed en el primer l\u00edder de su pa\u00eds en hacerlo desde la guerra.<\/p>\n<p>A final del largo d\u00eda, Kim parece cansado durante el banquete, inquieto y de alguna forma tenso, casi sobrepasado por su voluntario papel como el mayor provocador del mundo.<\/p>\n<p>Por Dirk Godder y Andreas Landwehr (dpa)<\/p>\n","protected":false},"excerpt":{"rendered":"<p>Panmunjom, 27 abr (dpa) &#8211; El d\u00eda de hoy deja una imagen para la historia: el apret\u00f3n de manos del l\u00edder norcoreano, Kim Jong-un, y el presidente surcoreano, Moon Jae-in, sobre la l\u00ednea de demarcaci\u00f3n entre los dos pa\u00edses. A esta le siguen otras, como cuando ambos l\u00edderes pasan de un lado a otro de [&hellip;]<\/p>\n","protected":false},"author":1,"featured_media":977807,"comment_status":"closed","ping_status":"closed","sticky":false,"template":"","format":"standard","meta":{"footnotes":""},"categories":[1],"tags":[],"class_list":["post-977924","post","type-post","status-publish","format-standard","has-post-thumbnail","hentry","category-actualidad"],"aioseo_notices":[],"aioseo_head":"\n\t\t<!-- All in One SEO Pro 5.0.1 - aioseo.com -->\n\t<meta name=\"description\" content=\"Panmunjom, 27 abr (dpa) - El d\u00eda de hoy deja una imagen para la historia: el apret\u00f3n de manos del l\u00edder norcoreano, Kim Jong-un, y el presidente surcoreano, Moon Jae-in, sobre la l\u00ednea de demarcaci\u00f3n entre los dos pa\u00edses. A esta le siguen otras, como cuando ambos l\u00edderes pasan de un lado a otro de\" \/>\n\t<meta name=\"robots\" content=\"max-image-preview:large\" \/>\n\t<meta name=\"author\" content=\"El Digital de Asturias\"\/>\n\t<meta name=\"google-site-verification\" content=\"UA-38556648-1\" \/>\n\t<meta name=\"msvalidate.01\" content=\"7dfe9f3f1b24437ab69f4f2559babe99\" \/>\n\t<meta name=\"keywords\" content=\"actualidad\" \/>\n\t<link rel=\"canonical\" href=\"https:\/\/www.eldigitaldeasturias.com\/noticias\/kim-y-moon-buenos-amigos-a-la-sombra-de-un-conflicto-nuclear\/\" \/>\n\t<meta name=\"generator\" content=\"All in One SEO Pro (AIOSEO) 5.0.1\" \/>\n\t\t<meta property=\"og:locale\" content=\"es_ES\" \/>\n\t\t<meta property=\"og:site_name\" content=\"El Digital de Asturias\" \/>\n\t\t<meta property=\"og:type\" content=\"article\" \/>\n\t\t<meta property=\"og:title\" content=\"Kim y Moon, \u00abbuenos amigos\u00bb a la sombra de un conflicto nuclear - El Digital de Asturias\" \/>\n\t\t<meta property=\"og:description\" content=\"Panmunjom, 27 abr (dpa) - El d\u00eda de hoy deja una imagen para la historia: el apret\u00f3n de manos del l\u00edder norcoreano, Kim Jong-un, y el presidente surcoreano, Moon Jae-in, sobre la l\u00ednea de demarcaci\u00f3n entre los dos pa\u00edses. A esta le siguen otras, como cuando ambos l\u00edderes pasan de un lado a otro de\" \/>\n\t\t<meta property=\"og:url\" content=\"https:\/\/www.eldigitaldeasturias.com\/noticias\/kim-y-moon-buenos-amigos-a-la-sombra-de-un-conflicto-nuclear\/\" \/>\n\t\t<meta property=\"article:tag\" content=\"actualidad\" \/>\n\t\t<meta property=\"article:published_time\" content=\"2018-04-28T00:42:28+00:00\" \/>\n\t\t<meta property=\"article:modified_time\" content=\"2018-04-28T00:42:28+00:00\" \/>\n\t\t<meta property=\"article:publisher\" content=\"https:\/\/facebook.com\/eldigitaldeasturias\" \/>\n\t\t<meta name=\"twitter:card\" content=\"summary_large_image\" \/>\n\t\t<meta name=\"twitter:title\" content=\"Kim y Moon, \u00abbuenos amigos\u00bb a la sombra de un conflicto nuclear - El Digital de Asturias\" \/>\n\t\t<meta name=\"twitter:description\" content=\"Panmunjom, 27 abr (dpa) - El d\u00eda de hoy deja una imagen para la historia: el apret\u00f3n de manos del l\u00edder norcoreano, Kim Jong-un, y el presidente surcoreano, Moon Jae-in, sobre la l\u00ednea de demarcaci\u00f3n entre los dos pa\u00edses. A esta le siguen otras, como cuando ambos l\u00edderes pasan de un lado a otro de\" \/>\n\t\t<meta name=\"twitter:image\" content=\"https:\/\/www.eldigitaldeasturias.com\/noticias\/wp-content\/uploads\/2020\/12\/EDA-1.jpg\" \/>\n\t\t<meta name=\"twitter:label1\" content=\"Escrito por\" \/>\n\t\t<meta name=\"twitter:data1\" content=\"El Digital de Asturias\" \/>\n\t\t<meta name=\"twitter:label2\" content=\"Tiempo de lectura estimado\" \/>\n\t\t<meta name=\"twitter:data2\" content=\"4 minutos\" \/>\n\t\t<script type=\"application\/ld+json\" class=\"aioseo-schema\">\n\t\t\t{\"@context\":\"https:\\\/\\\/schema.org\",\"@graph\":[{\"@type\":\"BlogPosting\",\"@id\":\"https:\\\/\\\/www.eldigitaldeasturias.com\\\/noticias\\\/kim-y-moon-buenos-amigos-a-la-sombra-de-un-conflicto-nuclear\\\/#blogposting\",\"name\":\"Kim y Moon, \\u00abbuenos amigos\\u00bb a la sombra de un conflicto nuclear - El Digital de Asturias\",\"headline\":\"Kim y Moon, \\u00abbuenos amigos\\u00bb a la sombra de un conflicto nuclear\",\"author\":{\"@id\":\"https:\\\/\\\/www.eldigitaldeasturias.com\\\/noticias\\\/author\\\/admin\\\/#author\"},\"publisher\":{\"@id\":\"https:\\\/\\\/www.eldigitaldeasturias.com\\\/noticias\\\/#organization\"},\"image\":{\"@type\":\"ImageObject\",\"url\":977807},\"datePublished\":\"2018-04-28T00:42:28+02:00\",\"dateModified\":\"2018-04-28T00:42:28+02:00\",\"inLanguage\":\"es-ES\",\"mainEntityOfPage\":{\"@id\":\"https:\\\/\\\/www.eldigitaldeasturias.com\\\/noticias\\\/kim-y-moon-buenos-amigos-a-la-sombra-de-un-conflicto-nuclear\\\/#webpage\"},\"isPartOf\":{\"@id\":\"https:\\\/\\\/www.eldigitaldeasturias.com\\\/noticias\\\/kim-y-moon-buenos-amigos-a-la-sombra-de-un-conflicto-nuclear\\\/#webpage\"},\"articleSection\":\"Actualidad\"},{\"@type\":\"BreadcrumbList\",\"@id\":\"https:\\\/\\\/www.eldigitaldeasturias.com\\\/noticias\\\/kim-y-moon-buenos-amigos-a-la-sombra-de-un-conflicto-nuclear\\\/#breadcrumblist\",\"itemListElement\":[{\"@type\":\"ListItem\",\"@id\":\"https:\\\/\\\/www.eldigitaldeasturias.com\\\/noticias#listItem\",\"position\":1,\"name\":\"Home\",\"item\":\"https:\\\/\\\/www.eldigitaldeasturias.com\\\/noticias\",\"nextItem\":{\"@type\":\"ListItem\",\"@id\":\"https:\\\/\\\/www.eldigitaldeasturias.com\\\/noticias\\\/category\\\/actualidad\\\/#listItem\",\"name\":\"Actualidad\"}},{\"@type\":\"ListItem\",\"@id\":\"https:\\\/\\\/www.eldigitaldeasturias.com\\\/noticias\\\/category\\\/actualidad\\\/#listItem\",\"position\":2,\"name\":\"Actualidad\",\"item\":\"https:\\\/\\\/www.eldigitaldeasturias.com\\\/noticias\\\/category\\\/actualidad\\\/\",\"nextItem\":{\"@type\":\"ListItem\",\"@id\":\"https:\\\/\\\/www.eldigitaldeasturias.com\\\/noticias\\\/kim-y-moon-buenos-amigos-a-la-sombra-de-un-conflicto-nuclear\\\/#listItem\",\"name\":\"Kim y Moon, \\u00abbuenos amigos\\u00bb a la sombra de un conflicto nuclear\"},\"previousItem\":{\"@type\":\"ListItem\",\"@id\":\"https:\\\/\\\/www.eldigitaldeasturias.com\\\/noticias#listItem\",\"name\":\"Home\"}},{\"@type\":\"ListItem\",\"@id\":\"https:\\\/\\\/www.eldigitaldeasturias.com\\\/noticias\\\/kim-y-moon-buenos-amigos-a-la-sombra-de-un-conflicto-nuclear\\\/#listItem\",\"position\":3,\"name\":\"Kim y Moon, \\u00abbuenos amigos\\u00bb a la sombra de un conflicto nuclear\",\"previousItem\":{\"@type\":\"ListItem\",\"@id\":\"https:\\\/\\\/www.eldigitaldeasturias.com\\\/noticias\\\/category\\\/actualidad\\\/#listItem\",\"name\":\"Actualidad\"}}]},{\"@type\":\"Organization\",\"@id\":\"https:\\\/\\\/www.eldigitaldeasturias.com\\\/noticias\\\/#organization\",\"name\":\"El Digital de Asturias\",\"description\":\"Hemeroteca\",\"url\":\"https:\\\/\\\/www.eldigitaldeasturias.com\\\/noticias\\\/\",\"email\":\"info@eldigitaldeasturias.com\",\"telephone\":\"+34652131393\",\"logo\":{\"@type\":\"ImageObject\",\"url\":\"https:\\\/\\\/www.eldigitaldeasturias.com\\\/noticias\\\/wp-content\\\/uploads\\\/2020\\\/12\\\/EDA.jpg\",\"@id\":\"https:\\\/\\\/www.eldigitaldeasturias.com\\\/noticias\\\/kim-y-moon-buenos-amigos-a-la-sombra-de-un-conflicto-nuclear\\\/#organizationLogo\"},\"image\":{\"@id\":\"https:\\\/\\\/www.eldigitaldeasturias.com\\\/noticias\\\/kim-y-moon-buenos-amigos-a-la-sombra-de-un-conflicto-nuclear\\\/#organizationLogo\"},\"sameAs\":[\"https:\\\/\\\/facebook.com\\\/eldigitaldeasturias\",\"https:\\\/\\\/www.youtube.com\\\/channel\\\/UCZP-2wLEB9Rv6erhFmqVnvg\"],\"address\":{\"@id\":\"https:\\\/\\\/www.eldigitaldeasturias.com\\\/noticias\\\/#postaladdress\",\"@type\":\"PostalAddress\",\"streetAddress\":\"san antonio 4\",\"postalCode\":\"33430\",\"addressLocality\":\"Cand\\u00e1s\",\"addressRegion\":\"Asturias\",\"addressCountry\":\"ES\"}},{\"@type\":\"Person\",\"@id\":\"https:\\\/\\\/www.eldigitaldeasturias.com\\\/noticias\\\/author\\\/admin\\\/#author\",\"url\":\"https:\\\/\\\/www.eldigitaldeasturias.com\\\/noticias\\\/author\\\/admin\\\/\",\"name\":\"El Digital de Asturias\",\"image\":{\"@type\":\"ImageObject\",\"@id\":\"https:\\\/\\\/www.eldigitaldeasturias.com\\\/noticias\\\/kim-y-moon-buenos-amigos-a-la-sombra-de-un-conflicto-nuclear\\\/#authorImage\",\"url\":\"https:\\\/\\\/secure.gravatar.com\\\/avatar\\\/df2aeffc32bcd13f8d26072ef8a91b623d677766deac7f97ca815868cd41bf5e?s=96&d=mm&r=g\",\"width\":96,\"height\":96,\"caption\":\"El Digital de Asturias\"}},{\"@type\":\"WebPage\",\"@id\":\"https:\\\/\\\/www.eldigitaldeasturias.com\\\/noticias\\\/kim-y-moon-buenos-amigos-a-la-sombra-de-un-conflicto-nuclear\\\/#webpage\",\"url\":\"https:\\\/\\\/www.eldigitaldeasturias.com\\\/noticias\\\/kim-y-moon-buenos-amigos-a-la-sombra-de-un-conflicto-nuclear\\\/\",\"name\":\"Kim y Moon, \\u00abbuenos amigos\\u00bb a la sombra de un conflicto nuclear - El Digital de Asturias\",\"description\":\"Panmunjom, 27 abr (dpa) - El d\\u00eda de hoy deja una imagen para la historia: el apret\\u00f3n de manos del l\\u00edder norcoreano, Kim Jong-un, y el presidente surcoreano, Moon Jae-in, sobre la l\\u00ednea de demarcaci\\u00f3n entre los dos pa\\u00edses. A esta le siguen otras, como cuando ambos l\\u00edderes pasan de un lado a otro de\",\"inLanguage\":\"es-ES\",\"isPartOf\":{\"@id\":\"https:\\\/\\\/www.eldigitaldeasturias.com\\\/noticias\\\/#website\"},\"breadcrumb\":{\"@id\":\"https:\\\/\\\/www.eldigitaldeasturias.com\\\/noticias\\\/kim-y-moon-buenos-amigos-a-la-sombra-de-un-conflicto-nuclear\\\/#breadcrumblist\"},\"author\":{\"@id\":\"https:\\\/\\\/www.eldigitaldeasturias.com\\\/noticias\\\/author\\\/admin\\\/#author\"},\"creator\":{\"@id\":\"https:\\\/\\\/www.eldigitaldeasturias.com\\\/noticias\\\/author\\\/admin\\\/#author\"},\"image\":{\"@type\":\"ImageObject\",\"url\":977807,\"@id\":\"https:\\\/\\\/www.eldigitaldeasturias.com\\\/noticias\\\/kim-y-moon-buenos-amigos-a-la-sombra-de-un-conflicto-nuclear\\\/#mainImage\"},\"primaryImageOfPage\":{\"@id\":\"https:\\\/\\\/www.eldigitaldeasturias.com\\\/noticias\\\/kim-y-moon-buenos-amigos-a-la-sombra-de-un-conflicto-nuclear\\\/#mainImage\"},\"datePublished\":\"2018-04-28T00:42:28+02:00\",\"dateModified\":\"2018-04-28T00:42:28+02:00\"},{\"@type\":\"WebSite\",\"@id\":\"https:\\\/\\\/www.eldigitaldeasturias.com\\\/noticias\\\/#website\",\"url\":\"https:\\\/\\\/www.eldigitaldeasturias.com\\\/noticias\\\/\",\"name\":\"El Digital de Asturias - Diario de actualidad y noticias\",\"alternateName\":\"El Digital de Asturias - Diario de actualidad y noticias\",\"description\":\"Hemeroteca\",\"inLanguage\":\"es-ES\",\"publisher\":{\"@id\":\"https:\\\/\\\/www.eldigitaldeasturias.com\\\/noticias\\\/#organization\"}}]}\n\t\t<\/script>\n\t\t<!-- All in One SEO Pro -->\r\n\t\t<title>Kim y Moon, \u00abbuenos amigos\u00bb a la sombra de un conflicto nuclear - El Digital de Asturias<\/title>\n\n","aioseo_head_json":{"title":"Kim y Moon, \u00abbuenos amigos\u00bb a la sombra de un conflicto nuclear - El Digital de Asturias","description":"Panmunjom, 27 abr (dpa) - El d\u00eda de hoy deja una imagen para la historia: el apret\u00f3n de manos del l\u00edder norcoreano, Kim Jong-un, y el presidente surcoreano, Moon Jae-in, sobre la l\u00ednea de demarcaci\u00f3n entre los dos pa\u00edses. A esta le siguen otras, como cuando ambos l\u00edderes pasan de un lado a otro de","canonical_url":"https:\/\/www.eldigitaldeasturias.com\/noticias\/kim-y-moon-buenos-amigos-a-la-sombra-de-un-conflicto-nuclear\/","robots":"max-image-preview:large","keywords":"actualidad","webmasterTools":{"google-site-verification":"UA-38556648-1","msvalidate.01":"7dfe9f3f1b24437ab69f4f2559babe99","miscellaneous":""},"schema":{"@context":"https:\/\/schema.org","@graph":[{"@type":"BlogPosting","@id":"https:\/\/www.eldigitaldeasturias.com\/noticias\/kim-y-moon-buenos-amigos-a-la-sombra-de-un-conflicto-nuclear\/#blogposting","name":"Kim y Moon, \u00abbuenos amigos\u00bb a la sombra de un conflicto nuclear - El Digital de Asturias","headline":"Kim y Moon, \u00abbuenos amigos\u00bb a la sombra de un conflicto nuclear","author":{"@id":"https:\/\/www.eldigitaldeasturias.com\/noticias\/author\/admin\/#author"},"publisher":{"@id":"https:\/\/www.eldigitaldeasturias.com\/noticias\/#organization"},"image":{"@type":"ImageObject","url":977807},"datePublished":"2018-04-28T00:42:28+02:00","dateModified":"2018-04-28T00:42:28+02:00","inLanguage":"es-ES","mainEntityOfPage":{"@id":"https:\/\/www.eldigitaldeasturias.com\/noticias\/kim-y-moon-buenos-amigos-a-la-sombra-de-un-conflicto-nuclear\/#webpage"},"isPartOf":{"@id":"https:\/\/www.eldigitaldeasturias.com\/noticias\/kim-y-moon-buenos-amigos-a-la-sombra-de-un-conflicto-nuclear\/#webpage"},"articleSection":"Actualidad"},{"@type":"BreadcrumbList","@id":"https:\/\/www.eldigitaldeasturias.com\/noticias\/kim-y-moon-buenos-amigos-a-la-sombra-de-un-conflicto-nuclear\/#breadcrumblist","itemListElement":[{"@type":"ListItem","@id":"https:\/\/www.eldigitaldeasturias.com\/noticias#listItem","position":1,"name":"Home","item":"https:\/\/www.eldigitaldeasturias.com\/noticias","nextItem":{"@type":"ListItem","@id":"https:\/\/www.eldigitaldeasturias.com\/noticias\/category\/actualidad\/#listItem","name":"Actualidad"}},{"@type":"ListItem","@id":"https:\/\/www.eldigitaldeasturias.com\/noticias\/category\/actualidad\/#listItem","position":2,"name":"Actualidad","item":"https:\/\/www.eldigitaldeasturias.com\/noticias\/category\/actualidad\/","nextItem":{"@type":"ListItem","@id":"https:\/\/www.eldigitaldeasturias.com\/noticias\/kim-y-moon-buenos-amigos-a-la-sombra-de-un-conflicto-nuclear\/#listItem","name":"Kim y Moon, \u00abbuenos amigos\u00bb a la sombra de un conflicto nuclear"},"previousItem":{"@type":"ListItem","@id":"https:\/\/www.eldigitaldeasturias.com\/noticias#listItem","name":"Home"}},{"@type":"ListItem","@id":"https:\/\/www.eldigitaldeasturias.com\/noticias\/kim-y-moon-buenos-amigos-a-la-sombra-de-un-conflicto-nuclear\/#listItem","position":3,"name":"Kim y Moon, \u00abbuenos amigos\u00bb a la sombra de un conflicto nuclear","previousItem":{"@type":"ListItem","@id":"https:\/\/www.eldigitaldeasturias.com\/noticias\/category\/actualidad\/#listItem","name":"Actualidad"}}]},{"@type":"Organization","@id":"https:\/\/www.eldigitaldeasturias.com\/noticias\/#organization","name":"El Digital de Asturias","description":"Hemeroteca","url":"https:\/\/www.eldigitaldeasturias.com\/noticias\/","email":"info@eldigitaldeasturias.com","telephone":"+34652131393","logo":{"@type":"ImageObject","url":"https:\/\/www.eldigitaldeasturias.com\/noticias\/wp-content\/uploads\/2020\/12\/EDA.jpg","@id":"https:\/\/www.eldigitaldeasturias.com\/noticias\/kim-y-moon-buenos-amigos-a-la-sombra-de-un-conflicto-nuclear\/#organizationLogo"},"image":{"@id":"https:\/\/www.eldigitaldeasturias.com\/noticias\/kim-y-moon-buenos-amigos-a-la-sombra-de-un-conflicto-nuclear\/#organizationLogo"},"sameAs":["https:\/\/facebook.com\/eldigitaldeasturias","https:\/\/www.youtube.com\/channel\/UCZP-2wLEB9Rv6erhFmqVnvg"],"address":{"@id":"https:\/\/www.eldigitaldeasturias.com\/noticias\/#postaladdress","@type":"PostalAddress","streetAddress":"san antonio 4","postalCode":"33430","addressLocality":"Cand\u00e1s","addressRegion":"Asturias","addressCountry":"ES"}},{"@type":"Person","@id":"https:\/\/www.eldigitaldeasturias.com\/noticias\/author\/admin\/#author","url":"https:\/\/www.eldigitaldeasturias.com\/noticias\/author\/admin\/","name":"El Digital de Asturias","image":{"@type":"ImageObject","@id":"https:\/\/www.eldigitaldeasturias.com\/noticias\/kim-y-moon-buenos-amigos-a-la-sombra-de-un-conflicto-nuclear\/#authorImage","url":"https:\/\/secure.gravatar.com\/avatar\/df2aeffc32bcd13f8d26072ef8a91b623d677766deac7f97ca815868cd41bf5e?s=96&d=mm&r=g","width":96,"height":96,"caption":"El Digital de Asturias"}},{"@type":"WebPage","@id":"https:\/\/www.eldigitaldeasturias.com\/noticias\/kim-y-moon-buenos-amigos-a-la-sombra-de-un-conflicto-nuclear\/#webpage","url":"https:\/\/www.eldigitaldeasturias.com\/noticias\/kim-y-moon-buenos-amigos-a-la-sombra-de-un-conflicto-nuclear\/","name":"Kim y Moon, \u00abbuenos amigos\u00bb a la sombra de un conflicto nuclear - El Digital de Asturias","description":"Panmunjom, 27 abr (dpa) - El d\u00eda de hoy deja una imagen para la historia: el apret\u00f3n de manos del l\u00edder norcoreano, Kim Jong-un, y el presidente surcoreano, Moon Jae-in, sobre la l\u00ednea de demarcaci\u00f3n entre los dos pa\u00edses. A esta le siguen otras, como cuando ambos l\u00edderes pasan de un lado a otro de","inLanguage":"es-ES","isPartOf":{"@id":"https:\/\/www.eldigitaldeasturias.com\/noticias\/#website"},"breadcrumb":{"@id":"https:\/\/www.eldigitaldeasturias.com\/noticias\/kim-y-moon-buenos-amigos-a-la-sombra-de-un-conflicto-nuclear\/#breadcrumblist"},"author":{"@id":"https:\/\/www.eldigitaldeasturias.com\/noticias\/author\/admin\/#author"},"creator":{"@id":"https:\/\/www.eldigitaldeasturias.com\/noticias\/author\/admin\/#author"},"image":{"@type":"ImageObject","url":977807,"@id":"https:\/\/www.eldigitaldeasturias.com\/noticias\/kim-y-moon-buenos-amigos-a-la-sombra-de-un-conflicto-nuclear\/#mainImage"},"primaryImageOfPage":{"@id":"https:\/\/www.eldigitaldeasturias.com\/noticias\/kim-y-moon-buenos-amigos-a-la-sombra-de-un-conflicto-nuclear\/#mainImage"},"datePublished":"2018-04-28T00:42:28+02:00","dateModified":"2018-04-28T00:42:28+02:00"},{"@type":"WebSite","@id":"https:\/\/www.eldigitaldeasturias.com\/noticias\/#website","url":"https:\/\/www.eldigitaldeasturias.com\/noticias\/","name":"El Digital de Asturias - Diario de actualidad y noticias","alternateName":"El Digital de Asturias - Diario de actualidad y noticias","description":"Hemeroteca","inLanguage":"es-ES","publisher":{"@id":"https:\/\/www.eldigitaldeasturias.com\/noticias\/#organization"}}]},"og:locale":"es_ES","og:site_name":"El Digital de Asturias","og:type":"article","og:title":"Kim y Moon, \u00abbuenos amigos\u00bb a la sombra de un conflicto nuclear - El Digital de Asturias","og:description":"Panmunjom, 27 abr (dpa) - El d\u00eda de hoy deja una imagen para la historia: el apret\u00f3n de manos del l\u00edder norcoreano, Kim Jong-un, y el presidente surcoreano, Moon Jae-in, sobre la l\u00ednea de demarcaci\u00f3n entre los dos pa\u00edses. A esta le siguen otras, como cuando ambos l\u00edderes pasan de un lado a otro de","og:url":"https:\/\/www.eldigitaldeasturias.com\/noticias\/kim-y-moon-buenos-amigos-a-la-sombra-de-un-conflicto-nuclear\/","article:tag":["actualidad"],"article:published_time":"2018-04-28T00:42:28+00:00","article:modified_time":"2018-04-28T00:42:28+00:00","article:publisher":"https:\/\/facebook.com\/eldigitaldeasturias","twitter:card":"summary_large_image","twitter:title":"Kim y Moon, \u00abbuenos amigos\u00bb a la sombra de un conflicto nuclear - El Digital de Asturias","twitter:description":"Panmunjom, 27 abr (dpa) - El d\u00eda de hoy deja una imagen para la historia: el apret\u00f3n de manos del l\u00edder norcoreano, Kim Jong-un, y el presidente surcoreano, Moon Jae-in, sobre la l\u00ednea de demarcaci\u00f3n entre los dos pa\u00edses. A esta le siguen otras, como cuando ambos l\u00edderes pasan de un lado a otro de","twitter:image":"https:\/\/www.eldigitaldeasturias.com\/noticias\/wp-content\/uploads\/2020\/12\/EDA-1.jpg","twitter:label1":"Escrito por","twitter:data1":"El Digital de Asturias","twitter:label2":"Tiempo de lectura estimado","twitter:data2":"4 minutos"},"aioseo_meta_data":{"post_id":"977924","title":null,"description":null,"keywords":null,"keyphrases":null,"primary_term":null,"canonical_url":null,"og_title":null,"og_description":null,"og_object_type":"default","og_image_type":"default","og_image_url":null,"og_image_width":null,"og_image_height":null,"og_image_custom_url":null,"og_image_custom_fields":null,"og_video":null,"og_custom_url":null,"og_article_section":null,"og_article_tags":null,"twitter_use_og":false,"twitter_card":"default","twitter_image_type":"default","twitter_image_url":null,"twitter_image_custom_url":null,"twitter_image_custom_fields":null,"twitter_title":null,"twitter_description":null,"schema":{"blockGraphs":[],"customGraphs":[],"default":{"data":{"Article":[],"Course":[],"Dataset":[],"FAQPage":[],"Movie":[],"Person":[],"Product":[],"ProductReview":[],"Car":[],"Recipe":[],"Service":[],"SoftwareApplication":[],"WebPage":[]},"graphName":"","isEnabled":true},"graphs":[],"defaultGraph":"","defaultPostTypeGraph":""},"schema_type":null,"schema_type_options":null,"pillar_content":false,"robots_default":true,"robots_noindex":false,"robots_noarchive":false,"robots_nosnippet":false,"robots_nofollow":false,"robots_noimageindex":false,"robots_noodp":false,"robots_notranslate":false,"robots_max_snippet":null,"robots_max_videopreview":null,"robots_max_imagepreview":"large","priority":null,"frequency":null,"local_seo":null,"seo_analyzer_scan_date":"2025-10-08 09:02:05","breadcrumb_settings":null,"limit_modified_date":false,"open_ai":null,"ai":null,"created":"2020-12-21 12:03:40","updated":"2025-10-08 09:02:05","focus_keyword":null,"additional_keywords":null,"truseo_locale":null},"aioseo_breadcrumb":"<div class=\"aioseo-breadcrumbs\"><span class=\"aioseo-breadcrumb\">\n\t<a href=\"https:\/\/www.eldigitaldeasturias.com\/noticias\" title=\"Home\">Home<\/a>\n<\/span><span class=\"aioseo-breadcrumb-separator\">\u2013<\/span><span class=\"aioseo-breadcrumb\">\n\t<a href=\"https:\/\/www.eldigitaldeasturias.com\/noticias\/category\/actualidad\/\" title=\"Actualidad\">Actualidad<\/a>\n<\/span><span class=\"aioseo-breadcrumb-separator\">\u2013<\/span><span class=\"aioseo-breadcrumb\">\n\t<a href=\"https:\/\/www.eldigitaldeasturias.com\/noticias\/kim-y-moon-buenos-amigos-a-la-sombra-de-un-conflicto-nuclear\/\" title=\"Kim y Moon, \u00abbuenos amigos\u00bb a la sombra de un conflicto nuclear\">Kim y Moon, \u00abbuenos amigos\u00bb a la sombra de un conflicto nuclear<\/a>\n<\/span><\/div>","aioseo_breadcrumb_json":[{"label":"Home","link":"https:\/\/www.eldigitaldeasturias.com\/noticias"},{"label":"Actualidad","link":"https:\/\/www.eldigitaldeasturias.com\/noticias\/category\/actualidad\/"},{"label":"Kim y Moon, \u00abbuenos amigos\u00bb a la sombra de un conflicto nuclear","link":"https:\/\/www.eldigitaldeasturias.com\/noticias\/kim-y-moon-buenos-amigos-a-la-sombra-de-un-conflicto-nuclear\/"}],"_links":{"self":[{"href":"https:\/\/www.eldigitaldeasturias.com\/noticias\/wp-json\/wp\/v2\/posts\/977924","targetHints":{"allow":["GET"]}}],"collection":[{"href":"https:\/\/www.eldigitaldeasturias.com\/noticias\/wp-json\/wp\/v2\/posts"}],"about":[{"href":"https:\/\/www.eldigitaldeasturias.com\/noticias\/wp-json\/wp\/v2\/types\/post"}],"author":[{"embeddable":true,"href":"https:\/\/www.eldigitaldeasturias.com\/noticias\/wp-json\/wp\/v2\/users\/1"}],"replies":[{"embeddable":true,"href":"https:\/\/www.eldigitaldeasturias.com\/noticias\/wp-json\/wp\/v2\/comments?post=977924"}],"version-history":[{"count":0,"href":"https:\/\/www.eldigitaldeasturias.com\/noticias\/wp-json\/wp\/v2\/posts\/977924\/revisions"}],"wp:attachment":[{"href":"https:\/\/www.eldigitaldeasturias.com\/noticias\/wp-json\/wp\/v2\/media?parent=977924"}],"wp:term":[{"taxonomy":"category","embeddable":true,"href":"https:\/\/www.eldigitaldeasturias.com\/noticias\/wp-json\/wp\/v2\/categories?post=977924"},{"taxonomy":"post_tag","embeddable":true,"href":"https:\/\/www.eldigitaldeasturias.com\/noticias\/wp-json\/wp\/v2\/tags?post=977924"}],"curies":[{"name":"wp","href":"https:\/\/api.w.org\/{rel}","templated":true}]}}