{"id":977903,"date":"2018-04-27T20:52:13","date_gmt":"2018-04-27T20:52:13","guid":{"rendered":"http:\/\/www.eldigitaldeasturias.com\/noticias\/?p=977903"},"modified":"2018-04-27T20:52:13","modified_gmt":"2018-04-27T20:52:13","slug":"ocho-motivos-de-la-ira-en-espana-tras-el-juicio-a-la-manada","status":"publish","type":"post","link":"https:\/\/www.eldigitaldeasturias.com\/noticias\/ocho-motivos-de-la-ira-en-espana-tras-el-juicio-a-la-manada\/","title":{"rendered":"Ocho motivos de la ira en Espa\u00f1a tras el juicio a \u201cLa Manada\u201d"},"content":{"rendered":"<p><img loading=\"lazy\" decoding=\"async\" class=\"alignleft size-medium wp-image-977794\" src=\"https:\/\/www.eldigitaldeasturias.com\/noticias\/wp-content\/uploads\/2018\/04\/manifestacion-manada-360x188.jpg\" alt=\"\" width=\"360\" height=\"188\" \/>Madrid, 27 abr (dpa) &#8211; La condena m\u00e1s suave de lo esperado a cinco acusados de violar en grupo a una joven de 18 a\u00f1os mientras lo filmaban desat\u00f3 una ola de indignaci\u00f3n en Espa\u00f1a.<\/p>\n<p>Decenas de miles de personas protestaron en las calles y todo el arco pol\u00edtico mostr\u00f3 desde estupor a \u00abasco\u00bb. Ocho claves que explican la pol\u00e9mica:<\/p>\n<p>Los hechos<\/p>\n<p>Los cinco acusados, llamados \u00abLa Manada\u00bb por el grupo de WhatsApp que compart\u00edan, conocieron a la joven durante las fiestas de Sanfermines de 2016, la metieron en el portal de un edificio y abusaron de ella en grupo y de varias formas mientras filmaban los hechos. Luego le robaron el tel\u00e9fono y la abandonaron en el lugar.<\/p>\n<p>La sentencia<\/p>\n<p>Aunque la sentencia le\u00edda el jueves reconoce esos hechos probados, condena a los acusados solo por abuso sexual y no por violaci\u00f3n, al entender que no hubo \u00abviolencia ni intimidaci\u00f3n\u00bb, elementos requeridos por este delito. Una interpretaci\u00f3n que contrasta con algunos pasajes ampliamente difundidos en la prensa espa\u00f1ola.<\/p>\n<p>Los jueces indican, por ejemplo, que la v\u00edctima sinti\u00f3 \u00abuna angustia incrementada cuando uno de los procesados acerc\u00f3 la mand\u00edbula de la denunciante para que le hiciera una felaci\u00f3n\u00bb o refleja su \u00abintenso agobio y desasosiego que le produjo estupor y le hizo adoptar una actitud de sometimiento y pasividad\u00bb.<\/p>\n<p>Otro pasaje de la sentencia a\u00f1ade que los acusados \u00abutilizan a la denunciante como un mero objeto\u00bb. \u00abEn las \u00faltimas im\u00e1genes grabadas, aparec\u00eda encogida, arrinconada contra la pared y gritando\u00bb, concluye. A pesar de esa situaci\u00f3n y de las lesiones que presentaba la joven, los jueces descartaron la violaci\u00f3n.<\/p>\n<p>El voto particular<\/p>\n<p>Uno de los tres jueces se distanci\u00f3 incluso de la sentencia y vot\u00f3 por la absoluci\u00f3n de los acusados al interpretar que la relaci\u00f3n fue consentida como aseguraba la defensa.<\/p>\n<p>Sus argumentos fueron otro factor que irrit\u00f3 a la opini\u00f3n p\u00fablica: el juez no vio en los videos ninguna prueba de \u00abviolencia, fuerza o brusquedad\u00bb sobre la v\u00edctima, sino \u00abun ambiente de jolgorio y regocijo en todos ellos y, ciertamente, menor actividad y expresividad en la denunciante\u00bb.<\/p>\n<p>Los acusados<\/p>\n<p>\u00abEl poder del lobo reside en La Manada\u00bb, reza el tatuaje de uno de los cinco acusados. El apodo de \u00abLa Manada\u00bb encaj\u00f3 en los medios desde el principio con el car\u00e1cter brutal y colectivo de los hechos denunciados.<\/p>\n<p>No son los \u00fanicos: cuatro de los cinco amigos de Sevilla, sur de Espa\u00f1a, tienen pendiente un segundo juicio por abusar de otra chica el mismo a\u00f1o. Otro dato gener\u00f3 una conmoci\u00f3n adicional: entre los miembros de \u00abLa Manada\u00bb, hoy de entre 26 y 30 a\u00f1os, hay un militar y un guardia civil.<\/p>\n<p>El proceso<\/p>\n<p>Antes de que se conociera la pol\u00e9mica sentencia, el juicio desat\u00f3 ya una fuerte controversia en Espa\u00f1a en especial por las preguntas a la v\u00edctima y las pruebas admitidas por el tribunal, entre ellas el informe de un detective que registr\u00f3 sus movimientos los d\u00edas posteriores a los hechos o sus fotos en redes sociales.<\/p>\n<p>Preguntada una y otra vez sobre por qu\u00e9 no present\u00f3 m\u00e1s resistencia f\u00edsica, la chica insisti\u00f3 en el juicio que estaba en \u00abestado de shock\u00bb y que solo quer\u00eda que la situaci\u00f3n acabara cuanto antes. Colectivos feministas se manifestaron ya durante el juicio en noviembre contra lo que consideraban una \u00abJusticia patriarcal\u00bb.<\/p>\n<p>El lugar<\/p>\n<p>Los Sanfermines, inmortalizados por Ernest Hemingway en su libro \u00abFiesta\u00bb, son una de las fiestas m\u00e1s populares e internacionales de Espa\u00f1a. La ciudad de Pamplona, en el norte del pa\u00eds, viene impulsando campa\u00f1as para impedir nuevos casos de abusos o tocamientos en el desenfreno que acompa\u00f1a los tradicionales encierros taurinos.<\/p>\n<p>El momento<\/p>\n<p>En particular desde la ley contra la violencia de g\u00e9nero impulsada por el Gobierno del socialista Jos\u00e9 Luis Rodr\u00edguez Zapatero en 2004, Espa\u00f1a vive un intenso proceso de toma de conciencia y reivindicaci\u00f3n de la igualdad que se aceler\u00f3 el \u00faltimo a\u00f1o. El 8 de marzo, millones de personas salieron a la calle y se unieron a una hist\u00f3rica huelga por el D\u00eda Internacional de la Mujer Trabajadora.<\/p>\n<p>Las consecuencias<\/p>\n<p>La condena virtualmente un\u00e1nime de pol\u00edticos, artistas y periodistas a la absoluci\u00f3n de \u00abLa Manada\u00bb por violaci\u00f3n dio respaldo a las masivas protestas en las calles de todo el pa\u00eds. El caso podr\u00eda marcar un antes y un despu\u00e9s: manteniendo su respeto a la Justicia, el Gobierno abri\u00f3 hoy la puerta a revisar la tipificaci\u00f3n de delitos sexuales en el C\u00f3digo Penal, que se remonta a 1995.<\/p>\n<p><i class=\"lang-es\"><span class=\" readonly\" title=\"\">Por Pablo Sanguinetti (dpa)<\/span><\/i><\/p>\n","protected":false},"excerpt":{"rendered":"<p>Madrid, 27 abr (dpa) &#8211; La condena m\u00e1s suave de lo esperado a cinco acusados de violar en grupo a una joven de 18 a\u00f1os mientras lo filmaban desat\u00f3 una ola de indignaci\u00f3n en Espa\u00f1a. Decenas de miles de personas protestaron en las calles y todo el arco pol\u00edtico mostr\u00f3 desde estupor a \u00abasco\u00bb. Ocho [&hellip;]<\/p>\n","protected":false},"author":1,"featured_media":977794,"comment_status":"closed","ping_status":"closed","sticky":false,"template":"","format":"standard","meta":{"footnotes":""},"categories":[1],"tags":[],"class_list":["post-977903","post","type-post","status-publish","format-standard","has-post-thumbnail","hentry","category-actualidad"],"aioseo_notices":[],"aioseo_head":"\n\t\t<!-- All in One SEO Pro 5.0.1 - aioseo.com -->\n\t<meta name=\"description\" content=\"Madrid, 27 abr (dpa) - La condena m\u00e1s suave de lo esperado a cinco acusados de violar en grupo a una joven de 18 a\u00f1os mientras lo filmaban desat\u00f3 una ola de indignaci\u00f3n en Espa\u00f1a. Decenas de miles de personas protestaron en las calles y todo el arco pol\u00edtico mostr\u00f3 desde estupor a &quot;asco&quot;. Ocho\" \/>\n\t<meta name=\"robots\" content=\"max-image-preview:large\" \/>\n\t<meta name=\"author\" content=\"El Digital de Asturias\"\/>\n\t<meta name=\"google-site-verification\" content=\"UA-38556648-1\" \/>\n\t<meta name=\"msvalidate.01\" content=\"7dfe9f3f1b24437ab69f4f2559babe99\" \/>\n\t<meta name=\"keywords\" content=\"actualidad\" \/>\n\t<link rel=\"canonical\" href=\"https:\/\/www.eldigitaldeasturias.com\/noticias\/ocho-motivos-de-la-ira-en-espana-tras-el-juicio-a-la-manada\/\" \/>\n\t<meta name=\"generator\" content=\"All in One SEO Pro (AIOSEO) 5.0.1\" \/>\n\t\t<meta property=\"og:locale\" content=\"es_ES\" \/>\n\t\t<meta property=\"og:site_name\" content=\"El Digital de Asturias\" \/>\n\t\t<meta property=\"og:type\" content=\"article\" \/>\n\t\t<meta property=\"og:title\" content=\"Ocho motivos de la ira en Espa\u00f1a tras el juicio a \u201cLa Manada\u201d - El Digital de Asturias\" \/>\n\t\t<meta property=\"og:description\" content=\"Madrid, 27 abr (dpa) - La condena m\u00e1s suave de lo esperado a cinco acusados de violar en grupo a una joven de 18 a\u00f1os mientras lo filmaban desat\u00f3 una ola de indignaci\u00f3n en Espa\u00f1a. Decenas de miles de personas protestaron en las calles y todo el arco pol\u00edtico mostr\u00f3 desde estupor a &quot;asco&quot;. Ocho\" \/>\n\t\t<meta property=\"og:url\" content=\"https:\/\/www.eldigitaldeasturias.com\/noticias\/ocho-motivos-de-la-ira-en-espana-tras-el-juicio-a-la-manada\/\" \/>\n\t\t<meta property=\"article:tag\" content=\"actualidad\" \/>\n\t\t<meta property=\"article:published_time\" content=\"2018-04-27T20:52:13+00:00\" \/>\n\t\t<meta property=\"article:modified_time\" content=\"2018-04-27T20:52:13+00:00\" \/>\n\t\t<meta property=\"article:publisher\" content=\"https:\/\/facebook.com\/eldigitaldeasturias\" \/>\n\t\t<meta name=\"twitter:card\" content=\"summary_large_image\" \/>\n\t\t<meta name=\"twitter:title\" content=\"Ocho motivos de la ira en Espa\u00f1a tras el juicio a \u201cLa Manada\u201d - El Digital de Asturias\" \/>\n\t\t<meta name=\"twitter:description\" content=\"Madrid, 27 abr (dpa) - La condena m\u00e1s suave de lo esperado a cinco acusados de violar en grupo a una joven de 18 a\u00f1os mientras lo filmaban desat\u00f3 una ola de indignaci\u00f3n en Espa\u00f1a. Decenas de miles de personas protestaron en las calles y todo el arco pol\u00edtico mostr\u00f3 desde estupor a &quot;asco&quot;. Ocho\" \/>\n\t\t<meta name=\"twitter:image\" content=\"https:\/\/www.eldigitaldeasturias.com\/noticias\/wp-content\/uploads\/2020\/12\/EDA-1.jpg\" \/>\n\t\t<meta name=\"twitter:label1\" content=\"Escrito por\" \/>\n\t\t<meta name=\"twitter:data1\" content=\"El Digital de Asturias\" \/>\n\t\t<meta name=\"twitter:label2\" content=\"Tiempo de lectura estimado\" \/>\n\t\t<meta name=\"twitter:data2\" content=\"4 minutos\" \/>\n\t\t<script type=\"application\/ld+json\" class=\"aioseo-schema\">\n\t\t\t{\"@context\":\"https:\\\/\\\/schema.org\",\"@graph\":[{\"@type\":\"BlogPosting\",\"@id\":\"https:\\\/\\\/www.eldigitaldeasturias.com\\\/noticias\\\/ocho-motivos-de-la-ira-en-espana-tras-el-juicio-a-la-manada\\\/#blogposting\",\"name\":\"Ocho motivos de la ira en Espa\\u00f1a tras el juicio a \\u201cLa Manada\\u201d - El Digital de Asturias\",\"headline\":\"Ocho motivos de la ira en Espa\\u00f1a tras el juicio a \\u201cLa Manada\\u201d\",\"author\":{\"@id\":\"https:\\\/\\\/www.eldigitaldeasturias.com\\\/noticias\\\/author\\\/admin\\\/#author\"},\"publisher\":{\"@id\":\"https:\\\/\\\/www.eldigitaldeasturias.com\\\/noticias\\\/#organization\"},\"image\":{\"@type\":\"ImageObject\",\"url\":977794},\"datePublished\":\"2018-04-27T20:52:13+02:00\",\"dateModified\":\"2018-04-27T20:52:13+02:00\",\"inLanguage\":\"es-ES\",\"mainEntityOfPage\":{\"@id\":\"https:\\\/\\\/www.eldigitaldeasturias.com\\\/noticias\\\/ocho-motivos-de-la-ira-en-espana-tras-el-juicio-a-la-manada\\\/#webpage\"},\"isPartOf\":{\"@id\":\"https:\\\/\\\/www.eldigitaldeasturias.com\\\/noticias\\\/ocho-motivos-de-la-ira-en-espana-tras-el-juicio-a-la-manada\\\/#webpage\"},\"articleSection\":\"Actualidad\"},{\"@type\":\"BreadcrumbList\",\"@id\":\"https:\\\/\\\/www.eldigitaldeasturias.com\\\/noticias\\\/ocho-motivos-de-la-ira-en-espana-tras-el-juicio-a-la-manada\\\/#breadcrumblist\",\"itemListElement\":[{\"@type\":\"ListItem\",\"@id\":\"https:\\\/\\\/www.eldigitaldeasturias.com\\\/noticias#listItem\",\"position\":1,\"name\":\"Home\",\"item\":\"https:\\\/\\\/www.eldigitaldeasturias.com\\\/noticias\",\"nextItem\":{\"@type\":\"ListItem\",\"@id\":\"https:\\\/\\\/www.eldigitaldeasturias.com\\\/noticias\\\/category\\\/actualidad\\\/#listItem\",\"name\":\"Actualidad\"}},{\"@type\":\"ListItem\",\"@id\":\"https:\\\/\\\/www.eldigitaldeasturias.com\\\/noticias\\\/category\\\/actualidad\\\/#listItem\",\"position\":2,\"name\":\"Actualidad\",\"item\":\"https:\\\/\\\/www.eldigitaldeasturias.com\\\/noticias\\\/category\\\/actualidad\\\/\",\"nextItem\":{\"@type\":\"ListItem\",\"@id\":\"https:\\\/\\\/www.eldigitaldeasturias.com\\\/noticias\\\/ocho-motivos-de-la-ira-en-espana-tras-el-juicio-a-la-manada\\\/#listItem\",\"name\":\"Ocho motivos de la ira en Espa\\u00f1a tras el juicio a \\u201cLa Manada\\u201d\"},\"previousItem\":{\"@type\":\"ListItem\",\"@id\":\"https:\\\/\\\/www.eldigitaldeasturias.com\\\/noticias#listItem\",\"name\":\"Home\"}},{\"@type\":\"ListItem\",\"@id\":\"https:\\\/\\\/www.eldigitaldeasturias.com\\\/noticias\\\/ocho-motivos-de-la-ira-en-espana-tras-el-juicio-a-la-manada\\\/#listItem\",\"position\":3,\"name\":\"Ocho motivos de la ira en Espa\\u00f1a tras el juicio a \\u201cLa Manada\\u201d\",\"previousItem\":{\"@type\":\"ListItem\",\"@id\":\"https:\\\/\\\/www.eldigitaldeasturias.com\\\/noticias\\\/category\\\/actualidad\\\/#listItem\",\"name\":\"Actualidad\"}}]},{\"@type\":\"Organization\",\"@id\":\"https:\\\/\\\/www.eldigitaldeasturias.com\\\/noticias\\\/#organization\",\"name\":\"El Digital de Asturias\",\"description\":\"Hemeroteca\",\"url\":\"https:\\\/\\\/www.eldigitaldeasturias.com\\\/noticias\\\/\",\"email\":\"info@eldigitaldeasturias.com\",\"telephone\":\"+34652131393\",\"logo\":{\"@type\":\"ImageObject\",\"url\":\"https:\\\/\\\/www.eldigitaldeasturias.com\\\/noticias\\\/wp-content\\\/uploads\\\/2020\\\/12\\\/EDA.jpg\",\"@id\":\"https:\\\/\\\/www.eldigitaldeasturias.com\\\/noticias\\\/ocho-motivos-de-la-ira-en-espana-tras-el-juicio-a-la-manada\\\/#organizationLogo\"},\"image\":{\"@id\":\"https:\\\/\\\/www.eldigitaldeasturias.com\\\/noticias\\\/ocho-motivos-de-la-ira-en-espana-tras-el-juicio-a-la-manada\\\/#organizationLogo\"},\"sameAs\":[\"https:\\\/\\\/facebook.com\\\/eldigitaldeasturias\",\"https:\\\/\\\/www.youtube.com\\\/channel\\\/UCZP-2wLEB9Rv6erhFmqVnvg\"],\"address\":{\"@id\":\"https:\\\/\\\/www.eldigitaldeasturias.com\\\/noticias\\\/#postaladdress\",\"@type\":\"PostalAddress\",\"streetAddress\":\"san antonio 4\",\"postalCode\":\"33430\",\"addressLocality\":\"Cand\\u00e1s\",\"addressRegion\":\"Asturias\",\"addressCountry\":\"ES\"}},{\"@type\":\"Person\",\"@id\":\"https:\\\/\\\/www.eldigitaldeasturias.com\\\/noticias\\\/author\\\/admin\\\/#author\",\"url\":\"https:\\\/\\\/www.eldigitaldeasturias.com\\\/noticias\\\/author\\\/admin\\\/\",\"name\":\"El Digital de Asturias\",\"image\":{\"@type\":\"ImageObject\",\"@id\":\"https:\\\/\\\/www.eldigitaldeasturias.com\\\/noticias\\\/ocho-motivos-de-la-ira-en-espana-tras-el-juicio-a-la-manada\\\/#authorImage\",\"url\":\"https:\\\/\\\/secure.gravatar.com\\\/avatar\\\/df2aeffc32bcd13f8d26072ef8a91b623d677766deac7f97ca815868cd41bf5e?s=96&d=mm&r=g\",\"width\":96,\"height\":96,\"caption\":\"El Digital de Asturias\"}},{\"@type\":\"WebPage\",\"@id\":\"https:\\\/\\\/www.eldigitaldeasturias.com\\\/noticias\\\/ocho-motivos-de-la-ira-en-espana-tras-el-juicio-a-la-manada\\\/#webpage\",\"url\":\"https:\\\/\\\/www.eldigitaldeasturias.com\\\/noticias\\\/ocho-motivos-de-la-ira-en-espana-tras-el-juicio-a-la-manada\\\/\",\"name\":\"Ocho motivos de la ira en Espa\\u00f1a tras el juicio a \\u201cLa Manada\\u201d - El Digital de Asturias\",\"description\":\"Madrid, 27 abr (dpa) - La condena m\\u00e1s suave de lo esperado a cinco acusados de violar en grupo a una joven de 18 a\\u00f1os mientras lo filmaban desat\\u00f3 una ola de indignaci\\u00f3n en Espa\\u00f1a. Decenas de miles de personas protestaron en las calles y todo el arco pol\\u00edtico mostr\\u00f3 desde estupor a \\\"asco\\\". Ocho\",\"inLanguage\":\"es-ES\",\"isPartOf\":{\"@id\":\"https:\\\/\\\/www.eldigitaldeasturias.com\\\/noticias\\\/#website\"},\"breadcrumb\":{\"@id\":\"https:\\\/\\\/www.eldigitaldeasturias.com\\\/noticias\\\/ocho-motivos-de-la-ira-en-espana-tras-el-juicio-a-la-manada\\\/#breadcrumblist\"},\"author\":{\"@id\":\"https:\\\/\\\/www.eldigitaldeasturias.com\\\/noticias\\\/author\\\/admin\\\/#author\"},\"creator\":{\"@id\":\"https:\\\/\\\/www.eldigitaldeasturias.com\\\/noticias\\\/author\\\/admin\\\/#author\"},\"image\":{\"@type\":\"ImageObject\",\"url\":977794,\"@id\":\"https:\\\/\\\/www.eldigitaldeasturias.com\\\/noticias\\\/ocho-motivos-de-la-ira-en-espana-tras-el-juicio-a-la-manada\\\/#mainImage\"},\"primaryImageOfPage\":{\"@id\":\"https:\\\/\\\/www.eldigitaldeasturias.com\\\/noticias\\\/ocho-motivos-de-la-ira-en-espana-tras-el-juicio-a-la-manada\\\/#mainImage\"},\"datePublished\":\"2018-04-27T20:52:13+02:00\",\"dateModified\":\"2018-04-27T20:52:13+02:00\"},{\"@type\":\"WebSite\",\"@id\":\"https:\\\/\\\/www.eldigitaldeasturias.com\\\/noticias\\\/#website\",\"url\":\"https:\\\/\\\/www.eldigitaldeasturias.com\\\/noticias\\\/\",\"name\":\"El Digital de Asturias - Diario de actualidad y noticias\",\"alternateName\":\"El Digital de Asturias - Diario de actualidad y noticias\",\"description\":\"Hemeroteca\",\"inLanguage\":\"es-ES\",\"publisher\":{\"@id\":\"https:\\\/\\\/www.eldigitaldeasturias.com\\\/noticias\\\/#organization\"}}]}\n\t\t<\/script>\n\t\t<!-- All in One SEO Pro -->\r\n\t\t<title>Ocho motivos de la ira en Espa\u00f1a tras el juicio a \u201cLa Manada\u201d - El Digital de Asturias<\/title>\n\n","aioseo_head_json":{"title":"Ocho motivos de la ira en Espa\u00f1a tras el juicio a \u201cLa Manada\u201d - El Digital de Asturias","description":"Madrid, 27 abr (dpa) - La condena m\u00e1s suave de lo esperado a cinco acusados de violar en grupo a una joven de 18 a\u00f1os mientras lo filmaban desat\u00f3 una ola de indignaci\u00f3n en Espa\u00f1a. Decenas de miles de personas protestaron en las calles y todo el arco pol\u00edtico mostr\u00f3 desde estupor a \"asco\". Ocho","canonical_url":"https:\/\/www.eldigitaldeasturias.com\/noticias\/ocho-motivos-de-la-ira-en-espana-tras-el-juicio-a-la-manada\/","robots":"max-image-preview:large","keywords":"actualidad","webmasterTools":{"google-site-verification":"UA-38556648-1","msvalidate.01":"7dfe9f3f1b24437ab69f4f2559babe99","miscellaneous":""},"schema":{"@context":"https:\/\/schema.org","@graph":[{"@type":"BlogPosting","@id":"https:\/\/www.eldigitaldeasturias.com\/noticias\/ocho-motivos-de-la-ira-en-espana-tras-el-juicio-a-la-manada\/#blogposting","name":"Ocho motivos de la ira en Espa\u00f1a tras el juicio a \u201cLa Manada\u201d - El Digital de Asturias","headline":"Ocho motivos de la ira en Espa\u00f1a tras el juicio a \u201cLa Manada\u201d","author":{"@id":"https:\/\/www.eldigitaldeasturias.com\/noticias\/author\/admin\/#author"},"publisher":{"@id":"https:\/\/www.eldigitaldeasturias.com\/noticias\/#organization"},"image":{"@type":"ImageObject","url":977794},"datePublished":"2018-04-27T20:52:13+02:00","dateModified":"2018-04-27T20:52:13+02:00","inLanguage":"es-ES","mainEntityOfPage":{"@id":"https:\/\/www.eldigitaldeasturias.com\/noticias\/ocho-motivos-de-la-ira-en-espana-tras-el-juicio-a-la-manada\/#webpage"},"isPartOf":{"@id":"https:\/\/www.eldigitaldeasturias.com\/noticias\/ocho-motivos-de-la-ira-en-espana-tras-el-juicio-a-la-manada\/#webpage"},"articleSection":"Actualidad"},{"@type":"BreadcrumbList","@id":"https:\/\/www.eldigitaldeasturias.com\/noticias\/ocho-motivos-de-la-ira-en-espana-tras-el-juicio-a-la-manada\/#breadcrumblist","itemListElement":[{"@type":"ListItem","@id":"https:\/\/www.eldigitaldeasturias.com\/noticias#listItem","position":1,"name":"Home","item":"https:\/\/www.eldigitaldeasturias.com\/noticias","nextItem":{"@type":"ListItem","@id":"https:\/\/www.eldigitaldeasturias.com\/noticias\/category\/actualidad\/#listItem","name":"Actualidad"}},{"@type":"ListItem","@id":"https:\/\/www.eldigitaldeasturias.com\/noticias\/category\/actualidad\/#listItem","position":2,"name":"Actualidad","item":"https:\/\/www.eldigitaldeasturias.com\/noticias\/category\/actualidad\/","nextItem":{"@type":"ListItem","@id":"https:\/\/www.eldigitaldeasturias.com\/noticias\/ocho-motivos-de-la-ira-en-espana-tras-el-juicio-a-la-manada\/#listItem","name":"Ocho motivos de la ira en Espa\u00f1a tras el juicio a \u201cLa Manada\u201d"},"previousItem":{"@type":"ListItem","@id":"https:\/\/www.eldigitaldeasturias.com\/noticias#listItem","name":"Home"}},{"@type":"ListItem","@id":"https:\/\/www.eldigitaldeasturias.com\/noticias\/ocho-motivos-de-la-ira-en-espana-tras-el-juicio-a-la-manada\/#listItem","position":3,"name":"Ocho motivos de la ira en Espa\u00f1a tras el juicio a \u201cLa Manada\u201d","previousItem":{"@type":"ListItem","@id":"https:\/\/www.eldigitaldeasturias.com\/noticias\/category\/actualidad\/#listItem","name":"Actualidad"}}]},{"@type":"Organization","@id":"https:\/\/www.eldigitaldeasturias.com\/noticias\/#organization","name":"El Digital de Asturias","description":"Hemeroteca","url":"https:\/\/www.eldigitaldeasturias.com\/noticias\/","email":"info@eldigitaldeasturias.com","telephone":"+34652131393","logo":{"@type":"ImageObject","url":"https:\/\/www.eldigitaldeasturias.com\/noticias\/wp-content\/uploads\/2020\/12\/EDA.jpg","@id":"https:\/\/www.eldigitaldeasturias.com\/noticias\/ocho-motivos-de-la-ira-en-espana-tras-el-juicio-a-la-manada\/#organizationLogo"},"image":{"@id":"https:\/\/www.eldigitaldeasturias.com\/noticias\/ocho-motivos-de-la-ira-en-espana-tras-el-juicio-a-la-manada\/#organizationLogo"},"sameAs":["https:\/\/facebook.com\/eldigitaldeasturias","https:\/\/www.youtube.com\/channel\/UCZP-2wLEB9Rv6erhFmqVnvg"],"address":{"@id":"https:\/\/www.eldigitaldeasturias.com\/noticias\/#postaladdress","@type":"PostalAddress","streetAddress":"san antonio 4","postalCode":"33430","addressLocality":"Cand\u00e1s","addressRegion":"Asturias","addressCountry":"ES"}},{"@type":"Person","@id":"https:\/\/www.eldigitaldeasturias.com\/noticias\/author\/admin\/#author","url":"https:\/\/www.eldigitaldeasturias.com\/noticias\/author\/admin\/","name":"El Digital de Asturias","image":{"@type":"ImageObject","@id":"https:\/\/www.eldigitaldeasturias.com\/noticias\/ocho-motivos-de-la-ira-en-espana-tras-el-juicio-a-la-manada\/#authorImage","url":"https:\/\/secure.gravatar.com\/avatar\/df2aeffc32bcd13f8d26072ef8a91b623d677766deac7f97ca815868cd41bf5e?s=96&d=mm&r=g","width":96,"height":96,"caption":"El Digital de Asturias"}},{"@type":"WebPage","@id":"https:\/\/www.eldigitaldeasturias.com\/noticias\/ocho-motivos-de-la-ira-en-espana-tras-el-juicio-a-la-manada\/#webpage","url":"https:\/\/www.eldigitaldeasturias.com\/noticias\/ocho-motivos-de-la-ira-en-espana-tras-el-juicio-a-la-manada\/","name":"Ocho motivos de la ira en Espa\u00f1a tras el juicio a \u201cLa Manada\u201d - El Digital de Asturias","description":"Madrid, 27 abr (dpa) - La condena m\u00e1s suave de lo esperado a cinco acusados de violar en grupo a una joven de 18 a\u00f1os mientras lo filmaban desat\u00f3 una ola de indignaci\u00f3n en Espa\u00f1a. Decenas de miles de personas protestaron en las calles y todo el arco pol\u00edtico mostr\u00f3 desde estupor a \"asco\". Ocho","inLanguage":"es-ES","isPartOf":{"@id":"https:\/\/www.eldigitaldeasturias.com\/noticias\/#website"},"breadcrumb":{"@id":"https:\/\/www.eldigitaldeasturias.com\/noticias\/ocho-motivos-de-la-ira-en-espana-tras-el-juicio-a-la-manada\/#breadcrumblist"},"author":{"@id":"https:\/\/www.eldigitaldeasturias.com\/noticias\/author\/admin\/#author"},"creator":{"@id":"https:\/\/www.eldigitaldeasturias.com\/noticias\/author\/admin\/#author"},"image":{"@type":"ImageObject","url":977794,"@id":"https:\/\/www.eldigitaldeasturias.com\/noticias\/ocho-motivos-de-la-ira-en-espana-tras-el-juicio-a-la-manada\/#mainImage"},"primaryImageOfPage":{"@id":"https:\/\/www.eldigitaldeasturias.com\/noticias\/ocho-motivos-de-la-ira-en-espana-tras-el-juicio-a-la-manada\/#mainImage"},"datePublished":"2018-04-27T20:52:13+02:00","dateModified":"2018-04-27T20:52:13+02:00"},{"@type":"WebSite","@id":"https:\/\/www.eldigitaldeasturias.com\/noticias\/#website","url":"https:\/\/www.eldigitaldeasturias.com\/noticias\/","name":"El Digital de Asturias - Diario de actualidad y noticias","alternateName":"El Digital de Asturias - Diario de actualidad y noticias","description":"Hemeroteca","inLanguage":"es-ES","publisher":{"@id":"https:\/\/www.eldigitaldeasturias.com\/noticias\/#organization"}}]},"og:locale":"es_ES","og:site_name":"El Digital de Asturias","og:type":"article","og:title":"Ocho motivos de la ira en Espa\u00f1a tras el juicio a \u201cLa Manada\u201d - El Digital de Asturias","og:description":"Madrid, 27 abr (dpa) - La condena m\u00e1s suave de lo esperado a cinco acusados de violar en grupo a una joven de 18 a\u00f1os mientras lo filmaban desat\u00f3 una ola de indignaci\u00f3n en Espa\u00f1a. Decenas de miles de personas protestaron en las calles y todo el arco pol\u00edtico mostr\u00f3 desde estupor a &quot;asco&quot;. Ocho","og:url":"https:\/\/www.eldigitaldeasturias.com\/noticias\/ocho-motivos-de-la-ira-en-espana-tras-el-juicio-a-la-manada\/","article:tag":["actualidad"],"article:published_time":"2018-04-27T20:52:13+00:00","article:modified_time":"2018-04-27T20:52:13+00:00","article:publisher":"https:\/\/facebook.com\/eldigitaldeasturias","twitter:card":"summary_large_image","twitter:title":"Ocho motivos de la ira en Espa\u00f1a tras el juicio a \u201cLa Manada\u201d - El Digital de Asturias","twitter:description":"Madrid, 27 abr (dpa) - La condena m\u00e1s suave de lo esperado a cinco acusados de violar en grupo a una joven de 18 a\u00f1os mientras lo filmaban desat\u00f3 una ola de indignaci\u00f3n en Espa\u00f1a. Decenas de miles de personas protestaron en las calles y todo el arco pol\u00edtico mostr\u00f3 desde estupor a &quot;asco&quot;. Ocho","twitter:image":"https:\/\/www.eldigitaldeasturias.com\/noticias\/wp-content\/uploads\/2020\/12\/EDA-1.jpg","twitter:label1":"Escrito por","twitter:data1":"El Digital de Asturias","twitter:label2":"Tiempo de lectura estimado","twitter:data2":"4 minutos"},"aioseo_meta_data":{"post_id":"977903","title":null,"description":null,"keywords":null,"keyphrases":null,"primary_term":null,"canonical_url":null,"og_title":null,"og_description":null,"og_object_type":"default","og_image_type":"default","og_image_url":null,"og_image_width":null,"og_image_height":null,"og_image_custom_url":null,"og_image_custom_fields":null,"og_video":null,"og_custom_url":null,"og_article_section":null,"og_article_tags":null,"twitter_use_og":false,"twitter_card":"default","twitter_image_type":"default","twitter_image_url":null,"twitter_image_custom_url":null,"twitter_image_custom_fields":null,"twitter_title":null,"twitter_description":null,"schema":{"blockGraphs":[],"customGraphs":[],"default":{"data":{"Article":[],"Course":[],"Dataset":[],"FAQPage":[],"Movie":[],"Person":[],"Product":[],"ProductReview":[],"Car":[],"Recipe":[],"Service":[],"SoftwareApplication":[],"WebPage":[]},"graphName":"","isEnabled":true},"graphs":[],"defaultGraph":"","defaultPostTypeGraph":""},"schema_type":null,"schema_type_options":null,"pillar_content":false,"robots_default":true,"robots_noindex":false,"robots_noarchive":false,"robots_nosnippet":false,"robots_nofollow":false,"robots_noimageindex":false,"robots_noodp":false,"robots_notranslate":false,"robots_max_snippet":null,"robots_max_videopreview":null,"robots_max_imagepreview":"large","priority":null,"frequency":null,"local_seo":null,"seo_analyzer_scan_date":"2025-10-08 08:58:07","breadcrumb_settings":null,"limit_modified_date":false,"open_ai":null,"ai":null,"created":"2020-12-21 11:01:36","updated":"2025-10-08 08:58:07","focus_keyword":null,"additional_keywords":null,"truseo_locale":null},"aioseo_breadcrumb":"<div class=\"aioseo-breadcrumbs\"><span class=\"aioseo-breadcrumb\">\n\t<a href=\"https:\/\/www.eldigitaldeasturias.com\/noticias\" title=\"Home\">Home<\/a>\n<\/span><span class=\"aioseo-breadcrumb-separator\">\u2013<\/span><span class=\"aioseo-breadcrumb\">\n\t<a href=\"https:\/\/www.eldigitaldeasturias.com\/noticias\/category\/actualidad\/\" title=\"Actualidad\">Actualidad<\/a>\n<\/span><span class=\"aioseo-breadcrumb-separator\">\u2013<\/span><span class=\"aioseo-breadcrumb\">\n\t<a href=\"https:\/\/www.eldigitaldeasturias.com\/noticias\/ocho-motivos-de-la-ira-en-espana-tras-el-juicio-a-la-manada\/\" title=\"Ocho motivos de la ira en Espa\u00f1a tras el juicio a \u201cLa Manada\u201d\">Ocho motivos de la ira en Espa\u00f1a tras el juicio a \u201cLa Manada\u201d<\/a>\n<\/span><\/div>","aioseo_breadcrumb_json":[{"label":"Home","link":"https:\/\/www.eldigitaldeasturias.com\/noticias"},{"label":"Actualidad","link":"https:\/\/www.eldigitaldeasturias.com\/noticias\/category\/actualidad\/"},{"label":"Ocho motivos de la ira en Espa\u00f1a tras el juicio a \u201cLa Manada\u201d","link":"https:\/\/www.eldigitaldeasturias.com\/noticias\/ocho-motivos-de-la-ira-en-espana-tras-el-juicio-a-la-manada\/"}],"_links":{"self":[{"href":"https:\/\/www.eldigitaldeasturias.com\/noticias\/wp-json\/wp\/v2\/posts\/977903","targetHints":{"allow":["GET"]}}],"collection":[{"href":"https:\/\/www.eldigitaldeasturias.com\/noticias\/wp-json\/wp\/v2\/posts"}],"about":[{"href":"https:\/\/www.eldigitaldeasturias.com\/noticias\/wp-json\/wp\/v2\/types\/post"}],"author":[{"embeddable":true,"href":"https:\/\/www.eldigitaldeasturias.com\/noticias\/wp-json\/wp\/v2\/users\/1"}],"replies":[{"embeddable":true,"href":"https:\/\/www.eldigitaldeasturias.com\/noticias\/wp-json\/wp\/v2\/comments?post=977903"}],"version-history":[{"count":0,"href":"https:\/\/www.eldigitaldeasturias.com\/noticias\/wp-json\/wp\/v2\/posts\/977903\/revisions"}],"wp:attachment":[{"href":"https:\/\/www.eldigitaldeasturias.com\/noticias\/wp-json\/wp\/v2\/media?parent=977903"}],"wp:term":[{"taxonomy":"category","embeddable":true,"href":"https:\/\/www.eldigitaldeasturias.com\/noticias\/wp-json\/wp\/v2\/categories?post=977903"},{"taxonomy":"post_tag","embeddable":true,"href":"https:\/\/www.eldigitaldeasturias.com\/noticias\/wp-json\/wp\/v2\/tags?post=977903"}],"curies":[{"name":"wp","href":"https:\/\/api.w.org\/{rel}","templated":true}]}}