{"id":977831,"date":"2018-04-26T23:09:27","date_gmt":"2018-04-26T23:09:27","guid":{"rendered":"http:\/\/www.eldigitaldeasturias.com\/noticias\/?p=977831"},"modified":"2018-04-26T23:09:27","modified_gmt":"2018-04-26T23:09:27","slug":"manifestantes-palestinos-sufren-amputaciones-en-los-enfrentamientos-de-gaza","status":"publish","type":"post","link":"https:\/\/www.eldigitaldeasturias.com\/noticias\/manifestantes-palestinos-sufren-amputaciones-en-los-enfrentamientos-de-gaza\/","title":{"rendered":"Manifestantes palestinos sufren amputaciones en los enfrentamientos de Gaza"},"content":{"rendered":"<p><img loading=\"lazy\" decoding=\"async\" class=\"alignleft size-medium wp-image-974234\" src=\"https:\/\/www.eldigitaldeasturias.com\/noticias\/wp-content\/uploads\/2018\/03\/gaza-678979_1280-360x240.jpg\" alt=\"\" width=\"360\" height=\"240\" \/>Gaza, 26 abr (dpa) &#8211; El palestino Alaa al Dali, de 21 a\u00f1os, so\u00f1\u00f3 mucho tiempo con representar a su pueblo en carreras de ciclismo internacionales, pero nunca llegar\u00e1 a cumplirlo: tuvieron que amputarle la pierna derecha a la altura de la rodilla tras recibir el tiro de un soldado israel\u00ed durante enfrentamientos en la frontera de Gaza. Al igual que \u00e9l, m\u00e1s de una decena de ciudadanos de Gaza han sufrido el mismo destino, seg\u00fan el Ministerio de Salud local.<\/p>\n<p>Al Dali cuenta que particip\u00f3 el Viernes Santo en una manifestaci\u00f3n pac\u00edfica. \u00abEstaba en mi bicicleta con mis amigos cuando una bala me dio en la pierna\u00bb, narra el joven de ojos oscuros, que ya ha ganado varias medallas en competiciones locales.<\/p>\n<p>El Ej\u00e9rcito israel\u00ed acusa a Hamas, que gobierna en la Franja de Gaza, de utilizar las multitudinarias protestas que se producen desde el 30 de marzo para perpetrar ataques contra la valla fronteriza. Hamas utiliza a los civiles en la \u00abMarcha del Retorno\u00bb como escudos humanos, afirma.<\/p>\n<p>Adem\u00e1s las protestas no son de ninguna forma pac\u00edficas, destaca Israel. Los manifestantes atacan a los soldados con piedras y c\u00f3cteles molotov y tratan continuamente de destruir la valla fronteriza y saltar a territorio israel\u00ed, sostiene.<\/p>\n<p>M\u00e1s de 40 palestinos han perdido la vida desde el comienzo de las protestas, entre ellos tambi\u00e9n un menor de edad, y cientos han recibido disparos. Un portavoz del Ej\u00e9rcito israel\u00ed explica que los soldados destacados en la frontera tienen \u00f3rdenes claras de no disparar hasta realizar varios avisos y solo apuntar a las piernas. Pero esto tambi\u00e9n puede tener consecuencias de por vida para los afectados.<\/p>\n<p>Los trabajadores de la organizaci\u00f3n M\u00e9dicos sin Fronteras (MSF) han tratado en las \u00faltimas semanas a cientos de heridos de bala en la Franja de Gaza. Hablan de pacientes con \u00abheridas especialmente graves\u00bb.<\/p>\n<p>El cirujano de MSF Thierry Saucier dice que han visto en las \u00faltimas semanas heridas de salida de bala especialmente terribles. \u00abCuando una bala penetra en el cuerpo, la herida de salida siempre es algo m\u00e1s grande que la de entrada\u00bb, explica. Pero las heridas de salida de los pacientes en la Franja de Gaza son \u00abtan grandes como un pu\u00f1o o incluso como una mano abierta\u00bb, destaca.<\/p>\n<p>El Ej\u00e9rcito israel\u00ed sostiene que no se ha utilizado ninguna nueva munici\u00f3n: \u00abEl Ej\u00e9rcito israel\u00ed solo utiliza armas y munici\u00f3n est\u00e1ndar reconocidas por el derecho internacional\u00bb.<\/p>\n<p>Pero los pacientes requieren un tratamiento extremadamente complejo, seg\u00fan MSF. \u00abLa mayor\u00eda de los pacientes sufrir\u00e1n da\u00f1os f\u00edsicos duraderos a causa de sus heridas\u00bb, lamentan.<\/p>\n<p>La mayor\u00eda de los hospitales en la Franja de Gaza, bloqueada desde hace m\u00e1s de diez a\u00f1os por Israel y Egipto, no cuentan con los recursos suficientes. El Tribunal Supremo israel\u00ed permiti\u00f3 recientemente que un palestino de 20 a\u00f1os viajara a Ramala para recibir tratamiento. Result\u00f3 herido de gravedad en las dos piernas al ser alcanzado por balas durante una protesta y ya hab\u00eda perdido una de ellas.<\/p>\n<p>Tambi\u00e9n se permiti\u00f3 trasladar a Ramala a un ni\u00f1o de 12 a\u00f1os, pero los m\u00e9dicos no pudieron salvarle la pierna.<\/p>\n<p>Seg\u00fan el Ministerio de Salud, alrededor de 400 personas han sufrido heridas de bala en las piernas o los brazos desde que comenzaron las protestas en Gaza. En 19 de los casos hubo que amputar una extremidad: en cuatro de ellos un brazo o una mano y en 15 una pierna o un pie.<\/p>\n<p>Sami Abu Sneima, jefe de cirug\u00eda del Hospital Europeo en el sur de la Franja de Gaza, tambi\u00e9n ha visto muchos casos en los que hubo que amputar brazos y piernas por heridas de bala. \u00abLa amputaci\u00f3n es nuestro \u00faltimo recurso. En el 60 por ciento de los casos relevantes en la Franja de Gaza lo podemos evitar\u00bb, dice.<\/p>\n<p>El caso de Marjam, de Jan Yunis, de 16 a\u00f1os, tuvo un final m\u00e1s positivo. Recibi\u00f3 un tiro que le caus\u00f3 fracturas en una pierna y le seccion\u00f3 venas. \u00abEl caso de Marjam era especialmente complicado porque las arterias eran muy peque\u00f1as\u00bb, cuenta Abu Sneima. Pero los m\u00e9dicos consiguieron garantizar el riego sangu\u00edneo de la pierna herida utilizando un pedazo de una vena de la otra pierna. \u00abAhora se encuentra mucho mejor y est\u00e1 siendo tratada en el departamento de ortopedia\u00bb.<\/p>\n<p><i class=\"lang-es\"><span class=\" readonly\" title=\"\">Por Saud Abu Ramadan y Sara Lemel (dpa)<\/span><\/i><\/p>\n","protected":false},"excerpt":{"rendered":"<p>Gaza, 26 abr (dpa) &#8211; El palestino Alaa al Dali, de 21 a\u00f1os, so\u00f1\u00f3 mucho tiempo con representar a su pueblo en carreras de ciclismo internacionales, pero nunca llegar\u00e1 a cumplirlo: tuvieron que amputarle la pierna derecha a la altura de la rodilla tras recibir el tiro de un soldado israel\u00ed durante enfrentamientos en la [&hellip;]<\/p>\n","protected":false},"author":1,"featured_media":974234,"comment_status":"closed","ping_status":"closed","sticky":false,"template":"","format":"standard","meta":{"footnotes":""},"categories":[1],"tags":[],"class_list":["post-977831","post","type-post","status-publish","format-standard","has-post-thumbnail","hentry","category-actualidad"],"aioseo_notices":[],"aioseo_head":"\n\t\t<!-- All in One SEO Pro 5.0.1 - aioseo.com -->\n\t<meta name=\"description\" content=\"Gaza, 26 abr (dpa) - El palestino Alaa al Dali, de 21 a\u00f1os, so\u00f1\u00f3 mucho tiempo con representar a su pueblo en carreras de ciclismo internacionales, pero nunca llegar\u00e1 a cumplirlo: tuvieron que amputarle la pierna derecha a la altura de la rodilla tras recibir el tiro de un soldado israel\u00ed durante enfrentamientos en la\" \/>\n\t<meta name=\"robots\" content=\"max-image-preview:large\" \/>\n\t<meta name=\"author\" content=\"El Digital de Asturias\"\/>\n\t<meta name=\"google-site-verification\" content=\"UA-38556648-1\" \/>\n\t<meta name=\"msvalidate.01\" content=\"7dfe9f3f1b24437ab69f4f2559babe99\" \/>\n\t<meta name=\"keywords\" content=\"actualidad\" \/>\n\t<link rel=\"canonical\" href=\"https:\/\/www.eldigitaldeasturias.com\/noticias\/manifestantes-palestinos-sufren-amputaciones-en-los-enfrentamientos-de-gaza\/\" \/>\n\t<meta name=\"generator\" content=\"All in One SEO Pro (AIOSEO) 5.0.1\" \/>\n\t\t<meta property=\"og:locale\" content=\"es_ES\" \/>\n\t\t<meta property=\"og:site_name\" content=\"El Digital de Asturias\" \/>\n\t\t<meta property=\"og:type\" content=\"article\" \/>\n\t\t<meta property=\"og:title\" content=\"Manifestantes palestinos sufren amputaciones en los enfrentamientos de Gaza - El Digital de Asturias\" \/>\n\t\t<meta property=\"og:description\" content=\"Gaza, 26 abr (dpa) - El palestino Alaa al Dali, de 21 a\u00f1os, so\u00f1\u00f3 mucho tiempo con representar a su pueblo en carreras de ciclismo internacionales, pero nunca llegar\u00e1 a cumplirlo: tuvieron que amputarle la pierna derecha a la altura de la rodilla tras recibir el tiro de un soldado israel\u00ed durante enfrentamientos en la\" \/>\n\t\t<meta property=\"og:url\" content=\"https:\/\/www.eldigitaldeasturias.com\/noticias\/manifestantes-palestinos-sufren-amputaciones-en-los-enfrentamientos-de-gaza\/\" \/>\n\t\t<meta property=\"article:tag\" content=\"actualidad\" \/>\n\t\t<meta property=\"article:published_time\" content=\"2018-04-26T23:09:27+00:00\" \/>\n\t\t<meta property=\"article:modified_time\" content=\"2018-04-26T23:09:27+00:00\" \/>\n\t\t<meta property=\"article:publisher\" content=\"https:\/\/facebook.com\/eldigitaldeasturias\" \/>\n\t\t<meta name=\"twitter:card\" content=\"summary_large_image\" \/>\n\t\t<meta name=\"twitter:title\" content=\"Manifestantes palestinos sufren amputaciones en los enfrentamientos de Gaza - El Digital de Asturias\" \/>\n\t\t<meta name=\"twitter:description\" content=\"Gaza, 26 abr (dpa) - El palestino Alaa al Dali, de 21 a\u00f1os, so\u00f1\u00f3 mucho tiempo con representar a su pueblo en carreras de ciclismo internacionales, pero nunca llegar\u00e1 a cumplirlo: tuvieron que amputarle la pierna derecha a la altura de la rodilla tras recibir el tiro de un soldado israel\u00ed durante enfrentamientos en la\" \/>\n\t\t<meta name=\"twitter:image\" content=\"https:\/\/www.eldigitaldeasturias.com\/noticias\/wp-content\/uploads\/2020\/12\/EDA-1.jpg\" \/>\n\t\t<meta name=\"twitter:label1\" content=\"Escrito por\" \/>\n\t\t<meta name=\"twitter:data1\" content=\"El Digital de Asturias\" \/>\n\t\t<meta name=\"twitter:label2\" content=\"Tiempo de lectura estimado\" \/>\n\t\t<meta name=\"twitter:data2\" content=\"4 minutos\" \/>\n\t\t<script type=\"application\/ld+json\" class=\"aioseo-schema\">\n\t\t\t{\"@context\":\"https:\\\/\\\/schema.org\",\"@graph\":[{\"@type\":\"BlogPosting\",\"@id\":\"https:\\\/\\\/www.eldigitaldeasturias.com\\\/noticias\\\/manifestantes-palestinos-sufren-amputaciones-en-los-enfrentamientos-de-gaza\\\/#blogposting\",\"name\":\"Manifestantes palestinos sufren amputaciones en los enfrentamientos de Gaza - El Digital de Asturias\",\"headline\":\"Manifestantes palestinos sufren amputaciones en los enfrentamientos de Gaza\",\"author\":{\"@id\":\"https:\\\/\\\/www.eldigitaldeasturias.com\\\/noticias\\\/author\\\/admin\\\/#author\"},\"publisher\":{\"@id\":\"https:\\\/\\\/www.eldigitaldeasturias.com\\\/noticias\\\/#organization\"},\"image\":{\"@type\":\"ImageObject\",\"url\":974234},\"datePublished\":\"2018-04-26T23:09:27+02:00\",\"dateModified\":\"2018-04-26T23:09:27+02:00\",\"inLanguage\":\"es-ES\",\"mainEntityOfPage\":{\"@id\":\"https:\\\/\\\/www.eldigitaldeasturias.com\\\/noticias\\\/manifestantes-palestinos-sufren-amputaciones-en-los-enfrentamientos-de-gaza\\\/#webpage\"},\"isPartOf\":{\"@id\":\"https:\\\/\\\/www.eldigitaldeasturias.com\\\/noticias\\\/manifestantes-palestinos-sufren-amputaciones-en-los-enfrentamientos-de-gaza\\\/#webpage\"},\"articleSection\":\"Actualidad\"},{\"@type\":\"BreadcrumbList\",\"@id\":\"https:\\\/\\\/www.eldigitaldeasturias.com\\\/noticias\\\/manifestantes-palestinos-sufren-amputaciones-en-los-enfrentamientos-de-gaza\\\/#breadcrumblist\",\"itemListElement\":[{\"@type\":\"ListItem\",\"@id\":\"https:\\\/\\\/www.eldigitaldeasturias.com\\\/noticias#listItem\",\"position\":1,\"name\":\"Home\",\"item\":\"https:\\\/\\\/www.eldigitaldeasturias.com\\\/noticias\",\"nextItem\":{\"@type\":\"ListItem\",\"@id\":\"https:\\\/\\\/www.eldigitaldeasturias.com\\\/noticias\\\/category\\\/actualidad\\\/#listItem\",\"name\":\"Actualidad\"}},{\"@type\":\"ListItem\",\"@id\":\"https:\\\/\\\/www.eldigitaldeasturias.com\\\/noticias\\\/category\\\/actualidad\\\/#listItem\",\"position\":2,\"name\":\"Actualidad\",\"item\":\"https:\\\/\\\/www.eldigitaldeasturias.com\\\/noticias\\\/category\\\/actualidad\\\/\",\"nextItem\":{\"@type\":\"ListItem\",\"@id\":\"https:\\\/\\\/www.eldigitaldeasturias.com\\\/noticias\\\/manifestantes-palestinos-sufren-amputaciones-en-los-enfrentamientos-de-gaza\\\/#listItem\",\"name\":\"Manifestantes palestinos sufren amputaciones en los enfrentamientos de Gaza\"},\"previousItem\":{\"@type\":\"ListItem\",\"@id\":\"https:\\\/\\\/www.eldigitaldeasturias.com\\\/noticias#listItem\",\"name\":\"Home\"}},{\"@type\":\"ListItem\",\"@id\":\"https:\\\/\\\/www.eldigitaldeasturias.com\\\/noticias\\\/manifestantes-palestinos-sufren-amputaciones-en-los-enfrentamientos-de-gaza\\\/#listItem\",\"position\":3,\"name\":\"Manifestantes palestinos sufren amputaciones en los enfrentamientos de Gaza\",\"previousItem\":{\"@type\":\"ListItem\",\"@id\":\"https:\\\/\\\/www.eldigitaldeasturias.com\\\/noticias\\\/category\\\/actualidad\\\/#listItem\",\"name\":\"Actualidad\"}}]},{\"@type\":\"Organization\",\"@id\":\"https:\\\/\\\/www.eldigitaldeasturias.com\\\/noticias\\\/#organization\",\"name\":\"El Digital de Asturias\",\"description\":\"Hemeroteca\",\"url\":\"https:\\\/\\\/www.eldigitaldeasturias.com\\\/noticias\\\/\",\"email\":\"info@eldigitaldeasturias.com\",\"telephone\":\"+34652131393\",\"logo\":{\"@type\":\"ImageObject\",\"url\":\"https:\\\/\\\/www.eldigitaldeasturias.com\\\/noticias\\\/wp-content\\\/uploads\\\/2020\\\/12\\\/EDA.jpg\",\"@id\":\"https:\\\/\\\/www.eldigitaldeasturias.com\\\/noticias\\\/manifestantes-palestinos-sufren-amputaciones-en-los-enfrentamientos-de-gaza\\\/#organizationLogo\"},\"image\":{\"@id\":\"https:\\\/\\\/www.eldigitaldeasturias.com\\\/noticias\\\/manifestantes-palestinos-sufren-amputaciones-en-los-enfrentamientos-de-gaza\\\/#organizationLogo\"},\"sameAs\":[\"https:\\\/\\\/facebook.com\\\/eldigitaldeasturias\",\"https:\\\/\\\/www.youtube.com\\\/channel\\\/UCZP-2wLEB9Rv6erhFmqVnvg\"],\"address\":{\"@id\":\"https:\\\/\\\/www.eldigitaldeasturias.com\\\/noticias\\\/#postaladdress\",\"@type\":\"PostalAddress\",\"streetAddress\":\"san antonio 4\",\"postalCode\":\"33430\",\"addressLocality\":\"Cand\\u00e1s\",\"addressRegion\":\"Asturias\",\"addressCountry\":\"ES\"}},{\"@type\":\"Person\",\"@id\":\"https:\\\/\\\/www.eldigitaldeasturias.com\\\/noticias\\\/author\\\/admin\\\/#author\",\"url\":\"https:\\\/\\\/www.eldigitaldeasturias.com\\\/noticias\\\/author\\\/admin\\\/\",\"name\":\"El Digital de Asturias\",\"image\":{\"@type\":\"ImageObject\",\"@id\":\"https:\\\/\\\/www.eldigitaldeasturias.com\\\/noticias\\\/manifestantes-palestinos-sufren-amputaciones-en-los-enfrentamientos-de-gaza\\\/#authorImage\",\"url\":\"https:\\\/\\\/secure.gravatar.com\\\/avatar\\\/df2aeffc32bcd13f8d26072ef8a91b623d677766deac7f97ca815868cd41bf5e?s=96&d=mm&r=g\",\"width\":96,\"height\":96,\"caption\":\"El Digital de Asturias\"}},{\"@type\":\"WebPage\",\"@id\":\"https:\\\/\\\/www.eldigitaldeasturias.com\\\/noticias\\\/manifestantes-palestinos-sufren-amputaciones-en-los-enfrentamientos-de-gaza\\\/#webpage\",\"url\":\"https:\\\/\\\/www.eldigitaldeasturias.com\\\/noticias\\\/manifestantes-palestinos-sufren-amputaciones-en-los-enfrentamientos-de-gaza\\\/\",\"name\":\"Manifestantes palestinos sufren amputaciones en los enfrentamientos de Gaza - El Digital de Asturias\",\"description\":\"Gaza, 26 abr (dpa) - El palestino Alaa al Dali, de 21 a\\u00f1os, so\\u00f1\\u00f3 mucho tiempo con representar a su pueblo en carreras de ciclismo internacionales, pero nunca llegar\\u00e1 a cumplirlo: tuvieron que amputarle la pierna derecha a la altura de la rodilla tras recibir el tiro de un soldado israel\\u00ed durante enfrentamientos en la\",\"inLanguage\":\"es-ES\",\"isPartOf\":{\"@id\":\"https:\\\/\\\/www.eldigitaldeasturias.com\\\/noticias\\\/#website\"},\"breadcrumb\":{\"@id\":\"https:\\\/\\\/www.eldigitaldeasturias.com\\\/noticias\\\/manifestantes-palestinos-sufren-amputaciones-en-los-enfrentamientos-de-gaza\\\/#breadcrumblist\"},\"author\":{\"@id\":\"https:\\\/\\\/www.eldigitaldeasturias.com\\\/noticias\\\/author\\\/admin\\\/#author\"},\"creator\":{\"@id\":\"https:\\\/\\\/www.eldigitaldeasturias.com\\\/noticias\\\/author\\\/admin\\\/#author\"},\"image\":{\"@type\":\"ImageObject\",\"url\":974234,\"@id\":\"https:\\\/\\\/www.eldigitaldeasturias.com\\\/noticias\\\/manifestantes-palestinos-sufren-amputaciones-en-los-enfrentamientos-de-gaza\\\/#mainImage\"},\"primaryImageOfPage\":{\"@id\":\"https:\\\/\\\/www.eldigitaldeasturias.com\\\/noticias\\\/manifestantes-palestinos-sufren-amputaciones-en-los-enfrentamientos-de-gaza\\\/#mainImage\"},\"datePublished\":\"2018-04-26T23:09:27+02:00\",\"dateModified\":\"2018-04-26T23:09:27+02:00\"},{\"@type\":\"WebSite\",\"@id\":\"https:\\\/\\\/www.eldigitaldeasturias.com\\\/noticias\\\/#website\",\"url\":\"https:\\\/\\\/www.eldigitaldeasturias.com\\\/noticias\\\/\",\"name\":\"El Digital de Asturias - Diario de actualidad y noticias\",\"alternateName\":\"El Digital de Asturias - Diario de actualidad y noticias\",\"description\":\"Hemeroteca\",\"inLanguage\":\"es-ES\",\"publisher\":{\"@id\":\"https:\\\/\\\/www.eldigitaldeasturias.com\\\/noticias\\\/#organization\"}}]}\n\t\t<\/script>\n\t\t<!-- All in One SEO Pro -->\r\n\t\t<title>Manifestantes palestinos sufren amputaciones en los enfrentamientos de Gaza - El Digital de Asturias<\/title>\n\n","aioseo_head_json":{"title":"Manifestantes palestinos sufren amputaciones en los enfrentamientos de Gaza - El Digital de Asturias","description":"Gaza, 26 abr (dpa) - El palestino Alaa al Dali, de 21 a\u00f1os, so\u00f1\u00f3 mucho tiempo con representar a su pueblo en carreras de ciclismo internacionales, pero nunca llegar\u00e1 a cumplirlo: tuvieron que amputarle la pierna derecha a la altura de la rodilla tras recibir el tiro de un soldado israel\u00ed durante enfrentamientos en la","canonical_url":"https:\/\/www.eldigitaldeasturias.com\/noticias\/manifestantes-palestinos-sufren-amputaciones-en-los-enfrentamientos-de-gaza\/","robots":"max-image-preview:large","keywords":"actualidad","webmasterTools":{"google-site-verification":"UA-38556648-1","msvalidate.01":"7dfe9f3f1b24437ab69f4f2559babe99","miscellaneous":""},"schema":{"@context":"https:\/\/schema.org","@graph":[{"@type":"BlogPosting","@id":"https:\/\/www.eldigitaldeasturias.com\/noticias\/manifestantes-palestinos-sufren-amputaciones-en-los-enfrentamientos-de-gaza\/#blogposting","name":"Manifestantes palestinos sufren amputaciones en los enfrentamientos de Gaza - El Digital de Asturias","headline":"Manifestantes palestinos sufren amputaciones en los enfrentamientos de Gaza","author":{"@id":"https:\/\/www.eldigitaldeasturias.com\/noticias\/author\/admin\/#author"},"publisher":{"@id":"https:\/\/www.eldigitaldeasturias.com\/noticias\/#organization"},"image":{"@type":"ImageObject","url":974234},"datePublished":"2018-04-26T23:09:27+02:00","dateModified":"2018-04-26T23:09:27+02:00","inLanguage":"es-ES","mainEntityOfPage":{"@id":"https:\/\/www.eldigitaldeasturias.com\/noticias\/manifestantes-palestinos-sufren-amputaciones-en-los-enfrentamientos-de-gaza\/#webpage"},"isPartOf":{"@id":"https:\/\/www.eldigitaldeasturias.com\/noticias\/manifestantes-palestinos-sufren-amputaciones-en-los-enfrentamientos-de-gaza\/#webpage"},"articleSection":"Actualidad"},{"@type":"BreadcrumbList","@id":"https:\/\/www.eldigitaldeasturias.com\/noticias\/manifestantes-palestinos-sufren-amputaciones-en-los-enfrentamientos-de-gaza\/#breadcrumblist","itemListElement":[{"@type":"ListItem","@id":"https:\/\/www.eldigitaldeasturias.com\/noticias#listItem","position":1,"name":"Home","item":"https:\/\/www.eldigitaldeasturias.com\/noticias","nextItem":{"@type":"ListItem","@id":"https:\/\/www.eldigitaldeasturias.com\/noticias\/category\/actualidad\/#listItem","name":"Actualidad"}},{"@type":"ListItem","@id":"https:\/\/www.eldigitaldeasturias.com\/noticias\/category\/actualidad\/#listItem","position":2,"name":"Actualidad","item":"https:\/\/www.eldigitaldeasturias.com\/noticias\/category\/actualidad\/","nextItem":{"@type":"ListItem","@id":"https:\/\/www.eldigitaldeasturias.com\/noticias\/manifestantes-palestinos-sufren-amputaciones-en-los-enfrentamientos-de-gaza\/#listItem","name":"Manifestantes palestinos sufren amputaciones en los enfrentamientos de Gaza"},"previousItem":{"@type":"ListItem","@id":"https:\/\/www.eldigitaldeasturias.com\/noticias#listItem","name":"Home"}},{"@type":"ListItem","@id":"https:\/\/www.eldigitaldeasturias.com\/noticias\/manifestantes-palestinos-sufren-amputaciones-en-los-enfrentamientos-de-gaza\/#listItem","position":3,"name":"Manifestantes palestinos sufren amputaciones en los enfrentamientos de Gaza","previousItem":{"@type":"ListItem","@id":"https:\/\/www.eldigitaldeasturias.com\/noticias\/category\/actualidad\/#listItem","name":"Actualidad"}}]},{"@type":"Organization","@id":"https:\/\/www.eldigitaldeasturias.com\/noticias\/#organization","name":"El Digital de Asturias","description":"Hemeroteca","url":"https:\/\/www.eldigitaldeasturias.com\/noticias\/","email":"info@eldigitaldeasturias.com","telephone":"+34652131393","logo":{"@type":"ImageObject","url":"https:\/\/www.eldigitaldeasturias.com\/noticias\/wp-content\/uploads\/2020\/12\/EDA.jpg","@id":"https:\/\/www.eldigitaldeasturias.com\/noticias\/manifestantes-palestinos-sufren-amputaciones-en-los-enfrentamientos-de-gaza\/#organizationLogo"},"image":{"@id":"https:\/\/www.eldigitaldeasturias.com\/noticias\/manifestantes-palestinos-sufren-amputaciones-en-los-enfrentamientos-de-gaza\/#organizationLogo"},"sameAs":["https:\/\/facebook.com\/eldigitaldeasturias","https:\/\/www.youtube.com\/channel\/UCZP-2wLEB9Rv6erhFmqVnvg"],"address":{"@id":"https:\/\/www.eldigitaldeasturias.com\/noticias\/#postaladdress","@type":"PostalAddress","streetAddress":"san antonio 4","postalCode":"33430","addressLocality":"Cand\u00e1s","addressRegion":"Asturias","addressCountry":"ES"}},{"@type":"Person","@id":"https:\/\/www.eldigitaldeasturias.com\/noticias\/author\/admin\/#author","url":"https:\/\/www.eldigitaldeasturias.com\/noticias\/author\/admin\/","name":"El Digital de Asturias","image":{"@type":"ImageObject","@id":"https:\/\/www.eldigitaldeasturias.com\/noticias\/manifestantes-palestinos-sufren-amputaciones-en-los-enfrentamientos-de-gaza\/#authorImage","url":"https:\/\/secure.gravatar.com\/avatar\/df2aeffc32bcd13f8d26072ef8a91b623d677766deac7f97ca815868cd41bf5e?s=96&d=mm&r=g","width":96,"height":96,"caption":"El Digital de Asturias"}},{"@type":"WebPage","@id":"https:\/\/www.eldigitaldeasturias.com\/noticias\/manifestantes-palestinos-sufren-amputaciones-en-los-enfrentamientos-de-gaza\/#webpage","url":"https:\/\/www.eldigitaldeasturias.com\/noticias\/manifestantes-palestinos-sufren-amputaciones-en-los-enfrentamientos-de-gaza\/","name":"Manifestantes palestinos sufren amputaciones en los enfrentamientos de Gaza - El Digital de Asturias","description":"Gaza, 26 abr (dpa) - El palestino Alaa al Dali, de 21 a\u00f1os, so\u00f1\u00f3 mucho tiempo con representar a su pueblo en carreras de ciclismo internacionales, pero nunca llegar\u00e1 a cumplirlo: tuvieron que amputarle la pierna derecha a la altura de la rodilla tras recibir el tiro de un soldado israel\u00ed durante enfrentamientos en la","inLanguage":"es-ES","isPartOf":{"@id":"https:\/\/www.eldigitaldeasturias.com\/noticias\/#website"},"breadcrumb":{"@id":"https:\/\/www.eldigitaldeasturias.com\/noticias\/manifestantes-palestinos-sufren-amputaciones-en-los-enfrentamientos-de-gaza\/#breadcrumblist"},"author":{"@id":"https:\/\/www.eldigitaldeasturias.com\/noticias\/author\/admin\/#author"},"creator":{"@id":"https:\/\/www.eldigitaldeasturias.com\/noticias\/author\/admin\/#author"},"image":{"@type":"ImageObject","url":974234,"@id":"https:\/\/www.eldigitaldeasturias.com\/noticias\/manifestantes-palestinos-sufren-amputaciones-en-los-enfrentamientos-de-gaza\/#mainImage"},"primaryImageOfPage":{"@id":"https:\/\/www.eldigitaldeasturias.com\/noticias\/manifestantes-palestinos-sufren-amputaciones-en-los-enfrentamientos-de-gaza\/#mainImage"},"datePublished":"2018-04-26T23:09:27+02:00","dateModified":"2018-04-26T23:09:27+02:00"},{"@type":"WebSite","@id":"https:\/\/www.eldigitaldeasturias.com\/noticias\/#website","url":"https:\/\/www.eldigitaldeasturias.com\/noticias\/","name":"El Digital de Asturias - Diario de actualidad y noticias","alternateName":"El Digital de Asturias - Diario de actualidad y noticias","description":"Hemeroteca","inLanguage":"es-ES","publisher":{"@id":"https:\/\/www.eldigitaldeasturias.com\/noticias\/#organization"}}]},"og:locale":"es_ES","og:site_name":"El Digital de Asturias","og:type":"article","og:title":"Manifestantes palestinos sufren amputaciones en los enfrentamientos de Gaza - El Digital de Asturias","og:description":"Gaza, 26 abr (dpa) - El palestino Alaa al Dali, de 21 a\u00f1os, so\u00f1\u00f3 mucho tiempo con representar a su pueblo en carreras de ciclismo internacionales, pero nunca llegar\u00e1 a cumplirlo: tuvieron que amputarle la pierna derecha a la altura de la rodilla tras recibir el tiro de un soldado israel\u00ed durante enfrentamientos en la","og:url":"https:\/\/www.eldigitaldeasturias.com\/noticias\/manifestantes-palestinos-sufren-amputaciones-en-los-enfrentamientos-de-gaza\/","article:tag":["actualidad"],"article:published_time":"2018-04-26T23:09:27+00:00","article:modified_time":"2018-04-26T23:09:27+00:00","article:publisher":"https:\/\/facebook.com\/eldigitaldeasturias","twitter:card":"summary_large_image","twitter:title":"Manifestantes palestinos sufren amputaciones en los enfrentamientos de Gaza - El Digital de Asturias","twitter:description":"Gaza, 26 abr (dpa) - El palestino Alaa al Dali, de 21 a\u00f1os, so\u00f1\u00f3 mucho tiempo con representar a su pueblo en carreras de ciclismo internacionales, pero nunca llegar\u00e1 a cumplirlo: tuvieron que amputarle la pierna derecha a la altura de la rodilla tras recibir el tiro de un soldado israel\u00ed durante enfrentamientos en la","twitter:image":"https:\/\/www.eldigitaldeasturias.com\/noticias\/wp-content\/uploads\/2020\/12\/EDA-1.jpg","twitter:label1":"Escrito por","twitter:data1":"El Digital de Asturias","twitter:label2":"Tiempo de lectura estimado","twitter:data2":"4 minutos"},"aioseo_meta_data":{"post_id":"977831","title":null,"description":null,"keywords":null,"keyphrases":null,"primary_term":null,"canonical_url":null,"og_title":null,"og_description":null,"og_object_type":"default","og_image_type":"default","og_image_url":null,"og_image_width":null,"og_image_height":null,"og_image_custom_url":null,"og_image_custom_fields":null,"og_video":null,"og_custom_url":null,"og_article_section":null,"og_article_tags":null,"twitter_use_og":false,"twitter_card":"default","twitter_image_type":"default","twitter_image_url":null,"twitter_image_custom_url":null,"twitter_image_custom_fields":null,"twitter_title":null,"twitter_description":null,"schema":{"blockGraphs":[],"customGraphs":[],"default":{"data":{"Article":[],"Course":[],"Dataset":[],"FAQPage":[],"Movie":[],"Person":[],"Product":[],"ProductReview":[],"Car":[],"Recipe":[],"Service":[],"SoftwareApplication":[],"WebPage":[]},"graphName":"","isEnabled":true},"graphs":[],"defaultGraph":"","defaultPostTypeGraph":""},"schema_type":null,"schema_type_options":null,"pillar_content":false,"robots_default":true,"robots_noindex":false,"robots_noarchive":false,"robots_nosnippet":false,"robots_nofollow":false,"robots_noimageindex":false,"robots_noodp":false,"robots_notranslate":false,"robots_max_snippet":null,"robots_max_videopreview":null,"robots_max_imagepreview":"large","priority":null,"frequency":null,"local_seo":null,"seo_analyzer_scan_date":"2025-10-08 08:42:41","breadcrumb_settings":null,"limit_modified_date":false,"open_ai":null,"ai":null,"created":"2020-12-21 12:04:36","updated":"2025-10-08 08:42:41","focus_keyword":null,"additional_keywords":null,"truseo_locale":null},"aioseo_breadcrumb":"<div class=\"aioseo-breadcrumbs\"><span class=\"aioseo-breadcrumb\">\n\t<a href=\"https:\/\/www.eldigitaldeasturias.com\/noticias\" title=\"Home\">Home<\/a>\n<\/span><span class=\"aioseo-breadcrumb-separator\">\u2013<\/span><span class=\"aioseo-breadcrumb\">\n\t<a href=\"https:\/\/www.eldigitaldeasturias.com\/noticias\/category\/actualidad\/\" title=\"Actualidad\">Actualidad<\/a>\n<\/span><span class=\"aioseo-breadcrumb-separator\">\u2013<\/span><span class=\"aioseo-breadcrumb\">\n\t<a href=\"https:\/\/www.eldigitaldeasturias.com\/noticias\/manifestantes-palestinos-sufren-amputaciones-en-los-enfrentamientos-de-gaza\/\" title=\"Manifestantes palestinos sufren amputaciones en los enfrentamientos de Gaza\">Manifestantes palestinos sufren amputaciones en los enfrentamientos de Gaza<\/a>\n<\/span><\/div>","aioseo_breadcrumb_json":[{"label":"Home","link":"https:\/\/www.eldigitaldeasturias.com\/noticias"},{"label":"Actualidad","link":"https:\/\/www.eldigitaldeasturias.com\/noticias\/category\/actualidad\/"},{"label":"Manifestantes palestinos sufren amputaciones en los enfrentamientos de Gaza","link":"https:\/\/www.eldigitaldeasturias.com\/noticias\/manifestantes-palestinos-sufren-amputaciones-en-los-enfrentamientos-de-gaza\/"}],"_links":{"self":[{"href":"https:\/\/www.eldigitaldeasturias.com\/noticias\/wp-json\/wp\/v2\/posts\/977831","targetHints":{"allow":["GET"]}}],"collection":[{"href":"https:\/\/www.eldigitaldeasturias.com\/noticias\/wp-json\/wp\/v2\/posts"}],"about":[{"href":"https:\/\/www.eldigitaldeasturias.com\/noticias\/wp-json\/wp\/v2\/types\/post"}],"author":[{"embeddable":true,"href":"https:\/\/www.eldigitaldeasturias.com\/noticias\/wp-json\/wp\/v2\/users\/1"}],"replies":[{"embeddable":true,"href":"https:\/\/www.eldigitaldeasturias.com\/noticias\/wp-json\/wp\/v2\/comments?post=977831"}],"version-history":[{"count":0,"href":"https:\/\/www.eldigitaldeasturias.com\/noticias\/wp-json\/wp\/v2\/posts\/977831\/revisions"}],"wp:attachment":[{"href":"https:\/\/www.eldigitaldeasturias.com\/noticias\/wp-json\/wp\/v2\/media?parent=977831"}],"wp:term":[{"taxonomy":"category","embeddable":true,"href":"https:\/\/www.eldigitaldeasturias.com\/noticias\/wp-json\/wp\/v2\/categories?post=977831"},{"taxonomy":"post_tag","embeddable":true,"href":"https:\/\/www.eldigitaldeasturias.com\/noticias\/wp-json\/wp\/v2\/tags?post=977831"}],"curies":[{"name":"wp","href":"https:\/\/api.w.org\/{rel}","templated":true}]}}