{"id":977827,"date":"2018-04-26T23:01:28","date_gmt":"2018-04-26T23:01:28","guid":{"rendered":"http:\/\/www.eldigitaldeasturias.com\/noticias\/?p=977827"},"modified":"2018-04-26T23:01:28","modified_gmt":"2018-04-26T23:01:28","slug":"donald-trump-realizara-su-primera-visita-oficial-al-reino-unido-el-13-de-julio","status":"publish","type":"post","link":"https:\/\/www.eldigitaldeasturias.com\/noticias\/donald-trump-realizara-su-primera-visita-oficial-al-reino-unido-el-13-de-julio\/","title":{"rendered":"Donald Trump realizar\u00e1 su primera visita oficial al Reino Unido el 13 de julio"},"content":{"rendered":"<p><img loading=\"lazy\" decoding=\"async\" class=\"alignleft size-medium wp-image-977530\" src=\"https:\/\/www.eldigitaldeasturias.com\/noticias\/wp-content\/uploads\/2018\/04\/Los-blancos-votaron-a-Trump-360x240.jpg\" alt=\"\" width=\"360\" height=\"240\" \/>Londres, 26 abr (dpa) &#8211; El presidente de Estados Unidos, Donald Trump, realizar\u00e1 el 13 de julio su primera visita oficial al Reino Unido, donde mantendr\u00e1 conversaciones con la primera ministra Theresa May, anunci\u00f3 hoy un portavoz del Gobierno brit\u00e1nico.<\/p>\n<p>Tambi\u00e9n la Casa Blanca confirm\u00f3 la visita. A\u00fan no se sabe d\u00f3nde se llevar\u00e1 a cabo la reuni\u00f3n entre May y Trump.<\/p>\n<p>\u00ab\u00a1Todo est\u00e1 listo! El presidente Trump viene a Reino Unido en julio\u00bb, dijo el embajador estadounidense en Londres, Woody Johnson, en un video publicado en Twitter.<\/p>\n<p>\u00abConozco al presidente y realmente est\u00e1 deseando esta visita\u00bb, dijo Johnson. \u00abReino Unido es muy especial para \u00e9l y muy especial para Estados Unidos\u00bb.<\/p>\n<p>El ministro de Relaciones Exteriores brit\u00e1nico, Boris Johnson, celebr\u00f3 la visita y dijo que se trata de \u00abnoticias fant\u00e1sticas\u00bb. \u00abEntusiasmado con ver a nuestro aliado m\u00e1s cercano y amigo en la mejor visita de todos los tiempos\u00bb, escribi\u00f3 en Twitter.<\/p>\n<p>Al parecer, no se trata de la visita de Estado que desde hace tiempo ansiaba realizar el mandatario norteamericano al Reino Unido.<\/p>\n<p>May visit\u00f3 Washington en enero de 2017 para la toma de posesi\u00f3n de Trump y extendi\u00f3 con gran pompa la invitaci\u00f3n en nombre de la reina Isabel, lo que desat\u00f3 fuertes cr\u00edticas en Londres.<\/p>\n<p>Los cr\u00edticos de Trump anunciaron manifestaciones multitudinarias y el portavoz del Parlamento, John Bercow, rechaz\u00f3 recibir a Trump. Adem\u00e1s, que el presidente estadounidense criticara p\u00fablicamente al popular alcalde de Londres, Sadiq Khan, complic\u00f3 a\u00fan m\u00e1s la situaci\u00f3n.<\/p>\n<p>Se contaba con que en enero Trump visitar\u00eda Londres para la inauguraci\u00f3n de la nueva embajada estadounidense, pero el presidente suspendi\u00f3 el viaje a trav\u00e9s de Twitter.<\/p>\n<p>Una coalici\u00f3n anti-Trump formada por varios grupos de la sociedad civil y sindicatos convoc\u00f3 hoy a protestas. \u00abOrganizaremos una protesta masiva en todo el pa\u00eds contra su pol\u00edtica de racismo, de guerra y de odio\u00bb, indic\u00f3 la alianza \u00abStand Up To Trump\u00bb en su cuenta de Facebook.<\/p>\n<p>\u00abGaranticemos que tenga el peor recibimiento de su vida\u00bb, indic\u00f3 el grupo.<\/p>\n<p>Johnson acus\u00f3 al opositor Partido Laborista de impulsar un sentimiento anti-Trump que podr\u00eda \u00abponer en riesgo la seguridad nacional\u00bb.<\/p>\n","protected":false},"excerpt":{"rendered":"<p>Londres, 26 abr (dpa) &#8211; El presidente de Estados Unidos, Donald Trump, realizar\u00e1 el 13 de julio su primera visita oficial al Reino Unido, donde mantendr\u00e1 conversaciones con la primera ministra Theresa May, anunci\u00f3 hoy un portavoz del Gobierno brit\u00e1nico. Tambi\u00e9n la Casa Blanca confirm\u00f3 la visita. A\u00fan no se sabe d\u00f3nde se llevar\u00e1 a [&hellip;]<\/p>\n","protected":false},"author":1,"featured_media":977530,"comment_status":"closed","ping_status":"closed","sticky":false,"template":"","format":"standard","meta":{"footnotes":""},"categories":[1],"tags":[],"class_list":["post-977827","post","type-post","status-publish","format-standard","has-post-thumbnail","hentry","category-actualidad"],"aioseo_notices":[],"aioseo_head":"\n\t\t<!-- All in One SEO Pro 5.0.1 - aioseo.com -->\n\t<meta name=\"description\" content=\"Londres, 26 abr (dpa) - El presidente de Estados Unidos, Donald Trump, realizar\u00e1 el 13 de julio su primera visita oficial al Reino Unido, donde mantendr\u00e1 conversaciones con la primera ministra Theresa May, anunci\u00f3 hoy un portavoz del Gobierno brit\u00e1nico. Tambi\u00e9n la Casa Blanca confirm\u00f3 la visita. A\u00fan no se sabe d\u00f3nde se llevar\u00e1 a\" \/>\n\t<meta name=\"robots\" content=\"max-image-preview:large\" \/>\n\t<meta name=\"author\" content=\"El Digital de Asturias\"\/>\n\t<meta name=\"google-site-verification\" content=\"UA-38556648-1\" \/>\n\t<meta name=\"msvalidate.01\" content=\"7dfe9f3f1b24437ab69f4f2559babe99\" \/>\n\t<meta name=\"keywords\" content=\"actualidad\" \/>\n\t<link rel=\"canonical\" href=\"https:\/\/www.eldigitaldeasturias.com\/noticias\/donald-trump-realizara-su-primera-visita-oficial-al-reino-unido-el-13-de-julio\/\" \/>\n\t<meta name=\"generator\" content=\"All in One SEO Pro (AIOSEO) 5.0.1\" \/>\n\t\t<meta property=\"og:locale\" content=\"es_ES\" \/>\n\t\t<meta property=\"og:site_name\" content=\"El Digital de Asturias\" \/>\n\t\t<meta property=\"og:type\" content=\"article\" \/>\n\t\t<meta property=\"og:title\" content=\"Donald Trump realizar\u00e1 su primera visita oficial al Reino Unido el 13 de julio - El Digital de Asturias\" \/>\n\t\t<meta property=\"og:description\" content=\"Londres, 26 abr (dpa) - El presidente de Estados Unidos, Donald Trump, realizar\u00e1 el 13 de julio su primera visita oficial al Reino Unido, donde mantendr\u00e1 conversaciones con la primera ministra Theresa May, anunci\u00f3 hoy un portavoz del Gobierno brit\u00e1nico. Tambi\u00e9n la Casa Blanca confirm\u00f3 la visita. A\u00fan no se sabe d\u00f3nde se llevar\u00e1 a\" \/>\n\t\t<meta property=\"og:url\" content=\"https:\/\/www.eldigitaldeasturias.com\/noticias\/donald-trump-realizara-su-primera-visita-oficial-al-reino-unido-el-13-de-julio\/\" \/>\n\t\t<meta property=\"article:tag\" content=\"actualidad\" \/>\n\t\t<meta property=\"article:published_time\" content=\"2018-04-26T23:01:28+00:00\" \/>\n\t\t<meta property=\"article:modified_time\" content=\"2018-04-26T23:01:28+00:00\" \/>\n\t\t<meta property=\"article:publisher\" content=\"https:\/\/facebook.com\/eldigitaldeasturias\" \/>\n\t\t<meta name=\"twitter:card\" content=\"summary_large_image\" \/>\n\t\t<meta name=\"twitter:title\" content=\"Donald Trump realizar\u00e1 su primera visita oficial al Reino Unido el 13 de julio - El Digital de Asturias\" \/>\n\t\t<meta name=\"twitter:description\" content=\"Londres, 26 abr (dpa) - El presidente de Estados Unidos, Donald Trump, realizar\u00e1 el 13 de julio su primera visita oficial al Reino Unido, donde mantendr\u00e1 conversaciones con la primera ministra Theresa May, anunci\u00f3 hoy un portavoz del Gobierno brit\u00e1nico. Tambi\u00e9n la Casa Blanca confirm\u00f3 la visita. A\u00fan no se sabe d\u00f3nde se llevar\u00e1 a\" \/>\n\t\t<meta name=\"twitter:image\" content=\"https:\/\/www.eldigitaldeasturias.com\/noticias\/wp-content\/uploads\/2020\/12\/EDA-1.jpg\" \/>\n\t\t<meta name=\"twitter:label1\" content=\"Escrito por\" \/>\n\t\t<meta name=\"twitter:data1\" content=\"El Digital de Asturias\" \/>\n\t\t<meta name=\"twitter:label2\" content=\"Tiempo de lectura estimado\" \/>\n\t\t<meta name=\"twitter:data2\" content=\"2 minutos\" \/>\n\t\t<script type=\"application\/ld+json\" class=\"aioseo-schema\">\n\t\t\t{\"@context\":\"https:\\\/\\\/schema.org\",\"@graph\":[{\"@type\":\"BlogPosting\",\"@id\":\"https:\\\/\\\/www.eldigitaldeasturias.com\\\/noticias\\\/donald-trump-realizara-su-primera-visita-oficial-al-reino-unido-el-13-de-julio\\\/#blogposting\",\"name\":\"Donald Trump realizar\\u00e1 su primera visita oficial al Reino Unido el 13 de julio - El Digital de Asturias\",\"headline\":\"Donald Trump realizar\\u00e1 su primera visita oficial al Reino Unido el 13 de julio\",\"author\":{\"@id\":\"https:\\\/\\\/www.eldigitaldeasturias.com\\\/noticias\\\/author\\\/admin\\\/#author\"},\"publisher\":{\"@id\":\"https:\\\/\\\/www.eldigitaldeasturias.com\\\/noticias\\\/#organization\"},\"image\":{\"@type\":\"ImageObject\",\"url\":977530},\"datePublished\":\"2018-04-26T23:01:28+02:00\",\"dateModified\":\"2018-04-26T23:01:28+02:00\",\"inLanguage\":\"es-ES\",\"mainEntityOfPage\":{\"@id\":\"https:\\\/\\\/www.eldigitaldeasturias.com\\\/noticias\\\/donald-trump-realizara-su-primera-visita-oficial-al-reino-unido-el-13-de-julio\\\/#webpage\"},\"isPartOf\":{\"@id\":\"https:\\\/\\\/www.eldigitaldeasturias.com\\\/noticias\\\/donald-trump-realizara-su-primera-visita-oficial-al-reino-unido-el-13-de-julio\\\/#webpage\"},\"articleSection\":\"Actualidad\"},{\"@type\":\"BreadcrumbList\",\"@id\":\"https:\\\/\\\/www.eldigitaldeasturias.com\\\/noticias\\\/donald-trump-realizara-su-primera-visita-oficial-al-reino-unido-el-13-de-julio\\\/#breadcrumblist\",\"itemListElement\":[{\"@type\":\"ListItem\",\"@id\":\"https:\\\/\\\/www.eldigitaldeasturias.com\\\/noticias#listItem\",\"position\":1,\"name\":\"Home\",\"item\":\"https:\\\/\\\/www.eldigitaldeasturias.com\\\/noticias\",\"nextItem\":{\"@type\":\"ListItem\",\"@id\":\"https:\\\/\\\/www.eldigitaldeasturias.com\\\/noticias\\\/category\\\/actualidad\\\/#listItem\",\"name\":\"Actualidad\"}},{\"@type\":\"ListItem\",\"@id\":\"https:\\\/\\\/www.eldigitaldeasturias.com\\\/noticias\\\/category\\\/actualidad\\\/#listItem\",\"position\":2,\"name\":\"Actualidad\",\"item\":\"https:\\\/\\\/www.eldigitaldeasturias.com\\\/noticias\\\/category\\\/actualidad\\\/\",\"nextItem\":{\"@type\":\"ListItem\",\"@id\":\"https:\\\/\\\/www.eldigitaldeasturias.com\\\/noticias\\\/donald-trump-realizara-su-primera-visita-oficial-al-reino-unido-el-13-de-julio\\\/#listItem\",\"name\":\"Donald Trump realizar\\u00e1 su primera visita oficial al Reino Unido el 13 de julio\"},\"previousItem\":{\"@type\":\"ListItem\",\"@id\":\"https:\\\/\\\/www.eldigitaldeasturias.com\\\/noticias#listItem\",\"name\":\"Home\"}},{\"@type\":\"ListItem\",\"@id\":\"https:\\\/\\\/www.eldigitaldeasturias.com\\\/noticias\\\/donald-trump-realizara-su-primera-visita-oficial-al-reino-unido-el-13-de-julio\\\/#listItem\",\"position\":3,\"name\":\"Donald Trump realizar\\u00e1 su primera visita oficial al Reino Unido el 13 de julio\",\"previousItem\":{\"@type\":\"ListItem\",\"@id\":\"https:\\\/\\\/www.eldigitaldeasturias.com\\\/noticias\\\/category\\\/actualidad\\\/#listItem\",\"name\":\"Actualidad\"}}]},{\"@type\":\"Organization\",\"@id\":\"https:\\\/\\\/www.eldigitaldeasturias.com\\\/noticias\\\/#organization\",\"name\":\"El Digital de Asturias\",\"description\":\"Hemeroteca\",\"url\":\"https:\\\/\\\/www.eldigitaldeasturias.com\\\/noticias\\\/\",\"email\":\"info@eldigitaldeasturias.com\",\"telephone\":\"+34652131393\",\"logo\":{\"@type\":\"ImageObject\",\"url\":\"https:\\\/\\\/www.eldigitaldeasturias.com\\\/noticias\\\/wp-content\\\/uploads\\\/2020\\\/12\\\/EDA.jpg\",\"@id\":\"https:\\\/\\\/www.eldigitaldeasturias.com\\\/noticias\\\/donald-trump-realizara-su-primera-visita-oficial-al-reino-unido-el-13-de-julio\\\/#organizationLogo\"},\"image\":{\"@id\":\"https:\\\/\\\/www.eldigitaldeasturias.com\\\/noticias\\\/donald-trump-realizara-su-primera-visita-oficial-al-reino-unido-el-13-de-julio\\\/#organizationLogo\"},\"sameAs\":[\"https:\\\/\\\/facebook.com\\\/eldigitaldeasturias\",\"https:\\\/\\\/www.youtube.com\\\/channel\\\/UCZP-2wLEB9Rv6erhFmqVnvg\"],\"address\":{\"@id\":\"https:\\\/\\\/www.eldigitaldeasturias.com\\\/noticias\\\/#postaladdress\",\"@type\":\"PostalAddress\",\"streetAddress\":\"san antonio 4\",\"postalCode\":\"33430\",\"addressLocality\":\"Cand\\u00e1s\",\"addressRegion\":\"Asturias\",\"addressCountry\":\"ES\"}},{\"@type\":\"Person\",\"@id\":\"https:\\\/\\\/www.eldigitaldeasturias.com\\\/noticias\\\/author\\\/admin\\\/#author\",\"url\":\"https:\\\/\\\/www.eldigitaldeasturias.com\\\/noticias\\\/author\\\/admin\\\/\",\"name\":\"El Digital de Asturias\",\"image\":{\"@type\":\"ImageObject\",\"@id\":\"https:\\\/\\\/www.eldigitaldeasturias.com\\\/noticias\\\/donald-trump-realizara-su-primera-visita-oficial-al-reino-unido-el-13-de-julio\\\/#authorImage\",\"url\":\"https:\\\/\\\/secure.gravatar.com\\\/avatar\\\/df2aeffc32bcd13f8d26072ef8a91b623d677766deac7f97ca815868cd41bf5e?s=96&d=mm&r=g\",\"width\":96,\"height\":96,\"caption\":\"El Digital de Asturias\"}},{\"@type\":\"WebPage\",\"@id\":\"https:\\\/\\\/www.eldigitaldeasturias.com\\\/noticias\\\/donald-trump-realizara-su-primera-visita-oficial-al-reino-unido-el-13-de-julio\\\/#webpage\",\"url\":\"https:\\\/\\\/www.eldigitaldeasturias.com\\\/noticias\\\/donald-trump-realizara-su-primera-visita-oficial-al-reino-unido-el-13-de-julio\\\/\",\"name\":\"Donald Trump realizar\\u00e1 su primera visita oficial al Reino Unido el 13 de julio - El Digital de Asturias\",\"description\":\"Londres, 26 abr (dpa) - El presidente de Estados Unidos, Donald Trump, realizar\\u00e1 el 13 de julio su primera visita oficial al Reino Unido, donde mantendr\\u00e1 conversaciones con la primera ministra Theresa May, anunci\\u00f3 hoy un portavoz del Gobierno brit\\u00e1nico. Tambi\\u00e9n la Casa Blanca confirm\\u00f3 la visita. A\\u00fan no se sabe d\\u00f3nde se llevar\\u00e1 a\",\"inLanguage\":\"es-ES\",\"isPartOf\":{\"@id\":\"https:\\\/\\\/www.eldigitaldeasturias.com\\\/noticias\\\/#website\"},\"breadcrumb\":{\"@id\":\"https:\\\/\\\/www.eldigitaldeasturias.com\\\/noticias\\\/donald-trump-realizara-su-primera-visita-oficial-al-reino-unido-el-13-de-julio\\\/#breadcrumblist\"},\"author\":{\"@id\":\"https:\\\/\\\/www.eldigitaldeasturias.com\\\/noticias\\\/author\\\/admin\\\/#author\"},\"creator\":{\"@id\":\"https:\\\/\\\/www.eldigitaldeasturias.com\\\/noticias\\\/author\\\/admin\\\/#author\"},\"image\":{\"@type\":\"ImageObject\",\"url\":977530,\"@id\":\"https:\\\/\\\/www.eldigitaldeasturias.com\\\/noticias\\\/donald-trump-realizara-su-primera-visita-oficial-al-reino-unido-el-13-de-julio\\\/#mainImage\"},\"primaryImageOfPage\":{\"@id\":\"https:\\\/\\\/www.eldigitaldeasturias.com\\\/noticias\\\/donald-trump-realizara-su-primera-visita-oficial-al-reino-unido-el-13-de-julio\\\/#mainImage\"},\"datePublished\":\"2018-04-26T23:01:28+02:00\",\"dateModified\":\"2018-04-26T23:01:28+02:00\"},{\"@type\":\"WebSite\",\"@id\":\"https:\\\/\\\/www.eldigitaldeasturias.com\\\/noticias\\\/#website\",\"url\":\"https:\\\/\\\/www.eldigitaldeasturias.com\\\/noticias\\\/\",\"name\":\"El Digital de Asturias - Diario de actualidad y noticias\",\"alternateName\":\"El Digital de Asturias - Diario de actualidad y noticias\",\"description\":\"Hemeroteca\",\"inLanguage\":\"es-ES\",\"publisher\":{\"@id\":\"https:\\\/\\\/www.eldigitaldeasturias.com\\\/noticias\\\/#organization\"}}]}\n\t\t<\/script>\n\t\t<!-- All in One SEO Pro -->\r\n\t\t<title>Donald Trump realizar\u00e1 su primera visita oficial al Reino Unido el 13 de julio - El Digital de Asturias<\/title>\n\n","aioseo_head_json":{"title":"Donald Trump realizar\u00e1 su primera visita oficial al Reino Unido el 13 de julio - El Digital de Asturias","description":"Londres, 26 abr (dpa) - El presidente de Estados Unidos, Donald Trump, realizar\u00e1 el 13 de julio su primera visita oficial al Reino Unido, donde mantendr\u00e1 conversaciones con la primera ministra Theresa May, anunci\u00f3 hoy un portavoz del Gobierno brit\u00e1nico. Tambi\u00e9n la Casa Blanca confirm\u00f3 la visita. A\u00fan no se sabe d\u00f3nde se llevar\u00e1 a","canonical_url":"https:\/\/www.eldigitaldeasturias.com\/noticias\/donald-trump-realizara-su-primera-visita-oficial-al-reino-unido-el-13-de-julio\/","robots":"max-image-preview:large","keywords":"actualidad","webmasterTools":{"google-site-verification":"UA-38556648-1","msvalidate.01":"7dfe9f3f1b24437ab69f4f2559babe99","miscellaneous":""},"schema":{"@context":"https:\/\/schema.org","@graph":[{"@type":"BlogPosting","@id":"https:\/\/www.eldigitaldeasturias.com\/noticias\/donald-trump-realizara-su-primera-visita-oficial-al-reino-unido-el-13-de-julio\/#blogposting","name":"Donald Trump realizar\u00e1 su primera visita oficial al Reino Unido el 13 de julio - El Digital de Asturias","headline":"Donald Trump realizar\u00e1 su primera visita oficial al Reino Unido el 13 de julio","author":{"@id":"https:\/\/www.eldigitaldeasturias.com\/noticias\/author\/admin\/#author"},"publisher":{"@id":"https:\/\/www.eldigitaldeasturias.com\/noticias\/#organization"},"image":{"@type":"ImageObject","url":977530},"datePublished":"2018-04-26T23:01:28+02:00","dateModified":"2018-04-26T23:01:28+02:00","inLanguage":"es-ES","mainEntityOfPage":{"@id":"https:\/\/www.eldigitaldeasturias.com\/noticias\/donald-trump-realizara-su-primera-visita-oficial-al-reino-unido-el-13-de-julio\/#webpage"},"isPartOf":{"@id":"https:\/\/www.eldigitaldeasturias.com\/noticias\/donald-trump-realizara-su-primera-visita-oficial-al-reino-unido-el-13-de-julio\/#webpage"},"articleSection":"Actualidad"},{"@type":"BreadcrumbList","@id":"https:\/\/www.eldigitaldeasturias.com\/noticias\/donald-trump-realizara-su-primera-visita-oficial-al-reino-unido-el-13-de-julio\/#breadcrumblist","itemListElement":[{"@type":"ListItem","@id":"https:\/\/www.eldigitaldeasturias.com\/noticias#listItem","position":1,"name":"Home","item":"https:\/\/www.eldigitaldeasturias.com\/noticias","nextItem":{"@type":"ListItem","@id":"https:\/\/www.eldigitaldeasturias.com\/noticias\/category\/actualidad\/#listItem","name":"Actualidad"}},{"@type":"ListItem","@id":"https:\/\/www.eldigitaldeasturias.com\/noticias\/category\/actualidad\/#listItem","position":2,"name":"Actualidad","item":"https:\/\/www.eldigitaldeasturias.com\/noticias\/category\/actualidad\/","nextItem":{"@type":"ListItem","@id":"https:\/\/www.eldigitaldeasturias.com\/noticias\/donald-trump-realizara-su-primera-visita-oficial-al-reino-unido-el-13-de-julio\/#listItem","name":"Donald Trump realizar\u00e1 su primera visita oficial al Reino Unido el 13 de julio"},"previousItem":{"@type":"ListItem","@id":"https:\/\/www.eldigitaldeasturias.com\/noticias#listItem","name":"Home"}},{"@type":"ListItem","@id":"https:\/\/www.eldigitaldeasturias.com\/noticias\/donald-trump-realizara-su-primera-visita-oficial-al-reino-unido-el-13-de-julio\/#listItem","position":3,"name":"Donald Trump realizar\u00e1 su primera visita oficial al Reino Unido el 13 de julio","previousItem":{"@type":"ListItem","@id":"https:\/\/www.eldigitaldeasturias.com\/noticias\/category\/actualidad\/#listItem","name":"Actualidad"}}]},{"@type":"Organization","@id":"https:\/\/www.eldigitaldeasturias.com\/noticias\/#organization","name":"El Digital de Asturias","description":"Hemeroteca","url":"https:\/\/www.eldigitaldeasturias.com\/noticias\/","email":"info@eldigitaldeasturias.com","telephone":"+34652131393","logo":{"@type":"ImageObject","url":"https:\/\/www.eldigitaldeasturias.com\/noticias\/wp-content\/uploads\/2020\/12\/EDA.jpg","@id":"https:\/\/www.eldigitaldeasturias.com\/noticias\/donald-trump-realizara-su-primera-visita-oficial-al-reino-unido-el-13-de-julio\/#organizationLogo"},"image":{"@id":"https:\/\/www.eldigitaldeasturias.com\/noticias\/donald-trump-realizara-su-primera-visita-oficial-al-reino-unido-el-13-de-julio\/#organizationLogo"},"sameAs":["https:\/\/facebook.com\/eldigitaldeasturias","https:\/\/www.youtube.com\/channel\/UCZP-2wLEB9Rv6erhFmqVnvg"],"address":{"@id":"https:\/\/www.eldigitaldeasturias.com\/noticias\/#postaladdress","@type":"PostalAddress","streetAddress":"san antonio 4","postalCode":"33430","addressLocality":"Cand\u00e1s","addressRegion":"Asturias","addressCountry":"ES"}},{"@type":"Person","@id":"https:\/\/www.eldigitaldeasturias.com\/noticias\/author\/admin\/#author","url":"https:\/\/www.eldigitaldeasturias.com\/noticias\/author\/admin\/","name":"El Digital de Asturias","image":{"@type":"ImageObject","@id":"https:\/\/www.eldigitaldeasturias.com\/noticias\/donald-trump-realizara-su-primera-visita-oficial-al-reino-unido-el-13-de-julio\/#authorImage","url":"https:\/\/secure.gravatar.com\/avatar\/df2aeffc32bcd13f8d26072ef8a91b623d677766deac7f97ca815868cd41bf5e?s=96&d=mm&r=g","width":96,"height":96,"caption":"El Digital de Asturias"}},{"@type":"WebPage","@id":"https:\/\/www.eldigitaldeasturias.com\/noticias\/donald-trump-realizara-su-primera-visita-oficial-al-reino-unido-el-13-de-julio\/#webpage","url":"https:\/\/www.eldigitaldeasturias.com\/noticias\/donald-trump-realizara-su-primera-visita-oficial-al-reino-unido-el-13-de-julio\/","name":"Donald Trump realizar\u00e1 su primera visita oficial al Reino Unido el 13 de julio - El Digital de Asturias","description":"Londres, 26 abr (dpa) - El presidente de Estados Unidos, Donald Trump, realizar\u00e1 el 13 de julio su primera visita oficial al Reino Unido, donde mantendr\u00e1 conversaciones con la primera ministra Theresa May, anunci\u00f3 hoy un portavoz del Gobierno brit\u00e1nico. Tambi\u00e9n la Casa Blanca confirm\u00f3 la visita. A\u00fan no se sabe d\u00f3nde se llevar\u00e1 a","inLanguage":"es-ES","isPartOf":{"@id":"https:\/\/www.eldigitaldeasturias.com\/noticias\/#website"},"breadcrumb":{"@id":"https:\/\/www.eldigitaldeasturias.com\/noticias\/donald-trump-realizara-su-primera-visita-oficial-al-reino-unido-el-13-de-julio\/#breadcrumblist"},"author":{"@id":"https:\/\/www.eldigitaldeasturias.com\/noticias\/author\/admin\/#author"},"creator":{"@id":"https:\/\/www.eldigitaldeasturias.com\/noticias\/author\/admin\/#author"},"image":{"@type":"ImageObject","url":977530,"@id":"https:\/\/www.eldigitaldeasturias.com\/noticias\/donald-trump-realizara-su-primera-visita-oficial-al-reino-unido-el-13-de-julio\/#mainImage"},"primaryImageOfPage":{"@id":"https:\/\/www.eldigitaldeasturias.com\/noticias\/donald-trump-realizara-su-primera-visita-oficial-al-reino-unido-el-13-de-julio\/#mainImage"},"datePublished":"2018-04-26T23:01:28+02:00","dateModified":"2018-04-26T23:01:28+02:00"},{"@type":"WebSite","@id":"https:\/\/www.eldigitaldeasturias.com\/noticias\/#website","url":"https:\/\/www.eldigitaldeasturias.com\/noticias\/","name":"El Digital de Asturias - Diario de actualidad y noticias","alternateName":"El Digital de Asturias - Diario de actualidad y noticias","description":"Hemeroteca","inLanguage":"es-ES","publisher":{"@id":"https:\/\/www.eldigitaldeasturias.com\/noticias\/#organization"}}]},"og:locale":"es_ES","og:site_name":"El Digital de Asturias","og:type":"article","og:title":"Donald Trump realizar\u00e1 su primera visita oficial al Reino Unido el 13 de julio - El Digital de Asturias","og:description":"Londres, 26 abr (dpa) - El presidente de Estados Unidos, Donald Trump, realizar\u00e1 el 13 de julio su primera visita oficial al Reino Unido, donde mantendr\u00e1 conversaciones con la primera ministra Theresa May, anunci\u00f3 hoy un portavoz del Gobierno brit\u00e1nico. Tambi\u00e9n la Casa Blanca confirm\u00f3 la visita. A\u00fan no se sabe d\u00f3nde se llevar\u00e1 a","og:url":"https:\/\/www.eldigitaldeasturias.com\/noticias\/donald-trump-realizara-su-primera-visita-oficial-al-reino-unido-el-13-de-julio\/","article:tag":["actualidad"],"article:published_time":"2018-04-26T23:01:28+00:00","article:modified_time":"2018-04-26T23:01:28+00:00","article:publisher":"https:\/\/facebook.com\/eldigitaldeasturias","twitter:card":"summary_large_image","twitter:title":"Donald Trump realizar\u00e1 su primera visita oficial al Reino Unido el 13 de julio - El Digital de Asturias","twitter:description":"Londres, 26 abr (dpa) - El presidente de Estados Unidos, Donald Trump, realizar\u00e1 el 13 de julio su primera visita oficial al Reino Unido, donde mantendr\u00e1 conversaciones con la primera ministra Theresa May, anunci\u00f3 hoy un portavoz del Gobierno brit\u00e1nico. Tambi\u00e9n la Casa Blanca confirm\u00f3 la visita. A\u00fan no se sabe d\u00f3nde se llevar\u00e1 a","twitter:image":"https:\/\/www.eldigitaldeasturias.com\/noticias\/wp-content\/uploads\/2020\/12\/EDA-1.jpg","twitter:label1":"Escrito por","twitter:data1":"El Digital de Asturias","twitter:label2":"Tiempo de lectura estimado","twitter:data2":"2 minutos"},"aioseo_meta_data":{"post_id":"977827","title":null,"description":null,"keywords":null,"keyphrases":null,"primary_term":null,"canonical_url":null,"og_title":null,"og_description":null,"og_object_type":"default","og_image_type":"default","og_image_url":null,"og_image_width":null,"og_image_height":null,"og_image_custom_url":null,"og_image_custom_fields":null,"og_video":null,"og_custom_url":null,"og_article_section":null,"og_article_tags":null,"twitter_use_og":false,"twitter_card":"default","twitter_image_type":"default","twitter_image_url":null,"twitter_image_custom_url":null,"twitter_image_custom_fields":null,"twitter_title":null,"twitter_description":null,"schema":{"blockGraphs":[],"customGraphs":[],"default":{"data":{"Article":[],"Course":[],"Dataset":[],"FAQPage":[],"Movie":[],"Person":[],"Product":[],"ProductReview":[],"Car":[],"Recipe":[],"Service":[],"SoftwareApplication":[],"WebPage":[]},"graphName":"","isEnabled":true},"graphs":[],"defaultGraph":"","defaultPostTypeGraph":""},"schema_type":null,"schema_type_options":null,"pillar_content":false,"robots_default":true,"robots_noindex":false,"robots_noarchive":false,"robots_nosnippet":false,"robots_nofollow":false,"robots_noimageindex":false,"robots_noodp":false,"robots_notranslate":false,"robots_max_snippet":null,"robots_max_videopreview":null,"robots_max_imagepreview":"large","priority":null,"frequency":null,"local_seo":null,"seo_analyzer_scan_date":"2025-10-08 08:40:07","breadcrumb_settings":null,"limit_modified_date":false,"open_ai":null,"ai":null,"created":"2020-12-21 12:04:36","updated":"2025-10-08 08:40:07","focus_keyword":null,"additional_keywords":null,"truseo_locale":null},"aioseo_breadcrumb":"<div class=\"aioseo-breadcrumbs\"><span class=\"aioseo-breadcrumb\">\n\t<a href=\"https:\/\/www.eldigitaldeasturias.com\/noticias\" title=\"Home\">Home<\/a>\n<\/span><span class=\"aioseo-breadcrumb-separator\">\u2013<\/span><span class=\"aioseo-breadcrumb\">\n\t<a href=\"https:\/\/www.eldigitaldeasturias.com\/noticias\/category\/actualidad\/\" title=\"Actualidad\">Actualidad<\/a>\n<\/span><span class=\"aioseo-breadcrumb-separator\">\u2013<\/span><span class=\"aioseo-breadcrumb\">\n\t<a href=\"https:\/\/www.eldigitaldeasturias.com\/noticias\/donald-trump-realizara-su-primera-visita-oficial-al-reino-unido-el-13-de-julio\/\" title=\"Donald Trump realizar\u00e1 su primera visita oficial al Reino Unido el 13 de julio\">Donald Trump realizar\u00e1 su primera visita oficial al Reino Unido el 13 de julio<\/a>\n<\/span><\/div>","aioseo_breadcrumb_json":[{"label":"Home","link":"https:\/\/www.eldigitaldeasturias.com\/noticias"},{"label":"Actualidad","link":"https:\/\/www.eldigitaldeasturias.com\/noticias\/category\/actualidad\/"},{"label":"Donald Trump realizar\u00e1 su primera visita oficial al Reino Unido el 13 de julio","link":"https:\/\/www.eldigitaldeasturias.com\/noticias\/donald-trump-realizara-su-primera-visita-oficial-al-reino-unido-el-13-de-julio\/"}],"_links":{"self":[{"href":"https:\/\/www.eldigitaldeasturias.com\/noticias\/wp-json\/wp\/v2\/posts\/977827","targetHints":{"allow":["GET"]}}],"collection":[{"href":"https:\/\/www.eldigitaldeasturias.com\/noticias\/wp-json\/wp\/v2\/posts"}],"about":[{"href":"https:\/\/www.eldigitaldeasturias.com\/noticias\/wp-json\/wp\/v2\/types\/post"}],"author":[{"embeddable":true,"href":"https:\/\/www.eldigitaldeasturias.com\/noticias\/wp-json\/wp\/v2\/users\/1"}],"replies":[{"embeddable":true,"href":"https:\/\/www.eldigitaldeasturias.com\/noticias\/wp-json\/wp\/v2\/comments?post=977827"}],"version-history":[{"count":0,"href":"https:\/\/www.eldigitaldeasturias.com\/noticias\/wp-json\/wp\/v2\/posts\/977827\/revisions"}],"wp:attachment":[{"href":"https:\/\/www.eldigitaldeasturias.com\/noticias\/wp-json\/wp\/v2\/media?parent=977827"}],"wp:term":[{"taxonomy":"category","embeddable":true,"href":"https:\/\/www.eldigitaldeasturias.com\/noticias\/wp-json\/wp\/v2\/categories?post=977827"},{"taxonomy":"post_tag","embeddable":true,"href":"https:\/\/www.eldigitaldeasturias.com\/noticias\/wp-json\/wp\/v2\/tags?post=977827"}],"curies":[{"name":"wp","href":"https:\/\/api.w.org\/{rel}","templated":true}]}}