{"id":977796,"date":"2018-04-26T22:00:54","date_gmt":"2018-04-26T22:00:54","guid":{"rendered":"http:\/\/www.eldigitaldeasturias.com\/noticias\/?p=977796"},"modified":"2018-04-26T22:00:54","modified_gmt":"2018-04-26T22:00:54","slug":"el-poder-del-clan-de-los-ortega-en-nicaragua","status":"publish","type":"post","link":"https:\/\/www.eldigitaldeasturias.com\/noticias\/el-poder-del-clan-de-los-ortega-en-nicaragua\/","title":{"rendered":"El poder del clan de los Ortega en Nicaragua"},"content":{"rendered":"<p><img loading=\"lazy\" decoding=\"async\" class=\"alignleft size-medium wp-image-581461\" src=\"https:\/\/www.eldigitaldeasturias.com\/noticias\/wp-content\/uploads\/2014\/08\/6555334w-360x241.jpg\" alt=\"\" width=\"360\" height=\"241\" \/>Managua, 26 abr (dpa) \u2013 Con m\u00e1s de 11 a\u00f1os ininterrrumpidos al frente del Gobierno de Nicaragua, el ex guerrillero sandinista Daniel Ortega es el jefe de un clan familiar con mucho poder en la escena pol\u00edtica del pa\u00eds desde hace cuatro d\u00e9cadas, y que actualmente enfrenta una ola de protestas estudiantiles.<\/p>\n<p>Estos son algunos miembros de la poderosa familia Ortega:<\/p>\n<p><strong>DANIEL ORTEGA<\/strong>: Naci\u00f3 en 1945 en la provincia surcentral de Chontales,en el seno de una familia opositora al dictador Anastasio Somoza. Ingres\u00f3 a las guerrillas del Frente Sandinista de Liberaci\u00f3n Nacional (FSLN) y pas\u00f3 siete a\u00f1os en prisi\u00f3n. Tras la ca\u00edda de Somoza en 1979, fue uno de los nueve comandantes que dirigieron la revoluci\u00f3n sandinista. En 1985 asumi\u00f3 como presidente y en 1990 cay\u00f3 derrotado en las urnas frente a Violeta Chamorro. Un pacto pol\u00edtico con sus adversarios de la derecha liberal le permiti\u00f3 reformar la Constituci\u00f3n y en 2007 retomar el Gobierno con apenas 38 por ciento de los votos. Fue reelegido en 2011 y 2016, en elecciones donde la oposici\u00f3n denunci\u00f3 fraude.<\/p>\n<p><strong>ROSARIO MURILLO<\/strong>: Poeta y escritora nacida en 1951, vinculada desde muy joven al FSLN. Conoci\u00f3 a Daniel Ortega en 1977 en Costa Rica, donde ambos estaban exiliados, y juntos tuvieron siete hijos. Fue designada vicepresidenta tras los comicios de 2016, si bien ya se le reconoc\u00eda como \u00abel poder tras el trono\u00bb. Considerada ambiciosa y adicta al trabajo, es la \u00fanica portavoz oficial autorizada, dise\u00f1a campa\u00f1as del Gobierno y tiene enorme influencia en las decisiones de Estado. Opositores atribuyen su inmenso poder al hecho de que en 1998 protegi\u00f3 p\u00fablicamente a Ortega frente a una demanda por abuso y violaci\u00f3n sexual de su hija biol\u00f3gica Zoilam\u00e9rica, hijastra del l\u00edder del FSLN.<\/p>\n<p><strong>ZOILAM\u00c9RICA ORTEG<\/strong>A: Soci\u00f3loga, 50 a\u00f1os de edad. Ella y su hermano mayor, Rafael, son fruto del primer matrimonio de Rosario Murillo y fueron adoptados legalmente por Daniel Ortega. Su escandalosa demanda contra su padrastro fue anulada en los tribunales de Managua, porque Ortega gozaba de fuero especial como diputado del FSLN, entonces en la oposici\u00f3n. En 2013, Zoilam\u00e9rica volvi\u00f3 a ser noticia cuando visit\u00f3 junto a su esposo ecuatoriano una protesta de jubilados apoyada por opositores. D\u00edas despu\u00e9s el sudamericano fue deportado. Ambos residen desde entonces en Costa Rica.<\/p>\n<p><strong>HUMBERTO ORTEGA<\/strong>: Nacido en 1947, es el segundo hermano de Daniel Ortega y fue tambi\u00e9n guerrillero y comandante del FSLN, adem\u00e1s de jefe m\u00e1ximo del Ej\u00e9rcito, cargo que mantuvo hasta 1995, cuando fue removido por la presidenta Chamorro. Antes de su retiro, dirigi\u00f3 la reducci\u00f3n y profesionalizaci\u00f3n del Ej\u00e9cito, para desvincularlo del partido sandinista. Astuto pol\u00edtico y estratega militar, vive en Costa Rica dedicado a los negocios, pero reaparece en Managua en momentos de crisis para recomendar \u00abdi\u00e1logo y concertaci\u00f3n\u00bb. A ra\u00edz de las actuales protestas estudiantiles, critic\u00f3 la actuaci\u00f3n de la Polic\u00eda por abrir fuego contra los manifestantes, y pidi\u00f3 que el Ej\u00e9rcito no sea involucrado en el conflicto.<\/p>\n<p><strong>LOS HIJOS<\/strong>: Salvo la exiliada Zoilam\u00e9rica, los ocho hijos Ortega-Murillo tienen importantes puestos en el Gobierno, varios de ellos como \u00abasesores presidenciales\u00bb. Rafael Ortega est\u00e1 a cargo de los negocios petroleros con Venezuela, mientras Laureano, un tenor aficionado, asesora la agencia estatal de inversiones ProNicaragua y se ocupa del proyecto de canal interoce\u00e1nico, en suspenso desde 2014. Sus hermanos Juan Carlos, Daniel, Carlos Enrique, Maurice, Luciana y Camila, que adem\u00e1s es modelo y empresaria de pasarelas, manejan el emporio de las comunicaciones que incluye las televisoras 2, 4, 8, 9, 10 y 13, as\u00ed como el estatal Canal 6 y varias radioemisoras. Algunas nueras y parientes de la pareja presidencial ocupan importantes puestos en empresas de la familia y en entidades p\u00fablicas como el Instituto de Turismo y la Distribuidora Nacional de Petr\u00f3leo.<\/p>\n","protected":false},"excerpt":{"rendered":"<p>Managua, 26 abr (dpa) \u2013 Con m\u00e1s de 11 a\u00f1os ininterrrumpidos al frente del Gobierno de Nicaragua, el ex guerrillero sandinista Daniel Ortega es el jefe de un clan familiar con mucho poder en la escena pol\u00edtica del pa\u00eds desde hace cuatro d\u00e9cadas, y que actualmente enfrenta una ola de protestas estudiantiles. Estos son algunos [&hellip;]<\/p>\n","protected":false},"author":1,"featured_media":581461,"comment_status":"closed","ping_status":"closed","sticky":false,"template":"","format":"standard","meta":{"footnotes":""},"categories":[1],"tags":[],"class_list":["post-977796","post","type-post","status-publish","format-standard","has-post-thumbnail","hentry","category-actualidad"],"aioseo_notices":[],"aioseo_head":"\n\t\t<!-- All in One SEO Pro 5.0.1 - aioseo.com -->\n\t<meta name=\"description\" content=\"Managua, 26 abr (dpa) \u2013 Con m\u00e1s de 11 a\u00f1os ininterrrumpidos al frente del Gobierno de Nicaragua, el ex guerrillero sandinista Daniel Ortega es el jefe de un clan familiar con mucho poder en la escena pol\u00edtica del pa\u00eds desde hace cuatro d\u00e9cadas, y que actualmente enfrenta una ola de protestas estudiantiles. Estos son algunos\" \/>\n\t<meta name=\"robots\" content=\"max-image-preview:large\" \/>\n\t<meta name=\"author\" content=\"El Digital de Asturias\"\/>\n\t<meta name=\"google-site-verification\" content=\"UA-38556648-1\" \/>\n\t<meta name=\"msvalidate.01\" content=\"7dfe9f3f1b24437ab69f4f2559babe99\" \/>\n\t<meta name=\"keywords\" content=\"actualidad\" \/>\n\t<link rel=\"canonical\" href=\"https:\/\/www.eldigitaldeasturias.com\/noticias\/el-poder-del-clan-de-los-ortega-en-nicaragua\/\" \/>\n\t<meta name=\"generator\" content=\"All in One SEO Pro (AIOSEO) 5.0.1\" \/>\n\t\t<meta property=\"og:locale\" content=\"es_ES\" \/>\n\t\t<meta property=\"og:site_name\" content=\"El Digital de Asturias\" \/>\n\t\t<meta property=\"og:type\" content=\"article\" \/>\n\t\t<meta property=\"og:title\" content=\"El poder del clan de los Ortega en Nicaragua - El Digital de Asturias\" \/>\n\t\t<meta property=\"og:description\" content=\"Managua, 26 abr (dpa) \u2013 Con m\u00e1s de 11 a\u00f1os ininterrrumpidos al frente del Gobierno de Nicaragua, el ex guerrillero sandinista Daniel Ortega es el jefe de un clan familiar con mucho poder en la escena pol\u00edtica del pa\u00eds desde hace cuatro d\u00e9cadas, y que actualmente enfrenta una ola de protestas estudiantiles. Estos son algunos\" \/>\n\t\t<meta property=\"og:url\" content=\"https:\/\/www.eldigitaldeasturias.com\/noticias\/el-poder-del-clan-de-los-ortega-en-nicaragua\/\" \/>\n\t\t<meta property=\"article:tag\" content=\"actualidad\" \/>\n\t\t<meta property=\"article:published_time\" content=\"2018-04-26T22:00:54+00:00\" \/>\n\t\t<meta property=\"article:modified_time\" content=\"2018-04-26T22:00:54+00:00\" \/>\n\t\t<meta property=\"article:publisher\" content=\"https:\/\/facebook.com\/eldigitaldeasturias\" \/>\n\t\t<meta name=\"twitter:card\" content=\"summary_large_image\" \/>\n\t\t<meta name=\"twitter:title\" content=\"El poder del clan de los Ortega en Nicaragua - El Digital de Asturias\" \/>\n\t\t<meta name=\"twitter:description\" content=\"Managua, 26 abr (dpa) \u2013 Con m\u00e1s de 11 a\u00f1os ininterrrumpidos al frente del Gobierno de Nicaragua, el ex guerrillero sandinista Daniel Ortega es el jefe de un clan familiar con mucho poder en la escena pol\u00edtica del pa\u00eds desde hace cuatro d\u00e9cadas, y que actualmente enfrenta una ola de protestas estudiantiles. Estos son algunos\" \/>\n\t\t<meta name=\"twitter:image\" content=\"https:\/\/www.eldigitaldeasturias.com\/noticias\/wp-content\/uploads\/2020\/12\/EDA-1.jpg\" \/>\n\t\t<meta name=\"twitter:label1\" content=\"Escrito por\" \/>\n\t\t<meta name=\"twitter:data1\" content=\"El Digital de Asturias\" \/>\n\t\t<meta name=\"twitter:label2\" content=\"Tiempo de lectura estimado\" \/>\n\t\t<meta name=\"twitter:data2\" content=\"3 minutos\" \/>\n\t\t<script type=\"application\/ld+json\" class=\"aioseo-schema\">\n\t\t\t{\"@context\":\"https:\\\/\\\/schema.org\",\"@graph\":[{\"@type\":\"BlogPosting\",\"@id\":\"https:\\\/\\\/www.eldigitaldeasturias.com\\\/noticias\\\/el-poder-del-clan-de-los-ortega-en-nicaragua\\\/#blogposting\",\"name\":\"El poder del clan de los Ortega en Nicaragua - El Digital de Asturias\",\"headline\":\"El poder del clan de los Ortega en Nicaragua\",\"author\":{\"@id\":\"https:\\\/\\\/www.eldigitaldeasturias.com\\\/noticias\\\/author\\\/admin\\\/#author\"},\"publisher\":{\"@id\":\"https:\\\/\\\/www.eldigitaldeasturias.com\\\/noticias\\\/#organization\"},\"image\":{\"@type\":\"ImageObject\",\"url\":581461},\"datePublished\":\"2018-04-26T22:00:54+02:00\",\"dateModified\":\"2018-04-26T22:00:54+02:00\",\"inLanguage\":\"es-ES\",\"mainEntityOfPage\":{\"@id\":\"https:\\\/\\\/www.eldigitaldeasturias.com\\\/noticias\\\/el-poder-del-clan-de-los-ortega-en-nicaragua\\\/#webpage\"},\"isPartOf\":{\"@id\":\"https:\\\/\\\/www.eldigitaldeasturias.com\\\/noticias\\\/el-poder-del-clan-de-los-ortega-en-nicaragua\\\/#webpage\"},\"articleSection\":\"Actualidad\"},{\"@type\":\"BreadcrumbList\",\"@id\":\"https:\\\/\\\/www.eldigitaldeasturias.com\\\/noticias\\\/el-poder-del-clan-de-los-ortega-en-nicaragua\\\/#breadcrumblist\",\"itemListElement\":[{\"@type\":\"ListItem\",\"@id\":\"https:\\\/\\\/www.eldigitaldeasturias.com\\\/noticias#listItem\",\"position\":1,\"name\":\"Home\",\"item\":\"https:\\\/\\\/www.eldigitaldeasturias.com\\\/noticias\",\"nextItem\":{\"@type\":\"ListItem\",\"@id\":\"https:\\\/\\\/www.eldigitaldeasturias.com\\\/noticias\\\/category\\\/actualidad\\\/#listItem\",\"name\":\"Actualidad\"}},{\"@type\":\"ListItem\",\"@id\":\"https:\\\/\\\/www.eldigitaldeasturias.com\\\/noticias\\\/category\\\/actualidad\\\/#listItem\",\"position\":2,\"name\":\"Actualidad\",\"item\":\"https:\\\/\\\/www.eldigitaldeasturias.com\\\/noticias\\\/category\\\/actualidad\\\/\",\"nextItem\":{\"@type\":\"ListItem\",\"@id\":\"https:\\\/\\\/www.eldigitaldeasturias.com\\\/noticias\\\/el-poder-del-clan-de-los-ortega-en-nicaragua\\\/#listItem\",\"name\":\"El poder del clan de los Ortega en Nicaragua\"},\"previousItem\":{\"@type\":\"ListItem\",\"@id\":\"https:\\\/\\\/www.eldigitaldeasturias.com\\\/noticias#listItem\",\"name\":\"Home\"}},{\"@type\":\"ListItem\",\"@id\":\"https:\\\/\\\/www.eldigitaldeasturias.com\\\/noticias\\\/el-poder-del-clan-de-los-ortega-en-nicaragua\\\/#listItem\",\"position\":3,\"name\":\"El poder del clan de los Ortega en Nicaragua\",\"previousItem\":{\"@type\":\"ListItem\",\"@id\":\"https:\\\/\\\/www.eldigitaldeasturias.com\\\/noticias\\\/category\\\/actualidad\\\/#listItem\",\"name\":\"Actualidad\"}}]},{\"@type\":\"Organization\",\"@id\":\"https:\\\/\\\/www.eldigitaldeasturias.com\\\/noticias\\\/#organization\",\"name\":\"El Digital de Asturias\",\"description\":\"Hemeroteca\",\"url\":\"https:\\\/\\\/www.eldigitaldeasturias.com\\\/noticias\\\/\",\"email\":\"info@eldigitaldeasturias.com\",\"telephone\":\"+34652131393\",\"logo\":{\"@type\":\"ImageObject\",\"url\":\"https:\\\/\\\/www.eldigitaldeasturias.com\\\/noticias\\\/wp-content\\\/uploads\\\/2020\\\/12\\\/EDA.jpg\",\"@id\":\"https:\\\/\\\/www.eldigitaldeasturias.com\\\/noticias\\\/el-poder-del-clan-de-los-ortega-en-nicaragua\\\/#organizationLogo\"},\"image\":{\"@id\":\"https:\\\/\\\/www.eldigitaldeasturias.com\\\/noticias\\\/el-poder-del-clan-de-los-ortega-en-nicaragua\\\/#organizationLogo\"},\"sameAs\":[\"https:\\\/\\\/facebook.com\\\/eldigitaldeasturias\",\"https:\\\/\\\/www.youtube.com\\\/channel\\\/UCZP-2wLEB9Rv6erhFmqVnvg\"],\"address\":{\"@id\":\"https:\\\/\\\/www.eldigitaldeasturias.com\\\/noticias\\\/#postaladdress\",\"@type\":\"PostalAddress\",\"streetAddress\":\"san antonio 4\",\"postalCode\":\"33430\",\"addressLocality\":\"Cand\\u00e1s\",\"addressRegion\":\"Asturias\",\"addressCountry\":\"ES\"}},{\"@type\":\"Person\",\"@id\":\"https:\\\/\\\/www.eldigitaldeasturias.com\\\/noticias\\\/author\\\/admin\\\/#author\",\"url\":\"https:\\\/\\\/www.eldigitaldeasturias.com\\\/noticias\\\/author\\\/admin\\\/\",\"name\":\"El Digital de Asturias\",\"image\":{\"@type\":\"ImageObject\",\"@id\":\"https:\\\/\\\/www.eldigitaldeasturias.com\\\/noticias\\\/el-poder-del-clan-de-los-ortega-en-nicaragua\\\/#authorImage\",\"url\":\"https:\\\/\\\/secure.gravatar.com\\\/avatar\\\/df2aeffc32bcd13f8d26072ef8a91b623d677766deac7f97ca815868cd41bf5e?s=96&d=mm&r=g\",\"width\":96,\"height\":96,\"caption\":\"El Digital de Asturias\"}},{\"@type\":\"WebPage\",\"@id\":\"https:\\\/\\\/www.eldigitaldeasturias.com\\\/noticias\\\/el-poder-del-clan-de-los-ortega-en-nicaragua\\\/#webpage\",\"url\":\"https:\\\/\\\/www.eldigitaldeasturias.com\\\/noticias\\\/el-poder-del-clan-de-los-ortega-en-nicaragua\\\/\",\"name\":\"El poder del clan de los Ortega en Nicaragua - El Digital de Asturias\",\"description\":\"Managua, 26 abr (dpa) \\u2013 Con m\\u00e1s de 11 a\\u00f1os ininterrrumpidos al frente del Gobierno de Nicaragua, el ex guerrillero sandinista Daniel Ortega es el jefe de un clan familiar con mucho poder en la escena pol\\u00edtica del pa\\u00eds desde hace cuatro d\\u00e9cadas, y que actualmente enfrenta una ola de protestas estudiantiles. Estos son algunos\",\"inLanguage\":\"es-ES\",\"isPartOf\":{\"@id\":\"https:\\\/\\\/www.eldigitaldeasturias.com\\\/noticias\\\/#website\"},\"breadcrumb\":{\"@id\":\"https:\\\/\\\/www.eldigitaldeasturias.com\\\/noticias\\\/el-poder-del-clan-de-los-ortega-en-nicaragua\\\/#breadcrumblist\"},\"author\":{\"@id\":\"https:\\\/\\\/www.eldigitaldeasturias.com\\\/noticias\\\/author\\\/admin\\\/#author\"},\"creator\":{\"@id\":\"https:\\\/\\\/www.eldigitaldeasturias.com\\\/noticias\\\/author\\\/admin\\\/#author\"},\"image\":{\"@type\":\"ImageObject\",\"url\":581461,\"@id\":\"https:\\\/\\\/www.eldigitaldeasturias.com\\\/noticias\\\/el-poder-del-clan-de-los-ortega-en-nicaragua\\\/#mainImage\"},\"primaryImageOfPage\":{\"@id\":\"https:\\\/\\\/www.eldigitaldeasturias.com\\\/noticias\\\/el-poder-del-clan-de-los-ortega-en-nicaragua\\\/#mainImage\"},\"datePublished\":\"2018-04-26T22:00:54+02:00\",\"dateModified\":\"2018-04-26T22:00:54+02:00\"},{\"@type\":\"WebSite\",\"@id\":\"https:\\\/\\\/www.eldigitaldeasturias.com\\\/noticias\\\/#website\",\"url\":\"https:\\\/\\\/www.eldigitaldeasturias.com\\\/noticias\\\/\",\"name\":\"El Digital de Asturias - Diario de actualidad y noticias\",\"alternateName\":\"El Digital de Asturias - Diario de actualidad y noticias\",\"description\":\"Hemeroteca\",\"inLanguage\":\"es-ES\",\"publisher\":{\"@id\":\"https:\\\/\\\/www.eldigitaldeasturias.com\\\/noticias\\\/#organization\"}}]}\n\t\t<\/script>\n\t\t<!-- All in One SEO Pro -->\r\n\t\t<title>El poder del clan de los Ortega en Nicaragua - El Digital de Asturias<\/title>\n\n","aioseo_head_json":{"title":"El poder del clan de los Ortega en Nicaragua - El Digital de Asturias","description":"Managua, 26 abr (dpa) \u2013 Con m\u00e1s de 11 a\u00f1os ininterrrumpidos al frente del Gobierno de Nicaragua, el ex guerrillero sandinista Daniel Ortega es el jefe de un clan familiar con mucho poder en la escena pol\u00edtica del pa\u00eds desde hace cuatro d\u00e9cadas, y que actualmente enfrenta una ola de protestas estudiantiles. Estos son algunos","canonical_url":"https:\/\/www.eldigitaldeasturias.com\/noticias\/el-poder-del-clan-de-los-ortega-en-nicaragua\/","robots":"max-image-preview:large","keywords":"actualidad","webmasterTools":{"google-site-verification":"UA-38556648-1","msvalidate.01":"7dfe9f3f1b24437ab69f4f2559babe99","miscellaneous":""},"schema":{"@context":"https:\/\/schema.org","@graph":[{"@type":"BlogPosting","@id":"https:\/\/www.eldigitaldeasturias.com\/noticias\/el-poder-del-clan-de-los-ortega-en-nicaragua\/#blogposting","name":"El poder del clan de los Ortega en Nicaragua - El Digital de Asturias","headline":"El poder del clan de los Ortega en Nicaragua","author":{"@id":"https:\/\/www.eldigitaldeasturias.com\/noticias\/author\/admin\/#author"},"publisher":{"@id":"https:\/\/www.eldigitaldeasturias.com\/noticias\/#organization"},"image":{"@type":"ImageObject","url":581461},"datePublished":"2018-04-26T22:00:54+02:00","dateModified":"2018-04-26T22:00:54+02:00","inLanguage":"es-ES","mainEntityOfPage":{"@id":"https:\/\/www.eldigitaldeasturias.com\/noticias\/el-poder-del-clan-de-los-ortega-en-nicaragua\/#webpage"},"isPartOf":{"@id":"https:\/\/www.eldigitaldeasturias.com\/noticias\/el-poder-del-clan-de-los-ortega-en-nicaragua\/#webpage"},"articleSection":"Actualidad"},{"@type":"BreadcrumbList","@id":"https:\/\/www.eldigitaldeasturias.com\/noticias\/el-poder-del-clan-de-los-ortega-en-nicaragua\/#breadcrumblist","itemListElement":[{"@type":"ListItem","@id":"https:\/\/www.eldigitaldeasturias.com\/noticias#listItem","position":1,"name":"Home","item":"https:\/\/www.eldigitaldeasturias.com\/noticias","nextItem":{"@type":"ListItem","@id":"https:\/\/www.eldigitaldeasturias.com\/noticias\/category\/actualidad\/#listItem","name":"Actualidad"}},{"@type":"ListItem","@id":"https:\/\/www.eldigitaldeasturias.com\/noticias\/category\/actualidad\/#listItem","position":2,"name":"Actualidad","item":"https:\/\/www.eldigitaldeasturias.com\/noticias\/category\/actualidad\/","nextItem":{"@type":"ListItem","@id":"https:\/\/www.eldigitaldeasturias.com\/noticias\/el-poder-del-clan-de-los-ortega-en-nicaragua\/#listItem","name":"El poder del clan de los Ortega en Nicaragua"},"previousItem":{"@type":"ListItem","@id":"https:\/\/www.eldigitaldeasturias.com\/noticias#listItem","name":"Home"}},{"@type":"ListItem","@id":"https:\/\/www.eldigitaldeasturias.com\/noticias\/el-poder-del-clan-de-los-ortega-en-nicaragua\/#listItem","position":3,"name":"El poder del clan de los Ortega en Nicaragua","previousItem":{"@type":"ListItem","@id":"https:\/\/www.eldigitaldeasturias.com\/noticias\/category\/actualidad\/#listItem","name":"Actualidad"}}]},{"@type":"Organization","@id":"https:\/\/www.eldigitaldeasturias.com\/noticias\/#organization","name":"El Digital de Asturias","description":"Hemeroteca","url":"https:\/\/www.eldigitaldeasturias.com\/noticias\/","email":"info@eldigitaldeasturias.com","telephone":"+34652131393","logo":{"@type":"ImageObject","url":"https:\/\/www.eldigitaldeasturias.com\/noticias\/wp-content\/uploads\/2020\/12\/EDA.jpg","@id":"https:\/\/www.eldigitaldeasturias.com\/noticias\/el-poder-del-clan-de-los-ortega-en-nicaragua\/#organizationLogo"},"image":{"@id":"https:\/\/www.eldigitaldeasturias.com\/noticias\/el-poder-del-clan-de-los-ortega-en-nicaragua\/#organizationLogo"},"sameAs":["https:\/\/facebook.com\/eldigitaldeasturias","https:\/\/www.youtube.com\/channel\/UCZP-2wLEB9Rv6erhFmqVnvg"],"address":{"@id":"https:\/\/www.eldigitaldeasturias.com\/noticias\/#postaladdress","@type":"PostalAddress","streetAddress":"san antonio 4","postalCode":"33430","addressLocality":"Cand\u00e1s","addressRegion":"Asturias","addressCountry":"ES"}},{"@type":"Person","@id":"https:\/\/www.eldigitaldeasturias.com\/noticias\/author\/admin\/#author","url":"https:\/\/www.eldigitaldeasturias.com\/noticias\/author\/admin\/","name":"El Digital de Asturias","image":{"@type":"ImageObject","@id":"https:\/\/www.eldigitaldeasturias.com\/noticias\/el-poder-del-clan-de-los-ortega-en-nicaragua\/#authorImage","url":"https:\/\/secure.gravatar.com\/avatar\/df2aeffc32bcd13f8d26072ef8a91b623d677766deac7f97ca815868cd41bf5e?s=96&d=mm&r=g","width":96,"height":96,"caption":"El Digital de Asturias"}},{"@type":"WebPage","@id":"https:\/\/www.eldigitaldeasturias.com\/noticias\/el-poder-del-clan-de-los-ortega-en-nicaragua\/#webpage","url":"https:\/\/www.eldigitaldeasturias.com\/noticias\/el-poder-del-clan-de-los-ortega-en-nicaragua\/","name":"El poder del clan de los Ortega en Nicaragua - El Digital de Asturias","description":"Managua, 26 abr (dpa) \u2013 Con m\u00e1s de 11 a\u00f1os ininterrrumpidos al frente del Gobierno de Nicaragua, el ex guerrillero sandinista Daniel Ortega es el jefe de un clan familiar con mucho poder en la escena pol\u00edtica del pa\u00eds desde hace cuatro d\u00e9cadas, y que actualmente enfrenta una ola de protestas estudiantiles. Estos son algunos","inLanguage":"es-ES","isPartOf":{"@id":"https:\/\/www.eldigitaldeasturias.com\/noticias\/#website"},"breadcrumb":{"@id":"https:\/\/www.eldigitaldeasturias.com\/noticias\/el-poder-del-clan-de-los-ortega-en-nicaragua\/#breadcrumblist"},"author":{"@id":"https:\/\/www.eldigitaldeasturias.com\/noticias\/author\/admin\/#author"},"creator":{"@id":"https:\/\/www.eldigitaldeasturias.com\/noticias\/author\/admin\/#author"},"image":{"@type":"ImageObject","url":581461,"@id":"https:\/\/www.eldigitaldeasturias.com\/noticias\/el-poder-del-clan-de-los-ortega-en-nicaragua\/#mainImage"},"primaryImageOfPage":{"@id":"https:\/\/www.eldigitaldeasturias.com\/noticias\/el-poder-del-clan-de-los-ortega-en-nicaragua\/#mainImage"},"datePublished":"2018-04-26T22:00:54+02:00","dateModified":"2018-04-26T22:00:54+02:00"},{"@type":"WebSite","@id":"https:\/\/www.eldigitaldeasturias.com\/noticias\/#website","url":"https:\/\/www.eldigitaldeasturias.com\/noticias\/","name":"El Digital de Asturias - Diario de actualidad y noticias","alternateName":"El Digital de Asturias - Diario de actualidad y noticias","description":"Hemeroteca","inLanguage":"es-ES","publisher":{"@id":"https:\/\/www.eldigitaldeasturias.com\/noticias\/#organization"}}]},"og:locale":"es_ES","og:site_name":"El Digital de Asturias","og:type":"article","og:title":"El poder del clan de los Ortega en Nicaragua - El Digital de Asturias","og:description":"Managua, 26 abr (dpa) \u2013 Con m\u00e1s de 11 a\u00f1os ininterrrumpidos al frente del Gobierno de Nicaragua, el ex guerrillero sandinista Daniel Ortega es el jefe de un clan familiar con mucho poder en la escena pol\u00edtica del pa\u00eds desde hace cuatro d\u00e9cadas, y que actualmente enfrenta una ola de protestas estudiantiles. Estos son algunos","og:url":"https:\/\/www.eldigitaldeasturias.com\/noticias\/el-poder-del-clan-de-los-ortega-en-nicaragua\/","article:tag":["actualidad"],"article:published_time":"2018-04-26T22:00:54+00:00","article:modified_time":"2018-04-26T22:00:54+00:00","article:publisher":"https:\/\/facebook.com\/eldigitaldeasturias","twitter:card":"summary_large_image","twitter:title":"El poder del clan de los Ortega en Nicaragua - El Digital de Asturias","twitter:description":"Managua, 26 abr (dpa) \u2013 Con m\u00e1s de 11 a\u00f1os ininterrrumpidos al frente del Gobierno de Nicaragua, el ex guerrillero sandinista Daniel Ortega es el jefe de un clan familiar con mucho poder en la escena pol\u00edtica del pa\u00eds desde hace cuatro d\u00e9cadas, y que actualmente enfrenta una ola de protestas estudiantiles. Estos son algunos","twitter:image":"https:\/\/www.eldigitaldeasturias.com\/noticias\/wp-content\/uploads\/2020\/12\/EDA-1.jpg","twitter:label1":"Escrito por","twitter:data1":"El Digital de Asturias","twitter:label2":"Tiempo de lectura estimado","twitter:data2":"3 minutos"},"aioseo_meta_data":{"post_id":"977796","title":null,"description":null,"keywords":null,"keyphrases":null,"primary_term":null,"canonical_url":null,"og_title":null,"og_description":null,"og_object_type":"default","og_image_type":"default","og_image_url":null,"og_image_width":null,"og_image_height":null,"og_image_custom_url":null,"og_image_custom_fields":null,"og_video":null,"og_custom_url":null,"og_article_section":null,"og_article_tags":null,"twitter_use_og":false,"twitter_card":"default","twitter_image_type":"default","twitter_image_url":null,"twitter_image_custom_url":null,"twitter_image_custom_fields":null,"twitter_title":null,"twitter_description":null,"schema":{"blockGraphs":[],"customGraphs":[],"default":{"data":{"Article":[],"Course":[],"Dataset":[],"FAQPage":[],"Movie":[],"Person":[],"Product":[],"ProductReview":[],"Car":[],"Recipe":[],"Service":[],"SoftwareApplication":[],"WebPage":[]},"graphName":"","isEnabled":true},"graphs":[],"defaultGraph":"","defaultPostTypeGraph":""},"schema_type":null,"schema_type_options":null,"pillar_content":false,"robots_default":true,"robots_noindex":false,"robots_noarchive":false,"robots_nosnippet":false,"robots_nofollow":false,"robots_noimageindex":false,"robots_noodp":false,"robots_notranslate":false,"robots_max_snippet":null,"robots_max_videopreview":null,"robots_max_imagepreview":"large","priority":null,"frequency":null,"local_seo":null,"seo_analyzer_scan_date":"2025-10-08 08:34:08","breadcrumb_settings":null,"limit_modified_date":false,"open_ai":null,"ai":null,"created":"2020-12-21 12:04:36","updated":"2025-10-08 08:34:08","focus_keyword":null,"additional_keywords":null,"truseo_locale":null},"aioseo_breadcrumb":"<div class=\"aioseo-breadcrumbs\"><span class=\"aioseo-breadcrumb\">\n\t<a href=\"https:\/\/www.eldigitaldeasturias.com\/noticias\" title=\"Home\">Home<\/a>\n<\/span><span class=\"aioseo-breadcrumb-separator\">\u2013<\/span><span class=\"aioseo-breadcrumb\">\n\t<a href=\"https:\/\/www.eldigitaldeasturias.com\/noticias\/category\/actualidad\/\" title=\"Actualidad\">Actualidad<\/a>\n<\/span><span class=\"aioseo-breadcrumb-separator\">\u2013<\/span><span class=\"aioseo-breadcrumb\">\n\t<a href=\"https:\/\/www.eldigitaldeasturias.com\/noticias\/el-poder-del-clan-de-los-ortega-en-nicaragua\/\" title=\"El poder del clan de los Ortega en Nicaragua\">El poder del clan de los Ortega en Nicaragua<\/a>\n<\/span><\/div>","aioseo_breadcrumb_json":[{"label":"Home","link":"https:\/\/www.eldigitaldeasturias.com\/noticias"},{"label":"Actualidad","link":"https:\/\/www.eldigitaldeasturias.com\/noticias\/category\/actualidad\/"},{"label":"El poder del clan de los Ortega en Nicaragua","link":"https:\/\/www.eldigitaldeasturias.com\/noticias\/el-poder-del-clan-de-los-ortega-en-nicaragua\/"}],"_links":{"self":[{"href":"https:\/\/www.eldigitaldeasturias.com\/noticias\/wp-json\/wp\/v2\/posts\/977796","targetHints":{"allow":["GET"]}}],"collection":[{"href":"https:\/\/www.eldigitaldeasturias.com\/noticias\/wp-json\/wp\/v2\/posts"}],"about":[{"href":"https:\/\/www.eldigitaldeasturias.com\/noticias\/wp-json\/wp\/v2\/types\/post"}],"author":[{"embeddable":true,"href":"https:\/\/www.eldigitaldeasturias.com\/noticias\/wp-json\/wp\/v2\/users\/1"}],"replies":[{"embeddable":true,"href":"https:\/\/www.eldigitaldeasturias.com\/noticias\/wp-json\/wp\/v2\/comments?post=977796"}],"version-history":[{"count":0,"href":"https:\/\/www.eldigitaldeasturias.com\/noticias\/wp-json\/wp\/v2\/posts\/977796\/revisions"}],"wp:attachment":[{"href":"https:\/\/www.eldigitaldeasturias.com\/noticias\/wp-json\/wp\/v2\/media?parent=977796"}],"wp:term":[{"taxonomy":"category","embeddable":true,"href":"https:\/\/www.eldigitaldeasturias.com\/noticias\/wp-json\/wp\/v2\/categories?post=977796"},{"taxonomy":"post_tag","embeddable":true,"href":"https:\/\/www.eldigitaldeasturias.com\/noticias\/wp-json\/wp\/v2\/tags?post=977796"}],"curies":[{"name":"wp","href":"https:\/\/api.w.org\/{rel}","templated":true}]}}