{"id":977721,"date":"2018-04-26T13:43:18","date_gmt":"2018-04-26T13:43:18","guid":{"rendered":"http:\/\/www.eldigitaldeasturias.com\/noticias\/?p=977721"},"modified":"2018-04-26T13:43:18","modified_gmt":"2018-04-26T13:43:18","slug":"el-psoe-valora-de-forma-negativa-la-epa-del-primer-trimestre","status":"publish","type":"post","link":"https:\/\/www.eldigitaldeasturias.com\/noticias\/el-psoe-valora-de-forma-negativa-la-epa-del-primer-trimestre\/","title":{"rendered":"El PSOE valora de forma negativa la EPA del primer trimestre"},"content":{"rendered":"<p><img loading=\"lazy\" decoding=\"async\" class=\"alignleft size-medium wp-image-977722\" src=\"https:\/\/www.eldigitaldeasturias.com\/noticias\/wp-content\/uploads\/2018\/04\/Toni-Ferrer-360x122.jpg\" alt=\"\" width=\"360\" height=\"122\" \/>El secretario de Empleo y Relaciones Laborales, Toni Ferrer, considera que la ca\u00edda del empleo requiere de \u00abrespuestas\u201d que \u201cel Gobierno no da en su proyecto de Presupuestos\u201d.<\/p>\n<p>Para los socialistas los datos de la EPA del primer trimestre de 2018 conocidos hoy son \u201cnegativos\u201d, ya que \u201cel empleo ha ca\u00eddo y aumentado el desempleo\u201d, siendo \u201cel peor resultado desde 2014, cuando se inici\u00f3 la recuperaci\u00f3n econ\u00f3mica\u201d.<\/p>\n<p>Como ha se\u00f1alado el secretario de Empleo y Relaciones Laborales del PSOE, \u201cel paro roza los 3,8 millones de personas, de los que 2 millones son pr\u00e1cticamente el total de mujeres desempleadas\u201d. Y \u201cel paro juvenil sigue instalado en una cifra muy elevada: en el 35%, dos veces y media m\u00e1s que la tasa general de paro\u201d. A todo ello se suma, que 1.800.000 personas son parados de larga duraci\u00f3n ya que llevan m\u00e1s de un a\u00f1o en el paro.<\/p>\n<p>En cuanto a las condiciones laborales, aumenta el empleo a tiempo parcial y se reduce a tiempo completo, siguiendo la \u201ctasa de temporalidad en unos niveles inasumibles del 26%\u201d.<\/p>\n<p>Para el PSOE esta situaci\u00f3n \u201crequiere respuestas\u201d que \u201cel Gobierno no da en su proyecto de Presupuestos\u201d. Unas cuentas en las que \u201creduce la protecci\u00f3n a los desempleados \u2013no hay que olvidar que cerca de dos millones de ellos no tienen ning\u00fan tipo de protecci\u00f3n econ\u00f3mica-, a la vez que desarrolla medidas que reducen sus posibilidades\u201d de lograr trabajo; y es que \u201cla inversi\u00f3n en pol\u00edticas activas de empleo es claramente insuficiente\u201d.<\/p>\n<p>Por eso \u2013ha recordado Ferrer- \u201clos socialistas presentamos unos Presupuestos alternativos en los que planteamos mejorar las prestaci\u00f3n por desempleo de los parados de larga duraci\u00f3n, recuperar el subsidio para mayores de 52 a\u00f1os y desarrollar un plan de pol\u00edticas activas de empleo\u201d, orientado a la formaci\u00f3n y a mejorar la capacidad de inserci\u00f3n laboral y la creaci\u00f3n de puestos de trabajo.<\/p>\n","protected":false},"excerpt":{"rendered":"<p>El secretario de Empleo y Relaciones Laborales, Toni Ferrer, considera que la ca\u00edda del empleo requiere de \u00abrespuestas\u201d que \u201cel Gobierno no da en su proyecto de Presupuestos\u201d. Para los socialistas los datos de la EPA del primer trimestre de 2018 conocidos hoy son \u201cnegativos\u201d, ya que \u201cel empleo ha ca\u00eddo y aumentado el desempleo\u201d, [&hellip;]<\/p>\n","protected":false},"author":1,"featured_media":977722,"comment_status":"closed","ping_status":"closed","sticky":false,"template":"","format":"standard","meta":{"footnotes":""},"categories":[1],"tags":[],"class_list":["post-977721","post","type-post","status-publish","format-standard","has-post-thumbnail","hentry","category-actualidad"],"aioseo_notices":[],"aioseo_head":"\n\t\t<!-- All in One SEO Pro 5.0.1 - aioseo.com -->\n\t<meta name=\"description\" content=\"El secretario de Empleo y Relaciones Laborales, Toni Ferrer, considera que la ca\u00edda del empleo requiere de &quot;respuestas\u201d que \u201cel Gobierno no da en su proyecto de Presupuestos\u201d. Para los socialistas los datos de la EPA del primer trimestre de 2018 conocidos hoy son \u201cnegativos\u201d, ya que \u201cel empleo ha ca\u00eddo y aumentado el desempleo\u201d,\" \/>\n\t<meta name=\"robots\" content=\"max-image-preview:large\" \/>\n\t<meta name=\"author\" content=\"El Digital de Asturias\"\/>\n\t<meta name=\"google-site-verification\" content=\"UA-38556648-1\" \/>\n\t<meta name=\"msvalidate.01\" content=\"7dfe9f3f1b24437ab69f4f2559babe99\" \/>\n\t<meta name=\"keywords\" content=\"actualidad\" \/>\n\t<link rel=\"canonical\" href=\"https:\/\/www.eldigitaldeasturias.com\/noticias\/el-psoe-valora-de-forma-negativa-la-epa-del-primer-trimestre\/\" \/>\n\t<meta name=\"generator\" content=\"All in One SEO Pro (AIOSEO) 5.0.1\" \/>\n\t\t<meta property=\"og:locale\" content=\"es_ES\" \/>\n\t\t<meta property=\"og:site_name\" content=\"El Digital de Asturias\" \/>\n\t\t<meta property=\"og:type\" content=\"article\" \/>\n\t\t<meta property=\"og:title\" content=\"El PSOE valora de forma negativa la EPA del primer trimestre - El Digital de Asturias\" \/>\n\t\t<meta property=\"og:description\" content=\"El secretario de Empleo y Relaciones Laborales, Toni Ferrer, considera que la ca\u00edda del empleo requiere de &quot;respuestas\u201d que \u201cel Gobierno no da en su proyecto de Presupuestos\u201d. Para los socialistas los datos de la EPA del primer trimestre de 2018 conocidos hoy son \u201cnegativos\u201d, ya que \u201cel empleo ha ca\u00eddo y aumentado el desempleo\u201d,\" \/>\n\t\t<meta property=\"og:url\" content=\"https:\/\/www.eldigitaldeasturias.com\/noticias\/el-psoe-valora-de-forma-negativa-la-epa-del-primer-trimestre\/\" \/>\n\t\t<meta property=\"article:tag\" content=\"actualidad\" \/>\n\t\t<meta property=\"article:published_time\" content=\"2018-04-26T13:43:18+00:00\" \/>\n\t\t<meta property=\"article:modified_time\" content=\"2018-04-26T13:43:18+00:00\" \/>\n\t\t<meta property=\"article:publisher\" content=\"https:\/\/facebook.com\/eldigitaldeasturias\" \/>\n\t\t<meta name=\"twitter:card\" content=\"summary_large_image\" \/>\n\t\t<meta name=\"twitter:title\" content=\"El PSOE valora de forma negativa la EPA del primer trimestre - El Digital de Asturias\" \/>\n\t\t<meta name=\"twitter:description\" content=\"El secretario de Empleo y Relaciones Laborales, Toni Ferrer, considera que la ca\u00edda del empleo requiere de &quot;respuestas\u201d que \u201cel Gobierno no da en su proyecto de Presupuestos\u201d. Para los socialistas los datos de la EPA del primer trimestre de 2018 conocidos hoy son \u201cnegativos\u201d, ya que \u201cel empleo ha ca\u00eddo y aumentado el desempleo\u201d,\" \/>\n\t\t<meta name=\"twitter:image\" content=\"https:\/\/www.eldigitaldeasturias.com\/noticias\/wp-content\/uploads\/2020\/12\/EDA-1.jpg\" \/>\n\t\t<meta name=\"twitter:label1\" content=\"Escrito por\" \/>\n\t\t<meta name=\"twitter:data1\" content=\"El Digital de Asturias\" \/>\n\t\t<meta name=\"twitter:label2\" content=\"Tiempo de lectura estimado\" \/>\n\t\t<meta name=\"twitter:data2\" content=\"2 minutos\" \/>\n\t\t<script type=\"application\/ld+json\" class=\"aioseo-schema\">\n\t\t\t{\"@context\":\"https:\\\/\\\/schema.org\",\"@graph\":[{\"@type\":\"BlogPosting\",\"@id\":\"https:\\\/\\\/www.eldigitaldeasturias.com\\\/noticias\\\/el-psoe-valora-de-forma-negativa-la-epa-del-primer-trimestre\\\/#blogposting\",\"name\":\"El PSOE valora de forma negativa la EPA del primer trimestre - El Digital de Asturias\",\"headline\":\"El PSOE valora de forma negativa la EPA del primer trimestre\",\"author\":{\"@id\":\"https:\\\/\\\/www.eldigitaldeasturias.com\\\/noticias\\\/author\\\/admin\\\/#author\"},\"publisher\":{\"@id\":\"https:\\\/\\\/www.eldigitaldeasturias.com\\\/noticias\\\/#organization\"},\"image\":{\"@type\":\"ImageObject\",\"url\":977722},\"datePublished\":\"2018-04-26T13:43:18+02:00\",\"dateModified\":\"2018-04-26T13:43:18+02:00\",\"inLanguage\":\"es-ES\",\"mainEntityOfPage\":{\"@id\":\"https:\\\/\\\/www.eldigitaldeasturias.com\\\/noticias\\\/el-psoe-valora-de-forma-negativa-la-epa-del-primer-trimestre\\\/#webpage\"},\"isPartOf\":{\"@id\":\"https:\\\/\\\/www.eldigitaldeasturias.com\\\/noticias\\\/el-psoe-valora-de-forma-negativa-la-epa-del-primer-trimestre\\\/#webpage\"},\"articleSection\":\"Actualidad\"},{\"@type\":\"BreadcrumbList\",\"@id\":\"https:\\\/\\\/www.eldigitaldeasturias.com\\\/noticias\\\/el-psoe-valora-de-forma-negativa-la-epa-del-primer-trimestre\\\/#breadcrumblist\",\"itemListElement\":[{\"@type\":\"ListItem\",\"@id\":\"https:\\\/\\\/www.eldigitaldeasturias.com\\\/noticias#listItem\",\"position\":1,\"name\":\"Home\",\"item\":\"https:\\\/\\\/www.eldigitaldeasturias.com\\\/noticias\",\"nextItem\":{\"@type\":\"ListItem\",\"@id\":\"https:\\\/\\\/www.eldigitaldeasturias.com\\\/noticias\\\/category\\\/actualidad\\\/#listItem\",\"name\":\"Actualidad\"}},{\"@type\":\"ListItem\",\"@id\":\"https:\\\/\\\/www.eldigitaldeasturias.com\\\/noticias\\\/category\\\/actualidad\\\/#listItem\",\"position\":2,\"name\":\"Actualidad\",\"item\":\"https:\\\/\\\/www.eldigitaldeasturias.com\\\/noticias\\\/category\\\/actualidad\\\/\",\"nextItem\":{\"@type\":\"ListItem\",\"@id\":\"https:\\\/\\\/www.eldigitaldeasturias.com\\\/noticias\\\/el-psoe-valora-de-forma-negativa-la-epa-del-primer-trimestre\\\/#listItem\",\"name\":\"El PSOE valora de forma negativa la EPA del primer trimestre\"},\"previousItem\":{\"@type\":\"ListItem\",\"@id\":\"https:\\\/\\\/www.eldigitaldeasturias.com\\\/noticias#listItem\",\"name\":\"Home\"}},{\"@type\":\"ListItem\",\"@id\":\"https:\\\/\\\/www.eldigitaldeasturias.com\\\/noticias\\\/el-psoe-valora-de-forma-negativa-la-epa-del-primer-trimestre\\\/#listItem\",\"position\":3,\"name\":\"El PSOE valora de forma negativa la EPA del primer trimestre\",\"previousItem\":{\"@type\":\"ListItem\",\"@id\":\"https:\\\/\\\/www.eldigitaldeasturias.com\\\/noticias\\\/category\\\/actualidad\\\/#listItem\",\"name\":\"Actualidad\"}}]},{\"@type\":\"Organization\",\"@id\":\"https:\\\/\\\/www.eldigitaldeasturias.com\\\/noticias\\\/#organization\",\"name\":\"El Digital de Asturias\",\"description\":\"Hemeroteca\",\"url\":\"https:\\\/\\\/www.eldigitaldeasturias.com\\\/noticias\\\/\",\"email\":\"info@eldigitaldeasturias.com\",\"telephone\":\"+34652131393\",\"logo\":{\"@type\":\"ImageObject\",\"url\":\"https:\\\/\\\/www.eldigitaldeasturias.com\\\/noticias\\\/wp-content\\\/uploads\\\/2020\\\/12\\\/EDA.jpg\",\"@id\":\"https:\\\/\\\/www.eldigitaldeasturias.com\\\/noticias\\\/el-psoe-valora-de-forma-negativa-la-epa-del-primer-trimestre\\\/#organizationLogo\"},\"image\":{\"@id\":\"https:\\\/\\\/www.eldigitaldeasturias.com\\\/noticias\\\/el-psoe-valora-de-forma-negativa-la-epa-del-primer-trimestre\\\/#organizationLogo\"},\"sameAs\":[\"https:\\\/\\\/facebook.com\\\/eldigitaldeasturias\",\"https:\\\/\\\/www.youtube.com\\\/channel\\\/UCZP-2wLEB9Rv6erhFmqVnvg\"],\"address\":{\"@id\":\"https:\\\/\\\/www.eldigitaldeasturias.com\\\/noticias\\\/#postaladdress\",\"@type\":\"PostalAddress\",\"streetAddress\":\"san antonio 4\",\"postalCode\":\"33430\",\"addressLocality\":\"Cand\\u00e1s\",\"addressRegion\":\"Asturias\",\"addressCountry\":\"ES\"}},{\"@type\":\"Person\",\"@id\":\"https:\\\/\\\/www.eldigitaldeasturias.com\\\/noticias\\\/author\\\/admin\\\/#author\",\"url\":\"https:\\\/\\\/www.eldigitaldeasturias.com\\\/noticias\\\/author\\\/admin\\\/\",\"name\":\"El Digital de Asturias\",\"image\":{\"@type\":\"ImageObject\",\"@id\":\"https:\\\/\\\/www.eldigitaldeasturias.com\\\/noticias\\\/el-psoe-valora-de-forma-negativa-la-epa-del-primer-trimestre\\\/#authorImage\",\"url\":\"https:\\\/\\\/secure.gravatar.com\\\/avatar\\\/df2aeffc32bcd13f8d26072ef8a91b623d677766deac7f97ca815868cd41bf5e?s=96&d=mm&r=g\",\"width\":96,\"height\":96,\"caption\":\"El Digital de Asturias\"}},{\"@type\":\"WebPage\",\"@id\":\"https:\\\/\\\/www.eldigitaldeasturias.com\\\/noticias\\\/el-psoe-valora-de-forma-negativa-la-epa-del-primer-trimestre\\\/#webpage\",\"url\":\"https:\\\/\\\/www.eldigitaldeasturias.com\\\/noticias\\\/el-psoe-valora-de-forma-negativa-la-epa-del-primer-trimestre\\\/\",\"name\":\"El PSOE valora de forma negativa la EPA del primer trimestre - El Digital de Asturias\",\"description\":\"El secretario de Empleo y Relaciones Laborales, Toni Ferrer, considera que la ca\\u00edda del empleo requiere de \\\"respuestas\\u201d que \\u201cel Gobierno no da en su proyecto de Presupuestos\\u201d. Para los socialistas los datos de la EPA del primer trimestre de 2018 conocidos hoy son \\u201cnegativos\\u201d, ya que \\u201cel empleo ha ca\\u00eddo y aumentado el desempleo\\u201d,\",\"inLanguage\":\"es-ES\",\"isPartOf\":{\"@id\":\"https:\\\/\\\/www.eldigitaldeasturias.com\\\/noticias\\\/#website\"},\"breadcrumb\":{\"@id\":\"https:\\\/\\\/www.eldigitaldeasturias.com\\\/noticias\\\/el-psoe-valora-de-forma-negativa-la-epa-del-primer-trimestre\\\/#breadcrumblist\"},\"author\":{\"@id\":\"https:\\\/\\\/www.eldigitaldeasturias.com\\\/noticias\\\/author\\\/admin\\\/#author\"},\"creator\":{\"@id\":\"https:\\\/\\\/www.eldigitaldeasturias.com\\\/noticias\\\/author\\\/admin\\\/#author\"},\"image\":{\"@type\":\"ImageObject\",\"url\":977722,\"@id\":\"https:\\\/\\\/www.eldigitaldeasturias.com\\\/noticias\\\/el-psoe-valora-de-forma-negativa-la-epa-del-primer-trimestre\\\/#mainImage\"},\"primaryImageOfPage\":{\"@id\":\"https:\\\/\\\/www.eldigitaldeasturias.com\\\/noticias\\\/el-psoe-valora-de-forma-negativa-la-epa-del-primer-trimestre\\\/#mainImage\"},\"datePublished\":\"2018-04-26T13:43:18+02:00\",\"dateModified\":\"2018-04-26T13:43:18+02:00\"},{\"@type\":\"WebSite\",\"@id\":\"https:\\\/\\\/www.eldigitaldeasturias.com\\\/noticias\\\/#website\",\"url\":\"https:\\\/\\\/www.eldigitaldeasturias.com\\\/noticias\\\/\",\"name\":\"El Digital de Asturias - Diario de actualidad y noticias\",\"alternateName\":\"El Digital de Asturias - Diario de actualidad y noticias\",\"description\":\"Hemeroteca\",\"inLanguage\":\"es-ES\",\"publisher\":{\"@id\":\"https:\\\/\\\/www.eldigitaldeasturias.com\\\/noticias\\\/#organization\"}}]}\n\t\t<\/script>\n\t\t<!-- All in One SEO Pro -->\r\n\t\t<title>El PSOE valora de forma negativa la EPA del primer trimestre - El Digital de Asturias<\/title>\n\n","aioseo_head_json":{"title":"El PSOE valora de forma negativa la EPA del primer trimestre - El Digital de Asturias","description":"El secretario de Empleo y Relaciones Laborales, Toni Ferrer, considera que la ca\u00edda del empleo requiere de \"respuestas\u201d que \u201cel Gobierno no da en su proyecto de Presupuestos\u201d. Para los socialistas los datos de la EPA del primer trimestre de 2018 conocidos hoy son \u201cnegativos\u201d, ya que \u201cel empleo ha ca\u00eddo y aumentado el desempleo\u201d,","canonical_url":"https:\/\/www.eldigitaldeasturias.com\/noticias\/el-psoe-valora-de-forma-negativa-la-epa-del-primer-trimestre\/","robots":"max-image-preview:large","keywords":"actualidad","webmasterTools":{"google-site-verification":"UA-38556648-1","msvalidate.01":"7dfe9f3f1b24437ab69f4f2559babe99","miscellaneous":""},"schema":{"@context":"https:\/\/schema.org","@graph":[{"@type":"BlogPosting","@id":"https:\/\/www.eldigitaldeasturias.com\/noticias\/el-psoe-valora-de-forma-negativa-la-epa-del-primer-trimestre\/#blogposting","name":"El PSOE valora de forma negativa la EPA del primer trimestre - El Digital de Asturias","headline":"El PSOE valora de forma negativa la EPA del primer trimestre","author":{"@id":"https:\/\/www.eldigitaldeasturias.com\/noticias\/author\/admin\/#author"},"publisher":{"@id":"https:\/\/www.eldigitaldeasturias.com\/noticias\/#organization"},"image":{"@type":"ImageObject","url":977722},"datePublished":"2018-04-26T13:43:18+02:00","dateModified":"2018-04-26T13:43:18+02:00","inLanguage":"es-ES","mainEntityOfPage":{"@id":"https:\/\/www.eldigitaldeasturias.com\/noticias\/el-psoe-valora-de-forma-negativa-la-epa-del-primer-trimestre\/#webpage"},"isPartOf":{"@id":"https:\/\/www.eldigitaldeasturias.com\/noticias\/el-psoe-valora-de-forma-negativa-la-epa-del-primer-trimestre\/#webpage"},"articleSection":"Actualidad"},{"@type":"BreadcrumbList","@id":"https:\/\/www.eldigitaldeasturias.com\/noticias\/el-psoe-valora-de-forma-negativa-la-epa-del-primer-trimestre\/#breadcrumblist","itemListElement":[{"@type":"ListItem","@id":"https:\/\/www.eldigitaldeasturias.com\/noticias#listItem","position":1,"name":"Home","item":"https:\/\/www.eldigitaldeasturias.com\/noticias","nextItem":{"@type":"ListItem","@id":"https:\/\/www.eldigitaldeasturias.com\/noticias\/category\/actualidad\/#listItem","name":"Actualidad"}},{"@type":"ListItem","@id":"https:\/\/www.eldigitaldeasturias.com\/noticias\/category\/actualidad\/#listItem","position":2,"name":"Actualidad","item":"https:\/\/www.eldigitaldeasturias.com\/noticias\/category\/actualidad\/","nextItem":{"@type":"ListItem","@id":"https:\/\/www.eldigitaldeasturias.com\/noticias\/el-psoe-valora-de-forma-negativa-la-epa-del-primer-trimestre\/#listItem","name":"El PSOE valora de forma negativa la EPA del primer trimestre"},"previousItem":{"@type":"ListItem","@id":"https:\/\/www.eldigitaldeasturias.com\/noticias#listItem","name":"Home"}},{"@type":"ListItem","@id":"https:\/\/www.eldigitaldeasturias.com\/noticias\/el-psoe-valora-de-forma-negativa-la-epa-del-primer-trimestre\/#listItem","position":3,"name":"El PSOE valora de forma negativa la EPA del primer trimestre","previousItem":{"@type":"ListItem","@id":"https:\/\/www.eldigitaldeasturias.com\/noticias\/category\/actualidad\/#listItem","name":"Actualidad"}}]},{"@type":"Organization","@id":"https:\/\/www.eldigitaldeasturias.com\/noticias\/#organization","name":"El Digital de Asturias","description":"Hemeroteca","url":"https:\/\/www.eldigitaldeasturias.com\/noticias\/","email":"info@eldigitaldeasturias.com","telephone":"+34652131393","logo":{"@type":"ImageObject","url":"https:\/\/www.eldigitaldeasturias.com\/noticias\/wp-content\/uploads\/2020\/12\/EDA.jpg","@id":"https:\/\/www.eldigitaldeasturias.com\/noticias\/el-psoe-valora-de-forma-negativa-la-epa-del-primer-trimestre\/#organizationLogo"},"image":{"@id":"https:\/\/www.eldigitaldeasturias.com\/noticias\/el-psoe-valora-de-forma-negativa-la-epa-del-primer-trimestre\/#organizationLogo"},"sameAs":["https:\/\/facebook.com\/eldigitaldeasturias","https:\/\/www.youtube.com\/channel\/UCZP-2wLEB9Rv6erhFmqVnvg"],"address":{"@id":"https:\/\/www.eldigitaldeasturias.com\/noticias\/#postaladdress","@type":"PostalAddress","streetAddress":"san antonio 4","postalCode":"33430","addressLocality":"Cand\u00e1s","addressRegion":"Asturias","addressCountry":"ES"}},{"@type":"Person","@id":"https:\/\/www.eldigitaldeasturias.com\/noticias\/author\/admin\/#author","url":"https:\/\/www.eldigitaldeasturias.com\/noticias\/author\/admin\/","name":"El Digital de Asturias","image":{"@type":"ImageObject","@id":"https:\/\/www.eldigitaldeasturias.com\/noticias\/el-psoe-valora-de-forma-negativa-la-epa-del-primer-trimestre\/#authorImage","url":"https:\/\/secure.gravatar.com\/avatar\/df2aeffc32bcd13f8d26072ef8a91b623d677766deac7f97ca815868cd41bf5e?s=96&d=mm&r=g","width":96,"height":96,"caption":"El Digital de Asturias"}},{"@type":"WebPage","@id":"https:\/\/www.eldigitaldeasturias.com\/noticias\/el-psoe-valora-de-forma-negativa-la-epa-del-primer-trimestre\/#webpage","url":"https:\/\/www.eldigitaldeasturias.com\/noticias\/el-psoe-valora-de-forma-negativa-la-epa-del-primer-trimestre\/","name":"El PSOE valora de forma negativa la EPA del primer trimestre - El Digital de Asturias","description":"El secretario de Empleo y Relaciones Laborales, Toni Ferrer, considera que la ca\u00edda del empleo requiere de \"respuestas\u201d que \u201cel Gobierno no da en su proyecto de Presupuestos\u201d. Para los socialistas los datos de la EPA del primer trimestre de 2018 conocidos hoy son \u201cnegativos\u201d, ya que \u201cel empleo ha ca\u00eddo y aumentado el desempleo\u201d,","inLanguage":"es-ES","isPartOf":{"@id":"https:\/\/www.eldigitaldeasturias.com\/noticias\/#website"},"breadcrumb":{"@id":"https:\/\/www.eldigitaldeasturias.com\/noticias\/el-psoe-valora-de-forma-negativa-la-epa-del-primer-trimestre\/#breadcrumblist"},"author":{"@id":"https:\/\/www.eldigitaldeasturias.com\/noticias\/author\/admin\/#author"},"creator":{"@id":"https:\/\/www.eldigitaldeasturias.com\/noticias\/author\/admin\/#author"},"image":{"@type":"ImageObject","url":977722,"@id":"https:\/\/www.eldigitaldeasturias.com\/noticias\/el-psoe-valora-de-forma-negativa-la-epa-del-primer-trimestre\/#mainImage"},"primaryImageOfPage":{"@id":"https:\/\/www.eldigitaldeasturias.com\/noticias\/el-psoe-valora-de-forma-negativa-la-epa-del-primer-trimestre\/#mainImage"},"datePublished":"2018-04-26T13:43:18+02:00","dateModified":"2018-04-26T13:43:18+02:00"},{"@type":"WebSite","@id":"https:\/\/www.eldigitaldeasturias.com\/noticias\/#website","url":"https:\/\/www.eldigitaldeasturias.com\/noticias\/","name":"El Digital de Asturias - Diario de actualidad y noticias","alternateName":"El Digital de Asturias - Diario de actualidad y noticias","description":"Hemeroteca","inLanguage":"es-ES","publisher":{"@id":"https:\/\/www.eldigitaldeasturias.com\/noticias\/#organization"}}]},"og:locale":"es_ES","og:site_name":"El Digital de Asturias","og:type":"article","og:title":"El PSOE valora de forma negativa la EPA del primer trimestre - El Digital de Asturias","og:description":"El secretario de Empleo y Relaciones Laborales, Toni Ferrer, considera que la ca\u00edda del empleo requiere de &quot;respuestas\u201d que \u201cel Gobierno no da en su proyecto de Presupuestos\u201d. Para los socialistas los datos de la EPA del primer trimestre de 2018 conocidos hoy son \u201cnegativos\u201d, ya que \u201cel empleo ha ca\u00eddo y aumentado el desempleo\u201d,","og:url":"https:\/\/www.eldigitaldeasturias.com\/noticias\/el-psoe-valora-de-forma-negativa-la-epa-del-primer-trimestre\/","article:tag":["actualidad"],"article:published_time":"2018-04-26T13:43:18+00:00","article:modified_time":"2018-04-26T13:43:18+00:00","article:publisher":"https:\/\/facebook.com\/eldigitaldeasturias","twitter:card":"summary_large_image","twitter:title":"El PSOE valora de forma negativa la EPA del primer trimestre - El Digital de Asturias","twitter:description":"El secretario de Empleo y Relaciones Laborales, Toni Ferrer, considera que la ca\u00edda del empleo requiere de &quot;respuestas\u201d que \u201cel Gobierno no da en su proyecto de Presupuestos\u201d. Para los socialistas los datos de la EPA del primer trimestre de 2018 conocidos hoy son \u201cnegativos\u201d, ya que \u201cel empleo ha ca\u00eddo y aumentado el desempleo\u201d,","twitter:image":"https:\/\/www.eldigitaldeasturias.com\/noticias\/wp-content\/uploads\/2020\/12\/EDA-1.jpg","twitter:label1":"Escrito por","twitter:data1":"El Digital de Asturias","twitter:label2":"Tiempo de lectura estimado","twitter:data2":"2 minutos"},"aioseo_meta_data":{"post_id":"977721","title":null,"description":null,"keywords":null,"keyphrases":null,"primary_term":null,"canonical_url":null,"og_title":null,"og_description":null,"og_object_type":"default","og_image_type":"default","og_image_url":null,"og_image_width":null,"og_image_height":null,"og_image_custom_url":null,"og_image_custom_fields":null,"og_video":null,"og_custom_url":null,"og_article_section":null,"og_article_tags":null,"twitter_use_og":false,"twitter_card":"default","twitter_image_type":"default","twitter_image_url":null,"twitter_image_custom_url":null,"twitter_image_custom_fields":null,"twitter_title":null,"twitter_description":null,"schema":{"blockGraphs":[],"customGraphs":[],"default":{"data":{"Article":[],"Course":[],"Dataset":[],"FAQPage":[],"Movie":[],"Person":[],"Product":[],"ProductReview":[],"Car":[],"Recipe":[],"Service":[],"SoftwareApplication":[],"WebPage":[]},"graphName":"","isEnabled":true},"graphs":[],"defaultGraph":"","defaultPostTypeGraph":""},"schema_type":null,"schema_type_options":null,"pillar_content":false,"robots_default":true,"robots_noindex":false,"robots_noarchive":false,"robots_nosnippet":false,"robots_nofollow":false,"robots_noimageindex":false,"robots_noodp":false,"robots_notranslate":false,"robots_max_snippet":null,"robots_max_videopreview":null,"robots_max_imagepreview":"large","priority":null,"frequency":null,"local_seo":null,"seo_analyzer_scan_date":"2025-10-08 08:17:59","breadcrumb_settings":null,"limit_modified_date":false,"open_ai":null,"ai":null,"created":"2020-12-21 12:04:36","updated":"2025-10-08 08:17:59","focus_keyword":null,"additional_keywords":null,"truseo_locale":null},"aioseo_breadcrumb":"<div class=\"aioseo-breadcrumbs\"><span class=\"aioseo-breadcrumb\">\n\t<a href=\"https:\/\/www.eldigitaldeasturias.com\/noticias\" title=\"Home\">Home<\/a>\n<\/span><span class=\"aioseo-breadcrumb-separator\">\u2013<\/span><span class=\"aioseo-breadcrumb\">\n\t<a href=\"https:\/\/www.eldigitaldeasturias.com\/noticias\/category\/actualidad\/\" title=\"Actualidad\">Actualidad<\/a>\n<\/span><span class=\"aioseo-breadcrumb-separator\">\u2013<\/span><span class=\"aioseo-breadcrumb\">\n\t<a href=\"https:\/\/www.eldigitaldeasturias.com\/noticias\/el-psoe-valora-de-forma-negativa-la-epa-del-primer-trimestre\/\" title=\"El PSOE valora de forma negativa la EPA del primer trimestre\">El PSOE valora de forma negativa la EPA del primer trimestre<\/a>\n<\/span><\/div>","aioseo_breadcrumb_json":[{"label":"Home","link":"https:\/\/www.eldigitaldeasturias.com\/noticias"},{"label":"Actualidad","link":"https:\/\/www.eldigitaldeasturias.com\/noticias\/category\/actualidad\/"},{"label":"El PSOE valora de forma negativa la EPA del primer trimestre","link":"https:\/\/www.eldigitaldeasturias.com\/noticias\/el-psoe-valora-de-forma-negativa-la-epa-del-primer-trimestre\/"}],"_links":{"self":[{"href":"https:\/\/www.eldigitaldeasturias.com\/noticias\/wp-json\/wp\/v2\/posts\/977721","targetHints":{"allow":["GET"]}}],"collection":[{"href":"https:\/\/www.eldigitaldeasturias.com\/noticias\/wp-json\/wp\/v2\/posts"}],"about":[{"href":"https:\/\/www.eldigitaldeasturias.com\/noticias\/wp-json\/wp\/v2\/types\/post"}],"author":[{"embeddable":true,"href":"https:\/\/www.eldigitaldeasturias.com\/noticias\/wp-json\/wp\/v2\/users\/1"}],"replies":[{"embeddable":true,"href":"https:\/\/www.eldigitaldeasturias.com\/noticias\/wp-json\/wp\/v2\/comments?post=977721"}],"version-history":[{"count":0,"href":"https:\/\/www.eldigitaldeasturias.com\/noticias\/wp-json\/wp\/v2\/posts\/977721\/revisions"}],"wp:attachment":[{"href":"https:\/\/www.eldigitaldeasturias.com\/noticias\/wp-json\/wp\/v2\/media?parent=977721"}],"wp:term":[{"taxonomy":"category","embeddable":true,"href":"https:\/\/www.eldigitaldeasturias.com\/noticias\/wp-json\/wp\/v2\/categories?post=977721"},{"taxonomy":"post_tag","embeddable":true,"href":"https:\/\/www.eldigitaldeasturias.com\/noticias\/wp-json\/wp\/v2\/tags?post=977721"}],"curies":[{"name":"wp","href":"https:\/\/api.w.org\/{rel}","templated":true}]}}