{"id":977687,"date":"2018-04-26T10:04:33","date_gmt":"2018-04-26T10:04:33","guid":{"rendered":"http:\/\/www.eldigitaldeasturias.com\/noticias\/?p=977687"},"modified":"2018-04-26T10:04:33","modified_gmt":"2018-04-26T10:04:33","slug":"acuerdo-internacional-para-la-busqueda-de-menores-desaparecidos","status":"publish","type":"post","link":"https:\/\/www.eldigitaldeasturias.com\/noticias\/acuerdo-internacional-para-la-busqueda-de-menores-desaparecidos\/","title":{"rendered":"Acuerdo internacional para la b\u00fasqueda de menores desaparecidos"},"content":{"rendered":"<p><img loading=\"lazy\" decoding=\"async\" class=\"alignleft size-medium wp-image-977688\" src=\"https:\/\/www.eldigitaldeasturias.com\/noticias\/wp-content\/uploads\/2018\/04\/250418-Nieto-360x239.jpg\" alt=\"\" width=\"360\" height=\"239\" \/>El secretario de Estado de Seguridad, Jos\u00e9 Antonio Nieto, y el presidente de AMBER Alert Europe, Frank Hoen, han firmado un convenio de colaboraci\u00f3n para reforzar los instrumentos de cooperaci\u00f3n internacional ante supuestos casos de menores desaparecidos.<\/p>\n<p>Mediante este acuerdo, la Secretar\u00eda de Estado de Seguridad y AMBER Alert Europe se comprometen a establecer canales de comunicaci\u00f3n conjunta que permitan recabar la colaboraci\u00f3n de la poblaci\u00f3n y sensibilizar sobre la importancia de difundir las alertas, m\u00e1s all\u00e1 de nuestras fronteras, ante desapariciones de esta naturaleza.<\/p>\n<p>A continuaci\u00f3n, Jos\u00e9 Antonio Nieto ha mantenido una reuni\u00f3n con varios representantes del Centro Nacional de Desaparecidos y de la organizaci\u00f3n AMBER Alert Europe en el que han acordado desarrollar conjuntamente actividades de formaci\u00f3n dirigidas a reforzar la preparaci\u00f3n de los agentes de la Polic\u00eda Nacional y de la Guardia Civil que intervienen ante la desaparici\u00f3n de una persona.<\/p>\n<p>Asimismo, los representantes de la Secretar\u00eda de Estado de Seguridad han dado a conocer a los miembros de AMBER el Sistema de Alerta Temprana por Desaparici\u00f3n de Menores desarrollado en Espa\u00f1a por el Ministerio del Interior con el objetivo de intercambiar experiencias en la materia.<\/p>\n<p>Durante este encuentro, el secretario de Estado de Seguridad ha apelado a la sensibilizaci\u00f3n y ha insistido, como ya hiciera el pasado 7 de marzo con motivo del D\u00eda Nacional de las Personas Desaparecidas sin Causa Aparente, en la necesidad de contar con la participaci\u00f3n ciudadana en la b\u00fasqueda de las personas desaparecidas, mediante \u00abla asunci\u00f3n de una responsabilidad compartida de todos, entendiendo el todos como la suma de las Fuerzas y Cuerpos de Seguridad y los ciudadanos\u00bb, ha afirmado.<\/p>\n<p>AMBER Alert Europe es una organizaci\u00f3n internacional que cuenta con un sistema de notificaci\u00f3n ante casos de menores de edad desaparecidos. Su sistema emite avisos destinados a la sociedad cuando las Fuerzas y Cuerpos de Seguridad consideran que es beneficiosa la colaboraci\u00f3n ciudadana a la hora de realizar la b\u00fasqueda de menores desaparecidos.<\/p>\n","protected":false},"excerpt":{"rendered":"<p>El secretario de Estado de Seguridad, Jos\u00e9 Antonio Nieto, y el presidente de AMBER Alert Europe, Frank Hoen, han firmado un convenio de colaboraci\u00f3n para reforzar los instrumentos de cooperaci\u00f3n internacional ante supuestos casos de menores desaparecidos. Mediante este acuerdo, la Secretar\u00eda de Estado de Seguridad y AMBER Alert Europe se comprometen a establecer canales [&hellip;]<\/p>\n","protected":false},"author":1,"featured_media":977688,"comment_status":"closed","ping_status":"closed","sticky":false,"template":"","format":"standard","meta":{"footnotes":""},"categories":[1],"tags":[],"class_list":["post-977687","post","type-post","status-publish","format-standard","has-post-thumbnail","hentry","category-actualidad"],"aioseo_notices":[],"aioseo_head":"\n\t\t<!-- All in One SEO Pro 5.0.1 - aioseo.com -->\n\t<meta name=\"description\" content=\"El secretario de Estado de Seguridad, Jos\u00e9 Antonio Nieto, y el presidente de AMBER Alert Europe, Frank Hoen, han firmado un convenio de colaboraci\u00f3n para reforzar los instrumentos de cooperaci\u00f3n internacional ante supuestos casos de menores desaparecidos. Mediante este acuerdo, la Secretar\u00eda de Estado de Seguridad y AMBER Alert Europe se comprometen a establecer canales\" \/>\n\t<meta name=\"robots\" content=\"max-image-preview:large\" \/>\n\t<meta name=\"author\" content=\"El Digital de Asturias\"\/>\n\t<meta name=\"google-site-verification\" content=\"UA-38556648-1\" \/>\n\t<meta name=\"msvalidate.01\" content=\"7dfe9f3f1b24437ab69f4f2559babe99\" \/>\n\t<meta name=\"keywords\" content=\"actualidad\" \/>\n\t<link rel=\"canonical\" href=\"https:\/\/www.eldigitaldeasturias.com\/noticias\/acuerdo-internacional-para-la-busqueda-de-menores-desaparecidos\/\" \/>\n\t<meta name=\"generator\" content=\"All in One SEO Pro (AIOSEO) 5.0.1\" \/>\n\t\t<meta property=\"og:locale\" content=\"es_ES\" \/>\n\t\t<meta property=\"og:site_name\" content=\"El Digital de Asturias\" \/>\n\t\t<meta property=\"og:type\" content=\"article\" \/>\n\t\t<meta property=\"og:title\" content=\"Acuerdo internacional para la b\u00fasqueda de menores desaparecidos - El Digital de Asturias\" \/>\n\t\t<meta property=\"og:description\" content=\"El secretario de Estado de Seguridad, Jos\u00e9 Antonio Nieto, y el presidente de AMBER Alert Europe, Frank Hoen, han firmado un convenio de colaboraci\u00f3n para reforzar los instrumentos de cooperaci\u00f3n internacional ante supuestos casos de menores desaparecidos. Mediante este acuerdo, la Secretar\u00eda de Estado de Seguridad y AMBER Alert Europe se comprometen a establecer canales\" \/>\n\t\t<meta property=\"og:url\" content=\"https:\/\/www.eldigitaldeasturias.com\/noticias\/acuerdo-internacional-para-la-busqueda-de-menores-desaparecidos\/\" \/>\n\t\t<meta property=\"article:tag\" content=\"actualidad\" \/>\n\t\t<meta property=\"article:published_time\" content=\"2018-04-26T10:04:33+00:00\" \/>\n\t\t<meta property=\"article:modified_time\" content=\"2018-04-26T10:04:33+00:00\" \/>\n\t\t<meta property=\"article:publisher\" content=\"https:\/\/facebook.com\/eldigitaldeasturias\" \/>\n\t\t<meta name=\"twitter:card\" content=\"summary_large_image\" \/>\n\t\t<meta name=\"twitter:title\" content=\"Acuerdo internacional para la b\u00fasqueda de menores desaparecidos - El Digital de Asturias\" \/>\n\t\t<meta name=\"twitter:description\" content=\"El secretario de Estado de Seguridad, Jos\u00e9 Antonio Nieto, y el presidente de AMBER Alert Europe, Frank Hoen, han firmado un convenio de colaboraci\u00f3n para reforzar los instrumentos de cooperaci\u00f3n internacional ante supuestos casos de menores desaparecidos. Mediante este acuerdo, la Secretar\u00eda de Estado de Seguridad y AMBER Alert Europe se comprometen a establecer canales\" \/>\n\t\t<meta name=\"twitter:image\" content=\"https:\/\/www.eldigitaldeasturias.com\/noticias\/wp-content\/uploads\/2020\/12\/EDA-1.jpg\" \/>\n\t\t<meta name=\"twitter:label1\" content=\"Escrito por\" \/>\n\t\t<meta name=\"twitter:data1\" content=\"El Digital de Asturias\" \/>\n\t\t<meta name=\"twitter:label2\" content=\"Tiempo de lectura estimado\" \/>\n\t\t<meta name=\"twitter:data2\" content=\"2 minutos\" \/>\n\t\t<script type=\"application\/ld+json\" class=\"aioseo-schema\">\n\t\t\t{\"@context\":\"https:\\\/\\\/schema.org\",\"@graph\":[{\"@type\":\"BlogPosting\",\"@id\":\"https:\\\/\\\/www.eldigitaldeasturias.com\\\/noticias\\\/acuerdo-internacional-para-la-busqueda-de-menores-desaparecidos\\\/#blogposting\",\"name\":\"Acuerdo internacional para la b\\u00fasqueda de menores desaparecidos - El Digital de Asturias\",\"headline\":\"Acuerdo internacional para la b\\u00fasqueda de menores desaparecidos\",\"author\":{\"@id\":\"https:\\\/\\\/www.eldigitaldeasturias.com\\\/noticias\\\/author\\\/admin\\\/#author\"},\"publisher\":{\"@id\":\"https:\\\/\\\/www.eldigitaldeasturias.com\\\/noticias\\\/#organization\"},\"image\":{\"@type\":\"ImageObject\",\"url\":977688},\"datePublished\":\"2018-04-26T10:04:33+02:00\",\"dateModified\":\"2018-04-26T10:04:33+02:00\",\"inLanguage\":\"es-ES\",\"mainEntityOfPage\":{\"@id\":\"https:\\\/\\\/www.eldigitaldeasturias.com\\\/noticias\\\/acuerdo-internacional-para-la-busqueda-de-menores-desaparecidos\\\/#webpage\"},\"isPartOf\":{\"@id\":\"https:\\\/\\\/www.eldigitaldeasturias.com\\\/noticias\\\/acuerdo-internacional-para-la-busqueda-de-menores-desaparecidos\\\/#webpage\"},\"articleSection\":\"Actualidad\"},{\"@type\":\"BreadcrumbList\",\"@id\":\"https:\\\/\\\/www.eldigitaldeasturias.com\\\/noticias\\\/acuerdo-internacional-para-la-busqueda-de-menores-desaparecidos\\\/#breadcrumblist\",\"itemListElement\":[{\"@type\":\"ListItem\",\"@id\":\"https:\\\/\\\/www.eldigitaldeasturias.com\\\/noticias#listItem\",\"position\":1,\"name\":\"Home\",\"item\":\"https:\\\/\\\/www.eldigitaldeasturias.com\\\/noticias\",\"nextItem\":{\"@type\":\"ListItem\",\"@id\":\"https:\\\/\\\/www.eldigitaldeasturias.com\\\/noticias\\\/category\\\/actualidad\\\/#listItem\",\"name\":\"Actualidad\"}},{\"@type\":\"ListItem\",\"@id\":\"https:\\\/\\\/www.eldigitaldeasturias.com\\\/noticias\\\/category\\\/actualidad\\\/#listItem\",\"position\":2,\"name\":\"Actualidad\",\"item\":\"https:\\\/\\\/www.eldigitaldeasturias.com\\\/noticias\\\/category\\\/actualidad\\\/\",\"nextItem\":{\"@type\":\"ListItem\",\"@id\":\"https:\\\/\\\/www.eldigitaldeasturias.com\\\/noticias\\\/acuerdo-internacional-para-la-busqueda-de-menores-desaparecidos\\\/#listItem\",\"name\":\"Acuerdo internacional para la b\\u00fasqueda de menores desaparecidos\"},\"previousItem\":{\"@type\":\"ListItem\",\"@id\":\"https:\\\/\\\/www.eldigitaldeasturias.com\\\/noticias#listItem\",\"name\":\"Home\"}},{\"@type\":\"ListItem\",\"@id\":\"https:\\\/\\\/www.eldigitaldeasturias.com\\\/noticias\\\/acuerdo-internacional-para-la-busqueda-de-menores-desaparecidos\\\/#listItem\",\"position\":3,\"name\":\"Acuerdo internacional para la b\\u00fasqueda de menores desaparecidos\",\"previousItem\":{\"@type\":\"ListItem\",\"@id\":\"https:\\\/\\\/www.eldigitaldeasturias.com\\\/noticias\\\/category\\\/actualidad\\\/#listItem\",\"name\":\"Actualidad\"}}]},{\"@type\":\"Organization\",\"@id\":\"https:\\\/\\\/www.eldigitaldeasturias.com\\\/noticias\\\/#organization\",\"name\":\"El Digital de Asturias\",\"description\":\"Hemeroteca\",\"url\":\"https:\\\/\\\/www.eldigitaldeasturias.com\\\/noticias\\\/\",\"email\":\"info@eldigitaldeasturias.com\",\"telephone\":\"+34652131393\",\"logo\":{\"@type\":\"ImageObject\",\"url\":\"https:\\\/\\\/www.eldigitaldeasturias.com\\\/noticias\\\/wp-content\\\/uploads\\\/2020\\\/12\\\/EDA.jpg\",\"@id\":\"https:\\\/\\\/www.eldigitaldeasturias.com\\\/noticias\\\/acuerdo-internacional-para-la-busqueda-de-menores-desaparecidos\\\/#organizationLogo\"},\"image\":{\"@id\":\"https:\\\/\\\/www.eldigitaldeasturias.com\\\/noticias\\\/acuerdo-internacional-para-la-busqueda-de-menores-desaparecidos\\\/#organizationLogo\"},\"sameAs\":[\"https:\\\/\\\/facebook.com\\\/eldigitaldeasturias\",\"https:\\\/\\\/www.youtube.com\\\/channel\\\/UCZP-2wLEB9Rv6erhFmqVnvg\"],\"address\":{\"@id\":\"https:\\\/\\\/www.eldigitaldeasturias.com\\\/noticias\\\/#postaladdress\",\"@type\":\"PostalAddress\",\"streetAddress\":\"san antonio 4\",\"postalCode\":\"33430\",\"addressLocality\":\"Cand\\u00e1s\",\"addressRegion\":\"Asturias\",\"addressCountry\":\"ES\"}},{\"@type\":\"Person\",\"@id\":\"https:\\\/\\\/www.eldigitaldeasturias.com\\\/noticias\\\/author\\\/admin\\\/#author\",\"url\":\"https:\\\/\\\/www.eldigitaldeasturias.com\\\/noticias\\\/author\\\/admin\\\/\",\"name\":\"El Digital de Asturias\",\"image\":{\"@type\":\"ImageObject\",\"@id\":\"https:\\\/\\\/www.eldigitaldeasturias.com\\\/noticias\\\/acuerdo-internacional-para-la-busqueda-de-menores-desaparecidos\\\/#authorImage\",\"url\":\"https:\\\/\\\/secure.gravatar.com\\\/avatar\\\/df2aeffc32bcd13f8d26072ef8a91b623d677766deac7f97ca815868cd41bf5e?s=96&d=mm&r=g\",\"width\":96,\"height\":96,\"caption\":\"El Digital de Asturias\"}},{\"@type\":\"WebPage\",\"@id\":\"https:\\\/\\\/www.eldigitaldeasturias.com\\\/noticias\\\/acuerdo-internacional-para-la-busqueda-de-menores-desaparecidos\\\/#webpage\",\"url\":\"https:\\\/\\\/www.eldigitaldeasturias.com\\\/noticias\\\/acuerdo-internacional-para-la-busqueda-de-menores-desaparecidos\\\/\",\"name\":\"Acuerdo internacional para la b\\u00fasqueda de menores desaparecidos - El Digital de Asturias\",\"description\":\"El secretario de Estado de Seguridad, Jos\\u00e9 Antonio Nieto, y el presidente de AMBER Alert Europe, Frank Hoen, han firmado un convenio de colaboraci\\u00f3n para reforzar los instrumentos de cooperaci\\u00f3n internacional ante supuestos casos de menores desaparecidos. Mediante este acuerdo, la Secretar\\u00eda de Estado de Seguridad y AMBER Alert Europe se comprometen a establecer canales\",\"inLanguage\":\"es-ES\",\"isPartOf\":{\"@id\":\"https:\\\/\\\/www.eldigitaldeasturias.com\\\/noticias\\\/#website\"},\"breadcrumb\":{\"@id\":\"https:\\\/\\\/www.eldigitaldeasturias.com\\\/noticias\\\/acuerdo-internacional-para-la-busqueda-de-menores-desaparecidos\\\/#breadcrumblist\"},\"author\":{\"@id\":\"https:\\\/\\\/www.eldigitaldeasturias.com\\\/noticias\\\/author\\\/admin\\\/#author\"},\"creator\":{\"@id\":\"https:\\\/\\\/www.eldigitaldeasturias.com\\\/noticias\\\/author\\\/admin\\\/#author\"},\"image\":{\"@type\":\"ImageObject\",\"url\":977688,\"@id\":\"https:\\\/\\\/www.eldigitaldeasturias.com\\\/noticias\\\/acuerdo-internacional-para-la-busqueda-de-menores-desaparecidos\\\/#mainImage\"},\"primaryImageOfPage\":{\"@id\":\"https:\\\/\\\/www.eldigitaldeasturias.com\\\/noticias\\\/acuerdo-internacional-para-la-busqueda-de-menores-desaparecidos\\\/#mainImage\"},\"datePublished\":\"2018-04-26T10:04:33+02:00\",\"dateModified\":\"2018-04-26T10:04:33+02:00\"},{\"@type\":\"WebSite\",\"@id\":\"https:\\\/\\\/www.eldigitaldeasturias.com\\\/noticias\\\/#website\",\"url\":\"https:\\\/\\\/www.eldigitaldeasturias.com\\\/noticias\\\/\",\"name\":\"El Digital de Asturias - Diario de actualidad y noticias\",\"alternateName\":\"El Digital de Asturias - Diario de actualidad y noticias\",\"description\":\"Hemeroteca\",\"inLanguage\":\"es-ES\",\"publisher\":{\"@id\":\"https:\\\/\\\/www.eldigitaldeasturias.com\\\/noticias\\\/#organization\"}}]}\n\t\t<\/script>\n\t\t<!-- All in One SEO Pro -->\r\n\t\t<title>Acuerdo internacional para la b\u00fasqueda de menores desaparecidos - El Digital de Asturias<\/title>\n\n","aioseo_head_json":{"title":"Acuerdo internacional para la b\u00fasqueda de menores desaparecidos - El Digital de Asturias","description":"El secretario de Estado de Seguridad, Jos\u00e9 Antonio Nieto, y el presidente de AMBER Alert Europe, Frank Hoen, han firmado un convenio de colaboraci\u00f3n para reforzar los instrumentos de cooperaci\u00f3n internacional ante supuestos casos de menores desaparecidos. Mediante este acuerdo, la Secretar\u00eda de Estado de Seguridad y AMBER Alert Europe se comprometen a establecer canales","canonical_url":"https:\/\/www.eldigitaldeasturias.com\/noticias\/acuerdo-internacional-para-la-busqueda-de-menores-desaparecidos\/","robots":"max-image-preview:large","keywords":"actualidad","webmasterTools":{"google-site-verification":"UA-38556648-1","msvalidate.01":"7dfe9f3f1b24437ab69f4f2559babe99","miscellaneous":""},"schema":{"@context":"https:\/\/schema.org","@graph":[{"@type":"BlogPosting","@id":"https:\/\/www.eldigitaldeasturias.com\/noticias\/acuerdo-internacional-para-la-busqueda-de-menores-desaparecidos\/#blogposting","name":"Acuerdo internacional para la b\u00fasqueda de menores desaparecidos - El Digital de Asturias","headline":"Acuerdo internacional para la b\u00fasqueda de menores desaparecidos","author":{"@id":"https:\/\/www.eldigitaldeasturias.com\/noticias\/author\/admin\/#author"},"publisher":{"@id":"https:\/\/www.eldigitaldeasturias.com\/noticias\/#organization"},"image":{"@type":"ImageObject","url":977688},"datePublished":"2018-04-26T10:04:33+02:00","dateModified":"2018-04-26T10:04:33+02:00","inLanguage":"es-ES","mainEntityOfPage":{"@id":"https:\/\/www.eldigitaldeasturias.com\/noticias\/acuerdo-internacional-para-la-busqueda-de-menores-desaparecidos\/#webpage"},"isPartOf":{"@id":"https:\/\/www.eldigitaldeasturias.com\/noticias\/acuerdo-internacional-para-la-busqueda-de-menores-desaparecidos\/#webpage"},"articleSection":"Actualidad"},{"@type":"BreadcrumbList","@id":"https:\/\/www.eldigitaldeasturias.com\/noticias\/acuerdo-internacional-para-la-busqueda-de-menores-desaparecidos\/#breadcrumblist","itemListElement":[{"@type":"ListItem","@id":"https:\/\/www.eldigitaldeasturias.com\/noticias#listItem","position":1,"name":"Home","item":"https:\/\/www.eldigitaldeasturias.com\/noticias","nextItem":{"@type":"ListItem","@id":"https:\/\/www.eldigitaldeasturias.com\/noticias\/category\/actualidad\/#listItem","name":"Actualidad"}},{"@type":"ListItem","@id":"https:\/\/www.eldigitaldeasturias.com\/noticias\/category\/actualidad\/#listItem","position":2,"name":"Actualidad","item":"https:\/\/www.eldigitaldeasturias.com\/noticias\/category\/actualidad\/","nextItem":{"@type":"ListItem","@id":"https:\/\/www.eldigitaldeasturias.com\/noticias\/acuerdo-internacional-para-la-busqueda-de-menores-desaparecidos\/#listItem","name":"Acuerdo internacional para la b\u00fasqueda de menores desaparecidos"},"previousItem":{"@type":"ListItem","@id":"https:\/\/www.eldigitaldeasturias.com\/noticias#listItem","name":"Home"}},{"@type":"ListItem","@id":"https:\/\/www.eldigitaldeasturias.com\/noticias\/acuerdo-internacional-para-la-busqueda-de-menores-desaparecidos\/#listItem","position":3,"name":"Acuerdo internacional para la b\u00fasqueda de menores desaparecidos","previousItem":{"@type":"ListItem","@id":"https:\/\/www.eldigitaldeasturias.com\/noticias\/category\/actualidad\/#listItem","name":"Actualidad"}}]},{"@type":"Organization","@id":"https:\/\/www.eldigitaldeasturias.com\/noticias\/#organization","name":"El Digital de Asturias","description":"Hemeroteca","url":"https:\/\/www.eldigitaldeasturias.com\/noticias\/","email":"info@eldigitaldeasturias.com","telephone":"+34652131393","logo":{"@type":"ImageObject","url":"https:\/\/www.eldigitaldeasturias.com\/noticias\/wp-content\/uploads\/2020\/12\/EDA.jpg","@id":"https:\/\/www.eldigitaldeasturias.com\/noticias\/acuerdo-internacional-para-la-busqueda-de-menores-desaparecidos\/#organizationLogo"},"image":{"@id":"https:\/\/www.eldigitaldeasturias.com\/noticias\/acuerdo-internacional-para-la-busqueda-de-menores-desaparecidos\/#organizationLogo"},"sameAs":["https:\/\/facebook.com\/eldigitaldeasturias","https:\/\/www.youtube.com\/channel\/UCZP-2wLEB9Rv6erhFmqVnvg"],"address":{"@id":"https:\/\/www.eldigitaldeasturias.com\/noticias\/#postaladdress","@type":"PostalAddress","streetAddress":"san antonio 4","postalCode":"33430","addressLocality":"Cand\u00e1s","addressRegion":"Asturias","addressCountry":"ES"}},{"@type":"Person","@id":"https:\/\/www.eldigitaldeasturias.com\/noticias\/author\/admin\/#author","url":"https:\/\/www.eldigitaldeasturias.com\/noticias\/author\/admin\/","name":"El Digital de Asturias","image":{"@type":"ImageObject","@id":"https:\/\/www.eldigitaldeasturias.com\/noticias\/acuerdo-internacional-para-la-busqueda-de-menores-desaparecidos\/#authorImage","url":"https:\/\/secure.gravatar.com\/avatar\/df2aeffc32bcd13f8d26072ef8a91b623d677766deac7f97ca815868cd41bf5e?s=96&d=mm&r=g","width":96,"height":96,"caption":"El Digital de Asturias"}},{"@type":"WebPage","@id":"https:\/\/www.eldigitaldeasturias.com\/noticias\/acuerdo-internacional-para-la-busqueda-de-menores-desaparecidos\/#webpage","url":"https:\/\/www.eldigitaldeasturias.com\/noticias\/acuerdo-internacional-para-la-busqueda-de-menores-desaparecidos\/","name":"Acuerdo internacional para la b\u00fasqueda de menores desaparecidos - El Digital de Asturias","description":"El secretario de Estado de Seguridad, Jos\u00e9 Antonio Nieto, y el presidente de AMBER Alert Europe, Frank Hoen, han firmado un convenio de colaboraci\u00f3n para reforzar los instrumentos de cooperaci\u00f3n internacional ante supuestos casos de menores desaparecidos. Mediante este acuerdo, la Secretar\u00eda de Estado de Seguridad y AMBER Alert Europe se comprometen a establecer canales","inLanguage":"es-ES","isPartOf":{"@id":"https:\/\/www.eldigitaldeasturias.com\/noticias\/#website"},"breadcrumb":{"@id":"https:\/\/www.eldigitaldeasturias.com\/noticias\/acuerdo-internacional-para-la-busqueda-de-menores-desaparecidos\/#breadcrumblist"},"author":{"@id":"https:\/\/www.eldigitaldeasturias.com\/noticias\/author\/admin\/#author"},"creator":{"@id":"https:\/\/www.eldigitaldeasturias.com\/noticias\/author\/admin\/#author"},"image":{"@type":"ImageObject","url":977688,"@id":"https:\/\/www.eldigitaldeasturias.com\/noticias\/acuerdo-internacional-para-la-busqueda-de-menores-desaparecidos\/#mainImage"},"primaryImageOfPage":{"@id":"https:\/\/www.eldigitaldeasturias.com\/noticias\/acuerdo-internacional-para-la-busqueda-de-menores-desaparecidos\/#mainImage"},"datePublished":"2018-04-26T10:04:33+02:00","dateModified":"2018-04-26T10:04:33+02:00"},{"@type":"WebSite","@id":"https:\/\/www.eldigitaldeasturias.com\/noticias\/#website","url":"https:\/\/www.eldigitaldeasturias.com\/noticias\/","name":"El Digital de Asturias - Diario de actualidad y noticias","alternateName":"El Digital de Asturias - Diario de actualidad y noticias","description":"Hemeroteca","inLanguage":"es-ES","publisher":{"@id":"https:\/\/www.eldigitaldeasturias.com\/noticias\/#organization"}}]},"og:locale":"es_ES","og:site_name":"El Digital de Asturias","og:type":"article","og:title":"Acuerdo internacional para la b\u00fasqueda de menores desaparecidos - El Digital de Asturias","og:description":"El secretario de Estado de Seguridad, Jos\u00e9 Antonio Nieto, y el presidente de AMBER Alert Europe, Frank Hoen, han firmado un convenio de colaboraci\u00f3n para reforzar los instrumentos de cooperaci\u00f3n internacional ante supuestos casos de menores desaparecidos. Mediante este acuerdo, la Secretar\u00eda de Estado de Seguridad y AMBER Alert Europe se comprometen a establecer canales","og:url":"https:\/\/www.eldigitaldeasturias.com\/noticias\/acuerdo-internacional-para-la-busqueda-de-menores-desaparecidos\/","article:tag":["actualidad"],"article:published_time":"2018-04-26T10:04:33+00:00","article:modified_time":"2018-04-26T10:04:33+00:00","article:publisher":"https:\/\/facebook.com\/eldigitaldeasturias","twitter:card":"summary_large_image","twitter:title":"Acuerdo internacional para la b\u00fasqueda de menores desaparecidos - El Digital de Asturias","twitter:description":"El secretario de Estado de Seguridad, Jos\u00e9 Antonio Nieto, y el presidente de AMBER Alert Europe, Frank Hoen, han firmado un convenio de colaboraci\u00f3n para reforzar los instrumentos de cooperaci\u00f3n internacional ante supuestos casos de menores desaparecidos. Mediante este acuerdo, la Secretar\u00eda de Estado de Seguridad y AMBER Alert Europe se comprometen a establecer canales","twitter:image":"https:\/\/www.eldigitaldeasturias.com\/noticias\/wp-content\/uploads\/2020\/12\/EDA-1.jpg","twitter:label1":"Escrito por","twitter:data1":"El Digital de Asturias","twitter:label2":"Tiempo de lectura estimado","twitter:data2":"2 minutos"},"aioseo_meta_data":{"post_id":"977687","title":null,"description":null,"keywords":null,"keyphrases":null,"primary_term":null,"canonical_url":null,"og_title":null,"og_description":null,"og_object_type":"default","og_image_type":"default","og_image_url":null,"og_image_width":null,"og_image_height":null,"og_image_custom_url":null,"og_image_custom_fields":null,"og_video":null,"og_custom_url":null,"og_article_section":null,"og_article_tags":null,"twitter_use_og":false,"twitter_card":"default","twitter_image_type":"default","twitter_image_url":null,"twitter_image_custom_url":null,"twitter_image_custom_fields":null,"twitter_title":null,"twitter_description":null,"schema":{"blockGraphs":[],"customGraphs":[],"default":{"data":{"Article":[],"Course":[],"Dataset":[],"FAQPage":[],"Movie":[],"Person":[],"Product":[],"ProductReview":[],"Car":[],"Recipe":[],"Service":[],"SoftwareApplication":[],"WebPage":[]},"graphName":"","isEnabled":true},"graphs":[],"defaultGraph":"","defaultPostTypeGraph":""},"schema_type":null,"schema_type_options":null,"pillar_content":false,"robots_default":true,"robots_noindex":false,"robots_noarchive":false,"robots_nosnippet":false,"robots_nofollow":false,"robots_noimageindex":false,"robots_noodp":false,"robots_notranslate":false,"robots_max_snippet":null,"robots_max_videopreview":null,"robots_max_imagepreview":"large","priority":null,"frequency":null,"local_seo":null,"seo_analyzer_scan_date":"2025-10-08 08:10:08","breadcrumb_settings":null,"limit_modified_date":false,"open_ai":null,"ai":null,"created":"2020-12-21 12:04:36","updated":"2025-10-08 08:10:08","focus_keyword":null,"additional_keywords":null,"truseo_locale":null},"aioseo_breadcrumb":"<div class=\"aioseo-breadcrumbs\"><span class=\"aioseo-breadcrumb\">\n\t<a href=\"https:\/\/www.eldigitaldeasturias.com\/noticias\" title=\"Home\">Home<\/a>\n<\/span><span class=\"aioseo-breadcrumb-separator\">\u2013<\/span><span class=\"aioseo-breadcrumb\">\n\t<a href=\"https:\/\/www.eldigitaldeasturias.com\/noticias\/category\/actualidad\/\" title=\"Actualidad\">Actualidad<\/a>\n<\/span><span class=\"aioseo-breadcrumb-separator\">\u2013<\/span><span class=\"aioseo-breadcrumb\">\n\t<a href=\"https:\/\/www.eldigitaldeasturias.com\/noticias\/acuerdo-internacional-para-la-busqueda-de-menores-desaparecidos\/\" title=\"Acuerdo internacional para la b\u00fasqueda de menores desaparecidos\">Acuerdo internacional para la b\u00fasqueda de menores desaparecidos<\/a>\n<\/span><\/div>","aioseo_breadcrumb_json":[{"label":"Home","link":"https:\/\/www.eldigitaldeasturias.com\/noticias"},{"label":"Actualidad","link":"https:\/\/www.eldigitaldeasturias.com\/noticias\/category\/actualidad\/"},{"label":"Acuerdo internacional para la b\u00fasqueda de menores desaparecidos","link":"https:\/\/www.eldigitaldeasturias.com\/noticias\/acuerdo-internacional-para-la-busqueda-de-menores-desaparecidos\/"}],"_links":{"self":[{"href":"https:\/\/www.eldigitaldeasturias.com\/noticias\/wp-json\/wp\/v2\/posts\/977687","targetHints":{"allow":["GET"]}}],"collection":[{"href":"https:\/\/www.eldigitaldeasturias.com\/noticias\/wp-json\/wp\/v2\/posts"}],"about":[{"href":"https:\/\/www.eldigitaldeasturias.com\/noticias\/wp-json\/wp\/v2\/types\/post"}],"author":[{"embeddable":true,"href":"https:\/\/www.eldigitaldeasturias.com\/noticias\/wp-json\/wp\/v2\/users\/1"}],"replies":[{"embeddable":true,"href":"https:\/\/www.eldigitaldeasturias.com\/noticias\/wp-json\/wp\/v2\/comments?post=977687"}],"version-history":[{"count":0,"href":"https:\/\/www.eldigitaldeasturias.com\/noticias\/wp-json\/wp\/v2\/posts\/977687\/revisions"}],"wp:attachment":[{"href":"https:\/\/www.eldigitaldeasturias.com\/noticias\/wp-json\/wp\/v2\/media?parent=977687"}],"wp:term":[{"taxonomy":"category","embeddable":true,"href":"https:\/\/www.eldigitaldeasturias.com\/noticias\/wp-json\/wp\/v2\/categories?post=977687"},{"taxonomy":"post_tag","embeddable":true,"href":"https:\/\/www.eldigitaldeasturias.com\/noticias\/wp-json\/wp\/v2\/tags?post=977687"}],"curies":[{"name":"wp","href":"https:\/\/api.w.org\/{rel}","templated":true}]}}