{"id":977684,"date":"2018-04-26T10:02:29","date_gmt":"2018-04-26T10:02:29","guid":{"rendered":"http:\/\/www.eldigitaldeasturias.com\/noticias\/?p=977684"},"modified":"2018-04-26T10:02:29","modified_gmt":"2018-04-26T10:02:29","slug":"zoido-daesh-constituye-una-amenaza-para-la-comunidad-internacional","status":"publish","type":"post","link":"https:\/\/www.eldigitaldeasturias.com\/noticias\/zoido-daesh-constituye-una-amenaza-para-la-comunidad-internacional\/","title":{"rendered":"Zoido: \u00abDAESH constituye una amenaza para la comunidad internacional\u00bb"},"content":{"rendered":"<p><img loading=\"lazy\" decoding=\"async\" class=\"alignleft size-medium wp-image-977685\" src=\"https:\/\/www.eldigitaldeasturias.com\/noticias\/wp-content\/uploads\/2018\/04\/250418-zoido-360x239.jpg\" alt=\"\" width=\"360\" height=\"239\" \/>El ministro del Interior, Juan Ignacio Zoido, se ha reunido, en la sede del Ministerio del Interior, en Madrid, con el secretario permanente del G5 Sahel, Maman Sabo Sidikou. Zoido le ha transmitido a Sidikou que el G5 Sahel y la cooperaci\u00f3n con los pa\u00edses que lo constituyen tienen \u00abun inter\u00e9s prioritario\u00bb para Espa\u00f1a.<\/p>\n<p>\u200bDurante este encuentro, Juan Ignacio Zoido ha agradecido al secretario permanente del G5 Sahel su invitaci\u00f3n a participar el pasado 13 de marzo en la Reuni\u00f3n del G5 Sahel celebrada en Niamey (N\u00edger), un foro fundamental para preservar y fortalecer la seguridad, la estabilidad y la gobernabilidad en el Sahel.<\/p>\n<p>Zoido le ha transmitido a Sidikou que el G5 Sahel y la cooperaci\u00f3n con los pa\u00edses que lo constituyen tienen \u00abun inter\u00e9s prioritario\u00bb para Espa\u00f1a y para el Ministerio del Interior. Y ha reiterado el compromiso y la amplia, sincera y efectiva colaboraci\u00f3n de Espa\u00f1a con el G5 Sahel en la gesti\u00f3n del fen\u00f3meno migratorio y en la lucha contra todas las diversas amenazas a la seguridad. \u00abSomos conscientes del esfuerzo que los pa\u00edses del Sahel est\u00e1n realizando y estamos decididos a seguir colaborando y ayudando en todo lo que necesario\u00bb, ha afirmado.<\/p>\n<p>El ministro del Interior ha compartido con el secretario permanente del G5 Sahel que en materia de lucha contra la inmigraci\u00f3n irregular a Espa\u00f1a le preocupa la dimensi\u00f3n humana del fen\u00f3meno migratorio. \u00abNuestro objetivo es evitar la p\u00e9rdida de vidas humanas\u00bb, ha manifestado.<\/p>\n<p>En este sentido, Juan Ignacio Zoido ha asegurado que para gestionar adecuadamente los flujos migratorios es necesario adoptar medidas preventivas e intensificar la cooperaci\u00f3n \u00abfranca y sincera\u00bb entre los pa\u00edses de origen, tr\u00e1nsito y destino. El ministro espa\u00f1ol del Interior ha destacado su apoyo a la Declaraci\u00f3n conjunta de Niamey suscrita por los pa\u00edses participantes en la Reuni\u00f3n del G5 Sahel el pasado 13 de marzo porque \u00abla labor que Espa\u00f1a viene desarrollando desde 2006 en el Sahel concuerda perfectamente con el esp\u00edritu de ese foro y de la Declaraci\u00f3n\u00bb, ha dicho el ministro.<\/p>\n<p>Durante esta reuni\u00f3n, Zoido ha recordado al secretario permanente del G5 Sahel los esfuerzos que Espa\u00f1a ha realizado para ayudar a la mejora de la estabilidad y la seguridad en el Sahel, como son los proyectos ECI N\u00edger (Equipo conjunto de Investigaci\u00f3n en materia de lucha contra las redes de inmigraci\u00f3n irregular formado por Polic\u00eda Nacional de Espa\u00f1a, Francia y N\u00edger); Blue Sahel (Proyecto financiado por la Uni\u00f3n Europea y que lidera la Guardia Civil); GAR-SI Sahel (Proyecto financiado por la Uni\u00f3n Europea y liderado por Espa\u00f1a para la creaci\u00f3n de Unidades Especiales en los pa\u00edses del G5 Sahel y Senegal para luchar contra todas las amenazas a la seguridad), y EL KSAR (en el que la Guardia Civil proporciona formaci\u00f3n y asesoramiento a la Gendarmer\u00eda Nacional de Mauritania en materia de seguridad aeroportuaria y vigilancia de fronteras terrestres).<\/p>\n<p><strong>Lucha com\u00fan contra el terrorismo yihadista<\/strong><\/p>\n<p>El ministro del Interior ha trasladado al secretario permanente del G5 Sahel, Maman Sabo Sidikou, que el terrorismo es la principal amenaza a la que nos enfrentamos en la actualidad y que no es transitoria.<\/p>\n<p>Zoido ha se\u00f1alado que en el plano internacional, \u00abla cooperaci\u00f3n bilateral y regional resulta imprescindible\u00bb. Adem\u00e1s, ha ensalzado la eficacia policial que ha quedado acreditada en las operaciones desarrolladas por las Fuerzas y Cuerpos de Seguridad espa\u00f1olas en coordinaci\u00f3n con otros cuerpos policiales de diversos pa\u00edses y que han facilitado en los \u00faltimos a\u00f1os la detenci\u00f3n de numerosos terroristas tanto en Espa\u00f1a como en el exterior.<\/p>\n<p>En este sentido, el ministro espa\u00f1ol del Interior le ha recordado que con el objetivo de luchar contra el terrorismo y la radicalizaci\u00f3n en el Sahel, Espa\u00f1a ha incrementado su cooperaci\u00f3n con los pa\u00edses de la regi\u00f3n y con los vecinos de \u00c1frica occidental y el Magreb.<\/p>\n<p>Finalmente, Zoido le ha transmitido al secretario permanente del G5 Sahel que a Espa\u00f1a le preocupa especialmente la amenaza terrorista procedente tanto de la regi\u00f3n del Sahel y de Libia como de otras zonas de conflicto desde donde regresan combatientes yihadistas de Siria e Irak, principalmente. Por ello, el ministro ha asegurado que el G5 Sahel y los pa\u00edses que lo forman pueden contar con \u00abel total apoyo y m\u00e1xima colaboraci\u00f3n\u00bb de Espa\u00f1a en la lucha contra el terrorismo yihadista y el crimen organizado. \u00abDAESH constituye una amenaza para la comunidad internacional en su conjunto\u00bb, ha concluido el ministro espa\u00f1ol del Interior.<\/p>\n","protected":false},"excerpt":{"rendered":"<p>El ministro del Interior, Juan Ignacio Zoido, se ha reunido, en la sede del Ministerio del Interior, en Madrid, con el secretario permanente del G5 Sahel, Maman Sabo Sidikou. Zoido le ha transmitido a Sidikou que el G5 Sahel y la cooperaci\u00f3n con los pa\u00edses que lo constituyen tienen \u00abun inter\u00e9s prioritario\u00bb para Espa\u00f1a. \u200bDurante [&hellip;]<\/p>\n","protected":false},"author":1,"featured_media":977685,"comment_status":"closed","ping_status":"closed","sticky":false,"template":"","format":"standard","meta":{"footnotes":""},"categories":[1],"tags":[],"class_list":["post-977684","post","type-post","status-publish","format-standard","has-post-thumbnail","hentry","category-actualidad"],"aioseo_notices":[],"aioseo_head":"\n\t\t<!-- All in One SEO Pro 5.0.1 - aioseo.com -->\n\t<meta name=\"description\" content=\"El ministro del Interior, Juan Ignacio Zoido, se ha reunido, en la sede del Ministerio del Interior, en Madrid, con el secretario permanente del G5 Sahel, Maman Sabo Sidikou. Zoido le ha transmitido a Sidikou que el G5 Sahel y la cooperaci\u00f3n con los pa\u00edses que lo constituyen tienen &quot;un inter\u00e9s prioritario&quot; para Espa\u00f1a. \u200bDurante\" \/>\n\t<meta name=\"robots\" content=\"max-image-preview:large\" \/>\n\t<meta name=\"author\" content=\"El Digital de Asturias\"\/>\n\t<meta name=\"google-site-verification\" content=\"UA-38556648-1\" \/>\n\t<meta name=\"msvalidate.01\" content=\"7dfe9f3f1b24437ab69f4f2559babe99\" \/>\n\t<meta name=\"keywords\" content=\"actualidad\" \/>\n\t<link rel=\"canonical\" href=\"https:\/\/www.eldigitaldeasturias.com\/noticias\/zoido-daesh-constituye-una-amenaza-para-la-comunidad-internacional\/\" \/>\n\t<meta name=\"generator\" content=\"All in One SEO Pro (AIOSEO) 5.0.1\" \/>\n\t\t<meta property=\"og:locale\" content=\"es_ES\" \/>\n\t\t<meta property=\"og:site_name\" content=\"El Digital de Asturias\" \/>\n\t\t<meta property=\"og:type\" content=\"article\" \/>\n\t\t<meta property=\"og:title\" content=\"Zoido: \u00abDAESH constituye una amenaza para la comunidad internacional\u00bb - El Digital de Asturias\" \/>\n\t\t<meta property=\"og:description\" content=\"El ministro del Interior, Juan Ignacio Zoido, se ha reunido, en la sede del Ministerio del Interior, en Madrid, con el secretario permanente del G5 Sahel, Maman Sabo Sidikou. Zoido le ha transmitido a Sidikou que el G5 Sahel y la cooperaci\u00f3n con los pa\u00edses que lo constituyen tienen &quot;un inter\u00e9s prioritario&quot; para Espa\u00f1a. \u200bDurante\" \/>\n\t\t<meta property=\"og:url\" content=\"https:\/\/www.eldigitaldeasturias.com\/noticias\/zoido-daesh-constituye-una-amenaza-para-la-comunidad-internacional\/\" \/>\n\t\t<meta property=\"article:tag\" content=\"actualidad\" \/>\n\t\t<meta property=\"article:published_time\" content=\"2018-04-26T10:02:29+00:00\" \/>\n\t\t<meta property=\"article:modified_time\" content=\"2018-04-26T10:02:29+00:00\" \/>\n\t\t<meta property=\"article:publisher\" content=\"https:\/\/facebook.com\/eldigitaldeasturias\" \/>\n\t\t<meta name=\"twitter:card\" content=\"summary_large_image\" \/>\n\t\t<meta name=\"twitter:title\" content=\"Zoido: \u00abDAESH constituye una amenaza para la comunidad internacional\u00bb - El Digital de Asturias\" \/>\n\t\t<meta name=\"twitter:description\" content=\"El ministro del Interior, Juan Ignacio Zoido, se ha reunido, en la sede del Ministerio del Interior, en Madrid, con el secretario permanente del G5 Sahel, Maman Sabo Sidikou. Zoido le ha transmitido a Sidikou que el G5 Sahel y la cooperaci\u00f3n con los pa\u00edses que lo constituyen tienen &quot;un inter\u00e9s prioritario&quot; para Espa\u00f1a. \u200bDurante\" \/>\n\t\t<meta name=\"twitter:image\" content=\"https:\/\/www.eldigitaldeasturias.com\/noticias\/wp-content\/uploads\/2020\/12\/EDA-1.jpg\" \/>\n\t\t<meta name=\"twitter:label1\" content=\"Escrito por\" \/>\n\t\t<meta name=\"twitter:data1\" content=\"El Digital de Asturias\" \/>\n\t\t<meta name=\"twitter:label2\" content=\"Tiempo de lectura estimado\" \/>\n\t\t<meta name=\"twitter:data2\" content=\"4 minutos\" \/>\n\t\t<script type=\"application\/ld+json\" class=\"aioseo-schema\">\n\t\t\t{\"@context\":\"https:\\\/\\\/schema.org\",\"@graph\":[{\"@type\":\"BlogPosting\",\"@id\":\"https:\\\/\\\/www.eldigitaldeasturias.com\\\/noticias\\\/zoido-daesh-constituye-una-amenaza-para-la-comunidad-internacional\\\/#blogposting\",\"name\":\"Zoido: \\u00abDAESH constituye una amenaza para la comunidad internacional\\u00bb - El Digital de Asturias\",\"headline\":\"Zoido: \\u00abDAESH constituye una amenaza para la comunidad internacional\\u00bb\",\"author\":{\"@id\":\"https:\\\/\\\/www.eldigitaldeasturias.com\\\/noticias\\\/author\\\/admin\\\/#author\"},\"publisher\":{\"@id\":\"https:\\\/\\\/www.eldigitaldeasturias.com\\\/noticias\\\/#organization\"},\"image\":{\"@type\":\"ImageObject\",\"url\":977685},\"datePublished\":\"2018-04-26T10:02:29+02:00\",\"dateModified\":\"2018-04-26T10:02:29+02:00\",\"inLanguage\":\"es-ES\",\"mainEntityOfPage\":{\"@id\":\"https:\\\/\\\/www.eldigitaldeasturias.com\\\/noticias\\\/zoido-daesh-constituye-una-amenaza-para-la-comunidad-internacional\\\/#webpage\"},\"isPartOf\":{\"@id\":\"https:\\\/\\\/www.eldigitaldeasturias.com\\\/noticias\\\/zoido-daesh-constituye-una-amenaza-para-la-comunidad-internacional\\\/#webpage\"},\"articleSection\":\"Actualidad\"},{\"@type\":\"BreadcrumbList\",\"@id\":\"https:\\\/\\\/www.eldigitaldeasturias.com\\\/noticias\\\/zoido-daesh-constituye-una-amenaza-para-la-comunidad-internacional\\\/#breadcrumblist\",\"itemListElement\":[{\"@type\":\"ListItem\",\"@id\":\"https:\\\/\\\/www.eldigitaldeasturias.com\\\/noticias#listItem\",\"position\":1,\"name\":\"Home\",\"item\":\"https:\\\/\\\/www.eldigitaldeasturias.com\\\/noticias\",\"nextItem\":{\"@type\":\"ListItem\",\"@id\":\"https:\\\/\\\/www.eldigitaldeasturias.com\\\/noticias\\\/category\\\/actualidad\\\/#listItem\",\"name\":\"Actualidad\"}},{\"@type\":\"ListItem\",\"@id\":\"https:\\\/\\\/www.eldigitaldeasturias.com\\\/noticias\\\/category\\\/actualidad\\\/#listItem\",\"position\":2,\"name\":\"Actualidad\",\"item\":\"https:\\\/\\\/www.eldigitaldeasturias.com\\\/noticias\\\/category\\\/actualidad\\\/\",\"nextItem\":{\"@type\":\"ListItem\",\"@id\":\"https:\\\/\\\/www.eldigitaldeasturias.com\\\/noticias\\\/zoido-daesh-constituye-una-amenaza-para-la-comunidad-internacional\\\/#listItem\",\"name\":\"Zoido: \\u00abDAESH constituye una amenaza para la comunidad internacional\\u00bb\"},\"previousItem\":{\"@type\":\"ListItem\",\"@id\":\"https:\\\/\\\/www.eldigitaldeasturias.com\\\/noticias#listItem\",\"name\":\"Home\"}},{\"@type\":\"ListItem\",\"@id\":\"https:\\\/\\\/www.eldigitaldeasturias.com\\\/noticias\\\/zoido-daesh-constituye-una-amenaza-para-la-comunidad-internacional\\\/#listItem\",\"position\":3,\"name\":\"Zoido: \\u00abDAESH constituye una amenaza para la comunidad internacional\\u00bb\",\"previousItem\":{\"@type\":\"ListItem\",\"@id\":\"https:\\\/\\\/www.eldigitaldeasturias.com\\\/noticias\\\/category\\\/actualidad\\\/#listItem\",\"name\":\"Actualidad\"}}]},{\"@type\":\"Organization\",\"@id\":\"https:\\\/\\\/www.eldigitaldeasturias.com\\\/noticias\\\/#organization\",\"name\":\"El Digital de Asturias\",\"description\":\"Hemeroteca\",\"url\":\"https:\\\/\\\/www.eldigitaldeasturias.com\\\/noticias\\\/\",\"email\":\"info@eldigitaldeasturias.com\",\"telephone\":\"+34652131393\",\"logo\":{\"@type\":\"ImageObject\",\"url\":\"https:\\\/\\\/www.eldigitaldeasturias.com\\\/noticias\\\/wp-content\\\/uploads\\\/2020\\\/12\\\/EDA.jpg\",\"@id\":\"https:\\\/\\\/www.eldigitaldeasturias.com\\\/noticias\\\/zoido-daesh-constituye-una-amenaza-para-la-comunidad-internacional\\\/#organizationLogo\"},\"image\":{\"@id\":\"https:\\\/\\\/www.eldigitaldeasturias.com\\\/noticias\\\/zoido-daesh-constituye-una-amenaza-para-la-comunidad-internacional\\\/#organizationLogo\"},\"sameAs\":[\"https:\\\/\\\/facebook.com\\\/eldigitaldeasturias\",\"https:\\\/\\\/www.youtube.com\\\/channel\\\/UCZP-2wLEB9Rv6erhFmqVnvg\"],\"address\":{\"@id\":\"https:\\\/\\\/www.eldigitaldeasturias.com\\\/noticias\\\/#postaladdress\",\"@type\":\"PostalAddress\",\"streetAddress\":\"san antonio 4\",\"postalCode\":\"33430\",\"addressLocality\":\"Cand\\u00e1s\",\"addressRegion\":\"Asturias\",\"addressCountry\":\"ES\"}},{\"@type\":\"Person\",\"@id\":\"https:\\\/\\\/www.eldigitaldeasturias.com\\\/noticias\\\/author\\\/admin\\\/#author\",\"url\":\"https:\\\/\\\/www.eldigitaldeasturias.com\\\/noticias\\\/author\\\/admin\\\/\",\"name\":\"El Digital de Asturias\",\"image\":{\"@type\":\"ImageObject\",\"@id\":\"https:\\\/\\\/www.eldigitaldeasturias.com\\\/noticias\\\/zoido-daesh-constituye-una-amenaza-para-la-comunidad-internacional\\\/#authorImage\",\"url\":\"https:\\\/\\\/secure.gravatar.com\\\/avatar\\\/df2aeffc32bcd13f8d26072ef8a91b623d677766deac7f97ca815868cd41bf5e?s=96&d=mm&r=g\",\"width\":96,\"height\":96,\"caption\":\"El Digital de Asturias\"}},{\"@type\":\"WebPage\",\"@id\":\"https:\\\/\\\/www.eldigitaldeasturias.com\\\/noticias\\\/zoido-daesh-constituye-una-amenaza-para-la-comunidad-internacional\\\/#webpage\",\"url\":\"https:\\\/\\\/www.eldigitaldeasturias.com\\\/noticias\\\/zoido-daesh-constituye-una-amenaza-para-la-comunidad-internacional\\\/\",\"name\":\"Zoido: \\u00abDAESH constituye una amenaza para la comunidad internacional\\u00bb - El Digital de Asturias\",\"description\":\"El ministro del Interior, Juan Ignacio Zoido, se ha reunido, en la sede del Ministerio del Interior, en Madrid, con el secretario permanente del G5 Sahel, Maman Sabo Sidikou. Zoido le ha transmitido a Sidikou que el G5 Sahel y la cooperaci\\u00f3n con los pa\\u00edses que lo constituyen tienen \\\"un inter\\u00e9s prioritario\\\" para Espa\\u00f1a. \\u200bDurante\",\"inLanguage\":\"es-ES\",\"isPartOf\":{\"@id\":\"https:\\\/\\\/www.eldigitaldeasturias.com\\\/noticias\\\/#website\"},\"breadcrumb\":{\"@id\":\"https:\\\/\\\/www.eldigitaldeasturias.com\\\/noticias\\\/zoido-daesh-constituye-una-amenaza-para-la-comunidad-internacional\\\/#breadcrumblist\"},\"author\":{\"@id\":\"https:\\\/\\\/www.eldigitaldeasturias.com\\\/noticias\\\/author\\\/admin\\\/#author\"},\"creator\":{\"@id\":\"https:\\\/\\\/www.eldigitaldeasturias.com\\\/noticias\\\/author\\\/admin\\\/#author\"},\"image\":{\"@type\":\"ImageObject\",\"url\":977685,\"@id\":\"https:\\\/\\\/www.eldigitaldeasturias.com\\\/noticias\\\/zoido-daesh-constituye-una-amenaza-para-la-comunidad-internacional\\\/#mainImage\"},\"primaryImageOfPage\":{\"@id\":\"https:\\\/\\\/www.eldigitaldeasturias.com\\\/noticias\\\/zoido-daesh-constituye-una-amenaza-para-la-comunidad-internacional\\\/#mainImage\"},\"datePublished\":\"2018-04-26T10:02:29+02:00\",\"dateModified\":\"2018-04-26T10:02:29+02:00\"},{\"@type\":\"WebSite\",\"@id\":\"https:\\\/\\\/www.eldigitaldeasturias.com\\\/noticias\\\/#website\",\"url\":\"https:\\\/\\\/www.eldigitaldeasturias.com\\\/noticias\\\/\",\"name\":\"El Digital de Asturias - Diario de actualidad y noticias\",\"alternateName\":\"El Digital de Asturias - Diario de actualidad y noticias\",\"description\":\"Hemeroteca\",\"inLanguage\":\"es-ES\",\"publisher\":{\"@id\":\"https:\\\/\\\/www.eldigitaldeasturias.com\\\/noticias\\\/#organization\"}}]}\n\t\t<\/script>\n\t\t<!-- All in One SEO Pro -->\r\n\t\t<title>Zoido: \u00abDAESH constituye una amenaza para la comunidad internacional\u00bb - El Digital de Asturias<\/title>\n\n","aioseo_head_json":{"title":"Zoido: \u00abDAESH constituye una amenaza para la comunidad internacional\u00bb - El Digital de Asturias","description":"El ministro del Interior, Juan Ignacio Zoido, se ha reunido, en la sede del Ministerio del Interior, en Madrid, con el secretario permanente del G5 Sahel, Maman Sabo Sidikou. Zoido le ha transmitido a Sidikou que el G5 Sahel y la cooperaci\u00f3n con los pa\u00edses que lo constituyen tienen \"un inter\u00e9s prioritario\" para Espa\u00f1a. \u200bDurante","canonical_url":"https:\/\/www.eldigitaldeasturias.com\/noticias\/zoido-daesh-constituye-una-amenaza-para-la-comunidad-internacional\/","robots":"max-image-preview:large","keywords":"actualidad","webmasterTools":{"google-site-verification":"UA-38556648-1","msvalidate.01":"7dfe9f3f1b24437ab69f4f2559babe99","miscellaneous":""},"schema":{"@context":"https:\/\/schema.org","@graph":[{"@type":"BlogPosting","@id":"https:\/\/www.eldigitaldeasturias.com\/noticias\/zoido-daesh-constituye-una-amenaza-para-la-comunidad-internacional\/#blogposting","name":"Zoido: \u00abDAESH constituye una amenaza para la comunidad internacional\u00bb - El Digital de Asturias","headline":"Zoido: \u00abDAESH constituye una amenaza para la comunidad internacional\u00bb","author":{"@id":"https:\/\/www.eldigitaldeasturias.com\/noticias\/author\/admin\/#author"},"publisher":{"@id":"https:\/\/www.eldigitaldeasturias.com\/noticias\/#organization"},"image":{"@type":"ImageObject","url":977685},"datePublished":"2018-04-26T10:02:29+02:00","dateModified":"2018-04-26T10:02:29+02:00","inLanguage":"es-ES","mainEntityOfPage":{"@id":"https:\/\/www.eldigitaldeasturias.com\/noticias\/zoido-daesh-constituye-una-amenaza-para-la-comunidad-internacional\/#webpage"},"isPartOf":{"@id":"https:\/\/www.eldigitaldeasturias.com\/noticias\/zoido-daesh-constituye-una-amenaza-para-la-comunidad-internacional\/#webpage"},"articleSection":"Actualidad"},{"@type":"BreadcrumbList","@id":"https:\/\/www.eldigitaldeasturias.com\/noticias\/zoido-daesh-constituye-una-amenaza-para-la-comunidad-internacional\/#breadcrumblist","itemListElement":[{"@type":"ListItem","@id":"https:\/\/www.eldigitaldeasturias.com\/noticias#listItem","position":1,"name":"Home","item":"https:\/\/www.eldigitaldeasturias.com\/noticias","nextItem":{"@type":"ListItem","@id":"https:\/\/www.eldigitaldeasturias.com\/noticias\/category\/actualidad\/#listItem","name":"Actualidad"}},{"@type":"ListItem","@id":"https:\/\/www.eldigitaldeasturias.com\/noticias\/category\/actualidad\/#listItem","position":2,"name":"Actualidad","item":"https:\/\/www.eldigitaldeasturias.com\/noticias\/category\/actualidad\/","nextItem":{"@type":"ListItem","@id":"https:\/\/www.eldigitaldeasturias.com\/noticias\/zoido-daesh-constituye-una-amenaza-para-la-comunidad-internacional\/#listItem","name":"Zoido: \u00abDAESH constituye una amenaza para la comunidad internacional\u00bb"},"previousItem":{"@type":"ListItem","@id":"https:\/\/www.eldigitaldeasturias.com\/noticias#listItem","name":"Home"}},{"@type":"ListItem","@id":"https:\/\/www.eldigitaldeasturias.com\/noticias\/zoido-daesh-constituye-una-amenaza-para-la-comunidad-internacional\/#listItem","position":3,"name":"Zoido: \u00abDAESH constituye una amenaza para la comunidad internacional\u00bb","previousItem":{"@type":"ListItem","@id":"https:\/\/www.eldigitaldeasturias.com\/noticias\/category\/actualidad\/#listItem","name":"Actualidad"}}]},{"@type":"Organization","@id":"https:\/\/www.eldigitaldeasturias.com\/noticias\/#organization","name":"El Digital de Asturias","description":"Hemeroteca","url":"https:\/\/www.eldigitaldeasturias.com\/noticias\/","email":"info@eldigitaldeasturias.com","telephone":"+34652131393","logo":{"@type":"ImageObject","url":"https:\/\/www.eldigitaldeasturias.com\/noticias\/wp-content\/uploads\/2020\/12\/EDA.jpg","@id":"https:\/\/www.eldigitaldeasturias.com\/noticias\/zoido-daesh-constituye-una-amenaza-para-la-comunidad-internacional\/#organizationLogo"},"image":{"@id":"https:\/\/www.eldigitaldeasturias.com\/noticias\/zoido-daesh-constituye-una-amenaza-para-la-comunidad-internacional\/#organizationLogo"},"sameAs":["https:\/\/facebook.com\/eldigitaldeasturias","https:\/\/www.youtube.com\/channel\/UCZP-2wLEB9Rv6erhFmqVnvg"],"address":{"@id":"https:\/\/www.eldigitaldeasturias.com\/noticias\/#postaladdress","@type":"PostalAddress","streetAddress":"san antonio 4","postalCode":"33430","addressLocality":"Cand\u00e1s","addressRegion":"Asturias","addressCountry":"ES"}},{"@type":"Person","@id":"https:\/\/www.eldigitaldeasturias.com\/noticias\/author\/admin\/#author","url":"https:\/\/www.eldigitaldeasturias.com\/noticias\/author\/admin\/","name":"El Digital de Asturias","image":{"@type":"ImageObject","@id":"https:\/\/www.eldigitaldeasturias.com\/noticias\/zoido-daesh-constituye-una-amenaza-para-la-comunidad-internacional\/#authorImage","url":"https:\/\/secure.gravatar.com\/avatar\/df2aeffc32bcd13f8d26072ef8a91b623d677766deac7f97ca815868cd41bf5e?s=96&d=mm&r=g","width":96,"height":96,"caption":"El Digital de Asturias"}},{"@type":"WebPage","@id":"https:\/\/www.eldigitaldeasturias.com\/noticias\/zoido-daesh-constituye-una-amenaza-para-la-comunidad-internacional\/#webpage","url":"https:\/\/www.eldigitaldeasturias.com\/noticias\/zoido-daesh-constituye-una-amenaza-para-la-comunidad-internacional\/","name":"Zoido: \u00abDAESH constituye una amenaza para la comunidad internacional\u00bb - El Digital de Asturias","description":"El ministro del Interior, Juan Ignacio Zoido, se ha reunido, en la sede del Ministerio del Interior, en Madrid, con el secretario permanente del G5 Sahel, Maman Sabo Sidikou. Zoido le ha transmitido a Sidikou que el G5 Sahel y la cooperaci\u00f3n con los pa\u00edses que lo constituyen tienen \"un inter\u00e9s prioritario\" para Espa\u00f1a. \u200bDurante","inLanguage":"es-ES","isPartOf":{"@id":"https:\/\/www.eldigitaldeasturias.com\/noticias\/#website"},"breadcrumb":{"@id":"https:\/\/www.eldigitaldeasturias.com\/noticias\/zoido-daesh-constituye-una-amenaza-para-la-comunidad-internacional\/#breadcrumblist"},"author":{"@id":"https:\/\/www.eldigitaldeasturias.com\/noticias\/author\/admin\/#author"},"creator":{"@id":"https:\/\/www.eldigitaldeasturias.com\/noticias\/author\/admin\/#author"},"image":{"@type":"ImageObject","url":977685,"@id":"https:\/\/www.eldigitaldeasturias.com\/noticias\/zoido-daesh-constituye-una-amenaza-para-la-comunidad-internacional\/#mainImage"},"primaryImageOfPage":{"@id":"https:\/\/www.eldigitaldeasturias.com\/noticias\/zoido-daesh-constituye-una-amenaza-para-la-comunidad-internacional\/#mainImage"},"datePublished":"2018-04-26T10:02:29+02:00","dateModified":"2018-04-26T10:02:29+02:00"},{"@type":"WebSite","@id":"https:\/\/www.eldigitaldeasturias.com\/noticias\/#website","url":"https:\/\/www.eldigitaldeasturias.com\/noticias\/","name":"El Digital de Asturias - Diario de actualidad y noticias","alternateName":"El Digital de Asturias - Diario de actualidad y noticias","description":"Hemeroteca","inLanguage":"es-ES","publisher":{"@id":"https:\/\/www.eldigitaldeasturias.com\/noticias\/#organization"}}]},"og:locale":"es_ES","og:site_name":"El Digital de Asturias","og:type":"article","og:title":"Zoido: \u00abDAESH constituye una amenaza para la comunidad internacional\u00bb - El Digital de Asturias","og:description":"El ministro del Interior, Juan Ignacio Zoido, se ha reunido, en la sede del Ministerio del Interior, en Madrid, con el secretario permanente del G5 Sahel, Maman Sabo Sidikou. Zoido le ha transmitido a Sidikou que el G5 Sahel y la cooperaci\u00f3n con los pa\u00edses que lo constituyen tienen &quot;un inter\u00e9s prioritario&quot; para Espa\u00f1a. \u200bDurante","og:url":"https:\/\/www.eldigitaldeasturias.com\/noticias\/zoido-daesh-constituye-una-amenaza-para-la-comunidad-internacional\/","article:tag":["actualidad"],"article:published_time":"2018-04-26T10:02:29+00:00","article:modified_time":"2018-04-26T10:02:29+00:00","article:publisher":"https:\/\/facebook.com\/eldigitaldeasturias","twitter:card":"summary_large_image","twitter:title":"Zoido: \u00abDAESH constituye una amenaza para la comunidad internacional\u00bb - El Digital de Asturias","twitter:description":"El ministro del Interior, Juan Ignacio Zoido, se ha reunido, en la sede del Ministerio del Interior, en Madrid, con el secretario permanente del G5 Sahel, Maman Sabo Sidikou. Zoido le ha transmitido a Sidikou que el G5 Sahel y la cooperaci\u00f3n con los pa\u00edses que lo constituyen tienen &quot;un inter\u00e9s prioritario&quot; para Espa\u00f1a. \u200bDurante","twitter:image":"https:\/\/www.eldigitaldeasturias.com\/noticias\/wp-content\/uploads\/2020\/12\/EDA-1.jpg","twitter:label1":"Escrito por","twitter:data1":"El Digital de Asturias","twitter:label2":"Tiempo de lectura estimado","twitter:data2":"4 minutos"},"aioseo_meta_data":{"post_id":"977684","title":null,"description":null,"keywords":null,"keyphrases":null,"primary_term":null,"canonical_url":null,"og_title":null,"og_description":null,"og_object_type":"default","og_image_type":"default","og_image_url":null,"og_image_width":null,"og_image_height":null,"og_image_custom_url":null,"og_image_custom_fields":null,"og_video":null,"og_custom_url":null,"og_article_section":null,"og_article_tags":null,"twitter_use_og":false,"twitter_card":"default","twitter_image_type":"default","twitter_image_url":null,"twitter_image_custom_url":null,"twitter_image_custom_fields":null,"twitter_title":null,"twitter_description":null,"schema":{"blockGraphs":[],"customGraphs":[],"default":{"data":{"Article":[],"Course":[],"Dataset":[],"FAQPage":[],"Movie":[],"Person":[],"Product":[],"ProductReview":[],"Car":[],"Recipe":[],"Service":[],"SoftwareApplication":[],"WebPage":[]},"graphName":"","isEnabled":true},"graphs":[],"defaultGraph":"","defaultPostTypeGraph":""},"schema_type":null,"schema_type_options":null,"pillar_content":false,"robots_default":true,"robots_noindex":false,"robots_noarchive":false,"robots_nosnippet":false,"robots_nofollow":false,"robots_noimageindex":false,"robots_noodp":false,"robots_notranslate":false,"robots_max_snippet":null,"robots_max_videopreview":null,"robots_max_imagepreview":"large","priority":null,"frequency":null,"local_seo":null,"seo_analyzer_scan_date":"2025-10-08 08:10:08","breadcrumb_settings":null,"limit_modified_date":false,"open_ai":null,"ai":null,"created":"2020-12-21 12:04:36","updated":"2025-10-08 08:10:08","focus_keyword":null,"additional_keywords":null,"truseo_locale":null},"aioseo_breadcrumb":"<div class=\"aioseo-breadcrumbs\"><span class=\"aioseo-breadcrumb\">\n\t<a href=\"https:\/\/www.eldigitaldeasturias.com\/noticias\" title=\"Home\">Home<\/a>\n<\/span><span class=\"aioseo-breadcrumb-separator\">\u2013<\/span><span class=\"aioseo-breadcrumb\">\n\t<a href=\"https:\/\/www.eldigitaldeasturias.com\/noticias\/category\/actualidad\/\" title=\"Actualidad\">Actualidad<\/a>\n<\/span><span class=\"aioseo-breadcrumb-separator\">\u2013<\/span><span class=\"aioseo-breadcrumb\">\n\t<a href=\"https:\/\/www.eldigitaldeasturias.com\/noticias\/zoido-daesh-constituye-una-amenaza-para-la-comunidad-internacional\/\" title=\"Zoido: \u00abDAESH constituye una amenaza para la comunidad internacional\u00bb\">Zoido: \u00abDAESH constituye una amenaza para la comunidad internacional\u00bb<\/a>\n<\/span><\/div>","aioseo_breadcrumb_json":[{"label":"Home","link":"https:\/\/www.eldigitaldeasturias.com\/noticias"},{"label":"Actualidad","link":"https:\/\/www.eldigitaldeasturias.com\/noticias\/category\/actualidad\/"},{"label":"Zoido: \u00abDAESH constituye una amenaza para la comunidad internacional\u00bb","link":"https:\/\/www.eldigitaldeasturias.com\/noticias\/zoido-daesh-constituye-una-amenaza-para-la-comunidad-internacional\/"}],"_links":{"self":[{"href":"https:\/\/www.eldigitaldeasturias.com\/noticias\/wp-json\/wp\/v2\/posts\/977684","targetHints":{"allow":["GET"]}}],"collection":[{"href":"https:\/\/www.eldigitaldeasturias.com\/noticias\/wp-json\/wp\/v2\/posts"}],"about":[{"href":"https:\/\/www.eldigitaldeasturias.com\/noticias\/wp-json\/wp\/v2\/types\/post"}],"author":[{"embeddable":true,"href":"https:\/\/www.eldigitaldeasturias.com\/noticias\/wp-json\/wp\/v2\/users\/1"}],"replies":[{"embeddable":true,"href":"https:\/\/www.eldigitaldeasturias.com\/noticias\/wp-json\/wp\/v2\/comments?post=977684"}],"version-history":[{"count":0,"href":"https:\/\/www.eldigitaldeasturias.com\/noticias\/wp-json\/wp\/v2\/posts\/977684\/revisions"}],"wp:attachment":[{"href":"https:\/\/www.eldigitaldeasturias.com\/noticias\/wp-json\/wp\/v2\/media?parent=977684"}],"wp:term":[{"taxonomy":"category","embeddable":true,"href":"https:\/\/www.eldigitaldeasturias.com\/noticias\/wp-json\/wp\/v2\/categories?post=977684"},{"taxonomy":"post_tag","embeddable":true,"href":"https:\/\/www.eldigitaldeasturias.com\/noticias\/wp-json\/wp\/v2\/tags?post=977684"}],"curies":[{"name":"wp","href":"https:\/\/api.w.org\/{rel}","templated":true}]}}