{"id":977681,"date":"2018-04-26T09:58:37","date_gmt":"2018-04-26T09:58:37","guid":{"rendered":"http:\/\/www.eldigitaldeasturias.com\/noticias\/?p=977681"},"modified":"2018-04-26T09:58:37","modified_gmt":"2018-04-26T09:58:37","slug":"espana-tratara-de-recuperar-el-pecio-nuestra-senora-del-juncal","status":"publish","type":"post","link":"https:\/\/www.eldigitaldeasturias.com\/noticias\/espana-tratara-de-recuperar-el-pecio-nuestra-senora-del-juncal\/","title":{"rendered":"Espa\u00f1a tratar\u00e1 de recuperar el pecio &#8216;Nuestra Se\u00f1ora del Juncal\u201d"},"content":{"rendered":"<p><img loading=\"lazy\" decoding=\"async\" class=\"alignleft size-medium wp-image-977682\" src=\"https:\/\/www.eldigitaldeasturias.com\/noticias\/wp-content\/uploads\/2018\/04\/2301216-vigo-1-360x239.jpg\" alt=\"\" width=\"360\" height=\"239\" \/>El ministro de Educaci\u00f3n, Cultura y Deporte y portavoz del Gobierno, \u00cd\u00f1igo M\u00e9ndez de Vigo, ha puesto en valor los lazos que unen a Espa\u00f1a y M\u00e9xico en la visita que ha realizado junto al presidente de ese pa\u00eds, Enrique Pe\u00f1a Nieto, a la Casa de M\u00e9xico, un espacio cultural que contribuir\u00e1 a profundizar en los lazos hist\u00f3ricos, culturales y humanos que comparten ambos pa\u00edses.<\/p>\n<p>En su intervenci\u00f3n, M\u00e9ndez de Vigo ha anunciado las conversaciones con M\u00e9xico para la recuperaci\u00f3n del pecio &#8216;Nuestra Se\u00f1ora del Juncal&#8217;, hundida en las aguas del Golfo de M\u00e9xico en 1631: \u00abLos acuerdos bilaterales entre M\u00e9xico y Espa\u00f1a permitir\u00e1n su recuperaci\u00f3n en un proyecto cient\u00edfico y cultural pionero en el \u00e1mbito de la arqueolog\u00eda subacu\u00e1tica\u00bb.<\/p>\n<p>\u00abEl proyecto del Juncal ser\u00e1 la primera gran acci\u00f3n de cooperaci\u00f3n entre pa\u00edses en la recuperaci\u00f3n del patrimonio subacu\u00e1tico, por lo que estamos muy agradecidos a M\u00e9xico por su buena disposici\u00f3n para alcanzar juntos este objetivo de gran valor hist\u00f3rico, cient\u00edfico y patrimonial\u00bb, ha indicado el Ministro.<\/p>\n<p>\u00abCreemos que es esta la manera, y no otra, de afrontar los retos actuales del patrimonio cultural subacu\u00e1tico. Es la cooperaci\u00f3n en la conservaci\u00f3n patrimonial la que debe primar sobre otras prioridades\u00bb, ha manifestado.<\/p>\n<p>M\u00e9ndez de Vigo ha hecho estas declaraciones, tras hacerse p\u00fablica la resoluci\u00f3n del Consejo Consultivo Cient\u00edfico y T\u00e9cnico de la UNESCO sobre el pecio San Jos\u00e9, hundido en 1708 frente a las costas de Cartagena. Esta resoluci\u00f3n denuncia y critica en t\u00e9rminos muy duros los planes que pretende \u00abun gobierno amigo\u00bb -en referencia a Colombia- y recuerda que numerosos miembros de la empresa elegida por ese gobierno que realizar\u00e1 la excavaci\u00f3n han estado implicados en operaciones de cazatesoros.<\/p>\n<p>\u00abTal vez es la hora de que esa cooperaci\u00f3n entre M\u00e9xico y Espa\u00f1a sea un buen espejo al que mirarse\u00bb, ha dicho M\u00e9ndez de Vigo.<\/p>\n<p><strong>Impulso al espa\u00f1ol, \u00abelemento que nos une, nos uni\u00f3 y nos unir\u00e1\u00bb<\/strong><\/p>\n<p>En la visita a la Casa de M\u00e9xico en Espa\u00f1a, se ha firmado un Memorando de Entendimiento entre M\u00e9xico y Espa\u00f1a para la promoci\u00f3n internacional de la Lengua Espa\u00f1ola, rubricado por la parte mexicana por la Secretar\u00eda de Relaciones Exteriores, la Secretar\u00eda de Cultura, el Fondo de Cultura Econ\u00f3mica y la Universidad Nacional Aut\u00f3noma de M\u00e9xico y, por la espa\u00f1ola, por el Ministerio de Asuntos Exteriores y de Cooperaci\u00f3n y el Instituto Cervantes.<\/p>\n<p>Relacionado con el Memorando el ministro de Cultura espa\u00f1ol, \u00cd\u00f1igo M\u00e9ndez de Vigo ha se\u00f1alado la importancia del proyecto &#8216;El espa\u00f1ol, lengua global&#8217;, presentado por el presidente del Gobierno, Mariano Rajoy.<\/p>\n<p>\u00ab&#8216;El espa\u00f1ol, lengua global&#8217; busca aunar a toda la comunidad hispanohablante, en particular en su capacidad para generar oportunidades, y en donde M\u00e9xico constituye uno de los grandes protagonistas\u00bb, ha se\u00f1alado M\u00e9ndez de Vigo. \u00abEs la lengua y la cultura en espa\u00f1ol, antes que cualquier cosa, el elemento que nos une, nos uni\u00f3 y nos unir\u00e1\u00bb, ha a\u00f1adido el ministro.<\/p>\n<p>\u00abNuestros grandes autores son comunes. Nuestros grandes pensadores son intercambiables\u00bb, ha dicho M\u00e9ndez de Vigo, quien ha se\u00f1alado que \u00abes dif\u00edcil encontrar pa\u00edses en el mundo que disfruten de lazos tan profundos y diversos como los que unen a Espa\u00f1a y M\u00e9xico\u00bb.<\/p>\n","protected":false},"excerpt":{"rendered":"<p>El ministro de Educaci\u00f3n, Cultura y Deporte y portavoz del Gobierno, \u00cd\u00f1igo M\u00e9ndez de Vigo, ha puesto en valor los lazos que unen a Espa\u00f1a y M\u00e9xico en la visita que ha realizado junto al presidente de ese pa\u00eds, Enrique Pe\u00f1a Nieto, a la Casa de M\u00e9xico, un espacio cultural que contribuir\u00e1 a profundizar en [&hellip;]<\/p>\n","protected":false},"author":1,"featured_media":977682,"comment_status":"closed","ping_status":"closed","sticky":false,"template":"","format":"standard","meta":{"footnotes":""},"categories":[1],"tags":[],"class_list":["post-977681","post","type-post","status-publish","format-standard","has-post-thumbnail","hentry","category-actualidad"],"aioseo_notices":[],"aioseo_head":"\n\t\t<!-- All in One SEO Pro 5.0.1 - aioseo.com -->\n\t<meta name=\"description\" content=\"El ministro de Educaci\u00f3n, Cultura y Deporte y portavoz del Gobierno, \u00cd\u00f1igo M\u00e9ndez de Vigo, ha puesto en valor los lazos que unen a Espa\u00f1a y M\u00e9xico en la visita que ha realizado junto al presidente de ese pa\u00eds, Enrique Pe\u00f1a Nieto, a la Casa de M\u00e9xico, un espacio cultural que contribuir\u00e1 a profundizar en\" \/>\n\t<meta name=\"robots\" content=\"max-image-preview:large\" \/>\n\t<meta name=\"author\" content=\"El Digital de Asturias\"\/>\n\t<meta name=\"google-site-verification\" content=\"UA-38556648-1\" \/>\n\t<meta name=\"msvalidate.01\" content=\"7dfe9f3f1b24437ab69f4f2559babe99\" \/>\n\t<meta name=\"keywords\" content=\"actualidad\" \/>\n\t<link rel=\"canonical\" href=\"https:\/\/www.eldigitaldeasturias.com\/noticias\/espana-tratara-de-recuperar-el-pecio-nuestra-senora-del-juncal\/\" \/>\n\t<meta name=\"generator\" content=\"All in One SEO Pro (AIOSEO) 5.0.1\" \/>\n\t\t<meta property=\"og:locale\" content=\"es_ES\" \/>\n\t\t<meta property=\"og:site_name\" content=\"El Digital de Asturias\" \/>\n\t\t<meta property=\"og:type\" content=\"article\" \/>\n\t\t<meta property=\"og:title\" content=\"Espa\u00f1a tratar\u00e1 de recuperar el pecio \u2018Nuestra Se\u00f1ora del Juncal\u201d - El Digital de Asturias\" \/>\n\t\t<meta property=\"og:description\" content=\"El ministro de Educaci\u00f3n, Cultura y Deporte y portavoz del Gobierno, \u00cd\u00f1igo M\u00e9ndez de Vigo, ha puesto en valor los lazos que unen a Espa\u00f1a y M\u00e9xico en la visita que ha realizado junto al presidente de ese pa\u00eds, Enrique Pe\u00f1a Nieto, a la Casa de M\u00e9xico, un espacio cultural que contribuir\u00e1 a profundizar en\" \/>\n\t\t<meta property=\"og:url\" content=\"https:\/\/www.eldigitaldeasturias.com\/noticias\/espana-tratara-de-recuperar-el-pecio-nuestra-senora-del-juncal\/\" \/>\n\t\t<meta property=\"article:tag\" content=\"actualidad\" \/>\n\t\t<meta property=\"article:published_time\" content=\"2018-04-26T09:58:37+00:00\" \/>\n\t\t<meta property=\"article:modified_time\" content=\"2018-04-26T09:58:37+00:00\" \/>\n\t\t<meta property=\"article:publisher\" content=\"https:\/\/facebook.com\/eldigitaldeasturias\" \/>\n\t\t<meta name=\"twitter:card\" content=\"summary_large_image\" \/>\n\t\t<meta name=\"twitter:title\" content=\"Espa\u00f1a tratar\u00e1 de recuperar el pecio \u2018Nuestra Se\u00f1ora del Juncal\u201d - El Digital de Asturias\" \/>\n\t\t<meta name=\"twitter:description\" content=\"El ministro de Educaci\u00f3n, Cultura y Deporte y portavoz del Gobierno, \u00cd\u00f1igo M\u00e9ndez de Vigo, ha puesto en valor los lazos que unen a Espa\u00f1a y M\u00e9xico en la visita que ha realizado junto al presidente de ese pa\u00eds, Enrique Pe\u00f1a Nieto, a la Casa de M\u00e9xico, un espacio cultural que contribuir\u00e1 a profundizar en\" \/>\n\t\t<meta name=\"twitter:image\" content=\"https:\/\/www.eldigitaldeasturias.com\/noticias\/wp-content\/uploads\/2020\/12\/EDA-1.jpg\" \/>\n\t\t<meta name=\"twitter:label1\" content=\"Escrito por\" \/>\n\t\t<meta name=\"twitter:data1\" content=\"El Digital de Asturias\" \/>\n\t\t<meta name=\"twitter:label2\" content=\"Tiempo de lectura estimado\" \/>\n\t\t<meta name=\"twitter:data2\" content=\"3 minutos\" \/>\n\t\t<script type=\"application\/ld+json\" class=\"aioseo-schema\">\n\t\t\t{\"@context\":\"https:\\\/\\\/schema.org\",\"@graph\":[{\"@type\":\"BlogPosting\",\"@id\":\"https:\\\/\\\/www.eldigitaldeasturias.com\\\/noticias\\\/espana-tratara-de-recuperar-el-pecio-nuestra-senora-del-juncal\\\/#blogposting\",\"name\":\"Espa\\u00f1a tratar\\u00e1 de recuperar el pecio \\u2018Nuestra Se\\u00f1ora del Juncal\\u201d - El Digital de Asturias\",\"headline\":\"Espa\\u00f1a tratar\\u00e1 de recuperar el pecio &#8216;Nuestra Se\\u00f1ora del Juncal\\u201d\",\"author\":{\"@id\":\"https:\\\/\\\/www.eldigitaldeasturias.com\\\/noticias\\\/author\\\/admin\\\/#author\"},\"publisher\":{\"@id\":\"https:\\\/\\\/www.eldigitaldeasturias.com\\\/noticias\\\/#organization\"},\"image\":{\"@type\":\"ImageObject\",\"url\":977682},\"datePublished\":\"2018-04-26T09:58:37+02:00\",\"dateModified\":\"2018-04-26T09:58:37+02:00\",\"inLanguage\":\"es-ES\",\"mainEntityOfPage\":{\"@id\":\"https:\\\/\\\/www.eldigitaldeasturias.com\\\/noticias\\\/espana-tratara-de-recuperar-el-pecio-nuestra-senora-del-juncal\\\/#webpage\"},\"isPartOf\":{\"@id\":\"https:\\\/\\\/www.eldigitaldeasturias.com\\\/noticias\\\/espana-tratara-de-recuperar-el-pecio-nuestra-senora-del-juncal\\\/#webpage\"},\"articleSection\":\"Actualidad\"},{\"@type\":\"BreadcrumbList\",\"@id\":\"https:\\\/\\\/www.eldigitaldeasturias.com\\\/noticias\\\/espana-tratara-de-recuperar-el-pecio-nuestra-senora-del-juncal\\\/#breadcrumblist\",\"itemListElement\":[{\"@type\":\"ListItem\",\"@id\":\"https:\\\/\\\/www.eldigitaldeasturias.com\\\/noticias#listItem\",\"position\":1,\"name\":\"Home\",\"item\":\"https:\\\/\\\/www.eldigitaldeasturias.com\\\/noticias\",\"nextItem\":{\"@type\":\"ListItem\",\"@id\":\"https:\\\/\\\/www.eldigitaldeasturias.com\\\/noticias\\\/category\\\/actualidad\\\/#listItem\",\"name\":\"Actualidad\"}},{\"@type\":\"ListItem\",\"@id\":\"https:\\\/\\\/www.eldigitaldeasturias.com\\\/noticias\\\/category\\\/actualidad\\\/#listItem\",\"position\":2,\"name\":\"Actualidad\",\"item\":\"https:\\\/\\\/www.eldigitaldeasturias.com\\\/noticias\\\/category\\\/actualidad\\\/\",\"nextItem\":{\"@type\":\"ListItem\",\"@id\":\"https:\\\/\\\/www.eldigitaldeasturias.com\\\/noticias\\\/espana-tratara-de-recuperar-el-pecio-nuestra-senora-del-juncal\\\/#listItem\",\"name\":\"Espa\\u00f1a tratar\\u00e1 de recuperar el pecio &#8216;Nuestra Se\\u00f1ora del Juncal\\u201d\"},\"previousItem\":{\"@type\":\"ListItem\",\"@id\":\"https:\\\/\\\/www.eldigitaldeasturias.com\\\/noticias#listItem\",\"name\":\"Home\"}},{\"@type\":\"ListItem\",\"@id\":\"https:\\\/\\\/www.eldigitaldeasturias.com\\\/noticias\\\/espana-tratara-de-recuperar-el-pecio-nuestra-senora-del-juncal\\\/#listItem\",\"position\":3,\"name\":\"Espa\\u00f1a tratar\\u00e1 de recuperar el pecio &#8216;Nuestra Se\\u00f1ora del Juncal\\u201d\",\"previousItem\":{\"@type\":\"ListItem\",\"@id\":\"https:\\\/\\\/www.eldigitaldeasturias.com\\\/noticias\\\/category\\\/actualidad\\\/#listItem\",\"name\":\"Actualidad\"}}]},{\"@type\":\"Organization\",\"@id\":\"https:\\\/\\\/www.eldigitaldeasturias.com\\\/noticias\\\/#organization\",\"name\":\"El Digital de Asturias\",\"description\":\"Hemeroteca\",\"url\":\"https:\\\/\\\/www.eldigitaldeasturias.com\\\/noticias\\\/\",\"email\":\"info@eldigitaldeasturias.com\",\"telephone\":\"+34652131393\",\"logo\":{\"@type\":\"ImageObject\",\"url\":\"https:\\\/\\\/www.eldigitaldeasturias.com\\\/noticias\\\/wp-content\\\/uploads\\\/2020\\\/12\\\/EDA.jpg\",\"@id\":\"https:\\\/\\\/www.eldigitaldeasturias.com\\\/noticias\\\/espana-tratara-de-recuperar-el-pecio-nuestra-senora-del-juncal\\\/#organizationLogo\"},\"image\":{\"@id\":\"https:\\\/\\\/www.eldigitaldeasturias.com\\\/noticias\\\/espana-tratara-de-recuperar-el-pecio-nuestra-senora-del-juncal\\\/#organizationLogo\"},\"sameAs\":[\"https:\\\/\\\/facebook.com\\\/eldigitaldeasturias\",\"https:\\\/\\\/www.youtube.com\\\/channel\\\/UCZP-2wLEB9Rv6erhFmqVnvg\"],\"address\":{\"@id\":\"https:\\\/\\\/www.eldigitaldeasturias.com\\\/noticias\\\/#postaladdress\",\"@type\":\"PostalAddress\",\"streetAddress\":\"san antonio 4\",\"postalCode\":\"33430\",\"addressLocality\":\"Cand\\u00e1s\",\"addressRegion\":\"Asturias\",\"addressCountry\":\"ES\"}},{\"@type\":\"Person\",\"@id\":\"https:\\\/\\\/www.eldigitaldeasturias.com\\\/noticias\\\/author\\\/admin\\\/#author\",\"url\":\"https:\\\/\\\/www.eldigitaldeasturias.com\\\/noticias\\\/author\\\/admin\\\/\",\"name\":\"El Digital de Asturias\",\"image\":{\"@type\":\"ImageObject\",\"@id\":\"https:\\\/\\\/www.eldigitaldeasturias.com\\\/noticias\\\/espana-tratara-de-recuperar-el-pecio-nuestra-senora-del-juncal\\\/#authorImage\",\"url\":\"https:\\\/\\\/secure.gravatar.com\\\/avatar\\\/df2aeffc32bcd13f8d26072ef8a91b623d677766deac7f97ca815868cd41bf5e?s=96&d=mm&r=g\",\"width\":96,\"height\":96,\"caption\":\"El Digital de Asturias\"}},{\"@type\":\"WebPage\",\"@id\":\"https:\\\/\\\/www.eldigitaldeasturias.com\\\/noticias\\\/espana-tratara-de-recuperar-el-pecio-nuestra-senora-del-juncal\\\/#webpage\",\"url\":\"https:\\\/\\\/www.eldigitaldeasturias.com\\\/noticias\\\/espana-tratara-de-recuperar-el-pecio-nuestra-senora-del-juncal\\\/\",\"name\":\"Espa\\u00f1a tratar\\u00e1 de recuperar el pecio \\u2018Nuestra Se\\u00f1ora del Juncal\\u201d - El Digital de Asturias\",\"description\":\"El ministro de Educaci\\u00f3n, Cultura y Deporte y portavoz del Gobierno, \\u00cd\\u00f1igo M\\u00e9ndez de Vigo, ha puesto en valor los lazos que unen a Espa\\u00f1a y M\\u00e9xico en la visita que ha realizado junto al presidente de ese pa\\u00eds, Enrique Pe\\u00f1a Nieto, a la Casa de M\\u00e9xico, un espacio cultural que contribuir\\u00e1 a profundizar en\",\"inLanguage\":\"es-ES\",\"isPartOf\":{\"@id\":\"https:\\\/\\\/www.eldigitaldeasturias.com\\\/noticias\\\/#website\"},\"breadcrumb\":{\"@id\":\"https:\\\/\\\/www.eldigitaldeasturias.com\\\/noticias\\\/espana-tratara-de-recuperar-el-pecio-nuestra-senora-del-juncal\\\/#breadcrumblist\"},\"author\":{\"@id\":\"https:\\\/\\\/www.eldigitaldeasturias.com\\\/noticias\\\/author\\\/admin\\\/#author\"},\"creator\":{\"@id\":\"https:\\\/\\\/www.eldigitaldeasturias.com\\\/noticias\\\/author\\\/admin\\\/#author\"},\"image\":{\"@type\":\"ImageObject\",\"url\":977682,\"@id\":\"https:\\\/\\\/www.eldigitaldeasturias.com\\\/noticias\\\/espana-tratara-de-recuperar-el-pecio-nuestra-senora-del-juncal\\\/#mainImage\"},\"primaryImageOfPage\":{\"@id\":\"https:\\\/\\\/www.eldigitaldeasturias.com\\\/noticias\\\/espana-tratara-de-recuperar-el-pecio-nuestra-senora-del-juncal\\\/#mainImage\"},\"datePublished\":\"2018-04-26T09:58:37+02:00\",\"dateModified\":\"2018-04-26T09:58:37+02:00\"},{\"@type\":\"WebSite\",\"@id\":\"https:\\\/\\\/www.eldigitaldeasturias.com\\\/noticias\\\/#website\",\"url\":\"https:\\\/\\\/www.eldigitaldeasturias.com\\\/noticias\\\/\",\"name\":\"El Digital de Asturias - Diario de actualidad y noticias\",\"alternateName\":\"El Digital de Asturias - Diario de actualidad y noticias\",\"description\":\"Hemeroteca\",\"inLanguage\":\"es-ES\",\"publisher\":{\"@id\":\"https:\\\/\\\/www.eldigitaldeasturias.com\\\/noticias\\\/#organization\"}}]}\n\t\t<\/script>\n\t\t<!-- All in One SEO Pro -->\r\n\t\t<title>Espa\u00f1a tratar\u00e1 de recuperar el pecio \u2018Nuestra Se\u00f1ora del Juncal\u201d - El Digital de Asturias<\/title>\n\n","aioseo_head_json":{"title":"Espa\u00f1a tratar\u00e1 de recuperar el pecio \u2018Nuestra Se\u00f1ora del Juncal\u201d - El Digital de Asturias","description":"El ministro de Educaci\u00f3n, Cultura y Deporte y portavoz del Gobierno, \u00cd\u00f1igo M\u00e9ndez de Vigo, ha puesto en valor los lazos que unen a Espa\u00f1a y M\u00e9xico en la visita que ha realizado junto al presidente de ese pa\u00eds, Enrique Pe\u00f1a Nieto, a la Casa de M\u00e9xico, un espacio cultural que contribuir\u00e1 a profundizar en","canonical_url":"https:\/\/www.eldigitaldeasturias.com\/noticias\/espana-tratara-de-recuperar-el-pecio-nuestra-senora-del-juncal\/","robots":"max-image-preview:large","keywords":"actualidad","webmasterTools":{"google-site-verification":"UA-38556648-1","msvalidate.01":"7dfe9f3f1b24437ab69f4f2559babe99","miscellaneous":""},"schema":{"@context":"https:\/\/schema.org","@graph":[{"@type":"BlogPosting","@id":"https:\/\/www.eldigitaldeasturias.com\/noticias\/espana-tratara-de-recuperar-el-pecio-nuestra-senora-del-juncal\/#blogposting","name":"Espa\u00f1a tratar\u00e1 de recuperar el pecio \u2018Nuestra Se\u00f1ora del Juncal\u201d - El Digital de Asturias","headline":"Espa\u00f1a tratar\u00e1 de recuperar el pecio &#8216;Nuestra Se\u00f1ora del Juncal\u201d","author":{"@id":"https:\/\/www.eldigitaldeasturias.com\/noticias\/author\/admin\/#author"},"publisher":{"@id":"https:\/\/www.eldigitaldeasturias.com\/noticias\/#organization"},"image":{"@type":"ImageObject","url":977682},"datePublished":"2018-04-26T09:58:37+02:00","dateModified":"2018-04-26T09:58:37+02:00","inLanguage":"es-ES","mainEntityOfPage":{"@id":"https:\/\/www.eldigitaldeasturias.com\/noticias\/espana-tratara-de-recuperar-el-pecio-nuestra-senora-del-juncal\/#webpage"},"isPartOf":{"@id":"https:\/\/www.eldigitaldeasturias.com\/noticias\/espana-tratara-de-recuperar-el-pecio-nuestra-senora-del-juncal\/#webpage"},"articleSection":"Actualidad"},{"@type":"BreadcrumbList","@id":"https:\/\/www.eldigitaldeasturias.com\/noticias\/espana-tratara-de-recuperar-el-pecio-nuestra-senora-del-juncal\/#breadcrumblist","itemListElement":[{"@type":"ListItem","@id":"https:\/\/www.eldigitaldeasturias.com\/noticias#listItem","position":1,"name":"Home","item":"https:\/\/www.eldigitaldeasturias.com\/noticias","nextItem":{"@type":"ListItem","@id":"https:\/\/www.eldigitaldeasturias.com\/noticias\/category\/actualidad\/#listItem","name":"Actualidad"}},{"@type":"ListItem","@id":"https:\/\/www.eldigitaldeasturias.com\/noticias\/category\/actualidad\/#listItem","position":2,"name":"Actualidad","item":"https:\/\/www.eldigitaldeasturias.com\/noticias\/category\/actualidad\/","nextItem":{"@type":"ListItem","@id":"https:\/\/www.eldigitaldeasturias.com\/noticias\/espana-tratara-de-recuperar-el-pecio-nuestra-senora-del-juncal\/#listItem","name":"Espa\u00f1a tratar\u00e1 de recuperar el pecio &#8216;Nuestra Se\u00f1ora del Juncal\u201d"},"previousItem":{"@type":"ListItem","@id":"https:\/\/www.eldigitaldeasturias.com\/noticias#listItem","name":"Home"}},{"@type":"ListItem","@id":"https:\/\/www.eldigitaldeasturias.com\/noticias\/espana-tratara-de-recuperar-el-pecio-nuestra-senora-del-juncal\/#listItem","position":3,"name":"Espa\u00f1a tratar\u00e1 de recuperar el pecio &#8216;Nuestra Se\u00f1ora del Juncal\u201d","previousItem":{"@type":"ListItem","@id":"https:\/\/www.eldigitaldeasturias.com\/noticias\/category\/actualidad\/#listItem","name":"Actualidad"}}]},{"@type":"Organization","@id":"https:\/\/www.eldigitaldeasturias.com\/noticias\/#organization","name":"El Digital de Asturias","description":"Hemeroteca","url":"https:\/\/www.eldigitaldeasturias.com\/noticias\/","email":"info@eldigitaldeasturias.com","telephone":"+34652131393","logo":{"@type":"ImageObject","url":"https:\/\/www.eldigitaldeasturias.com\/noticias\/wp-content\/uploads\/2020\/12\/EDA.jpg","@id":"https:\/\/www.eldigitaldeasturias.com\/noticias\/espana-tratara-de-recuperar-el-pecio-nuestra-senora-del-juncal\/#organizationLogo"},"image":{"@id":"https:\/\/www.eldigitaldeasturias.com\/noticias\/espana-tratara-de-recuperar-el-pecio-nuestra-senora-del-juncal\/#organizationLogo"},"sameAs":["https:\/\/facebook.com\/eldigitaldeasturias","https:\/\/www.youtube.com\/channel\/UCZP-2wLEB9Rv6erhFmqVnvg"],"address":{"@id":"https:\/\/www.eldigitaldeasturias.com\/noticias\/#postaladdress","@type":"PostalAddress","streetAddress":"san antonio 4","postalCode":"33430","addressLocality":"Cand\u00e1s","addressRegion":"Asturias","addressCountry":"ES"}},{"@type":"Person","@id":"https:\/\/www.eldigitaldeasturias.com\/noticias\/author\/admin\/#author","url":"https:\/\/www.eldigitaldeasturias.com\/noticias\/author\/admin\/","name":"El Digital de Asturias","image":{"@type":"ImageObject","@id":"https:\/\/www.eldigitaldeasturias.com\/noticias\/espana-tratara-de-recuperar-el-pecio-nuestra-senora-del-juncal\/#authorImage","url":"https:\/\/secure.gravatar.com\/avatar\/df2aeffc32bcd13f8d26072ef8a91b623d677766deac7f97ca815868cd41bf5e?s=96&d=mm&r=g","width":96,"height":96,"caption":"El Digital de Asturias"}},{"@type":"WebPage","@id":"https:\/\/www.eldigitaldeasturias.com\/noticias\/espana-tratara-de-recuperar-el-pecio-nuestra-senora-del-juncal\/#webpage","url":"https:\/\/www.eldigitaldeasturias.com\/noticias\/espana-tratara-de-recuperar-el-pecio-nuestra-senora-del-juncal\/","name":"Espa\u00f1a tratar\u00e1 de recuperar el pecio \u2018Nuestra Se\u00f1ora del Juncal\u201d - El Digital de Asturias","description":"El ministro de Educaci\u00f3n, Cultura y Deporte y portavoz del Gobierno, \u00cd\u00f1igo M\u00e9ndez de Vigo, ha puesto en valor los lazos que unen a Espa\u00f1a y M\u00e9xico en la visita que ha realizado junto al presidente de ese pa\u00eds, Enrique Pe\u00f1a Nieto, a la Casa de M\u00e9xico, un espacio cultural que contribuir\u00e1 a profundizar en","inLanguage":"es-ES","isPartOf":{"@id":"https:\/\/www.eldigitaldeasturias.com\/noticias\/#website"},"breadcrumb":{"@id":"https:\/\/www.eldigitaldeasturias.com\/noticias\/espana-tratara-de-recuperar-el-pecio-nuestra-senora-del-juncal\/#breadcrumblist"},"author":{"@id":"https:\/\/www.eldigitaldeasturias.com\/noticias\/author\/admin\/#author"},"creator":{"@id":"https:\/\/www.eldigitaldeasturias.com\/noticias\/author\/admin\/#author"},"image":{"@type":"ImageObject","url":977682,"@id":"https:\/\/www.eldigitaldeasturias.com\/noticias\/espana-tratara-de-recuperar-el-pecio-nuestra-senora-del-juncal\/#mainImage"},"primaryImageOfPage":{"@id":"https:\/\/www.eldigitaldeasturias.com\/noticias\/espana-tratara-de-recuperar-el-pecio-nuestra-senora-del-juncal\/#mainImage"},"datePublished":"2018-04-26T09:58:37+02:00","dateModified":"2018-04-26T09:58:37+02:00"},{"@type":"WebSite","@id":"https:\/\/www.eldigitaldeasturias.com\/noticias\/#website","url":"https:\/\/www.eldigitaldeasturias.com\/noticias\/","name":"El Digital de Asturias - Diario de actualidad y noticias","alternateName":"El Digital de Asturias - Diario de actualidad y noticias","description":"Hemeroteca","inLanguage":"es-ES","publisher":{"@id":"https:\/\/www.eldigitaldeasturias.com\/noticias\/#organization"}}]},"og:locale":"es_ES","og:site_name":"El Digital de Asturias","og:type":"article","og:title":"Espa\u00f1a tratar\u00e1 de recuperar el pecio \u2018Nuestra Se\u00f1ora del Juncal\u201d - El Digital de Asturias","og:description":"El ministro de Educaci\u00f3n, Cultura y Deporte y portavoz del Gobierno, \u00cd\u00f1igo M\u00e9ndez de Vigo, ha puesto en valor los lazos que unen a Espa\u00f1a y M\u00e9xico en la visita que ha realizado junto al presidente de ese pa\u00eds, Enrique Pe\u00f1a Nieto, a la Casa de M\u00e9xico, un espacio cultural que contribuir\u00e1 a profundizar en","og:url":"https:\/\/www.eldigitaldeasturias.com\/noticias\/espana-tratara-de-recuperar-el-pecio-nuestra-senora-del-juncal\/","article:tag":["actualidad"],"article:published_time":"2018-04-26T09:58:37+00:00","article:modified_time":"2018-04-26T09:58:37+00:00","article:publisher":"https:\/\/facebook.com\/eldigitaldeasturias","twitter:card":"summary_large_image","twitter:title":"Espa\u00f1a tratar\u00e1 de recuperar el pecio \u2018Nuestra Se\u00f1ora del Juncal\u201d - El Digital de Asturias","twitter:description":"El ministro de Educaci\u00f3n, Cultura y Deporte y portavoz del Gobierno, \u00cd\u00f1igo M\u00e9ndez de Vigo, ha puesto en valor los lazos que unen a Espa\u00f1a y M\u00e9xico en la visita que ha realizado junto al presidente de ese pa\u00eds, Enrique Pe\u00f1a Nieto, a la Casa de M\u00e9xico, un espacio cultural que contribuir\u00e1 a profundizar en","twitter:image":"https:\/\/www.eldigitaldeasturias.com\/noticias\/wp-content\/uploads\/2020\/12\/EDA-1.jpg","twitter:label1":"Escrito por","twitter:data1":"El Digital de Asturias","twitter:label2":"Tiempo de lectura estimado","twitter:data2":"3 minutos"},"aioseo_meta_data":{"post_id":"977681","title":null,"description":null,"keywords":null,"keyphrases":null,"primary_term":null,"canonical_url":null,"og_title":null,"og_description":null,"og_object_type":"default","og_image_type":"default","og_image_url":null,"og_image_width":null,"og_image_height":null,"og_image_custom_url":null,"og_image_custom_fields":null,"og_video":null,"og_custom_url":null,"og_article_section":null,"og_article_tags":null,"twitter_use_og":false,"twitter_card":"default","twitter_image_type":"default","twitter_image_url":null,"twitter_image_custom_url":null,"twitter_image_custom_fields":null,"twitter_title":null,"twitter_description":null,"schema":{"blockGraphs":[],"customGraphs":[],"default":{"data":{"Article":[],"Course":[],"Dataset":[],"FAQPage":[],"Movie":[],"Person":[],"Product":[],"ProductReview":[],"Car":[],"Recipe":[],"Service":[],"SoftwareApplication":[],"WebPage":[]},"graphName":"","isEnabled":true},"graphs":[],"defaultGraph":"","defaultPostTypeGraph":""},"schema_type":null,"schema_type_options":null,"pillar_content":false,"robots_default":true,"robots_noindex":false,"robots_noarchive":false,"robots_nosnippet":false,"robots_nofollow":false,"robots_noimageindex":false,"robots_noodp":false,"robots_notranslate":false,"robots_max_snippet":null,"robots_max_videopreview":null,"robots_max_imagepreview":"large","priority":null,"frequency":null,"local_seo":null,"seo_analyzer_scan_date":"2025-10-08 08:10:07","breadcrumb_settings":null,"limit_modified_date":false,"open_ai":null,"ai":null,"created":"2020-12-21 12:04:37","updated":"2025-10-08 08:10:07","focus_keyword":null,"additional_keywords":null,"truseo_locale":null},"aioseo_breadcrumb":"<div class=\"aioseo-breadcrumbs\"><span class=\"aioseo-breadcrumb\">\n\t<a href=\"https:\/\/www.eldigitaldeasturias.com\/noticias\" title=\"Home\">Home<\/a>\n<\/span><span class=\"aioseo-breadcrumb-separator\">\u2013<\/span><span class=\"aioseo-breadcrumb\">\n\t<a href=\"https:\/\/www.eldigitaldeasturias.com\/noticias\/category\/actualidad\/\" title=\"Actualidad\">Actualidad<\/a>\n<\/span><span class=\"aioseo-breadcrumb-separator\">\u2013<\/span><span class=\"aioseo-breadcrumb\">\n\t<a href=\"https:\/\/www.eldigitaldeasturias.com\/noticias\/espana-tratara-de-recuperar-el-pecio-nuestra-senora-del-juncal\/\" title=\"Espa\u00f1a tratar\u00e1 de recuperar el pecio \u2018Nuestra Se\u00f1ora del Juncal\u201d\">Espa\u00f1a tratar\u00e1 de recuperar el pecio \u2018Nuestra Se\u00f1ora del Juncal\u201d<\/a>\n<\/span><\/div>","aioseo_breadcrumb_json":[{"label":"Home","link":"https:\/\/www.eldigitaldeasturias.com\/noticias"},{"label":"Actualidad","link":"https:\/\/www.eldigitaldeasturias.com\/noticias\/category\/actualidad\/"},{"label":"Espa\u00f1a tratar\u00e1 de recuperar el pecio &#8216;Nuestra Se\u00f1ora del Juncal\u201d","link":"https:\/\/www.eldigitaldeasturias.com\/noticias\/espana-tratara-de-recuperar-el-pecio-nuestra-senora-del-juncal\/"}],"_links":{"self":[{"href":"https:\/\/www.eldigitaldeasturias.com\/noticias\/wp-json\/wp\/v2\/posts\/977681","targetHints":{"allow":["GET"]}}],"collection":[{"href":"https:\/\/www.eldigitaldeasturias.com\/noticias\/wp-json\/wp\/v2\/posts"}],"about":[{"href":"https:\/\/www.eldigitaldeasturias.com\/noticias\/wp-json\/wp\/v2\/types\/post"}],"author":[{"embeddable":true,"href":"https:\/\/www.eldigitaldeasturias.com\/noticias\/wp-json\/wp\/v2\/users\/1"}],"replies":[{"embeddable":true,"href":"https:\/\/www.eldigitaldeasturias.com\/noticias\/wp-json\/wp\/v2\/comments?post=977681"}],"version-history":[{"count":0,"href":"https:\/\/www.eldigitaldeasturias.com\/noticias\/wp-json\/wp\/v2\/posts\/977681\/revisions"}],"wp:attachment":[{"href":"https:\/\/www.eldigitaldeasturias.com\/noticias\/wp-json\/wp\/v2\/media?parent=977681"}],"wp:term":[{"taxonomy":"category","embeddable":true,"href":"https:\/\/www.eldigitaldeasturias.com\/noticias\/wp-json\/wp\/v2\/categories?post=977681"},{"taxonomy":"post_tag","embeddable":true,"href":"https:\/\/www.eldigitaldeasturias.com\/noticias\/wp-json\/wp\/v2\/tags?post=977681"}],"curies":[{"name":"wp","href":"https:\/\/api.w.org\/{rel}","templated":true}]}}