{"id":977661,"date":"2018-04-26T07:45:25","date_gmt":"2018-04-26T07:45:25","guid":{"rendered":"http:\/\/www.eldigitaldeasturias.com\/noticias\/?p=977661"},"modified":"2018-04-26T07:45:25","modified_gmt":"2018-04-26T07:45:25","slug":"blanco-subraya-la-actuacion-modelica-en-el-area-afectada-por-el-vertido-de-aznalcollar","status":"publish","type":"post","link":"https:\/\/www.eldigitaldeasturias.com\/noticias\/blanco-subraya-la-actuacion-modelica-en-el-area-afectada-por-el-vertido-de-aznalcollar\/","title":{"rendered":"Blanco subraya la actuaci\u00f3n \u00abmod\u00e9lica\u00bb en el \u00e1rea afectada por el vertido de Aznalc\u00f3llar"},"content":{"rendered":"<p><img loading=\"lazy\" decoding=\"async\" class=\"alignleft size-medium wp-image-977662\" src=\"https:\/\/www.eldigitaldeasturias.com\/noticias\/wp-content\/uploads\/2018\/04\/1524576504337CorredorVerdeEstandardn-360x212.jpg\" alt=\"\" width=\"360\" height=\"212\" \/>El portavoz del Gobierno andaluz, Juan Carlos Blanco, ha calificado de \u00abmod\u00e9lica\u00bb la actuaci\u00f3n desarrollada para regenerar la zona afectada por el vertido de la mina de Aznalc\u00f3llar (Sevilla), del que se cumplen 20 a\u00f1os el 25 de abril. Tras la reuni\u00f3n semanal del Consejo de Gobierno, Blanco se ha referido a las acciones ejecutadas en esta \u00e1rea, en la que la Junta de Andaluc\u00eda ha invertido m\u00e1s de 163 millones de euros.<\/p>\n<p>El portavoz ha subrayado que, en la actualidad, los trabajos en la zona tras el vertido de la balsa minera de la empresa Boliden Apirsa se exponen \u00abcomo ejemplo\u00bb, hasta el punto de que, cuando se acude a la misma, \u00abno se dice que se va al lugar del vertido, sino al Corredor Verde del Guadiamar\u00bb.<\/p>\n<p>Blanco ha recordado tambi\u00e9n que el Gobierno andaluz sigue reclamando a Boliden un porcentaje \u00abimportante\u00bb de la cuant\u00eda destinada a la zona afectada hace dos d\u00e9cadas, en concreto unos 89 millones de euros, \u00abpara que devuelva una parte del importe que se tuvo que gastar la Junta de Andaluc\u00eda\u00bb.<\/p>\n<p>En paralelo, el portavoz ha defendido el avance en este enclave para recuperar la industria minera y ha a\u00f1adido que la reapertura de la mina de Aznalc\u00f3llar puede suponer una inversi\u00f3n de m\u00e1s de 350 millones de euros y la creaci\u00f3n de m\u00e1s de mil puestos de trabajo.<\/p>\n<p>\u00abNo vamos a hacer una pol\u00edtica de bombo y platillo, pero s\u00ed tenemos que estar muy orgullosos de c\u00f3mo se ha recuperado el Corredor Verde y se ha reactivado la actividad econ\u00f3mica en la zona\u00bb, ha concluido.<\/p>\n<p>Recuperaci\u00f3n<\/p>\n<p>En la madrugada del 25 de abril de 1998 se produjo el peor accidente ecol\u00f3gico de la historia reciente de Andaluc\u00eda, sin precedentes en Espa\u00f1a. La rotura de la balsa de residuos mineros en la explotaci\u00f3n de Boliden Apirsa en Aznalc\u00f3llar provoc\u00f3 el vertido de m\u00e1s de seis millones de metros c\u00fabicos de lodos pir\u00edticos y aguas \u00e1cidas a los r\u00edos Agrio y Guadiamar. Ambos cauces se desbordaron y anegaron las tierras colindantes a lo largo de unos 62 kil\u00f3metros. Las aguas contaminadas fueron retenidas justo antes de que alcanzaran el Parque Nacional de Do\u00f1ana, aunque s\u00ed afectaron a algunas zonas del parque natural ubicado en su periferia.<\/p>\n<p>En 2003 la Junta de Andaluc\u00eda culmin\u00f3 el proceso de recuperaci\u00f3n de la zona con la integraci\u00f3n del Corredor Verde del Guadimar en la Red de Espacios Naturales de Andaluc\u00eda a trav\u00e9s de su declaraci\u00f3n como Paisaje Protegido, el primero bajo esta figura en la comunidad aut\u00f3noma, con una superficie de 2.706,8 hect\u00e1reas repartidas entre los municipios sevillanos de Aznalc\u00e1zar, Benacaz\u00f3n, Hu\u00e9var, Olivares, Sanl\u00facar La Mayor y Villamanrique de la Condesa. A ello se a\u00f1adi\u00f3 en 2015 su inclusi\u00f3n en la Red Natura 2000 como parte de la Zona de Especial Conservaci\u00f3n &#8216;Corredor Ecol\u00f3gico del R\u00edo Guadiamar&#8217;.<\/p>\n","protected":false},"excerpt":{"rendered":"<p>El portavoz del Gobierno andaluz, Juan Carlos Blanco, ha calificado de \u00abmod\u00e9lica\u00bb la actuaci\u00f3n desarrollada para regenerar la zona afectada por el vertido de la mina de Aznalc\u00f3llar (Sevilla), del que se cumplen 20 a\u00f1os el 25 de abril. Tras la reuni\u00f3n semanal del Consejo de Gobierno, Blanco se ha referido a las acciones ejecutadas [&hellip;]<\/p>\n","protected":false},"author":1,"featured_media":977662,"comment_status":"closed","ping_status":"closed","sticky":false,"template":"","format":"standard","meta":{"footnotes":""},"categories":[1],"tags":[],"class_list":["post-977661","post","type-post","status-publish","format-standard","has-post-thumbnail","hentry","category-actualidad"],"aioseo_notices":[],"aioseo_head":"\n\t\t<!-- All in One SEO Pro 5.0.1 - aioseo.com -->\n\t<meta name=\"description\" content=\"El portavoz del Gobierno andaluz, Juan Carlos Blanco, ha calificado de &quot;mod\u00e9lica&quot; la actuaci\u00f3n desarrollada para regenerar la zona afectada por el vertido de la mina de Aznalc\u00f3llar (Sevilla), del que se cumplen 20 a\u00f1os el 25 de abril. Tras la reuni\u00f3n semanal del Consejo de Gobierno, Blanco se ha referido a las acciones ejecutadas\" \/>\n\t<meta name=\"robots\" content=\"max-image-preview:large\" \/>\n\t<meta name=\"author\" content=\"El Digital de Asturias\"\/>\n\t<meta name=\"google-site-verification\" content=\"UA-38556648-1\" \/>\n\t<meta name=\"msvalidate.01\" content=\"7dfe9f3f1b24437ab69f4f2559babe99\" \/>\n\t<meta name=\"keywords\" content=\"actualidad\" \/>\n\t<link rel=\"canonical\" href=\"https:\/\/www.eldigitaldeasturias.com\/noticias\/blanco-subraya-la-actuacion-modelica-en-el-area-afectada-por-el-vertido-de-aznalcollar\/\" \/>\n\t<meta name=\"generator\" content=\"All in One SEO Pro (AIOSEO) 5.0.1\" \/>\n\t\t<meta property=\"og:locale\" content=\"es_ES\" \/>\n\t\t<meta property=\"og:site_name\" content=\"El Digital de Asturias\" \/>\n\t\t<meta property=\"og:type\" content=\"article\" \/>\n\t\t<meta property=\"og:title\" content=\"Blanco subraya la actuaci\u00f3n \u00abmod\u00e9lica\u00bb en el \u00e1rea afectada por el vertido de Aznalc\u00f3llar - El Digital de Asturias\" \/>\n\t\t<meta property=\"og:description\" content=\"El portavoz del Gobierno andaluz, Juan Carlos Blanco, ha calificado de &quot;mod\u00e9lica&quot; la actuaci\u00f3n desarrollada para regenerar la zona afectada por el vertido de la mina de Aznalc\u00f3llar (Sevilla), del que se cumplen 20 a\u00f1os el 25 de abril. Tras la reuni\u00f3n semanal del Consejo de Gobierno, Blanco se ha referido a las acciones ejecutadas\" \/>\n\t\t<meta property=\"og:url\" content=\"https:\/\/www.eldigitaldeasturias.com\/noticias\/blanco-subraya-la-actuacion-modelica-en-el-area-afectada-por-el-vertido-de-aznalcollar\/\" \/>\n\t\t<meta property=\"article:tag\" content=\"actualidad\" \/>\n\t\t<meta property=\"article:published_time\" content=\"2018-04-26T07:45:25+00:00\" \/>\n\t\t<meta property=\"article:modified_time\" content=\"2018-04-26T07:45:25+00:00\" \/>\n\t\t<meta property=\"article:publisher\" content=\"https:\/\/facebook.com\/eldigitaldeasturias\" \/>\n\t\t<meta name=\"twitter:card\" content=\"summary_large_image\" \/>\n\t\t<meta name=\"twitter:title\" content=\"Blanco subraya la actuaci\u00f3n \u00abmod\u00e9lica\u00bb en el \u00e1rea afectada por el vertido de Aznalc\u00f3llar - El Digital de Asturias\" \/>\n\t\t<meta name=\"twitter:description\" content=\"El portavoz del Gobierno andaluz, Juan Carlos Blanco, ha calificado de &quot;mod\u00e9lica&quot; la actuaci\u00f3n desarrollada para regenerar la zona afectada por el vertido de la mina de Aznalc\u00f3llar (Sevilla), del que se cumplen 20 a\u00f1os el 25 de abril. Tras la reuni\u00f3n semanal del Consejo de Gobierno, Blanco se ha referido a las acciones ejecutadas\" \/>\n\t\t<meta name=\"twitter:image\" content=\"https:\/\/www.eldigitaldeasturias.com\/noticias\/wp-content\/uploads\/2020\/12\/EDA-1.jpg\" \/>\n\t\t<meta name=\"twitter:label1\" content=\"Escrito por\" \/>\n\t\t<meta name=\"twitter:data1\" content=\"El Digital de Asturias\" \/>\n\t\t<meta name=\"twitter:label2\" content=\"Tiempo de lectura estimado\" \/>\n\t\t<meta name=\"twitter:data2\" content=\"3 minutos\" \/>\n\t\t<script type=\"application\/ld+json\" class=\"aioseo-schema\">\n\t\t\t{\"@context\":\"https:\\\/\\\/schema.org\",\"@graph\":[{\"@type\":\"BlogPosting\",\"@id\":\"https:\\\/\\\/www.eldigitaldeasturias.com\\\/noticias\\\/blanco-subraya-la-actuacion-modelica-en-el-area-afectada-por-el-vertido-de-aznalcollar\\\/#blogposting\",\"name\":\"Blanco subraya la actuaci\\u00f3n \\u00abmod\\u00e9lica\\u00bb en el \\u00e1rea afectada por el vertido de Aznalc\\u00f3llar - El Digital de Asturias\",\"headline\":\"Blanco subraya la actuaci\\u00f3n \\u00abmod\\u00e9lica\\u00bb en el \\u00e1rea afectada por el vertido de Aznalc\\u00f3llar\",\"author\":{\"@id\":\"https:\\\/\\\/www.eldigitaldeasturias.com\\\/noticias\\\/author\\\/admin\\\/#author\"},\"publisher\":{\"@id\":\"https:\\\/\\\/www.eldigitaldeasturias.com\\\/noticias\\\/#organization\"},\"image\":{\"@type\":\"ImageObject\",\"url\":977662},\"datePublished\":\"2018-04-26T07:45:25+02:00\",\"dateModified\":\"2018-04-26T07:45:25+02:00\",\"inLanguage\":\"es-ES\",\"mainEntityOfPage\":{\"@id\":\"https:\\\/\\\/www.eldigitaldeasturias.com\\\/noticias\\\/blanco-subraya-la-actuacion-modelica-en-el-area-afectada-por-el-vertido-de-aznalcollar\\\/#webpage\"},\"isPartOf\":{\"@id\":\"https:\\\/\\\/www.eldigitaldeasturias.com\\\/noticias\\\/blanco-subraya-la-actuacion-modelica-en-el-area-afectada-por-el-vertido-de-aznalcollar\\\/#webpage\"},\"articleSection\":\"Actualidad\"},{\"@type\":\"BreadcrumbList\",\"@id\":\"https:\\\/\\\/www.eldigitaldeasturias.com\\\/noticias\\\/blanco-subraya-la-actuacion-modelica-en-el-area-afectada-por-el-vertido-de-aznalcollar\\\/#breadcrumblist\",\"itemListElement\":[{\"@type\":\"ListItem\",\"@id\":\"https:\\\/\\\/www.eldigitaldeasturias.com\\\/noticias#listItem\",\"position\":1,\"name\":\"Home\",\"item\":\"https:\\\/\\\/www.eldigitaldeasturias.com\\\/noticias\",\"nextItem\":{\"@type\":\"ListItem\",\"@id\":\"https:\\\/\\\/www.eldigitaldeasturias.com\\\/noticias\\\/category\\\/actualidad\\\/#listItem\",\"name\":\"Actualidad\"}},{\"@type\":\"ListItem\",\"@id\":\"https:\\\/\\\/www.eldigitaldeasturias.com\\\/noticias\\\/category\\\/actualidad\\\/#listItem\",\"position\":2,\"name\":\"Actualidad\",\"item\":\"https:\\\/\\\/www.eldigitaldeasturias.com\\\/noticias\\\/category\\\/actualidad\\\/\",\"nextItem\":{\"@type\":\"ListItem\",\"@id\":\"https:\\\/\\\/www.eldigitaldeasturias.com\\\/noticias\\\/blanco-subraya-la-actuacion-modelica-en-el-area-afectada-por-el-vertido-de-aznalcollar\\\/#listItem\",\"name\":\"Blanco subraya la actuaci\\u00f3n \\u00abmod\\u00e9lica\\u00bb en el \\u00e1rea afectada por el vertido de Aznalc\\u00f3llar\"},\"previousItem\":{\"@type\":\"ListItem\",\"@id\":\"https:\\\/\\\/www.eldigitaldeasturias.com\\\/noticias#listItem\",\"name\":\"Home\"}},{\"@type\":\"ListItem\",\"@id\":\"https:\\\/\\\/www.eldigitaldeasturias.com\\\/noticias\\\/blanco-subraya-la-actuacion-modelica-en-el-area-afectada-por-el-vertido-de-aznalcollar\\\/#listItem\",\"position\":3,\"name\":\"Blanco subraya la actuaci\\u00f3n \\u00abmod\\u00e9lica\\u00bb en el \\u00e1rea afectada por el vertido de Aznalc\\u00f3llar\",\"previousItem\":{\"@type\":\"ListItem\",\"@id\":\"https:\\\/\\\/www.eldigitaldeasturias.com\\\/noticias\\\/category\\\/actualidad\\\/#listItem\",\"name\":\"Actualidad\"}}]},{\"@type\":\"Organization\",\"@id\":\"https:\\\/\\\/www.eldigitaldeasturias.com\\\/noticias\\\/#organization\",\"name\":\"El Digital de Asturias\",\"description\":\"Hemeroteca\",\"url\":\"https:\\\/\\\/www.eldigitaldeasturias.com\\\/noticias\\\/\",\"email\":\"info@eldigitaldeasturias.com\",\"telephone\":\"+34652131393\",\"logo\":{\"@type\":\"ImageObject\",\"url\":\"https:\\\/\\\/www.eldigitaldeasturias.com\\\/noticias\\\/wp-content\\\/uploads\\\/2020\\\/12\\\/EDA.jpg\",\"@id\":\"https:\\\/\\\/www.eldigitaldeasturias.com\\\/noticias\\\/blanco-subraya-la-actuacion-modelica-en-el-area-afectada-por-el-vertido-de-aznalcollar\\\/#organizationLogo\"},\"image\":{\"@id\":\"https:\\\/\\\/www.eldigitaldeasturias.com\\\/noticias\\\/blanco-subraya-la-actuacion-modelica-en-el-area-afectada-por-el-vertido-de-aznalcollar\\\/#organizationLogo\"},\"sameAs\":[\"https:\\\/\\\/facebook.com\\\/eldigitaldeasturias\",\"https:\\\/\\\/www.youtube.com\\\/channel\\\/UCZP-2wLEB9Rv6erhFmqVnvg\"],\"address\":{\"@id\":\"https:\\\/\\\/www.eldigitaldeasturias.com\\\/noticias\\\/#postaladdress\",\"@type\":\"PostalAddress\",\"streetAddress\":\"san antonio 4\",\"postalCode\":\"33430\",\"addressLocality\":\"Cand\\u00e1s\",\"addressRegion\":\"Asturias\",\"addressCountry\":\"ES\"}},{\"@type\":\"Person\",\"@id\":\"https:\\\/\\\/www.eldigitaldeasturias.com\\\/noticias\\\/author\\\/admin\\\/#author\",\"url\":\"https:\\\/\\\/www.eldigitaldeasturias.com\\\/noticias\\\/author\\\/admin\\\/\",\"name\":\"El Digital de Asturias\",\"image\":{\"@type\":\"ImageObject\",\"@id\":\"https:\\\/\\\/www.eldigitaldeasturias.com\\\/noticias\\\/blanco-subraya-la-actuacion-modelica-en-el-area-afectada-por-el-vertido-de-aznalcollar\\\/#authorImage\",\"url\":\"https:\\\/\\\/secure.gravatar.com\\\/avatar\\\/df2aeffc32bcd13f8d26072ef8a91b623d677766deac7f97ca815868cd41bf5e?s=96&d=mm&r=g\",\"width\":96,\"height\":96,\"caption\":\"El Digital de Asturias\"}},{\"@type\":\"WebPage\",\"@id\":\"https:\\\/\\\/www.eldigitaldeasturias.com\\\/noticias\\\/blanco-subraya-la-actuacion-modelica-en-el-area-afectada-por-el-vertido-de-aznalcollar\\\/#webpage\",\"url\":\"https:\\\/\\\/www.eldigitaldeasturias.com\\\/noticias\\\/blanco-subraya-la-actuacion-modelica-en-el-area-afectada-por-el-vertido-de-aznalcollar\\\/\",\"name\":\"Blanco subraya la actuaci\\u00f3n \\u00abmod\\u00e9lica\\u00bb en el \\u00e1rea afectada por el vertido de Aznalc\\u00f3llar - El Digital de Asturias\",\"description\":\"El portavoz del Gobierno andaluz, Juan Carlos Blanco, ha calificado de \\\"mod\\u00e9lica\\\" la actuaci\\u00f3n desarrollada para regenerar la zona afectada por el vertido de la mina de Aznalc\\u00f3llar (Sevilla), del que se cumplen 20 a\\u00f1os el 25 de abril. Tras la reuni\\u00f3n semanal del Consejo de Gobierno, Blanco se ha referido a las acciones ejecutadas\",\"inLanguage\":\"es-ES\",\"isPartOf\":{\"@id\":\"https:\\\/\\\/www.eldigitaldeasturias.com\\\/noticias\\\/#website\"},\"breadcrumb\":{\"@id\":\"https:\\\/\\\/www.eldigitaldeasturias.com\\\/noticias\\\/blanco-subraya-la-actuacion-modelica-en-el-area-afectada-por-el-vertido-de-aznalcollar\\\/#breadcrumblist\"},\"author\":{\"@id\":\"https:\\\/\\\/www.eldigitaldeasturias.com\\\/noticias\\\/author\\\/admin\\\/#author\"},\"creator\":{\"@id\":\"https:\\\/\\\/www.eldigitaldeasturias.com\\\/noticias\\\/author\\\/admin\\\/#author\"},\"image\":{\"@type\":\"ImageObject\",\"url\":977662,\"@id\":\"https:\\\/\\\/www.eldigitaldeasturias.com\\\/noticias\\\/blanco-subraya-la-actuacion-modelica-en-el-area-afectada-por-el-vertido-de-aznalcollar\\\/#mainImage\"},\"primaryImageOfPage\":{\"@id\":\"https:\\\/\\\/www.eldigitaldeasturias.com\\\/noticias\\\/blanco-subraya-la-actuacion-modelica-en-el-area-afectada-por-el-vertido-de-aznalcollar\\\/#mainImage\"},\"datePublished\":\"2018-04-26T07:45:25+02:00\",\"dateModified\":\"2018-04-26T07:45:25+02:00\"},{\"@type\":\"WebSite\",\"@id\":\"https:\\\/\\\/www.eldigitaldeasturias.com\\\/noticias\\\/#website\",\"url\":\"https:\\\/\\\/www.eldigitaldeasturias.com\\\/noticias\\\/\",\"name\":\"El Digital de Asturias - Diario de actualidad y noticias\",\"alternateName\":\"El Digital de Asturias - Diario de actualidad y noticias\",\"description\":\"Hemeroteca\",\"inLanguage\":\"es-ES\",\"publisher\":{\"@id\":\"https:\\\/\\\/www.eldigitaldeasturias.com\\\/noticias\\\/#organization\"}}]}\n\t\t<\/script>\n\t\t<!-- All in One SEO Pro -->\r\n\t\t<title>Blanco subraya la actuaci\u00f3n \u00abmod\u00e9lica\u00bb en el \u00e1rea afectada por el vertido de Aznalc\u00f3llar - El Digital de Asturias<\/title>\n\n","aioseo_head_json":{"title":"Blanco subraya la actuaci\u00f3n \u00abmod\u00e9lica\u00bb en el \u00e1rea afectada por el vertido de Aznalc\u00f3llar - El Digital de Asturias","description":"El portavoz del Gobierno andaluz, Juan Carlos Blanco, ha calificado de \"mod\u00e9lica\" la actuaci\u00f3n desarrollada para regenerar la zona afectada por el vertido de la mina de Aznalc\u00f3llar (Sevilla), del que se cumplen 20 a\u00f1os el 25 de abril. Tras la reuni\u00f3n semanal del Consejo de Gobierno, Blanco se ha referido a las acciones ejecutadas","canonical_url":"https:\/\/www.eldigitaldeasturias.com\/noticias\/blanco-subraya-la-actuacion-modelica-en-el-area-afectada-por-el-vertido-de-aznalcollar\/","robots":"max-image-preview:large","keywords":"actualidad","webmasterTools":{"google-site-verification":"UA-38556648-1","msvalidate.01":"7dfe9f3f1b24437ab69f4f2559babe99","miscellaneous":""},"schema":{"@context":"https:\/\/schema.org","@graph":[{"@type":"BlogPosting","@id":"https:\/\/www.eldigitaldeasturias.com\/noticias\/blanco-subraya-la-actuacion-modelica-en-el-area-afectada-por-el-vertido-de-aznalcollar\/#blogposting","name":"Blanco subraya la actuaci\u00f3n \u00abmod\u00e9lica\u00bb en el \u00e1rea afectada por el vertido de Aznalc\u00f3llar - El Digital de Asturias","headline":"Blanco subraya la actuaci\u00f3n \u00abmod\u00e9lica\u00bb en el \u00e1rea afectada por el vertido de Aznalc\u00f3llar","author":{"@id":"https:\/\/www.eldigitaldeasturias.com\/noticias\/author\/admin\/#author"},"publisher":{"@id":"https:\/\/www.eldigitaldeasturias.com\/noticias\/#organization"},"image":{"@type":"ImageObject","url":977662},"datePublished":"2018-04-26T07:45:25+02:00","dateModified":"2018-04-26T07:45:25+02:00","inLanguage":"es-ES","mainEntityOfPage":{"@id":"https:\/\/www.eldigitaldeasturias.com\/noticias\/blanco-subraya-la-actuacion-modelica-en-el-area-afectada-por-el-vertido-de-aznalcollar\/#webpage"},"isPartOf":{"@id":"https:\/\/www.eldigitaldeasturias.com\/noticias\/blanco-subraya-la-actuacion-modelica-en-el-area-afectada-por-el-vertido-de-aznalcollar\/#webpage"},"articleSection":"Actualidad"},{"@type":"BreadcrumbList","@id":"https:\/\/www.eldigitaldeasturias.com\/noticias\/blanco-subraya-la-actuacion-modelica-en-el-area-afectada-por-el-vertido-de-aznalcollar\/#breadcrumblist","itemListElement":[{"@type":"ListItem","@id":"https:\/\/www.eldigitaldeasturias.com\/noticias#listItem","position":1,"name":"Home","item":"https:\/\/www.eldigitaldeasturias.com\/noticias","nextItem":{"@type":"ListItem","@id":"https:\/\/www.eldigitaldeasturias.com\/noticias\/category\/actualidad\/#listItem","name":"Actualidad"}},{"@type":"ListItem","@id":"https:\/\/www.eldigitaldeasturias.com\/noticias\/category\/actualidad\/#listItem","position":2,"name":"Actualidad","item":"https:\/\/www.eldigitaldeasturias.com\/noticias\/category\/actualidad\/","nextItem":{"@type":"ListItem","@id":"https:\/\/www.eldigitaldeasturias.com\/noticias\/blanco-subraya-la-actuacion-modelica-en-el-area-afectada-por-el-vertido-de-aznalcollar\/#listItem","name":"Blanco subraya la actuaci\u00f3n \u00abmod\u00e9lica\u00bb en el \u00e1rea afectada por el vertido de Aznalc\u00f3llar"},"previousItem":{"@type":"ListItem","@id":"https:\/\/www.eldigitaldeasturias.com\/noticias#listItem","name":"Home"}},{"@type":"ListItem","@id":"https:\/\/www.eldigitaldeasturias.com\/noticias\/blanco-subraya-la-actuacion-modelica-en-el-area-afectada-por-el-vertido-de-aznalcollar\/#listItem","position":3,"name":"Blanco subraya la actuaci\u00f3n \u00abmod\u00e9lica\u00bb en el \u00e1rea afectada por el vertido de Aznalc\u00f3llar","previousItem":{"@type":"ListItem","@id":"https:\/\/www.eldigitaldeasturias.com\/noticias\/category\/actualidad\/#listItem","name":"Actualidad"}}]},{"@type":"Organization","@id":"https:\/\/www.eldigitaldeasturias.com\/noticias\/#organization","name":"El Digital de Asturias","description":"Hemeroteca","url":"https:\/\/www.eldigitaldeasturias.com\/noticias\/","email":"info@eldigitaldeasturias.com","telephone":"+34652131393","logo":{"@type":"ImageObject","url":"https:\/\/www.eldigitaldeasturias.com\/noticias\/wp-content\/uploads\/2020\/12\/EDA.jpg","@id":"https:\/\/www.eldigitaldeasturias.com\/noticias\/blanco-subraya-la-actuacion-modelica-en-el-area-afectada-por-el-vertido-de-aznalcollar\/#organizationLogo"},"image":{"@id":"https:\/\/www.eldigitaldeasturias.com\/noticias\/blanco-subraya-la-actuacion-modelica-en-el-area-afectada-por-el-vertido-de-aznalcollar\/#organizationLogo"},"sameAs":["https:\/\/facebook.com\/eldigitaldeasturias","https:\/\/www.youtube.com\/channel\/UCZP-2wLEB9Rv6erhFmqVnvg"],"address":{"@id":"https:\/\/www.eldigitaldeasturias.com\/noticias\/#postaladdress","@type":"PostalAddress","streetAddress":"san antonio 4","postalCode":"33430","addressLocality":"Cand\u00e1s","addressRegion":"Asturias","addressCountry":"ES"}},{"@type":"Person","@id":"https:\/\/www.eldigitaldeasturias.com\/noticias\/author\/admin\/#author","url":"https:\/\/www.eldigitaldeasturias.com\/noticias\/author\/admin\/","name":"El Digital de Asturias","image":{"@type":"ImageObject","@id":"https:\/\/www.eldigitaldeasturias.com\/noticias\/blanco-subraya-la-actuacion-modelica-en-el-area-afectada-por-el-vertido-de-aznalcollar\/#authorImage","url":"https:\/\/secure.gravatar.com\/avatar\/df2aeffc32bcd13f8d26072ef8a91b623d677766deac7f97ca815868cd41bf5e?s=96&d=mm&r=g","width":96,"height":96,"caption":"El Digital de Asturias"}},{"@type":"WebPage","@id":"https:\/\/www.eldigitaldeasturias.com\/noticias\/blanco-subraya-la-actuacion-modelica-en-el-area-afectada-por-el-vertido-de-aznalcollar\/#webpage","url":"https:\/\/www.eldigitaldeasturias.com\/noticias\/blanco-subraya-la-actuacion-modelica-en-el-area-afectada-por-el-vertido-de-aznalcollar\/","name":"Blanco subraya la actuaci\u00f3n \u00abmod\u00e9lica\u00bb en el \u00e1rea afectada por el vertido de Aznalc\u00f3llar - El Digital de Asturias","description":"El portavoz del Gobierno andaluz, Juan Carlos Blanco, ha calificado de \"mod\u00e9lica\" la actuaci\u00f3n desarrollada para regenerar la zona afectada por el vertido de la mina de Aznalc\u00f3llar (Sevilla), del que se cumplen 20 a\u00f1os el 25 de abril. Tras la reuni\u00f3n semanal del Consejo de Gobierno, Blanco se ha referido a las acciones ejecutadas","inLanguage":"es-ES","isPartOf":{"@id":"https:\/\/www.eldigitaldeasturias.com\/noticias\/#website"},"breadcrumb":{"@id":"https:\/\/www.eldigitaldeasturias.com\/noticias\/blanco-subraya-la-actuacion-modelica-en-el-area-afectada-por-el-vertido-de-aznalcollar\/#breadcrumblist"},"author":{"@id":"https:\/\/www.eldigitaldeasturias.com\/noticias\/author\/admin\/#author"},"creator":{"@id":"https:\/\/www.eldigitaldeasturias.com\/noticias\/author\/admin\/#author"},"image":{"@type":"ImageObject","url":977662,"@id":"https:\/\/www.eldigitaldeasturias.com\/noticias\/blanco-subraya-la-actuacion-modelica-en-el-area-afectada-por-el-vertido-de-aznalcollar\/#mainImage"},"primaryImageOfPage":{"@id":"https:\/\/www.eldigitaldeasturias.com\/noticias\/blanco-subraya-la-actuacion-modelica-en-el-area-afectada-por-el-vertido-de-aznalcollar\/#mainImage"},"datePublished":"2018-04-26T07:45:25+02:00","dateModified":"2018-04-26T07:45:25+02:00"},{"@type":"WebSite","@id":"https:\/\/www.eldigitaldeasturias.com\/noticias\/#website","url":"https:\/\/www.eldigitaldeasturias.com\/noticias\/","name":"El Digital de Asturias - Diario de actualidad y noticias","alternateName":"El Digital de Asturias - Diario de actualidad y noticias","description":"Hemeroteca","inLanguage":"es-ES","publisher":{"@id":"https:\/\/www.eldigitaldeasturias.com\/noticias\/#organization"}}]},"og:locale":"es_ES","og:site_name":"El Digital de Asturias","og:type":"article","og:title":"Blanco subraya la actuaci\u00f3n \u00abmod\u00e9lica\u00bb en el \u00e1rea afectada por el vertido de Aznalc\u00f3llar - El Digital de Asturias","og:description":"El portavoz del Gobierno andaluz, Juan Carlos Blanco, ha calificado de &quot;mod\u00e9lica&quot; la actuaci\u00f3n desarrollada para regenerar la zona afectada por el vertido de la mina de Aznalc\u00f3llar (Sevilla), del que se cumplen 20 a\u00f1os el 25 de abril. Tras la reuni\u00f3n semanal del Consejo de Gobierno, Blanco se ha referido a las acciones ejecutadas","og:url":"https:\/\/www.eldigitaldeasturias.com\/noticias\/blanco-subraya-la-actuacion-modelica-en-el-area-afectada-por-el-vertido-de-aznalcollar\/","article:tag":["actualidad"],"article:published_time":"2018-04-26T07:45:25+00:00","article:modified_time":"2018-04-26T07:45:25+00:00","article:publisher":"https:\/\/facebook.com\/eldigitaldeasturias","twitter:card":"summary_large_image","twitter:title":"Blanco subraya la actuaci\u00f3n \u00abmod\u00e9lica\u00bb en el \u00e1rea afectada por el vertido de Aznalc\u00f3llar - El Digital de Asturias","twitter:description":"El portavoz del Gobierno andaluz, Juan Carlos Blanco, ha calificado de &quot;mod\u00e9lica&quot; la actuaci\u00f3n desarrollada para regenerar la zona afectada por el vertido de la mina de Aznalc\u00f3llar (Sevilla), del que se cumplen 20 a\u00f1os el 25 de abril. Tras la reuni\u00f3n semanal del Consejo de Gobierno, Blanco se ha referido a las acciones ejecutadas","twitter:image":"https:\/\/www.eldigitaldeasturias.com\/noticias\/wp-content\/uploads\/2020\/12\/EDA-1.jpg","twitter:label1":"Escrito por","twitter:data1":"El Digital de Asturias","twitter:label2":"Tiempo de lectura estimado","twitter:data2":"3 minutos"},"aioseo_meta_data":{"post_id":"977661","title":null,"description":null,"keywords":null,"keyphrases":null,"primary_term":null,"canonical_url":null,"og_title":null,"og_description":null,"og_object_type":"default","og_image_type":"default","og_image_url":null,"og_image_width":null,"og_image_height":null,"og_image_custom_url":null,"og_image_custom_fields":null,"og_video":null,"og_custom_url":null,"og_article_section":null,"og_article_tags":null,"twitter_use_og":false,"twitter_card":"default","twitter_image_type":"default","twitter_image_url":null,"twitter_image_custom_url":null,"twitter_image_custom_fields":null,"twitter_title":null,"twitter_description":null,"schema":{"blockGraphs":[],"customGraphs":[],"default":{"data":{"Article":[],"Course":[],"Dataset":[],"FAQPage":[],"Movie":[],"Person":[],"Product":[],"ProductReview":[],"Car":[],"Recipe":[],"Service":[],"SoftwareApplication":[],"WebPage":[]},"graphName":"","isEnabled":true},"graphs":[],"defaultGraph":"","defaultPostTypeGraph":""},"schema_type":null,"schema_type_options":null,"pillar_content":false,"robots_default":true,"robots_noindex":false,"robots_noarchive":false,"robots_nosnippet":false,"robots_nofollow":false,"robots_noimageindex":false,"robots_noodp":false,"robots_notranslate":false,"robots_max_snippet":null,"robots_max_videopreview":null,"robots_max_imagepreview":"large","priority":null,"frequency":null,"local_seo":null,"seo_analyzer_scan_date":"2025-10-08 08:06:43","breadcrumb_settings":null,"limit_modified_date":false,"open_ai":null,"ai":null,"created":"2020-12-21 12:04:37","updated":"2025-10-08 08:06:43","focus_keyword":null,"additional_keywords":null,"truseo_locale":null},"aioseo_breadcrumb":"<div class=\"aioseo-breadcrumbs\"><span class=\"aioseo-breadcrumb\">\n\t<a href=\"https:\/\/www.eldigitaldeasturias.com\/noticias\" title=\"Home\">Home<\/a>\n<\/span><span class=\"aioseo-breadcrumb-separator\">\u2013<\/span><span class=\"aioseo-breadcrumb\">\n\t<a href=\"https:\/\/www.eldigitaldeasturias.com\/noticias\/category\/actualidad\/\" title=\"Actualidad\">Actualidad<\/a>\n<\/span><span class=\"aioseo-breadcrumb-separator\">\u2013<\/span><span class=\"aioseo-breadcrumb\">\n\t<a href=\"https:\/\/www.eldigitaldeasturias.com\/noticias\/blanco-subraya-la-actuacion-modelica-en-el-area-afectada-por-el-vertido-de-aznalcollar\/\" title=\"Blanco subraya la actuaci\u00f3n \u00abmod\u00e9lica\u00bb en el \u00e1rea afectada por el vertido de Aznalc\u00f3llar\">Blanco subraya la actuaci\u00f3n \u00abmod\u00e9lica\u00bb en el \u00e1rea afectada por el vertido de Aznalc\u00f3llar<\/a>\n<\/span><\/div>","aioseo_breadcrumb_json":[{"label":"Home","link":"https:\/\/www.eldigitaldeasturias.com\/noticias"},{"label":"Actualidad","link":"https:\/\/www.eldigitaldeasturias.com\/noticias\/category\/actualidad\/"},{"label":"Blanco subraya la actuaci\u00f3n \u00abmod\u00e9lica\u00bb en el \u00e1rea afectada por el vertido de Aznalc\u00f3llar","link":"https:\/\/www.eldigitaldeasturias.com\/noticias\/blanco-subraya-la-actuacion-modelica-en-el-area-afectada-por-el-vertido-de-aznalcollar\/"}],"_links":{"self":[{"href":"https:\/\/www.eldigitaldeasturias.com\/noticias\/wp-json\/wp\/v2\/posts\/977661","targetHints":{"allow":["GET"]}}],"collection":[{"href":"https:\/\/www.eldigitaldeasturias.com\/noticias\/wp-json\/wp\/v2\/posts"}],"about":[{"href":"https:\/\/www.eldigitaldeasturias.com\/noticias\/wp-json\/wp\/v2\/types\/post"}],"author":[{"embeddable":true,"href":"https:\/\/www.eldigitaldeasturias.com\/noticias\/wp-json\/wp\/v2\/users\/1"}],"replies":[{"embeddable":true,"href":"https:\/\/www.eldigitaldeasturias.com\/noticias\/wp-json\/wp\/v2\/comments?post=977661"}],"version-history":[{"count":0,"href":"https:\/\/www.eldigitaldeasturias.com\/noticias\/wp-json\/wp\/v2\/posts\/977661\/revisions"}],"wp:attachment":[{"href":"https:\/\/www.eldigitaldeasturias.com\/noticias\/wp-json\/wp\/v2\/media?parent=977661"}],"wp:term":[{"taxonomy":"category","embeddable":true,"href":"https:\/\/www.eldigitaldeasturias.com\/noticias\/wp-json\/wp\/v2\/categories?post=977661"},{"taxonomy":"post_tag","embeddable":true,"href":"https:\/\/www.eldigitaldeasturias.com\/noticias\/wp-json\/wp\/v2\/tags?post=977661"}],"curies":[{"name":"wp","href":"https:\/\/api.w.org\/{rel}","templated":true}]}}