{"id":977627,"date":"2018-04-25T23:28:53","date_gmt":"2018-04-25T23:28:53","guid":{"rendered":"http:\/\/www.eldigitaldeasturias.com\/noticias\/?p=977627"},"modified":"2018-04-25T23:28:53","modified_gmt":"2018-04-25T23:28:53","slug":"macron-trabajemos-juntos-para-hacer-de-nuevo-grande-a-nuestro-planeta","status":"publish","type":"post","link":"https:\/\/www.eldigitaldeasturias.com\/noticias\/macron-trabajemos-juntos-para-hacer-de-nuevo-grande-a-nuestro-planeta\/","title":{"rendered":"Macron: \u00abTrabajemos juntos para hacer de nuevo grande a nuestro planeta\u00bb"},"content":{"rendered":"<p><img loading=\"lazy\" decoding=\"async\" class=\"alignleft size-medium wp-image-977628\" src=\"https:\/\/www.eldigitaldeasturias.com\/noticias\/wp-content\/uploads\/2018\/04\/capitol-720677_960_720-360x288.jpg\" alt=\"\" width=\"360\" height=\"288\" \/>Washington, 25 abr (dpa) &#8211; El presidente de Francia, Emmanuel Macron, se distanci\u00f3 hoy ante el Congreso de Estados Unidos de las pol\u00edticas de Donald Trump con un fuerte respaldo al multilateralismo para la soluci\u00f3n de los problemas y advirti\u00f3: \u00abCerrarle la puerta al mundo no detendr\u00e1 la evoluci\u00f3n del mundo\u00bb.<\/p>\n<p>El mandatario dijo hoy ante las dos c\u00e1maras del Congreso en Washington que se est\u00e1 viviendo un momento cr\u00edtico de la historia, por lo que urge apoyar, como comunidad global, a organizaciones internacionales como Naciones Unidas o la Organizaci\u00f3n para el Tratado del Atl\u00e1ntico Norte (OTAN).<\/p>\n<p>\u00abNos podemos decidir para el aislacionismo, el repliegue y el nacionalismo. Esto puede ser tentador como medio pasajero contra nuestros miedos\u00bb, se\u00f1al\u00f3 Macron, quien advirti\u00f3 que si bien se puede apelar a la ira y al miedo por un tiempo, a la larga no se logra nada con ellos.<\/p>\n<p>De acuerdo con el mandatario galo, las \u00fanicas respuestas a los problemas del mundo son la colaboraci\u00f3n \u00aby un fuerte multilateralismo\u00bb. A\u00f1adi\u00f3 que s\u00f3lo sobre esta base se puede crear el orden mundial del siglo XXI.<\/p>\n<p>El mandatario -que habl\u00f3 en ingl\u00e9s y fue aplaudido de pie por algunos congresistas en varios tramos de su discurso, especialmente por los dem\u00f3cratas cuando parec\u00eda criticar a Trump- habl\u00f3 tambi\u00e9n en contra de la desigualdad, la ignorancia y el cinismo y dijo que no compart\u00eda el entusiasmo por los l\u00edderes autoritarios.<\/p>\n<p>\u00abNosotros, los que fuimos elegidos, debemos mostrar que la democracia es la mejor respuesta a las preguntas y dudas que surgen hoy en d\u00eda\u00bb, dijo. Sin embargo, en un gesto a Trump, que habla permanentemente de las \u00abfake news\u00bb o noticias falsas, afirm\u00f3: \u00abPara proteger nuestras democracias debemos luchar contra el virus cada vez m\u00e1s extendido de las noticias falsas\u00bb.<\/p>\n<p>Adem\u00e1s, Macron reiter\u00f3 su pedido a Trump de no salirse de forma precipitada del acuerdo nuclear con Ir\u00e1n.<\/p>\n<p>\u00abIr\u00e1n nunca deber\u00e1 poseer armas nucleares, ni ahora ni en cinco a\u00f1os, ni en diez\u00bb, dijo en el tercer d\u00eda de su visita de Estado. \u00abNunca\u00bb, a\u00f1adi\u00f3, y afirm\u00f3 que Estados Unidos, Francia y sus aliados tienen un \u00abclaro objetivo\u00bb con Teher\u00e1n.<\/p>\n<p>Sin embargo, insisti\u00f3 en que la oposici\u00f3n a las ambiciones nucleares iran\u00edes no debe conducir a una guerra en Cercano Oriente. \u00abPor un lado, no seamos ingenuos. Por el otro, no creemos nuevas guerras\u00bb, apunt\u00f3, y se\u00f1al\u00f3 que la soberan\u00eda de los pa\u00edses en la regi\u00f3n debe ser respetada, incluyendo la de Ir\u00e1n.<\/p>\n<p>Adem\u00e1s, se\u00f1al\u00f3, hay un acuerdo marco existente para contolar las actividades nucleares de Teher\u00e1n. Si bien no se trata de un acuerdo perfecto, opin\u00f3 que no se puede renunciar a \u00e9l sin tener algo que lo reemplace. Macron subray\u00f3 adem\u00e1s su intenci\u00f3n de reglamentar en un nuevo acuerdo un concepto general para las relaciones con Ir\u00e1n.<\/p>\n<p>Hasta el 12 de mayo el mandatario estadounidense deber\u00e1 decidir si sigue aplazando sanciones contra Ir\u00e1n. Esta decisi\u00f3n determinar\u00e1 en el fondo si Estados Unidos se mantiene o se baja del acuerdo.<\/p>\n<p>En cuanto a la amenaza de posibles conflictos comerciales y aranceles punitivos por parte de Estados Unidos, el mandatario galo se\u00f1al\u00f3: \u00abNecesitamos un comercio libre y justo, eso es seguro\u00bb. Con \u00e9nfasis, se pronunci\u00f3 en contra de las guerras comerciales y dijo que \u00e9stas no s\u00f3lo destruyen puestos de trabajo, sino que tampoco son una respuesta adecuada.<\/p>\n<p>Por otra parte, Macron, que hab\u00eda llegado a Washington el lunes y finaliza hoy su visita, reconoci\u00f3 las diferencias con Trump en pol\u00edtica medioambiental -\u00abcomo en todas las familias\u00bb, a\u00f1adi\u00f3- pero dijo que deb\u00edan seguir trabajando juntos para proteger el medio ambiente. \u00abAfront\u00e9moslo. No hay un planeta B\u00bb, se\u00f1al\u00f3.<\/p>\n<p>Aunque Trump retir\u00f3 a Estados Unidos del Acuerdo de Par\u00eds contra el cambio clim\u00e1tico, Macron dijo en la sesi\u00f3n conjunta: \u00abEstoy seguro de que un d\u00eda Estados Unidos volver\u00e1 y se unir\u00e1 al Acuerdo de Par\u00eds\u00bb.<\/p>\n<p>Macron adopt\u00f3 parte de la ret\u00f3rica de Trump para hacer un llamamiento a la acci\u00f3n contra los problemas medioambientales: \u00abTrabajemos juntos para hacer de nuevo grande a nuestro planeta\u00bb.<\/p>\n<p>El l\u00edder franc\u00e9s, el octavo presidente galo en dar un discurso ante el Congreso de Estados Unidos, abog\u00f3 por eso por \u00abuna transici\u00f3n suave hacia una econom\u00eda baja en carbono\u00bb.<\/p>\n<p>Macron hab\u00eda comenzado su discurso de forma m\u00e1s amigable, recordando la historia en com\u00fan entre Francia y Estados Unidos, unidas en varios frentes militares. Los dos pa\u00edses sufrieron fuertes p\u00e9rdidas debido a sus valores y su \u00abgusto por la libertad\u00bb, concedi\u00f3 el galo. \u00abPor eso estamos juntos en Siria, para luchar juntos contra los terroristas que quieren destruir todo lo que defendemos\u00bb.<\/p>\n<p><i class=\"lang-es\"><span class=\" readonly\" title=\"\">Por Martin Bialecki y Maren Hennemuth (dpa)<\/span><\/i><\/p>\n","protected":false},"excerpt":{"rendered":"<p>Washington, 25 abr (dpa) &#8211; El presidente de Francia, Emmanuel Macron, se distanci\u00f3 hoy ante el Congreso de Estados Unidos de las pol\u00edticas de Donald Trump con un fuerte respaldo al multilateralismo para la soluci\u00f3n de los problemas y advirti\u00f3: \u00abCerrarle la puerta al mundo no detendr\u00e1 la evoluci\u00f3n del mundo\u00bb. El mandatario dijo hoy [&hellip;]<\/p>\n","protected":false},"author":1,"featured_media":977628,"comment_status":"closed","ping_status":"closed","sticky":false,"template":"","format":"standard","meta":{"footnotes":""},"categories":[1],"tags":[],"class_list":["post-977627","post","type-post","status-publish","format-standard","has-post-thumbnail","hentry","category-actualidad"],"aioseo_notices":[],"aioseo_head":"\n\t\t<!-- All in One SEO Pro 5.0.1 - aioseo.com -->\n\t<meta name=\"description\" content=\"Washington, 25 abr (dpa) - El presidente de Francia, Emmanuel Macron, se distanci\u00f3 hoy ante el Congreso de Estados Unidos de las pol\u00edticas de Donald Trump con un fuerte respaldo al multilateralismo para la soluci\u00f3n de los problemas y advirti\u00f3: &quot;Cerrarle la puerta al mundo no detendr\u00e1 la evoluci\u00f3n del mundo&quot;. El mandatario dijo hoy\" \/>\n\t<meta name=\"robots\" content=\"max-image-preview:large\" \/>\n\t<meta name=\"author\" content=\"El Digital de Asturias\"\/>\n\t<meta name=\"google-site-verification\" content=\"UA-38556648-1\" \/>\n\t<meta name=\"msvalidate.01\" content=\"7dfe9f3f1b24437ab69f4f2559babe99\" \/>\n\t<meta name=\"keywords\" content=\"actualidad\" \/>\n\t<link rel=\"canonical\" href=\"https:\/\/www.eldigitaldeasturias.com\/noticias\/macron-trabajemos-juntos-para-hacer-de-nuevo-grande-a-nuestro-planeta\/\" \/>\n\t<meta name=\"generator\" content=\"All in One SEO Pro (AIOSEO) 5.0.1\" \/>\n\t\t<meta property=\"og:locale\" content=\"es_ES\" \/>\n\t\t<meta property=\"og:site_name\" content=\"El Digital de Asturias\" \/>\n\t\t<meta property=\"og:type\" content=\"article\" \/>\n\t\t<meta property=\"og:title\" content=\"Macron: \u00abTrabajemos juntos para hacer de nuevo grande a nuestro planeta\u00bb - El Digital de Asturias\" \/>\n\t\t<meta property=\"og:description\" content=\"Washington, 25 abr (dpa) - El presidente de Francia, Emmanuel Macron, se distanci\u00f3 hoy ante el Congreso de Estados Unidos de las pol\u00edticas de Donald Trump con un fuerte respaldo al multilateralismo para la soluci\u00f3n de los problemas y advirti\u00f3: &quot;Cerrarle la puerta al mundo no detendr\u00e1 la evoluci\u00f3n del mundo&quot;. El mandatario dijo hoy\" \/>\n\t\t<meta property=\"og:url\" content=\"https:\/\/www.eldigitaldeasturias.com\/noticias\/macron-trabajemos-juntos-para-hacer-de-nuevo-grande-a-nuestro-planeta\/\" \/>\n\t\t<meta property=\"article:tag\" content=\"actualidad\" \/>\n\t\t<meta property=\"article:published_time\" content=\"2018-04-25T23:28:53+00:00\" \/>\n\t\t<meta property=\"article:modified_time\" content=\"2018-04-25T23:28:53+00:00\" \/>\n\t\t<meta property=\"article:publisher\" content=\"https:\/\/facebook.com\/eldigitaldeasturias\" \/>\n\t\t<meta name=\"twitter:card\" content=\"summary_large_image\" \/>\n\t\t<meta name=\"twitter:title\" content=\"Macron: \u00abTrabajemos juntos para hacer de nuevo grande a nuestro planeta\u00bb - El Digital de Asturias\" \/>\n\t\t<meta name=\"twitter:description\" content=\"Washington, 25 abr (dpa) - El presidente de Francia, Emmanuel Macron, se distanci\u00f3 hoy ante el Congreso de Estados Unidos de las pol\u00edticas de Donald Trump con un fuerte respaldo al multilateralismo para la soluci\u00f3n de los problemas y advirti\u00f3: &quot;Cerrarle la puerta al mundo no detendr\u00e1 la evoluci\u00f3n del mundo&quot;. El mandatario dijo hoy\" \/>\n\t\t<meta name=\"twitter:image\" content=\"https:\/\/www.eldigitaldeasturias.com\/noticias\/wp-content\/uploads\/2020\/12\/EDA-1.jpg\" \/>\n\t\t<meta name=\"twitter:label1\" content=\"Escrito por\" \/>\n\t\t<meta name=\"twitter:data1\" content=\"El Digital de Asturias\" \/>\n\t\t<meta name=\"twitter:label2\" content=\"Tiempo de lectura estimado\" \/>\n\t\t<meta name=\"twitter:data2\" content=\"4 minutos\" \/>\n\t\t<script type=\"application\/ld+json\" class=\"aioseo-schema\">\n\t\t\t{\"@context\":\"https:\\\/\\\/schema.org\",\"@graph\":[{\"@type\":\"BlogPosting\",\"@id\":\"https:\\\/\\\/www.eldigitaldeasturias.com\\\/noticias\\\/macron-trabajemos-juntos-para-hacer-de-nuevo-grande-a-nuestro-planeta\\\/#blogposting\",\"name\":\"Macron: \\u00abTrabajemos juntos para hacer de nuevo grande a nuestro planeta\\u00bb - El Digital de Asturias\",\"headline\":\"Macron: \\u00abTrabajemos juntos para hacer de nuevo grande a nuestro planeta\\u00bb\",\"author\":{\"@id\":\"https:\\\/\\\/www.eldigitaldeasturias.com\\\/noticias\\\/author\\\/admin\\\/#author\"},\"publisher\":{\"@id\":\"https:\\\/\\\/www.eldigitaldeasturias.com\\\/noticias\\\/#organization\"},\"image\":{\"@type\":\"ImageObject\",\"url\":977628},\"datePublished\":\"2018-04-25T23:28:53+02:00\",\"dateModified\":\"2018-04-25T23:28:53+02:00\",\"inLanguage\":\"es-ES\",\"mainEntityOfPage\":{\"@id\":\"https:\\\/\\\/www.eldigitaldeasturias.com\\\/noticias\\\/macron-trabajemos-juntos-para-hacer-de-nuevo-grande-a-nuestro-planeta\\\/#webpage\"},\"isPartOf\":{\"@id\":\"https:\\\/\\\/www.eldigitaldeasturias.com\\\/noticias\\\/macron-trabajemos-juntos-para-hacer-de-nuevo-grande-a-nuestro-planeta\\\/#webpage\"},\"articleSection\":\"Actualidad\"},{\"@type\":\"BreadcrumbList\",\"@id\":\"https:\\\/\\\/www.eldigitaldeasturias.com\\\/noticias\\\/macron-trabajemos-juntos-para-hacer-de-nuevo-grande-a-nuestro-planeta\\\/#breadcrumblist\",\"itemListElement\":[{\"@type\":\"ListItem\",\"@id\":\"https:\\\/\\\/www.eldigitaldeasturias.com\\\/noticias#listItem\",\"position\":1,\"name\":\"Home\",\"item\":\"https:\\\/\\\/www.eldigitaldeasturias.com\\\/noticias\",\"nextItem\":{\"@type\":\"ListItem\",\"@id\":\"https:\\\/\\\/www.eldigitaldeasturias.com\\\/noticias\\\/category\\\/actualidad\\\/#listItem\",\"name\":\"Actualidad\"}},{\"@type\":\"ListItem\",\"@id\":\"https:\\\/\\\/www.eldigitaldeasturias.com\\\/noticias\\\/category\\\/actualidad\\\/#listItem\",\"position\":2,\"name\":\"Actualidad\",\"item\":\"https:\\\/\\\/www.eldigitaldeasturias.com\\\/noticias\\\/category\\\/actualidad\\\/\",\"nextItem\":{\"@type\":\"ListItem\",\"@id\":\"https:\\\/\\\/www.eldigitaldeasturias.com\\\/noticias\\\/macron-trabajemos-juntos-para-hacer-de-nuevo-grande-a-nuestro-planeta\\\/#listItem\",\"name\":\"Macron: \\u00abTrabajemos juntos para hacer de nuevo grande a nuestro planeta\\u00bb\"},\"previousItem\":{\"@type\":\"ListItem\",\"@id\":\"https:\\\/\\\/www.eldigitaldeasturias.com\\\/noticias#listItem\",\"name\":\"Home\"}},{\"@type\":\"ListItem\",\"@id\":\"https:\\\/\\\/www.eldigitaldeasturias.com\\\/noticias\\\/macron-trabajemos-juntos-para-hacer-de-nuevo-grande-a-nuestro-planeta\\\/#listItem\",\"position\":3,\"name\":\"Macron: \\u00abTrabajemos juntos para hacer de nuevo grande a nuestro planeta\\u00bb\",\"previousItem\":{\"@type\":\"ListItem\",\"@id\":\"https:\\\/\\\/www.eldigitaldeasturias.com\\\/noticias\\\/category\\\/actualidad\\\/#listItem\",\"name\":\"Actualidad\"}}]},{\"@type\":\"Organization\",\"@id\":\"https:\\\/\\\/www.eldigitaldeasturias.com\\\/noticias\\\/#organization\",\"name\":\"El Digital de Asturias\",\"description\":\"Hemeroteca\",\"url\":\"https:\\\/\\\/www.eldigitaldeasturias.com\\\/noticias\\\/\",\"email\":\"info@eldigitaldeasturias.com\",\"telephone\":\"+34652131393\",\"logo\":{\"@type\":\"ImageObject\",\"url\":\"https:\\\/\\\/www.eldigitaldeasturias.com\\\/noticias\\\/wp-content\\\/uploads\\\/2020\\\/12\\\/EDA.jpg\",\"@id\":\"https:\\\/\\\/www.eldigitaldeasturias.com\\\/noticias\\\/macron-trabajemos-juntos-para-hacer-de-nuevo-grande-a-nuestro-planeta\\\/#organizationLogo\"},\"image\":{\"@id\":\"https:\\\/\\\/www.eldigitaldeasturias.com\\\/noticias\\\/macron-trabajemos-juntos-para-hacer-de-nuevo-grande-a-nuestro-planeta\\\/#organizationLogo\"},\"sameAs\":[\"https:\\\/\\\/facebook.com\\\/eldigitaldeasturias\",\"https:\\\/\\\/www.youtube.com\\\/channel\\\/UCZP-2wLEB9Rv6erhFmqVnvg\"],\"address\":{\"@id\":\"https:\\\/\\\/www.eldigitaldeasturias.com\\\/noticias\\\/#postaladdress\",\"@type\":\"PostalAddress\",\"streetAddress\":\"san antonio 4\",\"postalCode\":\"33430\",\"addressLocality\":\"Cand\\u00e1s\",\"addressRegion\":\"Asturias\",\"addressCountry\":\"ES\"}},{\"@type\":\"Person\",\"@id\":\"https:\\\/\\\/www.eldigitaldeasturias.com\\\/noticias\\\/author\\\/admin\\\/#author\",\"url\":\"https:\\\/\\\/www.eldigitaldeasturias.com\\\/noticias\\\/author\\\/admin\\\/\",\"name\":\"El Digital de Asturias\",\"image\":{\"@type\":\"ImageObject\",\"@id\":\"https:\\\/\\\/www.eldigitaldeasturias.com\\\/noticias\\\/macron-trabajemos-juntos-para-hacer-de-nuevo-grande-a-nuestro-planeta\\\/#authorImage\",\"url\":\"https:\\\/\\\/secure.gravatar.com\\\/avatar\\\/df2aeffc32bcd13f8d26072ef8a91b623d677766deac7f97ca815868cd41bf5e?s=96&d=mm&r=g\",\"width\":96,\"height\":96,\"caption\":\"El Digital de Asturias\"}},{\"@type\":\"WebPage\",\"@id\":\"https:\\\/\\\/www.eldigitaldeasturias.com\\\/noticias\\\/macron-trabajemos-juntos-para-hacer-de-nuevo-grande-a-nuestro-planeta\\\/#webpage\",\"url\":\"https:\\\/\\\/www.eldigitaldeasturias.com\\\/noticias\\\/macron-trabajemos-juntos-para-hacer-de-nuevo-grande-a-nuestro-planeta\\\/\",\"name\":\"Macron: \\u00abTrabajemos juntos para hacer de nuevo grande a nuestro planeta\\u00bb - El Digital de Asturias\",\"description\":\"Washington, 25 abr (dpa) - El presidente de Francia, Emmanuel Macron, se distanci\\u00f3 hoy ante el Congreso de Estados Unidos de las pol\\u00edticas de Donald Trump con un fuerte respaldo al multilateralismo para la soluci\\u00f3n de los problemas y advirti\\u00f3: \\\"Cerrarle la puerta al mundo no detendr\\u00e1 la evoluci\\u00f3n del mundo\\\". El mandatario dijo hoy\",\"inLanguage\":\"es-ES\",\"isPartOf\":{\"@id\":\"https:\\\/\\\/www.eldigitaldeasturias.com\\\/noticias\\\/#website\"},\"breadcrumb\":{\"@id\":\"https:\\\/\\\/www.eldigitaldeasturias.com\\\/noticias\\\/macron-trabajemos-juntos-para-hacer-de-nuevo-grande-a-nuestro-planeta\\\/#breadcrumblist\"},\"author\":{\"@id\":\"https:\\\/\\\/www.eldigitaldeasturias.com\\\/noticias\\\/author\\\/admin\\\/#author\"},\"creator\":{\"@id\":\"https:\\\/\\\/www.eldigitaldeasturias.com\\\/noticias\\\/author\\\/admin\\\/#author\"},\"image\":{\"@type\":\"ImageObject\",\"url\":977628,\"@id\":\"https:\\\/\\\/www.eldigitaldeasturias.com\\\/noticias\\\/macron-trabajemos-juntos-para-hacer-de-nuevo-grande-a-nuestro-planeta\\\/#mainImage\"},\"primaryImageOfPage\":{\"@id\":\"https:\\\/\\\/www.eldigitaldeasturias.com\\\/noticias\\\/macron-trabajemos-juntos-para-hacer-de-nuevo-grande-a-nuestro-planeta\\\/#mainImage\"},\"datePublished\":\"2018-04-25T23:28:53+02:00\",\"dateModified\":\"2018-04-25T23:28:53+02:00\"},{\"@type\":\"WebSite\",\"@id\":\"https:\\\/\\\/www.eldigitaldeasturias.com\\\/noticias\\\/#website\",\"url\":\"https:\\\/\\\/www.eldigitaldeasturias.com\\\/noticias\\\/\",\"name\":\"El Digital de Asturias - Diario de actualidad y noticias\",\"alternateName\":\"El Digital de Asturias - Diario de actualidad y noticias\",\"description\":\"Hemeroteca\",\"inLanguage\":\"es-ES\",\"publisher\":{\"@id\":\"https:\\\/\\\/www.eldigitaldeasturias.com\\\/noticias\\\/#organization\"}}]}\n\t\t<\/script>\n\t\t<!-- All in One SEO Pro -->\r\n\t\t<title>Macron: \u00abTrabajemos juntos para hacer de nuevo grande a nuestro planeta\u00bb - El Digital de Asturias<\/title>\n\n","aioseo_head_json":{"title":"Macron: \u00abTrabajemos juntos para hacer de nuevo grande a nuestro planeta\u00bb - El Digital de Asturias","description":"Washington, 25 abr (dpa) - El presidente de Francia, Emmanuel Macron, se distanci\u00f3 hoy ante el Congreso de Estados Unidos de las pol\u00edticas de Donald Trump con un fuerte respaldo al multilateralismo para la soluci\u00f3n de los problemas y advirti\u00f3: \"Cerrarle la puerta al mundo no detendr\u00e1 la evoluci\u00f3n del mundo\". El mandatario dijo hoy","canonical_url":"https:\/\/www.eldigitaldeasturias.com\/noticias\/macron-trabajemos-juntos-para-hacer-de-nuevo-grande-a-nuestro-planeta\/","robots":"max-image-preview:large","keywords":"actualidad","webmasterTools":{"google-site-verification":"UA-38556648-1","msvalidate.01":"7dfe9f3f1b24437ab69f4f2559babe99","miscellaneous":""},"schema":{"@context":"https:\/\/schema.org","@graph":[{"@type":"BlogPosting","@id":"https:\/\/www.eldigitaldeasturias.com\/noticias\/macron-trabajemos-juntos-para-hacer-de-nuevo-grande-a-nuestro-planeta\/#blogposting","name":"Macron: \u00abTrabajemos juntos para hacer de nuevo grande a nuestro planeta\u00bb - El Digital de Asturias","headline":"Macron: \u00abTrabajemos juntos para hacer de nuevo grande a nuestro planeta\u00bb","author":{"@id":"https:\/\/www.eldigitaldeasturias.com\/noticias\/author\/admin\/#author"},"publisher":{"@id":"https:\/\/www.eldigitaldeasturias.com\/noticias\/#organization"},"image":{"@type":"ImageObject","url":977628},"datePublished":"2018-04-25T23:28:53+02:00","dateModified":"2018-04-25T23:28:53+02:00","inLanguage":"es-ES","mainEntityOfPage":{"@id":"https:\/\/www.eldigitaldeasturias.com\/noticias\/macron-trabajemos-juntos-para-hacer-de-nuevo-grande-a-nuestro-planeta\/#webpage"},"isPartOf":{"@id":"https:\/\/www.eldigitaldeasturias.com\/noticias\/macron-trabajemos-juntos-para-hacer-de-nuevo-grande-a-nuestro-planeta\/#webpage"},"articleSection":"Actualidad"},{"@type":"BreadcrumbList","@id":"https:\/\/www.eldigitaldeasturias.com\/noticias\/macron-trabajemos-juntos-para-hacer-de-nuevo-grande-a-nuestro-planeta\/#breadcrumblist","itemListElement":[{"@type":"ListItem","@id":"https:\/\/www.eldigitaldeasturias.com\/noticias#listItem","position":1,"name":"Home","item":"https:\/\/www.eldigitaldeasturias.com\/noticias","nextItem":{"@type":"ListItem","@id":"https:\/\/www.eldigitaldeasturias.com\/noticias\/category\/actualidad\/#listItem","name":"Actualidad"}},{"@type":"ListItem","@id":"https:\/\/www.eldigitaldeasturias.com\/noticias\/category\/actualidad\/#listItem","position":2,"name":"Actualidad","item":"https:\/\/www.eldigitaldeasturias.com\/noticias\/category\/actualidad\/","nextItem":{"@type":"ListItem","@id":"https:\/\/www.eldigitaldeasturias.com\/noticias\/macron-trabajemos-juntos-para-hacer-de-nuevo-grande-a-nuestro-planeta\/#listItem","name":"Macron: \u00abTrabajemos juntos para hacer de nuevo grande a nuestro planeta\u00bb"},"previousItem":{"@type":"ListItem","@id":"https:\/\/www.eldigitaldeasturias.com\/noticias#listItem","name":"Home"}},{"@type":"ListItem","@id":"https:\/\/www.eldigitaldeasturias.com\/noticias\/macron-trabajemos-juntos-para-hacer-de-nuevo-grande-a-nuestro-planeta\/#listItem","position":3,"name":"Macron: \u00abTrabajemos juntos para hacer de nuevo grande a nuestro planeta\u00bb","previousItem":{"@type":"ListItem","@id":"https:\/\/www.eldigitaldeasturias.com\/noticias\/category\/actualidad\/#listItem","name":"Actualidad"}}]},{"@type":"Organization","@id":"https:\/\/www.eldigitaldeasturias.com\/noticias\/#organization","name":"El Digital de Asturias","description":"Hemeroteca","url":"https:\/\/www.eldigitaldeasturias.com\/noticias\/","email":"info@eldigitaldeasturias.com","telephone":"+34652131393","logo":{"@type":"ImageObject","url":"https:\/\/www.eldigitaldeasturias.com\/noticias\/wp-content\/uploads\/2020\/12\/EDA.jpg","@id":"https:\/\/www.eldigitaldeasturias.com\/noticias\/macron-trabajemos-juntos-para-hacer-de-nuevo-grande-a-nuestro-planeta\/#organizationLogo"},"image":{"@id":"https:\/\/www.eldigitaldeasturias.com\/noticias\/macron-trabajemos-juntos-para-hacer-de-nuevo-grande-a-nuestro-planeta\/#organizationLogo"},"sameAs":["https:\/\/facebook.com\/eldigitaldeasturias","https:\/\/www.youtube.com\/channel\/UCZP-2wLEB9Rv6erhFmqVnvg"],"address":{"@id":"https:\/\/www.eldigitaldeasturias.com\/noticias\/#postaladdress","@type":"PostalAddress","streetAddress":"san antonio 4","postalCode":"33430","addressLocality":"Cand\u00e1s","addressRegion":"Asturias","addressCountry":"ES"}},{"@type":"Person","@id":"https:\/\/www.eldigitaldeasturias.com\/noticias\/author\/admin\/#author","url":"https:\/\/www.eldigitaldeasturias.com\/noticias\/author\/admin\/","name":"El Digital de Asturias","image":{"@type":"ImageObject","@id":"https:\/\/www.eldigitaldeasturias.com\/noticias\/macron-trabajemos-juntos-para-hacer-de-nuevo-grande-a-nuestro-planeta\/#authorImage","url":"https:\/\/secure.gravatar.com\/avatar\/df2aeffc32bcd13f8d26072ef8a91b623d677766deac7f97ca815868cd41bf5e?s=96&d=mm&r=g","width":96,"height":96,"caption":"El Digital de Asturias"}},{"@type":"WebPage","@id":"https:\/\/www.eldigitaldeasturias.com\/noticias\/macron-trabajemos-juntos-para-hacer-de-nuevo-grande-a-nuestro-planeta\/#webpage","url":"https:\/\/www.eldigitaldeasturias.com\/noticias\/macron-trabajemos-juntos-para-hacer-de-nuevo-grande-a-nuestro-planeta\/","name":"Macron: \u00abTrabajemos juntos para hacer de nuevo grande a nuestro planeta\u00bb - El Digital de Asturias","description":"Washington, 25 abr (dpa) - El presidente de Francia, Emmanuel Macron, se distanci\u00f3 hoy ante el Congreso de Estados Unidos de las pol\u00edticas de Donald Trump con un fuerte respaldo al multilateralismo para la soluci\u00f3n de los problemas y advirti\u00f3: \"Cerrarle la puerta al mundo no detendr\u00e1 la evoluci\u00f3n del mundo\". El mandatario dijo hoy","inLanguage":"es-ES","isPartOf":{"@id":"https:\/\/www.eldigitaldeasturias.com\/noticias\/#website"},"breadcrumb":{"@id":"https:\/\/www.eldigitaldeasturias.com\/noticias\/macron-trabajemos-juntos-para-hacer-de-nuevo-grande-a-nuestro-planeta\/#breadcrumblist"},"author":{"@id":"https:\/\/www.eldigitaldeasturias.com\/noticias\/author\/admin\/#author"},"creator":{"@id":"https:\/\/www.eldigitaldeasturias.com\/noticias\/author\/admin\/#author"},"image":{"@type":"ImageObject","url":977628,"@id":"https:\/\/www.eldigitaldeasturias.com\/noticias\/macron-trabajemos-juntos-para-hacer-de-nuevo-grande-a-nuestro-planeta\/#mainImage"},"primaryImageOfPage":{"@id":"https:\/\/www.eldigitaldeasturias.com\/noticias\/macron-trabajemos-juntos-para-hacer-de-nuevo-grande-a-nuestro-planeta\/#mainImage"},"datePublished":"2018-04-25T23:28:53+02:00","dateModified":"2018-04-25T23:28:53+02:00"},{"@type":"WebSite","@id":"https:\/\/www.eldigitaldeasturias.com\/noticias\/#website","url":"https:\/\/www.eldigitaldeasturias.com\/noticias\/","name":"El Digital de Asturias - Diario de actualidad y noticias","alternateName":"El Digital de Asturias - Diario de actualidad y noticias","description":"Hemeroteca","inLanguage":"es-ES","publisher":{"@id":"https:\/\/www.eldigitaldeasturias.com\/noticias\/#organization"}}]},"og:locale":"es_ES","og:site_name":"El Digital de Asturias","og:type":"article","og:title":"Macron: \u00abTrabajemos juntos para hacer de nuevo grande a nuestro planeta\u00bb - El Digital de Asturias","og:description":"Washington, 25 abr (dpa) - El presidente de Francia, Emmanuel Macron, se distanci\u00f3 hoy ante el Congreso de Estados Unidos de las pol\u00edticas de Donald Trump con un fuerte respaldo al multilateralismo para la soluci\u00f3n de los problemas y advirti\u00f3: &quot;Cerrarle la puerta al mundo no detendr\u00e1 la evoluci\u00f3n del mundo&quot;. El mandatario dijo hoy","og:url":"https:\/\/www.eldigitaldeasturias.com\/noticias\/macron-trabajemos-juntos-para-hacer-de-nuevo-grande-a-nuestro-planeta\/","article:tag":["actualidad"],"article:published_time":"2018-04-25T23:28:53+00:00","article:modified_time":"2018-04-25T23:28:53+00:00","article:publisher":"https:\/\/facebook.com\/eldigitaldeasturias","twitter:card":"summary_large_image","twitter:title":"Macron: \u00abTrabajemos juntos para hacer de nuevo grande a nuestro planeta\u00bb - El Digital de Asturias","twitter:description":"Washington, 25 abr (dpa) - El presidente de Francia, Emmanuel Macron, se distanci\u00f3 hoy ante el Congreso de Estados Unidos de las pol\u00edticas de Donald Trump con un fuerte respaldo al multilateralismo para la soluci\u00f3n de los problemas y advirti\u00f3: &quot;Cerrarle la puerta al mundo no detendr\u00e1 la evoluci\u00f3n del mundo&quot;. El mandatario dijo hoy","twitter:image":"https:\/\/www.eldigitaldeasturias.com\/noticias\/wp-content\/uploads\/2020\/12\/EDA-1.jpg","twitter:label1":"Escrito por","twitter:data1":"El Digital de Asturias","twitter:label2":"Tiempo de lectura estimado","twitter:data2":"4 minutos"},"aioseo_meta_data":{"post_id":"977627","title":null,"description":null,"keywords":null,"keyphrases":null,"primary_term":null,"canonical_url":null,"og_title":null,"og_description":null,"og_object_type":"default","og_image_type":"default","og_image_url":null,"og_image_width":null,"og_image_height":null,"og_image_custom_url":null,"og_image_custom_fields":null,"og_video":null,"og_custom_url":null,"og_article_section":null,"og_article_tags":null,"twitter_use_og":false,"twitter_card":"default","twitter_image_type":"default","twitter_image_url":null,"twitter_image_custom_url":null,"twitter_image_custom_fields":null,"twitter_title":null,"twitter_description":null,"schema":{"blockGraphs":[],"customGraphs":[],"default":{"data":{"Article":[],"Course":[],"Dataset":[],"FAQPage":[],"Movie":[],"Person":[],"Product":[],"ProductReview":[],"Car":[],"Recipe":[],"Service":[],"SoftwareApplication":[],"WebPage":[]},"graphName":"","isEnabled":true},"graphs":[],"defaultGraph":"","defaultPostTypeGraph":""},"schema_type":null,"schema_type_options":null,"pillar_content":false,"robots_default":true,"robots_noindex":false,"robots_noarchive":false,"robots_nosnippet":false,"robots_nofollow":false,"robots_noimageindex":false,"robots_noodp":false,"robots_notranslate":false,"robots_max_snippet":null,"robots_max_videopreview":null,"robots_max_imagepreview":"large","priority":null,"frequency":null,"local_seo":null,"seo_analyzer_scan_date":"2025-10-08 08:00:30","breadcrumb_settings":null,"limit_modified_date":false,"open_ai":null,"ai":null,"created":"2020-12-21 12:04:37","updated":"2025-10-08 08:00:30","focus_keyword":null,"additional_keywords":null,"truseo_locale":null},"aioseo_breadcrumb":"<div class=\"aioseo-breadcrumbs\"><span class=\"aioseo-breadcrumb\">\n\t<a href=\"https:\/\/www.eldigitaldeasturias.com\/noticias\" title=\"Home\">Home<\/a>\n<\/span><span class=\"aioseo-breadcrumb-separator\">\u2013<\/span><span class=\"aioseo-breadcrumb\">\n\t<a href=\"https:\/\/www.eldigitaldeasturias.com\/noticias\/category\/actualidad\/\" title=\"Actualidad\">Actualidad<\/a>\n<\/span><span class=\"aioseo-breadcrumb-separator\">\u2013<\/span><span class=\"aioseo-breadcrumb\">\n\t<a href=\"https:\/\/www.eldigitaldeasturias.com\/noticias\/macron-trabajemos-juntos-para-hacer-de-nuevo-grande-a-nuestro-planeta\/\" title=\"Macron: \u00abTrabajemos juntos para hacer de nuevo grande a nuestro planeta\u00bb\">Macron: \u00abTrabajemos juntos para hacer de nuevo grande a nuestro planeta\u00bb<\/a>\n<\/span><\/div>","aioseo_breadcrumb_json":[{"label":"Home","link":"https:\/\/www.eldigitaldeasturias.com\/noticias"},{"label":"Actualidad","link":"https:\/\/www.eldigitaldeasturias.com\/noticias\/category\/actualidad\/"},{"label":"Macron: \u00abTrabajemos juntos para hacer de nuevo grande a nuestro planeta\u00bb","link":"https:\/\/www.eldigitaldeasturias.com\/noticias\/macron-trabajemos-juntos-para-hacer-de-nuevo-grande-a-nuestro-planeta\/"}],"_links":{"self":[{"href":"https:\/\/www.eldigitaldeasturias.com\/noticias\/wp-json\/wp\/v2\/posts\/977627","targetHints":{"allow":["GET"]}}],"collection":[{"href":"https:\/\/www.eldigitaldeasturias.com\/noticias\/wp-json\/wp\/v2\/posts"}],"about":[{"href":"https:\/\/www.eldigitaldeasturias.com\/noticias\/wp-json\/wp\/v2\/types\/post"}],"author":[{"embeddable":true,"href":"https:\/\/www.eldigitaldeasturias.com\/noticias\/wp-json\/wp\/v2\/users\/1"}],"replies":[{"embeddable":true,"href":"https:\/\/www.eldigitaldeasturias.com\/noticias\/wp-json\/wp\/v2\/comments?post=977627"}],"version-history":[{"count":0,"href":"https:\/\/www.eldigitaldeasturias.com\/noticias\/wp-json\/wp\/v2\/posts\/977627\/revisions"}],"wp:attachment":[{"href":"https:\/\/www.eldigitaldeasturias.com\/noticias\/wp-json\/wp\/v2\/media?parent=977627"}],"wp:term":[{"taxonomy":"category","embeddable":true,"href":"https:\/\/www.eldigitaldeasturias.com\/noticias\/wp-json\/wp\/v2\/categories?post=977627"},{"taxonomy":"post_tag","embeddable":true,"href":"https:\/\/www.eldigitaldeasturias.com\/noticias\/wp-json\/wp\/v2\/tags?post=977627"}],"curies":[{"name":"wp","href":"https:\/\/api.w.org\/{rel}","templated":true}]}}