{"id":977600,"date":"2018-04-25T22:44:39","date_gmt":"2018-04-25T22:44:39","guid":{"rendered":"http:\/\/www.eldigitaldeasturias.com\/noticias\/?p=977600"},"modified":"2018-04-25T22:44:39","modified_gmt":"2018-04-25T22:44:39","slug":"reporteros-sin-fronteras-la-libertad-de-prensa-en-europa-esta-amenazada","status":"publish","type":"post","link":"https:\/\/www.eldigitaldeasturias.com\/noticias\/reporteros-sin-fronteras-la-libertad-de-prensa-en-europa-esta-amenazada\/","title":{"rendered":"Reporteros Sin Fronteras: La libertad de prensa en Europa est\u00e1 amenazada"},"content":{"rendered":"<p><img loading=\"lazy\" decoding=\"async\" class=\"alignleft size-medium wp-image-977601\" src=\"https:\/\/www.eldigitaldeasturias.com\/noticias\/wp-content\/uploads\/2018\/04\/people-2591693_960_720-360x239.jpg\" alt=\"\" width=\"360\" height=\"239\" \/>Berl\u00edn\/Madrid, 25 abr (dpa) &#8211; Reporteros Sin Fronteras (RSF) present\u00f3 hoy la Clasificaci\u00f3n Mundial de la Libertad de Prensa, un informe en el que alerta del incremento de los sentimientos de odio hacia los periodistas y la hostilidad frente a los medios de comunicaci\u00f3n.<\/p>\n<p>El documento refleja que en ninguna otra regi\u00f3n del mundo la situaci\u00f3n de la libertad de prensa en 2017 se ha visto tan da\u00f1ada como en Europa y a\u00f1ade que tambi\u00e9n en las democracias el acoso y la persecuci\u00f3n de periodistas envenenaron el clima pol\u00edtico.<\/p>\n<p>Noruega sigue encabezando la clasificaci\u00f3n de la libertad de expresi\u00f3n, que cada a\u00f1o eval\u00faa la situaci\u00f3n del periodismo en 180 pa\u00edses, seguida de Suecia, Pa\u00edses Bajos y Finlandia. Espa\u00f1a ocupa el puesto n\u00famero 31 de la lista, Argentina el 52, Brasil el 102, Venezuela el 143 y M\u00e9xico, el 147. A la cola del ranking est\u00e1n Corea del Norte, Eritrea y Turkmenist\u00e1n.<\/p>\n<p>En el 42 por ciento de los pa\u00edses evaluados la libertad de prensa ha empeorado en comparaci\u00f3n con el a\u00f1o anterior. Es el caso de Espa\u00f1a, que perdi\u00f3 dos posiciones, debido a que los \u00faltimos meses de 2017 fueron especialmente oscuros para la libertad de prensa en Catalu\u00f1a, recoge el documento.<\/p>\n<p>Seg\u00fan RSF, los periodistas fueron v\u00edctimas colaterales del conflicto entre el gobierno central y el catal\u00e1n, creado por el refer\u00e9ndum ilegal del 1 de octubre y la declaraci\u00f3n unilateral de independencia. Numerosos periodistas de medios no independentistas sufrieron linchamientos en las redes sociales y fueron agredidos f\u00edsicamente durante la cobertura de la consulta popular, otros fueron intimidados en su trabajo por la Polic\u00eda.<\/p>\n<p>Cuatro de los cinco pa\u00edses que han bajado m\u00e1s en la clasificaci\u00f3n se encuentran en Europea: se trata de Malta, Rep\u00fablica Checa y Eslovaquia, miembros de la Uni\u00f3n Europea, adem\u00e1s de Serbia. El informe revela que en estos estados llamaron especialmente la atenci\u00f3n los insultos, los actos hostiles y las acciones legales emprendidas por los l\u00edderes pol\u00edticos contra los periodistas. Malta cay\u00f3 18 puestos en el ranking hasta el n\u00famero 65.<\/p>\n<p>Fue precisamente en esta isla mediterr\u00e1nea donde la periodista maltesa Daphne Caruana Galizia, que informaba sobre la corrupci\u00f3n en el Gobierno de su pa\u00eds, fue asesinada con un coche bomba el 16 de octubre de 2017. Caruana Galizia hab\u00eda sacado a la luz las estrechas relaciones entre la pol\u00edtica, la justicia y la econom\u00eda, as\u00ed como la presi\u00f3n a la que estaban sometidos los periodistas, explic\u00f3 RSF. La reportera ten\u00eda m\u00e1s de 40 denuncias por difamaci\u00f3n.<\/p>\n<p>Seg\u00fan RSF, el acoso a los medios por parte del Gobierno ya no es algo limitado \u00fanicamente a reg\u00edmenes como los de Turqu\u00eda o Egipto, sino que ocurre cada vez con mayor frecuencia en estados democr\u00e1ticos. Los jefes de Gobierno en Hungr\u00eda y Polonia, por ejemplo, trataron como enemigos a los medios de comunicaci\u00f3n cr\u00edticos.<\/p>\n<p>Tambi\u00e9n en pa\u00edses tan distintos como Estados Unidos, la India o Filipinas, pol\u00edticos de alto rango tacharon de traidores a los periodistas cr\u00edticos. En el primer a\u00f1o de mandato de Donald Trump Estados Unidos ha bajado dos puestos. Para RSF, Trump no se cansa de difamar medios molestos y calificar de \u00abenemigos del pueblo\u00bb a los periodistas.<\/p>\n<p>\u00abQuien polemice o persiga a periodistas molestos y ponga en entredicho la credibilidad de los medios en general, destruye conscientemente las bases de una sociedad democr\u00e1tica\u00bb, explic\u00f3 la portavoz de la junta directiva de RSF, Katja Gloger. Ante el avance de las fuerzas populistas, fomentar el odio y el desprecio es jugar con fuego, a\u00f1adi\u00f3.<\/p>\n<p>El pa\u00eds que m\u00e1s subi\u00f3 en la lista es Gambia, que ha escalado 21 puestos hasta situarse en el n\u00famero 122. Tras el final de la dictadura de Yahya Jammeh en 2016 los medios de comunicaci\u00f3n experimentaron un r\u00e1pido impulso. Se crearon emisoras de radio privadas y los medios impresos se deshicieron de su miedo a la cr\u00edtica pol\u00edtica.<\/p>\n<p>&nbsp;<\/p>\n","protected":false},"excerpt":{"rendered":"<p>Berl\u00edn\/Madrid, 25 abr (dpa) &#8211; Reporteros Sin Fronteras (RSF) present\u00f3 hoy la Clasificaci\u00f3n Mundial de la Libertad de Prensa, un informe en el que alerta del incremento de los sentimientos de odio hacia los periodistas y la hostilidad frente a los medios de comunicaci\u00f3n. El documento refleja que en ninguna otra regi\u00f3n del mundo la [&hellip;]<\/p>\n","protected":false},"author":1,"featured_media":977601,"comment_status":"closed","ping_status":"closed","sticky":false,"template":"","format":"standard","meta":{"footnotes":""},"categories":[1],"tags":[],"class_list":["post-977600","post","type-post","status-publish","format-standard","has-post-thumbnail","hentry","category-actualidad"],"aioseo_notices":[],"aioseo_head":"\n\t\t<!-- All in One SEO Pro 5.0.1 - aioseo.com -->\n\t<meta name=\"description\" content=\"Berl\u00edn\/Madrid, 25 abr (dpa) - Reporteros Sin Fronteras (RSF) present\u00f3 hoy la Clasificaci\u00f3n Mundial de la Libertad de Prensa, un informe en el que alerta del incremento de los sentimientos de odio hacia los periodistas y la hostilidad frente a los medios de comunicaci\u00f3n. El documento refleja que en ninguna otra regi\u00f3n del mundo la\" \/>\n\t<meta name=\"robots\" content=\"max-image-preview:large\" \/>\n\t<meta name=\"author\" content=\"El Digital de Asturias\"\/>\n\t<meta name=\"google-site-verification\" content=\"UA-38556648-1\" \/>\n\t<meta name=\"msvalidate.01\" content=\"7dfe9f3f1b24437ab69f4f2559babe99\" \/>\n\t<meta name=\"keywords\" content=\"actualidad\" \/>\n\t<link rel=\"canonical\" href=\"https:\/\/www.eldigitaldeasturias.com\/noticias\/reporteros-sin-fronteras-la-libertad-de-prensa-en-europa-esta-amenazada\/\" \/>\n\t<meta name=\"generator\" content=\"All in One SEO Pro (AIOSEO) 5.0.1\" \/>\n\t\t<meta property=\"og:locale\" content=\"es_ES\" \/>\n\t\t<meta property=\"og:site_name\" content=\"El Digital de Asturias\" \/>\n\t\t<meta property=\"og:type\" content=\"article\" \/>\n\t\t<meta property=\"og:title\" content=\"Reporteros Sin Fronteras: La libertad de prensa en Europa est\u00e1 amenazada - El Digital de Asturias\" \/>\n\t\t<meta property=\"og:description\" content=\"Berl\u00edn\/Madrid, 25 abr (dpa) - Reporteros Sin Fronteras (RSF) present\u00f3 hoy la Clasificaci\u00f3n Mundial de la Libertad de Prensa, un informe en el que alerta del incremento de los sentimientos de odio hacia los periodistas y la hostilidad frente a los medios de comunicaci\u00f3n. El documento refleja que en ninguna otra regi\u00f3n del mundo la\" \/>\n\t\t<meta property=\"og:url\" content=\"https:\/\/www.eldigitaldeasturias.com\/noticias\/reporteros-sin-fronteras-la-libertad-de-prensa-en-europa-esta-amenazada\/\" \/>\n\t\t<meta property=\"article:tag\" content=\"actualidad\" \/>\n\t\t<meta property=\"article:published_time\" content=\"2018-04-25T22:44:39+00:00\" \/>\n\t\t<meta property=\"article:modified_time\" content=\"2018-04-25T22:44:39+00:00\" \/>\n\t\t<meta property=\"article:publisher\" content=\"https:\/\/facebook.com\/eldigitaldeasturias\" \/>\n\t\t<meta name=\"twitter:card\" content=\"summary_large_image\" \/>\n\t\t<meta name=\"twitter:title\" content=\"Reporteros Sin Fronteras: La libertad de prensa en Europa est\u00e1 amenazada - El Digital de Asturias\" \/>\n\t\t<meta name=\"twitter:description\" content=\"Berl\u00edn\/Madrid, 25 abr (dpa) - Reporteros Sin Fronteras (RSF) present\u00f3 hoy la Clasificaci\u00f3n Mundial de la Libertad de Prensa, un informe en el que alerta del incremento de los sentimientos de odio hacia los periodistas y la hostilidad frente a los medios de comunicaci\u00f3n. El documento refleja que en ninguna otra regi\u00f3n del mundo la\" \/>\n\t\t<meta name=\"twitter:image\" content=\"https:\/\/www.eldigitaldeasturias.com\/noticias\/wp-content\/uploads\/2020\/12\/EDA-1.jpg\" \/>\n\t\t<meta name=\"twitter:label1\" content=\"Escrito por\" \/>\n\t\t<meta name=\"twitter:data1\" content=\"El Digital de Asturias\" \/>\n\t\t<meta name=\"twitter:label2\" content=\"Tiempo de lectura estimado\" \/>\n\t\t<meta name=\"twitter:data2\" content=\"3 minutos\" \/>\n\t\t<script type=\"application\/ld+json\" class=\"aioseo-schema\">\n\t\t\t{\"@context\":\"https:\\\/\\\/schema.org\",\"@graph\":[{\"@type\":\"BlogPosting\",\"@id\":\"https:\\\/\\\/www.eldigitaldeasturias.com\\\/noticias\\\/reporteros-sin-fronteras-la-libertad-de-prensa-en-europa-esta-amenazada\\\/#blogposting\",\"name\":\"Reporteros Sin Fronteras: La libertad de prensa en Europa est\\u00e1 amenazada - El Digital de Asturias\",\"headline\":\"Reporteros Sin Fronteras: La libertad de prensa en Europa est\\u00e1 amenazada\",\"author\":{\"@id\":\"https:\\\/\\\/www.eldigitaldeasturias.com\\\/noticias\\\/author\\\/admin\\\/#author\"},\"publisher\":{\"@id\":\"https:\\\/\\\/www.eldigitaldeasturias.com\\\/noticias\\\/#organization\"},\"image\":{\"@type\":\"ImageObject\",\"url\":977601},\"datePublished\":\"2018-04-25T22:44:39+02:00\",\"dateModified\":\"2018-04-25T22:44:39+02:00\",\"inLanguage\":\"es-ES\",\"mainEntityOfPage\":{\"@id\":\"https:\\\/\\\/www.eldigitaldeasturias.com\\\/noticias\\\/reporteros-sin-fronteras-la-libertad-de-prensa-en-europa-esta-amenazada\\\/#webpage\"},\"isPartOf\":{\"@id\":\"https:\\\/\\\/www.eldigitaldeasturias.com\\\/noticias\\\/reporteros-sin-fronteras-la-libertad-de-prensa-en-europa-esta-amenazada\\\/#webpage\"},\"articleSection\":\"Actualidad\"},{\"@type\":\"BreadcrumbList\",\"@id\":\"https:\\\/\\\/www.eldigitaldeasturias.com\\\/noticias\\\/reporteros-sin-fronteras-la-libertad-de-prensa-en-europa-esta-amenazada\\\/#breadcrumblist\",\"itemListElement\":[{\"@type\":\"ListItem\",\"@id\":\"https:\\\/\\\/www.eldigitaldeasturias.com\\\/noticias#listItem\",\"position\":1,\"name\":\"Home\",\"item\":\"https:\\\/\\\/www.eldigitaldeasturias.com\\\/noticias\",\"nextItem\":{\"@type\":\"ListItem\",\"@id\":\"https:\\\/\\\/www.eldigitaldeasturias.com\\\/noticias\\\/category\\\/actualidad\\\/#listItem\",\"name\":\"Actualidad\"}},{\"@type\":\"ListItem\",\"@id\":\"https:\\\/\\\/www.eldigitaldeasturias.com\\\/noticias\\\/category\\\/actualidad\\\/#listItem\",\"position\":2,\"name\":\"Actualidad\",\"item\":\"https:\\\/\\\/www.eldigitaldeasturias.com\\\/noticias\\\/category\\\/actualidad\\\/\",\"nextItem\":{\"@type\":\"ListItem\",\"@id\":\"https:\\\/\\\/www.eldigitaldeasturias.com\\\/noticias\\\/reporteros-sin-fronteras-la-libertad-de-prensa-en-europa-esta-amenazada\\\/#listItem\",\"name\":\"Reporteros Sin Fronteras: La libertad de prensa en Europa est\\u00e1 amenazada\"},\"previousItem\":{\"@type\":\"ListItem\",\"@id\":\"https:\\\/\\\/www.eldigitaldeasturias.com\\\/noticias#listItem\",\"name\":\"Home\"}},{\"@type\":\"ListItem\",\"@id\":\"https:\\\/\\\/www.eldigitaldeasturias.com\\\/noticias\\\/reporteros-sin-fronteras-la-libertad-de-prensa-en-europa-esta-amenazada\\\/#listItem\",\"position\":3,\"name\":\"Reporteros Sin Fronteras: La libertad de prensa en Europa est\\u00e1 amenazada\",\"previousItem\":{\"@type\":\"ListItem\",\"@id\":\"https:\\\/\\\/www.eldigitaldeasturias.com\\\/noticias\\\/category\\\/actualidad\\\/#listItem\",\"name\":\"Actualidad\"}}]},{\"@type\":\"Organization\",\"@id\":\"https:\\\/\\\/www.eldigitaldeasturias.com\\\/noticias\\\/#organization\",\"name\":\"El Digital de Asturias\",\"description\":\"Hemeroteca\",\"url\":\"https:\\\/\\\/www.eldigitaldeasturias.com\\\/noticias\\\/\",\"email\":\"info@eldigitaldeasturias.com\",\"telephone\":\"+34652131393\",\"logo\":{\"@type\":\"ImageObject\",\"url\":\"https:\\\/\\\/www.eldigitaldeasturias.com\\\/noticias\\\/wp-content\\\/uploads\\\/2020\\\/12\\\/EDA.jpg\",\"@id\":\"https:\\\/\\\/www.eldigitaldeasturias.com\\\/noticias\\\/reporteros-sin-fronteras-la-libertad-de-prensa-en-europa-esta-amenazada\\\/#organizationLogo\"},\"image\":{\"@id\":\"https:\\\/\\\/www.eldigitaldeasturias.com\\\/noticias\\\/reporteros-sin-fronteras-la-libertad-de-prensa-en-europa-esta-amenazada\\\/#organizationLogo\"},\"sameAs\":[\"https:\\\/\\\/facebook.com\\\/eldigitaldeasturias\",\"https:\\\/\\\/www.youtube.com\\\/channel\\\/UCZP-2wLEB9Rv6erhFmqVnvg\"],\"address\":{\"@id\":\"https:\\\/\\\/www.eldigitaldeasturias.com\\\/noticias\\\/#postaladdress\",\"@type\":\"PostalAddress\",\"streetAddress\":\"san antonio 4\",\"postalCode\":\"33430\",\"addressLocality\":\"Cand\\u00e1s\",\"addressRegion\":\"Asturias\",\"addressCountry\":\"ES\"}},{\"@type\":\"Person\",\"@id\":\"https:\\\/\\\/www.eldigitaldeasturias.com\\\/noticias\\\/author\\\/admin\\\/#author\",\"url\":\"https:\\\/\\\/www.eldigitaldeasturias.com\\\/noticias\\\/author\\\/admin\\\/\",\"name\":\"El Digital de Asturias\",\"image\":{\"@type\":\"ImageObject\",\"@id\":\"https:\\\/\\\/www.eldigitaldeasturias.com\\\/noticias\\\/reporteros-sin-fronteras-la-libertad-de-prensa-en-europa-esta-amenazada\\\/#authorImage\",\"url\":\"https:\\\/\\\/secure.gravatar.com\\\/avatar\\\/df2aeffc32bcd13f8d26072ef8a91b623d677766deac7f97ca815868cd41bf5e?s=96&d=mm&r=g\",\"width\":96,\"height\":96,\"caption\":\"El Digital de Asturias\"}},{\"@type\":\"WebPage\",\"@id\":\"https:\\\/\\\/www.eldigitaldeasturias.com\\\/noticias\\\/reporteros-sin-fronteras-la-libertad-de-prensa-en-europa-esta-amenazada\\\/#webpage\",\"url\":\"https:\\\/\\\/www.eldigitaldeasturias.com\\\/noticias\\\/reporteros-sin-fronteras-la-libertad-de-prensa-en-europa-esta-amenazada\\\/\",\"name\":\"Reporteros Sin Fronteras: La libertad de prensa en Europa est\\u00e1 amenazada - El Digital de Asturias\",\"description\":\"Berl\\u00edn\\\/Madrid, 25 abr (dpa) - Reporteros Sin Fronteras (RSF) present\\u00f3 hoy la Clasificaci\\u00f3n Mundial de la Libertad de Prensa, un informe en el que alerta del incremento de los sentimientos de odio hacia los periodistas y la hostilidad frente a los medios de comunicaci\\u00f3n. El documento refleja que en ninguna otra regi\\u00f3n del mundo la\",\"inLanguage\":\"es-ES\",\"isPartOf\":{\"@id\":\"https:\\\/\\\/www.eldigitaldeasturias.com\\\/noticias\\\/#website\"},\"breadcrumb\":{\"@id\":\"https:\\\/\\\/www.eldigitaldeasturias.com\\\/noticias\\\/reporteros-sin-fronteras-la-libertad-de-prensa-en-europa-esta-amenazada\\\/#breadcrumblist\"},\"author\":{\"@id\":\"https:\\\/\\\/www.eldigitaldeasturias.com\\\/noticias\\\/author\\\/admin\\\/#author\"},\"creator\":{\"@id\":\"https:\\\/\\\/www.eldigitaldeasturias.com\\\/noticias\\\/author\\\/admin\\\/#author\"},\"image\":{\"@type\":\"ImageObject\",\"url\":977601,\"@id\":\"https:\\\/\\\/www.eldigitaldeasturias.com\\\/noticias\\\/reporteros-sin-fronteras-la-libertad-de-prensa-en-europa-esta-amenazada\\\/#mainImage\"},\"primaryImageOfPage\":{\"@id\":\"https:\\\/\\\/www.eldigitaldeasturias.com\\\/noticias\\\/reporteros-sin-fronteras-la-libertad-de-prensa-en-europa-esta-amenazada\\\/#mainImage\"},\"datePublished\":\"2018-04-25T22:44:39+02:00\",\"dateModified\":\"2018-04-25T22:44:39+02:00\"},{\"@type\":\"WebSite\",\"@id\":\"https:\\\/\\\/www.eldigitaldeasturias.com\\\/noticias\\\/#website\",\"url\":\"https:\\\/\\\/www.eldigitaldeasturias.com\\\/noticias\\\/\",\"name\":\"El Digital de Asturias - Diario de actualidad y noticias\",\"alternateName\":\"El Digital de Asturias - Diario de actualidad y noticias\",\"description\":\"Hemeroteca\",\"inLanguage\":\"es-ES\",\"publisher\":{\"@id\":\"https:\\\/\\\/www.eldigitaldeasturias.com\\\/noticias\\\/#organization\"}}]}\n\t\t<\/script>\n\t\t<!-- All in One SEO Pro -->\r\n\t\t<title>Reporteros Sin Fronteras: La libertad de prensa en Europa est\u00e1 amenazada - El Digital de Asturias<\/title>\n\n","aioseo_head_json":{"title":"Reporteros Sin Fronteras: La libertad de prensa en Europa est\u00e1 amenazada - El Digital de Asturias","description":"Berl\u00edn\/Madrid, 25 abr (dpa) - Reporteros Sin Fronteras (RSF) present\u00f3 hoy la Clasificaci\u00f3n Mundial de la Libertad de Prensa, un informe en el que alerta del incremento de los sentimientos de odio hacia los periodistas y la hostilidad frente a los medios de comunicaci\u00f3n. El documento refleja que en ninguna otra regi\u00f3n del mundo la","canonical_url":"https:\/\/www.eldigitaldeasturias.com\/noticias\/reporteros-sin-fronteras-la-libertad-de-prensa-en-europa-esta-amenazada\/","robots":"max-image-preview:large","keywords":"actualidad","webmasterTools":{"google-site-verification":"UA-38556648-1","msvalidate.01":"7dfe9f3f1b24437ab69f4f2559babe99","miscellaneous":""},"schema":{"@context":"https:\/\/schema.org","@graph":[{"@type":"BlogPosting","@id":"https:\/\/www.eldigitaldeasturias.com\/noticias\/reporteros-sin-fronteras-la-libertad-de-prensa-en-europa-esta-amenazada\/#blogposting","name":"Reporteros Sin Fronteras: La libertad de prensa en Europa est\u00e1 amenazada - El Digital de Asturias","headline":"Reporteros Sin Fronteras: La libertad de prensa en Europa est\u00e1 amenazada","author":{"@id":"https:\/\/www.eldigitaldeasturias.com\/noticias\/author\/admin\/#author"},"publisher":{"@id":"https:\/\/www.eldigitaldeasturias.com\/noticias\/#organization"},"image":{"@type":"ImageObject","url":977601},"datePublished":"2018-04-25T22:44:39+02:00","dateModified":"2018-04-25T22:44:39+02:00","inLanguage":"es-ES","mainEntityOfPage":{"@id":"https:\/\/www.eldigitaldeasturias.com\/noticias\/reporteros-sin-fronteras-la-libertad-de-prensa-en-europa-esta-amenazada\/#webpage"},"isPartOf":{"@id":"https:\/\/www.eldigitaldeasturias.com\/noticias\/reporteros-sin-fronteras-la-libertad-de-prensa-en-europa-esta-amenazada\/#webpage"},"articleSection":"Actualidad"},{"@type":"BreadcrumbList","@id":"https:\/\/www.eldigitaldeasturias.com\/noticias\/reporteros-sin-fronteras-la-libertad-de-prensa-en-europa-esta-amenazada\/#breadcrumblist","itemListElement":[{"@type":"ListItem","@id":"https:\/\/www.eldigitaldeasturias.com\/noticias#listItem","position":1,"name":"Home","item":"https:\/\/www.eldigitaldeasturias.com\/noticias","nextItem":{"@type":"ListItem","@id":"https:\/\/www.eldigitaldeasturias.com\/noticias\/category\/actualidad\/#listItem","name":"Actualidad"}},{"@type":"ListItem","@id":"https:\/\/www.eldigitaldeasturias.com\/noticias\/category\/actualidad\/#listItem","position":2,"name":"Actualidad","item":"https:\/\/www.eldigitaldeasturias.com\/noticias\/category\/actualidad\/","nextItem":{"@type":"ListItem","@id":"https:\/\/www.eldigitaldeasturias.com\/noticias\/reporteros-sin-fronteras-la-libertad-de-prensa-en-europa-esta-amenazada\/#listItem","name":"Reporteros Sin Fronteras: La libertad de prensa en Europa est\u00e1 amenazada"},"previousItem":{"@type":"ListItem","@id":"https:\/\/www.eldigitaldeasturias.com\/noticias#listItem","name":"Home"}},{"@type":"ListItem","@id":"https:\/\/www.eldigitaldeasturias.com\/noticias\/reporteros-sin-fronteras-la-libertad-de-prensa-en-europa-esta-amenazada\/#listItem","position":3,"name":"Reporteros Sin Fronteras: La libertad de prensa en Europa est\u00e1 amenazada","previousItem":{"@type":"ListItem","@id":"https:\/\/www.eldigitaldeasturias.com\/noticias\/category\/actualidad\/#listItem","name":"Actualidad"}}]},{"@type":"Organization","@id":"https:\/\/www.eldigitaldeasturias.com\/noticias\/#organization","name":"El Digital de Asturias","description":"Hemeroteca","url":"https:\/\/www.eldigitaldeasturias.com\/noticias\/","email":"info@eldigitaldeasturias.com","telephone":"+34652131393","logo":{"@type":"ImageObject","url":"https:\/\/www.eldigitaldeasturias.com\/noticias\/wp-content\/uploads\/2020\/12\/EDA.jpg","@id":"https:\/\/www.eldigitaldeasturias.com\/noticias\/reporteros-sin-fronteras-la-libertad-de-prensa-en-europa-esta-amenazada\/#organizationLogo"},"image":{"@id":"https:\/\/www.eldigitaldeasturias.com\/noticias\/reporteros-sin-fronteras-la-libertad-de-prensa-en-europa-esta-amenazada\/#organizationLogo"},"sameAs":["https:\/\/facebook.com\/eldigitaldeasturias","https:\/\/www.youtube.com\/channel\/UCZP-2wLEB9Rv6erhFmqVnvg"],"address":{"@id":"https:\/\/www.eldigitaldeasturias.com\/noticias\/#postaladdress","@type":"PostalAddress","streetAddress":"san antonio 4","postalCode":"33430","addressLocality":"Cand\u00e1s","addressRegion":"Asturias","addressCountry":"ES"}},{"@type":"Person","@id":"https:\/\/www.eldigitaldeasturias.com\/noticias\/author\/admin\/#author","url":"https:\/\/www.eldigitaldeasturias.com\/noticias\/author\/admin\/","name":"El Digital de Asturias","image":{"@type":"ImageObject","@id":"https:\/\/www.eldigitaldeasturias.com\/noticias\/reporteros-sin-fronteras-la-libertad-de-prensa-en-europa-esta-amenazada\/#authorImage","url":"https:\/\/secure.gravatar.com\/avatar\/df2aeffc32bcd13f8d26072ef8a91b623d677766deac7f97ca815868cd41bf5e?s=96&d=mm&r=g","width":96,"height":96,"caption":"El Digital de Asturias"}},{"@type":"WebPage","@id":"https:\/\/www.eldigitaldeasturias.com\/noticias\/reporteros-sin-fronteras-la-libertad-de-prensa-en-europa-esta-amenazada\/#webpage","url":"https:\/\/www.eldigitaldeasturias.com\/noticias\/reporteros-sin-fronteras-la-libertad-de-prensa-en-europa-esta-amenazada\/","name":"Reporteros Sin Fronteras: La libertad de prensa en Europa est\u00e1 amenazada - El Digital de Asturias","description":"Berl\u00edn\/Madrid, 25 abr (dpa) - Reporteros Sin Fronteras (RSF) present\u00f3 hoy la Clasificaci\u00f3n Mundial de la Libertad de Prensa, un informe en el que alerta del incremento de los sentimientos de odio hacia los periodistas y la hostilidad frente a los medios de comunicaci\u00f3n. El documento refleja que en ninguna otra regi\u00f3n del mundo la","inLanguage":"es-ES","isPartOf":{"@id":"https:\/\/www.eldigitaldeasturias.com\/noticias\/#website"},"breadcrumb":{"@id":"https:\/\/www.eldigitaldeasturias.com\/noticias\/reporteros-sin-fronteras-la-libertad-de-prensa-en-europa-esta-amenazada\/#breadcrumblist"},"author":{"@id":"https:\/\/www.eldigitaldeasturias.com\/noticias\/author\/admin\/#author"},"creator":{"@id":"https:\/\/www.eldigitaldeasturias.com\/noticias\/author\/admin\/#author"},"image":{"@type":"ImageObject","url":977601,"@id":"https:\/\/www.eldigitaldeasturias.com\/noticias\/reporteros-sin-fronteras-la-libertad-de-prensa-en-europa-esta-amenazada\/#mainImage"},"primaryImageOfPage":{"@id":"https:\/\/www.eldigitaldeasturias.com\/noticias\/reporteros-sin-fronteras-la-libertad-de-prensa-en-europa-esta-amenazada\/#mainImage"},"datePublished":"2018-04-25T22:44:39+02:00","dateModified":"2018-04-25T22:44:39+02:00"},{"@type":"WebSite","@id":"https:\/\/www.eldigitaldeasturias.com\/noticias\/#website","url":"https:\/\/www.eldigitaldeasturias.com\/noticias\/","name":"El Digital de Asturias - Diario de actualidad y noticias","alternateName":"El Digital de Asturias - Diario de actualidad y noticias","description":"Hemeroteca","inLanguage":"es-ES","publisher":{"@id":"https:\/\/www.eldigitaldeasturias.com\/noticias\/#organization"}}]},"og:locale":"es_ES","og:site_name":"El Digital de Asturias","og:type":"article","og:title":"Reporteros Sin Fronteras: La libertad de prensa en Europa est\u00e1 amenazada - El Digital de Asturias","og:description":"Berl\u00edn\/Madrid, 25 abr (dpa) - Reporteros Sin Fronteras (RSF) present\u00f3 hoy la Clasificaci\u00f3n Mundial de la Libertad de Prensa, un informe en el que alerta del incremento de los sentimientos de odio hacia los periodistas y la hostilidad frente a los medios de comunicaci\u00f3n. El documento refleja que en ninguna otra regi\u00f3n del mundo la","og:url":"https:\/\/www.eldigitaldeasturias.com\/noticias\/reporteros-sin-fronteras-la-libertad-de-prensa-en-europa-esta-amenazada\/","article:tag":["actualidad"],"article:published_time":"2018-04-25T22:44:39+00:00","article:modified_time":"2018-04-25T22:44:39+00:00","article:publisher":"https:\/\/facebook.com\/eldigitaldeasturias","twitter:card":"summary_large_image","twitter:title":"Reporteros Sin Fronteras: La libertad de prensa en Europa est\u00e1 amenazada - El Digital de Asturias","twitter:description":"Berl\u00edn\/Madrid, 25 abr (dpa) - Reporteros Sin Fronteras (RSF) present\u00f3 hoy la Clasificaci\u00f3n Mundial de la Libertad de Prensa, un informe en el que alerta del incremento de los sentimientos de odio hacia los periodistas y la hostilidad frente a los medios de comunicaci\u00f3n. El documento refleja que en ninguna otra regi\u00f3n del mundo la","twitter:image":"https:\/\/www.eldigitaldeasturias.com\/noticias\/wp-content\/uploads\/2020\/12\/EDA-1.jpg","twitter:label1":"Escrito por","twitter:data1":"El Digital de Asturias","twitter:label2":"Tiempo de lectura estimado","twitter:data2":"3 minutos"},"aioseo_meta_data":{"post_id":"977600","title":null,"description":null,"keywords":null,"keyphrases":null,"primary_term":null,"canonical_url":null,"og_title":null,"og_description":null,"og_object_type":"default","og_image_type":"default","og_image_url":null,"og_image_width":null,"og_image_height":null,"og_image_custom_url":null,"og_image_custom_fields":null,"og_video":null,"og_custom_url":null,"og_article_section":null,"og_article_tags":null,"twitter_use_og":false,"twitter_card":"default","twitter_image_type":"default","twitter_image_url":null,"twitter_image_custom_url":null,"twitter_image_custom_fields":null,"twitter_title":null,"twitter_description":null,"schema":{"blockGraphs":[],"customGraphs":[],"default":{"data":{"Article":[],"Course":[],"Dataset":[],"FAQPage":[],"Movie":[],"Person":[],"Product":[],"ProductReview":[],"Car":[],"Recipe":[],"Service":[],"SoftwareApplication":[],"WebPage":[]},"graphName":"","isEnabled":true},"graphs":[],"defaultGraph":"","defaultPostTypeGraph":""},"schema_type":null,"schema_type_options":null,"pillar_content":false,"robots_default":true,"robots_noindex":false,"robots_noarchive":false,"robots_nosnippet":false,"robots_nofollow":false,"robots_noimageindex":false,"robots_noodp":false,"robots_notranslate":false,"robots_max_snippet":null,"robots_max_videopreview":null,"robots_max_imagepreview":"large","priority":null,"frequency":null,"local_seo":null,"seo_analyzer_scan_date":"2025-10-08 07:54:03","breadcrumb_settings":null,"limit_modified_date":false,"open_ai":null,"ai":null,"created":"2020-12-21 12:04:37","updated":"2025-10-08 07:54:03","focus_keyword":null,"additional_keywords":null,"truseo_locale":null},"aioseo_breadcrumb":"<div class=\"aioseo-breadcrumbs\"><span class=\"aioseo-breadcrumb\">\n\t<a href=\"https:\/\/www.eldigitaldeasturias.com\/noticias\" title=\"Home\">Home<\/a>\n<\/span><span class=\"aioseo-breadcrumb-separator\">\u2013<\/span><span class=\"aioseo-breadcrumb\">\n\t<a href=\"https:\/\/www.eldigitaldeasturias.com\/noticias\/category\/actualidad\/\" title=\"Actualidad\">Actualidad<\/a>\n<\/span><span class=\"aioseo-breadcrumb-separator\">\u2013<\/span><span class=\"aioseo-breadcrumb\">\n\t<a href=\"https:\/\/www.eldigitaldeasturias.com\/noticias\/reporteros-sin-fronteras-la-libertad-de-prensa-en-europa-esta-amenazada\/\" title=\"Reporteros Sin Fronteras: La libertad de prensa en Europa est\u00e1 amenazada\">Reporteros Sin Fronteras: La libertad de prensa en Europa est\u00e1 amenazada<\/a>\n<\/span><\/div>","aioseo_breadcrumb_json":[{"label":"Home","link":"https:\/\/www.eldigitaldeasturias.com\/noticias"},{"label":"Actualidad","link":"https:\/\/www.eldigitaldeasturias.com\/noticias\/category\/actualidad\/"},{"label":"Reporteros Sin Fronteras: La libertad de prensa en Europa est\u00e1 amenazada","link":"https:\/\/www.eldigitaldeasturias.com\/noticias\/reporteros-sin-fronteras-la-libertad-de-prensa-en-europa-esta-amenazada\/"}],"_links":{"self":[{"href":"https:\/\/www.eldigitaldeasturias.com\/noticias\/wp-json\/wp\/v2\/posts\/977600","targetHints":{"allow":["GET"]}}],"collection":[{"href":"https:\/\/www.eldigitaldeasturias.com\/noticias\/wp-json\/wp\/v2\/posts"}],"about":[{"href":"https:\/\/www.eldigitaldeasturias.com\/noticias\/wp-json\/wp\/v2\/types\/post"}],"author":[{"embeddable":true,"href":"https:\/\/www.eldigitaldeasturias.com\/noticias\/wp-json\/wp\/v2\/users\/1"}],"replies":[{"embeddable":true,"href":"https:\/\/www.eldigitaldeasturias.com\/noticias\/wp-json\/wp\/v2\/comments?post=977600"}],"version-history":[{"count":0,"href":"https:\/\/www.eldigitaldeasturias.com\/noticias\/wp-json\/wp\/v2\/posts\/977600\/revisions"}],"wp:attachment":[{"href":"https:\/\/www.eldigitaldeasturias.com\/noticias\/wp-json\/wp\/v2\/media?parent=977600"}],"wp:term":[{"taxonomy":"category","embeddable":true,"href":"https:\/\/www.eldigitaldeasturias.com\/noticias\/wp-json\/wp\/v2\/categories?post=977600"},{"taxonomy":"post_tag","embeddable":true,"href":"https:\/\/www.eldigitaldeasturias.com\/noticias\/wp-json\/wp\/v2\/tags?post=977600"}],"curies":[{"name":"wp","href":"https:\/\/api.w.org\/{rel}","templated":true}]}}