{"id":977457,"date":"2018-04-25T14:43:11","date_gmt":"2018-04-25T14:43:11","guid":{"rendered":"http:\/\/www.eldigitaldeasturias.com\/noticias\/?p=977457"},"modified":"2018-04-25T14:43:11","modified_gmt":"2018-04-25T14:43:11","slug":"pedro-sanchez-pide-a-rivera-responsabilidad-y-que-apoye-la-candidatura-de-gabilondo","status":"publish","type":"post","link":"https:\/\/www.eldigitaldeasturias.com\/noticias\/pedro-sanchez-pide-a-rivera-responsabilidad-y-que-apoye-la-candidatura-de-gabilondo\/","title":{"rendered":"Pedro S\u00e1nchez pide a Rivera \u201cresponsabilidad\u201d y que \u201capoye\u201d la candidatura de Gabilondo"},"content":{"rendered":"<p><img loading=\"lazy\" decoding=\"async\" class=\"alignleft size-medium wp-image-793321\" src=\"https:\/\/www.eldigitaldeasturias.com\/noticias\/wp-content\/uploads\/2015\/07\/pedro-sanchez-360x240.jpg\" alt=\"\" width=\"360\" height=\"240\" \/>El secretario general, Pedro S\u00e1nchez, ha pedido al l\u00edder de Ciudadanos, Albert Rivera, que reconsidere su postura, act\u00fae con \u201cresponsabilidad\u201d y \u201capoye\u201d la candidatura alternativa de \u00c1ngel Gabilondo para la presidencia de la CAM, tras la dimisi\u00f3n de Cifuentes.<\/p>\n<p>En entrevistas en Cuatro y La Sexta, S\u00e1nchez explic\u00f3 que ha mandado un mensaje a Rivera y tiene pendiente hablar con \u00e9l para ver \u201cc\u00f3mo podemos resolver la crisis institucional en Madrid\u201d. \u201cTodos debemos actuar con enormes dosis de generosidad y responsabilidad\u201d. Madrid necesita \u201cun gobierno que recupere el prestigio de las instituciones que ahora mismo est\u00e1n siendo da\u00f1adas por un partido que \u2013como bien ha dicho Rivera- est\u00e1 podrido de corrupci\u00f3n\u201d, en el que \u201cno puede haber ning\u00fan candidato limpio\u201d.<\/p>\n<p>\u201cEs importante que Rivera sea consecuente con sus propias palabras y, si como ha dicho hoy el PP es un partido podrido de corrupci\u00f3n, es evidente que ninguna de las manzanas que pongan encima de la mesa va a estar libre de esa sospecha\u201d, insisti\u00f3.<\/p>\n<p>En su opini\u00f3n, \u201clos madrile\u00f1os no se merecen responsables pol\u00edticos que busquen salidas al Partido Popular, sino que busquen salidas a la crisis de gobernabilidad que se est\u00e1 viviendo en Madrid\u201d. \u201cTenemos que dar carpetazo a esta p\u00e1gina, Madrid se merece una oportunidad\u201d que \u201ctiene al alcance de un esca\u00f1o\u201d de Ciudadanos.<\/p>\n<p>La oferta del PSOE, explic\u00f3 S\u00e1nchez, incluye \u201cun gobierno con personas de prestigio, vinculadas l\u00f3gicamente al PSOE, pero con un independiente al frente como \u00c1ngel Gabilondo. Un gobierno moderado, sereno, para recuperar y regenerar la vida democr\u00e1tica y las instituciones de Madrid\u201d.<\/p>\n<p>Record\u00f3 que Podemos no ha puesto ninguna condici\u00f3n para apoyarlo y ha subrayado que Rivera \u201ces quien tiene la sart\u00e9n por el mango y puede decidir si abrimos o no ese nuevo tiempo en la Comunidad de Madrid\u201d. \u201cHay que dar un paso al frente y nosotros estamos dispuestos a darlo\u201d, a\u00f1adi\u00f3.<\/p>\n<p>Consider\u00f3 que existen tambi\u00e9n \u201cresponsabilidad pol\u00edticas\u201d en el PP a nivel nacional, pues \u201cel video difundido hoy es de 2011\u201d, y \u201cposteriormente\u201d Cristina Cifuentes \u201cfue elegida por Rajoy delegada del Gobierno en Madrid, y en consecuencia coordinadora de los CFSE en esta comunidad, y luego aupada por Rajoy a la candidatura a la presidencia de la CAM\u201d.<\/p>\n","protected":false},"excerpt":{"rendered":"<p>El secretario general, Pedro S\u00e1nchez, ha pedido al l\u00edder de Ciudadanos, Albert Rivera, que reconsidere su postura, act\u00fae con \u201cresponsabilidad\u201d y \u201capoye\u201d la candidatura alternativa de \u00c1ngel Gabilondo para la presidencia de la CAM, tras la dimisi\u00f3n de Cifuentes. En entrevistas en Cuatro y La Sexta, S\u00e1nchez explic\u00f3 que ha mandado un mensaje a Rivera [&hellip;]<\/p>\n","protected":false},"author":1,"featured_media":793321,"comment_status":"closed","ping_status":"closed","sticky":false,"template":"","format":"standard","meta":{"footnotes":""},"categories":[1],"tags":[],"class_list":["post-977457","post","type-post","status-publish","format-standard","has-post-thumbnail","hentry","category-actualidad"],"aioseo_notices":[],"aioseo_head":"\n\t\t<!-- All in One SEO Pro 5.0.1 - aioseo.com -->\n\t<meta name=\"description\" content=\"El secretario general, Pedro S\u00e1nchez, ha pedido al l\u00edder de Ciudadanos, Albert Rivera, que reconsidere su postura, act\u00fae con \u201cresponsabilidad\u201d y \u201capoye\u201d la candidatura alternativa de \u00c1ngel Gabilondo para la presidencia de la CAM, tras la dimisi\u00f3n de Cifuentes. En entrevistas en Cuatro y La Sexta, S\u00e1nchez explic\u00f3 que ha mandado un mensaje a Rivera\" \/>\n\t<meta name=\"robots\" content=\"max-image-preview:large\" \/>\n\t<meta name=\"author\" content=\"El Digital de Asturias\"\/>\n\t<meta name=\"google-site-verification\" content=\"UA-38556648-1\" \/>\n\t<meta name=\"msvalidate.01\" content=\"7dfe9f3f1b24437ab69f4f2559babe99\" \/>\n\t<meta name=\"keywords\" content=\"actualidad\" \/>\n\t<link rel=\"canonical\" href=\"https:\/\/www.eldigitaldeasturias.com\/noticias\/pedro-sanchez-pide-a-rivera-responsabilidad-y-que-apoye-la-candidatura-de-gabilondo\/\" \/>\n\t<meta name=\"generator\" content=\"All in One SEO Pro (AIOSEO) 5.0.1\" \/>\n\t\t<meta property=\"og:locale\" content=\"es_ES\" \/>\n\t\t<meta property=\"og:site_name\" content=\"El Digital de Asturias\" \/>\n\t\t<meta property=\"og:type\" content=\"article\" \/>\n\t\t<meta property=\"og:title\" content=\"Pedro S\u00e1nchez pide a Rivera \u201cresponsabilidad\u201d y que \u201capoye\u201d la candidatura de Gabilondo - El Digital de Asturias\" \/>\n\t\t<meta property=\"og:description\" content=\"El secretario general, Pedro S\u00e1nchez, ha pedido al l\u00edder de Ciudadanos, Albert Rivera, que reconsidere su postura, act\u00fae con \u201cresponsabilidad\u201d y \u201capoye\u201d la candidatura alternativa de \u00c1ngel Gabilondo para la presidencia de la CAM, tras la dimisi\u00f3n de Cifuentes. En entrevistas en Cuatro y La Sexta, S\u00e1nchez explic\u00f3 que ha mandado un mensaje a Rivera\" \/>\n\t\t<meta property=\"og:url\" content=\"https:\/\/www.eldigitaldeasturias.com\/noticias\/pedro-sanchez-pide-a-rivera-responsabilidad-y-que-apoye-la-candidatura-de-gabilondo\/\" \/>\n\t\t<meta property=\"article:tag\" content=\"actualidad\" \/>\n\t\t<meta property=\"article:published_time\" content=\"2018-04-25T14:43:11+00:00\" \/>\n\t\t<meta property=\"article:modified_time\" content=\"2018-04-25T14:43:11+00:00\" \/>\n\t\t<meta property=\"article:publisher\" content=\"https:\/\/facebook.com\/eldigitaldeasturias\" \/>\n\t\t<meta name=\"twitter:card\" content=\"summary_large_image\" \/>\n\t\t<meta name=\"twitter:title\" content=\"Pedro S\u00e1nchez pide a Rivera \u201cresponsabilidad\u201d y que \u201capoye\u201d la candidatura de Gabilondo - El Digital de Asturias\" \/>\n\t\t<meta name=\"twitter:description\" content=\"El secretario general, Pedro S\u00e1nchez, ha pedido al l\u00edder de Ciudadanos, Albert Rivera, que reconsidere su postura, act\u00fae con \u201cresponsabilidad\u201d y \u201capoye\u201d la candidatura alternativa de \u00c1ngel Gabilondo para la presidencia de la CAM, tras la dimisi\u00f3n de Cifuentes. En entrevistas en Cuatro y La Sexta, S\u00e1nchez explic\u00f3 que ha mandado un mensaje a Rivera\" \/>\n\t\t<meta name=\"twitter:image\" content=\"https:\/\/www.eldigitaldeasturias.com\/noticias\/wp-content\/uploads\/2020\/12\/EDA-1.jpg\" \/>\n\t\t<meta name=\"twitter:label1\" content=\"Escrito por\" \/>\n\t\t<meta name=\"twitter:data1\" content=\"El Digital de Asturias\" \/>\n\t\t<meta name=\"twitter:label2\" content=\"Tiempo de lectura estimado\" \/>\n\t\t<meta name=\"twitter:data2\" content=\"2 minutos\" \/>\n\t\t<script type=\"application\/ld+json\" class=\"aioseo-schema\">\n\t\t\t{\"@context\":\"https:\\\/\\\/schema.org\",\"@graph\":[{\"@type\":\"BlogPosting\",\"@id\":\"https:\\\/\\\/www.eldigitaldeasturias.com\\\/noticias\\\/pedro-sanchez-pide-a-rivera-responsabilidad-y-que-apoye-la-candidatura-de-gabilondo\\\/#blogposting\",\"name\":\"Pedro S\\u00e1nchez pide a Rivera \\u201cresponsabilidad\\u201d y que \\u201capoye\\u201d la candidatura de Gabilondo - El Digital de Asturias\",\"headline\":\"Pedro S\\u00e1nchez pide a Rivera \\u201cresponsabilidad\\u201d y que \\u201capoye\\u201d la candidatura de Gabilondo\",\"author\":{\"@id\":\"https:\\\/\\\/www.eldigitaldeasturias.com\\\/noticias\\\/author\\\/admin\\\/#author\"},\"publisher\":{\"@id\":\"https:\\\/\\\/www.eldigitaldeasturias.com\\\/noticias\\\/#organization\"},\"image\":{\"@type\":\"ImageObject\",\"url\":793321},\"datePublished\":\"2018-04-25T14:43:11+02:00\",\"dateModified\":\"2018-04-25T14:43:11+02:00\",\"inLanguage\":\"es-ES\",\"mainEntityOfPage\":{\"@id\":\"https:\\\/\\\/www.eldigitaldeasturias.com\\\/noticias\\\/pedro-sanchez-pide-a-rivera-responsabilidad-y-que-apoye-la-candidatura-de-gabilondo\\\/#webpage\"},\"isPartOf\":{\"@id\":\"https:\\\/\\\/www.eldigitaldeasturias.com\\\/noticias\\\/pedro-sanchez-pide-a-rivera-responsabilidad-y-que-apoye-la-candidatura-de-gabilondo\\\/#webpage\"},\"articleSection\":\"Actualidad\"},{\"@type\":\"BreadcrumbList\",\"@id\":\"https:\\\/\\\/www.eldigitaldeasturias.com\\\/noticias\\\/pedro-sanchez-pide-a-rivera-responsabilidad-y-que-apoye-la-candidatura-de-gabilondo\\\/#breadcrumblist\",\"itemListElement\":[{\"@type\":\"ListItem\",\"@id\":\"https:\\\/\\\/www.eldigitaldeasturias.com\\\/noticias#listItem\",\"position\":1,\"name\":\"Home\",\"item\":\"https:\\\/\\\/www.eldigitaldeasturias.com\\\/noticias\",\"nextItem\":{\"@type\":\"ListItem\",\"@id\":\"https:\\\/\\\/www.eldigitaldeasturias.com\\\/noticias\\\/category\\\/actualidad\\\/#listItem\",\"name\":\"Actualidad\"}},{\"@type\":\"ListItem\",\"@id\":\"https:\\\/\\\/www.eldigitaldeasturias.com\\\/noticias\\\/category\\\/actualidad\\\/#listItem\",\"position\":2,\"name\":\"Actualidad\",\"item\":\"https:\\\/\\\/www.eldigitaldeasturias.com\\\/noticias\\\/category\\\/actualidad\\\/\",\"nextItem\":{\"@type\":\"ListItem\",\"@id\":\"https:\\\/\\\/www.eldigitaldeasturias.com\\\/noticias\\\/pedro-sanchez-pide-a-rivera-responsabilidad-y-que-apoye-la-candidatura-de-gabilondo\\\/#listItem\",\"name\":\"Pedro S\\u00e1nchez pide a Rivera \\u201cresponsabilidad\\u201d y que \\u201capoye\\u201d la candidatura de Gabilondo\"},\"previousItem\":{\"@type\":\"ListItem\",\"@id\":\"https:\\\/\\\/www.eldigitaldeasturias.com\\\/noticias#listItem\",\"name\":\"Home\"}},{\"@type\":\"ListItem\",\"@id\":\"https:\\\/\\\/www.eldigitaldeasturias.com\\\/noticias\\\/pedro-sanchez-pide-a-rivera-responsabilidad-y-que-apoye-la-candidatura-de-gabilondo\\\/#listItem\",\"position\":3,\"name\":\"Pedro S\\u00e1nchez pide a Rivera \\u201cresponsabilidad\\u201d y que \\u201capoye\\u201d la candidatura de Gabilondo\",\"previousItem\":{\"@type\":\"ListItem\",\"@id\":\"https:\\\/\\\/www.eldigitaldeasturias.com\\\/noticias\\\/category\\\/actualidad\\\/#listItem\",\"name\":\"Actualidad\"}}]},{\"@type\":\"Organization\",\"@id\":\"https:\\\/\\\/www.eldigitaldeasturias.com\\\/noticias\\\/#organization\",\"name\":\"El Digital de Asturias\",\"description\":\"Hemeroteca\",\"url\":\"https:\\\/\\\/www.eldigitaldeasturias.com\\\/noticias\\\/\",\"email\":\"info@eldigitaldeasturias.com\",\"telephone\":\"+34652131393\",\"logo\":{\"@type\":\"ImageObject\",\"url\":\"https:\\\/\\\/www.eldigitaldeasturias.com\\\/noticias\\\/wp-content\\\/uploads\\\/2020\\\/12\\\/EDA.jpg\",\"@id\":\"https:\\\/\\\/www.eldigitaldeasturias.com\\\/noticias\\\/pedro-sanchez-pide-a-rivera-responsabilidad-y-que-apoye-la-candidatura-de-gabilondo\\\/#organizationLogo\"},\"image\":{\"@id\":\"https:\\\/\\\/www.eldigitaldeasturias.com\\\/noticias\\\/pedro-sanchez-pide-a-rivera-responsabilidad-y-que-apoye-la-candidatura-de-gabilondo\\\/#organizationLogo\"},\"sameAs\":[\"https:\\\/\\\/facebook.com\\\/eldigitaldeasturias\",\"https:\\\/\\\/www.youtube.com\\\/channel\\\/UCZP-2wLEB9Rv6erhFmqVnvg\"],\"address\":{\"@id\":\"https:\\\/\\\/www.eldigitaldeasturias.com\\\/noticias\\\/#postaladdress\",\"@type\":\"PostalAddress\",\"streetAddress\":\"san antonio 4\",\"postalCode\":\"33430\",\"addressLocality\":\"Cand\\u00e1s\",\"addressRegion\":\"Asturias\",\"addressCountry\":\"ES\"}},{\"@type\":\"Person\",\"@id\":\"https:\\\/\\\/www.eldigitaldeasturias.com\\\/noticias\\\/author\\\/admin\\\/#author\",\"url\":\"https:\\\/\\\/www.eldigitaldeasturias.com\\\/noticias\\\/author\\\/admin\\\/\",\"name\":\"El Digital de Asturias\",\"image\":{\"@type\":\"ImageObject\",\"@id\":\"https:\\\/\\\/www.eldigitaldeasturias.com\\\/noticias\\\/pedro-sanchez-pide-a-rivera-responsabilidad-y-que-apoye-la-candidatura-de-gabilondo\\\/#authorImage\",\"url\":\"https:\\\/\\\/secure.gravatar.com\\\/avatar\\\/df2aeffc32bcd13f8d26072ef8a91b623d677766deac7f97ca815868cd41bf5e?s=96&d=mm&r=g\",\"width\":96,\"height\":96,\"caption\":\"El Digital de Asturias\"}},{\"@type\":\"WebPage\",\"@id\":\"https:\\\/\\\/www.eldigitaldeasturias.com\\\/noticias\\\/pedro-sanchez-pide-a-rivera-responsabilidad-y-que-apoye-la-candidatura-de-gabilondo\\\/#webpage\",\"url\":\"https:\\\/\\\/www.eldigitaldeasturias.com\\\/noticias\\\/pedro-sanchez-pide-a-rivera-responsabilidad-y-que-apoye-la-candidatura-de-gabilondo\\\/\",\"name\":\"Pedro S\\u00e1nchez pide a Rivera \\u201cresponsabilidad\\u201d y que \\u201capoye\\u201d la candidatura de Gabilondo - El Digital de Asturias\",\"description\":\"El secretario general, Pedro S\\u00e1nchez, ha pedido al l\\u00edder de Ciudadanos, Albert Rivera, que reconsidere su postura, act\\u00fae con \\u201cresponsabilidad\\u201d y \\u201capoye\\u201d la candidatura alternativa de \\u00c1ngel Gabilondo para la presidencia de la CAM, tras la dimisi\\u00f3n de Cifuentes. En entrevistas en Cuatro y La Sexta, S\\u00e1nchez explic\\u00f3 que ha mandado un mensaje a Rivera\",\"inLanguage\":\"es-ES\",\"isPartOf\":{\"@id\":\"https:\\\/\\\/www.eldigitaldeasturias.com\\\/noticias\\\/#website\"},\"breadcrumb\":{\"@id\":\"https:\\\/\\\/www.eldigitaldeasturias.com\\\/noticias\\\/pedro-sanchez-pide-a-rivera-responsabilidad-y-que-apoye-la-candidatura-de-gabilondo\\\/#breadcrumblist\"},\"author\":{\"@id\":\"https:\\\/\\\/www.eldigitaldeasturias.com\\\/noticias\\\/author\\\/admin\\\/#author\"},\"creator\":{\"@id\":\"https:\\\/\\\/www.eldigitaldeasturias.com\\\/noticias\\\/author\\\/admin\\\/#author\"},\"image\":{\"@type\":\"ImageObject\",\"url\":793321,\"@id\":\"https:\\\/\\\/www.eldigitaldeasturias.com\\\/noticias\\\/pedro-sanchez-pide-a-rivera-responsabilidad-y-que-apoye-la-candidatura-de-gabilondo\\\/#mainImage\"},\"primaryImageOfPage\":{\"@id\":\"https:\\\/\\\/www.eldigitaldeasturias.com\\\/noticias\\\/pedro-sanchez-pide-a-rivera-responsabilidad-y-que-apoye-la-candidatura-de-gabilondo\\\/#mainImage\"},\"datePublished\":\"2018-04-25T14:43:11+02:00\",\"dateModified\":\"2018-04-25T14:43:11+02:00\"},{\"@type\":\"WebSite\",\"@id\":\"https:\\\/\\\/www.eldigitaldeasturias.com\\\/noticias\\\/#website\",\"url\":\"https:\\\/\\\/www.eldigitaldeasturias.com\\\/noticias\\\/\",\"name\":\"El Digital de Asturias - Diario de actualidad y noticias\",\"alternateName\":\"El Digital de Asturias - Diario de actualidad y noticias\",\"description\":\"Hemeroteca\",\"inLanguage\":\"es-ES\",\"publisher\":{\"@id\":\"https:\\\/\\\/www.eldigitaldeasturias.com\\\/noticias\\\/#organization\"}}]}\n\t\t<\/script>\n\t\t<!-- All in One SEO Pro -->\r\n\t\t<title>Pedro S\u00e1nchez pide a Rivera \u201cresponsabilidad\u201d y que \u201capoye\u201d la candidatura de Gabilondo - El Digital de Asturias<\/title>\n\n","aioseo_head_json":{"title":"Pedro S\u00e1nchez pide a Rivera \u201cresponsabilidad\u201d y que \u201capoye\u201d la candidatura de Gabilondo - El Digital de Asturias","description":"El secretario general, Pedro S\u00e1nchez, ha pedido al l\u00edder de Ciudadanos, Albert Rivera, que reconsidere su postura, act\u00fae con \u201cresponsabilidad\u201d y \u201capoye\u201d la candidatura alternativa de \u00c1ngel Gabilondo para la presidencia de la CAM, tras la dimisi\u00f3n de Cifuentes. En entrevistas en Cuatro y La Sexta, S\u00e1nchez explic\u00f3 que ha mandado un mensaje a Rivera","canonical_url":"https:\/\/www.eldigitaldeasturias.com\/noticias\/pedro-sanchez-pide-a-rivera-responsabilidad-y-que-apoye-la-candidatura-de-gabilondo\/","robots":"max-image-preview:large","keywords":"actualidad","webmasterTools":{"google-site-verification":"UA-38556648-1","msvalidate.01":"7dfe9f3f1b24437ab69f4f2559babe99","miscellaneous":""},"schema":{"@context":"https:\/\/schema.org","@graph":[{"@type":"BlogPosting","@id":"https:\/\/www.eldigitaldeasturias.com\/noticias\/pedro-sanchez-pide-a-rivera-responsabilidad-y-que-apoye-la-candidatura-de-gabilondo\/#blogposting","name":"Pedro S\u00e1nchez pide a Rivera \u201cresponsabilidad\u201d y que \u201capoye\u201d la candidatura de Gabilondo - El Digital de Asturias","headline":"Pedro S\u00e1nchez pide a Rivera \u201cresponsabilidad\u201d y que \u201capoye\u201d la candidatura de Gabilondo","author":{"@id":"https:\/\/www.eldigitaldeasturias.com\/noticias\/author\/admin\/#author"},"publisher":{"@id":"https:\/\/www.eldigitaldeasturias.com\/noticias\/#organization"},"image":{"@type":"ImageObject","url":793321},"datePublished":"2018-04-25T14:43:11+02:00","dateModified":"2018-04-25T14:43:11+02:00","inLanguage":"es-ES","mainEntityOfPage":{"@id":"https:\/\/www.eldigitaldeasturias.com\/noticias\/pedro-sanchez-pide-a-rivera-responsabilidad-y-que-apoye-la-candidatura-de-gabilondo\/#webpage"},"isPartOf":{"@id":"https:\/\/www.eldigitaldeasturias.com\/noticias\/pedro-sanchez-pide-a-rivera-responsabilidad-y-que-apoye-la-candidatura-de-gabilondo\/#webpage"},"articleSection":"Actualidad"},{"@type":"BreadcrumbList","@id":"https:\/\/www.eldigitaldeasturias.com\/noticias\/pedro-sanchez-pide-a-rivera-responsabilidad-y-que-apoye-la-candidatura-de-gabilondo\/#breadcrumblist","itemListElement":[{"@type":"ListItem","@id":"https:\/\/www.eldigitaldeasturias.com\/noticias#listItem","position":1,"name":"Home","item":"https:\/\/www.eldigitaldeasturias.com\/noticias","nextItem":{"@type":"ListItem","@id":"https:\/\/www.eldigitaldeasturias.com\/noticias\/category\/actualidad\/#listItem","name":"Actualidad"}},{"@type":"ListItem","@id":"https:\/\/www.eldigitaldeasturias.com\/noticias\/category\/actualidad\/#listItem","position":2,"name":"Actualidad","item":"https:\/\/www.eldigitaldeasturias.com\/noticias\/category\/actualidad\/","nextItem":{"@type":"ListItem","@id":"https:\/\/www.eldigitaldeasturias.com\/noticias\/pedro-sanchez-pide-a-rivera-responsabilidad-y-que-apoye-la-candidatura-de-gabilondo\/#listItem","name":"Pedro S\u00e1nchez pide a Rivera \u201cresponsabilidad\u201d y que \u201capoye\u201d la candidatura de Gabilondo"},"previousItem":{"@type":"ListItem","@id":"https:\/\/www.eldigitaldeasturias.com\/noticias#listItem","name":"Home"}},{"@type":"ListItem","@id":"https:\/\/www.eldigitaldeasturias.com\/noticias\/pedro-sanchez-pide-a-rivera-responsabilidad-y-que-apoye-la-candidatura-de-gabilondo\/#listItem","position":3,"name":"Pedro S\u00e1nchez pide a Rivera \u201cresponsabilidad\u201d y que \u201capoye\u201d la candidatura de Gabilondo","previousItem":{"@type":"ListItem","@id":"https:\/\/www.eldigitaldeasturias.com\/noticias\/category\/actualidad\/#listItem","name":"Actualidad"}}]},{"@type":"Organization","@id":"https:\/\/www.eldigitaldeasturias.com\/noticias\/#organization","name":"El Digital de Asturias","description":"Hemeroteca","url":"https:\/\/www.eldigitaldeasturias.com\/noticias\/","email":"info@eldigitaldeasturias.com","telephone":"+34652131393","logo":{"@type":"ImageObject","url":"https:\/\/www.eldigitaldeasturias.com\/noticias\/wp-content\/uploads\/2020\/12\/EDA.jpg","@id":"https:\/\/www.eldigitaldeasturias.com\/noticias\/pedro-sanchez-pide-a-rivera-responsabilidad-y-que-apoye-la-candidatura-de-gabilondo\/#organizationLogo"},"image":{"@id":"https:\/\/www.eldigitaldeasturias.com\/noticias\/pedro-sanchez-pide-a-rivera-responsabilidad-y-que-apoye-la-candidatura-de-gabilondo\/#organizationLogo"},"sameAs":["https:\/\/facebook.com\/eldigitaldeasturias","https:\/\/www.youtube.com\/channel\/UCZP-2wLEB9Rv6erhFmqVnvg"],"address":{"@id":"https:\/\/www.eldigitaldeasturias.com\/noticias\/#postaladdress","@type":"PostalAddress","streetAddress":"san antonio 4","postalCode":"33430","addressLocality":"Cand\u00e1s","addressRegion":"Asturias","addressCountry":"ES"}},{"@type":"Person","@id":"https:\/\/www.eldigitaldeasturias.com\/noticias\/author\/admin\/#author","url":"https:\/\/www.eldigitaldeasturias.com\/noticias\/author\/admin\/","name":"El Digital de Asturias","image":{"@type":"ImageObject","@id":"https:\/\/www.eldigitaldeasturias.com\/noticias\/pedro-sanchez-pide-a-rivera-responsabilidad-y-que-apoye-la-candidatura-de-gabilondo\/#authorImage","url":"https:\/\/secure.gravatar.com\/avatar\/df2aeffc32bcd13f8d26072ef8a91b623d677766deac7f97ca815868cd41bf5e?s=96&d=mm&r=g","width":96,"height":96,"caption":"El Digital de Asturias"}},{"@type":"WebPage","@id":"https:\/\/www.eldigitaldeasturias.com\/noticias\/pedro-sanchez-pide-a-rivera-responsabilidad-y-que-apoye-la-candidatura-de-gabilondo\/#webpage","url":"https:\/\/www.eldigitaldeasturias.com\/noticias\/pedro-sanchez-pide-a-rivera-responsabilidad-y-que-apoye-la-candidatura-de-gabilondo\/","name":"Pedro S\u00e1nchez pide a Rivera \u201cresponsabilidad\u201d y que \u201capoye\u201d la candidatura de Gabilondo - El Digital de Asturias","description":"El secretario general, Pedro S\u00e1nchez, ha pedido al l\u00edder de Ciudadanos, Albert Rivera, que reconsidere su postura, act\u00fae con \u201cresponsabilidad\u201d y \u201capoye\u201d la candidatura alternativa de \u00c1ngel Gabilondo para la presidencia de la CAM, tras la dimisi\u00f3n de Cifuentes. En entrevistas en Cuatro y La Sexta, S\u00e1nchez explic\u00f3 que ha mandado un mensaje a Rivera","inLanguage":"es-ES","isPartOf":{"@id":"https:\/\/www.eldigitaldeasturias.com\/noticias\/#website"},"breadcrumb":{"@id":"https:\/\/www.eldigitaldeasturias.com\/noticias\/pedro-sanchez-pide-a-rivera-responsabilidad-y-que-apoye-la-candidatura-de-gabilondo\/#breadcrumblist"},"author":{"@id":"https:\/\/www.eldigitaldeasturias.com\/noticias\/author\/admin\/#author"},"creator":{"@id":"https:\/\/www.eldigitaldeasturias.com\/noticias\/author\/admin\/#author"},"image":{"@type":"ImageObject","url":793321,"@id":"https:\/\/www.eldigitaldeasturias.com\/noticias\/pedro-sanchez-pide-a-rivera-responsabilidad-y-que-apoye-la-candidatura-de-gabilondo\/#mainImage"},"primaryImageOfPage":{"@id":"https:\/\/www.eldigitaldeasturias.com\/noticias\/pedro-sanchez-pide-a-rivera-responsabilidad-y-que-apoye-la-candidatura-de-gabilondo\/#mainImage"},"datePublished":"2018-04-25T14:43:11+02:00","dateModified":"2018-04-25T14:43:11+02:00"},{"@type":"WebSite","@id":"https:\/\/www.eldigitaldeasturias.com\/noticias\/#website","url":"https:\/\/www.eldigitaldeasturias.com\/noticias\/","name":"El Digital de Asturias - Diario de actualidad y noticias","alternateName":"El Digital de Asturias - Diario de actualidad y noticias","description":"Hemeroteca","inLanguage":"es-ES","publisher":{"@id":"https:\/\/www.eldigitaldeasturias.com\/noticias\/#organization"}}]},"og:locale":"es_ES","og:site_name":"El Digital de Asturias","og:type":"article","og:title":"Pedro S\u00e1nchez pide a Rivera \u201cresponsabilidad\u201d y que \u201capoye\u201d la candidatura de Gabilondo - El Digital de Asturias","og:description":"El secretario general, Pedro S\u00e1nchez, ha pedido al l\u00edder de Ciudadanos, Albert Rivera, que reconsidere su postura, act\u00fae con \u201cresponsabilidad\u201d y \u201capoye\u201d la candidatura alternativa de \u00c1ngel Gabilondo para la presidencia de la CAM, tras la dimisi\u00f3n de Cifuentes. En entrevistas en Cuatro y La Sexta, S\u00e1nchez explic\u00f3 que ha mandado un mensaje a Rivera","og:url":"https:\/\/www.eldigitaldeasturias.com\/noticias\/pedro-sanchez-pide-a-rivera-responsabilidad-y-que-apoye-la-candidatura-de-gabilondo\/","article:tag":["actualidad"],"article:published_time":"2018-04-25T14:43:11+00:00","article:modified_time":"2018-04-25T14:43:11+00:00","article:publisher":"https:\/\/facebook.com\/eldigitaldeasturias","twitter:card":"summary_large_image","twitter:title":"Pedro S\u00e1nchez pide a Rivera \u201cresponsabilidad\u201d y que \u201capoye\u201d la candidatura de Gabilondo - El Digital de Asturias","twitter:description":"El secretario general, Pedro S\u00e1nchez, ha pedido al l\u00edder de Ciudadanos, Albert Rivera, que reconsidere su postura, act\u00fae con \u201cresponsabilidad\u201d y \u201capoye\u201d la candidatura alternativa de \u00c1ngel Gabilondo para la presidencia de la CAM, tras la dimisi\u00f3n de Cifuentes. En entrevistas en Cuatro y La Sexta, S\u00e1nchez explic\u00f3 que ha mandado un mensaje a Rivera","twitter:image":"https:\/\/www.eldigitaldeasturias.com\/noticias\/wp-content\/uploads\/2020\/12\/EDA-1.jpg","twitter:label1":"Escrito por","twitter:data1":"El Digital de Asturias","twitter:label2":"Tiempo de lectura estimado","twitter:data2":"2 minutos"},"aioseo_meta_data":{"post_id":"977457","title":null,"description":null,"keywords":null,"keyphrases":null,"primary_term":null,"canonical_url":null,"og_title":null,"og_description":null,"og_object_type":"default","og_image_type":"default","og_image_url":null,"og_image_width":null,"og_image_height":null,"og_image_custom_url":null,"og_image_custom_fields":null,"og_video":null,"og_custom_url":null,"og_article_section":null,"og_article_tags":null,"twitter_use_og":false,"twitter_card":"default","twitter_image_type":"default","twitter_image_url":null,"twitter_image_custom_url":null,"twitter_image_custom_fields":null,"twitter_title":null,"twitter_description":null,"schema":{"blockGraphs":[],"customGraphs":[],"default":{"data":{"Article":[],"Course":[],"Dataset":[],"FAQPage":[],"Movie":[],"Person":[],"Product":[],"ProductReview":[],"Car":[],"Recipe":[],"Service":[],"SoftwareApplication":[],"WebPage":[]},"graphName":"","isEnabled":true},"graphs":[],"defaultGraph":"","defaultPostTypeGraph":""},"schema_type":null,"schema_type_options":null,"pillar_content":false,"robots_default":true,"robots_noindex":false,"robots_noarchive":false,"robots_nosnippet":false,"robots_nofollow":false,"robots_noimageindex":false,"robots_noodp":false,"robots_notranslate":false,"robots_max_snippet":null,"robots_max_videopreview":null,"robots_max_imagepreview":"large","priority":null,"frequency":null,"local_seo":null,"seo_analyzer_scan_date":"2025-10-08 07:27:59","breadcrumb_settings":null,"limit_modified_date":false,"open_ai":null,"ai":null,"created":"2020-12-21 12:05:37","updated":"2025-10-08 07:27:59","focus_keyword":null,"additional_keywords":null,"truseo_locale":null},"aioseo_breadcrumb":"<div class=\"aioseo-breadcrumbs\"><span class=\"aioseo-breadcrumb\">\n\t<a href=\"https:\/\/www.eldigitaldeasturias.com\/noticias\" title=\"Home\">Home<\/a>\n<\/span><span class=\"aioseo-breadcrumb-separator\">\u2013<\/span><span class=\"aioseo-breadcrumb\">\n\t<a href=\"https:\/\/www.eldigitaldeasturias.com\/noticias\/category\/actualidad\/\" title=\"Actualidad\">Actualidad<\/a>\n<\/span><span class=\"aioseo-breadcrumb-separator\">\u2013<\/span><span class=\"aioseo-breadcrumb\">\n\t<a href=\"https:\/\/www.eldigitaldeasturias.com\/noticias\/pedro-sanchez-pide-a-rivera-responsabilidad-y-que-apoye-la-candidatura-de-gabilondo\/\" title=\"Pedro S\u00e1nchez pide a Rivera \u201cresponsabilidad\u201d y que \u201capoye\u201d la candidatura de Gabilondo\">Pedro S\u00e1nchez pide a Rivera \u201cresponsabilidad\u201d y que \u201capoye\u201d la candidatura de Gabilondo<\/a>\n<\/span><\/div>","aioseo_breadcrumb_json":[{"label":"Home","link":"https:\/\/www.eldigitaldeasturias.com\/noticias"},{"label":"Actualidad","link":"https:\/\/www.eldigitaldeasturias.com\/noticias\/category\/actualidad\/"},{"label":"Pedro S\u00e1nchez pide a Rivera \u201cresponsabilidad\u201d y que \u201capoye\u201d la candidatura de Gabilondo","link":"https:\/\/www.eldigitaldeasturias.com\/noticias\/pedro-sanchez-pide-a-rivera-responsabilidad-y-que-apoye-la-candidatura-de-gabilondo\/"}],"_links":{"self":[{"href":"https:\/\/www.eldigitaldeasturias.com\/noticias\/wp-json\/wp\/v2\/posts\/977457","targetHints":{"allow":["GET"]}}],"collection":[{"href":"https:\/\/www.eldigitaldeasturias.com\/noticias\/wp-json\/wp\/v2\/posts"}],"about":[{"href":"https:\/\/www.eldigitaldeasturias.com\/noticias\/wp-json\/wp\/v2\/types\/post"}],"author":[{"embeddable":true,"href":"https:\/\/www.eldigitaldeasturias.com\/noticias\/wp-json\/wp\/v2\/users\/1"}],"replies":[{"embeddable":true,"href":"https:\/\/www.eldigitaldeasturias.com\/noticias\/wp-json\/wp\/v2\/comments?post=977457"}],"version-history":[{"count":0,"href":"https:\/\/www.eldigitaldeasturias.com\/noticias\/wp-json\/wp\/v2\/posts\/977457\/revisions"}],"wp:attachment":[{"href":"https:\/\/www.eldigitaldeasturias.com\/noticias\/wp-json\/wp\/v2\/media?parent=977457"}],"wp:term":[{"taxonomy":"category","embeddable":true,"href":"https:\/\/www.eldigitaldeasturias.com\/noticias\/wp-json\/wp\/v2\/categories?post=977457"},{"taxonomy":"post_tag","embeddable":true,"href":"https:\/\/www.eldigitaldeasturias.com\/noticias\/wp-json\/wp\/v2\/tags?post=977457"}],"curies":[{"name":"wp","href":"https:\/\/api.w.org\/{rel}","templated":true}]}}