{"id":977443,"date":"2018-04-24T23:19:22","date_gmt":"2018-04-24T23:19:22","guid":{"rendered":"http:\/\/www.eldigitaldeasturias.com\/noticias\/?p=977443"},"modified":"2018-04-24T23:19:22","modified_gmt":"2018-04-24T23:19:22","slug":"el-gobierno-de-nicaragua-libera-presos-y-restituye-senal-de-television","status":"publish","type":"post","link":"https:\/\/www.eldigitaldeasturias.com\/noticias\/el-gobierno-de-nicaragua-libera-presos-y-restituye-senal-de-television\/","title":{"rendered":"El Gobierno de Nicaragua libera presos y restituye se\u00f1al de televisi\u00f3n"},"content":{"rendered":"<p><img loading=\"lazy\" decoding=\"async\" class=\"alignleft size-medium wp-image-581461\" src=\"https:\/\/www.eldigitaldeasturias.com\/noticias\/wp-content\/uploads\/2014\/08\/6555334w-360x241.jpg\" alt=\"\" width=\"360\" height=\"241\" \/>Managua, 24 abr (dpa) &#8211; La Polic\u00eda de Nicaragua confirm\u00f3 hoy que dej\u00f3 en libertad a los detenidos durante protestas en seis ciudades del pa\u00eds contra el Gobierno del presidente Daniel Ortega, inform\u00f3 el portal oficial \u00abEl 19\u00bb.<\/p>\n<p>Adem\u00e1s de los detenidos, extraoficialmente se reporta casi una treintena de muertos y decenas de heridos en las protestas, en su mayor\u00eda j\u00f3venes. Dos polic\u00edas y un periodista se encuentran entre los fallecidos, pero el Gobierno no ha confirmado la cifra de v\u00edctimas.<\/p>\n<p>Mientras tanto, el canal 15 (100 por ciento Noticias), cuya se\u00f1al de cable permanec\u00eda bloqueada, volvi\u00f3 al aire esta tarde despu\u00e9s de seis d\u00edas de censura gubernamental, inform\u00f3 la direcci\u00f3n de la televisora.<\/p>\n<p>El segundo jefe policial, comisionado Francisco D\u00edaz, se\u00f1al\u00f3 en rueda de prensa que los detenidos fueron entregados \u00aba sus familiares y a comisiones de sacerdotes cat\u00f3licos\u00bb, sin precisar la cantidad ni la identidad de los liberados.<\/p>\n<p>El Centro Nicarag\u00fcense de Derechos Humanos (Cenidh) exigi\u00f3 al Gobierno revelar la lista de excarcelados. La abogada Vilma N\u00fa\u00f1ez, presidenta del Cenidh, inform\u00f3 a dpa que durante las protestas recibi\u00f3 denuncias de al menos 150 detenciones por parte de la Polic\u00eda, de las cuales pudieron confirmar 48.<\/p>\n<p>Seg\u00fan el asesor legal de la Comisi\u00f3n Permanente de Derechos Humanos (CPDH), Marcos Carmona, m\u00e1s de 200 personas personas permanecen arrestadas en Managua y otras 60 est\u00e1n desaparecidas. El diario \u00abLa Prensa\u00bb, citando universitarios, se\u00f1al\u00f3 que en Le\u00f3n (occidente) la Polic\u00eda tiene m\u00e1s de 100 detenidos.<\/p>\n<p>La televisi\u00f3n local entrevist\u00f3 a algunos j\u00f3venes excarcelados que dijeron haber sido abandonados por la Polic\u00eda en las carreteras, descalzos, con el cabello rapado y trar ser despojados de todas sus pertenencias.<\/p>\n<p>\u00abA m\u00ed me agarr\u00f3 un grupo de la Juventud Sandinista en la Universidad de Ingenier\u00eda (UNI), me golpearon y me robaron todo, el celular, dinero, ropa, zapatos. Me entregaron a la Polic\u00eda y ellos me siguieron golpeando\u00bb, relat\u00f3 al diario \u00abLa Prensa\u00bb uno de los liberados, que no quiso identificarse.<\/p>\n<p>Sergio Meza, otro de los liberados, dijo que fue arrestado por apoyar las protestas. \u00abMe esposaron, me golpearon y me robaron el celular. En la (c\u00e1rcel) Modelo dorm\u00edamos en el piso sobre agua. Nos trataron peor que a perros, nos torturaron y los polic\u00edas hac\u00edan fila para golpearnos y patearnos\u00bb, asegur\u00f3.<\/p>\n<p>Medios de prensa reportaron este martes la muerte de dos varones que estaban desaparecidos y cuyos restos fueron llevados al Instituto de Medicina Legal en Managua.<\/p>\n<p>El conflicto estall\u00f3 hace una semana por una pol\u00e9mica reforma al Seguro Social que aumentaba las cuotas de unos 700.000 empleados del sector formal y empresarios, y que finalmente fue derogada por Ortega el domingo.<\/p>\n<p>Dirigentes estudiantiles han dicho que seguir\u00e1n protestando pese a la derogaci\u00f3n de la reforma, \u00abhasta que Ortega se vaya\u00bb, porque consideran que mantiene una \u00abdictadura familiar\u00bb, que se ha reelegido mediante fraudes y que no permite a los opositores expresarse ni realizar movilizaciones pol\u00edticas libremente.<\/p>\n<p>\u00abNo queremos di\u00e1logo, vamos a estar en las calles hasta que Ortega suelte el poder y se instale un Gobierno de transici\u00f3n\u00bb, dijo un estudiante que omiti\u00f3 su identidad y permanec\u00eda con otros manifestantes atrincherados en la Universidad Polit\u00e9cnica.<\/p>\n<p>No obstante, la vicepresidenta Rosario Murillo declar\u00f3 que el pa\u00eds ha vuelto a la calma despu\u00e9s de una semana de violencia. \u201cPoco a poco se va retornando a la normalidad\u201d, dijo Murillo a medios oficiales.<\/p>\n<p>Tambi\u00e9n agradeci\u00f3 el respaldo del Parlamento, dominado por el oficialismo, que este martes aprob\u00f3 una resoluci\u00f3n de apoyo al di\u00e1logo entre el Ejecutivo y el sector privado, cuya fecha de inicio y agenda no han sido divulgados.<\/p>\n<p>Con cartulinas que ped\u00edan \u00abdi\u00e1logo y paz, no a la violencia\u00bb diputados oficialistas y opositores se enfrentaron a gritos este martes en el recinto legislativo, que alberga a 91 parlamentarios.<\/p>\n<p>Por Gabriela Selser (dpa)<\/p>\n","protected":false},"excerpt":{"rendered":"<p>Managua, 24 abr (dpa) &#8211; La Polic\u00eda de Nicaragua confirm\u00f3 hoy que dej\u00f3 en libertad a los detenidos durante protestas en seis ciudades del pa\u00eds contra el Gobierno del presidente Daniel Ortega, inform\u00f3 el portal oficial \u00abEl 19\u00bb. Adem\u00e1s de los detenidos, extraoficialmente se reporta casi una treintena de muertos y decenas de heridos en [&hellip;]<\/p>\n","protected":false},"author":1,"featured_media":581461,"comment_status":"closed","ping_status":"closed","sticky":false,"template":"","format":"standard","meta":{"footnotes":""},"categories":[1],"tags":[],"class_list":["post-977443","post","type-post","status-publish","format-standard","has-post-thumbnail","hentry","category-actualidad"],"aioseo_notices":[],"aioseo_head":"\n\t\t<!-- All in One SEO Pro 5.0.1 - aioseo.com -->\n\t<meta name=\"description\" content=\"Managua, 24 abr (dpa) - La Polic\u00eda de Nicaragua confirm\u00f3 hoy que dej\u00f3 en libertad a los detenidos durante protestas en seis ciudades del pa\u00eds contra el Gobierno del presidente Daniel Ortega, inform\u00f3 el portal oficial &quot;El 19&quot;. Adem\u00e1s de los detenidos, extraoficialmente se reporta casi una treintena de muertos y decenas de heridos en\" \/>\n\t<meta name=\"robots\" content=\"max-image-preview:large\" \/>\n\t<meta name=\"author\" content=\"El Digital de Asturias\"\/>\n\t<meta name=\"google-site-verification\" content=\"UA-38556648-1\" \/>\n\t<meta name=\"msvalidate.01\" content=\"7dfe9f3f1b24437ab69f4f2559babe99\" \/>\n\t<meta name=\"keywords\" content=\"actualidad\" \/>\n\t<link rel=\"canonical\" href=\"https:\/\/www.eldigitaldeasturias.com\/noticias\/el-gobierno-de-nicaragua-libera-presos-y-restituye-senal-de-television\/\" \/>\n\t<meta name=\"generator\" content=\"All in One SEO Pro (AIOSEO) 5.0.1\" \/>\n\t\t<meta property=\"og:locale\" content=\"es_ES\" \/>\n\t\t<meta property=\"og:site_name\" content=\"El Digital de Asturias\" \/>\n\t\t<meta property=\"og:type\" content=\"article\" \/>\n\t\t<meta property=\"og:title\" content=\"El Gobierno de Nicaragua libera presos y restituye se\u00f1al de televisi\u00f3n - El Digital de Asturias\" \/>\n\t\t<meta property=\"og:description\" content=\"Managua, 24 abr (dpa) - La Polic\u00eda de Nicaragua confirm\u00f3 hoy que dej\u00f3 en libertad a los detenidos durante protestas en seis ciudades del pa\u00eds contra el Gobierno del presidente Daniel Ortega, inform\u00f3 el portal oficial &quot;El 19&quot;. Adem\u00e1s de los detenidos, extraoficialmente se reporta casi una treintena de muertos y decenas de heridos en\" \/>\n\t\t<meta property=\"og:url\" content=\"https:\/\/www.eldigitaldeasturias.com\/noticias\/el-gobierno-de-nicaragua-libera-presos-y-restituye-senal-de-television\/\" \/>\n\t\t<meta property=\"article:tag\" content=\"actualidad\" \/>\n\t\t<meta property=\"article:published_time\" content=\"2018-04-24T23:19:22+00:00\" \/>\n\t\t<meta property=\"article:modified_time\" content=\"2018-04-24T23:19:22+00:00\" \/>\n\t\t<meta property=\"article:publisher\" content=\"https:\/\/facebook.com\/eldigitaldeasturias\" \/>\n\t\t<meta name=\"twitter:card\" content=\"summary_large_image\" \/>\n\t\t<meta name=\"twitter:title\" content=\"El Gobierno de Nicaragua libera presos y restituye se\u00f1al de televisi\u00f3n - El Digital de Asturias\" \/>\n\t\t<meta name=\"twitter:description\" content=\"Managua, 24 abr (dpa) - La Polic\u00eda de Nicaragua confirm\u00f3 hoy que dej\u00f3 en libertad a los detenidos durante protestas en seis ciudades del pa\u00eds contra el Gobierno del presidente Daniel Ortega, inform\u00f3 el portal oficial &quot;El 19&quot;. Adem\u00e1s de los detenidos, extraoficialmente se reporta casi una treintena de muertos y decenas de heridos en\" \/>\n\t\t<meta name=\"twitter:image\" content=\"https:\/\/www.eldigitaldeasturias.com\/noticias\/wp-content\/uploads\/2020\/12\/EDA-1.jpg\" \/>\n\t\t<meta name=\"twitter:label1\" content=\"Escrito por\" \/>\n\t\t<meta name=\"twitter:data1\" content=\"El Digital de Asturias\" \/>\n\t\t<meta name=\"twitter:label2\" content=\"Tiempo de lectura estimado\" \/>\n\t\t<meta name=\"twitter:data2\" content=\"3 minutos\" \/>\n\t\t<script type=\"application\/ld+json\" class=\"aioseo-schema\">\n\t\t\t{\"@context\":\"https:\\\/\\\/schema.org\",\"@graph\":[{\"@type\":\"BlogPosting\",\"@id\":\"https:\\\/\\\/www.eldigitaldeasturias.com\\\/noticias\\\/el-gobierno-de-nicaragua-libera-presos-y-restituye-senal-de-television\\\/#blogposting\",\"name\":\"El Gobierno de Nicaragua libera presos y restituye se\\u00f1al de televisi\\u00f3n - El Digital de Asturias\",\"headline\":\"El Gobierno de Nicaragua libera presos y restituye se\\u00f1al de televisi\\u00f3n\",\"author\":{\"@id\":\"https:\\\/\\\/www.eldigitaldeasturias.com\\\/noticias\\\/author\\\/admin\\\/#author\"},\"publisher\":{\"@id\":\"https:\\\/\\\/www.eldigitaldeasturias.com\\\/noticias\\\/#organization\"},\"image\":{\"@type\":\"ImageObject\",\"url\":581461},\"datePublished\":\"2018-04-24T23:19:22+02:00\",\"dateModified\":\"2018-04-24T23:19:22+02:00\",\"inLanguage\":\"es-ES\",\"mainEntityOfPage\":{\"@id\":\"https:\\\/\\\/www.eldigitaldeasturias.com\\\/noticias\\\/el-gobierno-de-nicaragua-libera-presos-y-restituye-senal-de-television\\\/#webpage\"},\"isPartOf\":{\"@id\":\"https:\\\/\\\/www.eldigitaldeasturias.com\\\/noticias\\\/el-gobierno-de-nicaragua-libera-presos-y-restituye-senal-de-television\\\/#webpage\"},\"articleSection\":\"Actualidad\"},{\"@type\":\"BreadcrumbList\",\"@id\":\"https:\\\/\\\/www.eldigitaldeasturias.com\\\/noticias\\\/el-gobierno-de-nicaragua-libera-presos-y-restituye-senal-de-television\\\/#breadcrumblist\",\"itemListElement\":[{\"@type\":\"ListItem\",\"@id\":\"https:\\\/\\\/www.eldigitaldeasturias.com\\\/noticias#listItem\",\"position\":1,\"name\":\"Home\",\"item\":\"https:\\\/\\\/www.eldigitaldeasturias.com\\\/noticias\",\"nextItem\":{\"@type\":\"ListItem\",\"@id\":\"https:\\\/\\\/www.eldigitaldeasturias.com\\\/noticias\\\/category\\\/actualidad\\\/#listItem\",\"name\":\"Actualidad\"}},{\"@type\":\"ListItem\",\"@id\":\"https:\\\/\\\/www.eldigitaldeasturias.com\\\/noticias\\\/category\\\/actualidad\\\/#listItem\",\"position\":2,\"name\":\"Actualidad\",\"item\":\"https:\\\/\\\/www.eldigitaldeasturias.com\\\/noticias\\\/category\\\/actualidad\\\/\",\"nextItem\":{\"@type\":\"ListItem\",\"@id\":\"https:\\\/\\\/www.eldigitaldeasturias.com\\\/noticias\\\/el-gobierno-de-nicaragua-libera-presos-y-restituye-senal-de-television\\\/#listItem\",\"name\":\"El Gobierno de Nicaragua libera presos y restituye se\\u00f1al de televisi\\u00f3n\"},\"previousItem\":{\"@type\":\"ListItem\",\"@id\":\"https:\\\/\\\/www.eldigitaldeasturias.com\\\/noticias#listItem\",\"name\":\"Home\"}},{\"@type\":\"ListItem\",\"@id\":\"https:\\\/\\\/www.eldigitaldeasturias.com\\\/noticias\\\/el-gobierno-de-nicaragua-libera-presos-y-restituye-senal-de-television\\\/#listItem\",\"position\":3,\"name\":\"El Gobierno de Nicaragua libera presos y restituye se\\u00f1al de televisi\\u00f3n\",\"previousItem\":{\"@type\":\"ListItem\",\"@id\":\"https:\\\/\\\/www.eldigitaldeasturias.com\\\/noticias\\\/category\\\/actualidad\\\/#listItem\",\"name\":\"Actualidad\"}}]},{\"@type\":\"Organization\",\"@id\":\"https:\\\/\\\/www.eldigitaldeasturias.com\\\/noticias\\\/#organization\",\"name\":\"El Digital de Asturias\",\"description\":\"Hemeroteca\",\"url\":\"https:\\\/\\\/www.eldigitaldeasturias.com\\\/noticias\\\/\",\"email\":\"info@eldigitaldeasturias.com\",\"telephone\":\"+34652131393\",\"logo\":{\"@type\":\"ImageObject\",\"url\":\"https:\\\/\\\/www.eldigitaldeasturias.com\\\/noticias\\\/wp-content\\\/uploads\\\/2020\\\/12\\\/EDA.jpg\",\"@id\":\"https:\\\/\\\/www.eldigitaldeasturias.com\\\/noticias\\\/el-gobierno-de-nicaragua-libera-presos-y-restituye-senal-de-television\\\/#organizationLogo\"},\"image\":{\"@id\":\"https:\\\/\\\/www.eldigitaldeasturias.com\\\/noticias\\\/el-gobierno-de-nicaragua-libera-presos-y-restituye-senal-de-television\\\/#organizationLogo\"},\"sameAs\":[\"https:\\\/\\\/facebook.com\\\/eldigitaldeasturias\",\"https:\\\/\\\/www.youtube.com\\\/channel\\\/UCZP-2wLEB9Rv6erhFmqVnvg\"],\"address\":{\"@id\":\"https:\\\/\\\/www.eldigitaldeasturias.com\\\/noticias\\\/#postaladdress\",\"@type\":\"PostalAddress\",\"streetAddress\":\"san antonio 4\",\"postalCode\":\"33430\",\"addressLocality\":\"Cand\\u00e1s\",\"addressRegion\":\"Asturias\",\"addressCountry\":\"ES\"}},{\"@type\":\"Person\",\"@id\":\"https:\\\/\\\/www.eldigitaldeasturias.com\\\/noticias\\\/author\\\/admin\\\/#author\",\"url\":\"https:\\\/\\\/www.eldigitaldeasturias.com\\\/noticias\\\/author\\\/admin\\\/\",\"name\":\"El Digital de Asturias\",\"image\":{\"@type\":\"ImageObject\",\"@id\":\"https:\\\/\\\/www.eldigitaldeasturias.com\\\/noticias\\\/el-gobierno-de-nicaragua-libera-presos-y-restituye-senal-de-television\\\/#authorImage\",\"url\":\"https:\\\/\\\/secure.gravatar.com\\\/avatar\\\/df2aeffc32bcd13f8d26072ef8a91b623d677766deac7f97ca815868cd41bf5e?s=96&d=mm&r=g\",\"width\":96,\"height\":96,\"caption\":\"El Digital de Asturias\"}},{\"@type\":\"WebPage\",\"@id\":\"https:\\\/\\\/www.eldigitaldeasturias.com\\\/noticias\\\/el-gobierno-de-nicaragua-libera-presos-y-restituye-senal-de-television\\\/#webpage\",\"url\":\"https:\\\/\\\/www.eldigitaldeasturias.com\\\/noticias\\\/el-gobierno-de-nicaragua-libera-presos-y-restituye-senal-de-television\\\/\",\"name\":\"El Gobierno de Nicaragua libera presos y restituye se\\u00f1al de televisi\\u00f3n - El Digital de Asturias\",\"description\":\"Managua, 24 abr (dpa) - La Polic\\u00eda de Nicaragua confirm\\u00f3 hoy que dej\\u00f3 en libertad a los detenidos durante protestas en seis ciudades del pa\\u00eds contra el Gobierno del presidente Daniel Ortega, inform\\u00f3 el portal oficial \\\"El 19\\\". Adem\\u00e1s de los detenidos, extraoficialmente se reporta casi una treintena de muertos y decenas de heridos en\",\"inLanguage\":\"es-ES\",\"isPartOf\":{\"@id\":\"https:\\\/\\\/www.eldigitaldeasturias.com\\\/noticias\\\/#website\"},\"breadcrumb\":{\"@id\":\"https:\\\/\\\/www.eldigitaldeasturias.com\\\/noticias\\\/el-gobierno-de-nicaragua-libera-presos-y-restituye-senal-de-television\\\/#breadcrumblist\"},\"author\":{\"@id\":\"https:\\\/\\\/www.eldigitaldeasturias.com\\\/noticias\\\/author\\\/admin\\\/#author\"},\"creator\":{\"@id\":\"https:\\\/\\\/www.eldigitaldeasturias.com\\\/noticias\\\/author\\\/admin\\\/#author\"},\"image\":{\"@type\":\"ImageObject\",\"url\":581461,\"@id\":\"https:\\\/\\\/www.eldigitaldeasturias.com\\\/noticias\\\/el-gobierno-de-nicaragua-libera-presos-y-restituye-senal-de-television\\\/#mainImage\"},\"primaryImageOfPage\":{\"@id\":\"https:\\\/\\\/www.eldigitaldeasturias.com\\\/noticias\\\/el-gobierno-de-nicaragua-libera-presos-y-restituye-senal-de-television\\\/#mainImage\"},\"datePublished\":\"2018-04-24T23:19:22+02:00\",\"dateModified\":\"2018-04-24T23:19:22+02:00\"},{\"@type\":\"WebSite\",\"@id\":\"https:\\\/\\\/www.eldigitaldeasturias.com\\\/noticias\\\/#website\",\"url\":\"https:\\\/\\\/www.eldigitaldeasturias.com\\\/noticias\\\/\",\"name\":\"El Digital de Asturias - Diario de actualidad y noticias\",\"alternateName\":\"El Digital de Asturias - Diario de actualidad y noticias\",\"description\":\"Hemeroteca\",\"inLanguage\":\"es-ES\",\"publisher\":{\"@id\":\"https:\\\/\\\/www.eldigitaldeasturias.com\\\/noticias\\\/#organization\"}}]}\n\t\t<\/script>\n\t\t<!-- All in One SEO Pro -->\r\n\t\t<title>El Gobierno de Nicaragua libera presos y restituye se\u00f1al de televisi\u00f3n - El Digital de Asturias<\/title>\n\n","aioseo_head_json":{"title":"El Gobierno de Nicaragua libera presos y restituye se\u00f1al de televisi\u00f3n - El Digital de Asturias","description":"Managua, 24 abr (dpa) - La Polic\u00eda de Nicaragua confirm\u00f3 hoy que dej\u00f3 en libertad a los detenidos durante protestas en seis ciudades del pa\u00eds contra el Gobierno del presidente Daniel Ortega, inform\u00f3 el portal oficial \"El 19\". Adem\u00e1s de los detenidos, extraoficialmente se reporta casi una treintena de muertos y decenas de heridos en","canonical_url":"https:\/\/www.eldigitaldeasturias.com\/noticias\/el-gobierno-de-nicaragua-libera-presos-y-restituye-senal-de-television\/","robots":"max-image-preview:large","keywords":"actualidad","webmasterTools":{"google-site-verification":"UA-38556648-1","msvalidate.01":"7dfe9f3f1b24437ab69f4f2559babe99","miscellaneous":""},"schema":{"@context":"https:\/\/schema.org","@graph":[{"@type":"BlogPosting","@id":"https:\/\/www.eldigitaldeasturias.com\/noticias\/el-gobierno-de-nicaragua-libera-presos-y-restituye-senal-de-television\/#blogposting","name":"El Gobierno de Nicaragua libera presos y restituye se\u00f1al de televisi\u00f3n - El Digital de Asturias","headline":"El Gobierno de Nicaragua libera presos y restituye se\u00f1al de televisi\u00f3n","author":{"@id":"https:\/\/www.eldigitaldeasturias.com\/noticias\/author\/admin\/#author"},"publisher":{"@id":"https:\/\/www.eldigitaldeasturias.com\/noticias\/#organization"},"image":{"@type":"ImageObject","url":581461},"datePublished":"2018-04-24T23:19:22+02:00","dateModified":"2018-04-24T23:19:22+02:00","inLanguage":"es-ES","mainEntityOfPage":{"@id":"https:\/\/www.eldigitaldeasturias.com\/noticias\/el-gobierno-de-nicaragua-libera-presos-y-restituye-senal-de-television\/#webpage"},"isPartOf":{"@id":"https:\/\/www.eldigitaldeasturias.com\/noticias\/el-gobierno-de-nicaragua-libera-presos-y-restituye-senal-de-television\/#webpage"},"articleSection":"Actualidad"},{"@type":"BreadcrumbList","@id":"https:\/\/www.eldigitaldeasturias.com\/noticias\/el-gobierno-de-nicaragua-libera-presos-y-restituye-senal-de-television\/#breadcrumblist","itemListElement":[{"@type":"ListItem","@id":"https:\/\/www.eldigitaldeasturias.com\/noticias#listItem","position":1,"name":"Home","item":"https:\/\/www.eldigitaldeasturias.com\/noticias","nextItem":{"@type":"ListItem","@id":"https:\/\/www.eldigitaldeasturias.com\/noticias\/category\/actualidad\/#listItem","name":"Actualidad"}},{"@type":"ListItem","@id":"https:\/\/www.eldigitaldeasturias.com\/noticias\/category\/actualidad\/#listItem","position":2,"name":"Actualidad","item":"https:\/\/www.eldigitaldeasturias.com\/noticias\/category\/actualidad\/","nextItem":{"@type":"ListItem","@id":"https:\/\/www.eldigitaldeasturias.com\/noticias\/el-gobierno-de-nicaragua-libera-presos-y-restituye-senal-de-television\/#listItem","name":"El Gobierno de Nicaragua libera presos y restituye se\u00f1al de televisi\u00f3n"},"previousItem":{"@type":"ListItem","@id":"https:\/\/www.eldigitaldeasturias.com\/noticias#listItem","name":"Home"}},{"@type":"ListItem","@id":"https:\/\/www.eldigitaldeasturias.com\/noticias\/el-gobierno-de-nicaragua-libera-presos-y-restituye-senal-de-television\/#listItem","position":3,"name":"El Gobierno de Nicaragua libera presos y restituye se\u00f1al de televisi\u00f3n","previousItem":{"@type":"ListItem","@id":"https:\/\/www.eldigitaldeasturias.com\/noticias\/category\/actualidad\/#listItem","name":"Actualidad"}}]},{"@type":"Organization","@id":"https:\/\/www.eldigitaldeasturias.com\/noticias\/#organization","name":"El Digital de Asturias","description":"Hemeroteca","url":"https:\/\/www.eldigitaldeasturias.com\/noticias\/","email":"info@eldigitaldeasturias.com","telephone":"+34652131393","logo":{"@type":"ImageObject","url":"https:\/\/www.eldigitaldeasturias.com\/noticias\/wp-content\/uploads\/2020\/12\/EDA.jpg","@id":"https:\/\/www.eldigitaldeasturias.com\/noticias\/el-gobierno-de-nicaragua-libera-presos-y-restituye-senal-de-television\/#organizationLogo"},"image":{"@id":"https:\/\/www.eldigitaldeasturias.com\/noticias\/el-gobierno-de-nicaragua-libera-presos-y-restituye-senal-de-television\/#organizationLogo"},"sameAs":["https:\/\/facebook.com\/eldigitaldeasturias","https:\/\/www.youtube.com\/channel\/UCZP-2wLEB9Rv6erhFmqVnvg"],"address":{"@id":"https:\/\/www.eldigitaldeasturias.com\/noticias\/#postaladdress","@type":"PostalAddress","streetAddress":"san antonio 4","postalCode":"33430","addressLocality":"Cand\u00e1s","addressRegion":"Asturias","addressCountry":"ES"}},{"@type":"Person","@id":"https:\/\/www.eldigitaldeasturias.com\/noticias\/author\/admin\/#author","url":"https:\/\/www.eldigitaldeasturias.com\/noticias\/author\/admin\/","name":"El Digital de Asturias","image":{"@type":"ImageObject","@id":"https:\/\/www.eldigitaldeasturias.com\/noticias\/el-gobierno-de-nicaragua-libera-presos-y-restituye-senal-de-television\/#authorImage","url":"https:\/\/secure.gravatar.com\/avatar\/df2aeffc32bcd13f8d26072ef8a91b623d677766deac7f97ca815868cd41bf5e?s=96&d=mm&r=g","width":96,"height":96,"caption":"El Digital de Asturias"}},{"@type":"WebPage","@id":"https:\/\/www.eldigitaldeasturias.com\/noticias\/el-gobierno-de-nicaragua-libera-presos-y-restituye-senal-de-television\/#webpage","url":"https:\/\/www.eldigitaldeasturias.com\/noticias\/el-gobierno-de-nicaragua-libera-presos-y-restituye-senal-de-television\/","name":"El Gobierno de Nicaragua libera presos y restituye se\u00f1al de televisi\u00f3n - El Digital de Asturias","description":"Managua, 24 abr (dpa) - La Polic\u00eda de Nicaragua confirm\u00f3 hoy que dej\u00f3 en libertad a los detenidos durante protestas en seis ciudades del pa\u00eds contra el Gobierno del presidente Daniel Ortega, inform\u00f3 el portal oficial \"El 19\". Adem\u00e1s de los detenidos, extraoficialmente se reporta casi una treintena de muertos y decenas de heridos en","inLanguage":"es-ES","isPartOf":{"@id":"https:\/\/www.eldigitaldeasturias.com\/noticias\/#website"},"breadcrumb":{"@id":"https:\/\/www.eldigitaldeasturias.com\/noticias\/el-gobierno-de-nicaragua-libera-presos-y-restituye-senal-de-television\/#breadcrumblist"},"author":{"@id":"https:\/\/www.eldigitaldeasturias.com\/noticias\/author\/admin\/#author"},"creator":{"@id":"https:\/\/www.eldigitaldeasturias.com\/noticias\/author\/admin\/#author"},"image":{"@type":"ImageObject","url":581461,"@id":"https:\/\/www.eldigitaldeasturias.com\/noticias\/el-gobierno-de-nicaragua-libera-presos-y-restituye-senal-de-television\/#mainImage"},"primaryImageOfPage":{"@id":"https:\/\/www.eldigitaldeasturias.com\/noticias\/el-gobierno-de-nicaragua-libera-presos-y-restituye-senal-de-television\/#mainImage"},"datePublished":"2018-04-24T23:19:22+02:00","dateModified":"2018-04-24T23:19:22+02:00"},{"@type":"WebSite","@id":"https:\/\/www.eldigitaldeasturias.com\/noticias\/#website","url":"https:\/\/www.eldigitaldeasturias.com\/noticias\/","name":"El Digital de Asturias - Diario de actualidad y noticias","alternateName":"El Digital de Asturias - Diario de actualidad y noticias","description":"Hemeroteca","inLanguage":"es-ES","publisher":{"@id":"https:\/\/www.eldigitaldeasturias.com\/noticias\/#organization"}}]},"og:locale":"es_ES","og:site_name":"El Digital de Asturias","og:type":"article","og:title":"El Gobierno de Nicaragua libera presos y restituye se\u00f1al de televisi\u00f3n - El Digital de Asturias","og:description":"Managua, 24 abr (dpa) - La Polic\u00eda de Nicaragua confirm\u00f3 hoy que dej\u00f3 en libertad a los detenidos durante protestas en seis ciudades del pa\u00eds contra el Gobierno del presidente Daniel Ortega, inform\u00f3 el portal oficial &quot;El 19&quot;. Adem\u00e1s de los detenidos, extraoficialmente se reporta casi una treintena de muertos y decenas de heridos en","og:url":"https:\/\/www.eldigitaldeasturias.com\/noticias\/el-gobierno-de-nicaragua-libera-presos-y-restituye-senal-de-television\/","article:tag":["actualidad"],"article:published_time":"2018-04-24T23:19:22+00:00","article:modified_time":"2018-04-24T23:19:22+00:00","article:publisher":"https:\/\/facebook.com\/eldigitaldeasturias","twitter:card":"summary_large_image","twitter:title":"El Gobierno de Nicaragua libera presos y restituye se\u00f1al de televisi\u00f3n - El Digital de Asturias","twitter:description":"Managua, 24 abr (dpa) - La Polic\u00eda de Nicaragua confirm\u00f3 hoy que dej\u00f3 en libertad a los detenidos durante protestas en seis ciudades del pa\u00eds contra el Gobierno del presidente Daniel Ortega, inform\u00f3 el portal oficial &quot;El 19&quot;. Adem\u00e1s de los detenidos, extraoficialmente se reporta casi una treintena de muertos y decenas de heridos en","twitter:image":"https:\/\/www.eldigitaldeasturias.com\/noticias\/wp-content\/uploads\/2020\/12\/EDA-1.jpg","twitter:label1":"Escrito por","twitter:data1":"El Digital de Asturias","twitter:label2":"Tiempo de lectura estimado","twitter:data2":"3 minutos"},"aioseo_meta_data":{"post_id":"977443","title":null,"description":null,"keywords":null,"keyphrases":null,"primary_term":null,"canonical_url":null,"og_title":null,"og_description":null,"og_object_type":"default","og_image_type":"default","og_image_url":null,"og_image_width":null,"og_image_height":null,"og_image_custom_url":null,"og_image_custom_fields":null,"og_video":null,"og_custom_url":null,"og_article_section":null,"og_article_tags":null,"twitter_use_og":false,"twitter_card":"default","twitter_image_type":"default","twitter_image_url":null,"twitter_image_custom_url":null,"twitter_image_custom_fields":null,"twitter_title":null,"twitter_description":null,"schema":{"blockGraphs":[],"customGraphs":[],"default":{"data":{"Article":[],"Course":[],"Dataset":[],"FAQPage":[],"Movie":[],"Person":[],"Product":[],"ProductReview":[],"Car":[],"Recipe":[],"Service":[],"SoftwareApplication":[],"WebPage":[]},"graphName":"","isEnabled":true},"graphs":[],"defaultGraph":"","defaultPostTypeGraph":""},"schema_type":null,"schema_type_options":null,"pillar_content":false,"robots_default":true,"robots_noindex":false,"robots_noarchive":false,"robots_nosnippet":false,"robots_nofollow":false,"robots_noimageindex":false,"robots_noodp":false,"robots_notranslate":false,"robots_max_snippet":null,"robots_max_videopreview":null,"robots_max_imagepreview":"large","priority":null,"frequency":null,"local_seo":null,"seo_analyzer_scan_date":"2025-10-08 07:26:01","breadcrumb_settings":null,"limit_modified_date":false,"open_ai":null,"ai":null,"created":"2020-12-21 12:05:37","updated":"2025-10-08 07:26:01","focus_keyword":null,"additional_keywords":null,"truseo_locale":null},"aioseo_breadcrumb":"<div class=\"aioseo-breadcrumbs\"><span class=\"aioseo-breadcrumb\">\n\t<a href=\"https:\/\/www.eldigitaldeasturias.com\/noticias\" title=\"Home\">Home<\/a>\n<\/span><span class=\"aioseo-breadcrumb-separator\">\u2013<\/span><span class=\"aioseo-breadcrumb\">\n\t<a href=\"https:\/\/www.eldigitaldeasturias.com\/noticias\/category\/actualidad\/\" title=\"Actualidad\">Actualidad<\/a>\n<\/span><span class=\"aioseo-breadcrumb-separator\">\u2013<\/span><span class=\"aioseo-breadcrumb\">\n\t<a href=\"https:\/\/www.eldigitaldeasturias.com\/noticias\/el-gobierno-de-nicaragua-libera-presos-y-restituye-senal-de-television\/\" title=\"El Gobierno de Nicaragua libera presos y restituye se\u00f1al de televisi\u00f3n\">El Gobierno de Nicaragua libera presos y restituye se\u00f1al de televisi\u00f3n<\/a>\n<\/span><\/div>","aioseo_breadcrumb_json":[{"label":"Home","link":"https:\/\/www.eldigitaldeasturias.com\/noticias"},{"label":"Actualidad","link":"https:\/\/www.eldigitaldeasturias.com\/noticias\/category\/actualidad\/"},{"label":"El Gobierno de Nicaragua libera presos y restituye se\u00f1al de televisi\u00f3n","link":"https:\/\/www.eldigitaldeasturias.com\/noticias\/el-gobierno-de-nicaragua-libera-presos-y-restituye-senal-de-television\/"}],"_links":{"self":[{"href":"https:\/\/www.eldigitaldeasturias.com\/noticias\/wp-json\/wp\/v2\/posts\/977443","targetHints":{"allow":["GET"]}}],"collection":[{"href":"https:\/\/www.eldigitaldeasturias.com\/noticias\/wp-json\/wp\/v2\/posts"}],"about":[{"href":"https:\/\/www.eldigitaldeasturias.com\/noticias\/wp-json\/wp\/v2\/types\/post"}],"author":[{"embeddable":true,"href":"https:\/\/www.eldigitaldeasturias.com\/noticias\/wp-json\/wp\/v2\/users\/1"}],"replies":[{"embeddable":true,"href":"https:\/\/www.eldigitaldeasturias.com\/noticias\/wp-json\/wp\/v2\/comments?post=977443"}],"version-history":[{"count":0,"href":"https:\/\/www.eldigitaldeasturias.com\/noticias\/wp-json\/wp\/v2\/posts\/977443\/revisions"}],"wp:attachment":[{"href":"https:\/\/www.eldigitaldeasturias.com\/noticias\/wp-json\/wp\/v2\/media?parent=977443"}],"wp:term":[{"taxonomy":"category","embeddable":true,"href":"https:\/\/www.eldigitaldeasturias.com\/noticias\/wp-json\/wp\/v2\/categories?post=977443"},{"taxonomy":"post_tag","embeddable":true,"href":"https:\/\/www.eldigitaldeasturias.com\/noticias\/wp-json\/wp\/v2\/tags?post=977443"}],"curies":[{"name":"wp","href":"https:\/\/api.w.org\/{rel}","templated":true}]}}