{"id":977441,"date":"2018-04-24T23:16:45","date_gmt":"2018-04-24T23:16:45","guid":{"rendered":"http:\/\/www.eldigitaldeasturias.com\/noticias\/?p=977441"},"modified":"2018-04-24T23:16:45","modified_gmt":"2018-04-24T23:16:45","slug":"estados-unidos-condena-la-violencia-del-gobierno-de-daniel-ortega","status":"publish","type":"post","link":"https:\/\/www.eldigitaldeasturias.com\/noticias\/estados-unidos-condena-la-violencia-del-gobierno-de-daniel-ortega\/","title":{"rendered":"Estados Unidos condena la \u00abviolencia\u00bb del Gobierno de Daniel Ortega"},"content":{"rendered":"<p><img loading=\"lazy\" decoding=\"async\" class=\"alignleft size-medium wp-image-971860\" src=\"https:\/\/www.eldigitaldeasturias.com\/noticias\/wp-content\/uploads\/2018\/03\/administration-1846270_1280-360x270.jpg\" alt=\"\" width=\"360\" height=\"270\" \/>Washington, 24 abr (dpa) &#8211; Estados Unidos acus\u00f3 hoy directamente al Gobierno de Daniel Ortega de la violencia en Nicaragua en el marco de las protestas que comenzaron la semana pasada tras la aprobaci\u00f3n por decreto por parte del Ejecutivo de una reforma de la seguridad social.<\/p>\n<p>\u00abLa repugnante violencia pol\u00edtica por parte de la polic\u00eda y de matones progubernamentales contra el pueblo de Nicaragua, particularmente estudiantes universitarios, ha golpeado a la comunidad internacional democr\u00e1tica\u00bb, se\u00f1ala la Casa Blanca en un duro comunicado.<\/p>\n<p>Este lleg\u00f3 mientras organismos de derechos humanos hablan de treintena de muertos y decenas de heridos, la mayor\u00eda j\u00f3venes, en el pa\u00eds centroamericano.<\/p>\n<p>\u00abComo naci\u00f3n que apoya la libre expresi\u00f3n como un derecho humano y civil, Estados Unidos condena la violencia y la represi\u00f3n propagada por el Gobierno de Nicaragua y el cierre de medios\u00bb, prosigue la administraci\u00f3n de Donald Trump.<\/p>\n<p>En ese texto asegurar unirse \u00aba las llamadas de la comunidad internacional a un di\u00e1logo amplio y al apoyo al pueblo de Nicaragua, que a\u00f1ora la libertad de expresi\u00f3n pol\u00edtica y verdaderas reformas democr\u00e1ticas que tanto se merece\u00bb.<\/p>\n<p>Ortega anunci\u00f3 el domingo la derogaci\u00f3n de la reforma de la seguridad social, que afectaba a las pensiones, pero las protestas prosiguieron. Ese mismo d\u00eda, Estados Unidos conden\u00f3 ya el uso excesivo de la fuerza por parte de la Polic\u00eda nicarag\u00fcense en un comunicado emitido por el Departamento de Estado.<\/p>\n<p>Este orden\u00f3 adem\u00e1s este lunes la partida de todos los familiares de los diplom\u00e1ticos estadounidenses destacados en el pa\u00eds centroamericano y autoriz\u00f3 la partida del personal que as\u00ed lo quiera.<\/p>\n","protected":false},"excerpt":{"rendered":"<p>Washington, 24 abr (dpa) &#8211; Estados Unidos acus\u00f3 hoy directamente al Gobierno de Daniel Ortega de la violencia en Nicaragua en el marco de las protestas que comenzaron la semana pasada tras la aprobaci\u00f3n por decreto por parte del Ejecutivo de una reforma de la seguridad social. \u00abLa repugnante violencia pol\u00edtica por parte de la [&hellip;]<\/p>\n","protected":false},"author":1,"featured_media":971860,"comment_status":"closed","ping_status":"closed","sticky":false,"template":"","format":"standard","meta":{"footnotes":""},"categories":[1],"tags":[],"class_list":["post-977441","post","type-post","status-publish","format-standard","has-post-thumbnail","hentry","category-actualidad"],"aioseo_notices":[],"aioseo_head":"\n\t\t<!-- All in One SEO Pro 5.0.1 - aioseo.com -->\n\t<meta name=\"description\" content=\"Washington, 24 abr (dpa) - Estados Unidos acus\u00f3 hoy directamente al Gobierno de Daniel Ortega de la violencia en Nicaragua en el marco de las protestas que comenzaron la semana pasada tras la aprobaci\u00f3n por decreto por parte del Ejecutivo de una reforma de la seguridad social. &quot;La repugnante violencia pol\u00edtica por parte de la\" \/>\n\t<meta name=\"robots\" content=\"max-image-preview:large\" \/>\n\t<meta name=\"author\" content=\"El Digital de Asturias\"\/>\n\t<meta name=\"google-site-verification\" content=\"UA-38556648-1\" \/>\n\t<meta name=\"msvalidate.01\" content=\"7dfe9f3f1b24437ab69f4f2559babe99\" \/>\n\t<meta name=\"keywords\" content=\"actualidad\" \/>\n\t<link rel=\"canonical\" href=\"https:\/\/www.eldigitaldeasturias.com\/noticias\/estados-unidos-condena-la-violencia-del-gobierno-de-daniel-ortega\/\" \/>\n\t<meta name=\"generator\" content=\"All in One SEO Pro (AIOSEO) 5.0.1\" \/>\n\t\t<meta property=\"og:locale\" content=\"es_ES\" \/>\n\t\t<meta property=\"og:site_name\" content=\"El Digital de Asturias\" \/>\n\t\t<meta property=\"og:type\" content=\"article\" \/>\n\t\t<meta property=\"og:title\" content=\"Estados Unidos condena la \u00abviolencia\u00bb del Gobierno de Daniel Ortega - El Digital de Asturias\" \/>\n\t\t<meta property=\"og:description\" content=\"Washington, 24 abr (dpa) - Estados Unidos acus\u00f3 hoy directamente al Gobierno de Daniel Ortega de la violencia en Nicaragua en el marco de las protestas que comenzaron la semana pasada tras la aprobaci\u00f3n por decreto por parte del Ejecutivo de una reforma de la seguridad social. &quot;La repugnante violencia pol\u00edtica por parte de la\" \/>\n\t\t<meta property=\"og:url\" content=\"https:\/\/www.eldigitaldeasturias.com\/noticias\/estados-unidos-condena-la-violencia-del-gobierno-de-daniel-ortega\/\" \/>\n\t\t<meta property=\"article:tag\" content=\"actualidad\" \/>\n\t\t<meta property=\"article:published_time\" content=\"2018-04-24T23:16:45+00:00\" \/>\n\t\t<meta property=\"article:modified_time\" content=\"2018-04-24T23:16:45+00:00\" \/>\n\t\t<meta property=\"article:publisher\" content=\"https:\/\/facebook.com\/eldigitaldeasturias\" \/>\n\t\t<meta name=\"twitter:card\" content=\"summary_large_image\" \/>\n\t\t<meta name=\"twitter:title\" content=\"Estados Unidos condena la \u00abviolencia\u00bb del Gobierno de Daniel Ortega - El Digital de Asturias\" \/>\n\t\t<meta name=\"twitter:description\" content=\"Washington, 24 abr (dpa) - Estados Unidos acus\u00f3 hoy directamente al Gobierno de Daniel Ortega de la violencia en Nicaragua en el marco de las protestas que comenzaron la semana pasada tras la aprobaci\u00f3n por decreto por parte del Ejecutivo de una reforma de la seguridad social. &quot;La repugnante violencia pol\u00edtica por parte de la\" \/>\n\t\t<meta name=\"twitter:image\" content=\"https:\/\/www.eldigitaldeasturias.com\/noticias\/wp-content\/uploads\/2020\/12\/EDA-1.jpg\" \/>\n\t\t<meta name=\"twitter:label1\" content=\"Escrito por\" \/>\n\t\t<meta name=\"twitter:data1\" content=\"El Digital de Asturias\" \/>\n\t\t<meta name=\"twitter:label2\" content=\"Tiempo de lectura estimado\" \/>\n\t\t<meta name=\"twitter:data2\" content=\"1 minuto\" \/>\n\t\t<script type=\"application\/ld+json\" class=\"aioseo-schema\">\n\t\t\t{\"@context\":\"https:\\\/\\\/schema.org\",\"@graph\":[{\"@type\":\"BlogPosting\",\"@id\":\"https:\\\/\\\/www.eldigitaldeasturias.com\\\/noticias\\\/estados-unidos-condena-la-violencia-del-gobierno-de-daniel-ortega\\\/#blogposting\",\"name\":\"Estados Unidos condena la \\u00abviolencia\\u00bb del Gobierno de Daniel Ortega - El Digital de Asturias\",\"headline\":\"Estados Unidos condena la \\u00abviolencia\\u00bb del Gobierno de Daniel Ortega\",\"author\":{\"@id\":\"https:\\\/\\\/www.eldigitaldeasturias.com\\\/noticias\\\/author\\\/admin\\\/#author\"},\"publisher\":{\"@id\":\"https:\\\/\\\/www.eldigitaldeasturias.com\\\/noticias\\\/#organization\"},\"image\":{\"@type\":\"ImageObject\",\"url\":971860},\"datePublished\":\"2018-04-24T23:16:45+02:00\",\"dateModified\":\"2018-04-24T23:16:45+02:00\",\"inLanguage\":\"es-ES\",\"mainEntityOfPage\":{\"@id\":\"https:\\\/\\\/www.eldigitaldeasturias.com\\\/noticias\\\/estados-unidos-condena-la-violencia-del-gobierno-de-daniel-ortega\\\/#webpage\"},\"isPartOf\":{\"@id\":\"https:\\\/\\\/www.eldigitaldeasturias.com\\\/noticias\\\/estados-unidos-condena-la-violencia-del-gobierno-de-daniel-ortega\\\/#webpage\"},\"articleSection\":\"Actualidad\"},{\"@type\":\"BreadcrumbList\",\"@id\":\"https:\\\/\\\/www.eldigitaldeasturias.com\\\/noticias\\\/estados-unidos-condena-la-violencia-del-gobierno-de-daniel-ortega\\\/#breadcrumblist\",\"itemListElement\":[{\"@type\":\"ListItem\",\"@id\":\"https:\\\/\\\/www.eldigitaldeasturias.com\\\/noticias#listItem\",\"position\":1,\"name\":\"Home\",\"item\":\"https:\\\/\\\/www.eldigitaldeasturias.com\\\/noticias\",\"nextItem\":{\"@type\":\"ListItem\",\"@id\":\"https:\\\/\\\/www.eldigitaldeasturias.com\\\/noticias\\\/category\\\/actualidad\\\/#listItem\",\"name\":\"Actualidad\"}},{\"@type\":\"ListItem\",\"@id\":\"https:\\\/\\\/www.eldigitaldeasturias.com\\\/noticias\\\/category\\\/actualidad\\\/#listItem\",\"position\":2,\"name\":\"Actualidad\",\"item\":\"https:\\\/\\\/www.eldigitaldeasturias.com\\\/noticias\\\/category\\\/actualidad\\\/\",\"nextItem\":{\"@type\":\"ListItem\",\"@id\":\"https:\\\/\\\/www.eldigitaldeasturias.com\\\/noticias\\\/estados-unidos-condena-la-violencia-del-gobierno-de-daniel-ortega\\\/#listItem\",\"name\":\"Estados Unidos condena la \\u00abviolencia\\u00bb del Gobierno de Daniel Ortega\"},\"previousItem\":{\"@type\":\"ListItem\",\"@id\":\"https:\\\/\\\/www.eldigitaldeasturias.com\\\/noticias#listItem\",\"name\":\"Home\"}},{\"@type\":\"ListItem\",\"@id\":\"https:\\\/\\\/www.eldigitaldeasturias.com\\\/noticias\\\/estados-unidos-condena-la-violencia-del-gobierno-de-daniel-ortega\\\/#listItem\",\"position\":3,\"name\":\"Estados Unidos condena la \\u00abviolencia\\u00bb del Gobierno de Daniel Ortega\",\"previousItem\":{\"@type\":\"ListItem\",\"@id\":\"https:\\\/\\\/www.eldigitaldeasturias.com\\\/noticias\\\/category\\\/actualidad\\\/#listItem\",\"name\":\"Actualidad\"}}]},{\"@type\":\"Organization\",\"@id\":\"https:\\\/\\\/www.eldigitaldeasturias.com\\\/noticias\\\/#organization\",\"name\":\"El Digital de Asturias\",\"description\":\"Hemeroteca\",\"url\":\"https:\\\/\\\/www.eldigitaldeasturias.com\\\/noticias\\\/\",\"email\":\"info@eldigitaldeasturias.com\",\"telephone\":\"+34652131393\",\"logo\":{\"@type\":\"ImageObject\",\"url\":\"https:\\\/\\\/www.eldigitaldeasturias.com\\\/noticias\\\/wp-content\\\/uploads\\\/2020\\\/12\\\/EDA.jpg\",\"@id\":\"https:\\\/\\\/www.eldigitaldeasturias.com\\\/noticias\\\/estados-unidos-condena-la-violencia-del-gobierno-de-daniel-ortega\\\/#organizationLogo\"},\"image\":{\"@id\":\"https:\\\/\\\/www.eldigitaldeasturias.com\\\/noticias\\\/estados-unidos-condena-la-violencia-del-gobierno-de-daniel-ortega\\\/#organizationLogo\"},\"sameAs\":[\"https:\\\/\\\/facebook.com\\\/eldigitaldeasturias\",\"https:\\\/\\\/www.youtube.com\\\/channel\\\/UCZP-2wLEB9Rv6erhFmqVnvg\"],\"address\":{\"@id\":\"https:\\\/\\\/www.eldigitaldeasturias.com\\\/noticias\\\/#postaladdress\",\"@type\":\"PostalAddress\",\"streetAddress\":\"san antonio 4\",\"postalCode\":\"33430\",\"addressLocality\":\"Cand\\u00e1s\",\"addressRegion\":\"Asturias\",\"addressCountry\":\"ES\"}},{\"@type\":\"Person\",\"@id\":\"https:\\\/\\\/www.eldigitaldeasturias.com\\\/noticias\\\/author\\\/admin\\\/#author\",\"url\":\"https:\\\/\\\/www.eldigitaldeasturias.com\\\/noticias\\\/author\\\/admin\\\/\",\"name\":\"El Digital de Asturias\",\"image\":{\"@type\":\"ImageObject\",\"@id\":\"https:\\\/\\\/www.eldigitaldeasturias.com\\\/noticias\\\/estados-unidos-condena-la-violencia-del-gobierno-de-daniel-ortega\\\/#authorImage\",\"url\":\"https:\\\/\\\/secure.gravatar.com\\\/avatar\\\/df2aeffc32bcd13f8d26072ef8a91b623d677766deac7f97ca815868cd41bf5e?s=96&d=mm&r=g\",\"width\":96,\"height\":96,\"caption\":\"El Digital de Asturias\"}},{\"@type\":\"WebPage\",\"@id\":\"https:\\\/\\\/www.eldigitaldeasturias.com\\\/noticias\\\/estados-unidos-condena-la-violencia-del-gobierno-de-daniel-ortega\\\/#webpage\",\"url\":\"https:\\\/\\\/www.eldigitaldeasturias.com\\\/noticias\\\/estados-unidos-condena-la-violencia-del-gobierno-de-daniel-ortega\\\/\",\"name\":\"Estados Unidos condena la \\u00abviolencia\\u00bb del Gobierno de Daniel Ortega - El Digital de Asturias\",\"description\":\"Washington, 24 abr (dpa) - Estados Unidos acus\\u00f3 hoy directamente al Gobierno de Daniel Ortega de la violencia en Nicaragua en el marco de las protestas que comenzaron la semana pasada tras la aprobaci\\u00f3n por decreto por parte del Ejecutivo de una reforma de la seguridad social. \\\"La repugnante violencia pol\\u00edtica por parte de la\",\"inLanguage\":\"es-ES\",\"isPartOf\":{\"@id\":\"https:\\\/\\\/www.eldigitaldeasturias.com\\\/noticias\\\/#website\"},\"breadcrumb\":{\"@id\":\"https:\\\/\\\/www.eldigitaldeasturias.com\\\/noticias\\\/estados-unidos-condena-la-violencia-del-gobierno-de-daniel-ortega\\\/#breadcrumblist\"},\"author\":{\"@id\":\"https:\\\/\\\/www.eldigitaldeasturias.com\\\/noticias\\\/author\\\/admin\\\/#author\"},\"creator\":{\"@id\":\"https:\\\/\\\/www.eldigitaldeasturias.com\\\/noticias\\\/author\\\/admin\\\/#author\"},\"image\":{\"@type\":\"ImageObject\",\"url\":971860,\"@id\":\"https:\\\/\\\/www.eldigitaldeasturias.com\\\/noticias\\\/estados-unidos-condena-la-violencia-del-gobierno-de-daniel-ortega\\\/#mainImage\"},\"primaryImageOfPage\":{\"@id\":\"https:\\\/\\\/www.eldigitaldeasturias.com\\\/noticias\\\/estados-unidos-condena-la-violencia-del-gobierno-de-daniel-ortega\\\/#mainImage\"},\"datePublished\":\"2018-04-24T23:16:45+02:00\",\"dateModified\":\"2018-04-24T23:16:45+02:00\"},{\"@type\":\"WebSite\",\"@id\":\"https:\\\/\\\/www.eldigitaldeasturias.com\\\/noticias\\\/#website\",\"url\":\"https:\\\/\\\/www.eldigitaldeasturias.com\\\/noticias\\\/\",\"name\":\"El Digital de Asturias - Diario de actualidad y noticias\",\"alternateName\":\"El Digital de Asturias - Diario de actualidad y noticias\",\"description\":\"Hemeroteca\",\"inLanguage\":\"es-ES\",\"publisher\":{\"@id\":\"https:\\\/\\\/www.eldigitaldeasturias.com\\\/noticias\\\/#organization\"}}]}\n\t\t<\/script>\n\t\t<!-- All in One SEO Pro -->\r\n\t\t<title>Estados Unidos condena la \u00abviolencia\u00bb del Gobierno de Daniel Ortega - El Digital de Asturias<\/title>\n\n","aioseo_head_json":{"title":"Estados Unidos condena la \u00abviolencia\u00bb del Gobierno de Daniel Ortega - El Digital de Asturias","description":"Washington, 24 abr (dpa) - Estados Unidos acus\u00f3 hoy directamente al Gobierno de Daniel Ortega de la violencia en Nicaragua en el marco de las protestas que comenzaron la semana pasada tras la aprobaci\u00f3n por decreto por parte del Ejecutivo de una reforma de la seguridad social. \"La repugnante violencia pol\u00edtica por parte de la","canonical_url":"https:\/\/www.eldigitaldeasturias.com\/noticias\/estados-unidos-condena-la-violencia-del-gobierno-de-daniel-ortega\/","robots":"max-image-preview:large","keywords":"actualidad","webmasterTools":{"google-site-verification":"UA-38556648-1","msvalidate.01":"7dfe9f3f1b24437ab69f4f2559babe99","miscellaneous":""},"schema":{"@context":"https:\/\/schema.org","@graph":[{"@type":"BlogPosting","@id":"https:\/\/www.eldigitaldeasturias.com\/noticias\/estados-unidos-condena-la-violencia-del-gobierno-de-daniel-ortega\/#blogposting","name":"Estados Unidos condena la \u00abviolencia\u00bb del Gobierno de Daniel Ortega - El Digital de Asturias","headline":"Estados Unidos condena la \u00abviolencia\u00bb del Gobierno de Daniel Ortega","author":{"@id":"https:\/\/www.eldigitaldeasturias.com\/noticias\/author\/admin\/#author"},"publisher":{"@id":"https:\/\/www.eldigitaldeasturias.com\/noticias\/#organization"},"image":{"@type":"ImageObject","url":971860},"datePublished":"2018-04-24T23:16:45+02:00","dateModified":"2018-04-24T23:16:45+02:00","inLanguage":"es-ES","mainEntityOfPage":{"@id":"https:\/\/www.eldigitaldeasturias.com\/noticias\/estados-unidos-condena-la-violencia-del-gobierno-de-daniel-ortega\/#webpage"},"isPartOf":{"@id":"https:\/\/www.eldigitaldeasturias.com\/noticias\/estados-unidos-condena-la-violencia-del-gobierno-de-daniel-ortega\/#webpage"},"articleSection":"Actualidad"},{"@type":"BreadcrumbList","@id":"https:\/\/www.eldigitaldeasturias.com\/noticias\/estados-unidos-condena-la-violencia-del-gobierno-de-daniel-ortega\/#breadcrumblist","itemListElement":[{"@type":"ListItem","@id":"https:\/\/www.eldigitaldeasturias.com\/noticias#listItem","position":1,"name":"Home","item":"https:\/\/www.eldigitaldeasturias.com\/noticias","nextItem":{"@type":"ListItem","@id":"https:\/\/www.eldigitaldeasturias.com\/noticias\/category\/actualidad\/#listItem","name":"Actualidad"}},{"@type":"ListItem","@id":"https:\/\/www.eldigitaldeasturias.com\/noticias\/category\/actualidad\/#listItem","position":2,"name":"Actualidad","item":"https:\/\/www.eldigitaldeasturias.com\/noticias\/category\/actualidad\/","nextItem":{"@type":"ListItem","@id":"https:\/\/www.eldigitaldeasturias.com\/noticias\/estados-unidos-condena-la-violencia-del-gobierno-de-daniel-ortega\/#listItem","name":"Estados Unidos condena la \u00abviolencia\u00bb del Gobierno de Daniel Ortega"},"previousItem":{"@type":"ListItem","@id":"https:\/\/www.eldigitaldeasturias.com\/noticias#listItem","name":"Home"}},{"@type":"ListItem","@id":"https:\/\/www.eldigitaldeasturias.com\/noticias\/estados-unidos-condena-la-violencia-del-gobierno-de-daniel-ortega\/#listItem","position":3,"name":"Estados Unidos condena la \u00abviolencia\u00bb del Gobierno de Daniel Ortega","previousItem":{"@type":"ListItem","@id":"https:\/\/www.eldigitaldeasturias.com\/noticias\/category\/actualidad\/#listItem","name":"Actualidad"}}]},{"@type":"Organization","@id":"https:\/\/www.eldigitaldeasturias.com\/noticias\/#organization","name":"El Digital de Asturias","description":"Hemeroteca","url":"https:\/\/www.eldigitaldeasturias.com\/noticias\/","email":"info@eldigitaldeasturias.com","telephone":"+34652131393","logo":{"@type":"ImageObject","url":"https:\/\/www.eldigitaldeasturias.com\/noticias\/wp-content\/uploads\/2020\/12\/EDA.jpg","@id":"https:\/\/www.eldigitaldeasturias.com\/noticias\/estados-unidos-condena-la-violencia-del-gobierno-de-daniel-ortega\/#organizationLogo"},"image":{"@id":"https:\/\/www.eldigitaldeasturias.com\/noticias\/estados-unidos-condena-la-violencia-del-gobierno-de-daniel-ortega\/#organizationLogo"},"sameAs":["https:\/\/facebook.com\/eldigitaldeasturias","https:\/\/www.youtube.com\/channel\/UCZP-2wLEB9Rv6erhFmqVnvg"],"address":{"@id":"https:\/\/www.eldigitaldeasturias.com\/noticias\/#postaladdress","@type":"PostalAddress","streetAddress":"san antonio 4","postalCode":"33430","addressLocality":"Cand\u00e1s","addressRegion":"Asturias","addressCountry":"ES"}},{"@type":"Person","@id":"https:\/\/www.eldigitaldeasturias.com\/noticias\/author\/admin\/#author","url":"https:\/\/www.eldigitaldeasturias.com\/noticias\/author\/admin\/","name":"El Digital de Asturias","image":{"@type":"ImageObject","@id":"https:\/\/www.eldigitaldeasturias.com\/noticias\/estados-unidos-condena-la-violencia-del-gobierno-de-daniel-ortega\/#authorImage","url":"https:\/\/secure.gravatar.com\/avatar\/df2aeffc32bcd13f8d26072ef8a91b623d677766deac7f97ca815868cd41bf5e?s=96&d=mm&r=g","width":96,"height":96,"caption":"El Digital de Asturias"}},{"@type":"WebPage","@id":"https:\/\/www.eldigitaldeasturias.com\/noticias\/estados-unidos-condena-la-violencia-del-gobierno-de-daniel-ortega\/#webpage","url":"https:\/\/www.eldigitaldeasturias.com\/noticias\/estados-unidos-condena-la-violencia-del-gobierno-de-daniel-ortega\/","name":"Estados Unidos condena la \u00abviolencia\u00bb del Gobierno de Daniel Ortega - El Digital de Asturias","description":"Washington, 24 abr (dpa) - Estados Unidos acus\u00f3 hoy directamente al Gobierno de Daniel Ortega de la violencia en Nicaragua en el marco de las protestas que comenzaron la semana pasada tras la aprobaci\u00f3n por decreto por parte del Ejecutivo de una reforma de la seguridad social. \"La repugnante violencia pol\u00edtica por parte de la","inLanguage":"es-ES","isPartOf":{"@id":"https:\/\/www.eldigitaldeasturias.com\/noticias\/#website"},"breadcrumb":{"@id":"https:\/\/www.eldigitaldeasturias.com\/noticias\/estados-unidos-condena-la-violencia-del-gobierno-de-daniel-ortega\/#breadcrumblist"},"author":{"@id":"https:\/\/www.eldigitaldeasturias.com\/noticias\/author\/admin\/#author"},"creator":{"@id":"https:\/\/www.eldigitaldeasturias.com\/noticias\/author\/admin\/#author"},"image":{"@type":"ImageObject","url":971860,"@id":"https:\/\/www.eldigitaldeasturias.com\/noticias\/estados-unidos-condena-la-violencia-del-gobierno-de-daniel-ortega\/#mainImage"},"primaryImageOfPage":{"@id":"https:\/\/www.eldigitaldeasturias.com\/noticias\/estados-unidos-condena-la-violencia-del-gobierno-de-daniel-ortega\/#mainImage"},"datePublished":"2018-04-24T23:16:45+02:00","dateModified":"2018-04-24T23:16:45+02:00"},{"@type":"WebSite","@id":"https:\/\/www.eldigitaldeasturias.com\/noticias\/#website","url":"https:\/\/www.eldigitaldeasturias.com\/noticias\/","name":"El Digital de Asturias - Diario de actualidad y noticias","alternateName":"El Digital de Asturias - Diario de actualidad y noticias","description":"Hemeroteca","inLanguage":"es-ES","publisher":{"@id":"https:\/\/www.eldigitaldeasturias.com\/noticias\/#organization"}}]},"og:locale":"es_ES","og:site_name":"El Digital de Asturias","og:type":"article","og:title":"Estados Unidos condena la \u00abviolencia\u00bb del Gobierno de Daniel Ortega - El Digital de Asturias","og:description":"Washington, 24 abr (dpa) - Estados Unidos acus\u00f3 hoy directamente al Gobierno de Daniel Ortega de la violencia en Nicaragua en el marco de las protestas que comenzaron la semana pasada tras la aprobaci\u00f3n por decreto por parte del Ejecutivo de una reforma de la seguridad social. &quot;La repugnante violencia pol\u00edtica por parte de la","og:url":"https:\/\/www.eldigitaldeasturias.com\/noticias\/estados-unidos-condena-la-violencia-del-gobierno-de-daniel-ortega\/","article:tag":["actualidad"],"article:published_time":"2018-04-24T23:16:45+00:00","article:modified_time":"2018-04-24T23:16:45+00:00","article:publisher":"https:\/\/facebook.com\/eldigitaldeasturias","twitter:card":"summary_large_image","twitter:title":"Estados Unidos condena la \u00abviolencia\u00bb del Gobierno de Daniel Ortega - El Digital de Asturias","twitter:description":"Washington, 24 abr (dpa) - Estados Unidos acus\u00f3 hoy directamente al Gobierno de Daniel Ortega de la violencia en Nicaragua en el marco de las protestas que comenzaron la semana pasada tras la aprobaci\u00f3n por decreto por parte del Ejecutivo de una reforma de la seguridad social. &quot;La repugnante violencia pol\u00edtica por parte de la","twitter:image":"https:\/\/www.eldigitaldeasturias.com\/noticias\/wp-content\/uploads\/2020\/12\/EDA-1.jpg","twitter:label1":"Escrito por","twitter:data1":"El Digital de Asturias","twitter:label2":"Tiempo de lectura estimado","twitter:data2":"1 minuto"},"aioseo_meta_data":{"post_id":"977441","title":null,"description":null,"keywords":null,"keyphrases":null,"primary_term":null,"canonical_url":null,"og_title":null,"og_description":null,"og_object_type":"default","og_image_type":"default","og_image_url":null,"og_image_width":null,"og_image_height":null,"og_image_custom_url":null,"og_image_custom_fields":null,"og_video":null,"og_custom_url":null,"og_article_section":null,"og_article_tags":null,"twitter_use_og":false,"twitter_card":"default","twitter_image_type":"default","twitter_image_url":null,"twitter_image_custom_url":null,"twitter_image_custom_fields":null,"twitter_title":null,"twitter_description":null,"schema":{"blockGraphs":[],"customGraphs":[],"default":{"data":{"Article":[],"Course":[],"Dataset":[],"FAQPage":[],"Movie":[],"Person":[],"Product":[],"ProductReview":[],"Car":[],"Recipe":[],"Service":[],"SoftwareApplication":[],"WebPage":[]},"graphName":"","isEnabled":true},"graphs":[],"defaultGraph":"","defaultPostTypeGraph":""},"schema_type":null,"schema_type_options":null,"pillar_content":false,"robots_default":true,"robots_noindex":false,"robots_noarchive":false,"robots_nosnippet":false,"robots_nofollow":false,"robots_noimageindex":false,"robots_noodp":false,"robots_notranslate":false,"robots_max_snippet":null,"robots_max_videopreview":null,"robots_max_imagepreview":"large","priority":null,"frequency":null,"local_seo":null,"seo_analyzer_scan_date":"2025-10-08 07:24:09","breadcrumb_settings":null,"limit_modified_date":false,"open_ai":null,"ai":null,"created":"2020-12-21 12:05:37","updated":"2025-10-08 07:24:09","focus_keyword":null,"additional_keywords":null,"truseo_locale":null},"aioseo_breadcrumb":"<div class=\"aioseo-breadcrumbs\"><span class=\"aioseo-breadcrumb\">\n\t<a href=\"https:\/\/www.eldigitaldeasturias.com\/noticias\" title=\"Home\">Home<\/a>\n<\/span><span class=\"aioseo-breadcrumb-separator\">\u2013<\/span><span class=\"aioseo-breadcrumb\">\n\t<a href=\"https:\/\/www.eldigitaldeasturias.com\/noticias\/category\/actualidad\/\" title=\"Actualidad\">Actualidad<\/a>\n<\/span><span class=\"aioseo-breadcrumb-separator\">\u2013<\/span><span class=\"aioseo-breadcrumb\">\n\t<a href=\"https:\/\/www.eldigitaldeasturias.com\/noticias\/estados-unidos-condena-la-violencia-del-gobierno-de-daniel-ortega\/\" title=\"Estados Unidos condena la \u00abviolencia\u00bb del Gobierno de Daniel Ortega\">Estados Unidos condena la \u00abviolencia\u00bb del Gobierno de Daniel Ortega<\/a>\n<\/span><\/div>","aioseo_breadcrumb_json":[{"label":"Home","link":"https:\/\/www.eldigitaldeasturias.com\/noticias"},{"label":"Actualidad","link":"https:\/\/www.eldigitaldeasturias.com\/noticias\/category\/actualidad\/"},{"label":"Estados Unidos condena la \u00abviolencia\u00bb del Gobierno de Daniel Ortega","link":"https:\/\/www.eldigitaldeasturias.com\/noticias\/estados-unidos-condena-la-violencia-del-gobierno-de-daniel-ortega\/"}],"_links":{"self":[{"href":"https:\/\/www.eldigitaldeasturias.com\/noticias\/wp-json\/wp\/v2\/posts\/977441","targetHints":{"allow":["GET"]}}],"collection":[{"href":"https:\/\/www.eldigitaldeasturias.com\/noticias\/wp-json\/wp\/v2\/posts"}],"about":[{"href":"https:\/\/www.eldigitaldeasturias.com\/noticias\/wp-json\/wp\/v2\/types\/post"}],"author":[{"embeddable":true,"href":"https:\/\/www.eldigitaldeasturias.com\/noticias\/wp-json\/wp\/v2\/users\/1"}],"replies":[{"embeddable":true,"href":"https:\/\/www.eldigitaldeasturias.com\/noticias\/wp-json\/wp\/v2\/comments?post=977441"}],"version-history":[{"count":0,"href":"https:\/\/www.eldigitaldeasturias.com\/noticias\/wp-json\/wp\/v2\/posts\/977441\/revisions"}],"wp:attachment":[{"href":"https:\/\/www.eldigitaldeasturias.com\/noticias\/wp-json\/wp\/v2\/media?parent=977441"}],"wp:term":[{"taxonomy":"category","embeddable":true,"href":"https:\/\/www.eldigitaldeasturias.com\/noticias\/wp-json\/wp\/v2\/categories?post=977441"},{"taxonomy":"post_tag","embeddable":true,"href":"https:\/\/www.eldigitaldeasturias.com\/noticias\/wp-json\/wp\/v2\/tags?post=977441"}],"curies":[{"name":"wp","href":"https:\/\/api.w.org\/{rel}","templated":true}]}}