{"id":977436,"date":"2018-04-24T23:12:29","date_gmt":"2018-04-24T23:12:29","guid":{"rendered":"http:\/\/www.eldigitaldeasturias.com\/noticias\/?p=977436"},"modified":"2018-04-24T23:12:29","modified_gmt":"2018-04-24T23:12:29","slug":"todos-con-kipa-alemania-se-moviliza-contra-los-ataques-antisemitas","status":"publish","type":"post","link":"https:\/\/www.eldigitaldeasturias.com\/noticias\/todos-con-kipa-alemania-se-moviliza-contra-los-ataques-antisemitas\/","title":{"rendered":"Todos con kip\u00e1: Alemania se moviliza contra los ataques antisemitas"},"content":{"rendered":"<p><img loading=\"lazy\" decoding=\"async\" class=\"alignleft size-medium wp-image-977437\" src=\"https:\/\/www.eldigitaldeasturias.com\/noticias\/wp-content\/uploads\/2018\/04\/man-3274012_960_720-360x240.jpg\" alt=\"\" width=\"360\" height=\"240\" \/>Berl\u00edn, 24 abr (dpa) &#8211; Los ciudadanos de Berl\u00edn y de otras ciudades de Alemania est\u00e1n llamados este mi\u00e9rcoles a llevar durante todo el d\u00eda puesta una kip\u00e1 -la gorra tradicional que identifica a los practicantes del juda\u00edsmo- en se\u00f1al de solidaridad con las v\u00edctimas de ataques antisemitas perpetrados d\u00edas atr\u00e1s en el pa\u00eds.<\/p>\n<p>La curiosa iniciativa ha sido convocada por la principal organizaci\u00f3n jud\u00eda de Alemania, que desde hace semanas y a ra\u00edz de varios episodios violentos perpetrados contra jud\u00edos viene denunciando la situaci\u00f3n que sufren los miembros de su comunidad en su d\u00eda a d\u00eda.<\/p>\n<p>\u00abJuntos queremos enviar un mensaje contundente contra la falta de tolerancia y el antisemitismo y movilizar a un amplio espectro de la sociedad\u00bb, reza la iniciativa impulsada por el Consejo Central de los Jud\u00edos en Alemania y a la que se han adherido, entre otros, representantes pol\u00edticos y miembros de la Iglesia evang\u00e9lica.<\/p>\n<p>\u00abTras el reciente ataque a un israel\u00ed que llevaba una kip\u00e1, los berlineses nos han hecho llegar m\u00faltiples muestras de solidaridad. Entre ellos se encontraban tambi\u00e9n ciudadanos que nos propusieron llevar una kip\u00e1 como muestra de solidaridad\u00bb, indic\u00f3 el presidente de la Comunidad Jud\u00eda de Berl\u00edn, Gideon Joffe, en declaraciones al diario \u00abTagesspiegel\u00bb.<\/p>\n<p>\u00abNo se trata solo de antisemitismo, tambi\u00e9n se trata de racismo y de xenofobia. Se necesita poner una clara se\u00f1al de freno (a este tipo de comportamientos)\u00bb, insisti\u00f3 hoy Josef Schuster, presidente del Consejo Central de los Jud\u00edos en Alemania, en declaraciones a la radio de Berl\u00edn-Brandeburgo (RBB).<\/p>\n<p>En la manifestaci\u00f3n solidaria convocada para ma\u00f1ana en la capital alemana est\u00e1 previsto que tomen la palabra diferentes actores de la vida p\u00fablica alemana, entre ellos el alcalde de Berl\u00edn, el socialdem\u00f3crata Michael M\u00fcller.<\/p>\n<p>Adem\u00e1s, otras ciudades del pa\u00eds, como Colonia, Potsdam o Erfurt, tambi\u00e9n se sumar\u00e1n este mi\u00e9rcoles a la iniciativa que anima a los ciudadanos a vestirse con la kip\u00e1.<\/p>\n<p>Las agresiones antisemitas centran desde hace semanas el debate pol\u00edtico en Alemania, despu\u00e9s de que trascendiese que en Berl\u00edn una ni\u00f1a hab\u00eda sido atacada en el colegio por ser jud\u00eda y tambi\u00e9n debido a una acci\u00f3n violenta perpetrada recientemente en la capital alemana contra un israel\u00ed y un alem\u00e1n que llevaban puesta una kip\u00e1.<\/p>\n<p>La canciller alemana, Angela Merkel, dijo que se trataba de un \u00abincidente horrible\u00bb y record\u00f3 que en Alemania hay tendencias antisemitas tanto en ciudadanos alemanes como en descendientes de \u00e1rabes. \u00abHay que ganar la lucha contra los desmanes antisemitas\u00bb, urgi\u00f3 la mandataria el mi\u00e9rcoles.<\/p>\n<p>De forma paralela, en Alemania se desat\u00f3 otra gran pol\u00e9mica al ser premiados dos raperos alemanes que compusieron un tema con una frase ofensiva a las v\u00edctimas del genocidio jud\u00edo durante el nazismo. Varios galardonados con el premio Echo devolvieron la distinci\u00f3n en se\u00f1al de protesta.<\/p>\n<p>La Central de Investigaci\u00f3n e Informaci\u00f3n sobre Antisemitismo registr\u00f3 el a\u00f1o pasado 18 asaltos y 23 amenazas concretas a jud\u00edos. La Comunidad Jud\u00eda calcula que en la capital alemana viven en la actualidad unos 20.000 jud\u00edos.<\/p>\n<p>La semana pasada, ministros de Cultura de las regiones alemanas se reunieron con representantes del Consejo Central de los Jud\u00edos de Alemania para abordar el tema del antisemitismo en las escuelas.<\/p>\n<p>Por Mar\u00eda Prieto (dpa)<\/p>\n","protected":false},"excerpt":{"rendered":"<p>Berl\u00edn, 24 abr (dpa) &#8211; Los ciudadanos de Berl\u00edn y de otras ciudades de Alemania est\u00e1n llamados este mi\u00e9rcoles a llevar durante todo el d\u00eda puesta una kip\u00e1 -la gorra tradicional que identifica a los practicantes del juda\u00edsmo- en se\u00f1al de solidaridad con las v\u00edctimas de ataques antisemitas perpetrados d\u00edas atr\u00e1s en el pa\u00eds. La [&hellip;]<\/p>\n","protected":false},"author":1,"featured_media":977437,"comment_status":"closed","ping_status":"closed","sticky":false,"template":"","format":"standard","meta":{"footnotes":""},"categories":[1],"tags":[],"class_list":["post-977436","post","type-post","status-publish","format-standard","has-post-thumbnail","hentry","category-actualidad"],"aioseo_notices":[],"aioseo_head":"\n\t\t<!-- All in One SEO Pro 5.0.1 - aioseo.com -->\n\t<meta name=\"description\" content=\"Berl\u00edn, 24 abr (dpa) - Los ciudadanos de Berl\u00edn y de otras ciudades de Alemania est\u00e1n llamados este mi\u00e9rcoles a llevar durante todo el d\u00eda puesta una kip\u00e1 -la gorra tradicional que identifica a los practicantes del juda\u00edsmo- en se\u00f1al de solidaridad con las v\u00edctimas de ataques antisemitas perpetrados d\u00edas atr\u00e1s en el pa\u00eds. La\" \/>\n\t<meta name=\"robots\" content=\"max-image-preview:large\" \/>\n\t<meta name=\"author\" content=\"El Digital de Asturias\"\/>\n\t<meta name=\"google-site-verification\" content=\"UA-38556648-1\" \/>\n\t<meta name=\"msvalidate.01\" content=\"7dfe9f3f1b24437ab69f4f2559babe99\" \/>\n\t<meta name=\"keywords\" content=\"actualidad\" \/>\n\t<link rel=\"canonical\" href=\"https:\/\/www.eldigitaldeasturias.com\/noticias\/todos-con-kipa-alemania-se-moviliza-contra-los-ataques-antisemitas\/\" \/>\n\t<meta name=\"generator\" content=\"All in One SEO Pro (AIOSEO) 5.0.1\" \/>\n\t\t<meta property=\"og:locale\" content=\"es_ES\" \/>\n\t\t<meta property=\"og:site_name\" content=\"El Digital de Asturias\" \/>\n\t\t<meta property=\"og:type\" content=\"article\" \/>\n\t\t<meta property=\"og:title\" content=\"Todos con kip\u00e1: Alemania se moviliza contra los ataques antisemitas - El Digital de Asturias\" \/>\n\t\t<meta property=\"og:description\" content=\"Berl\u00edn, 24 abr (dpa) - Los ciudadanos de Berl\u00edn y de otras ciudades de Alemania est\u00e1n llamados este mi\u00e9rcoles a llevar durante todo el d\u00eda puesta una kip\u00e1 -la gorra tradicional que identifica a los practicantes del juda\u00edsmo- en se\u00f1al de solidaridad con las v\u00edctimas de ataques antisemitas perpetrados d\u00edas atr\u00e1s en el pa\u00eds. La\" \/>\n\t\t<meta property=\"og:url\" content=\"https:\/\/www.eldigitaldeasturias.com\/noticias\/todos-con-kipa-alemania-se-moviliza-contra-los-ataques-antisemitas\/\" \/>\n\t\t<meta property=\"article:tag\" content=\"actualidad\" \/>\n\t\t<meta property=\"article:published_time\" content=\"2018-04-24T23:12:29+00:00\" \/>\n\t\t<meta property=\"article:modified_time\" content=\"2018-04-24T23:12:29+00:00\" \/>\n\t\t<meta property=\"article:publisher\" content=\"https:\/\/facebook.com\/eldigitaldeasturias\" \/>\n\t\t<meta name=\"twitter:card\" content=\"summary_large_image\" \/>\n\t\t<meta name=\"twitter:title\" content=\"Todos con kip\u00e1: Alemania se moviliza contra los ataques antisemitas - El Digital de Asturias\" \/>\n\t\t<meta name=\"twitter:description\" content=\"Berl\u00edn, 24 abr (dpa) - Los ciudadanos de Berl\u00edn y de otras ciudades de Alemania est\u00e1n llamados este mi\u00e9rcoles a llevar durante todo el d\u00eda puesta una kip\u00e1 -la gorra tradicional que identifica a los practicantes del juda\u00edsmo- en se\u00f1al de solidaridad con las v\u00edctimas de ataques antisemitas perpetrados d\u00edas atr\u00e1s en el pa\u00eds. La\" \/>\n\t\t<meta name=\"twitter:image\" content=\"https:\/\/www.eldigitaldeasturias.com\/noticias\/wp-content\/uploads\/2020\/12\/EDA-1.jpg\" \/>\n\t\t<meta name=\"twitter:label1\" content=\"Escrito por\" \/>\n\t\t<meta name=\"twitter:data1\" content=\"El Digital de Asturias\" \/>\n\t\t<meta name=\"twitter:label2\" content=\"Tiempo de lectura estimado\" \/>\n\t\t<meta name=\"twitter:data2\" content=\"3 minutos\" \/>\n\t\t<script type=\"application\/ld+json\" class=\"aioseo-schema\">\n\t\t\t{\"@context\":\"https:\\\/\\\/schema.org\",\"@graph\":[{\"@type\":\"BlogPosting\",\"@id\":\"https:\\\/\\\/www.eldigitaldeasturias.com\\\/noticias\\\/todos-con-kipa-alemania-se-moviliza-contra-los-ataques-antisemitas\\\/#blogposting\",\"name\":\"Todos con kip\\u00e1: Alemania se moviliza contra los ataques antisemitas - El Digital de Asturias\",\"headline\":\"Todos con kip\\u00e1: Alemania se moviliza contra los ataques antisemitas\",\"author\":{\"@id\":\"https:\\\/\\\/www.eldigitaldeasturias.com\\\/noticias\\\/author\\\/admin\\\/#author\"},\"publisher\":{\"@id\":\"https:\\\/\\\/www.eldigitaldeasturias.com\\\/noticias\\\/#organization\"},\"image\":{\"@type\":\"ImageObject\",\"url\":977437},\"datePublished\":\"2018-04-24T23:12:29+02:00\",\"dateModified\":\"2018-04-24T23:12:29+02:00\",\"inLanguage\":\"es-ES\",\"mainEntityOfPage\":{\"@id\":\"https:\\\/\\\/www.eldigitaldeasturias.com\\\/noticias\\\/todos-con-kipa-alemania-se-moviliza-contra-los-ataques-antisemitas\\\/#webpage\"},\"isPartOf\":{\"@id\":\"https:\\\/\\\/www.eldigitaldeasturias.com\\\/noticias\\\/todos-con-kipa-alemania-se-moviliza-contra-los-ataques-antisemitas\\\/#webpage\"},\"articleSection\":\"Actualidad\"},{\"@type\":\"BreadcrumbList\",\"@id\":\"https:\\\/\\\/www.eldigitaldeasturias.com\\\/noticias\\\/todos-con-kipa-alemania-se-moviliza-contra-los-ataques-antisemitas\\\/#breadcrumblist\",\"itemListElement\":[{\"@type\":\"ListItem\",\"@id\":\"https:\\\/\\\/www.eldigitaldeasturias.com\\\/noticias#listItem\",\"position\":1,\"name\":\"Home\",\"item\":\"https:\\\/\\\/www.eldigitaldeasturias.com\\\/noticias\",\"nextItem\":{\"@type\":\"ListItem\",\"@id\":\"https:\\\/\\\/www.eldigitaldeasturias.com\\\/noticias\\\/category\\\/actualidad\\\/#listItem\",\"name\":\"Actualidad\"}},{\"@type\":\"ListItem\",\"@id\":\"https:\\\/\\\/www.eldigitaldeasturias.com\\\/noticias\\\/category\\\/actualidad\\\/#listItem\",\"position\":2,\"name\":\"Actualidad\",\"item\":\"https:\\\/\\\/www.eldigitaldeasturias.com\\\/noticias\\\/category\\\/actualidad\\\/\",\"nextItem\":{\"@type\":\"ListItem\",\"@id\":\"https:\\\/\\\/www.eldigitaldeasturias.com\\\/noticias\\\/todos-con-kipa-alemania-se-moviliza-contra-los-ataques-antisemitas\\\/#listItem\",\"name\":\"Todos con kip\\u00e1: Alemania se moviliza contra los ataques antisemitas\"},\"previousItem\":{\"@type\":\"ListItem\",\"@id\":\"https:\\\/\\\/www.eldigitaldeasturias.com\\\/noticias#listItem\",\"name\":\"Home\"}},{\"@type\":\"ListItem\",\"@id\":\"https:\\\/\\\/www.eldigitaldeasturias.com\\\/noticias\\\/todos-con-kipa-alemania-se-moviliza-contra-los-ataques-antisemitas\\\/#listItem\",\"position\":3,\"name\":\"Todos con kip\\u00e1: Alemania se moviliza contra los ataques antisemitas\",\"previousItem\":{\"@type\":\"ListItem\",\"@id\":\"https:\\\/\\\/www.eldigitaldeasturias.com\\\/noticias\\\/category\\\/actualidad\\\/#listItem\",\"name\":\"Actualidad\"}}]},{\"@type\":\"Organization\",\"@id\":\"https:\\\/\\\/www.eldigitaldeasturias.com\\\/noticias\\\/#organization\",\"name\":\"El Digital de Asturias\",\"description\":\"Hemeroteca\",\"url\":\"https:\\\/\\\/www.eldigitaldeasturias.com\\\/noticias\\\/\",\"email\":\"info@eldigitaldeasturias.com\",\"telephone\":\"+34652131393\",\"logo\":{\"@type\":\"ImageObject\",\"url\":\"https:\\\/\\\/www.eldigitaldeasturias.com\\\/noticias\\\/wp-content\\\/uploads\\\/2020\\\/12\\\/EDA.jpg\",\"@id\":\"https:\\\/\\\/www.eldigitaldeasturias.com\\\/noticias\\\/todos-con-kipa-alemania-se-moviliza-contra-los-ataques-antisemitas\\\/#organizationLogo\"},\"image\":{\"@id\":\"https:\\\/\\\/www.eldigitaldeasturias.com\\\/noticias\\\/todos-con-kipa-alemania-se-moviliza-contra-los-ataques-antisemitas\\\/#organizationLogo\"},\"sameAs\":[\"https:\\\/\\\/facebook.com\\\/eldigitaldeasturias\",\"https:\\\/\\\/www.youtube.com\\\/channel\\\/UCZP-2wLEB9Rv6erhFmqVnvg\"],\"address\":{\"@id\":\"https:\\\/\\\/www.eldigitaldeasturias.com\\\/noticias\\\/#postaladdress\",\"@type\":\"PostalAddress\",\"streetAddress\":\"san antonio 4\",\"postalCode\":\"33430\",\"addressLocality\":\"Cand\\u00e1s\",\"addressRegion\":\"Asturias\",\"addressCountry\":\"ES\"}},{\"@type\":\"Person\",\"@id\":\"https:\\\/\\\/www.eldigitaldeasturias.com\\\/noticias\\\/author\\\/admin\\\/#author\",\"url\":\"https:\\\/\\\/www.eldigitaldeasturias.com\\\/noticias\\\/author\\\/admin\\\/\",\"name\":\"El Digital de Asturias\",\"image\":{\"@type\":\"ImageObject\",\"@id\":\"https:\\\/\\\/www.eldigitaldeasturias.com\\\/noticias\\\/todos-con-kipa-alemania-se-moviliza-contra-los-ataques-antisemitas\\\/#authorImage\",\"url\":\"https:\\\/\\\/secure.gravatar.com\\\/avatar\\\/df2aeffc32bcd13f8d26072ef8a91b623d677766deac7f97ca815868cd41bf5e?s=96&d=mm&r=g\",\"width\":96,\"height\":96,\"caption\":\"El Digital de Asturias\"}},{\"@type\":\"WebPage\",\"@id\":\"https:\\\/\\\/www.eldigitaldeasturias.com\\\/noticias\\\/todos-con-kipa-alemania-se-moviliza-contra-los-ataques-antisemitas\\\/#webpage\",\"url\":\"https:\\\/\\\/www.eldigitaldeasturias.com\\\/noticias\\\/todos-con-kipa-alemania-se-moviliza-contra-los-ataques-antisemitas\\\/\",\"name\":\"Todos con kip\\u00e1: Alemania se moviliza contra los ataques antisemitas - El Digital de Asturias\",\"description\":\"Berl\\u00edn, 24 abr (dpa) - Los ciudadanos de Berl\\u00edn y de otras ciudades de Alemania est\\u00e1n llamados este mi\\u00e9rcoles a llevar durante todo el d\\u00eda puesta una kip\\u00e1 -la gorra tradicional que identifica a los practicantes del juda\\u00edsmo- en se\\u00f1al de solidaridad con las v\\u00edctimas de ataques antisemitas perpetrados d\\u00edas atr\\u00e1s en el pa\\u00eds. La\",\"inLanguage\":\"es-ES\",\"isPartOf\":{\"@id\":\"https:\\\/\\\/www.eldigitaldeasturias.com\\\/noticias\\\/#website\"},\"breadcrumb\":{\"@id\":\"https:\\\/\\\/www.eldigitaldeasturias.com\\\/noticias\\\/todos-con-kipa-alemania-se-moviliza-contra-los-ataques-antisemitas\\\/#breadcrumblist\"},\"author\":{\"@id\":\"https:\\\/\\\/www.eldigitaldeasturias.com\\\/noticias\\\/author\\\/admin\\\/#author\"},\"creator\":{\"@id\":\"https:\\\/\\\/www.eldigitaldeasturias.com\\\/noticias\\\/author\\\/admin\\\/#author\"},\"image\":{\"@type\":\"ImageObject\",\"url\":977437,\"@id\":\"https:\\\/\\\/www.eldigitaldeasturias.com\\\/noticias\\\/todos-con-kipa-alemania-se-moviliza-contra-los-ataques-antisemitas\\\/#mainImage\"},\"primaryImageOfPage\":{\"@id\":\"https:\\\/\\\/www.eldigitaldeasturias.com\\\/noticias\\\/todos-con-kipa-alemania-se-moviliza-contra-los-ataques-antisemitas\\\/#mainImage\"},\"datePublished\":\"2018-04-24T23:12:29+02:00\",\"dateModified\":\"2018-04-24T23:12:29+02:00\"},{\"@type\":\"WebSite\",\"@id\":\"https:\\\/\\\/www.eldigitaldeasturias.com\\\/noticias\\\/#website\",\"url\":\"https:\\\/\\\/www.eldigitaldeasturias.com\\\/noticias\\\/\",\"name\":\"El Digital de Asturias - Diario de actualidad y noticias\",\"alternateName\":\"El Digital de Asturias - Diario de actualidad y noticias\",\"description\":\"Hemeroteca\",\"inLanguage\":\"es-ES\",\"publisher\":{\"@id\":\"https:\\\/\\\/www.eldigitaldeasturias.com\\\/noticias\\\/#organization\"}}]}\n\t\t<\/script>\n\t\t<!-- All in One SEO Pro -->\r\n\t\t<title>Todos con kip\u00e1: Alemania se moviliza contra los ataques antisemitas - El Digital de Asturias<\/title>\n\n","aioseo_head_json":{"title":"Todos con kip\u00e1: Alemania se moviliza contra los ataques antisemitas - El Digital de Asturias","description":"Berl\u00edn, 24 abr (dpa) - Los ciudadanos de Berl\u00edn y de otras ciudades de Alemania est\u00e1n llamados este mi\u00e9rcoles a llevar durante todo el d\u00eda puesta una kip\u00e1 -la gorra tradicional que identifica a los practicantes del juda\u00edsmo- en se\u00f1al de solidaridad con las v\u00edctimas de ataques antisemitas perpetrados d\u00edas atr\u00e1s en el pa\u00eds. La","canonical_url":"https:\/\/www.eldigitaldeasturias.com\/noticias\/todos-con-kipa-alemania-se-moviliza-contra-los-ataques-antisemitas\/","robots":"max-image-preview:large","keywords":"actualidad","webmasterTools":{"google-site-verification":"UA-38556648-1","msvalidate.01":"7dfe9f3f1b24437ab69f4f2559babe99","miscellaneous":""},"schema":{"@context":"https:\/\/schema.org","@graph":[{"@type":"BlogPosting","@id":"https:\/\/www.eldigitaldeasturias.com\/noticias\/todos-con-kipa-alemania-se-moviliza-contra-los-ataques-antisemitas\/#blogposting","name":"Todos con kip\u00e1: Alemania se moviliza contra los ataques antisemitas - El Digital de Asturias","headline":"Todos con kip\u00e1: Alemania se moviliza contra los ataques antisemitas","author":{"@id":"https:\/\/www.eldigitaldeasturias.com\/noticias\/author\/admin\/#author"},"publisher":{"@id":"https:\/\/www.eldigitaldeasturias.com\/noticias\/#organization"},"image":{"@type":"ImageObject","url":977437},"datePublished":"2018-04-24T23:12:29+02:00","dateModified":"2018-04-24T23:12:29+02:00","inLanguage":"es-ES","mainEntityOfPage":{"@id":"https:\/\/www.eldigitaldeasturias.com\/noticias\/todos-con-kipa-alemania-se-moviliza-contra-los-ataques-antisemitas\/#webpage"},"isPartOf":{"@id":"https:\/\/www.eldigitaldeasturias.com\/noticias\/todos-con-kipa-alemania-se-moviliza-contra-los-ataques-antisemitas\/#webpage"},"articleSection":"Actualidad"},{"@type":"BreadcrumbList","@id":"https:\/\/www.eldigitaldeasturias.com\/noticias\/todos-con-kipa-alemania-se-moviliza-contra-los-ataques-antisemitas\/#breadcrumblist","itemListElement":[{"@type":"ListItem","@id":"https:\/\/www.eldigitaldeasturias.com\/noticias#listItem","position":1,"name":"Home","item":"https:\/\/www.eldigitaldeasturias.com\/noticias","nextItem":{"@type":"ListItem","@id":"https:\/\/www.eldigitaldeasturias.com\/noticias\/category\/actualidad\/#listItem","name":"Actualidad"}},{"@type":"ListItem","@id":"https:\/\/www.eldigitaldeasturias.com\/noticias\/category\/actualidad\/#listItem","position":2,"name":"Actualidad","item":"https:\/\/www.eldigitaldeasturias.com\/noticias\/category\/actualidad\/","nextItem":{"@type":"ListItem","@id":"https:\/\/www.eldigitaldeasturias.com\/noticias\/todos-con-kipa-alemania-se-moviliza-contra-los-ataques-antisemitas\/#listItem","name":"Todos con kip\u00e1: Alemania se moviliza contra los ataques antisemitas"},"previousItem":{"@type":"ListItem","@id":"https:\/\/www.eldigitaldeasturias.com\/noticias#listItem","name":"Home"}},{"@type":"ListItem","@id":"https:\/\/www.eldigitaldeasturias.com\/noticias\/todos-con-kipa-alemania-se-moviliza-contra-los-ataques-antisemitas\/#listItem","position":3,"name":"Todos con kip\u00e1: Alemania se moviliza contra los ataques antisemitas","previousItem":{"@type":"ListItem","@id":"https:\/\/www.eldigitaldeasturias.com\/noticias\/category\/actualidad\/#listItem","name":"Actualidad"}}]},{"@type":"Organization","@id":"https:\/\/www.eldigitaldeasturias.com\/noticias\/#organization","name":"El Digital de Asturias","description":"Hemeroteca","url":"https:\/\/www.eldigitaldeasturias.com\/noticias\/","email":"info@eldigitaldeasturias.com","telephone":"+34652131393","logo":{"@type":"ImageObject","url":"https:\/\/www.eldigitaldeasturias.com\/noticias\/wp-content\/uploads\/2020\/12\/EDA.jpg","@id":"https:\/\/www.eldigitaldeasturias.com\/noticias\/todos-con-kipa-alemania-se-moviliza-contra-los-ataques-antisemitas\/#organizationLogo"},"image":{"@id":"https:\/\/www.eldigitaldeasturias.com\/noticias\/todos-con-kipa-alemania-se-moviliza-contra-los-ataques-antisemitas\/#organizationLogo"},"sameAs":["https:\/\/facebook.com\/eldigitaldeasturias","https:\/\/www.youtube.com\/channel\/UCZP-2wLEB9Rv6erhFmqVnvg"],"address":{"@id":"https:\/\/www.eldigitaldeasturias.com\/noticias\/#postaladdress","@type":"PostalAddress","streetAddress":"san antonio 4","postalCode":"33430","addressLocality":"Cand\u00e1s","addressRegion":"Asturias","addressCountry":"ES"}},{"@type":"Person","@id":"https:\/\/www.eldigitaldeasturias.com\/noticias\/author\/admin\/#author","url":"https:\/\/www.eldigitaldeasturias.com\/noticias\/author\/admin\/","name":"El Digital de Asturias","image":{"@type":"ImageObject","@id":"https:\/\/www.eldigitaldeasturias.com\/noticias\/todos-con-kipa-alemania-se-moviliza-contra-los-ataques-antisemitas\/#authorImage","url":"https:\/\/secure.gravatar.com\/avatar\/df2aeffc32bcd13f8d26072ef8a91b623d677766deac7f97ca815868cd41bf5e?s=96&d=mm&r=g","width":96,"height":96,"caption":"El Digital de Asturias"}},{"@type":"WebPage","@id":"https:\/\/www.eldigitaldeasturias.com\/noticias\/todos-con-kipa-alemania-se-moviliza-contra-los-ataques-antisemitas\/#webpage","url":"https:\/\/www.eldigitaldeasturias.com\/noticias\/todos-con-kipa-alemania-se-moviliza-contra-los-ataques-antisemitas\/","name":"Todos con kip\u00e1: Alemania se moviliza contra los ataques antisemitas - El Digital de Asturias","description":"Berl\u00edn, 24 abr (dpa) - Los ciudadanos de Berl\u00edn y de otras ciudades de Alemania est\u00e1n llamados este mi\u00e9rcoles a llevar durante todo el d\u00eda puesta una kip\u00e1 -la gorra tradicional que identifica a los practicantes del juda\u00edsmo- en se\u00f1al de solidaridad con las v\u00edctimas de ataques antisemitas perpetrados d\u00edas atr\u00e1s en el pa\u00eds. La","inLanguage":"es-ES","isPartOf":{"@id":"https:\/\/www.eldigitaldeasturias.com\/noticias\/#website"},"breadcrumb":{"@id":"https:\/\/www.eldigitaldeasturias.com\/noticias\/todos-con-kipa-alemania-se-moviliza-contra-los-ataques-antisemitas\/#breadcrumblist"},"author":{"@id":"https:\/\/www.eldigitaldeasturias.com\/noticias\/author\/admin\/#author"},"creator":{"@id":"https:\/\/www.eldigitaldeasturias.com\/noticias\/author\/admin\/#author"},"image":{"@type":"ImageObject","url":977437,"@id":"https:\/\/www.eldigitaldeasturias.com\/noticias\/todos-con-kipa-alemania-se-moviliza-contra-los-ataques-antisemitas\/#mainImage"},"primaryImageOfPage":{"@id":"https:\/\/www.eldigitaldeasturias.com\/noticias\/todos-con-kipa-alemania-se-moviliza-contra-los-ataques-antisemitas\/#mainImage"},"datePublished":"2018-04-24T23:12:29+02:00","dateModified":"2018-04-24T23:12:29+02:00"},{"@type":"WebSite","@id":"https:\/\/www.eldigitaldeasturias.com\/noticias\/#website","url":"https:\/\/www.eldigitaldeasturias.com\/noticias\/","name":"El Digital de Asturias - Diario de actualidad y noticias","alternateName":"El Digital de Asturias - Diario de actualidad y noticias","description":"Hemeroteca","inLanguage":"es-ES","publisher":{"@id":"https:\/\/www.eldigitaldeasturias.com\/noticias\/#organization"}}]},"og:locale":"es_ES","og:site_name":"El Digital de Asturias","og:type":"article","og:title":"Todos con kip\u00e1: Alemania se moviliza contra los ataques antisemitas - El Digital de Asturias","og:description":"Berl\u00edn, 24 abr (dpa) - Los ciudadanos de Berl\u00edn y de otras ciudades de Alemania est\u00e1n llamados este mi\u00e9rcoles a llevar durante todo el d\u00eda puesta una kip\u00e1 -la gorra tradicional que identifica a los practicantes del juda\u00edsmo- en se\u00f1al de solidaridad con las v\u00edctimas de ataques antisemitas perpetrados d\u00edas atr\u00e1s en el pa\u00eds. La","og:url":"https:\/\/www.eldigitaldeasturias.com\/noticias\/todos-con-kipa-alemania-se-moviliza-contra-los-ataques-antisemitas\/","article:tag":["actualidad"],"article:published_time":"2018-04-24T23:12:29+00:00","article:modified_time":"2018-04-24T23:12:29+00:00","article:publisher":"https:\/\/facebook.com\/eldigitaldeasturias","twitter:card":"summary_large_image","twitter:title":"Todos con kip\u00e1: Alemania se moviliza contra los ataques antisemitas - El Digital de Asturias","twitter:description":"Berl\u00edn, 24 abr (dpa) - Los ciudadanos de Berl\u00edn y de otras ciudades de Alemania est\u00e1n llamados este mi\u00e9rcoles a llevar durante todo el d\u00eda puesta una kip\u00e1 -la gorra tradicional que identifica a los practicantes del juda\u00edsmo- en se\u00f1al de solidaridad con las v\u00edctimas de ataques antisemitas perpetrados d\u00edas atr\u00e1s en el pa\u00eds. La","twitter:image":"https:\/\/www.eldigitaldeasturias.com\/noticias\/wp-content\/uploads\/2020\/12\/EDA-1.jpg","twitter:label1":"Escrito por","twitter:data1":"El Digital de Asturias","twitter:label2":"Tiempo de lectura estimado","twitter:data2":"3 minutos"},"aioseo_meta_data":{"post_id":"977436","title":null,"description":null,"keywords":null,"keyphrases":null,"primary_term":null,"canonical_url":null,"og_title":null,"og_description":null,"og_object_type":"default","og_image_type":"default","og_image_url":null,"og_image_width":null,"og_image_height":null,"og_image_custom_url":null,"og_image_custom_fields":null,"og_video":null,"og_custom_url":null,"og_article_section":null,"og_article_tags":null,"twitter_use_og":false,"twitter_card":"default","twitter_image_type":"default","twitter_image_url":null,"twitter_image_custom_url":null,"twitter_image_custom_fields":null,"twitter_title":null,"twitter_description":null,"schema":{"blockGraphs":[],"customGraphs":[],"default":{"data":{"Article":[],"Course":[],"Dataset":[],"FAQPage":[],"Movie":[],"Person":[],"Product":[],"ProductReview":[],"Car":[],"Recipe":[],"Service":[],"SoftwareApplication":[],"WebPage":[]},"graphName":"","isEnabled":true},"graphs":[],"defaultGraph":"","defaultPostTypeGraph":""},"schema_type":null,"schema_type_options":null,"pillar_content":false,"robots_default":true,"robots_noindex":false,"robots_noarchive":false,"robots_nosnippet":false,"robots_nofollow":false,"robots_noimageindex":false,"robots_noodp":false,"robots_notranslate":false,"robots_max_snippet":null,"robots_max_videopreview":null,"robots_max_imagepreview":"large","priority":null,"frequency":null,"local_seo":null,"seo_analyzer_scan_date":"2025-10-08 07:24:08","breadcrumb_settings":null,"limit_modified_date":false,"open_ai":null,"ai":null,"created":"2020-12-21 12:05:37","updated":"2025-10-08 07:24:08","focus_keyword":null,"additional_keywords":null,"truseo_locale":null},"aioseo_breadcrumb":"<div class=\"aioseo-breadcrumbs\"><span class=\"aioseo-breadcrumb\">\n\t<a href=\"https:\/\/www.eldigitaldeasturias.com\/noticias\" title=\"Home\">Home<\/a>\n<\/span><span class=\"aioseo-breadcrumb-separator\">\u2013<\/span><span class=\"aioseo-breadcrumb\">\n\t<a href=\"https:\/\/www.eldigitaldeasturias.com\/noticias\/category\/actualidad\/\" title=\"Actualidad\">Actualidad<\/a>\n<\/span><span class=\"aioseo-breadcrumb-separator\">\u2013<\/span><span class=\"aioseo-breadcrumb\">\n\t<a href=\"https:\/\/www.eldigitaldeasturias.com\/noticias\/todos-con-kipa-alemania-se-moviliza-contra-los-ataques-antisemitas\/\" title=\"Todos con kip\u00e1: Alemania se moviliza contra los ataques antisemitas\">Todos con kip\u00e1: Alemania se moviliza contra los ataques antisemitas<\/a>\n<\/span><\/div>","aioseo_breadcrumb_json":[{"label":"Home","link":"https:\/\/www.eldigitaldeasturias.com\/noticias"},{"label":"Actualidad","link":"https:\/\/www.eldigitaldeasturias.com\/noticias\/category\/actualidad\/"},{"label":"Todos con kip\u00e1: Alemania se moviliza contra los ataques antisemitas","link":"https:\/\/www.eldigitaldeasturias.com\/noticias\/todos-con-kipa-alemania-se-moviliza-contra-los-ataques-antisemitas\/"}],"_links":{"self":[{"href":"https:\/\/www.eldigitaldeasturias.com\/noticias\/wp-json\/wp\/v2\/posts\/977436","targetHints":{"allow":["GET"]}}],"collection":[{"href":"https:\/\/www.eldigitaldeasturias.com\/noticias\/wp-json\/wp\/v2\/posts"}],"about":[{"href":"https:\/\/www.eldigitaldeasturias.com\/noticias\/wp-json\/wp\/v2\/types\/post"}],"author":[{"embeddable":true,"href":"https:\/\/www.eldigitaldeasturias.com\/noticias\/wp-json\/wp\/v2\/users\/1"}],"replies":[{"embeddable":true,"href":"https:\/\/www.eldigitaldeasturias.com\/noticias\/wp-json\/wp\/v2\/comments?post=977436"}],"version-history":[{"count":0,"href":"https:\/\/www.eldigitaldeasturias.com\/noticias\/wp-json\/wp\/v2\/posts\/977436\/revisions"}],"wp:attachment":[{"href":"https:\/\/www.eldigitaldeasturias.com\/noticias\/wp-json\/wp\/v2\/media?parent=977436"}],"wp:term":[{"taxonomy":"category","embeddable":true,"href":"https:\/\/www.eldigitaldeasturias.com\/noticias\/wp-json\/wp\/v2\/categories?post=977436"},{"taxonomy":"post_tag","embeddable":true,"href":"https:\/\/www.eldigitaldeasturias.com\/noticias\/wp-json\/wp\/v2\/tags?post=977436"}],"curies":[{"name":"wp","href":"https:\/\/api.w.org\/{rel}","templated":true}]}}