{"id":977412,"date":"2018-04-24T22:47:45","date_gmt":"2018-04-24T22:47:45","guid":{"rendered":"http:\/\/www.eldigitaldeasturias.com\/noticias\/?p=977412"},"modified":"2018-04-24T22:47:45","modified_gmt":"2018-04-24T22:47:45","slug":"la-poblacion-en-espana-aumento-por-segundo-ano-consecutivo-en-2017","status":"publish","type":"post","link":"https:\/\/www.eldigitaldeasturias.com\/noticias\/la-poblacion-en-espana-aumento-por-segundo-ano-consecutivo-en-2017\/","title":{"rendered":"La poblaci\u00f3n en Espa\u00f1a aument\u00f3 por segundo a\u00f1o consecutivo en 2017"},"content":{"rendered":"<p><img loading=\"lazy\" decoding=\"async\" class=\"alignleft size-medium wp-image-790031\" src=\"https:\/\/www.eldigitaldeasturias.com\/noticias\/wp-content\/uploads\/2015\/06\/gente-baleares-360x239.jpg\" alt=\"\" width=\"360\" height=\"239\" \/>Madrid, 24 abr (dpa) &#8211; La poblaci\u00f3n en Espa\u00f1a aument\u00f3 por segundo a\u00f1o consecutivo en 2017 y tras una serie de cuatro a\u00f1os de ca\u00eddas gracias a la llegada de extranjeros, entre los que destacan los venezolanos, seg\u00fan datos publicados hoy.<\/p>\n<p>El n\u00famero de personas inscritas en el Padr\u00f3n Continuo en Espa\u00f1a a 1 de enero de 2018 es de 46,698, refleja el avance difundido por el Instituto Nacional de Estad\u00edstica (INE). De ese total, 41,979 tienen nacionalidad espa\u00f1ola (un 89,9 por ciento) y 4,719 son extranjeros (el 10,1 por ciento).<\/p>\n<p>Se trata de un incremento global de 126.437 personas (un 0,3 por ciento) con respecto a los datos del a\u00f1o anterior. La ca\u00edda del neto de espa\u00f1oles en 20.174 personas (-0,05 por ciento) se vio compensada por el aumento de extranjeros en 146.611 (3,2 por ciento).<\/p>\n<p>Desde 1998, cuando comenzaron a registrarse los datos del padr\u00f3n continuo que re\u00fane los de los diversos padrones municipales, la poblaci\u00f3n de Espa\u00f1a aument\u00f3 hasta 2012. Se produjo entonces un quiebre de tendencia hasta 2016, cuando comenz\u00f3 el repunte consolidado en los datos de 2017 difundidos hoy.<\/p>\n<p>En cifras absolutas, la comunidad extranjera m\u00e1s numerosa en Espa\u00f1a es la de marroqu\u00edes (769.050), seguida por rumanos (673.017), brit\u00e1nicos (240.934), chinos (215.748), italianos (206.066) y dos pa\u00edses latinoamericanos: colombianos (165.608) y ecuatorianos (135.045).<\/p>\n<p>Sin embargo, el padr\u00f3n refleja con claridad la gran afluencia de venezolanos que vienen abandonando su pa\u00eds los \u00faltimos a\u00f1os. Su aumento lidera las estad\u00edsticas tanto en t\u00e9rminos relativos (un 38,6 por ciento) como absolutos (26.608) hasta un total de 95.474 personas con esa nacionalidad registradas al 1 de enero en Espa\u00f1a.<\/p>\n<p>&nbsp;<\/p>\n","protected":false},"excerpt":{"rendered":"<p>Madrid, 24 abr (dpa) &#8211; La poblaci\u00f3n en Espa\u00f1a aument\u00f3 por segundo a\u00f1o consecutivo en 2017 y tras una serie de cuatro a\u00f1os de ca\u00eddas gracias a la llegada de extranjeros, entre los que destacan los venezolanos, seg\u00fan datos publicados hoy. El n\u00famero de personas inscritas en el Padr\u00f3n Continuo en Espa\u00f1a a 1 de [&hellip;]<\/p>\n","protected":false},"author":1,"featured_media":790031,"comment_status":"closed","ping_status":"closed","sticky":false,"template":"","format":"standard","meta":{"footnotes":""},"categories":[1],"tags":[],"class_list":["post-977412","post","type-post","status-publish","format-standard","has-post-thumbnail","hentry","category-actualidad"],"aioseo_notices":[],"aioseo_head":"\n\t\t<!-- All in One SEO Pro 5.0.1 - aioseo.com -->\n\t<meta name=\"description\" content=\"Madrid, 24 abr (dpa) - La poblaci\u00f3n en Espa\u00f1a aument\u00f3 por segundo a\u00f1o consecutivo en 2017 y tras una serie de cuatro a\u00f1os de ca\u00eddas gracias a la llegada de extranjeros, entre los que destacan los venezolanos, seg\u00fan datos publicados hoy. El n\u00famero de personas inscritas en el Padr\u00f3n Continuo en Espa\u00f1a a 1 de\" \/>\n\t<meta name=\"robots\" content=\"max-image-preview:large\" \/>\n\t<meta name=\"author\" content=\"El Digital de Asturias\"\/>\n\t<meta name=\"google-site-verification\" content=\"UA-38556648-1\" \/>\n\t<meta name=\"msvalidate.01\" content=\"7dfe9f3f1b24437ab69f4f2559babe99\" \/>\n\t<meta name=\"keywords\" content=\"actualidad\" \/>\n\t<link rel=\"canonical\" href=\"https:\/\/www.eldigitaldeasturias.com\/noticias\/la-poblacion-en-espana-aumento-por-segundo-ano-consecutivo-en-2017\/\" \/>\n\t<meta name=\"generator\" content=\"All in One SEO Pro (AIOSEO) 5.0.1\" \/>\n\t\t<meta property=\"og:locale\" content=\"es_ES\" \/>\n\t\t<meta property=\"og:site_name\" content=\"El Digital de Asturias\" \/>\n\t\t<meta property=\"og:type\" content=\"article\" \/>\n\t\t<meta property=\"og:title\" content=\"La poblaci\u00f3n en Espa\u00f1a aument\u00f3 por segundo a\u00f1o consecutivo en 2017 - El Digital de Asturias\" \/>\n\t\t<meta property=\"og:description\" content=\"Madrid, 24 abr (dpa) - La poblaci\u00f3n en Espa\u00f1a aument\u00f3 por segundo a\u00f1o consecutivo en 2017 y tras una serie de cuatro a\u00f1os de ca\u00eddas gracias a la llegada de extranjeros, entre los que destacan los venezolanos, seg\u00fan datos publicados hoy. El n\u00famero de personas inscritas en el Padr\u00f3n Continuo en Espa\u00f1a a 1 de\" \/>\n\t\t<meta property=\"og:url\" content=\"https:\/\/www.eldigitaldeasturias.com\/noticias\/la-poblacion-en-espana-aumento-por-segundo-ano-consecutivo-en-2017\/\" \/>\n\t\t<meta property=\"article:tag\" content=\"actualidad\" \/>\n\t\t<meta property=\"article:published_time\" content=\"2018-04-24T22:47:45+00:00\" \/>\n\t\t<meta property=\"article:modified_time\" content=\"2018-04-24T22:47:45+00:00\" \/>\n\t\t<meta property=\"article:publisher\" content=\"https:\/\/facebook.com\/eldigitaldeasturias\" \/>\n\t\t<meta name=\"twitter:card\" content=\"summary_large_image\" \/>\n\t\t<meta name=\"twitter:title\" content=\"La poblaci\u00f3n en Espa\u00f1a aument\u00f3 por segundo a\u00f1o consecutivo en 2017 - El Digital de Asturias\" \/>\n\t\t<meta name=\"twitter:description\" content=\"Madrid, 24 abr (dpa) - La poblaci\u00f3n en Espa\u00f1a aument\u00f3 por segundo a\u00f1o consecutivo en 2017 y tras una serie de cuatro a\u00f1os de ca\u00eddas gracias a la llegada de extranjeros, entre los que destacan los venezolanos, seg\u00fan datos publicados hoy. El n\u00famero de personas inscritas en el Padr\u00f3n Continuo en Espa\u00f1a a 1 de\" \/>\n\t\t<meta name=\"twitter:image\" content=\"https:\/\/www.eldigitaldeasturias.com\/noticias\/wp-content\/uploads\/2020\/12\/EDA-1.jpg\" \/>\n\t\t<meta name=\"twitter:label1\" content=\"Escrito por\" \/>\n\t\t<meta name=\"twitter:data1\" content=\"El Digital de Asturias\" \/>\n\t\t<meta name=\"twitter:label2\" content=\"Tiempo de lectura estimado\" \/>\n\t\t<meta name=\"twitter:data2\" content=\"1 minuto\" \/>\n\t\t<script type=\"application\/ld+json\" class=\"aioseo-schema\">\n\t\t\t{\"@context\":\"https:\\\/\\\/schema.org\",\"@graph\":[{\"@type\":\"BlogPosting\",\"@id\":\"https:\\\/\\\/www.eldigitaldeasturias.com\\\/noticias\\\/la-poblacion-en-espana-aumento-por-segundo-ano-consecutivo-en-2017\\\/#blogposting\",\"name\":\"La poblaci\\u00f3n en Espa\\u00f1a aument\\u00f3 por segundo a\\u00f1o consecutivo en 2017 - El Digital de Asturias\",\"headline\":\"La poblaci\\u00f3n en Espa\\u00f1a aument\\u00f3 por segundo a\\u00f1o consecutivo en 2017\",\"author\":{\"@id\":\"https:\\\/\\\/www.eldigitaldeasturias.com\\\/noticias\\\/author\\\/admin\\\/#author\"},\"publisher\":{\"@id\":\"https:\\\/\\\/www.eldigitaldeasturias.com\\\/noticias\\\/#organization\"},\"image\":{\"@type\":\"ImageObject\",\"url\":790031},\"datePublished\":\"2018-04-24T22:47:45+02:00\",\"dateModified\":\"2018-04-24T22:47:45+02:00\",\"inLanguage\":\"es-ES\",\"mainEntityOfPage\":{\"@id\":\"https:\\\/\\\/www.eldigitaldeasturias.com\\\/noticias\\\/la-poblacion-en-espana-aumento-por-segundo-ano-consecutivo-en-2017\\\/#webpage\"},\"isPartOf\":{\"@id\":\"https:\\\/\\\/www.eldigitaldeasturias.com\\\/noticias\\\/la-poblacion-en-espana-aumento-por-segundo-ano-consecutivo-en-2017\\\/#webpage\"},\"articleSection\":\"Actualidad\"},{\"@type\":\"BreadcrumbList\",\"@id\":\"https:\\\/\\\/www.eldigitaldeasturias.com\\\/noticias\\\/la-poblacion-en-espana-aumento-por-segundo-ano-consecutivo-en-2017\\\/#breadcrumblist\",\"itemListElement\":[{\"@type\":\"ListItem\",\"@id\":\"https:\\\/\\\/www.eldigitaldeasturias.com\\\/noticias#listItem\",\"position\":1,\"name\":\"Home\",\"item\":\"https:\\\/\\\/www.eldigitaldeasturias.com\\\/noticias\",\"nextItem\":{\"@type\":\"ListItem\",\"@id\":\"https:\\\/\\\/www.eldigitaldeasturias.com\\\/noticias\\\/category\\\/actualidad\\\/#listItem\",\"name\":\"Actualidad\"}},{\"@type\":\"ListItem\",\"@id\":\"https:\\\/\\\/www.eldigitaldeasturias.com\\\/noticias\\\/category\\\/actualidad\\\/#listItem\",\"position\":2,\"name\":\"Actualidad\",\"item\":\"https:\\\/\\\/www.eldigitaldeasturias.com\\\/noticias\\\/category\\\/actualidad\\\/\",\"nextItem\":{\"@type\":\"ListItem\",\"@id\":\"https:\\\/\\\/www.eldigitaldeasturias.com\\\/noticias\\\/la-poblacion-en-espana-aumento-por-segundo-ano-consecutivo-en-2017\\\/#listItem\",\"name\":\"La poblaci\\u00f3n en Espa\\u00f1a aument\\u00f3 por segundo a\\u00f1o consecutivo en 2017\"},\"previousItem\":{\"@type\":\"ListItem\",\"@id\":\"https:\\\/\\\/www.eldigitaldeasturias.com\\\/noticias#listItem\",\"name\":\"Home\"}},{\"@type\":\"ListItem\",\"@id\":\"https:\\\/\\\/www.eldigitaldeasturias.com\\\/noticias\\\/la-poblacion-en-espana-aumento-por-segundo-ano-consecutivo-en-2017\\\/#listItem\",\"position\":3,\"name\":\"La poblaci\\u00f3n en Espa\\u00f1a aument\\u00f3 por segundo a\\u00f1o consecutivo en 2017\",\"previousItem\":{\"@type\":\"ListItem\",\"@id\":\"https:\\\/\\\/www.eldigitaldeasturias.com\\\/noticias\\\/category\\\/actualidad\\\/#listItem\",\"name\":\"Actualidad\"}}]},{\"@type\":\"Organization\",\"@id\":\"https:\\\/\\\/www.eldigitaldeasturias.com\\\/noticias\\\/#organization\",\"name\":\"El Digital de Asturias\",\"description\":\"Hemeroteca\",\"url\":\"https:\\\/\\\/www.eldigitaldeasturias.com\\\/noticias\\\/\",\"email\":\"info@eldigitaldeasturias.com\",\"telephone\":\"+34652131393\",\"logo\":{\"@type\":\"ImageObject\",\"url\":\"https:\\\/\\\/www.eldigitaldeasturias.com\\\/noticias\\\/wp-content\\\/uploads\\\/2020\\\/12\\\/EDA.jpg\",\"@id\":\"https:\\\/\\\/www.eldigitaldeasturias.com\\\/noticias\\\/la-poblacion-en-espana-aumento-por-segundo-ano-consecutivo-en-2017\\\/#organizationLogo\"},\"image\":{\"@id\":\"https:\\\/\\\/www.eldigitaldeasturias.com\\\/noticias\\\/la-poblacion-en-espana-aumento-por-segundo-ano-consecutivo-en-2017\\\/#organizationLogo\"},\"sameAs\":[\"https:\\\/\\\/facebook.com\\\/eldigitaldeasturias\",\"https:\\\/\\\/www.youtube.com\\\/channel\\\/UCZP-2wLEB9Rv6erhFmqVnvg\"],\"address\":{\"@id\":\"https:\\\/\\\/www.eldigitaldeasturias.com\\\/noticias\\\/#postaladdress\",\"@type\":\"PostalAddress\",\"streetAddress\":\"san antonio 4\",\"postalCode\":\"33430\",\"addressLocality\":\"Cand\\u00e1s\",\"addressRegion\":\"Asturias\",\"addressCountry\":\"ES\"}},{\"@type\":\"Person\",\"@id\":\"https:\\\/\\\/www.eldigitaldeasturias.com\\\/noticias\\\/author\\\/admin\\\/#author\",\"url\":\"https:\\\/\\\/www.eldigitaldeasturias.com\\\/noticias\\\/author\\\/admin\\\/\",\"name\":\"El Digital de Asturias\",\"image\":{\"@type\":\"ImageObject\",\"@id\":\"https:\\\/\\\/www.eldigitaldeasturias.com\\\/noticias\\\/la-poblacion-en-espana-aumento-por-segundo-ano-consecutivo-en-2017\\\/#authorImage\",\"url\":\"https:\\\/\\\/secure.gravatar.com\\\/avatar\\\/df2aeffc32bcd13f8d26072ef8a91b623d677766deac7f97ca815868cd41bf5e?s=96&d=mm&r=g\",\"width\":96,\"height\":96,\"caption\":\"El Digital de Asturias\"}},{\"@type\":\"WebPage\",\"@id\":\"https:\\\/\\\/www.eldigitaldeasturias.com\\\/noticias\\\/la-poblacion-en-espana-aumento-por-segundo-ano-consecutivo-en-2017\\\/#webpage\",\"url\":\"https:\\\/\\\/www.eldigitaldeasturias.com\\\/noticias\\\/la-poblacion-en-espana-aumento-por-segundo-ano-consecutivo-en-2017\\\/\",\"name\":\"La poblaci\\u00f3n en Espa\\u00f1a aument\\u00f3 por segundo a\\u00f1o consecutivo en 2017 - El Digital de Asturias\",\"description\":\"Madrid, 24 abr (dpa) - La poblaci\\u00f3n en Espa\\u00f1a aument\\u00f3 por segundo a\\u00f1o consecutivo en 2017 y tras una serie de cuatro a\\u00f1os de ca\\u00eddas gracias a la llegada de extranjeros, entre los que destacan los venezolanos, seg\\u00fan datos publicados hoy. El n\\u00famero de personas inscritas en el Padr\\u00f3n Continuo en Espa\\u00f1a a 1 de\",\"inLanguage\":\"es-ES\",\"isPartOf\":{\"@id\":\"https:\\\/\\\/www.eldigitaldeasturias.com\\\/noticias\\\/#website\"},\"breadcrumb\":{\"@id\":\"https:\\\/\\\/www.eldigitaldeasturias.com\\\/noticias\\\/la-poblacion-en-espana-aumento-por-segundo-ano-consecutivo-en-2017\\\/#breadcrumblist\"},\"author\":{\"@id\":\"https:\\\/\\\/www.eldigitaldeasturias.com\\\/noticias\\\/author\\\/admin\\\/#author\"},\"creator\":{\"@id\":\"https:\\\/\\\/www.eldigitaldeasturias.com\\\/noticias\\\/author\\\/admin\\\/#author\"},\"image\":{\"@type\":\"ImageObject\",\"url\":790031,\"@id\":\"https:\\\/\\\/www.eldigitaldeasturias.com\\\/noticias\\\/la-poblacion-en-espana-aumento-por-segundo-ano-consecutivo-en-2017\\\/#mainImage\"},\"primaryImageOfPage\":{\"@id\":\"https:\\\/\\\/www.eldigitaldeasturias.com\\\/noticias\\\/la-poblacion-en-espana-aumento-por-segundo-ano-consecutivo-en-2017\\\/#mainImage\"},\"datePublished\":\"2018-04-24T22:47:45+02:00\",\"dateModified\":\"2018-04-24T22:47:45+02:00\"},{\"@type\":\"WebSite\",\"@id\":\"https:\\\/\\\/www.eldigitaldeasturias.com\\\/noticias\\\/#website\",\"url\":\"https:\\\/\\\/www.eldigitaldeasturias.com\\\/noticias\\\/\",\"name\":\"El Digital de Asturias - Diario de actualidad y noticias\",\"alternateName\":\"El Digital de Asturias - Diario de actualidad y noticias\",\"description\":\"Hemeroteca\",\"inLanguage\":\"es-ES\",\"publisher\":{\"@id\":\"https:\\\/\\\/www.eldigitaldeasturias.com\\\/noticias\\\/#organization\"}}]}\n\t\t<\/script>\n\t\t<!-- All in One SEO Pro -->\r\n\t\t<title>La poblaci\u00f3n en Espa\u00f1a aument\u00f3 por segundo a\u00f1o consecutivo en 2017 - El Digital de Asturias<\/title>\n\n","aioseo_head_json":{"title":"La poblaci\u00f3n en Espa\u00f1a aument\u00f3 por segundo a\u00f1o consecutivo en 2017 - El Digital de Asturias","description":"Madrid, 24 abr (dpa) - La poblaci\u00f3n en Espa\u00f1a aument\u00f3 por segundo a\u00f1o consecutivo en 2017 y tras una serie de cuatro a\u00f1os de ca\u00eddas gracias a la llegada de extranjeros, entre los que destacan los venezolanos, seg\u00fan datos publicados hoy. El n\u00famero de personas inscritas en el Padr\u00f3n Continuo en Espa\u00f1a a 1 de","canonical_url":"https:\/\/www.eldigitaldeasturias.com\/noticias\/la-poblacion-en-espana-aumento-por-segundo-ano-consecutivo-en-2017\/","robots":"max-image-preview:large","keywords":"actualidad","webmasterTools":{"google-site-verification":"UA-38556648-1","msvalidate.01":"7dfe9f3f1b24437ab69f4f2559babe99","miscellaneous":""},"schema":{"@context":"https:\/\/schema.org","@graph":[{"@type":"BlogPosting","@id":"https:\/\/www.eldigitaldeasturias.com\/noticias\/la-poblacion-en-espana-aumento-por-segundo-ano-consecutivo-en-2017\/#blogposting","name":"La poblaci\u00f3n en Espa\u00f1a aument\u00f3 por segundo a\u00f1o consecutivo en 2017 - El Digital de Asturias","headline":"La poblaci\u00f3n en Espa\u00f1a aument\u00f3 por segundo a\u00f1o consecutivo en 2017","author":{"@id":"https:\/\/www.eldigitaldeasturias.com\/noticias\/author\/admin\/#author"},"publisher":{"@id":"https:\/\/www.eldigitaldeasturias.com\/noticias\/#organization"},"image":{"@type":"ImageObject","url":790031},"datePublished":"2018-04-24T22:47:45+02:00","dateModified":"2018-04-24T22:47:45+02:00","inLanguage":"es-ES","mainEntityOfPage":{"@id":"https:\/\/www.eldigitaldeasturias.com\/noticias\/la-poblacion-en-espana-aumento-por-segundo-ano-consecutivo-en-2017\/#webpage"},"isPartOf":{"@id":"https:\/\/www.eldigitaldeasturias.com\/noticias\/la-poblacion-en-espana-aumento-por-segundo-ano-consecutivo-en-2017\/#webpage"},"articleSection":"Actualidad"},{"@type":"BreadcrumbList","@id":"https:\/\/www.eldigitaldeasturias.com\/noticias\/la-poblacion-en-espana-aumento-por-segundo-ano-consecutivo-en-2017\/#breadcrumblist","itemListElement":[{"@type":"ListItem","@id":"https:\/\/www.eldigitaldeasturias.com\/noticias#listItem","position":1,"name":"Home","item":"https:\/\/www.eldigitaldeasturias.com\/noticias","nextItem":{"@type":"ListItem","@id":"https:\/\/www.eldigitaldeasturias.com\/noticias\/category\/actualidad\/#listItem","name":"Actualidad"}},{"@type":"ListItem","@id":"https:\/\/www.eldigitaldeasturias.com\/noticias\/category\/actualidad\/#listItem","position":2,"name":"Actualidad","item":"https:\/\/www.eldigitaldeasturias.com\/noticias\/category\/actualidad\/","nextItem":{"@type":"ListItem","@id":"https:\/\/www.eldigitaldeasturias.com\/noticias\/la-poblacion-en-espana-aumento-por-segundo-ano-consecutivo-en-2017\/#listItem","name":"La poblaci\u00f3n en Espa\u00f1a aument\u00f3 por segundo a\u00f1o consecutivo en 2017"},"previousItem":{"@type":"ListItem","@id":"https:\/\/www.eldigitaldeasturias.com\/noticias#listItem","name":"Home"}},{"@type":"ListItem","@id":"https:\/\/www.eldigitaldeasturias.com\/noticias\/la-poblacion-en-espana-aumento-por-segundo-ano-consecutivo-en-2017\/#listItem","position":3,"name":"La poblaci\u00f3n en Espa\u00f1a aument\u00f3 por segundo a\u00f1o consecutivo en 2017","previousItem":{"@type":"ListItem","@id":"https:\/\/www.eldigitaldeasturias.com\/noticias\/category\/actualidad\/#listItem","name":"Actualidad"}}]},{"@type":"Organization","@id":"https:\/\/www.eldigitaldeasturias.com\/noticias\/#organization","name":"El Digital de Asturias","description":"Hemeroteca","url":"https:\/\/www.eldigitaldeasturias.com\/noticias\/","email":"info@eldigitaldeasturias.com","telephone":"+34652131393","logo":{"@type":"ImageObject","url":"https:\/\/www.eldigitaldeasturias.com\/noticias\/wp-content\/uploads\/2020\/12\/EDA.jpg","@id":"https:\/\/www.eldigitaldeasturias.com\/noticias\/la-poblacion-en-espana-aumento-por-segundo-ano-consecutivo-en-2017\/#organizationLogo"},"image":{"@id":"https:\/\/www.eldigitaldeasturias.com\/noticias\/la-poblacion-en-espana-aumento-por-segundo-ano-consecutivo-en-2017\/#organizationLogo"},"sameAs":["https:\/\/facebook.com\/eldigitaldeasturias","https:\/\/www.youtube.com\/channel\/UCZP-2wLEB9Rv6erhFmqVnvg"],"address":{"@id":"https:\/\/www.eldigitaldeasturias.com\/noticias\/#postaladdress","@type":"PostalAddress","streetAddress":"san antonio 4","postalCode":"33430","addressLocality":"Cand\u00e1s","addressRegion":"Asturias","addressCountry":"ES"}},{"@type":"Person","@id":"https:\/\/www.eldigitaldeasturias.com\/noticias\/author\/admin\/#author","url":"https:\/\/www.eldigitaldeasturias.com\/noticias\/author\/admin\/","name":"El Digital de Asturias","image":{"@type":"ImageObject","@id":"https:\/\/www.eldigitaldeasturias.com\/noticias\/la-poblacion-en-espana-aumento-por-segundo-ano-consecutivo-en-2017\/#authorImage","url":"https:\/\/secure.gravatar.com\/avatar\/df2aeffc32bcd13f8d26072ef8a91b623d677766deac7f97ca815868cd41bf5e?s=96&d=mm&r=g","width":96,"height":96,"caption":"El Digital de Asturias"}},{"@type":"WebPage","@id":"https:\/\/www.eldigitaldeasturias.com\/noticias\/la-poblacion-en-espana-aumento-por-segundo-ano-consecutivo-en-2017\/#webpage","url":"https:\/\/www.eldigitaldeasturias.com\/noticias\/la-poblacion-en-espana-aumento-por-segundo-ano-consecutivo-en-2017\/","name":"La poblaci\u00f3n en Espa\u00f1a aument\u00f3 por segundo a\u00f1o consecutivo en 2017 - El Digital de Asturias","description":"Madrid, 24 abr (dpa) - La poblaci\u00f3n en Espa\u00f1a aument\u00f3 por segundo a\u00f1o consecutivo en 2017 y tras una serie de cuatro a\u00f1os de ca\u00eddas gracias a la llegada de extranjeros, entre los que destacan los venezolanos, seg\u00fan datos publicados hoy. El n\u00famero de personas inscritas en el Padr\u00f3n Continuo en Espa\u00f1a a 1 de","inLanguage":"es-ES","isPartOf":{"@id":"https:\/\/www.eldigitaldeasturias.com\/noticias\/#website"},"breadcrumb":{"@id":"https:\/\/www.eldigitaldeasturias.com\/noticias\/la-poblacion-en-espana-aumento-por-segundo-ano-consecutivo-en-2017\/#breadcrumblist"},"author":{"@id":"https:\/\/www.eldigitaldeasturias.com\/noticias\/author\/admin\/#author"},"creator":{"@id":"https:\/\/www.eldigitaldeasturias.com\/noticias\/author\/admin\/#author"},"image":{"@type":"ImageObject","url":790031,"@id":"https:\/\/www.eldigitaldeasturias.com\/noticias\/la-poblacion-en-espana-aumento-por-segundo-ano-consecutivo-en-2017\/#mainImage"},"primaryImageOfPage":{"@id":"https:\/\/www.eldigitaldeasturias.com\/noticias\/la-poblacion-en-espana-aumento-por-segundo-ano-consecutivo-en-2017\/#mainImage"},"datePublished":"2018-04-24T22:47:45+02:00","dateModified":"2018-04-24T22:47:45+02:00"},{"@type":"WebSite","@id":"https:\/\/www.eldigitaldeasturias.com\/noticias\/#website","url":"https:\/\/www.eldigitaldeasturias.com\/noticias\/","name":"El Digital de Asturias - Diario de actualidad y noticias","alternateName":"El Digital de Asturias - Diario de actualidad y noticias","description":"Hemeroteca","inLanguage":"es-ES","publisher":{"@id":"https:\/\/www.eldigitaldeasturias.com\/noticias\/#organization"}}]},"og:locale":"es_ES","og:site_name":"El Digital de Asturias","og:type":"article","og:title":"La poblaci\u00f3n en Espa\u00f1a aument\u00f3 por segundo a\u00f1o consecutivo en 2017 - El Digital de Asturias","og:description":"Madrid, 24 abr (dpa) - La poblaci\u00f3n en Espa\u00f1a aument\u00f3 por segundo a\u00f1o consecutivo en 2017 y tras una serie de cuatro a\u00f1os de ca\u00eddas gracias a la llegada de extranjeros, entre los que destacan los venezolanos, seg\u00fan datos publicados hoy. El n\u00famero de personas inscritas en el Padr\u00f3n Continuo en Espa\u00f1a a 1 de","og:url":"https:\/\/www.eldigitaldeasturias.com\/noticias\/la-poblacion-en-espana-aumento-por-segundo-ano-consecutivo-en-2017\/","article:tag":["actualidad"],"article:published_time":"2018-04-24T22:47:45+00:00","article:modified_time":"2018-04-24T22:47:45+00:00","article:publisher":"https:\/\/facebook.com\/eldigitaldeasturias","twitter:card":"summary_large_image","twitter:title":"La poblaci\u00f3n en Espa\u00f1a aument\u00f3 por segundo a\u00f1o consecutivo en 2017 - El Digital de Asturias","twitter:description":"Madrid, 24 abr (dpa) - La poblaci\u00f3n en Espa\u00f1a aument\u00f3 por segundo a\u00f1o consecutivo en 2017 y tras una serie de cuatro a\u00f1os de ca\u00eddas gracias a la llegada de extranjeros, entre los que destacan los venezolanos, seg\u00fan datos publicados hoy. El n\u00famero de personas inscritas en el Padr\u00f3n Continuo en Espa\u00f1a a 1 de","twitter:image":"https:\/\/www.eldigitaldeasturias.com\/noticias\/wp-content\/uploads\/2020\/12\/EDA-1.jpg","twitter:label1":"Escrito por","twitter:data1":"El Digital de Asturias","twitter:label2":"Tiempo de lectura estimado","twitter:data2":"1 minuto"},"aioseo_meta_data":{"post_id":"977412","title":null,"description":null,"keywords":null,"keyphrases":null,"primary_term":null,"canonical_url":null,"og_title":null,"og_description":null,"og_object_type":"default","og_image_type":"default","og_image_url":null,"og_image_width":null,"og_image_height":null,"og_image_custom_url":null,"og_image_custom_fields":null,"og_video":null,"og_custom_url":null,"og_article_section":null,"og_article_tags":null,"twitter_use_og":false,"twitter_card":"default","twitter_image_type":"default","twitter_image_url":null,"twitter_image_custom_url":null,"twitter_image_custom_fields":null,"twitter_title":null,"twitter_description":null,"schema":{"blockGraphs":[],"customGraphs":[],"default":{"data":{"Article":[],"Course":[],"Dataset":[],"FAQPage":[],"Movie":[],"Person":[],"Product":[],"ProductReview":[],"Car":[],"Recipe":[],"Service":[],"SoftwareApplication":[],"WebPage":[]},"graphName":"","isEnabled":true},"graphs":[],"defaultGraph":"","defaultPostTypeGraph":""},"schema_type":null,"schema_type_options":null,"pillar_content":false,"robots_default":true,"robots_noindex":false,"robots_noarchive":false,"robots_nosnippet":false,"robots_nofollow":false,"robots_noimageindex":false,"robots_noodp":false,"robots_notranslate":false,"robots_max_snippet":null,"robots_max_videopreview":null,"robots_max_imagepreview":"large","priority":null,"frequency":null,"local_seo":null,"seo_analyzer_scan_date":"2025-10-08 07:18:23","breadcrumb_settings":null,"limit_modified_date":false,"open_ai":null,"ai":null,"created":"2020-12-21 12:05:37","updated":"2025-10-08 07:18:23","focus_keyword":null,"additional_keywords":null,"truseo_locale":null},"aioseo_breadcrumb":"<div class=\"aioseo-breadcrumbs\"><span class=\"aioseo-breadcrumb\">\n\t<a href=\"https:\/\/www.eldigitaldeasturias.com\/noticias\" title=\"Home\">Home<\/a>\n<\/span><span class=\"aioseo-breadcrumb-separator\">\u2013<\/span><span class=\"aioseo-breadcrumb\">\n\t<a href=\"https:\/\/www.eldigitaldeasturias.com\/noticias\/category\/actualidad\/\" title=\"Actualidad\">Actualidad<\/a>\n<\/span><span class=\"aioseo-breadcrumb-separator\">\u2013<\/span><span class=\"aioseo-breadcrumb\">\n\t<a href=\"https:\/\/www.eldigitaldeasturias.com\/noticias\/la-poblacion-en-espana-aumento-por-segundo-ano-consecutivo-en-2017\/\" title=\"La poblaci\u00f3n en Espa\u00f1a aument\u00f3 por segundo a\u00f1o consecutivo en 2017\">La poblaci\u00f3n en Espa\u00f1a aument\u00f3 por segundo a\u00f1o consecutivo en 2017<\/a>\n<\/span><\/div>","aioseo_breadcrumb_json":[{"label":"Home","link":"https:\/\/www.eldigitaldeasturias.com\/noticias"},{"label":"Actualidad","link":"https:\/\/www.eldigitaldeasturias.com\/noticias\/category\/actualidad\/"},{"label":"La poblaci\u00f3n en Espa\u00f1a aument\u00f3 por segundo a\u00f1o consecutivo en 2017","link":"https:\/\/www.eldigitaldeasturias.com\/noticias\/la-poblacion-en-espana-aumento-por-segundo-ano-consecutivo-en-2017\/"}],"_links":{"self":[{"href":"https:\/\/www.eldigitaldeasturias.com\/noticias\/wp-json\/wp\/v2\/posts\/977412","targetHints":{"allow":["GET"]}}],"collection":[{"href":"https:\/\/www.eldigitaldeasturias.com\/noticias\/wp-json\/wp\/v2\/posts"}],"about":[{"href":"https:\/\/www.eldigitaldeasturias.com\/noticias\/wp-json\/wp\/v2\/types\/post"}],"author":[{"embeddable":true,"href":"https:\/\/www.eldigitaldeasturias.com\/noticias\/wp-json\/wp\/v2\/users\/1"}],"replies":[{"embeddable":true,"href":"https:\/\/www.eldigitaldeasturias.com\/noticias\/wp-json\/wp\/v2\/comments?post=977412"}],"version-history":[{"count":0,"href":"https:\/\/www.eldigitaldeasturias.com\/noticias\/wp-json\/wp\/v2\/posts\/977412\/revisions"}],"wp:attachment":[{"href":"https:\/\/www.eldigitaldeasturias.com\/noticias\/wp-json\/wp\/v2\/media?parent=977412"}],"wp:term":[{"taxonomy":"category","embeddable":true,"href":"https:\/\/www.eldigitaldeasturias.com\/noticias\/wp-json\/wp\/v2\/categories?post=977412"},{"taxonomy":"post_tag","embeddable":true,"href":"https:\/\/www.eldigitaldeasturias.com\/noticias\/wp-json\/wp\/v2\/tags?post=977412"}],"curies":[{"name":"wp","href":"https:\/\/api.w.org\/{rel}","templated":true}]}}