{"id":977398,"date":"2018-04-24T21:30:16","date_gmt":"2018-04-24T21:30:16","guid":{"rendered":"http:\/\/www.eldigitaldeasturias.com\/noticias\/?p=977398"},"modified":"2018-04-24T21:30:17","modified_gmt":"2018-04-24T21:30:17","slug":"erdogan-planea-celebrar-en-mayo-un-mitin-electoral-en-europa","status":"publish","type":"post","link":"https:\/\/www.eldigitaldeasturias.com\/noticias\/erdogan-planea-celebrar-en-mayo-un-mitin-electoral-en-europa\/","title":{"rendered":"Erdogan planea celebrar en mayo un mitin electoral en Europa"},"content":{"rendered":"<p><img loading=\"lazy\" decoding=\"async\" class=\"alignleft size-medium wp-image-872935\" src=\"https:\/\/www.eldigitaldeasturias.com\/noticias\/wp-content\/uploads\/2016\/04\/erdogan-360x198.jpg\" alt=\"\" width=\"360\" height=\"198\" \/>Estambul, 24 abr (dpa) &#8211; El presidente de Turqu\u00eda, Recep Tayyip Erdogan, anunci\u00f3 hoy que planea celebrar un mitin electoral en Europa el mes pr\u00f3ximo pero sin revelar el pa\u00eds donde tendr\u00eda lugar ese acto.<\/p>\n<p>\u00abEn mayo celebraremos nuestro primer mitin en un centro deportivo cubierto en Europa, si dios quiere. Todos los preparativos han finalizado. De momento no quiero decir de qu\u00e9 pa\u00eds se trata\u00bb, dijo Erdogan ante miembros de su Partido de la Justicia y el Desarrollo (AKP) en Ankara.<\/p>\n<p>El a\u00f1o pasado, durante la campa\u00f1a para el refer\u00e9ndum celebrado en Turqu\u00eda sobre una ampliaci\u00f3n de los poderes presidenciales, se produjeron enfrentamientos entre Erdogan y los l\u00edderes de Alemania, Holanda y Austria por la negativa de estos a autorizar al AKP a realizar actos electorales en estos pa\u00edses.<\/p>\n<p>La semana pasada, el presidente turco adelant\u00f3 las elecciones presidenciales y parlamentarias programadas para noviembre de 2019 al pr\u00f3ximo 24 de junio. El AKP ha forjado una alianza con el Partido de Acci\u00f3n Nacionalista (MHP), una agrupaci\u00f3n ultraderechista.<\/p>\n<p>Se prev\u00e9 que los cambios constitucionales aprobados por una mayor\u00eda estrecha en el refer\u00e9ndum celebrado hace un a\u00f1o en Turqu\u00eda comiencen a aplicarse despu\u00e9s de las pr\u00f3ximas elecciones.<\/p>\n","protected":false},"excerpt":{"rendered":"<p>Estambul, 24 abr (dpa) &#8211; El presidente de Turqu\u00eda, Recep Tayyip Erdogan, anunci\u00f3 hoy que planea celebrar un mitin electoral en Europa el mes pr\u00f3ximo pero sin revelar el pa\u00eds donde tendr\u00eda lugar ese acto. \u00abEn mayo celebraremos nuestro primer mitin en un centro deportivo cubierto en Europa, si dios quiere. Todos los preparativos han [&hellip;]<\/p>\n","protected":false},"author":1,"featured_media":872935,"comment_status":"closed","ping_status":"closed","sticky":false,"template":"","format":"standard","meta":{"footnotes":""},"categories":[1],"tags":[],"class_list":["post-977398","post","type-post","status-publish","format-standard","has-post-thumbnail","hentry","category-actualidad"],"aioseo_notices":[],"aioseo_head":"\n\t\t<!-- All in One SEO Pro 5.0.1 - aioseo.com -->\n\t<meta name=\"description\" content=\"Estambul, 24 abr (dpa) - El presidente de Turqu\u00eda, Recep Tayyip Erdogan, anunci\u00f3 hoy que planea celebrar un mitin electoral en Europa el mes pr\u00f3ximo pero sin revelar el pa\u00eds donde tendr\u00eda lugar ese acto. &quot;En mayo celebraremos nuestro primer mitin en un centro deportivo cubierto en Europa, si dios quiere. Todos los preparativos han\" \/>\n\t<meta name=\"robots\" content=\"max-image-preview:large\" \/>\n\t<meta name=\"author\" content=\"El Digital de Asturias\"\/>\n\t<meta name=\"google-site-verification\" content=\"UA-38556648-1\" \/>\n\t<meta name=\"msvalidate.01\" content=\"7dfe9f3f1b24437ab69f4f2559babe99\" \/>\n\t<meta name=\"keywords\" content=\"actualidad\" \/>\n\t<link rel=\"canonical\" href=\"https:\/\/www.eldigitaldeasturias.com\/noticias\/erdogan-planea-celebrar-en-mayo-un-mitin-electoral-en-europa\/\" \/>\n\t<meta name=\"generator\" content=\"All in One SEO Pro (AIOSEO) 5.0.1\" \/>\n\t\t<meta property=\"og:locale\" content=\"es_ES\" \/>\n\t\t<meta property=\"og:site_name\" content=\"El Digital de Asturias\" \/>\n\t\t<meta property=\"og:type\" content=\"article\" \/>\n\t\t<meta property=\"og:title\" content=\"Erdogan planea celebrar en mayo un mitin electoral en Europa - El Digital de Asturias\" \/>\n\t\t<meta property=\"og:description\" content=\"Estambul, 24 abr (dpa) - El presidente de Turqu\u00eda, Recep Tayyip Erdogan, anunci\u00f3 hoy que planea celebrar un mitin electoral en Europa el mes pr\u00f3ximo pero sin revelar el pa\u00eds donde tendr\u00eda lugar ese acto. &quot;En mayo celebraremos nuestro primer mitin en un centro deportivo cubierto en Europa, si dios quiere. Todos los preparativos han\" \/>\n\t\t<meta property=\"og:url\" content=\"https:\/\/www.eldigitaldeasturias.com\/noticias\/erdogan-planea-celebrar-en-mayo-un-mitin-electoral-en-europa\/\" \/>\n\t\t<meta property=\"article:tag\" content=\"actualidad\" \/>\n\t\t<meta property=\"article:published_time\" content=\"2018-04-24T21:30:16+00:00\" \/>\n\t\t<meta property=\"article:modified_time\" content=\"2018-04-24T21:30:17+00:00\" \/>\n\t\t<meta property=\"article:publisher\" content=\"https:\/\/facebook.com\/eldigitaldeasturias\" \/>\n\t\t<meta name=\"twitter:card\" content=\"summary_large_image\" \/>\n\t\t<meta name=\"twitter:title\" content=\"Erdogan planea celebrar en mayo un mitin electoral en Europa - El Digital de Asturias\" \/>\n\t\t<meta name=\"twitter:description\" content=\"Estambul, 24 abr (dpa) - El presidente de Turqu\u00eda, Recep Tayyip Erdogan, anunci\u00f3 hoy que planea celebrar un mitin electoral en Europa el mes pr\u00f3ximo pero sin revelar el pa\u00eds donde tendr\u00eda lugar ese acto. &quot;En mayo celebraremos nuestro primer mitin en un centro deportivo cubierto en Europa, si dios quiere. Todos los preparativos han\" \/>\n\t\t<meta name=\"twitter:image\" content=\"https:\/\/www.eldigitaldeasturias.com\/noticias\/wp-content\/uploads\/2020\/12\/EDA-1.jpg\" \/>\n\t\t<meta name=\"twitter:label1\" content=\"Escrito por\" \/>\n\t\t<meta name=\"twitter:data1\" content=\"El Digital de Asturias\" \/>\n\t\t<meta name=\"twitter:label2\" content=\"Tiempo de lectura estimado\" \/>\n\t\t<meta name=\"twitter:data2\" content=\"1 minuto\" \/>\n\t\t<script type=\"application\/ld+json\" class=\"aioseo-schema\">\n\t\t\t{\"@context\":\"https:\\\/\\\/schema.org\",\"@graph\":[{\"@type\":\"BlogPosting\",\"@id\":\"https:\\\/\\\/www.eldigitaldeasturias.com\\\/noticias\\\/erdogan-planea-celebrar-en-mayo-un-mitin-electoral-en-europa\\\/#blogposting\",\"name\":\"Erdogan planea celebrar en mayo un mitin electoral en Europa - El Digital de Asturias\",\"headline\":\"Erdogan planea celebrar en mayo un mitin electoral en Europa\",\"author\":{\"@id\":\"https:\\\/\\\/www.eldigitaldeasturias.com\\\/noticias\\\/author\\\/admin\\\/#author\"},\"publisher\":{\"@id\":\"https:\\\/\\\/www.eldigitaldeasturias.com\\\/noticias\\\/#organization\"},\"image\":{\"@type\":\"ImageObject\",\"url\":872935},\"datePublished\":\"2018-04-24T21:30:16+02:00\",\"dateModified\":\"2018-04-24T21:30:17+02:00\",\"inLanguage\":\"es-ES\",\"mainEntityOfPage\":{\"@id\":\"https:\\\/\\\/www.eldigitaldeasturias.com\\\/noticias\\\/erdogan-planea-celebrar-en-mayo-un-mitin-electoral-en-europa\\\/#webpage\"},\"isPartOf\":{\"@id\":\"https:\\\/\\\/www.eldigitaldeasturias.com\\\/noticias\\\/erdogan-planea-celebrar-en-mayo-un-mitin-electoral-en-europa\\\/#webpage\"},\"articleSection\":\"Actualidad\"},{\"@type\":\"BreadcrumbList\",\"@id\":\"https:\\\/\\\/www.eldigitaldeasturias.com\\\/noticias\\\/erdogan-planea-celebrar-en-mayo-un-mitin-electoral-en-europa\\\/#breadcrumblist\",\"itemListElement\":[{\"@type\":\"ListItem\",\"@id\":\"https:\\\/\\\/www.eldigitaldeasturias.com\\\/noticias#listItem\",\"position\":1,\"name\":\"Home\",\"item\":\"https:\\\/\\\/www.eldigitaldeasturias.com\\\/noticias\",\"nextItem\":{\"@type\":\"ListItem\",\"@id\":\"https:\\\/\\\/www.eldigitaldeasturias.com\\\/noticias\\\/category\\\/actualidad\\\/#listItem\",\"name\":\"Actualidad\"}},{\"@type\":\"ListItem\",\"@id\":\"https:\\\/\\\/www.eldigitaldeasturias.com\\\/noticias\\\/category\\\/actualidad\\\/#listItem\",\"position\":2,\"name\":\"Actualidad\",\"item\":\"https:\\\/\\\/www.eldigitaldeasturias.com\\\/noticias\\\/category\\\/actualidad\\\/\",\"nextItem\":{\"@type\":\"ListItem\",\"@id\":\"https:\\\/\\\/www.eldigitaldeasturias.com\\\/noticias\\\/erdogan-planea-celebrar-en-mayo-un-mitin-electoral-en-europa\\\/#listItem\",\"name\":\"Erdogan planea celebrar en mayo un mitin electoral en Europa\"},\"previousItem\":{\"@type\":\"ListItem\",\"@id\":\"https:\\\/\\\/www.eldigitaldeasturias.com\\\/noticias#listItem\",\"name\":\"Home\"}},{\"@type\":\"ListItem\",\"@id\":\"https:\\\/\\\/www.eldigitaldeasturias.com\\\/noticias\\\/erdogan-planea-celebrar-en-mayo-un-mitin-electoral-en-europa\\\/#listItem\",\"position\":3,\"name\":\"Erdogan planea celebrar en mayo un mitin electoral en Europa\",\"previousItem\":{\"@type\":\"ListItem\",\"@id\":\"https:\\\/\\\/www.eldigitaldeasturias.com\\\/noticias\\\/category\\\/actualidad\\\/#listItem\",\"name\":\"Actualidad\"}}]},{\"@type\":\"Organization\",\"@id\":\"https:\\\/\\\/www.eldigitaldeasturias.com\\\/noticias\\\/#organization\",\"name\":\"El Digital de Asturias\",\"description\":\"Hemeroteca\",\"url\":\"https:\\\/\\\/www.eldigitaldeasturias.com\\\/noticias\\\/\",\"email\":\"info@eldigitaldeasturias.com\",\"telephone\":\"+34652131393\",\"logo\":{\"@type\":\"ImageObject\",\"url\":\"https:\\\/\\\/www.eldigitaldeasturias.com\\\/noticias\\\/wp-content\\\/uploads\\\/2020\\\/12\\\/EDA.jpg\",\"@id\":\"https:\\\/\\\/www.eldigitaldeasturias.com\\\/noticias\\\/erdogan-planea-celebrar-en-mayo-un-mitin-electoral-en-europa\\\/#organizationLogo\"},\"image\":{\"@id\":\"https:\\\/\\\/www.eldigitaldeasturias.com\\\/noticias\\\/erdogan-planea-celebrar-en-mayo-un-mitin-electoral-en-europa\\\/#organizationLogo\"},\"sameAs\":[\"https:\\\/\\\/facebook.com\\\/eldigitaldeasturias\",\"https:\\\/\\\/www.youtube.com\\\/channel\\\/UCZP-2wLEB9Rv6erhFmqVnvg\"],\"address\":{\"@id\":\"https:\\\/\\\/www.eldigitaldeasturias.com\\\/noticias\\\/#postaladdress\",\"@type\":\"PostalAddress\",\"streetAddress\":\"san antonio 4\",\"postalCode\":\"33430\",\"addressLocality\":\"Cand\\u00e1s\",\"addressRegion\":\"Asturias\",\"addressCountry\":\"ES\"}},{\"@type\":\"Person\",\"@id\":\"https:\\\/\\\/www.eldigitaldeasturias.com\\\/noticias\\\/author\\\/admin\\\/#author\",\"url\":\"https:\\\/\\\/www.eldigitaldeasturias.com\\\/noticias\\\/author\\\/admin\\\/\",\"name\":\"El Digital de Asturias\",\"image\":{\"@type\":\"ImageObject\",\"@id\":\"https:\\\/\\\/www.eldigitaldeasturias.com\\\/noticias\\\/erdogan-planea-celebrar-en-mayo-un-mitin-electoral-en-europa\\\/#authorImage\",\"url\":\"https:\\\/\\\/secure.gravatar.com\\\/avatar\\\/df2aeffc32bcd13f8d26072ef8a91b623d677766deac7f97ca815868cd41bf5e?s=96&d=mm&r=g\",\"width\":96,\"height\":96,\"caption\":\"El Digital de Asturias\"}},{\"@type\":\"WebPage\",\"@id\":\"https:\\\/\\\/www.eldigitaldeasturias.com\\\/noticias\\\/erdogan-planea-celebrar-en-mayo-un-mitin-electoral-en-europa\\\/#webpage\",\"url\":\"https:\\\/\\\/www.eldigitaldeasturias.com\\\/noticias\\\/erdogan-planea-celebrar-en-mayo-un-mitin-electoral-en-europa\\\/\",\"name\":\"Erdogan planea celebrar en mayo un mitin electoral en Europa - El Digital de Asturias\",\"description\":\"Estambul, 24 abr (dpa) - El presidente de Turqu\\u00eda, Recep Tayyip Erdogan, anunci\\u00f3 hoy que planea celebrar un mitin electoral en Europa el mes pr\\u00f3ximo pero sin revelar el pa\\u00eds donde tendr\\u00eda lugar ese acto. \\\"En mayo celebraremos nuestro primer mitin en un centro deportivo cubierto en Europa, si dios quiere. Todos los preparativos han\",\"inLanguage\":\"es-ES\",\"isPartOf\":{\"@id\":\"https:\\\/\\\/www.eldigitaldeasturias.com\\\/noticias\\\/#website\"},\"breadcrumb\":{\"@id\":\"https:\\\/\\\/www.eldigitaldeasturias.com\\\/noticias\\\/erdogan-planea-celebrar-en-mayo-un-mitin-electoral-en-europa\\\/#breadcrumblist\"},\"author\":{\"@id\":\"https:\\\/\\\/www.eldigitaldeasturias.com\\\/noticias\\\/author\\\/admin\\\/#author\"},\"creator\":{\"@id\":\"https:\\\/\\\/www.eldigitaldeasturias.com\\\/noticias\\\/author\\\/admin\\\/#author\"},\"image\":{\"@type\":\"ImageObject\",\"url\":872935,\"@id\":\"https:\\\/\\\/www.eldigitaldeasturias.com\\\/noticias\\\/erdogan-planea-celebrar-en-mayo-un-mitin-electoral-en-europa\\\/#mainImage\"},\"primaryImageOfPage\":{\"@id\":\"https:\\\/\\\/www.eldigitaldeasturias.com\\\/noticias\\\/erdogan-planea-celebrar-en-mayo-un-mitin-electoral-en-europa\\\/#mainImage\"},\"datePublished\":\"2018-04-24T21:30:16+02:00\",\"dateModified\":\"2018-04-24T21:30:17+02:00\"},{\"@type\":\"WebSite\",\"@id\":\"https:\\\/\\\/www.eldigitaldeasturias.com\\\/noticias\\\/#website\",\"url\":\"https:\\\/\\\/www.eldigitaldeasturias.com\\\/noticias\\\/\",\"name\":\"El Digital de Asturias - Diario de actualidad y noticias\",\"alternateName\":\"El Digital de Asturias - Diario de actualidad y noticias\",\"description\":\"Hemeroteca\",\"inLanguage\":\"es-ES\",\"publisher\":{\"@id\":\"https:\\\/\\\/www.eldigitaldeasturias.com\\\/noticias\\\/#organization\"}}]}\n\t\t<\/script>\n\t\t<!-- All in One SEO Pro -->\r\n\t\t<title>Erdogan planea celebrar en mayo un mitin electoral en Europa - El Digital de Asturias<\/title>\n\n","aioseo_head_json":{"title":"Erdogan planea celebrar en mayo un mitin electoral en Europa - El Digital de Asturias","description":"Estambul, 24 abr (dpa) - El presidente de Turqu\u00eda, Recep Tayyip Erdogan, anunci\u00f3 hoy que planea celebrar un mitin electoral en Europa el mes pr\u00f3ximo pero sin revelar el pa\u00eds donde tendr\u00eda lugar ese acto. \"En mayo celebraremos nuestro primer mitin en un centro deportivo cubierto en Europa, si dios quiere. Todos los preparativos han","canonical_url":"https:\/\/www.eldigitaldeasturias.com\/noticias\/erdogan-planea-celebrar-en-mayo-un-mitin-electoral-en-europa\/","robots":"max-image-preview:large","keywords":"actualidad","webmasterTools":{"google-site-verification":"UA-38556648-1","msvalidate.01":"7dfe9f3f1b24437ab69f4f2559babe99","miscellaneous":""},"schema":{"@context":"https:\/\/schema.org","@graph":[{"@type":"BlogPosting","@id":"https:\/\/www.eldigitaldeasturias.com\/noticias\/erdogan-planea-celebrar-en-mayo-un-mitin-electoral-en-europa\/#blogposting","name":"Erdogan planea celebrar en mayo un mitin electoral en Europa - El Digital de Asturias","headline":"Erdogan planea celebrar en mayo un mitin electoral en Europa","author":{"@id":"https:\/\/www.eldigitaldeasturias.com\/noticias\/author\/admin\/#author"},"publisher":{"@id":"https:\/\/www.eldigitaldeasturias.com\/noticias\/#organization"},"image":{"@type":"ImageObject","url":872935},"datePublished":"2018-04-24T21:30:16+02:00","dateModified":"2018-04-24T21:30:17+02:00","inLanguage":"es-ES","mainEntityOfPage":{"@id":"https:\/\/www.eldigitaldeasturias.com\/noticias\/erdogan-planea-celebrar-en-mayo-un-mitin-electoral-en-europa\/#webpage"},"isPartOf":{"@id":"https:\/\/www.eldigitaldeasturias.com\/noticias\/erdogan-planea-celebrar-en-mayo-un-mitin-electoral-en-europa\/#webpage"},"articleSection":"Actualidad"},{"@type":"BreadcrumbList","@id":"https:\/\/www.eldigitaldeasturias.com\/noticias\/erdogan-planea-celebrar-en-mayo-un-mitin-electoral-en-europa\/#breadcrumblist","itemListElement":[{"@type":"ListItem","@id":"https:\/\/www.eldigitaldeasturias.com\/noticias#listItem","position":1,"name":"Home","item":"https:\/\/www.eldigitaldeasturias.com\/noticias","nextItem":{"@type":"ListItem","@id":"https:\/\/www.eldigitaldeasturias.com\/noticias\/category\/actualidad\/#listItem","name":"Actualidad"}},{"@type":"ListItem","@id":"https:\/\/www.eldigitaldeasturias.com\/noticias\/category\/actualidad\/#listItem","position":2,"name":"Actualidad","item":"https:\/\/www.eldigitaldeasturias.com\/noticias\/category\/actualidad\/","nextItem":{"@type":"ListItem","@id":"https:\/\/www.eldigitaldeasturias.com\/noticias\/erdogan-planea-celebrar-en-mayo-un-mitin-electoral-en-europa\/#listItem","name":"Erdogan planea celebrar en mayo un mitin electoral en Europa"},"previousItem":{"@type":"ListItem","@id":"https:\/\/www.eldigitaldeasturias.com\/noticias#listItem","name":"Home"}},{"@type":"ListItem","@id":"https:\/\/www.eldigitaldeasturias.com\/noticias\/erdogan-planea-celebrar-en-mayo-un-mitin-electoral-en-europa\/#listItem","position":3,"name":"Erdogan planea celebrar en mayo un mitin electoral en Europa","previousItem":{"@type":"ListItem","@id":"https:\/\/www.eldigitaldeasturias.com\/noticias\/category\/actualidad\/#listItem","name":"Actualidad"}}]},{"@type":"Organization","@id":"https:\/\/www.eldigitaldeasturias.com\/noticias\/#organization","name":"El Digital de Asturias","description":"Hemeroteca","url":"https:\/\/www.eldigitaldeasturias.com\/noticias\/","email":"info@eldigitaldeasturias.com","telephone":"+34652131393","logo":{"@type":"ImageObject","url":"https:\/\/www.eldigitaldeasturias.com\/noticias\/wp-content\/uploads\/2020\/12\/EDA.jpg","@id":"https:\/\/www.eldigitaldeasturias.com\/noticias\/erdogan-planea-celebrar-en-mayo-un-mitin-electoral-en-europa\/#organizationLogo"},"image":{"@id":"https:\/\/www.eldigitaldeasturias.com\/noticias\/erdogan-planea-celebrar-en-mayo-un-mitin-electoral-en-europa\/#organizationLogo"},"sameAs":["https:\/\/facebook.com\/eldigitaldeasturias","https:\/\/www.youtube.com\/channel\/UCZP-2wLEB9Rv6erhFmqVnvg"],"address":{"@id":"https:\/\/www.eldigitaldeasturias.com\/noticias\/#postaladdress","@type":"PostalAddress","streetAddress":"san antonio 4","postalCode":"33430","addressLocality":"Cand\u00e1s","addressRegion":"Asturias","addressCountry":"ES"}},{"@type":"Person","@id":"https:\/\/www.eldigitaldeasturias.com\/noticias\/author\/admin\/#author","url":"https:\/\/www.eldigitaldeasturias.com\/noticias\/author\/admin\/","name":"El Digital de Asturias","image":{"@type":"ImageObject","@id":"https:\/\/www.eldigitaldeasturias.com\/noticias\/erdogan-planea-celebrar-en-mayo-un-mitin-electoral-en-europa\/#authorImage","url":"https:\/\/secure.gravatar.com\/avatar\/df2aeffc32bcd13f8d26072ef8a91b623d677766deac7f97ca815868cd41bf5e?s=96&d=mm&r=g","width":96,"height":96,"caption":"El Digital de Asturias"}},{"@type":"WebPage","@id":"https:\/\/www.eldigitaldeasturias.com\/noticias\/erdogan-planea-celebrar-en-mayo-un-mitin-electoral-en-europa\/#webpage","url":"https:\/\/www.eldigitaldeasturias.com\/noticias\/erdogan-planea-celebrar-en-mayo-un-mitin-electoral-en-europa\/","name":"Erdogan planea celebrar en mayo un mitin electoral en Europa - El Digital de Asturias","description":"Estambul, 24 abr (dpa) - El presidente de Turqu\u00eda, Recep Tayyip Erdogan, anunci\u00f3 hoy que planea celebrar un mitin electoral en Europa el mes pr\u00f3ximo pero sin revelar el pa\u00eds donde tendr\u00eda lugar ese acto. \"En mayo celebraremos nuestro primer mitin en un centro deportivo cubierto en Europa, si dios quiere. Todos los preparativos han","inLanguage":"es-ES","isPartOf":{"@id":"https:\/\/www.eldigitaldeasturias.com\/noticias\/#website"},"breadcrumb":{"@id":"https:\/\/www.eldigitaldeasturias.com\/noticias\/erdogan-planea-celebrar-en-mayo-un-mitin-electoral-en-europa\/#breadcrumblist"},"author":{"@id":"https:\/\/www.eldigitaldeasturias.com\/noticias\/author\/admin\/#author"},"creator":{"@id":"https:\/\/www.eldigitaldeasturias.com\/noticias\/author\/admin\/#author"},"image":{"@type":"ImageObject","url":872935,"@id":"https:\/\/www.eldigitaldeasturias.com\/noticias\/erdogan-planea-celebrar-en-mayo-un-mitin-electoral-en-europa\/#mainImage"},"primaryImageOfPage":{"@id":"https:\/\/www.eldigitaldeasturias.com\/noticias\/erdogan-planea-celebrar-en-mayo-un-mitin-electoral-en-europa\/#mainImage"},"datePublished":"2018-04-24T21:30:16+02:00","dateModified":"2018-04-24T21:30:17+02:00"},{"@type":"WebSite","@id":"https:\/\/www.eldigitaldeasturias.com\/noticias\/#website","url":"https:\/\/www.eldigitaldeasturias.com\/noticias\/","name":"El Digital de Asturias - Diario de actualidad y noticias","alternateName":"El Digital de Asturias - Diario de actualidad y noticias","description":"Hemeroteca","inLanguage":"es-ES","publisher":{"@id":"https:\/\/www.eldigitaldeasturias.com\/noticias\/#organization"}}]},"og:locale":"es_ES","og:site_name":"El Digital de Asturias","og:type":"article","og:title":"Erdogan planea celebrar en mayo un mitin electoral en Europa - El Digital de Asturias","og:description":"Estambul, 24 abr (dpa) - El presidente de Turqu\u00eda, Recep Tayyip Erdogan, anunci\u00f3 hoy que planea celebrar un mitin electoral en Europa el mes pr\u00f3ximo pero sin revelar el pa\u00eds donde tendr\u00eda lugar ese acto. &quot;En mayo celebraremos nuestro primer mitin en un centro deportivo cubierto en Europa, si dios quiere. Todos los preparativos han","og:url":"https:\/\/www.eldigitaldeasturias.com\/noticias\/erdogan-planea-celebrar-en-mayo-un-mitin-electoral-en-europa\/","article:tag":["actualidad"],"article:published_time":"2018-04-24T21:30:16+00:00","article:modified_time":"2018-04-24T21:30:17+00:00","article:publisher":"https:\/\/facebook.com\/eldigitaldeasturias","twitter:card":"summary_large_image","twitter:title":"Erdogan planea celebrar en mayo un mitin electoral en Europa - El Digital de Asturias","twitter:description":"Estambul, 24 abr (dpa) - El presidente de Turqu\u00eda, Recep Tayyip Erdogan, anunci\u00f3 hoy que planea celebrar un mitin electoral en Europa el mes pr\u00f3ximo pero sin revelar el pa\u00eds donde tendr\u00eda lugar ese acto. &quot;En mayo celebraremos nuestro primer mitin en un centro deportivo cubierto en Europa, si dios quiere. Todos los preparativos han","twitter:image":"https:\/\/www.eldigitaldeasturias.com\/noticias\/wp-content\/uploads\/2020\/12\/EDA-1.jpg","twitter:label1":"Escrito por","twitter:data1":"El Digital de Asturias","twitter:label2":"Tiempo de lectura estimado","twitter:data2":"1 minuto"},"aioseo_meta_data":{"post_id":"977398","title":null,"description":null,"keywords":null,"keyphrases":null,"primary_term":null,"canonical_url":null,"og_title":null,"og_description":null,"og_object_type":"default","og_image_type":"default","og_image_url":null,"og_image_width":null,"og_image_height":null,"og_image_custom_url":null,"og_image_custom_fields":null,"og_video":null,"og_custom_url":null,"og_article_section":null,"og_article_tags":null,"twitter_use_og":false,"twitter_card":"default","twitter_image_type":"default","twitter_image_url":null,"twitter_image_custom_url":null,"twitter_image_custom_fields":null,"twitter_title":null,"twitter_description":null,"schema":{"blockGraphs":[],"customGraphs":[],"default":{"data":{"Article":[],"Course":[],"Dataset":[],"FAQPage":[],"Movie":[],"Person":[],"Product":[],"ProductReview":[],"Car":[],"Recipe":[],"Service":[],"SoftwareApplication":[],"WebPage":[]},"graphName":"","isEnabled":true},"graphs":[],"defaultGraph":"","defaultPostTypeGraph":""},"schema_type":null,"schema_type_options":null,"pillar_content":false,"robots_default":true,"robots_noindex":false,"robots_noarchive":false,"robots_nosnippet":false,"robots_nofollow":false,"robots_noimageindex":false,"robots_noodp":false,"robots_notranslate":false,"robots_max_snippet":null,"robots_max_videopreview":null,"robots_max_imagepreview":"large","priority":null,"frequency":null,"local_seo":null,"seo_analyzer_scan_date":"2025-10-08 07:15:58","breadcrumb_settings":null,"limit_modified_date":false,"open_ai":null,"ai":null,"created":"2020-12-21 12:05:37","updated":"2025-10-08 07:15:58","focus_keyword":null,"additional_keywords":null,"truseo_locale":null},"aioseo_breadcrumb":"<div class=\"aioseo-breadcrumbs\"><span class=\"aioseo-breadcrumb\">\n\t<a href=\"https:\/\/www.eldigitaldeasturias.com\/noticias\" title=\"Home\">Home<\/a>\n<\/span><span class=\"aioseo-breadcrumb-separator\">\u2013<\/span><span class=\"aioseo-breadcrumb\">\n\t<a href=\"https:\/\/www.eldigitaldeasturias.com\/noticias\/category\/actualidad\/\" title=\"Actualidad\">Actualidad<\/a>\n<\/span><span class=\"aioseo-breadcrumb-separator\">\u2013<\/span><span class=\"aioseo-breadcrumb\">\n\t<a href=\"https:\/\/www.eldigitaldeasturias.com\/noticias\/erdogan-planea-celebrar-en-mayo-un-mitin-electoral-en-europa\/\" title=\"Erdogan planea celebrar en mayo un mitin electoral en Europa\">Erdogan planea celebrar en mayo un mitin electoral en Europa<\/a>\n<\/span><\/div>","aioseo_breadcrumb_json":[{"label":"Home","link":"https:\/\/www.eldigitaldeasturias.com\/noticias"},{"label":"Actualidad","link":"https:\/\/www.eldigitaldeasturias.com\/noticias\/category\/actualidad\/"},{"label":"Erdogan planea celebrar en mayo un mitin electoral en Europa","link":"https:\/\/www.eldigitaldeasturias.com\/noticias\/erdogan-planea-celebrar-en-mayo-un-mitin-electoral-en-europa\/"}],"_links":{"self":[{"href":"https:\/\/www.eldigitaldeasturias.com\/noticias\/wp-json\/wp\/v2\/posts\/977398","targetHints":{"allow":["GET"]}}],"collection":[{"href":"https:\/\/www.eldigitaldeasturias.com\/noticias\/wp-json\/wp\/v2\/posts"}],"about":[{"href":"https:\/\/www.eldigitaldeasturias.com\/noticias\/wp-json\/wp\/v2\/types\/post"}],"author":[{"embeddable":true,"href":"https:\/\/www.eldigitaldeasturias.com\/noticias\/wp-json\/wp\/v2\/users\/1"}],"replies":[{"embeddable":true,"href":"https:\/\/www.eldigitaldeasturias.com\/noticias\/wp-json\/wp\/v2\/comments?post=977398"}],"version-history":[{"count":0,"href":"https:\/\/www.eldigitaldeasturias.com\/noticias\/wp-json\/wp\/v2\/posts\/977398\/revisions"}],"wp:attachment":[{"href":"https:\/\/www.eldigitaldeasturias.com\/noticias\/wp-json\/wp\/v2\/media?parent=977398"}],"wp:term":[{"taxonomy":"category","embeddable":true,"href":"https:\/\/www.eldigitaldeasturias.com\/noticias\/wp-json\/wp\/v2\/categories?post=977398"},{"taxonomy":"post_tag","embeddable":true,"href":"https:\/\/www.eldigitaldeasturias.com\/noticias\/wp-json\/wp\/v2\/tags?post=977398"}],"curies":[{"name":"wp","href":"https:\/\/api.w.org\/{rel}","templated":true}]}}