{"id":977390,"date":"2018-04-24T21:09:34","date_gmt":"2018-04-24T21:09:34","guid":{"rendered":"http:\/\/www.eldigitaldeasturias.com\/noticias\/?p=977390"},"modified":"2018-04-24T21:09:34","modified_gmt":"2018-04-24T21:09:34","slug":"abalos-lamenta-el-ataque-a-la-vivienda-de-salvador-illa","status":"publish","type":"post","link":"https:\/\/www.eldigitaldeasturias.com\/noticias\/abalos-lamenta-el-ataque-a-la-vivienda-de-salvador-illa\/","title":{"rendered":"\u00c1balos lamenta el ataque a la vivienda de Salvador Illa"},"content":{"rendered":"<p><img loading=\"lazy\" decoding=\"async\" class=\"alignleft size-medium wp-image-977391\" src=\"https:\/\/www.eldigitaldeasturias.com\/noticias\/wp-content\/uploads\/2018\/04\/40778315825-360x122.jpg\" alt=\"\" width=\"360\" height=\"122\" \/>El secretario de Organizaci\u00f3n, Jos\u00e9 Luis \u00c1balos, denunci\u00f3 hoy que el Gobierno haya presentado en Europa la propuesta espa\u00f1ola para el fortalecimiento de la Uni\u00f3n Econ\u00f3mica y Monetaria de manera \u201cunilateral\u201d y \u201csin haberla compartido con ninguna otra formaci\u00f3n pol\u00edtica\u201d. \u201cNos parece un ejercicio de absoluta deslealtad, porque en todo lo que afecta a la UE estamos hablando de cesi\u00f3n de soberan\u00eda y la soberan\u00eda es de todos los espa\u00f1oles y espa\u00f1oles y el Gobierno est\u00e1 obligado a compartirlo\u201d, a\u00f1adi\u00f3.<\/p>\n<p>As\u00ed lo asegur\u00f3 en rueda de prensa en Ferraz, tras la reuni\u00f3n de la Comisi\u00f3n Ejecutiva Federal, donde record\u00f3 que el PSOE ha pedido la comparecencia del ministro de Econom\u00eda para que d\u00e9 cuenta de esta posici\u00f3n en el Congreso de los Diputados.<\/p>\n<p>\u00c1balos record\u00f3 que Pedro S\u00e1nchez en una reuni\u00f3n con Mariano Rajoy el pasado mes de diciembre \u201cle traslad\u00f3 la necesidad de llevar una posici\u00f3n com\u00fan en Europa\u201d y \u201cla respuesta que nos encontramos es una reacci\u00f3n unilateral por parte de un gobierno en absoluta minor\u00eda\u201d.<\/p>\n<p>Respecto al contenido de la propuesta del Ejecutivo, el secretario de Organizaci\u00f3n critic\u00f3 que \u201crestringe las aspiraciones de avanzar en materia de Uni\u00f3n Fiscal, financiera y de fortalecimiento institucional de la gobernanza del Euro, algo que deber\u00edamos haber aprendido con la crisis econ\u00f3mica\u201d.<\/p>\n<p>\u201cLejos de ser ambicioso, lo que hace el Gobierno es hacer una propuesta que queda pr\u00e1cticamente en nada, pr\u00e1cticamente vac\u00eda\u201d, ya que \u201cse limita a plantear unas propuestas de mayor integraci\u00f3n en materia bancaria, pero totalmente ambiguas\u201d<\/p>\n<p><strong>Catalu\u00f1a<\/strong><\/p>\n<p>Respecto a la situaci\u00f3n en Catalu\u00f1a, \u00c1balos quiso destacar que el art\u00edculo 155, es un recurso \u201cabsolutamente legal, y que la responsabilidad de su mantenimiento en el tiempo solo la tienen los independentistas, bien por su incapacidad para plantear la gobernabilidad en Catalu\u00f1a, bien por su inter\u00e9s en mantener m\u00e1s all\u00e1 de los necesario y permisible un conflicto\u201d.<\/p>\n<p>Asimismo, calific\u00f3 de \u201clamentable\u201d el ataque a la vivienda del secretario de Organizaci\u00f3n del PSC, Salvador Illa, y lo considero como un s\u00edntoma de lo que est\u00e1 pasando en Catalu\u00f1a \u201ccon los que mantienen una posici\u00f3n distinta del supremacismo\u201d.<\/p>\n<p>En cuanto a la denuncia de la Fiscal\u00eda contra 9 docentes catalanes por humillar a hijos de guardias civiles, el dirigente socialista asegur\u00f3 que \u201crespetamos y queremos dejar a salvo la escuela p\u00fablica catalana y circunscribir el hecho en las actuaciones de estos docentes que, obviamente, educar no parece su principal inquietud\u201d. En este sentido, calific\u00f3 la actuaci\u00f3n de estos profesores de \u201cabsolutamente lamentable\u201d.<\/p>\n<p><strong>Caja \u00danica Seguridad Social<\/strong><\/p>\n<p>Por \u00faltimo, \u00c1balos quiso referirse al anuncio de Ciudadanos de que tumbar\u00e1 los PGE si el Gobierno cede al gobierno vasco la gesti\u00f3n de la Seguridad Social. En este sentido, afirm\u00f3 que \u201cel debate realmente importante que afecta a la Seguridad Social es la sostenibilidad de las pensiones y no el enfoque que le est\u00e1 dando Ciudadanos\u201d.<\/p>\n<p>\u201cEl debate de la dignidad no est\u00e1 en la Caja \u00danica, que est\u00e1 clara por ley, como tambi\u00e9n est\u00e1 claro lo que expresa el Estatuto de Guernica que habla en todo caso de conveniar la gesti\u00f3n respetando la Caja \u00danica\u201d. \u201cEse no es el debate, si Ciudadanos quiere hablar de algo serio que hable de la sostenibilidad del sistema de pensiones, que hasta ahora no ha dicho ni mu\u201d.<\/p>\n","protected":false},"excerpt":{"rendered":"<p>El secretario de Organizaci\u00f3n, Jos\u00e9 Luis \u00c1balos, denunci\u00f3 hoy que el Gobierno haya presentado en Europa la propuesta espa\u00f1ola para el fortalecimiento de la Uni\u00f3n Econ\u00f3mica y Monetaria de manera \u201cunilateral\u201d y \u201csin haberla compartido con ninguna otra formaci\u00f3n pol\u00edtica\u201d. \u201cNos parece un ejercicio de absoluta deslealtad, porque en todo lo que afecta a la [&hellip;]<\/p>\n","protected":false},"author":1,"featured_media":977391,"comment_status":"closed","ping_status":"closed","sticky":false,"template":"","format":"standard","meta":{"footnotes":""},"categories":[1],"tags":[],"class_list":["post-977390","post","type-post","status-publish","format-standard","has-post-thumbnail","hentry","category-actualidad"],"aioseo_notices":[],"aioseo_head":"\n\t\t<!-- All in One SEO Pro 5.0.1 - aioseo.com -->\n\t<meta name=\"description\" content=\"El secretario de Organizaci\u00f3n, Jos\u00e9 Luis \u00c1balos, denunci\u00f3 hoy que el Gobierno haya presentado en Europa la propuesta espa\u00f1ola para el fortalecimiento de la Uni\u00f3n Econ\u00f3mica y Monetaria de manera \u201cunilateral\u201d y \u201csin haberla compartido con ninguna otra formaci\u00f3n pol\u00edtica\u201d. \u201cNos parece un ejercicio de absoluta deslealtad, porque en todo lo que afecta a la\" \/>\n\t<meta name=\"robots\" content=\"max-image-preview:large\" \/>\n\t<meta name=\"author\" content=\"El Digital de Asturias\"\/>\n\t<meta name=\"google-site-verification\" content=\"UA-38556648-1\" \/>\n\t<meta name=\"msvalidate.01\" content=\"7dfe9f3f1b24437ab69f4f2559babe99\" \/>\n\t<meta name=\"keywords\" content=\"actualidad\" \/>\n\t<link rel=\"canonical\" href=\"https:\/\/www.eldigitaldeasturias.com\/noticias\/abalos-lamenta-el-ataque-a-la-vivienda-de-salvador-illa\/\" \/>\n\t<meta name=\"generator\" content=\"All in One SEO Pro (AIOSEO) 5.0.1\" \/>\n\t\t<meta property=\"og:locale\" content=\"es_ES\" \/>\n\t\t<meta property=\"og:site_name\" content=\"El Digital de Asturias\" \/>\n\t\t<meta property=\"og:type\" content=\"article\" \/>\n\t\t<meta property=\"og:title\" content=\"\u00c1balos lamenta el ataque a la vivienda de Salvador Illa - El Digital de Asturias\" \/>\n\t\t<meta property=\"og:description\" content=\"El secretario de Organizaci\u00f3n, Jos\u00e9 Luis \u00c1balos, denunci\u00f3 hoy que el Gobierno haya presentado en Europa la propuesta espa\u00f1ola para el fortalecimiento de la Uni\u00f3n Econ\u00f3mica y Monetaria de manera \u201cunilateral\u201d y \u201csin haberla compartido con ninguna otra formaci\u00f3n pol\u00edtica\u201d. \u201cNos parece un ejercicio de absoluta deslealtad, porque en todo lo que afecta a la\" \/>\n\t\t<meta property=\"og:url\" content=\"https:\/\/www.eldigitaldeasturias.com\/noticias\/abalos-lamenta-el-ataque-a-la-vivienda-de-salvador-illa\/\" \/>\n\t\t<meta property=\"article:tag\" content=\"actualidad\" \/>\n\t\t<meta property=\"article:published_time\" content=\"2018-04-24T21:09:34+00:00\" \/>\n\t\t<meta property=\"article:modified_time\" content=\"2018-04-24T21:09:34+00:00\" \/>\n\t\t<meta property=\"article:publisher\" content=\"https:\/\/facebook.com\/eldigitaldeasturias\" \/>\n\t\t<meta name=\"twitter:card\" content=\"summary_large_image\" \/>\n\t\t<meta name=\"twitter:title\" content=\"\u00c1balos lamenta el ataque a la vivienda de Salvador Illa - El Digital de Asturias\" \/>\n\t\t<meta name=\"twitter:description\" content=\"El secretario de Organizaci\u00f3n, Jos\u00e9 Luis \u00c1balos, denunci\u00f3 hoy que el Gobierno haya presentado en Europa la propuesta espa\u00f1ola para el fortalecimiento de la Uni\u00f3n Econ\u00f3mica y Monetaria de manera \u201cunilateral\u201d y \u201csin haberla compartido con ninguna otra formaci\u00f3n pol\u00edtica\u201d. \u201cNos parece un ejercicio de absoluta deslealtad, porque en todo lo que afecta a la\" \/>\n\t\t<meta name=\"twitter:image\" content=\"https:\/\/www.eldigitaldeasturias.com\/noticias\/wp-content\/uploads\/2020\/12\/EDA-1.jpg\" \/>\n\t\t<meta name=\"twitter:label1\" content=\"Escrito por\" \/>\n\t\t<meta name=\"twitter:data1\" content=\"El Digital de Asturias\" \/>\n\t\t<meta name=\"twitter:label2\" content=\"Tiempo de lectura estimado\" \/>\n\t\t<meta name=\"twitter:data2\" content=\"3 minutos\" \/>\n\t\t<script type=\"application\/ld+json\" class=\"aioseo-schema\">\n\t\t\t{\"@context\":\"https:\\\/\\\/schema.org\",\"@graph\":[{\"@type\":\"BlogPosting\",\"@id\":\"https:\\\/\\\/www.eldigitaldeasturias.com\\\/noticias\\\/abalos-lamenta-el-ataque-a-la-vivienda-de-salvador-illa\\\/#blogposting\",\"name\":\"\\u00c1balos lamenta el ataque a la vivienda de Salvador Illa - El Digital de Asturias\",\"headline\":\"\\u00c1balos lamenta el ataque a la vivienda de Salvador Illa\",\"author\":{\"@id\":\"https:\\\/\\\/www.eldigitaldeasturias.com\\\/noticias\\\/author\\\/admin\\\/#author\"},\"publisher\":{\"@id\":\"https:\\\/\\\/www.eldigitaldeasturias.com\\\/noticias\\\/#organization\"},\"image\":{\"@type\":\"ImageObject\",\"url\":977391},\"datePublished\":\"2018-04-24T21:09:34+02:00\",\"dateModified\":\"2018-04-24T21:09:34+02:00\",\"inLanguage\":\"es-ES\",\"mainEntityOfPage\":{\"@id\":\"https:\\\/\\\/www.eldigitaldeasturias.com\\\/noticias\\\/abalos-lamenta-el-ataque-a-la-vivienda-de-salvador-illa\\\/#webpage\"},\"isPartOf\":{\"@id\":\"https:\\\/\\\/www.eldigitaldeasturias.com\\\/noticias\\\/abalos-lamenta-el-ataque-a-la-vivienda-de-salvador-illa\\\/#webpage\"},\"articleSection\":\"Actualidad\"},{\"@type\":\"BreadcrumbList\",\"@id\":\"https:\\\/\\\/www.eldigitaldeasturias.com\\\/noticias\\\/abalos-lamenta-el-ataque-a-la-vivienda-de-salvador-illa\\\/#breadcrumblist\",\"itemListElement\":[{\"@type\":\"ListItem\",\"@id\":\"https:\\\/\\\/www.eldigitaldeasturias.com\\\/noticias#listItem\",\"position\":1,\"name\":\"Home\",\"item\":\"https:\\\/\\\/www.eldigitaldeasturias.com\\\/noticias\",\"nextItem\":{\"@type\":\"ListItem\",\"@id\":\"https:\\\/\\\/www.eldigitaldeasturias.com\\\/noticias\\\/category\\\/actualidad\\\/#listItem\",\"name\":\"Actualidad\"}},{\"@type\":\"ListItem\",\"@id\":\"https:\\\/\\\/www.eldigitaldeasturias.com\\\/noticias\\\/category\\\/actualidad\\\/#listItem\",\"position\":2,\"name\":\"Actualidad\",\"item\":\"https:\\\/\\\/www.eldigitaldeasturias.com\\\/noticias\\\/category\\\/actualidad\\\/\",\"nextItem\":{\"@type\":\"ListItem\",\"@id\":\"https:\\\/\\\/www.eldigitaldeasturias.com\\\/noticias\\\/abalos-lamenta-el-ataque-a-la-vivienda-de-salvador-illa\\\/#listItem\",\"name\":\"\\u00c1balos lamenta el ataque a la vivienda de Salvador Illa\"},\"previousItem\":{\"@type\":\"ListItem\",\"@id\":\"https:\\\/\\\/www.eldigitaldeasturias.com\\\/noticias#listItem\",\"name\":\"Home\"}},{\"@type\":\"ListItem\",\"@id\":\"https:\\\/\\\/www.eldigitaldeasturias.com\\\/noticias\\\/abalos-lamenta-el-ataque-a-la-vivienda-de-salvador-illa\\\/#listItem\",\"position\":3,\"name\":\"\\u00c1balos lamenta el ataque a la vivienda de Salvador Illa\",\"previousItem\":{\"@type\":\"ListItem\",\"@id\":\"https:\\\/\\\/www.eldigitaldeasturias.com\\\/noticias\\\/category\\\/actualidad\\\/#listItem\",\"name\":\"Actualidad\"}}]},{\"@type\":\"Organization\",\"@id\":\"https:\\\/\\\/www.eldigitaldeasturias.com\\\/noticias\\\/#organization\",\"name\":\"El Digital de Asturias\",\"description\":\"Hemeroteca\",\"url\":\"https:\\\/\\\/www.eldigitaldeasturias.com\\\/noticias\\\/\",\"email\":\"info@eldigitaldeasturias.com\",\"telephone\":\"+34652131393\",\"logo\":{\"@type\":\"ImageObject\",\"url\":\"https:\\\/\\\/www.eldigitaldeasturias.com\\\/noticias\\\/wp-content\\\/uploads\\\/2020\\\/12\\\/EDA.jpg\",\"@id\":\"https:\\\/\\\/www.eldigitaldeasturias.com\\\/noticias\\\/abalos-lamenta-el-ataque-a-la-vivienda-de-salvador-illa\\\/#organizationLogo\"},\"image\":{\"@id\":\"https:\\\/\\\/www.eldigitaldeasturias.com\\\/noticias\\\/abalos-lamenta-el-ataque-a-la-vivienda-de-salvador-illa\\\/#organizationLogo\"},\"sameAs\":[\"https:\\\/\\\/facebook.com\\\/eldigitaldeasturias\",\"https:\\\/\\\/www.youtube.com\\\/channel\\\/UCZP-2wLEB9Rv6erhFmqVnvg\"],\"address\":{\"@id\":\"https:\\\/\\\/www.eldigitaldeasturias.com\\\/noticias\\\/#postaladdress\",\"@type\":\"PostalAddress\",\"streetAddress\":\"san antonio 4\",\"postalCode\":\"33430\",\"addressLocality\":\"Cand\\u00e1s\",\"addressRegion\":\"Asturias\",\"addressCountry\":\"ES\"}},{\"@type\":\"Person\",\"@id\":\"https:\\\/\\\/www.eldigitaldeasturias.com\\\/noticias\\\/author\\\/admin\\\/#author\",\"url\":\"https:\\\/\\\/www.eldigitaldeasturias.com\\\/noticias\\\/author\\\/admin\\\/\",\"name\":\"El Digital de Asturias\",\"image\":{\"@type\":\"ImageObject\",\"@id\":\"https:\\\/\\\/www.eldigitaldeasturias.com\\\/noticias\\\/abalos-lamenta-el-ataque-a-la-vivienda-de-salvador-illa\\\/#authorImage\",\"url\":\"https:\\\/\\\/secure.gravatar.com\\\/avatar\\\/df2aeffc32bcd13f8d26072ef8a91b623d677766deac7f97ca815868cd41bf5e?s=96&d=mm&r=g\",\"width\":96,\"height\":96,\"caption\":\"El Digital de Asturias\"}},{\"@type\":\"WebPage\",\"@id\":\"https:\\\/\\\/www.eldigitaldeasturias.com\\\/noticias\\\/abalos-lamenta-el-ataque-a-la-vivienda-de-salvador-illa\\\/#webpage\",\"url\":\"https:\\\/\\\/www.eldigitaldeasturias.com\\\/noticias\\\/abalos-lamenta-el-ataque-a-la-vivienda-de-salvador-illa\\\/\",\"name\":\"\\u00c1balos lamenta el ataque a la vivienda de Salvador Illa - El Digital de Asturias\",\"description\":\"El secretario de Organizaci\\u00f3n, Jos\\u00e9 Luis \\u00c1balos, denunci\\u00f3 hoy que el Gobierno haya presentado en Europa la propuesta espa\\u00f1ola para el fortalecimiento de la Uni\\u00f3n Econ\\u00f3mica y Monetaria de manera \\u201cunilateral\\u201d y \\u201csin haberla compartido con ninguna otra formaci\\u00f3n pol\\u00edtica\\u201d. \\u201cNos parece un ejercicio de absoluta deslealtad, porque en todo lo que afecta a la\",\"inLanguage\":\"es-ES\",\"isPartOf\":{\"@id\":\"https:\\\/\\\/www.eldigitaldeasturias.com\\\/noticias\\\/#website\"},\"breadcrumb\":{\"@id\":\"https:\\\/\\\/www.eldigitaldeasturias.com\\\/noticias\\\/abalos-lamenta-el-ataque-a-la-vivienda-de-salvador-illa\\\/#breadcrumblist\"},\"author\":{\"@id\":\"https:\\\/\\\/www.eldigitaldeasturias.com\\\/noticias\\\/author\\\/admin\\\/#author\"},\"creator\":{\"@id\":\"https:\\\/\\\/www.eldigitaldeasturias.com\\\/noticias\\\/author\\\/admin\\\/#author\"},\"image\":{\"@type\":\"ImageObject\",\"url\":977391,\"@id\":\"https:\\\/\\\/www.eldigitaldeasturias.com\\\/noticias\\\/abalos-lamenta-el-ataque-a-la-vivienda-de-salvador-illa\\\/#mainImage\"},\"primaryImageOfPage\":{\"@id\":\"https:\\\/\\\/www.eldigitaldeasturias.com\\\/noticias\\\/abalos-lamenta-el-ataque-a-la-vivienda-de-salvador-illa\\\/#mainImage\"},\"datePublished\":\"2018-04-24T21:09:34+02:00\",\"dateModified\":\"2018-04-24T21:09:34+02:00\"},{\"@type\":\"WebSite\",\"@id\":\"https:\\\/\\\/www.eldigitaldeasturias.com\\\/noticias\\\/#website\",\"url\":\"https:\\\/\\\/www.eldigitaldeasturias.com\\\/noticias\\\/\",\"name\":\"El Digital de Asturias - Diario de actualidad y noticias\",\"alternateName\":\"El Digital de Asturias - Diario de actualidad y noticias\",\"description\":\"Hemeroteca\",\"inLanguage\":\"es-ES\",\"publisher\":{\"@id\":\"https:\\\/\\\/www.eldigitaldeasturias.com\\\/noticias\\\/#organization\"}}]}\n\t\t<\/script>\n\t\t<!-- All in One SEO Pro -->\r\n\t\t<title>\u00c1balos lamenta el ataque a la vivienda de Salvador Illa - El Digital de Asturias<\/title>\n\n","aioseo_head_json":{"title":"\u00c1balos lamenta el ataque a la vivienda de Salvador Illa - El Digital de Asturias","description":"El secretario de Organizaci\u00f3n, Jos\u00e9 Luis \u00c1balos, denunci\u00f3 hoy que el Gobierno haya presentado en Europa la propuesta espa\u00f1ola para el fortalecimiento de la Uni\u00f3n Econ\u00f3mica y Monetaria de manera \u201cunilateral\u201d y \u201csin haberla compartido con ninguna otra formaci\u00f3n pol\u00edtica\u201d. \u201cNos parece un ejercicio de absoluta deslealtad, porque en todo lo que afecta a la","canonical_url":"https:\/\/www.eldigitaldeasturias.com\/noticias\/abalos-lamenta-el-ataque-a-la-vivienda-de-salvador-illa\/","robots":"max-image-preview:large","keywords":"actualidad","webmasterTools":{"google-site-verification":"UA-38556648-1","msvalidate.01":"7dfe9f3f1b24437ab69f4f2559babe99","miscellaneous":""},"schema":{"@context":"https:\/\/schema.org","@graph":[{"@type":"BlogPosting","@id":"https:\/\/www.eldigitaldeasturias.com\/noticias\/abalos-lamenta-el-ataque-a-la-vivienda-de-salvador-illa\/#blogposting","name":"\u00c1balos lamenta el ataque a la vivienda de Salvador Illa - El Digital de Asturias","headline":"\u00c1balos lamenta el ataque a la vivienda de Salvador Illa","author":{"@id":"https:\/\/www.eldigitaldeasturias.com\/noticias\/author\/admin\/#author"},"publisher":{"@id":"https:\/\/www.eldigitaldeasturias.com\/noticias\/#organization"},"image":{"@type":"ImageObject","url":977391},"datePublished":"2018-04-24T21:09:34+02:00","dateModified":"2018-04-24T21:09:34+02:00","inLanguage":"es-ES","mainEntityOfPage":{"@id":"https:\/\/www.eldigitaldeasturias.com\/noticias\/abalos-lamenta-el-ataque-a-la-vivienda-de-salvador-illa\/#webpage"},"isPartOf":{"@id":"https:\/\/www.eldigitaldeasturias.com\/noticias\/abalos-lamenta-el-ataque-a-la-vivienda-de-salvador-illa\/#webpage"},"articleSection":"Actualidad"},{"@type":"BreadcrumbList","@id":"https:\/\/www.eldigitaldeasturias.com\/noticias\/abalos-lamenta-el-ataque-a-la-vivienda-de-salvador-illa\/#breadcrumblist","itemListElement":[{"@type":"ListItem","@id":"https:\/\/www.eldigitaldeasturias.com\/noticias#listItem","position":1,"name":"Home","item":"https:\/\/www.eldigitaldeasturias.com\/noticias","nextItem":{"@type":"ListItem","@id":"https:\/\/www.eldigitaldeasturias.com\/noticias\/category\/actualidad\/#listItem","name":"Actualidad"}},{"@type":"ListItem","@id":"https:\/\/www.eldigitaldeasturias.com\/noticias\/category\/actualidad\/#listItem","position":2,"name":"Actualidad","item":"https:\/\/www.eldigitaldeasturias.com\/noticias\/category\/actualidad\/","nextItem":{"@type":"ListItem","@id":"https:\/\/www.eldigitaldeasturias.com\/noticias\/abalos-lamenta-el-ataque-a-la-vivienda-de-salvador-illa\/#listItem","name":"\u00c1balos lamenta el ataque a la vivienda de Salvador Illa"},"previousItem":{"@type":"ListItem","@id":"https:\/\/www.eldigitaldeasturias.com\/noticias#listItem","name":"Home"}},{"@type":"ListItem","@id":"https:\/\/www.eldigitaldeasturias.com\/noticias\/abalos-lamenta-el-ataque-a-la-vivienda-de-salvador-illa\/#listItem","position":3,"name":"\u00c1balos lamenta el ataque a la vivienda de Salvador Illa","previousItem":{"@type":"ListItem","@id":"https:\/\/www.eldigitaldeasturias.com\/noticias\/category\/actualidad\/#listItem","name":"Actualidad"}}]},{"@type":"Organization","@id":"https:\/\/www.eldigitaldeasturias.com\/noticias\/#organization","name":"El Digital de Asturias","description":"Hemeroteca","url":"https:\/\/www.eldigitaldeasturias.com\/noticias\/","email":"info@eldigitaldeasturias.com","telephone":"+34652131393","logo":{"@type":"ImageObject","url":"https:\/\/www.eldigitaldeasturias.com\/noticias\/wp-content\/uploads\/2020\/12\/EDA.jpg","@id":"https:\/\/www.eldigitaldeasturias.com\/noticias\/abalos-lamenta-el-ataque-a-la-vivienda-de-salvador-illa\/#organizationLogo"},"image":{"@id":"https:\/\/www.eldigitaldeasturias.com\/noticias\/abalos-lamenta-el-ataque-a-la-vivienda-de-salvador-illa\/#organizationLogo"},"sameAs":["https:\/\/facebook.com\/eldigitaldeasturias","https:\/\/www.youtube.com\/channel\/UCZP-2wLEB9Rv6erhFmqVnvg"],"address":{"@id":"https:\/\/www.eldigitaldeasturias.com\/noticias\/#postaladdress","@type":"PostalAddress","streetAddress":"san antonio 4","postalCode":"33430","addressLocality":"Cand\u00e1s","addressRegion":"Asturias","addressCountry":"ES"}},{"@type":"Person","@id":"https:\/\/www.eldigitaldeasturias.com\/noticias\/author\/admin\/#author","url":"https:\/\/www.eldigitaldeasturias.com\/noticias\/author\/admin\/","name":"El Digital de Asturias","image":{"@type":"ImageObject","@id":"https:\/\/www.eldigitaldeasturias.com\/noticias\/abalos-lamenta-el-ataque-a-la-vivienda-de-salvador-illa\/#authorImage","url":"https:\/\/secure.gravatar.com\/avatar\/df2aeffc32bcd13f8d26072ef8a91b623d677766deac7f97ca815868cd41bf5e?s=96&d=mm&r=g","width":96,"height":96,"caption":"El Digital de Asturias"}},{"@type":"WebPage","@id":"https:\/\/www.eldigitaldeasturias.com\/noticias\/abalos-lamenta-el-ataque-a-la-vivienda-de-salvador-illa\/#webpage","url":"https:\/\/www.eldigitaldeasturias.com\/noticias\/abalos-lamenta-el-ataque-a-la-vivienda-de-salvador-illa\/","name":"\u00c1balos lamenta el ataque a la vivienda de Salvador Illa - El Digital de Asturias","description":"El secretario de Organizaci\u00f3n, Jos\u00e9 Luis \u00c1balos, denunci\u00f3 hoy que el Gobierno haya presentado en Europa la propuesta espa\u00f1ola para el fortalecimiento de la Uni\u00f3n Econ\u00f3mica y Monetaria de manera \u201cunilateral\u201d y \u201csin haberla compartido con ninguna otra formaci\u00f3n pol\u00edtica\u201d. \u201cNos parece un ejercicio de absoluta deslealtad, porque en todo lo que afecta a la","inLanguage":"es-ES","isPartOf":{"@id":"https:\/\/www.eldigitaldeasturias.com\/noticias\/#website"},"breadcrumb":{"@id":"https:\/\/www.eldigitaldeasturias.com\/noticias\/abalos-lamenta-el-ataque-a-la-vivienda-de-salvador-illa\/#breadcrumblist"},"author":{"@id":"https:\/\/www.eldigitaldeasturias.com\/noticias\/author\/admin\/#author"},"creator":{"@id":"https:\/\/www.eldigitaldeasturias.com\/noticias\/author\/admin\/#author"},"image":{"@type":"ImageObject","url":977391,"@id":"https:\/\/www.eldigitaldeasturias.com\/noticias\/abalos-lamenta-el-ataque-a-la-vivienda-de-salvador-illa\/#mainImage"},"primaryImageOfPage":{"@id":"https:\/\/www.eldigitaldeasturias.com\/noticias\/abalos-lamenta-el-ataque-a-la-vivienda-de-salvador-illa\/#mainImage"},"datePublished":"2018-04-24T21:09:34+02:00","dateModified":"2018-04-24T21:09:34+02:00"},{"@type":"WebSite","@id":"https:\/\/www.eldigitaldeasturias.com\/noticias\/#website","url":"https:\/\/www.eldigitaldeasturias.com\/noticias\/","name":"El Digital de Asturias - Diario de actualidad y noticias","alternateName":"El Digital de Asturias - Diario de actualidad y noticias","description":"Hemeroteca","inLanguage":"es-ES","publisher":{"@id":"https:\/\/www.eldigitaldeasturias.com\/noticias\/#organization"}}]},"og:locale":"es_ES","og:site_name":"El Digital de Asturias","og:type":"article","og:title":"\u00c1balos lamenta el ataque a la vivienda de Salvador Illa - El Digital de Asturias","og:description":"El secretario de Organizaci\u00f3n, Jos\u00e9 Luis \u00c1balos, denunci\u00f3 hoy que el Gobierno haya presentado en Europa la propuesta espa\u00f1ola para el fortalecimiento de la Uni\u00f3n Econ\u00f3mica y Monetaria de manera \u201cunilateral\u201d y \u201csin haberla compartido con ninguna otra formaci\u00f3n pol\u00edtica\u201d. \u201cNos parece un ejercicio de absoluta deslealtad, porque en todo lo que afecta a la","og:url":"https:\/\/www.eldigitaldeasturias.com\/noticias\/abalos-lamenta-el-ataque-a-la-vivienda-de-salvador-illa\/","article:tag":["actualidad"],"article:published_time":"2018-04-24T21:09:34+00:00","article:modified_time":"2018-04-24T21:09:34+00:00","article:publisher":"https:\/\/facebook.com\/eldigitaldeasturias","twitter:card":"summary_large_image","twitter:title":"\u00c1balos lamenta el ataque a la vivienda de Salvador Illa - El Digital de Asturias","twitter:description":"El secretario de Organizaci\u00f3n, Jos\u00e9 Luis \u00c1balos, denunci\u00f3 hoy que el Gobierno haya presentado en Europa la propuesta espa\u00f1ola para el fortalecimiento de la Uni\u00f3n Econ\u00f3mica y Monetaria de manera \u201cunilateral\u201d y \u201csin haberla compartido con ninguna otra formaci\u00f3n pol\u00edtica\u201d. \u201cNos parece un ejercicio de absoluta deslealtad, porque en todo lo que afecta a la","twitter:image":"https:\/\/www.eldigitaldeasturias.com\/noticias\/wp-content\/uploads\/2020\/12\/EDA-1.jpg","twitter:label1":"Escrito por","twitter:data1":"El Digital de Asturias","twitter:label2":"Tiempo de lectura estimado","twitter:data2":"3 minutos"},"aioseo_meta_data":{"post_id":"977390","title":null,"description":null,"keywords":null,"keyphrases":null,"primary_term":null,"canonical_url":null,"og_title":null,"og_description":null,"og_object_type":"default","og_image_type":"default","og_image_url":null,"og_image_width":null,"og_image_height":null,"og_image_custom_url":null,"og_image_custom_fields":null,"og_video":null,"og_custom_url":null,"og_article_section":null,"og_article_tags":null,"twitter_use_og":false,"twitter_card":"default","twitter_image_type":"default","twitter_image_url":null,"twitter_image_custom_url":null,"twitter_image_custom_fields":null,"twitter_title":null,"twitter_description":null,"schema":{"blockGraphs":[],"customGraphs":[],"default":{"data":{"Article":[],"Course":[],"Dataset":[],"FAQPage":[],"Movie":[],"Person":[],"Product":[],"ProductReview":[],"Car":[],"Recipe":[],"Service":[],"SoftwareApplication":[],"WebPage":[]},"graphName":"","isEnabled":true},"graphs":[],"defaultGraph":"","defaultPostTypeGraph":""},"schema_type":null,"schema_type_options":null,"pillar_content":false,"robots_default":true,"robots_noindex":false,"robots_noarchive":false,"robots_nosnippet":false,"robots_nofollow":false,"robots_noimageindex":false,"robots_noodp":false,"robots_notranslate":false,"robots_max_snippet":null,"robots_max_videopreview":null,"robots_max_imagepreview":"large","priority":null,"frequency":null,"local_seo":null,"seo_analyzer_scan_date":"2025-10-08 07:14:03","breadcrumb_settings":null,"limit_modified_date":false,"open_ai":null,"ai":null,"created":"2020-12-21 12:05:37","updated":"2025-10-08 07:14:03","focus_keyword":null,"additional_keywords":null,"truseo_locale":null},"aioseo_breadcrumb":"<div class=\"aioseo-breadcrumbs\"><span class=\"aioseo-breadcrumb\">\n\t<a href=\"https:\/\/www.eldigitaldeasturias.com\/noticias\" title=\"Home\">Home<\/a>\n<\/span><span class=\"aioseo-breadcrumb-separator\">\u2013<\/span><span class=\"aioseo-breadcrumb\">\n\t<a href=\"https:\/\/www.eldigitaldeasturias.com\/noticias\/category\/actualidad\/\" title=\"Actualidad\">Actualidad<\/a>\n<\/span><span class=\"aioseo-breadcrumb-separator\">\u2013<\/span><span class=\"aioseo-breadcrumb\">\n\t<a href=\"https:\/\/www.eldigitaldeasturias.com\/noticias\/abalos-lamenta-el-ataque-a-la-vivienda-de-salvador-illa\/\" title=\"\u00c1balos lamenta el ataque a la vivienda de Salvador Illa\">\u00c1balos lamenta el ataque a la vivienda de Salvador Illa<\/a>\n<\/span><\/div>","aioseo_breadcrumb_json":[{"label":"Home","link":"https:\/\/www.eldigitaldeasturias.com\/noticias"},{"label":"Actualidad","link":"https:\/\/www.eldigitaldeasturias.com\/noticias\/category\/actualidad\/"},{"label":"\u00c1balos lamenta el ataque a la vivienda de Salvador Illa","link":"https:\/\/www.eldigitaldeasturias.com\/noticias\/abalos-lamenta-el-ataque-a-la-vivienda-de-salvador-illa\/"}],"_links":{"self":[{"href":"https:\/\/www.eldigitaldeasturias.com\/noticias\/wp-json\/wp\/v2\/posts\/977390","targetHints":{"allow":["GET"]}}],"collection":[{"href":"https:\/\/www.eldigitaldeasturias.com\/noticias\/wp-json\/wp\/v2\/posts"}],"about":[{"href":"https:\/\/www.eldigitaldeasturias.com\/noticias\/wp-json\/wp\/v2\/types\/post"}],"author":[{"embeddable":true,"href":"https:\/\/www.eldigitaldeasturias.com\/noticias\/wp-json\/wp\/v2\/users\/1"}],"replies":[{"embeddable":true,"href":"https:\/\/www.eldigitaldeasturias.com\/noticias\/wp-json\/wp\/v2\/comments?post=977390"}],"version-history":[{"count":0,"href":"https:\/\/www.eldigitaldeasturias.com\/noticias\/wp-json\/wp\/v2\/posts\/977390\/revisions"}],"wp:attachment":[{"href":"https:\/\/www.eldigitaldeasturias.com\/noticias\/wp-json\/wp\/v2\/media?parent=977390"}],"wp:term":[{"taxonomy":"category","embeddable":true,"href":"https:\/\/www.eldigitaldeasturias.com\/noticias\/wp-json\/wp\/v2\/categories?post=977390"},{"taxonomy":"post_tag","embeddable":true,"href":"https:\/\/www.eldigitaldeasturias.com\/noticias\/wp-json\/wp\/v2\/tags?post=977390"}],"curies":[{"name":"wp","href":"https:\/\/api.w.org\/{rel}","templated":true}]}}