{"id":977376,"date":"2018-04-24T20:46:04","date_gmt":"2018-04-24T20:46:04","guid":{"rendered":"http:\/\/www.eldigitaldeasturias.com\/noticias\/?p=977376"},"modified":"2018-04-24T20:46:04","modified_gmt":"2018-04-24T20:46:04","slug":"la-mision-catolica-alemana-exige-a-daniel-ortega-una-apertura-democratica","status":"publish","type":"post","link":"https:\/\/www.eldigitaldeasturias.com\/noticias\/la-mision-catolica-alemana-exige-a-daniel-ortega-una-apertura-democratica\/","title":{"rendered":"La Misi\u00f3n cat\u00f3lica alemana exige a Daniel Ortega una apertura democr\u00e1tica"},"content":{"rendered":"<p><img loading=\"lazy\" decoding=\"async\" class=\"alignleft size-medium wp-image-977212\" src=\"https:\/\/www.eldigitaldeasturias.com\/noticias\/wp-content\/uploads\/2018\/04\/flag-2528952_960_720-360x270.jpg\" alt=\"\" width=\"360\" height=\"270\" \/>Berl\u00edn, 24 abr (dpa) &#8211; La misi\u00f3n cat\u00f3lica alemana para Am\u00e9rica Latina Adveniat llam\u00f3 al presidente de Nicaragua, Daniel Ortega, a abrir un proceso democr\u00e1tico y a poner fin a la represi\u00f3n de protestas sociales que han convulsionado al pa\u00eds en los \u00faltimos d\u00edas.<\/p>\n<p>\u00abEl presidente Daniel Ortega debe ceder y dar paso a una apertura democr\u00e1tica\u00bb, declar\u00f3 la responsable de Adveniat para Nicaragua, In\u00e9s Klissenbauer, quien sin embargo no contempla la salida del dirigente como soluci\u00f3n al conflicto abierto.<\/p>\n<p>\u00abSi Ortega dimite, el pa\u00eds se sumir\u00e1 en un caos porque en la actualidad no existe una alternativa pol\u00edtica, por eso el presidente debe iniciar una transici\u00f3n democr\u00e1tica\u00bb, agreg\u00f3.<\/p>\n<p>La experta en Am\u00e9rica Latina de Adveniat lament\u00f3 la \u00abviolencia desorbitada\u00bb ejercida por parte de la Polic\u00eda y de los militares, as\u00ed como los saqueos y los actos de vandalismo indiscriminado cometidos por parte algunos manifestantes.<\/p>\n<p>Klissenbauer destac\u00f3 que Adveniat, al igual que sus socios en Nicaragua y la Iglesia del pa\u00eds latinoamericano, abogan por la celebraci\u00f3n de marchas pac\u00edficas y por establecer un di\u00e1logo entre el Gobierno y los j\u00f3venes manifestantes, los primeros que se lanzaron a las calles a protestar.<\/p>\n<p>Desde la organizaci\u00f3n alemana recuerdan que el origen de las violentas protestas iniciadas hace seis d\u00edas en el pa\u00eds fue la aprobaci\u00f3n v\u00eda decreto presidencial de una pol\u00e9mica reforma del Seguro Social por parte de Ortega, un gobernante que se mantiene en el poder desde 2007.<\/p>\n<p>\u00abLa gente se pregunta por qu\u00e9 no se les permite protestar pac\u00edficamente. La violencia desproporcionada del Gobierno ha provocado una situaci\u00f3n de contraviolencia entre los manifestantes\u00bb, explic\u00f3 la responsable de Nicaragua de la misi\u00f3n alemana.<\/p>\n<p>\u00abEn un pa\u00eds donde m\u00e1s de la mitad de la poblaci\u00f3n vive en situaci\u00f3n de pobreza, las protestas est\u00e1n siendo utilizadas con gran rapidez por parte de gente que saquea supermercados y perpetra actos violentos en las calles\u00bb, apunt\u00f3.<\/p>\n<p>In\u00e9s Klissenbauer record\u00f3 adem\u00e1s que la Iglesia constituye una voz importante para lograr la paz y abrir un proceso de di\u00e1logo. En este sentido, destac\u00f3 que, en un momento en que la oposici\u00f3n del pa\u00eds carece de liderazgo, el arzobispo de Managua, el cardenal Leopoldo Jos\u00e9 Brenes Sol\u00f3rzano, est\u00e1 dispuesto a actuar como mediador.<\/p>\n<p>Las protestas de los \u00faltimos d\u00edas en Nicaragua fueron reprimidas con violencia por grupos de choque oficialistas y polic\u00edas antimotines, con un saldo de diez muertos seg\u00fan el Gobierno y m\u00e1s de 30 fallecidos seg\u00fan medios de prensa de Managua.<\/p>\n","protected":false},"excerpt":{"rendered":"<p>Berl\u00edn, 24 abr (dpa) &#8211; La misi\u00f3n cat\u00f3lica alemana para Am\u00e9rica Latina Adveniat llam\u00f3 al presidente de Nicaragua, Daniel Ortega, a abrir un proceso democr\u00e1tico y a poner fin a la represi\u00f3n de protestas sociales que han convulsionado al pa\u00eds en los \u00faltimos d\u00edas. \u00abEl presidente Daniel Ortega debe ceder y dar paso a una [&hellip;]<\/p>\n","protected":false},"author":1,"featured_media":977212,"comment_status":"closed","ping_status":"closed","sticky":false,"template":"","format":"standard","meta":{"footnotes":""},"categories":[1],"tags":[],"class_list":["post-977376","post","type-post","status-publish","format-standard","has-post-thumbnail","hentry","category-actualidad"],"aioseo_notices":[],"aioseo_head":"\n\t\t<!-- All in One SEO Pro 5.0.1 - aioseo.com -->\n\t<meta name=\"description\" content=\"Berl\u00edn, 24 abr (dpa) - La misi\u00f3n cat\u00f3lica alemana para Am\u00e9rica Latina Adveniat llam\u00f3 al presidente de Nicaragua, Daniel Ortega, a abrir un proceso democr\u00e1tico y a poner fin a la represi\u00f3n de protestas sociales que han convulsionado al pa\u00eds en los \u00faltimos d\u00edas. &quot;El presidente Daniel Ortega debe ceder y dar paso a una\" \/>\n\t<meta name=\"robots\" content=\"max-image-preview:large\" \/>\n\t<meta name=\"author\" content=\"El Digital de Asturias\"\/>\n\t<meta name=\"google-site-verification\" content=\"UA-38556648-1\" \/>\n\t<meta name=\"msvalidate.01\" content=\"7dfe9f3f1b24437ab69f4f2559babe99\" \/>\n\t<meta name=\"keywords\" content=\"actualidad\" \/>\n\t<link rel=\"canonical\" href=\"https:\/\/www.eldigitaldeasturias.com\/noticias\/la-mision-catolica-alemana-exige-a-daniel-ortega-una-apertura-democratica\/\" \/>\n\t<meta name=\"generator\" content=\"All in One SEO Pro (AIOSEO) 5.0.1\" \/>\n\t\t<meta property=\"og:locale\" content=\"es_ES\" \/>\n\t\t<meta property=\"og:site_name\" content=\"El Digital de Asturias\" \/>\n\t\t<meta property=\"og:type\" content=\"article\" \/>\n\t\t<meta property=\"og:title\" content=\"La Misi\u00f3n cat\u00f3lica alemana exige a Daniel Ortega una apertura democr\u00e1tica - El Digital de Asturias\" \/>\n\t\t<meta property=\"og:description\" content=\"Berl\u00edn, 24 abr (dpa) - La misi\u00f3n cat\u00f3lica alemana para Am\u00e9rica Latina Adveniat llam\u00f3 al presidente de Nicaragua, Daniel Ortega, a abrir un proceso democr\u00e1tico y a poner fin a la represi\u00f3n de protestas sociales que han convulsionado al pa\u00eds en los \u00faltimos d\u00edas. &quot;El presidente Daniel Ortega debe ceder y dar paso a una\" \/>\n\t\t<meta property=\"og:url\" content=\"https:\/\/www.eldigitaldeasturias.com\/noticias\/la-mision-catolica-alemana-exige-a-daniel-ortega-una-apertura-democratica\/\" \/>\n\t\t<meta property=\"article:tag\" content=\"actualidad\" \/>\n\t\t<meta property=\"article:published_time\" content=\"2018-04-24T20:46:04+00:00\" \/>\n\t\t<meta property=\"article:modified_time\" content=\"2018-04-24T20:46:04+00:00\" \/>\n\t\t<meta property=\"article:publisher\" content=\"https:\/\/facebook.com\/eldigitaldeasturias\" \/>\n\t\t<meta name=\"twitter:card\" content=\"summary_large_image\" \/>\n\t\t<meta name=\"twitter:title\" content=\"La Misi\u00f3n cat\u00f3lica alemana exige a Daniel Ortega una apertura democr\u00e1tica - El Digital de Asturias\" \/>\n\t\t<meta name=\"twitter:description\" content=\"Berl\u00edn, 24 abr (dpa) - La misi\u00f3n cat\u00f3lica alemana para Am\u00e9rica Latina Adveniat llam\u00f3 al presidente de Nicaragua, Daniel Ortega, a abrir un proceso democr\u00e1tico y a poner fin a la represi\u00f3n de protestas sociales que han convulsionado al pa\u00eds en los \u00faltimos d\u00edas. &quot;El presidente Daniel Ortega debe ceder y dar paso a una\" \/>\n\t\t<meta name=\"twitter:image\" content=\"https:\/\/www.eldigitaldeasturias.com\/noticias\/wp-content\/uploads\/2020\/12\/EDA-1.jpg\" \/>\n\t\t<meta name=\"twitter:label1\" content=\"Escrito por\" \/>\n\t\t<meta name=\"twitter:data1\" content=\"El Digital de Asturias\" \/>\n\t\t<meta name=\"twitter:label2\" content=\"Tiempo de lectura estimado\" \/>\n\t\t<meta name=\"twitter:data2\" content=\"2 minutos\" \/>\n\t\t<script type=\"application\/ld+json\" class=\"aioseo-schema\">\n\t\t\t{\"@context\":\"https:\\\/\\\/schema.org\",\"@graph\":[{\"@type\":\"BlogPosting\",\"@id\":\"https:\\\/\\\/www.eldigitaldeasturias.com\\\/noticias\\\/la-mision-catolica-alemana-exige-a-daniel-ortega-una-apertura-democratica\\\/#blogposting\",\"name\":\"La Misi\\u00f3n cat\\u00f3lica alemana exige a Daniel Ortega una apertura democr\\u00e1tica - El Digital de Asturias\",\"headline\":\"La Misi\\u00f3n cat\\u00f3lica alemana exige a Daniel Ortega una apertura democr\\u00e1tica\",\"author\":{\"@id\":\"https:\\\/\\\/www.eldigitaldeasturias.com\\\/noticias\\\/author\\\/admin\\\/#author\"},\"publisher\":{\"@id\":\"https:\\\/\\\/www.eldigitaldeasturias.com\\\/noticias\\\/#organization\"},\"image\":{\"@type\":\"ImageObject\",\"url\":977212},\"datePublished\":\"2018-04-24T20:46:04+02:00\",\"dateModified\":\"2018-04-24T20:46:04+02:00\",\"inLanguage\":\"es-ES\",\"mainEntityOfPage\":{\"@id\":\"https:\\\/\\\/www.eldigitaldeasturias.com\\\/noticias\\\/la-mision-catolica-alemana-exige-a-daniel-ortega-una-apertura-democratica\\\/#webpage\"},\"isPartOf\":{\"@id\":\"https:\\\/\\\/www.eldigitaldeasturias.com\\\/noticias\\\/la-mision-catolica-alemana-exige-a-daniel-ortega-una-apertura-democratica\\\/#webpage\"},\"articleSection\":\"Actualidad\"},{\"@type\":\"BreadcrumbList\",\"@id\":\"https:\\\/\\\/www.eldigitaldeasturias.com\\\/noticias\\\/la-mision-catolica-alemana-exige-a-daniel-ortega-una-apertura-democratica\\\/#breadcrumblist\",\"itemListElement\":[{\"@type\":\"ListItem\",\"@id\":\"https:\\\/\\\/www.eldigitaldeasturias.com\\\/noticias#listItem\",\"position\":1,\"name\":\"Home\",\"item\":\"https:\\\/\\\/www.eldigitaldeasturias.com\\\/noticias\",\"nextItem\":{\"@type\":\"ListItem\",\"@id\":\"https:\\\/\\\/www.eldigitaldeasturias.com\\\/noticias\\\/category\\\/actualidad\\\/#listItem\",\"name\":\"Actualidad\"}},{\"@type\":\"ListItem\",\"@id\":\"https:\\\/\\\/www.eldigitaldeasturias.com\\\/noticias\\\/category\\\/actualidad\\\/#listItem\",\"position\":2,\"name\":\"Actualidad\",\"item\":\"https:\\\/\\\/www.eldigitaldeasturias.com\\\/noticias\\\/category\\\/actualidad\\\/\",\"nextItem\":{\"@type\":\"ListItem\",\"@id\":\"https:\\\/\\\/www.eldigitaldeasturias.com\\\/noticias\\\/la-mision-catolica-alemana-exige-a-daniel-ortega-una-apertura-democratica\\\/#listItem\",\"name\":\"La Misi\\u00f3n cat\\u00f3lica alemana exige a Daniel Ortega una apertura democr\\u00e1tica\"},\"previousItem\":{\"@type\":\"ListItem\",\"@id\":\"https:\\\/\\\/www.eldigitaldeasturias.com\\\/noticias#listItem\",\"name\":\"Home\"}},{\"@type\":\"ListItem\",\"@id\":\"https:\\\/\\\/www.eldigitaldeasturias.com\\\/noticias\\\/la-mision-catolica-alemana-exige-a-daniel-ortega-una-apertura-democratica\\\/#listItem\",\"position\":3,\"name\":\"La Misi\\u00f3n cat\\u00f3lica alemana exige a Daniel Ortega una apertura democr\\u00e1tica\",\"previousItem\":{\"@type\":\"ListItem\",\"@id\":\"https:\\\/\\\/www.eldigitaldeasturias.com\\\/noticias\\\/category\\\/actualidad\\\/#listItem\",\"name\":\"Actualidad\"}}]},{\"@type\":\"Organization\",\"@id\":\"https:\\\/\\\/www.eldigitaldeasturias.com\\\/noticias\\\/#organization\",\"name\":\"El Digital de Asturias\",\"description\":\"Hemeroteca\",\"url\":\"https:\\\/\\\/www.eldigitaldeasturias.com\\\/noticias\\\/\",\"email\":\"info@eldigitaldeasturias.com\",\"telephone\":\"+34652131393\",\"logo\":{\"@type\":\"ImageObject\",\"url\":\"https:\\\/\\\/www.eldigitaldeasturias.com\\\/noticias\\\/wp-content\\\/uploads\\\/2020\\\/12\\\/EDA.jpg\",\"@id\":\"https:\\\/\\\/www.eldigitaldeasturias.com\\\/noticias\\\/la-mision-catolica-alemana-exige-a-daniel-ortega-una-apertura-democratica\\\/#organizationLogo\"},\"image\":{\"@id\":\"https:\\\/\\\/www.eldigitaldeasturias.com\\\/noticias\\\/la-mision-catolica-alemana-exige-a-daniel-ortega-una-apertura-democratica\\\/#organizationLogo\"},\"sameAs\":[\"https:\\\/\\\/facebook.com\\\/eldigitaldeasturias\",\"https:\\\/\\\/www.youtube.com\\\/channel\\\/UCZP-2wLEB9Rv6erhFmqVnvg\"],\"address\":{\"@id\":\"https:\\\/\\\/www.eldigitaldeasturias.com\\\/noticias\\\/#postaladdress\",\"@type\":\"PostalAddress\",\"streetAddress\":\"san antonio 4\",\"postalCode\":\"33430\",\"addressLocality\":\"Cand\\u00e1s\",\"addressRegion\":\"Asturias\",\"addressCountry\":\"ES\"}},{\"@type\":\"Person\",\"@id\":\"https:\\\/\\\/www.eldigitaldeasturias.com\\\/noticias\\\/author\\\/admin\\\/#author\",\"url\":\"https:\\\/\\\/www.eldigitaldeasturias.com\\\/noticias\\\/author\\\/admin\\\/\",\"name\":\"El Digital de Asturias\",\"image\":{\"@type\":\"ImageObject\",\"@id\":\"https:\\\/\\\/www.eldigitaldeasturias.com\\\/noticias\\\/la-mision-catolica-alemana-exige-a-daniel-ortega-una-apertura-democratica\\\/#authorImage\",\"url\":\"https:\\\/\\\/secure.gravatar.com\\\/avatar\\\/df2aeffc32bcd13f8d26072ef8a91b623d677766deac7f97ca815868cd41bf5e?s=96&d=mm&r=g\",\"width\":96,\"height\":96,\"caption\":\"El Digital de Asturias\"}},{\"@type\":\"WebPage\",\"@id\":\"https:\\\/\\\/www.eldigitaldeasturias.com\\\/noticias\\\/la-mision-catolica-alemana-exige-a-daniel-ortega-una-apertura-democratica\\\/#webpage\",\"url\":\"https:\\\/\\\/www.eldigitaldeasturias.com\\\/noticias\\\/la-mision-catolica-alemana-exige-a-daniel-ortega-una-apertura-democratica\\\/\",\"name\":\"La Misi\\u00f3n cat\\u00f3lica alemana exige a Daniel Ortega una apertura democr\\u00e1tica - El Digital de Asturias\",\"description\":\"Berl\\u00edn, 24 abr (dpa) - La misi\\u00f3n cat\\u00f3lica alemana para Am\\u00e9rica Latina Adveniat llam\\u00f3 al presidente de Nicaragua, Daniel Ortega, a abrir un proceso democr\\u00e1tico y a poner fin a la represi\\u00f3n de protestas sociales que han convulsionado al pa\\u00eds en los \\u00faltimos d\\u00edas. \\\"El presidente Daniel Ortega debe ceder y dar paso a una\",\"inLanguage\":\"es-ES\",\"isPartOf\":{\"@id\":\"https:\\\/\\\/www.eldigitaldeasturias.com\\\/noticias\\\/#website\"},\"breadcrumb\":{\"@id\":\"https:\\\/\\\/www.eldigitaldeasturias.com\\\/noticias\\\/la-mision-catolica-alemana-exige-a-daniel-ortega-una-apertura-democratica\\\/#breadcrumblist\"},\"author\":{\"@id\":\"https:\\\/\\\/www.eldigitaldeasturias.com\\\/noticias\\\/author\\\/admin\\\/#author\"},\"creator\":{\"@id\":\"https:\\\/\\\/www.eldigitaldeasturias.com\\\/noticias\\\/author\\\/admin\\\/#author\"},\"image\":{\"@type\":\"ImageObject\",\"url\":977212,\"@id\":\"https:\\\/\\\/www.eldigitaldeasturias.com\\\/noticias\\\/la-mision-catolica-alemana-exige-a-daniel-ortega-una-apertura-democratica\\\/#mainImage\"},\"primaryImageOfPage\":{\"@id\":\"https:\\\/\\\/www.eldigitaldeasturias.com\\\/noticias\\\/la-mision-catolica-alemana-exige-a-daniel-ortega-una-apertura-democratica\\\/#mainImage\"},\"datePublished\":\"2018-04-24T20:46:04+02:00\",\"dateModified\":\"2018-04-24T20:46:04+02:00\"},{\"@type\":\"WebSite\",\"@id\":\"https:\\\/\\\/www.eldigitaldeasturias.com\\\/noticias\\\/#website\",\"url\":\"https:\\\/\\\/www.eldigitaldeasturias.com\\\/noticias\\\/\",\"name\":\"El Digital de Asturias - Diario de actualidad y noticias\",\"alternateName\":\"El Digital de Asturias - Diario de actualidad y noticias\",\"description\":\"Hemeroteca\",\"inLanguage\":\"es-ES\",\"publisher\":{\"@id\":\"https:\\\/\\\/www.eldigitaldeasturias.com\\\/noticias\\\/#organization\"}}]}\n\t\t<\/script>\n\t\t<!-- All in One SEO Pro -->\r\n\t\t<title>La Misi\u00f3n cat\u00f3lica alemana exige a Daniel Ortega una apertura democr\u00e1tica - El Digital de Asturias<\/title>\n\n","aioseo_head_json":{"title":"La Misi\u00f3n cat\u00f3lica alemana exige a Daniel Ortega una apertura democr\u00e1tica - El Digital de Asturias","description":"Berl\u00edn, 24 abr (dpa) - La misi\u00f3n cat\u00f3lica alemana para Am\u00e9rica Latina Adveniat llam\u00f3 al presidente de Nicaragua, Daniel Ortega, a abrir un proceso democr\u00e1tico y a poner fin a la represi\u00f3n de protestas sociales que han convulsionado al pa\u00eds en los \u00faltimos d\u00edas. \"El presidente Daniel Ortega debe ceder y dar paso a una","canonical_url":"https:\/\/www.eldigitaldeasturias.com\/noticias\/la-mision-catolica-alemana-exige-a-daniel-ortega-una-apertura-democratica\/","robots":"max-image-preview:large","keywords":"actualidad","webmasterTools":{"google-site-verification":"UA-38556648-1","msvalidate.01":"7dfe9f3f1b24437ab69f4f2559babe99","miscellaneous":""},"schema":{"@context":"https:\/\/schema.org","@graph":[{"@type":"BlogPosting","@id":"https:\/\/www.eldigitaldeasturias.com\/noticias\/la-mision-catolica-alemana-exige-a-daniel-ortega-una-apertura-democratica\/#blogposting","name":"La Misi\u00f3n cat\u00f3lica alemana exige a Daniel Ortega una apertura democr\u00e1tica - El Digital de Asturias","headline":"La Misi\u00f3n cat\u00f3lica alemana exige a Daniel Ortega una apertura democr\u00e1tica","author":{"@id":"https:\/\/www.eldigitaldeasturias.com\/noticias\/author\/admin\/#author"},"publisher":{"@id":"https:\/\/www.eldigitaldeasturias.com\/noticias\/#organization"},"image":{"@type":"ImageObject","url":977212},"datePublished":"2018-04-24T20:46:04+02:00","dateModified":"2018-04-24T20:46:04+02:00","inLanguage":"es-ES","mainEntityOfPage":{"@id":"https:\/\/www.eldigitaldeasturias.com\/noticias\/la-mision-catolica-alemana-exige-a-daniel-ortega-una-apertura-democratica\/#webpage"},"isPartOf":{"@id":"https:\/\/www.eldigitaldeasturias.com\/noticias\/la-mision-catolica-alemana-exige-a-daniel-ortega-una-apertura-democratica\/#webpage"},"articleSection":"Actualidad"},{"@type":"BreadcrumbList","@id":"https:\/\/www.eldigitaldeasturias.com\/noticias\/la-mision-catolica-alemana-exige-a-daniel-ortega-una-apertura-democratica\/#breadcrumblist","itemListElement":[{"@type":"ListItem","@id":"https:\/\/www.eldigitaldeasturias.com\/noticias#listItem","position":1,"name":"Home","item":"https:\/\/www.eldigitaldeasturias.com\/noticias","nextItem":{"@type":"ListItem","@id":"https:\/\/www.eldigitaldeasturias.com\/noticias\/category\/actualidad\/#listItem","name":"Actualidad"}},{"@type":"ListItem","@id":"https:\/\/www.eldigitaldeasturias.com\/noticias\/category\/actualidad\/#listItem","position":2,"name":"Actualidad","item":"https:\/\/www.eldigitaldeasturias.com\/noticias\/category\/actualidad\/","nextItem":{"@type":"ListItem","@id":"https:\/\/www.eldigitaldeasturias.com\/noticias\/la-mision-catolica-alemana-exige-a-daniel-ortega-una-apertura-democratica\/#listItem","name":"La Misi\u00f3n cat\u00f3lica alemana exige a Daniel Ortega una apertura democr\u00e1tica"},"previousItem":{"@type":"ListItem","@id":"https:\/\/www.eldigitaldeasturias.com\/noticias#listItem","name":"Home"}},{"@type":"ListItem","@id":"https:\/\/www.eldigitaldeasturias.com\/noticias\/la-mision-catolica-alemana-exige-a-daniel-ortega-una-apertura-democratica\/#listItem","position":3,"name":"La Misi\u00f3n cat\u00f3lica alemana exige a Daniel Ortega una apertura democr\u00e1tica","previousItem":{"@type":"ListItem","@id":"https:\/\/www.eldigitaldeasturias.com\/noticias\/category\/actualidad\/#listItem","name":"Actualidad"}}]},{"@type":"Organization","@id":"https:\/\/www.eldigitaldeasturias.com\/noticias\/#organization","name":"El Digital de Asturias","description":"Hemeroteca","url":"https:\/\/www.eldigitaldeasturias.com\/noticias\/","email":"info@eldigitaldeasturias.com","telephone":"+34652131393","logo":{"@type":"ImageObject","url":"https:\/\/www.eldigitaldeasturias.com\/noticias\/wp-content\/uploads\/2020\/12\/EDA.jpg","@id":"https:\/\/www.eldigitaldeasturias.com\/noticias\/la-mision-catolica-alemana-exige-a-daniel-ortega-una-apertura-democratica\/#organizationLogo"},"image":{"@id":"https:\/\/www.eldigitaldeasturias.com\/noticias\/la-mision-catolica-alemana-exige-a-daniel-ortega-una-apertura-democratica\/#organizationLogo"},"sameAs":["https:\/\/facebook.com\/eldigitaldeasturias","https:\/\/www.youtube.com\/channel\/UCZP-2wLEB9Rv6erhFmqVnvg"],"address":{"@id":"https:\/\/www.eldigitaldeasturias.com\/noticias\/#postaladdress","@type":"PostalAddress","streetAddress":"san antonio 4","postalCode":"33430","addressLocality":"Cand\u00e1s","addressRegion":"Asturias","addressCountry":"ES"}},{"@type":"Person","@id":"https:\/\/www.eldigitaldeasturias.com\/noticias\/author\/admin\/#author","url":"https:\/\/www.eldigitaldeasturias.com\/noticias\/author\/admin\/","name":"El Digital de Asturias","image":{"@type":"ImageObject","@id":"https:\/\/www.eldigitaldeasturias.com\/noticias\/la-mision-catolica-alemana-exige-a-daniel-ortega-una-apertura-democratica\/#authorImage","url":"https:\/\/secure.gravatar.com\/avatar\/df2aeffc32bcd13f8d26072ef8a91b623d677766deac7f97ca815868cd41bf5e?s=96&d=mm&r=g","width":96,"height":96,"caption":"El Digital de Asturias"}},{"@type":"WebPage","@id":"https:\/\/www.eldigitaldeasturias.com\/noticias\/la-mision-catolica-alemana-exige-a-daniel-ortega-una-apertura-democratica\/#webpage","url":"https:\/\/www.eldigitaldeasturias.com\/noticias\/la-mision-catolica-alemana-exige-a-daniel-ortega-una-apertura-democratica\/","name":"La Misi\u00f3n cat\u00f3lica alemana exige a Daniel Ortega una apertura democr\u00e1tica - El Digital de Asturias","description":"Berl\u00edn, 24 abr (dpa) - La misi\u00f3n cat\u00f3lica alemana para Am\u00e9rica Latina Adveniat llam\u00f3 al presidente de Nicaragua, Daniel Ortega, a abrir un proceso democr\u00e1tico y a poner fin a la represi\u00f3n de protestas sociales que han convulsionado al pa\u00eds en los \u00faltimos d\u00edas. \"El presidente Daniel Ortega debe ceder y dar paso a una","inLanguage":"es-ES","isPartOf":{"@id":"https:\/\/www.eldigitaldeasturias.com\/noticias\/#website"},"breadcrumb":{"@id":"https:\/\/www.eldigitaldeasturias.com\/noticias\/la-mision-catolica-alemana-exige-a-daniel-ortega-una-apertura-democratica\/#breadcrumblist"},"author":{"@id":"https:\/\/www.eldigitaldeasturias.com\/noticias\/author\/admin\/#author"},"creator":{"@id":"https:\/\/www.eldigitaldeasturias.com\/noticias\/author\/admin\/#author"},"image":{"@type":"ImageObject","url":977212,"@id":"https:\/\/www.eldigitaldeasturias.com\/noticias\/la-mision-catolica-alemana-exige-a-daniel-ortega-una-apertura-democratica\/#mainImage"},"primaryImageOfPage":{"@id":"https:\/\/www.eldigitaldeasturias.com\/noticias\/la-mision-catolica-alemana-exige-a-daniel-ortega-una-apertura-democratica\/#mainImage"},"datePublished":"2018-04-24T20:46:04+02:00","dateModified":"2018-04-24T20:46:04+02:00"},{"@type":"WebSite","@id":"https:\/\/www.eldigitaldeasturias.com\/noticias\/#website","url":"https:\/\/www.eldigitaldeasturias.com\/noticias\/","name":"El Digital de Asturias - Diario de actualidad y noticias","alternateName":"El Digital de Asturias - Diario de actualidad y noticias","description":"Hemeroteca","inLanguage":"es-ES","publisher":{"@id":"https:\/\/www.eldigitaldeasturias.com\/noticias\/#organization"}}]},"og:locale":"es_ES","og:site_name":"El Digital de Asturias","og:type":"article","og:title":"La Misi\u00f3n cat\u00f3lica alemana exige a Daniel Ortega una apertura democr\u00e1tica - El Digital de Asturias","og:description":"Berl\u00edn, 24 abr (dpa) - La misi\u00f3n cat\u00f3lica alemana para Am\u00e9rica Latina Adveniat llam\u00f3 al presidente de Nicaragua, Daniel Ortega, a abrir un proceso democr\u00e1tico y a poner fin a la represi\u00f3n de protestas sociales que han convulsionado al pa\u00eds en los \u00faltimos d\u00edas. &quot;El presidente Daniel Ortega debe ceder y dar paso a una","og:url":"https:\/\/www.eldigitaldeasturias.com\/noticias\/la-mision-catolica-alemana-exige-a-daniel-ortega-una-apertura-democratica\/","article:tag":["actualidad"],"article:published_time":"2018-04-24T20:46:04+00:00","article:modified_time":"2018-04-24T20:46:04+00:00","article:publisher":"https:\/\/facebook.com\/eldigitaldeasturias","twitter:card":"summary_large_image","twitter:title":"La Misi\u00f3n cat\u00f3lica alemana exige a Daniel Ortega una apertura democr\u00e1tica - El Digital de Asturias","twitter:description":"Berl\u00edn, 24 abr (dpa) - La misi\u00f3n cat\u00f3lica alemana para Am\u00e9rica Latina Adveniat llam\u00f3 al presidente de Nicaragua, Daniel Ortega, a abrir un proceso democr\u00e1tico y a poner fin a la represi\u00f3n de protestas sociales que han convulsionado al pa\u00eds en los \u00faltimos d\u00edas. &quot;El presidente Daniel Ortega debe ceder y dar paso a una","twitter:image":"https:\/\/www.eldigitaldeasturias.com\/noticias\/wp-content\/uploads\/2020\/12\/EDA-1.jpg","twitter:label1":"Escrito por","twitter:data1":"El Digital de Asturias","twitter:label2":"Tiempo de lectura estimado","twitter:data2":"2 minutos"},"aioseo_meta_data":{"post_id":"977376","title":null,"description":null,"keywords":null,"keyphrases":null,"primary_term":null,"canonical_url":null,"og_title":null,"og_description":null,"og_object_type":"default","og_image_type":"default","og_image_url":null,"og_image_width":null,"og_image_height":null,"og_image_custom_url":null,"og_image_custom_fields":null,"og_video":null,"og_custom_url":null,"og_article_section":null,"og_article_tags":null,"twitter_use_og":false,"twitter_card":"default","twitter_image_type":"default","twitter_image_url":null,"twitter_image_custom_url":null,"twitter_image_custom_fields":null,"twitter_title":null,"twitter_description":null,"schema":{"blockGraphs":[],"customGraphs":[],"default":{"data":{"Article":[],"Course":[],"Dataset":[],"FAQPage":[],"Movie":[],"Person":[],"Product":[],"ProductReview":[],"Car":[],"Recipe":[],"Service":[],"SoftwareApplication":[],"WebPage":[]},"graphName":"","isEnabled":true},"graphs":[],"defaultGraph":"","defaultPostTypeGraph":""},"schema_type":null,"schema_type_options":null,"pillar_content":false,"robots_default":true,"robots_noindex":false,"robots_noarchive":false,"robots_nosnippet":false,"robots_nofollow":false,"robots_noimageindex":false,"robots_noodp":false,"robots_notranslate":false,"robots_max_snippet":null,"robots_max_videopreview":null,"robots_max_imagepreview":"large","priority":null,"frequency":null,"local_seo":null,"seo_analyzer_scan_date":"2025-10-08 07:12:07","breadcrumb_settings":null,"limit_modified_date":false,"open_ai":null,"ai":null,"created":"2020-12-21 12:05:37","updated":"2025-10-08 07:12:07","focus_keyword":null,"additional_keywords":null,"truseo_locale":null},"aioseo_breadcrumb":"<div class=\"aioseo-breadcrumbs\"><span class=\"aioseo-breadcrumb\">\n\t<a href=\"https:\/\/www.eldigitaldeasturias.com\/noticias\" title=\"Home\">Home<\/a>\n<\/span><span class=\"aioseo-breadcrumb-separator\">\u2013<\/span><span class=\"aioseo-breadcrumb\">\n\t<a href=\"https:\/\/www.eldigitaldeasturias.com\/noticias\/category\/actualidad\/\" title=\"Actualidad\">Actualidad<\/a>\n<\/span><span class=\"aioseo-breadcrumb-separator\">\u2013<\/span><span class=\"aioseo-breadcrumb\">\n\t<a href=\"https:\/\/www.eldigitaldeasturias.com\/noticias\/la-mision-catolica-alemana-exige-a-daniel-ortega-una-apertura-democratica\/\" title=\"La Misi\u00f3n cat\u00f3lica alemana exige a Daniel Ortega una apertura democr\u00e1tica\">La Misi\u00f3n cat\u00f3lica alemana exige a Daniel Ortega una apertura democr\u00e1tica<\/a>\n<\/span><\/div>","aioseo_breadcrumb_json":[{"label":"Home","link":"https:\/\/www.eldigitaldeasturias.com\/noticias"},{"label":"Actualidad","link":"https:\/\/www.eldigitaldeasturias.com\/noticias\/category\/actualidad\/"},{"label":"La Misi\u00f3n cat\u00f3lica alemana exige a Daniel Ortega una apertura democr\u00e1tica","link":"https:\/\/www.eldigitaldeasturias.com\/noticias\/la-mision-catolica-alemana-exige-a-daniel-ortega-una-apertura-democratica\/"}],"_links":{"self":[{"href":"https:\/\/www.eldigitaldeasturias.com\/noticias\/wp-json\/wp\/v2\/posts\/977376","targetHints":{"allow":["GET"]}}],"collection":[{"href":"https:\/\/www.eldigitaldeasturias.com\/noticias\/wp-json\/wp\/v2\/posts"}],"about":[{"href":"https:\/\/www.eldigitaldeasturias.com\/noticias\/wp-json\/wp\/v2\/types\/post"}],"author":[{"embeddable":true,"href":"https:\/\/www.eldigitaldeasturias.com\/noticias\/wp-json\/wp\/v2\/users\/1"}],"replies":[{"embeddable":true,"href":"https:\/\/www.eldigitaldeasturias.com\/noticias\/wp-json\/wp\/v2\/comments?post=977376"}],"version-history":[{"count":0,"href":"https:\/\/www.eldigitaldeasturias.com\/noticias\/wp-json\/wp\/v2\/posts\/977376\/revisions"}],"wp:attachment":[{"href":"https:\/\/www.eldigitaldeasturias.com\/noticias\/wp-json\/wp\/v2\/media?parent=977376"}],"wp:term":[{"taxonomy":"category","embeddable":true,"href":"https:\/\/www.eldigitaldeasturias.com\/noticias\/wp-json\/wp\/v2\/categories?post=977376"},{"taxonomy":"post_tag","embeddable":true,"href":"https:\/\/www.eldigitaldeasturias.com\/noticias\/wp-json\/wp\/v2\/tags?post=977376"}],"curies":[{"name":"wp","href":"https:\/\/api.w.org\/{rel}","templated":true}]}}