{"id":977358,"date":"2018-04-24T20:26:51","date_gmt":"2018-04-24T20:26:51","guid":{"rendered":"http:\/\/www.eldigitaldeasturias.com\/noticias\/?p=977358"},"modified":"2018-04-24T20:26:51","modified_gmt":"2018-04-24T20:26:51","slug":"tejerina-defiende-las-medidas-tomadas-en-el-eje-del-ebro","status":"publish","type":"post","link":"https:\/\/www.eldigitaldeasturias.com\/noticias\/tejerina-defiende-las-medidas-tomadas-en-el-eje-del-ebro\/","title":{"rendered":"Tejerina defiende las medidas tomadas en el eje del Ebro"},"content":{"rendered":"<p><img loading=\"lazy\" decoding=\"async\" class=\"alignleft size-medium wp-image-977359\" src=\"https:\/\/www.eldigitaldeasturias.com\/noticias\/wp-content\/uploads\/2018\/04\/071014TejerinaInterior-360x239.jpg\" alt=\"\" width=\"360\" height=\"239\" \/>La ministra de Agricultura y Pesca, Alimentaci\u00f3n y Medio Ambiente, Isabel Garc\u00eda Tejerina, ha afirmado que el Gobierno ha actuado con rapidez y eficacia para minimizar el impacto de la avenida extraordinaria ocurrida en el eje del Ebro a mediados de abril.<\/p>\n<p>Una situaci\u00f3n, ha recordado, provocada por el agua ca\u00edda el pasado mes de marzo, el segundo mes m\u00e1s lluvioso de la serie hist\u00f3rica, que ha afectado a localidades del Pa\u00eds Vasco, Navarra, la Rioja y Arag\u00f3n.<\/p>\n<p>En su intervenci\u00f3n en el Senado, respondiendo a una pregunta del Grupo Mixto-Uni\u00f3n del Pueblo Navarro sobre las medidas a adoptar para evitar o minimizar da\u00f1os en avenidas extraordinarias de los r\u00edos, Garc\u00eda Tejerina ha destacado las labores de prevenci\u00f3n que el Gobierno realiz\u00f3 tras las riadas de 2015, con ampliaci\u00f3n de motas o de los cauces de alivio, con una inversi\u00f3n de 30 millones de euros.<\/p>\n<p>Junto a ello, ha resaltado la importancia de los Planes de Gesti\u00f3n del Riesgo de Inundaci\u00f3n, que el Gobierno aprob\u00f3 en 2016, en los que se establecen medidas para afrontar todas las fases de gesti\u00f3n de riesgo, desde la prevenci\u00f3n, ya que se dispone de sistemas de control para poderse anticipar al problema; la protecci\u00f3n, contempl\u00e1ndose medidas para disminuir la fuerza de las avenidas; la preparaci\u00f3n con sistemas de alerta, y la recuperaci\u00f3n, para restablecer la normalidad lo antes posible.<\/p>\n<p>Tambi\u00e9n ha hecho hincapi\u00e9 la ministra en el papel fundamental de las infraestructuras hidr\u00e1ulicas para minimizar los da\u00f1os a la poblaci\u00f3n y a su patrimonio, citando, en el caso de Navarra, la repercusi\u00f3n de los embalses de Yesa y de Itoiz, que han sido fundamentales para reducir los efectos de la riada y evitar el desalojo de las personas, al reducir en 600 m3\/s el volumen de avenida del Ebro.<\/p>\n<p>Por eso, ha se\u00f1alado Garc\u00eda Tejerina, desde que llegamos al Gobierno, estamos dando la m\u00e1xima prioridad a las obras de regulaci\u00f3n, como el recrecimiento de Yesa o Biscarru\u00e9s, para estar en mejor disposici\u00f3n de cara al futuro y proteger a la gente, a sus bienes y al medio ambiente.<\/p>\n<p>Por \u00faltimo, la ministra ha anunciado que se tomar\u00e1n medidas como indemnizaciones a los agricultores, rebaja de los m\u00f3dulos fiscales para el pr\u00f3ximo a\u00f1o y reparaci\u00f3n de los da\u00f1os en caminos naturales, en cuanto las aguas se retiren y se realice la evaluaci\u00f3n completa de la situaci\u00f3n<\/p>\n<p>Adem\u00e1s, ha concluido Garc\u00eda Tejerina, se continuar\u00e1 con las actuaciones de limpieza que peri\u00f3dicamente lleva a cabo la Confederaci\u00f3n en los cauces de los r\u00edos, que en el periodo 2016-2017 han supuesto una inversi\u00f3n de cuatro millones de euros, estando presupuestada una cantidad similar o superior para el pr\u00f3ximo a\u00f1o.<\/p>\n<p>Tambi\u00e9n ha se\u00f1alado que se seguir\u00e1 avanzando en la implantaci\u00f3n de los Planes de Gesti\u00f3n de Riesgos, y en inversiones, ejecutando actuaciones que minimicen las consecuencias de avenidas extraordinarias como la que se lleva a cabo en la confluencia del rio Arga y Arag\u00f3n en Funes (Navarra), con una inversi\u00f3n de seis millones de euros, que minimizar\u00e1n las consecuencias y que proteger\u00e1n a las personas sus cosechas, su patrimonio y el medio ambiente, que es de todos.<\/p>\n","protected":false},"excerpt":{"rendered":"<p>La ministra de Agricultura y Pesca, Alimentaci\u00f3n y Medio Ambiente, Isabel Garc\u00eda Tejerina, ha afirmado que el Gobierno ha actuado con rapidez y eficacia para minimizar el impacto de la avenida extraordinaria ocurrida en el eje del Ebro a mediados de abril. Una situaci\u00f3n, ha recordado, provocada por el agua ca\u00edda el pasado mes de [&hellip;]<\/p>\n","protected":false},"author":1,"featured_media":977359,"comment_status":"closed","ping_status":"closed","sticky":false,"template":"","format":"standard","meta":{"footnotes":""},"categories":[1],"tags":[],"class_list":["post-977358","post","type-post","status-publish","format-standard","has-post-thumbnail","hentry","category-actualidad"],"aioseo_notices":[],"aioseo_head":"\n\t\t<!-- All in One SEO Pro 5.0.1 - aioseo.com -->\n\t<meta name=\"description\" content=\"La ministra de Agricultura y Pesca, Alimentaci\u00f3n y Medio Ambiente, Isabel Garc\u00eda Tejerina, ha afirmado que el Gobierno ha actuado con rapidez y eficacia para minimizar el impacto de la avenida extraordinaria ocurrida en el eje del Ebro a mediados de abril. Una situaci\u00f3n, ha recordado, provocada por el agua ca\u00edda el pasado mes de\" \/>\n\t<meta name=\"robots\" content=\"max-image-preview:large\" \/>\n\t<meta name=\"author\" content=\"El Digital de Asturias\"\/>\n\t<meta name=\"google-site-verification\" content=\"UA-38556648-1\" \/>\n\t<meta name=\"msvalidate.01\" content=\"7dfe9f3f1b24437ab69f4f2559babe99\" \/>\n\t<meta name=\"keywords\" content=\"actualidad\" \/>\n\t<link rel=\"canonical\" href=\"https:\/\/www.eldigitaldeasturias.com\/noticias\/tejerina-defiende-las-medidas-tomadas-en-el-eje-del-ebro\/\" \/>\n\t<meta name=\"generator\" content=\"All in One SEO Pro (AIOSEO) 5.0.1\" \/>\n\t\t<meta property=\"og:locale\" content=\"es_ES\" \/>\n\t\t<meta property=\"og:site_name\" content=\"El Digital de Asturias\" \/>\n\t\t<meta property=\"og:type\" content=\"article\" \/>\n\t\t<meta property=\"og:title\" content=\"Tejerina defiende las medidas tomadas en el eje del Ebro - El Digital de Asturias\" \/>\n\t\t<meta property=\"og:description\" content=\"La ministra de Agricultura y Pesca, Alimentaci\u00f3n y Medio Ambiente, Isabel Garc\u00eda Tejerina, ha afirmado que el Gobierno ha actuado con rapidez y eficacia para minimizar el impacto de la avenida extraordinaria ocurrida en el eje del Ebro a mediados de abril. Una situaci\u00f3n, ha recordado, provocada por el agua ca\u00edda el pasado mes de\" \/>\n\t\t<meta property=\"og:url\" content=\"https:\/\/www.eldigitaldeasturias.com\/noticias\/tejerina-defiende-las-medidas-tomadas-en-el-eje-del-ebro\/\" \/>\n\t\t<meta property=\"article:tag\" content=\"actualidad\" \/>\n\t\t<meta property=\"article:published_time\" content=\"2018-04-24T20:26:51+00:00\" \/>\n\t\t<meta property=\"article:modified_time\" content=\"2018-04-24T20:26:51+00:00\" \/>\n\t\t<meta property=\"article:publisher\" content=\"https:\/\/facebook.com\/eldigitaldeasturias\" \/>\n\t\t<meta name=\"twitter:card\" content=\"summary_large_image\" \/>\n\t\t<meta name=\"twitter:title\" content=\"Tejerina defiende las medidas tomadas en el eje del Ebro - El Digital de Asturias\" \/>\n\t\t<meta name=\"twitter:description\" content=\"La ministra de Agricultura y Pesca, Alimentaci\u00f3n y Medio Ambiente, Isabel Garc\u00eda Tejerina, ha afirmado que el Gobierno ha actuado con rapidez y eficacia para minimizar el impacto de la avenida extraordinaria ocurrida en el eje del Ebro a mediados de abril. Una situaci\u00f3n, ha recordado, provocada por el agua ca\u00edda el pasado mes de\" \/>\n\t\t<meta name=\"twitter:image\" content=\"https:\/\/www.eldigitaldeasturias.com\/noticias\/wp-content\/uploads\/2020\/12\/EDA-1.jpg\" \/>\n\t\t<meta name=\"twitter:label1\" content=\"Escrito por\" \/>\n\t\t<meta name=\"twitter:data1\" content=\"El Digital de Asturias\" \/>\n\t\t<meta name=\"twitter:label2\" content=\"Tiempo de lectura estimado\" \/>\n\t\t<meta name=\"twitter:data2\" content=\"3 minutos\" \/>\n\t\t<script type=\"application\/ld+json\" class=\"aioseo-schema\">\n\t\t\t{\"@context\":\"https:\\\/\\\/schema.org\",\"@graph\":[{\"@type\":\"BlogPosting\",\"@id\":\"https:\\\/\\\/www.eldigitaldeasturias.com\\\/noticias\\\/tejerina-defiende-las-medidas-tomadas-en-el-eje-del-ebro\\\/#blogposting\",\"name\":\"Tejerina defiende las medidas tomadas en el eje del Ebro - El Digital de Asturias\",\"headline\":\"Tejerina defiende las medidas tomadas en el eje del Ebro\",\"author\":{\"@id\":\"https:\\\/\\\/www.eldigitaldeasturias.com\\\/noticias\\\/author\\\/admin\\\/#author\"},\"publisher\":{\"@id\":\"https:\\\/\\\/www.eldigitaldeasturias.com\\\/noticias\\\/#organization\"},\"image\":{\"@type\":\"ImageObject\",\"url\":977359},\"datePublished\":\"2018-04-24T20:26:51+02:00\",\"dateModified\":\"2018-04-24T20:26:51+02:00\",\"inLanguage\":\"es-ES\",\"mainEntityOfPage\":{\"@id\":\"https:\\\/\\\/www.eldigitaldeasturias.com\\\/noticias\\\/tejerina-defiende-las-medidas-tomadas-en-el-eje-del-ebro\\\/#webpage\"},\"isPartOf\":{\"@id\":\"https:\\\/\\\/www.eldigitaldeasturias.com\\\/noticias\\\/tejerina-defiende-las-medidas-tomadas-en-el-eje-del-ebro\\\/#webpage\"},\"articleSection\":\"Actualidad\"},{\"@type\":\"BreadcrumbList\",\"@id\":\"https:\\\/\\\/www.eldigitaldeasturias.com\\\/noticias\\\/tejerina-defiende-las-medidas-tomadas-en-el-eje-del-ebro\\\/#breadcrumblist\",\"itemListElement\":[{\"@type\":\"ListItem\",\"@id\":\"https:\\\/\\\/www.eldigitaldeasturias.com\\\/noticias#listItem\",\"position\":1,\"name\":\"Home\",\"item\":\"https:\\\/\\\/www.eldigitaldeasturias.com\\\/noticias\",\"nextItem\":{\"@type\":\"ListItem\",\"@id\":\"https:\\\/\\\/www.eldigitaldeasturias.com\\\/noticias\\\/category\\\/actualidad\\\/#listItem\",\"name\":\"Actualidad\"}},{\"@type\":\"ListItem\",\"@id\":\"https:\\\/\\\/www.eldigitaldeasturias.com\\\/noticias\\\/category\\\/actualidad\\\/#listItem\",\"position\":2,\"name\":\"Actualidad\",\"item\":\"https:\\\/\\\/www.eldigitaldeasturias.com\\\/noticias\\\/category\\\/actualidad\\\/\",\"nextItem\":{\"@type\":\"ListItem\",\"@id\":\"https:\\\/\\\/www.eldigitaldeasturias.com\\\/noticias\\\/tejerina-defiende-las-medidas-tomadas-en-el-eje-del-ebro\\\/#listItem\",\"name\":\"Tejerina defiende las medidas tomadas en el eje del Ebro\"},\"previousItem\":{\"@type\":\"ListItem\",\"@id\":\"https:\\\/\\\/www.eldigitaldeasturias.com\\\/noticias#listItem\",\"name\":\"Home\"}},{\"@type\":\"ListItem\",\"@id\":\"https:\\\/\\\/www.eldigitaldeasturias.com\\\/noticias\\\/tejerina-defiende-las-medidas-tomadas-en-el-eje-del-ebro\\\/#listItem\",\"position\":3,\"name\":\"Tejerina defiende las medidas tomadas en el eje del Ebro\",\"previousItem\":{\"@type\":\"ListItem\",\"@id\":\"https:\\\/\\\/www.eldigitaldeasturias.com\\\/noticias\\\/category\\\/actualidad\\\/#listItem\",\"name\":\"Actualidad\"}}]},{\"@type\":\"Organization\",\"@id\":\"https:\\\/\\\/www.eldigitaldeasturias.com\\\/noticias\\\/#organization\",\"name\":\"El Digital de Asturias\",\"description\":\"Hemeroteca\",\"url\":\"https:\\\/\\\/www.eldigitaldeasturias.com\\\/noticias\\\/\",\"email\":\"info@eldigitaldeasturias.com\",\"telephone\":\"+34652131393\",\"logo\":{\"@type\":\"ImageObject\",\"url\":\"https:\\\/\\\/www.eldigitaldeasturias.com\\\/noticias\\\/wp-content\\\/uploads\\\/2020\\\/12\\\/EDA.jpg\",\"@id\":\"https:\\\/\\\/www.eldigitaldeasturias.com\\\/noticias\\\/tejerina-defiende-las-medidas-tomadas-en-el-eje-del-ebro\\\/#organizationLogo\"},\"image\":{\"@id\":\"https:\\\/\\\/www.eldigitaldeasturias.com\\\/noticias\\\/tejerina-defiende-las-medidas-tomadas-en-el-eje-del-ebro\\\/#organizationLogo\"},\"sameAs\":[\"https:\\\/\\\/facebook.com\\\/eldigitaldeasturias\",\"https:\\\/\\\/www.youtube.com\\\/channel\\\/UCZP-2wLEB9Rv6erhFmqVnvg\"],\"address\":{\"@id\":\"https:\\\/\\\/www.eldigitaldeasturias.com\\\/noticias\\\/#postaladdress\",\"@type\":\"PostalAddress\",\"streetAddress\":\"san antonio 4\",\"postalCode\":\"33430\",\"addressLocality\":\"Cand\\u00e1s\",\"addressRegion\":\"Asturias\",\"addressCountry\":\"ES\"}},{\"@type\":\"Person\",\"@id\":\"https:\\\/\\\/www.eldigitaldeasturias.com\\\/noticias\\\/author\\\/admin\\\/#author\",\"url\":\"https:\\\/\\\/www.eldigitaldeasturias.com\\\/noticias\\\/author\\\/admin\\\/\",\"name\":\"El Digital de Asturias\",\"image\":{\"@type\":\"ImageObject\",\"@id\":\"https:\\\/\\\/www.eldigitaldeasturias.com\\\/noticias\\\/tejerina-defiende-las-medidas-tomadas-en-el-eje-del-ebro\\\/#authorImage\",\"url\":\"https:\\\/\\\/secure.gravatar.com\\\/avatar\\\/df2aeffc32bcd13f8d26072ef8a91b623d677766deac7f97ca815868cd41bf5e?s=96&d=mm&r=g\",\"width\":96,\"height\":96,\"caption\":\"El Digital de Asturias\"}},{\"@type\":\"WebPage\",\"@id\":\"https:\\\/\\\/www.eldigitaldeasturias.com\\\/noticias\\\/tejerina-defiende-las-medidas-tomadas-en-el-eje-del-ebro\\\/#webpage\",\"url\":\"https:\\\/\\\/www.eldigitaldeasturias.com\\\/noticias\\\/tejerina-defiende-las-medidas-tomadas-en-el-eje-del-ebro\\\/\",\"name\":\"Tejerina defiende las medidas tomadas en el eje del Ebro - El Digital de Asturias\",\"description\":\"La ministra de Agricultura y Pesca, Alimentaci\\u00f3n y Medio Ambiente, Isabel Garc\\u00eda Tejerina, ha afirmado que el Gobierno ha actuado con rapidez y eficacia para minimizar el impacto de la avenida extraordinaria ocurrida en el eje del Ebro a mediados de abril. Una situaci\\u00f3n, ha recordado, provocada por el agua ca\\u00edda el pasado mes de\",\"inLanguage\":\"es-ES\",\"isPartOf\":{\"@id\":\"https:\\\/\\\/www.eldigitaldeasturias.com\\\/noticias\\\/#website\"},\"breadcrumb\":{\"@id\":\"https:\\\/\\\/www.eldigitaldeasturias.com\\\/noticias\\\/tejerina-defiende-las-medidas-tomadas-en-el-eje-del-ebro\\\/#breadcrumblist\"},\"author\":{\"@id\":\"https:\\\/\\\/www.eldigitaldeasturias.com\\\/noticias\\\/author\\\/admin\\\/#author\"},\"creator\":{\"@id\":\"https:\\\/\\\/www.eldigitaldeasturias.com\\\/noticias\\\/author\\\/admin\\\/#author\"},\"image\":{\"@type\":\"ImageObject\",\"url\":977359,\"@id\":\"https:\\\/\\\/www.eldigitaldeasturias.com\\\/noticias\\\/tejerina-defiende-las-medidas-tomadas-en-el-eje-del-ebro\\\/#mainImage\"},\"primaryImageOfPage\":{\"@id\":\"https:\\\/\\\/www.eldigitaldeasturias.com\\\/noticias\\\/tejerina-defiende-las-medidas-tomadas-en-el-eje-del-ebro\\\/#mainImage\"},\"datePublished\":\"2018-04-24T20:26:51+02:00\",\"dateModified\":\"2018-04-24T20:26:51+02:00\"},{\"@type\":\"WebSite\",\"@id\":\"https:\\\/\\\/www.eldigitaldeasturias.com\\\/noticias\\\/#website\",\"url\":\"https:\\\/\\\/www.eldigitaldeasturias.com\\\/noticias\\\/\",\"name\":\"El Digital de Asturias - Diario de actualidad y noticias\",\"alternateName\":\"El Digital de Asturias - Diario de actualidad y noticias\",\"description\":\"Hemeroteca\",\"inLanguage\":\"es-ES\",\"publisher\":{\"@id\":\"https:\\\/\\\/www.eldigitaldeasturias.com\\\/noticias\\\/#organization\"}}]}\n\t\t<\/script>\n\t\t<!-- All in One SEO Pro -->\r\n\t\t<title>Tejerina defiende las medidas tomadas en el eje del Ebro - El Digital de Asturias<\/title>\n\n","aioseo_head_json":{"title":"Tejerina defiende las medidas tomadas en el eje del Ebro - El Digital de Asturias","description":"La ministra de Agricultura y Pesca, Alimentaci\u00f3n y Medio Ambiente, Isabel Garc\u00eda Tejerina, ha afirmado que el Gobierno ha actuado con rapidez y eficacia para minimizar el impacto de la avenida extraordinaria ocurrida en el eje del Ebro a mediados de abril. Una situaci\u00f3n, ha recordado, provocada por el agua ca\u00edda el pasado mes de","canonical_url":"https:\/\/www.eldigitaldeasturias.com\/noticias\/tejerina-defiende-las-medidas-tomadas-en-el-eje-del-ebro\/","robots":"max-image-preview:large","keywords":"actualidad","webmasterTools":{"google-site-verification":"UA-38556648-1","msvalidate.01":"7dfe9f3f1b24437ab69f4f2559babe99","miscellaneous":""},"schema":{"@context":"https:\/\/schema.org","@graph":[{"@type":"BlogPosting","@id":"https:\/\/www.eldigitaldeasturias.com\/noticias\/tejerina-defiende-las-medidas-tomadas-en-el-eje-del-ebro\/#blogposting","name":"Tejerina defiende las medidas tomadas en el eje del Ebro - El Digital de Asturias","headline":"Tejerina defiende las medidas tomadas en el eje del Ebro","author":{"@id":"https:\/\/www.eldigitaldeasturias.com\/noticias\/author\/admin\/#author"},"publisher":{"@id":"https:\/\/www.eldigitaldeasturias.com\/noticias\/#organization"},"image":{"@type":"ImageObject","url":977359},"datePublished":"2018-04-24T20:26:51+02:00","dateModified":"2018-04-24T20:26:51+02:00","inLanguage":"es-ES","mainEntityOfPage":{"@id":"https:\/\/www.eldigitaldeasturias.com\/noticias\/tejerina-defiende-las-medidas-tomadas-en-el-eje-del-ebro\/#webpage"},"isPartOf":{"@id":"https:\/\/www.eldigitaldeasturias.com\/noticias\/tejerina-defiende-las-medidas-tomadas-en-el-eje-del-ebro\/#webpage"},"articleSection":"Actualidad"},{"@type":"BreadcrumbList","@id":"https:\/\/www.eldigitaldeasturias.com\/noticias\/tejerina-defiende-las-medidas-tomadas-en-el-eje-del-ebro\/#breadcrumblist","itemListElement":[{"@type":"ListItem","@id":"https:\/\/www.eldigitaldeasturias.com\/noticias#listItem","position":1,"name":"Home","item":"https:\/\/www.eldigitaldeasturias.com\/noticias","nextItem":{"@type":"ListItem","@id":"https:\/\/www.eldigitaldeasturias.com\/noticias\/category\/actualidad\/#listItem","name":"Actualidad"}},{"@type":"ListItem","@id":"https:\/\/www.eldigitaldeasturias.com\/noticias\/category\/actualidad\/#listItem","position":2,"name":"Actualidad","item":"https:\/\/www.eldigitaldeasturias.com\/noticias\/category\/actualidad\/","nextItem":{"@type":"ListItem","@id":"https:\/\/www.eldigitaldeasturias.com\/noticias\/tejerina-defiende-las-medidas-tomadas-en-el-eje-del-ebro\/#listItem","name":"Tejerina defiende las medidas tomadas en el eje del Ebro"},"previousItem":{"@type":"ListItem","@id":"https:\/\/www.eldigitaldeasturias.com\/noticias#listItem","name":"Home"}},{"@type":"ListItem","@id":"https:\/\/www.eldigitaldeasturias.com\/noticias\/tejerina-defiende-las-medidas-tomadas-en-el-eje-del-ebro\/#listItem","position":3,"name":"Tejerina defiende las medidas tomadas en el eje del Ebro","previousItem":{"@type":"ListItem","@id":"https:\/\/www.eldigitaldeasturias.com\/noticias\/category\/actualidad\/#listItem","name":"Actualidad"}}]},{"@type":"Organization","@id":"https:\/\/www.eldigitaldeasturias.com\/noticias\/#organization","name":"El Digital de Asturias","description":"Hemeroteca","url":"https:\/\/www.eldigitaldeasturias.com\/noticias\/","email":"info@eldigitaldeasturias.com","telephone":"+34652131393","logo":{"@type":"ImageObject","url":"https:\/\/www.eldigitaldeasturias.com\/noticias\/wp-content\/uploads\/2020\/12\/EDA.jpg","@id":"https:\/\/www.eldigitaldeasturias.com\/noticias\/tejerina-defiende-las-medidas-tomadas-en-el-eje-del-ebro\/#organizationLogo"},"image":{"@id":"https:\/\/www.eldigitaldeasturias.com\/noticias\/tejerina-defiende-las-medidas-tomadas-en-el-eje-del-ebro\/#organizationLogo"},"sameAs":["https:\/\/facebook.com\/eldigitaldeasturias","https:\/\/www.youtube.com\/channel\/UCZP-2wLEB9Rv6erhFmqVnvg"],"address":{"@id":"https:\/\/www.eldigitaldeasturias.com\/noticias\/#postaladdress","@type":"PostalAddress","streetAddress":"san antonio 4","postalCode":"33430","addressLocality":"Cand\u00e1s","addressRegion":"Asturias","addressCountry":"ES"}},{"@type":"Person","@id":"https:\/\/www.eldigitaldeasturias.com\/noticias\/author\/admin\/#author","url":"https:\/\/www.eldigitaldeasturias.com\/noticias\/author\/admin\/","name":"El Digital de Asturias","image":{"@type":"ImageObject","@id":"https:\/\/www.eldigitaldeasturias.com\/noticias\/tejerina-defiende-las-medidas-tomadas-en-el-eje-del-ebro\/#authorImage","url":"https:\/\/secure.gravatar.com\/avatar\/df2aeffc32bcd13f8d26072ef8a91b623d677766deac7f97ca815868cd41bf5e?s=96&d=mm&r=g","width":96,"height":96,"caption":"El Digital de Asturias"}},{"@type":"WebPage","@id":"https:\/\/www.eldigitaldeasturias.com\/noticias\/tejerina-defiende-las-medidas-tomadas-en-el-eje-del-ebro\/#webpage","url":"https:\/\/www.eldigitaldeasturias.com\/noticias\/tejerina-defiende-las-medidas-tomadas-en-el-eje-del-ebro\/","name":"Tejerina defiende las medidas tomadas en el eje del Ebro - El Digital de Asturias","description":"La ministra de Agricultura y Pesca, Alimentaci\u00f3n y Medio Ambiente, Isabel Garc\u00eda Tejerina, ha afirmado que el Gobierno ha actuado con rapidez y eficacia para minimizar el impacto de la avenida extraordinaria ocurrida en el eje del Ebro a mediados de abril. Una situaci\u00f3n, ha recordado, provocada por el agua ca\u00edda el pasado mes de","inLanguage":"es-ES","isPartOf":{"@id":"https:\/\/www.eldigitaldeasturias.com\/noticias\/#website"},"breadcrumb":{"@id":"https:\/\/www.eldigitaldeasturias.com\/noticias\/tejerina-defiende-las-medidas-tomadas-en-el-eje-del-ebro\/#breadcrumblist"},"author":{"@id":"https:\/\/www.eldigitaldeasturias.com\/noticias\/author\/admin\/#author"},"creator":{"@id":"https:\/\/www.eldigitaldeasturias.com\/noticias\/author\/admin\/#author"},"image":{"@type":"ImageObject","url":977359,"@id":"https:\/\/www.eldigitaldeasturias.com\/noticias\/tejerina-defiende-las-medidas-tomadas-en-el-eje-del-ebro\/#mainImage"},"primaryImageOfPage":{"@id":"https:\/\/www.eldigitaldeasturias.com\/noticias\/tejerina-defiende-las-medidas-tomadas-en-el-eje-del-ebro\/#mainImage"},"datePublished":"2018-04-24T20:26:51+02:00","dateModified":"2018-04-24T20:26:51+02:00"},{"@type":"WebSite","@id":"https:\/\/www.eldigitaldeasturias.com\/noticias\/#website","url":"https:\/\/www.eldigitaldeasturias.com\/noticias\/","name":"El Digital de Asturias - Diario de actualidad y noticias","alternateName":"El Digital de Asturias - Diario de actualidad y noticias","description":"Hemeroteca","inLanguage":"es-ES","publisher":{"@id":"https:\/\/www.eldigitaldeasturias.com\/noticias\/#organization"}}]},"og:locale":"es_ES","og:site_name":"El Digital de Asturias","og:type":"article","og:title":"Tejerina defiende las medidas tomadas en el eje del Ebro - El Digital de Asturias","og:description":"La ministra de Agricultura y Pesca, Alimentaci\u00f3n y Medio Ambiente, Isabel Garc\u00eda Tejerina, ha afirmado que el Gobierno ha actuado con rapidez y eficacia para minimizar el impacto de la avenida extraordinaria ocurrida en el eje del Ebro a mediados de abril. Una situaci\u00f3n, ha recordado, provocada por el agua ca\u00edda el pasado mes de","og:url":"https:\/\/www.eldigitaldeasturias.com\/noticias\/tejerina-defiende-las-medidas-tomadas-en-el-eje-del-ebro\/","article:tag":["actualidad"],"article:published_time":"2018-04-24T20:26:51+00:00","article:modified_time":"2018-04-24T20:26:51+00:00","article:publisher":"https:\/\/facebook.com\/eldigitaldeasturias","twitter:card":"summary_large_image","twitter:title":"Tejerina defiende las medidas tomadas en el eje del Ebro - El Digital de Asturias","twitter:description":"La ministra de Agricultura y Pesca, Alimentaci\u00f3n y Medio Ambiente, Isabel Garc\u00eda Tejerina, ha afirmado que el Gobierno ha actuado con rapidez y eficacia para minimizar el impacto de la avenida extraordinaria ocurrida en el eje del Ebro a mediados de abril. Una situaci\u00f3n, ha recordado, provocada por el agua ca\u00edda el pasado mes de","twitter:image":"https:\/\/www.eldigitaldeasturias.com\/noticias\/wp-content\/uploads\/2020\/12\/EDA-1.jpg","twitter:label1":"Escrito por","twitter:data1":"El Digital de Asturias","twitter:label2":"Tiempo de lectura estimado","twitter:data2":"3 minutos"},"aioseo_meta_data":{"post_id":"977358","title":null,"description":null,"keywords":null,"keyphrases":null,"primary_term":null,"canonical_url":null,"og_title":null,"og_description":null,"og_object_type":"default","og_image_type":"default","og_image_url":null,"og_image_width":null,"og_image_height":null,"og_image_custom_url":null,"og_image_custom_fields":null,"og_video":null,"og_custom_url":null,"og_article_section":null,"og_article_tags":null,"twitter_use_og":false,"twitter_card":"default","twitter_image_type":"default","twitter_image_url":null,"twitter_image_custom_url":null,"twitter_image_custom_fields":null,"twitter_title":null,"twitter_description":null,"schema":{"blockGraphs":[],"customGraphs":[],"default":{"data":{"Article":[],"Course":[],"Dataset":[],"FAQPage":[],"Movie":[],"Person":[],"Product":[],"ProductReview":[],"Car":[],"Recipe":[],"Service":[],"SoftwareApplication":[],"WebPage":[]},"graphName":"","isEnabled":true},"graphs":[],"defaultGraph":"","defaultPostTypeGraph":""},"schema_type":null,"schema_type_options":null,"pillar_content":false,"robots_default":true,"robots_noindex":false,"robots_noarchive":false,"robots_nosnippet":false,"robots_nofollow":false,"robots_noimageindex":false,"robots_noodp":false,"robots_notranslate":false,"robots_max_snippet":null,"robots_max_videopreview":null,"robots_max_imagepreview":"large","priority":null,"frequency":null,"local_seo":null,"seo_analyzer_scan_date":"2025-10-08 07:08:02","breadcrumb_settings":null,"limit_modified_date":false,"open_ai":null,"ai":null,"created":"2020-12-21 12:05:37","updated":"2025-10-08 07:08:02","focus_keyword":null,"additional_keywords":null,"truseo_locale":null},"aioseo_breadcrumb":"<div class=\"aioseo-breadcrumbs\"><span class=\"aioseo-breadcrumb\">\n\t<a href=\"https:\/\/www.eldigitaldeasturias.com\/noticias\" title=\"Home\">Home<\/a>\n<\/span><span class=\"aioseo-breadcrumb-separator\">\u2013<\/span><span class=\"aioseo-breadcrumb\">\n\t<a href=\"https:\/\/www.eldigitaldeasturias.com\/noticias\/category\/actualidad\/\" title=\"Actualidad\">Actualidad<\/a>\n<\/span><span class=\"aioseo-breadcrumb-separator\">\u2013<\/span><span class=\"aioseo-breadcrumb\">\n\t<a href=\"https:\/\/www.eldigitaldeasturias.com\/noticias\/tejerina-defiende-las-medidas-tomadas-en-el-eje-del-ebro\/\" title=\"Tejerina defiende las medidas tomadas en el eje del Ebro\">Tejerina defiende las medidas tomadas en el eje del Ebro<\/a>\n<\/span><\/div>","aioseo_breadcrumb_json":[{"label":"Home","link":"https:\/\/www.eldigitaldeasturias.com\/noticias"},{"label":"Actualidad","link":"https:\/\/www.eldigitaldeasturias.com\/noticias\/category\/actualidad\/"},{"label":"Tejerina defiende las medidas tomadas en el eje del Ebro","link":"https:\/\/www.eldigitaldeasturias.com\/noticias\/tejerina-defiende-las-medidas-tomadas-en-el-eje-del-ebro\/"}],"_links":{"self":[{"href":"https:\/\/www.eldigitaldeasturias.com\/noticias\/wp-json\/wp\/v2\/posts\/977358","targetHints":{"allow":["GET"]}}],"collection":[{"href":"https:\/\/www.eldigitaldeasturias.com\/noticias\/wp-json\/wp\/v2\/posts"}],"about":[{"href":"https:\/\/www.eldigitaldeasturias.com\/noticias\/wp-json\/wp\/v2\/types\/post"}],"author":[{"embeddable":true,"href":"https:\/\/www.eldigitaldeasturias.com\/noticias\/wp-json\/wp\/v2\/users\/1"}],"replies":[{"embeddable":true,"href":"https:\/\/www.eldigitaldeasturias.com\/noticias\/wp-json\/wp\/v2\/comments?post=977358"}],"version-history":[{"count":0,"href":"https:\/\/www.eldigitaldeasturias.com\/noticias\/wp-json\/wp\/v2\/posts\/977358\/revisions"}],"wp:attachment":[{"href":"https:\/\/www.eldigitaldeasturias.com\/noticias\/wp-json\/wp\/v2\/media?parent=977358"}],"wp:term":[{"taxonomy":"category","embeddable":true,"href":"https:\/\/www.eldigitaldeasturias.com\/noticias\/wp-json\/wp\/v2\/categories?post=977358"},{"taxonomy":"post_tag","embeddable":true,"href":"https:\/\/www.eldigitaldeasturias.com\/noticias\/wp-json\/wp\/v2\/tags?post=977358"}],"curies":[{"name":"wp","href":"https:\/\/api.w.org\/{rel}","templated":true}]}}