{"id":977344,"date":"2018-04-24T20:13:18","date_gmt":"2018-04-24T20:13:18","guid":{"rendered":"http:\/\/www.eldigitaldeasturias.com\/noticias\/?p=977344"},"modified":"2018-04-24T20:13:18","modified_gmt":"2018-04-24T20:13:18","slug":"llegan-a-espana-nueve-refugiados-sirios-procedentes-de-libano","status":"publish","type":"post","link":"https:\/\/www.eldigitaldeasturias.com\/noticias\/llegan-a-espana-nueve-refugiados-sirios-procedentes-de-libano\/","title":{"rendered":"Llegan a Espa\u00f1a nueve refugiados sirios procedentes de L\u00edbano"},"content":{"rendered":"<p><img loading=\"lazy\" decoding=\"async\" class=\"alignleft size-medium wp-image-977345\" src=\"https:\/\/www.eldigitaldeasturias.com\/noticias\/wp-content\/uploads\/2018\/04\/281216-refugiados-360x239.jpg\" alt=\"\" width=\"360\" height=\"239\" \/>Nueve refugiados, todos ellos de nacionalidad siria, han llegado hoy a Espa\u00f1a, al aeropuerto Adolfo Su\u00e1rez Madrid-Barajas, procedentes de L\u00edbano, en cumplimiento del Programa Nacional de Reasentamiento.<\/p>\n<p>Este grupo est\u00e1 integrado por un hombre, una mujer y siete menores de edad. Todos ellos ser\u00e1n acogidos en Madrid.<\/p>\n<p>Espa\u00f1a ha acogido a 2.792 solicitantes de protecci\u00f3n internacional, de los que 1.359 lo han sido v\u00eda reubicaci\u00f3n y 1.433 v\u00eda reasentamiento, de los que 440 proceden de Turqu\u00eda y 993 de L\u00edbano.<\/p>\n<p>El Sistema espa\u00f1ol de Acogida e Integraci\u00f3n de solicitantes\/beneficiarios de protecci\u00f3n internacional ofrece a sus beneficiarios la permanencia en un centro de acogida, bien del Ministerio de Empleo y Seguridad Social o de ONG (subvencionadas por el Gobierno), en el que se garantiza alojamiento, manutenci\u00f3n, asistencia jur\u00eddica, asistencia psicol\u00f3gica, atenci\u00f3n social y asesoramiento; acompa\u00f1amiento a centros escolares, sanitarios y sociales p\u00fablicos; aprendizaje del idioma y habilidades sociales b\u00e1sicas, orientaci\u00f3n e intermediaci\u00f3n para la formaci\u00f3n profesional y la reinserci\u00f3n laboral; actividades culturales y ayudas econ\u00f3micas.<\/p>\n","protected":false},"excerpt":{"rendered":"<p>Nueve refugiados, todos ellos de nacionalidad siria, han llegado hoy a Espa\u00f1a, al aeropuerto Adolfo Su\u00e1rez Madrid-Barajas, procedentes de L\u00edbano, en cumplimiento del Programa Nacional de Reasentamiento. Este grupo est\u00e1 integrado por un hombre, una mujer y siete menores de edad. Todos ellos ser\u00e1n acogidos en Madrid. Espa\u00f1a ha acogido a 2.792 solicitantes de protecci\u00f3n [&hellip;]<\/p>\n","protected":false},"author":1,"featured_media":977345,"comment_status":"closed","ping_status":"closed","sticky":false,"template":"","format":"standard","meta":{"footnotes":""},"categories":[1],"tags":[],"class_list":["post-977344","post","type-post","status-publish","format-standard","has-post-thumbnail","hentry","category-actualidad"],"aioseo_notices":[],"aioseo_head":"\n\t\t<!-- All in One SEO Pro 5.0.1 - aioseo.com -->\n\t<meta name=\"description\" content=\"Nueve refugiados, todos ellos de nacionalidad siria, han llegado hoy a Espa\u00f1a, al aeropuerto Adolfo Su\u00e1rez Madrid-Barajas, procedentes de L\u00edbano, en cumplimiento del Programa Nacional de Reasentamiento. Este grupo est\u00e1 integrado por un hombre, una mujer y siete menores de edad. Todos ellos ser\u00e1n acogidos en Madrid. Espa\u00f1a ha acogido a 2.792 solicitantes de protecci\u00f3n\" \/>\n\t<meta name=\"robots\" content=\"max-image-preview:large\" \/>\n\t<meta name=\"author\" content=\"El Digital de Asturias\"\/>\n\t<meta name=\"google-site-verification\" content=\"UA-38556648-1\" \/>\n\t<meta name=\"msvalidate.01\" content=\"7dfe9f3f1b24437ab69f4f2559babe99\" \/>\n\t<meta name=\"keywords\" content=\"actualidad\" \/>\n\t<link rel=\"canonical\" href=\"https:\/\/www.eldigitaldeasturias.com\/noticias\/llegan-a-espana-nueve-refugiados-sirios-procedentes-de-libano\/\" \/>\n\t<meta name=\"generator\" content=\"All in One SEO Pro (AIOSEO) 5.0.1\" \/>\n\t\t<meta property=\"og:locale\" content=\"es_ES\" \/>\n\t\t<meta property=\"og:site_name\" content=\"El Digital de Asturias\" \/>\n\t\t<meta property=\"og:type\" content=\"article\" \/>\n\t\t<meta property=\"og:title\" content=\"Llegan a Espa\u00f1a nueve refugiados sirios procedentes de L\u00edbano - El Digital de Asturias\" \/>\n\t\t<meta property=\"og:description\" content=\"Nueve refugiados, todos ellos de nacionalidad siria, han llegado hoy a Espa\u00f1a, al aeropuerto Adolfo Su\u00e1rez Madrid-Barajas, procedentes de L\u00edbano, en cumplimiento del Programa Nacional de Reasentamiento. Este grupo est\u00e1 integrado por un hombre, una mujer y siete menores de edad. Todos ellos ser\u00e1n acogidos en Madrid. Espa\u00f1a ha acogido a 2.792 solicitantes de protecci\u00f3n\" \/>\n\t\t<meta property=\"og:url\" content=\"https:\/\/www.eldigitaldeasturias.com\/noticias\/llegan-a-espana-nueve-refugiados-sirios-procedentes-de-libano\/\" \/>\n\t\t<meta property=\"article:tag\" content=\"actualidad\" \/>\n\t\t<meta property=\"article:published_time\" content=\"2018-04-24T20:13:18+00:00\" \/>\n\t\t<meta property=\"article:modified_time\" content=\"2018-04-24T20:13:18+00:00\" \/>\n\t\t<meta property=\"article:publisher\" content=\"https:\/\/facebook.com\/eldigitaldeasturias\" \/>\n\t\t<meta name=\"twitter:card\" content=\"summary_large_image\" \/>\n\t\t<meta name=\"twitter:title\" content=\"Llegan a Espa\u00f1a nueve refugiados sirios procedentes de L\u00edbano - El Digital de Asturias\" \/>\n\t\t<meta name=\"twitter:description\" content=\"Nueve refugiados, todos ellos de nacionalidad siria, han llegado hoy a Espa\u00f1a, al aeropuerto Adolfo Su\u00e1rez Madrid-Barajas, procedentes de L\u00edbano, en cumplimiento del Programa Nacional de Reasentamiento. Este grupo est\u00e1 integrado por un hombre, una mujer y siete menores de edad. Todos ellos ser\u00e1n acogidos en Madrid. Espa\u00f1a ha acogido a 2.792 solicitantes de protecci\u00f3n\" \/>\n\t\t<meta name=\"twitter:image\" content=\"https:\/\/www.eldigitaldeasturias.com\/noticias\/wp-content\/uploads\/2020\/12\/EDA-1.jpg\" \/>\n\t\t<meta name=\"twitter:label1\" content=\"Escrito por\" \/>\n\t\t<meta name=\"twitter:data1\" content=\"El Digital de Asturias\" \/>\n\t\t<meta name=\"twitter:label2\" content=\"Tiempo de lectura estimado\" \/>\n\t\t<meta name=\"twitter:data2\" content=\"1 minuto\" \/>\n\t\t<script type=\"application\/ld+json\" class=\"aioseo-schema\">\n\t\t\t{\"@context\":\"https:\\\/\\\/schema.org\",\"@graph\":[{\"@type\":\"BlogPosting\",\"@id\":\"https:\\\/\\\/www.eldigitaldeasturias.com\\\/noticias\\\/llegan-a-espana-nueve-refugiados-sirios-procedentes-de-libano\\\/#blogposting\",\"name\":\"Llegan a Espa\\u00f1a nueve refugiados sirios procedentes de L\\u00edbano - El Digital de Asturias\",\"headline\":\"Llegan a Espa\\u00f1a nueve refugiados sirios procedentes de L\\u00edbano\",\"author\":{\"@id\":\"https:\\\/\\\/www.eldigitaldeasturias.com\\\/noticias\\\/author\\\/admin\\\/#author\"},\"publisher\":{\"@id\":\"https:\\\/\\\/www.eldigitaldeasturias.com\\\/noticias\\\/#organization\"},\"image\":{\"@type\":\"ImageObject\",\"url\":977345},\"datePublished\":\"2018-04-24T20:13:18+02:00\",\"dateModified\":\"2018-04-24T20:13:18+02:00\",\"inLanguage\":\"es-ES\",\"mainEntityOfPage\":{\"@id\":\"https:\\\/\\\/www.eldigitaldeasturias.com\\\/noticias\\\/llegan-a-espana-nueve-refugiados-sirios-procedentes-de-libano\\\/#webpage\"},\"isPartOf\":{\"@id\":\"https:\\\/\\\/www.eldigitaldeasturias.com\\\/noticias\\\/llegan-a-espana-nueve-refugiados-sirios-procedentes-de-libano\\\/#webpage\"},\"articleSection\":\"Actualidad\"},{\"@type\":\"BreadcrumbList\",\"@id\":\"https:\\\/\\\/www.eldigitaldeasturias.com\\\/noticias\\\/llegan-a-espana-nueve-refugiados-sirios-procedentes-de-libano\\\/#breadcrumblist\",\"itemListElement\":[{\"@type\":\"ListItem\",\"@id\":\"https:\\\/\\\/www.eldigitaldeasturias.com\\\/noticias#listItem\",\"position\":1,\"name\":\"Home\",\"item\":\"https:\\\/\\\/www.eldigitaldeasturias.com\\\/noticias\",\"nextItem\":{\"@type\":\"ListItem\",\"@id\":\"https:\\\/\\\/www.eldigitaldeasturias.com\\\/noticias\\\/category\\\/actualidad\\\/#listItem\",\"name\":\"Actualidad\"}},{\"@type\":\"ListItem\",\"@id\":\"https:\\\/\\\/www.eldigitaldeasturias.com\\\/noticias\\\/category\\\/actualidad\\\/#listItem\",\"position\":2,\"name\":\"Actualidad\",\"item\":\"https:\\\/\\\/www.eldigitaldeasturias.com\\\/noticias\\\/category\\\/actualidad\\\/\",\"nextItem\":{\"@type\":\"ListItem\",\"@id\":\"https:\\\/\\\/www.eldigitaldeasturias.com\\\/noticias\\\/llegan-a-espana-nueve-refugiados-sirios-procedentes-de-libano\\\/#listItem\",\"name\":\"Llegan a Espa\\u00f1a nueve refugiados sirios procedentes de L\\u00edbano\"},\"previousItem\":{\"@type\":\"ListItem\",\"@id\":\"https:\\\/\\\/www.eldigitaldeasturias.com\\\/noticias#listItem\",\"name\":\"Home\"}},{\"@type\":\"ListItem\",\"@id\":\"https:\\\/\\\/www.eldigitaldeasturias.com\\\/noticias\\\/llegan-a-espana-nueve-refugiados-sirios-procedentes-de-libano\\\/#listItem\",\"position\":3,\"name\":\"Llegan a Espa\\u00f1a nueve refugiados sirios procedentes de L\\u00edbano\",\"previousItem\":{\"@type\":\"ListItem\",\"@id\":\"https:\\\/\\\/www.eldigitaldeasturias.com\\\/noticias\\\/category\\\/actualidad\\\/#listItem\",\"name\":\"Actualidad\"}}]},{\"@type\":\"Organization\",\"@id\":\"https:\\\/\\\/www.eldigitaldeasturias.com\\\/noticias\\\/#organization\",\"name\":\"El Digital de Asturias\",\"description\":\"Hemeroteca\",\"url\":\"https:\\\/\\\/www.eldigitaldeasturias.com\\\/noticias\\\/\",\"email\":\"info@eldigitaldeasturias.com\",\"telephone\":\"+34652131393\",\"logo\":{\"@type\":\"ImageObject\",\"url\":\"https:\\\/\\\/www.eldigitaldeasturias.com\\\/noticias\\\/wp-content\\\/uploads\\\/2020\\\/12\\\/EDA.jpg\",\"@id\":\"https:\\\/\\\/www.eldigitaldeasturias.com\\\/noticias\\\/llegan-a-espana-nueve-refugiados-sirios-procedentes-de-libano\\\/#organizationLogo\"},\"image\":{\"@id\":\"https:\\\/\\\/www.eldigitaldeasturias.com\\\/noticias\\\/llegan-a-espana-nueve-refugiados-sirios-procedentes-de-libano\\\/#organizationLogo\"},\"sameAs\":[\"https:\\\/\\\/facebook.com\\\/eldigitaldeasturias\",\"https:\\\/\\\/www.youtube.com\\\/channel\\\/UCZP-2wLEB9Rv6erhFmqVnvg\"],\"address\":{\"@id\":\"https:\\\/\\\/www.eldigitaldeasturias.com\\\/noticias\\\/#postaladdress\",\"@type\":\"PostalAddress\",\"streetAddress\":\"san antonio 4\",\"postalCode\":\"33430\",\"addressLocality\":\"Cand\\u00e1s\",\"addressRegion\":\"Asturias\",\"addressCountry\":\"ES\"}},{\"@type\":\"Person\",\"@id\":\"https:\\\/\\\/www.eldigitaldeasturias.com\\\/noticias\\\/author\\\/admin\\\/#author\",\"url\":\"https:\\\/\\\/www.eldigitaldeasturias.com\\\/noticias\\\/author\\\/admin\\\/\",\"name\":\"El Digital de Asturias\",\"image\":{\"@type\":\"ImageObject\",\"@id\":\"https:\\\/\\\/www.eldigitaldeasturias.com\\\/noticias\\\/llegan-a-espana-nueve-refugiados-sirios-procedentes-de-libano\\\/#authorImage\",\"url\":\"https:\\\/\\\/secure.gravatar.com\\\/avatar\\\/df2aeffc32bcd13f8d26072ef8a91b623d677766deac7f97ca815868cd41bf5e?s=96&d=mm&r=g\",\"width\":96,\"height\":96,\"caption\":\"El Digital de Asturias\"}},{\"@type\":\"WebPage\",\"@id\":\"https:\\\/\\\/www.eldigitaldeasturias.com\\\/noticias\\\/llegan-a-espana-nueve-refugiados-sirios-procedentes-de-libano\\\/#webpage\",\"url\":\"https:\\\/\\\/www.eldigitaldeasturias.com\\\/noticias\\\/llegan-a-espana-nueve-refugiados-sirios-procedentes-de-libano\\\/\",\"name\":\"Llegan a Espa\\u00f1a nueve refugiados sirios procedentes de L\\u00edbano - El Digital de Asturias\",\"description\":\"Nueve refugiados, todos ellos de nacionalidad siria, han llegado hoy a Espa\\u00f1a, al aeropuerto Adolfo Su\\u00e1rez Madrid-Barajas, procedentes de L\\u00edbano, en cumplimiento del Programa Nacional de Reasentamiento. Este grupo est\\u00e1 integrado por un hombre, una mujer y siete menores de edad. Todos ellos ser\\u00e1n acogidos en Madrid. Espa\\u00f1a ha acogido a 2.792 solicitantes de protecci\\u00f3n\",\"inLanguage\":\"es-ES\",\"isPartOf\":{\"@id\":\"https:\\\/\\\/www.eldigitaldeasturias.com\\\/noticias\\\/#website\"},\"breadcrumb\":{\"@id\":\"https:\\\/\\\/www.eldigitaldeasturias.com\\\/noticias\\\/llegan-a-espana-nueve-refugiados-sirios-procedentes-de-libano\\\/#breadcrumblist\"},\"author\":{\"@id\":\"https:\\\/\\\/www.eldigitaldeasturias.com\\\/noticias\\\/author\\\/admin\\\/#author\"},\"creator\":{\"@id\":\"https:\\\/\\\/www.eldigitaldeasturias.com\\\/noticias\\\/author\\\/admin\\\/#author\"},\"image\":{\"@type\":\"ImageObject\",\"url\":977345,\"@id\":\"https:\\\/\\\/www.eldigitaldeasturias.com\\\/noticias\\\/llegan-a-espana-nueve-refugiados-sirios-procedentes-de-libano\\\/#mainImage\"},\"primaryImageOfPage\":{\"@id\":\"https:\\\/\\\/www.eldigitaldeasturias.com\\\/noticias\\\/llegan-a-espana-nueve-refugiados-sirios-procedentes-de-libano\\\/#mainImage\"},\"datePublished\":\"2018-04-24T20:13:18+02:00\",\"dateModified\":\"2018-04-24T20:13:18+02:00\"},{\"@type\":\"WebSite\",\"@id\":\"https:\\\/\\\/www.eldigitaldeasturias.com\\\/noticias\\\/#website\",\"url\":\"https:\\\/\\\/www.eldigitaldeasturias.com\\\/noticias\\\/\",\"name\":\"El Digital de Asturias - Diario de actualidad y noticias\",\"alternateName\":\"El Digital de Asturias - Diario de actualidad y noticias\",\"description\":\"Hemeroteca\",\"inLanguage\":\"es-ES\",\"publisher\":{\"@id\":\"https:\\\/\\\/www.eldigitaldeasturias.com\\\/noticias\\\/#organization\"}}]}\n\t\t<\/script>\n\t\t<!-- All in One SEO Pro -->\r\n\t\t<title>Llegan a Espa\u00f1a nueve refugiados sirios procedentes de L\u00edbano - El Digital de Asturias<\/title>\n\n","aioseo_head_json":{"title":"Llegan a Espa\u00f1a nueve refugiados sirios procedentes de L\u00edbano - El Digital de Asturias","description":"Nueve refugiados, todos ellos de nacionalidad siria, han llegado hoy a Espa\u00f1a, al aeropuerto Adolfo Su\u00e1rez Madrid-Barajas, procedentes de L\u00edbano, en cumplimiento del Programa Nacional de Reasentamiento. Este grupo est\u00e1 integrado por un hombre, una mujer y siete menores de edad. Todos ellos ser\u00e1n acogidos en Madrid. Espa\u00f1a ha acogido a 2.792 solicitantes de protecci\u00f3n","canonical_url":"https:\/\/www.eldigitaldeasturias.com\/noticias\/llegan-a-espana-nueve-refugiados-sirios-procedentes-de-libano\/","robots":"max-image-preview:large","keywords":"actualidad","webmasterTools":{"google-site-verification":"UA-38556648-1","msvalidate.01":"7dfe9f3f1b24437ab69f4f2559babe99","miscellaneous":""},"schema":{"@context":"https:\/\/schema.org","@graph":[{"@type":"BlogPosting","@id":"https:\/\/www.eldigitaldeasturias.com\/noticias\/llegan-a-espana-nueve-refugiados-sirios-procedentes-de-libano\/#blogposting","name":"Llegan a Espa\u00f1a nueve refugiados sirios procedentes de L\u00edbano - El Digital de Asturias","headline":"Llegan a Espa\u00f1a nueve refugiados sirios procedentes de L\u00edbano","author":{"@id":"https:\/\/www.eldigitaldeasturias.com\/noticias\/author\/admin\/#author"},"publisher":{"@id":"https:\/\/www.eldigitaldeasturias.com\/noticias\/#organization"},"image":{"@type":"ImageObject","url":977345},"datePublished":"2018-04-24T20:13:18+02:00","dateModified":"2018-04-24T20:13:18+02:00","inLanguage":"es-ES","mainEntityOfPage":{"@id":"https:\/\/www.eldigitaldeasturias.com\/noticias\/llegan-a-espana-nueve-refugiados-sirios-procedentes-de-libano\/#webpage"},"isPartOf":{"@id":"https:\/\/www.eldigitaldeasturias.com\/noticias\/llegan-a-espana-nueve-refugiados-sirios-procedentes-de-libano\/#webpage"},"articleSection":"Actualidad"},{"@type":"BreadcrumbList","@id":"https:\/\/www.eldigitaldeasturias.com\/noticias\/llegan-a-espana-nueve-refugiados-sirios-procedentes-de-libano\/#breadcrumblist","itemListElement":[{"@type":"ListItem","@id":"https:\/\/www.eldigitaldeasturias.com\/noticias#listItem","position":1,"name":"Home","item":"https:\/\/www.eldigitaldeasturias.com\/noticias","nextItem":{"@type":"ListItem","@id":"https:\/\/www.eldigitaldeasturias.com\/noticias\/category\/actualidad\/#listItem","name":"Actualidad"}},{"@type":"ListItem","@id":"https:\/\/www.eldigitaldeasturias.com\/noticias\/category\/actualidad\/#listItem","position":2,"name":"Actualidad","item":"https:\/\/www.eldigitaldeasturias.com\/noticias\/category\/actualidad\/","nextItem":{"@type":"ListItem","@id":"https:\/\/www.eldigitaldeasturias.com\/noticias\/llegan-a-espana-nueve-refugiados-sirios-procedentes-de-libano\/#listItem","name":"Llegan a Espa\u00f1a nueve refugiados sirios procedentes de L\u00edbano"},"previousItem":{"@type":"ListItem","@id":"https:\/\/www.eldigitaldeasturias.com\/noticias#listItem","name":"Home"}},{"@type":"ListItem","@id":"https:\/\/www.eldigitaldeasturias.com\/noticias\/llegan-a-espana-nueve-refugiados-sirios-procedentes-de-libano\/#listItem","position":3,"name":"Llegan a Espa\u00f1a nueve refugiados sirios procedentes de L\u00edbano","previousItem":{"@type":"ListItem","@id":"https:\/\/www.eldigitaldeasturias.com\/noticias\/category\/actualidad\/#listItem","name":"Actualidad"}}]},{"@type":"Organization","@id":"https:\/\/www.eldigitaldeasturias.com\/noticias\/#organization","name":"El Digital de Asturias","description":"Hemeroteca","url":"https:\/\/www.eldigitaldeasturias.com\/noticias\/","email":"info@eldigitaldeasturias.com","telephone":"+34652131393","logo":{"@type":"ImageObject","url":"https:\/\/www.eldigitaldeasturias.com\/noticias\/wp-content\/uploads\/2020\/12\/EDA.jpg","@id":"https:\/\/www.eldigitaldeasturias.com\/noticias\/llegan-a-espana-nueve-refugiados-sirios-procedentes-de-libano\/#organizationLogo"},"image":{"@id":"https:\/\/www.eldigitaldeasturias.com\/noticias\/llegan-a-espana-nueve-refugiados-sirios-procedentes-de-libano\/#organizationLogo"},"sameAs":["https:\/\/facebook.com\/eldigitaldeasturias","https:\/\/www.youtube.com\/channel\/UCZP-2wLEB9Rv6erhFmqVnvg"],"address":{"@id":"https:\/\/www.eldigitaldeasturias.com\/noticias\/#postaladdress","@type":"PostalAddress","streetAddress":"san antonio 4","postalCode":"33430","addressLocality":"Cand\u00e1s","addressRegion":"Asturias","addressCountry":"ES"}},{"@type":"Person","@id":"https:\/\/www.eldigitaldeasturias.com\/noticias\/author\/admin\/#author","url":"https:\/\/www.eldigitaldeasturias.com\/noticias\/author\/admin\/","name":"El Digital de Asturias","image":{"@type":"ImageObject","@id":"https:\/\/www.eldigitaldeasturias.com\/noticias\/llegan-a-espana-nueve-refugiados-sirios-procedentes-de-libano\/#authorImage","url":"https:\/\/secure.gravatar.com\/avatar\/df2aeffc32bcd13f8d26072ef8a91b623d677766deac7f97ca815868cd41bf5e?s=96&d=mm&r=g","width":96,"height":96,"caption":"El Digital de Asturias"}},{"@type":"WebPage","@id":"https:\/\/www.eldigitaldeasturias.com\/noticias\/llegan-a-espana-nueve-refugiados-sirios-procedentes-de-libano\/#webpage","url":"https:\/\/www.eldigitaldeasturias.com\/noticias\/llegan-a-espana-nueve-refugiados-sirios-procedentes-de-libano\/","name":"Llegan a Espa\u00f1a nueve refugiados sirios procedentes de L\u00edbano - El Digital de Asturias","description":"Nueve refugiados, todos ellos de nacionalidad siria, han llegado hoy a Espa\u00f1a, al aeropuerto Adolfo Su\u00e1rez Madrid-Barajas, procedentes de L\u00edbano, en cumplimiento del Programa Nacional de Reasentamiento. Este grupo est\u00e1 integrado por un hombre, una mujer y siete menores de edad. Todos ellos ser\u00e1n acogidos en Madrid. Espa\u00f1a ha acogido a 2.792 solicitantes de protecci\u00f3n","inLanguage":"es-ES","isPartOf":{"@id":"https:\/\/www.eldigitaldeasturias.com\/noticias\/#website"},"breadcrumb":{"@id":"https:\/\/www.eldigitaldeasturias.com\/noticias\/llegan-a-espana-nueve-refugiados-sirios-procedentes-de-libano\/#breadcrumblist"},"author":{"@id":"https:\/\/www.eldigitaldeasturias.com\/noticias\/author\/admin\/#author"},"creator":{"@id":"https:\/\/www.eldigitaldeasturias.com\/noticias\/author\/admin\/#author"},"image":{"@type":"ImageObject","url":977345,"@id":"https:\/\/www.eldigitaldeasturias.com\/noticias\/llegan-a-espana-nueve-refugiados-sirios-procedentes-de-libano\/#mainImage"},"primaryImageOfPage":{"@id":"https:\/\/www.eldigitaldeasturias.com\/noticias\/llegan-a-espana-nueve-refugiados-sirios-procedentes-de-libano\/#mainImage"},"datePublished":"2018-04-24T20:13:18+02:00","dateModified":"2018-04-24T20:13:18+02:00"},{"@type":"WebSite","@id":"https:\/\/www.eldigitaldeasturias.com\/noticias\/#website","url":"https:\/\/www.eldigitaldeasturias.com\/noticias\/","name":"El Digital de Asturias - Diario de actualidad y noticias","alternateName":"El Digital de Asturias - Diario de actualidad y noticias","description":"Hemeroteca","inLanguage":"es-ES","publisher":{"@id":"https:\/\/www.eldigitaldeasturias.com\/noticias\/#organization"}}]},"og:locale":"es_ES","og:site_name":"El Digital de Asturias","og:type":"article","og:title":"Llegan a Espa\u00f1a nueve refugiados sirios procedentes de L\u00edbano - El Digital de Asturias","og:description":"Nueve refugiados, todos ellos de nacionalidad siria, han llegado hoy a Espa\u00f1a, al aeropuerto Adolfo Su\u00e1rez Madrid-Barajas, procedentes de L\u00edbano, en cumplimiento del Programa Nacional de Reasentamiento. Este grupo est\u00e1 integrado por un hombre, una mujer y siete menores de edad. Todos ellos ser\u00e1n acogidos en Madrid. Espa\u00f1a ha acogido a 2.792 solicitantes de protecci\u00f3n","og:url":"https:\/\/www.eldigitaldeasturias.com\/noticias\/llegan-a-espana-nueve-refugiados-sirios-procedentes-de-libano\/","article:tag":["actualidad"],"article:published_time":"2018-04-24T20:13:18+00:00","article:modified_time":"2018-04-24T20:13:18+00:00","article:publisher":"https:\/\/facebook.com\/eldigitaldeasturias","twitter:card":"summary_large_image","twitter:title":"Llegan a Espa\u00f1a nueve refugiados sirios procedentes de L\u00edbano - El Digital de Asturias","twitter:description":"Nueve refugiados, todos ellos de nacionalidad siria, han llegado hoy a Espa\u00f1a, al aeropuerto Adolfo Su\u00e1rez Madrid-Barajas, procedentes de L\u00edbano, en cumplimiento del Programa Nacional de Reasentamiento. Este grupo est\u00e1 integrado por un hombre, una mujer y siete menores de edad. Todos ellos ser\u00e1n acogidos en Madrid. Espa\u00f1a ha acogido a 2.792 solicitantes de protecci\u00f3n","twitter:image":"https:\/\/www.eldigitaldeasturias.com\/noticias\/wp-content\/uploads\/2020\/12\/EDA-1.jpg","twitter:label1":"Escrito por","twitter:data1":"El Digital de Asturias","twitter:label2":"Tiempo de lectura estimado","twitter:data2":"1 minuto"},"aioseo_meta_data":{"post_id":"977344","title":null,"description":null,"keywords":null,"keyphrases":null,"primary_term":null,"canonical_url":null,"og_title":null,"og_description":null,"og_object_type":"default","og_image_type":"default","og_image_url":null,"og_image_width":null,"og_image_height":null,"og_image_custom_url":null,"og_image_custom_fields":null,"og_video":null,"og_custom_url":null,"og_article_section":null,"og_article_tags":null,"twitter_use_og":false,"twitter_card":"default","twitter_image_type":"default","twitter_image_url":null,"twitter_image_custom_url":null,"twitter_image_custom_fields":null,"twitter_title":null,"twitter_description":null,"schema":{"blockGraphs":[],"customGraphs":[],"default":{"data":{"Article":[],"Course":[],"Dataset":[],"FAQPage":[],"Movie":[],"Person":[],"Product":[],"ProductReview":[],"Car":[],"Recipe":[],"Service":[],"SoftwareApplication":[],"WebPage":[]},"graphName":"","isEnabled":true},"graphs":[],"defaultGraph":"","defaultPostTypeGraph":""},"schema_type":null,"schema_type_options":null,"pillar_content":false,"robots_default":true,"robots_noindex":false,"robots_noarchive":false,"robots_nosnippet":false,"robots_nofollow":false,"robots_noimageindex":false,"robots_noodp":false,"robots_notranslate":false,"robots_max_snippet":null,"robots_max_videopreview":null,"robots_max_imagepreview":"large","priority":null,"frequency":null,"local_seo":null,"seo_analyzer_scan_date":"2025-10-08 07:06:08","breadcrumb_settings":null,"limit_modified_date":false,"open_ai":null,"ai":null,"created":"2020-12-21 12:05:37","updated":"2025-10-08 07:06:08","focus_keyword":null,"additional_keywords":null,"truseo_locale":null},"aioseo_breadcrumb":"<div class=\"aioseo-breadcrumbs\"><span class=\"aioseo-breadcrumb\">\n\t<a href=\"https:\/\/www.eldigitaldeasturias.com\/noticias\" title=\"Home\">Home<\/a>\n<\/span><span class=\"aioseo-breadcrumb-separator\">\u2013<\/span><span class=\"aioseo-breadcrumb\">\n\t<a href=\"https:\/\/www.eldigitaldeasturias.com\/noticias\/category\/actualidad\/\" title=\"Actualidad\">Actualidad<\/a>\n<\/span><span class=\"aioseo-breadcrumb-separator\">\u2013<\/span><span class=\"aioseo-breadcrumb\">\n\t<a href=\"https:\/\/www.eldigitaldeasturias.com\/noticias\/llegan-a-espana-nueve-refugiados-sirios-procedentes-de-libano\/\" title=\"Llegan a Espa\u00f1a nueve refugiados sirios procedentes de L\u00edbano\">Llegan a Espa\u00f1a nueve refugiados sirios procedentes de L\u00edbano<\/a>\n<\/span><\/div>","aioseo_breadcrumb_json":[{"label":"Home","link":"https:\/\/www.eldigitaldeasturias.com\/noticias"},{"label":"Actualidad","link":"https:\/\/www.eldigitaldeasturias.com\/noticias\/category\/actualidad\/"},{"label":"Llegan a Espa\u00f1a nueve refugiados sirios procedentes de L\u00edbano","link":"https:\/\/www.eldigitaldeasturias.com\/noticias\/llegan-a-espana-nueve-refugiados-sirios-procedentes-de-libano\/"}],"_links":{"self":[{"href":"https:\/\/www.eldigitaldeasturias.com\/noticias\/wp-json\/wp\/v2\/posts\/977344","targetHints":{"allow":["GET"]}}],"collection":[{"href":"https:\/\/www.eldigitaldeasturias.com\/noticias\/wp-json\/wp\/v2\/posts"}],"about":[{"href":"https:\/\/www.eldigitaldeasturias.com\/noticias\/wp-json\/wp\/v2\/types\/post"}],"author":[{"embeddable":true,"href":"https:\/\/www.eldigitaldeasturias.com\/noticias\/wp-json\/wp\/v2\/users\/1"}],"replies":[{"embeddable":true,"href":"https:\/\/www.eldigitaldeasturias.com\/noticias\/wp-json\/wp\/v2\/comments?post=977344"}],"version-history":[{"count":0,"href":"https:\/\/www.eldigitaldeasturias.com\/noticias\/wp-json\/wp\/v2\/posts\/977344\/revisions"}],"wp:attachment":[{"href":"https:\/\/www.eldigitaldeasturias.com\/noticias\/wp-json\/wp\/v2\/media?parent=977344"}],"wp:term":[{"taxonomy":"category","embeddable":true,"href":"https:\/\/www.eldigitaldeasturias.com\/noticias\/wp-json\/wp\/v2\/categories?post=977344"},{"taxonomy":"post_tag","embeddable":true,"href":"https:\/\/www.eldigitaldeasturias.com\/noticias\/wp-json\/wp\/v2\/tags?post=977344"}],"curies":[{"name":"wp","href":"https:\/\/api.w.org\/{rel}","templated":true}]}}